{"id":1294,"date":"2021-05-12T13:15:25","date_gmt":"2021-05-12T11:15:25","guid":{"rendered":"https:\/\/www.wzdluzdrogi.pl\/?p=1294"},"modified":"2022-04-28T15:52:17","modified_gmt":"2022-04-28T13:52:17","slug":"przewodnik-po-palma-de-mallorca-co-zobaczyc","status":"publish","type":"post","link":"https:\/\/www.wzdluzdrogi.pl\/index.php\/2021\/05\/12\/przewodnik-po-palma-de-mallorca-co-zobaczyc\/","title":{"rendered":"PRZEWODNIK PO PALMA DE MALLORCA | CO ZOBACZY\u0106 I CO ZJE\u015a\u0106"},"content":{"rendered":"\n<p><strong>Palma de Mallorca, czy po prostu oficjalnie Palma, to stolica Majorki i te\u017c najwi\u0119ksze miasto Balear\u00f3w. Znana jest przede wszystkim z pi\u0119knych zabytk\u00f3w i nocnego \u017cycia, kt\u00f3re przyci\u0105ga ka\u017cdego roku wielu m\u0142odych ludzi. Przeczytaj nasz przewodnik po Palma de Mallorca i zobacz, co musisz dopisa\u0107 do swojej listy zwiedzania!<\/strong><\/p>\n\n\n\n<div style=\"height:33px\" aria-hidden=\"true\" class=\"wp-block-spacer\"><\/div>\n\n\n\n<p>Stolica Majorki zachwyci\u0142a nas przede wszystkim atmosfer\u0105. Jest t\u0142ocznie, szczeg\u00f3lnie w sezonie, ale spaceruj\u0105c poza centrum, ka\u017cdy znajdzie w stolicy sw\u00f3j metr kwadratowy. W wielu uliczkach jest po prostu pusto, ale bynajmniej nie ze wzgl\u0119du na brak urokliwych zak\u0105tk\u00f3w, po prostu wielu turyst\u00f3w wybiera g\u0142\u00f3wne ulice wype\u0142nione sklepami.<\/p>\n\n\n\n<blockquote class=\"wp-block-quote is-layout-flow wp-block-quote-is-layout-flow\"><p><\/p><cite>Oficjalna nazywa stolicy to Palma, a nie Palma de Mallorca, jak s\u0105dzi wielu ludzi. Nazwa stolicy zosta\u0142a kiedy\u015b zmieniona ze wzgl\u0119du na ch\u0119\u0107 nadania miastu oryginalnej to\u017csamo\u015bci, a tak\u017ce, \u017ceby unika\u0107 mylenia nazwy z innymi podobnymi, np. La Palma na wyspach Kanaryjskich. W styczniu 2016 zatwierdzono jednak zmian\u0119 nazwy i oficjalnie przemianowano stolic\u0119 na \u201ePalma.\u201d<\/cite><\/blockquote>\n\n\n\n<div style=\"height:27px\" aria-hidden=\"true\" class=\"wp-block-spacer\"><\/div>\n\n\n\n<div id=\"ez-toc-container\" class=\"ez-toc-v2_0_82_2 counter-hierarchy ez-toc-counter ez-toc-light-blue ez-toc-container-direction\">\n<p class=\"ez-toc-title\" style=\"cursor:inherit\">Spis tre\u015bci<\/p>\n<label for=\"ez-toc-cssicon-toggle-item-69f16c7faa8df\" class=\"ez-toc-cssicon-toggle-label\"><span class=\"\"><span class=\"eztoc-hide\" style=\"display:none;\">Toggle<\/span><span class=\"ez-toc-icon-toggle-span\"><svg style=\"fill: #999;color:#999\" xmlns=\"http:\/\/www.w3.org\/2000\/svg\" class=\"list-377408\" width=\"20px\" height=\"20px\" viewBox=\"0 0 24 24\" fill=\"none\"><path d=\"M6 6H4v2h2V6zm14 0H8v2h12V6zM4 11h2v2H4v-2zm16 0H8v2h12v-2zM4 16h2v2H4v-2zm16 0H8v2h12v-2z\" fill=\"currentColor\"><\/path><\/svg><svg style=\"fill: #999;color:#999\" class=\"arrow-unsorted-368013\" xmlns=\"http:\/\/www.w3.org\/2000\/svg\" width=\"10px\" height=\"10px\" viewBox=\"0 0 24 24\" version=\"1.2\" baseProfile=\"tiny\"><path d=\"M18.2 9.3l-6.2-6.3-6.2 6.3c-.2.2-.3.4-.3.7s.1.5.3.7c.2.2.4.3.7.3h11c.3 0 .5-.1.7-.3.2-.2.3-.5.3-.7s-.1-.5-.3-.7zM5.8 14.7l6.2 6.3 6.2-6.3c.2-.2.3-.5.3-.7s-.1-.5-.3-.7c-.2-.2-.4-.3-.7-.3h-11c-.3 0-.5.1-.7.3-.2.2-.3.5-.3.7s.1.5.3.7z\"\/><\/svg><\/span><\/span><\/label><input type=\"checkbox\"  id=\"ez-toc-cssicon-toggle-item-69f16c7faa8df\"  aria-label=\"Prze\u0142\u0105cznik\" \/><nav><ul class='ez-toc-list ez-toc-list-level-1 ' ><li class='ez-toc-page-1 ez-toc-heading-level-2'><a class=\"ez-toc-link ez-toc-heading-1\" href=\"https:\/\/www.wzdluzdrogi.pl\/index.php\/2021\/05\/12\/przewodnik-po-palma-de-mallorca-co-zobaczyc\/#LOTNISKO_W_PALMIE\" >LOTNISKO W PALMIE<\/a><ul class='ez-toc-list-level-4' ><li class='ez-toc-heading-level-4'><ul class='ez-toc-list-level-4' ><li class='ez-toc-heading-level-4'><a class=\"ez-toc-link ez-toc-heading-2\" href=\"https:\/\/www.wzdluzdrogi.pl\/index.php\/2021\/05\/12\/przewodnik-po-palma-de-mallorca-co-zobaczyc\/#Z_LOTNISKA_DO_PALMY\" >Z LOTNISKA DO PALMY<\/a><\/li><\/ul><\/li><\/ul><\/li><li class='ez-toc-page-1 ez-toc-heading-level-2'><a class=\"ez-toc-link ez-toc-heading-3\" href=\"https:\/\/www.wzdluzdrogi.pl\/index.php\/2021\/05\/12\/przewodnik-po-palma-de-mallorca-co-zobaczyc\/#NAJWAZNIEJSZE_ZABYTKI_PALMY_PRZEWODNIK_PO_PALMA_DE_MALLORCA\" >NAJWA\u017bNIEJSZE ZABYTKI PALMY | PRZEWODNIK PO PALMA DE MALLORCA<\/a><ul class='ez-toc-list-level-3' ><li class='ez-toc-heading-level-3'><a class=\"ez-toc-link ez-toc-heading-4\" href=\"https:\/\/www.wzdluzdrogi.pl\/index.php\/2021\/05\/12\/przewodnik-po-palma-de-mallorca-co-zobaczyc\/#KATEDRA_LA_SEU\" >KATEDRA LA SEU<\/a><\/li><li class='ez-toc-page-1 ez-toc-heading-level-3'><a class=\"ez-toc-link ez-toc-heading-5\" href=\"https:\/\/www.wzdluzdrogi.pl\/index.php\/2021\/05\/12\/przewodnik-po-palma-de-mallorca-co-zobaczyc\/#PALAC_KROLEWSKI_LA_ALMUDAINA\" >PA\u0141AC KR\u00d3LEWSKI LA ALMUDAINA<\/a><\/li><li class='ez-toc-page-1 ez-toc-heading-level-3'><a class=\"ez-toc-link ez-toc-heading-6\" href=\"https:\/\/www.wzdluzdrogi.pl\/index.php\/2021\/05\/12\/przewodnik-po-palma-de-mallorca-co-zobaczyc\/#LONJA_DE_MALLORCA\" >LONJA DE MALLORCA<\/a><\/li><li class='ez-toc-page-1 ez-toc-heading-level-3'><a class=\"ez-toc-link ez-toc-heading-7\" href=\"https:\/\/www.wzdluzdrogi.pl\/index.php\/2021\/05\/12\/przewodnik-po-palma-de-mallorca-co-zobaczyc\/#SANTA_CATALINA\" >SANTA CATALINA<\/a><\/li><li class='ez-toc-page-1 ez-toc-heading-level-3'><a class=\"ez-toc-link ez-toc-heading-8\" href=\"https:\/\/www.wzdluzdrogi.pl\/index.php\/2021\/05\/12\/przewodnik-po-palma-de-mallorca-co-zobaczyc\/#PLAZA_MAJOR\" >PLAZA MAJOR<\/a><\/li><li class='ez-toc-page-1 ez-toc-heading-level-3'><a class=\"ez-toc-link ez-toc-heading-9\" href=\"https:\/\/www.wzdluzdrogi.pl\/index.php\/2021\/05\/12\/przewodnik-po-palma-de-mallorca-co-zobaczyc\/#PLAZA_ESPANA\" >PLAZA ESPA\u00d1A<\/a><\/li><li class='ez-toc-page-1 ez-toc-heading-level-3'><a class=\"ez-toc-link ez-toc-heading-10\" href=\"https:\/\/www.wzdluzdrogi.pl\/index.php\/2021\/05\/12\/przewodnik-po-palma-de-mallorca-co-zobaczyc\/#TREN_SOLLER\" >TREN S\u00d3LLER<\/a><\/li><li class='ez-toc-page-1 ez-toc-heading-level-3'><a class=\"ez-toc-link ez-toc-heading-11\" href=\"https:\/\/www.wzdluzdrogi.pl\/index.php\/2021\/05\/12\/przewodnik-po-palma-de-mallorca-co-zobaczyc\/#PLAZA_DE_TOROS_DE_PALMA\" >PLAZA DE TOROS DE PALMA<\/a><\/li><li class='ez-toc-page-1 ez-toc-heading-level-3'><a class=\"ez-toc-link ez-toc-heading-12\" href=\"https:\/\/www.wzdluzdrogi.pl\/index.php\/2021\/05\/12\/przewodnik-po-palma-de-mallorca-co-zobaczyc\/#CASTELL_DE_BELLVER\" >CASTELL DE BELLVER<\/a><\/li><li class='ez-toc-page-1 ez-toc-heading-level-3'><a class=\"ez-toc-link ez-toc-heading-13\" href=\"https:\/\/www.wzdluzdrogi.pl\/index.php\/2021\/05\/12\/przewodnik-po-palma-de-mallorca-co-zobaczyc\/#CALA_MAJOR\" >CALA MAJOR<\/a><\/li><\/ul><\/li><li class='ez-toc-page-1 ez-toc-heading-level-2'><a class=\"ez-toc-link ez-toc-heading-14\" href=\"https:\/\/www.wzdluzdrogi.pl\/index.php\/2021\/05\/12\/przewodnik-po-palma-de-mallorca-co-zobaczyc\/#POGODA_I_KIEDY_JECHAC_NA_MAJORKE_PRZEWODNIK_PO_PALMA_DE_MALLORCA\" >POGODA I KIEDY JECHA\u0106 NA MAJORK\u0118? | PRZEWODNIK PO PALMA DE MALLORCA<\/a><\/li><li class='ez-toc-page-1 ez-toc-heading-level-2'><a class=\"ez-toc-link ez-toc-heading-15\" href=\"https:\/\/www.wzdluzdrogi.pl\/index.php\/2021\/05\/12\/przewodnik-po-palma-de-mallorca-co-zobaczyc\/#JAK_DOJECHAC_NA_MAJORKE\" >JAK DOJECHA\u0106 NA MAJORK\u0118?<\/a><ul class='ez-toc-list-level-5' ><li class='ez-toc-heading-level-5'><ul class='ez-toc-list-level-5' ><li class='ez-toc-heading-level-5'><ul class='ez-toc-list-level-5' ><li class='ez-toc-heading-level-5'><a class=\"ez-toc-link ez-toc-heading-16\" href=\"https:\/\/www.wzdluzdrogi.pl\/index.php\/2021\/05\/12\/przewodnik-po-palma-de-mallorca-co-zobaczyc\/#PRZEWODNIK_PO_PALMA_DE_MALLORCA\" >PRZEWODNIK PO PALMA DE MALLORCA<\/a><\/li><\/ul><\/li><\/ul><\/li><\/ul><\/li><li class='ez-toc-page-1 ez-toc-heading-level-2'><a class=\"ez-toc-link ez-toc-heading-17\" href=\"https:\/\/www.wzdluzdrogi.pl\/index.php\/2021\/05\/12\/przewodnik-po-palma-de-mallorca-co-zobaczyc\/#GDZIE_SPAC_NA_MAJORCE_PRZEWODNIK_PO_PALMA_DE_MALLORCA\" >GDZIE SPA\u0106 NA MAJORCE? | PRZEWODNIK PO PALMA DE MALLORCA<\/a><ul class='ez-toc-list-level-3' ><li class='ez-toc-heading-level-3'><a class=\"ez-toc-link ez-toc-heading-18\" href=\"https:\/\/www.wzdluzdrogi.pl\/index.php\/2021\/05\/12\/przewodnik-po-palma-de-mallorca-co-zobaczyc\/#NOCLEG_NA_MAJORCE_TANIE_ROZWIAZANIE\" >NOCLEG NA MAJORCE | TANIE ROZWI\u0104ZANIE<\/a><\/li><li class='ez-toc-page-1 ez-toc-heading-level-3'><a class=\"ez-toc-link ez-toc-heading-19\" href=\"https:\/\/www.wzdluzdrogi.pl\/index.php\/2021\/05\/12\/przewodnik-po-palma-de-mallorca-co-zobaczyc\/#NOCLEG_NA_MAJORCE_DROZSZE_ROZWIAZANIE\" >NOCLEG NA MAJORCE | DRO\u017bSZE ROZWI\u0104ZANIE<\/a><\/li><li class='ez-toc-page-1 ez-toc-heading-level-3'><a class=\"ez-toc-link ez-toc-heading-20\" href=\"https:\/\/www.wzdluzdrogi.pl\/index.php\/2021\/05\/12\/przewodnik-po-palma-de-mallorca-co-zobaczyc\/#GDZIE_SZUKAC_NOCLEGOW_PRZEWODNIK_PO_PALMA_DE_MALLORCA\" >GDZIE SZUKA\u0106 NOCLEG\u00d3W? | PRZEWODNIK PO PALMA DE MALLORCA<\/a><\/li><\/ul><\/li><li class='ez-toc-page-1 ez-toc-heading-level-2'><a class=\"ez-toc-link ez-toc-heading-21\" href=\"https:\/\/www.wzdluzdrogi.pl\/index.php\/2021\/05\/12\/przewodnik-po-palma-de-mallorca-co-zobaczyc\/#GDZIE_ZYWIC_SIE_NA_MAJORCE\" >GDZIE \u017bYWI\u0106 SI\u0118 NA MAJORCE?<\/a><ul class='ez-toc-list-level-3' ><li class='ez-toc-heading-level-3'><a class=\"ez-toc-link ez-toc-heading-22\" href=\"https:\/\/www.wzdluzdrogi.pl\/index.php\/2021\/05\/12\/przewodnik-po-palma-de-mallorca-co-zobaczyc\/#BUDZETOWE_ROZWIAZANIE\" >BUD\u017bETOWE ROZWI\u0104ZANIE!<\/a><\/li><li class='ez-toc-page-1 ez-toc-heading-level-3'><a class=\"ez-toc-link ez-toc-heading-23\" href=\"https:\/\/www.wzdluzdrogi.pl\/index.php\/2021\/05\/12\/przewodnik-po-palma-de-mallorca-co-zobaczyc\/#NIEKONIECZNIE_BUDZETOWE\" >NIEKONIECZNIE BUD\u017bETOWE!<\/a><\/li><li class='ez-toc-page-1 ez-toc-heading-level-3'><a class=\"ez-toc-link ez-toc-heading-24\" href=\"https:\/\/www.wzdluzdrogi.pl\/index.php\/2021\/05\/12\/przewodnik-po-palma-de-mallorca-co-zobaczyc\/#CZEGO_MUSISZ_SPROBOWAC_BEDAC_NA_MAJORCE_BEZ_WZGLEDU_NA_CENE\" >CZEGO MUSISZ SPR\u00d3BOWA\u0106, B\u0118D\u0104C NA MAJORCE BEZ WZGL\u0118DU NA CEN\u0118! |<\/a><\/li><\/ul><\/li><\/ul><\/nav><\/div>\n<h2 class=\"wp-block-heading\"><span class=\"ez-toc-section\" id=\"LOTNISKO_W_PALMIE\"><\/span>LOTNISKO W PALMIE<span class=\"ez-toc-section-end\"><\/span><\/h2>\n\n\n\n<p>Nigdy nie b\u0119dzie dla mnie jasne, dlaczego przed przylotem na Majork\u0119 my\u015bla\u0142am, \u017ce tamtejsze lotnisko b\u0119dzie wielko\u015bci tego w Billund, z kt\u00f3rego wyruszali\u015bmy. Mo\u017ce przez fakt, \u017ce Majorka to wyspa, na dodatek obsypana palmami, a takie kojarz\u0105 si\u0119 z czym\u015b lokalnym, ma\u0142ym. Takie w\u0142a\u015bnie mia\u0142am w g\u0142owie wyobra\u017cenie, ale jak ju\u017c pewnie si\u0119 domy\u015blacie, okaza\u0142y si\u0119 by\u0107 b\u0142\u0119dne. Tak z reszt\u0105, jak b\u0142\u0119dne by\u0142o czekanie w t\u0142umie na przystanku autobusowym na naszego kierowc\u0119, kt\u00f3ry mia\u0142 nas podwie\u017a\u0107 do stolicy.<\/p>\n\n\n\n<p>I to w nie jakim\u015b tam sobie t\u0142umie, bo lotnisko na Majorce jest olbrzymie, a kiedy si\u0119 z niego wychodzi, to cz\u0142owiekowi wydaj\u0119 si\u0119, jakby wchodzi\u0142 na jaki\u015b targ \u2013 tylko brakuje targu. Zdaj\u0119 sobie z tego spraw\u0119, \u017ce wp\u0142yw na to mia\u0142 letni sezon i \u017ce poza nim, przed lotniskiem mo\u017ce i s\u0105 pustki. Wtedy jednak p\u00f3\u017anym letnim wieczorem, kiedy dotarli\u015bmy na Majork\u0119, o ma\u0142o nie zgubili\u015bmy si\u0119, id\u0105c prostym chodnikiem.<\/p>\n\n\n\n<p>Wbrew pozorom t\u0142umy z kolorowymi walizkami, autobusy i ludzie z tabliczkami znanych biur podr\u00f3\u017cy wprowadzi\u0142y nas w t\u0119 wakacyjn\u0105 atmosfer\u0119, w kt\u00f3rej u\u015bmiech nie znika ci z buzi, nawet, jak kto\u015b trzeci raz ci\u0119 przypadkowo szturchn\u0105\u0142 i podepta\u0142 po pi\u0119tach.<\/p>\n\n\n\n<blockquote class=\"wp-block-quote is-layout-flow wp-block-quote-is-layout-flow\"><p><\/p><cite>Na lotnisku na Majorce jest kilka wypo\u017cyczalni samochod\u00f3w. Opr\u00f3cz tego jest tu post\u00f3j taks\u00f3wek oraz przystanek autobusowy, sk\u0105d odje\u017cd\u017ca wiele autobus\u00f3w. (sdok\u0105d odje\u017cda napisa\u0107)<\/cite><\/blockquote>\n\n\n\n<div style=\"height:34px\" aria-hidden=\"true\" class=\"wp-block-spacer\"><\/div>\n\n\n\n<h4 class=\"wp-block-heading\"><span class=\"ez-toc-section\" id=\"Z_LOTNISKA_DO_PALMY\"><\/span>Z LOTNISKA DO PALMY<span class=\"ez-toc-section-end\"><\/span><\/h4>\n\n\n\n<p>Dojecha\u0107 do Palmy mo\u017cna z \u0142atwo\u015bci\u0105 autobusem. Rozwa\u017cali\u015bmy ten spos\u00f3b, tym bardziej, \u017ce pomimo p\u00f3\u017anego przylotu i bardzo wczesnego odlotu, nie mieli\u015bmy wi\u0119kszego problemu znale\u017a\u0107 autobus w dogodnych dla nas godzinach.<\/p>\n\n\n\n<p>Ostatecznie skorzystali\u015bmy z pomocy przemi\u0142ego Polaka poznanego na grupie Polacy na Majorce, \u017cyj\u0105cego na co dzie\u0144 na wyspie, kt\u00f3ry podwi\u00f3z\u0142 nas do centrum. \ud83d\ude42<\/p>\n\n\n\n<p>Ale je\u017celi nie wypo\u017cyczasz auta i zdecydujesz si\u0119 na autobus, to <strong>z lotniska do Palmy z \u0142atwo\u015bci\u0105 dostaniesz si\u0119 busem numer A1<\/strong>. Autobusy je\u017cd\u017c\u0105 \u015brednio co 15 minut w ci\u0105gu dnia, a koszt biletu to oko\u0142o 5 euro. <\/p>\n\n\n\n<div style=\"height:46px\" aria-hidden=\"true\" class=\"wp-block-spacer\"><\/div>\n\n\n\n<figure class=\"wp-block-gallery has-nested-images columns-default is-cropped wp-block-gallery-1 is-layout-flex wp-block-gallery-is-layout-flex\">\n<figure class=\"wp-block-image size-large\"><img fetchpriority=\"high\" decoding=\"async\" width=\"594\" height=\"891\" data-id=\"1398\" src=\"https:\/\/www.wzdluzdrogi.pl\/wp-content\/uploads\/2021\/03\/MG_3641.jpg\" alt=\"\" class=\"wp-image-1398\" srcset=\"https:\/\/www.wzdluzdrogi.pl\/wp-content\/uploads\/2021\/03\/MG_3641.jpg 594w, https:\/\/www.wzdluzdrogi.pl\/wp-content\/uploads\/2021\/03\/MG_3641-200x300.jpg 200w, https:\/\/www.wzdluzdrogi.pl\/wp-content\/uploads\/2021\/03\/MG_3641-40x60.jpg 40w\" sizes=\"(max-width: 594px) 100vw, 594px\" \/><\/figure>\n\n\n\n<figure class=\"wp-block-image size-large\"><img decoding=\"async\" width=\"594\" height=\"891\" data-id=\"1394\" data-src=\"https:\/\/www.wzdluzdrogi.pl\/wp-content\/uploads\/2021\/03\/MG_3595.jpg\" alt=\"\" class=\"wp-image-1394 lazyload\" data-srcset=\"https:\/\/www.wzdluzdrogi.pl\/wp-content\/uploads\/2021\/03\/MG_3595.jpg 594w, https:\/\/www.wzdluzdrogi.pl\/wp-content\/uploads\/2021\/03\/MG_3595-200x300.jpg 200w, https:\/\/www.wzdluzdrogi.pl\/wp-content\/uploads\/2021\/03\/MG_3595-40x60.jpg 40w\" data-sizes=\"(max-width: 594px) 100vw, 594px\" src=\"data:image\/svg+xml;base64,PHN2ZyB3aWR0aD0iMSIgaGVpZ2h0PSIxIiB4bWxucz0iaHR0cDovL3d3dy53My5vcmcvMjAwMC9zdmciPjwvc3ZnPg==\" style=\"--smush-placeholder-width: 594px; --smush-placeholder-aspect-ratio: 594\/891;\" \/><figcaption>Katedra La Seu<\/figcaption><\/figure>\n<\/figure>\n\n\n\n<figure class=\"wp-block-gallery has-nested-images columns-default is-cropped wp-block-gallery-2 is-layout-flex wp-block-gallery-is-layout-flex\">\n<figure class=\"wp-block-image size-large\"><img decoding=\"async\" width=\"1024\" height=\"711\" data-id=\"1629\" data-src=\"https:\/\/www.wzdluzdrogi.pl\/wp-content\/uploads\/2021\/05\/MG_4161-3-1024x711.jpg\" alt=\"\" class=\"wp-image-1629 lazyload\" data-srcset=\"https:\/\/www.wzdluzdrogi.pl\/wp-content\/uploads\/2021\/05\/MG_4161-3-1024x711.jpg 1024w, https:\/\/www.wzdluzdrogi.pl\/wp-content\/uploads\/2021\/05\/MG_4161-3-300x208.jpg 300w, https:\/\/www.wzdluzdrogi.pl\/wp-content\/uploads\/2021\/05\/MG_4161-3-768x533.jpg 768w, https:\/\/www.wzdluzdrogi.pl\/wp-content\/uploads\/2021\/05\/MG_4161-3-86x60.jpg 86w, https:\/\/www.wzdluzdrogi.pl\/wp-content\/uploads\/2021\/05\/MG_4161-3.jpg 1192w\" data-sizes=\"(max-width: 1024px) 100vw, 1024px\" src=\"data:image\/svg+xml;base64,PHN2ZyB3aWR0aD0iMSIgaGVpZ2h0PSIxIiB4bWxucz0iaHR0cDovL3d3dy53My5vcmcvMjAwMC9zdmciPjwvc3ZnPg==\" style=\"--smush-placeholder-width: 1024px; --smush-placeholder-aspect-ratio: 1024\/711;\" \/><figcaption>Widok na katedr\u0119 La Seu z drugiej strony fontanny<\/figcaption><\/figure>\n<\/figure>\n\n\n\n<figure class=\"wp-block-gallery has-nested-images columns-default is-cropped wp-block-gallery-3 is-layout-flex wp-block-gallery-is-layout-flex\">\n<figure class=\"wp-block-image size-large\"><img decoding=\"async\" width=\"559\" height=\"838\" data-id=\"1661\" data-src=\"https:\/\/www.wzdluzdrogi.pl\/wp-content\/uploads\/2021\/05\/MG_4110.jpg\" alt=\"co zobaczyc w palma de mallorca\" class=\"wp-image-1661 lazyload\" data-srcset=\"https:\/\/www.wzdluzdrogi.pl\/wp-content\/uploads\/2021\/05\/MG_4110.jpg 559w, https:\/\/www.wzdluzdrogi.pl\/wp-content\/uploads\/2021\/05\/MG_4110-200x300.jpg 200w, https:\/\/www.wzdluzdrogi.pl\/wp-content\/uploads\/2021\/05\/MG_4110-40x60.jpg 40w\" data-sizes=\"(max-width: 559px) 100vw, 559px\" src=\"data:image\/svg+xml;base64,PHN2ZyB3aWR0aD0iMSIgaGVpZ2h0PSIxIiB4bWxucz0iaHR0cDovL3d3dy53My5vcmcvMjAwMC9zdmciPjwvc3ZnPg==\" style=\"--smush-placeholder-width: 559px; --smush-placeholder-aspect-ratio: 559\/838;\" \/><figcaption>Uliczki Palmy<\/figcaption><\/figure>\n\n\n\n<figure class=\"wp-block-image size-large\"><img decoding=\"async\" width=\"838\" height=\"559\" data-id=\"1660\" data-src=\"https:\/\/www.wzdluzdrogi.pl\/wp-content\/uploads\/2021\/05\/MG_4109.jpg\" alt=\"przewodnik po palma de mallorca, co zobaczyc na majorce\" class=\"wp-image-1660 lazyload\" data-srcset=\"https:\/\/www.wzdluzdrogi.pl\/wp-content\/uploads\/2021\/05\/MG_4109.jpg 838w, https:\/\/www.wzdluzdrogi.pl\/wp-content\/uploads\/2021\/05\/MG_4109-300x200.jpg 300w, https:\/\/www.wzdluzdrogi.pl\/wp-content\/uploads\/2021\/05\/MG_4109-768x512.jpg 768w, https:\/\/www.wzdluzdrogi.pl\/wp-content\/uploads\/2021\/05\/MG_4109-90x60.jpg 90w\" data-sizes=\"(max-width: 838px) 100vw, 838px\" src=\"data:image\/svg+xml;base64,PHN2ZyB3aWR0aD0iMSIgaGVpZ2h0PSIxIiB4bWxucz0iaHR0cDovL3d3dy53My5vcmcvMjAwMC9zdmciPjwvc3ZnPg==\" style=\"--smush-placeholder-width: 838px; --smush-placeholder-aspect-ratio: 838\/559;\" \/><figcaption>Cudowna architektura w Palmie<\/figcaption><\/figure>\n<\/figure>\n\n\n\n<div style=\"height:44px\" aria-hidden=\"true\" class=\"wp-block-spacer\"><\/div>\n\n\n\n<hr class=\"wp-block-separator\"\/>\n\n\n\n<h2 class=\"wp-block-heading\"><span class=\"ez-toc-section\" id=\"NAJWAZNIEJSZE_ZABYTKI_PALMY_PRZEWODNIK_PO_PALMA_DE_MALLORCA\"><\/span>NAJWA\u017bNIEJSZE ZABYTKI PALMY | PRZEWODNIK PO PALMA DE MALLORCA<span class=\"ez-toc-section-end\"><\/span><\/h2>\n\n\n\n<p>Zwiedzanie Palmy najlepiej zacz\u0105\u0107 od g\u0142\u00f3wnego zabytku, czyli katedry La Seu. Chcieliby\u015bmy powiedzie\u0107, \u017ce nie trudn\u0105 j\u0105 pomin\u0105\u0107, ale nam si\u0119 to zdarzy\u0142o i to dwukrotnie. \ud83d\ude09 Tak to jest, kiedy cz\u0142owiek zafascynowany jest ka\u017cdym najmniejszym zak\u0105tkiem i budyneczkiem. Zwiedzaj\u0105c miasto od strony wody, katedra widoczna jest, jak na d\u0142onie, ale krocz\u0105c od strony miasta, trzeba patrze\u0107 w g\u00f3r\u0119, bo jej masywny budynek pojawia si\u0119 nagle, ciut ukryty mi\u0119dzy kamienicami.<\/p>\n\n\n\n<div style=\"height:28px\" aria-hidden=\"true\" class=\"wp-block-spacer\"><\/div>\n\n\n\n<h3 class=\"wp-block-heading\"><span class=\"ez-toc-section\" id=\"KATEDRA_LA_SEU\"><\/span>KATEDRA LA SEU<span class=\"ez-toc-section-end\"><\/span><\/h3>\n\n\n\n<p>Katedra zbudowana jest w stylu gotyckim, a w\u0142a\u015bciwie G\u00f3tico levantino, gotyku, kt\u00f3ry zosta\u0142 na sw\u00f3j spos\u00f3b udoskonalony w Levante w Hiszpanii. Wyj\u0105tkowa w jego ogromnym wn\u0119trzu jest mi\u0119dzy innymi najwi\u0119ksza, gotycka, przepi\u0119kna rozeta \u2013 ma \u015brednic\u0119 13 metr\u00f3w. Sam o\u0142tarz, bogato zdobiony r\u00f3wnie\u017c jest przecudowny. Warto wej\u015b\u0107 do \u015brodka, pomimo \u017ce cz\u0119sto w sezonie do katedry prowadzi d\u0142uga kolejka.<\/p>\n\n\n\n<div style=\"height:28px\" aria-hidden=\"true\" class=\"wp-block-spacer\"><\/div>\n\n\n\n<h3 class=\"wp-block-heading\"><span class=\"ez-toc-section\" id=\"PALAC_KROLEWSKI_LA_ALMUDAINA\"><\/span>PA\u0141AC KR\u00d3LEWSKI LA ALMUDAINA<span class=\"ez-toc-section-end\"><\/span><\/h3>\n\n\n\n<p>B\u0119d\u0105c ko\u0142o katedry, nie mo\u017cna przegapi\u0107 kolejnej atrakcji, kt\u00f3ra mie\u015bci si\u0119 praktycznie obok \u015bwi\u0105tyni.<strong> Pa\u0142ac Kr\u00f3lewski La Almudaina jest przede wszystkim jedn\u0105 z rezydencji hiszpa\u0144skiej rodziny kr\u00f3lewskiej <\/strong>\u2013 kt\u00f3ra sp\u0119dza\u0142a tam akurat czas, podczas naszej podr\u00f3\u017cy. Domy\u015blili\u015bmy si\u0119 po tuzinie ochrony i po zapytaniu jednej z wielu grup m\u0142odych ludzi. A! No i Kamila z jego aparatem pos\u0105dzili o bycie natr\u0119tnym dziennikarzem. \ud83d\ude09<\/p>\n\n\n\n<p>W ka\u017cdym razie, pa\u0142ac zosta\u0142 odbudowany w 1309 roku. Kiedy Jamie II by\u0142 kr\u00f3lem budynek zosta\u0142 odrestaurowany w stylu G\u00f3tico levantino&nbsp; tak jak mieszcz\u0105ca si\u0119 obok katedra. Z okien pa\u0142acu rozpo\u015bciera si\u0119 cudowny widok na zatok\u0119, przez co budynek mia\u0142 ogromne znaczenie strategiczne. Pomimo tego, \u017ce jest to pa\u0142ac rodziny kr\u00f3lewskiej, to kr\u00f3l z rodzin\u0105 woli sp\u0119dza\u0107 czas w pa\u0142acu Marivent, tak wi\u0119c niesamowite wn\u0119trza budynku mo\u017cna zwiedza\u0107 od wtorku do niedzieli.<\/p>\n\n\n\n<div style=\"height:28px\" aria-hidden=\"true\" class=\"wp-block-spacer\"><\/div>\n\n\n\n<blockquote class=\"wp-block-quote is-layout-flow wp-block-quote-is-layout-flow\"><p><\/p><cite>Przy promenadzie (Paseo Maritimo) znajduj\u0105 si\u0119 parkingi dla aut. Warta zapami\u0119tania wskaz\u00f3wka, je\u017celi zwiedzacie Palm\u0119 samochodem.<\/cite><\/blockquote>\n\n\n\n<div style=\"height:28px\" aria-hidden=\"true\" class=\"wp-block-spacer\"><\/div>\n\n\n\n<p><strong>Spaceruj\u0105c w okolicy, natkniemy si\u0119 r\u00f3wnie\u017c na Arc de sa Drassana, \u0142uk, kt\u00f3ry jest jedn\u0105 z pi\u0119kniejszych pami\u0105tek po arabskiej przesz\u0142o\u015bci.<\/strong> Kiedy\u015b by\u0142o to wej\u015bcie do pa\u0142acu i stoczni, kt\u00f3ra ju\u017c tam nie istnieje.<\/p>\n\n\n\n<p>Id\u0105c prosto, kawa\u0142ek dalej, dotrzemy do przyjemnego parku, a tu\u017c przed nim zatrzyma\u0107 si\u0119 mo\u017cemy ko\u0142o <strong>pomnika &#8222;Es Foner&#8221; przy kt\u00f3rym cz\u0119sto odbywa si\u0119 targ. <\/strong>Tamt\u0119dy mo\u017cna i\u015b\u0107 na drug\u0105 stron\u0119 zbiornika wodnego, sk\u0105d jest najlepszy widok na katedr\u0119. Szczeg\u00f3lnie warto przyj\u015b\u0107 tu w nocy, wtedy \u015bwiat\u0142a o\u015bwietlaj\u0105ce katedr\u0119 cudownie odbijaj\u0105 si\u0119 w ciemnej wodzie. Poza tym w sezonie po tej stronie fontanny odbywa si\u0119 letnie kino, a filmy s\u0105 zwykle po angielsku (albo z angielskimi napisami)! Polecamy, sami korzystali\u015bmy! \ud83d\ude0a<\/p>\n\n\n\n<figure class=\"wp-block-image size-large\"><img decoding=\"async\" width=\"891\" height=\"594\" data-src=\"https:\/\/www.wzdluzdrogi.pl\/wp-content\/uploads\/2021\/03\/MG_3636.jpg\" alt=\"\" class=\"wp-image-1397 lazyload\" data-srcset=\"https:\/\/www.wzdluzdrogi.pl\/wp-content\/uploads\/2021\/03\/MG_3636.jpg 891w, https:\/\/www.wzdluzdrogi.pl\/wp-content\/uploads\/2021\/03\/MG_3636-300x200.jpg 300w, https:\/\/www.wzdluzdrogi.pl\/wp-content\/uploads\/2021\/03\/MG_3636-768x512.jpg 768w, https:\/\/www.wzdluzdrogi.pl\/wp-content\/uploads\/2021\/03\/MG_3636-90x60.jpg 90w\" data-sizes=\"(max-width: 891px) 100vw, 891px\" src=\"data:image\/svg+xml;base64,PHN2ZyB3aWR0aD0iMSIgaGVpZ2h0PSIxIiB4bWxucz0iaHR0cDovL3d3dy53My5vcmcvMjAwMC9zdmciPjwvc3ZnPg==\" style=\"--smush-placeholder-width: 891px; --smush-placeholder-aspect-ratio: 891\/594;\" \/><\/figure>\n\n\n\n<div style=\"height:31px\" aria-hidden=\"true\" class=\"wp-block-spacer\"><\/div>\n\n\n\n<h3 class=\"wp-block-heading\"><span class=\"ez-toc-section\" id=\"LONJA_DE_MALLORCA\"><\/span>LONJA DE MALLORCA<span class=\"ez-toc-section-end\"><\/span><\/h3>\n\n\n\n<p>Z parku jest ju\u017c rzut beretem do <strong>Lonja de Mallorca, gdzie kiedy\u015b spotykali si\u0119 kupcy, aby handlowa\u0107 swoimi towarami.<\/strong> Lonja w Palmie jest wyj\u0105tkowa pod wzgl\u0119dem architektonicznym. Zbudowana jest oczywi\u015bcie w stylu gotyckim. Jej pi\u0119kne spiralne kolumny pos\u0142u\u017cy\u0142y jako inspiracja w tworzeniu lonji w Walencji, a tak\u017ce wielu innych budynk\u00f3w. Wej\u015b\u0107 do niej mo\u017cna tylko wtedy, kiedy wewn\u0105trz odbywa si\u0119 wystawa.<\/p>\n\n\n\n<div style=\"height:29px\" aria-hidden=\"true\" class=\"wp-block-spacer\"><\/div>\n\n\n\n<h3 class=\"wp-block-heading\"><span class=\"ez-toc-section\" id=\"SANTA_CATALINA\"><\/span>SANTA CATALINA<span class=\"ez-toc-section-end\"><\/span><\/h3>\n\n\n\n<p>Nieopodal znajduj\u0119 si\u0119 <strong>jedna z najbardziej r\u00f3\u017cnorakich dzielnic w Palmie, czyli Santa Catalina, a tam znajdziemy mi\u0119dzy innymi Mercat de Santa Catalin. Targ <\/strong>zbudowany w 1920 roku jest pe\u0142en \u015bwie\u017cych owoc\u00f3w, warzyw i morskich rarytas\u00f3w. Na rynku znajdziemy r\u00f3wnie\u017c przepyszne tapas! Sama okolica jest bogata w r\u00f3\u017cnorakie knajpy i restauracje serwuj\u0105ce wiele kuchni \u015bwiata. A uliczki zdobi\u0105 kolorowe kamienice, kt\u00f3re nadaj\u0105 dzielnicy \u015bwietnego klimatu.<\/p>\n\n\n\n<div style=\"height:28px\" aria-hidden=\"true\" class=\"wp-block-spacer\"><\/div>\n\n\n\n<h3 class=\"wp-block-heading\"><span class=\"ez-toc-section\" id=\"PLAZA_MAJOR\"><\/span>PLAZA MAJOR<span class=\"ez-toc-section-end\"><\/span><\/h3>\n\n\n\n<p>G\u0142\u00f3wny plac jest r\u00f3wnie\u017c idealnym miejscem na odpoczynek i posi\u0142ek, szczeg\u00f3lnie wieczorem, kiedy robi si\u0119 tam bardzo klimatycznie. Do po\u0142udnia na placu rozstawiane s\u0105 tak\u017ce stragany z mas\u0105 przer\u00f3\u017cnych pami\u0105tek i r\u0119kodzie\u0142. Plac znajduj\u0119 si\u0119 oko\u0142o 10 minut spacerem od lonji, ale prowadzi do niej d\u0142uga ulica pe\u0142na sklep\u00f3w &#8211; Carrer de Sant Miquel.<\/p>\n\n\n\n<div style=\"height:28px\" aria-hidden=\"true\" class=\"wp-block-spacer\"><\/div>\n\n\n\n<h3 class=\"wp-block-heading\"><span class=\"ez-toc-section\" id=\"PLAZA_ESPANA\"><\/span>PLAZA ESPA\u00d1A<span class=\"ez-toc-section-end\"><\/span><\/h3>\n\n\n\n<p>Korzystaj\u0105c z komunikacji miejskiej w stolicy, prawdopodobnie cho\u0107 raz miniecie \u2013 a mo\u017ce nawet wysi\u0105dziecie na plaza Espana. Wiele ulic ko\u0144czy swoj\u0105 drog\u0105 w\u0142a\u015bnie na placu, a wok\u00f3\u0142 znajduje si\u0119 du\u017co jad\u0142odajni. B\u0119d\u0105c tam przy okazji, warto zatrzyma\u0107 si\u0119 przy pomniku Jaime I (Jakub I Zdobywca), kr\u00f3la Majorki.<\/p>\n\n\n\n<div style=\"height:29px\" aria-hidden=\"true\" class=\"wp-block-spacer\"><\/div>\n\n\n\n<figure class=\"wp-block-gallery aligncenter has-nested-images columns-default is-cropped wp-block-gallery-4 is-layout-flex wp-block-gallery-is-layout-flex\">\n<figure class=\"wp-block-image size-large\"><img decoding=\"async\" width=\"559\" height=\"838\" data-id=\"1635\" data-src=\"https:\/\/www.wzdluzdrogi.pl\/wp-content\/uploads\/2021\/05\/MG_3556-3.jpg\" alt=\"\" class=\"wp-image-1635 lazyload\" data-srcset=\"https:\/\/www.wzdluzdrogi.pl\/wp-content\/uploads\/2021\/05\/MG_3556-3.jpg 559w, https:\/\/www.wzdluzdrogi.pl\/wp-content\/uploads\/2021\/05\/MG_3556-3-200x300.jpg 200w, https:\/\/www.wzdluzdrogi.pl\/wp-content\/uploads\/2021\/05\/MG_3556-3-40x60.jpg 40w\" data-sizes=\"(max-width: 559px) 100vw, 559px\" src=\"data:image\/svg+xml;base64,PHN2ZyB3aWR0aD0iMSIgaGVpZ2h0PSIxIiB4bWxucz0iaHR0cDovL3d3dy53My5vcmcvMjAwMC9zdmciPjwvc3ZnPg==\" style=\"--smush-placeholder-width: 559px; --smush-placeholder-aspect-ratio: 559\/838;\" \/><\/figure>\n<figcaption class=\"blocks-gallery-caption\">TREN S\u00d3LLER  W PALMIE<\/figcaption><\/figure>\n\n\n\n<h3 class=\"wp-block-heading\"><span class=\"ez-toc-section\" id=\"TREN_SOLLER\"><\/span>TREN S\u00d3LLER<span class=\"ez-toc-section-end\"><\/span><\/h3>\n\n\n\n<p>Z Palmy odje\u017cd\u017ca zabytkowy poci\u0105g do nadmorskiego miasteczka S\u00f3ller. Jego stacja znajduje si\u0119 w centrum, nieca\u0142e 10 minut od Pla\u00e7a Major i tu\u017c obok Plaza Espa\u00f1a. Nie b\u0119dziemy was nawet przekonywa\u0107 czy warto przejecha\u0107 si\u0119 drewnianym poci\u0105giem do S\u00f3ller, bo naprawd\u0119 warto! Koszt biletu jest wysoki, dlatego najlepiej kupi\u0107 od razu bilet \u0142\u0105czony, umo\u017cliwiaj\u0105cy przejazd z Palmy do S\u00f3ller i z S\u00f3ller zabytkowym tramwajem do Port de S\u00f3ller i z powrotem do Palmy t\u0105 sam\u0105 drog\u0105.<\/p>\n\n\n\n<div style=\"height:28px\" aria-hidden=\"true\" class=\"wp-block-spacer\"><\/div>\n\n\n\n<h3 class=\"wp-block-heading\"><span class=\"ez-toc-section\" id=\"PLAZA_DE_TOROS_DE_PALMA\"><\/span>PLAZA DE TOROS DE PALMA<span class=\"ez-toc-section-end\"><\/span><\/h3>\n\n\n\n<p><strong>Arena byk\u00f3w <\/strong>jest budynkiem, kt\u00f3ry niekt\u00f3rych mo\u017ce brzydzi\u0107. C\u00f3\u017c, mi\u0119dzy innymi mnie, bo cho\u0107 sam budynek jest niesamowity i pi\u0119knie komponuje si\u0119 z otaczaj\u0105cym go miastem, to wydarzenia, kt\u00f3re na nim si\u0119 odbywa\u0142y \u2013 a nawet odbywaj\u0105 czasem do teraz \u2013 s\u0105 dla mnie po prostu niezrozumia\u0142e. Odbiegaj\u0105c jednak od walk byk\u00f3w, na arenie w wi\u0119kszo\u015bci organizowane s\u0105 teraz koncerty, na kt\u00f3re zapraszani s\u0105 nie tylko hiszpa\u0144scy, ale i \u015bwiatowi piosenkarze. Sam budynek powstawa\u0142 od 1928 roku, a na arenie walczy\u0142o wiele s\u0142awnych torreador\u00f3w, kt\u00f3rzy zapisali si\u0119 na kartach historii tego (wyj\u0105tkowo nieudanego) sportu.<\/p>\n\n\n\n<div style=\"height:28px\" aria-hidden=\"true\" class=\"wp-block-spacer\"><\/div>\n\n\n\n<blockquote class=\"wp-block-quote is-layout-flow wp-block-quote-is-layout-flow\"><p><\/p><cite>W wielu hiszpa\u0144skoj\u0119zycznych krajach korrida nadal jest praktykowana, jednak cz\u0119sto nie ko\u0144czy si\u0119 zabiciem byka. Katalonia za to uchwali\u0142a zakaz walki z bykami.&nbsp;<\/cite><\/blockquote>\n\n\n\n<div style=\"height:30px\" aria-hidden=\"true\" class=\"wp-block-spacer\"><\/div>\n\n\n\n<h3 class=\"wp-block-heading\"><span class=\"ez-toc-section\" id=\"CASTELL_DE_BELLVER\"><\/span>CASTELL DE BELLVER<span class=\"ez-toc-section-end\"><\/span><\/h3>\n\n\n\n<p><strong>Na zamek Bellver warto si\u0119 uda\u0107, chocia\u017cby po przepi\u0119kny widok na ca\u0142\u0105 stolic\u0119 i g\u00f3ry Tramuntana.&nbsp;<\/strong><\/p>\n\n\n\n<p>Twierdza mie\u015bci si\u0119 na obrze\u017cach Palmy, na wzg\u00f3rzu, wi\u0119c najlepiej wybra\u0107 si\u0119 tam pojazdem. Na samej g\u00f3rze znajduje si\u0119 bardzo du\u017cy parking. Kiedy\u015b, dawno temu, zamek kr\u00f3tko s\u0142u\u017cy\u0142 jako letnia rezydencja kr\u00f3lewska, lecz p\u00f3\u017aniej przerobiono go na wi\u0119zienie. Teraz wewn\u0105trz znajduje si\u0119 muzeum, w kt\u00f3rym podziwia\u0107 mo\u017cemy wystaw\u0119 z czas\u00f3w rzymskich, arabskich i hiszpa\u0144skich.<\/p>\n\n\n\n<div style=\"height:30px\" aria-hidden=\"true\" class=\"wp-block-spacer\"><\/div>\n\n\n\n<h3 class=\"wp-block-heading\"><span class=\"ez-toc-section\" id=\"CALA_MAJOR\"><\/span>CALA MAJOR<span class=\"ez-toc-section-end\"><\/span><\/h3>\n\n\n\n<p><strong>Pi\u0119\u0107 kilometr\u00f3w od centrum Palmy, mo\u017cemy trafi\u0107 na jedn\u0105 z pi\u0119knych zatoczek Majorki. <\/strong>Oczywi\u015bcie zwiedzaj\u0105 wysp\u0119, natkniemy si\u0119 na wiele pi\u0119kniejszych zatok, jednak ta mie\u015bci si\u0119 bardzo blisko centrum stolicy i mo\u017cna doj\u015b\u0107 do niej godzinnym spacerkiem.<\/p>\n\n\n\n<div style=\"height:24px\" aria-hidden=\"true\" class=\"wp-block-spacer\"><\/div>\n\n\n\n<blockquote class=\"wp-block-quote is-layout-flow wp-block-quote-is-layout-flow\"><p><\/p><cite>Pla\u017ca miejska znajduje si\u0119 r\u00f3wnie\u017c w Palmie, natkniemy si\u0119 na ni\u0105, id\u0105c promenad\u0105 (Paseo Maritimo). Nie jest jednak zbyt du\u017ca i niestety woda w niej nie jest zbyt czysta. Podczas naszej podr\u00f3\u017cy k\u0105pali\u015bmy si\u0119 w wielu miejscach na wyspie, ale nie trafili\u015bmy nigdzie indziej ni\u017c w Palmie na \u015bmieci przylepiaj\u0105ce si\u0119 do ud.<\/cite><\/blockquote>\n\n\n\n<div style=\"height:63px\" aria-hidden=\"true\" class=\"wp-block-spacer\"><\/div>\n\n\n\n<figure class=\"wp-block-gallery has-nested-images columns-2 is-cropped wp-block-gallery-5 is-layout-flex wp-block-gallery-is-layout-flex\">\n<figure class=\"wp-block-image size-large\"><img decoding=\"async\" width=\"594\" height=\"891\" data-id=\"1396\" data-src=\"https:\/\/www.wzdluzdrogi.pl\/wp-content\/uploads\/2021\/03\/MG_3611.jpg\" alt=\"\" class=\"wp-image-1396 lazyload\" data-srcset=\"https:\/\/www.wzdluzdrogi.pl\/wp-content\/uploads\/2021\/03\/MG_3611.jpg 594w, https:\/\/www.wzdluzdrogi.pl\/wp-content\/uploads\/2021\/03\/MG_3611-200x300.jpg 200w, https:\/\/www.wzdluzdrogi.pl\/wp-content\/uploads\/2021\/03\/MG_3611-40x60.jpg 40w\" data-sizes=\"(max-width: 594px) 100vw, 594px\" src=\"data:image\/svg+xml;base64,PHN2ZyB3aWR0aD0iMSIgaGVpZ2h0PSIxIiB4bWxucz0iaHR0cDovL3d3dy53My5vcmcvMjAwMC9zdmciPjwvc3ZnPg==\" style=\"--smush-placeholder-width: 594px; --smush-placeholder-aspect-ratio: 594\/891;\" \/><\/figure>\n\n\n\n<figure class=\"wp-block-image size-large\"><img decoding=\"async\" width=\"594\" height=\"891\" data-id=\"1401\" data-src=\"https:\/\/www.wzdluzdrogi.pl\/wp-content\/uploads\/2021\/03\/MG_4206.jpg\" alt=\"\" class=\"wp-image-1401 lazyload\" data-srcset=\"https:\/\/www.wzdluzdrogi.pl\/wp-content\/uploads\/2021\/03\/MG_4206.jpg 594w, https:\/\/www.wzdluzdrogi.pl\/wp-content\/uploads\/2021\/03\/MG_4206-200x300.jpg 200w, https:\/\/www.wzdluzdrogi.pl\/wp-content\/uploads\/2021\/03\/MG_4206-40x60.jpg 40w\" data-sizes=\"(max-width: 594px) 100vw, 594px\" src=\"data:image\/svg+xml;base64,PHN2ZyB3aWR0aD0iMSIgaGVpZ2h0PSIxIiB4bWxucz0iaHR0cDovL3d3dy53My5vcmcvMjAwMC9zdmciPjwvc3ZnPg==\" style=\"--smush-placeholder-width: 594px; --smush-placeholder-aspect-ratio: 594\/891;\" \/><\/figure>\n\n\n\n<figure class=\"wp-block-image size-large\"><img decoding=\"async\" width=\"594\" height=\"891\" data-id=\"1404\" data-src=\"https:\/\/www.wzdluzdrogi.pl\/wp-content\/uploads\/2021\/03\/MG_4219.jpg\" alt=\"\" class=\"wp-image-1404 lazyload\" data-srcset=\"https:\/\/www.wzdluzdrogi.pl\/wp-content\/uploads\/2021\/03\/MG_4219.jpg 594w, https:\/\/www.wzdluzdrogi.pl\/wp-content\/uploads\/2021\/03\/MG_4219-200x300.jpg 200w, https:\/\/www.wzdluzdrogi.pl\/wp-content\/uploads\/2021\/03\/MG_4219-40x60.jpg 40w\" data-sizes=\"(max-width: 594px) 100vw, 594px\" src=\"data:image\/svg+xml;base64,PHN2ZyB3aWR0aD0iMSIgaGVpZ2h0PSIxIiB4bWxucz0iaHR0cDovL3d3dy53My5vcmcvMjAwMC9zdmciPjwvc3ZnPg==\" style=\"--smush-placeholder-width: 594px; --smush-placeholder-aspect-ratio: 594\/891;\" \/><\/figure>\n\n\n\n<figure class=\"wp-block-image size-large\"><img decoding=\"async\" width=\"594\" height=\"891\" data-id=\"1402\" data-src=\"https:\/\/www.wzdluzdrogi.pl\/wp-content\/uploads\/2021\/03\/MG_4218.jpg\" alt=\"\" class=\"wp-image-1402 lazyload\" data-srcset=\"https:\/\/www.wzdluzdrogi.pl\/wp-content\/uploads\/2021\/03\/MG_4218.jpg 594w, https:\/\/www.wzdluzdrogi.pl\/wp-content\/uploads\/2021\/03\/MG_4218-200x300.jpg 200w, https:\/\/www.wzdluzdrogi.pl\/wp-content\/uploads\/2021\/03\/MG_4218-40x60.jpg 40w\" data-sizes=\"(max-width: 594px) 100vw, 594px\" src=\"data:image\/svg+xml;base64,PHN2ZyB3aWR0aD0iMSIgaGVpZ2h0PSIxIiB4bWxucz0iaHR0cDovL3d3dy53My5vcmcvMjAwMC9zdmciPjwvc3ZnPg==\" style=\"--smush-placeholder-width: 594px; --smush-placeholder-aspect-ratio: 594\/891;\" \/><\/figure>\n<\/figure>\n\n\n\n<figure class=\"wp-block-gallery has-nested-images columns-default is-cropped wp-block-gallery-6 is-layout-flex wp-block-gallery-is-layout-flex\">\n<figure class=\"wp-block-image size-full\"><img decoding=\"async\" width=\"838\" height=\"559\" data-id=\"1662\" data-src=\"https:\/\/www.wzdluzdrogi.pl\/wp-content\/uploads\/2021\/05\/MG_4142.jpg\" alt=\"co zobaczyc na majorce, tanie loty majorka\" class=\"wp-image-1662 lazyload\" data-srcset=\"https:\/\/www.wzdluzdrogi.pl\/wp-content\/uploads\/2021\/05\/MG_4142.jpg 838w, https:\/\/www.wzdluzdrogi.pl\/wp-content\/uploads\/2021\/05\/MG_4142-300x200.jpg 300w, https:\/\/www.wzdluzdrogi.pl\/wp-content\/uploads\/2021\/05\/MG_4142-768x512.jpg 768w, https:\/\/www.wzdluzdrogi.pl\/wp-content\/uploads\/2021\/05\/MG_4142-90x60.jpg 90w\" data-sizes=\"(max-width: 838px) 100vw, 838px\" src=\"data:image\/svg+xml;base64,PHN2ZyB3aWR0aD0iMSIgaGVpZ2h0PSIxIiB4bWxucz0iaHR0cDovL3d3dy53My5vcmcvMjAwMC9zdmciPjwvc3ZnPg==\" style=\"--smush-placeholder-width: 838px; --smush-placeholder-aspect-ratio: 838\/559;\" \/><\/figure>\n<\/figure>\n\n\n\n<div style=\"height:68px\" aria-hidden=\"true\" class=\"wp-block-spacer\"><\/div>\n\n\n\n<hr class=\"wp-block-separator\"\/>\n\n\n\n<h2 class=\"wp-block-heading\"><span class=\"ez-toc-section\" id=\"POGODA_I_KIEDY_JECHAC_NA_MAJORKE_PRZEWODNIK_PO_PALMA_DE_MALLORCA\"><\/span>POGODA I KIEDY JECHA\u0106 NA MAJORK\u0118? | PRZEWODNIK PO PALMA DE MALLORCA<span class=\"ez-toc-section-end\"><\/span><\/h2>\n\n\n\n<p><br><br>O tym, kiedy odwiedzi\u0107 Majork\u0119 warto zdecydowa\u0107 po ustaleniu powodu, dla kt\u00f3rej chcemy j\u0105 zobaczy\u0107.<br><br>\u015arednia temperatura panuj\u0105ca w zimie w Palmie to 15 stopni. Zimowa pora nie jest wi\u0119c szczeg\u00f3lnie z\u0142a, chocia\u017c noce potrafi\u0105 by\u0107 bardzo ch\u0142odne. Temperatura potrafi spa\u015b\u0107 nawet do zera.<br><br>Latem jest za to bardzo gor\u0105co. Nierzadko zdarza si\u0119 35 stopni. Przy pal\u0105cym s\u0142o\u0144cu zwiedzanie mo\u017ce okaza\u0107 si\u0119 m\u0119cz\u0105ce. Je\u015bli jednak interesuj\u0105 was niesamowite pla\u017ce Majorki, wakacyjny czas b\u0119dzie idealny na odwiedzenie wyspy.<br><br>Idealn\u0105 za to por\u0105 na poznawanie pi\u0119kna Majorki jest wiosna oraz jesie\u0144. Wtedy mo\u017cecie by\u0107 pewni, \u017ce upa\u0142y nie pokrzy\u017cuj\u0105 plan\u00f3w zwiedzania wyspy. I przede wszystkim jest o wiele mniej turyst\u00f3w.<br><br><\/p>\n\n\n\n<div style=\"height:51px\" aria-hidden=\"true\" class=\"wp-block-spacer\"><\/div>\n\n\n\n<hr class=\"wp-block-separator\"\/>\n\n\n\n<h2 class=\"wp-block-heading\"><span class=\"ez-toc-section\" id=\"JAK_DOJECHAC_NA_MAJORKE\"><\/span><br>JAK DOJECHA\u0106 NA MAJORK\u0118? <span class=\"ez-toc-section-end\"><\/span><\/h2>\n\n\n\n<h5 class=\"wp-block-heading\"><span class=\"ez-toc-section\" id=\"PRZEWODNIK_PO_PALMA_DE_MALLORCA\"><\/span>PRZEWODNIK PO PALMA DE MALLORCA<span class=\"ez-toc-section-end\"><\/span><\/h5>\n\n\n\n<p><br><br>Na Majorce znajdziemy jedno g\u0142\u00f3wne lotnisko obs\u0142uguj\u0105ce mi\u0119dzynarodowe loty. Sam budynek jest ogromny, ale wbrew pozorom nie \u0142atwo si\u0119 na nim zgubi\u0107. Drogi do bramek s\u0105 dobrze oznaczone, a graficzne mapy na \u015bcianach \u0142atwe do odczytania.<br><br>Na lotnisku znajdziemy mn\u00f3stwo sklep\u00f3w. Kawiarnie dost\u0119pne s\u0105 jeszcze przed bramkami, cho\u0107 warto pami\u0119ta\u0107, \u017ce czynne s\u0105 zwykle do godziny 22\/23. P\u00f3\u017aniej otwieraj\u0105 si\u0119 ponownie dopiero nad ranem. Co innego z jad\u0142odajniami mieszcz\u0105cymi si\u0119 za bramkami. Wi\u0119kszo\u015b\u0107 z nich jest otwarta ca\u0142\u0105 dob\u0119.<\/p>\n\n\n\n<p><br>Tanie loty na Majork\u0119 znajdziemy mi\u0119dzy innymi z Krakowa, Warszawy (Modlin), Wroc\u0142awia.<br>Szukaj\u0105c bardzo tanich lot\u00f3w, warto rozejrze\u0107 si\u0119 za rejsami z Berlina. Z tamtejszego lotniska bilety potrafi\u0105 kosztowa\u0107 grosze.<br><br>My lecieli\u015bmy z Billund za 250 z\u0142otych w obie strony za osob\u0119.<br><br><br><\/p>\n\n\n\n<figure class=\"wp-block-gallery has-nested-images columns-1 is-cropped wp-block-gallery-7 is-layout-flex wp-block-gallery-is-layout-flex\">\n<figure class=\"wp-block-image size-large\"><img decoding=\"async\" width=\"594\" height=\"891\" data-id=\"1395\" data-src=\"https:\/\/www.wzdluzdrogi.pl\/wp-content\/uploads\/2021\/03\/MG_3605.jpg\" alt=\"\" class=\"wp-image-1395 lazyload\" data-srcset=\"https:\/\/www.wzdluzdrogi.pl\/wp-content\/uploads\/2021\/03\/MG_3605.jpg 594w, https:\/\/www.wzdluzdrogi.pl\/wp-content\/uploads\/2021\/03\/MG_3605-200x300.jpg 200w, https:\/\/www.wzdluzdrogi.pl\/wp-content\/uploads\/2021\/03\/MG_3605-40x60.jpg 40w\" data-sizes=\"(max-width: 594px) 100vw, 594px\" src=\"data:image\/svg+xml;base64,PHN2ZyB3aWR0aD0iMSIgaGVpZ2h0PSIxIiB4bWxucz0iaHR0cDovL3d3dy53My5vcmcvMjAwMC9zdmciPjwvc3ZnPg==\" style=\"--smush-placeholder-width: 594px; --smush-placeholder-aspect-ratio: 594\/891;\" \/><\/figure>\n\n\n\n<figure class=\"wp-block-image size-large\"><img decoding=\"async\" width=\"891\" height=\"594\" data-id=\"1399\" data-src=\"https:\/\/www.wzdluzdrogi.pl\/wp-content\/uploads\/2021\/03\/MG_3662.jpg\" alt=\"\" class=\"wp-image-1399 lazyload\" data-srcset=\"https:\/\/www.wzdluzdrogi.pl\/wp-content\/uploads\/2021\/03\/MG_3662.jpg 891w, https:\/\/www.wzdluzdrogi.pl\/wp-content\/uploads\/2021\/03\/MG_3662-300x200.jpg 300w, https:\/\/www.wzdluzdrogi.pl\/wp-content\/uploads\/2021\/03\/MG_3662-768x512.jpg 768w, https:\/\/www.wzdluzdrogi.pl\/wp-content\/uploads\/2021\/03\/MG_3662-90x60.jpg 90w\" data-sizes=\"(max-width: 891px) 100vw, 891px\" src=\"data:image\/svg+xml;base64,PHN2ZyB3aWR0aD0iMSIgaGVpZ2h0PSIxIiB4bWxucz0iaHR0cDovL3d3dy53My5vcmcvMjAwMC9zdmciPjwvc3ZnPg==\" style=\"--smush-placeholder-width: 891px; --smush-placeholder-aspect-ratio: 891\/594;\" \/><\/figure>\n<\/figure>\n\n\n\n<div style=\"height:48px\" aria-hidden=\"true\" class=\"wp-block-spacer\"><\/div>\n\n\n\n<hr class=\"wp-block-separator\"\/>\n\n\n\n<h2 class=\"wp-block-heading\"><span class=\"ez-toc-section\" id=\"GDZIE_SPAC_NA_MAJORCE_PRZEWODNIK_PO_PALMA_DE_MALLORCA\"><\/span>GDZIE SPA\u0106 NA MAJORCE? | PRZEWODNIK PO PALMA DE MALLORCA<span class=\"ez-toc-section-end\"><\/span><\/h2>\n\n\n\n<p>Jak zwykle jednym z powa\u017cniejszych problem\u00f3w mo\u017ce by\u0107 znalezienie noclegu. Wszystko zale\u017cy od waszego bud\u017cetu i tego, czy liczycie na pi\u0119kny pok\u00f3j hotelowy z widokiem na prywatny basen, czy pokoik w domku z widokiem na ogr\u00f3d i spaceruj\u0105ce po nim koty.<\/p>\n\n\n\n<div style=\"height:43px\" aria-hidden=\"true\" class=\"wp-block-spacer\"><\/div>\n\n\n\n<blockquote class=\"wp-block-quote is-layout-flow wp-block-quote-is-layout-flow\"><p>Przeczytaj tak\u017ce nasz wpis o tym, jak krok po kroku zaplanowa\u0107 tani wyjazd na Majork\u0119 na w\u0142asn\u0105 r\u0119k\u0119! \ud83d\ude42 <br><a href=\"https:\/\/www.wzdluzdrogi.pl\/index.php\/2019\/08\/20\/majorka-na-wlasna-reke-przydatne-informacje\/\">Majorka na w\u0142asn\u0105 r\u0119k\u0119 &#8211; zaplanuj j\u0105 z nami!<\/a><\/p><\/blockquote>\n\n\n\n<div style=\"height:46px\" aria-hidden=\"true\" class=\"wp-block-spacer\"><\/div>\n\n\n\n<h3 class=\"wp-block-heading\"><span class=\"ez-toc-section\" id=\"NOCLEG_NA_MAJORCE_TANIE_ROZWIAZANIE\"><\/span>NOCLEG NA MAJORCE | TANIE ROZWI\u0104ZANIE<span class=\"ez-toc-section-end\"><\/span><\/h3>\n\n\n\n<p><strong>Najta\u0144szym rozwi\u0105zaniem mo\u017ce by\u0107 wykupienie \u0142\u00f3\u017cka w pokojach koedukacyjnych.<\/strong> Je\u017celi nie przeszkadza wam brak prywatno\u015bci, albo i tak wiecie, \u017ce ca\u0142e dni sp\u0119dzicie na powietrzu, to mo\u017ce by\u0107 to idealne pomys\u0142.<\/p>\n\n\n\n<p>Zalet\u0105 jest przede wszystkim cena. Kwota za \u0142\u00f3\u017cko w pokojach koedukacyjnych to oko\u0142o 50 z\u0142otych za dob\u0119.<\/p>\n\n\n\n<p>Wad\u0105 tego jest brak prywatno\u015bci, bo w jednym pokoju mo\u017ce na raz mieszka\u0107 nawet po 25 os\u00f3b.<\/p>\n\n\n\n<p><strong>Innym tanim rozwi\u0105zaniem s\u0105 hostele i pensjonaty.<\/strong><\/p>\n\n\n\n<p>Te mo\u017ce nie oferuj\u0105 ogrod\u00f3w z basenem (chocia\u017c takie te\u017c si\u0119 trafiaj\u0105), ale maj\u0105 cz\u0119sty czyste i wygodne, prywatne pokoje na wynajem, zamykane kluczem. Ceny wynaj\u0119cia pokoju to koszt oko\u0142o 120 z\u0142otych za dob\u0119 za pok\u00f3j dwuosobowy. Zalet\u0105 jest niedrogi koszt i w\u0142asny pok\u00f3j.<\/p>\n\n\n\n<p><strong>Mo\u017cesz rozejrze\u0107 si\u0119 r\u00f3wnie\u017c za mieszkaniem na wynajem.<\/strong> Jest to lepsze rozwi\u0105zanie dla tych, kt\u00f3rzy podr\u00f3\u017cuj\u0105 z rodzin\u0105, albo wi\u0119ksz\u0105 grup\u0105! Ceny mieszka\u0144 s\u0105 r\u00f3\u017cne, ale \u015brednio to 230 z\u0142otych za dob\u0119. Podr\u00f3\u017cuj\u0105c z kim\u015b, zawsze cen\u0119 mo\u017cecie podzieli\u0107.<\/p>\n\n\n\n<div style=\"height:27px\" aria-hidden=\"true\" class=\"wp-block-spacer\"><\/div>\n\n\n\n<blockquote class=\"wp-block-quote is-layout-flow wp-block-quote-is-layout-flow\"><p><\/p><cite>Wiedzia\u0142e\u015b o tym, \u017ce czasem pok\u00f3j dwuosobowa potrafi by\u0107 ta\u0144szy, ni\u017c jednoosobowy? Kolejny pow\u00f3d, dla kt\u00f3rego powiniene\u015b zabra\u0107 kogo\u015b ze sob\u0105 w podr\u00f3\u017c! \ud83d\ude0a<\/cite><\/blockquote>\n\n\n\n<div style=\"height:38px\" aria-hidden=\"true\" class=\"wp-block-spacer\"><\/div>\n\n\n\n<h3 class=\"wp-block-heading\"><span class=\"ez-toc-section\" id=\"NOCLEG_NA_MAJORCE_DROZSZE_ROZWIAZANIE\"><\/span>NOCLEG NA MAJORCE | DRO\u017bSZE ROZWI\u0104ZANIE<span class=\"ez-toc-section-end\"><\/span><\/h3>\n\n\n\n<p>Podr\u00f3\u017cujesz z rodzin\u0105 i chcesz prywatno\u015bci? Pomy\u015bl nad wynaj\u0119ciem domu!<\/p>\n\n\n\n<p><strong>Prywatna willa z basenem w ogrodzie to \u015bwietne rozwi\u0105zanie dla tych, kt\u00f3rzy lubi\u0105 poby\u0107 samemu<\/strong>, albo z grup\u0105 najbli\u017cszych i chc\u0105 troch\u0119 rozkoszy na wakacjach.<\/p>\n\n\n\n<p>Ceny wynajmu dom\u00f3w zaczynaj\u0105 si\u0119 od oko\u0142o 500 z\u0142otych za dob\u0119. I znowu mo\u017cecie przecie\u017c t\u0119 cen\u0119 podzieli\u0107, prawda? \ud83d\ude0a<\/p>\n\n\n\n<p><strong>Najdro\u017cszym rozwi\u0105zaniem jest z pewno\u015bci\u0105 wynaj\u0119cie apartamentu w hotelu. <\/strong>Oczywi\u015bcie wszystko zale\u017cy, jaki hotel bierzemy pod uwag\u0119, czy jest on 3, 4, czy pi\u0119ciogwiazdkowy i co ma w swojej ofercie.<\/p>\n\n\n\n<p>Cena za noc w hotelu dwugwiazdkowym to oko\u0142o 330 z\u0142otych (pok\u00f3j dwuosobowy).<\/p>\n\n\n\n<p>Noc w hotelu czterogwiazdkowym z basenem, \u015bniadaniem i kolacj\u0105 w cenie to koszt ok. 720 z\u0142otych.<\/p>\n\n\n\n<p>Planuj\u0105c urlop w hotelu, warto zerkn\u0105\u0107 na organizowane wyjazdy przez biura podr\u00f3\u017cy, bo mo\u017ce okaza\u0107 si\u0119, \u017ce te oferuj\u0105 wybrany przez nas hotel w bardziej okazyjnej cenie, ni\u017c na przyk\u0142ad<a href=\"https:\/\/www.booking.com\/index.pl.html?aid=376384;label=bdot-B_AMmyp_WLH_Av2PkrGHrgS411092421008:pl:ta:p1:p22.563.000:ac:ap:neg:fi:tikwd-334108349:lp1005329:li:dec:dm:ppccp=UmFuZG9tSVYkc2RlIyh9Yf5EcukO1MOGv2VrE6ywbUM;ws=&amp;gclid=CjwKCAjwkN6EBhBNEiwADVfya24eUrCcwC-hbLqJnsOGuzFx-TMHU_60kyiOJuVMAme2AB5NaZkcKRoCTGMQAvD_BwE\" target=\"_blank\" rel=\"noreferrer noopener nofollow\"> booking.com<\/a>.<\/p>\n\n\n\n<div style=\"height:30px\" aria-hidden=\"true\" class=\"wp-block-spacer\"><\/div>\n\n\n\n<h3 class=\"wp-block-heading\"><span class=\"ez-toc-section\" id=\"GDZIE_SZUKAC_NOCLEGOW_PRZEWODNIK_PO_PALMA_DE_MALLORCA\"><\/span>GDZIE SZUKA\u0106 NOCLEG\u00d3W? | PRZEWODNIK PO PALMA DE MALLORCA<span class=\"ez-toc-section-end\"><\/span><\/h3>\n\n\n\n<p>Rozejrzyjcie si\u0119 za noclegiem od razu po zabookowaniu lotu. Zwr\u00f3\u0107cie natomiast uwag\u0119 na noclegi z darmow\u0105 mo\u017cliwo\u015bci\u0105 odwo\u0142ania. Lepiej mie\u0107 co\u015b ju\u017c zarezerwowane od razu ni\u017c obudzi\u0107 si\u0119 z r\u0119k\u0105 w nocniku. A w miar\u0119 zbli\u017cania si\u0119 terminu podr\u00f3\u017cy, rozejrzyjcie si\u0119, czy przypadkiem nie pojawi\u0142y si\u0119 lepsze oferty. Wtedy mo\u017cecie bez problemu odwo\u0142a\u0107 nocleg w hotelu, czy hostelu na rzecz lepszego miejsca.<\/p>\n\n\n\n<p>Rozejrzyj si\u0119 na:<\/p>\n\n\n\n<ul class=\"wp-block-list\"><li>Booking<\/li><li>Hotels<\/li><li>Momondo<\/li><li>Kiwi<\/li><li>Wakacyjnipiraci<\/li><li>airbnb<\/li><\/ul>\n\n\n\n<div style=\"height:28px\" aria-hidden=\"true\" class=\"wp-block-spacer\"><\/div>\n\n\n\n<figure class=\"wp-block-gallery has-nested-images columns-default is-cropped wp-block-gallery-8 is-layout-flex wp-block-gallery-is-layout-flex\">\n<figure class=\"wp-block-image size-full\"><img decoding=\"async\" width=\"838\" height=\"559\" data-id=\"1660\" data-src=\"https:\/\/www.wzdluzdrogi.pl\/wp-content\/uploads\/2021\/05\/MG_4109.jpg\" alt=\"przewodnik po palma de mallorca, co zobaczyc na majorce\" class=\"wp-image-1660 lazyload\" data-srcset=\"https:\/\/www.wzdluzdrogi.pl\/wp-content\/uploads\/2021\/05\/MG_4109.jpg 838w, https:\/\/www.wzdluzdrogi.pl\/wp-content\/uploads\/2021\/05\/MG_4109-300x200.jpg 300w, https:\/\/www.wzdluzdrogi.pl\/wp-content\/uploads\/2021\/05\/MG_4109-768x512.jpg 768w, https:\/\/www.wzdluzdrogi.pl\/wp-content\/uploads\/2021\/05\/MG_4109-90x60.jpg 90w\" data-sizes=\"(max-width: 838px) 100vw, 838px\" src=\"data:image\/svg+xml;base64,PHN2ZyB3aWR0aD0iMSIgaGVpZ2h0PSIxIiB4bWxucz0iaHR0cDovL3d3dy53My5vcmcvMjAwMC9zdmciPjwvc3ZnPg==\" style=\"--smush-placeholder-width: 838px; --smush-placeholder-aspect-ratio: 838\/559;\" \/><\/figure>\n<\/figure>\n\n\n\n<hr class=\"wp-block-separator\"\/>\n\n\n\n<h2 class=\"wp-block-heading\"><span class=\"ez-toc-section\" id=\"GDZIE_ZYWIC_SIE_NA_MAJORCE\"><\/span>GDZIE \u017bYWI\u0106 SI\u0118 NA MAJORCE? <span class=\"ez-toc-section-end\"><\/span><\/h2>\n\n\n\n<p>I tu znowu wyb\u00f3r nale\u017cy do was. Czy wasza podr\u00f3\u017c ma by\u0107 bud\u017cetowa? Czy niekoniecznie?<\/p>\n\n\n\n<div style=\"height:28px\" aria-hidden=\"true\" class=\"wp-block-spacer\"><\/div>\n\n\n\n<h3 class=\"wp-block-heading\"><span class=\"ez-toc-section\" id=\"BUDZETOWE_ROZWIAZANIE\"><\/span>BUD\u017bETOWE ROZWI\u0104ZANIE! <span class=\"ez-toc-section-end\"><\/span><\/h3>\n\n\n\n<p>Je\u017celi wynajmujecie pok\u00f3j z dost\u0119pem do kuchni, to nic nie stoi wam na przeszkodzie, aby posi\u0142ki robi\u0107 sobie samemu.<\/p>\n\n\n\n<p>Na Majorce znajdziecie takie sklepy jak Lidla, Carrefour, czy Alcampo (inna nazwa na Auchan ;)).<\/p>\n\n\n\n<p>Przyk\u0142adowe ceny na Majorce (w sezonie)<\/p>\n\n\n\n<p>Zestaw \u015bniadaniowy w \u201ebarze mlecznym\u201d (tost, \u015bwie\u017co wyciskany sok, cappuccino) \u2013 ok. 5 euro<\/p>\n\n\n\n<p>McMeal w McDonaldzie \u2013 ok. 8.20 euro<\/p>\n\n\n\n<p>Woda 2l \u2013 ok. 80 eurocent\u00f3w<\/p>\n\n\n\n<p>Woda smakowa 2l \u2013 ok. 90 eurocent\u00f3w<\/p>\n\n\n\n<p>Sok \u2013 ok. 90 eurocent\u00f3w<\/p>\n\n\n\n<p>Banany kg \u2013 ok 1,20 euro<\/p>\n\n\n\n<p>Fueta szt. \u2013 ok. 1 euro<\/p>\n\n\n\n<p>Rogalik \u2013 ok. 50 eurocent\u00f3w<\/p>\n\n\n\n<p>Bu\u0142ka bia\u0142a \u2013 ok. 20 eurocent\u00f3w<\/p>\n\n\n\n<p>Serek \u015bmietankowy na kanapk\u0119 \u2013 ok. 1 euro<\/p>\n\n\n\n<div style=\"height:27px\" aria-hidden=\"true\" class=\"wp-block-spacer\"><\/div>\n\n\n\n<h3 class=\"wp-block-heading\"><span class=\"ez-toc-section\" id=\"NIEKONIECZNIE_BUDZETOWE\"><\/span>NIEKONIECZNIE BUD\u017bETOWE!<span class=\"ez-toc-section-end\"><\/span><\/h3>\n\n\n\n<p>Restauracji na Majorce znajdziesz mn\u00f3stwo. Na ka\u017cdym kroku jest pe\u0142no uroczych knajpek, kawiarni i jadalni, w kt\u00f3rych dobrze si\u0119 najesz.<\/p>\n\n\n\n<p>Przyk\u0142adowe ceny na Majorce (w sezonie)<\/p>\n\n\n\n<p>Paella \u2013 ok. 11 euro<\/p>\n\n\n\n<p>Tortilla z serem \u2013 ok. 6 euro<\/p>\n\n\n\n<p>Sangria (w restauracji) \u2013 ok. 4 euro<\/p>\n\n\n\n<p>Piwo (0,5l) \u2013 ok. 2.50 euro<\/p>\n\n\n\n<p>Cheeseburger (fastfood) \u2013 2.40 euro<\/p>\n\n\n\n<p>Espresso \u2013 ok. 1.50 euro<\/p>\n\n\n\n<div style=\"height:23px\" aria-hidden=\"true\" class=\"wp-block-spacer\"><\/div>\n\n\n\n<h3 class=\"wp-block-heading\"><span class=\"ez-toc-section\" id=\"CZEGO_MUSISZ_SPROBOWAC_BEDAC_NA_MAJORCE_BEZ_WZGLEDU_NA_CENE\"><\/span>CZEGO MUSISZ SPR\u00d3BOWA\u0106, B\u0118D\u0104C NA MAJORCE BEZ WZGL\u0118DU NA CEN\u0118! | <span class=\"ez-toc-section-end\"><\/span><\/h3>\n\n\n\n<p>Ensa\u00efmada \u2013 pyszne kruche ciasto, podobne do rogalika.<\/p>\n\n\n\n<p>Tumbet \u2013 konsystencj\u0105 przypomina leczo. Danie zrobione z ziemniak\u00f3w, papryki i pomidor\u00f3w.<\/p>\n\n\n\n<p>Cocarrois \u2013 przypomina kszta\u0142tem piero\u017cki. Ciasto nadziewane jest r\u00f3\u017cnym farszem. W piekarniach na Majorce znajdziemy w wydaniu warzywnym, a nawet z farszem rybnym.<\/p>\n\n\n\n<p>Oliwki \u2013 Majorka jest idealna dla tych, kt\u00f3rzy kochaj\u0105 oliwki!<\/p>\n\n\n\n<p>Frito Mallorquin \u2013 warzywa sma\u017cone z jagni\u0119cin\u0105.<\/p>\n\n\n\n<p>Caracoles a la Mallorquina \u2013 \u015blimaki gotowane w bia\u0142ym winie.<\/p>\n\n\n\n<div style=\"height:64px\" aria-hidden=\"true\" class=\"wp-block-spacer\"><\/div>\n\n\n\n<figure class=\"wp-block-embed is-type-video is-provider-youtube wp-block-embed-youtube wp-embed-aspect-16-9 wp-has-aspect-ratio\"><div class=\"wp-block-embed__wrapper\">\n<iframe title=\"Palma de Mallorca. Czy warto j\u0105 zobaczy\u0107? | Majorka #1\" width=\"780\" height=\"439\" data-src=\"https:\/\/www.youtube.com\/embed\/aNczoQWQBIA?feature=oembed\" frameborder=\"0\" allow=\"accelerometer; autoplay; clipboard-write; encrypted-media; gyroscope; picture-in-picture\" allowfullscreen src=\"data:image\/svg+xml;base64,PHN2ZyB3aWR0aD0iMSIgaGVpZ2h0PSIxIiB4bWxucz0iaHR0cDovL3d3dy53My5vcmcvMjAwMC9zdmciPjwvc3ZnPg==\" class=\"lazyload\" data-load-mode=\"1\"><\/iframe>\n<\/div><\/figure>\n\n\n\n<hr class=\"wp-block-separator\"\/>\n\n\n\n<p class=\"has-text-align-center\">INTERESOWA\u0141 CI\u0118 PRZEWODNIK PO PALMA DE MALLORCA?<br>ZOBACZ R\u00d3WNIE\u017b:<\/p>\n\n\n\n<p class=\"has-text-align-center\"><a href=\"https:\/\/www.wzdluzdrogi.pl\/index.php\/2020\/03\/05\/skuterem-po-majorce-parkingi-kultura-jazdy\/\">SKUTEREM PO MAJORCE. KULTURA JAZDY, DEPOZYT I WSZYSTKO CO MUSISZ WIEDZIE\u0106<\/a><br><a href=\"https:\/\/www.wzdluzdrogi.pl\/index.php\/2019\/08\/20\/majorka-na-wlasna-reke-przydatne-informacje\/\">ZORGANIZUJ TANI WYJAZD NA MAJORK\u0118 NA W\u0141ASN\u0104 R\u0118K\u0118<\/a><br><a href=\"https:\/\/www.wzdluzdrogi.pl\/index.php\/2020\/06\/30\/przewodnik-po-soller-co-warto-zobaczyc\/\">PRZEWODNIK PO S\u00d3LLER<\/a><br><a href=\"https:\/\/www.wzdluzdrogi.pl\/index.php\/2020\/06\/13\/majorka-gotowy-plan-zwiedzania-soller-valldemossa\/\">FORNALUXT, VALLDEMOSSA I S\u00d3LLER &#8211; GOTOWY PLAN WYCIECZKI<\/a><\/p>\n\n\n\n<hr class=\"wp-block-separator\"\/>\n\n\n\n<ul class=\"wp-block-social-links is-layout-flex wp-block-social-links-is-layout-flex\"><li class=\"wp-social-link wp-social-link-facebook  wp-block-social-link\"><a href=\"https:\/\/www.facebook.com\/wzdluzdrogi\" class=\"wp-block-social-link-anchor\"><svg width=\"24\" height=\"24\" viewBox=\"0 0 24 24\" version=\"1.1\" xmlns=\"http:\/\/www.w3.org\/2000\/svg\" aria-hidden=\"true\" focusable=\"false\"><path d=\"M12 2C6.5 2 2 6.5 2 12c0 5 3.7 9.1 8.4 9.9v-7H7.9V12h2.5V9.8c0-2.5 1.5-3.9 3.8-3.9 1.1 0 2.2.2 2.2.2v2.5h-1.3c-1.2 0-1.6.8-1.6 1.6V12h2.8l-.4 2.9h-2.3v7C18.3 21.1 22 17 22 12c0-5.5-4.5-10-10-10z\"><\/path><\/svg><span class=\"wp-block-social-link-label screen-reader-text\">Facebook<\/span><\/a><\/li>\n\n\n\n<li class=\"wp-social-link wp-social-link-instagram  wp-block-social-link\"><a href=\"https:\/\/www.instagram.com\/wzdluz_drogi\/?hl=pl\" class=\"wp-block-social-link-anchor\"><svg width=\"24\" height=\"24\" viewBox=\"0 0 24 24\" version=\"1.1\" xmlns=\"http:\/\/www.w3.org\/2000\/svg\" aria-hidden=\"true\" focusable=\"false\"><path d=\"M12,4.622c2.403,0,2.688,0.009,3.637,0.052c0.877,0.04,1.354,0.187,1.671,0.31c0.42,0.163,0.72,0.358,1.035,0.673 c0.315,0.315,0.51,0.615,0.673,1.035c0.123,0.317,0.27,0.794,0.31,1.671c0.043,0.949,0.052,1.234,0.052,3.637 s-0.009,2.688-0.052,3.637c-0.04,0.877-0.187,1.354-0.31,1.671c-0.163,0.42-0.358,0.72-0.673,1.035 c-0.315,0.315-0.615,0.51-1.035,0.673c-0.317,0.123-0.794,0.27-1.671,0.31c-0.949,0.043-1.233,0.052-3.637,0.052 s-2.688-0.009-3.637-0.052c-0.877-0.04-1.354-0.187-1.671-0.31c-0.42-0.163-0.72-0.358-1.035-0.673 c-0.315-0.315-0.51-0.615-0.673-1.035c-0.123-0.317-0.27-0.794-0.31-1.671C4.631,14.688,4.622,14.403,4.622,12 s0.009-2.688,0.052-3.637c0.04-0.877,0.187-1.354,0.31-1.671c0.163-0.42,0.358-0.72,0.673-1.035 c0.315-0.315,0.615-0.51,1.035-0.673c0.317-0.123,0.794-0.27,1.671-0.31C9.312,4.631,9.597,4.622,12,4.622 M12,3 C9.556,3,9.249,3.01,8.289,3.054C7.331,3.098,6.677,3.25,6.105,3.472C5.513,3.702,5.011,4.01,4.511,4.511 c-0.5,0.5-0.808,1.002-1.038,1.594C3.25,6.677,3.098,7.331,3.054,8.289C3.01,9.249,3,9.556,3,12c0,2.444,0.01,2.751,0.054,3.711 c0.044,0.958,0.196,1.612,0.418,2.185c0.23,0.592,0.538,1.094,1.038,1.594c0.5,0.5,1.002,0.808,1.594,1.038 c0.572,0.222,1.227,0.375,2.185,0.418C9.249,20.99,9.556,21,12,21s2.751-0.01,3.711-0.054c0.958-0.044,1.612-0.196,2.185-0.418 c0.592-0.23,1.094-0.538,1.594-1.038c0.5-0.5,0.808-1.002,1.038-1.594c0.222-0.572,0.375-1.227,0.418-2.185 C20.99,14.751,21,14.444,21,12s-0.01-2.751-0.054-3.711c-0.044-0.958-0.196-1.612-0.418-2.185c-0.23-0.592-0.538-1.094-1.038-1.594 c-0.5-0.5-1.002-0.808-1.594-1.038c-0.572-0.222-1.227-0.375-2.185-0.418C14.751,3.01,14.444,3,12,3L12,3z M12,7.378 c-2.552,0-4.622,2.069-4.622,4.622S9.448,16.622,12,16.622s4.622-2.069,4.622-4.622S14.552,7.378,12,7.378z M12,15 c-1.657,0-3-1.343-3-3s1.343-3,3-3s3,1.343,3,3S13.657,15,12,15z M16.804,6.116c-0.596,0-1.08,0.484-1.08,1.08 s0.484,1.08,1.08,1.08c0.596,0,1.08-0.484,1.08-1.08S17.401,6.116,16.804,6.116z\"><\/path><\/svg><span class=\"wp-block-social-link-label screen-reader-text\">Instagram<\/span><\/a><\/li>\n\n\n\n<li class=\"wp-social-link wp-social-link-youtube  wp-block-social-link\"><a href=\"https:\/\/www.youtube.com\/channel\/UCW7xjbHjmE0P5_HMEhlFR5w\" class=\"wp-block-social-link-anchor\"><svg width=\"24\" height=\"24\" viewBox=\"0 0 24 24\" version=\"1.1\" xmlns=\"http:\/\/www.w3.org\/2000\/svg\" aria-hidden=\"true\" focusable=\"false\"><path d=\"M21.8,8.001c0,0-0.195-1.378-0.795-1.985c-0.76-0.797-1.613-0.801-2.004-0.847c-2.799-0.202-6.997-0.202-6.997-0.202 h-0.009c0,0-4.198,0-6.997,0.202C4.608,5.216,3.756,5.22,2.995,6.016C2.395,6.623,2.2,8.001,2.2,8.001S2,9.62,2,11.238v1.517 c0,1.618,0.2,3.237,0.2,3.237s0.195,1.378,0.795,1.985c0.761,0.797,1.76,0.771,2.205,0.855c1.6,0.153,6.8,0.201,6.8,0.201 s4.203-0.006,7.001-0.209c0.391-0.047,1.243-0.051,2.004-0.847c0.6-0.607,0.795-1.985,0.795-1.985s0.2-1.618,0.2-3.237v-1.517 C22,9.62,21.8,8.001,21.8,8.001z M9.935,14.594l-0.001-5.62l5.404,2.82L9.935,14.594z\"><\/path><\/svg><span class=\"wp-block-social-link-label screen-reader-text\">YouTube<\/span><\/a><\/li><\/ul>\n\n\n\n<p><\/p>\n\n\n\n<p class=\"has-text-align-center\"><br><\/p>\n","protected":false},"excerpt":{"rendered":"<p>Palma de Mallorca, czy po prostu oficjalnie Palma, to stolica Majorki i te\u017c najwi\u0119ksze miasto Balear\u00f3w. Znana jest przede wszystkim z pi\u0119knych zabytk\u00f3w i nocnego \u017cycia, kt\u00f3re przyci\u0105ga ka\u017cdego roku wielu m\u0142odych ludzi. Przeczytaj nasz przewodnik po Palma de Mallorca i zobacz, co musisz dopisa\u0107 do swojej listy zwiedzania! Stolica Majorki zachwyci\u0142a nas przede wszystkim &hellip; <\/p>\n","protected":false},"author":3,"featured_media":1629,"comment_status":"open","ping_status":"closed","sticky":false,"template":"","format":"standard","meta":{"_monsterinsights_skip_tracking":false,"_monsterinsights_sitenote_active":false,"_monsterinsights_sitenote_note":"","_monsterinsights_sitenote_category":0,"footnotes":""},"categories":[35,26,28],"tags":[38],"class_list":["post-1294","post","type-post","status-publish","format-standard","has-post-thumbnail","hentry","category-majorka","category-podroze","category-tanie-podroze","tag-palma-de-mallorca"],"yoast_head":"<!-- This site is optimized with the Yoast SEO plugin v26.5 - https:\/\/yoast.com\/wordpress\/plugins\/seo\/ -->\n<title>PRZEWODNIK PO PALMA DE MALLORCA | CO ZOBACZY\u0106 I CO ZJE\u015a\u0106 - Wzd\u0142u\u017c Drogi<\/title>\n<meta name=\"description\" content=\"Planujesz wyjazd na Majork\u0119? Zobacz nasz przewodnik po Palma de Mallorca, kt\u00f3ry pomo\u017ce Ci zaplanowa\u0107 twoj\u0105 wymarzona podr\u00f3\u017c!\" \/>\n<meta name=\"robots\" content=\"index, follow, max-snippet:-1, max-image-preview:large, max-video-preview:-1\" \/>\n<link rel=\"canonical\" href=\"https:\/\/www.wzdluzdrogi.pl\/index.php\/2021\/05\/12\/przewodnik-po-palma-de-mallorca-co-zobaczyc\/\" \/>\n<meta property=\"og:locale\" content=\"pl_PL\" \/>\n<meta property=\"og:type\" content=\"article\" \/>\n<meta property=\"og:title\" content=\"PRZEWODNIK PO PALMA DE MALLORCA | CO ZOBACZY\u0106 I CO ZJE\u015a\u0106 - Wzd\u0142u\u017c Drogi\" \/>\n<meta property=\"og:description\" content=\"Planujesz wyjazd na Majork\u0119? Zobacz nasz przewodnik po Palma de Mallorca, kt\u00f3ry pomo\u017ce Ci zaplanowa\u0107 twoj\u0105 wymarzona podr\u00f3\u017c!\" \/>\n<meta property=\"og:url\" content=\"https:\/\/www.wzdluzdrogi.pl\/index.php\/2021\/05\/12\/przewodnik-po-palma-de-mallorca-co-zobaczyc\/\" \/>\n<meta property=\"og:site_name\" content=\"Wzd\u0142u\u017c Drogi\" \/>\n<meta property=\"article:published_time\" content=\"2021-05-12T11:15:25+00:00\" \/>\n<meta property=\"article:modified_time\" content=\"2022-04-28T13:52:17+00:00\" \/>\n<meta property=\"og:image\" content=\"https:\/\/www.wzdluzdrogi.pl\/wp-content\/uploads\/2021\/05\/MG_4161-3.jpg\" \/>\n\t<meta property=\"og:image:width\" content=\"1192\" \/>\n\t<meta property=\"og:image:height\" content=\"828\" \/>\n\t<meta property=\"og:image:type\" content=\"image\/jpeg\" \/>\n<meta name=\"author\" content=\"Wzd\u0142u\u017c Drogi\" \/>\n<meta name=\"twitter:card\" content=\"summary_large_image\" \/>\n<meta name=\"twitter:label1\" content=\"Napisane przez\" \/>\n\t<meta name=\"twitter:data1\" content=\"Wzd\u0142u\u017c Drogi\" \/>\n\t<meta name=\"twitter:label2\" content=\"Szacowany czas czytania\" \/>\n\t<meta name=\"twitter:data2\" content=\"19 minut\" \/>\n<script type=\"application\/ld+json\" class=\"yoast-schema-graph\">{\"@context\":\"https:\/\/schema.org\",\"@graph\":[{\"@type\":\"WebPage\",\"@id\":\"https:\/\/www.wzdluzdrogi.pl\/index.php\/2021\/05\/12\/przewodnik-po-palma-de-mallorca-co-zobaczyc\/\",\"url\":\"https:\/\/www.wzdluzdrogi.pl\/index.php\/2021\/05\/12\/przewodnik-po-palma-de-mallorca-co-zobaczyc\/\",\"name\":\"PRZEWODNIK PO PALMA DE MALLORCA | CO ZOBACZY\u0106 I CO ZJE\u015a\u0106 - Wzd\u0142u\u017c Drogi\",\"isPartOf\":{\"@id\":\"https:\/\/www.wzdluzdrogi.pl\/#website\"},\"primaryImageOfPage\":{\"@id\":\"https:\/\/www.wzdluzdrogi.pl\/index.php\/2021\/05\/12\/przewodnik-po-palma-de-mallorca-co-zobaczyc\/#primaryimage\"},\"image\":{\"@id\":\"https:\/\/www.wzdluzdrogi.pl\/index.php\/2021\/05\/12\/przewodnik-po-palma-de-mallorca-co-zobaczyc\/#primaryimage\"},\"thumbnailUrl\":\"https:\/\/www.wzdluzdrogi.pl\/wp-content\/uploads\/2021\/05\/MG_4161-3.jpg\",\"datePublished\":\"2021-05-12T11:15:25+00:00\",\"dateModified\":\"2022-04-28T13:52:17+00:00\",\"author\":{\"@id\":\"https:\/\/www.wzdluzdrogi.pl\/#\/schema\/person\/c4851fe74e1df2e0ec5925899cd78458\"},\"description\":\"Planujesz wyjazd na Majork\u0119? Zobacz nasz przewodnik po Palma de Mallorca, kt\u00f3ry pomo\u017ce Ci zaplanowa\u0107 twoj\u0105 wymarzona podr\u00f3\u017c!\",\"breadcrumb\":{\"@id\":\"https:\/\/www.wzdluzdrogi.pl\/index.php\/2021\/05\/12\/przewodnik-po-palma-de-mallorca-co-zobaczyc\/#breadcrumb\"},\"inLanguage\":\"pl-PL\",\"potentialAction\":[{\"@type\":\"ReadAction\",\"target\":[\"https:\/\/www.wzdluzdrogi.pl\/index.php\/2021\/05\/12\/przewodnik-po-palma-de-mallorca-co-zobaczyc\/\"]}]},{\"@type\":\"ImageObject\",\"inLanguage\":\"pl-PL\",\"@id\":\"https:\/\/www.wzdluzdrogi.pl\/index.php\/2021\/05\/12\/przewodnik-po-palma-de-mallorca-co-zobaczyc\/#primaryimage\",\"url\":\"https:\/\/www.wzdluzdrogi.pl\/wp-content\/uploads\/2021\/05\/MG_4161-3.jpg\",\"contentUrl\":\"https:\/\/www.wzdluzdrogi.pl\/wp-content\/uploads\/2021\/05\/MG_4161-3.jpg\",\"width\":1192,\"height\":828},{\"@type\":\"BreadcrumbList\",\"@id\":\"https:\/\/www.wzdluzdrogi.pl\/index.php\/2021\/05\/12\/przewodnik-po-palma-de-mallorca-co-zobaczyc\/#breadcrumb\",\"itemListElement\":[{\"@type\":\"ListItem\",\"position\":1,\"name\":\"Strona g\u0142\u00f3wna\",\"item\":\"https:\/\/www.wzdluzdrogi.pl\/\"},{\"@type\":\"ListItem\",\"position\":2,\"name\":\"PRZEWODNIK PO PALMA DE MALLORCA | CO ZOBACZY\u0106 I CO ZJE\u015a\u0106\"}]},{\"@type\":\"WebSite\",\"@id\":\"https:\/\/www.wzdluzdrogi.pl\/#website\",\"url\":\"https:\/\/www.wzdluzdrogi.pl\/\",\"name\":\"Wzd\u0142u\u017c Drogi\",\"description\":\"Podr\u00f3\u017ce w rytmie slow\",\"potentialAction\":[{\"@type\":\"SearchAction\",\"target\":{\"@type\":\"EntryPoint\",\"urlTemplate\":\"https:\/\/www.wzdluzdrogi.pl\/?s={search_term_string}\"},\"query-input\":{\"@type\":\"PropertyValueSpecification\",\"valueRequired\":true,\"valueName\":\"search_term_string\"}}],\"inLanguage\":\"pl-PL\"},{\"@type\":\"Person\",\"@id\":\"https:\/\/www.wzdluzdrogi.pl\/#\/schema\/person\/c4851fe74e1df2e0ec5925899cd78458\",\"name\":\"Wzd\u0142u\u017c Drogi\",\"image\":{\"@type\":\"ImageObject\",\"inLanguage\":\"pl-PL\",\"@id\":\"https:\/\/www.wzdluzdrogi.pl\/#\/schema\/person\/image\/\",\"url\":\"https:\/\/secure.gravatar.com\/avatar\/?s=96&d=mm&r=g\",\"contentUrl\":\"https:\/\/secure.gravatar.com\/avatar\/?s=96&d=mm&r=g\",\"caption\":\"Wzd\u0142u\u017c Drogi\"},\"url\":\"https:\/\/www.wzdluzdrogi.pl\/index.php\/author\/16026377718484071389\/\"}]}<\/script>\n<!-- \/ Yoast SEO plugin. -->","yoast_head_json":{"title":"PRZEWODNIK PO PALMA DE MALLORCA | CO ZOBACZY\u0106 I CO ZJE\u015a\u0106 - Wzd\u0142u\u017c Drogi","description":"Planujesz wyjazd na Majork\u0119? Zobacz nasz przewodnik po Palma de Mallorca, kt\u00f3ry pomo\u017ce Ci zaplanowa\u0107 twoj\u0105 wymarzona podr\u00f3\u017c!","robots":{"index":"index","follow":"follow","max-snippet":"max-snippet:-1","max-image-preview":"max-image-preview:large","max-video-preview":"max-video-preview:-1"},"canonical":"https:\/\/www.wzdluzdrogi.pl\/index.php\/2021\/05\/12\/przewodnik-po-palma-de-mallorca-co-zobaczyc\/","og_locale":"pl_PL","og_type":"article","og_title":"PRZEWODNIK PO PALMA DE MALLORCA | CO ZOBACZY\u0106 I CO ZJE\u015a\u0106 - Wzd\u0142u\u017c Drogi","og_description":"Planujesz wyjazd na Majork\u0119? Zobacz nasz przewodnik po Palma de Mallorca, kt\u00f3ry pomo\u017ce Ci zaplanowa\u0107 twoj\u0105 wymarzona podr\u00f3\u017c!","og_url":"https:\/\/www.wzdluzdrogi.pl\/index.php\/2021\/05\/12\/przewodnik-po-palma-de-mallorca-co-zobaczyc\/","og_site_name":"Wzd\u0142u\u017c Drogi","article_published_time":"2021-05-12T11:15:25+00:00","article_modified_time":"2022-04-28T13:52:17+00:00","og_image":[{"width":1192,"height":828,"url":"https:\/\/www.wzdluzdrogi.pl\/wp-content\/uploads\/2021\/05\/MG_4161-3.jpg","type":"image\/jpeg"}],"author":"Wzd\u0142u\u017c Drogi","twitter_card":"summary_large_image","twitter_misc":{"Napisane przez":"Wzd\u0142u\u017c Drogi","Szacowany czas czytania":"19 minut"},"schema":{"@context":"https:\/\/schema.org","@graph":[{"@type":"WebPage","@id":"https:\/\/www.wzdluzdrogi.pl\/index.php\/2021\/05\/12\/przewodnik-po-palma-de-mallorca-co-zobaczyc\/","url":"https:\/\/www.wzdluzdrogi.pl\/index.php\/2021\/05\/12\/przewodnik-po-palma-de-mallorca-co-zobaczyc\/","name":"PRZEWODNIK PO PALMA DE MALLORCA | CO ZOBACZY\u0106 I CO ZJE\u015a\u0106 - Wzd\u0142u\u017c Drogi","isPartOf":{"@id":"https:\/\/www.wzdluzdrogi.pl\/#website"},"primaryImageOfPage":{"@id":"https:\/\/www.wzdluzdrogi.pl\/index.php\/2021\/05\/12\/przewodnik-po-palma-de-mallorca-co-zobaczyc\/#primaryimage"},"image":{"@id":"https:\/\/www.wzdluzdrogi.pl\/index.php\/2021\/05\/12\/przewodnik-po-palma-de-mallorca-co-zobaczyc\/#primaryimage"},"thumbnailUrl":"https:\/\/www.wzdluzdrogi.pl\/wp-content\/uploads\/2021\/05\/MG_4161-3.jpg","datePublished":"2021-05-12T11:15:25+00:00","dateModified":"2022-04-28T13:52:17+00:00","author":{"@id":"https:\/\/www.wzdluzdrogi.pl\/#\/schema\/person\/c4851fe74e1df2e0ec5925899cd78458"},"description":"Planujesz wyjazd na Majork\u0119? Zobacz nasz przewodnik po Palma de Mallorca, kt\u00f3ry pomo\u017ce Ci zaplanowa\u0107 twoj\u0105 wymarzona podr\u00f3\u017c!","breadcrumb":{"@id":"https:\/\/www.wzdluzdrogi.pl\/index.php\/2021\/05\/12\/przewodnik-po-palma-de-mallorca-co-zobaczyc\/#breadcrumb"},"inLanguage":"pl-PL","potentialAction":[{"@type":"ReadAction","target":["https:\/\/www.wzdluzdrogi.pl\/index.php\/2021\/05\/12\/przewodnik-po-palma-de-mallorca-co-zobaczyc\/"]}]},{"@type":"ImageObject","inLanguage":"pl-PL","@id":"https:\/\/www.wzdluzdrogi.pl\/index.php\/2021\/05\/12\/przewodnik-po-palma-de-mallorca-co-zobaczyc\/#primaryimage","url":"https:\/\/www.wzdluzdrogi.pl\/wp-content\/uploads\/2021\/05\/MG_4161-3.jpg","contentUrl":"https:\/\/www.wzdluzdrogi.pl\/wp-content\/uploads\/2021\/05\/MG_4161-3.jpg","width":1192,"height":828},{"@type":"BreadcrumbList","@id":"https:\/\/www.wzdluzdrogi.pl\/index.php\/2021\/05\/12\/przewodnik-po-palma-de-mallorca-co-zobaczyc\/#breadcrumb","itemListElement":[{"@type":"ListItem","position":1,"name":"Strona g\u0142\u00f3wna","item":"https:\/\/www.wzdluzdrogi.pl\/"},{"@type":"ListItem","position":2,"name":"PRZEWODNIK PO PALMA DE MALLORCA | CO ZOBACZY\u0106 I CO ZJE\u015a\u0106"}]},{"@type":"WebSite","@id":"https:\/\/www.wzdluzdrogi.pl\/#website","url":"https:\/\/www.wzdluzdrogi.pl\/","name":"Wzd\u0142u\u017c Drogi","description":"Podr\u00f3\u017ce w rytmie slow","potentialAction":[{"@type":"SearchAction","target":{"@type":"EntryPoint","urlTemplate":"https:\/\/www.wzdluzdrogi.pl\/?s={search_term_string}"},"query-input":{"@type":"PropertyValueSpecification","valueRequired":true,"valueName":"search_term_string"}}],"inLanguage":"pl-PL"},{"@type":"Person","@id":"https:\/\/www.wzdluzdrogi.pl\/#\/schema\/person\/c4851fe74e1df2e0ec5925899cd78458","name":"Wzd\u0142u\u017c Drogi","image":{"@type":"ImageObject","inLanguage":"pl-PL","@id":"https:\/\/www.wzdluzdrogi.pl\/#\/schema\/person\/image\/","url":"https:\/\/secure.gravatar.com\/avatar\/?s=96&d=mm&r=g","contentUrl":"https:\/\/secure.gravatar.com\/avatar\/?s=96&d=mm&r=g","caption":"Wzd\u0142u\u017c Drogi"},"url":"https:\/\/www.wzdluzdrogi.pl\/index.php\/author\/16026377718484071389\/"}]}},"_links":{"self":[{"href":"https:\/\/www.wzdluzdrogi.pl\/index.php\/wp-json\/wp\/v2\/posts\/1294","targetHints":{"allow":["GET"]}}],"collection":[{"href":"https:\/\/www.wzdluzdrogi.pl\/index.php\/wp-json\/wp\/v2\/posts"}],"about":[{"href":"https:\/\/www.wzdluzdrogi.pl\/index.php\/wp-json\/wp\/v2\/types\/post"}],"author":[{"embeddable":true,"href":"https:\/\/www.wzdluzdrogi.pl\/index.php\/wp-json\/wp\/v2\/users\/3"}],"replies":[{"embeddable":true,"href":"https:\/\/www.wzdluzdrogi.pl\/index.php\/wp-json\/wp\/v2\/comments?post=1294"}],"version-history":[{"count":27,"href":"https:\/\/www.wzdluzdrogi.pl\/index.php\/wp-json\/wp\/v2\/posts\/1294\/revisions"}],"predecessor-version":[{"id":2332,"href":"https:\/\/www.wzdluzdrogi.pl\/index.php\/wp-json\/wp\/v2\/posts\/1294\/revisions\/2332"}],"wp:featuredmedia":[{"embeddable":true,"href":"https:\/\/www.wzdluzdrogi.pl\/index.php\/wp-json\/wp\/v2\/media\/1629"}],"wp:attachment":[{"href":"https:\/\/www.wzdluzdrogi.pl\/index.php\/wp-json\/wp\/v2\/media?parent=1294"}],"wp:term":[{"taxonomy":"category","embeddable":true,"href":"https:\/\/www.wzdluzdrogi.pl\/index.php\/wp-json\/wp\/v2\/categories?post=1294"},{"taxonomy":"post_tag","embeddable":true,"href":"https:\/\/www.wzdluzdrogi.pl\/index.php\/wp-json\/wp\/v2\/tags?post=1294"}],"curies":[{"name":"wp","href":"https:\/\/api.w.org\/{rel}","templated":true}]}}