{"id":2308,"date":"2022-04-28T15:41:41","date_gmt":"2022-04-28T13:41:41","guid":{"rendered":"https:\/\/www.wzdluzdrogi.pl\/?p=2308"},"modified":"2025-04-09T15:38:43","modified_gmt":"2025-04-09T13:38:43","slug":"wikingowie-kiedy-i-gdzie-zyli","status":"publish","type":"post","link":"https:\/\/www.wzdluzdrogi.pl\/index.php\/2022\/04\/28\/wikingowie-kiedy-i-gdzie-zyli\/","title":{"rendered":"DU\u0143SCY WIKINGOWIE. KIEDY I GDZIE \u017bYLI?"},"content":{"rendered":"\n<p>Wikingowie. Na terenie jakich kraj\u00f3w \u017cyli? Kiedy dok\u0142adnie zacz\u0119\u0142a si\u0119 ich era? Rok 800 to mniej wi\u0119cej pocz\u0105tek epoki Wiking\u00f3w. Najcz\u0119\u015bciej m\u00f3wi si\u0119, \u017ce era ta trwa\u0142a do oko\u0142o 1050 roku. Okres ten to wa\u017cny punkt zwrotny w historii ca\u0142ej Skandynawii. Zostaje wprowadzona wiara chrze\u015bcija\u0144ska, w\u0142adza w Skandynawii zostaje scentralizowana, rozwija si\u0119 gospodarka rynkowa, a to wszystko prowadzi r\u00f3wnie\u017c do tworzenia si\u0119 silniejszych ni\u017c do tej pory miast. Wszystko to doprowadza r\u00f3wnie\u017c do formowania si\u0119 pa\u0144stwa skandynawskiego, gdy\u017c do tej pory nie istnia\u0142y pa\u0144stwa na terenach nordyckich.<\/p>\n\n\n\n<p><strong>W epoce Wiking\u00f3w nie by\u0142o granic takich, jakie znamy dzisiaj.<\/strong> Nie wiemy wi\u0119c dok\u0142adnie, jakie tereny zajmowa\u0142a Dania w IX wieku. Na kamieniu runicznym w Jelling, Harald nazywa siebie kr\u00f3lem zar\u00f3wno Danii, jak i Norwegii, ale pod koniec epoki, po\u0142udniowo-zachodnia Szwecja r\u00f3wnie\u017c podlega\u0142a du\u0144skim kr\u00f3lom (podobnie z reszt\u0105, jak cz\u0119\u015bci Anglii, kt\u00f3ra przez pewien czas znajdowa\u0142y si\u0119 pod du\u0144sk\u0105 kontrol\u0105).<\/p>\n\n\n\n<p>Epok\u0119 Wiking\u00f3w rozpoczyna atak na klasztor w Lindisfarne w p\u00f3\u0142nocno-wschodniej Anglii w 793 roku. Atak zosta\u0142 szczeg\u00f3\u0142owo opisany w \u017ar\u00f3d\u0142ach historycznych, dzi\u0119ki czemu mo\u017cemy wiedzie\u0107, \u017ce w pobli\u017cu klasztoru pojawi\u0142y si\u0119 dwa statki ozdobione smoczymi g\u0142owami, kt\u00f3re przynios\u0142y ze sob\u0105 na pok\u0142adzie oko\u0142o 100 wiking\u00f3w. Wikingowie spl\u0105drowali klasztor. Ukradli z\u0142ote i srebrne przedmioty oraz zabili mnich\u00f3w. Epok\u0119 Wiking\u00f3w ko\u0144czy z kolei utrata kontroli w Anglii oko\u0142o 1066 roku.<\/p>\n\n\n\n<figure class=\"wp-block-image size-large\"><img fetchpriority=\"high\" decoding=\"async\" width=\"1024\" height=\"640\" src=\"https:\/\/www.wzdluzdrogi.pl\/wp-content\/uploads\/2022\/04\/elise-mahutte-XC_11jQHMKE-unsplash-1024x640.jpg\" alt=\"\" class=\"wp-image-2318\" srcset=\"https:\/\/www.wzdluzdrogi.pl\/wp-content\/uploads\/2022\/04\/elise-mahutte-XC_11jQHMKE-unsplash-1024x640.jpg 1024w, https:\/\/www.wzdluzdrogi.pl\/wp-content\/uploads\/2022\/04\/elise-mahutte-XC_11jQHMKE-unsplash-300x187.jpg 300w, https:\/\/www.wzdluzdrogi.pl\/wp-content\/uploads\/2022\/04\/elise-mahutte-XC_11jQHMKE-unsplash-768x480.jpg 768w, https:\/\/www.wzdluzdrogi.pl\/wp-content\/uploads\/2022\/04\/elise-mahutte-XC_11jQHMKE-unsplash-1536x959.jpg 1536w, https:\/\/www.wzdluzdrogi.pl\/wp-content\/uploads\/2022\/04\/elise-mahutte-XC_11jQHMKE-unsplash-2048x1279.jpg 2048w, https:\/\/www.wzdluzdrogi.pl\/wp-content\/uploads\/2022\/04\/elise-mahutte-XC_11jQHMKE-unsplash-96x60.jpg 96w, https:\/\/www.wzdluzdrogi.pl\/wp-content\/uploads\/2022\/04\/elise-mahutte-XC_11jQHMKE-unsplash-scaled.jpg 1600w\" sizes=\"(max-width: 1024px) 100vw, 1024px\" \/><\/figure>\n\n\n\n<p><strong>Wikingowie pochodzili z dzisiejszych kraj\u00f3w Skandynawskich, czyli z Danii, Norwegii i Szwecji.<\/strong> Ich cz\u0119ste podr\u00f3\u017ce doprowadzi\u0142y ich do za\u0142o\u017cenia wielu osad w Finlandii, Rosji, Anglii, Islandii, Grenlandii, Wyspach Owczych, krajach ba\u0142ka\u0144skich oraz Ameryce. <strong>Handel przyczyni\u0142 si\u0119 do tego, \u017ce Wikingowie za\u0142o\u017cyli miasta, kt\u00f3re do dzi\u015b istniej\u0105 w dzisiejszej Danii.<\/strong> Tymi miastami s\u0105 na przyk\u0142ad Odense, Roskilde, Ribe, czy Aarhus. Ale wiemy te\u017c, \u017ce jednak wi\u0119kszo\u015b\u0107 Wiking\u00f3w zajmowa\u0142a si\u0119 rolnictwem, a nie grabie\u017cami, wi\u0119kszo\u015b\u0107, wi\u0119c ludno\u015bci zamieszkiwa\u0142a ch\u0119tniej regiony wiejskie.<\/p>\n\n\n\n<div style=\"height:61px\" aria-hidden=\"true\" class=\"wp-block-spacer\"><\/div>\n\n\n\n<blockquote class=\"wp-block-quote is-layout-flow wp-block-quote-is-layout-flow\"><p>Du\u0144scy historycy spekuluj\u0105, \u017ce najstarsze wioski Danii to te z nazwami ko\u0144cz\u0105cymi si\u0119 na -ing(e), -lev, -l\u00f8se (-else) i -sted. Natomiast w epoce Wiking\u00f3w modne sta\u0142o si\u0119 nazywanie wiosek nazwami ko\u0144cz\u0105cymi si\u0119 na -by, -tofte, -b\u00f8l(le) oraz -torp.<\/p><\/blockquote>\n\n\n\n<div style=\"height:64px\" aria-hidden=\"true\" class=\"wp-block-spacer\"><\/div>\n\n\n\n<h2 class=\"wp-block-heading\">Czy Wikingowie rzeczywi\u015bcie nazywali si\u0119 Wikingami?<\/h2>\n\n\n\n<p>S\u0142owo Wiking wyst\u0119puje w wielu \u017ar\u00f3d\u0142ach historycznych. Odnaleziono je w starych ksi\u0119gach anglosaskich oraz na nordyckich kamieniach runicznych. Tyle \u017ce s\u0142owo Wiking istnia\u0142o ju\u017c podczas epoki Wiking\u00f3w. Wed\u0142ug ksi\u0105\u017cki \u201cVinkler p\u00e5 vikingetiden\u201d s\u0142owo Wiking odnosi si\u0119 do ludzi z regionu Viken w Szwecji. Ci Wikingowie, kt\u00f3rych mamy na my\u015bli dzisiaj wed\u0142ug historyk\u00f3w z Muzeum Narodowego w Kopenhadze, nazywani byli Normanami.<\/p>\n\n\n\n<hr class=\"wp-block-separator\"\/>\n\n\n\n<div style=\"height:82px\" aria-hidden=\"true\" class=\"wp-block-spacer\"><\/div>\n\n\n\n<div class=\"wp-block-group\"><div class=\"wp-block-group__inner-container is-layout-flow wp-block-group-is-layout-flow\">\n<div class=\"wp-block-columns is-layout-flex wp-container-core-columns-is-layout-1 wp-block-columns-is-layout-flex\">\n<div class=\"wp-block-column is-layout-flow wp-block-column-is-layout-flow\" style=\"flex-basis:66.66%\">\n<figure class=\"wp-block-image size-large\"><img decoding=\"async\" width=\"1024\" height=\"683\" data-src=\"https:\/\/www.wzdluzdrogi.pl\/wp-content\/uploads\/2022\/03\/steinar-engeland-SgyH_Ix9lNE-unsplash-1024x683.jpg\" alt=\"\" class=\"wp-image-2261 lazyload\" data-srcset=\"https:\/\/www.wzdluzdrogi.pl\/wp-content\/uploads\/2022\/03\/steinar-engeland-SgyH_Ix9lNE-unsplash-1024x683.jpg 1024w, https:\/\/www.wzdluzdrogi.pl\/wp-content\/uploads\/2022\/03\/steinar-engeland-SgyH_Ix9lNE-unsplash-300x200.jpg 300w, https:\/\/www.wzdluzdrogi.pl\/wp-content\/uploads\/2022\/03\/steinar-engeland-SgyH_Ix9lNE-unsplash-768x512.jpg 768w, https:\/\/www.wzdluzdrogi.pl\/wp-content\/uploads\/2022\/03\/steinar-engeland-SgyH_Ix9lNE-unsplash-1536x1024.jpg 1536w, https:\/\/www.wzdluzdrogi.pl\/wp-content\/uploads\/2022\/03\/steinar-engeland-SgyH_Ix9lNE-unsplash-2048x1365.jpg 2048w, https:\/\/www.wzdluzdrogi.pl\/wp-content\/uploads\/2022\/03\/steinar-engeland-SgyH_Ix9lNE-unsplash-90x60.jpg 90w, https:\/\/www.wzdluzdrogi.pl\/wp-content\/uploads\/2022\/03\/steinar-engeland-SgyH_Ix9lNE-unsplash-scaled.jpg 1600w\" data-sizes=\"(max-width: 1024px) 100vw, 1024px\" src=\"data:image\/svg+xml;base64,PHN2ZyB3aWR0aD0iMSIgaGVpZ2h0PSIxIiB4bWxucz0iaHR0cDovL3d3dy53My5vcmcvMjAwMC9zdmciPjwvc3ZnPg==\" style=\"--smush-placeholder-width: 1024px; --smush-placeholder-aspect-ratio: 1024\/683;\" \/><\/figure>\n<\/div>\n\n\n\n<div class=\"wp-block-column is-vertically-aligned-center is-layout-flow wp-block-column-is-layout-flow\" style=\"flex-basis:33.33%\">\n<h2 class=\"wp-block-heading\"><a href=\"https:\/\/www.wzdluzdrogi.pl\/index.php\/2022\/04\/08\/jakim-jezykiem-mowili-wikingowie\/\">CZY WIKINGOWIE ZROZUMIELIBY SI\u0118 Z DZISIEJSZYMI DU\u0143CZYKAMI?<\/a><\/h2>\n<\/div>\n<\/div>\n<\/div><\/div>\n\n\n\n<div style=\"height:64px\" aria-hidden=\"true\" class=\"wp-block-spacer\"><\/div>\n\n\n\n<h3 class=\"has-text-align-center wp-block-heading\">Zobacz nas r\u00f3wnie\u017c tutaj<\/h3>\n\n\n\n<ul class=\"wp-block-social-links aligncenter is-layout-flex wp-block-social-links-is-layout-flex\"><li class=\"wp-social-link wp-social-link-instagram  wp-block-social-link\"><a href=\"https:\/\/www.instagram.com\/wzdluz_drogi\/?hl=pl\" class=\"wp-block-social-link-anchor\"><svg width=\"24\" height=\"24\" viewBox=\"0 0 24 24\" version=\"1.1\" xmlns=\"http:\/\/www.w3.org\/2000\/svg\" aria-hidden=\"true\" focusable=\"false\"><path d=\"M12,4.622c2.403,0,2.688,0.009,3.637,0.052c0.877,0.04,1.354,0.187,1.671,0.31c0.42,0.163,0.72,0.358,1.035,0.673 c0.315,0.315,0.51,0.615,0.673,1.035c0.123,0.317,0.27,0.794,0.31,1.671c0.043,0.949,0.052,1.234,0.052,3.637 s-0.009,2.688-0.052,3.637c-0.04,0.877-0.187,1.354-0.31,1.671c-0.163,0.42-0.358,0.72-0.673,1.035 c-0.315,0.315-0.615,0.51-1.035,0.673c-0.317,0.123-0.794,0.27-1.671,0.31c-0.949,0.043-1.233,0.052-3.637,0.052 s-2.688-0.009-3.637-0.052c-0.877-0.04-1.354-0.187-1.671-0.31c-0.42-0.163-0.72-0.358-1.035-0.673 c-0.315-0.315-0.51-0.615-0.673-1.035c-0.123-0.317-0.27-0.794-0.31-1.671C4.631,14.688,4.622,14.403,4.622,12 s0.009-2.688,0.052-3.637c0.04-0.877,0.187-1.354,0.31-1.671c0.163-0.42,0.358-0.72,0.673-1.035 c0.315-0.315,0.615-0.51,1.035-0.673c0.317-0.123,0.794-0.27,1.671-0.31C9.312,4.631,9.597,4.622,12,4.622 M12,3 C9.556,3,9.249,3.01,8.289,3.054C7.331,3.098,6.677,3.25,6.105,3.472C5.513,3.702,5.011,4.01,4.511,4.511 c-0.5,0.5-0.808,1.002-1.038,1.594C3.25,6.677,3.098,7.331,3.054,8.289C3.01,9.249,3,9.556,3,12c0,2.444,0.01,2.751,0.054,3.711 c0.044,0.958,0.196,1.612,0.418,2.185c0.23,0.592,0.538,1.094,1.038,1.594c0.5,0.5,1.002,0.808,1.594,1.038 c0.572,0.222,1.227,0.375,2.185,0.418C9.249,20.99,9.556,21,12,21s2.751-0.01,3.711-0.054c0.958-0.044,1.612-0.196,2.185-0.418 c0.592-0.23,1.094-0.538,1.594-1.038c0.5-0.5,0.808-1.002,1.038-1.594c0.222-0.572,0.375-1.227,0.418-2.185 C20.99,14.751,21,14.444,21,12s-0.01-2.751-0.054-3.711c-0.044-0.958-0.196-1.612-0.418-2.185c-0.23-0.592-0.538-1.094-1.038-1.594 c-0.5-0.5-1.002-0.808-1.594-1.038c-0.572-0.222-1.227-0.375-2.185-0.418C14.751,3.01,14.444,3,12,3L12,3z M12,7.378 c-2.552,0-4.622,2.069-4.622,4.622S9.448,16.622,12,16.622s4.622-2.069,4.622-4.622S14.552,7.378,12,7.378z M12,15 c-1.657,0-3-1.343-3-3s1.343-3,3-3s3,1.343,3,3S13.657,15,12,15z M16.804,6.116c-0.596,0-1.08,0.484-1.08,1.08 s0.484,1.08,1.08,1.08c0.596,0,1.08-0.484,1.08-1.08S17.401,6.116,16.804,6.116z\"><\/path><\/svg><span class=\"wp-block-social-link-label screen-reader-text\">Instagram<\/span><\/a><\/li>\n\n<li class=\"wp-social-link wp-social-link-facebook  wp-block-social-link\"><a href=\"https:\/\/www.facebook.com\/wzdluzdrogi\" class=\"wp-block-social-link-anchor\"><svg width=\"24\" height=\"24\" viewBox=\"0 0 24 24\" version=\"1.1\" xmlns=\"http:\/\/www.w3.org\/2000\/svg\" aria-hidden=\"true\" focusable=\"false\"><path d=\"M12 2C6.5 2 2 6.5 2 12c0 5 3.7 9.1 8.4 9.9v-7H7.9V12h2.5V9.8c0-2.5 1.5-3.9 3.8-3.9 1.1 0 2.2.2 2.2.2v2.5h-1.3c-1.2 0-1.6.8-1.6 1.6V12h2.8l-.4 2.9h-2.3v7C18.3 21.1 22 17 22 12c0-5.5-4.5-10-10-10z\"><\/path><\/svg><span class=\"wp-block-social-link-label screen-reader-text\">Facebook<\/span><\/a><\/li>\n\n<li class=\"wp-social-link wp-social-link-youtube  wp-block-social-link\"><a href=\"https:\/\/www.youtube.com\/channel\/UCW7xjbHjmE0P5_HMEhlFR5w\" class=\"wp-block-social-link-anchor\"><svg width=\"24\" height=\"24\" viewBox=\"0 0 24 24\" version=\"1.1\" xmlns=\"http:\/\/www.w3.org\/2000\/svg\" aria-hidden=\"true\" focusable=\"false\"><path d=\"M21.8,8.001c0,0-0.195-1.378-0.795-1.985c-0.76-0.797-1.613-0.801-2.004-0.847c-2.799-0.202-6.997-0.202-6.997-0.202 h-0.009c0,0-4.198,0-6.997,0.202C4.608,5.216,3.756,5.22,2.995,6.016C2.395,6.623,2.2,8.001,2.2,8.001S2,9.62,2,11.238v1.517 c0,1.618,0.2,3.237,0.2,3.237s0.195,1.378,0.795,1.985c0.761,0.797,1.76,0.771,2.205,0.855c1.6,0.153,6.8,0.201,6.8,0.201 s4.203-0.006,7.001-0.209c0.391-0.047,1.243-0.051,2.004-0.847c0.6-0.607,0.795-1.985,0.795-1.985s0.2-1.618,0.2-3.237v-1.517 C22,9.62,21.8,8.001,21.8,8.001z M9.935,14.594l-0.001-5.62l5.404,2.82L9.935,14.594z\"><\/path><\/svg><span class=\"wp-block-social-link-label screen-reader-text\">YouTube<\/span><\/a><\/li><\/ul>\n","protected":false},"excerpt":{"rendered":"<p>Wikingowie. Na terenie jakich kraj\u00f3w \u017cyli? Kiedy dok\u0142adnie zacz\u0119\u0142a si\u0119 ich era? Rok 800 to mniej wi\u0119cej pocz\u0105tek epoki Wiking\u00f3w. Najcz\u0119\u015bciej m\u00f3wi si\u0119, \u017ce era ta trwa\u0142a do oko\u0142o 1050 roku. Okres ten to wa\u017cny punkt zwrotny w historii ca\u0142ej Skandynawii. Zostaje wprowadzona wiara chrze\u015bcija\u0144ska, w\u0142adza w Skandynawii zostaje scentralizowana, rozwija si\u0119 gospodarka rynkowa, a &hellip; <\/p>\n","protected":false},"author":1,"featured_media":2318,"comment_status":"open","ping_status":"closed","sticky":false,"template":"","format":"standard","meta":{"_monsterinsights_skip_tracking":false,"_monsterinsights_sitenote_active":false,"_monsterinsights_sitenote_note":"","_monsterinsights_sitenote_category":0,"footnotes":""},"categories":[69,26,40,103,55,39],"tags":[85],"class_list":["post-2308","post","type-post","status-publish","format-standard","has-post-thumbnail","hentry","category-dania","category-podroze","category-polnocna-jutlandia","category-slow-travel","category-srodkowa-jutlandia","category-szwecja","tag-wikingowi"],"yoast_head":"<!-- This site is optimized with the Yoast SEO plugin v26.5 - https:\/\/yoast.com\/wordpress\/plugins\/seo\/ -->\n<title>DU\u0143SCY WIKINGOWIE. KIEDY I GDZIE \u017bYLI? - Wzd\u0142u\u017c Drogi<\/title>\n<meta name=\"description\" content=\"Wikingowie, kiedy zacz\u0119\u0142a si\u0119 ich epoka? Gdzie \u017cyli Wikingowie i czy na pewno \u017cyli tylko na terenach Norwegii?\" \/>\n<meta name=\"robots\" content=\"index, follow, max-snippet:-1, max-image-preview:large, max-video-preview:-1\" \/>\n<link rel=\"canonical\" href=\"https:\/\/www.wzdluzdrogi.pl\/index.php\/2022\/04\/28\/wikingowie-kiedy-i-gdzie-zyli\/\" \/>\n<meta property=\"og:locale\" content=\"pl_PL\" \/>\n<meta property=\"og:type\" content=\"article\" \/>\n<meta property=\"og:title\" content=\"DU\u0143SCY WIKINGOWIE. KIEDY I GDZIE \u017bYLI? - Wzd\u0142u\u017c Drogi\" \/>\n<meta property=\"og:description\" content=\"Wikingowie, kiedy zacz\u0119\u0142a si\u0119 ich epoka? Gdzie \u017cyli Wikingowie i czy na pewno \u017cyli tylko na terenach Norwegii?\" \/>\n<meta property=\"og:url\" content=\"https:\/\/www.wzdluzdrogi.pl\/index.php\/2022\/04\/28\/wikingowie-kiedy-i-gdzie-zyli\/\" \/>\n<meta property=\"og:site_name\" content=\"Wzd\u0142u\u017c Drogi\" \/>\n<meta property=\"article:published_time\" content=\"2022-04-28T13:41:41+00:00\" \/>\n<meta property=\"article:modified_time\" content=\"2025-04-09T13:38:43+00:00\" \/>\n<meta property=\"og:image\" content=\"https:\/\/www.wzdluzdrogi.pl\/wp-content\/uploads\/2022\/04\/elise-mahutte-XC_11jQHMKE-unsplash-scaled.jpg\" \/>\n\t<meta property=\"og:image:width\" content=\"1600\" \/>\n\t<meta property=\"og:image:height\" content=\"999\" \/>\n\t<meta property=\"og:image:type\" content=\"image\/jpeg\" \/>\n<meta name=\"author\" content=\"Wzdluzdrogi\" \/>\n<meta name=\"twitter:card\" content=\"summary_large_image\" \/>\n<meta name=\"twitter:label1\" content=\"Napisane przez\" \/>\n\t<meta name=\"twitter:data1\" content=\"Wzdluzdrogi\" \/>\n\t<meta name=\"twitter:label2\" content=\"Szacowany czas czytania\" \/>\n\t<meta name=\"twitter:data2\" content=\"3 minuty\" \/>\n<script type=\"application\/ld+json\" class=\"yoast-schema-graph\">{\"@context\":\"https:\/\/schema.org\",\"@graph\":[{\"@type\":\"WebPage\",\"@id\":\"https:\/\/www.wzdluzdrogi.pl\/index.php\/2022\/04\/28\/wikingowie-kiedy-i-gdzie-zyli\/\",\"url\":\"https:\/\/www.wzdluzdrogi.pl\/index.php\/2022\/04\/28\/wikingowie-kiedy-i-gdzie-zyli\/\",\"name\":\"DU\u0143SCY WIKINGOWIE. KIEDY I GDZIE \u017bYLI? - Wzd\u0142u\u017c Drogi\",\"isPartOf\":{\"@id\":\"https:\/\/www.wzdluzdrogi.pl\/#website\"},\"primaryImageOfPage\":{\"@id\":\"https:\/\/www.wzdluzdrogi.pl\/index.php\/2022\/04\/28\/wikingowie-kiedy-i-gdzie-zyli\/#primaryimage\"},\"image\":{\"@id\":\"https:\/\/www.wzdluzdrogi.pl\/index.php\/2022\/04\/28\/wikingowie-kiedy-i-gdzie-zyli\/#primaryimage\"},\"thumbnailUrl\":\"https:\/\/www.wzdluzdrogi.pl\/wp-content\/uploads\/2022\/04\/elise-mahutte-XC_11jQHMKE-unsplash-scaled.jpg\",\"datePublished\":\"2022-04-28T13:41:41+00:00\",\"dateModified\":\"2025-04-09T13:38:43+00:00\",\"author\":{\"@id\":\"https:\/\/www.wzdluzdrogi.pl\/#\/schema\/person\/74e57cccc529edf05c11ceaff979bf00\"},\"description\":\"Wikingowie, kiedy zacz\u0119\u0142a si\u0119 ich epoka? Gdzie \u017cyli Wikingowie i czy na pewno \u017cyli tylko na terenach Norwegii?\",\"breadcrumb\":{\"@id\":\"https:\/\/www.wzdluzdrogi.pl\/index.php\/2022\/04\/28\/wikingowie-kiedy-i-gdzie-zyli\/#breadcrumb\"},\"inLanguage\":\"pl-PL\",\"potentialAction\":[{\"@type\":\"ReadAction\",\"target\":[\"https:\/\/www.wzdluzdrogi.pl\/index.php\/2022\/04\/28\/wikingowie-kiedy-i-gdzie-zyli\/\"]}]},{\"@type\":\"ImageObject\",\"inLanguage\":\"pl-PL\",\"@id\":\"https:\/\/www.wzdluzdrogi.pl\/index.php\/2022\/04\/28\/wikingowie-kiedy-i-gdzie-zyli\/#primaryimage\",\"url\":\"https:\/\/www.wzdluzdrogi.pl\/wp-content\/uploads\/2022\/04\/elise-mahutte-XC_11jQHMKE-unsplash-scaled.jpg\",\"contentUrl\":\"https:\/\/www.wzdluzdrogi.pl\/wp-content\/uploads\/2022\/04\/elise-mahutte-XC_11jQHMKE-unsplash-scaled.jpg\",\"width\":1600,\"height\":999},{\"@type\":\"BreadcrumbList\",\"@id\":\"https:\/\/www.wzdluzdrogi.pl\/index.php\/2022\/04\/28\/wikingowie-kiedy-i-gdzie-zyli\/#breadcrumb\",\"itemListElement\":[{\"@type\":\"ListItem\",\"position\":1,\"name\":\"Strona g\u0142\u00f3wna\",\"item\":\"https:\/\/www.wzdluzdrogi.pl\/\"},{\"@type\":\"ListItem\",\"position\":2,\"name\":\"DU\u0143SCY WIKINGOWIE. KIEDY I GDZIE \u017bYLI?\"}]},{\"@type\":\"WebSite\",\"@id\":\"https:\/\/www.wzdluzdrogi.pl\/#website\",\"url\":\"https:\/\/www.wzdluzdrogi.pl\/\",\"name\":\"Wzd\u0142u\u017c Drogi\",\"description\":\"Podr\u00f3\u017ce w rytmie slow\",\"potentialAction\":[{\"@type\":\"SearchAction\",\"target\":{\"@type\":\"EntryPoint\",\"urlTemplate\":\"https:\/\/www.wzdluzdrogi.pl\/?s={search_term_string}\"},\"query-input\":{\"@type\":\"PropertyValueSpecification\",\"valueRequired\":true,\"valueName\":\"search_term_string\"}}],\"inLanguage\":\"pl-PL\"},{\"@type\":\"Person\",\"@id\":\"https:\/\/www.wzdluzdrogi.pl\/#\/schema\/person\/74e57cccc529edf05c11ceaff979bf00\",\"name\":\"Wzdluzdrogi\",\"image\":{\"@type\":\"ImageObject\",\"inLanguage\":\"pl-PL\",\"@id\":\"https:\/\/www.wzdluzdrogi.pl\/#\/schema\/person\/image\/\",\"url\":\"https:\/\/secure.gravatar.com\/avatar\/5338c7b0ffcf3c9b5c99db5ffd459d84?s=96&d=mm&r=g\",\"contentUrl\":\"https:\/\/secure.gravatar.com\/avatar\/5338c7b0ffcf3c9b5c99db5ffd459d84?s=96&d=mm&r=g\",\"caption\":\"Wzdluzdrogi\"},\"sameAs\":[\"http:\/\/www.wzdluzdrogi.pl\"],\"url\":\"https:\/\/www.wzdluzdrogi.pl\/index.php\/author\/wzdluzdrogi\/\"}]}<\/script>\n<!-- \/ Yoast SEO plugin. -->","yoast_head_json":{"title":"DU\u0143SCY WIKINGOWIE. KIEDY I GDZIE \u017bYLI? - Wzd\u0142u\u017c Drogi","description":"Wikingowie, kiedy zacz\u0119\u0142a si\u0119 ich epoka? Gdzie \u017cyli Wikingowie i czy na pewno \u017cyli tylko na terenach Norwegii?","robots":{"index":"index","follow":"follow","max-snippet":"max-snippet:-1","max-image-preview":"max-image-preview:large","max-video-preview":"max-video-preview:-1"},"canonical":"https:\/\/www.wzdluzdrogi.pl\/index.php\/2022\/04\/28\/wikingowie-kiedy-i-gdzie-zyli\/","og_locale":"pl_PL","og_type":"article","og_title":"DU\u0143SCY WIKINGOWIE. KIEDY I GDZIE \u017bYLI? - Wzd\u0142u\u017c Drogi","og_description":"Wikingowie, kiedy zacz\u0119\u0142a si\u0119 ich epoka? Gdzie \u017cyli Wikingowie i czy na pewno \u017cyli tylko na terenach Norwegii?","og_url":"https:\/\/www.wzdluzdrogi.pl\/index.php\/2022\/04\/28\/wikingowie-kiedy-i-gdzie-zyli\/","og_site_name":"Wzd\u0142u\u017c Drogi","article_published_time":"2022-04-28T13:41:41+00:00","article_modified_time":"2025-04-09T13:38:43+00:00","og_image":[{"width":1600,"height":999,"url":"https:\/\/www.wzdluzdrogi.pl\/wp-content\/uploads\/2022\/04\/elise-mahutte-XC_11jQHMKE-unsplash-scaled.jpg","type":"image\/jpeg"}],"author":"Wzdluzdrogi","twitter_card":"summary_large_image","twitter_misc":{"Napisane przez":"Wzdluzdrogi","Szacowany czas czytania":"3 minuty"},"schema":{"@context":"https:\/\/schema.org","@graph":[{"@type":"WebPage","@id":"https:\/\/www.wzdluzdrogi.pl\/index.php\/2022\/04\/28\/wikingowie-kiedy-i-gdzie-zyli\/","url":"https:\/\/www.wzdluzdrogi.pl\/index.php\/2022\/04\/28\/wikingowie-kiedy-i-gdzie-zyli\/","name":"DU\u0143SCY WIKINGOWIE. KIEDY I GDZIE \u017bYLI? - Wzd\u0142u\u017c Drogi","isPartOf":{"@id":"https:\/\/www.wzdluzdrogi.pl\/#website"},"primaryImageOfPage":{"@id":"https:\/\/www.wzdluzdrogi.pl\/index.php\/2022\/04\/28\/wikingowie-kiedy-i-gdzie-zyli\/#primaryimage"},"image":{"@id":"https:\/\/www.wzdluzdrogi.pl\/index.php\/2022\/04\/28\/wikingowie-kiedy-i-gdzie-zyli\/#primaryimage"},"thumbnailUrl":"https:\/\/www.wzdluzdrogi.pl\/wp-content\/uploads\/2022\/04\/elise-mahutte-XC_11jQHMKE-unsplash-scaled.jpg","datePublished":"2022-04-28T13:41:41+00:00","dateModified":"2025-04-09T13:38:43+00:00","author":{"@id":"https:\/\/www.wzdluzdrogi.pl\/#\/schema\/person\/74e57cccc529edf05c11ceaff979bf00"},"description":"Wikingowie, kiedy zacz\u0119\u0142a si\u0119 ich epoka? Gdzie \u017cyli Wikingowie i czy na pewno \u017cyli tylko na terenach Norwegii?","breadcrumb":{"@id":"https:\/\/www.wzdluzdrogi.pl\/index.php\/2022\/04\/28\/wikingowie-kiedy-i-gdzie-zyli\/#breadcrumb"},"inLanguage":"pl-PL","potentialAction":[{"@type":"ReadAction","target":["https:\/\/www.wzdluzdrogi.pl\/index.php\/2022\/04\/28\/wikingowie-kiedy-i-gdzie-zyli\/"]}]},{"@type":"ImageObject","inLanguage":"pl-PL","@id":"https:\/\/www.wzdluzdrogi.pl\/index.php\/2022\/04\/28\/wikingowie-kiedy-i-gdzie-zyli\/#primaryimage","url":"https:\/\/www.wzdluzdrogi.pl\/wp-content\/uploads\/2022\/04\/elise-mahutte-XC_11jQHMKE-unsplash-scaled.jpg","contentUrl":"https:\/\/www.wzdluzdrogi.pl\/wp-content\/uploads\/2022\/04\/elise-mahutte-XC_11jQHMKE-unsplash-scaled.jpg","width":1600,"height":999},{"@type":"BreadcrumbList","@id":"https:\/\/www.wzdluzdrogi.pl\/index.php\/2022\/04\/28\/wikingowie-kiedy-i-gdzie-zyli\/#breadcrumb","itemListElement":[{"@type":"ListItem","position":1,"name":"Strona g\u0142\u00f3wna","item":"https:\/\/www.wzdluzdrogi.pl\/"},{"@type":"ListItem","position":2,"name":"DU\u0143SCY WIKINGOWIE. KIEDY I GDZIE \u017bYLI?"}]},{"@type":"WebSite","@id":"https:\/\/www.wzdluzdrogi.pl\/#website","url":"https:\/\/www.wzdluzdrogi.pl\/","name":"Wzd\u0142u\u017c Drogi","description":"Podr\u00f3\u017ce w rytmie slow","potentialAction":[{"@type":"SearchAction","target":{"@type":"EntryPoint","urlTemplate":"https:\/\/www.wzdluzdrogi.pl\/?s={search_term_string}"},"query-input":{"@type":"PropertyValueSpecification","valueRequired":true,"valueName":"search_term_string"}}],"inLanguage":"pl-PL"},{"@type":"Person","@id":"https:\/\/www.wzdluzdrogi.pl\/#\/schema\/person\/74e57cccc529edf05c11ceaff979bf00","name":"Wzdluzdrogi","image":{"@type":"ImageObject","inLanguage":"pl-PL","@id":"https:\/\/www.wzdluzdrogi.pl\/#\/schema\/person\/image\/","url":"https:\/\/secure.gravatar.com\/avatar\/5338c7b0ffcf3c9b5c99db5ffd459d84?s=96&d=mm&r=g","contentUrl":"https:\/\/secure.gravatar.com\/avatar\/5338c7b0ffcf3c9b5c99db5ffd459d84?s=96&d=mm&r=g","caption":"Wzdluzdrogi"},"sameAs":["http:\/\/www.wzdluzdrogi.pl"],"url":"https:\/\/www.wzdluzdrogi.pl\/index.php\/author\/wzdluzdrogi\/"}]}},"_links":{"self":[{"href":"https:\/\/www.wzdluzdrogi.pl\/index.php\/wp-json\/wp\/v2\/posts\/2308","targetHints":{"allow":["GET"]}}],"collection":[{"href":"https:\/\/www.wzdluzdrogi.pl\/index.php\/wp-json\/wp\/v2\/posts"}],"about":[{"href":"https:\/\/www.wzdluzdrogi.pl\/index.php\/wp-json\/wp\/v2\/types\/post"}],"author":[{"embeddable":true,"href":"https:\/\/www.wzdluzdrogi.pl\/index.php\/wp-json\/wp\/v2\/users\/1"}],"replies":[{"embeddable":true,"href":"https:\/\/www.wzdluzdrogi.pl\/index.php\/wp-json\/wp\/v2\/comments?post=2308"}],"version-history":[{"count":19,"href":"https:\/\/www.wzdluzdrogi.pl\/index.php\/wp-json\/wp\/v2\/posts\/2308\/revisions"}],"predecessor-version":[{"id":2328,"href":"https:\/\/www.wzdluzdrogi.pl\/index.php\/wp-json\/wp\/v2\/posts\/2308\/revisions\/2328"}],"wp:featuredmedia":[{"embeddable":true,"href":"https:\/\/www.wzdluzdrogi.pl\/index.php\/wp-json\/wp\/v2\/media\/2318"}],"wp:attachment":[{"href":"https:\/\/www.wzdluzdrogi.pl\/index.php\/wp-json\/wp\/v2\/media?parent=2308"}],"wp:term":[{"taxonomy":"category","embeddable":true,"href":"https:\/\/www.wzdluzdrogi.pl\/index.php\/wp-json\/wp\/v2\/categories?post=2308"},{"taxonomy":"post_tag","embeddable":true,"href":"https:\/\/www.wzdluzdrogi.pl\/index.php\/wp-json\/wp\/v2\/tags?post=2308"}],"curies":[{"name":"wp","href":"https:\/\/api.w.org\/{rel}","templated":true}]}}