{"id":2503,"date":"2022-08-23T11:19:30","date_gmt":"2022-08-23T09:19:30","guid":{"rendered":"https:\/\/www.wzdluzdrogi.pl\/?p=2503"},"modified":"2025-08-19T09:20:52","modified_gmt":"2025-08-19T07:20:52","slug":"gdzie-jechac-na-cieple-wakacje-w-listopadzie","status":"publish","type":"post","link":"https:\/\/www.wzdluzdrogi.pl\/index.php\/2022\/08\/23\/gdzie-jechac-na-cieple-wakacje-w-listopadzie\/","title":{"rendered":"Gdzie jecha\u0107 na ciep\u0142e wakacje w listopadzie?"},"content":{"rendered":"\n<p>Listopad w Polsce i w p\u00f3\u0142nocnej Europie oznacza kr\u00f3tsze dni i pierwsze przymrozki. Nic dziwnego, \u017ce wiele os\u00f3b w\u0142a\u015bnie wtedy zastanawia si\u0119: gdzie lecie\u0107 w listopadzie, \u017ceby by\u0142o ciep\u0142o? My sami uwielbiamy ucieka\u0107 w tym czasie przed szaro\u015bci\u0105 \u2013 cho\u0107by na kilka dni \u2013 i przypomnie\u0107 sobie, jak wygl\u0105da prawdziwe s\u0142o\u0144ce. No bo jednak w Danii, w kt\u00f3rej mieszkamy jest tego s\u0142o\u0144ca jeszcze mniej. \ud83d\ude0a<br><br><\/p>\n\n\n\n<h2 class=\"wp-block-heading\">Gdzie jest ciep\u0142o w listopadzie? <\/h2>\n\n\n\n<p>Podr\u00f3\u017cowanie jesieni\u0105 ma ogromny plus: bilety lotnicze s\u0105 znacznie ta\u0144sze ni\u017c w sezonie, a na miejscu czeka mniej turyst\u00f3w i bardziej przyst\u0119pne ceny w restauracjach czy hotelach. To tak\u017ce \u015bwietny czas na aktywne zwiedzanie. Spacery i trekkingi s\u0105 o wiele przyjemniejsze bez letnich upa\u0142\u00f3w<\/p>\n\n\n\n<p>Je\u015bli wi\u0119c zastanawiasz si\u0119,  gdzie warto wybra\u0107 si\u0119 na kr\u00f3tki wypad w listopadzie, mamy dla Ciebie list\u0119 miejsc, w kt\u00f3rych s\u0142o\u0144ce i ciep\u0142o wci\u0105\u017c dopisuj\u0105.\ud83d\ude0a<\/p>\n\n\n\n<div style=\"height:42px\" aria-hidden=\"true\" class=\"wp-block-spacer\"><\/div>\n\n\n\n<figure class=\"wp-block-image size-large is-style-default\"><img fetchpriority=\"high\" decoding=\"async\" width=\"1024\" height=\"683\" src=\"https:\/\/www.wzdluzdrogi.pl\/wp-content\/uploads\/2022\/08\/maria-lupan-OkuM6V9m9l0-unsplash-1024x683.jpg\" alt=\"teneryfa w listopadzie\" class=\"wp-image-2507\" srcset=\"https:\/\/www.wzdluzdrogi.pl\/wp-content\/uploads\/2022\/08\/maria-lupan-OkuM6V9m9l0-unsplash-1024x683.jpg 1024w, https:\/\/www.wzdluzdrogi.pl\/wp-content\/uploads\/2022\/08\/maria-lupan-OkuM6V9m9l0-unsplash-300x200.jpg 300w, https:\/\/www.wzdluzdrogi.pl\/wp-content\/uploads\/2022\/08\/maria-lupan-OkuM6V9m9l0-unsplash-768x512.jpg 768w, https:\/\/www.wzdluzdrogi.pl\/wp-content\/uploads\/2022\/08\/maria-lupan-OkuM6V9m9l0-unsplash-1536x1024.jpg 1536w, https:\/\/www.wzdluzdrogi.pl\/wp-content\/uploads\/2022\/08\/maria-lupan-OkuM6V9m9l0-unsplash-2048x1365.jpg 2048w, https:\/\/www.wzdluzdrogi.pl\/wp-content\/uploads\/2022\/08\/maria-lupan-OkuM6V9m9l0-unsplash-90x60.jpg 90w, https:\/\/www.wzdluzdrogi.pl\/wp-content\/uploads\/2022\/08\/maria-lupan-OkuM6V9m9l0-unsplash-scaled.jpg 1600w\" sizes=\"(max-width: 1024px) 100vw, 1024px\" \/><\/figure>\n\n\n\n<h3 class=\"wp-block-heading\">Teneryfa w listopadzie <\/h3>\n\n\n\n<p><br>Wyspy Kanaryjskie od lat ciesz\u0105 si\u0119 popularno\u015bci\u0105 w\u015br\u00f3d podr\u00f3\u017cnik\u00f3w, a Teneryfa jest numerem jeden. Tury\u015bci ceni\u0105 j\u0105 sobie nie tylko ze wzgl\u0119du na pla\u017ce i przepi\u0119kn\u0105 pogod\u0119, kt\u00f3ra utrzymuje si\u0119 tam przez wi\u0119kszo\u015b\u0107 roku, ale tak\u017ce za niespotykany ksi\u0119\u017cycowy krajobraz, a tak\u017ce architektur\u0119 kolonialn\u0105, kt\u00f3r\u0105 znale\u017a\u0107 mo\u017cna w miastach La Orotava i La Laguna.<\/p>\n\n\n\n<p>\u015arednia temperatura na Teneryfie w listopadzie to 24 stopnie Celsjusza w dzie\u0144 oraz 19 stopni w nocy.&nbsp;<\/p>\n\n\n\n<p><strong>Co warto zobaczy\u0107 na Teneryfie i co tam robi\u0107?<\/strong><\/p>\n\n\n\n<ul class=\"wp-block-list\">\n<li>wybra\u0107 si\u0119 na trekking na wulkan Teide<\/li>\n\n\n\n<li>park wodny Siam Park<\/li>\n\n\n\n<li>pla\u017c\u0119 Playa de las Teresitas<\/li>\n<\/ul>\n\n\n\n<div style=\"height:42px\" aria-hidden=\"true\" class=\"wp-block-spacer\"><\/div>\n\n\n\n<figure class=\"wp-block-image size-large is-style-default\"><img decoding=\"async\" width=\"1024\" height=\"575\" data-src=\"https:\/\/www.wzdluzdrogi.pl\/wp-content\/uploads\/2022\/08\/karl-paul-baldacchino-t9IQmyDrwdc-unsplash-1024x575.jpg\" alt=\"malta w listopadzie, gdzie jecha\u0107 na ciep\u0142e wakacje w listopadzie\" class=\"wp-image-2506 lazyload\" data-srcset=\"https:\/\/www.wzdluzdrogi.pl\/wp-content\/uploads\/2022\/08\/karl-paul-baldacchino-t9IQmyDrwdc-unsplash-1024x575.jpg 1024w, https:\/\/www.wzdluzdrogi.pl\/wp-content\/uploads\/2022\/08\/karl-paul-baldacchino-t9IQmyDrwdc-unsplash-300x169.jpg 300w, https:\/\/www.wzdluzdrogi.pl\/wp-content\/uploads\/2022\/08\/karl-paul-baldacchino-t9IQmyDrwdc-unsplash-768x432.jpg 768w, https:\/\/www.wzdluzdrogi.pl\/wp-content\/uploads\/2022\/08\/karl-paul-baldacchino-t9IQmyDrwdc-unsplash-1536x863.jpg 1536w, https:\/\/www.wzdluzdrogi.pl\/wp-content\/uploads\/2022\/08\/karl-paul-baldacchino-t9IQmyDrwdc-unsplash-2048x1151.jpg 2048w, https:\/\/www.wzdluzdrogi.pl\/wp-content\/uploads\/2022\/08\/karl-paul-baldacchino-t9IQmyDrwdc-unsplash-107x60.jpg 107w, https:\/\/www.wzdluzdrogi.pl\/wp-content\/uploads\/2022\/08\/karl-paul-baldacchino-t9IQmyDrwdc-unsplash-scaled.jpg 1600w\" data-sizes=\"(max-width: 1024px) 100vw, 1024px\" src=\"data:image\/svg+xml;base64,PHN2ZyB3aWR0aD0iMSIgaGVpZ2h0PSIxIiB4bWxucz0iaHR0cDovL3d3dy53My5vcmcvMjAwMC9zdmciPjwvc3ZnPg==\" style=\"--smush-placeholder-width: 1024px; --smush-placeholder-aspect-ratio: 1024\/575;\" \/><\/figure>\n\n\n\n<h3 class=\"wp-block-heading\">Malta w listopadzie <\/h3>\n\n\n\n<p><br>Na Malcie byli\u015bmy jesieni\u0105 i musimy przyzna\u0107, \u017ce to \u015bwietny kierunek w\u0142a\u015bnie na t\u0119 por\u0119 roku. Listopad to nadal oko\u0142o 20\u00b0C. Najwi\u0119kszy plus? Brak t\u0142um\u00f3w. Minus &#8211; wiatr. Malta charakteryzuje si\u0119 d\u0142ugim i ciep\u0142ym latem i \u0142agodnymi, lecz wietrznymi zimami. Czyni j\u0105 to tym samym jednym z niewielu miejsc w Europie z najlepsz\u0105 pogod\u0105 w listopadzie. Temperatura zwykle zaczyna spada\u0107 od po\u0142owy miesi\u0105ca, a niekt\u00f3re dni mog\u0105 by\u0107 dosy\u0107 deszczowe. Nie ma si\u0119 czym jednak martwi\u0107, bo po deszczu zawsze wychodzi ciep\u0142e s\u0142o\u0144ce. \ud83d\ude0a<\/p>\n\n\n\n<p><\/p>\n\n\n\n<p><strong>Co warto zobaczy\u0107 na Malcie i czego warto spr\u00f3bowa\u0107?<\/strong><\/p>\n\n\n\n<ul class=\"wp-block-list\">\n<li>zobaczy\u0107 Gozo, siostrzan\u0105 wysp\u0119 Malty<\/li>\n\n\n\n<li>zwiedzi\u0107 Vallett\u0119, przepi\u0119kn\u0105 stolic\u0119 Malty<\/li>\n\n\n\n<li>sfotografowa\u0107 B\u0142\u0119kitn\u0105 Grot\u0119<\/li>\n\n\n\n<li>spr\u00f3bowa\u0107 lokalnego wina<\/li>\n\n\n\n<li>spr\u00f3bowa\u0107 tradycyjnych malta\u0144skich potraw<\/li>\n<\/ul>\n\n\n\n<div style=\"height:39px\" aria-hidden=\"true\" class=\"wp-block-spacer\"><\/div>\n\n\n\n<figure class=\"wp-block-image size-large is-style-default\"><img decoding=\"async\" width=\"1024\" height=\"569\" data-src=\"https:\/\/www.wzdluzdrogi.pl\/wp-content\/uploads\/2022\/08\/eddy-billard-42nzwGteFgI-unsplash-1024x569.jpg\" alt=\"Fuerteventura w listopadzie\" class=\"wp-image-2505 lazyload\" data-srcset=\"https:\/\/www.wzdluzdrogi.pl\/wp-content\/uploads\/2022\/08\/eddy-billard-42nzwGteFgI-unsplash-1024x569.jpg 1024w, https:\/\/www.wzdluzdrogi.pl\/wp-content\/uploads\/2022\/08\/eddy-billard-42nzwGteFgI-unsplash-300x167.jpg 300w, https:\/\/www.wzdluzdrogi.pl\/wp-content\/uploads\/2022\/08\/eddy-billard-42nzwGteFgI-unsplash-768x427.jpg 768w, https:\/\/www.wzdluzdrogi.pl\/wp-content\/uploads\/2022\/08\/eddy-billard-42nzwGteFgI-unsplash-1536x853.jpg 1536w, https:\/\/www.wzdluzdrogi.pl\/wp-content\/uploads\/2022\/08\/eddy-billard-42nzwGteFgI-unsplash-2048x1138.jpg 2048w, https:\/\/www.wzdluzdrogi.pl\/wp-content\/uploads\/2022\/08\/eddy-billard-42nzwGteFgI-unsplash-108x60.jpg 108w, https:\/\/www.wzdluzdrogi.pl\/wp-content\/uploads\/2022\/08\/eddy-billard-42nzwGteFgI-unsplash-scaled.jpg 1600w\" data-sizes=\"(max-width: 1024px) 100vw, 1024px\" src=\"data:image\/svg+xml;base64,PHN2ZyB3aWR0aD0iMSIgaGVpZ2h0PSIxIiB4bWxucz0iaHR0cDovL3d3dy53My5vcmcvMjAwMC9zdmciPjwvc3ZnPg==\" style=\"--smush-placeholder-width: 1024px; --smush-placeholder-aspect-ratio: 1024\/569;\" \/><\/figure>\n\n\n\n<h3 class=\"wp-block-heading\">Fuerteventura w listopadzie<\/h3>\n\n\n\n<p>Listopad to miesi\u0105c spokojniejszy na Fuerteventurze. Zaczynaj\u0105 wia\u0107 silniejsze wiatry, ale w ci\u0105gu dnia nadal mo\u017cna spodziewa\u0107 si\u0119 23-24 stopni Celsjusza. Nadal jest to dobra temperatura na pla\u017cowanie, a kiedy pogoda nie sprzyja, warto wybra\u0107 si\u0119 na zwiedzanie cudownej wyspy, jak\u0105 jest Fuerteventura. Upa\u0142 nie b\u0119dzie ju\u017c problemem, wi\u0119c mo\u017cna zaplanowa\u0107 d\u0142u\u017csze spacery.<\/p>\n\n\n\n<p><strong>Co warto zobaczy\u0107 na Fuerteventurze?<\/strong><\/p>\n\n\n\n<ul class=\"wp-block-list\">\n<li>festiwal latawc\u00f3w odbywaj\u0105cy si\u0119 w listopadzie<\/li>\n\n\n\n<li>Corralejo Natural Park<\/li>\n\n\n\n<li>zobaczy\u0107 El Cotillo i pi\u0119kne laguny<\/li>\n\n\n\n<li>pospacerowa\u0107 lub popla\u017cowa\u0107 na Cofete, prawdopodobnie najpi\u0119kniejszej pla\u017cy Fuertaventury<\/li>\n<\/ul>\n\n\n\n<div style=\"height:38px\" aria-hidden=\"true\" class=\"wp-block-spacer\"><\/div>\n\n\n\n<figure class=\"wp-block-image size-large is-style-default\"><img decoding=\"async\" width=\"1024\" height=\"683\" data-src=\"https:\/\/www.wzdluzdrogi.pl\/wp-content\/uploads\/2022\/08\/jan-tokarczyk-ddmxivBrpAQ-unsplash-1024x683.jpg\" alt=\"madera w listopadzie\" class=\"wp-image-2511 lazyload\" data-srcset=\"https:\/\/www.wzdluzdrogi.pl\/wp-content\/uploads\/2022\/08\/jan-tokarczyk-ddmxivBrpAQ-unsplash-1024x683.jpg 1024w, https:\/\/www.wzdluzdrogi.pl\/wp-content\/uploads\/2022\/08\/jan-tokarczyk-ddmxivBrpAQ-unsplash-300x200.jpg 300w, https:\/\/www.wzdluzdrogi.pl\/wp-content\/uploads\/2022\/08\/jan-tokarczyk-ddmxivBrpAQ-unsplash-768x512.jpg 768w, https:\/\/www.wzdluzdrogi.pl\/wp-content\/uploads\/2022\/08\/jan-tokarczyk-ddmxivBrpAQ-unsplash-1536x1024.jpg 1536w, https:\/\/www.wzdluzdrogi.pl\/wp-content\/uploads\/2022\/08\/jan-tokarczyk-ddmxivBrpAQ-unsplash-2048x1365.jpg 2048w, https:\/\/www.wzdluzdrogi.pl\/wp-content\/uploads\/2022\/08\/jan-tokarczyk-ddmxivBrpAQ-unsplash-90x60.jpg 90w, https:\/\/www.wzdluzdrogi.pl\/wp-content\/uploads\/2022\/08\/jan-tokarczyk-ddmxivBrpAQ-unsplash-scaled.jpg 1600w\" data-sizes=\"(max-width: 1024px) 100vw, 1024px\" src=\"data:image\/svg+xml;base64,PHN2ZyB3aWR0aD0iMSIgaGVpZ2h0PSIxIiB4bWxucz0iaHR0cDovL3d3dy53My5vcmcvMjAwMC9zdmciPjwvc3ZnPg==\" style=\"--smush-placeholder-width: 1024px; --smush-placeholder-aspect-ratio: 1024\/683;\" \/><\/figure>\n\n\n\n<h3 class=\"wp-block-heading\">Madera w listopadzie<\/h3>\n\n\n\n<p>Madera nazywana jest przez wielu europejskimi Hawajami. Tu r\u00f3wnie\u017c odnajdziesz bujn\u0105 zielon\u0105 ro\u015blinno\u015b\u0107 z pi\u0119knymi kwiatami i strome skaliste brzegi. Stolica Madery, Funchal z kolei jest jednym z najpi\u0119kniejszych miast w Europie.<\/p>\n\n\n\n<p>Madera ma ciep\u0142y, subtropikalny klimat. Przeci\u0119tna temperatura na Maderze w listopadzie to 21 stopni Celsjusza, kt\u00f3ra w nocy mo\u017ce spa\u015b\u0107 nawet do 13 stopni Celsjusza. Warto wi\u0119c mie\u0107 ze sob\u0105 cieplejsze rzeczy na ch\u0142odniejsze wieczory.<\/p>\n\n\n\n<div style=\"height:38px\" aria-hidden=\"true\" class=\"wp-block-spacer\"><\/div>\n\n\n\n<div style=\"height:38px\" aria-hidden=\"true\" class=\"wp-block-spacer\"><\/div>\n\n\n\n<figure class=\"wp-block-image size-large is-style-default\"><img decoding=\"async\" width=\"1024\" height=\"683\" data-src=\"https:\/\/www.wzdluzdrogi.pl\/wp-content\/uploads\/2022\/08\/charlesdeluvio-nuNkbkQQf9U-unsplash-1024x683.jpg\" alt=\"el hierro w listopadzie, gdzie jecha\u0107 na ciep\u0142e wakacje w listopadzie\" class=\"wp-image-2509 lazyload\" data-srcset=\"https:\/\/www.wzdluzdrogi.pl\/wp-content\/uploads\/2022\/08\/charlesdeluvio-nuNkbkQQf9U-unsplash-1024x683.jpg 1024w, https:\/\/www.wzdluzdrogi.pl\/wp-content\/uploads\/2022\/08\/charlesdeluvio-nuNkbkQQf9U-unsplash-300x200.jpg 300w, https:\/\/www.wzdluzdrogi.pl\/wp-content\/uploads\/2022\/08\/charlesdeluvio-nuNkbkQQf9U-unsplash-768x512.jpg 768w, https:\/\/www.wzdluzdrogi.pl\/wp-content\/uploads\/2022\/08\/charlesdeluvio-nuNkbkQQf9U-unsplash-1536x1024.jpg 1536w, https:\/\/www.wzdluzdrogi.pl\/wp-content\/uploads\/2022\/08\/charlesdeluvio-nuNkbkQQf9U-unsplash-2048x1365.jpg 2048w, https:\/\/www.wzdluzdrogi.pl\/wp-content\/uploads\/2022\/08\/charlesdeluvio-nuNkbkQQf9U-unsplash-90x60.jpg 90w, https:\/\/www.wzdluzdrogi.pl\/wp-content\/uploads\/2022\/08\/charlesdeluvio-nuNkbkQQf9U-unsplash-scaled.jpg 1600w\" data-sizes=\"(max-width: 1024px) 100vw, 1024px\" src=\"data:image\/svg+xml;base64,PHN2ZyB3aWR0aD0iMSIgaGVpZ2h0PSIxIiB4bWxucz0iaHR0cDovL3d3dy53My5vcmcvMjAwMC9zdmciPjwvc3ZnPg==\" style=\"--smush-placeholder-width: 1024px; --smush-placeholder-aspect-ratio: 1024\/683;\" \/><\/figure>\n\n\n\n<h3 class=\"wp-block-heading\">El Hierro w listopadzie<\/h3>\n\n\n\n<p><br>El Hierro to raj le\u017c\u0105cy na \u015brodku Oceanu Atlantyckiego. Najmniejsza wyspa archipelagu Wysp Kanaryjskich wysuni\u0119ta jest najdalej na zach\u00f3d i szczyci\u0107 mo\u017ce si\u0119 r\u00f3wnie przyjemnie ciep\u0142ym klimatem, co jej siostry. Co najciekawsze, w roku 1439 do brzeg\u00f3w El Hierro przybi\u0142 Krzysztof Kolumb, kt\u00f3ry przesiedzia\u0142 na wyspie oko\u0142o 2 tygodni, czekaj\u0105c na lepsze wiatry, kt\u00f3re zabra\u0107 mia\u0142y go w stron\u0119 Ameryki.<\/p>\n\n\n\n<p>Na wyspie rzadko pada deszcz. Przez wi\u0119kszo\u015b\u0107 roku \u015bwieci s\u0142o\u0144ce, a \u015brednia roczna temperatura tej wyspy to 21 stopni Celsjusza.<\/p>\n\n\n\n<div style=\"height:38px\" aria-hidden=\"true\" class=\"wp-block-spacer\"><\/div>\n\n\n\n<figure class=\"wp-block-image size-full is-style-default\"><img decoding=\"async\" width=\"1600\" height=\"940\" data-src=\"https:\/\/www.wzdluzdrogi.pl\/wp-content\/uploads\/2020\/08\/cape2Bgreco252C2Bmost2Bmilosci252C2Bco2Bzobaczyc2Bna2Bcyprze-e1614114982574.jpg\" alt=\"cypr na wakacje, gdzie jecha\u0107 na ciep\u0142e wakacje w listopadzie\" class=\"wp-image-29 lazyload\" src=\"data:image\/svg+xml;base64,PHN2ZyB3aWR0aD0iMSIgaGVpZ2h0PSIxIiB4bWxucz0iaHR0cDovL3d3dy53My5vcmcvMjAwMC9zdmciPjwvc3ZnPg==\" style=\"--smush-placeholder-width: 1600px; --smush-placeholder-aspect-ratio: 1600\/940;\" \/><\/figure>\n\n\n\n<h3 class=\"wp-block-heading\">Cypr w listopadzie<\/h3>\n\n\n\n<p><br>Pogoda na Cyprze w listopadzie nadal umo\u017cliwia pla\u017cowanie i k\u0105piele w morzu. Ch\u0142odniejsza temperatura stanie si\u0119 zalet\u0105 dla tych z was, kt\u00f3rzy uwielbiaj\u0105 trekking w g\u00f3rach i d\u0142ugie spacery. Uporczywy letni upa\u0142 cz\u0119sto uniemo\u017cliwia spacerowanie po g\u00f3rskich szlakach, a w listopadzie na Cyprze \u015brednia temperatura w ci\u0105gu dnia to 23 stopnie Celsjusza. Listopad na Cyprze b\u0119dzie r\u00f3wnie\u017c idealny dla koneser\u00f3w wina, inn\u0105 popularn\u0105 aktywno\u015bci\u0105 o tej porze roku jest w\u0142a\u015bnie zwiedzanie lokalnych winnic.<\/p>\n\n\n\n<p><strong>Co zobaczy\u0107 na Cyprze i co tam robi\u0107?<\/strong><\/p>\n\n\n\n<ul class=\"wp-block-list\">\n<li>degustowa\u0107 lokalne wino<\/li>\n\n\n\n<li>zwiedzi\u0107 <a href=\"https:\/\/www.wzdluzdrogi.pl\/index.php\/2020\/08\/13\/przyladek-cape-greco-cypr\/\">przyl\u0105dek Cape Greco<\/a><\/li>\n\n\n\n<li><a href=\"https:\/\/www.wzdluzdrogi.pl\/index.php\/2021\/06\/04\/lefkara-na-cyprze-co-zobaczyc\/\">pospacerowa\u0107 po Lefkarze<\/a><\/li>\n\n\n\n<li>zobaczy\u0107 wrak statku Edro III<\/li>\n<\/ul>\n\n\n\n<div style=\"height:48px\" aria-hidden=\"true\" class=\"wp-block-spacer\"><\/div>\n\n\n\n<h2 class=\"wp-block-heading\">Gdzie najcieplej w listopadzie na urlop?<\/h2>\n\n\n\n<figure class=\"wp-block-image size-large is-style-default\"><img decoding=\"async\" width=\"1024\" height=\"663\" data-src=\"https:\/\/www.wzdluzdrogi.pl\/wp-content\/uploads\/2022\/08\/antonio-sessa-cfg49e0HhXE-unsplash-1024x663.jpg\" alt=\"sycylia w listopadzie, gdzie jecha\u0107 na ciep\u0142e wakacje w listopadzie\" class=\"wp-image-2508 lazyload\" data-srcset=\"https:\/\/www.wzdluzdrogi.pl\/wp-content\/uploads\/2022\/08\/antonio-sessa-cfg49e0HhXE-unsplash-1024x663.jpg 1024w, https:\/\/www.wzdluzdrogi.pl\/wp-content\/uploads\/2022\/08\/antonio-sessa-cfg49e0HhXE-unsplash-300x194.jpg 300w, https:\/\/www.wzdluzdrogi.pl\/wp-content\/uploads\/2022\/08\/antonio-sessa-cfg49e0HhXE-unsplash-768x497.jpg 768w, https:\/\/www.wzdluzdrogi.pl\/wp-content\/uploads\/2022\/08\/antonio-sessa-cfg49e0HhXE-unsplash-1536x995.jpg 1536w, https:\/\/www.wzdluzdrogi.pl\/wp-content\/uploads\/2022\/08\/antonio-sessa-cfg49e0HhXE-unsplash-2048x1326.jpg 2048w, https:\/\/www.wzdluzdrogi.pl\/wp-content\/uploads\/2022\/08\/antonio-sessa-cfg49e0HhXE-unsplash-93x60.jpg 93w, https:\/\/www.wzdluzdrogi.pl\/wp-content\/uploads\/2022\/08\/antonio-sessa-cfg49e0HhXE-unsplash-scaled.jpg 1600w\" data-sizes=\"(max-width: 1024px) 100vw, 1024px\" src=\"data:image\/svg+xml;base64,PHN2ZyB3aWR0aD0iMSIgaGVpZ2h0PSIxIiB4bWxucz0iaHR0cDovL3d3dy53My5vcmcvMjAwMC9zdmciPjwvc3ZnPg==\" style=\"--smush-placeholder-width: 1024px; --smush-placeholder-aspect-ratio: 1024\/663;\" \/><\/figure>\n\n\n\n<h3 class=\"wp-block-heading\">Sycylia w listopadzie<\/h3>\n\n\n\n<p><br>Listopad na Sycylii jest nadal bardzo przyjemnym miesi\u0105cem. Temperatura w wi\u0119kszo\u015bci umo\u017cliwia k\u0105piele w morzu i pla\u017cowanie, wi\u0119c warto pami\u0119ta\u0107, aby wzi\u0105\u0107 ze sob\u0105 str\u00f3j k\u0105pielowy. Warto jednak tak\u017ce pami\u0119ta\u0107 o kurtce przeciwdeszczowej, poniewa\u017c jesie\u0144 na Sycylii mo\u017ce by\u0107 deszczowa, a wieczory ch\u0142odne. \u015arednia temperatura w ci\u0105gu dnia to 22 stopnie Celsjusza, a w nocy 13 stopni Celsjusza.<\/p>\n\n\n\n<p><strong>Co zobaczy\u0107 na Sycylii?<\/strong><\/p>\n\n\n\n<ul class=\"wp-block-list\">\n<li>Duomo di San Giorgio<\/li>\n\n\n\n<li>Erice Market, lokalny targ<\/li>\n\n\n\n<li>Temple of Segesta, przepi\u0119kn\u0105 antyczn\u0105 \u015bwi\u0105tyni\u0119<\/li>\n\n\n\n<li>uda\u0107 si\u0119 na trekking na Etn\u0119<\/li>\n<\/ul>\n\n\n\n<div style=\"height:38px\" aria-hidden=\"true\" class=\"wp-block-spacer\"><\/div>\n\n\n\n<figure class=\"wp-block-image size-large is-style-default\"><img decoding=\"async\" width=\"1024\" height=\"683\" data-src=\"https:\/\/www.wzdluzdrogi.pl\/wp-content\/uploads\/2022\/08\/serhat-beyazkaya-uInLh1mVAWg-unsplash-1024x683.jpg\" alt=\"gdzie jecha\u0107 na ciep\u0142e wakacje w listopadzie\" class=\"wp-image-2512 lazyload\" data-srcset=\"https:\/\/www.wzdluzdrogi.pl\/wp-content\/uploads\/2022\/08\/serhat-beyazkaya-uInLh1mVAWg-unsplash-1024x683.jpg 1024w, https:\/\/www.wzdluzdrogi.pl\/wp-content\/uploads\/2022\/08\/serhat-beyazkaya-uInLh1mVAWg-unsplash-300x200.jpg 300w, https:\/\/www.wzdluzdrogi.pl\/wp-content\/uploads\/2022\/08\/serhat-beyazkaya-uInLh1mVAWg-unsplash-768x512.jpg 768w, https:\/\/www.wzdluzdrogi.pl\/wp-content\/uploads\/2022\/08\/serhat-beyazkaya-uInLh1mVAWg-unsplash-1536x1024.jpg 1536w, https:\/\/www.wzdluzdrogi.pl\/wp-content\/uploads\/2022\/08\/serhat-beyazkaya-uInLh1mVAWg-unsplash-2048x1365.jpg 2048w, https:\/\/www.wzdluzdrogi.pl\/wp-content\/uploads\/2022\/08\/serhat-beyazkaya-uInLh1mVAWg-unsplash-90x60.jpg 90w, https:\/\/www.wzdluzdrogi.pl\/wp-content\/uploads\/2022\/08\/serhat-beyazkaya-uInLh1mVAWg-unsplash-scaled.jpg 1600w\" data-sizes=\"(max-width: 1024px) 100vw, 1024px\" src=\"data:image\/svg+xml;base64,PHN2ZyB3aWR0aD0iMSIgaGVpZ2h0PSIxIiB4bWxucz0iaHR0cDovL3d3dy53My5vcmcvMjAwMC9zdmciPjwvc3ZnPg==\" style=\"--smush-placeholder-width: 1024px; --smush-placeholder-aspect-ratio: 1024\/683;\" \/><\/figure>\n\n\n\n<h3 class=\"wp-block-heading\">Rodos w listopadzie<\/h3>\n\n\n\n<p><br>Pogoda w listopadzie na Rodos jest ciep\u0142a, ale ju\u017c niegor\u0105ca. Jest to jednak nadal dobry czas na k\u0105piele w morzu i pla\u017cowanie, poniewa\u017c poza ciep\u0142\u0105 temperatur\u0105, w listopadzie na Rodos rzadko pada deszcz. Zalet\u0105 jest na pewno mniejsza ilo\u015b\u0107 turyst\u00f3w, ale i ta\u0144sze ceny w lokalnych restauracjach, barach, czy nawet sklepach.<\/p>\n\n\n\n<p><strong>Co zobaczy\u0107 na Rodos?<\/strong><\/p>\n\n\n\n<ul class=\"wp-block-list\">\n<li>Dolin\u0119 Motyli<\/li>\n\n\n\n<li>przepi\u0119kny zamek Rhodes Grand Master Palace<\/li>\n\n\n\n<li>pozosta\u0142o\u015bci antycznego miasta Lindos Acropolis<\/li>\n\n\n\n<li>pozosta\u0142o\u015bci zamku Monolithos<\/li>\n<\/ul>\n\n\n\n<div style=\"height:38px\" aria-hidden=\"true\" class=\"wp-block-spacer\"><\/div>\n\n\n\n<figure class=\"wp-block-image size-large is-style-default\"><img decoding=\"async\" width=\"1024\" height=\"682\" data-src=\"https:\/\/www.wzdluzdrogi.pl\/wp-content\/uploads\/2022\/08\/damir-babacic-kOO1g6HwMU0-unsplash-1024x682.jpg\" alt=\"azory w listopadzie, gdzie jecha\u0107 na ciep\u0142e wakacje w listopadzie\" class=\"wp-image-2510 lazyload\" data-srcset=\"https:\/\/www.wzdluzdrogi.pl\/wp-content\/uploads\/2022\/08\/damir-babacic-kOO1g6HwMU0-unsplash-1024x682.jpg 1024w, https:\/\/www.wzdluzdrogi.pl\/wp-content\/uploads\/2022\/08\/damir-babacic-kOO1g6HwMU0-unsplash-300x200.jpg 300w, https:\/\/www.wzdluzdrogi.pl\/wp-content\/uploads\/2022\/08\/damir-babacic-kOO1g6HwMU0-unsplash-768x512.jpg 768w, https:\/\/www.wzdluzdrogi.pl\/wp-content\/uploads\/2022\/08\/damir-babacic-kOO1g6HwMU0-unsplash-1536x1023.jpg 1536w, https:\/\/www.wzdluzdrogi.pl\/wp-content\/uploads\/2022\/08\/damir-babacic-kOO1g6HwMU0-unsplash-2048x1364.jpg 2048w, https:\/\/www.wzdluzdrogi.pl\/wp-content\/uploads\/2022\/08\/damir-babacic-kOO1g6HwMU0-unsplash-90x60.jpg 90w, https:\/\/www.wzdluzdrogi.pl\/wp-content\/uploads\/2022\/08\/damir-babacic-kOO1g6HwMU0-unsplash-scaled.jpg 1600w\" data-sizes=\"(max-width: 1024px) 100vw, 1024px\" src=\"data:image\/svg+xml;base64,PHN2ZyB3aWR0aD0iMSIgaGVpZ2h0PSIxIiB4bWxucz0iaHR0cDovL3d3dy53My5vcmcvMjAwMC9zdmciPjwvc3ZnPg==\" style=\"--smush-placeholder-width: 1024px; --smush-placeholder-aspect-ratio: 1024\/682;\" \/><\/figure>\n\n\n\n<h2 class=\"wp-block-heading\">GDZIE JECHA\u0106 NA CIEP\u0141E WAKACJE W LISTOPADZIE?<\/h2>\n\n\n\n<h3 class=\"wp-block-heading\">Azory w listopadzie <\/h3>\n\n\n\n<p><br>Chocia\u017c najlepszym czasem na zwiedzanie wyspy jest wiosna, to listopad na Azorach potrafi by\u0107 ciep\u0142y i bardzo s\u0142oneczny. \u015arednia temperatura to 20 stopni Celsjusza w dzie\u0144. Lec\u0105c na wakacje na Azory, warto wzi\u0105\u0107 ze sob\u0105 kurtk\u0119 przeciwdeszczow\u0105, szczeg\u00f3lnie je\u015bli w planach ma si\u0119 d\u0142ugie trekkingi i spacery. Temperatura morza mo\u017ce nie by\u0107 ju\u017c zbytnio przyjemna, przynajmniej dla tych, kt\u00f3rzy lubi\u0105 k\u0105piele w ciep\u0142ej wodzie. Portugalskie wulkaniczne wyspy maj\u0105 jednak do zaoferowania du\u017co wi\u0119cej ni\u017c tylko przepi\u0119kne, d\u0142ugie pla\u017ce. Warto wybra\u0107 si\u0119 na szlaki g\u00f3rskie i na w\u0142asne oczy zobaczy\u0107 zapieraj\u0105ce dech w piersiach widoki, czyli g\u00f3rskie krajobrazy z jeziorami wulkanicznymi.&nbsp;<\/p>\n\n\n\n<p><strong>Co warto zobaczy\u0107 na Azorach?<\/strong><\/p>\n\n\n\n<ul class=\"wp-block-list\">\n<li>zobaczenia jedn\u0105 z niewielu plantacji herbaty w Europie na wyspie S\u00e3o Miguel<\/li>\n\n\n\n<li>sfotografowa\u0107 niesamowity punkt widokowy Miradoura da Boca di Inferno na wyspie S\u00e3o Miguel<\/li>\n\n\n\n<li>wspi\u0105\u0107 si\u0119 na najwy\u017cszy punkt Portugali, czyli g\u00f3r\u0119 Pico na wyspie Pico<\/li>\n<\/ul>\n\n\n\n<div style=\"height:38px\" aria-hidden=\"true\" class=\"wp-block-spacer\"><\/div>\n\n\n\n<figure class=\"wp-block-image size-large is-style-default\"><img decoding=\"async\" width=\"1024\" height=\"682\" data-src=\"https:\/\/www.wzdluzdrogi.pl\/wp-content\/uploads\/2021\/02\/MG_3781a-1024x682.jpg\" alt=\"majorka, gdzie jecha\u0107 na ciep\u0142e wakacje w listopadzie\" class=\"wp-image-976 lazyload\" data-srcset=\"https:\/\/www.wzdluzdrogi.pl\/wp-content\/uploads\/2021\/02\/MG_3781a-1024x682.jpg 1024w, https:\/\/www.wzdluzdrogi.pl\/wp-content\/uploads\/2021\/02\/MG_3781a-300x200.jpg 300w, https:\/\/www.wzdluzdrogi.pl\/wp-content\/uploads\/2021\/02\/MG_3781a-768x512.jpg 768w, https:\/\/www.wzdluzdrogi.pl\/wp-content\/uploads\/2021\/02\/MG_3781a-1536x1023.jpg 1536w, https:\/\/www.wzdluzdrogi.pl\/wp-content\/uploads\/2021\/02\/MG_3781a-90x60.jpg 90w, https:\/\/www.wzdluzdrogi.pl\/wp-content\/uploads\/2021\/02\/MG_3781a-420x280.jpg 420w, https:\/\/www.wzdluzdrogi.pl\/wp-content\/uploads\/2021\/02\/MG_3781a.jpg 1600w\" data-sizes=\"(max-width: 1024px) 100vw, 1024px\" src=\"data:image\/svg+xml;base64,PHN2ZyB3aWR0aD0iMSIgaGVpZ2h0PSIxIiB4bWxucz0iaHR0cDovL3d3dy53My5vcmcvMjAwMC9zdmciPjwvc3ZnPg==\" style=\"--smush-placeholder-width: 1024px; --smush-placeholder-aspect-ratio: 1024\/682;\" \/><\/figure>\n\n\n\n<h3 class=\"wp-block-heading\">Majorka w listopadzie<\/h3>\n\n\n\n<p><br>Niesamowita, pe\u0142na barw Majorka jest pi\u0119kna o ka\u017cdej porze roku. Majorka w listopadzie to du\u017co s\u0142o\u0144ca, ale i dni deszczowe, wi\u0119c znowu, lepiej zabra\u0107 ze sob\u0105 co\u015b przeciwdeszczowego. \u015arednia temperatura w ci\u0105gu dnia wynosi 20 stopni Celsjusza, a w ci\u0105gu nocy 12 stopni. Tak wi\u0119c nadal mo\u017cliwe jest p\u0142ywanie w morzu, ale wieczorami lepiej mie\u0107 co\u015b, co mo\u017cna zarzuci\u0107 na go\u0142e ramiona. Ponownie listopad jest miesi\u0105cem idealnym na d\u0142ugie zwiedzanie, urokliwych, ma\u0142ych miasteczek na Majorce.<\/p>\n\n\n\n<p><strong>Co warto zobaczy\u0107 na Majorce?<\/strong><\/p>\n\n\n\n<ul class=\"wp-block-list\">\n<li>przepi\u0119kn\u0105 <a href=\"https:\/\/www.wzdluzdrogi.pl\/index.php\/2020\/06\/13\/majorka-gotowy-plan-zwiedzania-soller-valldemossa\/\">Valldemoss\u0119<\/a><\/li>\n\n\n\n<li><a href=\"https:\/\/www.wzdluzdrogi.pl\/index.php\/2021\/05\/12\/przewodnik-po-palma-de-mallorca-co-zobaczyc\/\">Palma de Mallorca, stolic\u0119 wyspy<\/a><\/li>\n\n\n\n<li><a href=\"https:\/\/www.wzdluzdrogi.pl\/index.php\/2020\/02\/19\/fornalutx-na-majorce\/\">Fornalutx, najpi\u0119kniejsz\u0105 wie\u015b na Majorce<\/a><\/li>\n\n\n\n<li><a href=\"https:\/\/www.wzdluzdrogi.pl\/index.php\/2020\/06\/30\/przewodnik-po-soller-co-warto-zobaczyc\/\">S\u00f3ller i Port de S\u00f3ller<\/a> i przy tym zabytkowy, drewniany poci\u0105g<\/li>\n<\/ul>\n\n\n\n<div style=\"height:63px\" aria-hidden=\"true\" class=\"wp-block-spacer\"><\/div>\n\n\n\n<p>Mamy nadziej\u0119, \u017ce dzi\u0119ki nam, decydowa\u0142e\u015b ju\u017c, gdzie jecha\u0107 na ciep\u0142e wakacje w listopadzie? \ud83d\ude0a<br><br><\/p>\n\n\n\n<figure class=\"wp-block-embed is-type-video is-provider-youtube wp-block-embed-youtube wp-embed-aspect-16-9 wp-has-aspect-ratio\"><div class=\"wp-block-embed__wrapper\">\n<iframe title=\"Gdzie jecha\u0107 na ciep\u0142e wakacje jesieni\u0105?\" width=\"780\" height=\"439\" data-src=\"https:\/\/www.youtube.com\/embed\/sqmfw_rrHbI?start=13&#038;feature=oembed\" frameborder=\"0\" allow=\"accelerometer; autoplay; clipboard-write; encrypted-media; gyroscope; picture-in-picture; web-share\" referrerpolicy=\"strict-origin-when-cross-origin\" allowfullscreen src=\"data:image\/svg+xml;base64,PHN2ZyB3aWR0aD0iMSIgaGVpZ2h0PSIxIiB4bWxucz0iaHR0cDovL3d3dy53My5vcmcvMjAwMC9zdmciPjwvc3ZnPg==\" class=\"lazyload\" data-load-mode=\"1\"><\/iframe>\n<\/div><\/figure>\n\n\n\n<p class=\"has-text-align-center\">ZOBACZ R\u00d3WNIE\u017b:<br><a href=\"https:\/\/www.wzdluzdrogi.pl\/index.php\/2021\/01\/20\/tani-wyjazd-na-cypr\/\">CYPR NA W\u0141ASN\u0104 R\u0118K\u0118. JAK ZORGANIZOWA\u0106 TANI WYJAZD<\/a><br><a href=\"https:\/\/www.wzdluzdrogi.pl\/index.php\/2019\/08\/20\/majorka-na-wlasna-reke-przydatne-informacje\/\">MAJORKA NA W\u0141ASN\u0104 R\u0118K\u0118  | TIPY NA TANI WYJAZD<\/a><\/p>\n\n\n\n<ul class=\"wp-block-social-links is-layout-flex wp-block-social-links-is-layout-flex\"><li class=\"wp-social-link wp-social-link-instagram  wp-block-social-link\"><a href=\"https:\/\/www.instagram.com\/wzdluz_drogi\/?hl=pl\" class=\"wp-block-social-link-anchor\"><svg width=\"24\" height=\"24\" viewBox=\"0 0 24 24\" version=\"1.1\" xmlns=\"http:\/\/www.w3.org\/2000\/svg\" aria-hidden=\"true\" focusable=\"false\"><path d=\"M12,4.622c2.403,0,2.688,0.009,3.637,0.052c0.877,0.04,1.354,0.187,1.671,0.31c0.42,0.163,0.72,0.358,1.035,0.673 c0.315,0.315,0.51,0.615,0.673,1.035c0.123,0.317,0.27,0.794,0.31,1.671c0.043,0.949,0.052,1.234,0.052,3.637 s-0.009,2.688-0.052,3.637c-0.04,0.877-0.187,1.354-0.31,1.671c-0.163,0.42-0.358,0.72-0.673,1.035 c-0.315,0.315-0.615,0.51-1.035,0.673c-0.317,0.123-0.794,0.27-1.671,0.31c-0.949,0.043-1.233,0.052-3.637,0.052 s-2.688-0.009-3.637-0.052c-0.877-0.04-1.354-0.187-1.671-0.31c-0.42-0.163-0.72-0.358-1.035-0.673 c-0.315-0.315-0.51-0.615-0.673-1.035c-0.123-0.317-0.27-0.794-0.31-1.671C4.631,14.688,4.622,14.403,4.622,12 s0.009-2.688,0.052-3.637c0.04-0.877,0.187-1.354,0.31-1.671c0.163-0.42,0.358-0.72,0.673-1.035 c0.315-0.315,0.615-0.51,1.035-0.673c0.317-0.123,0.794-0.27,1.671-0.31C9.312,4.631,9.597,4.622,12,4.622 M12,3 C9.556,3,9.249,3.01,8.289,3.054C7.331,3.098,6.677,3.25,6.105,3.472C5.513,3.702,5.011,4.01,4.511,4.511 c-0.5,0.5-0.808,1.002-1.038,1.594C3.25,6.677,3.098,7.331,3.054,8.289C3.01,9.249,3,9.556,3,12c0,2.444,0.01,2.751,0.054,3.711 c0.044,0.958,0.196,1.612,0.418,2.185c0.23,0.592,0.538,1.094,1.038,1.594c0.5,0.5,1.002,0.808,1.594,1.038 c0.572,0.222,1.227,0.375,2.185,0.418C9.249,20.99,9.556,21,12,21s2.751-0.01,3.711-0.054c0.958-0.044,1.612-0.196,2.185-0.418 c0.592-0.23,1.094-0.538,1.594-1.038c0.5-0.5,0.808-1.002,1.038-1.594c0.222-0.572,0.375-1.227,0.418-2.185 C20.99,14.751,21,14.444,21,12s-0.01-2.751-0.054-3.711c-0.044-0.958-0.196-1.612-0.418-2.185c-0.23-0.592-0.538-1.094-1.038-1.594 c-0.5-0.5-1.002-0.808-1.594-1.038c-0.572-0.222-1.227-0.375-2.185-0.418C14.751,3.01,14.444,3,12,3L12,3z M12,7.378 c-2.552,0-4.622,2.069-4.622,4.622S9.448,16.622,12,16.622s4.622-2.069,4.622-4.622S14.552,7.378,12,7.378z M12,15 c-1.657,0-3-1.343-3-3s1.343-3,3-3s3,1.343,3,3S13.657,15,12,15z M16.804,6.116c-0.596,0-1.08,0.484-1.08,1.08 s0.484,1.08,1.08,1.08c0.596,0,1.08-0.484,1.08-1.08S17.401,6.116,16.804,6.116z\"><\/path><\/svg><span class=\"wp-block-social-link-label screen-reader-text\">Instagram<\/span><\/a><\/li>\n\n<li class=\"wp-social-link wp-social-link-facebook  wp-block-social-link\"><a href=\"https:\/\/www.facebook.com\/wzdluzdrogi\" class=\"wp-block-social-link-anchor\"><svg width=\"24\" height=\"24\" viewBox=\"0 0 24 24\" version=\"1.1\" xmlns=\"http:\/\/www.w3.org\/2000\/svg\" aria-hidden=\"true\" focusable=\"false\"><path d=\"M12 2C6.5 2 2 6.5 2 12c0 5 3.7 9.1 8.4 9.9v-7H7.9V12h2.5V9.8c0-2.5 1.5-3.9 3.8-3.9 1.1 0 2.2.2 2.2.2v2.5h-1.3c-1.2 0-1.6.8-1.6 1.6V12h2.8l-.4 2.9h-2.3v7C18.3 21.1 22 17 22 12c0-5.5-4.5-10-10-10z\"><\/path><\/svg><span class=\"wp-block-social-link-label screen-reader-text\">Facebook<\/span><\/a><\/li>\n\n<li class=\"wp-social-link wp-social-link-youtube  wp-block-social-link\"><a href=\"https:\/\/www.youtube.com\/channel\/UCW7xjbHjmE0P5_HMEhlFR5w\" class=\"wp-block-social-link-anchor\"><svg width=\"24\" height=\"24\" viewBox=\"0 0 24 24\" version=\"1.1\" xmlns=\"http:\/\/www.w3.org\/2000\/svg\" aria-hidden=\"true\" focusable=\"false\"><path d=\"M21.8,8.001c0,0-0.195-1.378-0.795-1.985c-0.76-0.797-1.613-0.801-2.004-0.847c-2.799-0.202-6.997-0.202-6.997-0.202 h-0.009c0,0-4.198,0-6.997,0.202C4.608,5.216,3.756,5.22,2.995,6.016C2.395,6.623,2.2,8.001,2.2,8.001S2,9.62,2,11.238v1.517 c0,1.618,0.2,3.237,0.2,3.237s0.195,1.378,0.795,1.985c0.761,0.797,1.76,0.771,2.205,0.855c1.6,0.153,6.8,0.201,6.8,0.201 s4.203-0.006,7.001-0.209c0.391-0.047,1.243-0.051,2.004-0.847c0.6-0.607,0.795-1.985,0.795-1.985s0.2-1.618,0.2-3.237v-1.517 C22,9.62,21.8,8.001,21.8,8.001z M9.935,14.594l-0.001-5.62l5.404,2.82L9.935,14.594z\"><\/path><\/svg><span class=\"wp-block-social-link-label screen-reader-text\">YouTube<\/span><\/a><\/li><\/ul>\n","protected":false},"excerpt":{"rendered":"<p>Listopad w Polsce i w p\u00f3\u0142nocnej Europie oznacza kr\u00f3tsze dni i pierwsze przymrozki. Nic dziwnego, \u017ce wiele os\u00f3b w\u0142a\u015bnie wtedy zastanawia si\u0119: gdzie lecie\u0107 w listopadzie, \u017ceby by\u0142o ciep\u0142o? My sami uwielbiamy ucieka\u0107 w tym czasie przed szaro\u015bci\u0105 \u2013 cho\u0107by na kilka dni \u2013 i przypomnie\u0107 sobie, jak wygl\u0105da prawdziwe s\u0142o\u0144ce. No bo jednak w &hellip; <\/p>\n","protected":false},"author":1,"featured_media":2507,"comment_status":"open","ping_status":"closed","sticky":false,"template":"","format":"standard","meta":{"_monsterinsights_skip_tracking":false,"_monsterinsights_sitenote_active":false,"_monsterinsights_sitenote_note":"","_monsterinsights_sitenote_category":0,"footnotes":""},"categories":[27,35,88,26,28],"tags":[],"class_list":["post-2503","post","type-post","status-publish","format-standard","has-post-thumbnail","hentry","category-cypr","category-majorka","category-malta","category-podroze","category-tanie-podroze"],"yoast_head":"<!-- This site is optimized with the Yoast SEO plugin v26.5 - https:\/\/yoast.com\/wordpress\/plugins\/seo\/ -->\n<title>Gdzie jecha\u0107 na ciep\u0142e wakacje w listopadzie? - Wzd\u0142u\u017c Drogi<\/title>\n<meta name=\"description\" content=\"Zobacz list\u0119 przepi\u0119knych miejsc, gdzie ca\u0142y czas \u015bwieci s\u0142o\u0144ce i zdecyduj, gdzie jecha\u0107 na ciep\u0142e wakacje w listopadzie.\" \/>\n<meta name=\"robots\" content=\"index, follow, max-snippet:-1, max-image-preview:large, max-video-preview:-1\" \/>\n<link rel=\"canonical\" href=\"https:\/\/www.wzdluzdrogi.pl\/index.php\/2022\/08\/23\/gdzie-jechac-na-cieple-wakacje-w-listopadzie\/\" \/>\n<meta property=\"og:locale\" content=\"pl_PL\" \/>\n<meta property=\"og:type\" content=\"article\" \/>\n<meta property=\"og:title\" content=\"Gdzie jecha\u0107 na ciep\u0142e wakacje w listopadzie? - Wzd\u0142u\u017c Drogi\" \/>\n<meta property=\"og:description\" content=\"Zobacz list\u0119 przepi\u0119knych miejsc, gdzie ca\u0142y czas \u015bwieci s\u0142o\u0144ce i zdecyduj, gdzie jecha\u0107 na ciep\u0142e wakacje w listopadzie.\" \/>\n<meta property=\"og:url\" content=\"https:\/\/www.wzdluzdrogi.pl\/index.php\/2022\/08\/23\/gdzie-jechac-na-cieple-wakacje-w-listopadzie\/\" \/>\n<meta property=\"og:site_name\" content=\"Wzd\u0142u\u017c Drogi\" \/>\n<meta property=\"article:published_time\" content=\"2022-08-23T09:19:30+00:00\" \/>\n<meta property=\"article:modified_time\" content=\"2025-08-19T07:20:52+00:00\" \/>\n<meta property=\"og:image\" content=\"https:\/\/www.wzdluzdrogi.pl\/wp-content\/uploads\/2022\/08\/maria-lupan-OkuM6V9m9l0-unsplash-scaled.jpg\" \/>\n\t<meta property=\"og:image:width\" content=\"1600\" \/>\n\t<meta property=\"og:image:height\" content=\"1067\" \/>\n\t<meta property=\"og:image:type\" content=\"image\/jpeg\" \/>\n<meta name=\"author\" content=\"Wzdluzdrogi\" \/>\n<meta name=\"twitter:card\" content=\"summary_large_image\" \/>\n<meta name=\"twitter:label1\" content=\"Napisane przez\" \/>\n\t<meta name=\"twitter:data1\" content=\"Wzdluzdrogi\" \/>\n\t<meta name=\"twitter:label2\" content=\"Szacowany czas czytania\" \/>\n\t<meta name=\"twitter:data2\" content=\"10 minut\" \/>\n<script type=\"application\/ld+json\" class=\"yoast-schema-graph\">{\"@context\":\"https:\/\/schema.org\",\"@graph\":[{\"@type\":\"WebPage\",\"@id\":\"https:\/\/www.wzdluzdrogi.pl\/index.php\/2022\/08\/23\/gdzie-jechac-na-cieple-wakacje-w-listopadzie\/\",\"url\":\"https:\/\/www.wzdluzdrogi.pl\/index.php\/2022\/08\/23\/gdzie-jechac-na-cieple-wakacje-w-listopadzie\/\",\"name\":\"Gdzie jecha\u0107 na ciep\u0142e wakacje w listopadzie? - Wzd\u0142u\u017c Drogi\",\"isPartOf\":{\"@id\":\"https:\/\/www.wzdluzdrogi.pl\/#website\"},\"primaryImageOfPage\":{\"@id\":\"https:\/\/www.wzdluzdrogi.pl\/index.php\/2022\/08\/23\/gdzie-jechac-na-cieple-wakacje-w-listopadzie\/#primaryimage\"},\"image\":{\"@id\":\"https:\/\/www.wzdluzdrogi.pl\/index.php\/2022\/08\/23\/gdzie-jechac-na-cieple-wakacje-w-listopadzie\/#primaryimage\"},\"thumbnailUrl\":\"https:\/\/www.wzdluzdrogi.pl\/wp-content\/uploads\/2022\/08\/maria-lupan-OkuM6V9m9l0-unsplash-scaled.jpg\",\"datePublished\":\"2022-08-23T09:19:30+00:00\",\"dateModified\":\"2025-08-19T07:20:52+00:00\",\"author\":{\"@id\":\"https:\/\/www.wzdluzdrogi.pl\/#\/schema\/person\/74e57cccc529edf05c11ceaff979bf00\"},\"description\":\"Zobacz list\u0119 przepi\u0119knych miejsc, gdzie ca\u0142y czas \u015bwieci s\u0142o\u0144ce i zdecyduj, gdzie jecha\u0107 na ciep\u0142e wakacje w listopadzie.\",\"breadcrumb\":{\"@id\":\"https:\/\/www.wzdluzdrogi.pl\/index.php\/2022\/08\/23\/gdzie-jechac-na-cieple-wakacje-w-listopadzie\/#breadcrumb\"},\"inLanguage\":\"pl-PL\",\"potentialAction\":[{\"@type\":\"ReadAction\",\"target\":[\"https:\/\/www.wzdluzdrogi.pl\/index.php\/2022\/08\/23\/gdzie-jechac-na-cieple-wakacje-w-listopadzie\/\"]}]},{\"@type\":\"ImageObject\",\"inLanguage\":\"pl-PL\",\"@id\":\"https:\/\/www.wzdluzdrogi.pl\/index.php\/2022\/08\/23\/gdzie-jechac-na-cieple-wakacje-w-listopadzie\/#primaryimage\",\"url\":\"https:\/\/www.wzdluzdrogi.pl\/wp-content\/uploads\/2022\/08\/maria-lupan-OkuM6V9m9l0-unsplash-scaled.jpg\",\"contentUrl\":\"https:\/\/www.wzdluzdrogi.pl\/wp-content\/uploads\/2022\/08\/maria-lupan-OkuM6V9m9l0-unsplash-scaled.jpg\",\"width\":1600,\"height\":1067,\"caption\":\"teneryfa w listopadzie\"},{\"@type\":\"BreadcrumbList\",\"@id\":\"https:\/\/www.wzdluzdrogi.pl\/index.php\/2022\/08\/23\/gdzie-jechac-na-cieple-wakacje-w-listopadzie\/#breadcrumb\",\"itemListElement\":[{\"@type\":\"ListItem\",\"position\":1,\"name\":\"Strona g\u0142\u00f3wna\",\"item\":\"https:\/\/www.wzdluzdrogi.pl\/\"},{\"@type\":\"ListItem\",\"position\":2,\"name\":\"Gdzie jecha\u0107 na ciep\u0142e wakacje w listopadzie?\"}]},{\"@type\":\"WebSite\",\"@id\":\"https:\/\/www.wzdluzdrogi.pl\/#website\",\"url\":\"https:\/\/www.wzdluzdrogi.pl\/\",\"name\":\"Wzd\u0142u\u017c Drogi\",\"description\":\"Podr\u00f3\u017ce w rytmie slow\",\"potentialAction\":[{\"@type\":\"SearchAction\",\"target\":{\"@type\":\"EntryPoint\",\"urlTemplate\":\"https:\/\/www.wzdluzdrogi.pl\/?s={search_term_string}\"},\"query-input\":{\"@type\":\"PropertyValueSpecification\",\"valueRequired\":true,\"valueName\":\"search_term_string\"}}],\"inLanguage\":\"pl-PL\"},{\"@type\":\"Person\",\"@id\":\"https:\/\/www.wzdluzdrogi.pl\/#\/schema\/person\/74e57cccc529edf05c11ceaff979bf00\",\"name\":\"Wzdluzdrogi\",\"image\":{\"@type\":\"ImageObject\",\"inLanguage\":\"pl-PL\",\"@id\":\"https:\/\/www.wzdluzdrogi.pl\/#\/schema\/person\/image\/\",\"url\":\"https:\/\/secure.gravatar.com\/avatar\/5338c7b0ffcf3c9b5c99db5ffd459d84?s=96&d=mm&r=g\",\"contentUrl\":\"https:\/\/secure.gravatar.com\/avatar\/5338c7b0ffcf3c9b5c99db5ffd459d84?s=96&d=mm&r=g\",\"caption\":\"Wzdluzdrogi\"},\"sameAs\":[\"http:\/\/www.wzdluzdrogi.pl\"],\"url\":\"https:\/\/www.wzdluzdrogi.pl\/index.php\/author\/wzdluzdrogi\/\"}]}<\/script>\n<!-- \/ Yoast SEO plugin. -->","yoast_head_json":{"title":"Gdzie jecha\u0107 na ciep\u0142e wakacje w listopadzie? - Wzd\u0142u\u017c Drogi","description":"Zobacz list\u0119 przepi\u0119knych miejsc, gdzie ca\u0142y czas \u015bwieci s\u0142o\u0144ce i zdecyduj, gdzie jecha\u0107 na ciep\u0142e wakacje w listopadzie.","robots":{"index":"index","follow":"follow","max-snippet":"max-snippet:-1","max-image-preview":"max-image-preview:large","max-video-preview":"max-video-preview:-1"},"canonical":"https:\/\/www.wzdluzdrogi.pl\/index.php\/2022\/08\/23\/gdzie-jechac-na-cieple-wakacje-w-listopadzie\/","og_locale":"pl_PL","og_type":"article","og_title":"Gdzie jecha\u0107 na ciep\u0142e wakacje w listopadzie? - Wzd\u0142u\u017c Drogi","og_description":"Zobacz list\u0119 przepi\u0119knych miejsc, gdzie ca\u0142y czas \u015bwieci s\u0142o\u0144ce i zdecyduj, gdzie jecha\u0107 na ciep\u0142e wakacje w listopadzie.","og_url":"https:\/\/www.wzdluzdrogi.pl\/index.php\/2022\/08\/23\/gdzie-jechac-na-cieple-wakacje-w-listopadzie\/","og_site_name":"Wzd\u0142u\u017c Drogi","article_published_time":"2022-08-23T09:19:30+00:00","article_modified_time":"2025-08-19T07:20:52+00:00","og_image":[{"width":1600,"height":1067,"url":"https:\/\/www.wzdluzdrogi.pl\/wp-content\/uploads\/2022\/08\/maria-lupan-OkuM6V9m9l0-unsplash-scaled.jpg","type":"image\/jpeg"}],"author":"Wzdluzdrogi","twitter_card":"summary_large_image","twitter_misc":{"Napisane przez":"Wzdluzdrogi","Szacowany czas czytania":"10 minut"},"schema":{"@context":"https:\/\/schema.org","@graph":[{"@type":"WebPage","@id":"https:\/\/www.wzdluzdrogi.pl\/index.php\/2022\/08\/23\/gdzie-jechac-na-cieple-wakacje-w-listopadzie\/","url":"https:\/\/www.wzdluzdrogi.pl\/index.php\/2022\/08\/23\/gdzie-jechac-na-cieple-wakacje-w-listopadzie\/","name":"Gdzie jecha\u0107 na ciep\u0142e wakacje w listopadzie? - Wzd\u0142u\u017c Drogi","isPartOf":{"@id":"https:\/\/www.wzdluzdrogi.pl\/#website"},"primaryImageOfPage":{"@id":"https:\/\/www.wzdluzdrogi.pl\/index.php\/2022\/08\/23\/gdzie-jechac-na-cieple-wakacje-w-listopadzie\/#primaryimage"},"image":{"@id":"https:\/\/www.wzdluzdrogi.pl\/index.php\/2022\/08\/23\/gdzie-jechac-na-cieple-wakacje-w-listopadzie\/#primaryimage"},"thumbnailUrl":"https:\/\/www.wzdluzdrogi.pl\/wp-content\/uploads\/2022\/08\/maria-lupan-OkuM6V9m9l0-unsplash-scaled.jpg","datePublished":"2022-08-23T09:19:30+00:00","dateModified":"2025-08-19T07:20:52+00:00","author":{"@id":"https:\/\/www.wzdluzdrogi.pl\/#\/schema\/person\/74e57cccc529edf05c11ceaff979bf00"},"description":"Zobacz list\u0119 przepi\u0119knych miejsc, gdzie ca\u0142y czas \u015bwieci s\u0142o\u0144ce i zdecyduj, gdzie jecha\u0107 na ciep\u0142e wakacje w listopadzie.","breadcrumb":{"@id":"https:\/\/www.wzdluzdrogi.pl\/index.php\/2022\/08\/23\/gdzie-jechac-na-cieple-wakacje-w-listopadzie\/#breadcrumb"},"inLanguage":"pl-PL","potentialAction":[{"@type":"ReadAction","target":["https:\/\/www.wzdluzdrogi.pl\/index.php\/2022\/08\/23\/gdzie-jechac-na-cieple-wakacje-w-listopadzie\/"]}]},{"@type":"ImageObject","inLanguage":"pl-PL","@id":"https:\/\/www.wzdluzdrogi.pl\/index.php\/2022\/08\/23\/gdzie-jechac-na-cieple-wakacje-w-listopadzie\/#primaryimage","url":"https:\/\/www.wzdluzdrogi.pl\/wp-content\/uploads\/2022\/08\/maria-lupan-OkuM6V9m9l0-unsplash-scaled.jpg","contentUrl":"https:\/\/www.wzdluzdrogi.pl\/wp-content\/uploads\/2022\/08\/maria-lupan-OkuM6V9m9l0-unsplash-scaled.jpg","width":1600,"height":1067,"caption":"teneryfa w listopadzie"},{"@type":"BreadcrumbList","@id":"https:\/\/www.wzdluzdrogi.pl\/index.php\/2022\/08\/23\/gdzie-jechac-na-cieple-wakacje-w-listopadzie\/#breadcrumb","itemListElement":[{"@type":"ListItem","position":1,"name":"Strona g\u0142\u00f3wna","item":"https:\/\/www.wzdluzdrogi.pl\/"},{"@type":"ListItem","position":2,"name":"Gdzie jecha\u0107 na ciep\u0142e wakacje w listopadzie?"}]},{"@type":"WebSite","@id":"https:\/\/www.wzdluzdrogi.pl\/#website","url":"https:\/\/www.wzdluzdrogi.pl\/","name":"Wzd\u0142u\u017c Drogi","description":"Podr\u00f3\u017ce w rytmie slow","potentialAction":[{"@type":"SearchAction","target":{"@type":"EntryPoint","urlTemplate":"https:\/\/www.wzdluzdrogi.pl\/?s={search_term_string}"},"query-input":{"@type":"PropertyValueSpecification","valueRequired":true,"valueName":"search_term_string"}}],"inLanguage":"pl-PL"},{"@type":"Person","@id":"https:\/\/www.wzdluzdrogi.pl\/#\/schema\/person\/74e57cccc529edf05c11ceaff979bf00","name":"Wzdluzdrogi","image":{"@type":"ImageObject","inLanguage":"pl-PL","@id":"https:\/\/www.wzdluzdrogi.pl\/#\/schema\/person\/image\/","url":"https:\/\/secure.gravatar.com\/avatar\/5338c7b0ffcf3c9b5c99db5ffd459d84?s=96&d=mm&r=g","contentUrl":"https:\/\/secure.gravatar.com\/avatar\/5338c7b0ffcf3c9b5c99db5ffd459d84?s=96&d=mm&r=g","caption":"Wzdluzdrogi"},"sameAs":["http:\/\/www.wzdluzdrogi.pl"],"url":"https:\/\/www.wzdluzdrogi.pl\/index.php\/author\/wzdluzdrogi\/"}]}},"_links":{"self":[{"href":"https:\/\/www.wzdluzdrogi.pl\/index.php\/wp-json\/wp\/v2\/posts\/2503","targetHints":{"allow":["GET"]}}],"collection":[{"href":"https:\/\/www.wzdluzdrogi.pl\/index.php\/wp-json\/wp\/v2\/posts"}],"about":[{"href":"https:\/\/www.wzdluzdrogi.pl\/index.php\/wp-json\/wp\/v2\/types\/post"}],"author":[{"embeddable":true,"href":"https:\/\/www.wzdluzdrogi.pl\/index.php\/wp-json\/wp\/v2\/users\/1"}],"replies":[{"embeddable":true,"href":"https:\/\/www.wzdluzdrogi.pl\/index.php\/wp-json\/wp\/v2\/comments?post=2503"}],"version-history":[{"count":14,"href":"https:\/\/www.wzdluzdrogi.pl\/index.php\/wp-json\/wp\/v2\/posts\/2503\/revisions"}],"predecessor-version":[{"id":4594,"href":"https:\/\/www.wzdluzdrogi.pl\/index.php\/wp-json\/wp\/v2\/posts\/2503\/revisions\/4594"}],"wp:featuredmedia":[{"embeddable":true,"href":"https:\/\/www.wzdluzdrogi.pl\/index.php\/wp-json\/wp\/v2\/media\/2507"}],"wp:attachment":[{"href":"https:\/\/www.wzdluzdrogi.pl\/index.php\/wp-json\/wp\/v2\/media?parent=2503"}],"wp:term":[{"taxonomy":"category","embeddable":true,"href":"https:\/\/www.wzdluzdrogi.pl\/index.php\/wp-json\/wp\/v2\/categories?post=2503"},{"taxonomy":"post_tag","embeddable":true,"href":"https:\/\/www.wzdluzdrogi.pl\/index.php\/wp-json\/wp\/v2\/tags?post=2503"}],"curies":[{"name":"wp","href":"https:\/\/api.w.org\/{rel}","templated":true}]}}