{"id":2858,"date":"2023-01-30T15:42:37","date_gmt":"2023-01-30T14:42:37","guid":{"rendered":"https:\/\/www.wzdluzdrogi.pl\/?p=2858"},"modified":"2025-04-09T15:37:39","modified_gmt":"2025-04-09T13:37:39","slug":"imiona-z-czasow-wikingow","status":"publish","type":"post","link":"https:\/\/www.wzdluzdrogi.pl\/index.php\/2023\/01\/30\/imiona-z-czasow-wikingow\/","title":{"rendered":"CZY DU\u0143CZYCY NAZYWAJ\u0104 DZIECI IMIONAMI Z CZAS\u00d3W WIKING\u00d3W?"},"content":{"rendered":"\n<p>Ju\u017c w poprzednich artyku\u0142ach du\u017co opowiadali\u015bmy o historii du\u0144skich Wiking\u00f3w. We wpisie \u201e<a href=\"https:\/\/www.wzdluzdrogi.pl\/index.php\/2022\/04\/08\/jakim-jezykiem-mowili-wikingowie\/\">Czy j\u0119zyk, kt\u00f3rym pos\u0142ugiwali si\u0119 Wikingowie, jest podobny do du\u0144skiego?<\/a>\u201d mogli\u015bcie si\u0119 ju\u017c dowiedzie\u0107, \u017ce wiele imion z czas\u00f3w Wiking\u00f3w przetrwa\u0142o do dzisiaj, a nawet i wi\u0119cej, bo du\u0144scy rodzice cz\u0119sto nadaj\u0105 je swoim dzieciom!<\/p>\n\n\n\n<p><br>Na terenie Skandynawii od roku 800, gdzie rz\u0105dzili w\u00f3wczas Normani, lub nazywani dzisiaj przez nas ch\u0119tniej Wikingowie nie by\u0142o chrze\u015bcija\u0144stwa. Wikingowie byli nazywani poganami, czyli osobami niewierz\u0105cymi, ale tak naprawd\u0119 wielu ludzi z tamtego okresu czci\u0142o staro\u017cytnych bog\u00f3w nordyckich i si\u0142y natury. Ludzie, kt\u00f3rzy wierzyli w bog\u00f3w nordyckich, takich jak Thor, Odyn, czy Loki nazywali si\u0119 wyznawcami Asatro.<\/p>\n\n\n\n<p><br>Na terenach Skandynawii nie ma chrze\u015bcija\u0144stwa, wi\u0119c i nie ma imion biblijnych. Te stan\u0105 si\u0119 popularniejsze dopiero 100 lat po wprowadzeniu chrze\u015bcija\u0144stwa. Do tego czasu rodzice ma\u0142ych Wiking\u00f3w korzystaj\u0105 z nazw oznaczaj\u0105cych zwierz\u0119ta, si\u0142y natury albo nadaj\u0105 swoim dzieciom imiona bog\u00f3w. Przyk\u0142adami m\u0119skich imion Wiking\u00f3w s\u0105: Ulf, co oznacza wilka, Svend (m\u0142ody m\u0119\u017cczyzna), \u00d8dger (bogactwo), Bj\u00f8rn (nied\u017awied\u017a). Damskie imiona nadawane dziewczynkom w tamtych czasach by\u0142y podobne, r\u00f3wnie\u017c inspirowano si\u0119 natur\u0105: Ulfhild (imi\u0119 sk\u0142ada si\u0119 z s\u0142\u00f3w \u201ewilk\u201d oraz \u201ebitwa\u201d), Astrid (kochana przez bog\u00f3w), Inga (pochodzi od boga Inge).<\/p>\n\n\n\n<figure class=\"wp-block-image size-large is-style-default\"><img fetchpriority=\"high\" decoding=\"async\" width=\"1024\" height=\"684\" src=\"https:\/\/www.wzdluzdrogi.pl\/wp-content\/uploads\/2022\/03\/wes-grant-c4sHywSrPes-unsplash-1024x684.jpg\" alt=\"wikingowie. czas\u00f3w wiking\u00f3w\" class=\"wp-image-2262\" srcset=\"https:\/\/www.wzdluzdrogi.pl\/wp-content\/uploads\/2022\/03\/wes-grant-c4sHywSrPes-unsplash-1024x684.jpg 1024w, https:\/\/www.wzdluzdrogi.pl\/wp-content\/uploads\/2022\/03\/wes-grant-c4sHywSrPes-unsplash-300x200.jpg 300w, https:\/\/www.wzdluzdrogi.pl\/wp-content\/uploads\/2022\/03\/wes-grant-c4sHywSrPes-unsplash-768x513.jpg 768w, https:\/\/www.wzdluzdrogi.pl\/wp-content\/uploads\/2022\/03\/wes-grant-c4sHywSrPes-unsplash-1536x1025.jpg 1536w, https:\/\/www.wzdluzdrogi.pl\/wp-content\/uploads\/2022\/03\/wes-grant-c4sHywSrPes-unsplash-2048x1367.jpg 2048w, https:\/\/www.wzdluzdrogi.pl\/wp-content\/uploads\/2022\/03\/wes-grant-c4sHywSrPes-unsplash-90x60.jpg 90w, https:\/\/www.wzdluzdrogi.pl\/wp-content\/uploads\/2022\/03\/wes-grant-c4sHywSrPes-unsplash-scaled.jpg 1600w\" sizes=\"(max-width: 1024px) 100vw, 1024px\" \/><\/figure>\n\n\n\n<h2 class=\"wp-block-heading\"><br>Nadal popularne imiona du\u0144skie pochodz\u0105ce z czas\u00f3w Wiking\u00f3w:<\/h2>\n\n\n\n<h3 class=\"wp-block-heading\"><br>M\u0119skie<\/h3>\n\n\n\n<p><br>Bo (ilo\u015b\u0107 m\u0119\u017cczyzn z tym imieniem na rok 2022 wed\u0142ug <a href=\"https:\/\/www.dst.dk\/da\/Statistik\/emner\/borgere\/navne\/HvorMange\">Du\u0144skich Statystyk<\/a>: 11.040 )<br>Bj\u00f8rn (5.965 na rok 2022)<br>Erik (26.145 na rok 2022)<br>Halfdan (622 na rok 2022)<br>Harald (1.637 na rok 2022)<br>Knud (12.207 na rok 2022)<br>Leif (13.210 na rok 2022)<br>Torsten (1.054 na rok 2022)<\/p>\n\n\n\n<h3 class=\"wp-block-heading\">Damskie<\/h3>\n\n\n\n<p><br>Frida (7.134 na rok 2022)<br>Signe (14.083 na rok 2022)<br>Gudrun (2.255 na rok 2022)<br>Astrid (8.503 na rok 2022)<br>Sigrid (3.174 na rok 2022)<br>Hilda (503 na rok 2022)<\/p>\n\n\n\n<div style=\"height:53px\" aria-hidden=\"true\" class=\"wp-block-spacer\"><\/div>\n\n\n\n<p class=\"has-text-align-center\"><strong>Interesuj\u0105 Ci\u0119 Wikingowie?<\/strong><br>Zobacz r\u00f3wnie\u017c:<br><a href=\"https:\/\/www.wzdluzdrogi.pl\/index.php\/2022\/04\/28\/wikingowie-kiedy-i-gdzie-zyli\/\">DU\u0143SCY WIKINGOWIE. KIEDY I GDZIE \u017bYLI?<\/a><br><a href=\"https:\/\/www.wzdluzdrogi.pl\/index.php\/2022\/04\/08\/jakim-jezykiem-mowili-wikingowie\/\">CZY WIKINGOWIE ZROZUMIELIBY SI\u0118 Z DZISIEJSZYMI DU\u0143CZYKAMI?<\/a><\/p>\n\n\n\n<ul class=\"wp-block-social-links is-layout-flex wp-block-social-links-is-layout-flex\"><li class=\"wp-social-link wp-social-link-instagram  wp-block-social-link\"><a href=\"https:\/\/www.instagram.com\/wzdluz_drogi\/?hl=pl\" class=\"wp-block-social-link-anchor\"><svg width=\"24\" height=\"24\" viewBox=\"0 0 24 24\" version=\"1.1\" xmlns=\"http:\/\/www.w3.org\/2000\/svg\" aria-hidden=\"true\" focusable=\"false\"><path d=\"M12,4.622c2.403,0,2.688,0.009,3.637,0.052c0.877,0.04,1.354,0.187,1.671,0.31c0.42,0.163,0.72,0.358,1.035,0.673 c0.315,0.315,0.51,0.615,0.673,1.035c0.123,0.317,0.27,0.794,0.31,1.671c0.043,0.949,0.052,1.234,0.052,3.637 s-0.009,2.688-0.052,3.637c-0.04,0.877-0.187,1.354-0.31,1.671c-0.163,0.42-0.358,0.72-0.673,1.035 c-0.315,0.315-0.615,0.51-1.035,0.673c-0.317,0.123-0.794,0.27-1.671,0.31c-0.949,0.043-1.233,0.052-3.637,0.052 s-2.688-0.009-3.637-0.052c-0.877-0.04-1.354-0.187-1.671-0.31c-0.42-0.163-0.72-0.358-1.035-0.673 c-0.315-0.315-0.51-0.615-0.673-1.035c-0.123-0.317-0.27-0.794-0.31-1.671C4.631,14.688,4.622,14.403,4.622,12 s0.009-2.688,0.052-3.637c0.04-0.877,0.187-1.354,0.31-1.671c0.163-0.42,0.358-0.72,0.673-1.035 c0.315-0.315,0.615-0.51,1.035-0.673c0.317-0.123,0.794-0.27,1.671-0.31C9.312,4.631,9.597,4.622,12,4.622 M12,3 C9.556,3,9.249,3.01,8.289,3.054C7.331,3.098,6.677,3.25,6.105,3.472C5.513,3.702,5.011,4.01,4.511,4.511 c-0.5,0.5-0.808,1.002-1.038,1.594C3.25,6.677,3.098,7.331,3.054,8.289C3.01,9.249,3,9.556,3,12c0,2.444,0.01,2.751,0.054,3.711 c0.044,0.958,0.196,1.612,0.418,2.185c0.23,0.592,0.538,1.094,1.038,1.594c0.5,0.5,1.002,0.808,1.594,1.038 c0.572,0.222,1.227,0.375,2.185,0.418C9.249,20.99,9.556,21,12,21s2.751-0.01,3.711-0.054c0.958-0.044,1.612-0.196,2.185-0.418 c0.592-0.23,1.094-0.538,1.594-1.038c0.5-0.5,0.808-1.002,1.038-1.594c0.222-0.572,0.375-1.227,0.418-2.185 C20.99,14.751,21,14.444,21,12s-0.01-2.751-0.054-3.711c-0.044-0.958-0.196-1.612-0.418-2.185c-0.23-0.592-0.538-1.094-1.038-1.594 c-0.5-0.5-1.002-0.808-1.594-1.038c-0.572-0.222-1.227-0.375-2.185-0.418C14.751,3.01,14.444,3,12,3L12,3z M12,7.378 c-2.552,0-4.622,2.069-4.622,4.622S9.448,16.622,12,16.622s4.622-2.069,4.622-4.622S14.552,7.378,12,7.378z M12,15 c-1.657,0-3-1.343-3-3s1.343-3,3-3s3,1.343,3,3S13.657,15,12,15z M16.804,6.116c-0.596,0-1.08,0.484-1.08,1.08 s0.484,1.08,1.08,1.08c0.596,0,1.08-0.484,1.08-1.08S17.401,6.116,16.804,6.116z\"><\/path><\/svg><span class=\"wp-block-social-link-label screen-reader-text\">Instagram<\/span><\/a><\/li>\n\n<li class=\"wp-social-link wp-social-link-facebook  wp-block-social-link\"><a href=\"https:\/\/www.facebook.com\/wzdluzdrogi\" class=\"wp-block-social-link-anchor\"><svg width=\"24\" height=\"24\" viewBox=\"0 0 24 24\" version=\"1.1\" xmlns=\"http:\/\/www.w3.org\/2000\/svg\" aria-hidden=\"true\" focusable=\"false\"><path d=\"M12 2C6.5 2 2 6.5 2 12c0 5 3.7 9.1 8.4 9.9v-7H7.9V12h2.5V9.8c0-2.5 1.5-3.9 3.8-3.9 1.1 0 2.2.2 2.2.2v2.5h-1.3c-1.2 0-1.6.8-1.6 1.6V12h2.8l-.4 2.9h-2.3v7C18.3 21.1 22 17 22 12c0-5.5-4.5-10-10-10z\"><\/path><\/svg><span class=\"wp-block-social-link-label screen-reader-text\">Facebook<\/span><\/a><\/li>\n\n<li class=\"wp-social-link wp-social-link-youtube  wp-block-social-link\"><a href=\"https:\/\/www.youtube.com\/channel\/UCW7xjbHjmE0P5_HMEhlFR5w\" class=\"wp-block-social-link-anchor\"><svg width=\"24\" height=\"24\" viewBox=\"0 0 24 24\" version=\"1.1\" xmlns=\"http:\/\/www.w3.org\/2000\/svg\" aria-hidden=\"true\" focusable=\"false\"><path d=\"M21.8,8.001c0,0-0.195-1.378-0.795-1.985c-0.76-0.797-1.613-0.801-2.004-0.847c-2.799-0.202-6.997-0.202-6.997-0.202 h-0.009c0,0-4.198,0-6.997,0.202C4.608,5.216,3.756,5.22,2.995,6.016C2.395,6.623,2.2,8.001,2.2,8.001S2,9.62,2,11.238v1.517 c0,1.618,0.2,3.237,0.2,3.237s0.195,1.378,0.795,1.985c0.761,0.797,1.76,0.771,2.205,0.855c1.6,0.153,6.8,0.201,6.8,0.201 s4.203-0.006,7.001-0.209c0.391-0.047,1.243-0.051,2.004-0.847c0.6-0.607,0.795-1.985,0.795-1.985s0.2-1.618,0.2-3.237v-1.517 C22,9.62,21.8,8.001,21.8,8.001z M9.935,14.594l-0.001-5.62l5.404,2.82L9.935,14.594z\"><\/path><\/svg><span class=\"wp-block-social-link-label screen-reader-text\">YouTube<\/span><\/a><\/li><\/ul>\n","protected":false},"excerpt":{"rendered":"<p>Ju\u017c w poprzednich artyku\u0142ach du\u017co opowiadali\u015bmy o historii du\u0144skich Wiking\u00f3w. We wpisie \u201eCzy j\u0119zyk, kt\u00f3rym pos\u0142ugiwali si\u0119 Wikingowie, jest podobny do du\u0144skiego?\u201d mogli\u015bcie si\u0119 ju\u017c dowiedzie\u0107, \u017ce wiele imion z czas\u00f3w Wiking\u00f3w przetrwa\u0142o do dzisiaj, a nawet i wi\u0119cej, bo du\u0144scy rodzice cz\u0119sto nadaj\u0105 je swoim dzieciom! Na terenie Skandynawii od roku 800, gdzie rz\u0105dzili &hellip; <\/p>\n","protected":false},"author":1,"featured_media":2859,"comment_status":"open","ping_status":"closed","sticky":false,"template":"","format":"standard","meta":{"_monsterinsights_skip_tracking":false,"_monsterinsights_sitenote_active":false,"_monsterinsights_sitenote_note":"","_monsterinsights_sitenote_category":0,"footnotes":""},"categories":[69,103,62],"tags":[92],"class_list":["post-2858","post","type-post","status-publish","format-standard","has-post-thumbnail","hentry","category-dania","category-slow-travel","category-zycie-w-danii","tag-wikingowie"],"yoast_head":"<!-- This site is optimized with the Yoast SEO plugin v26.5 - https:\/\/yoast.com\/wordpress\/plugins\/seo\/ -->\n<title>CZY DU\u0143CZYCY NAZYWAJ\u0104 DZIECI IMIONAMI Z CZAS\u00d3W WIKING\u00d3W? - Wzd\u0142u\u017c Drogi<\/title>\n<meta name=\"description\" content=\"Czy Du\u0144czycy nadal nazywaj\u0105 dzieci imionami z czas\u00f3w Wiking\u00f3w? Wikingowie w Danii i Skandynawii.\" \/>\n<meta name=\"robots\" content=\"index, follow, max-snippet:-1, max-image-preview:large, max-video-preview:-1\" \/>\n<link rel=\"canonical\" href=\"https:\/\/www.wzdluzdrogi.pl\/index.php\/2023\/01\/30\/imiona-z-czasow-wikingow\/\" \/>\n<meta property=\"og:locale\" content=\"pl_PL\" \/>\n<meta property=\"og:type\" content=\"article\" \/>\n<meta property=\"og:title\" content=\"CZY DU\u0143CZYCY NAZYWAJ\u0104 DZIECI IMIONAMI Z CZAS\u00d3W WIKING\u00d3W? - Wzd\u0142u\u017c Drogi\" \/>\n<meta property=\"og:description\" content=\"Czy Du\u0144czycy nadal nazywaj\u0105 dzieci imionami z czas\u00f3w Wiking\u00f3w? Wikingowie w Danii i Skandynawii.\" \/>\n<meta property=\"og:url\" content=\"https:\/\/www.wzdluzdrogi.pl\/index.php\/2023\/01\/30\/imiona-z-czasow-wikingow\/\" \/>\n<meta property=\"og:site_name\" content=\"Wzd\u0142u\u017c Drogi\" \/>\n<meta property=\"article:published_time\" content=\"2023-01-30T14:42:37+00:00\" \/>\n<meta property=\"article:modified_time\" content=\"2025-04-09T13:37:39+00:00\" \/>\n<meta property=\"og:image\" content=\"https:\/\/www.wzdluzdrogi.pl\/wp-content\/uploads\/2023\/01\/kristina-delp-292bCjhyG7Y-unsplash-scaled.jpg\" \/>\n\t<meta property=\"og:image:width\" content=\"1600\" \/>\n\t<meta property=\"og:image:height\" content=\"1067\" \/>\n\t<meta property=\"og:image:type\" content=\"image\/jpeg\" \/>\n<meta name=\"author\" content=\"Wzdluzdrogi\" \/>\n<meta name=\"twitter:card\" content=\"summary_large_image\" \/>\n<meta name=\"twitter:label1\" content=\"Napisane przez\" \/>\n\t<meta name=\"twitter:data1\" content=\"Wzdluzdrogi\" \/>\n\t<meta name=\"twitter:label2\" content=\"Szacowany czas czytania\" \/>\n\t<meta name=\"twitter:data2\" content=\"3 minuty\" \/>\n<script type=\"application\/ld+json\" class=\"yoast-schema-graph\">{\"@context\":\"https:\/\/schema.org\",\"@graph\":[{\"@type\":\"WebPage\",\"@id\":\"https:\/\/www.wzdluzdrogi.pl\/index.php\/2023\/01\/30\/imiona-z-czasow-wikingow\/\",\"url\":\"https:\/\/www.wzdluzdrogi.pl\/index.php\/2023\/01\/30\/imiona-z-czasow-wikingow\/\",\"name\":\"CZY DU\u0143CZYCY NAZYWAJ\u0104 DZIECI IMIONAMI Z CZAS\u00d3W WIKING\u00d3W? - Wzd\u0142u\u017c Drogi\",\"isPartOf\":{\"@id\":\"https:\/\/www.wzdluzdrogi.pl\/#website\"},\"primaryImageOfPage\":{\"@id\":\"https:\/\/www.wzdluzdrogi.pl\/index.php\/2023\/01\/30\/imiona-z-czasow-wikingow\/#primaryimage\"},\"image\":{\"@id\":\"https:\/\/www.wzdluzdrogi.pl\/index.php\/2023\/01\/30\/imiona-z-czasow-wikingow\/#primaryimage\"},\"thumbnailUrl\":\"https:\/\/www.wzdluzdrogi.pl\/wp-content\/uploads\/2023\/01\/kristina-delp-292bCjhyG7Y-unsplash-scaled.jpg\",\"datePublished\":\"2023-01-30T14:42:37+00:00\",\"dateModified\":\"2025-04-09T13:37:39+00:00\",\"author\":{\"@id\":\"https:\/\/www.wzdluzdrogi.pl\/#\/schema\/person\/74e57cccc529edf05c11ceaff979bf00\"},\"description\":\"Czy Du\u0144czycy nadal nazywaj\u0105 dzieci imionami z czas\u00f3w Wiking\u00f3w? Wikingowie w Danii i Skandynawii.\",\"breadcrumb\":{\"@id\":\"https:\/\/www.wzdluzdrogi.pl\/index.php\/2023\/01\/30\/imiona-z-czasow-wikingow\/#breadcrumb\"},\"inLanguage\":\"pl-PL\",\"potentialAction\":[{\"@type\":\"ReadAction\",\"target\":[\"https:\/\/www.wzdluzdrogi.pl\/index.php\/2023\/01\/30\/imiona-z-czasow-wikingow\/\"]}]},{\"@type\":\"ImageObject\",\"inLanguage\":\"pl-PL\",\"@id\":\"https:\/\/www.wzdluzdrogi.pl\/index.php\/2023\/01\/30\/imiona-z-czasow-wikingow\/#primaryimage\",\"url\":\"https:\/\/www.wzdluzdrogi.pl\/wp-content\/uploads\/2023\/01\/kristina-delp-292bCjhyG7Y-unsplash-scaled.jpg\",\"contentUrl\":\"https:\/\/www.wzdluzdrogi.pl\/wp-content\/uploads\/2023\/01\/kristina-delp-292bCjhyG7Y-unsplash-scaled.jpg\",\"width\":1600,\"height\":1067,\"caption\":\"wikingowie w skandynawii\"},{\"@type\":\"BreadcrumbList\",\"@id\":\"https:\/\/www.wzdluzdrogi.pl\/index.php\/2023\/01\/30\/imiona-z-czasow-wikingow\/#breadcrumb\",\"itemListElement\":[{\"@type\":\"ListItem\",\"position\":1,\"name\":\"Strona g\u0142\u00f3wna\",\"item\":\"https:\/\/www.wzdluzdrogi.pl\/\"},{\"@type\":\"ListItem\",\"position\":2,\"name\":\"CZY DU\u0143CZYCY NAZYWAJ\u0104 DZIECI IMIONAMI Z CZAS\u00d3W WIKING\u00d3W?\"}]},{\"@type\":\"WebSite\",\"@id\":\"https:\/\/www.wzdluzdrogi.pl\/#website\",\"url\":\"https:\/\/www.wzdluzdrogi.pl\/\",\"name\":\"Wzd\u0142u\u017c Drogi\",\"description\":\"Podr\u00f3\u017ce w rytmie slow\",\"potentialAction\":[{\"@type\":\"SearchAction\",\"target\":{\"@type\":\"EntryPoint\",\"urlTemplate\":\"https:\/\/www.wzdluzdrogi.pl\/?s={search_term_string}\"},\"query-input\":{\"@type\":\"PropertyValueSpecification\",\"valueRequired\":true,\"valueName\":\"search_term_string\"}}],\"inLanguage\":\"pl-PL\"},{\"@type\":\"Person\",\"@id\":\"https:\/\/www.wzdluzdrogi.pl\/#\/schema\/person\/74e57cccc529edf05c11ceaff979bf00\",\"name\":\"Wzdluzdrogi\",\"image\":{\"@type\":\"ImageObject\",\"inLanguage\":\"pl-PL\",\"@id\":\"https:\/\/www.wzdluzdrogi.pl\/#\/schema\/person\/image\/\",\"url\":\"https:\/\/secure.gravatar.com\/avatar\/5338c7b0ffcf3c9b5c99db5ffd459d84?s=96&d=mm&r=g\",\"contentUrl\":\"https:\/\/secure.gravatar.com\/avatar\/5338c7b0ffcf3c9b5c99db5ffd459d84?s=96&d=mm&r=g\",\"caption\":\"Wzdluzdrogi\"},\"sameAs\":[\"http:\/\/www.wzdluzdrogi.pl\"],\"url\":\"https:\/\/www.wzdluzdrogi.pl\/index.php\/author\/wzdluzdrogi\/\"}]}<\/script>\n<!-- \/ Yoast SEO plugin. -->","yoast_head_json":{"title":"CZY DU\u0143CZYCY NAZYWAJ\u0104 DZIECI IMIONAMI Z CZAS\u00d3W WIKING\u00d3W? - Wzd\u0142u\u017c Drogi","description":"Czy Du\u0144czycy nadal nazywaj\u0105 dzieci imionami z czas\u00f3w Wiking\u00f3w? Wikingowie w Danii i Skandynawii.","robots":{"index":"index","follow":"follow","max-snippet":"max-snippet:-1","max-image-preview":"max-image-preview:large","max-video-preview":"max-video-preview:-1"},"canonical":"https:\/\/www.wzdluzdrogi.pl\/index.php\/2023\/01\/30\/imiona-z-czasow-wikingow\/","og_locale":"pl_PL","og_type":"article","og_title":"CZY DU\u0143CZYCY NAZYWAJ\u0104 DZIECI IMIONAMI Z CZAS\u00d3W WIKING\u00d3W? - Wzd\u0142u\u017c Drogi","og_description":"Czy Du\u0144czycy nadal nazywaj\u0105 dzieci imionami z czas\u00f3w Wiking\u00f3w? Wikingowie w Danii i Skandynawii.","og_url":"https:\/\/www.wzdluzdrogi.pl\/index.php\/2023\/01\/30\/imiona-z-czasow-wikingow\/","og_site_name":"Wzd\u0142u\u017c Drogi","article_published_time":"2023-01-30T14:42:37+00:00","article_modified_time":"2025-04-09T13:37:39+00:00","og_image":[{"width":1600,"height":1067,"url":"https:\/\/www.wzdluzdrogi.pl\/wp-content\/uploads\/2023\/01\/kristina-delp-292bCjhyG7Y-unsplash-scaled.jpg","type":"image\/jpeg"}],"author":"Wzdluzdrogi","twitter_card":"summary_large_image","twitter_misc":{"Napisane przez":"Wzdluzdrogi","Szacowany czas czytania":"3 minuty"},"schema":{"@context":"https:\/\/schema.org","@graph":[{"@type":"WebPage","@id":"https:\/\/www.wzdluzdrogi.pl\/index.php\/2023\/01\/30\/imiona-z-czasow-wikingow\/","url":"https:\/\/www.wzdluzdrogi.pl\/index.php\/2023\/01\/30\/imiona-z-czasow-wikingow\/","name":"CZY DU\u0143CZYCY NAZYWAJ\u0104 DZIECI IMIONAMI Z CZAS\u00d3W WIKING\u00d3W? - Wzd\u0142u\u017c Drogi","isPartOf":{"@id":"https:\/\/www.wzdluzdrogi.pl\/#website"},"primaryImageOfPage":{"@id":"https:\/\/www.wzdluzdrogi.pl\/index.php\/2023\/01\/30\/imiona-z-czasow-wikingow\/#primaryimage"},"image":{"@id":"https:\/\/www.wzdluzdrogi.pl\/index.php\/2023\/01\/30\/imiona-z-czasow-wikingow\/#primaryimage"},"thumbnailUrl":"https:\/\/www.wzdluzdrogi.pl\/wp-content\/uploads\/2023\/01\/kristina-delp-292bCjhyG7Y-unsplash-scaled.jpg","datePublished":"2023-01-30T14:42:37+00:00","dateModified":"2025-04-09T13:37:39+00:00","author":{"@id":"https:\/\/www.wzdluzdrogi.pl\/#\/schema\/person\/74e57cccc529edf05c11ceaff979bf00"},"description":"Czy Du\u0144czycy nadal nazywaj\u0105 dzieci imionami z czas\u00f3w Wiking\u00f3w? Wikingowie w Danii i Skandynawii.","breadcrumb":{"@id":"https:\/\/www.wzdluzdrogi.pl\/index.php\/2023\/01\/30\/imiona-z-czasow-wikingow\/#breadcrumb"},"inLanguage":"pl-PL","potentialAction":[{"@type":"ReadAction","target":["https:\/\/www.wzdluzdrogi.pl\/index.php\/2023\/01\/30\/imiona-z-czasow-wikingow\/"]}]},{"@type":"ImageObject","inLanguage":"pl-PL","@id":"https:\/\/www.wzdluzdrogi.pl\/index.php\/2023\/01\/30\/imiona-z-czasow-wikingow\/#primaryimage","url":"https:\/\/www.wzdluzdrogi.pl\/wp-content\/uploads\/2023\/01\/kristina-delp-292bCjhyG7Y-unsplash-scaled.jpg","contentUrl":"https:\/\/www.wzdluzdrogi.pl\/wp-content\/uploads\/2023\/01\/kristina-delp-292bCjhyG7Y-unsplash-scaled.jpg","width":1600,"height":1067,"caption":"wikingowie w skandynawii"},{"@type":"BreadcrumbList","@id":"https:\/\/www.wzdluzdrogi.pl\/index.php\/2023\/01\/30\/imiona-z-czasow-wikingow\/#breadcrumb","itemListElement":[{"@type":"ListItem","position":1,"name":"Strona g\u0142\u00f3wna","item":"https:\/\/www.wzdluzdrogi.pl\/"},{"@type":"ListItem","position":2,"name":"CZY DU\u0143CZYCY NAZYWAJ\u0104 DZIECI IMIONAMI Z CZAS\u00d3W WIKING\u00d3W?"}]},{"@type":"WebSite","@id":"https:\/\/www.wzdluzdrogi.pl\/#website","url":"https:\/\/www.wzdluzdrogi.pl\/","name":"Wzd\u0142u\u017c Drogi","description":"Podr\u00f3\u017ce w rytmie slow","potentialAction":[{"@type":"SearchAction","target":{"@type":"EntryPoint","urlTemplate":"https:\/\/www.wzdluzdrogi.pl\/?s={search_term_string}"},"query-input":{"@type":"PropertyValueSpecification","valueRequired":true,"valueName":"search_term_string"}}],"inLanguage":"pl-PL"},{"@type":"Person","@id":"https:\/\/www.wzdluzdrogi.pl\/#\/schema\/person\/74e57cccc529edf05c11ceaff979bf00","name":"Wzdluzdrogi","image":{"@type":"ImageObject","inLanguage":"pl-PL","@id":"https:\/\/www.wzdluzdrogi.pl\/#\/schema\/person\/image\/","url":"https:\/\/secure.gravatar.com\/avatar\/5338c7b0ffcf3c9b5c99db5ffd459d84?s=96&d=mm&r=g","contentUrl":"https:\/\/secure.gravatar.com\/avatar\/5338c7b0ffcf3c9b5c99db5ffd459d84?s=96&d=mm&r=g","caption":"Wzdluzdrogi"},"sameAs":["http:\/\/www.wzdluzdrogi.pl"],"url":"https:\/\/www.wzdluzdrogi.pl\/index.php\/author\/wzdluzdrogi\/"}]}},"_links":{"self":[{"href":"https:\/\/www.wzdluzdrogi.pl\/index.php\/wp-json\/wp\/v2\/posts\/2858","targetHints":{"allow":["GET"]}}],"collection":[{"href":"https:\/\/www.wzdluzdrogi.pl\/index.php\/wp-json\/wp\/v2\/posts"}],"about":[{"href":"https:\/\/www.wzdluzdrogi.pl\/index.php\/wp-json\/wp\/v2\/types\/post"}],"author":[{"embeddable":true,"href":"https:\/\/www.wzdluzdrogi.pl\/index.php\/wp-json\/wp\/v2\/users\/1"}],"replies":[{"embeddable":true,"href":"https:\/\/www.wzdluzdrogi.pl\/index.php\/wp-json\/wp\/v2\/comments?post=2858"}],"version-history":[{"count":5,"href":"https:\/\/www.wzdluzdrogi.pl\/index.php\/wp-json\/wp\/v2\/posts\/2858\/revisions"}],"predecessor-version":[{"id":2870,"href":"https:\/\/www.wzdluzdrogi.pl\/index.php\/wp-json\/wp\/v2\/posts\/2858\/revisions\/2870"}],"wp:featuredmedia":[{"embeddable":true,"href":"https:\/\/www.wzdluzdrogi.pl\/index.php\/wp-json\/wp\/v2\/media\/2859"}],"wp:attachment":[{"href":"https:\/\/www.wzdluzdrogi.pl\/index.php\/wp-json\/wp\/v2\/media?parent=2858"}],"wp:term":[{"taxonomy":"category","embeddable":true,"href":"https:\/\/www.wzdluzdrogi.pl\/index.php\/wp-json\/wp\/v2\/categories?post=2858"},{"taxonomy":"post_tag","embeddable":true,"href":"https:\/\/www.wzdluzdrogi.pl\/index.php\/wp-json\/wp\/v2\/tags?post=2858"}],"curies":[{"name":"wp","href":"https:\/\/api.w.org\/{rel}","templated":true}]}}