{"id":2897,"date":"2023-02-20T17:22:40","date_gmt":"2023-02-20T16:22:40","guid":{"rendered":"https:\/\/www.wzdluzdrogi.pl\/?p=2897"},"modified":"2025-08-26T17:47:13","modified_gmt":"2025-08-26T15:47:13","slug":"co-warto-zjesc-bedac-w-danii-z-jakich-dan-slynie-dania","status":"publish","type":"post","link":"https:\/\/www.wzdluzdrogi.pl\/index.php\/2023\/02\/20\/co-warto-zjesc-bedac-w-danii-z-jakich-dan-slynie-dania\/","title":{"rendered":"Co warto zje\u015b\u0107, b\u0119d\u0105c w Danii? Z jakich da\u0144 s\u0142ynie Dania?"},"content":{"rendered":"\t\t<div data-elementor-type=\"wp-post\" data-elementor-id=\"2897\" class=\"elementor elementor-2897\">\n\t\t\t\t\t\t<section class=\"elementor-section elementor-top-section elementor-element elementor-element-dde1055 elementor-section-boxed elementor-section-height-default elementor-section-height-default\" data-id=\"dde1055\" data-element_type=\"section\" data-e-type=\"section\">\n\t\t\t\t\t\t<div class=\"elementor-container elementor-column-gap-default\">\n\t\t\t\t\t<div class=\"elementor-column elementor-col-100 elementor-top-column elementor-element elementor-element-33f81ab\" data-id=\"33f81ab\" data-element_type=\"column\" data-e-type=\"column\">\n\t\t\t<div class=\"elementor-widget-wrap elementor-element-populated\">\n\t\t\t\t\t\t<div class=\"elementor-element elementor-element-9d01c5a elementor-widget elementor-widget-text-editor\" data-id=\"9d01c5a\" data-element_type=\"widget\" data-e-type=\"widget\" data-widget_type=\"text-editor.default\">\n\t\t\t\t<div class=\"elementor-widget-container\">\n\t\t\t\t\t\t\t\t\t<p>Zapewne s\u0142yszeli\u015bcie ju\u017c o tradycyjnych du\u0144skich kanapkach wype\u0142nionych po brzegi pysznymi, lokalnymi dodatkami. Cho\u0107 na pierwszy rzut oka mog\u0105 wydawa\u0107 si\u0119 nieco \u201eza bogate\u201d, to gwarantuj\u0119, \u017ce po pierwszym k\u0119sie zrozumiecie, dlaczego Du\u0144czycy tak je uwielbiaj\u0105.S\u0142ynne sm\u00f8rrebr\u00f8d znajdziemy w wielu r\u00f3\u017cnych wariantach, zadowol\u0105 si\u0119 nimi, ci, kt\u00f3rzy kochaj\u0105 owoce morza, ale tak\u017ce ci, kt\u00f3rzy przyzwyczajeni s\u0105 do bardziej polskich smak\u00f3w. Jednak nie z samych sm\u00f8rrebr\u00f8d du\u0144ska kuchnia s\u0142ynie. Poni\u017cej stworzyli\u015bmy dla ciebie list\u0119 smako\u0142yk\u00f3w, kt\u00f3re musisz spr\u00f3bowa\u0107 podczas swojego pobytu w Danii. \ud83d\ude0a<\/p>\t\t\t\t\t\t\t\t<\/div>\n\t\t\t\t<\/div>\n\t\t\t\t\t<\/div>\n\t\t<\/div>\n\t\t\t\t\t<\/div>\n\t\t<\/section>\n\t\t\t\t<section class=\"elementor-section elementor-top-section elementor-element elementor-element-2f98cc4 elementor-section-boxed elementor-section-height-default elementor-section-height-default\" data-id=\"2f98cc4\" data-element_type=\"section\" data-e-type=\"section\">\n\t\t\t\t\t\t<div class=\"elementor-container elementor-column-gap-default\">\n\t\t\t\t\t<div class=\"elementor-column elementor-col-100 elementor-top-column elementor-element elementor-element-3f81489\" data-id=\"3f81489\" data-element_type=\"column\" data-e-type=\"column\">\n\t\t\t<div class=\"elementor-widget-wrap elementor-element-populated\">\n\t\t\t\t\t\t<div class=\"elementor-element elementor-element-8688ac0 elementor-widget elementor-widget-heading\" data-id=\"8688ac0\" data-element_type=\"widget\" data-e-type=\"widget\" data-widget_type=\"heading.default\">\n\t\t\t\t<div class=\"elementor-widget-container\">\n\t\t\t\t\t<h2 class=\"elementor-heading-title elementor-size-default\">Co warto zje\u015b\u0107, b\u0119d\u0105c w Danii? Z jakich da\u0144 s\u0142ynie Dania?<\/h2>\t\t\t\t<\/div>\n\t\t\t\t<\/div>\n\t\t\t\t<div class=\"elementor-element elementor-element-41a74f2 elementor-widget elementor-widget-text-editor\" data-id=\"41a74f2\" data-element_type=\"widget\" data-e-type=\"widget\" data-widget_type=\"text-editor.default\">\n\t\t\t\t<div class=\"elementor-widget-container\">\n\t\t\t\t\t\t\t\t\t<p>Sm\u00f8rrebr\u00f8d podaje si\u0119 najcz\u0119\u015bciej na ciemnym, \u017cytnim chlebie zwanym rugbr\u00f8d. To nie jest taki chleb, do jakiego jeste\u015bmy przyzwyczajeni w Polsce, bo rugbr\u00f8d jest bardzo wilgotny i pe\u0142en ziaren, a przy tym ma lekko kwa\u015bny posmak. Idealna baza, kt\u00f3ra \u015bwietnie \u0142\u0105czy si\u0119 z dodatkami. Na wierzchu mo\u017ce wyl\u0105dowa\u0107 dos\u0142ownie wszystko: od krewetek i kawioru, przez jajko, szynk\u0119 czy ser, a\u017c po bardziej wykwintne kompozycje, kt\u00f3re wygl\u0105daj\u0105 jak z eleganckiej restauracji.<\/p>\n<p data-start=\"1365\" data-end=\"1445\">Kilka klasycznych wersji, kt\u00f3re najcz\u0119\u015bciej spotkacie w Danii, to na przyk\u0142ad:<\/p>\n<ul data-start=\"1447\" data-end=\"2168\">\n<li data-start=\"1447\" data-end=\"1602\">\n<p data-start=\"1449\" data-end=\"1602\"><strong data-start=\"1449\" data-end=\"1469\">Dyrl\u00e6gens natmad<\/strong> \u2013 kromka \u017cytniego chleba posmarowana pasztetem, z plastrami solonej szynki i czerwon\u0105 cebulk\u0105.\u00a0<\/p>\n<\/li>\n<li data-start=\"1603\" data-end=\"1780\">\n<p data-start=\"1605\" data-end=\"1780\"><strong data-start=\"1605\" data-end=\"1620\">Stjerneskud<\/strong> \u2013 filet z g\u0142adzicy na grzance, udekorowany szparagami, krewetkami i kawiorem. To chyba najbardziej elegancka wersja sm\u00f8rrebr\u00f8d.<\/p>\n<\/li>\n<li data-start=\"1781\" data-end=\"2007\">\n<p data-start=\"1783\" data-end=\"2007\"><strong data-start=\"1783\" data-end=\"1803\">Sol over Gudhjem<\/strong> \u2013 \u017cytnia kromka z w\u0119dzonym \u015bledziem, surowym \u017c\u00f3\u0142tkiem, cebulk\u0105 i rzodkiewk\u0105. Nazwa dos\u0142ownie znaczy \u201es\u0142o\u0144ce nad Gudhjem\u201d (miasteczko na Bornholmie).<\/p>\n<\/li>\n<li data-start=\"2008\" data-end=\"2168\">\n<p data-start=\"2010\" data-end=\"2168\"><strong data-start=\"2010\" data-end=\"2024\">Pariserb\u00f8f<\/strong> \u2013 mielony stek wo\u0142owy podawany na bia\u0142ym chlebie, z sa\u0142atk\u0105 z burak\u00f3w, cebuli, kapar\u00f3w i og\u00f3rka kiszonego.<\/p>\n<\/li>\n<\/ul>\t\t\t\t\t\t\t\t<\/div>\n\t\t\t\t<\/div>\n\t\t\t\t\t<\/div>\n\t\t<\/div>\n\t\t\t\t\t<\/div>\n\t\t<\/section>\n\t\t\t\t<section class=\"elementor-section elementor-top-section elementor-element elementor-element-757f2df elementor-section-boxed elementor-section-height-default elementor-section-height-default\" data-id=\"757f2df\" data-element_type=\"section\" data-e-type=\"section\">\n\t\t\t\t\t\t<div class=\"elementor-container elementor-column-gap-default\">\n\t\t\t\t\t<div class=\"elementor-column elementor-col-100 elementor-top-column elementor-element elementor-element-1323162\" data-id=\"1323162\" data-element_type=\"column\" data-e-type=\"column\">\n\t\t\t<div class=\"elementor-widget-wrap elementor-element-populated\">\n\t\t\t\t\t\t<div class=\"elementor-element elementor-element-65750d3 elementor-widget elementor-widget-image\" data-id=\"65750d3\" data-element_type=\"widget\" data-e-type=\"widget\" data-widget_type=\"image.default\">\n\t\t\t\t<div class=\"elementor-widget-container\">\n\t\t\t\t\t\t\t\t\t\t\t\t<figure class=\"wp-caption\">\n\t\t\t\t\t\t\t\t\t\t<img fetchpriority=\"high\" decoding=\"async\" width=\"1024\" height=\"799\" src=\"https:\/\/www.wzdluzdrogi.pl\/wp-content\/uploads\/2023\/02\/smoerrebroed-min-1024x799-1.png\" class=\"attachment-large size-large wp-image-4772\" alt=\"co warto zje\u015b\u0107 w Danii, du\u0144ska kuchnia\" srcset=\"https:\/\/www.wzdluzdrogi.pl\/wp-content\/uploads\/2023\/02\/smoerrebroed-min-1024x799-1.png 1024w, https:\/\/www.wzdluzdrogi.pl\/wp-content\/uploads\/2023\/02\/smoerrebroed-min-1024x799-1-300x234.png 300w, https:\/\/www.wzdluzdrogi.pl\/wp-content\/uploads\/2023\/02\/smoerrebroed-min-1024x799-1-768x599.png 768w\" sizes=\"(max-width: 1024px) 100vw, 1024px\" \/>\t\t\t\t\t\t\t\t\t\t\t<figcaption class=\"widget-image-caption wp-caption-text\">fot: https:\/\/www.kokken-jomfruen.dk\/wp-content\/uploads\/2025\/06\/smoerrebroed-min-1024x799.png<\/figcaption>\n\t\t\t\t\t\t\t\t\t\t<\/figure>\n\t\t\t\t\t\t\t\t\t<\/div>\n\t\t\t\t<\/div>\n\t\t\t\t\t<\/div>\n\t\t<\/div>\n\t\t\t\t\t<\/div>\n\t\t<\/section>\n\t\t\t\t<section class=\"elementor-section elementor-top-section elementor-element elementor-element-f2303f0 elementor-section-boxed elementor-section-height-default elementor-section-height-default\" data-id=\"f2303f0\" data-element_type=\"section\" data-e-type=\"section\">\n\t\t\t\t\t\t<div class=\"elementor-container elementor-column-gap-default\">\n\t\t\t\t\t<div class=\"elementor-column elementor-col-100 elementor-top-column elementor-element elementor-element-bc8072e\" data-id=\"bc8072e\" data-element_type=\"column\" data-e-type=\"column\">\n\t\t\t<div class=\"elementor-widget-wrap elementor-element-populated\">\n\t\t\t\t\t\t<div class=\"elementor-element elementor-element-6a38e55 elementor-widget elementor-widget-heading\" data-id=\"6a38e55\" data-element_type=\"widget\" data-e-type=\"widget\" data-widget_type=\"heading.default\">\n\t\t\t\t<div class=\"elementor-widget-container\">\n\t\t\t\t\t<h2 class=\"elementor-heading-title elementor-size-default\">Frikadeller<\/h2>\t\t\t\t<\/div>\n\t\t\t\t<\/div>\n\t\t\t\t<div class=\"elementor-element elementor-element-b572cb2 elementor-widget elementor-widget-text-editor\" data-id=\"b572cb2\" data-element_type=\"widget\" data-e-type=\"widget\" data-widget_type=\"text-editor.default\">\n\t\t\t\t<div class=\"elementor-widget-container\">\n\t\t\t\t\t\t\t\t\t<p>Frikadeller to nic innego jak klopsy w du\u0144skim wydaniu. Ma\u0142e, mielone kotleciki z wieprzowiny, kt\u00f3re przygotowuje si\u0119 bardzo podobnie jak nasze kotlety mielone. Co ciekawe, istnieje te\u017c rybna wersja \u2013 fiskefrikadeller \u2013 i musz\u0119 przyzna\u0107, \u017ce cho\u0107 na pocz\u0105tku by\u0142am sceptyczna, to smakuj\u0105 naprawd\u0119 \u015bwietnie, zw\u0142aszcza ze \u015bwie\u017cym sosem remoulade.<\/p>\t\t\t\t\t\t\t\t<\/div>\n\t\t\t\t<\/div>\n\t\t\t\t\t<\/div>\n\t\t<\/div>\n\t\t\t\t\t<\/div>\n\t\t<\/section>\n\t\t\t\t<section class=\"elementor-section elementor-top-section elementor-element elementor-element-9f211b7 elementor-section-boxed elementor-section-height-default elementor-section-height-default\" data-id=\"9f211b7\" data-element_type=\"section\" data-e-type=\"section\">\n\t\t\t\t\t\t<div class=\"elementor-container elementor-column-gap-default\">\n\t\t\t\t\t<div class=\"elementor-column elementor-col-100 elementor-top-column elementor-element elementor-element-8d563b0\" data-id=\"8d563b0\" data-element_type=\"column\" data-e-type=\"column\">\n\t\t\t<div class=\"elementor-widget-wrap elementor-element-populated\">\n\t\t\t\t\t\t<div class=\"elementor-element elementor-element-80ce112 elementor-widget elementor-widget-heading\" data-id=\"80ce112\" data-element_type=\"widget\" data-e-type=\"widget\" data-widget_type=\"heading.default\">\n\t\t\t\t<div class=\"elementor-widget-container\">\n\t\t\t\t\t<h2 class=\"elementor-heading-title elementor-size-default\">Tarteletter<\/h2>\t\t\t\t<\/div>\n\t\t\t\t<\/div>\n\t\t\t\t<div class=\"elementor-element elementor-element-63ad76d elementor-widget elementor-widget-text-editor\" data-id=\"63ad76d\" data-element_type=\"widget\" data-e-type=\"widget\" data-widget_type=\"text-editor.default\">\n\t\t\t\t<div class=\"elementor-widget-container\">\n\t\t\t\t\t\t\t\t\t<p>Tarteletter to ma\u0142e tartaletki z kruchego ciasta, kt\u00f3re wype\u0142nia si\u0119 r\u00f3\u017cnymi nadzieniami. Najbardziej klasyczna wersja to ta z kurczakiem i szparagami w delikatnym sosie, ale w Danii znajdziecie te\u017c sporo innych kombinacji. To jedno z tych da\u0144, kt\u00f3re wygl\u0105daj\u0105 bardzo elegancko, a jednocze\u015bnie s\u0105 serwowane podczas zwyk\u0142ych, rodzinnych spotka\u0144.\u00a0<\/p>\t\t\t\t\t\t\t\t<\/div>\n\t\t\t\t<\/div>\n\t\t\t\t\t<\/div>\n\t\t<\/div>\n\t\t\t\t\t<\/div>\n\t\t<\/section>\n\t\t\t\t<section class=\"elementor-section elementor-top-section elementor-element elementor-element-0cda81d elementor-section-boxed elementor-section-height-default elementor-section-height-default\" data-id=\"0cda81d\" data-element_type=\"section\" data-e-type=\"section\">\n\t\t\t\t\t\t<div class=\"elementor-container elementor-column-gap-default\">\n\t\t\t\t\t<div class=\"elementor-column elementor-col-100 elementor-top-column elementor-element elementor-element-a776845\" data-id=\"a776845\" data-element_type=\"column\" data-e-type=\"column\">\n\t\t\t<div class=\"elementor-widget-wrap elementor-element-populated\">\n\t\t\t\t\t\t<div class=\"elementor-element elementor-element-90c9987 elementor-widget elementor-widget-heading\" data-id=\"90c9987\" data-element_type=\"widget\" data-e-type=\"widget\" data-widget_type=\"heading.default\">\n\t\t\t\t<div class=\"elementor-widget-container\">\n\t\t\t\t\t<h2 class=\"elementor-heading-title elementor-size-default\">Medisterp\u00f8lse<\/h2>\t\t\t\t<\/div>\n\t\t\t\t<\/div>\n\t\t\t\t<div class=\"elementor-element elementor-element-8947477 elementor-widget elementor-widget-text-editor\" data-id=\"8947477\" data-element_type=\"widget\" data-e-type=\"widget\" data-widget_type=\"text-editor.default\">\n\t\t\t\t<div class=\"elementor-widget-container\">\n\t\t\t\t\t\t\t\t\t<p>Kolejnym klasykiem jest medisterp\u00f8lse, czyli pikantna kie\u0142basa z mielonej wieprzowiny. Ma charakterystyczny smak, bo przyprawia si\u0119 j\u0105 spor\u0105 ilo\u015bci\u0105 pieprzu i ga\u0142ki muszkato\u0142owej. Najcz\u0119\u015bciej podaje si\u0119 j\u0105 podsma\u017con\u0105, z kapust\u0105 lub w towarzystwie g\u0119stej zupy gule \u00e6rter. To takie typowo zimowe danie.<\/p>\t\t\t\t\t\t\t\t<\/div>\n\t\t\t\t<\/div>\n\t\t\t\t\t<\/div>\n\t\t<\/div>\n\t\t\t\t\t<\/div>\n\t\t<\/section>\n\t\t\t\t<section class=\"elementor-section elementor-top-section elementor-element elementor-element-bd4f90a elementor-section-boxed elementor-section-height-default elementor-section-height-default\" data-id=\"bd4f90a\" data-element_type=\"section\" data-e-type=\"section\">\n\t\t\t\t\t\t<div class=\"elementor-container elementor-column-gap-default\">\n\t\t\t\t\t<div class=\"elementor-column elementor-col-100 elementor-top-column elementor-element elementor-element-3d078ea\" data-id=\"3d078ea\" data-element_type=\"column\" data-e-type=\"column\">\n\t\t\t<div class=\"elementor-widget-wrap elementor-element-populated\">\n\t\t\t\t\t\t<div class=\"elementor-element elementor-element-5b57cbb elementor-widget elementor-widget-heading\" data-id=\"5b57cbb\" data-element_type=\"widget\" data-e-type=\"widget\" data-widget_type=\"heading.default\">\n\t\t\t\t<div class=\"elementor-widget-container\">\n\t\t\t\t\t<h2 class=\"elementor-heading-title elementor-size-default\">Gule \u00e6rter<\/h2>\t\t\t\t<\/div>\n\t\t\t\t<\/div>\n\t\t\t\t<div class=\"elementor-element elementor-element-69830e1 elementor-widget elementor-widget-text-editor\" data-id=\"69830e1\" data-element_type=\"widget\" data-e-type=\"widget\" data-widget_type=\"text-editor.default\">\n\t\t\t\t<div class=\"elementor-widget-container\">\n\t\t\t\t\t\t\t\t\t<p>Gule \u00e6rter to jedna z najstarszych potraw w Danii. Groch i kapusta by\u0142y kiedy\u015b podstaw\u0105 du\u0144skiej kuchni, wi\u0119c trudno si\u0119 dziwi\u0107, \u017ce w\u0142a\u015bnie z nich powsta\u0142a taka klasyczna zupa. Przygotowuje si\u0119 j\u0105 na wywarze z mi\u0119sa i jarzyn, a efekt ko\u0144cowy to g\u0119sta, po\u017cywna zupa w pi\u0119knym, \u017c\u00f3\u0142tym kolorze. Smakuje troch\u0119 jak po\u0142\u0105czenie naszego grochowego z czym\u015b bardziej delikatnym.<\/p>\t\t\t\t\t\t\t\t<\/div>\n\t\t\t\t<\/div>\n\t\t\t\t\t<\/div>\n\t\t<\/div>\n\t\t\t\t\t<\/div>\n\t\t<\/section>\n\t\t\t\t<section class=\"elementor-section elementor-top-section elementor-element elementor-element-fdc229f elementor-section-boxed elementor-section-height-default elementor-section-height-default\" data-id=\"fdc229f\" data-element_type=\"section\" data-e-type=\"section\">\n\t\t\t\t\t\t<div class=\"elementor-container elementor-column-gap-default\">\n\t\t\t\t\t<div class=\"elementor-column elementor-col-100 elementor-top-column elementor-element elementor-element-34b2dc6\" data-id=\"34b2dc6\" data-element_type=\"column\" data-e-type=\"column\">\n\t\t\t<div class=\"elementor-widget-wrap elementor-element-populated\">\n\t\t\t\t\t\t<div class=\"elementor-element elementor-element-43ecc91 elementor-widget elementor-widget-heading\" data-id=\"43ecc91\" data-element_type=\"widget\" data-e-type=\"widget\" data-widget_type=\"heading.default\">\n\t\t\t\t<div class=\"elementor-widget-container\">\n\t\t\t\t\t<h2 class=\"elementor-heading-title elementor-size-default\">Karrysild<\/h2>\t\t\t\t<\/div>\n\t\t\t\t<\/div>\n\t\t\t\t<div class=\"elementor-element elementor-element-0fbf02f elementor-widget elementor-widget-text-editor\" data-id=\"0fbf02f\" data-element_type=\"widget\" data-e-type=\"widget\" data-widget_type=\"text-editor.default\">\n\t\t\t\t<div class=\"elementor-widget-container\">\n\t\t\t\t\t\t\t\t\t<p>W Danii karrysild pojawia si\u0119 cz\u0119sto na sto\u0142ach wielkanocnych, ale mo\u017cna je spotka\u0107 przez ca\u0142y rok. To marynowane \u015bledzie w aromatycznym sosie curry, podawane z cebulk\u0105 i kawa\u0142kami jab\u0142ka.<\/p>\t\t\t\t\t\t\t\t<\/div>\n\t\t\t\t<\/div>\n\t\t\t\t\t<\/div>\n\t\t<\/div>\n\t\t\t\t\t<\/div>\n\t\t<\/section>\n\t\t\t\t<section class=\"elementor-section elementor-top-section elementor-element elementor-element-f057c55 elementor-section-boxed elementor-section-height-default elementor-section-height-default\" data-id=\"f057c55\" data-element_type=\"section\" data-e-type=\"section\">\n\t\t\t\t\t\t<div class=\"elementor-container elementor-column-gap-default\">\n\t\t\t\t\t<div class=\"elementor-column elementor-col-100 elementor-top-column elementor-element elementor-element-6b70091\" data-id=\"6b70091\" data-element_type=\"column\" data-e-type=\"column\">\n\t\t\t<div class=\"elementor-widget-wrap elementor-element-populated\">\n\t\t\t\t\t\t<div class=\"elementor-element elementor-element-2074417 elementor-widget elementor-widget-heading\" data-id=\"2074417\" data-element_type=\"widget\" data-e-type=\"widget\" data-widget_type=\"heading.default\">\n\t\t\t\t<div class=\"elementor-widget-container\">\n\t\t\t\t\t<h2 class=\"elementor-heading-title elementor-size-default\">Fl\u00e6skesteg<\/h2>\t\t\t\t<\/div>\n\t\t\t\t<\/div>\n\t\t\t\t<div class=\"elementor-element elementor-element-b5dee5f elementor-widget elementor-widget-text-editor\" data-id=\"b5dee5f\" data-element_type=\"widget\" data-e-type=\"widget\" data-widget_type=\"text-editor.default\">\n\t\t\t\t<div class=\"elementor-widget-container\">\n\t\t\t\t\t\t\t\t\t<p>Fl\u00e6skesteg to prawdziwa klasyka du\u0144skiej kuchni i jedno z tych da\u0144, kt\u00f3re pr\u0119dzej czy p\u00f3\u017aniej musi trafi\u0107 na wasz talerz. To pieczona wieprzowina, zawsze przygotowywana razem ze sk\u00f3r\u0105 \u2013 i to nie byle jak\u0105, bo zamienia si\u0119 ona podczas pieczenia w chrupi\u0105ce, z\u0142ociste skwarki. To w\u0142a\u015bnie one s\u0105 sercem tego dania \u2013 chrupi\u0105 tak, \u017ce s\u0142ycha\u0107 w ca\u0142ym domu. Fl\u00e6skesteg najcz\u0119\u015bciej pojawia si\u0119 na stole podczas Bo\u017cego Narodzenia i trudno sobie wyobrazi\u0107 bez niego du\u0144sk\u0105 \u015bwi\u0105teczn\u0105 kolacj\u0119. Tradycyjnie podaje si\u0119 go z ziemniakami, zwyk\u0142ymi albo karmelizowanymi (brunede kartofler) a tak\u017ce duszon\u0105 czerwon\u0105 kapust\u0105 (r\u00f8dk\u00e5l).<\/p>\t\t\t\t\t\t\t\t<\/div>\n\t\t\t\t<\/div>\n\t\t\t\t\t<\/div>\n\t\t<\/div>\n\t\t\t\t\t<\/div>\n\t\t<\/section>\n\t\t\t\t<section class=\"elementor-section elementor-top-section elementor-element elementor-element-bf1b699 elementor-section-boxed elementor-section-height-default elementor-section-height-default\" data-id=\"bf1b699\" data-element_type=\"section\" data-e-type=\"section\">\n\t\t\t\t\t\t<div class=\"elementor-container elementor-column-gap-default\">\n\t\t\t\t\t<div class=\"elementor-column elementor-col-100 elementor-top-column elementor-element elementor-element-b4d8c49\" data-id=\"b4d8c49\" data-element_type=\"column\" data-e-type=\"column\">\n\t\t\t<div class=\"elementor-widget-wrap elementor-element-populated\">\n\t\t\t\t\t\t<div class=\"elementor-element elementor-element-bac37fe elementor-widget elementor-widget-image\" data-id=\"bac37fe\" data-element_type=\"widget\" data-e-type=\"widget\" data-widget_type=\"image.default\">\n\t\t\t\t<div class=\"elementor-widget-container\">\n\t\t\t\t\t\t\t\t\t\t\t\t<figure class=\"wp-caption\">\n\t\t\t\t\t\t\t\t\t\t<img decoding=\"async\" width=\"500\" height=\"375\" data-src=\"https:\/\/www.wzdluzdrogi.pl\/wp-content\/uploads\/2023\/02\/Flaeskesteg-med-det-hele-2-500x375-1.jpg\" class=\"attachment-large size-large wp-image-4771 lazyload\" alt=\"co warto zje\u015b\u0107 w Danii, du\u0144ska kuchnia\" data-srcset=\"https:\/\/www.wzdluzdrogi.pl\/wp-content\/uploads\/2023\/02\/Flaeskesteg-med-det-hele-2-500x375-1.jpg 500w, https:\/\/www.wzdluzdrogi.pl\/wp-content\/uploads\/2023\/02\/Flaeskesteg-med-det-hele-2-500x375-1-300x225.jpg 300w\" data-sizes=\"(max-width: 500px) 100vw, 500px\" src=\"data:image\/svg+xml;base64,PHN2ZyB3aWR0aD0iMSIgaGVpZ2h0PSIxIiB4bWxucz0iaHR0cDovL3d3dy53My5vcmcvMjAwMC9zdmciPjwvc3ZnPg==\" style=\"--smush-placeholder-width: 500px; --smush-placeholder-aspect-ratio: 500\/375;\" \/>\t\t\t\t\t\t\t\t\t\t\t<figcaption class=\"widget-image-caption wp-caption-text\">https:\/\/gastrofun.dk\/wp-content\/uploads\/2019\/07\/Flaeskesteg-med-det-hele-2-500x375.jpg<\/figcaption>\n\t\t\t\t\t\t\t\t\t\t<\/figure>\n\t\t\t\t\t\t\t\t\t<\/div>\n\t\t\t\t<\/div>\n\t\t\t\t\t<\/div>\n\t\t<\/div>\n\t\t\t\t\t<\/div>\n\t\t<\/section>\n\t\t\t\t<section class=\"elementor-section elementor-top-section elementor-element elementor-element-003b04e elementor-section-boxed elementor-section-height-default elementor-section-height-default\" data-id=\"003b04e\" data-element_type=\"section\" data-e-type=\"section\">\n\t\t\t\t\t\t<div class=\"elementor-container elementor-column-gap-default\">\n\t\t\t\t\t<div class=\"elementor-column elementor-col-100 elementor-top-column elementor-element elementor-element-6b19bb5\" data-id=\"6b19bb5\" data-element_type=\"column\" data-e-type=\"column\">\n\t\t\t<div class=\"elementor-widget-wrap elementor-element-populated\">\n\t\t\t\t\t\t<div class=\"elementor-element elementor-element-37a534b elementor-widget elementor-widget-heading\" data-id=\"37a534b\" data-element_type=\"widget\" data-e-type=\"widget\" data-widget_type=\"heading.default\">\n\t\t\t\t<div class=\"elementor-widget-container\">\n\t\t\t\t\t<h2 class=\"elementor-heading-title elementor-size-default\">Leverpostej<\/h2>\t\t\t\t<\/div>\n\t\t\t\t<\/div>\n\t\t\t\t<div class=\"elementor-element elementor-element-950daf9 elementor-widget elementor-widget-text-editor\" data-id=\"950daf9\" data-element_type=\"widget\" data-e-type=\"widget\" data-widget_type=\"text-editor.default\">\n\t\t\t\t<div class=\"elementor-widget-container\">\n\t\t\t\t\t\t\t\t\t<p>Leverpostej, czyli pasztet w\u0105trobowy. W Danii kupicie go praktycznie wsz\u0119dzie. W supermarketach, w wersji do pieczenia, a nawet ju\u017c gotowy, podgrzany i pachn\u0105cy. To absolutny \u201emust have\u201d na kromce \u017cytniego chleba rugbr\u00f8d. Co ciekawe, leverpostej jest tak popularny, \u017ce trudno znale\u017a\u0107 du\u0144sk\u0105 szkoln\u0105 sto\u0142\u00f3wk\u0119, w kt\u00f3rej dzieci nie zajadaj\u0105 tym.<\/p>\t\t\t\t\t\t\t\t<\/div>\n\t\t\t\t<\/div>\n\t\t\t\t\t<\/div>\n\t\t<\/div>\n\t\t\t\t\t<\/div>\n\t\t<\/section>\n\t\t\t\t<section class=\"elementor-section elementor-top-section elementor-element elementor-element-73700b5 elementor-section-boxed elementor-section-height-default elementor-section-height-default\" data-id=\"73700b5\" data-element_type=\"section\" data-e-type=\"section\">\n\t\t\t\t\t\t<div class=\"elementor-container elementor-column-gap-default\">\n\t\t\t\t\t<div class=\"elementor-column elementor-col-100 elementor-top-column elementor-element elementor-element-662cdcb\" data-id=\"662cdcb\" data-element_type=\"column\" data-e-type=\"column\">\n\t\t\t<div class=\"elementor-widget-wrap elementor-element-populated\">\n\t\t\t\t\t\t<div class=\"elementor-element elementor-element-4eec52b elementor-widget elementor-widget-heading\" data-id=\"4eec52b\" data-element_type=\"widget\" data-e-type=\"widget\" data-widget_type=\"heading.default\">\n\t\t\t\t<div class=\"elementor-widget-container\">\n\t\t\t\t\t<h2 class=\"elementor-heading-title elementor-size-default\">P\u00f8lsevogn \u2013 du\u0144ski fast food<\/h2>\t\t\t\t<\/div>\n\t\t\t\t<\/div>\n\t\t\t\t<div class=\"elementor-element elementor-element-c1f4d3d elementor-widget elementor-widget-text-editor\" data-id=\"c1f4d3d\" data-element_type=\"widget\" data-e-type=\"widget\" data-widget_type=\"text-editor.default\">\n\t\t\t\t<div class=\"elementor-widget-container\">\n\t\t\t\t\t\t\t\t\t<p>Skoro m\u00f3wimy o kuchni, nie mo\u017cemy pomin\u0105\u0107 p\u00f8lsevogn, czyli ulicznych budek z hot-dogami. To prawdziwa ikona Danii! Na pierwszy rzut oka mog\u0105 wydawa\u0107 si\u0119 zwyk\u0142ym fast foodem, ale wystarczy spr\u00f3bowa\u0107, \u017ceby poczu\u0107 r\u00f3\u017cnic\u0119. Najcz\u0119\u015bciej w bu\u0142ce znajdziecie r\u00f8d p\u00f8lse, czyli charakterystyczn\u0105, czerwon\u0105 par\u00f3wk\u0119, do tego remoulad\u0119, keczup, musztard\u0119, chrupi\u0105c\u0105 sma\u017con\u0105 cebulk\u0119 i plasterki kiszonego og\u00f3rka. Proste? Tak. Pyszne? Jeszcze jak!<\/p>\t\t\t\t\t\t\t\t<\/div>\n\t\t\t\t<\/div>\n\t\t\t\t\t<\/div>\n\t\t<\/div>\n\t\t\t\t\t<\/div>\n\t\t<\/section>\n\t\t\t\t<section class=\"elementor-section elementor-top-section elementor-element elementor-element-c9b649a elementor-section-boxed elementor-section-height-default elementor-section-height-default\" data-id=\"c9b649a\" data-element_type=\"section\" data-e-type=\"section\">\n\t\t\t\t\t\t<div class=\"elementor-container elementor-column-gap-default\">\n\t\t\t\t\t<div class=\"elementor-column elementor-col-100 elementor-top-column elementor-element elementor-element-927e350\" data-id=\"927e350\" data-element_type=\"column\" data-e-type=\"column\">\n\t\t\t<div class=\"elementor-widget-wrap elementor-element-populated\">\n\t\t\t\t\t\t<div class=\"elementor-element elementor-element-35906cd elementor-widget elementor-widget-heading\" data-id=\"35906cd\" data-element_type=\"widget\" data-e-type=\"widget\" data-widget_type=\"heading.default\">\n\t\t\t\t<div class=\"elementor-widget-container\">\n\t\t\t\t\t<h2 class=\"elementor-heading-title elementor-size-default\">Sezonowe przysmaki du\u0144skiej kuchnii<\/h2>\t\t\t\t<\/div>\n\t\t\t\t<\/div>\n\t\t\t\t<div class=\"elementor-element elementor-element-ff0b2ab elementor-widget elementor-widget-text-editor\" data-id=\"ff0b2ab\" data-element_type=\"widget\" data-e-type=\"widget\" data-widget_type=\"text-editor.default\">\n\t\t\t\t<div class=\"elementor-widget-container\">\n\t\t\t\t\t\t\t\t\t<p>Du\u0144ska kuchnia ma te\u017c swoje typowo sezonowe smako\u0142yki, kt\u00f3re pojawiaj\u0105 si\u0119 tylko o okre\u015blonej porze roku. Je\u015bli wi\u0119c odwiedzicie Dani\u0119 zim\u0105 albo latem, koniecznie zwr\u00f3\u0107cie uwag\u0119 na te przysmaki.<\/p>\t\t\t\t\t\t\t\t<\/div>\n\t\t\t\t<\/div>\n\t\t\t\t<div class=\"elementor-element elementor-element-0c3ab0a elementor-widget elementor-widget-heading\" data-id=\"0c3ab0a\" data-element_type=\"widget\" data-e-type=\"widget\" data-widget_type=\"heading.default\">\n\t\t\t\t<div class=\"elementor-widget-container\">\n\t\t\t\t\t<h2 class=\"elementor-heading-title elementor-size-default\">\u00c6bleskiver<\/h2>\t\t\t\t<\/div>\n\t\t\t\t<\/div>\n\t\t\t\t<div class=\"elementor-element elementor-element-375a779 elementor-widget elementor-widget-text-editor\" data-id=\"375a779\" data-element_type=\"widget\" data-e-type=\"widget\" data-widget_type=\"text-editor.default\">\n\t\t\t\t<div class=\"elementor-widget-container\">\n\t\t\t\t\t\t\t\t\t<p>Zim\u0105 kr\u00f3luj\u0105 \u00e6bleskiver, czyli \u00a0ma\u0142e, okr\u0105g\u0142e p\u0105czuszki, kt\u00f3re tradycyjnie zajada si\u0119 w okresie Bo\u017cego Narodzenia. To takie du\u0144skie \u201emini p\u0105czki\u201d, kt\u00f3re zwykle podaje si\u0119 z cukrem pudrem i d\u017cemem malinowym. Najcz\u0119\u015bciej kupicie je w supermarketach, w zamra\u017carkach. Wystarczy wrzuci\u0107 do piekarnika i ju\u017c po chwili mo\u017cna cieszy\u0107 si\u0119 ich smakiem. My mamy je pomro\u017cone przez ca\u0142y rok, kupujemy w styczniu kiedy powoli znikaj\u0105 ze sklep\u00f3w, by m\u00f3c cieszy\u0107 si\u0119 nimi d\u0142u\u017cej. \ud83d\ude1b<\/p>\t\t\t\t\t\t\t\t<\/div>\n\t\t\t\t<\/div>\n\t\t\t\t<div class=\"elementor-element elementor-element-f2511db elementor-widget elementor-widget-heading\" data-id=\"f2511db\" data-element_type=\"widget\" data-e-type=\"widget\" data-widget_type=\"heading.default\">\n\t\t\t\t<div class=\"elementor-widget-container\">\n\t\t\t\t\t<h2 class=\"elementor-heading-title elementor-size-default\">Risalamande<\/h2>\t\t\t\t<\/div>\n\t\t\t\t<\/div>\n\t\t\t\t<div class=\"elementor-element elementor-element-e8d2996 elementor-widget elementor-widget-text-editor\" data-id=\"e8d2996\" data-element_type=\"widget\" data-e-type=\"widget\" data-widget_type=\"text-editor.default\">\n\t\t\t\t<div class=\"elementor-widget-container\">\n\t\t\t\t\t\t\t\t\t<p>Na \u015bwi\u0105tecznym stole nie mo\u017ce te\u017c zabrakn\u0105\u0107 risalamande, deseru, kt\u00f3ry \u0142\u0105czy w sobie prostot\u0119 i co\u015b bardzo wyj\u0105tkowego. To ry\u017c na mleku wymieszany z bit\u0105 \u015bmietan\u0105, wanili\u0105 i posiekanymi migda\u0142ami, podawany z g\u0119stym, pachn\u0105cym sosem wi\u015bniowym (kirseb\u00e6rsauce). Ale jest tu jeszcze jeden smaczek, w ca\u0142ej misce ukrywa si\u0119 jeden ca\u0142y migda\u0142. Osoba, kt\u00f3ra go znajdzie, dostaje drobny prezent albo upominek (taki ma\u0142y element zabawy podczas \u015bwi\u0105tecznej kolacji). To danie tak mocno kojarzy si\u0119 z Bo\u017cym Narodzeniem, \u017ce Du\u0144czycy nie wyobra\u017caj\u0105 sobie \u015bwi\u0105t bez risalamande.<\/p>\t\t\t\t\t\t\t\t<\/div>\n\t\t\t\t<\/div>\n\t\t\t\t<div class=\"elementor-element elementor-element-4eca234 elementor-widget elementor-widget-heading\" data-id=\"4eca234\" data-element_type=\"widget\" data-e-type=\"widget\" data-widget_type=\"heading.default\">\n\t\t\t\t<div class=\"elementor-widget-container\">\n\t\t\t\t\t<h2 class=\"elementor-heading-title elementor-size-default\">Koldsk\u00e5l<\/h2>\t\t\t\t<\/div>\n\t\t\t\t<\/div>\n\t\t\t\t<div class=\"elementor-element elementor-element-ebf7397 elementor-widget elementor-widget-text-editor\" data-id=\"ebf7397\" data-element_type=\"widget\" data-e-type=\"widget\" data-widget_type=\"text-editor.default\">\n\t\t\t\t<div class=\"elementor-widget-container\">\n\t\t\t\t\t\t\t\t\t<p>Latem natomiast kr\u00f3luje koldsk\u00e5l \u2013 lekki, orze\u017awiaj\u0105cy deser, idealny na gor\u0105ce dni. To co\u015b pomi\u0119dzy zsiad\u0142ym mlekiem a jogurtem, lekko kwa\u015bne, podawane na zimno, cz\u0119sto z chrupi\u0105cymi ciasteczkami kammerjunkere.<\/p>\t\t\t\t\t\t\t\t<\/div>\n\t\t\t\t<\/div>\n\t\t\t\t\t<\/div>\n\t\t<\/div>\n\t\t\t\t\t<\/div>\n\t\t<\/section>\n\t\t\t\t<section class=\"elementor-section elementor-top-section elementor-element elementor-element-68bff02 elementor-section-boxed elementor-section-height-default elementor-section-height-default\" data-id=\"68bff02\" data-element_type=\"section\" data-e-type=\"section\">\n\t\t\t\t\t\t<div class=\"elementor-container elementor-column-gap-default\">\n\t\t\t\t\t<div class=\"elementor-column elementor-col-100 elementor-top-column elementor-element elementor-element-0f57d43\" data-id=\"0f57d43\" data-element_type=\"column\" data-e-type=\"column\">\n\t\t\t<div class=\"elementor-widget-wrap elementor-element-populated\">\n\t\t\t\t\t\t<div class=\"elementor-element elementor-element-bdc3c7c elementor-widget elementor-widget-image\" data-id=\"bdc3c7c\" data-element_type=\"widget\" data-e-type=\"widget\" data-widget_type=\"image.default\">\n\t\t\t\t<div class=\"elementor-widget-container\">\n\t\t\t\t\t\t\t\t\t\t\t\t\t\t\t<img decoding=\"async\" width=\"1024\" height=\"683\" data-src=\"https:\/\/www.wzdluzdrogi.pl\/wp-content\/uploads\/2023\/02\/madara-moroza-pGDAyt7Zsp8-unsplash-1024x683.jpg\" class=\"attachment-large size-large wp-image-2902 lazyload\" alt=\"co warto zje\u015b\u0107 w Danii, z jakich da\u0144 s\u0142ynie Dania\" data-srcset=\"https:\/\/www.wzdluzdrogi.pl\/wp-content\/uploads\/2023\/02\/madara-moroza-pGDAyt7Zsp8-unsplash-1024x683.jpg 1024w, https:\/\/www.wzdluzdrogi.pl\/wp-content\/uploads\/2023\/02\/madara-moroza-pGDAyt7Zsp8-unsplash-300x200.jpg 300w, https:\/\/www.wzdluzdrogi.pl\/wp-content\/uploads\/2023\/02\/madara-moroza-pGDAyt7Zsp8-unsplash-768x512.jpg 768w, https:\/\/www.wzdluzdrogi.pl\/wp-content\/uploads\/2023\/02\/madara-moroza-pGDAyt7Zsp8-unsplash-1536x1024.jpg 1536w, https:\/\/www.wzdluzdrogi.pl\/wp-content\/uploads\/2023\/02\/madara-moroza-pGDAyt7Zsp8-unsplash-2048x1365.jpg 2048w, https:\/\/www.wzdluzdrogi.pl\/wp-content\/uploads\/2023\/02\/madara-moroza-pGDAyt7Zsp8-unsplash-90x60.jpg 90w, https:\/\/www.wzdluzdrogi.pl\/wp-content\/uploads\/2023\/02\/madara-moroza-pGDAyt7Zsp8-unsplash-scaled.jpg 1600w\" data-sizes=\"(max-width: 1024px) 100vw, 1024px\" src=\"data:image\/svg+xml;base64,PHN2ZyB3aWR0aD0iMSIgaGVpZ2h0PSIxIiB4bWxucz0iaHR0cDovL3d3dy53My5vcmcvMjAwMC9zdmciPjwvc3ZnPg==\" style=\"--smush-placeholder-width: 1024px; --smush-placeholder-aspect-ratio: 1024\/683;\" \/>\t\t\t\t\t\t\t\t\t\t\t\t\t\t\t<\/div>\n\t\t\t\t<\/div>\n\t\t\t\t\t<\/div>\n\t\t<\/div>\n\t\t\t\t\t<\/div>\n\t\t<\/section>\n\t\t\t\t<section class=\"elementor-section elementor-top-section elementor-element elementor-element-dfd8590 elementor-section-boxed elementor-section-height-default elementor-section-height-default\" data-id=\"dfd8590\" data-element_type=\"section\" data-e-type=\"section\">\n\t\t\t\t\t\t<div class=\"elementor-container elementor-column-gap-default\">\n\t\t\t\t\t<div class=\"elementor-column elementor-col-100 elementor-top-column elementor-element elementor-element-1a5f5f0\" data-id=\"1a5f5f0\" data-element_type=\"column\" data-e-type=\"column\">\n\t\t\t<div class=\"elementor-widget-wrap elementor-element-populated\">\n\t\t\t\t\t\t<div class=\"elementor-element elementor-element-e4a72c1 elementor-widget elementor-widget-heading\" data-id=\"e4a72c1\" data-element_type=\"widget\" data-e-type=\"widget\" data-widget_type=\"heading.default\">\n\t\t\t\t<div class=\"elementor-widget-container\">\n\t\t\t\t\t<h2 class=\"elementor-heading-title elementor-size-default\">A co spr\u00f3bowa\u0107 na s\u0142odko w Danii?<\/h2>\t\t\t\t<\/div>\n\t\t\t\t<\/div>\n\t\t\t\t<div class=\"elementor-element elementor-element-81813ae elementor-widget elementor-widget-text-editor\" data-id=\"81813ae\" data-element_type=\"widget\" data-e-type=\"widget\" data-widget_type=\"text-editor.default\">\n\t\t\t\t<div class=\"elementor-widget-container\">\n\t\t\t\t\t\t\t\t\t<p data-start=\"306\" data-end=\"511\">Je\u015bli kochacie ciasta i dro\u017cd\u017c\u00f3wki, to w Danii poczujecie si\u0119 jak w raju.<\/p>\n<ul data-start=\"513\" data-end=\"1710\">\n<li data-start=\"513\" data-end=\"798\">\n<p data-start=\"515\" data-end=\"798\"><strong data-start=\"515\" data-end=\"529\">Kanelsnegl<\/strong> \u2013 czyli du\u0144ska wersja cynamonowych bu\u0142eczek. Co\u015b pomi\u0119dzy naszym dro\u017cd\u017cowym zawija\u0144cem a szwedzkim <em data-start=\"629\" data-end=\"642\">kanelbullar<\/em>. S\u0105 mi\u0119ciutkie, aromatyczne i pachn\u0105 \u015bwi\u0119tami, cho\u0107 dost\u0119pne s\u0105 w piekarniach i sklepach przez ca\u0142y rok.\u00a0<\/p>\n<\/li>\n<li data-start=\"799\" data-end=\"1172\">\n<p data-start=\"801\" data-end=\"1172\"><strong data-start=\"801\" data-end=\"815\">Wienerbr\u00f8d<\/strong> \u2013 ciasto, kt\u00f3re co prawda przyby\u0142o do Danii z Wiednia, ale Du\u0144czycy doprowadzili je do perfekcji. To w\u0142a\u015bnie z tego ciasta powstaje wi\u0119kszo\u015b\u0107 du\u0144skich s\u0142odkich wypiek\u00f3w. Z zewn\u0105trz chrupi\u0105ce, w \u015brodku ma\u015blane i delikatne, cz\u0119sto dekorowane lukrem albo posypane orzechami. Warto spr\u00f3bowa\u0107 r\u00f3\u017cnych wariant\u00f3w, bo ka\u017cda piekarnia ma swoje \u201etajemne\u201d przepisy.<\/p>\n<\/li>\n<li data-start=\"1173\" data-end=\"1407\">\n<p data-start=\"1175\" data-end=\"1407\"><strong data-start=\"1175\" data-end=\"1193\">Hindb\u00e6rsnitter<\/strong> \u2013 kruche ciasto prze\u0142o\u017cone d\u017cemem malinowym i polane lukrem. Wygl\u0105da niepozornie, ale smakuje ob\u0142\u0119dnie \u2013 szczeg\u00f3lnie wtedy, gdy lukier udekorowany jest kolorow\u0105 posypk\u0105.\u00a0<\/p>\n<\/li>\n<li data-start=\"1408\" data-end=\"1710\">\n<p data-start=\"1410\" data-end=\"1710\"><strong data-start=\"1410\" data-end=\"1431\">R\u00f8dgr\u00f8d med fl\u00f8de<\/strong> \u2013 deser, kt\u00f3rego nazwa jest chyba najwi\u0119kszym j\u0119zykowym wyzwaniem dla turyst\u00f3w! \ud83d\ude09 To co\u015b w rodzaju g\u0119stego kisielu albo owocowego puddingu, przygotowanego z czerwonych owoc\u00f3w, jak truskawki, czy wi\u015bnie. Podaje si\u0119 go ze \u015bmietan\u0105 krem\u00f3wk\u0105 i naprawd\u0119 trudno si\u0119 od niego oderwa\u0107.<\/p>\n<\/li>\n<\/ul>\t\t\t\t\t\t\t\t<\/div>\n\t\t\t\t<\/div>\n\t\t\t\t\t<\/div>\n\t\t<\/div>\n\t\t\t\t\t<\/div>\n\t\t<\/section>\n\t\t\t\t<section class=\"elementor-section elementor-top-section elementor-element elementor-element-030ee54 elementor-section-boxed elementor-section-height-default elementor-section-height-default\" data-id=\"030ee54\" data-element_type=\"section\" data-e-type=\"section\">\n\t\t\t\t\t\t<div class=\"elementor-container elementor-column-gap-default\">\n\t\t\t\t\t<div class=\"elementor-column elementor-col-100 elementor-top-column elementor-element elementor-element-ee60329\" data-id=\"ee60329\" data-element_type=\"column\" data-e-type=\"column\">\n\t\t\t<div class=\"elementor-widget-wrap elementor-element-populated\">\n\t\t\t\t\t\t<div class=\"elementor-element elementor-element-f44c70f elementor-widget elementor-widget-heading\" data-id=\"f44c70f\" data-element_type=\"widget\" data-e-type=\"widget\" data-widget_type=\"heading.default\">\n\t\t\t\t<div class=\"elementor-widget-container\">\n\t\t\t\t\t<h2 class=\"elementor-heading-title elementor-size-default\">Du\u0144skie napoje alkoholowe i bezalkoholowe. | Co warto zje\u015b\u0107, b\u0119d\u0105c w Danii?<\/h2>\t\t\t\t<\/div>\n\t\t\t\t<\/div>\n\t\t\t\t<div class=\"elementor-element elementor-element-d5e4e05 elementor-widget elementor-widget-text-editor\" data-id=\"d5e4e05\" data-element_type=\"widget\" data-e-type=\"widget\" data-widget_type=\"text-editor.default\">\n\t\t\t\t<div class=\"elementor-widget-container\">\n\t\t\t\t\t\t\t\t\t<p data-start=\"1779\" data-end=\"1922\">Do jedzenia oczywi\u015bcie dochodz\u0105 tak\u017ce napoje, a w Danii znajdziecie sporo ciekawych smak\u00f3w, zar\u00f3wno tych bezalkoholowych, jak i procentowych.<\/p>\n<ul data-start=\"1924\" data-end=\"3128\">\n<li data-start=\"1924\" data-end=\"2097\">\n<p data-start=\"1926\" data-end=\"2097\"><strong data-start=\"1926\" data-end=\"1940\">Faxe Kondi<\/strong> \u2013 bezalkoholowy nap\u00f3j gazowany, bardzo popularny w\u015br\u00f3d Du\u0144czyk\u00f3w. Smakiem przypomina Sprite\u2019a, ale ma w sobie co\u015b wyj\u0105tkowego. Spr\u00f3bujcie i oce\u0144cie sami.<\/p>\n<\/li>\n<li data-start=\"2098\" data-end=\"2300\">\n<p data-start=\"2100\" data-end=\"2300\"><strong data-start=\"2100\" data-end=\"2116\">Gammel Dansk<\/strong> \u2013 gorzki likier zio\u0142owy, kt\u00f3ry troch\u0119 przypomina niemieckiego J\u00e4germeistera. Tradycyjnie podaje si\u0119 go rano, \u201edla zdrowia\u201d, cho\u0107 dzi\u015b cz\u0119\u015bciej pije si\u0119 go przy specjalnych okazjach.<\/p>\n<\/li>\n<li data-start=\"2301\" data-end=\"2588\">\n<p data-start=\"2303\" data-end=\"2588\"><strong data-start=\"2303\" data-end=\"2329\">Aalborg Taffel Akvavit<\/strong> \u2013 alkohol o d\u0142ugiej historii, produkowany w Aalborgu na Jutlandii. Najpro\u015bciej opisa\u0107 go jako co\u015b pomi\u0119dzy brandy a w\u00f3dk\u0105, ale z mocnym zio\u0142owym charakterem.\u00a0<\/p>\n<\/li>\n<li data-start=\"2589\" data-end=\"2781\">\n<p data-start=\"2591\" data-end=\"2781\"><strong data-start=\"2591\" data-end=\"2600\">Moka\u00ef<\/strong> \u2013 cydr, produkowany przez popularn\u0105 du\u0144sk\u0105 firm\u0119 Cult. Dost\u0119pny w wielu smakach i uwielbiany szczeg\u00f3lnie przez m\u0142odsze pokolenie. Lekki, orze\u017awiaj\u0105cy i dobry na letnie wieczory.<\/p>\n<\/li>\n<li data-start=\"2782\" data-end=\"2999\">\n<p data-start=\"2784\" data-end=\"2999\"><strong data-start=\"2784\" data-end=\"2793\">Gl\u00f8gg<\/strong> \u2013 klasyk \u015bwi\u0105tecznych jarmark\u00f3w! To du\u0144ska wersja grzanego wina, z dodatkiem przypraw korzennych, migda\u0142\u00f3w i rodzynek. Rozgrzewa tak, \u017ce nawet najbardziej wietrzny, zimowy spacer staje si\u0119 przyjemno\u015bci\u0105.<\/p>\n<\/li>\n<li data-start=\"3000\" data-end=\"3128\">\n<p data-start=\"3002\" data-end=\"3128\"><strong data-start=\"3002\" data-end=\"3018\">Danzka Vodka<\/strong> \u2013 w\u00f3dka destylowana z du\u0144skiej pszenicy. Rozpoznacie j\u0105 od razu po charakterystycznej, aluminiowej butelce.<\/p>\n<\/li>\n<\/ul>\n<p data-start=\"3130\" data-end=\"3410\">No i oczywi\u015bcie piwo \u2013 Danii nie da si\u0119 wyobrazi\u0107 bez takich marek jak Tuborg czy Carlsberg, kt\u00f3re znane s\u0105 na ca\u0142ym \u015bwiecie. Ale warto spr\u00f3bowa\u0107 te\u017c piw mniej popularnych, lokalnych browar\u00f3w, bo w ostatnich latach kraftowe piwa w Danii prze\u017cywaj\u0105 prawdziwy rozkwit.<\/p>\t\t\t\t\t\t\t\t<\/div>\n\t\t\t\t<\/div>\n\t\t\t\t\t<\/div>\n\t\t<\/div>\n\t\t\t\t\t<\/div>\n\t\t<\/section>\n\t\t\t\t<section class=\"elementor-section elementor-top-section elementor-element elementor-element-704ae22 elementor-section-boxed elementor-section-height-default elementor-section-height-default\" data-id=\"704ae22\" data-element_type=\"section\" data-e-type=\"section\">\n\t\t\t\t\t\t<div class=\"elementor-container elementor-column-gap-default\">\n\t\t\t\t\t<div class=\"elementor-column elementor-col-100 elementor-top-column elementor-element elementor-element-6ac779b\" data-id=\"6ac779b\" data-element_type=\"column\" data-e-type=\"column\">\n\t\t\t<div class=\"elementor-widget-wrap elementor-element-populated\">\n\t\t\t\t\t\t<div class=\"elementor-element elementor-element-fd13594 elementor-widget elementor-widget-text-editor\" data-id=\"fd13594\" data-element_type=\"widget\" data-e-type=\"widget\" data-widget_type=\"text-editor.default\">\n\t\t\t\t<div class=\"elementor-widget-container\">\n\t\t\t\t\t\t\t\t\t<p><strong>Interesuje ci\u0119 Dania? Zobacz r\u00f3wnie\u017c:<\/strong><\/p>\t\t\t\t\t\t\t\t<\/div>\n\t\t\t\t<\/div>\n\t\t\t\t\t<\/div>\n\t\t<\/div>\n\t\t\t\t\t<\/div>\n\t\t<\/section>\n\t\t\t\t<section class=\"elementor-section elementor-top-section elementor-element elementor-element-f482198 elementor-section-full_width elementor-section-stretched elementor-section-height-default elementor-section-height-default elementor-invisible\" data-id=\"f482198\" data-element_type=\"section\" data-e-type=\"section\" data-settings=\"{&quot;background_background&quot;:&quot;classic&quot;,&quot;animation&quot;:&quot;fadeInLeft&quot;,&quot;stretch_section&quot;:&quot;section-stretched&quot;}\">\n\t\t\t\t\t\t\t<div class=\"elementor-background-overlay\"><\/div>\n\t\t\t\t\t\t\t<div class=\"elementor-container elementor-column-gap-wider\">\n\t\t\t\t\t<div class=\"elementor-column elementor-col-33 elementor-top-column elementor-element elementor-element-1d79eb7\" data-id=\"1d79eb7\" data-element_type=\"column\" data-e-type=\"column\">\n\t\t\t<div class=\"elementor-widget-wrap elementor-element-populated\">\n\t\t\t\t\t\t<div class=\"elementor-element elementor-element-4fd4314 elementor-widget elementor-widget-image\" data-id=\"4fd4314\" data-element_type=\"widget\" data-e-type=\"widget\" data-widget_type=\"image.default\">\n\t\t\t\t<div class=\"elementor-widget-container\">\n\t\t\t\t\t\t\t\t\t\t\t\t<figure class=\"wp-caption\">\n\t\t\t\t\t\t\t\t\t\t\t<a href=\"https:\/\/www.wzdluzdrogi.pl\/index.php\/2023\/06\/19\/atrakcje-dla-dzieci-w-danii\/\">\n\t\t\t\t\t\t\t<img decoding=\"async\" width=\"683\" height=\"1024\" data-src=\"https:\/\/www.wzdluzdrogi.pl\/wp-content\/uploads\/2018\/09\/MG_4949-683x1024.jpg\" class=\"elementor-animation-rotate attachment-large size-large wp-image-3368 lazyload\" alt=\"\" data-srcset=\"https:\/\/www.wzdluzdrogi.pl\/wp-content\/uploads\/2018\/09\/MG_4949-683x1024.jpg 683w, https:\/\/www.wzdluzdrogi.pl\/wp-content\/uploads\/2018\/09\/MG_4949-200x300.jpg 200w, https:\/\/www.wzdluzdrogi.pl\/wp-content\/uploads\/2018\/09\/MG_4949-768x1152.jpg 768w, https:\/\/www.wzdluzdrogi.pl\/wp-content\/uploads\/2018\/09\/MG_4949-1024x1536.jpg 1024w, https:\/\/www.wzdluzdrogi.pl\/wp-content\/uploads\/2018\/09\/MG_4949-1365x2048.jpg 1365w, https:\/\/www.wzdluzdrogi.pl\/wp-content\/uploads\/2018\/09\/MG_4949-40x60.jpg 40w, https:\/\/www.wzdluzdrogi.pl\/wp-content\/uploads\/2018\/09\/MG_4949-scaled.jpg 1066w\" data-sizes=\"(max-width: 683px) 100vw, 683px\" src=\"data:image\/svg+xml;base64,PHN2ZyB3aWR0aD0iMSIgaGVpZ2h0PSIxIiB4bWxucz0iaHR0cDovL3d3dy53My5vcmcvMjAwMC9zdmciPjwvc3ZnPg==\" style=\"--smush-placeholder-width: 683px; --smush-placeholder-aspect-ratio: 683\/1024;\" \/>\t\t\t\t\t\t\t\t<\/a>\n\t\t\t\t\t\t\t\t\t\t\t<figcaption class=\"widget-image-caption wp-caption-text\"><\/figcaption>\n\t\t\t\t\t\t\t\t\t\t<\/figure>\n\t\t\t\t\t\t\t\t\t<\/div>\n\t\t\t\t<\/div>\n\t\t\t\t<div class=\"elementor-element elementor-element-1860649 elementor-widget elementor-widget-text-editor\" data-id=\"1860649\" data-element_type=\"widget\" data-e-type=\"widget\" data-widget_type=\"text-editor.default\">\n\t\t\t\t<div class=\"elementor-widget-container\">\n\t\t\t\t\t\t\t\t\t<p>Atrakcje dla dzieci w Danii<\/p>\t\t\t\t\t\t\t\t<\/div>\n\t\t\t\t<\/div>\n\t\t\t\t\t<\/div>\n\t\t<\/div>\n\t\t\t\t<div class=\"elementor-column elementor-col-33 elementor-top-column elementor-element elementor-element-f3bb534\" data-id=\"f3bb534\" data-element_type=\"column\" data-e-type=\"column\">\n\t\t\t<div class=\"elementor-widget-wrap elementor-element-populated\">\n\t\t\t\t\t\t<div class=\"elementor-element elementor-element-127b51f elementor-widget elementor-widget-image\" data-id=\"127b51f\" data-element_type=\"widget\" data-e-type=\"widget\" data-widget_type=\"image.default\">\n\t\t\t\t<div class=\"elementor-widget-container\">\n\t\t\t\t\t\t\t\t\t\t\t\t\t\t\t\t<a href=\"https:\/\/www.wzdluzdrogi.pl\/index.php\/2022\/08\/17\/ukryte-atrakcje-w-kopenhadze-o-ktorych-nie-miales-pojecia\/\">\n\t\t\t\t\t\t\t<img decoding=\"async\" width=\"683\" height=\"1024\" data-src=\"https:\/\/www.wzdluzdrogi.pl\/wp-content\/uploads\/2021\/07\/glyptoteket-atrakcje-danii-co-warto-zobaczyc-w-danii-683x1024.jpg\" class=\"elementor-animation-rotate attachment-large size-large wp-image-1868 lazyload\" alt=\"\" data-srcset=\"https:\/\/www.wzdluzdrogi.pl\/wp-content\/uploads\/2021\/07\/glyptoteket-atrakcje-danii-co-warto-zobaczyc-w-danii-683x1024.jpg 683w, https:\/\/www.wzdluzdrogi.pl\/wp-content\/uploads\/2021\/07\/glyptoteket-atrakcje-danii-co-warto-zobaczyc-w-danii-200x300.jpg 200w, https:\/\/www.wzdluzdrogi.pl\/wp-content\/uploads\/2021\/07\/glyptoteket-atrakcje-danii-co-warto-zobaczyc-w-danii-768x1152.jpg 768w, https:\/\/www.wzdluzdrogi.pl\/wp-content\/uploads\/2021\/07\/glyptoteket-atrakcje-danii-co-warto-zobaczyc-w-danii-40x60.jpg 40w, https:\/\/www.wzdluzdrogi.pl\/wp-content\/uploads\/2021\/07\/glyptoteket-atrakcje-danii-co-warto-zobaczyc-w-danii.jpg 867w\" data-sizes=\"(max-width: 683px) 100vw, 683px\" src=\"data:image\/svg+xml;base64,PHN2ZyB3aWR0aD0iMSIgaGVpZ2h0PSIxIiB4bWxucz0iaHR0cDovL3d3dy53My5vcmcvMjAwMC9zdmciPjwvc3ZnPg==\" style=\"--smush-placeholder-width: 683px; --smush-placeholder-aspect-ratio: 683\/1024;\" \/>\t\t\t\t\t\t\t\t<\/a>\n\t\t\t\t\t\t\t\t\t\t\t\t\t\t\t<\/div>\n\t\t\t\t<\/div>\n\t\t\t\t<div class=\"elementor-element elementor-element-7703b12 elementor-widget elementor-widget-text-editor\" data-id=\"7703b12\" data-element_type=\"widget\" data-e-type=\"widget\" data-widget_type=\"text-editor.default\">\n\t\t\t\t<div class=\"elementor-widget-container\">\n\t\t\t\t\t\t\t\t\t<p>Ukryte atrakcje w Kopenhadze<\/p>\t\t\t\t\t\t\t\t<\/div>\n\t\t\t\t<\/div>\n\t\t\t\t\t<\/div>\n\t\t<\/div>\n\t\t\t\t<div class=\"elementor-column elementor-col-33 elementor-top-column elementor-element elementor-element-e323ab0\" data-id=\"e323ab0\" data-element_type=\"column\" data-e-type=\"column\">\n\t\t\t<div class=\"elementor-widget-wrap elementor-element-populated\">\n\t\t\t\t\t\t<div class=\"elementor-element elementor-element-1ae3dd1 elementor-widget elementor-widget-image\" data-id=\"1ae3dd1\" data-element_type=\"widget\" data-e-type=\"widget\" data-widget_type=\"image.default\">\n\t\t\t\t<div class=\"elementor-widget-container\">\n\t\t\t\t\t\t\t\t\t\t\t\t\t\t\t\t<a href=\"https:\/\/www.wzdluzdrogi.pl\/index.php\/2023\/06\/05\/dania-parki-narodowe-i-malownicze-krajobrazy\/\">\n\t\t\t\t\t\t\t<img decoding=\"async\" width=\"683\" height=\"1024\" data-src=\"https:\/\/www.wzdluzdrogi.pl\/wp-content\/uploads\/2018\/09\/MG_1170-683x1024.jpg\" class=\"elementor-animation-rotate attachment-large size-large wp-image-3364 lazyload\" alt=\"dania - p\u00f3\u0142nocna jutlandia - lonstrup atrakcje danii\" data-srcset=\"https:\/\/www.wzdluzdrogi.pl\/wp-content\/uploads\/2018\/09\/MG_1170-683x1024.jpg 683w, https:\/\/www.wzdluzdrogi.pl\/wp-content\/uploads\/2018\/09\/MG_1170-200x300.jpg 200w, https:\/\/www.wzdluzdrogi.pl\/wp-content\/uploads\/2018\/09\/MG_1170-768x1152.jpg 768w, https:\/\/www.wzdluzdrogi.pl\/wp-content\/uploads\/2018\/09\/MG_1170-1024x1536.jpg 1024w, https:\/\/www.wzdluzdrogi.pl\/wp-content\/uploads\/2018\/09\/MG_1170-1365x2048.jpg 1365w, https:\/\/www.wzdluzdrogi.pl\/wp-content\/uploads\/2018\/09\/MG_1170-40x60.jpg 40w, https:\/\/www.wzdluzdrogi.pl\/wp-content\/uploads\/2018\/09\/MG_1170-scaled.jpg 1067w\" data-sizes=\"(max-width: 683px) 100vw, 683px\" src=\"data:image\/svg+xml;base64,PHN2ZyB3aWR0aD0iMSIgaGVpZ2h0PSIxIiB4bWxucz0iaHR0cDovL3d3dy53My5vcmcvMjAwMC9zdmciPjwvc3ZnPg==\" style=\"--smush-placeholder-width: 683px; --smush-placeholder-aspect-ratio: 683\/1024;\" \/>\t\t\t\t\t\t\t\t<\/a>\n\t\t\t\t\t\t\t\t\t\t\t\t\t\t\t<\/div>\n\t\t\t\t<\/div>\n\t\t\t\t<div class=\"elementor-element elementor-element-9195f8d elementor-widget elementor-widget-text-editor\" data-id=\"9195f8d\" data-element_type=\"widget\" data-e-type=\"widget\" data-widget_type=\"text-editor.default\">\n\t\t\t\t<div class=\"elementor-widget-container\">\n\t\t\t\t\t\t\t\t\t<p>Top naturalnych atrakcji w Danii. Parki narodowe i klify<\/p>\t\t\t\t\t\t\t\t<\/div>\n\t\t\t\t<\/div>\n\t\t\t\t\t<\/div>\n\t\t<\/div>\n\t\t\t\t\t<\/div>\n\t\t<\/section>\n\t\t\t\t<\/div>\n\t\t","protected":false},"excerpt":{"rendered":"<p>Zapewne s\u0142yszeli\u015bcie ju\u017c o tradycyjnych du\u0144skich kanapkach wype\u0142nionych po brzegi pysznymi, lokalnymi dodatkami. Cho\u0107 na pierwszy rzut oka mog\u0105 wydawa\u0107 si\u0119 nieco \u201eza bogate\u201d, to gwarantuj\u0119, \u017ce po pierwszym k\u0119sie zrozumiecie, dlaczego Du\u0144czycy tak je uwielbiaj\u0105.S\u0142ynne sm\u00f8rrebr\u00f8d znajdziemy w wielu r\u00f3\u017cnych wariantach, zadowol\u0105 si\u0119 nimi, ci, kt\u00f3rzy kochaj\u0105 owoce morza, ale tak\u017ce ci, kt\u00f3rzy przyzwyczajeni &hellip; <\/p>\n","protected":false},"author":1,"featured_media":2903,"comment_status":"open","ping_status":"closed","sticky":false,"template":"","format":"standard","meta":{"_monsterinsights_skip_tracking":false,"_monsterinsights_sitenote_active":false,"_monsterinsights_sitenote_note":"","_monsterinsights_sitenote_category":0,"footnotes":""},"categories":[69,26],"tags":[8,9],"class_list":["post-2897","post","type-post","status-publish","format-standard","has-post-thumbnail","hentry","category-dania","category-podroze","tag-kopenhaga","tag-polnocna-jutlandia"],"yoast_head":"<!-- This site is optimized with the Yoast SEO plugin v26.5 - https:\/\/yoast.com\/wordpress\/plugins\/seo\/ -->\n<title>Co warto zje\u015b\u0107, b\u0119d\u0105c w Danii? Z jakich da\u0144 s\u0142ynie Dania? - Wzd\u0142u\u017c Drogi<\/title>\n<meta name=\"description\" content=\"Co warto zje\u015b\u0107, b\u0119d\u0105c w Danii? Jakich tradycyjnych du\u0144skich da\u0144 spr\u00f3bowa\u0107? I z jakich da\u0144 s\u0142ynie Dania? O tym opowiemy wam w tym po\u015bcie!\" \/>\n<meta name=\"robots\" content=\"index, follow, max-snippet:-1, max-image-preview:large, max-video-preview:-1\" \/>\n<link rel=\"canonical\" href=\"https:\/\/www.wzdluzdrogi.pl\/index.php\/2023\/02\/20\/co-warto-zjesc-bedac-w-danii-z-jakich-dan-slynie-dania\/\" \/>\n<meta property=\"og:locale\" content=\"pl_PL\" \/>\n<meta property=\"og:type\" content=\"article\" \/>\n<meta property=\"og:title\" content=\"Co warto zje\u015b\u0107, b\u0119d\u0105c w Danii? Z jakich da\u0144 s\u0142ynie Dania? - Wzd\u0142u\u017c Drogi\" \/>\n<meta property=\"og:description\" content=\"Co warto zje\u015b\u0107, b\u0119d\u0105c w Danii? Jakich tradycyjnych du\u0144skich da\u0144 spr\u00f3bowa\u0107? I z jakich da\u0144 s\u0142ynie Dania? O tym opowiemy wam w tym po\u015bcie!\" \/>\n<meta property=\"og:url\" content=\"https:\/\/www.wzdluzdrogi.pl\/index.php\/2023\/02\/20\/co-warto-zjesc-bedac-w-danii-z-jakich-dan-slynie-dania\/\" \/>\n<meta property=\"og:site_name\" content=\"Wzd\u0142u\u017c Drogi\" \/>\n<meta property=\"article:published_time\" content=\"2023-02-20T16:22:40+00:00\" \/>\n<meta property=\"article:modified_time\" content=\"2025-08-26T15:47:13+00:00\" \/>\n<meta property=\"og:image\" content=\"https:\/\/www.wzdluzdrogi.pl\/wp-content\/uploads\/2023\/02\/nathalie-q56wb4qJfZs-unsplash-scaled.jpg\" \/>\n\t<meta property=\"og:image:width\" content=\"1600\" \/>\n\t<meta property=\"og:image:height\" content=\"1066\" \/>\n\t<meta property=\"og:image:type\" content=\"image\/jpeg\" \/>\n<meta name=\"author\" content=\"Wzdluzdrogi\" \/>\n<meta name=\"twitter:card\" content=\"summary_large_image\" \/>\n<meta name=\"twitter:label1\" content=\"Napisane przez\" \/>\n\t<meta name=\"twitter:data1\" content=\"Wzdluzdrogi\" \/>\n\t<meta name=\"twitter:label2\" content=\"Szacowany czas czytania\" \/>\n\t<meta name=\"twitter:data2\" content=\"10 minut\" \/>\n<script type=\"application\/ld+json\" class=\"yoast-schema-graph\">{\"@context\":\"https:\/\/schema.org\",\"@graph\":[{\"@type\":\"WebPage\",\"@id\":\"https:\/\/www.wzdluzdrogi.pl\/index.php\/2023\/02\/20\/co-warto-zjesc-bedac-w-danii-z-jakich-dan-slynie-dania\/\",\"url\":\"https:\/\/www.wzdluzdrogi.pl\/index.php\/2023\/02\/20\/co-warto-zjesc-bedac-w-danii-z-jakich-dan-slynie-dania\/\",\"name\":\"Co warto zje\u015b\u0107, b\u0119d\u0105c w Danii? Z jakich da\u0144 s\u0142ynie Dania? - Wzd\u0142u\u017c Drogi\",\"isPartOf\":{\"@id\":\"https:\/\/www.wzdluzdrogi.pl\/#website\"},\"primaryImageOfPage\":{\"@id\":\"https:\/\/www.wzdluzdrogi.pl\/index.php\/2023\/02\/20\/co-warto-zjesc-bedac-w-danii-z-jakich-dan-slynie-dania\/#primaryimage\"},\"image\":{\"@id\":\"https:\/\/www.wzdluzdrogi.pl\/index.php\/2023\/02\/20\/co-warto-zjesc-bedac-w-danii-z-jakich-dan-slynie-dania\/#primaryimage\"},\"thumbnailUrl\":\"https:\/\/www.wzdluzdrogi.pl\/wp-content\/uploads\/2023\/02\/nathalie-q56wb4qJfZs-unsplash-scaled.jpg\",\"datePublished\":\"2023-02-20T16:22:40+00:00\",\"dateModified\":\"2025-08-26T15:47:13+00:00\",\"author\":{\"@id\":\"https:\/\/www.wzdluzdrogi.pl\/#\/schema\/person\/74e57cccc529edf05c11ceaff979bf00\"},\"description\":\"Co warto zje\u015b\u0107, b\u0119d\u0105c w Danii? Jakich tradycyjnych du\u0144skich da\u0144 spr\u00f3bowa\u0107? I z jakich da\u0144 s\u0142ynie Dania? O tym opowiemy wam w tym po\u015bcie!\",\"breadcrumb\":{\"@id\":\"https:\/\/www.wzdluzdrogi.pl\/index.php\/2023\/02\/20\/co-warto-zjesc-bedac-w-danii-z-jakich-dan-slynie-dania\/#breadcrumb\"},\"inLanguage\":\"pl-PL\",\"potentialAction\":[{\"@type\":\"ReadAction\",\"target\":[\"https:\/\/www.wzdluzdrogi.pl\/index.php\/2023\/02\/20\/co-warto-zjesc-bedac-w-danii-z-jakich-dan-slynie-dania\/\"]}]},{\"@type\":\"ImageObject\",\"inLanguage\":\"pl-PL\",\"@id\":\"https:\/\/www.wzdluzdrogi.pl\/index.php\/2023\/02\/20\/co-warto-zjesc-bedac-w-danii-z-jakich-dan-slynie-dania\/#primaryimage\",\"url\":\"https:\/\/www.wzdluzdrogi.pl\/wp-content\/uploads\/2023\/02\/nathalie-q56wb4qJfZs-unsplash-scaled.jpg\",\"contentUrl\":\"https:\/\/www.wzdluzdrogi.pl\/wp-content\/uploads\/2023\/02\/nathalie-q56wb4qJfZs-unsplash-scaled.jpg\",\"width\":1600,\"height\":1066,\"caption\":\"co warto zje\u015b\u0107 w Danii, z jakich da\u0144 s\u0142ynie Dania\"},{\"@type\":\"BreadcrumbList\",\"@id\":\"https:\/\/www.wzdluzdrogi.pl\/index.php\/2023\/02\/20\/co-warto-zjesc-bedac-w-danii-z-jakich-dan-slynie-dania\/#breadcrumb\",\"itemListElement\":[{\"@type\":\"ListItem\",\"position\":1,\"name\":\"Strona g\u0142\u00f3wna\",\"item\":\"https:\/\/www.wzdluzdrogi.pl\/\"},{\"@type\":\"ListItem\",\"position\":2,\"name\":\"Co warto zje\u015b\u0107, b\u0119d\u0105c w Danii? Z jakich da\u0144 s\u0142ynie Dania?\"}]},{\"@type\":\"WebSite\",\"@id\":\"https:\/\/www.wzdluzdrogi.pl\/#website\",\"url\":\"https:\/\/www.wzdluzdrogi.pl\/\",\"name\":\"Wzd\u0142u\u017c Drogi\",\"description\":\"Podr\u00f3\u017ce w rytmie slow\",\"potentialAction\":[{\"@type\":\"SearchAction\",\"target\":{\"@type\":\"EntryPoint\",\"urlTemplate\":\"https:\/\/www.wzdluzdrogi.pl\/?s={search_term_string}\"},\"query-input\":{\"@type\":\"PropertyValueSpecification\",\"valueRequired\":true,\"valueName\":\"search_term_string\"}}],\"inLanguage\":\"pl-PL\"},{\"@type\":\"Person\",\"@id\":\"https:\/\/www.wzdluzdrogi.pl\/#\/schema\/person\/74e57cccc529edf05c11ceaff979bf00\",\"name\":\"Wzdluzdrogi\",\"image\":{\"@type\":\"ImageObject\",\"inLanguage\":\"pl-PL\",\"@id\":\"https:\/\/www.wzdluzdrogi.pl\/#\/schema\/person\/image\/\",\"url\":\"https:\/\/secure.gravatar.com\/avatar\/5338c7b0ffcf3c9b5c99db5ffd459d84?s=96&d=mm&r=g\",\"contentUrl\":\"https:\/\/secure.gravatar.com\/avatar\/5338c7b0ffcf3c9b5c99db5ffd459d84?s=96&d=mm&r=g\",\"caption\":\"Wzdluzdrogi\"},\"sameAs\":[\"http:\/\/www.wzdluzdrogi.pl\"],\"url\":\"https:\/\/www.wzdluzdrogi.pl\/index.php\/author\/wzdluzdrogi\/\"}]}<\/script>\n<!-- \/ Yoast SEO plugin. -->","yoast_head_json":{"title":"Co warto zje\u015b\u0107, b\u0119d\u0105c w Danii? Z jakich da\u0144 s\u0142ynie Dania? - Wzd\u0142u\u017c Drogi","description":"Co warto zje\u015b\u0107, b\u0119d\u0105c w Danii? Jakich tradycyjnych du\u0144skich da\u0144 spr\u00f3bowa\u0107? I z jakich da\u0144 s\u0142ynie Dania? O tym opowiemy wam w tym po\u015bcie!","robots":{"index":"index","follow":"follow","max-snippet":"max-snippet:-1","max-image-preview":"max-image-preview:large","max-video-preview":"max-video-preview:-1"},"canonical":"https:\/\/www.wzdluzdrogi.pl\/index.php\/2023\/02\/20\/co-warto-zjesc-bedac-w-danii-z-jakich-dan-slynie-dania\/","og_locale":"pl_PL","og_type":"article","og_title":"Co warto zje\u015b\u0107, b\u0119d\u0105c w Danii? Z jakich da\u0144 s\u0142ynie Dania? - Wzd\u0142u\u017c Drogi","og_description":"Co warto zje\u015b\u0107, b\u0119d\u0105c w Danii? Jakich tradycyjnych du\u0144skich da\u0144 spr\u00f3bowa\u0107? I z jakich da\u0144 s\u0142ynie Dania? O tym opowiemy wam w tym po\u015bcie!","og_url":"https:\/\/www.wzdluzdrogi.pl\/index.php\/2023\/02\/20\/co-warto-zjesc-bedac-w-danii-z-jakich-dan-slynie-dania\/","og_site_name":"Wzd\u0142u\u017c Drogi","article_published_time":"2023-02-20T16:22:40+00:00","article_modified_time":"2025-08-26T15:47:13+00:00","og_image":[{"width":1600,"height":1066,"url":"https:\/\/www.wzdluzdrogi.pl\/wp-content\/uploads\/2023\/02\/nathalie-q56wb4qJfZs-unsplash-scaled.jpg","type":"image\/jpeg"}],"author":"Wzdluzdrogi","twitter_card":"summary_large_image","twitter_misc":{"Napisane przez":"Wzdluzdrogi","Szacowany czas czytania":"10 minut"},"schema":{"@context":"https:\/\/schema.org","@graph":[{"@type":"WebPage","@id":"https:\/\/www.wzdluzdrogi.pl\/index.php\/2023\/02\/20\/co-warto-zjesc-bedac-w-danii-z-jakich-dan-slynie-dania\/","url":"https:\/\/www.wzdluzdrogi.pl\/index.php\/2023\/02\/20\/co-warto-zjesc-bedac-w-danii-z-jakich-dan-slynie-dania\/","name":"Co warto zje\u015b\u0107, b\u0119d\u0105c w Danii? Z jakich da\u0144 s\u0142ynie Dania? - Wzd\u0142u\u017c Drogi","isPartOf":{"@id":"https:\/\/www.wzdluzdrogi.pl\/#website"},"primaryImageOfPage":{"@id":"https:\/\/www.wzdluzdrogi.pl\/index.php\/2023\/02\/20\/co-warto-zjesc-bedac-w-danii-z-jakich-dan-slynie-dania\/#primaryimage"},"image":{"@id":"https:\/\/www.wzdluzdrogi.pl\/index.php\/2023\/02\/20\/co-warto-zjesc-bedac-w-danii-z-jakich-dan-slynie-dania\/#primaryimage"},"thumbnailUrl":"https:\/\/www.wzdluzdrogi.pl\/wp-content\/uploads\/2023\/02\/nathalie-q56wb4qJfZs-unsplash-scaled.jpg","datePublished":"2023-02-20T16:22:40+00:00","dateModified":"2025-08-26T15:47:13+00:00","author":{"@id":"https:\/\/www.wzdluzdrogi.pl\/#\/schema\/person\/74e57cccc529edf05c11ceaff979bf00"},"description":"Co warto zje\u015b\u0107, b\u0119d\u0105c w Danii? Jakich tradycyjnych du\u0144skich da\u0144 spr\u00f3bowa\u0107? I z jakich da\u0144 s\u0142ynie Dania? O tym opowiemy wam w tym po\u015bcie!","breadcrumb":{"@id":"https:\/\/www.wzdluzdrogi.pl\/index.php\/2023\/02\/20\/co-warto-zjesc-bedac-w-danii-z-jakich-dan-slynie-dania\/#breadcrumb"},"inLanguage":"pl-PL","potentialAction":[{"@type":"ReadAction","target":["https:\/\/www.wzdluzdrogi.pl\/index.php\/2023\/02\/20\/co-warto-zjesc-bedac-w-danii-z-jakich-dan-slynie-dania\/"]}]},{"@type":"ImageObject","inLanguage":"pl-PL","@id":"https:\/\/www.wzdluzdrogi.pl\/index.php\/2023\/02\/20\/co-warto-zjesc-bedac-w-danii-z-jakich-dan-slynie-dania\/#primaryimage","url":"https:\/\/www.wzdluzdrogi.pl\/wp-content\/uploads\/2023\/02\/nathalie-q56wb4qJfZs-unsplash-scaled.jpg","contentUrl":"https:\/\/www.wzdluzdrogi.pl\/wp-content\/uploads\/2023\/02\/nathalie-q56wb4qJfZs-unsplash-scaled.jpg","width":1600,"height":1066,"caption":"co warto zje\u015b\u0107 w Danii, z jakich da\u0144 s\u0142ynie Dania"},{"@type":"BreadcrumbList","@id":"https:\/\/www.wzdluzdrogi.pl\/index.php\/2023\/02\/20\/co-warto-zjesc-bedac-w-danii-z-jakich-dan-slynie-dania\/#breadcrumb","itemListElement":[{"@type":"ListItem","position":1,"name":"Strona g\u0142\u00f3wna","item":"https:\/\/www.wzdluzdrogi.pl\/"},{"@type":"ListItem","position":2,"name":"Co warto zje\u015b\u0107, b\u0119d\u0105c w Danii? Z jakich da\u0144 s\u0142ynie Dania?"}]},{"@type":"WebSite","@id":"https:\/\/www.wzdluzdrogi.pl\/#website","url":"https:\/\/www.wzdluzdrogi.pl\/","name":"Wzd\u0142u\u017c Drogi","description":"Podr\u00f3\u017ce w rytmie slow","potentialAction":[{"@type":"SearchAction","target":{"@type":"EntryPoint","urlTemplate":"https:\/\/www.wzdluzdrogi.pl\/?s={search_term_string}"},"query-input":{"@type":"PropertyValueSpecification","valueRequired":true,"valueName":"search_term_string"}}],"inLanguage":"pl-PL"},{"@type":"Person","@id":"https:\/\/www.wzdluzdrogi.pl\/#\/schema\/person\/74e57cccc529edf05c11ceaff979bf00","name":"Wzdluzdrogi","image":{"@type":"ImageObject","inLanguage":"pl-PL","@id":"https:\/\/www.wzdluzdrogi.pl\/#\/schema\/person\/image\/","url":"https:\/\/secure.gravatar.com\/avatar\/5338c7b0ffcf3c9b5c99db5ffd459d84?s=96&d=mm&r=g","contentUrl":"https:\/\/secure.gravatar.com\/avatar\/5338c7b0ffcf3c9b5c99db5ffd459d84?s=96&d=mm&r=g","caption":"Wzdluzdrogi"},"sameAs":["http:\/\/www.wzdluzdrogi.pl"],"url":"https:\/\/www.wzdluzdrogi.pl\/index.php\/author\/wzdluzdrogi\/"}]}},"_links":{"self":[{"href":"https:\/\/www.wzdluzdrogi.pl\/index.php\/wp-json\/wp\/v2\/posts\/2897","targetHints":{"allow":["GET"]}}],"collection":[{"href":"https:\/\/www.wzdluzdrogi.pl\/index.php\/wp-json\/wp\/v2\/posts"}],"about":[{"href":"https:\/\/www.wzdluzdrogi.pl\/index.php\/wp-json\/wp\/v2\/types\/post"}],"author":[{"embeddable":true,"href":"https:\/\/www.wzdluzdrogi.pl\/index.php\/wp-json\/wp\/v2\/users\/1"}],"replies":[{"embeddable":true,"href":"https:\/\/www.wzdluzdrogi.pl\/index.php\/wp-json\/wp\/v2\/comments?post=2897"}],"version-history":[{"count":14,"href":"https:\/\/www.wzdluzdrogi.pl\/index.php\/wp-json\/wp\/v2\/posts\/2897\/revisions"}],"predecessor-version":[{"id":4776,"href":"https:\/\/www.wzdluzdrogi.pl\/index.php\/wp-json\/wp\/v2\/posts\/2897\/revisions\/4776"}],"wp:featuredmedia":[{"embeddable":true,"href":"https:\/\/www.wzdluzdrogi.pl\/index.php\/wp-json\/wp\/v2\/media\/2903"}],"wp:attachment":[{"href":"https:\/\/www.wzdluzdrogi.pl\/index.php\/wp-json\/wp\/v2\/media?parent=2897"}],"wp:term":[{"taxonomy":"category","embeddable":true,"href":"https:\/\/www.wzdluzdrogi.pl\/index.php\/wp-json\/wp\/v2\/categories?post=2897"},{"taxonomy":"post_tag","embeddable":true,"href":"https:\/\/www.wzdluzdrogi.pl\/index.php\/wp-json\/wp\/v2\/tags?post=2897"}],"curies":[{"name":"wp","href":"https:\/\/api.w.org\/{rel}","templated":true}]}}