{"id":3233,"date":"2024-06-05T19:52:33","date_gmt":"2024-06-05T17:52:33","guid":{"rendered":"https:\/\/www.wzdluzdrogi.pl\/?p=3233"},"modified":"2024-07-30T20:44:11","modified_gmt":"2024-07-30T18:44:11","slug":"najlepsze-parki-w-barcelonie-gdzie-wypoczniesz-od-zgielku-i-ludzi","status":"publish","type":"post","link":"https:\/\/www.wzdluzdrogi.pl\/index.php\/2024\/06\/05\/najlepsze-parki-w-barcelonie-gdzie-wypoczniesz-od-zgielku-i-ludzi\/","title":{"rendered":"Najlepsze parki w Barcelonie, gdzie wypoczniesz od zgie\u0142ku i ludzi"},"content":{"rendered":"\t\t<div data-elementor-type=\"wp-post\" data-elementor-id=\"3233\" class=\"elementor elementor-3233\">\n\t\t\t\t\t\t<section class=\"elementor-section elementor-top-section elementor-element elementor-element-cd6b730 elementor-section-boxed elementor-section-height-default elementor-section-height-default\" data-id=\"cd6b730\" data-element_type=\"section\" data-e-type=\"section\">\n\t\t\t\t\t\t<div class=\"elementor-container elementor-column-gap-default\">\n\t\t\t\t\t<div class=\"elementor-column elementor-col-100 elementor-top-column elementor-element elementor-element-1e94edb\" data-id=\"1e94edb\" data-element_type=\"column\" data-e-type=\"column\">\n\t\t\t<div class=\"elementor-widget-wrap elementor-element-populated\">\n\t\t\t\t\t\t<div class=\"elementor-element elementor-element-56f65b2 elementor-widget elementor-widget-text-editor\" data-id=\"56f65b2\" data-element_type=\"widget\" data-e-type=\"widget\" data-widget_type=\"text-editor.default\">\n\t\t\t\t<div class=\"elementor-widget-container\">\n\t\t\t\t\t\t\t\t\t<p style=\"font-size: 15.9984px;\">Najlepsze parki w Barcelonie<\/p>\n<p style=\"font-size: 15.9984px;\">Barcelona to tylko ciasne ulice i ci\u0105g\u0142e t\u0142umy? Nic bardziej mylnego! Wok\u00f3\u0142 miasta znajdziesz rozleg\u0142e zielone tereny, ale je\u015bli nie planujesz wyjazdu poza Barcelon\u0119, sprawd\u017a nasz\u0105 list\u0119 park\u00f3w w centrum, gdzie mo\u017cesz odpocz\u0105\u0107 i si\u0119 zrelaksowa\u0107.<\/p>\t\t\t\t\t\t\t\t<\/div>\n\t\t\t\t<\/div>\n\t\t\t\t\t<\/div>\n\t\t<\/div>\n\t\t\t\t\t<\/div>\n\t\t<\/section>\n\t\t\t\t<section class=\"elementor-section elementor-top-section elementor-element elementor-element-3af74d6 elementor-section-boxed elementor-section-height-default elementor-section-height-default\" data-id=\"3af74d6\" data-element_type=\"section\" data-e-type=\"section\">\n\t\t\t\t\t\t<div class=\"elementor-container elementor-column-gap-default\">\n\t\t\t\t\t<div class=\"elementor-column elementor-col-100 elementor-top-column elementor-element elementor-element-1bb100e\" data-id=\"1bb100e\" data-element_type=\"column\" data-e-type=\"column\">\n\t\t\t<div class=\"elementor-widget-wrap elementor-element-populated\">\n\t\t\t\t\t\t<div class=\"elementor-element elementor-element-d7edb14 elementor-widget elementor-widget-heading\" data-id=\"d7edb14\" data-element_type=\"widget\" data-e-type=\"widget\" data-widget_type=\"heading.default\">\n\t\t\t\t<div class=\"elementor-widget-container\">\n\t\t\t\t\t<h2 class=\"elementor-heading-title elementor-size-default\">Park de la Ciutadella<\/h2>\t\t\t\t<\/div>\n\t\t\t\t<\/div>\n\t\t\t\t<div class=\"elementor-element elementor-element-b714dd9 elementor-widget elementor-widget-text-editor\" data-id=\"b714dd9\" data-element_type=\"widget\" data-e-type=\"widget\" data-widget_type=\"text-editor.default\">\n\t\t\t\t<div class=\"elementor-widget-container\">\n\t\t\t\t\t\t\t\t\t<p class=\"has-white-color has-cyan-bluish-gray-background-color has-text-color has-background has-link-color\">Lokalizacja: Dzielnica El Born, blisko Zoo w Barcelonie i Parlamentu Katalonii.<\/p>\n<p>Park de la Ciutadella to jeden z najwi\u0119kszych i najbardziej znanych park\u00f3w w Barcelonie. Znajduje si\u0119 tu imponuj\u0105ca fontanna Gran Cascada, zaprojektowana cz\u0119\u015bciowo przez m\u0142odego Gaud\u00edego (kt\u00f3ry by\u0142 odpowiedzialny za projekt hydrauliczny fontanny). W parku znajdziesz tak\u017ce ma\u0142\u0105 palmiarni\u0119, zoo oraz liczne \u015bcie\u017cki spacerowe i trawniki idealne na piknik. W ci\u0105gu roku odbywa si\u0119 tu wiele festiwali i koncert\u00f3w.<\/p>\t\t\t\t\t\t\t\t<\/div>\n\t\t\t\t<\/div>\n\t\t\t\t\t<\/div>\n\t\t<\/div>\n\t\t\t\t\t<\/div>\n\t\t<\/section>\n\t\t\t\t<section class=\"elementor-section elementor-top-section elementor-element elementor-element-d0aa8b0 elementor-section-boxed elementor-section-height-default elementor-section-height-default\" data-id=\"d0aa8b0\" data-element_type=\"section\" data-e-type=\"section\">\n\t\t\t\t\t\t<div class=\"elementor-container elementor-column-gap-default\">\n\t\t\t\t\t<div class=\"elementor-column elementor-col-100 elementor-top-column elementor-element elementor-element-a8c26ac\" data-id=\"a8c26ac\" data-element_type=\"column\" data-e-type=\"column\">\n\t\t\t<div class=\"elementor-widget-wrap elementor-element-populated\">\n\t\t\t\t\t\t<div class=\"elementor-element elementor-element-9d0b81c elementor-widget elementor-widget-heading\" data-id=\"9d0b81c\" data-element_type=\"widget\" data-e-type=\"widget\" data-widget_type=\"heading.default\">\n\t\t\t\t<div class=\"elementor-widget-container\">\n\t\t\t\t\t<h2 class=\"elementor-heading-title elementor-size-default\">Jard\u00ed del Silenci<\/h2>\t\t\t\t<\/div>\n\t\t\t\t<\/div>\n\t\t\t\t<div class=\"elementor-element elementor-element-c7e4c1e elementor-widget elementor-widget-text-editor\" data-id=\"c7e4c1e\" data-element_type=\"widget\" data-e-type=\"widget\" data-widget_type=\"text-editor.default\">\n\t\t\t\t<div class=\"elementor-widget-container\">\n\t\t\t\t\t\t\t\t\t<p class=\"has-white-color has-cyan-bluish-gray-background-color has-text-color has-background has-link-color\">Lokalizacja: Dzielnica Gracia<\/p>\n<p><br \/>Na miejscu Jard\u00ed del Silenci sta\u0142 kiedy\u015b klasztor si\u00f3str zakonnych, kt\u00f3ry zosta\u0142 sprzedany firmie planuj\u0105cej budow\u0119 wysokiego parkingu. Jednak lokalni mieszka\u0144cy dzielnicy Gracia zebrali wystarczaj\u0105co podpis\u00f3w, aby miasto odkupi\u0142o teren i stworzy\u0142o tam park. Teraz jest to spokojne, lokalne miejsce, idealne do wypoczynku. Organizowane s\u0105 tam r\u00f3wnie\u017c wystawy oraz pokazy sceniczne.<\/p>\t\t\t\t\t\t\t\t<\/div>\n\t\t\t\t<\/div>\n\t\t\t\t\t<\/div>\n\t\t<\/div>\n\t\t\t\t\t<\/div>\n\t\t<\/section>\n\t\t\t\t<section class=\"elementor-section elementor-top-section elementor-element elementor-element-eb2736e elementor-section-boxed elementor-section-height-default elementor-section-height-default\" data-id=\"eb2736e\" data-element_type=\"section\" data-e-type=\"section\">\n\t\t\t\t\t\t<div class=\"elementor-container elementor-column-gap-default\">\n\t\t\t\t\t<div class=\"elementor-column elementor-col-33 elementor-top-column elementor-element elementor-element-56526dd\" data-id=\"56526dd\" data-element_type=\"column\" data-e-type=\"column\">\n\t\t\t<div class=\"elementor-widget-wrap elementor-element-populated\">\n\t\t\t\t\t\t<div class=\"elementor-element elementor-element-8406850 elementor-widget elementor-widget-image\" data-id=\"8406850\" data-element_type=\"widget\" data-e-type=\"widget\" data-widget_type=\"image.default\">\n\t\t\t\t<div class=\"elementor-widget-container\">\n\t\t\t\t\t\t\t\t\t\t\t\t<figure class=\"wp-caption\">\n\t\t\t\t\t\t\t\t\t\t<img fetchpriority=\"high\" decoding=\"async\" width=\"683\" height=\"1024\" src=\"https:\/\/www.wzdluzdrogi.pl\/wp-content\/uploads\/2024\/06\/MG_7964-1-683x1024.jpg\" class=\"attachment-large size-large wp-image-3597\" alt=\"parki w barcelonie, atrakcje barcelony\" srcset=\"https:\/\/www.wzdluzdrogi.pl\/wp-content\/uploads\/2024\/06\/MG_7964-1-683x1024.jpg 683w, https:\/\/www.wzdluzdrogi.pl\/wp-content\/uploads\/2024\/06\/MG_7964-1-200x300.jpg 200w, https:\/\/www.wzdluzdrogi.pl\/wp-content\/uploads\/2024\/06\/MG_7964-1-768x1152.jpg 768w, https:\/\/www.wzdluzdrogi.pl\/wp-content\/uploads\/2024\/06\/MG_7964-1-1024x1536.jpg 1024w, https:\/\/www.wzdluzdrogi.pl\/wp-content\/uploads\/2024\/06\/MG_7964-1-scaled.jpg 1067w\" sizes=\"(max-width: 683px) 100vw, 683px\" \/>\t\t\t\t\t\t\t\t\t\t\t<figcaption class=\"widget-image-caption wp-caption-text\">Park de la Ciutadella<\/figcaption>\n\t\t\t\t\t\t\t\t\t\t<\/figure>\n\t\t\t\t\t\t\t\t\t<\/div>\n\t\t\t\t<\/div>\n\t\t\t\t\t<\/div>\n\t\t<\/div>\n\t\t\t\t<div class=\"elementor-column elementor-col-33 elementor-top-column elementor-element elementor-element-7d404df\" data-id=\"7d404df\" data-element_type=\"column\" data-e-type=\"column\">\n\t\t\t<div class=\"elementor-widget-wrap elementor-element-populated\">\n\t\t\t\t\t\t<div class=\"elementor-element elementor-element-d633513 elementor-widget elementor-widget-image\" data-id=\"d633513\" data-element_type=\"widget\" data-e-type=\"widget\" data-widget_type=\"image.default\">\n\t\t\t\t<div class=\"elementor-widget-container\">\n\t\t\t\t\t\t\t\t\t\t\t\t<figure class=\"wp-caption\">\n\t\t\t\t\t\t\t\t\t\t<img decoding=\"async\" width=\"683\" height=\"1024\" data-src=\"https:\/\/www.wzdluzdrogi.pl\/wp-content\/uploads\/2024\/06\/MG_7661-1-683x1024.jpg\" class=\"attachment-large size-large wp-image-3569 lazyload\" alt=\"\" data-srcset=\"https:\/\/www.wzdluzdrogi.pl\/wp-content\/uploads\/2024\/06\/MG_7661-1-683x1024.jpg 683w, https:\/\/www.wzdluzdrogi.pl\/wp-content\/uploads\/2024\/06\/MG_7661-1-200x300.jpg 200w, https:\/\/www.wzdluzdrogi.pl\/wp-content\/uploads\/2024\/06\/MG_7661-1-768x1152.jpg 768w, https:\/\/www.wzdluzdrogi.pl\/wp-content\/uploads\/2024\/06\/MG_7661-1-1024x1536.jpg 1024w, https:\/\/www.wzdluzdrogi.pl\/wp-content\/uploads\/2024\/06\/MG_7661-1-scaled.jpg 1067w\" data-sizes=\"(max-width: 683px) 100vw, 683px\" src=\"data:image\/svg+xml;base64,PHN2ZyB3aWR0aD0iMSIgaGVpZ2h0PSIxIiB4bWxucz0iaHR0cDovL3d3dy53My5vcmcvMjAwMC9zdmciPjwvc3ZnPg==\" style=\"--smush-placeholder-width: 683px; --smush-placeholder-aspect-ratio: 683\/1024;\" \/>\t\t\t\t\t\t\t\t\t\t\t<figcaption class=\"widget-image-caption wp-caption-text\">Park Guell<\/figcaption>\n\t\t\t\t\t\t\t\t\t\t<\/figure>\n\t\t\t\t\t\t\t\t\t<\/div>\n\t\t\t\t<\/div>\n\t\t\t\t\t<\/div>\n\t\t<\/div>\n\t\t\t\t<div class=\"elementor-column elementor-col-33 elementor-top-column elementor-element elementor-element-85eac34\" data-id=\"85eac34\" data-element_type=\"column\" data-e-type=\"column\">\n\t\t\t<div class=\"elementor-widget-wrap elementor-element-populated\">\n\t\t\t\t\t\t<div class=\"elementor-element elementor-element-eddbf71 elementor-widget elementor-widget-image\" data-id=\"eddbf71\" data-element_type=\"widget\" data-e-type=\"widget\" data-widget_type=\"image.default\">\n\t\t\t\t<div class=\"elementor-widget-container\">\n\t\t\t\t\t\t\t\t\t\t\t\t<figure class=\"wp-caption\">\n\t\t\t\t\t\t\t\t\t\t<img decoding=\"async\" width=\"683\" height=\"1024\" data-src=\"https:\/\/www.wzdluzdrogi.pl\/wp-content\/uploads\/2024\/06\/MG_8019-1-683x1024.jpg\" class=\"attachment-large size-large wp-image-3606 lazyload\" alt=\"parki w barcelonie, s\u0142ynna fontanna w barcelonie\" data-srcset=\"https:\/\/www.wzdluzdrogi.pl\/wp-content\/uploads\/2024\/06\/MG_8019-1-683x1024.jpg 683w, https:\/\/www.wzdluzdrogi.pl\/wp-content\/uploads\/2024\/06\/MG_8019-1-200x300.jpg 200w, https:\/\/www.wzdluzdrogi.pl\/wp-content\/uploads\/2024\/06\/MG_8019-1-768x1152.jpg 768w, https:\/\/www.wzdluzdrogi.pl\/wp-content\/uploads\/2024\/06\/MG_8019-1-1024x1536.jpg 1024w, https:\/\/www.wzdluzdrogi.pl\/wp-content\/uploads\/2024\/06\/MG_8019-1-scaled.jpg 1067w\" data-sizes=\"(max-width: 683px) 100vw, 683px\" src=\"data:image\/svg+xml;base64,PHN2ZyB3aWR0aD0iMSIgaGVpZ2h0PSIxIiB4bWxucz0iaHR0cDovL3d3dy53My5vcmcvMjAwMC9zdmciPjwvc3ZnPg==\" style=\"--smush-placeholder-width: 683px; --smush-placeholder-aspect-ratio: 683\/1024;\" \/>\t\t\t\t\t\t\t\t\t\t\t<figcaption class=\"widget-image-caption wp-caption-text\">Park de la Ciutadella<\/figcaption>\n\t\t\t\t\t\t\t\t\t\t<\/figure>\n\t\t\t\t\t\t\t\t\t<\/div>\n\t\t\t\t<\/div>\n\t\t\t\t\t<\/div>\n\t\t<\/div>\n\t\t\t\t\t<\/div>\n\t\t<\/section>\n\t\t\t\t<section class=\"elementor-section elementor-top-section elementor-element elementor-element-cf7d7ff elementor-section-boxed elementor-section-height-default elementor-section-height-default\" data-id=\"cf7d7ff\" data-element_type=\"section\" data-e-type=\"section\">\n\t\t\t\t\t\t<div class=\"elementor-container elementor-column-gap-default\">\n\t\t\t\t\t<div class=\"elementor-column elementor-col-100 elementor-top-column elementor-element elementor-element-a93c412\" data-id=\"a93c412\" data-element_type=\"column\" data-e-type=\"column\">\n\t\t\t<div class=\"elementor-widget-wrap elementor-element-populated\">\n\t\t\t\t\t\t<div class=\"elementor-element elementor-element-37bf74a elementor-widget elementor-widget-heading\" data-id=\"37bf74a\" data-element_type=\"widget\" data-e-type=\"widget\" data-widget_type=\"heading.default\">\n\t\t\t\t<div class=\"elementor-widget-container\">\n\t\t\t\t\t<h2 class=\"elementor-heading-title elementor-size-default\">Park G\u00fcell<\/h2>\t\t\t\t<\/div>\n\t\t\t\t<\/div>\n\t\t\t\t<div class=\"elementor-element elementor-element-68693fe elementor-widget elementor-widget-text-editor\" data-id=\"68693fe\" data-element_type=\"widget\" data-e-type=\"widget\" data-widget_type=\"text-editor.default\">\n\t\t\t\t<div class=\"elementor-widget-container\">\n\t\t\t\t\t\t\t\t\t<p class=\"has-white-color has-cyan-bluish-gray-background-color has-text-color has-background has-link-color\">Lokalizacja: Dzielnica Gr\u00e0cia, w pobli\u017cu wzg\u00f3rza Carmel.<\/p>\n<p>Park G\u00fcell na pierwszy rzut oka nie wydaje si\u0119 idealnym miejscem na odpoczynek od zgie\u0142ku ludzi. W tym s\u0142ynnym parku, zaprojektowanym przez Antoniego Gaud\u00edego, znajduje si\u0119 mn\u00f3stwo kolorowych mozaik, rze\u017ab i nietypowych budowli, kt\u00f3re przyci\u0105gaj\u0105 turyst\u00f3w z ca\u0142ego \u015bwiata. Wi\u0119kszo\u015b\u0107 zwiedzaj\u0105cych t\u0142oczy si\u0119 jednak przy najpopularniejszych atrakcjach Parku G\u00fcell, a sam park jest na tyle du\u017cy, \u017ce bez problemu znajdziesz miejsce, gdzie nie spotkasz nikogo. Wst\u0119p do parku jest p\u0142atny, ale dla niezwyk\u0142ych widok\u00f3w zdecydowanie warto go odwiedzi\u0107!<\/p>\t\t\t\t\t\t\t\t<\/div>\n\t\t\t\t<\/div>\n\t\t\t\t\t<\/div>\n\t\t<\/div>\n\t\t\t\t\t<\/div>\n\t\t<\/section>\n\t\t\t\t<section class=\"elementor-section elementor-top-section elementor-element elementor-element-de18a71 elementor-section-boxed elementor-section-height-default elementor-section-height-default\" data-id=\"de18a71\" data-element_type=\"section\" data-e-type=\"section\">\n\t\t\t\t\t\t<div class=\"elementor-container elementor-column-gap-default\">\n\t\t\t\t\t<div class=\"elementor-column elementor-col-100 elementor-top-column elementor-element elementor-element-9004f20\" data-id=\"9004f20\" data-element_type=\"column\" data-e-type=\"column\">\n\t\t\t<div class=\"elementor-widget-wrap elementor-element-populated\">\n\t\t\t\t\t\t<div class=\"elementor-element elementor-element-309a44f elementor-widget elementor-widget-heading\" data-id=\"309a44f\" data-element_type=\"widget\" data-e-type=\"widget\" data-widget_type=\"heading.default\">\n\t\t\t\t<div class=\"elementor-widget-container\">\n\t\t\t\t\t<h2 class=\"elementor-heading-title elementor-size-default\">Parc del Laberint d'Horta<\/h2>\t\t\t\t<\/div>\n\t\t\t\t<\/div>\n\t\t\t\t<div class=\"elementor-element elementor-element-fff438b elementor-widget elementor-widget-text-editor\" data-id=\"fff438b\" data-element_type=\"widget\" data-e-type=\"widget\" data-widget_type=\"text-editor.default\">\n\t\t\t\t<div class=\"elementor-widget-container\">\n\t\t\t\t\t\t\t\t\t<p class=\"has-white-color has-cyan-bluish-gray-background-color has-text-color has-background has-link-color\">Lokalizacja: Dzielnica Horta-Guinard\u00f3, w pobli\u017cu stacji metra Mundet.<\/p>\n<p>Parc del Laberint d\u2019Horta to najstarszy ogr\u00f3d w Barcelonie, s\u0142yn\u0105cy z labiryntu z \u017cywop\u0142otu, kt\u00f3ry stanowi g\u0142\u00f3wn\u0105 atrakcj\u0119 parku. Znajdziesz tu wiele pi\u0119knych rze\u017ab, a tak\u017ce kilka wodospad\u00f3w i staw\u00f3w. Panuje tu romantyczna atmosfera, co sprawia, \u017ce jest to idealne miejsce na spokojny spacer lub randk\u0119! \ud83d\ude42<\/p>\t\t\t\t\t\t\t\t<\/div>\n\t\t\t\t<\/div>\n\t\t\t\t\t<\/div>\n\t\t<\/div>\n\t\t\t\t\t<\/div>\n\t\t<\/section>\n\t\t\t\t<section class=\"elementor-section elementor-top-section elementor-element elementor-element-45430e3 elementor-section-boxed elementor-section-height-default elementor-section-height-default\" data-id=\"45430e3\" data-element_type=\"section\" data-e-type=\"section\">\n\t\t\t\t\t\t<div class=\"elementor-container elementor-column-gap-default\">\n\t\t\t\t\t<div class=\"elementor-column elementor-col-100 elementor-top-column elementor-element elementor-element-4122af4\" data-id=\"4122af4\" data-element_type=\"column\" data-e-type=\"column\">\n\t\t\t<div class=\"elementor-widget-wrap elementor-element-populated\">\n\t\t\t\t\t\t<div class=\"elementor-element elementor-element-b798eb6 elementor-widget elementor-widget-heading\" data-id=\"b798eb6\" data-element_type=\"widget\" data-e-type=\"widget\" data-widget_type=\"heading.default\">\n\t\t\t\t<div class=\"elementor-widget-container\">\n\t\t\t\t\t<h2 class=\"elementor-heading-title elementor-size-default\">Jardins de Laribal<\/h2>\t\t\t\t<\/div>\n\t\t\t\t<\/div>\n\t\t\t\t<div class=\"elementor-element elementor-element-829928e elementor-widget elementor-widget-text-editor\" data-id=\"829928e\" data-element_type=\"widget\" data-e-type=\"widget\" data-widget_type=\"text-editor.default\">\n\t\t\t\t<div class=\"elementor-widget-container\">\n\t\t\t\t\t\t\t\t\t<p class=\"has-white-color has-cyan-bluish-gray-background-color has-text-color has-background has-link-color\">Lokalizacja: Wzg\u00f3rze Montju\u00efc, w pobli\u017cu Fundacji Joan Mir\u00f3.<\/p>\n<p>Jardins de Laribal to pi\u0119kne ogrody po\u0142o\u017cone na wzg\u00f3rzu Montju\u00efc. Znajduj\u0105 si\u0119 tu romantyczne alejki, kaskady wodne, stawy oraz tarasy widokowe. Ogrody te s\u0105 mniej znane turystom, co sprawia, \u017ce s\u0105 idealnym miejscem na spokojny relaks i podziwianie przyrody w ciszy.<\/p>\t\t\t\t\t\t\t\t<\/div>\n\t\t\t\t<\/div>\n\t\t\t\t\t<\/div>\n\t\t<\/div>\n\t\t\t\t\t<\/div>\n\t\t<\/section>\n\t\t\t\t<section class=\"elementor-section elementor-top-section elementor-element elementor-element-453e99a elementor-section-boxed elementor-section-height-default elementor-section-height-default\" data-id=\"453e99a\" data-element_type=\"section\" data-e-type=\"section\">\n\t\t\t\t\t\t<div class=\"elementor-container elementor-column-gap-default\">\n\t\t\t\t\t<div class=\"elementor-column elementor-col-100 elementor-top-column elementor-element elementor-element-e59daf6\" data-id=\"e59daf6\" data-element_type=\"column\" data-e-type=\"column\">\n\t\t\t<div class=\"elementor-widget-wrap elementor-element-populated\">\n\t\t\t\t\t\t<div class=\"elementor-element elementor-element-dfac260 elementor-widget elementor-widget-heading\" data-id=\"dfac260\" data-element_type=\"widget\" data-e-type=\"widget\" data-widget_type=\"heading.default\">\n\t\t\t\t<div class=\"elementor-widget-container\">\n\t\t\t\t\t<h3 class=\"elementor-heading-title elementor-size-default\">Interesuj\u0105 ci\u0119 inne atrakcje Barcelony? Zobacz r\u00f3wnie\u017c:<\/h3>\t\t\t\t<\/div>\n\t\t\t\t<\/div>\n\t\t\t\t\t<\/div>\n\t\t<\/div>\n\t\t\t\t\t<\/div>\n\t\t<\/section>\n\t\t\t\t<section class=\"elementor-section elementor-top-section elementor-element elementor-element-49796ec elementor-section-full_width elementor-section-height-default elementor-section-height-default elementor-invisible\" data-id=\"49796ec\" data-element_type=\"section\" data-e-type=\"section\" data-settings=\"{&quot;background_background&quot;:&quot;classic&quot;,&quot;animation&quot;:&quot;fadeInLeft&quot;}\">\n\t\t\t\t\t\t\t<div class=\"elementor-background-overlay\"><\/div>\n\t\t\t\t\t\t\t<div class=\"elementor-container elementor-column-gap-wider\">\n\t\t\t\t\t<div class=\"elementor-column elementor-col-33 elementor-top-column elementor-element elementor-element-f0c78d6\" data-id=\"f0c78d6\" data-element_type=\"column\" data-e-type=\"column\">\n\t\t\t<div class=\"elementor-widget-wrap elementor-element-populated\">\n\t\t\t\t\t\t<div class=\"elementor-element elementor-element-cb7e808 elementor-widget elementor-widget-image\" data-id=\"cb7e808\" data-element_type=\"widget\" data-e-type=\"widget\" data-widget_type=\"image.default\">\n\t\t\t\t<div class=\"elementor-widget-container\">\n\t\t\t\t\t\t\t\t\t\t\t\t<figure class=\"wp-caption\">\n\t\t\t\t\t\t\t\t\t\t\t<a href=\"https:\/\/www.wzdluzdrogi.pl\/index.php\/2024\/06\/04\/atrakcje-gaudiego-w-barcelonie-ktore-musisz-zobaczyc\/\">\n\t\t\t\t\t\t\t<img decoding=\"async\" width=\"683\" height=\"1024\" data-src=\"https:\/\/www.wzdluzdrogi.pl\/wp-content\/uploads\/2024\/06\/MG_7436-2-683x1024.jpg\" class=\"elementor-animation-rotate attachment-large size-large wp-image-3539 lazyload\" alt=\"casa mila, atrakcje w barcelonie, \u015bladami gaudiego w barcelonie, co zobaczy\u0107 w barcelonie, ulice barcelony\" data-srcset=\"https:\/\/www.wzdluzdrogi.pl\/wp-content\/uploads\/2024\/06\/MG_7436-2-683x1024.jpg 683w, https:\/\/www.wzdluzdrogi.pl\/wp-content\/uploads\/2024\/06\/MG_7436-2-200x300.jpg 200w, https:\/\/www.wzdluzdrogi.pl\/wp-content\/uploads\/2024\/06\/MG_7436-2-768x1152.jpg 768w, https:\/\/www.wzdluzdrogi.pl\/wp-content\/uploads\/2024\/06\/MG_7436-2-1024x1536.jpg 1024w, https:\/\/www.wzdluzdrogi.pl\/wp-content\/uploads\/2024\/06\/MG_7436-2-scaled.jpg 1067w\" data-sizes=\"(max-width: 683px) 100vw, 683px\" src=\"data:image\/svg+xml;base64,PHN2ZyB3aWR0aD0iMSIgaGVpZ2h0PSIxIiB4bWxucz0iaHR0cDovL3d3dy53My5vcmcvMjAwMC9zdmciPjwvc3ZnPg==\" style=\"--smush-placeholder-width: 683px; --smush-placeholder-aspect-ratio: 683\/1024;\" \/>\t\t\t\t\t\t\t\t<\/a>\n\t\t\t\t\t\t\t\t\t\t\t<figcaption class=\"widget-image-caption wp-caption-text\">\u015aladami Gaudiego<\/figcaption>\n\t\t\t\t\t\t\t\t\t\t<\/figure>\n\t\t\t\t\t\t\t\t\t<\/div>\n\t\t\t\t<\/div>\n\t\t\t\t\t<\/div>\n\t\t<\/div>\n\t\t\t\t<div class=\"elementor-column elementor-col-33 elementor-top-column elementor-element elementor-element-0071f1d\" data-id=\"0071f1d\" data-element_type=\"column\" data-e-type=\"column\">\n\t\t\t<div class=\"elementor-widget-wrap elementor-element-populated\">\n\t\t\t\t\t\t<div class=\"elementor-element elementor-element-76fd903 elementor-widget elementor-widget-image\" data-id=\"76fd903\" data-element_type=\"widget\" data-e-type=\"widget\" data-widget_type=\"image.default\">\n\t\t\t\t<div class=\"elementor-widget-container\">\n\t\t\t\t\t\t\t\t\t\t\t\t<figure class=\"wp-caption\">\n\t\t\t\t\t\t\t\t\t\t\t<a href=\"https:\/\/www.wzdluzdrogi.pl\/index.php\/2024\/06\/05\/10-atrakcji-barcelony-ktore-musisz-zobaczyc\/\">\n\t\t\t\t\t\t\t<img decoding=\"async\" width=\"683\" height=\"1024\" data-src=\"https:\/\/www.wzdluzdrogi.pl\/wp-content\/uploads\/2024\/06\/MG_7400-1-683x1024.jpg\" class=\"elementor-animation-rotate attachment-large size-large wp-image-3524 lazyload\" alt=\"wie\u017ca sagrada familia, atrakcje w barcelonie, \u015bladami gaudiego w barcelonie, co zobaczy\u0107 w barcelonie\" data-srcset=\"https:\/\/www.wzdluzdrogi.pl\/wp-content\/uploads\/2024\/06\/MG_7400-1-683x1024.jpg 683w, https:\/\/www.wzdluzdrogi.pl\/wp-content\/uploads\/2024\/06\/MG_7400-1-200x300.jpg 200w, https:\/\/www.wzdluzdrogi.pl\/wp-content\/uploads\/2024\/06\/MG_7400-1-768x1152.jpg 768w, https:\/\/www.wzdluzdrogi.pl\/wp-content\/uploads\/2024\/06\/MG_7400-1-1024x1536.jpg 1024w, https:\/\/www.wzdluzdrogi.pl\/wp-content\/uploads\/2024\/06\/MG_7400-1-scaled.jpg 1067w\" data-sizes=\"(max-width: 683px) 100vw, 683px\" src=\"data:image\/svg+xml;base64,PHN2ZyB3aWR0aD0iMSIgaGVpZ2h0PSIxIiB4bWxucz0iaHR0cDovL3d3dy53My5vcmcvMjAwMC9zdmciPjwvc3ZnPg==\" style=\"--smush-placeholder-width: 683px; --smush-placeholder-aspect-ratio: 683\/1024;\" \/>\t\t\t\t\t\t\t\t<\/a>\n\t\t\t\t\t\t\t\t\t\t\t<figcaption class=\"widget-image-caption wp-caption-text\">10 atrakcji Barcelony, kt\u00f3re musisz zobaczy\u0107!<\/figcaption>\n\t\t\t\t\t\t\t\t\t\t<\/figure>\n\t\t\t\t\t\t\t\t\t<\/div>\n\t\t\t\t<\/div>\n\t\t\t\t\t<\/div>\n\t\t<\/div>\n\t\t\t\t<div class=\"elementor-column elementor-col-33 elementor-top-column elementor-element elementor-element-228dcc1\" data-id=\"228dcc1\" data-element_type=\"column\" data-e-type=\"column\">\n\t\t\t<div class=\"elementor-widget-wrap elementor-element-populated\">\n\t\t\t\t\t\t<div class=\"elementor-element elementor-element-bd7c9a2 elementor-widget elementor-widget-image\" data-id=\"bd7c9a2\" data-element_type=\"widget\" data-e-type=\"widget\" data-widget_type=\"image.default\">\n\t\t\t\t<div class=\"elementor-widget-container\">\n\t\t\t\t\t\t\t\t\t\t\t\t<figure class=\"wp-caption\">\n\t\t\t\t\t\t\t\t\t\t<img decoding=\"async\" width=\"683\" height=\"1024\" data-src=\"https:\/\/www.wzdluzdrogi.pl\/wp-content\/uploads\/2024\/06\/MG_7577-1-683x1024.jpg\" class=\"elementor-animation-rotate attachment-large size-large wp-image-3564 lazyload\" alt=\"\" data-srcset=\"https:\/\/www.wzdluzdrogi.pl\/wp-content\/uploads\/2024\/06\/MG_7577-1-683x1024.jpg 683w, https:\/\/www.wzdluzdrogi.pl\/wp-content\/uploads\/2024\/06\/MG_7577-1-200x300.jpg 200w, https:\/\/www.wzdluzdrogi.pl\/wp-content\/uploads\/2024\/06\/MG_7577-1-768x1152.jpg 768w, https:\/\/www.wzdluzdrogi.pl\/wp-content\/uploads\/2024\/06\/MG_7577-1-1024x1536.jpg 1024w, https:\/\/www.wzdluzdrogi.pl\/wp-content\/uploads\/2024\/06\/MG_7577-1-scaled.jpg 1067w\" data-sizes=\"(max-width: 683px) 100vw, 683px\" src=\"data:image\/svg+xml;base64,PHN2ZyB3aWR0aD0iMSIgaGVpZ2h0PSIxIiB4bWxucz0iaHR0cDovL3d3dy53My5vcmcvMjAwMC9zdmciPjwvc3ZnPg==\" style=\"--smush-placeholder-width: 683px; --smush-placeholder-aspect-ratio: 683\/1024;\" \/>\t\t\t\t\t\t\t\t\t\t\t<figcaption class=\"widget-image-caption wp-caption-text\">Najlepsze punkty widokowe w Barcelonie<\/figcaption>\n\t\t\t\t\t\t\t\t\t\t<\/figure>\n\t\t\t\t\t\t\t\t\t<\/div>\n\t\t\t\t<\/div>\n\t\t\t\t\t<\/div>\n\t\t<\/div>\n\t\t\t\t\t<\/div>\n\t\t<\/section>\n\t\t\t\t<section class=\"elementor-section elementor-top-section elementor-element elementor-element-b3f4124 elementor-section-boxed elementor-section-height-default elementor-section-height-default\" data-id=\"b3f4124\" data-element_type=\"section\" data-e-type=\"section\">\n\t\t\t\t\t\t<div class=\"elementor-container elementor-column-gap-default\">\n\t\t\t\t\t<div class=\"elementor-column elementor-col-100 elementor-top-column elementor-element elementor-element-ac05761\" data-id=\"ac05761\" data-element_type=\"column\" data-e-type=\"column\">\n\t\t\t<div class=\"elementor-widget-wrap elementor-element-populated\">\n\t\t\t\t\t\t<div class=\"elementor-element elementor-element-5c39a08 elementor-widget elementor-widget-heading\" data-id=\"5c39a08\" data-element_type=\"widget\" data-e-type=\"widget\" data-widget_type=\"heading.default\">\n\t\t\t\t<div class=\"elementor-widget-container\">\n\t\t\t\t\t<h2 class=\"elementor-heading-title elementor-size-default\">Parc del Guinard\u00f3<\/h2>\t\t\t\t<\/div>\n\t\t\t\t<\/div>\n\t\t\t\t<div class=\"elementor-element elementor-element-f1f6680 elementor-widget elementor-widget-text-editor\" data-id=\"f1f6680\" data-element_type=\"widget\" data-e-type=\"widget\" data-widget_type=\"text-editor.default\">\n\t\t\t\t<div class=\"elementor-widget-container\">\n\t\t\t\t\t\t\t\t\t<p class=\"has-white-color has-cyan-bluish-gray-background-color has-text-color has-background has-link-color\">Lokalizacja: Dzielnica Horta-Guinard\u00f3, w pobli\u017cu bunkr\u00f3w Carmel.<\/p>\n<p>Parc del Guinard\u00f3 to jeden z wi\u0119kszych park\u00f3w w Barcelonie, oferuj\u0105cy wspania\u0142e widoki na miasto. Znajduj\u0105 si\u0119 tu lasy sosnowe, liczne \u015bcie\u017cki spacerowe i miejsca piknikowe. Jest to idealne miejsce na ucieczk\u0119 od zgie\u0142ku miasta i cieszenie si\u0119 spokojem natury.<\/p>\t\t\t\t\t\t\t\t<\/div>\n\t\t\t\t<\/div>\n\t\t\t\t\t<\/div>\n\t\t<\/div>\n\t\t\t\t\t<\/div>\n\t\t<\/section>\n\t\t\t\t<section class=\"elementor-section elementor-top-section elementor-element elementor-element-74b049f elementor-section-boxed elementor-section-height-default elementor-section-height-default\" data-id=\"74b049f\" data-element_type=\"section\" data-e-type=\"section\">\n\t\t\t\t\t\t<div class=\"elementor-container elementor-column-gap-default\">\n\t\t\t\t\t<div class=\"elementor-column elementor-col-100 elementor-top-column elementor-element elementor-element-3ec8ef6\" data-id=\"3ec8ef6\" data-element_type=\"column\" data-e-type=\"column\">\n\t\t\t<div class=\"elementor-widget-wrap elementor-element-populated\">\n\t\t\t\t\t\t<div class=\"elementor-element elementor-element-d616d13 elementor-widget elementor-widget-heading\" data-id=\"d616d13\" data-element_type=\"widget\" data-e-type=\"widget\" data-widget_type=\"heading.default\">\n\t\t\t\t<div class=\"elementor-widget-container\">\n\t\t\t\t\t<h2 class=\"elementor-heading-title elementor-size-default\">Parc de Cervantes<\/h2>\t\t\t\t<\/div>\n\t\t\t\t<\/div>\n\t\t\t\t<div class=\"elementor-element elementor-element-ef30cc0 elementor-widget elementor-widget-text-editor\" data-id=\"ef30cc0\" data-element_type=\"widget\" data-e-type=\"widget\" data-widget_type=\"text-editor.default\">\n\t\t\t\t<div class=\"elementor-widget-container\">\n\t\t\t\t\t\t\t\t\t<p class=\"has-white-color has-cyan-bluish-gray-background-color has-text-color has-background has-link-color\">Lokalizacja: Dzielnica Les Corts, w pobli\u017cu Uniwersytetu w Barcelonie.<\/p>\n<p>Parc de Cervantes s\u0142ynie z pi\u0119knych ogrod\u00f3w r\u00f3\u017canych, kt\u00f3re kwitn\u0105 od wiosny do jesieni. Park oferuje rozleg\u0142e trawniki, aleje spacerowe oraz miejsca do piknik\u00f3w. Jest to idealne miejsce na spokojny spacer i odpoczynek, zw\u0142aszcza podczas sezonu kwitnienia r\u00f3\u017c.<\/p>\t\t\t\t\t\t\t\t<\/div>\n\t\t\t\t<\/div>\n\t\t\t\t\t<\/div>\n\t\t<\/div>\n\t\t\t\t\t<\/div>\n\t\t<\/section>\n\t\t\t\t<section class=\"elementor-section elementor-top-section elementor-element elementor-element-9e07f37 elementor-section-boxed elementor-section-height-default elementor-section-height-default\" data-id=\"9e07f37\" data-element_type=\"section\" data-e-type=\"section\">\n\t\t\t\t\t\t<div class=\"elementor-container elementor-column-gap-default\">\n\t\t\t\t\t<div class=\"elementor-column elementor-col-100 elementor-top-column elementor-element elementor-element-1cb8d31\" data-id=\"1cb8d31\" data-element_type=\"column\" data-e-type=\"column\">\n\t\t\t<div class=\"elementor-widget-wrap elementor-element-populated\">\n\t\t\t\t\t\t<div class=\"elementor-element elementor-element-ebfb74d elementor-widget elementor-widget-heading\" data-id=\"ebfb74d\" data-element_type=\"widget\" data-e-type=\"widget\" data-widget_type=\"heading.default\">\n\t\t\t\t<div class=\"elementor-widget-container\">\n\t\t\t\t\t<h2 class=\"elementor-heading-title elementor-size-default\">Parque de la Barceloneta<\/h2>\t\t\t\t<\/div>\n\t\t\t\t<\/div>\n\t\t\t\t<div class=\"elementor-element elementor-element-9be85cd elementor-widget elementor-widget-text-editor\" data-id=\"9be85cd\" data-element_type=\"widget\" data-e-type=\"widget\" data-widget_type=\"text-editor.default\">\n\t\t\t\t<div class=\"elementor-widget-container\">\n\t\t\t\t\t\t\t\t\t<p class=\"has-white-color has-cyan-bluish-gray-background-color has-text-color has-background has-link-color\">Lokalizacja: Dzielnica Barceloneta, blisko pla\u017cy.<\/p>\n<p>Parque de la Barceloneta to park po\u0142o\u017cony blisko morza, oferuj\u0105cy doskona\u0142e miejsca na relaks po dniu sp\u0119dzonym na pla\u017cy. Znajduj\u0105 si\u0119 tu r\u00f3wnie\u017c boiska do gry w koszyk\u00f3wk\u0119 i pi\u0142k\u0119 no\u017cn\u0105, wi\u0119c idealne, je\u015bli jeste\u015bmy w podr\u00f3\u017cy ze \u017cwawymi nastolatkami. \ud83d\ude42<\/p>\t\t\t\t\t\t\t\t<\/div>\n\t\t\t\t<\/div>\n\t\t\t\t\t<\/div>\n\t\t<\/div>\n\t\t\t\t\t<\/div>\n\t\t<\/section>\n\t\t\t\t<section class=\"elementor-section elementor-top-section elementor-element elementor-element-e2618fe elementor-section-boxed elementor-section-height-default elementor-section-height-default\" data-id=\"e2618fe\" data-element_type=\"section\" data-e-type=\"section\">\n\t\t\t\t\t\t<div class=\"elementor-container elementor-column-gap-default\">\n\t\t\t\t\t<div class=\"elementor-column elementor-col-100 elementor-top-column elementor-element elementor-element-83c3d5d\" data-id=\"83c3d5d\" data-element_type=\"column\" data-e-type=\"column\">\n\t\t\t<div class=\"elementor-widget-wrap elementor-element-populated\">\n\t\t\t\t\t\t<div class=\"elementor-element elementor-element-809795c elementor-widget elementor-widget-heading\" data-id=\"809795c\" data-element_type=\"widget\" data-e-type=\"widget\" data-widget_type=\"heading.default\">\n\t\t\t\t<div class=\"elementor-widget-container\">\n\t\t\t\t\t<h2 class=\"elementor-heading-title elementor-size-default\">Parque de la Creueta del Coll<\/h2>\t\t\t\t<\/div>\n\t\t\t\t<\/div>\n\t\t\t\t<div class=\"elementor-element elementor-element-1240c22 elementor-widget elementor-widget-text-editor\" data-id=\"1240c22\" data-element_type=\"widget\" data-e-type=\"widget\" data-widget_type=\"text-editor.default\">\n\t\t\t\t<div class=\"elementor-widget-container\">\n\t\t\t\t\t\t\t\t\t<p class=\"has-white-color has-cyan-bluish-gray-background-color has-text-color has-background has-link-color\">Lokalizacja: Dzielnica Gr\u00e0cia, na wzg\u00f3rzu El Coll.<\/p>\n<p>Parque de la Creueta del Coll to park utworzony na miejscu dawnego kamienio\u0142omu. Obecnie znajduje si\u0119 tu jezioro, w kt\u00f3rym mo\u017cna p\u0142ywa\u0107 i zrelaksowa\u0107 si\u0119 w gor\u0105ce dni. Park oferuje liczne \u015bcie\u017cki spacerowe, tereny piknikowe i place zabaw. Ze wspania\u0142ymi widokami na Barcelon\u0119, jest idealnym miejscem na spokojny dzie\u0144 z dala od t\u0142um\u00f3w.<\/p>\t\t\t\t\t\t\t\t<\/div>\n\t\t\t\t<\/div>\n\t\t\t\t\t<\/div>\n\t\t<\/div>\n\t\t\t\t\t<\/div>\n\t\t<\/section>\n\t\t\t\t<section class=\"elementor-section elementor-top-section elementor-element elementor-element-21761bc elementor-section-boxed elementor-section-height-default elementor-section-height-default\" data-id=\"21761bc\" data-element_type=\"section\" data-e-type=\"section\">\n\t\t\t\t\t\t<div class=\"elementor-container elementor-column-gap-default\">\n\t\t\t\t\t<div class=\"elementor-column elementor-col-100 elementor-top-column elementor-element elementor-element-ec16ff5\" data-id=\"ec16ff5\" data-element_type=\"column\" data-e-type=\"column\">\n\t\t\t<div class=\"elementor-widget-wrap elementor-element-populated\">\n\t\t\t\t\t\t<div class=\"elementor-element elementor-element-802f9c6 elementor-widget elementor-widget-heading\" data-id=\"802f9c6\" data-element_type=\"widget\" data-e-type=\"widget\" data-widget_type=\"heading.default\">\n\t\t\t\t<div class=\"elementor-widget-container\">\n\t\t\t\t\t<h3 class=\"elementor-heading-title elementor-size-default\">Kochasz podr\u00f3\u017ce, tak samo jak my? Zerknij na nasze inne media:<\/h3>\t\t\t\t<\/div>\n\t\t\t\t<\/div>\n\t\t\t\t<div class=\"elementor-element elementor-element-f5c254c elementor-shape-rounded elementor-grid-0 e-grid-align-center elementor-widget elementor-widget-social-icons\" data-id=\"f5c254c\" data-element_type=\"widget\" data-e-type=\"widget\" data-widget_type=\"social-icons.default\">\n\t\t\t\t<div class=\"elementor-widget-container\">\n\t\t\t\t\t\t\t<div class=\"elementor-social-icons-wrapper elementor-grid\" role=\"list\">\n\t\t\t\t\t\t\t<span class=\"elementor-grid-item\" role=\"listitem\">\n\t\t\t\t\t<a class=\"elementor-icon elementor-social-icon elementor-social-icon-facebook elementor-repeater-item-1bce629\" href=\"https:\/\/www.facebook.com\/wzdluzdrogi\" target=\"_blank\">\n\t\t\t\t\t\t<span class=\"elementor-screen-only\">Facebook<\/span>\n\t\t\t\t\t\t<i aria-hidden=\"true\" class=\"fab fa-facebook\"><\/i>\t\t\t\t\t<\/a>\n\t\t\t\t<\/span>\n\t\t\t\t\t\t\t<span class=\"elementor-grid-item\" role=\"listitem\">\n\t\t\t\t\t<a class=\"elementor-icon elementor-social-icon elementor-social-icon-youtube elementor-repeater-item-bdd6bf3\" href=\"https:\/\/www.youtube.com\/channel\/UCW7xjbHjmE0P5_HMEhlFR5w\" target=\"_blank\">\n\t\t\t\t\t\t<span class=\"elementor-screen-only\">Youtube<\/span>\n\t\t\t\t\t\t<i aria-hidden=\"true\" class=\"fab fa-youtube\"><\/i>\t\t\t\t\t<\/a>\n\t\t\t\t<\/span>\n\t\t\t\t\t\t\t<span class=\"elementor-grid-item\" role=\"listitem\">\n\t\t\t\t\t<a class=\"elementor-icon elementor-social-icon elementor-social-icon-instagram elementor-repeater-item-974fab2\" href=\"https:\/\/www.instagram.com\/wzdluz_drogi\/?hl=pl\" target=\"_blank\">\n\t\t\t\t\t\t<span class=\"elementor-screen-only\">Instagram<\/span>\n\t\t\t\t\t\t<i aria-hidden=\"true\" class=\"fab fa-instagram\"><\/i>\t\t\t\t\t<\/a>\n\t\t\t\t<\/span>\n\t\t\t\t\t<\/div>\n\t\t\t\t\t\t<\/div>\n\t\t\t\t<\/div>\n\t\t\t\t\t<\/div>\n\t\t<\/div>\n\t\t\t\t\t<\/div>\n\t\t<\/section>\n\t\t\t\t<\/div>\n\t\t","protected":false},"excerpt":{"rendered":"<p>Najlepsze parki w Barcelonie Barcelona to tylko ciasne ulice i ci\u0105g\u0142e t\u0142umy? Nic bardziej mylnego! Wok\u00f3\u0142 miasta znajdziesz rozleg\u0142e zielone tereny, ale je\u015bli nie planujesz wyjazdu poza Barcelon\u0119, sprawd\u017a nasz\u0105 list\u0119 park\u00f3w w centrum, gdzie mo\u017cesz odpocz\u0105\u0107 i si\u0119 zrelaksowa\u0107. Park de la Ciutadella Lokalizacja: Dzielnica El Born, blisko Zoo w Barcelonie i Parlamentu Katalonii. &hellip; <\/p>\n","protected":false},"author":1,"featured_media":3569,"comment_status":"open","ping_status":"closed","sticky":false,"template":"","format":"standard","meta":{"_monsterinsights_skip_tracking":false,"_monsterinsights_sitenote_active":false,"_monsterinsights_sitenote_note":"","_monsterinsights_sitenote_category":0,"footnotes":""},"categories":[100,99,26],"tags":[],"class_list":["post-3233","post","type-post","status-publish","format-standard","has-post-thumbnail","hentry","category-barcelona","category-hiszpania","category-podroze"],"yoast_head":"<!-- This site is optimized with the Yoast SEO plugin v26.5 - https:\/\/yoast.com\/wordpress\/plugins\/seo\/ -->\n<title>Najlepsze parki w Barcelonie, gdzie wypoczniesz od zgie\u0142ku i ludzi - Wzd\u0142u\u017c Drogi<\/title>\n<meta name=\"description\" content=\"Poznaj najlepsze parki w Barcelonie, gdzie wypoczniesz od zgie\u0142ku i ludzi. Jakie parki warto zobaczy\u0107 w Barcelonie? Gdzie odpoczniesz w Barcelonie?\" \/>\n<meta name=\"robots\" content=\"index, follow, max-snippet:-1, max-image-preview:large, max-video-preview:-1\" \/>\n<link rel=\"canonical\" href=\"https:\/\/www.wzdluzdrogi.pl\/index.php\/2024\/06\/05\/najlepsze-parki-w-barcelonie-gdzie-wypoczniesz-od-zgielku-i-ludzi\/\" \/>\n<meta property=\"og:locale\" content=\"pl_PL\" \/>\n<meta property=\"og:type\" content=\"article\" \/>\n<meta property=\"og:title\" content=\"Najlepsze parki w Barcelonie, gdzie wypoczniesz od zgie\u0142ku i ludzi - Wzd\u0142u\u017c Drogi\" \/>\n<meta property=\"og:description\" content=\"Poznaj najlepsze parki w Barcelonie, gdzie wypoczniesz od zgie\u0142ku i ludzi. Jakie parki warto zobaczy\u0107 w Barcelonie? Gdzie odpoczniesz w Barcelonie?\" \/>\n<meta property=\"og:url\" content=\"https:\/\/www.wzdluzdrogi.pl\/index.php\/2024\/06\/05\/najlepsze-parki-w-barcelonie-gdzie-wypoczniesz-od-zgielku-i-ludzi\/\" \/>\n<meta property=\"og:site_name\" content=\"Wzd\u0142u\u017c Drogi\" \/>\n<meta property=\"article:published_time\" content=\"2024-06-05T17:52:33+00:00\" \/>\n<meta property=\"article:modified_time\" content=\"2024-07-30T18:44:11+00:00\" \/>\n<meta property=\"og:image\" content=\"https:\/\/www.wzdluzdrogi.pl\/wp-content\/uploads\/2024\/06\/MG_7661-1-scaled.jpg\" \/>\n\t<meta property=\"og:image:width\" content=\"1067\" \/>\n\t<meta property=\"og:image:height\" content=\"1600\" \/>\n\t<meta property=\"og:image:type\" content=\"image\/jpeg\" \/>\n<meta name=\"author\" content=\"Wzdluzdrogi\" \/>\n<meta name=\"twitter:card\" content=\"summary_large_image\" \/>\n<meta name=\"twitter:label1\" content=\"Napisane przez\" \/>\n\t<meta name=\"twitter:data1\" content=\"Wzdluzdrogi\" \/>\n\t<meta name=\"twitter:label2\" content=\"Szacowany czas czytania\" \/>\n\t<meta name=\"twitter:data2\" content=\"6 minut\" \/>\n<script type=\"application\/ld+json\" class=\"yoast-schema-graph\">{\"@context\":\"https:\/\/schema.org\",\"@graph\":[{\"@type\":\"WebPage\",\"@id\":\"https:\/\/www.wzdluzdrogi.pl\/index.php\/2024\/06\/05\/najlepsze-parki-w-barcelonie-gdzie-wypoczniesz-od-zgielku-i-ludzi\/\",\"url\":\"https:\/\/www.wzdluzdrogi.pl\/index.php\/2024\/06\/05\/najlepsze-parki-w-barcelonie-gdzie-wypoczniesz-od-zgielku-i-ludzi\/\",\"name\":\"Najlepsze parki w Barcelonie, gdzie wypoczniesz od zgie\u0142ku i ludzi - Wzd\u0142u\u017c Drogi\",\"isPartOf\":{\"@id\":\"https:\/\/www.wzdluzdrogi.pl\/#website\"},\"primaryImageOfPage\":{\"@id\":\"https:\/\/www.wzdluzdrogi.pl\/index.php\/2024\/06\/05\/najlepsze-parki-w-barcelonie-gdzie-wypoczniesz-od-zgielku-i-ludzi\/#primaryimage\"},\"image\":{\"@id\":\"https:\/\/www.wzdluzdrogi.pl\/index.php\/2024\/06\/05\/najlepsze-parki-w-barcelonie-gdzie-wypoczniesz-od-zgielku-i-ludzi\/#primaryimage\"},\"thumbnailUrl\":\"https:\/\/www.wzdluzdrogi.pl\/wp-content\/uploads\/2024\/06\/MG_7661-1-scaled.jpg\",\"datePublished\":\"2024-06-05T17:52:33+00:00\",\"dateModified\":\"2024-07-30T18:44:11+00:00\",\"author\":{\"@id\":\"https:\/\/www.wzdluzdrogi.pl\/#\/schema\/person\/74e57cccc529edf05c11ceaff979bf00\"},\"description\":\"Poznaj najlepsze parki w Barcelonie, gdzie wypoczniesz od zgie\u0142ku i ludzi. Jakie parki warto zobaczy\u0107 w Barcelonie? Gdzie odpoczniesz w Barcelonie?\",\"breadcrumb\":{\"@id\":\"https:\/\/www.wzdluzdrogi.pl\/index.php\/2024\/06\/05\/najlepsze-parki-w-barcelonie-gdzie-wypoczniesz-od-zgielku-i-ludzi\/#breadcrumb\"},\"inLanguage\":\"pl-PL\",\"potentialAction\":[{\"@type\":\"ReadAction\",\"target\":[\"https:\/\/www.wzdluzdrogi.pl\/index.php\/2024\/06\/05\/najlepsze-parki-w-barcelonie-gdzie-wypoczniesz-od-zgielku-i-ludzi\/\"]}]},{\"@type\":\"ImageObject\",\"inLanguage\":\"pl-PL\",\"@id\":\"https:\/\/www.wzdluzdrogi.pl\/index.php\/2024\/06\/05\/najlepsze-parki-w-barcelonie-gdzie-wypoczniesz-od-zgielku-i-ludzi\/#primaryimage\",\"url\":\"https:\/\/www.wzdluzdrogi.pl\/wp-content\/uploads\/2024\/06\/MG_7661-1-scaled.jpg\",\"contentUrl\":\"https:\/\/www.wzdluzdrogi.pl\/wp-content\/uploads\/2024\/06\/MG_7661-1-scaled.jpg\",\"width\":1067,\"height\":1600},{\"@type\":\"BreadcrumbList\",\"@id\":\"https:\/\/www.wzdluzdrogi.pl\/index.php\/2024\/06\/05\/najlepsze-parki-w-barcelonie-gdzie-wypoczniesz-od-zgielku-i-ludzi\/#breadcrumb\",\"itemListElement\":[{\"@type\":\"ListItem\",\"position\":1,\"name\":\"Strona g\u0142\u00f3wna\",\"item\":\"https:\/\/www.wzdluzdrogi.pl\/\"},{\"@type\":\"ListItem\",\"position\":2,\"name\":\"Najlepsze parki w Barcelonie, gdzie wypoczniesz od zgie\u0142ku i ludzi\"}]},{\"@type\":\"WebSite\",\"@id\":\"https:\/\/www.wzdluzdrogi.pl\/#website\",\"url\":\"https:\/\/www.wzdluzdrogi.pl\/\",\"name\":\"Wzd\u0142u\u017c Drogi\",\"description\":\"Podr\u00f3\u017ce w rytmie slow\",\"potentialAction\":[{\"@type\":\"SearchAction\",\"target\":{\"@type\":\"EntryPoint\",\"urlTemplate\":\"https:\/\/www.wzdluzdrogi.pl\/?s={search_term_string}\"},\"query-input\":{\"@type\":\"PropertyValueSpecification\",\"valueRequired\":true,\"valueName\":\"search_term_string\"}}],\"inLanguage\":\"pl-PL\"},{\"@type\":\"Person\",\"@id\":\"https:\/\/www.wzdluzdrogi.pl\/#\/schema\/person\/74e57cccc529edf05c11ceaff979bf00\",\"name\":\"Wzdluzdrogi\",\"image\":{\"@type\":\"ImageObject\",\"inLanguage\":\"pl-PL\",\"@id\":\"https:\/\/www.wzdluzdrogi.pl\/#\/schema\/person\/image\/\",\"url\":\"https:\/\/secure.gravatar.com\/avatar\/5338c7b0ffcf3c9b5c99db5ffd459d84?s=96&d=mm&r=g\",\"contentUrl\":\"https:\/\/secure.gravatar.com\/avatar\/5338c7b0ffcf3c9b5c99db5ffd459d84?s=96&d=mm&r=g\",\"caption\":\"Wzdluzdrogi\"},\"sameAs\":[\"http:\/\/www.wzdluzdrogi.pl\"],\"url\":\"https:\/\/www.wzdluzdrogi.pl\/index.php\/author\/wzdluzdrogi\/\"}]}<\/script>\n<!-- \/ Yoast SEO plugin. -->","yoast_head_json":{"title":"Najlepsze parki w Barcelonie, gdzie wypoczniesz od zgie\u0142ku i ludzi - Wzd\u0142u\u017c Drogi","description":"Poznaj najlepsze parki w Barcelonie, gdzie wypoczniesz od zgie\u0142ku i ludzi. Jakie parki warto zobaczy\u0107 w Barcelonie? Gdzie odpoczniesz w Barcelonie?","robots":{"index":"index","follow":"follow","max-snippet":"max-snippet:-1","max-image-preview":"max-image-preview:large","max-video-preview":"max-video-preview:-1"},"canonical":"https:\/\/www.wzdluzdrogi.pl\/index.php\/2024\/06\/05\/najlepsze-parki-w-barcelonie-gdzie-wypoczniesz-od-zgielku-i-ludzi\/","og_locale":"pl_PL","og_type":"article","og_title":"Najlepsze parki w Barcelonie, gdzie wypoczniesz od zgie\u0142ku i ludzi - Wzd\u0142u\u017c Drogi","og_description":"Poznaj najlepsze parki w Barcelonie, gdzie wypoczniesz od zgie\u0142ku i ludzi. Jakie parki warto zobaczy\u0107 w Barcelonie? Gdzie odpoczniesz w Barcelonie?","og_url":"https:\/\/www.wzdluzdrogi.pl\/index.php\/2024\/06\/05\/najlepsze-parki-w-barcelonie-gdzie-wypoczniesz-od-zgielku-i-ludzi\/","og_site_name":"Wzd\u0142u\u017c Drogi","article_published_time":"2024-06-05T17:52:33+00:00","article_modified_time":"2024-07-30T18:44:11+00:00","og_image":[{"width":1067,"height":1600,"url":"https:\/\/www.wzdluzdrogi.pl\/wp-content\/uploads\/2024\/06\/MG_7661-1-scaled.jpg","type":"image\/jpeg"}],"author":"Wzdluzdrogi","twitter_card":"summary_large_image","twitter_misc":{"Napisane przez":"Wzdluzdrogi","Szacowany czas czytania":"6 minut"},"schema":{"@context":"https:\/\/schema.org","@graph":[{"@type":"WebPage","@id":"https:\/\/www.wzdluzdrogi.pl\/index.php\/2024\/06\/05\/najlepsze-parki-w-barcelonie-gdzie-wypoczniesz-od-zgielku-i-ludzi\/","url":"https:\/\/www.wzdluzdrogi.pl\/index.php\/2024\/06\/05\/najlepsze-parki-w-barcelonie-gdzie-wypoczniesz-od-zgielku-i-ludzi\/","name":"Najlepsze parki w Barcelonie, gdzie wypoczniesz od zgie\u0142ku i ludzi - Wzd\u0142u\u017c Drogi","isPartOf":{"@id":"https:\/\/www.wzdluzdrogi.pl\/#website"},"primaryImageOfPage":{"@id":"https:\/\/www.wzdluzdrogi.pl\/index.php\/2024\/06\/05\/najlepsze-parki-w-barcelonie-gdzie-wypoczniesz-od-zgielku-i-ludzi\/#primaryimage"},"image":{"@id":"https:\/\/www.wzdluzdrogi.pl\/index.php\/2024\/06\/05\/najlepsze-parki-w-barcelonie-gdzie-wypoczniesz-od-zgielku-i-ludzi\/#primaryimage"},"thumbnailUrl":"https:\/\/www.wzdluzdrogi.pl\/wp-content\/uploads\/2024\/06\/MG_7661-1-scaled.jpg","datePublished":"2024-06-05T17:52:33+00:00","dateModified":"2024-07-30T18:44:11+00:00","author":{"@id":"https:\/\/www.wzdluzdrogi.pl\/#\/schema\/person\/74e57cccc529edf05c11ceaff979bf00"},"description":"Poznaj najlepsze parki w Barcelonie, gdzie wypoczniesz od zgie\u0142ku i ludzi. Jakie parki warto zobaczy\u0107 w Barcelonie? Gdzie odpoczniesz w Barcelonie?","breadcrumb":{"@id":"https:\/\/www.wzdluzdrogi.pl\/index.php\/2024\/06\/05\/najlepsze-parki-w-barcelonie-gdzie-wypoczniesz-od-zgielku-i-ludzi\/#breadcrumb"},"inLanguage":"pl-PL","potentialAction":[{"@type":"ReadAction","target":["https:\/\/www.wzdluzdrogi.pl\/index.php\/2024\/06\/05\/najlepsze-parki-w-barcelonie-gdzie-wypoczniesz-od-zgielku-i-ludzi\/"]}]},{"@type":"ImageObject","inLanguage":"pl-PL","@id":"https:\/\/www.wzdluzdrogi.pl\/index.php\/2024\/06\/05\/najlepsze-parki-w-barcelonie-gdzie-wypoczniesz-od-zgielku-i-ludzi\/#primaryimage","url":"https:\/\/www.wzdluzdrogi.pl\/wp-content\/uploads\/2024\/06\/MG_7661-1-scaled.jpg","contentUrl":"https:\/\/www.wzdluzdrogi.pl\/wp-content\/uploads\/2024\/06\/MG_7661-1-scaled.jpg","width":1067,"height":1600},{"@type":"BreadcrumbList","@id":"https:\/\/www.wzdluzdrogi.pl\/index.php\/2024\/06\/05\/najlepsze-parki-w-barcelonie-gdzie-wypoczniesz-od-zgielku-i-ludzi\/#breadcrumb","itemListElement":[{"@type":"ListItem","position":1,"name":"Strona g\u0142\u00f3wna","item":"https:\/\/www.wzdluzdrogi.pl\/"},{"@type":"ListItem","position":2,"name":"Najlepsze parki w Barcelonie, gdzie wypoczniesz od zgie\u0142ku i ludzi"}]},{"@type":"WebSite","@id":"https:\/\/www.wzdluzdrogi.pl\/#website","url":"https:\/\/www.wzdluzdrogi.pl\/","name":"Wzd\u0142u\u017c Drogi","description":"Podr\u00f3\u017ce w rytmie slow","potentialAction":[{"@type":"SearchAction","target":{"@type":"EntryPoint","urlTemplate":"https:\/\/www.wzdluzdrogi.pl\/?s={search_term_string}"},"query-input":{"@type":"PropertyValueSpecification","valueRequired":true,"valueName":"search_term_string"}}],"inLanguage":"pl-PL"},{"@type":"Person","@id":"https:\/\/www.wzdluzdrogi.pl\/#\/schema\/person\/74e57cccc529edf05c11ceaff979bf00","name":"Wzdluzdrogi","image":{"@type":"ImageObject","inLanguage":"pl-PL","@id":"https:\/\/www.wzdluzdrogi.pl\/#\/schema\/person\/image\/","url":"https:\/\/secure.gravatar.com\/avatar\/5338c7b0ffcf3c9b5c99db5ffd459d84?s=96&d=mm&r=g","contentUrl":"https:\/\/secure.gravatar.com\/avatar\/5338c7b0ffcf3c9b5c99db5ffd459d84?s=96&d=mm&r=g","caption":"Wzdluzdrogi"},"sameAs":["http:\/\/www.wzdluzdrogi.pl"],"url":"https:\/\/www.wzdluzdrogi.pl\/index.php\/author\/wzdluzdrogi\/"}]}},"_links":{"self":[{"href":"https:\/\/www.wzdluzdrogi.pl\/index.php\/wp-json\/wp\/v2\/posts\/3233","targetHints":{"allow":["GET"]}}],"collection":[{"href":"https:\/\/www.wzdluzdrogi.pl\/index.php\/wp-json\/wp\/v2\/posts"}],"about":[{"href":"https:\/\/www.wzdluzdrogi.pl\/index.php\/wp-json\/wp\/v2\/types\/post"}],"author":[{"embeddable":true,"href":"https:\/\/www.wzdluzdrogi.pl\/index.php\/wp-json\/wp\/v2\/users\/1"}],"replies":[{"embeddable":true,"href":"https:\/\/www.wzdluzdrogi.pl\/index.php\/wp-json\/wp\/v2\/comments?post=3233"}],"version-history":[{"count":25,"href":"https:\/\/www.wzdluzdrogi.pl\/index.php\/wp-json\/wp\/v2\/posts\/3233\/revisions"}],"predecessor-version":[{"id":3620,"href":"https:\/\/www.wzdluzdrogi.pl\/index.php\/wp-json\/wp\/v2\/posts\/3233\/revisions\/3620"}],"wp:featuredmedia":[{"embeddable":true,"href":"https:\/\/www.wzdluzdrogi.pl\/index.php\/wp-json\/wp\/v2\/media\/3569"}],"wp:attachment":[{"href":"https:\/\/www.wzdluzdrogi.pl\/index.php\/wp-json\/wp\/v2\/media?parent=3233"}],"wp:term":[{"taxonomy":"category","embeddable":true,"href":"https:\/\/www.wzdluzdrogi.pl\/index.php\/wp-json\/wp\/v2\/categories?post=3233"},{"taxonomy":"post_tag","embeddable":true,"href":"https:\/\/www.wzdluzdrogi.pl\/index.php\/wp-json\/wp\/v2\/tags?post=3233"}],"curies":[{"name":"wp","href":"https:\/\/api.w.org\/{rel}","templated":true}]}}