{"id":3317,"date":"2024-07-11T20:52:47","date_gmt":"2024-07-11T18:52:47","guid":{"rendered":"https:\/\/www.wzdluzdrogi.pl\/?p=3317"},"modified":"2024-07-12T19:37:10","modified_gmt":"2024-07-12T17:37:10","slug":"przewodnik-po-valletcie-odkryj-uroki-stolicy-malty","status":"publish","type":"post","link":"https:\/\/www.wzdluzdrogi.pl\/index.php\/2024\/07\/11\/przewodnik-po-valletcie-odkryj-uroki-stolicy-malty\/","title":{"rendered":"Przewodnik po Valletcie. Odkryj uroki stolicy Malty"},"content":{"rendered":"\t\t<div data-elementor-type=\"wp-post\" data-elementor-id=\"3317\" class=\"elementor elementor-3317\">\n\t\t\t\t\t\t<section class=\"elementor-section elementor-top-section elementor-element elementor-element-4c7cec9 elementor-section-boxed elementor-section-height-default elementor-section-height-default\" data-id=\"4c7cec9\" data-element_type=\"section\" data-e-type=\"section\">\n\t\t\t\t\t\t<div class=\"elementor-container elementor-column-gap-default\">\n\t\t\t\t\t<div class=\"elementor-column elementor-col-100 elementor-top-column elementor-element elementor-element-ae7671a\" data-id=\"ae7671a\" data-element_type=\"column\" data-e-type=\"column\">\n\t\t\t<div class=\"elementor-widget-wrap elementor-element-populated\">\n\t\t\t\t\t\t<div class=\"elementor-element elementor-element-de08efc elementor-widget elementor-widget-text-editor\" data-id=\"de08efc\" data-element_type=\"widget\" data-e-type=\"widget\" data-widget_type=\"text-editor.default\">\n\t\t\t\t<div class=\"elementor-widget-container\">\n\t\t\t\t\t\t\t\t\t<p align=\"LEFT\">Valletta to przepi\u0119kna stolica Malty. Uwa\u017camy, \u017ce jest to jedna z najbardziej wyj\u0105tkowych stolic w Europie, cho\u0107 oczywi\u015bcie mo\u017cecie mie\u0107 inne zdanie. W tym kr\u00f3tkim przewodniku znajdziecie wszystkie najwa\u017cniejsze informacje oraz nasze opinie i powody, dla kt\u00f3rych Valletta zapisa\u0142a si\u0119 w naszych wspomnieniach tak pozytywnie.<\/p>\t\t\t\t\t\t\t\t<\/div>\n\t\t\t\t<\/div>\n\t\t\t\t\t<\/div>\n\t\t<\/div>\n\t\t\t\t\t<\/div>\n\t\t<\/section>\n\t\t\t\t<section class=\"elementor-section elementor-top-section elementor-element elementor-element-c653320 elementor-section-boxed elementor-section-height-default elementor-section-height-default\" data-id=\"c653320\" data-element_type=\"section\" data-e-type=\"section\">\n\t\t\t\t\t\t<div class=\"elementor-container elementor-column-gap-default\">\n\t\t\t\t\t<div class=\"elementor-column elementor-col-100 elementor-top-column elementor-element elementor-element-3df5f84\" data-id=\"3df5f84\" data-element_type=\"column\" data-e-type=\"column\">\n\t\t\t<div class=\"elementor-widget-wrap elementor-element-populated\">\n\t\t\t\t\t\t<div class=\"elementor-element elementor-element-b8faf4c elementor-widget elementor-widget-heading\" data-id=\"b8faf4c\" data-element_type=\"widget\" data-e-type=\"widget\" data-widget_type=\"heading.default\">\n\t\t\t\t<div class=\"elementor-widget-container\">\n\t\t\t\t\t<div id=\"ez-toc-container\" class=\"ez-toc-v2_0_82_2 counter-hierarchy ez-toc-counter ez-toc-light-blue ez-toc-container-direction\">\n<p class=\"ez-toc-title\" style=\"cursor:inherit\">Spis tre\u015bci<\/p>\n<label for=\"ez-toc-cssicon-toggle-item-69f16c6218392\" class=\"ez-toc-cssicon-toggle-label\"><span class=\"\"><span class=\"eztoc-hide\" style=\"display:none;\">Toggle<\/span><span class=\"ez-toc-icon-toggle-span\"><svg style=\"fill: #999;color:#999\" xmlns=\"http:\/\/www.w3.org\/2000\/svg\" class=\"list-377408\" width=\"20px\" height=\"20px\" viewBox=\"0 0 24 24\" fill=\"none\"><path d=\"M6 6H4v2h2V6zm14 0H8v2h12V6zM4 11h2v2H4v-2zm16 0H8v2h12v-2zM4 16h2v2H4v-2zm16 0H8v2h12v-2z\" fill=\"currentColor\"><\/path><\/svg><svg style=\"fill: #999;color:#999\" class=\"arrow-unsorted-368013\" xmlns=\"http:\/\/www.w3.org\/2000\/svg\" width=\"10px\" height=\"10px\" viewBox=\"0 0 24 24\" version=\"1.2\" baseProfile=\"tiny\"><path d=\"M18.2 9.3l-6.2-6.3-6.2 6.3c-.2.2-.3.4-.3.7s.1.5.3.7c.2.2.4.3.7.3h11c.3 0 .5-.1.7-.3.2-.2.3-.5.3-.7s-.1-.5-.3-.7zM5.8 14.7l6.2 6.3 6.2-6.3c.2-.2.3-.5.3-.7s-.1-.5-.3-.7c-.2-.2-.4-.3-.7-.3h-11c-.3 0-.5.1-.7.3-.2.2-.3.5-.3.7s.1.5.3.7z\"\/><\/svg><\/span><\/span><\/label><input type=\"checkbox\"  id=\"ez-toc-cssicon-toggle-item-69f16c6218392\"  aria-label=\"Prze\u0142\u0105cznik\" \/><nav><ul class='ez-toc-list ez-toc-list-level-1 ' ><li class='ez-toc-page-1 ez-toc-heading-level-2'><a class=\"ez-toc-link ez-toc-heading-1\" href=\"https:\/\/www.wzdluzdrogi.pl\/index.php\/2024\/07\/11\/przewodnik-po-valletcie-odkryj-uroki-stolicy-malty\/#Historia_Valletty\" >Historia Valletty<\/a><\/li><li class='ez-toc-page-1 ez-toc-heading-level-2'><a class=\"ez-toc-link ez-toc-heading-2\" href=\"https:\/\/www.wzdluzdrogi.pl\/index.php\/2024\/07\/11\/przewodnik-po-valletcie-odkryj-uroki-stolicy-malty\/#Warto_wiedziec\" >Warto wiedzie\u0107!<\/a><\/li><li class='ez-toc-page-1 ez-toc-heading-level-2'><a class=\"ez-toc-link ez-toc-heading-3\" href=\"https:\/\/www.wzdluzdrogi.pl\/index.php\/2024\/07\/11\/przewodnik-po-valletcie-odkryj-uroki-stolicy-malty\/#Jak_dojechac_z_lotniska_do_Valletty\" >Jak dojecha\u0107 z lotniska do Valletty?<\/a><\/li><li class='ez-toc-page-1 ez-toc-heading-level-2'><a class=\"ez-toc-link ez-toc-heading-4\" href=\"https:\/\/www.wzdluzdrogi.pl\/index.php\/2024\/07\/11\/przewodnik-po-valletcie-odkryj-uroki-stolicy-malty\/#Jak_poruszac_sie_po_Valletcie\" >Jak porusza\u0107 si\u0119 po Valletcie?<\/a><\/li><li class='ez-toc-page-1 ez-toc-heading-level-2'><a class=\"ez-toc-link ez-toc-heading-5\" href=\"https:\/\/www.wzdluzdrogi.pl\/index.php\/2024\/07\/11\/przewodnik-po-valletcie-odkryj-uroki-stolicy-malty\/#Co_zwiedzic_w_Valletcie\" >Co zwiedzi\u0107 w Valletcie?<\/a><ul class='ez-toc-list-level-3' ><li class='ez-toc-heading-level-3'><a class=\"ez-toc-link ez-toc-heading-6\" href=\"https:\/\/www.wzdluzdrogi.pl\/index.php\/2024\/07\/11\/przewodnik-po-valletcie-odkryj-uroki-stolicy-malty\/#Fontanna_Trytona\" >Fontanna Trytona<\/a><\/li><li class='ez-toc-page-1 ez-toc-heading-level-3'><a class=\"ez-toc-link ez-toc-heading-7\" href=\"https:\/\/www.wzdluzdrogi.pl\/index.php\/2024\/07\/11\/przewodnik-po-valletcie-odkryj-uroki-stolicy-malty\/#Brama_Miejska\" >Brama Miejska<\/a><\/li><li class='ez-toc-page-1 ez-toc-heading-level-3'><a class=\"ez-toc-link ez-toc-heading-8\" href=\"https:\/\/www.wzdluzdrogi.pl\/index.php\/2024\/07\/11\/przewodnik-po-valletcie-odkryj-uroki-stolicy-malty\/#Parlament\" >Parlament<\/a><\/li><li class='ez-toc-page-1 ez-toc-heading-level-3'><a class=\"ez-toc-link ez-toc-heading-9\" href=\"https:\/\/www.wzdluzdrogi.pl\/index.php\/2024\/07\/11\/przewodnik-po-valletcie-odkryj-uroki-stolicy-malty\/#Opera_Krolewska\" >Opera Kr\u00f3lewska<\/a><\/li><li class='ez-toc-page-1 ez-toc-heading-level-3'><a class=\"ez-toc-link ez-toc-heading-10\" href=\"https:\/\/www.wzdluzdrogi.pl\/index.php\/2024\/07\/11\/przewodnik-po-valletcie-odkryj-uroki-stolicy-malty\/#Gorne_Ogrody_Barrakka\" >G\u00f3rne Ogrody Barrakka<\/a><\/li><li class='ez-toc-page-1 ez-toc-heading-level-3'><a class=\"ez-toc-link ez-toc-heading-11\" href=\"https:\/\/www.wzdluzdrogi.pl\/index.php\/2024\/07\/11\/przewodnik-po-valletcie-odkryj-uroki-stolicy-malty\/#Lascaris_War_Room_opcjonalnie\" >Lascaris War Room (opcjonalnie)<\/a><\/li><li class='ez-toc-page-1 ez-toc-heading-level-3'><a class=\"ez-toc-link ez-toc-heading-12\" href=\"https:\/\/www.wzdluzdrogi.pl\/index.php\/2024\/07\/11\/przewodnik-po-valletcie-odkryj-uroki-stolicy-malty\/#Red_Phone_Booth_and_Balconies\" >Red Phone Booth and Balconies<\/a><\/li><li class='ez-toc-page-1 ez-toc-heading-level-3'><a class=\"ez-toc-link ez-toc-heading-13\" href=\"https:\/\/www.wzdluzdrogi.pl\/index.php\/2024\/07\/11\/przewodnik-po-valletcie-odkryj-uroki-stolicy-malty\/#Dolne_Ogrody_Barrakka\" >Dolne Ogrody Barrakka<\/a><\/li><li class='ez-toc-page-1 ez-toc-heading-level-3'><a class=\"ez-toc-link ez-toc-heading-14\" href=\"https:\/\/www.wzdluzdrogi.pl\/index.php\/2024\/07\/11\/przewodnik-po-valletcie-odkryj-uroki-stolicy-malty\/#The_Malta_Experience\" >The Malta Experience<\/a><\/li><li class='ez-toc-page-1 ez-toc-heading-level-3'><a class=\"ez-toc-link ez-toc-heading-15\" href=\"https:\/\/www.wzdluzdrogi.pl\/index.php\/2024\/07\/11\/przewodnik-po-valletcie-odkryj-uroki-stolicy-malty\/#Narodowe_Muzeum_Wojny_-_Fort_sw_Elma\" >Narodowe Muzeum Wojny - Fort \u015bw. Elma<\/a><\/li><li class='ez-toc-page-1 ez-toc-heading-level-3'><a class=\"ez-toc-link ez-toc-heading-16\" href=\"https:\/\/www.wzdluzdrogi.pl\/index.php\/2024\/07\/11\/przewodnik-po-valletcie-odkryj-uroki-stolicy-malty\/#Strait_Street\" >Strait Street<\/a><\/li><li class='ez-toc-page-1 ez-toc-heading-level-3'><a class=\"ez-toc-link ez-toc-heading-17\" href=\"https:\/\/www.wzdluzdrogi.pl\/index.php\/2024\/07\/11\/przewodnik-po-valletcie-odkryj-uroki-stolicy-malty\/#Grandmasters_Palace\" >Grandmaster's Palace<\/a><\/li><li class='ez-toc-page-1 ez-toc-heading-level-3'><a class=\"ez-toc-link ez-toc-heading-18\" href=\"https:\/\/www.wzdluzdrogi.pl\/index.php\/2024\/07\/11\/przewodnik-po-valletcie-odkryj-uroki-stolicy-malty\/#Cafe_Cordina\" >Cafe Cordina<\/a><\/li><li class='ez-toc-page-1 ez-toc-heading-level-3'><a class=\"ez-toc-link ez-toc-heading-19\" href=\"https:\/\/www.wzdluzdrogi.pl\/index.php\/2024\/07\/11\/przewodnik-po-valletcie-odkryj-uroki-stolicy-malty\/#Bazylika_Matki_Bozej_z_Gory_Karmel\" >Bazylika Matki Bo\u017cej z G\u00f3ry Karmel<\/a><\/li><li class='ez-toc-page-1 ez-toc-heading-level-3'><a class=\"ez-toc-link ez-toc-heading-20\" href=\"https:\/\/www.wzdluzdrogi.pl\/index.php\/2024\/07\/11\/przewodnik-po-valletcie-odkryj-uroki-stolicy-malty\/#Konkatedra_sw_Jana_obraz_Caravaggia_sciecie_sw_Jana_Chrzciciela\" >Konkatedra \u015bw. Jana (obraz Caravaggia, \u015bci\u0119cie \u015bw. Jana Chrzciciela)<\/a><\/li><li class='ez-toc-page-1 ez-toc-heading-level-3'><a class=\"ez-toc-link ez-toc-heading-21\" href=\"https:\/\/www.wzdluzdrogi.pl\/index.php\/2024\/07\/11\/przewodnik-po-valletcie-odkryj-uroki-stolicy-malty\/#Muzeum_Archeologiczne_w_Valletcie\" >Muzeum Archeologiczne w Valletcie<\/a><\/li><li class='ez-toc-page-1 ez-toc-heading-level-3'><a class=\"ez-toc-link ez-toc-heading-22\" href=\"https:\/\/www.wzdluzdrogi.pl\/index.php\/2024\/07\/11\/przewodnik-po-valletcie-odkryj-uroki-stolicy-malty\/#Ogrody_Hastings\" >Ogrody Hastings<\/a><\/li><\/ul><\/li><li class='ez-toc-page-1 ez-toc-heading-level-2'><a class=\"ez-toc-link ez-toc-heading-23\" href=\"https:\/\/www.wzdluzdrogi.pl\/index.php\/2024\/07\/11\/przewodnik-po-valletcie-odkryj-uroki-stolicy-malty\/#Gdzie_warto_zjesc_w_Valletcie\" >Gdzie warto zje\u015b\u0107 w Valletcie?<\/a><ul class='ez-toc-list-level-3' ><li class='ez-toc-heading-level-3'><a class=\"ez-toc-link ez-toc-heading-24\" href=\"https:\/\/www.wzdluzdrogi.pl\/index.php\/2024\/07\/11\/przewodnik-po-valletcie-odkryj-uroki-stolicy-malty\/#Grano\" >Grano<\/a><\/li><li class='ez-toc-page-1 ez-toc-heading-level-3'><a class=\"ez-toc-link ez-toc-heading-25\" href=\"https:\/\/www.wzdluzdrogi.pl\/index.php\/2024\/07\/11\/przewodnik-po-valletcie-odkryj-uroki-stolicy-malty\/#Gracys_Art\" >Gracy's Art<\/a><\/li><li class='ez-toc-page-1 ez-toc-heading-level-3'><a class=\"ez-toc-link ez-toc-heading-26\" href=\"https:\/\/www.wzdluzdrogi.pl\/index.php\/2024\/07\/11\/przewodnik-po-valletcie-odkryj-uroki-stolicy-malty\/#Il_Ristorantino_Italiano\" >Il Ristorantino Italiano<\/a><\/li><li class='ez-toc-page-1 ez-toc-heading-level-3'><a class=\"ez-toc-link ez-toc-heading-27\" href=\"https:\/\/www.wzdluzdrogi.pl\/index.php\/2024\/07\/11\/przewodnik-po-valletcie-odkryj-uroki-stolicy-malty\/#Interesuja_cie_inne_atrakcje_Malty_Zobacz_rowniez\" >Interesuj\u0105 ci\u0119 inne atrakcje Malty? Zobacz r\u00f3wnie\u017c:<\/a><\/li><li class='ez-toc-page-1 ez-toc-heading-level-3'><a class=\"ez-toc-link ez-toc-heading-28\" href=\"https:\/\/www.wzdluzdrogi.pl\/index.php\/2024\/07\/11\/przewodnik-po-valletcie-odkryj-uroki-stolicy-malty\/#Sledz_nas_na_mediach_spolecznosciowych\" >\u015aled\u017a nas na mediach spo\u0142eczno\u015bciowych:<\/a><\/li><\/ul><\/li><\/ul><\/nav><\/div>\n<h2 class=\"elementor-heading-title elementor-size-default\"><span class=\"ez-toc-section\" id=\"Historia_Valletty\"><\/span>Historia Valletty<span class=\"ez-toc-section-end\"><\/span><\/h2>\t\t\t\t<\/div>\n\t\t\t\t<\/div>\n\t\t\t\t<div class=\"elementor-element elementor-element-5ae4fb8 elementor-widget elementor-widget-text-editor\" data-id=\"5ae4fb8\" data-element_type=\"widget\" data-e-type=\"widget\" data-widget_type=\"text-editor.default\">\n\t\t\t\t<div class=\"elementor-widget-container\">\n\t\t\t\t\t\t\t\t\t<p>Miasto zosta\u0142o za\u0142o\u017cone w 1566 roku przez Wielkiego Mistrza Jeana de la Valette, od kt\u00f3rego jak pewnie nietrudno zgadn\u0105\u0107, Valletta wzi\u0119\u0142a swoj\u0105 nazw\u0119. Chocia\u017c pierwszy budynek stan\u0105\u0142 na p\u00f3\u0142wyspie du\u017co wcze\u015bniej, to m\u00f3wi si\u0119, \u017ce w\u0142a\u015bnie rok 1566 rozpocz\u0105\u0142 \u017cycie w mie\u015bcie. Kilka lat wcze\u015bniej, w 1552 roku, w obawie przed atakami Osman\u00f3w zbudowano na samym cyplu Fort \u015awi\u0119tego Elma, kt\u00f3ry stoi w mie\u015bcie po dzi\u015b dzie\u0144 i jest otwarty dla zwiedzaj\u0105cych. Obawy by\u0142y uzasadnione, poniewa\u017c ju\u017c w 1565 roku nast\u0105pi\u0142o Wielkie Obl\u0119\u017cenie Malty, podczas kt\u00f3rego Imperium Osma\u0144skie pr\u00f3bowa\u0142o podbi\u0107 ca\u0142\u0105 wysp\u0119, kontrolowan\u0105 wtedy przez Zakon Malta\u0144ski, inaczej nazywany joannitami.<\/p><p>Zakon wygra\u0142 obl\u0119\u017cenie, a Mistrzem og\u0142oszono Jeana de la Valette. To zwyci\u0119stwo sta\u0142o si\u0119 jednym z najs\u0142ynniejszych wydarze\u0144 szesnastowiecznej Europy. Po wygranej Jean natychmiast zabra\u0142 si\u0119 za rozbudow\u0119 miasta i jeszcze bardziej stara\u0142 si\u0119 umocni\u0107 pozycj\u0119 Zakonu na Malcie.<\/p><p>Od tamtego czasu Valletta przetrwa\u0142a wiele burzliwych wydarze\u0144 i jest dzisiaj uznawana za jedno z najlepiej zachowanych renesansowych miast w Europie, z przewa\u017caj\u0105c\u0105 architektur\u0105 w stylu barokowym.<\/p>\t\t\t\t\t\t\t\t<\/div>\n\t\t\t\t<\/div>\n\t\t\t\t\t<\/div>\n\t\t<\/div>\n\t\t\t\t\t<\/div>\n\t\t<\/section>\n\t\t\t\t<section class=\"elementor-section elementor-top-section elementor-element elementor-element-7ff0ea9 elementor-section-boxed elementor-section-height-default elementor-section-height-default\" data-id=\"7ff0ea9\" data-element_type=\"section\" data-e-type=\"section\">\n\t\t\t\t\t\t<div class=\"elementor-container elementor-column-gap-default\">\n\t\t\t\t\t<div class=\"elementor-column elementor-col-33 elementor-top-column elementor-element elementor-element-aca3655\" data-id=\"aca3655\" data-element_type=\"column\" data-e-type=\"column\">\n\t\t\t<div class=\"elementor-widget-wrap elementor-element-populated\">\n\t\t\t\t\t\t<div class=\"elementor-element elementor-element-a3c31ba elementor-widget elementor-widget-image\" data-id=\"a3c31ba\" data-element_type=\"widget\" data-e-type=\"widget\" data-widget_type=\"image.default\">\n\t\t\t\t<div class=\"elementor-widget-container\">\n\t\t\t\t\t\t\t\t\t\t\t\t\t\t\t<img fetchpriority=\"high\" decoding=\"async\" width=\"682\" height=\"1024\" src=\"https:\/\/www.wzdluzdrogi.pl\/wp-content\/uploads\/2022\/10\/MG_2709-682x1024.jpg\" class=\"attachment-large size-large wp-image-2646\" alt=\"valletta malta co zobaczyc w vallettcie\" srcset=\"https:\/\/www.wzdluzdrogi.pl\/wp-content\/uploads\/2022\/10\/MG_2709-682x1024.jpg 682w, https:\/\/www.wzdluzdrogi.pl\/wp-content\/uploads\/2022\/10\/MG_2709-200x300.jpg 200w, https:\/\/www.wzdluzdrogi.pl\/wp-content\/uploads\/2022\/10\/MG_2709-768x1152.jpg 768w, https:\/\/www.wzdluzdrogi.pl\/wp-content\/uploads\/2022\/10\/MG_2709-1024x1536.jpg 1024w, https:\/\/www.wzdluzdrogi.pl\/wp-content\/uploads\/2022\/10\/MG_2709-40x60.jpg 40w, https:\/\/www.wzdluzdrogi.pl\/wp-content\/uploads\/2022\/10\/MG_2709.jpg 1066w\" sizes=\"(max-width: 682px) 100vw, 682px\" \/>\t\t\t\t\t\t\t\t\t\t\t\t\t\t\t<\/div>\n\t\t\t\t<\/div>\n\t\t\t\t\t<\/div>\n\t\t<\/div>\n\t\t\t\t<div class=\"elementor-column elementor-col-33 elementor-top-column elementor-element elementor-element-b127d71\" data-id=\"b127d71\" data-element_type=\"column\" data-e-type=\"column\">\n\t\t\t<div class=\"elementor-widget-wrap elementor-element-populated\">\n\t\t\t\t\t\t<div class=\"elementor-element elementor-element-557d831 elementor-widget elementor-widget-image\" data-id=\"557d831\" data-element_type=\"widget\" data-e-type=\"widget\" data-widget_type=\"image.default\">\n\t\t\t\t<div class=\"elementor-widget-container\">\n\t\t\t\t\t\t\t\t\t\t\t\t\t\t\t<img decoding=\"async\" width=\"683\" height=\"1024\" data-src=\"https:\/\/www.wzdluzdrogi.pl\/wp-content\/uploads\/2023\/02\/MG_2736-683x1024.jpg\" class=\"attachment-large size-large wp-image-2892 lazyload\" alt=\"valletta na malcie - malta\" data-srcset=\"https:\/\/www.wzdluzdrogi.pl\/wp-content\/uploads\/2023\/02\/MG_2736-683x1024.jpg 683w, https:\/\/www.wzdluzdrogi.pl\/wp-content\/uploads\/2023\/02\/MG_2736-200x300.jpg 200w, https:\/\/www.wzdluzdrogi.pl\/wp-content\/uploads\/2023\/02\/MG_2736-768x1152.jpg 768w, https:\/\/www.wzdluzdrogi.pl\/wp-content\/uploads\/2023\/02\/MG_2736-1024x1536.jpg 1024w, https:\/\/www.wzdluzdrogi.pl\/wp-content\/uploads\/2023\/02\/MG_2736-40x60.jpg 40w, https:\/\/www.wzdluzdrogi.pl\/wp-content\/uploads\/2023\/02\/MG_2736.jpg 1067w\" data-sizes=\"(max-width: 683px) 100vw, 683px\" src=\"data:image\/svg+xml;base64,PHN2ZyB3aWR0aD0iMSIgaGVpZ2h0PSIxIiB4bWxucz0iaHR0cDovL3d3dy53My5vcmcvMjAwMC9zdmciPjwvc3ZnPg==\" style=\"--smush-placeholder-width: 683px; --smush-placeholder-aspect-ratio: 683\/1024;\" \/>\t\t\t\t\t\t\t\t\t\t\t\t\t\t\t<\/div>\n\t\t\t\t<\/div>\n\t\t\t\t\t<\/div>\n\t\t<\/div>\n\t\t\t\t<div class=\"elementor-column elementor-col-33 elementor-top-column elementor-element elementor-element-1ab4b43\" data-id=\"1ab4b43\" data-element_type=\"column\" data-e-type=\"column\">\n\t\t\t<div class=\"elementor-widget-wrap elementor-element-populated\">\n\t\t\t\t\t\t<div class=\"elementor-element elementor-element-055937c elementor-widget elementor-widget-image\" data-id=\"055937c\" data-element_type=\"widget\" data-e-type=\"widget\" data-widget_type=\"image.default\">\n\t\t\t\t<div class=\"elementor-widget-container\">\n\t\t\t\t\t\t\t\t\t\t\t\t\t\t\t<img decoding=\"async\" width=\"682\" height=\"1024\" data-src=\"https:\/\/www.wzdluzdrogi.pl\/wp-content\/uploads\/2022\/12\/MG_2760-682x1024.jpg\" class=\"attachment-large size-large wp-image-2739 lazyload\" alt=\"malta - jak zorganizowac wyjazd na malte\" data-srcset=\"https:\/\/www.wzdluzdrogi.pl\/wp-content\/uploads\/2022\/12\/MG_2760-682x1024.jpg 682w, https:\/\/www.wzdluzdrogi.pl\/wp-content\/uploads\/2022\/12\/MG_2760-200x300.jpg 200w, https:\/\/www.wzdluzdrogi.pl\/wp-content\/uploads\/2022\/12\/MG_2760-768x1152.jpg 768w, https:\/\/www.wzdluzdrogi.pl\/wp-content\/uploads\/2022\/12\/MG_2760-1024x1536.jpg 1024w, https:\/\/www.wzdluzdrogi.pl\/wp-content\/uploads\/2022\/12\/MG_2760-40x60.jpg 40w, https:\/\/www.wzdluzdrogi.pl\/wp-content\/uploads\/2022\/12\/MG_2760.jpg 1066w\" data-sizes=\"(max-width: 682px) 100vw, 682px\" src=\"data:image\/svg+xml;base64,PHN2ZyB3aWR0aD0iMSIgaGVpZ2h0PSIxIiB4bWxucz0iaHR0cDovL3d3dy53My5vcmcvMjAwMC9zdmciPjwvc3ZnPg==\" style=\"--smush-placeholder-width: 682px; --smush-placeholder-aspect-ratio: 682\/1024;\" \/>\t\t\t\t\t\t\t\t\t\t\t\t\t\t\t<\/div>\n\t\t\t\t<\/div>\n\t\t\t\t\t<\/div>\n\t\t<\/div>\n\t\t\t\t\t<\/div>\n\t\t<\/section>\n\t\t\t\t<section class=\"elementor-section elementor-top-section elementor-element elementor-element-6361082 elementor-section-boxed elementor-section-height-default elementor-section-height-default\" data-id=\"6361082\" data-element_type=\"section\" data-e-type=\"section\">\n\t\t\t\t\t\t<div class=\"elementor-container elementor-column-gap-default\">\n\t\t\t\t\t<div class=\"elementor-column elementor-col-100 elementor-top-column elementor-element elementor-element-b9069ef\" data-id=\"b9069ef\" data-element_type=\"column\" data-e-type=\"column\">\n\t\t\t<div class=\"elementor-widget-wrap elementor-element-populated\">\n\t\t\t\t\t\t<div class=\"elementor-element elementor-element-a7fc6a2 elementor-widget elementor-widget-heading\" data-id=\"a7fc6a2\" data-element_type=\"widget\" data-e-type=\"widget\" data-widget_type=\"heading.default\">\n\t\t\t\t<div class=\"elementor-widget-container\">\n\t\t\t\t\t<h2 class=\"elementor-heading-title elementor-size-default\"><span class=\"ez-toc-section\" id=\"Warto_wiedziec\"><\/span>Warto wiedzie\u0107! <span class=\"ez-toc-section-end\"><\/span><\/h2>\t\t\t\t<\/div>\n\t\t\t\t<\/div>\n\t\t\t\t<div class=\"elementor-element elementor-element-bd77b1b elementor-widget elementor-widget-text-editor\" data-id=\"bd77b1b\" data-element_type=\"widget\" data-e-type=\"widget\" data-widget_type=\"text-editor.default\">\n\t\t\t\t<div class=\"elementor-widget-container\">\n\t\t\t\t\t\t\t\t\t<ul><li>Walut\u0105 u\u017cywan\u0105 na Malcie jest euro, wi\u0119c nie zapomnijcie wymieni\u0107 swojej got\u00f3wki przed wizyt\u0105. Mo\u017cecie r\u00f3wnie\u017c korzysta\u0107 z p\u0142atno\u015bci kart\u0105, z kt\u00f3r\u0105 osobi\u015bcie nigdzie nie mieli\u015bmy problemu.<\/li><li>Oficjalnym j\u0119zykiem na Malcie jest malta\u0144ski, ale wi\u0119kszo\u015b\u0107 mieszka\u0144c\u00f3w m\u00f3wi tak\u017ce po w\u0142osku. Angielski jest r\u00f3wnie\u017c j\u0119zykiem urz\u0119dowym, jednak nie oczekujcie g\u0142\u0119bokich rozm\u00f3w wype\u0142nionych wyszukanym s\u0142ownictwem ze sklepikarzami czy kierowcami autobus\u00f3w. Je\u017celi znacie podstawowy angielski, bez problemu si\u0119 dogadacie, poniewa\u017c miejscowi r\u00f3wnie\u017c u\u017cywaj\u0105 go na takim poziomie. Mo\u017cecie r\u00f3wnie\u017c spr\u00f3bowa\u0107 kilku podstawowych zwrot\u00f3w po malta\u0144sku, takich jak &#8222;dzie\u0144 dobry&#8221; (bon\u0121u) lub &#8222;dzi\u0119kuj\u0119&#8221; (grazzi), aby doda\u0107 troch\u0119 lokalnego kolorytu do waszych rozm\u00f3w. \ud83d\ude0a<\/li><\/ul>\t\t\t\t\t\t\t\t<\/div>\n\t\t\t\t<\/div>\n\t\t\t\t\t<\/div>\n\t\t<\/div>\n\t\t\t\t\t<\/div>\n\t\t<\/section>\n\t\t\t\t<section class=\"elementor-section elementor-top-section elementor-element elementor-element-df2563e elementor-section-boxed elementor-section-height-default elementor-section-height-default\" data-id=\"df2563e\" data-element_type=\"section\" data-e-type=\"section\">\n\t\t\t\t\t\t<div class=\"elementor-container elementor-column-gap-default\">\n\t\t\t\t\t<div class=\"elementor-column elementor-col-100 elementor-top-column elementor-element elementor-element-525f4f7\" data-id=\"525f4f7\" data-element_type=\"column\" data-e-type=\"column\">\n\t\t\t<div class=\"elementor-widget-wrap elementor-element-populated\">\n\t\t\t\t\t\t<div class=\"elementor-element elementor-element-c693d67 elementor-widget elementor-widget-heading\" data-id=\"c693d67\" data-element_type=\"widget\" data-e-type=\"widget\" data-widget_type=\"heading.default\">\n\t\t\t\t<div class=\"elementor-widget-container\">\n\t\t\t\t\t<h2 class=\"elementor-heading-title elementor-size-default\"><span class=\"ez-toc-section\" id=\"Jak_dojechac_z_lotniska_do_Valletty\"><\/span>Jak dojecha\u0107 z lotniska do Valletty?<span class=\"ez-toc-section-end\"><\/span><\/h2>\t\t\t\t<\/div>\n\t\t\t\t<\/div>\n\t\t\t\t<div class=\"elementor-element elementor-element-d9814f9 elementor-widget elementor-widget-text-editor\" data-id=\"d9814f9\" data-element_type=\"widget\" data-e-type=\"widget\" data-widget_type=\"text-editor.default\">\n\t\t\t\t<div class=\"elementor-widget-container\">\n\t\t\t\t\t\t\t\t\t<p>Do Valletty dostaniecie si\u0119 bezpo\u015brednio z lotniska autobusem X4. Mo\u017cecie r\u00f3wnie\u017c skorzysta\u0107 z taks\u00f3wki, ale je\u015bli wolicie te pieni\u0105dze wyda\u0107 na co\u015b fajniejszego ni\u017c przejazd autem, polecamy wam jednak wzi\u0105\u0107 autobus. Koszt przejazdu to 2 euro.<\/p><p>Opr\u00f3cz autobusu X4, kt\u00f3ry odje\u017cd\u017ca spod lotniska, mo\u017cecie r\u00f3wnie\u017c wzi\u0105\u0107 autobusy 71 i 73. To wa\u017cna informacja, je\u015bli przegapicie X4 lub zdarzy si\u0119 inna sytuacja.<\/p><p>Autobusy 71 i 73 nie odje\u017cd\u017caj\u0105 bezpo\u015brednio spod lotniska, ale przystanek znajduje si\u0119 praktycznie obok, nieopodal McDonald&#8217;s. Doj\u015bcie tam zajmuje maksymalnie 3-4 minuty pieszo od g\u0142\u00f3wnego wej\u015bcia na lotnisko.<br \/>Tu mo\u017cecie sprawdzi\u0107 o kt\u00f3rej i sk\u0105d odje\u017cd\u017caj\u0105 ro\u017cne autobusy: https:\/\/www.publictransport.com.mt\/<\/p>\t\t\t\t\t\t\t\t<\/div>\n\t\t\t\t<\/div>\n\t\t\t\t\t<\/div>\n\t\t<\/div>\n\t\t\t\t\t<\/div>\n\t\t<\/section>\n\t\t\t\t<section class=\"elementor-section elementor-top-section elementor-element elementor-element-e99340e elementor-section-boxed elementor-section-height-default elementor-section-height-default\" data-id=\"e99340e\" data-element_type=\"section\" data-e-type=\"section\">\n\t\t\t\t\t\t<div class=\"elementor-container elementor-column-gap-default\">\n\t\t\t\t\t<div class=\"elementor-column elementor-col-100 elementor-top-column elementor-element elementor-element-ff72a6e\" data-id=\"ff72a6e\" data-element_type=\"column\" data-e-type=\"column\">\n\t\t\t<div class=\"elementor-widget-wrap elementor-element-populated\">\n\t\t\t\t\t\t<div class=\"elementor-element elementor-element-a327853 elementor-widget elementor-widget-heading\" data-id=\"a327853\" data-element_type=\"widget\" data-e-type=\"widget\" data-widget_type=\"heading.default\">\n\t\t\t\t<div class=\"elementor-widget-container\">\n\t\t\t\t\t<h2 class=\"elementor-heading-title elementor-size-default\"><span class=\"ez-toc-section\" id=\"Jak_poruszac_sie_po_Valletcie\"><\/span>Jak porusza\u0107 si\u0119 po Valletcie?<span class=\"ez-toc-section-end\"><\/span><\/h2>\t\t\t\t<\/div>\n\t\t\t\t<\/div>\n\t\t\t\t<div class=\"elementor-element elementor-element-6b9d49d elementor-widget elementor-widget-text-editor\" data-id=\"6b9d49d\" data-element_type=\"widget\" data-e-type=\"widget\" data-widget_type=\"text-editor.default\">\n\t\t\t\t<div class=\"elementor-widget-container\">\n\t\t\t\t\t\t\t\t\t<p>Po Valletcie nie je\u017adzi du\u017co aut, poniewa\u017c s\u0105 tu w\u0105skie drogi i chodniki. Najlepiej jest porusza\u0107 si\u0119 pieszo. Warto wspomnie\u0107, \u017ce Valletta jest bardzo g\u00f3rzysta. Niekt\u00f3re chodniki wydaj\u0105 si\u0119 i\u015b\u0107 pionowo w g\u00f3r\u0119, a inne s\u0105 ci\u0105giem schod\u00f3w. Osobi\u015bcie nie podr\u00f3\u017cujemy z dzie\u0107mi, ale spacerowanie po Valletcie z w\u00f3zkiem mog\u0142oby by\u0107 niez\u0142ym wyzwaniem pe\u0142nym frustracji.<\/p>\t\t\t\t\t\t\t\t<\/div>\n\t\t\t\t<\/div>\n\t\t\t\t\t<\/div>\n\t\t<\/div>\n\t\t\t\t\t<\/div>\n\t\t<\/section>\n\t\t\t\t<section class=\"elementor-section elementor-top-section elementor-element elementor-element-1f32e76 elementor-section-boxed elementor-section-height-default elementor-section-height-default\" data-id=\"1f32e76\" data-element_type=\"section\" data-e-type=\"section\">\n\t\t\t\t\t\t<div class=\"elementor-container elementor-column-gap-default\">\n\t\t\t\t\t<div class=\"elementor-column elementor-col-33 elementor-top-column elementor-element elementor-element-a6ddaa0\" data-id=\"a6ddaa0\" data-element_type=\"column\" data-e-type=\"column\">\n\t\t\t<div class=\"elementor-widget-wrap elementor-element-populated\">\n\t\t\t\t\t\t<div class=\"elementor-element elementor-element-c357e42 elementor-widget elementor-widget-image\" data-id=\"c357e42\" data-element_type=\"widget\" data-e-type=\"widget\" data-widget_type=\"image.default\">\n\t\t\t\t<div class=\"elementor-widget-container\">\n\t\t\t\t\t\t\t\t\t\t\t\t\t\t\t<img decoding=\"async\" width=\"682\" height=\"1024\" data-src=\"https:\/\/www.wzdluzdrogi.pl\/wp-content\/uploads\/2024\/07\/MG_2750-682x1024.jpg\" class=\"attachment-large size-large wp-image-3442 lazyload\" alt=\"\" data-srcset=\"https:\/\/www.wzdluzdrogi.pl\/wp-content\/uploads\/2024\/07\/MG_2750-682x1024.jpg 682w, https:\/\/www.wzdluzdrogi.pl\/wp-content\/uploads\/2024\/07\/MG_2750-200x300.jpg 200w, https:\/\/www.wzdluzdrogi.pl\/wp-content\/uploads\/2024\/07\/MG_2750-768x1152.jpg 768w, https:\/\/www.wzdluzdrogi.pl\/wp-content\/uploads\/2024\/07\/MG_2750-1024x1536.jpg 1024w, https:\/\/www.wzdluzdrogi.pl\/wp-content\/uploads\/2024\/07\/MG_2750-40x60.jpg 40w, https:\/\/www.wzdluzdrogi.pl\/wp-content\/uploads\/2024\/07\/MG_2750.jpg 1066w\" data-sizes=\"(max-width: 682px) 100vw, 682px\" src=\"data:image\/svg+xml;base64,PHN2ZyB3aWR0aD0iMSIgaGVpZ2h0PSIxIiB4bWxucz0iaHR0cDovL3d3dy53My5vcmcvMjAwMC9zdmciPjwvc3ZnPg==\" style=\"--smush-placeholder-width: 682px; --smush-placeholder-aspect-ratio: 682\/1024;\" \/>\t\t\t\t\t\t\t\t\t\t\t\t\t\t\t<\/div>\n\t\t\t\t<\/div>\n\t\t\t\t\t<\/div>\n\t\t<\/div>\n\t\t\t\t<div class=\"elementor-column elementor-col-33 elementor-top-column elementor-element elementor-element-c157ab8\" data-id=\"c157ab8\" data-element_type=\"column\" data-e-type=\"column\">\n\t\t\t<div class=\"elementor-widget-wrap elementor-element-populated\">\n\t\t\t\t\t\t<div class=\"elementor-element elementor-element-d81311e elementor-widget elementor-widget-image\" data-id=\"d81311e\" data-element_type=\"widget\" data-e-type=\"widget\" data-widget_type=\"image.default\">\n\t\t\t\t<div class=\"elementor-widget-container\">\n\t\t\t\t\t\t\t\t\t\t\t\t\t\t\t<img decoding=\"async\" width=\"683\" height=\"1024\" data-src=\"https:\/\/www.wzdluzdrogi.pl\/wp-content\/uploads\/2024\/07\/kamil-chmielarz-malta-valletta-scaled.jpg\" class=\"attachment-large size-large wp-image-3444 lazyload\" alt=\"\" data-srcset=\"https:\/\/www.wzdluzdrogi.pl\/wp-content\/uploads\/2024\/07\/kamil-chmielarz-malta-valletta-scaled.jpg 1067w, https:\/\/www.wzdluzdrogi.pl\/wp-content\/uploads\/2024\/07\/kamil-chmielarz-malta-valletta-200x300.jpg 200w\" data-sizes=\"(max-width: 683px) 100vw, 683px\" src=\"data:image\/svg+xml;base64,PHN2ZyB3aWR0aD0iMSIgaGVpZ2h0PSIxIiB4bWxucz0iaHR0cDovL3d3dy53My5vcmcvMjAwMC9zdmciPjwvc3ZnPg==\" style=\"--smush-placeholder-width: 683px; --smush-placeholder-aspect-ratio: 683\/1024;\" \/>\t\t\t\t\t\t\t\t\t\t\t\t\t\t\t<\/div>\n\t\t\t\t<\/div>\n\t\t\t\t\t<\/div>\n\t\t<\/div>\n\t\t\t\t<div class=\"elementor-column elementor-col-33 elementor-top-column elementor-element elementor-element-5302c76\" data-id=\"5302c76\" data-element_type=\"column\" data-e-type=\"column\">\n\t\t\t<div class=\"elementor-widget-wrap elementor-element-populated\">\n\t\t\t\t\t\t<div class=\"elementor-element elementor-element-54cf7a8 elementor-widget elementor-widget-image\" data-id=\"54cf7a8\" data-element_type=\"widget\" data-e-type=\"widget\" data-widget_type=\"image.default\">\n\t\t\t\t<div class=\"elementor-widget-container\">\n\t\t\t\t\t\t\t\t\t\t\t\t\t\t\t<img decoding=\"async\" width=\"683\" height=\"1024\" data-src=\"https:\/\/www.wzdluzdrogi.pl\/wp-content\/uploads\/2024\/07\/MG_2637-683x1024.jpg\" class=\"attachment-large size-large wp-image-3440 lazyload\" alt=\"\" data-srcset=\"https:\/\/www.wzdluzdrogi.pl\/wp-content\/uploads\/2024\/07\/MG_2637-683x1024.jpg 683w, https:\/\/www.wzdluzdrogi.pl\/wp-content\/uploads\/2024\/07\/MG_2637-200x300.jpg 200w, https:\/\/www.wzdluzdrogi.pl\/wp-content\/uploads\/2024\/07\/MG_2637-768x1152.jpg 768w, https:\/\/www.wzdluzdrogi.pl\/wp-content\/uploads\/2024\/07\/MG_2637-1024x1536.jpg 1024w, https:\/\/www.wzdluzdrogi.pl\/wp-content\/uploads\/2024\/07\/MG_2637-40x60.jpg 40w, https:\/\/www.wzdluzdrogi.pl\/wp-content\/uploads\/2024\/07\/MG_2637.jpg 1067w\" data-sizes=\"(max-width: 683px) 100vw, 683px\" src=\"data:image\/svg+xml;base64,PHN2ZyB3aWR0aD0iMSIgaGVpZ2h0PSIxIiB4bWxucz0iaHR0cDovL3d3dy53My5vcmcvMjAwMC9zdmciPjwvc3ZnPg==\" style=\"--smush-placeholder-width: 683px; --smush-placeholder-aspect-ratio: 683\/1024;\" \/>\t\t\t\t\t\t\t\t\t\t\t\t\t\t\t<\/div>\n\t\t\t\t<\/div>\n\t\t\t\t\t<\/div>\n\t\t<\/div>\n\t\t\t\t\t<\/div>\n\t\t<\/section>\n\t\t\t\t<section class=\"elementor-section elementor-top-section elementor-element elementor-element-e036f19 elementor-section-boxed elementor-section-height-default elementor-section-height-default\" data-id=\"e036f19\" data-element_type=\"section\" data-e-type=\"section\">\n\t\t\t\t\t\t<div class=\"elementor-container elementor-column-gap-default\">\n\t\t\t\t\t<div class=\"elementor-column elementor-col-100 elementor-top-column elementor-element elementor-element-a1a5254\" data-id=\"a1a5254\" data-element_type=\"column\" data-e-type=\"column\">\n\t\t\t<div class=\"elementor-widget-wrap elementor-element-populated\">\n\t\t\t\t\t\t<div class=\"elementor-element elementor-element-dafe857 elementor-widget elementor-widget-heading\" data-id=\"dafe857\" data-element_type=\"widget\" data-e-type=\"widget\" data-widget_type=\"heading.default\">\n\t\t\t\t<div class=\"elementor-widget-container\">\n\t\t\t\t\t<h2 class=\"elementor-heading-title elementor-size-default\"><span class=\"ez-toc-section\" id=\"Co_zwiedzic_w_Valletcie\"><\/span>Co zwiedzi\u0107 w Valletcie?<span class=\"ez-toc-section-end\"><\/span><\/h2>\t\t\t\t<\/div>\n\t\t\t\t<\/div>\n\t\t\t\t<div class=\"elementor-element elementor-element-be1e9ad elementor-widget elementor-widget-text-editor\" data-id=\"be1e9ad\" data-element_type=\"widget\" data-e-type=\"widget\" data-widget_type=\"text-editor.default\">\n\t\t\t\t<div class=\"elementor-widget-container\">\n\t\t\t\t\t\t\t\t\t<p>Gotowi na spacer po pi\u0119knej Valletcie? Zacznijmy nasz\u0105 w\u0119dr\u00f3wk\u0119 po jednej z najpi\u0119kniejszych stolic Europy. To chyba to, na co wszyscy z niecierpliwo\u015bci\u0105 czekamy! \ud83d\ude0a<\/p>\t\t\t\t\t\t\t\t<\/div>\n\t\t\t\t<\/div>\n\t\t\t\t\t<\/div>\n\t\t<\/div>\n\t\t\t\t\t<\/div>\n\t\t<\/section>\n\t\t\t\t<section class=\"elementor-section elementor-top-section elementor-element elementor-element-c491991 elementor-section-boxed elementor-section-height-default elementor-section-height-default\" data-id=\"c491991\" data-element_type=\"section\" data-e-type=\"section\">\n\t\t\t\t\t\t<div class=\"elementor-container elementor-column-gap-default\">\n\t\t\t\t\t<div class=\"elementor-column elementor-col-100 elementor-top-column elementor-element elementor-element-5ab0f57\" data-id=\"5ab0f57\" data-element_type=\"column\" data-e-type=\"column\">\n\t\t\t<div class=\"elementor-widget-wrap elementor-element-populated\">\n\t\t\t\t\t\t<div class=\"elementor-element elementor-element-eafb2f3 elementor-widget elementor-widget-heading\" data-id=\"eafb2f3\" data-element_type=\"widget\" data-e-type=\"widget\" data-widget_type=\"heading.default\">\n\t\t\t\t<div class=\"elementor-widget-container\">\n\t\t\t\t\t<h3 class=\"elementor-heading-title elementor-size-default\"><span class=\"ez-toc-section\" id=\"Fontanna_Trytona\"><\/span>Fontanna Trytona<span class=\"ez-toc-section-end\"><\/span><\/h3>\t\t\t\t<\/div>\n\t\t\t\t<\/div>\n\t\t\t\t<div class=\"elementor-element elementor-element-21947c8 elementor-widget elementor-widget-text-editor\" data-id=\"21947c8\" data-element_type=\"widget\" data-e-type=\"widget\" data-widget_type=\"text-editor.default\">\n\t\t\t\t<div class=\"elementor-widget-container\">\n\t\t\t\t\t\t\t\t\t<p>Nasz spacer po Valletcie zaczynamy przy pi\u0119knej fontannie Trytona, kt\u00f3ra strze\u017ce Bramy Miejskiej od 1956 roku. Wyj\u0105tkowa fontanna zosta\u0142a zainspirowana Fontan\u0105 delle Tartarughe w Rzymie. Przedstawia trzy mitologiczne postacie &#8211; Tryton\u00f3w &#8211; trzymaj\u0105cych ogromny talerz nad swoimi g\u0142owami. Tryton to grecki b\u00f3g i pos\u0142aniec morza, a symbolika fontanny nie jest przypadkowa. Uzdolniony rze\u017abiarz Vincent Apap chcia\u0142, aby stworzona przez niego fontanna ukazywa\u0142a si\u0142\u0119 oraz bliski zwi\u0105zek Malty z Morzem \u015ar\u00f3dziemnym. Co ciekawe, fontanna Trytona zosta\u0142a zbudowana na miejscu starej XVII-wiecznej lunety, kt\u00f3ra kiedy\u015b broni\u0142a g\u0142\u00f3wnych bram Valletty. Podobno pozosta\u0142o\u015bci fortyfikacji nadal s\u0105 ukryte pod ziemi\u0105.<\/p>\t\t\t\t\t\t\t\t<\/div>\n\t\t\t\t<\/div>\n\t\t\t\t\t<\/div>\n\t\t<\/div>\n\t\t\t\t\t<\/div>\n\t\t<\/section>\n\t\t\t\t<section class=\"elementor-section elementor-top-section elementor-element elementor-element-b0776aa elementor-section-boxed elementor-section-height-default elementor-section-height-default\" data-id=\"b0776aa\" data-element_type=\"section\" data-e-type=\"section\">\n\t\t\t\t\t\t<div class=\"elementor-container elementor-column-gap-default\">\n\t\t\t\t\t<div class=\"elementor-column elementor-col-100 elementor-top-column elementor-element elementor-element-72587e4\" data-id=\"72587e4\" data-element_type=\"column\" data-e-type=\"column\">\n\t\t\t<div class=\"elementor-widget-wrap elementor-element-populated\">\n\t\t\t\t\t\t<div class=\"elementor-element elementor-element-1ace95b elementor-widget elementor-widget-heading\" data-id=\"1ace95b\" data-element_type=\"widget\" data-e-type=\"widget\" data-widget_type=\"heading.default\">\n\t\t\t\t<div class=\"elementor-widget-container\">\n\t\t\t\t\t<h3 class=\"elementor-heading-title elementor-size-default\"><span class=\"ez-toc-section\" id=\"Brama_Miejska\"><\/span>Brama Miejska<span class=\"ez-toc-section-end\"><\/span><\/h3>\t\t\t\t<\/div>\n\t\t\t\t<\/div>\n\t\t\t\t<div class=\"elementor-element elementor-element-373ea4b elementor-widget elementor-widget-text-editor\" data-id=\"373ea4b\" data-element_type=\"widget\" data-e-type=\"widget\" data-widget_type=\"text-editor.default\">\n\t\t\t\t<div class=\"elementor-widget-container\">\n\t\t\t\t\t\t\t\t\t<p>Aby rozpocz\u0105\u0107 spacer po przepi\u0119knej Valletcie, musimy przekroczy\u0107 Bram\u0119 Miejsk\u0105, kt\u00f3ra jest wa\u017cnym miejscem na mapie miasta. Brama, kt\u00f3r\u0105 zobaczycie (lub ju\u017c widzieli\u015bcie, je\u015bli czytacie ten przewodnik po waszej wyprawie na Malt\u0119), zosta\u0142a zbudowana stosunkowo niedawno, bo w 2014 roku. R\u00f3\u017cni si\u0119 ona zdecydowanie od swoich poprzedniczek. Dzisiejsza brama to olbrzymi wy\u0142om w bastionach, otoczony ogromnymi kamiennymi blokami. Ca\u0142o\u015b\u0107 jest monumentalna i wielko\u015b\u0107 wy\u0142omu wr\u0119cz przyt\u0142acza, kiedy si\u0119 przez niego przechodzi. Brama ma zar\u00f3wno krytyk\u00f3w, jak i zwolennik\u00f3w. Niekt\u00f3rzy por\u00f3wnuj\u0105 j\u0105 do fasady \u015bwi\u0105tyni Edfu w Egipcie i twierdz\u0105, \u017ce architektonicznie nie pasuje do reszty barokowej Valletty.<\/p><p>Zanim stan\u0119\u0142a tu Pi\u0105ta Brama Miejska, kilkana\u015bcie lat temu do Valletty prowadzi\u0142a inna, mniej monumentalna brama. Czwart\u0105 bram\u0119 mocno krytykowano, a nawet nazywano &#8222;klap\u0105 architektoniczn\u0105&#8221; przez Izb\u0119 Architekt\u00f3w. Przypomina\u0142a bardziej wej\u015bcie na bazar ni\u017c bram\u0119 do bogatej i majestatycznej stolicy Malty.<\/p><p>Pewnie nietrudno si\u0119 domy\u015bli\u0107, \u017ce przed czwart\u0105 bram\u0105 by\u0142y jeszcze trzy. Pierwsza brama miejska zosta\u0142a zbudowana za panowania Jeana de la Valette, dzi\u0119ki kt\u00f3remu, jak ju\u017c wiecie z historii Valletty, powsta\u0142o to miasto.<\/p>\t\t\t\t\t\t\t\t<\/div>\n\t\t\t\t<\/div>\n\t\t\t\t\t<\/div>\n\t\t<\/div>\n\t\t\t\t\t<\/div>\n\t\t<\/section>\n\t\t\t\t<section class=\"elementor-section elementor-top-section elementor-element elementor-element-fe439f2 elementor-section-boxed elementor-section-height-default elementor-section-height-default\" data-id=\"fe439f2\" data-element_type=\"section\" data-e-type=\"section\">\n\t\t\t\t\t\t<div class=\"elementor-container elementor-column-gap-default\">\n\t\t\t\t\t<div class=\"elementor-column elementor-col-100 elementor-top-column elementor-element elementor-element-90e47a6\" data-id=\"90e47a6\" data-element_type=\"column\" data-e-type=\"column\">\n\t\t\t<div class=\"elementor-widget-wrap elementor-element-populated\">\n\t\t\t\t\t\t<div class=\"elementor-element elementor-element-f814692 elementor-widget elementor-widget-heading\" data-id=\"f814692\" data-element_type=\"widget\" data-e-type=\"widget\" data-widget_type=\"heading.default\">\n\t\t\t\t<div class=\"elementor-widget-container\">\n\t\t\t\t\t<h3 class=\"elementor-heading-title elementor-size-default\"><span class=\"ez-toc-section\" id=\"Parlament\"><\/span>Parlament<span class=\"ez-toc-section-end\"><\/span><\/h3>\t\t\t\t<\/div>\n\t\t\t\t<\/div>\n\t\t\t\t<div class=\"elementor-element elementor-element-6979f00 elementor-widget elementor-widget-text-editor\" data-id=\"6979f00\" data-element_type=\"widget\" data-e-type=\"widget\" data-widget_type=\"text-editor.default\">\n\t\t\t\t<div class=\"elementor-widget-container\">\n\t\t\t\t\t\t\t\t\t<p>Mo\u017ce nie jest to atrakcja sama w sobie, kt\u00f3r\u0105 musicie zapisa\u0107 na mapie, ale z pewno\u015bci\u0105 zwr\u00f3cicie uwag\u0119 na ten budynek tu\u017c po przekroczeniu bramy Valletty. Ten olbrzymi budynek, przypominaj\u0105cy egipskie \u015bwi\u0105tynie, po waszej prawej stronie to nowy gmach Parlamentu Malty. Jak mo\u017cna si\u0119 domy\u015bli\u0107, wzbudzi\u0142 on w mieszka\u0144cach wiele kontrowersji. Nie tylko ze wzgl\u0119du na styl, w jakim zosta\u0142 zbudowany, ale tak\u017ce na koszty budowy, kt\u00f3re wynios\u0142y oko\u0142o 90 milion\u00f3w euro. Mieszka\u0144cy twierdzili, \u017ce te pieni\u0105dze mog\u0142y p\u00f3j\u015b\u0107 chocia\u017cby na odbudow\u0119 Fortu \u015aw. Elma.<\/p>\t\t\t\t\t\t\t\t<\/div>\n\t\t\t\t<\/div>\n\t\t\t\t\t<\/div>\n\t\t<\/div>\n\t\t\t\t\t<\/div>\n\t\t<\/section>\n\t\t\t\t<section class=\"elementor-section elementor-top-section elementor-element elementor-element-6db434f elementor-section-boxed elementor-section-height-default elementor-section-height-default\" data-id=\"6db434f\" data-element_type=\"section\" data-e-type=\"section\">\n\t\t\t\t\t\t<div class=\"elementor-container elementor-column-gap-default\">\n\t\t\t\t\t<div class=\"elementor-column elementor-col-100 elementor-top-column elementor-element elementor-element-6da1275\" data-id=\"6da1275\" data-element_type=\"column\" data-e-type=\"column\">\n\t\t\t<div class=\"elementor-widget-wrap elementor-element-populated\">\n\t\t\t\t\t\t<div class=\"elementor-element elementor-element-9411eca elementor-widget elementor-widget-testimonial\" data-id=\"9411eca\" data-element_type=\"widget\" data-e-type=\"widget\" data-widget_type=\"testimonial.default\">\n\t\t\t\t<div class=\"elementor-widget-container\">\n\t\t\t\t\t\t\t<div class=\"elementor-testimonial-wrapper\">\n\t\t\t\t\t\t\t<div class=\"elementor-testimonial-content\">Valletta nie jest du\u017ca, dlatego rzeczywi\u015bcie trudno jest si\u0119 tam zgubi\u0107 - chocia\u017c osobi\u015bcie bardzo to wam polecamy, bo jej zakamarki s\u0105 ob\u0142\u0119dne! Jak\u0105kolwiek drog\u0119 wybierzecie, nie trudno b\u0119dzie odnale\u017a\u0107 najwa\u017cniejsze atrakcje tej stolicy. Ale polecamy wam i\u015b\u0107 zgodnie z naszym przewodnikiem. Wtedy b\u0119dziecie mie\u0107 pewno\u015b\u0107, \u017ce najwa\u017cniejsze miejsca zobaczycie w jeden dzie\u0144! \ud83d\ude42<\/div>\n\t\t\t\n\t\t\t\t\t\t<div class=\"elementor-testimonial-meta elementor-has-image elementor-testimonial-image-position-aside\">\n\t\t\t\t<div class=\"elementor-testimonial-meta-inner\">\n\t\t\t\t\t\t\t\t\t\t\t<div class=\"elementor-testimonial-image\">\n\t\t\t\t\t\t\t<img decoding=\"async\" width=\"1066\" height=\"1600\" data-src=\"https:\/\/www.wzdluzdrogi.pl\/wp-content\/uploads\/2021\/02\/co-zobaczyc-na-cyprze.jpg\" class=\"attachment-full size-full wp-image-1090 lazyload\" alt=\"\" data-srcset=\"https:\/\/www.wzdluzdrogi.pl\/wp-content\/uploads\/2021\/02\/co-zobaczyc-na-cyprze.jpg 1066w, https:\/\/www.wzdluzdrogi.pl\/wp-content\/uploads\/2021\/02\/co-zobaczyc-na-cyprze-200x300.jpg 200w, https:\/\/www.wzdluzdrogi.pl\/wp-content\/uploads\/2021\/02\/co-zobaczyc-na-cyprze-683x1024.jpg 683w, https:\/\/www.wzdluzdrogi.pl\/wp-content\/uploads\/2021\/02\/co-zobaczyc-na-cyprze-768x1152.jpg 768w, https:\/\/www.wzdluzdrogi.pl\/wp-content\/uploads\/2021\/02\/co-zobaczyc-na-cyprze-1024x1536.jpg 1024w, https:\/\/www.wzdluzdrogi.pl\/wp-content\/uploads\/2021\/02\/co-zobaczyc-na-cyprze-40x60.jpg 40w\" data-sizes=\"(max-width: 1066px) 100vw, 1066px\" src=\"data:image\/svg+xml;base64,PHN2ZyB3aWR0aD0iMSIgaGVpZ2h0PSIxIiB4bWxucz0iaHR0cDovL3d3dy53My5vcmcvMjAwMC9zdmciPjwvc3ZnPg==\" style=\"--smush-placeholder-width: 1066px; --smush-placeholder-aspect-ratio: 1066\/1600;\" \/>\t\t\t\t\t\t<\/div>\n\t\t\t\t\t\n\t\t\t\t\t\t\t\t\t\t<div class=\"elementor-testimonial-details\">\n\t\t\t\t\t\t\t\t\t\t\t\t\t\t<div class=\"elementor-testimonial-name\">Klaudia<\/div>\n\t\t\t\t\t\t\t\t\t\t\t\t\t\t\t\t\t\t\t<\/div>\n\t\t\t\t\t\t\t\t\t<\/div>\n\t\t\t<\/div>\n\t\t\t\t\t<\/div>\n\t\t\t\t\t\t<\/div>\n\t\t\t\t<\/div>\n\t\t\t\t\t<\/div>\n\t\t<\/div>\n\t\t\t\t\t<\/div>\n\t\t<\/section>\n\t\t\t\t<section class=\"elementor-section elementor-top-section elementor-element elementor-element-2838d08 elementor-section-boxed elementor-section-height-default elementor-section-height-default\" data-id=\"2838d08\" data-element_type=\"section\" data-e-type=\"section\">\n\t\t\t\t\t\t<div class=\"elementor-container elementor-column-gap-default\">\n\t\t\t\t\t<div class=\"elementor-column elementor-col-100 elementor-top-column elementor-element elementor-element-384e542\" data-id=\"384e542\" data-element_type=\"column\" data-e-type=\"column\">\n\t\t\t<div class=\"elementor-widget-wrap elementor-element-populated\">\n\t\t\t\t\t\t<div class=\"elementor-element elementor-element-b80a275 elementor-widget elementor-widget-heading\" data-id=\"b80a275\" data-element_type=\"widget\" data-e-type=\"widget\" data-widget_type=\"heading.default\">\n\t\t\t\t<div class=\"elementor-widget-container\">\n\t\t\t\t\t<h3 class=\"elementor-heading-title elementor-size-default\"><span class=\"ez-toc-section\" id=\"Opera_Krolewska\"><\/span>Opera Kr\u00f3lewska<span class=\"ez-toc-section-end\"><\/span><\/h3>\t\t\t\t<\/div>\n\t\t\t\t<\/div>\n\t\t\t\t<div class=\"elementor-element elementor-element-e229f0c elementor-widget elementor-widget-text-editor\" data-id=\"e229f0c\" data-element_type=\"widget\" data-e-type=\"widget\" data-widget_type=\"text-editor.default\">\n\t\t\t\t<div class=\"elementor-widget-container\">\n\t\t\t\t\t\t\t\t\t<p>Za Parlamentem, po prawej stronie, dostrze\u017cecie ciekawe pozosta\u0142o\u015bci Opery Kr\u00f3lewskiej. Powsta\u0142a w 1866 roku, ale nieca\u0142e dziesi\u0119\u0107 lat p\u00f3\u017aniej zosta\u0142a strawiona przez wielki po\u017car. Odbudowano j\u0105, a dzia\u0142a\u0142a a\u017c do roku 1942, kiedy to liczne bombardowania zniszczy\u0142y j\u0105 prawie ca\u0142kowicie. Kilka lat temu zdecydowano si\u0119 j\u0105 odbudowa\u0107, a raczej przebudowa\u0107, tworz\u0105c z jej resztek teatr pod go\u0142ym niebem, gdzie teraz organizowane s\u0105 muzyczne imprezy.<\/p>\t\t\t\t\t\t\t\t<\/div>\n\t\t\t\t<\/div>\n\t\t\t\t\t<\/div>\n\t\t<\/div>\n\t\t\t\t\t<\/div>\n\t\t<\/section>\n\t\t\t\t<section class=\"elementor-section elementor-top-section elementor-element elementor-element-82f24ff elementor-section-boxed elementor-section-height-default elementor-section-height-default\" data-id=\"82f24ff\" data-element_type=\"section\" data-e-type=\"section\">\n\t\t\t\t\t\t<div class=\"elementor-container elementor-column-gap-default\">\n\t\t\t\t\t<div class=\"elementor-column elementor-col-100 elementor-top-column elementor-element elementor-element-6f11c4e\" data-id=\"6f11c4e\" data-element_type=\"column\" data-e-type=\"column\">\n\t\t\t<div class=\"elementor-widget-wrap elementor-element-populated\">\n\t\t\t\t\t\t<div class=\"elementor-element elementor-element-77e5fd3 elementor-widget elementor-widget-heading\" data-id=\"77e5fd3\" data-element_type=\"widget\" data-e-type=\"widget\" data-widget_type=\"heading.default\">\n\t\t\t\t<div class=\"elementor-widget-container\">\n\t\t\t\t\t<h3 class=\"elementor-heading-title elementor-size-default\"><span class=\"ez-toc-section\" id=\"Gorne_Ogrody_Barrakka\"><\/span>G\u00f3rne Ogrody Barrakka<span class=\"ez-toc-section-end\"><\/span><\/h3>\t\t\t\t<\/div>\n\t\t\t\t<\/div>\n\t\t\t\t<div class=\"elementor-element elementor-element-9343e11 elementor-widget elementor-widget-text-editor\" data-id=\"9343e11\" data-element_type=\"widget\" data-e-type=\"widget\" data-widget_type=\"text-editor.default\">\n\t\t\t\t<div class=\"elementor-widget-container\">\n\t\t\t\t\t\t\t\t\t<p>Id\u0105c dalej, dotrzecie do G\u00f3rnych Ogrod\u00f3w Barrakka. Je\u017celi szukacie jednego z najpi\u0119kniejszych widok\u00f3w, jakie Malta ma do zaoferowania, nie mo\u017cecie omin\u0105\u0107 tego miejsca. Z tarasu ozdobionego pi\u0119knymi, wysokimi kolumnami mo\u017cna zobaczy\u0107 panoram\u0119 na s\u0142ynne Trzy Miasta: Birgu, Senglea i Cospicua. W zadbanym ogrodzie znajdziecie popiersia, pos\u0105gi i tablice pami\u0105tkowe.<\/p><p>Pod g\u0142\u00f3wnym tarasem, tam, gdzie wida\u0107 ci\u0105g armat, znajduje si\u0119 salutuj\u0105ca bateria \u2013 jedyna taka w Europie. Niegdy\u015b u\u017cywano jej, by pozdrawia\u0107 wp\u0142ywaj\u0105ce do portu wojskowe okr\u0119ty. Teraz ka\u017cdego dnia organizowany jest pokaz, podczas kt\u00f3rego o godzinie 12:00 i 16:00 odbywa si\u0119 ceremonia wystrza\u0142u z armaty. Pokazy s\u0105 ca\u0142kowicie darmowe, ale je\u015bli chcecie by\u0107 bli\u017cej armat, musicie wykupi\u0107 bilet w muzeum historycznym, kt\u00f3re znajduje si\u0119 pod ogrodami Barrakka. Warto jednak przyj\u015b\u0107 du\u017co wcze\u015bniej ni\u017c wyznaczone godziny ceremonii, poniewa\u017c mo\u017ce zabrakn\u0105\u0107 miejsca przy barierkach, sk\u0105d wida\u0107 wystrza\u0142.<\/p>\t\t\t\t\t\t\t\t<\/div>\n\t\t\t\t<\/div>\n\t\t\t\t\t<\/div>\n\t\t<\/div>\n\t\t\t\t\t<\/div>\n\t\t<\/section>\n\t\t\t\t<section class=\"elementor-section elementor-top-section elementor-element elementor-element-5d05a8c elementor-section-boxed elementor-section-height-default elementor-section-height-default\" data-id=\"5d05a8c\" data-element_type=\"section\" data-e-type=\"section\">\n\t\t\t\t\t\t<div class=\"elementor-container elementor-column-gap-default\">\n\t\t\t\t\t<div class=\"elementor-column elementor-col-33 elementor-top-column elementor-element elementor-element-e92d973\" data-id=\"e92d973\" data-element_type=\"column\" data-e-type=\"column\">\n\t\t\t<div class=\"elementor-widget-wrap elementor-element-populated\">\n\t\t\t\t\t\t<div class=\"elementor-element elementor-element-17a9b0a elementor-widget elementor-widget-image\" data-id=\"17a9b0a\" data-element_type=\"widget\" data-e-type=\"widget\" data-widget_type=\"image.default\">\n\t\t\t\t<div class=\"elementor-widget-container\">\n\t\t\t\t\t\t\t\t\t\t\t\t\t\t\t<img decoding=\"async\" width=\"683\" height=\"1024\" data-src=\"https:\/\/www.wzdluzdrogi.pl\/wp-content\/uploads\/2022\/10\/MG_2633-683x1024.jpg\" class=\"attachment-large size-large wp-image-2644 lazyload\" alt=\"co zobaczy\u0107 w vallettcie, jak zorganizowa\u0107 tani wyjazd na malt\u0119\" data-srcset=\"https:\/\/www.wzdluzdrogi.pl\/wp-content\/uploads\/2022\/10\/MG_2633-683x1024.jpg 683w, https:\/\/www.wzdluzdrogi.pl\/wp-content\/uploads\/2022\/10\/MG_2633-200x300.jpg 200w, https:\/\/www.wzdluzdrogi.pl\/wp-content\/uploads\/2022\/10\/MG_2633-768x1152.jpg 768w, https:\/\/www.wzdluzdrogi.pl\/wp-content\/uploads\/2022\/10\/MG_2633-1024x1536.jpg 1024w, https:\/\/www.wzdluzdrogi.pl\/wp-content\/uploads\/2022\/10\/MG_2633-40x60.jpg 40w, https:\/\/www.wzdluzdrogi.pl\/wp-content\/uploads\/2022\/10\/MG_2633.jpg 1067w\" data-sizes=\"(max-width: 683px) 100vw, 683px\" src=\"data:image\/svg+xml;base64,PHN2ZyB3aWR0aD0iMSIgaGVpZ2h0PSIxIiB4bWxucz0iaHR0cDovL3d3dy53My5vcmcvMjAwMC9zdmciPjwvc3ZnPg==\" style=\"--smush-placeholder-width: 683px; --smush-placeholder-aspect-ratio: 683\/1024;\" \/>\t\t\t\t\t\t\t\t\t\t\t\t\t\t\t<\/div>\n\t\t\t\t<\/div>\n\t\t\t\t\t<\/div>\n\t\t<\/div>\n\t\t\t\t<div class=\"elementor-column elementor-col-33 elementor-top-column elementor-element elementor-element-b411815\" data-id=\"b411815\" data-element_type=\"column\" data-e-type=\"column\">\n\t\t\t<div class=\"elementor-widget-wrap elementor-element-populated\">\n\t\t\t\t\t\t<div class=\"elementor-element elementor-element-890a5fa elementor-widget elementor-widget-image\" data-id=\"890a5fa\" data-element_type=\"widget\" data-e-type=\"widget\" data-widget_type=\"image.default\">\n\t\t\t\t<div class=\"elementor-widget-container\">\n\t\t\t\t\t\t\t\t\t\t\t\t\t\t\t<img decoding=\"async\" width=\"683\" height=\"1024\" data-src=\"https:\/\/www.wzdluzdrogi.pl\/wp-content\/uploads\/2022\/10\/MG_2702-683x1024.jpg\" class=\"attachment-large size-large wp-image-2645 lazyload\" alt=\"valletta co zobaczyc malta\" data-srcset=\"https:\/\/www.wzdluzdrogi.pl\/wp-content\/uploads\/2022\/10\/MG_2702-683x1024.jpg 683w, https:\/\/www.wzdluzdrogi.pl\/wp-content\/uploads\/2022\/10\/MG_2702-200x300.jpg 200w, https:\/\/www.wzdluzdrogi.pl\/wp-content\/uploads\/2022\/10\/MG_2702-768x1152.jpg 768w, https:\/\/www.wzdluzdrogi.pl\/wp-content\/uploads\/2022\/10\/MG_2702-1024x1536.jpg 1024w, https:\/\/www.wzdluzdrogi.pl\/wp-content\/uploads\/2022\/10\/MG_2702-40x60.jpg 40w, https:\/\/www.wzdluzdrogi.pl\/wp-content\/uploads\/2022\/10\/MG_2702.jpg 1067w\" data-sizes=\"(max-width: 683px) 100vw, 683px\" src=\"data:image\/svg+xml;base64,PHN2ZyB3aWR0aD0iMSIgaGVpZ2h0PSIxIiB4bWxucz0iaHR0cDovL3d3dy53My5vcmcvMjAwMC9zdmciPjwvc3ZnPg==\" style=\"--smush-placeholder-width: 683px; --smush-placeholder-aspect-ratio: 683\/1024;\" \/>\t\t\t\t\t\t\t\t\t\t\t\t\t\t\t<\/div>\n\t\t\t\t<\/div>\n\t\t\t\t\t<\/div>\n\t\t<\/div>\n\t\t\t\t<div class=\"elementor-column elementor-col-33 elementor-top-column elementor-element elementor-element-de2ea49\" data-id=\"de2ea49\" data-element_type=\"column\" data-e-type=\"column\">\n\t\t\t<div class=\"elementor-widget-wrap elementor-element-populated\">\n\t\t\t\t\t\t<div class=\"elementor-element elementor-element-f8fa148 elementor-widget elementor-widget-image\" data-id=\"f8fa148\" data-element_type=\"widget\" data-e-type=\"widget\" data-widget_type=\"image.default\">\n\t\t\t\t<div class=\"elementor-widget-container\">\n\t\t\t\t\t\t\t\t\t\t\t\t\t\t\t<img decoding=\"async\" width=\"683\" height=\"1024\" data-src=\"https:\/\/www.wzdluzdrogi.pl\/wp-content\/uploads\/2023\/02\/MG_2637-683x1024.jpg\" class=\"attachment-large size-large wp-image-2891 lazyload\" alt=\"valletta na malcie - malta\" data-srcset=\"https:\/\/www.wzdluzdrogi.pl\/wp-content\/uploads\/2023\/02\/MG_2637-683x1024.jpg 683w, https:\/\/www.wzdluzdrogi.pl\/wp-content\/uploads\/2023\/02\/MG_2637-200x300.jpg 200w, https:\/\/www.wzdluzdrogi.pl\/wp-content\/uploads\/2023\/02\/MG_2637-768x1152.jpg 768w, https:\/\/www.wzdluzdrogi.pl\/wp-content\/uploads\/2023\/02\/MG_2637-1024x1536.jpg 1024w, https:\/\/www.wzdluzdrogi.pl\/wp-content\/uploads\/2023\/02\/MG_2637-40x60.jpg 40w, https:\/\/www.wzdluzdrogi.pl\/wp-content\/uploads\/2023\/02\/MG_2637.jpg 1067w\" data-sizes=\"(max-width: 683px) 100vw, 683px\" src=\"data:image\/svg+xml;base64,PHN2ZyB3aWR0aD0iMSIgaGVpZ2h0PSIxIiB4bWxucz0iaHR0cDovL3d3dy53My5vcmcvMjAwMC9zdmciPjwvc3ZnPg==\" style=\"--smush-placeholder-width: 683px; --smush-placeholder-aspect-ratio: 683\/1024;\" \/>\t\t\t\t\t\t\t\t\t\t\t\t\t\t\t<\/div>\n\t\t\t\t<\/div>\n\t\t\t\t\t<\/div>\n\t\t<\/div>\n\t\t\t\t\t<\/div>\n\t\t<\/section>\n\t\t\t\t<section class=\"elementor-section elementor-top-section elementor-element elementor-element-f8cb1c2 elementor-section-boxed elementor-section-height-default elementor-section-height-default\" data-id=\"f8cb1c2\" data-element_type=\"section\" data-e-type=\"section\">\n\t\t\t\t\t\t<div class=\"elementor-container elementor-column-gap-default\">\n\t\t\t\t\t<div class=\"elementor-column elementor-col-100 elementor-top-column elementor-element elementor-element-28fc375\" data-id=\"28fc375\" data-element_type=\"column\" data-e-type=\"column\">\n\t\t\t<div class=\"elementor-widget-wrap elementor-element-populated\">\n\t\t\t\t\t\t<div class=\"elementor-element elementor-element-1ea43f9 elementor-widget elementor-widget-heading\" data-id=\"1ea43f9\" data-element_type=\"widget\" data-e-type=\"widget\" data-widget_type=\"heading.default\">\n\t\t\t\t<div class=\"elementor-widget-container\">\n\t\t\t\t\t<h3 class=\"elementor-heading-title elementor-size-default\"><span class=\"ez-toc-section\" id=\"Lascaris_War_Room_opcjonalnie\"><\/span>Lascaris War Room (opcjonalnie)<span class=\"ez-toc-section-end\"><\/span><\/h3>\t\t\t\t<\/div>\n\t\t\t\t<\/div>\n\t\t\t\t<div class=\"elementor-element elementor-element-96d0e94 elementor-widget elementor-widget-text-editor\" data-id=\"96d0e94\" data-element_type=\"widget\" data-e-type=\"widget\" data-widget_type=\"text-editor.default\">\n\t\t\t\t<div class=\"elementor-widget-container\">\n\t\t\t\t\t\t\t\t\t<p>Dla fan\u00f3w historii polecamy Lascaris War Room, znajduj\u0105ce si\u0119 w podziemnym kompleksie tuneli autentycznie wykorzystywanych podczas II wojny \u015bwiatowej. Kompleks ten by\u0142 centrum operacyjnym dla aliant\u00f3w, sk\u0105d koordynowano obron\u0119 Malty i operacje wojskowe na Morzu \u015ar\u00f3dziemnym. W Lascaris War Room odbywa\u0142y si\u0119 wa\u017cne narady wojenne, a pomieszczenia s\u0105 wyposa\u017cone w oryginalne mapy, urz\u0105dzenia \u0142\u0105czno\u015bci i dokumenty, kt\u00f3re przenios\u0105 was w czasy wojennej Malty.<\/p>\t\t\t\t\t\t\t\t<\/div>\n\t\t\t\t<\/div>\n\t\t\t\t\t<\/div>\n\t\t<\/div>\n\t\t\t\t\t<\/div>\n\t\t<\/section>\n\t\t\t\t<section class=\"elementor-section elementor-top-section elementor-element elementor-element-0dc1af6 elementor-section-boxed elementor-section-height-default elementor-section-height-default\" data-id=\"0dc1af6\" data-element_type=\"section\" data-e-type=\"section\">\n\t\t\t\t\t\t<div class=\"elementor-container elementor-column-gap-default\">\n\t\t\t\t\t<div class=\"elementor-column elementor-col-100 elementor-top-column elementor-element elementor-element-915ebd6\" data-id=\"915ebd6\" data-element_type=\"column\" data-e-type=\"column\">\n\t\t\t<div class=\"elementor-widget-wrap elementor-element-populated\">\n\t\t\t\t\t\t<div class=\"elementor-element elementor-element-37924b5 elementor-widget elementor-widget-heading\" data-id=\"37924b5\" data-element_type=\"widget\" data-e-type=\"widget\" data-widget_type=\"heading.default\">\n\t\t\t\t<div class=\"elementor-widget-container\">\n\t\t\t\t\t<h3 class=\"elementor-heading-title elementor-size-default\"><span class=\"ez-toc-section\" id=\"Red_Phone_Booth_and_Balconies\"><\/span>Red Phone Booth and Balconies<span class=\"ez-toc-section-end\"><\/span><\/h3>\t\t\t\t<\/div>\n\t\t\t\t<\/div>\n\t\t\t\t<div class=\"elementor-element elementor-element-64f4178 elementor-widget elementor-widget-text-editor\" data-id=\"64f4178\" data-element_type=\"widget\" data-e-type=\"widget\" data-widget_type=\"text-editor.default\">\n\t\t\t\t<div class=\"elementor-widget-container\">\n\t\t\t\t\t\t\t\t\t<p>Zaledwie trzy minuty od muzeum Lascaris znajdziecie s\u0142ynne instagramowe miejsce z angielsk\u0105 budk\u0105 telefoniczn\u0105 na tle kamieniczki z czerwonymi balkonami.<\/p>\t\t\t\t\t\t\t\t<\/div>\n\t\t\t\t<\/div>\n\t\t\t\t\t<\/div>\n\t\t<\/div>\n\t\t\t\t\t<\/div>\n\t\t<\/section>\n\t\t\t\t<section class=\"elementor-section elementor-top-section elementor-element elementor-element-a5b3cd5 elementor-section-boxed elementor-section-height-default elementor-section-height-default\" data-id=\"a5b3cd5\" data-element_type=\"section\" data-e-type=\"section\">\n\t\t\t\t\t\t<div class=\"elementor-container elementor-column-gap-default\">\n\t\t\t\t\t<div class=\"elementor-column elementor-col-100 elementor-top-column elementor-element elementor-element-b60344f\" data-id=\"b60344f\" data-element_type=\"column\" data-e-type=\"column\">\n\t\t\t<div class=\"elementor-widget-wrap elementor-element-populated\">\n\t\t\t\t\t\t<div class=\"elementor-element elementor-element-84e14f2 elementor-widget elementor-widget-heading\" data-id=\"84e14f2\" data-element_type=\"widget\" data-e-type=\"widget\" data-widget_type=\"heading.default\">\n\t\t\t\t<div class=\"elementor-widget-container\">\n\t\t\t\t\t<h3 class=\"elementor-heading-title elementor-size-default\"><span class=\"ez-toc-section\" id=\"Dolne_Ogrody_Barrakka\"><\/span>Dolne Ogrody Barrakka<span class=\"ez-toc-section-end\"><\/span><\/h3>\t\t\t\t<\/div>\n\t\t\t\t<\/div>\n\t\t\t\t<div class=\"elementor-element elementor-element-9410b54 elementor-widget elementor-widget-text-editor\" data-id=\"9410b54\" data-element_type=\"widget\" data-e-type=\"widget\" data-widget_type=\"text-editor.default\">\n\t\t\t\t<div class=\"elementor-widget-container\">\n\t\t\t\t\t\t\t\t\t<p>W Dolnych Ogrodach Barrakka zwykle jest znacznie mniej ludzi. St\u0105d r\u00f3wnie\u017c rozpo\u015bciera si\u0119 przepi\u0119kny widok na Wielki Port. Wewn\u0105trz dostrze\u017cecie niewielki budynek neoklasycystyczny z kolumnami, b\u0119d\u0105cy pomnikiem Sir Alexandra Balla, kt\u00f3ry by\u0142 pierwszym komisarzem Malty. St\u0105d tak\u017ce jest bardzo dobry widok na s\u0142ynny Siege Bell War Memorial, czyli dzwon upami\u0119tniaj\u0105cy wszystkich poleg\u0142ych, kt\u00f3rzy walczyli za Malt\u0119. Dzwon zosta\u0142 ods\u0142oni\u0119ty przez Jej Kr\u00f3lewsk\u0105 Mo\u015b\u0107 Kr\u00f3low\u0105 El\u017cbiet\u0119 w 1992 roku.<\/p>\t\t\t\t\t\t\t\t<\/div>\n\t\t\t\t<\/div>\n\t\t\t\t\t<\/div>\n\t\t<\/div>\n\t\t\t\t\t<\/div>\n\t\t<\/section>\n\t\t\t\t<section class=\"elementor-section elementor-top-section elementor-element elementor-element-1eff58b elementor-section-boxed elementor-section-height-default elementor-section-height-default\" data-id=\"1eff58b\" data-element_type=\"section\" data-e-type=\"section\">\n\t\t\t\t\t\t<div class=\"elementor-container elementor-column-gap-default\">\n\t\t\t\t\t<div class=\"elementor-column elementor-col-100 elementor-top-column elementor-element elementor-element-1953d7a\" data-id=\"1953d7a\" data-element_type=\"column\" data-e-type=\"column\">\n\t\t\t<div class=\"elementor-widget-wrap elementor-element-populated\">\n\t\t\t\t\t\t<div class=\"elementor-element elementor-element-9c93633 elementor-widget elementor-widget-heading\" data-id=\"9c93633\" data-element_type=\"widget\" data-e-type=\"widget\" data-widget_type=\"heading.default\">\n\t\t\t\t<div class=\"elementor-widget-container\">\n\t\t\t\t\t<h3 class=\"elementor-heading-title elementor-size-default\"><span class=\"ez-toc-section\" id=\"The_Malta_Experience\"><\/span>The Malta Experience<span class=\"ez-toc-section-end\"><\/span><\/h3>\t\t\t\t<\/div>\n\t\t\t\t<\/div>\n\t\t\t\t<div class=\"elementor-element elementor-element-597309b elementor-widget elementor-widget-text-editor\" data-id=\"597309b\" data-element_type=\"widget\" data-e-type=\"widget\" data-widget_type=\"text-editor.default\">\n\t\t\t\t<div class=\"elementor-widget-container\">\n\t\t\t\t\t\t\t\t\t<p>Je\u015bli podr\u00f3\u017cujecie po Malcie po raz pierwszy i pragniecie szybko pozna\u0107 jej histori\u0119, warto wzi\u0105\u0107 pod uwag\u0119 The Malta Experience. Kr\u00f3tkometra\u017cowy film zawiera zwi\u0119z\u0142y przegl\u0105d wydarze\u0144 historycznych Malty, kt\u00f3re wp\u0142yn\u0119\u0142y na jej wyj\u0105tkowy charakter. Dzi\u0119ki temu zrozumiecie i bardziej docenicie pi\u0119kne budynki, uliczki oraz zakamarki Valletty. Atrakcja znajduje si\u0119 tylko kawa\u0142ek dalej od Ogrod\u00f3w Barrakka. Koszt bilet\u00f3w to 16 euro dla osoby doros\u0142ej. Film jest dost\u0119pny w wielu j\u0119zykach, w tym po polsku! \ud83d\ude42<\/p>\t\t\t\t\t\t\t\t<\/div>\n\t\t\t\t<\/div>\n\t\t\t\t\t<\/div>\n\t\t<\/div>\n\t\t\t\t\t<\/div>\n\t\t<\/section>\n\t\t\t\t<section class=\"elementor-section elementor-top-section elementor-element elementor-element-278beb3 elementor-section-boxed elementor-section-height-default elementor-section-height-default\" data-id=\"278beb3\" data-element_type=\"section\" data-e-type=\"section\">\n\t\t\t\t\t\t<div class=\"elementor-container elementor-column-gap-default\">\n\t\t\t\t\t<div class=\"elementor-column elementor-col-100 elementor-top-column elementor-element elementor-element-cadb762\" data-id=\"cadb762\" data-element_type=\"column\" data-e-type=\"column\">\n\t\t\t<div class=\"elementor-widget-wrap elementor-element-populated\">\n\t\t\t\t\t\t<div class=\"elementor-element elementor-element-afb76e8 elementor-widget elementor-widget-heading\" data-id=\"afb76e8\" data-element_type=\"widget\" data-e-type=\"widget\" data-widget_type=\"heading.default\">\n\t\t\t\t<div class=\"elementor-widget-container\">\n\t\t\t\t\t<h3 class=\"elementor-heading-title elementor-size-default\"><span class=\"ez-toc-section\" id=\"Narodowe_Muzeum_Wojny_-_Fort_sw_Elma\"><\/span>Narodowe Muzeum Wojny - Fort \u015bw. Elma<span class=\"ez-toc-section-end\"><\/span><\/h3>\t\t\t\t<\/div>\n\t\t\t\t<\/div>\n\t\t\t\t<div class=\"elementor-element elementor-element-6713ce0 elementor-widget elementor-widget-text-editor\" data-id=\"6713ce0\" data-element_type=\"widget\" data-e-type=\"widget\" data-widget_type=\"text-editor.default\">\n\t\t\t\t<div class=\"elementor-widget-container\">\n\t\t\t\t\t\t\t\t\t<p>Narodowe Muzeum Wojny to najwa\u017cniejsze muzeum o tej tematyce na Malcie. Oczywi\u015bcie dla fan\u00f3w historii polecamy r\u00f3wnie\u017c odwiedzi\u0107 inne miejsca, jak chocia\u017cby Lascaris War Room, ale dla mniejszych fanatyk\u00f3w muzeum w forcie \u015bw. Elma b\u0119dzie bardzo wyj\u0105tkowym prze\u017cyciem. Wewn\u0105trz znajdziemy wystawy z I oraz II wojny \u015bwiatowej, a tak\u017ce z epoki br\u0105zu. Ca\u0142o\u015b\u0107 jest podzielona na okresy historyczne, ka\u017cdy z nich przedstawiony w przyst\u0119pny spos\u00f3b. Zobaczymy wiele artefakt\u00f3w, jak pozosta\u0142e po wojnie bronie czy kostiumy.<\/p><p>Muzeum znajduje si\u0119 wewn\u0105trz fortu \u015bw. Elma, kt\u00f3ry odegra\u0142 kluczow\u0105 rol\u0119 podczas Wielkiego Obl\u0119\u017cenia Malty w 1565 roku. By\u0142 miejscem jednych z najwi\u0119kszych bitew, wytrzymuj\u0105c ci\u0119\u017ckie bombardowania z tureckich armat. Ulokowany na p\u00f3\u0142wyspie Sciberras, fort oferuje widok na ca\u0142y Wielki Port oraz Morze \u015ar\u00f3dziemne.<\/p>\t\t\t\t\t\t\t\t<\/div>\n\t\t\t\t<\/div>\n\t\t\t\t\t<\/div>\n\t\t<\/div>\n\t\t\t\t\t<\/div>\n\t\t<\/section>\n\t\t\t\t<section class=\"elementor-section elementor-top-section elementor-element elementor-element-7cbb10c elementor-section-boxed elementor-section-height-default elementor-section-height-default\" data-id=\"7cbb10c\" data-element_type=\"section\" data-e-type=\"section\">\n\t\t\t\t\t\t<div class=\"elementor-container elementor-column-gap-default\">\n\t\t\t\t\t<div class=\"elementor-column elementor-col-100 elementor-top-column elementor-element elementor-element-78156f9\" data-id=\"78156f9\" data-element_type=\"column\" data-e-type=\"column\">\n\t\t\t<div class=\"elementor-widget-wrap elementor-element-populated\">\n\t\t\t\t\t\t<div class=\"elementor-element elementor-element-732886e elementor-widget elementor-widget-heading\" data-id=\"732886e\" data-element_type=\"widget\" data-e-type=\"widget\" data-widget_type=\"heading.default\">\n\t\t\t\t<div class=\"elementor-widget-container\">\n\t\t\t\t\t<h3 class=\"elementor-heading-title elementor-size-default\"><span class=\"ez-toc-section\" id=\"Strait_Street\"><\/span>Strait Street<span class=\"ez-toc-section-end\"><\/span><\/h3>\t\t\t\t<\/div>\n\t\t\t\t<\/div>\n\t\t\t\t<div class=\"elementor-element elementor-element-385ae66 elementor-widget elementor-widget-text-editor\" data-id=\"385ae66\" data-element_type=\"widget\" data-e-type=\"widget\" data-widget_type=\"text-editor.default\">\n\t\t\t\t<div class=\"elementor-widget-container\">\n\t\t\t\t\t\t\t\t\t<p>Kontynuuj\u0105c spacer w g\u0142\u0105b pi\u0119knej Valletty, warto zatrzyma\u0107 si\u0119 na chwil\u0119 na ulicy Strait. Jest to jedna z najbardziej popularnych uliczek dzi\u0119ki swojej fascynuj\u0105cej historii. Mi\u0119dzy XIX a XX wiekiem Strait Street by\u0142a centrum \u017cycia nocnego dla ameryka\u0144skich i brytyjskich wojskowych przebywaj\u0105cych na Malcie, oraz lokalnych mieszka\u0144c\u00f3w. Oczywi\u015bcie ulica nie mia\u0142a dobrej reputacji, ale patrz\u0105c wstecz, by\u0142a miejscem, gdzie miesza\u0142o si\u0119 wiele kultur, a by\u0142o to w tamtych czasach bardzo wyj\u0105tkowe. Na ulicy Strait spotykali si\u0119 ludzie z r\u00f3\u017cnych kraj\u00f3w, r\u00f3\u017cnych ras i wbrew pozorom byli ze sob\u0105 bardzo zintegrowani. To tutaj wielu Malta\u0144czyk\u00f3w uczy\u0142o si\u0119 j\u0119zyka angielskiego, a tak\u017ce rozwija\u0142a si\u0119 scena muzyczna, zw\u0142aszcza jazz (w Valletcie odbywa si\u0119 coroczny festiwal jazzowy), gdy miejscowi muzycy na\u015bladowali utwory sprowadzone z USA.<\/p>\t\t\t\t\t\t\t\t<\/div>\n\t\t\t\t<\/div>\n\t\t\t\t\t<\/div>\n\t\t<\/div>\n\t\t\t\t\t<\/div>\n\t\t<\/section>\n\t\t\t\t<section class=\"elementor-section elementor-top-section elementor-element elementor-element-ae04439 elementor-section-boxed elementor-section-height-default elementor-section-height-default\" data-id=\"ae04439\" data-element_type=\"section\" data-e-type=\"section\">\n\t\t\t\t\t\t<div class=\"elementor-container elementor-column-gap-default\">\n\t\t\t\t\t<div class=\"elementor-column elementor-col-100 elementor-top-column elementor-element elementor-element-802e683\" data-id=\"802e683\" data-element_type=\"column\" data-e-type=\"column\">\n\t\t\t<div class=\"elementor-widget-wrap elementor-element-populated\">\n\t\t\t\t\t\t<div class=\"elementor-element elementor-element-fafa15a elementor-widget elementor-widget-heading\" data-id=\"fafa15a\" data-element_type=\"widget\" data-e-type=\"widget\" data-widget_type=\"heading.default\">\n\t\t\t\t<div class=\"elementor-widget-container\">\n\t\t\t\t\t<h3 class=\"elementor-heading-title elementor-size-default\"><span class=\"ez-toc-section\" id=\"Grandmasters_Palace\"><\/span>Grandmaster's Palace<span class=\"ez-toc-section-end\"><\/span><\/h3>\t\t\t\t<\/div>\n\t\t\t\t<\/div>\n\t\t\t\t<div class=\"elementor-element elementor-element-b54cd19 elementor-widget elementor-widget-text-editor\" data-id=\"b54cd19\" data-element_type=\"widget\" data-e-type=\"widget\" data-widget_type=\"text-editor.default\">\n\t\t\t\t<div class=\"elementor-widget-container\">\n\t\t\t\t\t\t\t\t\t<p>Kilka krok\u00f3w dalej znajdziemy Pa\u0142ac Wielkiego Mistrza. Cho\u0107 mo\u017ce nie jest to miejsce na d\u0142ugie zwiedzanie, warto go zobaczy\u0107. Pa\u0142ac zosta\u0142 zbudowany mi\u0119dzy XVI a XVIII wiekiem dla Wielkiego Mistrza Zakonu \u015bw. Jana, a od roku 1912 s\u0142u\u017cy\u0142 jako siedziba parlamentu, zanim zbudowano nowy gmach, kt\u00f3ry widzieli\u015bcie przy Bramach Miejskich Valletty. Obecnie Pa\u0142ac pe\u0142ni funkcj\u0119 biura prezydenta Malty i cz\u0119\u015b\u0107 jego wn\u0119trz jest otwarta dla zwiedzaj\u0105cych. Fasada budynku jest prosta i surowa, utrzymana w stylu marinistycznym, lecz wn\u0119trza s\u0105 bogato zdobione. Wielka Sala Rady, znana r\u00f3wnie\u017c jako Sala Tronowa, jest ozdobiona pi\u0119knymi na\u015bciennymi malowid\u0142ami przedstawiaj\u0105cymi epizody z Wielkiego Obl\u0119\u017cenia Malty.<\/p><p>Ciekawostk\u0105 jest, \u017ce Pa\u0142ac rzekomo jest nawiedzony, co potwierdzaj\u0105 liczne relacje odwiedzaj\u0105cych, do\u015bwiadczaj\u0105cych paranormalnych zjawisk. Kilku pracownik\u00f3w meldowa\u0142o si\u0119 z doniesieniami o nietypowych d\u017awi\u0119kach, jak np. miauczenie kot\u00f3w w pomieszczeniach, gdzie nie by\u0142o zwierz\u0105t.<\/p>\t\t\t\t\t\t\t\t<\/div>\n\t\t\t\t<\/div>\n\t\t\t\t\t<\/div>\n\t\t<\/div>\n\t\t\t\t\t<\/div>\n\t\t<\/section>\n\t\t\t\t<section class=\"elementor-section elementor-top-section elementor-element elementor-element-b03b1f5 elementor-section-boxed elementor-section-height-default elementor-section-height-default\" data-id=\"b03b1f5\" data-element_type=\"section\" data-e-type=\"section\">\n\t\t\t\t\t\t<div class=\"elementor-container elementor-column-gap-default\">\n\t\t\t\t\t<div class=\"elementor-column elementor-col-100 elementor-top-column elementor-element elementor-element-7bf0064\" data-id=\"7bf0064\" data-element_type=\"column\" data-e-type=\"column\">\n\t\t\t<div class=\"elementor-widget-wrap elementor-element-populated\">\n\t\t\t\t\t\t<div class=\"elementor-element elementor-element-333675f elementor-widget elementor-widget-heading\" data-id=\"333675f\" data-element_type=\"widget\" data-e-type=\"widget\" data-widget_type=\"heading.default\">\n\t\t\t\t<div class=\"elementor-widget-container\">\n\t\t\t\t\t<h3 class=\"elementor-heading-title elementor-size-default\"><span class=\"ez-toc-section\" id=\"Cafe_Cordina\"><\/span>Cafe Cordina<span class=\"ez-toc-section-end\"><\/span><\/h3>\t\t\t\t<\/div>\n\t\t\t\t<\/div>\n\t\t\t\t<div class=\"elementor-element elementor-element-f95a9b6 elementor-widget elementor-widget-text-editor\" data-id=\"f95a9b6\" data-element_type=\"widget\" data-e-type=\"widget\" data-widget_type=\"text-editor.default\">\n\t\t\t\t<div class=\"elementor-widget-container\">\n\t\t\t\t\t\t\t\t\t<p>Czas na przerw\u0119 na kaw\u0119? Najbardziej znan\u0105 kawiarni\u0105 w Valletcie jest Caffe Cordina, otwarta ju\u017c w 1837 roku. Jest to najstarsza kawiarnia w Europie, kt\u00f3ra do dzi\u015b prowadzona jest przez potomk\u00f3w za\u0142o\u017cycieli, rodziny Cordin. Niesamowite, prawda? \ud83d\ude42<\/p><p>Po chwili odpoczynku kontynuujemy nasz spacer przez urokliwe uliczki Valletty.<\/p>\t\t\t\t\t\t\t\t<\/div>\n\t\t\t\t<\/div>\n\t\t\t\t\t<\/div>\n\t\t<\/div>\n\t\t\t\t\t<\/div>\n\t\t<\/section>\n\t\t\t\t<section class=\"elementor-section elementor-top-section elementor-element elementor-element-b1df474 elementor-section-boxed elementor-section-height-default elementor-section-height-default\" data-id=\"b1df474\" data-element_type=\"section\" data-e-type=\"section\">\n\t\t\t\t\t\t<div class=\"elementor-container elementor-column-gap-default\">\n\t\t\t\t\t<div class=\"elementor-column elementor-col-100 elementor-top-column elementor-element elementor-element-d87eda4\" data-id=\"d87eda4\" data-element_type=\"column\" data-e-type=\"column\">\n\t\t\t<div class=\"elementor-widget-wrap elementor-element-populated\">\n\t\t\t\t\t\t<div class=\"elementor-element elementor-element-a57d479 elementor-widget elementor-widget-heading\" data-id=\"a57d479\" data-element_type=\"widget\" data-e-type=\"widget\" data-widget_type=\"heading.default\">\n\t\t\t\t<div class=\"elementor-widget-container\">\n\t\t\t\t\t<h3 class=\"elementor-heading-title elementor-size-default\"><span class=\"ez-toc-section\" id=\"Bazylika_Matki_Bozej_z_Gory_Karmel\"><\/span>Bazylika Matki Bo\u017cej z G\u00f3ry Karmel<span class=\"ez-toc-section-end\"><\/span><\/h3>\t\t\t\t<\/div>\n\t\t\t\t<\/div>\n\t\t\t\t<div class=\"elementor-element elementor-element-7804e80 elementor-widget elementor-widget-text-editor\" data-id=\"7804e80\" data-element_type=\"widget\" data-e-type=\"widget\" data-widget_type=\"text-editor.default\">\n\t\t\t\t<div class=\"elementor-widget-container\">\n\t\t\t\t\t\t\t\t\t<p>Kopu\u0142a, kt\u00f3ra dominuje nad Vallett\u0105 i kt\u00f3ra na pewno przyci\u0105gn\u0119\u0142a wasz\u0105 uwag\u0119 z licznych uliczek, to Bazylika Matki Bo\u017cej z G\u00f3ry Karmel. Jest to \u015bwi\u0105tynia rzymskokatolicka, zbudowana na miejscu starej bazyliki, kt\u00f3ra zosta\u0142a uko\u0144czona w 1981 roku. Kopu\u0142a jest nieco wy\u017csza od dzwonnicy prokatedry \u015bw. Paw\u0142a, znajduj\u0105cej si\u0119 obok bazyliki. Architekt bazyliki, jak m\u00f3wi\u0105 niekt\u00f3rzy, celowo chcia\u0142 konkurowa\u0107 z dzwonnic\u0105 prokatedry.<\/p>\t\t\t\t\t\t\t\t<\/div>\n\t\t\t\t<\/div>\n\t\t\t\t\t<\/div>\n\t\t<\/div>\n\t\t\t\t\t<\/div>\n\t\t<\/section>\n\t\t\t\t<section class=\"elementor-section elementor-top-section elementor-element elementor-element-4433cff elementor-section-boxed elementor-section-height-default elementor-section-height-default\" data-id=\"4433cff\" data-element_type=\"section\" data-e-type=\"section\">\n\t\t\t\t\t\t<div class=\"elementor-container elementor-column-gap-default\">\n\t\t\t\t\t<div class=\"elementor-column elementor-col-100 elementor-top-column elementor-element elementor-element-9912772\" data-id=\"9912772\" data-element_type=\"column\" data-e-type=\"column\">\n\t\t\t<div class=\"elementor-widget-wrap elementor-element-populated\">\n\t\t\t\t\t\t<div class=\"elementor-element elementor-element-f21d085 elementor-widget elementor-widget-heading\" data-id=\"f21d085\" data-element_type=\"widget\" data-e-type=\"widget\" data-widget_type=\"heading.default\">\n\t\t\t\t<div class=\"elementor-widget-container\">\n\t\t\t\t\t<h3 class=\"elementor-heading-title elementor-size-default\"><span class=\"ez-toc-section\" id=\"Konkatedra_sw_Jana_obraz_Caravaggia_sciecie_sw_Jana_Chrzciciela\"><\/span>Konkatedra \u015bw. Jana (obraz Caravaggia, \u015bci\u0119cie \u015bw. Jana Chrzciciela)<span class=\"ez-toc-section-end\"><\/span><\/h3>\t\t\t\t<\/div>\n\t\t\t\t<\/div>\n\t\t\t\t<div class=\"elementor-element elementor-element-d8a3676 elementor-widget elementor-widget-text-editor\" data-id=\"d8a3676\" data-element_type=\"widget\" data-e-type=\"widget\" data-widget_type=\"text-editor.default\">\n\t\t\t\t<div class=\"elementor-widget-container\">\n\t\t\t\t\t\t\t\t\t<p>Konkatedra \u015bw. Jana, r\u00f3wnie\u017c znana z obrazu Caravaggia przedstawiaj\u0105cego \u015bci\u0119cie \u015bw. Jana Chrzciciela, zosta\u0142a zbudowana przez Zakon \u015bw. Jana znacznie wcze\u015bniej, bo ju\u017c w 1578 roku. Wn\u0119trze ko\u015bcio\u0142a jest uznawane za jedno z najpi\u0119kniejszych przyk\u0142ad\u00f3w baroku w Europie. To w\u0142a\u015bnie tutaj mo\u017cna podziwia\u0107 wybitne dzie\u0142o sztuki, kt\u00f3re przyci\u0105ga licznych zwiedzaj\u0105cych. Katedra jest otwarta od poniedzia\u0142ku do pi\u0105tku w godzinach 10:30-14:30 oraz w soboty od 09:30-12:30.<\/p>\t\t\t\t\t\t\t\t<\/div>\n\t\t\t\t<\/div>\n\t\t\t\t\t<\/div>\n\t\t<\/div>\n\t\t\t\t\t<\/div>\n\t\t<\/section>\n\t\t\t\t<section class=\"elementor-section elementor-top-section elementor-element elementor-element-d7931ac elementor-section-boxed elementor-section-height-default elementor-section-height-default\" data-id=\"d7931ac\" data-element_type=\"section\" data-e-type=\"section\">\n\t\t\t\t\t\t<div class=\"elementor-container elementor-column-gap-default\">\n\t\t\t\t\t<div class=\"elementor-column elementor-col-100 elementor-top-column elementor-element elementor-element-199b597\" data-id=\"199b597\" data-element_type=\"column\" data-e-type=\"column\">\n\t\t\t<div class=\"elementor-widget-wrap elementor-element-populated\">\n\t\t\t\t\t\t<div class=\"elementor-element elementor-element-c486aa1 elementor-widget elementor-widget-heading\" data-id=\"c486aa1\" data-element_type=\"widget\" data-e-type=\"widget\" data-widget_type=\"heading.default\">\n\t\t\t\t<div class=\"elementor-widget-container\">\n\t\t\t\t\t<h3 class=\"elementor-heading-title elementor-size-default\"><span class=\"ez-toc-section\" id=\"Muzeum_Archeologiczne_w_Valletcie\"><\/span>Muzeum Archeologiczne w Valletcie<span class=\"ez-toc-section-end\"><\/span><\/h3>\t\t\t\t<\/div>\n\t\t\t\t<\/div>\n\t\t\t\t<div class=\"elementor-element elementor-element-34176bd elementor-widget elementor-widget-text-editor\" data-id=\"34176bd\" data-element_type=\"widget\" data-e-type=\"widget\" data-widget_type=\"text-editor.default\">\n\t\t\t\t<div class=\"elementor-widget-container\">\n\t\t\t\t\t\t\t\t\t<p>Muzeum archeologiczne mie\u015bci si\u0119 w pi\u0119knym historycznym budynku zaprojektowanym w stylu barokowym przez Zakon \u015bw. Jana. W muzeum mo\u017cna podziwia\u0107 znaleziska archeologiczne z Malty datowane na okresy prehistoryczne i fenickie. Koleiny, znalezione na Malcie i Gozo, s\u0105 jednym z ciekawszych eksponat\u00f3w. Pomimo wielu bada\u0144, ich dok\u0142adne przeznaczenie w dawnych czasach nadal pozostaje zagadk\u0105.<\/p>\t\t\t\t\t\t\t\t<\/div>\n\t\t\t\t<\/div>\n\t\t\t\t\t<\/div>\n\t\t<\/div>\n\t\t\t\t\t<\/div>\n\t\t<\/section>\n\t\t\t\t<section class=\"elementor-section elementor-top-section elementor-element elementor-element-7573113 elementor-section-boxed elementor-section-height-default elementor-section-height-default\" data-id=\"7573113\" data-element_type=\"section\" data-e-type=\"section\">\n\t\t\t\t\t\t<div class=\"elementor-container elementor-column-gap-default\">\n\t\t\t\t\t<div class=\"elementor-column elementor-col-100 elementor-top-column elementor-element elementor-element-2378277\" data-id=\"2378277\" data-element_type=\"column\" data-e-type=\"column\">\n\t\t\t<div class=\"elementor-widget-wrap elementor-element-populated\">\n\t\t\t\t\t\t<div class=\"elementor-element elementor-element-b78559c elementor-widget elementor-widget-heading\" data-id=\"b78559c\" data-element_type=\"widget\" data-e-type=\"widget\" data-widget_type=\"heading.default\">\n\t\t\t\t<div class=\"elementor-widget-container\">\n\t\t\t\t\t<h3 class=\"elementor-heading-title elementor-size-default\"><span class=\"ez-toc-section\" id=\"Ogrody_Hastings\"><\/span>Ogrody Hastings<span class=\"ez-toc-section-end\"><\/span><\/h3>\t\t\t\t<\/div>\n\t\t\t\t<\/div>\n\t\t\t\t<div class=\"elementor-element elementor-element-ab3fc87 elementor-widget elementor-widget-text-editor\" data-id=\"ab3fc87\" data-element_type=\"widget\" data-e-type=\"widget\" data-widget_type=\"text-editor.default\">\n\t\t\t\t<div class=\"elementor-widget-container\">\n\t\t\t\t\t\t\t\t\t<p>Na zako\u0144czenie wizyty w Valletcie warto odwiedzi\u0107 Ogrody Hastings, znajduj\u0105ce si\u0119 na szczycie baszty \u015bw. Jana. Z ogrod\u00f3w roztacza si\u0119 przepi\u0119kny widok na drugi brzeg Wielkiego Portu oraz na s\u0105siednie, popularne miejscowo\u015bci Sliem\u0119 i Msid\u0119.<\/p>\t\t\t\t\t\t\t\t<\/div>\n\t\t\t\t<\/div>\n\t\t\t\t\t<\/div>\n\t\t<\/div>\n\t\t\t\t\t<\/div>\n\t\t<\/section>\n\t\t\t\t<section class=\"elementor-section elementor-top-section elementor-element elementor-element-9093a37 elementor-section-boxed elementor-section-height-default elementor-section-height-default\" data-id=\"9093a37\" data-element_type=\"section\" data-e-type=\"section\">\n\t\t\t\t\t\t<div class=\"elementor-container elementor-column-gap-default\">\n\t\t\t\t\t<div class=\"elementor-column elementor-col-100 elementor-top-column elementor-element elementor-element-7c9b474\" data-id=\"7c9b474\" data-element_type=\"column\" data-e-type=\"column\">\n\t\t\t<div class=\"elementor-widget-wrap elementor-element-populated\">\n\t\t\t\t\t\t<div class=\"elementor-element elementor-element-93a6a5d elementor-widget elementor-widget-heading\" data-id=\"93a6a5d\" data-element_type=\"widget\" data-e-type=\"widget\" data-widget_type=\"heading.default\">\n\t\t\t\t<div class=\"elementor-widget-container\">\n\t\t\t\t\t<h2 class=\"elementor-heading-title elementor-size-default\"><span class=\"ez-toc-section\" id=\"Gdzie_warto_zjesc_w_Valletcie\"><\/span>Gdzie warto zje\u015b\u0107 w Valletcie? <span class=\"ez-toc-section-end\"><\/span><\/h2>\t\t\t\t<\/div>\n\t\t\t\t<\/div>\n\t\t\t\t\t<\/div>\n\t\t<\/div>\n\t\t\t\t\t<\/div>\n\t\t<\/section>\n\t\t\t\t<section class=\"elementor-section elementor-top-section elementor-element elementor-element-d884ef4 elementor-section-boxed elementor-section-height-default elementor-section-height-default\" data-id=\"d884ef4\" data-element_type=\"section\" data-e-type=\"section\">\n\t\t\t\t\t\t<div class=\"elementor-container elementor-column-gap-default\">\n\t\t\t\t\t<div class=\"elementor-column elementor-col-100 elementor-top-column elementor-element elementor-element-68f6675\" data-id=\"68f6675\" data-element_type=\"column\" data-e-type=\"column\">\n\t\t\t<div class=\"elementor-widget-wrap elementor-element-populated\">\n\t\t\t\t\t\t<div class=\"elementor-element elementor-element-36ba674 elementor-widget elementor-widget-heading\" data-id=\"36ba674\" data-element_type=\"widget\" data-e-type=\"widget\" data-widget_type=\"heading.default\">\n\t\t\t\t<div class=\"elementor-widget-container\">\n\t\t\t\t\t<h3 class=\"elementor-heading-title elementor-size-default\"><span class=\"ez-toc-section\" id=\"Grano\"><\/span>Grano<span class=\"ez-toc-section-end\"><\/span><\/h3>\t\t\t\t<\/div>\n\t\t\t\t<\/div>\n\t\t\t\t<div class=\"elementor-element elementor-element-5bcbc40 elementor-widget elementor-widget-text-editor\" data-id=\"5bcbc40\" data-element_type=\"widget\" data-e-type=\"widget\" data-widget_type=\"text-editor.default\">\n\t\t\t\t<div class=\"elementor-widget-container\">\n\t\t\t\t\t\t\t\t\t<p>Grano to restauracja znajduj\u0105ca si\u0119 na jednej z najpopularniejszych ciasnych uliczek Valletty, na St. Lucia Street. Lokal specjalizuje si\u0119 w pysznych kanapkach z r\u00f3\u017cnorodnymi farszami, takimi jak grilowany stek, kurczak czy wersja wegetaria\u0144ska z grilowanymi warzywami. Jest to idealne miejsce na lunch oraz wieczorne spotkania, poniewa\u017c opr\u00f3cz da\u0144 Grano oferuje r\u00f3wnie\u017c szeroki wyb\u00f3r pysznych drink\u00f3w.<\/p>\t\t\t\t\t\t\t\t<\/div>\n\t\t\t\t<\/div>\n\t\t\t\t\t<\/div>\n\t\t<\/div>\n\t\t\t\t\t<\/div>\n\t\t<\/section>\n\t\t\t\t<section class=\"elementor-section elementor-top-section elementor-element elementor-element-0672f94 elementor-section-boxed elementor-section-height-default elementor-section-height-default\" data-id=\"0672f94\" data-element_type=\"section\" data-e-type=\"section\">\n\t\t\t\t\t\t<div class=\"elementor-container elementor-column-gap-default\">\n\t\t\t\t\t<div class=\"elementor-column elementor-col-100 elementor-top-column elementor-element elementor-element-6a8e41c\" data-id=\"6a8e41c\" data-element_type=\"column\" data-e-type=\"column\">\n\t\t\t<div class=\"elementor-widget-wrap elementor-element-populated\">\n\t\t\t\t\t\t<div class=\"elementor-element elementor-element-a4b3b99 elementor-widget elementor-widget-heading\" data-id=\"a4b3b99\" data-element_type=\"widget\" data-e-type=\"widget\" data-widget_type=\"heading.default\">\n\t\t\t\t<div class=\"elementor-widget-container\">\n\t\t\t\t\t<h3 class=\"elementor-heading-title elementor-size-default\"><span class=\"ez-toc-section\" id=\"Gracys_Art\"><\/span>Gracy's Art<span class=\"ez-toc-section-end\"><\/span><\/h3>\t\t\t\t<\/div>\n\t\t\t\t<\/div>\n\t\t\t\t<div class=\"elementor-element elementor-element-8146369 elementor-widget elementor-widget-text-editor\" data-id=\"8146369\" data-element_type=\"widget\" data-e-type=\"widget\" data-widget_type=\"text-editor.default\">\n\t\t\t\t<div class=\"elementor-widget-container\">\n\t\t\t\t\t\t\t\t\t<p>Je\u015bli poszukujecie bardziej ekskluzywnej restauracji, warto uda\u0107 si\u0119 do Gracy&#8217;s Art. Znajduje si\u0119 ona w przepi\u0119knym, odrestaurowanym pa\u0142acu z XVII wieku. Wn\u0119trze budynku jest luksusowe i bogato zdobione, a z dachu roztacza si\u0119 niepowtarzalny widok na Vallett\u0119, zw\u0142aszcza na kopu\u0142\u0119 bazyliki Matki Bo\u017cej z G\u00f3ry Karmel. Menu restauracji oferuje pyszne dania, takie jak ostrygi, krewetki, \u0142ososie oraz wy\u015bmienite desery.<\/p>\t\t\t\t\t\t\t\t<\/div>\n\t\t\t\t<\/div>\n\t\t\t\t\t<\/div>\n\t\t<\/div>\n\t\t\t\t\t<\/div>\n\t\t<\/section>\n\t\t\t\t<section class=\"elementor-section elementor-top-section elementor-element elementor-element-1f3acb0 elementor-section-boxed elementor-section-height-default elementor-section-height-default\" data-id=\"1f3acb0\" data-element_type=\"section\" data-e-type=\"section\">\n\t\t\t\t\t\t<div class=\"elementor-container elementor-column-gap-default\">\n\t\t\t\t\t<div class=\"elementor-column elementor-col-100 elementor-top-column elementor-element elementor-element-15685a7\" data-id=\"15685a7\" data-element_type=\"column\" data-e-type=\"column\">\n\t\t\t<div class=\"elementor-widget-wrap elementor-element-populated\">\n\t\t\t\t\t\t<div class=\"elementor-element elementor-element-fde939e elementor-widget elementor-widget-heading\" data-id=\"fde939e\" data-element_type=\"widget\" data-e-type=\"widget\" data-widget_type=\"heading.default\">\n\t\t\t\t<div class=\"elementor-widget-container\">\n\t\t\t\t\t<h3 class=\"elementor-heading-title elementor-size-default\"><span class=\"ez-toc-section\" id=\"Il_Ristorantino_Italiano\"><\/span>Il Ristorantino Italiano<span class=\"ez-toc-section-end\"><\/span><\/h3>\t\t\t\t<\/div>\n\t\t\t\t<\/div>\n\t\t\t\t<div class=\"elementor-element elementor-element-4c1b234 elementor-widget elementor-widget-text-editor\" data-id=\"4c1b234\" data-element_type=\"widget\" data-e-type=\"widget\" data-widget_type=\"text-editor.default\">\n\t\t\t\t<div class=\"elementor-widget-container\">\n\t\t\t\t\t\t\t\t\t<p>Mi\u0142o\u015bnicy w\u0142oskiej kuchni powinni odwiedzi\u0107 Il Ristorantino Italiano, gdzie serwowane s\u0105 pyszne dania w\u0142oskie. Restauracja s\u0142ynie z doskona\u0142ych makaron\u00f3w, owoc\u00f3w morza oraz wyj\u0105tkowej atmosfery.<\/p>\t\t\t\t\t\t\t\t<\/div>\n\t\t\t\t<\/div>\n\t\t\t\t\t<\/div>\n\t\t<\/div>\n\t\t\t\t\t<\/div>\n\t\t<\/section>\n\t\t\t\t<section class=\"elementor-section elementor-top-section elementor-element elementor-element-3670fa7 elementor-section-boxed elementor-section-height-default elementor-section-height-default\" data-id=\"3670fa7\" data-element_type=\"section\" data-e-type=\"section\">\n\t\t\t\t\t\t<div class=\"elementor-container elementor-column-gap-default\">\n\t\t\t\t\t<div class=\"elementor-column elementor-col-100 elementor-top-column elementor-element elementor-element-62d1ca4\" data-id=\"62d1ca4\" data-element_type=\"column\" data-e-type=\"column\">\n\t\t\t<div class=\"elementor-widget-wrap\">\n\t\t\t\t\t\t\t<\/div>\n\t\t<\/div>\n\t\t\t\t\t<\/div>\n\t\t<\/section>\n\t\t\t\t<section class=\"elementor-section elementor-top-section elementor-element elementor-element-0fcc5f9 elementor-section-boxed elementor-section-height-default elementor-section-height-default\" data-id=\"0fcc5f9\" data-element_type=\"section\" data-e-type=\"section\">\n\t\t\t\t\t\t<div class=\"elementor-container elementor-column-gap-default\">\n\t\t\t\t\t<div class=\"elementor-column elementor-col-100 elementor-top-column elementor-element elementor-element-a0c340a\" data-id=\"a0c340a\" data-element_type=\"column\" data-e-type=\"column\">\n\t\t\t<div class=\"elementor-widget-wrap elementor-element-populated\">\n\t\t\t\t\t\t<div class=\"elementor-element elementor-element-be8ac82 elementor-widget elementor-widget-heading\" data-id=\"be8ac82\" data-element_type=\"widget\" data-e-type=\"widget\" data-widget_type=\"heading.default\">\n\t\t\t\t<div class=\"elementor-widget-container\">\n\t\t\t\t\t<h3 class=\"elementor-heading-title elementor-size-default\"><span class=\"ez-toc-section\" id=\"Interesuja_cie_inne_atrakcje_Malty_Zobacz_rowniez\"><\/span>Interesuj\u0105 ci\u0119 inne atrakcje Malty? Zobacz r\u00f3wnie\u017c:<span class=\"ez-toc-section-end\"><\/span><\/h3>\t\t\t\t<\/div>\n\t\t\t\t<\/div>\n\t\t\t\t\t<\/div>\n\t\t<\/div>\n\t\t\t\t\t<\/div>\n\t\t<\/section>\n\t\t\t\t<section class=\"elementor-section elementor-top-section elementor-element elementor-element-debc488 elementor-section-full_width elementor-section-height-default elementor-section-height-default elementor-invisible\" data-id=\"debc488\" data-element_type=\"section\" data-e-type=\"section\" data-settings=\"{&quot;background_background&quot;:&quot;classic&quot;,&quot;animation&quot;:&quot;fadeInLeft&quot;}\">\n\t\t\t\t\t\t\t<div class=\"elementor-background-overlay\"><\/div>\n\t\t\t\t\t\t\t<div class=\"elementor-container elementor-column-gap-wider\">\n\t\t\t\t\t<div class=\"elementor-column elementor-col-33 elementor-top-column elementor-element elementor-element-6423191\" data-id=\"6423191\" data-element_type=\"column\" data-e-type=\"column\">\n\t\t\t<div class=\"elementor-widget-wrap elementor-element-populated\">\n\t\t\t\t\t\t<div class=\"elementor-element elementor-element-54afbdd elementor-widget elementor-widget-image\" data-id=\"54afbdd\" data-element_type=\"widget\" data-e-type=\"widget\" data-widget_type=\"image.default\">\n\t\t\t\t<div class=\"elementor-widget-container\">\n\t\t\t\t\t\t\t\t\t\t\t\t<figure class=\"wp-caption\">\n\t\t\t\t\t\t\t\t\t\t\t<a href=\"https:\/\/www.wzdluzdrogi.pl\/index.php\/2022\/12\/09\/malta-co-zobaczyc-w-3-dni-roadtrip-po-malcie\/\">\n\t\t\t\t\t\t\t<img decoding=\"async\" width=\"683\" height=\"1024\" data-src=\"https:\/\/www.wzdluzdrogi.pl\/wp-content\/uploads\/2023\/02\/MG_1917-683x1024.jpg\" class=\"elementor-animation-rotate attachment-large size-large wp-image-2888 lazyload\" alt=\"\" data-srcset=\"https:\/\/www.wzdluzdrogi.pl\/wp-content\/uploads\/2023\/02\/MG_1917-683x1024.jpg 683w, https:\/\/www.wzdluzdrogi.pl\/wp-content\/uploads\/2023\/02\/MG_1917-200x300.jpg 200w, https:\/\/www.wzdluzdrogi.pl\/wp-content\/uploads\/2023\/02\/MG_1917-768x1152.jpg 768w, https:\/\/www.wzdluzdrogi.pl\/wp-content\/uploads\/2023\/02\/MG_1917-1024x1536.jpg 1024w, https:\/\/www.wzdluzdrogi.pl\/wp-content\/uploads\/2023\/02\/MG_1917-40x60.jpg 40w, https:\/\/www.wzdluzdrogi.pl\/wp-content\/uploads\/2023\/02\/MG_1917.jpg 1067w\" data-sizes=\"(max-width: 683px) 100vw, 683px\" src=\"data:image\/svg+xml;base64,PHN2ZyB3aWR0aD0iMSIgaGVpZ2h0PSIxIiB4bWxucz0iaHR0cDovL3d3dy53My5vcmcvMjAwMC9zdmciPjwvc3ZnPg==\" style=\"--smush-placeholder-width: 683px; --smush-placeholder-aspect-ratio: 683\/1024;\" \/>\t\t\t\t\t\t\t\t<\/a>\n\t\t\t\t\t\t\t\t\t\t\t<figcaption class=\"widget-image-caption wp-caption-text\">Malta - co zobaczy\u0107 w 3 dni. <\/figcaption>\n\t\t\t\t\t\t\t\t\t\t<\/figure>\n\t\t\t\t\t\t\t\t\t<\/div>\n\t\t\t\t<\/div>\n\t\t\t\t\t<\/div>\n\t\t<\/div>\n\t\t\t\t<div class=\"elementor-column elementor-col-33 elementor-top-column elementor-element elementor-element-ea7007b\" data-id=\"ea7007b\" data-element_type=\"column\" data-e-type=\"column\">\n\t\t\t<div class=\"elementor-widget-wrap elementor-element-populated\">\n\t\t\t\t\t\t<div class=\"elementor-element elementor-element-da79e0c elementor-widget elementor-widget-image\" data-id=\"da79e0c\" data-element_type=\"widget\" data-e-type=\"widget\" data-widget_type=\"image.default\">\n\t\t\t\t<div class=\"elementor-widget-container\">\n\t\t\t\t\t\t\t\t\t\t\t\t<figure class=\"wp-caption\">\n\t\t\t\t\t\t\t\t\t\t\t<a href=\"https:\/\/www.wzdluzdrogi.pl\/index.php\/2022\/11\/02\/road-trip-po-malcie-jak-zorganizowac-wyjazd-na-malte\/\">\n\t\t\t\t\t\t\t<img decoding=\"async\" width=\"682\" height=\"1024\" data-src=\"https:\/\/www.wzdluzdrogi.pl\/wp-content\/uploads\/2022\/12\/MG_2760-682x1024.jpg\" class=\"elementor-animation-rotate attachment-large size-large wp-image-2739 lazyload\" alt=\"malta - jak zorganizowac wyjazd na malte\" data-srcset=\"https:\/\/www.wzdluzdrogi.pl\/wp-content\/uploads\/2022\/12\/MG_2760-682x1024.jpg 682w, https:\/\/www.wzdluzdrogi.pl\/wp-content\/uploads\/2022\/12\/MG_2760-200x300.jpg 200w, https:\/\/www.wzdluzdrogi.pl\/wp-content\/uploads\/2022\/12\/MG_2760-768x1152.jpg 768w, https:\/\/www.wzdluzdrogi.pl\/wp-content\/uploads\/2022\/12\/MG_2760-1024x1536.jpg 1024w, https:\/\/www.wzdluzdrogi.pl\/wp-content\/uploads\/2022\/12\/MG_2760-40x60.jpg 40w, https:\/\/www.wzdluzdrogi.pl\/wp-content\/uploads\/2022\/12\/MG_2760.jpg 1066w\" data-sizes=\"(max-width: 682px) 100vw, 682px\" src=\"data:image\/svg+xml;base64,PHN2ZyB3aWR0aD0iMSIgaGVpZ2h0PSIxIiB4bWxucz0iaHR0cDovL3d3dy53My5vcmcvMjAwMC9zdmciPjwvc3ZnPg==\" style=\"--smush-placeholder-width: 682px; --smush-placeholder-aspect-ratio: 682\/1024;\" \/>\t\t\t\t\t\t\t\t<\/a>\n\t\t\t\t\t\t\t\t\t\t\t<figcaption class=\"widget-image-caption wp-caption-text\">Jak zorganizowa\u0107 tani wyjazd na Malt\u0119?<\/figcaption>\n\t\t\t\t\t\t\t\t\t\t<\/figure>\n\t\t\t\t\t\t\t\t\t<\/div>\n\t\t\t\t<\/div>\n\t\t\t\t\t<\/div>\n\t\t<\/div>\n\t\t\t\t<div class=\"elementor-column elementor-col-33 elementor-top-column elementor-element elementor-element-29b9ee3\" data-id=\"29b9ee3\" data-element_type=\"column\" data-e-type=\"column\">\n\t\t\t<div class=\"elementor-widget-wrap elementor-element-populated\">\n\t\t\t\t\t\t<div class=\"elementor-element elementor-element-d3f6da4 elementor-widget elementor-widget-image\" data-id=\"d3f6da4\" data-element_type=\"widget\" data-e-type=\"widget\" data-widget_type=\"image.default\">\n\t\t\t\t<div class=\"elementor-widget-container\">\n\t\t\t\t\t\t\t\t\t\t\t\t<figure class=\"wp-caption\">\n\t\t\t\t\t\t\t\t\t\t\t<a href=\"https:\/\/www.wzdluzdrogi.pl\/index.php\/2023\/04\/29\/tradycyjne-maltanskie-dania\/\">\n\t\t\t\t\t\t\t<img decoding=\"async\" width=\"683\" height=\"1024\" data-src=\"https:\/\/www.wzdluzdrogi.pl\/wp-content\/uploads\/2022\/10\/MG_2358-683x1024.jpg\" class=\"elementor-animation-rotate attachment-large size-large wp-image-2639 lazyload\" alt=\"malta co zobaczyc co zobaczy\u0107 na malcie, jak zorganizowa\u0107 tani wyjazd na malt\u0119\" data-srcset=\"https:\/\/www.wzdluzdrogi.pl\/wp-content\/uploads\/2022\/10\/MG_2358-683x1024.jpg 683w, https:\/\/www.wzdluzdrogi.pl\/wp-content\/uploads\/2022\/10\/MG_2358-200x300.jpg 200w, https:\/\/www.wzdluzdrogi.pl\/wp-content\/uploads\/2022\/10\/MG_2358-768x1152.jpg 768w, https:\/\/www.wzdluzdrogi.pl\/wp-content\/uploads\/2022\/10\/MG_2358-1024x1536.jpg 1024w, https:\/\/www.wzdluzdrogi.pl\/wp-content\/uploads\/2022\/10\/MG_2358-40x60.jpg 40w, https:\/\/www.wzdluzdrogi.pl\/wp-content\/uploads\/2022\/10\/MG_2358.jpg 1067w\" data-sizes=\"(max-width: 683px) 100vw, 683px\" src=\"data:image\/svg+xml;base64,PHN2ZyB3aWR0aD0iMSIgaGVpZ2h0PSIxIiB4bWxucz0iaHR0cDovL3d3dy53My5vcmcvMjAwMC9zdmciPjwvc3ZnPg==\" style=\"--smush-placeholder-width: 683px; --smush-placeholder-aspect-ratio: 683\/1024;\" \/>\t\t\t\t\t\t\t\t<\/a>\n\t\t\t\t\t\t\t\t\t\t\t<figcaption class=\"widget-image-caption wp-caption-text\">Co zje\u015b\u0107 na Malcie?<\/figcaption>\n\t\t\t\t\t\t\t\t\t\t<\/figure>\n\t\t\t\t\t\t\t\t\t<\/div>\n\t\t\t\t<\/div>\n\t\t\t\t\t<\/div>\n\t\t<\/div>\n\t\t\t\t\t<\/div>\n\t\t<\/section>\n\t\t\t\t<section class=\"elementor-section elementor-top-section elementor-element elementor-element-1d97766 elementor-section-boxed elementor-section-height-default elementor-section-height-default\" data-id=\"1d97766\" data-element_type=\"section\" data-e-type=\"section\">\n\t\t\t\t\t\t<div class=\"elementor-container elementor-column-gap-default\">\n\t\t\t\t\t<div class=\"elementor-column elementor-col-100 elementor-top-column elementor-element elementor-element-f7e1ca6\" data-id=\"f7e1ca6\" data-element_type=\"column\" data-e-type=\"column\">\n\t\t\t<div class=\"elementor-widget-wrap elementor-element-populated\">\n\t\t\t\t\t\t<div class=\"elementor-element elementor-element-e30ca21 elementor-widget elementor-widget-heading\" data-id=\"e30ca21\" data-element_type=\"widget\" data-e-type=\"widget\" data-widget_type=\"heading.default\">\n\t\t\t\t<div class=\"elementor-widget-container\">\n\t\t\t\t\t<h3 class=\"elementor-heading-title elementor-size-default\"><span class=\"ez-toc-section\" id=\"Sledz_nas_na_mediach_spolecznosciowych\"><\/span>\u015aled\u017a nas na mediach spo\u0142eczno\u015bciowych:<span class=\"ez-toc-section-end\"><\/span><\/h3>\t\t\t\t<\/div>\n\t\t\t\t<\/div>\n\t\t\t\t\t<\/div>\n\t\t<\/div>\n\t\t\t\t\t<\/div>\n\t\t<\/section>\n\t\t\t\t<section class=\"elementor-section elementor-top-section elementor-element elementor-element-d5b53c5 elementor-section-boxed elementor-section-height-default elementor-section-height-default\" data-id=\"d5b53c5\" data-element_type=\"section\" data-e-type=\"section\">\n\t\t\t\t\t\t<div class=\"elementor-container elementor-column-gap-default\">\n\t\t\t\t\t<div class=\"elementor-column elementor-col-100 elementor-top-column elementor-element elementor-element-05b87d7\" data-id=\"05b87d7\" data-element_type=\"column\" data-e-type=\"column\">\n\t\t\t<div class=\"elementor-widget-wrap elementor-element-populated\">\n\t\t\t\t\t\t<div class=\"elementor-element elementor-element-989f609 elementor-shape-rounded elementor-grid-0 e-grid-align-center elementor-widget elementor-widget-social-icons\" data-id=\"989f609\" data-element_type=\"widget\" data-e-type=\"widget\" data-widget_type=\"social-icons.default\">\n\t\t\t\t<div class=\"elementor-widget-container\">\n\t\t\t\t\t\t\t<div class=\"elementor-social-icons-wrapper elementor-grid\" role=\"list\">\n\t\t\t\t\t\t\t<span class=\"elementor-grid-item\" role=\"listitem\">\n\t\t\t\t\t<a class=\"elementor-icon elementor-social-icon elementor-social-icon-facebook elementor-repeater-item-1bce629\" href=\"https:\/\/www.facebook.com\/wzdluzdrogi\" target=\"_blank\">\n\t\t\t\t\t\t<span class=\"elementor-screen-only\">Facebook<\/span>\n\t\t\t\t\t\t<i aria-hidden=\"true\" class=\"fab fa-facebook\"><\/i>\t\t\t\t\t<\/a>\n\t\t\t\t<\/span>\n\t\t\t\t\t\t\t<span class=\"elementor-grid-item\" role=\"listitem\">\n\t\t\t\t\t<a class=\"elementor-icon elementor-social-icon elementor-social-icon-youtube elementor-repeater-item-bdd6bf3\" href=\"https:\/\/www.youtube.com\/channel\/UCW7xjbHjmE0P5_HMEhlFR5w\" target=\"_blank\">\n\t\t\t\t\t\t<span class=\"elementor-screen-only\">Youtube<\/span>\n\t\t\t\t\t\t<i aria-hidden=\"true\" class=\"fab fa-youtube\"><\/i>\t\t\t\t\t<\/a>\n\t\t\t\t<\/span>\n\t\t\t\t\t\t\t<span class=\"elementor-grid-item\" role=\"listitem\">\n\t\t\t\t\t<a class=\"elementor-icon elementor-social-icon elementor-social-icon-instagram elementor-repeater-item-974fab2\" href=\"https:\/\/www.instagram.com\/wzdluz_drogi\/?hl=pl\" target=\"_blank\">\n\t\t\t\t\t\t<span class=\"elementor-screen-only\">Instagram<\/span>\n\t\t\t\t\t\t<i aria-hidden=\"true\" class=\"fab fa-instagram\"><\/i>\t\t\t\t\t<\/a>\n\t\t\t\t<\/span>\n\t\t\t\t\t<\/div>\n\t\t\t\t\t\t<\/div>\n\t\t\t\t<\/div>\n\t\t\t\t\t<\/div>\n\t\t<\/div>\n\t\t\t\t\t<\/div>\n\t\t<\/section>\n\t\t\t\t<\/div>\n\t\t","protected":false},"excerpt":{"rendered":"<p>Valletta to przepi\u0119kna stolica Malty. Uwa\u017camy, \u017ce jest to jedna z najbardziej wyj\u0105tkowych stolic w Europie, cho\u0107 oczywi\u015bcie mo\u017cecie mie\u0107 inne zdanie. W tym kr\u00f3tkim przewodniku znajdziecie wszystkie najwa\u017cniejsze informacje oraz nasze opinie i powody, dla kt\u00f3rych Valletta zapisa\u0142a si\u0119 w naszych wspomnieniach tak pozytywnie. Historia Valletty Miasto zosta\u0142o za\u0142o\u017cone w 1566 roku przez Wielkiego &hellip; <\/p>\n","protected":false},"author":1,"featured_media":2892,"comment_status":"open","ping_status":"closed","sticky":false,"template":"","format":"standard","meta":{"_monsterinsights_skip_tracking":false,"_monsterinsights_sitenote_active":false,"_monsterinsights_sitenote_note":"","_monsterinsights_sitenote_category":0,"footnotes":""},"categories":[88,26],"tags":[],"class_list":["post-3317","post","type-post","status-publish","format-standard","has-post-thumbnail","hentry","category-malta","category-podroze"],"yoast_head":"<!-- This site is optimized with the Yoast SEO plugin v26.5 - https:\/\/yoast.com\/wordpress\/plugins\/seo\/ -->\n<title>Przewodnik po Valletcie. Odkryj uroki stolicy Malty - Wzd\u0142u\u017c Drogi<\/title>\n<meta name=\"robots\" content=\"index, follow, max-snippet:-1, max-image-preview:large, max-video-preview:-1\" \/>\n<link rel=\"canonical\" href=\"https:\/\/www.wzdluzdrogi.pl\/index.php\/2024\/07\/11\/przewodnik-po-valletcie-odkryj-uroki-stolicy-malty\/\" \/>\n<meta property=\"og:locale\" content=\"pl_PL\" \/>\n<meta property=\"og:type\" content=\"article\" \/>\n<meta property=\"og:title\" content=\"Przewodnik po Valletcie. Odkryj uroki stolicy Malty - Wzd\u0142u\u017c Drogi\" \/>\n<meta property=\"og:description\" content=\"Valletta to przepi\u0119kna stolica Malty. Uwa\u017camy, \u017ce jest to jedna z najbardziej wyj\u0105tkowych stolic w Europie, cho\u0107 oczywi\u015bcie mo\u017cecie mie\u0107 inne zdanie. W tym kr\u00f3tkim przewodniku znajdziecie wszystkie najwa\u017cniejsze informacje oraz nasze opinie i powody, dla kt\u00f3rych Valletta zapisa\u0142a si\u0119 w naszych wspomnieniach tak pozytywnie. Historia Valletty Miasto zosta\u0142o za\u0142o\u017cone w 1566 roku przez Wielkiego &hellip;\" \/>\n<meta property=\"og:url\" content=\"https:\/\/www.wzdluzdrogi.pl\/index.php\/2024\/07\/11\/przewodnik-po-valletcie-odkryj-uroki-stolicy-malty\/\" \/>\n<meta property=\"og:site_name\" content=\"Wzd\u0142u\u017c Drogi\" \/>\n<meta property=\"article:published_time\" content=\"2024-07-11T18:52:47+00:00\" \/>\n<meta property=\"article:modified_time\" content=\"2024-07-12T17:37:10+00:00\" \/>\n<meta property=\"og:image\" content=\"https:\/\/www.wzdluzdrogi.pl\/wp-content\/uploads\/2023\/02\/MG_2736.jpg\" \/>\n\t<meta property=\"og:image:width\" content=\"1286\" \/>\n\t<meta property=\"og:image:height\" content=\"1929\" \/>\n\t<meta property=\"og:image:type\" content=\"image\/jpeg\" \/>\n<meta name=\"author\" content=\"Wzdluzdrogi\" \/>\n<meta name=\"twitter:card\" content=\"summary_large_image\" \/>\n<meta name=\"twitter:label1\" content=\"Napisane przez\" \/>\n\t<meta name=\"twitter:data1\" content=\"Wzdluzdrogi\" \/>\n\t<meta name=\"twitter:label2\" content=\"Szacowany czas czytania\" \/>\n\t<meta name=\"twitter:data2\" content=\"17 minut\" \/>\n<script type=\"application\/ld+json\" class=\"yoast-schema-graph\">{\"@context\":\"https:\/\/schema.org\",\"@graph\":[{\"@type\":\"WebPage\",\"@id\":\"https:\/\/www.wzdluzdrogi.pl\/index.php\/2024\/07\/11\/przewodnik-po-valletcie-odkryj-uroki-stolicy-malty\/\",\"url\":\"https:\/\/www.wzdluzdrogi.pl\/index.php\/2024\/07\/11\/przewodnik-po-valletcie-odkryj-uroki-stolicy-malty\/\",\"name\":\"Przewodnik po Valletcie. Odkryj uroki stolicy Malty - Wzd\u0142u\u017c Drogi\",\"isPartOf\":{\"@id\":\"https:\/\/www.wzdluzdrogi.pl\/#website\"},\"primaryImageOfPage\":{\"@id\":\"https:\/\/www.wzdluzdrogi.pl\/index.php\/2024\/07\/11\/przewodnik-po-valletcie-odkryj-uroki-stolicy-malty\/#primaryimage\"},\"image\":{\"@id\":\"https:\/\/www.wzdluzdrogi.pl\/index.php\/2024\/07\/11\/przewodnik-po-valletcie-odkryj-uroki-stolicy-malty\/#primaryimage\"},\"thumbnailUrl\":\"https:\/\/www.wzdluzdrogi.pl\/wp-content\/uploads\/2023\/02\/MG_2736.jpg\",\"datePublished\":\"2024-07-11T18:52:47+00:00\",\"dateModified\":\"2024-07-12T17:37:10+00:00\",\"author\":{\"@id\":\"https:\/\/www.wzdluzdrogi.pl\/#\/schema\/person\/74e57cccc529edf05c11ceaff979bf00\"},\"breadcrumb\":{\"@id\":\"https:\/\/www.wzdluzdrogi.pl\/index.php\/2024\/07\/11\/przewodnik-po-valletcie-odkryj-uroki-stolicy-malty\/#breadcrumb\"},\"inLanguage\":\"pl-PL\",\"potentialAction\":[{\"@type\":\"ReadAction\",\"target\":[\"https:\/\/www.wzdluzdrogi.pl\/index.php\/2024\/07\/11\/przewodnik-po-valletcie-odkryj-uroki-stolicy-malty\/\"]}]},{\"@type\":\"ImageObject\",\"inLanguage\":\"pl-PL\",\"@id\":\"https:\/\/www.wzdluzdrogi.pl\/index.php\/2024\/07\/11\/przewodnik-po-valletcie-odkryj-uroki-stolicy-malty\/#primaryimage\",\"url\":\"https:\/\/www.wzdluzdrogi.pl\/wp-content\/uploads\/2023\/02\/MG_2736.jpg\",\"contentUrl\":\"https:\/\/www.wzdluzdrogi.pl\/wp-content\/uploads\/2023\/02\/MG_2736.jpg\",\"width\":1067,\"height\":1600,\"caption\":\"valletta na malcie - malta\"},{\"@type\":\"BreadcrumbList\",\"@id\":\"https:\/\/www.wzdluzdrogi.pl\/index.php\/2024\/07\/11\/przewodnik-po-valletcie-odkryj-uroki-stolicy-malty\/#breadcrumb\",\"itemListElement\":[{\"@type\":\"ListItem\",\"position\":1,\"name\":\"Strona g\u0142\u00f3wna\",\"item\":\"https:\/\/www.wzdluzdrogi.pl\/\"},{\"@type\":\"ListItem\",\"position\":2,\"name\":\"Przewodnik po Valletcie. Odkryj uroki stolicy Malty\"}]},{\"@type\":\"WebSite\",\"@id\":\"https:\/\/www.wzdluzdrogi.pl\/#website\",\"url\":\"https:\/\/www.wzdluzdrogi.pl\/\",\"name\":\"Wzd\u0142u\u017c Drogi\",\"description\":\"Podr\u00f3\u017ce w rytmie slow\",\"potentialAction\":[{\"@type\":\"SearchAction\",\"target\":{\"@type\":\"EntryPoint\",\"urlTemplate\":\"https:\/\/www.wzdluzdrogi.pl\/?s={search_term_string}\"},\"query-input\":{\"@type\":\"PropertyValueSpecification\",\"valueRequired\":true,\"valueName\":\"search_term_string\"}}],\"inLanguage\":\"pl-PL\"},{\"@type\":\"Person\",\"@id\":\"https:\/\/www.wzdluzdrogi.pl\/#\/schema\/person\/74e57cccc529edf05c11ceaff979bf00\",\"name\":\"Wzdluzdrogi\",\"image\":{\"@type\":\"ImageObject\",\"inLanguage\":\"pl-PL\",\"@id\":\"https:\/\/www.wzdluzdrogi.pl\/#\/schema\/person\/image\/\",\"url\":\"https:\/\/secure.gravatar.com\/avatar\/5338c7b0ffcf3c9b5c99db5ffd459d84?s=96&d=mm&r=g\",\"contentUrl\":\"https:\/\/secure.gravatar.com\/avatar\/5338c7b0ffcf3c9b5c99db5ffd459d84?s=96&d=mm&r=g\",\"caption\":\"Wzdluzdrogi\"},\"sameAs\":[\"http:\/\/www.wzdluzdrogi.pl\"],\"url\":\"https:\/\/www.wzdluzdrogi.pl\/index.php\/author\/wzdluzdrogi\/\"}]}<\/script>\n<!-- \/ Yoast SEO plugin. -->","yoast_head_json":{"title":"Przewodnik po Valletcie. Odkryj uroki stolicy Malty - Wzd\u0142u\u017c Drogi","robots":{"index":"index","follow":"follow","max-snippet":"max-snippet:-1","max-image-preview":"max-image-preview:large","max-video-preview":"max-video-preview:-1"},"canonical":"https:\/\/www.wzdluzdrogi.pl\/index.php\/2024\/07\/11\/przewodnik-po-valletcie-odkryj-uroki-stolicy-malty\/","og_locale":"pl_PL","og_type":"article","og_title":"Przewodnik po Valletcie. Odkryj uroki stolicy Malty - Wzd\u0142u\u017c Drogi","og_description":"Valletta to przepi\u0119kna stolica Malty. Uwa\u017camy, \u017ce jest to jedna z najbardziej wyj\u0105tkowych stolic w Europie, cho\u0107 oczywi\u015bcie mo\u017cecie mie\u0107 inne zdanie. W tym kr\u00f3tkim przewodniku znajdziecie wszystkie najwa\u017cniejsze informacje oraz nasze opinie i powody, dla kt\u00f3rych Valletta zapisa\u0142a si\u0119 w naszych wspomnieniach tak pozytywnie. Historia Valletty Miasto zosta\u0142o za\u0142o\u017cone w 1566 roku przez Wielkiego &hellip;","og_url":"https:\/\/www.wzdluzdrogi.pl\/index.php\/2024\/07\/11\/przewodnik-po-valletcie-odkryj-uroki-stolicy-malty\/","og_site_name":"Wzd\u0142u\u017c Drogi","article_published_time":"2024-07-11T18:52:47+00:00","article_modified_time":"2024-07-12T17:37:10+00:00","og_image":[{"width":1286,"height":1929,"url":"https:\/\/www.wzdluzdrogi.pl\/wp-content\/uploads\/2023\/02\/MG_2736.jpg","type":"image\/jpeg"}],"author":"Wzdluzdrogi","twitter_card":"summary_large_image","twitter_misc":{"Napisane przez":"Wzdluzdrogi","Szacowany czas czytania":"17 minut"},"schema":{"@context":"https:\/\/schema.org","@graph":[{"@type":"WebPage","@id":"https:\/\/www.wzdluzdrogi.pl\/index.php\/2024\/07\/11\/przewodnik-po-valletcie-odkryj-uroki-stolicy-malty\/","url":"https:\/\/www.wzdluzdrogi.pl\/index.php\/2024\/07\/11\/przewodnik-po-valletcie-odkryj-uroki-stolicy-malty\/","name":"Przewodnik po Valletcie. Odkryj uroki stolicy Malty - Wzd\u0142u\u017c Drogi","isPartOf":{"@id":"https:\/\/www.wzdluzdrogi.pl\/#website"},"primaryImageOfPage":{"@id":"https:\/\/www.wzdluzdrogi.pl\/index.php\/2024\/07\/11\/przewodnik-po-valletcie-odkryj-uroki-stolicy-malty\/#primaryimage"},"image":{"@id":"https:\/\/www.wzdluzdrogi.pl\/index.php\/2024\/07\/11\/przewodnik-po-valletcie-odkryj-uroki-stolicy-malty\/#primaryimage"},"thumbnailUrl":"https:\/\/www.wzdluzdrogi.pl\/wp-content\/uploads\/2023\/02\/MG_2736.jpg","datePublished":"2024-07-11T18:52:47+00:00","dateModified":"2024-07-12T17:37:10+00:00","author":{"@id":"https:\/\/www.wzdluzdrogi.pl\/#\/schema\/person\/74e57cccc529edf05c11ceaff979bf00"},"breadcrumb":{"@id":"https:\/\/www.wzdluzdrogi.pl\/index.php\/2024\/07\/11\/przewodnik-po-valletcie-odkryj-uroki-stolicy-malty\/#breadcrumb"},"inLanguage":"pl-PL","potentialAction":[{"@type":"ReadAction","target":["https:\/\/www.wzdluzdrogi.pl\/index.php\/2024\/07\/11\/przewodnik-po-valletcie-odkryj-uroki-stolicy-malty\/"]}]},{"@type":"ImageObject","inLanguage":"pl-PL","@id":"https:\/\/www.wzdluzdrogi.pl\/index.php\/2024\/07\/11\/przewodnik-po-valletcie-odkryj-uroki-stolicy-malty\/#primaryimage","url":"https:\/\/www.wzdluzdrogi.pl\/wp-content\/uploads\/2023\/02\/MG_2736.jpg","contentUrl":"https:\/\/www.wzdluzdrogi.pl\/wp-content\/uploads\/2023\/02\/MG_2736.jpg","width":1067,"height":1600,"caption":"valletta na malcie - malta"},{"@type":"BreadcrumbList","@id":"https:\/\/www.wzdluzdrogi.pl\/index.php\/2024\/07\/11\/przewodnik-po-valletcie-odkryj-uroki-stolicy-malty\/#breadcrumb","itemListElement":[{"@type":"ListItem","position":1,"name":"Strona g\u0142\u00f3wna","item":"https:\/\/www.wzdluzdrogi.pl\/"},{"@type":"ListItem","position":2,"name":"Przewodnik po Valletcie. Odkryj uroki stolicy Malty"}]},{"@type":"WebSite","@id":"https:\/\/www.wzdluzdrogi.pl\/#website","url":"https:\/\/www.wzdluzdrogi.pl\/","name":"Wzd\u0142u\u017c Drogi","description":"Podr\u00f3\u017ce w rytmie slow","potentialAction":[{"@type":"SearchAction","target":{"@type":"EntryPoint","urlTemplate":"https:\/\/www.wzdluzdrogi.pl\/?s={search_term_string}"},"query-input":{"@type":"PropertyValueSpecification","valueRequired":true,"valueName":"search_term_string"}}],"inLanguage":"pl-PL"},{"@type":"Person","@id":"https:\/\/www.wzdluzdrogi.pl\/#\/schema\/person\/74e57cccc529edf05c11ceaff979bf00","name":"Wzdluzdrogi","image":{"@type":"ImageObject","inLanguage":"pl-PL","@id":"https:\/\/www.wzdluzdrogi.pl\/#\/schema\/person\/image\/","url":"https:\/\/secure.gravatar.com\/avatar\/5338c7b0ffcf3c9b5c99db5ffd459d84?s=96&d=mm&r=g","contentUrl":"https:\/\/secure.gravatar.com\/avatar\/5338c7b0ffcf3c9b5c99db5ffd459d84?s=96&d=mm&r=g","caption":"Wzdluzdrogi"},"sameAs":["http:\/\/www.wzdluzdrogi.pl"],"url":"https:\/\/www.wzdluzdrogi.pl\/index.php\/author\/wzdluzdrogi\/"}]}},"_links":{"self":[{"href":"https:\/\/www.wzdluzdrogi.pl\/index.php\/wp-json\/wp\/v2\/posts\/3317","targetHints":{"allow":["GET"]}}],"collection":[{"href":"https:\/\/www.wzdluzdrogi.pl\/index.php\/wp-json\/wp\/v2\/posts"}],"about":[{"href":"https:\/\/www.wzdluzdrogi.pl\/index.php\/wp-json\/wp\/v2\/types\/post"}],"author":[{"embeddable":true,"href":"https:\/\/www.wzdluzdrogi.pl\/index.php\/wp-json\/wp\/v2\/users\/1"}],"replies":[{"embeddable":true,"href":"https:\/\/www.wzdluzdrogi.pl\/index.php\/wp-json\/wp\/v2\/comments?post=3317"}],"version-history":[{"count":17,"href":"https:\/\/www.wzdluzdrogi.pl\/index.php\/wp-json\/wp\/v2\/posts\/3317\/revisions"}],"predecessor-version":[{"id":3448,"href":"https:\/\/www.wzdluzdrogi.pl\/index.php\/wp-json\/wp\/v2\/posts\/3317\/revisions\/3448"}],"wp:featuredmedia":[{"embeddable":true,"href":"https:\/\/www.wzdluzdrogi.pl\/index.php\/wp-json\/wp\/v2\/media\/2892"}],"wp:attachment":[{"href":"https:\/\/www.wzdluzdrogi.pl\/index.php\/wp-json\/wp\/v2\/media?parent=3317"}],"wp:term":[{"taxonomy":"category","embeddable":true,"href":"https:\/\/www.wzdluzdrogi.pl\/index.php\/wp-json\/wp\/v2\/categories?post=3317"},{"taxonomy":"post_tag","embeddable":true,"href":"https:\/\/www.wzdluzdrogi.pl\/index.php\/wp-json\/wp\/v2\/tags?post=3317"}],"curies":[{"name":"wp","href":"https:\/\/api.w.org\/{rel}","templated":true}]}}