{"id":38,"date":"2020-06-30T19:35:00","date_gmt":"2020-06-30T17:35:00","guid":{"rendered":"http:\/\/www.wzdluzdrogi.pl\/index.php\/2020\/06\/30\/przewodnik-po-soller-co-warto-zobaczyc\/"},"modified":"2022-09-02T17:43:45","modified_gmt":"2022-09-02T15:43:45","slug":"przewodnik-po-soller-co-warto-zobaczyc","status":"publish","type":"post","link":"https:\/\/www.wzdluzdrogi.pl\/index.php\/2020\/06\/30\/przewodnik-po-soller-co-warto-zobaczyc\/","title":{"rendered":"PRZEWODNIK PO S\u00d3LLER. CO WARTO ZOBACZY\u0106, GDZIE SPA\u0106"},"content":{"rendered":"<div style=\"text-align: justify;\"><b><b>S\u00f3ller to stare miasteczko pe\u0142ne tradycyjnych kamieniczek ze s\u0142ynnymi na Majorce zielonymi okiennicami i najsmaczniejszymi pod s\u0142o\u0144cem pomara\u0144czami, dojrzewaj\u0105cymi w okolicznych sadach. Przeczytaj nasz przewodnik po S\u00f3ller i poznaj zak\u0105tki tego cudownego miasteczka!<\/b><\/b><\/div>\n<div>&nbsp;<\/div>\n<div>&nbsp;<\/div>\n<div style=\"text-align: justify;\">S\u00f3ller, le\u017c\u0105ce na p\u00f3\u0142nocno-zachodnim wybrze\u017cy wyspy, to jedno z najcz\u0119\u015bciej odwiedzanych miejsc na Majorce. Mie\u015bci si\u0119 w pa\u015bmie g\u00f3r Tramuntana, a ich majestatyczny widok podziwiamy, jad\u0105c drog\u0105 MA 11.<\/div>\n<div>&nbsp;<\/div>\n<div id=\"ez-toc-container\" class=\"ez-toc-v2_0_82_2 counter-hierarchy ez-toc-counter ez-toc-light-blue ez-toc-container-direction\">\n<p class=\"ez-toc-title\" style=\"cursor:inherit\">Spis tre\u015bci<\/p>\n<label for=\"ez-toc-cssicon-toggle-item-69f16c48ce4ba\" class=\"ez-toc-cssicon-toggle-label\"><span class=\"\"><span class=\"eztoc-hide\" style=\"display:none;\">Toggle<\/span><span class=\"ez-toc-icon-toggle-span\"><svg style=\"fill: #999;color:#999\" xmlns=\"http:\/\/www.w3.org\/2000\/svg\" class=\"list-377408\" width=\"20px\" height=\"20px\" viewBox=\"0 0 24 24\" fill=\"none\"><path d=\"M6 6H4v2h2V6zm14 0H8v2h12V6zM4 11h2v2H4v-2zm16 0H8v2h12v-2zM4 16h2v2H4v-2zm16 0H8v2h12v-2z\" fill=\"currentColor\"><\/path><\/svg><svg style=\"fill: #999;color:#999\" class=\"arrow-unsorted-368013\" xmlns=\"http:\/\/www.w3.org\/2000\/svg\" width=\"10px\" height=\"10px\" viewBox=\"0 0 24 24\" version=\"1.2\" baseProfile=\"tiny\"><path d=\"M18.2 9.3l-6.2-6.3-6.2 6.3c-.2.2-.3.4-.3.7s.1.5.3.7c.2.2.4.3.7.3h11c.3 0 .5-.1.7-.3.2-.2.3-.5.3-.7s-.1-.5-.3-.7zM5.8 14.7l6.2 6.3 6.2-6.3c.2-.2.3-.5.3-.7s-.1-.5-.3-.7c-.2-.2-.4-.3-.7-.3h-11c-.3 0-.5.1-.7.3-.2.2-.3.5-.3.7s.1.5.3.7z\"\/><\/svg><\/span><\/span><\/label><input type=\"checkbox\"  id=\"ez-toc-cssicon-toggle-item-69f16c48ce4ba\"  aria-label=\"Prze\u0142\u0105cznik\" \/><nav><ul class='ez-toc-list ez-toc-list-level-1 ' ><li class='ez-toc-page-1 ez-toc-heading-level-2'><a class=\"ez-toc-link ez-toc-heading-1\" href=\"https:\/\/www.wzdluzdrogi.pl\/index.php\/2020\/06\/30\/przewodnik-po-soller-co-warto-zobaczyc\/#TROCHE_O_HISTORII\" >TROCH\u0118 O HISTORII&nbsp;<\/a><\/li><li class='ez-toc-page-1 ez-toc-heading-level-2'><a class=\"ez-toc-link ez-toc-heading-2\" href=\"https:\/\/www.wzdluzdrogi.pl\/index.php\/2020\/06\/30\/przewodnik-po-soller-co-warto-zobaczyc\/#PRZEWODNIK_PO_SOLLER_CO_WARTO_ZOBACZYC_W_SOLLER\" >PRZEWODNIK PO S\u00d3LLER | CO WARTO ZOBACZY\u0106 W S\u00d3LLER<\/a><ul class='ez-toc-list-level-3' ><li class='ez-toc-heading-level-3'><a class=\"ez-toc-link ez-toc-heading-3\" href=\"https:\/\/www.wzdluzdrogi.pl\/index.php\/2020\/06\/30\/przewodnik-po-soller-co-warto-zobaczyc\/#PLACA_DE_LA_CONSTITUCIO\" >PLACA DE LA CONSTITUCI\u00d3<\/a><\/li><li class='ez-toc-page-1 ez-toc-heading-level-3'><a class=\"ez-toc-link ez-toc-heading-4\" href=\"https:\/\/www.wzdluzdrogi.pl\/index.php\/2020\/06\/30\/przewodnik-po-soller-co-warto-zobaczyc\/#TRANVIA_DE_SOLLER\" >TRANVIA DE S\u00d3LLER<\/a><\/li><li class='ez-toc-page-1 ez-toc-heading-level-3'><a class=\"ez-toc-link ez-toc-heading-5\" href=\"https:\/\/www.wzdluzdrogi.pl\/index.php\/2020\/06\/30\/przewodnik-po-soller-co-warto-zobaczyc\/#IGLESIA_DE_SANT_BARTOMEU\" >IGLESIA DE SANT BARTOMEU<\/a><\/li><li class='ez-toc-page-1 ez-toc-heading-level-3'><a class=\"ez-toc-link ez-toc-heading-6\" href=\"https:\/\/www.wzdluzdrogi.pl\/index.php\/2020\/06\/30\/przewodnik-po-soller-co-warto-zobaczyc\/#BANCO_DE_SOLLER\" >BANCO DE S\u00d3LLER<\/a><\/li><li class='ez-toc-page-1 ez-toc-heading-level-3'><a class=\"ez-toc-link ez-toc-heading-7\" href=\"https:\/\/www.wzdluzdrogi.pl\/index.php\/2020\/06\/30\/przewodnik-po-soller-co-warto-zobaczyc\/#CAN_PRUNERA\" >CAN PRUNERA<\/a><\/li><li class='ez-toc-page-1 ez-toc-heading-level-3'><a class=\"ez-toc-link ez-toc-heading-8\" href=\"https:\/\/www.wzdluzdrogi.pl\/index.php\/2020\/06\/30\/przewodnik-po-soller-co-warto-zobaczyc\/#ECOVINYASSA\" >ECOVINYASSA<\/a><\/li><li class='ez-toc-page-1 ez-toc-heading-level-3'><a class=\"ez-toc-link ez-toc-heading-9\" href=\"https:\/\/www.wzdluzdrogi.pl\/index.php\/2020\/06\/30\/przewodnik-po-soller-co-warto-zobaczyc\/#SA_CAPELLETA_SANTA_MARIA_DE_LOLIVAR\" >SA CAPELLETA SANTA MARIA DE L&#8217;OLIVAR<\/a><\/li><li class='ez-toc-page-1 ez-toc-heading-level-3'><a class=\"ez-toc-link ez-toc-heading-10\" href=\"https:\/\/www.wzdluzdrogi.pl\/index.php\/2020\/06\/30\/przewodnik-po-soller-co-warto-zobaczyc\/#MIRADOR_DE_PUJOL_DEN_BANYA\" >MIRADOR DE PUJOL D&#8217;EN BANYA<\/a><\/li><li class='ez-toc-page-1 ez-toc-heading-level-3'><a class=\"ez-toc-link ez-toc-heading-11\" href=\"https:\/\/www.wzdluzdrogi.pl\/index.php\/2020\/06\/30\/przewodnik-po-soller-co-warto-zobaczyc\/#JARDI_BOTANIC_DE_SOLLER\" >JARDI BOTANIC DE S\u00d3LLER<\/a><\/li><li class='ez-toc-page-1 ez-toc-heading-level-3'><a class=\"ez-toc-link ez-toc-heading-12\" href=\"https:\/\/www.wzdluzdrogi.pl\/index.php\/2020\/06\/30\/przewodnik-po-soller-co-warto-zobaczyc\/#PORT_DE_SOLLER\" >PORT DE S\u00d3LLER<\/a><\/li><\/ul><\/li><li class='ez-toc-page-1 ez-toc-heading-level-2'><a class=\"ez-toc-link ez-toc-heading-13\" href=\"https:\/\/www.wzdluzdrogi.pl\/index.php\/2020\/06\/30\/przewodnik-po-soller-co-warto-zobaczyc\/#PRZEWODNIK_PO_SOLLER_KIEDY_JECHAC_DO_SOLLER\" >PRZEWODNIK PO S\u00d3LLER | KIEDY JECHA\u0106 DO S\u00d3LLER<\/a><ul class='ez-toc-list-level-3' ><li class='ez-toc-heading-level-3'><a class=\"ez-toc-link ez-toc-heading-14\" href=\"https:\/\/www.wzdluzdrogi.pl\/index.php\/2020\/06\/30\/przewodnik-po-soller-co-warto-zobaczyc\/#ES_FIRO_SOLLER\" >ES FIRO S\u00d3LLER<\/a><\/li><li class='ez-toc-page-1 ez-toc-heading-level-3'><a class=\"ez-toc-link ez-toc-heading-15\" href=\"https:\/\/www.wzdluzdrogi.pl\/index.php\/2020\/06\/30\/przewodnik-po-soller-co-warto-zobaczyc\/#FIESTA_DE_SAN_BARTOLOME_DE_SOLLER\" >FIESTA DE SAN BARTOLOME DE S\u00d3LLER<\/a><\/li><\/ul><\/li><li class='ez-toc-page-1 ez-toc-heading-level-2'><a class=\"ez-toc-link ez-toc-heading-16\" href=\"https:\/\/www.wzdluzdrogi.pl\/index.php\/2020\/06\/30\/przewodnik-po-soller-co-warto-zobaczyc\/#JAK_DOJECHAC_DO_SOLLER\" >JAK DOJECHA\u0106 DO S\u00d3LLER<\/a><\/li><li class='ez-toc-page-1 ez-toc-heading-level-2'><a class=\"ez-toc-link ez-toc-heading-17\" href=\"https:\/\/www.wzdluzdrogi.pl\/index.php\/2020\/06\/30\/przewodnik-po-soller-co-warto-zobaczyc\/#GDZIE_SPAC_W_SOLLER\" >GDZIE SPA\u0106 W S\u00d3LLER<\/a><\/li><\/ul><\/nav><\/div>\n<h2><span class=\"ez-toc-section\" id=\"TROCHE_O_HISTORII\"><\/span>TROCH\u0118 O HISTORII&nbsp;<span class=\"ez-toc-section-end\"><\/span><\/h2>\n<div>&nbsp;<\/div>\n<div style=\"text-align: justify;\">Kiedy\u015b miasto nie by\u0142o tak \u0142atwo dost\u0119pne, jak jest dzisiaj. Droga prowadz\u0105ca przez g\u00f3ry jest dosy\u0107 niekomfortowa, w\u0105ska i stroma. Kiedy\u015b te\u017c nie by\u0142o tor\u00f3w i nie kursowa\u0142 poci\u0105g z Palmy do S\u00f3ller. Trasa kolejowa powsta\u0142a na pocz\u0105tku 1900 roku i to dzi\u0119ki niej S\u00f3ller otwar\u0142o si\u0119 na handel. Tunel, wij\u0105cy si\u0119 dos\u0142ownie wewn\u0105trz g\u00f3r, z kt\u00f3rego korzystamy, \u017ceby dosta\u0107 si\u0119 do miasta, zosta\u0142 otwarty dopiero w 1997 roku, a od kilku lat przejazd nim jest bezp\u0142atny.<p><\/p>\n<\/div>\n<div style=\"text-align: justify;\">Niestety wiele du\u017cych aut dostawczych nadal musi korzysta\u0107 z drogi prowadz\u0105cej w g\u00f3rach.<p><\/p>\n<\/div>\n<div style=\"text-align: justify;\">Przejazd tunelem jest \u015bwietnym prze\u017cyciem \u2013 szczeg\u00f3lnie na skuterach. Droga wydr\u0105\u017cona w g\u00f3rach jest tak d\u0142uga, \u017ce przez chwil\u0119 nie wida\u0107 nawet \u015bwiate\u0142ka w tunelu. Po wyje\u017adzie z niego droga jeszcze chwil\u0119 wije si\u0119 w g\u00f3rach, a\u017c wkr\u00f3tce w\u015br\u00f3d g\u0119stwiny zieleni dostrzegamy ukryte Majorka\u0144skie domki.<p><\/p>\n<\/div>\n<div style=\"text-align: justify;\">Coraz bardziej marz\u0119, \u017ceby mie\u0107 taki jeden na w\u0142asno\u015b\u0107. W takiej okolicy, nieopodal sad\u00f3w cytrus\u00f3w, z kt\u00f3rego S\u00f3ller s\u0142ynie.<p><\/p>\n<\/div>\n<div style=\"text-align: justify;\">Chwilk\u0119 p\u00f3\u017aniej znak przy wje\u017adzie do miasta informuje nas, \u017ce jeste\u015bmy na miejscu.<p><\/p>\n<\/div>\n<div style=\"text-align: justify;\">&nbsp;<\/div>\n<table class=\"tr-caption-container\" style=\"margin-left: auto; margin-right: auto; text-align: center;\" cellspacing=\"0\" cellpadding=\"0\" align=\"center\">\n<tbody>\n<tr>\n<td style=\"text-align: center;\"><img decoding=\"async\" class=\"aligncenter lazyload\" data-src=\"https:\/\/1.bp.blogspot.com\/-dwEQsd-_c6w\/XvOsN8XzmjI\/AAAAAAAAJ2A\/pdAQT-nI190ihKv2JnvbnicikhY1dQ3iwCPcBGAYYCw\/s1600\/jak%2Bdojecha%25C4%2587%2Bdo%2Bs%25C3%25B3ller%252C%2Bdroga%2Bdo%2Bs%25C3%25B3ller%252C%2Bgory%2Bmajorka.jpg\" border=\"0\" data-original-height=\"827\" data-original-width=\"1600\" src=\"data:image\/svg+xml;base64,PHN2ZyB3aWR0aD0iMSIgaGVpZ2h0PSIxIiB4bWxucz0iaHR0cDovL3d3dy53My5vcmcvMjAwMC9zdmciPjwvc3ZnPg==\"><\/td>\n<\/tr>\n<tr>\n<td class=\"tr-caption\" style=\"text-align: center;\">Droga w g\u00f3rach do S\u00f3ller. Po wyjechaniu z tunelu.<\/td>\n<\/tr>\n<\/tbody>\n<\/table>\n<div style=\"text-align: justify;\">&nbsp;<\/div>\n<div style=\"text-align: justify;\">&nbsp;<\/div>\n<h2><span class=\"ez-toc-section\" id=\"PRZEWODNIK_PO_SOLLER_CO_WARTO_ZOBACZYC_W_SOLLER\"><\/span>PRZEWODNIK PO S\u00d3LLER | CO WARTO ZOBACZY\u0106 W S\u00d3LLER<span class=\"ez-toc-section-end\"><\/span><\/h2>\n<div style=\"text-align: justify;\">S\u00f3ller jest ma\u0142ym miasteczkiem, wi\u0119c nie ma sensu korzysta\u0107 w nim ze skuter\u00f3w, a co gorsza z aut &#8211; je\u017celi w\u0142a\u015bnie nimi zwiedzamy wysp\u0119. <b><b>Uliczki s\u0105 ciasne, cz\u0119sto jednokierunkowe, wi\u0119c je\u017cd\u017cenie po S\u00f3ller wcale nie jest przyjemne.<\/b><\/b><p><\/p>\n<\/div>\n<div style=\"text-align: justify;\">Zatrzymujemy si\u0119 wi\u0119c na pierwszym lepszym parkingu dla motor\u00f3w i staramy si\u0119 czym pr\u0119dzej przenikn\u0105\u0107 w atmosfer\u0119 tego miasta, znikaj\u0105c w pierwszej, cia\u015bniejszej uliczce, w kt\u00f3rej nie wida\u0107 turyst\u00f3w. S\u00f3ller, jak i ca\u0142\u0105 Majork\u0119, najlepiej si\u0119 zwiedza, gubi\u0105c si\u0119 w niej \u2013 w\u0142a\u015bciwie to nasz patent na zwiedzanie jakiegokolwiek miasta.<p><\/p>\n<\/div>\n<div style=\"text-align: justify;\">Nasz przepis na zwiedzanie ju\u017c znacie, ale nie po to czyta si\u0119 przewodniki, aby dowiedzie\u0107 si\u0119, \u017ce cz\u0142owiek musi wej\u015b\u0107 w pierwsz\u0105 lepsz\u0105 uliczk\u0119 i po prostu ni\u0105 pod\u0105\u017ca\u0107, prawda?<p><\/p>\n<\/div>\n<div style=\"text-align: justify;\">Zacznijmy wi\u0119c nasze zwiedzanie na placu g\u0142\u00f3wnym, czyli Pla\u00e7a de la Constituci\u00f3, kt\u00f3ry znajduje si\u0119 2 minut drogi od peronu g\u0142\u00f3wnego kolei z Palmy.<\/div>\n<div style=\"text-align: justify;\">&nbsp;<\/div>\n<div style=\"text-align: justify;\">&nbsp;<\/div>\n<p><iframe style=\"border: 0;\" tabindex=\"0\" data-src=\"https:\/\/www.google.com\/maps\/embed?pb=!1m18!1m12!1m3!1d24530.86009958093!2d2.7020036220441694!3d39.776531519544385!2m3!1f0!2f0!3f0!3m2!1i1024!2i768!4f13.1!3m3!1m2!1s0x1297e8bf0f60ed33%3A0xb0011fe8275e422e!2s07100%20S%C3%B3ller%2C%20Baleary%2C%20Hiszpania!5e0!3m2!1spl!2sdk!4v1593028794993!5m2!1spl!2sdk\" width=\"600\" height=\"450\" frameborder=\"0\" allowfullscreen=\"allowfullscreen\" aria-hidden=\"false\" src=\"data:image\/svg+xml;base64,PHN2ZyB3aWR0aD0iMSIgaGVpZ2h0PSIxIiB4bWxucz0iaHR0cDovL3d3dy53My5vcmcvMjAwMC9zdmciPjwvc3ZnPg==\" class=\"lazyload\" data-load-mode=\"1\"><\/iframe><\/p>\n<div style=\"text-align: justify;\">&nbsp;<\/div>\n<h3 style=\"text-align: justify;\"><span class=\"ez-toc-section\" id=\"PLACA_DE_LA_CONSTITUCIO\"><\/span><span style=\"font-size: x-large;\">PLACA DE LA CONSTITUCI\u00d3<\/span><span class=\"ez-toc-section-end\"><\/span><\/h3>\n<div style=\"text-align: justify;\">Pi\u0119kny plac g\u0142\u00f3wny wype\u0142niony jest stoliczkami i krzes\u0142ami kawiarnianymi. Najwi\u0119cej turyst\u00f3w znajdziecie w\u0142a\u015bnie tutaj, tym bardziej \u017ce nieopodal swoj\u0105 stacj\u0119 ma tramwaj do Port de S\u00f3ller, kt\u00f3ry przeje\u017cd\u017ca tu\u017c ko\u0142o placu. Je\u017adzi wolno, poza tym jest elektryczny, nie ma wi\u0119c co si\u0119 martwi\u0107 o ha\u0142as.<p><\/p>\n<\/div>\n<h3 style=\"text-align: justify;\"><span class=\"ez-toc-section\" id=\"TRANVIA_DE_SOLLER\"><\/span><span style=\"font-size: x-large;\">TRANVIA DE S\u00d3LLER<\/span><span class=\"ez-toc-section-end\"><\/span><\/h3>\n<div style=\"text-align: justify;\">Sam tramwaj jest atrakcj\u0105 sam\u0105 w sobie. Linia pierwszego elektrycznego tramwaju powsta\u0142a ju\u017c w 1913 roku i od tego czasu je\u017adzi mi\u0119dzy S\u00f3ller a jego portem (Port de S\u00f3ller) oddalonym o kilka kilometr\u00f3w. Kiedy\u015b tramwajem nie tylko przewo\u017cono pasa\u017cer\u00f3w, ale r\u00f3wnie\u017c towar. \u015awie\u017ce ryby wo\u017cono z portu do miasta, a w\u0119giel ze S\u00f3ller do bazy wojskowej w porcie.<p><\/p>\n<\/div>\n<h3 style=\"text-align: justify;\"><span class=\"ez-toc-section\" id=\"IGLESIA_DE_SANT_BARTOMEU\"><\/span><span style=\"font-size: x-large;\">IGLESIA DE SANT BARTOMEU<\/span><span class=\"ez-toc-section-end\"><\/span><\/h3>\n<div style=\"text-align: justify;\">Z placu te\u017c podziwia\u0107 mo\u017cemy ko\u015bci\u00f3\u0142 \u015bw. Bart\u0142omieja, kt\u00f3ry jest najbardziej charakterystycznym budynkiem w miasteczku. Jest pi\u0119kny. Jasny kamie\u0144, bogate zdobienie. Osobi\u015bcie, przypomina mi katedr\u0119 Notre Dame. Nie znam si\u0119 bardzo na architekturze, ale go\u0142ym okiem wida\u0107 gotyckie detale na fasadzie ko\u015bcio\u0142a. Ta zosta\u0142a zaprojektowana w 1904 roku przez Joana Rubi\u00f3, kt\u00f3ry by\u0142 uczniem Antoni\u2019ego Gaud\u00ed i wsp\u00f3\u0142pracowa\u0142 z nim mi\u0119dzy innymi przy tworzeniu Sagrada Fam\u00edlia w Barcelonie.<p><\/p>\n<\/div>\n<h3 style=\"text-align: justify;\"><span class=\"ez-toc-section\" id=\"BANCO_DE_SOLLER\"><\/span><span style=\"font-size: x-large;\">BANCO DE S\u00d3LLER<\/span><span class=\"ez-toc-section-end\"><\/span><\/h3>\n<div style=\"text-align: justify;\">Stoj\u0105c przed wej\u015bciem g\u0142\u00f3wnym do ko\u015bcio\u0142a, warto r\u00f3wnie\u017c zerkn\u0105\u0107 w lewo, \u017ceby dostrzec r\u00f3wnie\u017c ciekawy architektonicznie budynek. Jest to Banco de S\u00f3ller. Budynek zosta\u0142 zaprojektowany przez tego samego artyst\u0119, czyli przez Joana Rubi\u00f3. Teraz nale\u017cy do jednej ze znanych firm bankowych.<p><\/p>\n<\/div>\n<h3 style=\"text-align: justify;\"><span class=\"ez-toc-section\" id=\"CAN_PRUNERA\"><\/span><span style=\"font-size: x-large;\">CAN PRUNERA<\/span><span class=\"ez-toc-section-end\"><\/span><\/h3>\n<div style=\"text-align: justify;\">Cztery minuty spacerkiem od Pla\u00e7a de la Constituci\u00f3 mamy Can Prunera, czyli muzeum modernizmu. Jest to jedno z muze\u00f3w w S\u00f3ller, do kt\u00f3rego naprawd\u0119 warto si\u0119 wybra\u0107. Sama fasada budynku jest cudowna i utrzymana w \u201emajorka\u0144skim\u201d stylu. W okresie letnim muzeum otwarte jest codziennie, a bilet wst\u0119pu kosztuje 5 Euro.<p><\/p>\n<\/div>\n<h3 style=\"text-align: justify;\"><span class=\"ez-toc-section\" id=\"ECOVINYASSA\"><\/span><span style=\"font-size: x-large;\">ECOVINYASSA<\/span><span class=\"ez-toc-section-end\"><\/span><\/h3>\n<div style=\"text-align: justify;\">Je\u017celi chcemy zrobi\u0107 sobie d\u0142ugi spacer, to warto odwiedzi\u0107 Ecovinyassa, sad pomara\u0144czy i cytryn. Pieszo od muzeum Can Prunera idzie si\u0119 tam oko\u0142o 10 minut, ale my osobi\u015bcie polecamy dosta\u0107 si\u0119 tam skuterem albo rowerem (wypo\u017cyczalnia rower\u00f3w znajduje si\u0119 w S\u00f3ller). Wej\u015bcie na teren sad\u00f3w kosztuje 12 euro (dzieci 6 euro). W cenie jest przek\u0105ska oraz sok ze \u015bwie\u017co wyciskanych owoc\u00f3w.<p><\/p>\n<\/div>\n<div style=\"text-align: justify;\">Pomara\u0144cze z S\u00f3ller podobno s\u0105 najlepszymi na Majorce. Oczywi\u015bcie i my b\u0119d\u0105c w mie\u015bcie, musieli\u015bmy si\u0119 o tym przekona\u0107. Rzeczywi\u015bcie mikroklimat i dni pe\u0142ne s\u0142o\u0144ca sprawiaj\u0105, \u017ce pomara\u0144cza kupione na targu w S\u00f3ller s\u0105 bardzo s\u0142odkie.<\/div>\n<div style=\"text-align: justify;\">&nbsp;<\/div>\n<blockquote class=\"tr_bq\" style=\"text-align: justify;\">\n<p>Polecamy r\u00f3wnie\u017c granity cytrynowe. Jedne z najlepszych, jakie pili\u015bmy w \u017cyciu. I to na dodatek podawane z cukrow\u0105, rozpuszczaln\u0105 s\u0142omk\u0105!<\/p>\n<\/blockquote>\n<div style=\"text-align: justify;\">&nbsp;<\/div>\n<table class=\"tr-caption-container\" style=\"margin-left: auto; margin-right: auto; text-align: center;\" cellspacing=\"0\" cellpadding=\"0\" align=\"center\">\n<tbody>\n<tr>\n<td style=\"text-align: center;\"><img decoding=\"async\" data-src=\"https:\/\/1.bp.blogspot.com\/-DXGZghul6qE\/XvOsRVHTFVI\/AAAAAAAAJ2E\/oWdcFjuXbDIzYG-o_iz5kn1Zop8ft-VKgCPcBGAYYCw\/s1600\/przewodnik%2Bpo%2Bs%25C3%25B3ller%252C%2Bprzewodnik%2Bpo%2Bmiastach%2Bmajorki.jpg\" border=\"0\" data-original-height=\"776\" data-original-width=\"1600\" src=\"data:image\/svg+xml;base64,PHN2ZyB3aWR0aD0iMSIgaGVpZ2h0PSIxIiB4bWxucz0iaHR0cDovL3d3dy53My5vcmcvMjAwMC9zdmciPjwvc3ZnPg==\" class=\"lazyload\"><\/td>\n<\/tr>\n<tr>\n<td class=\"tr-caption\" style=\"text-align: center;\">Najlepsza granita jak\u0105 pili\u015bmy w \u017cyciu. Z pysznych cytrus\u00f3w.<\/td>\n<\/tr>\n<\/tbody>\n<\/table>\n<div style=\"text-align: justify;\">&nbsp;<\/div>\n<div class=\"separator\" style=\"clear: both; text-align: center;\"><img fetchpriority=\"high\" decoding=\"async\" class=\"alignnone\" src=\"https:\/\/1.bp.blogspot.com\/-udM-yeGTWJs\/XvOsK9z81bI\/AAAAAAAAJ2A\/5GeyiBS-124tToBltvcROxkj4BDs2B5_wCPcBGAYYCw\/s1600\/_MG_3904.jpg\" alt=\"Miasteczko S\u00f3ller\" width=\"1600\" height=\"1066\" border=\"0\" data-original-height=\"1067\" data-original-width=\"1600\"><\/div>\n<div style=\"text-align: justify;\">&nbsp;<\/div>\n<h3 style=\"text-align: left;\"><span class=\"ez-toc-section\" id=\"SA_CAPELLETA_SANTA_MARIA_DE_LOLIVAR\"><\/span><span style=\"font-size: x-large;\">SA CAPELLETA SANTA MARIA DE L&#8217;OLIVAR<\/span><span class=\"ez-toc-section-end\"><\/span><\/h3>\n<div style=\"text-align: justify;\">Zwiedzaj\u0105c S\u00f3ller od wschodniej strony, warto zastanowi\u0107 si\u0119 nad piesz\u0105 wycieczk\u0105 do Sa Capelleta Santa Maria de l\u2019Olivar. Jest to malutki ko\u015bci\u00f3\u0142ek, trzy kilometry od S\u00f3ller. Ma niezwyk\u0142\u0105 i wyj\u0105tkow\u0105 architektur\u0119 niepodobn\u0105 do \u017cadnych innych ko\u015bcio\u0142\u00f3w w pobli\u017cu. Droga ci\u0105gnie si\u0119 slalomem w\u015br\u00f3d drzew, dlatego te\u017c lepiej wybra\u0107 ch\u0142odniejszy dzie\u0144 na t\u0119 w\u0119dr\u00f3wk\u0119. Albo zdecydowa\u0107 si\u0119, dojecha\u0107 do tego miejsca autem od drugiej strony, drog\u0105 MA-10.<p><\/p>\n<\/div>\n<h3 style=\"text-align: justify;\"><span class=\"ez-toc-section\" id=\"MIRADOR_DE_PUJOL_DEN_BANYA\"><\/span><span style=\"font-size: x-large;\">MIRADOR DE PUJOL D&#8217;EN BANYA<\/span><span class=\"ez-toc-section-end\"><\/span><\/h3>\n<div style=\"text-align: justify;\">Kontynuuj\u0105c nasz\u0105 w\u0119dr\u00f3wk\u0119, sp\u00f3jrzmy po raz kolejny na plac g\u0142\u00f3wny w S\u00f3ller. St\u0105d, pod\u0105\u017caj\u0105c na zach\u00f3d, w drug\u0105 stron\u0119, mo\u017cemy doj\u015b\u0107 do Mirador del Pujol d&#8217;en Banya. Miejsca widokowego, z kt\u00f3rego rozpo\u015bciera si\u0119 przepi\u0119kny widok na dolin\u0119, w kt\u00f3rej znajduje si\u0119 S\u00f3ller. Jad\u0105c do miasta poci\u0105giem, najprawdopodobniej zatrzymasz si\u0119 tam tu\u017c przed stacj\u0105 ko\u0144cow\u0105.<p><\/p>\n<\/div>\n<h3 style=\"text-align: justify;\"><span class=\"ez-toc-section\" id=\"JARDI_BOTANIC_DE_SOLLER\"><\/span><span style=\"font-size: x-large;\">JARDI BOTANIC DE S\u00d3LLER<\/span><span class=\"ez-toc-section-end\"><\/span><\/h3>\n<div style=\"text-align: justify;\">Kilometr wcze\u015bniej, jakby u podn\u00f3\u017cy punktu widokowego le\u017cy ogr\u00f3d botaniczny, Jardi botanic de S\u00f3ller. Maj\u0105c wi\u0119cej czasu albo chc\u0105c troch\u0119 odpocz\u0105\u0107, warto si\u0119 tam wybra\u0107 i poogl\u0105da\u0107 niecodzienne gatunki ro\u015blin lubi\u0105cych majorka\u0144ski klimat. Bilet wst\u0119py to koszt 8 Euro (dzieci do lat 6 za darmo).<\/div>\n<p><\/p>\n<blockquote class=\"tr_bq\" style=\"text-align: justify;\">\n<p>Po spacerze w S\u00f3ller szczeg\u00f3lnie warto wzi\u0105\u0107 pod uwag\u0119 przeja\u017cd\u017ck\u0119 do Biniaraix, malutkiego miasteczka z cudownym widokiem na g\u00f3ry, a p\u00f3\u017aniej do Fornalutx, kt\u00f3rego wr\u0119cz nie mo\u017cna przegapi\u0107! Serio! O <span style=\"color: #ff6600;\"><a style=\"color: #ff6600;\" href=\"http:\/\/www.wzdluzdrogi.pl\/index.php\/2020\/02\/19\/fornalutx-na-majorce\/\">Fornalutx pisali\u015bmy tutaj<\/a><\/span>!<\/p>\n<\/blockquote>\n<h3 style=\"text-align: justify;\"><span class=\"ez-toc-section\" id=\"PORT_DE_SOLLER\"><\/span><span style=\"font-size: x-large;\">PORT DE S\u00d3LLER<\/span><span class=\"ez-toc-section-end\"><\/span><\/h3>\n<div style=\"text-align: justify;\">Rzecz jasna, b\u0119d\u0105c w mie\u015bcie, nie mo\u017cna nie zwiedzi\u0107 r\u00f3wnie\u017c Port de S\u00f3ller. Dostaniemy si\u0119 do niego mi\u0119dzy innymi zabytkowym tramwajem, kt\u00f3ry swoj\u0105 stacj\u0119 ma tu\u017c obok g\u0142\u00f3wnego placu.<p><\/p>\n<\/div>\n<div style=\"text-align: justify;\">Port jest ju\u017c o wiele bardziej turystycznym miejscem ni\u017c centrum miasta. Liczne budynki stoj\u0105ce na zboczach g\u00f3r to hotele oferuj\u0105ce pobyty all Inclusive. Pla\u017ca w zatoczce w sezonie jest zaludniona, jak pla\u017ce nad Ba\u0142tykiem, a ceny w restauracjach nie zach\u0119caj\u0105 do pozostania w porcie na d\u0142u\u017cej.<p><\/p>\n<\/div>\n<blockquote class=\"tr_bq\" style=\"text-align: justify;\">\n<p>Tu te\u017c warto uwa\u017ca\u0107 na studzienki kanalizacyjne. Lubi\u0105 po\u0142yka\u0107 klucze od motelowych pokoi. O tym, jak ustrzec si\u0119 g\u0142odnych studzienek i jak w razie wypadku zbudowa\u0107 w\u0119dk\u0119 do \u0142owienia kluczy, pisali\u015bmy <a href=\"https:\/\/www.wzdluzdrogi.pl\/index.php\/2020\/03\/27\/naprawa-skutera-i-klucze-w-kanale-ulicznym-majorka-atrakcje\/\">tutaj<\/a>. \ud83d\ude09<\/p>\n<\/blockquote>\n<table class=\"tr-caption-container\" style=\"margin-left: auto; margin-right: auto; text-align: center;\" cellspacing=\"0\" cellpadding=\"0\" align=\"center\">\n<tbody>\n<tr>\n<td style=\"text-align: center;\"><img decoding=\"async\" data-src=\"https:\/\/1.bp.blogspot.com\/-uY-0zpXasJs\/XvOsRcsrw_I\/AAAAAAAAJ2A\/HvoWGGyl0b0YCUi53x6gnlXf8tr7WWZ6wCPcBGAYYCw\/s1600\/tramwaj%2Bw%2Bport%2Bde%2Bs%25C3%25B3ller.jpg\" border=\"0\" data-original-height=\"827\" data-original-width=\"1600\" src=\"data:image\/svg+xml;base64,PHN2ZyB3aWR0aD0iMSIgaGVpZ2h0PSIxIiB4bWxucz0iaHR0cDovL3d3dy53My5vcmcvMjAwMC9zdmciPjwvc3ZnPg==\" class=\"lazyload\"><\/td>\n<\/tr>\n<tr>\n<td class=\"tr-caption\" style=\"text-align: center;\">Zabytkowy tramwaj na trasie mi\u0119dzy S\u00f3ller a Port de S\u00f3ller.&nbsp;<\/td>\n<\/tr>\n<\/tbody>\n<\/table>\n<div style=\"text-align: justify;\">&nbsp;<\/div>\n<h2><span class=\"ez-toc-section\" id=\"PRZEWODNIK_PO_SOLLER_KIEDY_JECHAC_DO_SOLLER\"><\/span>PRZEWODNIK PO S\u00d3LLER | KIEDY JECHA\u0106 DO S\u00d3LLER<span class=\"ez-toc-section-end\"><\/span><\/h2>\n<div style=\"text-align: justify;\">W S\u00f3ller odbywa si\u0119 bardzo du\u017co festiwali. I cho\u0107 mo\u017cna by stwierdzi\u0107, \u017ce ka\u017cda pora roku jest odpowiednia na S\u00f3ller, to jad\u0105c tam na wakacje,<b> zdecydowanie warto wybra\u0107 si\u0119 w czasie, w kt\u00f3rym organizowane jest cho\u0107 jedno z niesamowitych wydarze\u0144.<\/b><\/div>\n<div style=\"text-align: justify;\">&nbsp;<\/div>\n<div style=\"text-align: justify;\">&nbsp;<\/div>\n<h3 style=\"text-align: justify;\"><span class=\"ez-toc-section\" id=\"ES_FIRO_SOLLER\"><\/span><span style=\"font-size: x-large;\">ES FIRO S\u00d3LLER<\/span><span class=\"ez-toc-section-end\"><\/span><\/h3>\n<div style=\"text-align: justify;\">Wydarzenie odbywa si\u0119 zwykle na pocz\u0105tku maja i jest trzydniowym festiwal historyczny, w kt\u00f3rym uczestnicy odtwarzaj\u0105 inwazj\u0119 tureckich i algierskich pirat\u00f3w. G\u0142owna bitwa odbywa si\u0119 zawsze w poniedzia\u0142ek, w sobot\u0119 idzie procesja, a w niedziel\u0119 odbywa si\u0119 targ na ulicach S\u00f3ller, kt\u00f3ry \u015bci\u0105ga do miasta mn\u00f3stwo turyst\u00f3w i mieszka\u0144c\u00f3w Majorki.<\/div>\n<div style=\"text-align: justify;\">&nbsp;<\/div>\n<div style=\"text-align: justify;\">&nbsp;<\/div>\n<h3><span class=\"ez-toc-section\" id=\"FIESTA_DE_SAN_BARTOLOME_DE_SOLLER\"><\/span><span style=\"font-size: x-large;\">FIESTA DE SAN BARTOLOME DE S\u00d3LLER<\/span><span class=\"ez-toc-section-end\"><\/span><\/h3>\n<div style=\"text-align: justify;\">W sierpniu obchodzony jest dzie\u0144 \u015bw. Bart\u0142omieja, na kt\u00f3rym odbywa si\u0119 tak zwany \u201ecorrefoc\u201d. Wydarzenie to popularne jest na Balearach, w Walencji i Katalonii, w kt\u00f3rym przebrani za demony ludzie id\u0105 w paradzie, ta\u0144cz\u0105c i skacz\u0105c w\u015br\u00f3d fajerwerk\u00f3w.<\/div>\n<div style=\"text-align: justify;\">&nbsp;<\/div>\n<div style=\"text-align: justify;\"><b>Je\u017celi nie zale\u017cy nam na \u017cadnym z festiwali, to do S\u00f3ller rzeczywi\u015bcie mo\u017cna wybra\u0107 si\u0119 kiedykolwiek<\/b>. Wi\u0119kszo\u015b\u0107 atrakcji otwarta jest przez ca\u0142y rok (chocia\u017c godziny ich otwarcia mog\u0105 by\u0107 r\u00f3\u017cne). W sezonie zimowym z pewno\u015bci\u0105 te\u017c nie natrafimy na t\u0142umy.<\/div>\n<div style=\"text-align: justify;\">&nbsp;<\/div>\n<table class=\"tr-caption-container\" style=\"margin-left: auto; margin-right: auto; text-align: center;\" cellspacing=\"0\" cellpadding=\"0\" align=\"center\">\n<tbody>\n<tr>\n<td style=\"text-align: center;\"><img decoding=\"async\" data-src=\"https:\/\/1.bp.blogspot.com\/-G3NXJxz2xlw\/XvOsQWinDpI\/AAAAAAAAJ2E\/vRRnWLhzob4HAW8z64i1h3oh6HGlpX30ACPcBGAYYCw\/s1600\/przewodnik%2Bpo%2Bs%25C3%25B3ller%2Bi%2Bport%2Bde%2Bs%25C3%25B3ller%252C%2Batrakcje%2Bmajorki.jpg\" border=\"0\" data-original-height=\"758\" data-original-width=\"1600\" src=\"data:image\/svg+xml;base64,PHN2ZyB3aWR0aD0iMSIgaGVpZ2h0PSIxIiB4bWxucz0iaHR0cDovL3d3dy53My5vcmcvMjAwMC9zdmciPjwvc3ZnPg==\" class=\"lazyload\"><\/td>\n<\/tr>\n<tr>\n<td class=\"tr-caption\" style=\"text-align: center;\">fot: 2. Przepi\u0119kny g\u00f3ry na trasie Palma &#8211; S\u00f3ller fot. 3. Niewielka pla\u017ca w Port de S\u00f3ller.<\/td>\n<\/tr>\n<\/tbody>\n<\/table>\n<div style=\"text-align: justify;\">&nbsp;<\/div>\n<h2 style=\"text-align: justify;\"><span class=\"ez-toc-section\" id=\"JAK_DOJECHAC_DO_SOLLER\"><\/span>JAK DOJECHA\u0106 DO S\u00d3LLER<span class=\"ez-toc-section-end\"><\/span><\/h2>\n<div style=\"text-align: justify;\">Do miasteczka \u0142atwo dosta\u0107 si\u0119 ze stolicy. Poci\u0105giem z Palmy dostaniemy si\u0119 tam w godzin\u0119, a w trakcie podr\u00f3\u017cy nie zabraknie niesamowitych, malowniczych widok\u00f3w. Poci\u0105g jest elektryczny i zachowa\u0142 on sw\u00f3j historyczny, drewniany wygl\u0105d. Po drodze zatrzymuje si\u0119 na dw\u00f3ch stacjach Son Sardina i Bu\u00f1ola.&nbsp;<\/div>\n<div style=\"text-align: justify;\">&nbsp;<\/div>\n<h2><span class=\"ez-toc-section\" id=\"GDZIE_SPAC_W_SOLLER\"><\/span>GDZIE SPA\u0106 W S\u00d3LLER<span class=\"ez-toc-section-end\"><\/span><\/h2>\n<div style=\"text-align: justify;\">Nie trzeba szuka\u0107 noclegu konkretnie w S\u00f3ller, je\u017celi chce si\u0119 je zwiedzi\u0107. Dojazd do miasta jest szybki i \u0142atwy, ale je\u017celi kto\u015b z Was ma ogromn\u0105 ochot\u0119 wyjrze\u0107 rankiem przez okno i pierwsze co zobaczy\u0107, to sk\u0105pane we wschodz\u0105cym s\u0142o\u0144cu S\u00f3ller, to miasteczko ma du\u017co hoteli i moteli.<\/div>\n\n\n<hr class=\"wp-block-separator has-css-opacity\"\/>\n\n\n\n<p>Byli\u015bcie ju\u017c w S\u00f3ller? Jakie miejsca najbardziej polecacie? Podzielcie si\u0119 nimi w komentarzu! \ud83d\ude42<\/p>\n\n\n\n<p><strong>Je\u017celi ten wpis Ci si\u0119 przyda\u0142, prosz\u0119 udost\u0119pnij go na swoich mediach spo\u0142eczno\u015bciowych.\u00a0Dzi\u0119ki temu nasze wpisy dotr\u0105 do innych, Ciebie to nic nie kosztuje, a nam pomaga si\u0119 rozwija\u0107. Zapraszamy Ciebie r\u00f3wnie\u017c do zaobserwowania nas na innych mediach.\u00a0<\/strong>\ud83d\ude0a<\/p>\n\n\n\n<ul class=\"wp-block-outermost-social-sharing has-visible-labels is-style-pill-shape is-content-justification-center is-layout-flex wp-container-outermost-social-sharing-is-layout-1 wp-block-social-sharing-is-layout-flex\"><li class=\"outermost-social-sharing-link outermost-social-sharing-link-facebook  wp-block-outermost-social-sharing-link\">\n\t<a href=\"https:\/\/www.facebook.com\/sharer\/sharer.php?u=https%3A%2F%2Fwww.wzdluzdrogi.pl%2Findex.php%2F2020%2F06%2F30%2Fprzewodnik-po-soller-co-warto-zobaczyc%2F&#038;title=PRZEWODNIK%20PO%20S%C3%93LLER.%20CO%20WARTO%20ZOBACZY%C4%86%2C%20GDZIE%20SPA%C4%86\" aria-label=\"Udost\u0119pnij ten wpis na Facebook\" rel=\"noopener nofollow\" target=\"_blank\" class=\"wp-block-outermost-social-sharing-link-anchor\">\n\t\t<svg width=\"24\" height=\"24\" viewBox=\"0 0 24 24\" version=\"1.1\" xmlns=\"http:\/\/www.w3.org\/2000\/svg\" aria-hidden=\"true\" focusable=\"false\"><path d=\"M12 2C6.5 2 2 6.5 2 12c0 5 3.7 9.1 8.4 9.9v-7H7.9V12h2.5V9.8c0-2.5 1.5-3.9 3.8-3.9 1.1 0 2.2.2 2.2.2v2.5h-1.3c-1.2 0-1.6.8-1.6 1.6V12h2.8l-.4 2.9h-2.3v7C18.3 21.1 22 17 22 12c0-5.5-4.5-10-10-10z\"><\/path><\/svg>\t\t<span class=\"wp-block-outermost-social-sharing-link-label \">\n\t\t\tUdost\u0119pnij ten wpis na Facebook\t\t<\/span>\n\t<\/a>\n<\/li>\n<\/ul>\n\n\n\n<hr class=\"wp-block-separator has-css-opacity is-style-wide\"\/>\n\n\n\n<div style=\"height:41px\" aria-hidden=\"true\" class=\"wp-block-spacer\"><\/div>\n\n\n\n<div class=\"wp-block-group\"><div class=\"wp-block-group__inner-container is-layout-flow wp-block-group-is-layout-flow\">\n<p class=\"has-text-align-center\"><strong>SPODOBA\u0141A CI SI\u0118 MAJORKA?<\/strong><br>Zobacz r\u00f3wnie\u017c:<br><a href=\"https:\/\/www.wzdluzdrogi.pl\/index.php\/2019\/08\/20\/majorka-na-wlasna-reke-przydatne-informacje\/\">MAJORKA NA W\u0141ASN\u0104 R\u0118K\u0118  | TIPY NA TANI WYJAZD<\/a><br><a href=\"https:\/\/www.wzdluzdrogi.pl\/index.php\/2021\/05\/12\/przewodnik-po-palma-de-mallorca-co-zobaczyc\/\">PRZEWODNIK PO PALMA DE MALLORCA | CO ZOBACZY\u0106 I CO ZJE\u015a\u0106<\/a><br><a href=\"https:\/\/www.wzdluzdrogi.pl\/index.php\/2020\/06\/13\/majorka-gotowy-plan-zwiedzania-soller-valldemossa\/\">Z S\u00d3LLER, PRZEZ FORNALUTX, A\u017b DO VALLDEMOSSY \u2013 GOTOWY PLAN ZWIEDZANIA MAJORKI<\/a><br><\/p>\n<\/div><\/div>\n\n\n\n<ul class=\"wp-block-social-links is-layout-flex wp-block-social-links-is-layout-flex\"><li class=\"wp-social-link wp-social-link-facebook  wp-block-social-link\"><a href=\"https:\/\/www.facebook.com\/wzdluzdrogi\" class=\"wp-block-social-link-anchor\"><svg width=\"24\" height=\"24\" viewBox=\"0 0 24 24\" version=\"1.1\" xmlns=\"http:\/\/www.w3.org\/2000\/svg\" aria-hidden=\"true\" focusable=\"false\"><path d=\"M12 2C6.5 2 2 6.5 2 12c0 5 3.7 9.1 8.4 9.9v-7H7.9V12h2.5V9.8c0-2.5 1.5-3.9 3.8-3.9 1.1 0 2.2.2 2.2.2v2.5h-1.3c-1.2 0-1.6.8-1.6 1.6V12h2.8l-.4 2.9h-2.3v7C18.3 21.1 22 17 22 12c0-5.5-4.5-10-10-10z\"><\/path><\/svg><span class=\"wp-block-social-link-label screen-reader-text\">Facebook<\/span><\/a><\/li>\n\n\n\n<li class=\"wp-social-link wp-social-link-instagram  wp-block-social-link\"><a href=\"https:\/\/www.instagram.com\/wzdluz_drogi\/?hl=pl\" class=\"wp-block-social-link-anchor\"><svg width=\"24\" height=\"24\" viewBox=\"0 0 24 24\" version=\"1.1\" xmlns=\"http:\/\/www.w3.org\/2000\/svg\" aria-hidden=\"true\" focusable=\"false\"><path d=\"M12,4.622c2.403,0,2.688,0.009,3.637,0.052c0.877,0.04,1.354,0.187,1.671,0.31c0.42,0.163,0.72,0.358,1.035,0.673 c0.315,0.315,0.51,0.615,0.673,1.035c0.123,0.317,0.27,0.794,0.31,1.671c0.043,0.949,0.052,1.234,0.052,3.637 s-0.009,2.688-0.052,3.637c-0.04,0.877-0.187,1.354-0.31,1.671c-0.163,0.42-0.358,0.72-0.673,1.035 c-0.315,0.315-0.615,0.51-1.035,0.673c-0.317,0.123-0.794,0.27-1.671,0.31c-0.949,0.043-1.233,0.052-3.637,0.052 s-2.688-0.009-3.637-0.052c-0.877-0.04-1.354-0.187-1.671-0.31c-0.42-0.163-0.72-0.358-1.035-0.673 c-0.315-0.315-0.51-0.615-0.673-1.035c-0.123-0.317-0.27-0.794-0.31-1.671C4.631,14.688,4.622,14.403,4.622,12 s0.009-2.688,0.052-3.637c0.04-0.877,0.187-1.354,0.31-1.671c0.163-0.42,0.358-0.72,0.673-1.035 c0.315-0.315,0.615-0.51,1.035-0.673c0.317-0.123,0.794-0.27,1.671-0.31C9.312,4.631,9.597,4.622,12,4.622 M12,3 C9.556,3,9.249,3.01,8.289,3.054C7.331,3.098,6.677,3.25,6.105,3.472C5.513,3.702,5.011,4.01,4.511,4.511 c-0.5,0.5-0.808,1.002-1.038,1.594C3.25,6.677,3.098,7.331,3.054,8.289C3.01,9.249,3,9.556,3,12c0,2.444,0.01,2.751,0.054,3.711 c0.044,0.958,0.196,1.612,0.418,2.185c0.23,0.592,0.538,1.094,1.038,1.594c0.5,0.5,1.002,0.808,1.594,1.038 c0.572,0.222,1.227,0.375,2.185,0.418C9.249,20.99,9.556,21,12,21s2.751-0.01,3.711-0.054c0.958-0.044,1.612-0.196,2.185-0.418 c0.592-0.23,1.094-0.538,1.594-1.038c0.5-0.5,0.808-1.002,1.038-1.594c0.222-0.572,0.375-1.227,0.418-2.185 C20.99,14.751,21,14.444,21,12s-0.01-2.751-0.054-3.711c-0.044-0.958-0.196-1.612-0.418-2.185c-0.23-0.592-0.538-1.094-1.038-1.594 c-0.5-0.5-1.002-0.808-1.594-1.038c-0.572-0.222-1.227-0.375-2.185-0.418C14.751,3.01,14.444,3,12,3L12,3z M12,7.378 c-2.552,0-4.622,2.069-4.622,4.622S9.448,16.622,12,16.622s4.622-2.069,4.622-4.622S14.552,7.378,12,7.378z M12,15 c-1.657,0-3-1.343-3-3s1.343-3,3-3s3,1.343,3,3S13.657,15,12,15z M16.804,6.116c-0.596,0-1.08,0.484-1.08,1.08 s0.484,1.08,1.08,1.08c0.596,0,1.08-0.484,1.08-1.08S17.401,6.116,16.804,6.116z\"><\/path><\/svg><span class=\"wp-block-social-link-label screen-reader-text\">Instagram<\/span><\/a><\/li>\n\n\n\n<li class=\"wp-social-link wp-social-link-youtube  wp-block-social-link\"><a href=\"https:\/\/www.youtube.com\/channel\/UCW7xjbHjmE0P5_HMEhlFR5w\" class=\"wp-block-social-link-anchor\"><svg width=\"24\" height=\"24\" viewBox=\"0 0 24 24\" version=\"1.1\" xmlns=\"http:\/\/www.w3.org\/2000\/svg\" aria-hidden=\"true\" focusable=\"false\"><path d=\"M21.8,8.001c0,0-0.195-1.378-0.795-1.985c-0.76-0.797-1.613-0.801-2.004-0.847c-2.799-0.202-6.997-0.202-6.997-0.202 h-0.009c0,0-4.198,0-6.997,0.202C4.608,5.216,3.756,5.22,2.995,6.016C2.395,6.623,2.2,8.001,2.2,8.001S2,9.62,2,11.238v1.517 c0,1.618,0.2,3.237,0.2,3.237s0.195,1.378,0.795,1.985c0.761,0.797,1.76,0.771,2.205,0.855c1.6,0.153,6.8,0.201,6.8,0.201 s4.203-0.006,7.001-0.209c0.391-0.047,1.243-0.051,2.004-0.847c0.6-0.607,0.795-1.985,0.795-1.985s0.2-1.618,0.2-3.237v-1.517 C22,9.62,21.8,8.001,21.8,8.001z M9.935,14.594l-0.001-5.62l5.404,2.82L9.935,14.594z\"><\/path><\/svg><span class=\"wp-block-social-link-label screen-reader-text\">YouTube<\/span><\/a><\/li><\/ul>\n\n\n\n<p><\/p>\n","protected":false},"excerpt":{"rendered":"<p>S\u00f3ller to stare miasteczko pe\u0142ne tradycyjnych kamieniczek ze s\u0142ynnymi na Majorce zielonymi okiennicami i najsmaczniejszymi pod s\u0142o\u0144cem pomara\u0144czami, dojrzewaj\u0105cymi w okolicznych sadach. Przeczytaj nasz przewodnik po S\u00f3ller i poznaj zak\u0105tki tego cudownego miasteczka! &nbsp; &nbsp; S\u00f3ller, le\u017c\u0105ce na p\u00f3\u0142nocno-zachodnim wybrze\u017cy wyspy, to jedno z najcz\u0119\u015bciej odwiedzanych miejsc na Majorce. Mie\u015bci si\u0119 w pa\u015bmie g\u00f3r Tramuntana, &hellip; <\/p>\n","protected":false},"author":3,"featured_media":39,"comment_status":"open","ping_status":"closed","sticky":false,"template":"","format":"standard","meta":{"_monsterinsights_skip_tracking":false,"_monsterinsights_sitenote_active":false,"_monsterinsights_sitenote_note":"","_monsterinsights_sitenote_category":0,"footnotes":""},"categories":[35,26],"tags":[24,23,20,5],"class_list":["post-38","post","type-post","status-publish","format-standard","has-post-thumbnail","hentry","category-majorka","category-podroze","tag-majorka","tag-przewodnik","tag-tanie-podroze","tag-travel"],"yoast_head":"<!-- This site is optimized with the Yoast SEO plugin v26.5 - https:\/\/yoast.com\/wordpress\/plugins\/seo\/ -->\n<title>PRZEWODNIK PO S\u00d3LLER. CO WARTO ZOBACZY\u0106, GDZIE SPA\u0106 - Wzd\u0142u\u017c Drogi<\/title>\n<meta name=\"description\" content=\"S\u00f3ller to stare miasteczko pe\u0142ne tradycyjnych kamieniczek. Zobacz nasz przewodnik po S\u00f3ller i dowiedz si\u0119 co warto zobaczy\u0107 na miejscu.\" \/>\n<meta name=\"robots\" content=\"index, follow, max-snippet:-1, max-image-preview:large, max-video-preview:-1\" \/>\n<link rel=\"canonical\" href=\"https:\/\/www.wzdluzdrogi.pl\/index.php\/2020\/06\/30\/przewodnik-po-soller-co-warto-zobaczyc\/\" \/>\n<meta property=\"og:locale\" content=\"pl_PL\" \/>\n<meta property=\"og:type\" content=\"article\" \/>\n<meta property=\"og:title\" content=\"PRZEWODNIK PO S\u00d3LLER. CO WARTO ZOBACZY\u0106, GDZIE SPA\u0106 - Wzd\u0142u\u017c Drogi\" \/>\n<meta property=\"og:description\" content=\"S\u00f3ller to stare miasteczko pe\u0142ne tradycyjnych kamieniczek. Zobacz nasz przewodnik po S\u00f3ller i dowiedz si\u0119 co warto zobaczy\u0107 na miejscu.\" \/>\n<meta property=\"og:url\" content=\"https:\/\/www.wzdluzdrogi.pl\/index.php\/2020\/06\/30\/przewodnik-po-soller-co-warto-zobaczyc\/\" \/>\n<meta property=\"og:site_name\" content=\"Wzd\u0142u\u017c Drogi\" \/>\n<meta property=\"article:published_time\" content=\"2020-06-30T17:35:00+00:00\" \/>\n<meta property=\"article:modified_time\" content=\"2022-09-02T15:43:45+00:00\" \/>\n<meta property=\"og:image\" content=\"https:\/\/www.wzdluzdrogi.pl\/wp-content\/uploads\/2020\/06\/ko25C5259Bci25C325B325C525822Bs25C325B3ller.jpg\" \/>\n\t<meta property=\"og:image:width\" content=\"1600\" \/>\n\t<meta property=\"og:image:height\" content=\"827\" \/>\n\t<meta property=\"og:image:type\" content=\"image\/jpeg\" \/>\n<meta name=\"author\" content=\"Wzd\u0142u\u017c Drogi\" \/>\n<meta name=\"twitter:card\" content=\"summary_large_image\" \/>\n<meta name=\"twitter:label1\" content=\"Napisane przez\" \/>\n\t<meta name=\"twitter:data1\" content=\"Wzd\u0142u\u017c Drogi\" \/>\n\t<meta name=\"twitter:label2\" content=\"Szacowany czas czytania\" \/>\n\t<meta name=\"twitter:data2\" content=\"11 minut\" \/>\n<script type=\"application\/ld+json\" class=\"yoast-schema-graph\">{\"@context\":\"https:\/\/schema.org\",\"@graph\":[{\"@type\":\"WebPage\",\"@id\":\"https:\/\/www.wzdluzdrogi.pl\/index.php\/2020\/06\/30\/przewodnik-po-soller-co-warto-zobaczyc\/\",\"url\":\"https:\/\/www.wzdluzdrogi.pl\/index.php\/2020\/06\/30\/przewodnik-po-soller-co-warto-zobaczyc\/\",\"name\":\"PRZEWODNIK PO S\u00d3LLER. CO WARTO ZOBACZY\u0106, GDZIE SPA\u0106 - Wzd\u0142u\u017c Drogi\",\"isPartOf\":{\"@id\":\"https:\/\/www.wzdluzdrogi.pl\/#website\"},\"primaryImageOfPage\":{\"@id\":\"https:\/\/www.wzdluzdrogi.pl\/index.php\/2020\/06\/30\/przewodnik-po-soller-co-warto-zobaczyc\/#primaryimage\"},\"image\":{\"@id\":\"https:\/\/www.wzdluzdrogi.pl\/index.php\/2020\/06\/30\/przewodnik-po-soller-co-warto-zobaczyc\/#primaryimage\"},\"thumbnailUrl\":\"https:\/\/www.wzdluzdrogi.pl\/wp-content\/uploads\/2020\/06\/ko25C5259Bci25C325B325C525822Bs25C325B3ller.jpg\",\"datePublished\":\"2020-06-30T17:35:00+00:00\",\"dateModified\":\"2022-09-02T15:43:45+00:00\",\"author\":{\"@id\":\"https:\/\/www.wzdluzdrogi.pl\/#\/schema\/person\/c4851fe74e1df2e0ec5925899cd78458\"},\"description\":\"S\u00f3ller to stare miasteczko pe\u0142ne tradycyjnych kamieniczek. Zobacz nasz przewodnik po S\u00f3ller i dowiedz si\u0119 co warto zobaczy\u0107 na miejscu.\",\"breadcrumb\":{\"@id\":\"https:\/\/www.wzdluzdrogi.pl\/index.php\/2020\/06\/30\/przewodnik-po-soller-co-warto-zobaczyc\/#breadcrumb\"},\"inLanguage\":\"pl-PL\",\"potentialAction\":[{\"@type\":\"ReadAction\",\"target\":[\"https:\/\/www.wzdluzdrogi.pl\/index.php\/2020\/06\/30\/przewodnik-po-soller-co-warto-zobaczyc\/\"]}]},{\"@type\":\"ImageObject\",\"inLanguage\":\"pl-PL\",\"@id\":\"https:\/\/www.wzdluzdrogi.pl\/index.php\/2020\/06\/30\/przewodnik-po-soller-co-warto-zobaczyc\/#primaryimage\",\"url\":\"https:\/\/www.wzdluzdrogi.pl\/wp-content\/uploads\/2020\/06\/ko25C5259Bci25C325B325C525822Bs25C325B3ller.jpg\",\"contentUrl\":\"https:\/\/www.wzdluzdrogi.pl\/wp-content\/uploads\/2020\/06\/ko25C5259Bci25C325B325C525822Bs25C325B3ller.jpg\",\"width\":1600,\"height\":827},{\"@type\":\"BreadcrumbList\",\"@id\":\"https:\/\/www.wzdluzdrogi.pl\/index.php\/2020\/06\/30\/przewodnik-po-soller-co-warto-zobaczyc\/#breadcrumb\",\"itemListElement\":[{\"@type\":\"ListItem\",\"position\":1,\"name\":\"Strona g\u0142\u00f3wna\",\"item\":\"https:\/\/www.wzdluzdrogi.pl\/\"},{\"@type\":\"ListItem\",\"position\":2,\"name\":\"PRZEWODNIK PO S\u00d3LLER. CO WARTO ZOBACZY\u0106, GDZIE SPA\u0106\"}]},{\"@type\":\"WebSite\",\"@id\":\"https:\/\/www.wzdluzdrogi.pl\/#website\",\"url\":\"https:\/\/www.wzdluzdrogi.pl\/\",\"name\":\"Wzd\u0142u\u017c Drogi\",\"description\":\"Podr\u00f3\u017ce w rytmie slow\",\"potentialAction\":[{\"@type\":\"SearchAction\",\"target\":{\"@type\":\"EntryPoint\",\"urlTemplate\":\"https:\/\/www.wzdluzdrogi.pl\/?s={search_term_string}\"},\"query-input\":{\"@type\":\"PropertyValueSpecification\",\"valueRequired\":true,\"valueName\":\"search_term_string\"}}],\"inLanguage\":\"pl-PL\"},{\"@type\":\"Person\",\"@id\":\"https:\/\/www.wzdluzdrogi.pl\/#\/schema\/person\/c4851fe74e1df2e0ec5925899cd78458\",\"name\":\"Wzd\u0142u\u017c Drogi\",\"image\":{\"@type\":\"ImageObject\",\"inLanguage\":\"pl-PL\",\"@id\":\"https:\/\/www.wzdluzdrogi.pl\/#\/schema\/person\/image\/\",\"url\":\"https:\/\/secure.gravatar.com\/avatar\/?s=96&d=mm&r=g\",\"contentUrl\":\"https:\/\/secure.gravatar.com\/avatar\/?s=96&d=mm&r=g\",\"caption\":\"Wzd\u0142u\u017c Drogi\"},\"url\":\"https:\/\/www.wzdluzdrogi.pl\/index.php\/author\/16026377718484071389\/\"}]}<\/script>\n<!-- \/ Yoast SEO plugin. -->","yoast_head_json":{"title":"PRZEWODNIK PO S\u00d3LLER. CO WARTO ZOBACZY\u0106, GDZIE SPA\u0106 - Wzd\u0142u\u017c Drogi","description":"S\u00f3ller to stare miasteczko pe\u0142ne tradycyjnych kamieniczek. Zobacz nasz przewodnik po S\u00f3ller i dowiedz si\u0119 co warto zobaczy\u0107 na miejscu.","robots":{"index":"index","follow":"follow","max-snippet":"max-snippet:-1","max-image-preview":"max-image-preview:large","max-video-preview":"max-video-preview:-1"},"canonical":"https:\/\/www.wzdluzdrogi.pl\/index.php\/2020\/06\/30\/przewodnik-po-soller-co-warto-zobaczyc\/","og_locale":"pl_PL","og_type":"article","og_title":"PRZEWODNIK PO S\u00d3LLER. CO WARTO ZOBACZY\u0106, GDZIE SPA\u0106 - Wzd\u0142u\u017c Drogi","og_description":"S\u00f3ller to stare miasteczko pe\u0142ne tradycyjnych kamieniczek. Zobacz nasz przewodnik po S\u00f3ller i dowiedz si\u0119 co warto zobaczy\u0107 na miejscu.","og_url":"https:\/\/www.wzdluzdrogi.pl\/index.php\/2020\/06\/30\/przewodnik-po-soller-co-warto-zobaczyc\/","og_site_name":"Wzd\u0142u\u017c Drogi","article_published_time":"2020-06-30T17:35:00+00:00","article_modified_time":"2022-09-02T15:43:45+00:00","og_image":[{"width":1600,"height":827,"url":"https:\/\/www.wzdluzdrogi.pl\/wp-content\/uploads\/2020\/06\/ko25C5259Bci25C325B325C525822Bs25C325B3ller.jpg","type":"image\/jpeg"}],"author":"Wzd\u0142u\u017c Drogi","twitter_card":"summary_large_image","twitter_misc":{"Napisane przez":"Wzd\u0142u\u017c Drogi","Szacowany czas czytania":"11 minut"},"schema":{"@context":"https:\/\/schema.org","@graph":[{"@type":"WebPage","@id":"https:\/\/www.wzdluzdrogi.pl\/index.php\/2020\/06\/30\/przewodnik-po-soller-co-warto-zobaczyc\/","url":"https:\/\/www.wzdluzdrogi.pl\/index.php\/2020\/06\/30\/przewodnik-po-soller-co-warto-zobaczyc\/","name":"PRZEWODNIK PO S\u00d3LLER. CO WARTO ZOBACZY\u0106, GDZIE SPA\u0106 - Wzd\u0142u\u017c Drogi","isPartOf":{"@id":"https:\/\/www.wzdluzdrogi.pl\/#website"},"primaryImageOfPage":{"@id":"https:\/\/www.wzdluzdrogi.pl\/index.php\/2020\/06\/30\/przewodnik-po-soller-co-warto-zobaczyc\/#primaryimage"},"image":{"@id":"https:\/\/www.wzdluzdrogi.pl\/index.php\/2020\/06\/30\/przewodnik-po-soller-co-warto-zobaczyc\/#primaryimage"},"thumbnailUrl":"https:\/\/www.wzdluzdrogi.pl\/wp-content\/uploads\/2020\/06\/ko25C5259Bci25C325B325C525822Bs25C325B3ller.jpg","datePublished":"2020-06-30T17:35:00+00:00","dateModified":"2022-09-02T15:43:45+00:00","author":{"@id":"https:\/\/www.wzdluzdrogi.pl\/#\/schema\/person\/c4851fe74e1df2e0ec5925899cd78458"},"description":"S\u00f3ller to stare miasteczko pe\u0142ne tradycyjnych kamieniczek. Zobacz nasz przewodnik po S\u00f3ller i dowiedz si\u0119 co warto zobaczy\u0107 na miejscu.","breadcrumb":{"@id":"https:\/\/www.wzdluzdrogi.pl\/index.php\/2020\/06\/30\/przewodnik-po-soller-co-warto-zobaczyc\/#breadcrumb"},"inLanguage":"pl-PL","potentialAction":[{"@type":"ReadAction","target":["https:\/\/www.wzdluzdrogi.pl\/index.php\/2020\/06\/30\/przewodnik-po-soller-co-warto-zobaczyc\/"]}]},{"@type":"ImageObject","inLanguage":"pl-PL","@id":"https:\/\/www.wzdluzdrogi.pl\/index.php\/2020\/06\/30\/przewodnik-po-soller-co-warto-zobaczyc\/#primaryimage","url":"https:\/\/www.wzdluzdrogi.pl\/wp-content\/uploads\/2020\/06\/ko25C5259Bci25C325B325C525822Bs25C325B3ller.jpg","contentUrl":"https:\/\/www.wzdluzdrogi.pl\/wp-content\/uploads\/2020\/06\/ko25C5259Bci25C325B325C525822Bs25C325B3ller.jpg","width":1600,"height":827},{"@type":"BreadcrumbList","@id":"https:\/\/www.wzdluzdrogi.pl\/index.php\/2020\/06\/30\/przewodnik-po-soller-co-warto-zobaczyc\/#breadcrumb","itemListElement":[{"@type":"ListItem","position":1,"name":"Strona g\u0142\u00f3wna","item":"https:\/\/www.wzdluzdrogi.pl\/"},{"@type":"ListItem","position":2,"name":"PRZEWODNIK PO S\u00d3LLER. CO WARTO ZOBACZY\u0106, GDZIE SPA\u0106"}]},{"@type":"WebSite","@id":"https:\/\/www.wzdluzdrogi.pl\/#website","url":"https:\/\/www.wzdluzdrogi.pl\/","name":"Wzd\u0142u\u017c Drogi","description":"Podr\u00f3\u017ce w rytmie slow","potentialAction":[{"@type":"SearchAction","target":{"@type":"EntryPoint","urlTemplate":"https:\/\/www.wzdluzdrogi.pl\/?s={search_term_string}"},"query-input":{"@type":"PropertyValueSpecification","valueRequired":true,"valueName":"search_term_string"}}],"inLanguage":"pl-PL"},{"@type":"Person","@id":"https:\/\/www.wzdluzdrogi.pl\/#\/schema\/person\/c4851fe74e1df2e0ec5925899cd78458","name":"Wzd\u0142u\u017c Drogi","image":{"@type":"ImageObject","inLanguage":"pl-PL","@id":"https:\/\/www.wzdluzdrogi.pl\/#\/schema\/person\/image\/","url":"https:\/\/secure.gravatar.com\/avatar\/?s=96&d=mm&r=g","contentUrl":"https:\/\/secure.gravatar.com\/avatar\/?s=96&d=mm&r=g","caption":"Wzd\u0142u\u017c Drogi"},"url":"https:\/\/www.wzdluzdrogi.pl\/index.php\/author\/16026377718484071389\/"}]}},"_links":{"self":[{"href":"https:\/\/www.wzdluzdrogi.pl\/index.php\/wp-json\/wp\/v2\/posts\/38","targetHints":{"allow":["GET"]}}],"collection":[{"href":"https:\/\/www.wzdluzdrogi.pl\/index.php\/wp-json\/wp\/v2\/posts"}],"about":[{"href":"https:\/\/www.wzdluzdrogi.pl\/index.php\/wp-json\/wp\/v2\/types\/post"}],"author":[{"embeddable":true,"href":"https:\/\/www.wzdluzdrogi.pl\/index.php\/wp-json\/wp\/v2\/users\/3"}],"replies":[{"embeddable":true,"href":"https:\/\/www.wzdluzdrogi.pl\/index.php\/wp-json\/wp\/v2\/comments?post=38"}],"version-history":[{"count":11,"href":"https:\/\/www.wzdluzdrogi.pl\/index.php\/wp-json\/wp\/v2\/posts\/38\/revisions"}],"predecessor-version":[{"id":2614,"href":"https:\/\/www.wzdluzdrogi.pl\/index.php\/wp-json\/wp\/v2\/posts\/38\/revisions\/2614"}],"wp:featuredmedia":[{"embeddable":true,"href":"https:\/\/www.wzdluzdrogi.pl\/index.php\/wp-json\/wp\/v2\/media\/39"}],"wp:attachment":[{"href":"https:\/\/www.wzdluzdrogi.pl\/index.php\/wp-json\/wp\/v2\/media?parent=38"}],"wp:term":[{"taxonomy":"category","embeddable":true,"href":"https:\/\/www.wzdluzdrogi.pl\/index.php\/wp-json\/wp\/v2\/categories?post=38"},{"taxonomy":"post_tag","embeddable":true,"href":"https:\/\/www.wzdluzdrogi.pl\/index.php\/wp-json\/wp\/v2\/tags?post=38"}],"curies":[{"name":"wp","href":"https:\/\/api.w.org\/{rel}","templated":true}]}}