{"id":3954,"date":"2025-02-12T15:00:32","date_gmt":"2025-02-12T14:00:32","guid":{"rendered":"https:\/\/www.wzdluzdrogi.pl\/?p=3954"},"modified":"2025-08-05T10:30:05","modified_gmt":"2025-08-05T08:30:05","slug":"najpiekniejsze-punkty-widokowe-w-barcelonie","status":"publish","type":"post","link":"https:\/\/www.wzdluzdrogi.pl\/index.php\/2025\/02\/12\/najpiekniejsze-punkty-widokowe-w-barcelonie\/","title":{"rendered":"Najpi\u0119kniejsze punkty widokowe w Barcelonie"},"content":{"rendered":"\t\t<div data-elementor-type=\"wp-post\" data-elementor-id=\"3954\" class=\"elementor elementor-3954\">\n\t\t\t\t\t\t<section class=\"elementor-section elementor-top-section elementor-element elementor-element-2e25338 elementor-section-boxed elementor-section-height-default elementor-section-height-default\" data-id=\"2e25338\" data-element_type=\"section\" data-e-type=\"section\">\n\t\t\t\t\t\t<div class=\"elementor-container elementor-column-gap-default\">\n\t\t\t\t\t<div class=\"elementor-column elementor-col-100 elementor-top-column elementor-element elementor-element-f3ed5de\" data-id=\"f3ed5de\" data-element_type=\"column\" data-e-type=\"column\">\n\t\t\t<div class=\"elementor-widget-wrap elementor-element-populated\">\n\t\t\t\t\t\t<div class=\"elementor-element elementor-element-b7bfff4 elementor-widget elementor-widget-text-editor\" data-id=\"b7bfff4\" data-element_type=\"widget\" data-e-type=\"widget\" data-widget_type=\"text-editor.default\">\n\t\t\t\t<div class=\"elementor-widget-container\">\n\t\t\t\t\t\t\t\t\t<p>Mozaika kolorowych dach\u00f3w, b\u0142yszcz\u0105ce w s\u0142o\u0144cu Morze \u015ar\u00f3dziemne i strzeliste wie\u017ce Sagrady Fam\u00edlii \u2013 wszystko to wygl\u0105da jeszcze bardziej spektakularnie, gdy patrzysz na nie z odpowiedniej wysoko\u015bci. I najlepsze? Wcale nie musisz wydawa\u0107 pieni\u0119dzy, \u017ceby zobaczy\u0107 te widoki!<\/p><p>Je\u015bli chcesz poczu\u0107 si\u0119 jak prawdziwy mieszkaniec tego miasta, usi\u0105\u015b\u0107 na murku z widokiem na miasto i po prostu ch\u0142on\u0105\u0107 atmosfer\u0119, przygotowali\u015bmy dla Ciebie list\u0119 <strong>10 darmowych punkt\u00f3w widokowych Barcelony<\/strong>, kt\u00f3re musisz odwiedzi\u0107. A na ko\u0144cu znajdziesz ma\u0142y bonus \u2013 jedno miejsce, kt\u00f3re wprawdzie jest p\u0142atne, ale zdecydowanie warte swojej ceny.<\/p>\t\t\t\t\t\t\t\t<\/div>\n\t\t\t\t<\/div>\n\t\t\t\t\t<\/div>\n\t\t<\/div>\n\t\t\t\t\t<\/div>\n\t\t<\/section>\n\t\t\t\t<section class=\"elementor-section elementor-top-section elementor-element elementor-element-00174a2 elementor-section-boxed elementor-section-height-default elementor-section-height-default\" data-id=\"00174a2\" data-element_type=\"section\" data-e-type=\"section\">\n\t\t\t\t\t\t<div class=\"elementor-container elementor-column-gap-default\">\n\t\t\t\t\t<div class=\"elementor-column elementor-col-100 elementor-top-column elementor-element elementor-element-c3f1aee\" data-id=\"c3f1aee\" data-element_type=\"column\" data-e-type=\"column\">\n\t\t\t<div class=\"elementor-widget-wrap elementor-element-populated\">\n\t\t\t\t\t\t<div class=\"elementor-element elementor-element-228cbef elementor-widget elementor-widget-heading\" data-id=\"228cbef\" data-element_type=\"widget\" data-e-type=\"widget\" data-widget_type=\"heading.default\">\n\t\t\t\t<div class=\"elementor-widget-container\">\n\t\t\t\t\t<div id=\"ez-toc-container\" class=\"ez-toc-v2_0_82_2 counter-hierarchy ez-toc-counter ez-toc-light-blue ez-toc-container-direction\">\n<p class=\"ez-toc-title\" style=\"cursor:inherit\">Spis tre\u015bci<\/p>\n<label for=\"ez-toc-cssicon-toggle-item-69f16c51640f2\" class=\"ez-toc-cssicon-toggle-label\"><span class=\"\"><span class=\"eztoc-hide\" style=\"display:none;\">Toggle<\/span><span class=\"ez-toc-icon-toggle-span\"><svg style=\"fill: #999;color:#999\" xmlns=\"http:\/\/www.w3.org\/2000\/svg\" class=\"list-377408\" width=\"20px\" height=\"20px\" viewBox=\"0 0 24 24\" fill=\"none\"><path d=\"M6 6H4v2h2V6zm14 0H8v2h12V6zM4 11h2v2H4v-2zm16 0H8v2h12v-2zM4 16h2v2H4v-2zm16 0H8v2h12v-2z\" fill=\"currentColor\"><\/path><\/svg><svg style=\"fill: #999;color:#999\" class=\"arrow-unsorted-368013\" xmlns=\"http:\/\/www.w3.org\/2000\/svg\" width=\"10px\" height=\"10px\" viewBox=\"0 0 24 24\" version=\"1.2\" baseProfile=\"tiny\"><path d=\"M18.2 9.3l-6.2-6.3-6.2 6.3c-.2.2-.3.4-.3.7s.1.5.3.7c.2.2.4.3.7.3h11c.3 0 .5-.1.7-.3.2-.2.3-.5.3-.7s-.1-.5-.3-.7zM5.8 14.7l6.2 6.3 6.2-6.3c.2-.2.3-.5.3-.7s-.1-.5-.3-.7c-.2-.2-.4-.3-.7-.3h-11c-.3 0-.5.1-.7.3-.2.2-.3.5-.3.7s.1.5.3.7z\"\/><\/svg><\/span><\/span><\/label><input type=\"checkbox\"  id=\"ez-toc-cssicon-toggle-item-69f16c51640f2\"  aria-label=\"Prze\u0142\u0105cznik\" \/><nav><ul class='ez-toc-list ez-toc-list-level-1 ' ><li class='ez-toc-page-1 ez-toc-heading-level-3'><a class=\"ez-toc-link ez-toc-heading-1\" href=\"https:\/\/www.wzdluzdrogi.pl\/index.php\/2025\/02\/12\/najpiekniejsze-punkty-widokowe-w-barcelonie\/#Bunkers_del_Carmel\" >Bunkers del Carmel<\/a><\/li><li class='ez-toc-page-1 ez-toc-heading-level-3'><a class=\"ez-toc-link ez-toc-heading-2\" href=\"https:\/\/www.wzdluzdrogi.pl\/index.php\/2025\/02\/12\/najpiekniejsze-punkty-widokowe-w-barcelonie\/#Montjuic\" >Montju\u00efc<\/a><\/li><li class='ez-toc-page-1 ez-toc-heading-level-3'><a class=\"ez-toc-link ez-toc-heading-3\" href=\"https:\/\/www.wzdluzdrogi.pl\/index.php\/2025\/02\/12\/najpiekniejsze-punkty-widokowe-w-barcelonie\/#Mirador_del_Migdia\" >Mirador del Migdia<\/a><\/li><li class='ez-toc-page-1 ez-toc-heading-level-3'><a class=\"ez-toc-link ez-toc-heading-4\" href=\"https:\/\/www.wzdluzdrogi.pl\/index.php\/2025\/02\/12\/najpiekniejsze-punkty-widokowe-w-barcelonie\/#Mirador_del_Alcalde\" >Mirador del Alcalde<\/a><\/li><li class='ez-toc-page-1 ez-toc-heading-level-3'><a class=\"ez-toc-link ez-toc-heading-5\" href=\"https:\/\/www.wzdluzdrogi.pl\/index.php\/2025\/02\/12\/najpiekniejsze-punkty-widokowe-w-barcelonie\/#Parc_de_la_Creueta_del_Coll\" >Parc de la Creueta del Coll<\/a><\/li><li class='ez-toc-page-1 ez-toc-heading-level-3'><a class=\"ez-toc-link ez-toc-heading-6\" href=\"https:\/\/www.wzdluzdrogi.pl\/index.php\/2025\/02\/12\/najpiekniejsze-punkty-widokowe-w-barcelonie\/#Las_Arenas\" >Las Arenas<\/a><\/li><li class='ez-toc-page-1 ez-toc-heading-level-3'><a class=\"ez-toc-link ez-toc-heading-7\" href=\"https:\/\/www.wzdluzdrogi.pl\/index.php\/2025\/02\/12\/najpiekniejsze-punkty-widokowe-w-barcelonie\/#Tibidabo\" >Tibidabo<\/a><\/li><li class='ez-toc-page-1 ez-toc-heading-level-3'><a class=\"ez-toc-link ez-toc-heading-8\" href=\"https:\/\/www.wzdluzdrogi.pl\/index.php\/2025\/02\/12\/najpiekniejsze-punkty-widokowe-w-barcelonie\/#Park_Turo_del_Putxet\" >Park Tur\u00f3 del Putxet<\/a><\/li><li class='ez-toc-page-1 ez-toc-heading-level-3'><a class=\"ez-toc-link ez-toc-heading-9\" href=\"https:\/\/www.wzdluzdrogi.pl\/index.php\/2025\/02\/12\/najpiekniejsze-punkty-widokowe-w-barcelonie\/#Mirador_dels_Xiprers\" >Mirador dels Xiprers<\/a><\/li><li class='ez-toc-page-1 ez-toc-heading-level-3'><a class=\"ez-toc-link ez-toc-heading-10\" href=\"https:\/\/www.wzdluzdrogi.pl\/index.php\/2025\/02\/12\/najpiekniejsze-punkty-widokowe-w-barcelonie\/#Mirador_de_Horta\" >Mirador de Horta<\/a><\/li><li class='ez-toc-page-1 ez-toc-heading-level-3'><a class=\"ez-toc-link ez-toc-heading-11\" href=\"https:\/\/www.wzdluzdrogi.pl\/index.php\/2025\/02\/12\/najpiekniejsze-punkty-widokowe-w-barcelonie\/#Bonus_Wieza_Collserola_%E2%80%93_platny_ale_warto\" >Bonus: Wie\u017ca Collserola \u2013 p\u0142atny, ale warto!<\/a><ul class='ez-toc-list-level-4' ><li class='ez-toc-heading-level-4'><a class=\"ez-toc-link ez-toc-heading-12\" href=\"https:\/\/www.wzdluzdrogi.pl\/index.php\/2025\/02\/12\/najpiekniejsze-punkty-widokowe-w-barcelonie\/#Interesuja_cie_podroze_sledz_nas_na\" >Interesuj\u0105 ci\u0119 podr\u00f3\u017ce, \u015bled\u017a nas na:<\/a><\/li><\/ul><\/li><\/ul><\/nav><\/div>\n<h3 class=\"elementor-heading-title elementor-size-default\"><span class=\"ez-toc-section\" id=\"Bunkers_del_Carmel\"><\/span>Bunkers del Carmel<span class=\"ez-toc-section-end\"><\/span><\/h3>\t\t\t\t<\/div>\n\t\t\t\t<\/div>\n\t\t\t\t<div class=\"elementor-element elementor-element-e68178e elementor-widget elementor-widget-text-editor\" data-id=\"e68178e\" data-element_type=\"widget\" data-e-type=\"widget\" data-widget_type=\"text-editor.default\">\n\t\t\t\t<div class=\"elementor-widget-container\">\n\t\t\t\t\t\t\t\t\t<p>To popularne\u00a0miejsce w\u015br\u00f3d lokalnych mieszka\u0144c\u00f3w i turyst\u00f3w, kt\u00f3rzy wiedz\u0105, gdzie szuka\u0107 najlepszych widok\u00f3w. Stare bunkry wojskowe zamieni\u0142y si\u0119 w jedno z najch\u0119tniej odwiedzanych miejsc na chillout i zdj\u0119cia. Wida\u0107 st\u0105d ca\u0142\u0105 Barcelon\u0119 \u2013 od wybrze\u017ca a\u017c po wzg\u00f3rze Tibidabo. Nasza rada? We\u017a koc, przek\u0105ski i przygotuj si\u0119 na niesamowity zach\u00f3d s\u0142o\u0144ca. Na szczycie wzg\u00f3rza Tur\u00f3 de la Rovira znajduj\u0105 si\u0119 pozosta\u0142o\u015bci po baterii przeciwlotniczej z czas\u00f3w hiszpa\u0144skiej wojny domowej.<\/p><p>Widok st\u0105d zapiera dech w piersiach. Wysoko\u015b\u0107 262 m n.p.m. sprawia, \u017ce mo\u017cna podziwia\u0107 Barcelon\u0119 w pe\u0142nym 360-stopniowym uj\u0119ciu. W kierunku morza widoczne s\u0105 m.in. Sagrada Familia, Torre Mapfre, Hotel Arts, Parc de la Ciutadella, a tak\u017ce port i wzg\u00f3rze Montju\u00efc. Spogl\u0105daj\u0105c w stron\u0119 g\u00f3r, mo\u017cna dostrzec Collserol\u0119, wie\u017c\u0119 telewizyjn\u0105 i Tibidabo z ko\u015bcio\u0142em Sagrado Coraz\u00f3n.<\/p>\t\t\t\t\t\t\t\t<\/div>\n\t\t\t\t<\/div>\n\t\t\t\t<div class=\"elementor-element elementor-element-a3d6661 elementor-widget elementor-widget-image\" data-id=\"a3d6661\" data-element_type=\"widget\" data-e-type=\"widget\" data-widget_type=\"image.default\">\n\t\t\t\t<div class=\"elementor-widget-container\">\n\t\t\t\t\t\t\t\t\t\t\t\t\t\t\t<img fetchpriority=\"high\" decoding=\"async\" width=\"780\" height=\"517\" src=\"https:\/\/www.wzdluzdrogi.pl\/wp-content\/uploads\/2025\/02\/bunkry-carmel-barcelona-najlepsze-punkty-widokowe-barcelony-scaled.jpg\" class=\"attachment-large size-large wp-image-3956\" alt=\"\" srcset=\"https:\/\/www.wzdluzdrogi.pl\/wp-content\/uploads\/2025\/02\/bunkry-carmel-barcelona-najlepsze-punkty-widokowe-barcelony-scaled.jpg 1600w, https:\/\/www.wzdluzdrogi.pl\/wp-content\/uploads\/2025\/02\/bunkry-carmel-barcelona-najlepsze-punkty-widokowe-barcelony-300x199.jpg 300w\" sizes=\"(max-width: 780px) 100vw, 780px\" \/>\t\t\t\t\t\t\t\t\t\t\t\t\t\t\t<\/div>\n\t\t\t\t<\/div>\n\t\t\t\t\t<\/div>\n\t\t<\/div>\n\t\t\t\t\t<\/div>\n\t\t<\/section>\n\t\t\t\t<section class=\"elementor-section elementor-top-section elementor-element elementor-element-a7f0248 elementor-section-boxed elementor-section-height-default elementor-section-height-default\" data-id=\"a7f0248\" data-element_type=\"section\" data-e-type=\"section\">\n\t\t\t\t\t\t<div class=\"elementor-container elementor-column-gap-default\">\n\t\t\t\t\t<div class=\"elementor-column elementor-col-100 elementor-top-column elementor-element elementor-element-486d27d\" data-id=\"486d27d\" data-element_type=\"column\" data-e-type=\"column\">\n\t\t\t<div class=\"elementor-widget-wrap elementor-element-populated\">\n\t\t\t\t\t\t<div class=\"elementor-element elementor-element-2e17cf8 elementor-widget elementor-widget-heading\" data-id=\"2e17cf8\" data-element_type=\"widget\" data-e-type=\"widget\" data-widget_type=\"heading.default\">\n\t\t\t\t<div class=\"elementor-widget-container\">\n\t\t\t\t\t<h3 class=\"elementor-heading-title elementor-size-default\"><span class=\"ez-toc-section\" id=\"Montjuic\"><\/span>Montju\u00efc <span class=\"ez-toc-section-end\"><\/span><\/h3>\t\t\t\t<\/div>\n\t\t\t\t<\/div>\n\t\t\t\t<div class=\"elementor-element elementor-element-e2e1cf0 elementor-widget elementor-widget-text-editor\" data-id=\"e2e1cf0\" data-element_type=\"widget\" data-e-type=\"widget\" data-widget_type=\"text-editor.default\">\n\t\t\t\t<div class=\"elementor-widget-container\">\n\t\t\t\t\t\t\t\t\t<p>Wzg\u00f3rze Montju\u00efc oferuje wiele punkt\u00f3w widokowych, a najlepsze jest to, \u017ce mo\u017cna spacerowa\u0107 po ca\u0142ym obszarze zupe\u0142nie za darmo. Nie musisz wchodzi\u0107 do zamku (kt\u00f3ry jest p\u0142atny), aby cieszy\u0107 si\u0119 panoram\u0105 portu i morza. W\u0119druj\u0105c po Montju\u00efc, znajdziesz mn\u00f3stwo \u015bwietnych miejsc na zdj\u0119cia i odpoczynek w cieniu drzew. Ale punkty, kt\u00f3re najbardziej ci polecamy:<\/p>\t\t\t\t\t\t\t\t<\/div>\n\t\t\t\t<\/div>\n\t\t\t\t\t<\/div>\n\t\t<\/div>\n\t\t\t\t\t<\/div>\n\t\t<\/section>\n\t\t\t\t<section class=\"elementor-section elementor-top-section elementor-element elementor-element-7443f69 elementor-section-boxed elementor-section-height-default elementor-section-height-default\" data-id=\"7443f69\" data-element_type=\"section\" data-e-type=\"section\">\n\t\t\t\t\t\t<div class=\"elementor-container elementor-column-gap-default\">\n\t\t\t\t\t<div class=\"elementor-column elementor-col-100 elementor-top-column elementor-element elementor-element-75349bb\" data-id=\"75349bb\" data-element_type=\"column\" data-e-type=\"column\">\n\t\t\t<div class=\"elementor-widget-wrap elementor-element-populated\">\n\t\t\t\t\t\t<div class=\"elementor-element elementor-element-b10d436 elementor-widget elementor-widget-heading\" data-id=\"b10d436\" data-element_type=\"widget\" data-e-type=\"widget\" data-widget_type=\"heading.default\">\n\t\t\t\t<div class=\"elementor-widget-container\">\n\t\t\t\t\t<h3 class=\"elementor-heading-title elementor-size-default\"><span class=\"ez-toc-section\" id=\"Mirador_del_Migdia\"><\/span>Mirador del Migdia<span class=\"ez-toc-section-end\"><\/span><\/h3>\t\t\t\t<\/div>\n\t\t\t\t<\/div>\n\t\t\t\t<div class=\"elementor-element elementor-element-3a64fdf elementor-widget elementor-widget-text-editor\" data-id=\"3a64fdf\" data-element_type=\"widget\" data-e-type=\"widget\" data-widget_type=\"text-editor.default\">\n\t\t\t\t<div class=\"elementor-widget-container\">\n\t\t\t\t\t\t\t\t\t<p>Mirador del Migdia znajduje si\u0119 tu\u017c za zamkiem Castell de Montju\u00efc. Aby si\u0119 tam dosta\u0107, wystarczy przej\u015b\u0107 le\u015bn\u0105 \u015bcie\u017ck\u0105 prowadz\u0105c\u0105 od zamku do Parc del Migdia, gdzie znajduje si\u0119 klimatyczna Caseta del Migdia \u2013 bar serwuj\u0105cy jedzenie i napoje w sezonie letnim (od \u015brody do niedzieli). Dla tych, kt\u00f3rzy wol\u0105 przynie\u015b\u0107 w\u0142asne przek\u0105ski, w pobli\u017cu dost\u0119pna jest r\u00f3wnie\u017c strefa piknikowa.<\/p><p><br \/>Najwi\u0119ksz\u0105 atrakcj\u0105 tego miejsca jest panoramiczny widok, kt\u00f3ry obejmuje port Barcelony, rozleg\u0142y cmentarz na Montju\u00efc, a tak\u017ce przemys\u0142ow\u0105 stref\u0119 Zona Franca, lotnisko El Prat i dolin\u0119 Llobregat. To jedno z najlepszych miejsc w Barcelonie do ogl\u0105dania zachod\u00f3w s\u0142o\u0144ca \u2013 s\u0142o\u0144ce powoli opada za wzg\u00f3rza Parku Natural de Garraf, maluj\u0105c niebo intensywnymi odcieniami pomara\u0144czu i r\u00f3\u017cu.<\/p>\t\t\t\t\t\t\t\t<\/div>\n\t\t\t\t<\/div>\n\t\t\t\t<div class=\"elementor-element elementor-element-d275061 elementor-widget elementor-widget-image\" data-id=\"d275061\" data-element_type=\"widget\" data-e-type=\"widget\" data-widget_type=\"image.default\">\n\t\t\t\t<div class=\"elementor-widget-container\">\n\t\t\t\t\t\t\t\t\t\t\t\t\t\t\t<img decoding=\"async\" width=\"780\" height=\"520\" data-src=\"https:\/\/www.wzdluzdrogi.pl\/wp-content\/uploads\/2025\/02\/MG_9941-1024x683.jpg\" class=\"attachment-large size-large wp-image-3958 lazyload\" alt=\"\" data-srcset=\"https:\/\/www.wzdluzdrogi.pl\/wp-content\/uploads\/2025\/02\/MG_9941-1024x683.jpg 1024w, https:\/\/www.wzdluzdrogi.pl\/wp-content\/uploads\/2025\/02\/MG_9941-300x200.jpg 300w, https:\/\/www.wzdluzdrogi.pl\/wp-content\/uploads\/2025\/02\/MG_9941-768x512.jpg 768w, https:\/\/www.wzdluzdrogi.pl\/wp-content\/uploads\/2025\/02\/MG_9941-1536x1024.jpg 1536w, https:\/\/www.wzdluzdrogi.pl\/wp-content\/uploads\/2025\/02\/MG_9941-2048x1365.jpg 2048w, https:\/\/www.wzdluzdrogi.pl\/wp-content\/uploads\/2025\/02\/MG_9941-scaled.jpg 1600w\" data-sizes=\"(max-width: 780px) 100vw, 780px\" src=\"data:image\/svg+xml;base64,PHN2ZyB3aWR0aD0iMSIgaGVpZ2h0PSIxIiB4bWxucz0iaHR0cDovL3d3dy53My5vcmcvMjAwMC9zdmciPjwvc3ZnPg==\" style=\"--smush-placeholder-width: 780px; --smush-placeholder-aspect-ratio: 780\/520;\" \/>\t\t\t\t\t\t\t\t\t\t\t\t\t\t\t<\/div>\n\t\t\t\t<\/div>\n\t\t\t\t\t<\/div>\n\t\t<\/div>\n\t\t\t\t\t<\/div>\n\t\t<\/section>\n\t\t\t\t<section class=\"elementor-section elementor-top-section elementor-element elementor-element-a990acd elementor-section-boxed elementor-section-height-default elementor-section-height-default\" data-id=\"a990acd\" data-element_type=\"section\" data-e-type=\"section\">\n\t\t\t\t\t\t<div class=\"elementor-container elementor-column-gap-default\">\n\t\t\t\t\t<div class=\"elementor-column elementor-col-100 elementor-top-column elementor-element elementor-element-b221ebc\" data-id=\"b221ebc\" data-element_type=\"column\" data-e-type=\"column\">\n\t\t\t<div class=\"elementor-widget-wrap elementor-element-populated\">\n\t\t\t\t\t\t<div class=\"elementor-element elementor-element-afb0116 elementor-widget elementor-widget-heading\" data-id=\"afb0116\" data-element_type=\"widget\" data-e-type=\"widget\" data-widget_type=\"heading.default\">\n\t\t\t\t<div class=\"elementor-widget-container\">\n\t\t\t\t\t<h3 class=\"elementor-heading-title elementor-size-default\"><span class=\"ez-toc-section\" id=\"Mirador_del_Alcalde\"><\/span>Mirador del Alcalde<span class=\"ez-toc-section-end\"><\/span><\/h3>\t\t\t\t<\/div>\n\t\t\t\t<\/div>\n\t\t\t\t<div class=\"elementor-element elementor-element-ef8e15e elementor-widget elementor-widget-text-editor\" data-id=\"ef8e15e\" data-element_type=\"widget\" data-e-type=\"widget\" data-widget_type=\"text-editor.default\">\n\t\t\t\t<div class=\"elementor-widget-container\">\n\t\t\t\t\t\t\t\t\t<p>Mirador del Alcalde to jeden z najbardziej malowniczych punkt\u00f3w widokowych w Barcelonie. Oferuje spektakularn\u0105 panoram\u0119 180\u00ba, obejmuj\u0105c\u0105 port, morze oraz kluczowe budynki miasta, kt\u00f3re mo\u017cna podziwia\u0107 niczym miniaturow\u0105 makiet\u0119. Miejsce to zosta\u0142o zaprojektowane przez Joana Josepa Tharratsa i oficjalnie otwarte w 1969 roku.<\/p><p>Mirador sk\u0142ada si\u0119 z taras\u00f3w na r\u00f3\u017cnych poziomach, tworz\u0105cych harmonijn\u0105 przestrze\u0144 pe\u0142n\u0105 zieleni i dekoracyjnych fontann. Charakterystycznym elementem jest mosaic z recyklingowanego szk\u0142a, kt\u00f3ry zdobi nawierzchni\u0119 i dodaje temu miejscu unikalnego charakteru. Na szczycie znajduje si\u0119 fontanna autorstwa Carlesa Buigasa, a przestrze\u0144 zdobi\u0105 tak\u017ce dwie rze\u017aby: &#8222;Homenaje a Barcelona&#8221; autorstwa Josepa Marii Subirachsa oraz &#8222;Sardana&#8221; Josepa Ca\u00f1asa, symbolizuj\u0105ca katalo\u0144ski taniec.<\/p>\t\t\t\t\t\t\t\t<\/div>\n\t\t\t\t<\/div>\n\t\t\t\t\t<\/div>\n\t\t<\/div>\n\t\t\t\t\t<\/div>\n\t\t<\/section>\n\t\t\t\t<section class=\"elementor-section elementor-top-section elementor-element elementor-element-2739531 elementor-section-boxed elementor-section-height-default elementor-section-height-default\" data-id=\"2739531\" data-element_type=\"section\" data-e-type=\"section\">\n\t\t\t\t\t\t<div class=\"elementor-container elementor-column-gap-default\">\n\t\t\t\t\t<div class=\"elementor-column elementor-col-100 elementor-top-column elementor-element elementor-element-6f87161\" data-id=\"6f87161\" data-element_type=\"column\" data-e-type=\"column\">\n\t\t\t<div class=\"elementor-widget-wrap elementor-element-populated\">\n\t\t\t\t\t\t<div class=\"elementor-element elementor-element-cdc0750 elementor-widget elementor-widget-heading\" data-id=\"cdc0750\" data-element_type=\"widget\" data-e-type=\"widget\" data-widget_type=\"heading.default\">\n\t\t\t\t<div class=\"elementor-widget-container\">\n\t\t\t\t\t<h3 class=\"elementor-heading-title elementor-size-default\"><span class=\"ez-toc-section\" id=\"Parc_de_la_Creueta_del_Coll\"><\/span>Parc de la Creueta del Coll <span class=\"ez-toc-section-end\"><\/span><\/h3>\t\t\t\t<\/div>\n\t\t\t\t<\/div>\n\t\t\t\t<div class=\"elementor-element elementor-element-f7f0aaa elementor-widget elementor-widget-text-editor\" data-id=\"f7f0aaa\" data-element_type=\"widget\" data-e-type=\"widget\" data-widget_type=\"text-editor.default\">\n\t\t\t\t<div class=\"elementor-widget-container\">\n\t\t\t\t\t\t\t\t\t<p>Parc de la Creueta del Coll to niezwyk\u0142a przestrze\u0144 zielona, powsta\u0142a w miejscu dawnego kamienio\u0142omu na wzg\u00f3rzu Creueta del Coll. Park, otwarty w 1978 roku, jest efektem inicjatywy mieszka\u0144c\u00f3w, kt\u00f3rzy chcieli przekszta\u0142ci\u0107 opuszczony teren w przestrze\u0144 rekreacyjn\u0105. P\u00f3\u0142nocna cz\u0119\u015b\u0107, skierowana w stron\u0119 Tibidabo, zosta\u0142a poddana procesowi zalesiania i przekszta\u0142cona w obszar piknikowy. Natomiast po\u0142udniowa cz\u0119\u015b\u0107, w miejscu dawnego wyrobiska, sta\u0142a si\u0119 amfiteatrem naturalnym, stworzonym z my\u015bl\u0105 o wydarzeniach plenerowych, festiwalach i spotkaniach spo\u0142eczno\u015bci lokalnej. To idealne miejsce na relaks w otoczeniu natury, rodzinne pikniki oraz letnie k\u0105piele w plenerowym basenie.<\/p>\t\t\t\t\t\t\t\t<\/div>\n\t\t\t\t<\/div>\n\t\t\t\t<div class=\"elementor-element elementor-element-7c8fdcd elementor-widget elementor-widget-image\" data-id=\"7c8fdcd\" data-element_type=\"widget\" data-e-type=\"widget\" data-widget_type=\"image.default\">\n\t\t\t\t<div class=\"elementor-widget-container\">\n\t\t\t\t\t\t\t\t\t\t\t\t\t\t\t<img decoding=\"async\" width=\"780\" height=\"520\" data-src=\"https:\/\/www.wzdluzdrogi.pl\/wp-content\/uploads\/2025\/02\/MG_9944-1024x683.jpg\" class=\"attachment-large size-large wp-image-3960 lazyload\" alt=\"\" data-srcset=\"https:\/\/www.wzdluzdrogi.pl\/wp-content\/uploads\/2025\/02\/MG_9944-1024x683.jpg 1024w, https:\/\/www.wzdluzdrogi.pl\/wp-content\/uploads\/2025\/02\/MG_9944-300x200.jpg 300w, https:\/\/www.wzdluzdrogi.pl\/wp-content\/uploads\/2025\/02\/MG_9944-768x512.jpg 768w, https:\/\/www.wzdluzdrogi.pl\/wp-content\/uploads\/2025\/02\/MG_9944-1536x1024.jpg 1536w, https:\/\/www.wzdluzdrogi.pl\/wp-content\/uploads\/2025\/02\/MG_9944-2048x1365.jpg 2048w, https:\/\/www.wzdluzdrogi.pl\/wp-content\/uploads\/2025\/02\/MG_9944-scaled.jpg 1600w\" data-sizes=\"(max-width: 780px) 100vw, 780px\" src=\"data:image\/svg+xml;base64,PHN2ZyB3aWR0aD0iMSIgaGVpZ2h0PSIxIiB4bWxucz0iaHR0cDovL3d3dy53My5vcmcvMjAwMC9zdmciPjwvc3ZnPg==\" style=\"--smush-placeholder-width: 780px; --smush-placeholder-aspect-ratio: 780\/520;\" \/>\t\t\t\t\t\t\t\t\t\t\t\t\t\t\t<\/div>\n\t\t\t\t<\/div>\n\t\t\t\t\t<\/div>\n\t\t<\/div>\n\t\t\t\t\t<\/div>\n\t\t<\/section>\n\t\t\t\t<section class=\"elementor-section elementor-top-section elementor-element elementor-element-240e63e elementor-section-boxed elementor-section-height-default elementor-section-height-default\" data-id=\"240e63e\" data-element_type=\"section\" data-e-type=\"section\">\n\t\t\t\t\t\t<div class=\"elementor-container elementor-column-gap-default\">\n\t\t\t\t\t<div class=\"elementor-column elementor-col-100 elementor-top-column elementor-element elementor-element-7683f4e\" data-id=\"7683f4e\" data-element_type=\"column\" data-e-type=\"column\">\n\t\t\t<div class=\"elementor-widget-wrap elementor-element-populated\">\n\t\t\t\t\t\t<div class=\"elementor-element elementor-element-da94611 elementor-widget elementor-widget-heading\" data-id=\"da94611\" data-element_type=\"widget\" data-e-type=\"widget\" data-widget_type=\"heading.default\">\n\t\t\t\t<div class=\"elementor-widget-container\">\n\t\t\t\t\t<h3 class=\"elementor-heading-title elementor-size-default\"><span class=\"ez-toc-section\" id=\"Las_Arenas\"><\/span>Las Arenas<span class=\"ez-toc-section-end\"><\/span><\/h3>\t\t\t\t<\/div>\n\t\t\t\t<\/div>\n\t\t\t\t<div class=\"elementor-element elementor-element-6c208d8 elementor-widget elementor-widget-text-editor\" data-id=\"6c208d8\" data-element_type=\"widget\" data-e-type=\"widget\" data-widget_type=\"text-editor.default\">\n\t\t\t\t<div class=\"elementor-widget-container\">\n\t\t\t\t\t\t\t\t\t<p>Dawna arena walk byk\u00f3w zosta\u0142a zamieniona w centrum handlowe, ale to, co czyni j\u0105 wyj\u0105tkow\u0105, to <strong>taras na dachu<\/strong>. Mo\u017cesz wej\u015b\u0107 tam bezp\u0142atnie schodami wewn\u0105trz budynku lub zap\u0142aci\u0107 kilka euro za szybkie wjechanie wind\u0105. Widok na Plac Hiszpa\u0144ski i wzg\u00f3rze Montju\u00efc? Bezcenny.<\/p><p>Las Arenas to jeden z najbardziej charakterystycznych budynk\u00f3w Barcelony, po\u0142o\u017cony przy Pla\u00e7a d\u2019Espanya. Od 2011 roku pe\u0142ni funkcj\u0119 nowoczesnego centrum handlowego. Obiekt, zaprojektowany w stylu neomudejar przez architekta Augusta Fonta i Carrerasa, zosta\u0142 otwarty w 1900 roku i przez dziesi\u0119ciolecia by\u0142 g\u0142\u00f3wnym miejscem corridy w mie\u015bcie. Po ostatniej walce byk\u00f3w w 1977 roku budynek przez d\u0142ugi czas pozostawa\u0142 opuszczony, a nawet planowano jego rozbi\u00f3rk\u0119. Ostatecznie jednak uda\u0142o si\u0119 zachowa\u0107 oryginaln\u0105 fasad\u0119 i przekszta\u0142ci\u0107 aren\u0119 w nowoczesny obiekt handlowo-rozrywkowy.<\/p>\t\t\t\t\t\t\t\t<\/div>\n\t\t\t\t<\/div>\n\t\t\t\t\t<\/div>\n\t\t<\/div>\n\t\t\t\t\t<\/div>\n\t\t<\/section>\n\t\t\t\t<section class=\"elementor-section elementor-top-section elementor-element elementor-element-2bf634c elementor-section-boxed elementor-section-height-default elementor-section-height-default\" data-id=\"2bf634c\" data-element_type=\"section\" data-e-type=\"section\">\n\t\t\t\t\t\t<div class=\"elementor-container elementor-column-gap-default\">\n\t\t\t\t\t<div class=\"elementor-column elementor-col-100 elementor-top-column elementor-element elementor-element-a5fe8b5\" data-id=\"a5fe8b5\" data-element_type=\"column\" data-e-type=\"column\">\n\t\t\t<div class=\"elementor-widget-wrap elementor-element-populated\">\n\t\t\t\t\t\t<div class=\"elementor-element elementor-element-2f1ba34 elementor-widget elementor-widget-heading\" data-id=\"2f1ba34\" data-element_type=\"widget\" data-e-type=\"widget\" data-widget_type=\"heading.default\">\n\t\t\t\t<div class=\"elementor-widget-container\">\n\t\t\t\t\t<h3 class=\"elementor-heading-title elementor-size-default\"><span class=\"ez-toc-section\" id=\"Tibidabo\"><\/span>Tibidabo<span class=\"ez-toc-section-end\"><\/span><\/h3>\t\t\t\t<\/div>\n\t\t\t\t<\/div>\n\t\t\t\t<div class=\"elementor-element elementor-element-bc43a26 elementor-widget elementor-widget-text-editor\" data-id=\"bc43a26\" data-element_type=\"widget\" data-e-type=\"widget\" data-widget_type=\"text-editor.default\">\n\t\t\t\t<div class=\"elementor-widget-container\">\n\t\t\t\t\t\t\t\t\t<p>Tibidabo to najwy\u017cszy punkt w mie\u015bcie, a dotarcie tam to prawdziwa przygoda \u2013 najpierw metro, potem stary tramwaj lub autobus, a na ko\u0144cu kolejka szynowa. Na szczycie czeka na Ciebie imponuj\u0105cy widok na Barcelon\u0119, a je\u015bli spojrzysz w drug\u0105 stron\u0119 \u2013 wzg\u00f3rza i lasy Katalonii. Wst\u0119p do samego parku rozrywki jest p\u0142atny, ale widok na miasto jest ca\u0142kowicie darmowy.<\/p><p>Tibidabo to najwy\u017cszy szczyt pasma Collserola (516 m n.p.m.), kt\u00f3ry dominuje nad zachodni\u0105 cz\u0119\u015bci\u0105 Barcelony. Jest to jedno z najbardziej rozpoznawalnych miejsc w mie\u015bcie, przyci\u0105gaj\u0105ce zar\u00f3wno mi\u0142o\u015bnik\u00f3w spektakularnych widok\u00f3w, jak i rodziny z dzie\u0107mi.<\/p><p>Na szczycie Tibidabo znajduj\u0105 si\u0119 dwie ikoniczne atrakcje: Temple Expiatori del Sagrat Cor, monumentalny ko\u015bci\u00f3\u0142 z widoczn\u0105 z daleka figur\u0105 Chrystusa, oraz Parc d&#8217;Atraccions Tibidabo \u2013 historyczny park rozrywki, kt\u00f3ry dzia\u0142a od 1901 roku i zachwyca retro-klimatem swoich atrakcji.<\/p><p>Widoki z Tibidabo s\u0105 jednymi z najpi\u0119kniejszych w Barcelonie \u2013 z tej wysoko\u015bci mo\u017cna zobaczy\u0107 ca\u0142e miasto, wybrze\u017ce Morza \u015ar\u00f3dziemnego oraz g\u00f3ry otaczaj\u0105ce katalo\u0144sk\u0105 stolic\u0119. Przy naprawd\u0119 znakomitych warunkach pogodowych wida\u0107 stamt\u0105d nawet szczyty g\u00f3r Serra de Tramuntana na Majorce!<\/p>\t\t\t\t\t\t\t\t<\/div>\n\t\t\t\t<\/div>\n\t\t\t\t<div class=\"elementor-element elementor-element-8cd5241 elementor-widget elementor-widget-image\" data-id=\"8cd5241\" data-element_type=\"widget\" data-e-type=\"widget\" data-widget_type=\"image.default\">\n\t\t\t\t<div class=\"elementor-widget-container\">\n\t\t\t\t\t\t\t\t\t\t\t\t\t\t\t<img decoding=\"async\" width=\"780\" height=\"586\" data-src=\"https:\/\/www.wzdluzdrogi.pl\/wp-content\/uploads\/2025\/02\/tibidabo-najpiekniejsze-punkty-widokowe-barcelony-1024x769.jpg\" class=\"attachment-large size-large wp-image-3957 lazyload\" alt=\"\" data-srcset=\"https:\/\/www.wzdluzdrogi.pl\/wp-content\/uploads\/2025\/02\/tibidabo-najpiekniejsze-punkty-widokowe-barcelony-1024x769.jpg 1024w, https:\/\/www.wzdluzdrogi.pl\/wp-content\/uploads\/2025\/02\/tibidabo-najpiekniejsze-punkty-widokowe-barcelony-300x225.jpg 300w, https:\/\/www.wzdluzdrogi.pl\/wp-content\/uploads\/2025\/02\/tibidabo-najpiekniejsze-punkty-widokowe-barcelony-768x577.jpg 768w, https:\/\/www.wzdluzdrogi.pl\/wp-content\/uploads\/2025\/02\/tibidabo-najpiekniejsze-punkty-widokowe-barcelony-1536x1153.jpg 1536w, https:\/\/www.wzdluzdrogi.pl\/wp-content\/uploads\/2025\/02\/tibidabo-najpiekniejsze-punkty-widokowe-barcelony-2048x1538.jpg 2048w, https:\/\/www.wzdluzdrogi.pl\/wp-content\/uploads\/2025\/02\/tibidabo-najpiekniejsze-punkty-widokowe-barcelony-scaled.jpg 1600w\" data-sizes=\"(max-width: 780px) 100vw, 780px\" src=\"data:image\/svg+xml;base64,PHN2ZyB3aWR0aD0iMSIgaGVpZ2h0PSIxIiB4bWxucz0iaHR0cDovL3d3dy53My5vcmcvMjAwMC9zdmciPjwvc3ZnPg==\" style=\"--smush-placeholder-width: 780px; --smush-placeholder-aspect-ratio: 780\/586;\" \/>\t\t\t\t\t\t\t\t\t\t\t\t\t\t\t<\/div>\n\t\t\t\t<\/div>\n\t\t\t\t\t<\/div>\n\t\t<\/div>\n\t\t\t\t\t<\/div>\n\t\t<\/section>\n\t\t\t\t<section class=\"elementor-section elementor-top-section elementor-element elementor-element-c89ec8c elementor-section-boxed elementor-section-height-default elementor-section-height-default\" data-id=\"c89ec8c\" data-element_type=\"section\" data-e-type=\"section\">\n\t\t\t\t\t\t<div class=\"elementor-container elementor-column-gap-default\">\n\t\t\t\t\t<div class=\"elementor-column elementor-col-100 elementor-top-column elementor-element elementor-element-986f568\" data-id=\"986f568\" data-element_type=\"column\" data-e-type=\"column\">\n\t\t\t<div class=\"elementor-widget-wrap elementor-element-populated\">\n\t\t\t\t\t\t<div class=\"elementor-element elementor-element-bf1f57d elementor-widget elementor-widget-heading\" data-id=\"bf1f57d\" data-element_type=\"widget\" data-e-type=\"widget\" data-widget_type=\"heading.default\">\n\t\t\t\t<div class=\"elementor-widget-container\">\n\t\t\t\t\t<h3 class=\"elementor-heading-title elementor-size-default\"><span class=\"ez-toc-section\" id=\"Park_Turo_del_Putxet\"><\/span>Park Tur\u00f3 del Putxet <span class=\"ez-toc-section-end\"><\/span><\/h3>\t\t\t\t<\/div>\n\t\t\t\t<\/div>\n\t\t\t\t<div class=\"elementor-element elementor-element-7d0bdab elementor-widget elementor-widget-text-editor\" data-id=\"7d0bdab\" data-element_type=\"widget\" data-e-type=\"widget\" data-widget_type=\"text-editor.default\">\n\t\t\t\t<div class=\"elementor-widget-container\">\n\t\t\t\t\t\t\t\t\t<p>Ma\u0142o kto tu zagl\u0105da, a szkoda! To cichy, zielony park, kt\u00f3ry oferuje widok na miasto w nieco innym uj\u0119ciu ni\u017c Bunkers del Carmel. Je\u015bli chcesz unikn\u0105\u0107 t\u0142um\u00f3w, ale nadal cieszy\u0107 si\u0119 panoram\u0105, to idealne miejsce na poranny spacer.<\/p><p>Ten malowniczy park to prawdziwa ukryta pere\u0142ka dla mi\u0142o\u015bnik\u00f3w przyrody i spokojnych spacer\u00f3w. Po\u0142o\u017cony na wzg\u00f3rzu, oferuje bujn\u0105 \u015br\u00f3dziemnomorsk\u0105 ro\u015blinno\u015b\u0107 oraz przyjemne alejki spacerowe z \u0142aweczkami, placami zabaw i terenami rekreacyjnymi. Cho\u0107 teren jest do\u015b\u0107 stromy, zadbano o wygodne \u015bcie\u017cki i rampy, dzi\u0119ki czemu ka\u017cdy mo\u017ce cieszy\u0107 si\u0119 urokami tego miejsca.<\/p>\t\t\t\t\t\t\t\t<\/div>\n\t\t\t\t<\/div>\n\t\t\t\t\t<\/div>\n\t\t<\/div>\n\t\t\t\t\t<\/div>\n\t\t<\/section>\n\t\t\t\t<section class=\"elementor-section elementor-top-section elementor-element elementor-element-ef3679b elementor-section-boxed elementor-section-height-default elementor-section-height-default\" data-id=\"ef3679b\" data-element_type=\"section\" data-e-type=\"section\">\n\t\t\t\t\t\t<div class=\"elementor-container elementor-column-gap-default\">\n\t\t\t\t\t<div class=\"elementor-column elementor-col-100 elementor-top-column elementor-element elementor-element-73ca55a\" data-id=\"73ca55a\" data-element_type=\"column\" data-e-type=\"column\">\n\t\t\t<div class=\"elementor-widget-wrap elementor-element-populated\">\n\t\t\t\t\t\t<div class=\"elementor-element elementor-element-06fe713 elementor-widget elementor-widget-heading\" data-id=\"06fe713\" data-element_type=\"widget\" data-e-type=\"widget\" data-widget_type=\"heading.default\">\n\t\t\t\t<div class=\"elementor-widget-container\">\n\t\t\t\t\t<h3 class=\"elementor-heading-title elementor-size-default\"><span class=\"ez-toc-section\" id=\"Mirador_dels_Xiprers\"><\/span>Mirador dels Xiprers<span class=\"ez-toc-section-end\"><\/span><\/h3>\t\t\t\t<\/div>\n\t\t\t\t<\/div>\n\t\t\t\t<div class=\"elementor-element elementor-element-5dc19c5 elementor-widget elementor-widget-text-editor\" data-id=\"5dc19c5\" data-element_type=\"widget\" data-e-type=\"widget\" data-widget_type=\"text-editor.default\">\n\t\t\t\t<div class=\"elementor-widget-container\">\n\t\t\t\t\t\t\t\t\t<p>To miejsce jest ma\u0142o znane nawet w\u015br\u00f3d mieszka\u0144c\u00f3w Barcelony. Po\u0142o\u017cony nieco powy\u017cej parku Collserola, oferuje dziki, niekomercyjny widok na Barcelon\u0119 i otaczaj\u0105ce j\u0105 wzg\u00f3rza. Je\u015bli lubisz mniej turystyczne miejsca, to zdecydowanie powinno si\u0119 znale\u017a\u0107 na Twojej li\u015bcie. Mirador dels Xiprers to jeden z najpi\u0119kniejszych punkt\u00f3w widokowych w masywie Collserola, po\u0142o\u017cony przy Passeig de les Aig\u00fces, w pobli\u017cu Sant Pere M\u00e1rtir. Jest to idealne miejsce dla mi\u0142o\u015bnik\u00f3w spokojnych spacer\u00f3w i lekkich w\u0119dr\u00f3wek, poniewa\u017c szlak prowadz\u0105cy do punktu widokowego ma zaledwie nieco ponad kilometr d\u0142ugo\u015bci, niewielkie przewy\u017cszenie (66 m) i jest dost\u0119pny dla os\u00f3b o r\u00f3\u017cnym poziomie kondycji.<\/p>\t\t\t\t\t\t\t\t<\/div>\n\t\t\t\t<\/div>\n\t\t\t\t\t<\/div>\n\t\t<\/div>\n\t\t\t\t\t<\/div>\n\t\t<\/section>\n\t\t\t\t<section class=\"elementor-section elementor-top-section elementor-element elementor-element-156c6b0 elementor-section-boxed elementor-section-height-default elementor-section-height-default\" data-id=\"156c6b0\" data-element_type=\"section\" data-e-type=\"section\">\n\t\t\t\t\t\t<div class=\"elementor-container elementor-column-gap-default\">\n\t\t\t\t\t<div class=\"elementor-column elementor-col-100 elementor-top-column elementor-element elementor-element-a6f96cf\" data-id=\"a6f96cf\" data-element_type=\"column\" data-e-type=\"column\">\n\t\t\t<div class=\"elementor-widget-wrap elementor-element-populated\">\n\t\t\t\t\t\t<div class=\"elementor-element elementor-element-badaa21 elementor-widget elementor-widget-heading\" data-id=\"badaa21\" data-element_type=\"widget\" data-e-type=\"widget\" data-widget_type=\"heading.default\">\n\t\t\t\t<div class=\"elementor-widget-container\">\n\t\t\t\t\t<h3 class=\"elementor-heading-title elementor-size-default\"><span class=\"ez-toc-section\" id=\"Mirador_de_Horta\"><\/span>Mirador de Horta<span class=\"ez-toc-section-end\"><\/span><\/h3>\t\t\t\t<\/div>\n\t\t\t\t<\/div>\n\t\t\t\t<div class=\"elementor-element elementor-element-3e522e4 elementor-widget elementor-widget-text-editor\" data-id=\"3e522e4\" data-element_type=\"widget\" data-e-type=\"widget\" data-widget_type=\"text-editor.default\">\n\t\t\t\t<div class=\"elementor-widget-container\">\n\t\t\t\t\t\t\t\t\t<p>To miejsce nie jest jeszcze bardzo popularne w\u015br\u00f3d turyst\u00f3w, ale zdecydowanie warto je odwiedzi\u0107. Po\u0142o\u017cone w dzielnicy Horta, oferuje widok na ca\u0142\u0105 Barcelon\u0119, od Sagrady Fam\u00edlii po morze. Je\u015bli chcesz zobaczy\u0107 miasto z innej perspektywy i unikn\u0105\u0107 t\u0142um\u00f3w, Mirador de Horta jest \u015bwietnym wyborem.<\/p>\t\t\t\t\t\t\t\t<\/div>\n\t\t\t\t<\/div>\n\t\t\t\t\t<\/div>\n\t\t<\/div>\n\t\t\t\t\t<\/div>\n\t\t<\/section>\n\t\t\t\t<section class=\"elementor-section elementor-top-section elementor-element elementor-element-63826a5 elementor-section-boxed elementor-section-height-default elementor-section-height-default\" data-id=\"63826a5\" data-element_type=\"section\" data-e-type=\"section\">\n\t\t\t\t\t\t<div class=\"elementor-container elementor-column-gap-default\">\n\t\t\t\t\t<div class=\"elementor-column elementor-col-100 elementor-top-column elementor-element elementor-element-e3bca5f\" data-id=\"e3bca5f\" data-element_type=\"column\" data-e-type=\"column\">\n\t\t\t<div class=\"elementor-widget-wrap elementor-element-populated\">\n\t\t\t\t\t\t<div class=\"elementor-element elementor-element-ec15a6d elementor-widget elementor-widget-heading\" data-id=\"ec15a6d\" data-element_type=\"widget\" data-e-type=\"widget\" data-widget_type=\"heading.default\">\n\t\t\t\t<div class=\"elementor-widget-container\">\n\t\t\t\t\t<h3 class=\"elementor-heading-title elementor-size-default\"><span class=\"ez-toc-section\" id=\"Bonus_Wieza_Collserola_%E2%80%93_platny_ale_warto\"><\/span>Bonus: Wie\u017ca Collserola \u2013 p\u0142atny, ale warto!<span class=\"ez-toc-section-end\"><\/span><\/h3>\t\t\t\t<\/div>\n\t\t\t\t<\/div>\n\t\t\t\t<div class=\"elementor-element elementor-element-20295e5 elementor-widget elementor-widget-text-editor\" data-id=\"20295e5\" data-element_type=\"widget\" data-e-type=\"widget\" data-widget_type=\"text-editor.default\">\n\t\t\t\t<div class=\"elementor-widget-container\">\n\t\t\t\t\t\t\t\t\t<p>Na koniec, je\u015bli masz ochot\u0119 na <strong>najwy\u017cszy punkt widokowy w Barcelonie<\/strong>, koniecznie odwied\u017a Wie\u017c\u0119 Collserola. Wej\u015bcie jest p\u0142atne, ale to jedno z najbardziej spektakularnych miejsc do podziwiania Barcelony \u2013 zobaczysz ca\u0142e miasto, wybrze\u017ce i nawet Pireneje w oddali.<\/p><p>Wie\u017ca Collserola (<em>Torre de Collserola<\/em>) to imponuj\u0105ca wie\u017ca telekomunikacyjna, wzniesiona z okazji Igrzysk Olimpijskich w 1992 roku. Struktura wie\u017cy wyr\u00f3\u017cnia si\u0119 futurystycznym wygl\u0105dem \u2013 wysoka na 288 metr\u00f3w budowla dominuje nad krajobrazem Collseroli. Dzi\u0119ki swojemu po\u0142o\u017ceniu na wzg\u00f3rzu, na wysoko\u015bci 445 metr\u00f3w n.p.m., taras widokowy wie\u017cy oferuje spektakularne panoramy obejmuj\u0105ce Barcelon\u0119, Morze \u015ar\u00f3dziemne, a przy dobrej pogodzie nawet Pireneje! To jedno z najlepszych miejsc, by zobaczy\u0107 miasto z lotu ptaka i podziwia\u0107 jego r\u00f3\u017cnorodn\u0105 architektur\u0119 oraz naturalne otoczenie.<\/p>\t\t\t\t\t\t\t\t<\/div>\n\t\t\t\t<\/div>\n\t\t\t\t<div class=\"elementor-element elementor-element-cda905a elementor-widget elementor-widget-text-editor\" data-id=\"cda905a\" data-element_type=\"widget\" data-e-type=\"widget\" data-widget_type=\"text-editor.default\">\n\t\t\t\t<div class=\"elementor-widget-container\">\n\t\t\t\t\t\t\t\t\t<p>Je\u015bli dopiero planujesz swoj\u0105 podr\u00f3\u017c do stolicy Katalonii, sprawd\u017a <strong data-start=\"212\" data-end=\"313\"><a class=\"\" href=\"https:\/\/www.itaka.pl\/nasze-kierunki\/hiszpania\/barcelona\/\" target=\"_new\" rel=\"noopener\" data-start=\"214\" data-end=\"311\">aktualne oferty wyjazd\u00f3w do Barcelony<\/a><\/strong> \u2013 mo\u017ce znajdziesz idealn\u0105 opcj\u0119 z przelotem i noclegiem w dobrej cenie.\ud83d\ude0a<\/p>\t\t\t\t\t\t\t\t<\/div>\n\t\t\t\t<\/div>\n\t\t\t\t<div class=\"elementor-element elementor-element-b0c1d88 elementor-widget elementor-widget-image\" data-id=\"b0c1d88\" data-element_type=\"widget\" data-e-type=\"widget\" data-widget_type=\"image.default\">\n\t\t\t\t<div class=\"elementor-widget-container\">\n\t\t\t\t\t\t\t\t\t\t\t\t\t\t\t<img decoding=\"async\" data-src=\"https:\/\/www.wzdluzdrogi.pl\/wp-content\/uploads\/2025\/02\/Torre-de-Collserola-najpiekniejsze-punkty-widokowe-barcelony.jpg\" title=\"\" alt=\"\" src=\"data:image\/svg+xml;base64,PHN2ZyB3aWR0aD0iMSIgaGVpZ2h0PSIxIiB4bWxucz0iaHR0cDovL3d3dy53My5vcmcvMjAwMC9zdmciPjwvc3ZnPg==\" class=\"lazyload\" style=\"--smush-placeholder-width: 6459px; --smush-placeholder-aspect-ratio: 6459\/11483;\" \/>\t\t\t\t\t\t\t\t\t\t\t\t\t\t\t<\/div>\n\t\t\t\t<\/div>\n\t\t\t\t\t<\/div>\n\t\t<\/div>\n\t\t\t\t\t<\/div>\n\t\t<\/section>\n\t\t\t\t<section class=\"elementor-section elementor-top-section elementor-element elementor-element-52d0b52 elementor-section-full_width elementor-section-height-default elementor-section-height-default elementor-invisible\" data-id=\"52d0b52\" data-element_type=\"section\" data-e-type=\"section\" data-settings=\"{&quot;background_background&quot;:&quot;classic&quot;,&quot;animation&quot;:&quot;fadeInLeft&quot;}\">\n\t\t\t\t\t\t\t<div class=\"elementor-background-overlay\"><\/div>\n\t\t\t\t\t\t\t<div class=\"elementor-container elementor-column-gap-wider\">\n\t\t\t\t\t<div class=\"elementor-column elementor-col-33 elementor-top-column elementor-element elementor-element-97f2b4e\" data-id=\"97f2b4e\" data-element_type=\"column\" data-e-type=\"column\">\n\t\t\t<div class=\"elementor-widget-wrap elementor-element-populated\">\n\t\t\t\t\t\t<div class=\"elementor-element elementor-element-18149bb elementor-widget elementor-widget-image\" data-id=\"18149bb\" data-element_type=\"widget\" data-e-type=\"widget\" data-widget_type=\"image.default\">\n\t\t\t\t<div class=\"elementor-widget-container\">\n\t\t\t\t\t\t\t\t\t\t\t\t<figure class=\"wp-caption\">\n\t\t\t\t\t\t\t\t\t\t\t<a href=\"https:\/\/www.wzdluzdrogi.pl\/index.php\/2024\/06\/04\/atrakcje-gaudiego-w-barcelonie-ktore-musisz-zobaczyc\/\">\n\t\t\t\t\t\t\t<img decoding=\"async\" width=\"683\" height=\"1024\" data-src=\"https:\/\/www.wzdluzdrogi.pl\/wp-content\/uploads\/2024\/06\/MG_7436-2-683x1024.jpg\" class=\"elementor-animation-rotate attachment-large size-large wp-image-3539 lazyload\" alt=\"casa mila, atrakcje w barcelonie, \u015bladami gaudiego w barcelonie, co zobaczy\u0107 w barcelonie, ulice barcelony\" data-srcset=\"https:\/\/www.wzdluzdrogi.pl\/wp-content\/uploads\/2024\/06\/MG_7436-2-683x1024.jpg 683w, https:\/\/www.wzdluzdrogi.pl\/wp-content\/uploads\/2024\/06\/MG_7436-2-200x300.jpg 200w, https:\/\/www.wzdluzdrogi.pl\/wp-content\/uploads\/2024\/06\/MG_7436-2-768x1152.jpg 768w, https:\/\/www.wzdluzdrogi.pl\/wp-content\/uploads\/2024\/06\/MG_7436-2-1024x1536.jpg 1024w, https:\/\/www.wzdluzdrogi.pl\/wp-content\/uploads\/2024\/06\/MG_7436-2-scaled.jpg 1067w\" data-sizes=\"(max-width: 683px) 100vw, 683px\" src=\"data:image\/svg+xml;base64,PHN2ZyB3aWR0aD0iMSIgaGVpZ2h0PSIxIiB4bWxucz0iaHR0cDovL3d3dy53My5vcmcvMjAwMC9zdmciPjwvc3ZnPg==\" style=\"--smush-placeholder-width: 683px; --smush-placeholder-aspect-ratio: 683\/1024;\" \/>\t\t\t\t\t\t\t\t<\/a>\n\t\t\t\t\t\t\t\t\t\t\t<figcaption class=\"widget-image-caption wp-caption-text\">\u015aladami Gaudiego<\/figcaption>\n\t\t\t\t\t\t\t\t\t\t<\/figure>\n\t\t\t\t\t\t\t\t\t<\/div>\n\t\t\t\t<\/div>\n\t\t\t\t\t<\/div>\n\t\t<\/div>\n\t\t\t\t<div class=\"elementor-column elementor-col-33 elementor-top-column elementor-element elementor-element-97584c3\" data-id=\"97584c3\" data-element_type=\"column\" data-e-type=\"column\">\n\t\t\t<div class=\"elementor-widget-wrap elementor-element-populated\">\n\t\t\t\t\t\t<div class=\"elementor-element elementor-element-710347f elementor-widget elementor-widget-image\" data-id=\"710347f\" data-element_type=\"widget\" data-e-type=\"widget\" data-widget_type=\"image.default\">\n\t\t\t\t<div class=\"elementor-widget-container\">\n\t\t\t\t\t\t\t\t\t\t\t\t<figure class=\"wp-caption\">\n\t\t\t\t\t\t\t\t\t\t\t<a href=\"https:\/\/www.wzdluzdrogi.pl\/index.php\/2024\/06\/05\/najlepsze-parki-w-barcelonie-gdzie-wypoczniesz-od-zgielku-i-ludzi\/\">\n\t\t\t\t\t\t\t<img decoding=\"async\" width=\"683\" height=\"1024\" data-src=\"https:\/\/www.wzdluzdrogi.pl\/wp-content\/uploads\/2024\/06\/MG_7964-1-683x1024.jpg\" class=\"elementor-animation-rotate attachment-large size-large wp-image-3597 lazyload\" alt=\"parki w barcelonie, atrakcje barcelony\" data-srcset=\"https:\/\/www.wzdluzdrogi.pl\/wp-content\/uploads\/2024\/06\/MG_7964-1-683x1024.jpg 683w, https:\/\/www.wzdluzdrogi.pl\/wp-content\/uploads\/2024\/06\/MG_7964-1-200x300.jpg 200w, https:\/\/www.wzdluzdrogi.pl\/wp-content\/uploads\/2024\/06\/MG_7964-1-768x1152.jpg 768w, https:\/\/www.wzdluzdrogi.pl\/wp-content\/uploads\/2024\/06\/MG_7964-1-1024x1536.jpg 1024w, https:\/\/www.wzdluzdrogi.pl\/wp-content\/uploads\/2024\/06\/MG_7964-1-scaled.jpg 1067w\" data-sizes=\"(max-width: 683px) 100vw, 683px\" src=\"data:image\/svg+xml;base64,PHN2ZyB3aWR0aD0iMSIgaGVpZ2h0PSIxIiB4bWxucz0iaHR0cDovL3d3dy53My5vcmcvMjAwMC9zdmciPjwvc3ZnPg==\" style=\"--smush-placeholder-width: 683px; --smush-placeholder-aspect-ratio: 683\/1024;\" \/>\t\t\t\t\t\t\t\t<\/a>\n\t\t\t\t\t\t\t\t\t\t\t<figcaption class=\"widget-image-caption wp-caption-text\">Najlepsze parki w Barcelonie<\/figcaption>\n\t\t\t\t\t\t\t\t\t\t<\/figure>\n\t\t\t\t\t\t\t\t\t<\/div>\n\t\t\t\t<\/div>\n\t\t\t\t\t<\/div>\n\t\t<\/div>\n\t\t\t\t<div class=\"elementor-column elementor-col-33 elementor-top-column elementor-element elementor-element-d7699c6\" data-id=\"d7699c6\" data-element_type=\"column\" data-e-type=\"column\">\n\t\t\t<div class=\"elementor-widget-wrap elementor-element-populated\">\n\t\t\t\t\t\t<div class=\"elementor-element elementor-element-56c26fe elementor-widget elementor-widget-image\" data-id=\"56c26fe\" data-element_type=\"widget\" data-e-type=\"widget\" data-widget_type=\"image.default\">\n\t\t\t\t<div class=\"elementor-widget-container\">\n\t\t\t\t\t\t\t\t\t\t\t\t<figure class=\"wp-caption\">\n\t\t\t\t\t\t\t\t\t\t\t<a href=\"https:\/\/www.wzdluzdrogi.pl\/index.php\/2024\/06\/05\/10-atrakcji-barcelony-ktore-musisz-zobaczyc\/\">\n\t\t\t\t\t\t\t<img decoding=\"async\" width=\"683\" height=\"1024\" data-src=\"https:\/\/www.wzdluzdrogi.pl\/wp-content\/uploads\/2024\/06\/MG_7577-1-683x1024.jpg\" class=\"elementor-animation-rotate attachment-large size-large wp-image-3564 lazyload\" alt=\"\" data-srcset=\"https:\/\/www.wzdluzdrogi.pl\/wp-content\/uploads\/2024\/06\/MG_7577-1-683x1024.jpg 683w, https:\/\/www.wzdluzdrogi.pl\/wp-content\/uploads\/2024\/06\/MG_7577-1-200x300.jpg 200w, https:\/\/www.wzdluzdrogi.pl\/wp-content\/uploads\/2024\/06\/MG_7577-1-768x1152.jpg 768w, https:\/\/www.wzdluzdrogi.pl\/wp-content\/uploads\/2024\/06\/MG_7577-1-1024x1536.jpg 1024w, https:\/\/www.wzdluzdrogi.pl\/wp-content\/uploads\/2024\/06\/MG_7577-1-scaled.jpg 1067w\" data-sizes=\"(max-width: 683px) 100vw, 683px\" src=\"data:image\/svg+xml;base64,PHN2ZyB3aWR0aD0iMSIgaGVpZ2h0PSIxIiB4bWxucz0iaHR0cDovL3d3dy53My5vcmcvMjAwMC9zdmciPjwvc3ZnPg==\" style=\"--smush-placeholder-width: 683px; --smush-placeholder-aspect-ratio: 683\/1024;\" \/>\t\t\t\t\t\t\t\t<\/a>\n\t\t\t\t\t\t\t\t\t\t\t<figcaption class=\"widget-image-caption wp-caption-text\">10 atrakcji Barcelony, kt\u00f3re musisz zobaczy\u0107<\/figcaption>\n\t\t\t\t\t\t\t\t\t\t<\/figure>\n\t\t\t\t\t\t\t\t\t<\/div>\n\t\t\t\t<\/div>\n\t\t\t\t\t<\/div>\n\t\t<\/div>\n\t\t\t\t\t<\/div>\n\t\t<\/section>\n\t\t\t\t<section class=\"elementor-section elementor-top-section elementor-element elementor-element-4162467 elementor-section-boxed elementor-section-height-default elementor-section-height-default\" data-id=\"4162467\" data-element_type=\"section\" data-e-type=\"section\">\n\t\t\t\t\t\t<div class=\"elementor-container elementor-column-gap-default\">\n\t\t\t\t\t<div class=\"elementor-column elementor-col-100 elementor-top-column elementor-element elementor-element-49ab32b\" data-id=\"49ab32b\" data-element_type=\"column\" data-e-type=\"column\">\n\t\t\t<div class=\"elementor-widget-wrap elementor-element-populated\">\n\t\t\t\t\t\t<div class=\"elementor-element elementor-element-2294085 elementor-widget elementor-widget-heading\" data-id=\"2294085\" data-element_type=\"widget\" data-e-type=\"widget\" data-widget_type=\"heading.default\">\n\t\t\t\t<div class=\"elementor-widget-container\">\n\t\t\t\t\t<h4 class=\"elementor-heading-title elementor-size-default\"><span class=\"ez-toc-section\" id=\"Interesuja_cie_podroze_sledz_nas_na\"><\/span>Interesuj\u0105 ci\u0119 podr\u00f3\u017ce, \u015bled\u017a nas na:<span class=\"ez-toc-section-end\"><\/span><\/h4>\t\t\t\t<\/div>\n\t\t\t\t<\/div>\n\t\t\t\t<div class=\"elementor-element elementor-element-1b1840e elementor-shape-rounded elementor-grid-0 e-grid-align-center elementor-widget elementor-widget-social-icons\" data-id=\"1b1840e\" data-element_type=\"widget\" data-e-type=\"widget\" data-widget_type=\"social-icons.default\">\n\t\t\t\t<div class=\"elementor-widget-container\">\n\t\t\t\t\t\t\t<div class=\"elementor-social-icons-wrapper elementor-grid\" role=\"list\">\n\t\t\t\t\t\t\t<span class=\"elementor-grid-item\" role=\"listitem\">\n\t\t\t\t\t<a class=\"elementor-icon elementor-social-icon elementor-social-icon-facebook elementor-repeater-item-5838530\" href=\"https:\/\/www.facebook.com\/wzdluzdrogi\" target=\"_blank\">\n\t\t\t\t\t\t<span class=\"elementor-screen-only\">Facebook<\/span>\n\t\t\t\t\t\t<i aria-hidden=\"true\" class=\"fab fa-facebook\"><\/i>\t\t\t\t\t<\/a>\n\t\t\t\t<\/span>\n\t\t\t\t\t\t\t<span class=\"elementor-grid-item\" role=\"listitem\">\n\t\t\t\t\t<a class=\"elementor-icon elementor-social-icon elementor-social-icon-youtube elementor-repeater-item-78df668\" href=\"https:\/\/www.youtube.com\/channel\/UCW7xjbHjmE0P5_HMEhlFR5w\" target=\"_blank\">\n\t\t\t\t\t\t<span class=\"elementor-screen-only\">Youtube<\/span>\n\t\t\t\t\t\t<i aria-hidden=\"true\" class=\"fab fa-youtube\"><\/i>\t\t\t\t\t<\/a>\n\t\t\t\t<\/span>\n\t\t\t\t\t\t\t<span class=\"elementor-grid-item\" role=\"listitem\">\n\t\t\t\t\t<a class=\"elementor-icon elementor-social-icon elementor-social-icon-instagram elementor-repeater-item-4aec214\" href=\"https:\/\/www.instagram.com\/wzdluz_drogi\/?hl=pl\" target=\"_blank\">\n\t\t\t\t\t\t<span class=\"elementor-screen-only\">Instagram<\/span>\n\t\t\t\t\t\t<i aria-hidden=\"true\" class=\"fab fa-instagram\"><\/i>\t\t\t\t\t<\/a>\n\t\t\t\t<\/span>\n\t\t\t\t\t<\/div>\n\t\t\t\t\t\t<\/div>\n\t\t\t\t<\/div>\n\t\t\t\t\t<\/div>\n\t\t<\/div>\n\t\t\t\t\t<\/div>\n\t\t<\/section>\n\t\t\t\t<\/div>\n\t\t","protected":false},"excerpt":{"rendered":"<p>Mozaika kolorowych dach\u00f3w, b\u0142yszcz\u0105ce w s\u0142o\u0144cu Morze \u015ar\u00f3dziemne i strzeliste wie\u017ce Sagrady Fam\u00edlii \u2013 wszystko to wygl\u0105da jeszcze bardziej spektakularnie, gdy patrzysz na nie z odpowiedniej wysoko\u015bci. I najlepsze? Wcale nie musisz wydawa\u0107 pieni\u0119dzy, \u017ceby zobaczy\u0107 te widoki! Je\u015bli chcesz poczu\u0107 si\u0119 jak prawdziwy mieszkaniec tego miasta, usi\u0105\u015b\u0107 na murku z widokiem na miasto i &hellip; <\/p>\n","protected":false},"author":1,"featured_media":3956,"comment_status":"open","ping_status":"closed","sticky":false,"template":"","format":"standard","meta":{"_monsterinsights_skip_tracking":false,"_monsterinsights_sitenote_active":false,"_monsterinsights_sitenote_note":"","_monsterinsights_sitenote_category":0,"footnotes":""},"categories":[100,99,26],"tags":[],"class_list":["post-3954","post","type-post","status-publish","format-standard","has-post-thumbnail","hentry","category-barcelona","category-hiszpania","category-podroze"],"yoast_head":"<!-- This site is optimized with the Yoast SEO plugin v26.5 - https:\/\/yoast.com\/wordpress\/plugins\/seo\/ -->\n<title>Najpi\u0119kniejsze punkty widokowe w Barcelonie - Wzd\u0142u\u017c Drogi<\/title>\n<meta name=\"robots\" content=\"index, follow, max-snippet:-1, max-image-preview:large, max-video-preview:-1\" \/>\n<link rel=\"canonical\" href=\"https:\/\/www.wzdluzdrogi.pl\/index.php\/2025\/02\/12\/najpiekniejsze-punkty-widokowe-w-barcelonie\/\" \/>\n<meta property=\"og:locale\" content=\"pl_PL\" \/>\n<meta property=\"og:type\" content=\"article\" \/>\n<meta property=\"og:title\" content=\"Najpi\u0119kniejsze punkty widokowe w Barcelonie - Wzd\u0142u\u017c Drogi\" \/>\n<meta property=\"og:description\" content=\"Mozaika kolorowych dach\u00f3w, b\u0142yszcz\u0105ce w s\u0142o\u0144cu Morze \u015ar\u00f3dziemne i strzeliste wie\u017ce Sagrady Fam\u00edlii \u2013 wszystko to wygl\u0105da jeszcze bardziej spektakularnie, gdy patrzysz na nie z odpowiedniej wysoko\u015bci. I najlepsze? Wcale nie musisz wydawa\u0107 pieni\u0119dzy, \u017ceby zobaczy\u0107 te widoki! Je\u015bli chcesz poczu\u0107 si\u0119 jak prawdziwy mieszkaniec tego miasta, usi\u0105\u015b\u0107 na murku z widokiem na miasto i &hellip;\" \/>\n<meta property=\"og:url\" content=\"https:\/\/www.wzdluzdrogi.pl\/index.php\/2025\/02\/12\/najpiekniejsze-punkty-widokowe-w-barcelonie\/\" \/>\n<meta property=\"og:site_name\" content=\"Wzd\u0142u\u017c Drogi\" \/>\n<meta property=\"article:published_time\" content=\"2025-02-12T14:00:32+00:00\" \/>\n<meta property=\"article:modified_time\" content=\"2025-08-05T08:30:05+00:00\" \/>\n<meta property=\"og:image\" content=\"https:\/\/www.wzdluzdrogi.pl\/wp-content\/uploads\/2025\/02\/bunkry-carmel-barcelona-najlepsze-punkty-widokowe-barcelony-scaled.jpg\" \/>\n\t<meta property=\"og:image:width\" content=\"1600\" \/>\n\t<meta property=\"og:image:height\" content=\"1061\" \/>\n\t<meta property=\"og:image:type\" content=\"image\/jpeg\" \/>\n<meta name=\"author\" content=\"Wzdluzdrogi\" \/>\n<meta name=\"twitter:card\" content=\"summary_large_image\" \/>\n<meta name=\"twitter:label1\" content=\"Napisane przez\" \/>\n\t<meta name=\"twitter:data1\" content=\"Wzdluzdrogi\" \/>\n\t<meta name=\"twitter:label2\" content=\"Szacowany czas czytania\" \/>\n\t<meta name=\"twitter:data2\" content=\"10 minut\" \/>\n<script type=\"application\/ld+json\" class=\"yoast-schema-graph\">{\"@context\":\"https:\/\/schema.org\",\"@graph\":[{\"@type\":\"WebPage\",\"@id\":\"https:\/\/www.wzdluzdrogi.pl\/index.php\/2025\/02\/12\/najpiekniejsze-punkty-widokowe-w-barcelonie\/\",\"url\":\"https:\/\/www.wzdluzdrogi.pl\/index.php\/2025\/02\/12\/najpiekniejsze-punkty-widokowe-w-barcelonie\/\",\"name\":\"Najpi\u0119kniejsze punkty widokowe w Barcelonie - Wzd\u0142u\u017c Drogi\",\"isPartOf\":{\"@id\":\"https:\/\/www.wzdluzdrogi.pl\/#website\"},\"primaryImageOfPage\":{\"@id\":\"https:\/\/www.wzdluzdrogi.pl\/index.php\/2025\/02\/12\/najpiekniejsze-punkty-widokowe-w-barcelonie\/#primaryimage\"},\"image\":{\"@id\":\"https:\/\/www.wzdluzdrogi.pl\/index.php\/2025\/02\/12\/najpiekniejsze-punkty-widokowe-w-barcelonie\/#primaryimage\"},\"thumbnailUrl\":\"https:\/\/www.wzdluzdrogi.pl\/wp-content\/uploads\/2025\/02\/bunkry-carmel-barcelona-najlepsze-punkty-widokowe-barcelony-scaled.jpg\",\"datePublished\":\"2025-02-12T14:00:32+00:00\",\"dateModified\":\"2025-08-05T08:30:05+00:00\",\"author\":{\"@id\":\"https:\/\/www.wzdluzdrogi.pl\/#\/schema\/person\/74e57cccc529edf05c11ceaff979bf00\"},\"breadcrumb\":{\"@id\":\"https:\/\/www.wzdluzdrogi.pl\/index.php\/2025\/02\/12\/najpiekniejsze-punkty-widokowe-w-barcelonie\/#breadcrumb\"},\"inLanguage\":\"pl-PL\",\"potentialAction\":[{\"@type\":\"ReadAction\",\"target\":[\"https:\/\/www.wzdluzdrogi.pl\/index.php\/2025\/02\/12\/najpiekniejsze-punkty-widokowe-w-barcelonie\/\"]}]},{\"@type\":\"ImageObject\",\"inLanguage\":\"pl-PL\",\"@id\":\"https:\/\/www.wzdluzdrogi.pl\/index.php\/2025\/02\/12\/najpiekniejsze-punkty-widokowe-w-barcelonie\/#primaryimage\",\"url\":\"https:\/\/www.wzdluzdrogi.pl\/wp-content\/uploads\/2025\/02\/bunkry-carmel-barcelona-najlepsze-punkty-widokowe-barcelony-scaled.jpg\",\"contentUrl\":\"https:\/\/www.wzdluzdrogi.pl\/wp-content\/uploads\/2025\/02\/bunkry-carmel-barcelona-najlepsze-punkty-widokowe-barcelony-scaled.jpg\",\"width\":1600,\"height\":1061},{\"@type\":\"BreadcrumbList\",\"@id\":\"https:\/\/www.wzdluzdrogi.pl\/index.php\/2025\/02\/12\/najpiekniejsze-punkty-widokowe-w-barcelonie\/#breadcrumb\",\"itemListElement\":[{\"@type\":\"ListItem\",\"position\":1,\"name\":\"Strona g\u0142\u00f3wna\",\"item\":\"https:\/\/www.wzdluzdrogi.pl\/\"},{\"@type\":\"ListItem\",\"position\":2,\"name\":\"Najpi\u0119kniejsze punkty widokowe w Barcelonie\"}]},{\"@type\":\"WebSite\",\"@id\":\"https:\/\/www.wzdluzdrogi.pl\/#website\",\"url\":\"https:\/\/www.wzdluzdrogi.pl\/\",\"name\":\"Wzd\u0142u\u017c Drogi\",\"description\":\"Podr\u00f3\u017ce w rytmie slow\",\"potentialAction\":[{\"@type\":\"SearchAction\",\"target\":{\"@type\":\"EntryPoint\",\"urlTemplate\":\"https:\/\/www.wzdluzdrogi.pl\/?s={search_term_string}\"},\"query-input\":{\"@type\":\"PropertyValueSpecification\",\"valueRequired\":true,\"valueName\":\"search_term_string\"}}],\"inLanguage\":\"pl-PL\"},{\"@type\":\"Person\",\"@id\":\"https:\/\/www.wzdluzdrogi.pl\/#\/schema\/person\/74e57cccc529edf05c11ceaff979bf00\",\"name\":\"Wzdluzdrogi\",\"image\":{\"@type\":\"ImageObject\",\"inLanguage\":\"pl-PL\",\"@id\":\"https:\/\/www.wzdluzdrogi.pl\/#\/schema\/person\/image\/\",\"url\":\"https:\/\/secure.gravatar.com\/avatar\/5338c7b0ffcf3c9b5c99db5ffd459d84?s=96&d=mm&r=g\",\"contentUrl\":\"https:\/\/secure.gravatar.com\/avatar\/5338c7b0ffcf3c9b5c99db5ffd459d84?s=96&d=mm&r=g\",\"caption\":\"Wzdluzdrogi\"},\"sameAs\":[\"http:\/\/www.wzdluzdrogi.pl\"],\"url\":\"https:\/\/www.wzdluzdrogi.pl\/index.php\/author\/wzdluzdrogi\/\"}]}<\/script>\n<!-- \/ Yoast SEO plugin. -->","yoast_head_json":{"title":"Najpi\u0119kniejsze punkty widokowe w Barcelonie - Wzd\u0142u\u017c Drogi","robots":{"index":"index","follow":"follow","max-snippet":"max-snippet:-1","max-image-preview":"max-image-preview:large","max-video-preview":"max-video-preview:-1"},"canonical":"https:\/\/www.wzdluzdrogi.pl\/index.php\/2025\/02\/12\/najpiekniejsze-punkty-widokowe-w-barcelonie\/","og_locale":"pl_PL","og_type":"article","og_title":"Najpi\u0119kniejsze punkty widokowe w Barcelonie - Wzd\u0142u\u017c Drogi","og_description":"Mozaika kolorowych dach\u00f3w, b\u0142yszcz\u0105ce w s\u0142o\u0144cu Morze \u015ar\u00f3dziemne i strzeliste wie\u017ce Sagrady Fam\u00edlii \u2013 wszystko to wygl\u0105da jeszcze bardziej spektakularnie, gdy patrzysz na nie z odpowiedniej wysoko\u015bci. I najlepsze? Wcale nie musisz wydawa\u0107 pieni\u0119dzy, \u017ceby zobaczy\u0107 te widoki! Je\u015bli chcesz poczu\u0107 si\u0119 jak prawdziwy mieszkaniec tego miasta, usi\u0105\u015b\u0107 na murku z widokiem na miasto i &hellip;","og_url":"https:\/\/www.wzdluzdrogi.pl\/index.php\/2025\/02\/12\/najpiekniejsze-punkty-widokowe-w-barcelonie\/","og_site_name":"Wzd\u0142u\u017c Drogi","article_published_time":"2025-02-12T14:00:32+00:00","article_modified_time":"2025-08-05T08:30:05+00:00","og_image":[{"width":1600,"height":1061,"url":"https:\/\/www.wzdluzdrogi.pl\/wp-content\/uploads\/2025\/02\/bunkry-carmel-barcelona-najlepsze-punkty-widokowe-barcelony-scaled.jpg","type":"image\/jpeg"}],"author":"Wzdluzdrogi","twitter_card":"summary_large_image","twitter_misc":{"Napisane przez":"Wzdluzdrogi","Szacowany czas czytania":"10 minut"},"schema":{"@context":"https:\/\/schema.org","@graph":[{"@type":"WebPage","@id":"https:\/\/www.wzdluzdrogi.pl\/index.php\/2025\/02\/12\/najpiekniejsze-punkty-widokowe-w-barcelonie\/","url":"https:\/\/www.wzdluzdrogi.pl\/index.php\/2025\/02\/12\/najpiekniejsze-punkty-widokowe-w-barcelonie\/","name":"Najpi\u0119kniejsze punkty widokowe w Barcelonie - Wzd\u0142u\u017c Drogi","isPartOf":{"@id":"https:\/\/www.wzdluzdrogi.pl\/#website"},"primaryImageOfPage":{"@id":"https:\/\/www.wzdluzdrogi.pl\/index.php\/2025\/02\/12\/najpiekniejsze-punkty-widokowe-w-barcelonie\/#primaryimage"},"image":{"@id":"https:\/\/www.wzdluzdrogi.pl\/index.php\/2025\/02\/12\/najpiekniejsze-punkty-widokowe-w-barcelonie\/#primaryimage"},"thumbnailUrl":"https:\/\/www.wzdluzdrogi.pl\/wp-content\/uploads\/2025\/02\/bunkry-carmel-barcelona-najlepsze-punkty-widokowe-barcelony-scaled.jpg","datePublished":"2025-02-12T14:00:32+00:00","dateModified":"2025-08-05T08:30:05+00:00","author":{"@id":"https:\/\/www.wzdluzdrogi.pl\/#\/schema\/person\/74e57cccc529edf05c11ceaff979bf00"},"breadcrumb":{"@id":"https:\/\/www.wzdluzdrogi.pl\/index.php\/2025\/02\/12\/najpiekniejsze-punkty-widokowe-w-barcelonie\/#breadcrumb"},"inLanguage":"pl-PL","potentialAction":[{"@type":"ReadAction","target":["https:\/\/www.wzdluzdrogi.pl\/index.php\/2025\/02\/12\/najpiekniejsze-punkty-widokowe-w-barcelonie\/"]}]},{"@type":"ImageObject","inLanguage":"pl-PL","@id":"https:\/\/www.wzdluzdrogi.pl\/index.php\/2025\/02\/12\/najpiekniejsze-punkty-widokowe-w-barcelonie\/#primaryimage","url":"https:\/\/www.wzdluzdrogi.pl\/wp-content\/uploads\/2025\/02\/bunkry-carmel-barcelona-najlepsze-punkty-widokowe-barcelony-scaled.jpg","contentUrl":"https:\/\/www.wzdluzdrogi.pl\/wp-content\/uploads\/2025\/02\/bunkry-carmel-barcelona-najlepsze-punkty-widokowe-barcelony-scaled.jpg","width":1600,"height":1061},{"@type":"BreadcrumbList","@id":"https:\/\/www.wzdluzdrogi.pl\/index.php\/2025\/02\/12\/najpiekniejsze-punkty-widokowe-w-barcelonie\/#breadcrumb","itemListElement":[{"@type":"ListItem","position":1,"name":"Strona g\u0142\u00f3wna","item":"https:\/\/www.wzdluzdrogi.pl\/"},{"@type":"ListItem","position":2,"name":"Najpi\u0119kniejsze punkty widokowe w Barcelonie"}]},{"@type":"WebSite","@id":"https:\/\/www.wzdluzdrogi.pl\/#website","url":"https:\/\/www.wzdluzdrogi.pl\/","name":"Wzd\u0142u\u017c Drogi","description":"Podr\u00f3\u017ce w rytmie slow","potentialAction":[{"@type":"SearchAction","target":{"@type":"EntryPoint","urlTemplate":"https:\/\/www.wzdluzdrogi.pl\/?s={search_term_string}"},"query-input":{"@type":"PropertyValueSpecification","valueRequired":true,"valueName":"search_term_string"}}],"inLanguage":"pl-PL"},{"@type":"Person","@id":"https:\/\/www.wzdluzdrogi.pl\/#\/schema\/person\/74e57cccc529edf05c11ceaff979bf00","name":"Wzdluzdrogi","image":{"@type":"ImageObject","inLanguage":"pl-PL","@id":"https:\/\/www.wzdluzdrogi.pl\/#\/schema\/person\/image\/","url":"https:\/\/secure.gravatar.com\/avatar\/5338c7b0ffcf3c9b5c99db5ffd459d84?s=96&d=mm&r=g","contentUrl":"https:\/\/secure.gravatar.com\/avatar\/5338c7b0ffcf3c9b5c99db5ffd459d84?s=96&d=mm&r=g","caption":"Wzdluzdrogi"},"sameAs":["http:\/\/www.wzdluzdrogi.pl"],"url":"https:\/\/www.wzdluzdrogi.pl\/index.php\/author\/wzdluzdrogi\/"}]}},"_links":{"self":[{"href":"https:\/\/www.wzdluzdrogi.pl\/index.php\/wp-json\/wp\/v2\/posts\/3954","targetHints":{"allow":["GET"]}}],"collection":[{"href":"https:\/\/www.wzdluzdrogi.pl\/index.php\/wp-json\/wp\/v2\/posts"}],"about":[{"href":"https:\/\/www.wzdluzdrogi.pl\/index.php\/wp-json\/wp\/v2\/types\/post"}],"author":[{"embeddable":true,"href":"https:\/\/www.wzdluzdrogi.pl\/index.php\/wp-json\/wp\/v2\/users\/1"}],"replies":[{"embeddable":true,"href":"https:\/\/www.wzdluzdrogi.pl\/index.php\/wp-json\/wp\/v2\/comments?post=3954"}],"version-history":[{"count":19,"href":"https:\/\/www.wzdluzdrogi.pl\/index.php\/wp-json\/wp\/v2\/posts\/3954\/revisions"}],"predecessor-version":[{"id":4516,"href":"https:\/\/www.wzdluzdrogi.pl\/index.php\/wp-json\/wp\/v2\/posts\/3954\/revisions\/4516"}],"wp:featuredmedia":[{"embeddable":true,"href":"https:\/\/www.wzdluzdrogi.pl\/index.php\/wp-json\/wp\/v2\/media\/3956"}],"wp:attachment":[{"href":"https:\/\/www.wzdluzdrogi.pl\/index.php\/wp-json\/wp\/v2\/media?parent=3954"}],"wp:term":[{"taxonomy":"category","embeddable":true,"href":"https:\/\/www.wzdluzdrogi.pl\/index.php\/wp-json\/wp\/v2\/categories?post=3954"},{"taxonomy":"post_tag","embeddable":true,"href":"https:\/\/www.wzdluzdrogi.pl\/index.php\/wp-json\/wp\/v2\/tags?post=3954"}],"curies":[{"name":"wp","href":"https:\/\/api.w.org\/{rel}","templated":true}]}}