{"id":40,"date":"2020-06-13T19:43:00","date_gmt":"2020-06-13T17:43:00","guid":{"rendered":""},"modified":"2024-07-12T18:38:18","modified_gmt":"2024-07-12T16:38:18","slug":"majorka-gotowy-plan-zwiedzania-soller-valldemossa","status":"publish","type":"post","link":"https:\/\/www.wzdluzdrogi.pl\/index.php\/2020\/06\/13\/majorka-gotowy-plan-zwiedzania-soller-valldemossa\/","title":{"rendered":"Z S\u00d3LLER, PRZEZ FORNALUTX, A\u017b DO VALLDEMOSSY &#8211; GOTOWY PLAN ZWIEDZANIA MAJORKI"},"content":{"rendered":"\n<p>Majorka, najwi\u0119ksza z Balear\u00f3w, to raj na ziemi, pe\u0142en urokliwych wiosek, malowniczych krajobraz\u00f3w i bogatej historii. Je\u015bli marzysz o podr\u00f3\u017cy, kt\u00f3ra pozwoli Ci zanurzy\u0107 si\u0119 w autentycznym pi\u0119knie tej wyspy, mamy dla Ciebie gotowy plan zwiedzania, kt\u00f3ry obejmuje nie tylko s\u0142ynne miejsca, ale tak\u017ce ukryte pere\u0142ki. Nasza trasa prowadzi od urokliwego S\u00f3ller, przez czaruj\u0105ce Fornalutx, a\u017c do historycznej Valldemossy.<\/p>\n\n\n<p>\u00a0<\/p>\n<p><iframe style=\"border: 0;\" tabindex=\"0\" data-src=\"https:\/\/www.google.com\/maps\/embed?pb=!1m64!1m12!1m3!1d196515.6378669684!2d2.533317477482178!3d39.682182244025284!2m3!1f0!2f0!3f0!3m2!1i1024!2i768!4f13.1!4m49!3e1!4m5!1s0x12979259c61ac757%3A0xc40d5406c3d058c6!2sPalma%20de%20Mallorca%2C%20Baleary%2C%20Hiszpania!3m2!1d39.5696005!2d2.6501603!4m5!1s0x1297e8bf0f60ed33%3A0xb0011fe8275e422e!2sS%C3%B3ller%2C%20Hiszpania!3m2!1d39.767069299999996!2d2.7157866!4m5!1s0x1297e87f11a8549d%3A0x531c0db8a9d2ac58!2sFornalutx%2C%20Hiszpania!3m2!1d39.782241899999995!2d2.7409654999999997!4m5!1s0x1297e5fb2f048597%3A0xa02af717f573e60!2sPort%20de%20S%C3%B3ller%2C%20Hiszpania!3m2!1d39.7951743!2d2.6974736!4m5!1s0x1297efb31c0c5473%3A0xf97fd9b36dd4d4e2!2sDei%C3%A0%2C%20Hiszpania!3m2!1d39.7479394!2d2.6483743!4m5!1s0x1297efce06886831%3A0x62a6ff3ff5ca13ee!2sSon%20Marroig%2C%20Diseminado%20Valldemossa%20Cr%2C%20Dei%C3%A0%2C%20Hiszpania!3m2!1d39.751311099999995!2d2.6293108!4m5!1s0x1297ee03ba8ac6ff%3A0x924852e78b96123e!2sValldemossa%2C%20Hiszpania!3m2!1d39.7114523!2d2.6225698!4m5!1s0x12979259c61ac757%3A0xc40d5406c3d058c6!2sPalma%20de%20Mallorca%2C%20Hiszpania!3m2!1d39.5696005!2d2.6501603!5e0!3m2!1spl!2sdk!4v1592073175812!5m2!1spl!2sdk\" width=\"600\" height=\"450\" frameborder=\"0\" allowfullscreen=\"allowfullscreen\" aria-hidden=\"false\" src=\"data:image\/svg+xml;base64,PHN2ZyB3aWR0aD0iMSIgaGVpZ2h0PSIxIiB4bWxucz0iaHR0cDovL3d3dy53My5vcmcvMjAwMC9zdmciPjwvc3ZnPg==\" class=\"lazyload\" data-load-mode=\"1\"><\/iframe><\/p>\n<div style=\"text-align: center;\">\u00a0<\/div>\n\n\n<p>Plan zwiedzania jest dosy\u0107 intensywny, jednocze\u015bnie idealny dla tych, kt\u00f3rzy odwiedzaj\u0105 Majork\u0119 tylko na kilka dni. Podczas zwiedzenia jest czas na k\u0105piel w morzu, jak i na ch\u0142odn\u0105 granit\u0119 w kawiarni.<\/p>\n\n\n\n<div style=\"height:69px\" aria-hidden=\"true\" class=\"wp-block-spacer\"><\/div>\n\n\n\n<div class=\"wp-block-columns alignfull is-layout-flex wp-container-core-columns-is-layout-2 wp-block-columns-is-layout-flex\">\n<div class=\"wp-block-column is-layout-flow wp-block-column-is-layout-flow\" style=\"flex-basis:50%\">\n<div class=\"wp-block-cover is-light\" style=\"min-height:600px;aspect-ratio:unset;\"><span aria-hidden=\"true\" class=\"wp-block-cover__background has-background-dim-100 has-background-dim\" style=\"background-color:#f6f6f6\"><\/span><div class=\"wp-block-cover__inner-container is-layout-flow wp-block-cover-is-layout-flow\"><div class=\"wp-block-image\">\n<figure class=\"aligncenter size-medium\"><img fetchpriority=\"high\" decoding=\"async\" width=\"300\" height=\"200\" src=\"https:\/\/www.wzdluzdrogi.pl\/wp-content\/uploads\/2021\/02\/MG_3838_1-300x200.jpg\" alt=\"cap de formentor, majorka\" class=\"wp-image-979\" srcset=\"https:\/\/www.wzdluzdrogi.pl\/wp-content\/uploads\/2021\/02\/MG_3838_1-300x200.jpg 300w, https:\/\/www.wzdluzdrogi.pl\/wp-content\/uploads\/2021\/02\/MG_3838_1-1024x682.jpg 1024w, https:\/\/www.wzdluzdrogi.pl\/wp-content\/uploads\/2021\/02\/MG_3838_1-768x512.jpg 768w, https:\/\/www.wzdluzdrogi.pl\/wp-content\/uploads\/2021\/02\/MG_3838_1-1536x1023.jpg 1536w, https:\/\/www.wzdluzdrogi.pl\/wp-content\/uploads\/2021\/02\/MG_3838_1-90x60.jpg 90w, https:\/\/www.wzdluzdrogi.pl\/wp-content\/uploads\/2021\/02\/MG_3838_1-800x530.jpg 800w, https:\/\/www.wzdluzdrogi.pl\/wp-content\/uploads\/2021\/02\/MG_3838_1-420x280.jpg 420w, https:\/\/www.wzdluzdrogi.pl\/wp-content\/uploads\/2021\/02\/MG_3838_1.jpg 1600w\" sizes=\"(max-width: 300px) 100vw, 300px\" \/><\/figure><\/div><\/div><\/div>\n<\/div>\n\n\n\n<div class=\"wp-block-column is-vertically-aligned-center is-layout-flow wp-block-column-is-layout-flow\" style=\"padding-top:1em;padding-right:1em;padding-bottom:1em;padding-left:1em\">\n<div class=\"wp-block-columns is-layout-flex wp-container-core-columns-is-layout-1 wp-block-columns-is-layout-flex\">\n<div class=\"wp-block-column is-layout-flow wp-block-column-is-layout-flow\" style=\"flex-basis:320px\">\n<p class=\"has-small-font-size\" style=\"line-height:1.6\"><strong>FAKTY O TRASIE:<\/strong><\/p>\n\n\n\n<p>Ca\u0142kowita d\u0142ugo\u015b\u0107 to 82 km.<\/p>\n\n\n\n<p>Trasa jest bardzo g\u00f3rzysta. Prowadzi przez pasmo g\u00f3rskie Serra de Tramuntana.<\/p>\n\n\n\n<p>Poziom trudno\u015bci na drodze: 2\/5<\/p>\n\n\n\n<p>Intensywno\u015b\u0107: 3\/5<\/p>\n\n\n\n<p>Zwiedzone miasta: 5<\/p>\n\n\n\n<p>Wyruszamy z Palmy. Droga MA 11.<\/p>\n\n\n\n<p>O godzinie 8:00 wyje\u017cd\u017camy spod naszego hostelu i kierujemy si\u0119 na p\u00f3\u0142noc, drog\u0105 MA 11.<\/p>\n<\/div>\n<\/div>\n<\/div>\n<\/div>\n\n\n\n<div style=\"height:62px\" aria-hidden=\"true\" class=\"wp-block-spacer\"><\/div>\n\n\n\n<div id=\"ez-toc-container\" class=\"ez-toc-v2_0_82_2 counter-hierarchy ez-toc-counter ez-toc-light-blue ez-toc-container-direction\">\n<p class=\"ez-toc-title\" style=\"cursor:inherit\">Spis tre\u015bci<\/p>\n<label for=\"ez-toc-cssicon-toggle-item-69f16c4a5957d\" class=\"ez-toc-cssicon-toggle-label\"><span class=\"\"><span class=\"eztoc-hide\" style=\"display:none;\">Toggle<\/span><span class=\"ez-toc-icon-toggle-span\"><svg style=\"fill: #999;color:#999\" xmlns=\"http:\/\/www.w3.org\/2000\/svg\" class=\"list-377408\" width=\"20px\" height=\"20px\" viewBox=\"0 0 24 24\" fill=\"none\"><path d=\"M6 6H4v2h2V6zm14 0H8v2h12V6zM4 11h2v2H4v-2zm16 0H8v2h12v-2zM4 16h2v2H4v-2zm16 0H8v2h12v-2z\" fill=\"currentColor\"><\/path><\/svg><svg style=\"fill: #999;color:#999\" class=\"arrow-unsorted-368013\" xmlns=\"http:\/\/www.w3.org\/2000\/svg\" width=\"10px\" height=\"10px\" viewBox=\"0 0 24 24\" version=\"1.2\" baseProfile=\"tiny\"><path d=\"M18.2 9.3l-6.2-6.3-6.2 6.3c-.2.2-.3.4-.3.7s.1.5.3.7c.2.2.4.3.7.3h11c.3 0 .5-.1.7-.3.2-.2.3-.5.3-.7s-.1-.5-.3-.7zM5.8 14.7l6.2 6.3 6.2-6.3c.2-.2.3-.5.3-.7s-.1-.5-.3-.7c-.2-.2-.4-.3-.7-.3h-11c-.3 0-.5.1-.7.3-.2.2-.3.5-.3.7s.1.5.3.7z\"\/><\/svg><\/span><\/span><\/label><input type=\"checkbox\"  id=\"ez-toc-cssicon-toggle-item-69f16c4a5957d\"  aria-label=\"Prze\u0142\u0105cznik\" \/><nav><ul class='ez-toc-list ez-toc-list-level-1 ' ><li class='ez-toc-page-1 ez-toc-heading-level-2'><a class=\"ez-toc-link ez-toc-heading-1\" href=\"https:\/\/www.wzdluzdrogi.pl\/index.php\/2020\/06\/13\/majorka-gotowy-plan-zwiedzania-soller-valldemossa\/#Soller\" >S\u00f3ller<\/a><\/li><li class='ez-toc-page-1 ez-toc-heading-level-2'><a class=\"ez-toc-link ez-toc-heading-2\" href=\"https:\/\/www.wzdluzdrogi.pl\/index.php\/2020\/06\/13\/majorka-gotowy-plan-zwiedzania-soller-valldemossa\/#Fornalutx\" >Fornalutx<\/a><\/li><li class='ez-toc-page-1 ez-toc-heading-level-2'><a class=\"ez-toc-link ez-toc-heading-3\" href=\"https:\/\/www.wzdluzdrogi.pl\/index.php\/2020\/06\/13\/majorka-gotowy-plan-zwiedzania-soller-valldemossa\/#Port_de_Soller\" >Port de S\u00f3ller<\/a><\/li><li class='ez-toc-page-1 ez-toc-heading-level-2'><a class=\"ez-toc-link ez-toc-heading-4\" href=\"https:\/\/www.wzdluzdrogi.pl\/index.php\/2020\/06\/13\/majorka-gotowy-plan-zwiedzania-soller-valldemossa\/#Deia\" >Deia<\/a><\/li><li class='ez-toc-page-1 ez-toc-heading-level-2'><a class=\"ez-toc-link ez-toc-heading-5\" href=\"https:\/\/www.wzdluzdrogi.pl\/index.php\/2020\/06\/13\/majorka-gotowy-plan-zwiedzania-soller-valldemossa\/#Son_Marroig\" >Son Marroig<\/a><\/li><li class='ez-toc-page-1 ez-toc-heading-level-2'><a class=\"ez-toc-link ez-toc-heading-6\" href=\"https:\/\/www.wzdluzdrogi.pl\/index.php\/2020\/06\/13\/majorka-gotowy-plan-zwiedzania-soller-valldemossa\/#Valldemossa\" >Valldemossa<\/a><\/li><li class='ez-toc-page-1 ez-toc-heading-level-2'><a class=\"ez-toc-link ez-toc-heading-7\" href=\"https:\/\/www.wzdluzdrogi.pl\/index.php\/2020\/06\/13\/majorka-gotowy-plan-zwiedzania-soller-valldemossa\/#Palma\" >Palma<\/a><\/li><\/ul><\/nav><\/div>\n<h2 class=\"wp-block-heading\"><span class=\"ez-toc-section\" id=\"Soller\"><\/span>S\u00f3ller<span class=\"ez-toc-section-end\"><\/span><\/h2>\n\n\n\n<p>Nieca\u0142\u0105 godzin\u0119 p\u00f3\u017aniej docieramy do pierwszego punktu na naszej mapie \u2014 S\u00f3ller. To tutaj rosn\u0105 najs\u0142odsze pomara\u0144cze i pili\u015bmy jedn\u0105 z najlepszych granit w \u017cyciu, zrobion\u0105 z lokalnych cytryn. Odwiedzaj\u0105c miasteczko w sezonie, napotkamy tu mn\u00f3stwo turyst\u00f3w, krocz\u0105cych popularnymi uliczkami. Niech jednak nie zniech\u0119ca ci\u0119 ich widok. Wystarczy troch\u0119 zboczy\u0107, a t\u0142um szybko si\u0119 rozrzedza.<\/p>\n\n\n\n<p>B\u0119d\u0105c w S\u00f3ller, warto zobaczy\u0107 zabytkowy, drewniany tramwaj, kt\u00f3ry jest g\u0142\u00f3wn\u0105 atrakcj\u0105 miasta. Ten urokliwy \u015brodek transportu zabierze Ci\u0119 do Port de S\u00f3ller, gdzie mo\u017cesz napawa\u0107 si\u0119 pi\u0119knymi widokami Majorka\u0144skiego wybrze\u017ca. S\u00f3ller zachwyca r\u00f3wnie\u017c swoj\u0105 architektur\u0105 \u2014 spaceruj\u0105c po miasteczku, podziwiaj pi\u0119kne kamienice, w\u0105skie uliczki i t\u0119tni\u0105cy \u017cyciem plac g\u0142\u00f3wny, gdzie warto zatrzyma\u0107 si\u0119 na kaw\u0119 i obserwowa\u0107 codzienne \u017cycie mieszka\u0144c\u00f3w.<\/p>\n\n\n\n<p>Nie przegap r\u00f3wnie\u017c wizyty w Jard\u00ed Bot\u00e0nic de S\u00f3ller, gdzie mo\u017cna podziwia\u0107 bogat\u0105 ro\u015blinno\u015b\u0107 regionu. S\u00f3ller to miejsce, kt\u00f3re \u0142\u0105czy w sobie naturalne pi\u0119kno z kulturalnym dziedzictwem, oferuj\u0105c co\u015b dla ka\u017cdego turysty.<\/p>\n\n\n\n<div style=\"height:100px\" aria-hidden=\"true\" class=\"wp-block-spacer\"><\/div>\n\n\n\n<figure class=\"wp-block-gallery has-nested-images columns-default is-cropped wp-block-gallery-1 is-layout-flex wp-block-gallery-is-layout-flex\">\n<figure class=\"wp-block-image size-large is-style-default\"><img decoding=\"async\" width=\"682\" height=\"1024\" data-id=\"493\" data-src=\"https:\/\/www.wzdluzdrogi.pl\/wp-content\/uploads\/2021\/02\/MG_3863-682x1024.jpg\" alt=\"5 miast, kt\u00f3re musisz zobaczy\u0107 na Majorce\" class=\"wp-image-493 lazyload\" data-srcset=\"https:\/\/www.wzdluzdrogi.pl\/wp-content\/uploads\/2021\/02\/MG_3863-682x1024.jpg 682w, https:\/\/www.wzdluzdrogi.pl\/wp-content\/uploads\/2021\/02\/MG_3863-200x300.jpg 200w, https:\/\/www.wzdluzdrogi.pl\/wp-content\/uploads\/2021\/02\/MG_3863-768x1153.jpg 768w, https:\/\/www.wzdluzdrogi.pl\/wp-content\/uploads\/2021\/02\/MG_3863-1023x1536.jpg 1023w, https:\/\/www.wzdluzdrogi.pl\/wp-content\/uploads\/2021\/02\/MG_3863-40x60.jpg 40w, https:\/\/www.wzdluzdrogi.pl\/wp-content\/uploads\/2021\/02\/MG_3863.jpg 1066w\" data-sizes=\"(max-width: 682px) 100vw, 682px\" src=\"data:image\/svg+xml;base64,PHN2ZyB3aWR0aD0iMSIgaGVpZ2h0PSIxIiB4bWxucz0iaHR0cDovL3d3dy53My5vcmcvMjAwMC9zdmciPjwvc3ZnPg==\" style=\"--smush-placeholder-width: 682px; --smush-placeholder-aspect-ratio: 682\/1024;\" \/><\/figure>\n\n\n\n<figure class=\"wp-block-image size-large is-style-default\"><img decoding=\"async\" width=\"682\" height=\"1024\" data-id=\"494\" data-src=\"https:\/\/www.wzdluzdrogi.pl\/wp-content\/uploads\/2021\/02\/MG_4005-682x1024.jpg\" alt=\"\" class=\"wp-image-494 lazyload\" data-srcset=\"https:\/\/www.wzdluzdrogi.pl\/wp-content\/uploads\/2021\/02\/MG_4005-682x1024.jpg 682w, https:\/\/www.wzdluzdrogi.pl\/wp-content\/uploads\/2021\/02\/MG_4005-200x300.jpg 200w, https:\/\/www.wzdluzdrogi.pl\/wp-content\/uploads\/2021\/02\/MG_4005-768x1153.jpg 768w, https:\/\/www.wzdluzdrogi.pl\/wp-content\/uploads\/2021\/02\/MG_4005-1023x1536.jpg 1023w, https:\/\/www.wzdluzdrogi.pl\/wp-content\/uploads\/2021\/02\/MG_4005-40x60.jpg 40w, https:\/\/www.wzdluzdrogi.pl\/wp-content\/uploads\/2021\/02\/MG_4005.jpg 1066w\" data-sizes=\"(max-width: 682px) 100vw, 682px\" src=\"data:image\/svg+xml;base64,PHN2ZyB3aWR0aD0iMSIgaGVpZ2h0PSIxIiB4bWxucz0iaHR0cDovL3d3dy53My5vcmcvMjAwMC9zdmciPjwvc3ZnPg==\" style=\"--smush-placeholder-width: 682px; --smush-placeholder-aspect-ratio: 682\/1024;\" \/><\/figure>\n\n\n\n<figure class=\"wp-block-image size-large is-style-default\"><img decoding=\"async\" width=\"1024\" height=\"648\" data-id=\"495\" data-src=\"https:\/\/www.wzdluzdrogi.pl\/wp-content\/uploads\/2021\/02\/MG_4043a-e1614115774839-1024x648.jpg\" alt=\"\" class=\"wp-image-495 lazyload\" data-srcset=\"https:\/\/www.wzdluzdrogi.pl\/wp-content\/uploads\/2021\/02\/MG_4043a-e1614115774839-1024x648.jpg 1024w, https:\/\/www.wzdluzdrogi.pl\/wp-content\/uploads\/2021\/02\/MG_4043a-e1614115774839-300x190.jpg 300w, https:\/\/www.wzdluzdrogi.pl\/wp-content\/uploads\/2021\/02\/MG_4043a-e1614115774839-768x486.jpg 768w, https:\/\/www.wzdluzdrogi.pl\/wp-content\/uploads\/2021\/02\/MG_4043a-e1614115774839-1536x972.jpg 1536w, https:\/\/www.wzdluzdrogi.pl\/wp-content\/uploads\/2021\/02\/MG_4043a-e1614115774839-95x60.jpg 95w, https:\/\/www.wzdluzdrogi.pl\/wp-content\/uploads\/2021\/02\/MG_4043a-e1614115774839.jpg 1600w\" data-sizes=\"(max-width: 1024px) 100vw, 1024px\" src=\"data:image\/svg+xml;base64,PHN2ZyB3aWR0aD0iMSIgaGVpZ2h0PSIxIiB4bWxucz0iaHR0cDovL3d3dy53My5vcmcvMjAwMC9zdmciPjwvc3ZnPg==\" style=\"--smush-placeholder-width: 1024px; --smush-placeholder-aspect-ratio: 1024\/648;\" \/><\/figure>\n<\/figure>\n\n\n\n<div style=\"height:51px\" aria-hidden=\"true\" class=\"wp-block-spacer\"><\/div>\n\n\n\n<hr class=\"wp-block-separator has-css-opacity is-style-default\"\/>\n\n\n<div class=\"wp-block-image is-style-rounded\">\n<figure class=\"aligncenter size-thumbnail is-resized\"><img decoding=\"async\" width=\"150\" height=\"150\" data-src=\"https:\/\/www.wzdluzdrogi.pl\/wp-content\/uploads\/2021\/02\/co-zobaczyc-na-cyprze-150x150.jpg\" alt=\"\" class=\"wp-image-1090 lazyload\" style=\"--smush-placeholder-width: 150px; --smush-placeholder-aspect-ratio: 150\/150;width:150px;height:150px\" data-srcset=\"https:\/\/www.wzdluzdrogi.pl\/wp-content\/uploads\/2021\/02\/co-zobaczyc-na-cyprze-150x150.jpg 150w, https:\/\/www.wzdluzdrogi.pl\/wp-content\/uploads\/2021\/02\/co-zobaczyc-na-cyprze-468x468.jpg 468w\" data-sizes=\"(max-width: 150px) 100vw, 150px\" src=\"data:image\/svg+xml;base64,PHN2ZyB3aWR0aD0iMSIgaGVpZ2h0PSIxIiB4bWxucz0iaHR0cDovL3d3dy53My5vcmcvMjAwMC9zdmciPjwvc3ZnPg==\" \/><\/figure><\/div>\n\n\n<blockquote class=\"wp-block-quote has-text-align-center is-style-large is-layout-flow wp-block-quote-is-layout-flow\">\n<p>&#8222;D\u0142ugi i merytoryczny przewodnik o S\u00f3ller znajdziesz we wpisie\u00a0<a href=\"http:\/\/www.wzdluzdrogi.pl\/index.php\/2020\/06\/30\/przewodnik-po-soller-co-warto-zobaczyc\/\" target=\"_blank\" rel=\"noreferrer noopener\">PRZEWODNIK PO S\u00d3LLER. CO WARTO ZOBACZY\u0106, GDZIE SPA\u0106<\/a>&#8222;<\/p>\n<cite>\u2014 Klaudia, autorka bloga<\/cite><\/blockquote>\n\n\n\n<hr class=\"wp-block-separator has-css-opacity is-style-default\"\/>\n\n\n\n<div style=\"height:100px\" aria-hidden=\"true\" class=\"wp-block-spacer\"><\/div>\n\n\n\n<h2 class=\"wp-block-heading\"><span class=\"ez-toc-section\" id=\"Fornalutx\"><\/span>Fornalutx <span class=\"ez-toc-section-end\"><\/span><\/h2>\n\n\n\n<p>Raptem rzut beretem od S\u00f3ller, kieruj\u0105c si\u0119 MA-2121, odnajdziemy o wiele cichsz\u0105 miejscowo\u015b\u0107 &#8211; Fornalutx. Jej niesamowicie urokliwe uliczki sprawiaj\u0105, \u017ce s\u0142ynna Valldemossa wychodzi blado na jej tle. Naprawd\u0119!<\/p>\n\n\n\n<p>Uliczki Fornalutx s\u0105 wr\u0119cz zapchane doniczkami pe\u0142nymi zielonych ro\u015blin. Kamienne schody pn\u0105 si\u0119 pomi\u0119dzy niewielkimi domkami, a widok sad\u00f3w pe\u0142nych pomara\u0144czy, limonek i cytryn sprawia, \u017ce masz ochot\u0119 zosta\u0107 tam na zawsze. Wie\u015b jest wi\u0119c idealnym miejscem na chwil\u0119 odpoczynku od turystycznego zgie\u0142ku i przerw\u0119 przed kolejnymi punktami dnia. I oczywi\u015bcie na seri\u0119 przecudownych zdj\u0119\u0107!<\/p>\n\n\n\n<p>Fornalutx s\u0142ynie r\u00f3wnie\u017c z wyj\u0105tkowej architektury, kt\u00f3ra przetrwa\u0142a w niezmienionej formie od \u015bredniowiecza. Spaceruj\u0105c po miasteczku, warto zwr\u00f3ci\u0107 uwag\u0119 na tradycyjne kamienne domy, ozdobione kwiatami i zieleni\u0105. <\/p>\n\n\n\n<p>Ciekawostk\u0105 jest fakt, \u017ce Fornalutx wielokrotnie zdobywa\u0142o nagrody za najpi\u0119kniejsz\u0105 wiosk\u0119 w Hiszpanii. Miejsce to jest prawdziwym rajem dla mi\u0142o\u015bnik\u00f3w przyrody i fotografii, oferuj\u0105c niesamowite widoki na g\u00f3ry Tramuntana i bujne sady. <\/p>\n\n\n\n<div style=\"height:61px\" aria-hidden=\"true\" class=\"wp-block-spacer\"><\/div>\n\n\n<div class=\"wp-block-image is-style-default\">\n<figure class=\"aligncenter size-large\"><img decoding=\"async\" width=\"1024\" height=\"504\" data-src=\"https:\/\/www.wzdluzdrogi.pl\/wp-content\/uploads\/2021\/02\/fornalutx-czy-warto-zwiedzic-miasta-majorki-najciekawsze-miasta-majorki-1024x504.jpg\" alt=\"\" class=\"wp-image-241 lazyload\" data-srcset=\"https:\/\/www.wzdluzdrogi.pl\/wp-content\/uploads\/2021\/02\/fornalutx-czy-warto-zwiedzic-miasta-majorki-najciekawsze-miasta-majorki-1024x504.jpg 1024w, https:\/\/www.wzdluzdrogi.pl\/wp-content\/uploads\/2021\/02\/fornalutx-czy-warto-zwiedzic-miasta-majorki-najciekawsze-miasta-majorki-300x148.jpg 300w, https:\/\/www.wzdluzdrogi.pl\/wp-content\/uploads\/2021\/02\/fornalutx-czy-warto-zwiedzic-miasta-majorki-najciekawsze-miasta-majorki-768x378.jpg 768w, https:\/\/www.wzdluzdrogi.pl\/wp-content\/uploads\/2021\/02\/fornalutx-czy-warto-zwiedzic-miasta-majorki-najciekawsze-miasta-majorki-1536x756.jpg 1536w, https:\/\/www.wzdluzdrogi.pl\/wp-content\/uploads\/2021\/02\/fornalutx-czy-warto-zwiedzic-miasta-majorki-najciekawsze-miasta-majorki-122x60.jpg 122w, https:\/\/www.wzdluzdrogi.pl\/wp-content\/uploads\/2021\/02\/fornalutx-czy-warto-zwiedzic-miasta-majorki-najciekawsze-miasta-majorki-1220x600.jpg 1220w, https:\/\/www.wzdluzdrogi.pl\/wp-content\/uploads\/2021\/02\/fornalutx-czy-warto-zwiedzic-miasta-majorki-najciekawsze-miasta-majorki.jpg 1600w\" data-sizes=\"(max-width: 1024px) 100vw, 1024px\" src=\"data:image\/svg+xml;base64,PHN2ZyB3aWR0aD0iMSIgaGVpZ2h0PSIxIiB4bWxucz0iaHR0cDovL3d3dy53My5vcmcvMjAwMC9zdmciPjwvc3ZnPg==\" style=\"--smush-placeholder-width: 1024px; --smush-placeholder-aspect-ratio: 1024\/504;\" \/><\/figure><\/div>\n\n\n<div style=\"height:100px\" aria-hidden=\"true\" class=\"wp-block-spacer\"><\/div>\n\n\n\n<hr class=\"wp-block-separator has-css-opacity is-style-default\"\/>\n\n\n<div class=\"wp-block-image is-style-rounded\">\n<figure class=\"aligncenter size-thumbnail is-resized\"><img decoding=\"async\" data-src=\"https:\/\/www.wzdluzdrogi.pl\/wp-content\/uploads\/2024\/06\/MG_7863-150x150.jpg\" alt=\"\" class=\"wp-image-3288 lazyload\" style=\"--smush-placeholder-width: 150px; --smush-placeholder-aspect-ratio: 150\/150;width:150px;height:150px\" src=\"data:image\/svg+xml;base64,PHN2ZyB3aWR0aD0iMSIgaGVpZ2h0PSIxIiB4bWxucz0iaHR0cDovL3d3dy53My5vcmcvMjAwMC9zdmciPjwvc3ZnPg==\" \/><\/figure><\/div>\n\n\n<blockquote class=\"wp-block-quote has-text-align-center is-style-large is-layout-flow wp-block-quote-is-layout-flow\">\n<p>&#8222;Chcesz dowiedzie\u0107 si\u0119, czy na pewno warto tu przyjecha\u0107? Zobacz nasz wpis\u00a0<a href=\"http:\/\/www.wzdluzdrogi.pl\/index.php\/2020\/02\/19\/fornalutx-wies-piekniejsza-niz-slynna-valldemossa\/\">FORNALUTX. WIE\u015a PI\u0118KNIEJSZA, NI\u017b S\u0141YNNA VALLDEMOSSA<\/a>&#8222;<\/p>\n<cite>\u2014 Kamil, autor bloga<\/cite><\/blockquote>\n\n\n\n<hr class=\"wp-block-separator has-css-opacity is-style-default\"\/>\n\n\n\n<div style=\"height:100px\" aria-hidden=\"true\" class=\"wp-block-spacer\"><\/div>\n\n\n\n<h2 class=\"wp-block-heading\"><span class=\"ez-toc-section\" id=\"Port_de_Soller\"><\/span>Port de S\u00f3ller<span class=\"ez-toc-section-end\"><\/span><\/h2>\n\n\n\n<p>Port de S\u00f3ller to kolejne miejsce, gdzie nietrudno b\u0119dzie nam znale\u017a\u0107 idealn\u0105 restauracj\u0119. Miasteczko oferuje wiele hoteli, co, jak mo\u017cna si\u0119 domy\u015bli\u0107, przyci\u0105ga turyst\u00f3w. Warto zrobi\u0107 sobie tutaj kr\u00f3tk\u0105 przerw\u0119 na k\u0105piel w morzu. Pla\u017ca w S\u00f3ller nie jest zbyt du\u017ca, gdy\u017c po\u0142\u0105czona jest bezpo\u015brednio z portem, ale widok na domki wybudowane na \u015bcianach g\u00f3r jest niesamowity.<\/p>\n\n\n\n<p>Port de S\u00f3ller to tak\u017ce doskona\u0142e miejsce na d\u0142u\u017cszy spacer wzd\u0142u\u017c wybrze\u017ca. Malownicza promenada ci\u0105gnie si\u0119 wzd\u0142u\u017c zatoki, oferuj\u0105c wspania\u0142e widoki na krystalicznie czyste wody Morza \u015ar\u00f3dziemnego. W porcie mo\u017cna podziwia\u0107 r\u00f3\u017cnorodne \u0142odzie, od ma\u0142ych rybackich kutr\u00f3w po luksusowe jachty.<\/p>\n\n\n\n<p>Ciekawostk\u0105 jest, \u017ce Port de S\u00f3ller by\u0142 przez wiele lat dost\u0119pny g\u0142\u00f3wnie od strony morza, co sprawia\u0142o, \u017ce zachowa\u0142 sw\u00f3j autentyczny, nieco odizolowany charakter. Dopiero otwarcie tunelu S\u00f3ller w 1997 roku u\u0142atwi\u0142o dost\u0119p drogowy do tego uroczego miejsca.<\/p>\n\n\n\n<p>Warto r\u00f3wnie\u017c wspomnie\u0107 o latarni morskiej Cap Gros, znajduj\u0105cej si\u0119 na jednym z ko\u0144c\u00f3w zatoki. Spacer do latarni oferuje przepi\u0119kne widoki na ca\u0142\u0105 okolic\u0119.<\/p>\n\n\n\n<div style=\"height:100px\" aria-hidden=\"true\" class=\"wp-block-spacer\"><\/div>\n\n\n\n<h2 class=\"wp-block-heading\"><span class=\"ez-toc-section\" id=\"Deia\"><\/span>Deia<span class=\"ez-toc-section-end\"><\/span><\/h2>\n\n\n\n<p>Z Port de S\u00f3ller musimy kierowa\u0107 si\u0119 drog\u0105 MA-10. Ten kawa\u0142ek trasy nie dla wszystkich mo\u017ce okaza\u0107 si\u0119 idealny. O ile wi\u0119kszo\u015b\u0107 drogi prowadz\u0105cej do poprzednich punkt\u00f3w by\u0142a p\u0142aska, o tyle trasa MA-10 prowadzi po zboczu g\u00f3r \u2013 niestety, nie istnieje \u017cadna inna alternatywa. Dla wielbicieli g\u00f3r b\u0119dzie spe\u0142nieniem marze\u0144, dla tych z l\u0119kiem wysoko\u015bci, mo\u017ce by\u0107 niekomfortowa.<\/p>\n\n\n\n<p>Droga do Deia jest bardzo malownicza i wyj\u0105tkowo szeroka \u2013 w por\u00f3wnaniu do innych, kt\u00f3re mo\u017cna spotka\u0107 na Majorce. Nie musisz si\u0119 wi\u0119c martwi\u0107 o auta jad\u0105ce z naprzeciwka. Ze spokojem dla ka\u017cdego znajdzie si\u0119 miejsce. Trasa jest jednak dosy\u0107 kr\u0119ta, przez co nie ma wielkiej mo\u017cliwo\u015bci, aby si\u0119 na niej rozp\u0119dzi\u0107. Dla niewprawnych w takich warunkach kierowc\u00f3w droga mo\u017ce si\u0119 przed\u0142u\u017cy\u0107 o nawet 20 minut, wi\u0119c zamiast umownych 25 minut, dojazd do Deia mo\u017ce nam zaj\u0105\u0107 nawet 40 minut.<\/p>\n\n\n\n<p>Deia to jedno z najpi\u0119kniejszych miasteczek na Majorce, znane ze swojej artystycznej atmosfery i pi\u0119knych krajobraz\u00f3w. W przesz\u0142o\u015bci przyci\u0105ga\u0142o wielu artyst\u00f3w, pisarzy i muzyk\u00f3w, kt\u00f3rzy szukali inspiracji w spokojnym otoczeniu. Deia nadal zachowuje sw\u00f3j artystyczny charakter, co mo\u017cna poczu\u0107, spaceruj\u0105c w\u0105skimi uliczkami pe\u0142nymi galerii sztuki, uroczych kafejek i butik\u00f3w.<\/p>\n\n\n\n<p>Ciekawostk\u0105 jest, \u017ce Deia by\u0142a domem dla znanego pisarza Roberta Gravesa, kt\u00f3ry mieszka\u0142 tu przez wi\u0119kszo\u015b\u0107 swojego \u017cycia. Jego dom, obecnie przekszta\u0142cony w muzeum, jest otwarty dla zwiedzaj\u0105cych i oferuje fascynuj\u0105cy wgl\u0105d w \u017cycie i tw\u00f3rczo\u015b\u0107 tego wybitnego autora.<\/p>\n\n\n\n<div style=\"height:100px\" aria-hidden=\"true\" class=\"wp-block-spacer\"><\/div>\n\n\n\n<h2 class=\"wp-block-heading\"><span class=\"ez-toc-section\" id=\"Son_Marroig\"><\/span>Son Marroig<span class=\"ez-toc-section-end\"><\/span><\/h2>\n\n\n\n<p>Jad\u0105c dalej MA-10 nie mo\u017cna przegapi\u0107 Son Marroig. Pi\u0119kna posiad\u0142o\u015b\u0107, a przy niej bia\u0142a, wykonana w stylu starogreckim, \u015bwi\u0105tynia, z kt\u00f3rej rozpo\u015bciera si\u0119 niespotykany nigdzie indziej widok na p\u00f3\u0142wysep Sa Foradada.<\/p>\n\n\n\n<p>Maj\u0105c wi\u0119cej czasu, mo\u017cna wybra\u0107 si\u0119 r\u00f3wnie\u017c spacerkiem na p\u00f3\u0142wysep. Doj\u015bcie do samego ko\u0144ca Sa Foradada zajmuje oko\u0142o godziny w jedn\u0105 stron\u0119.<\/p>\n\n\n\n<div style=\"height:100px\" aria-hidden=\"true\" class=\"wp-block-spacer\"><\/div>\n\n\n\n<h2 class=\"wp-block-heading\"><span class=\"ez-toc-section\" id=\"Valldemossa\"><\/span>Valldemossa<span class=\"ez-toc-section-end\"><\/span><\/h2>\n\n\n\n<p>Z Son Marroig do Valldemossy jedzie si\u0119 ju\u017c z g\u00f3rki \u2013 dos\u0142ownie. Droga (pod\u0105\u017camy MA-10) jest nadal kr\u0119ta, ale prowadzi znacznie w d\u00f3\u0142. Po uprzednim odwiedzeniu Fornalutx miasto prawdopodobnie nie urzeknie ci\u0119 tak bardzo, jak mia\u0142e\u015b nadziej\u0119, \u017ce to zrobi. Nie da si\u0119 jednak ukry\u0107, \u017ce Valldemossa ma znacznie wi\u0119cej historii do pokazania ni\u017c pi\u0119kna wie\u015b, kt\u00f3r\u0105 wcze\u015bniej odwiedzili\u015bmy.<\/p>\n\n\n\n<p>Chodz\u0105c uliczkami Valldemossy, kroczysz tymi samymi drogami, kt\u00f3re kiedy\u015b przemierza\u0142 Fryderyk Chopin, znany kompozytor i pianista. W mie\u015bcie warto wybra\u0107 si\u0119 do klasztoru, w kt\u00f3rym zobaczy\u0107 mo\u017cemy pami\u0105tki pozosta\u0142e po odwiedzinach Chopina i jego kochanki, francuskiej pisarki George Sand.<\/p>\n\n\n\n<p>Valldemossa to urocze miasteczko, kt\u00f3rego kamienne uliczki, malownicze domy i pi\u0119kne widoki na g\u00f3ry Serra de Tramuntana tworz\u0105 niezapomnian\u0105 atmosfer\u0119. Znajdziesz tu tak\u017ce wiele kafejek, restauracji i butik\u00f3w, gdzie mo\u017cna skosztowa\u0107 lokalnych specja\u0142\u00f3w i kupi\u0107 unikalne pami\u0105tki.<\/p>\n\n\n\n<p>Ciekawostk\u0105 jest, \u017ce Valldemossa by\u0142a r\u00f3wnie\u017c miejscem urodzenia \u015bw. Katarzyny z Valldemossy, jednej z patron\u00f3w Majorki. Jej dom rodzinny mo\u017cna zwiedza\u0107, a w ko\u015bciele parafialnym znajduje si\u0119 kaplica jej po\u015bwi\u0119cona.<\/p>\n\n\n<div class=\"wp-block-image is-style-default\">\n<figure class=\"aligncenter size-large\"><img decoding=\"async\" width=\"682\" height=\"1024\" data-src=\"https:\/\/www.wzdluzdrogi.pl\/wp-content\/uploads\/2021\/02\/MG_4005-682x1024.jpg\" alt=\"\" class=\"wp-image-494 lazyload\" data-srcset=\"https:\/\/www.wzdluzdrogi.pl\/wp-content\/uploads\/2021\/02\/MG_4005-682x1024.jpg 682w, https:\/\/www.wzdluzdrogi.pl\/wp-content\/uploads\/2021\/02\/MG_4005-200x300.jpg 200w, https:\/\/www.wzdluzdrogi.pl\/wp-content\/uploads\/2021\/02\/MG_4005-768x1153.jpg 768w, https:\/\/www.wzdluzdrogi.pl\/wp-content\/uploads\/2021\/02\/MG_4005-1023x1536.jpg 1023w, https:\/\/www.wzdluzdrogi.pl\/wp-content\/uploads\/2021\/02\/MG_4005-40x60.jpg 40w, https:\/\/www.wzdluzdrogi.pl\/wp-content\/uploads\/2021\/02\/MG_4005.jpg 1066w\" data-sizes=\"(max-width: 682px) 100vw, 682px\" src=\"data:image\/svg+xml;base64,PHN2ZyB3aWR0aD0iMSIgaGVpZ2h0PSIxIiB4bWxucz0iaHR0cDovL3d3dy53My5vcmcvMjAwMC9zdmciPjwvc3ZnPg==\" style=\"--smush-placeholder-width: 682px; --smush-placeholder-aspect-ratio: 682\/1024;\" \/><\/figure><\/div>\n\n\n<div style=\"height:46px\" aria-hidden=\"true\" class=\"wp-block-spacer\"><\/div>\n\n\n\n<hr class=\"wp-block-separator has-css-opacity is-style-default\"\/>\n\n\n<div class=\"wp-block-image is-style-rounded\">\n<figure class=\"aligncenter size-thumbnail is-resized\"><img decoding=\"async\" width=\"150\" height=\"150\" data-src=\"https:\/\/www.wzdluzdrogi.pl\/wp-content\/uploads\/2021\/02\/co-zobaczyc-na-cyprze-150x150.jpg\" alt=\"\" class=\"wp-image-1090 lazyload\" style=\"--smush-placeholder-width: 150px; --smush-placeholder-aspect-ratio: 150\/150;width:150px;height:150px\" data-srcset=\"https:\/\/www.wzdluzdrogi.pl\/wp-content\/uploads\/2021\/02\/co-zobaczyc-na-cyprze-150x150.jpg 150w, https:\/\/www.wzdluzdrogi.pl\/wp-content\/uploads\/2021\/02\/co-zobaczyc-na-cyprze-468x468.jpg 468w\" data-sizes=\"(max-width: 150px) 100vw, 150px\" src=\"data:image\/svg+xml;base64,PHN2ZyB3aWR0aD0iMSIgaGVpZ2h0PSIxIiB4bWxucz0iaHR0cDovL3d3dy53My5vcmcvMjAwMC9zdmciPjwvc3ZnPg==\" \/><\/figure><\/div>\n\n\n<blockquote class=\"wp-block-quote has-text-align-center is-style-large is-layout-flow wp-block-quote-is-layout-flow\">\n<p>&#8222;W sierpniu w mie\u015bcie odbywa si\u0119 Festivals Chopin de Valldemossa, czyli festiwal maj\u0105cy na celu upowszechni\u0107 dzie\u0142a muzyczne tw\u00f3rcy.&#8221;.<\/p>\n<\/blockquote>\n\n\n\n<hr class=\"wp-block-separator has-css-opacity is-style-default\"\/>\n\n\n\n<div style=\"height:100px\" aria-hidden=\"true\" class=\"wp-block-spacer\"><\/div>\n\n\n\n<h2 class=\"wp-block-heading\"><span class=\"ez-toc-section\" id=\"Palma\"><\/span>Palma<span class=\"ez-toc-section-end\"><\/span><\/h2>\n\n\n\n<p>Z Valldemossy prowadzi ju\u017c prosta droga do stolicy. W Palmie jeste\u015bmy ponownie oko\u0142o 19.<\/p>\n\n\n\n<p>Ca\u0142y plan ze spokojem mo\u017cna zrealizowa\u0107 w jeden dzie\u0144.&nbsp;\ud83d\ude0a&nbsp;<\/p>\n\n\n\n<div style=\"height:100px\" aria-hidden=\"true\" class=\"wp-block-spacer\"><\/div>\n\n\n\n<p class=\"has-text-align-center has-large-font-size\">INTERESUJE CI\u0118 MAJORKA?<br>ZOBACZ R\u00d3WNIE\u017b:<\/p>\n\n\n\n<div class=\"wp-block-media-text alignwide has-media-on-the-right is-stacked-on-mobile is-vertically-aligned-center has-background\" style=\"background-color:#f1f5c7\"><div class=\"wp-block-media-text__content\">\n<div class=\"wp-block-group\" style=\"padding-top:2em;padding-right:2em;padding-bottom:2em;padding-left:2em\"><div class=\"wp-block-group__inner-container is-layout-flow wp-block-group-is-layout-flow\">\n<p class=\"has-black-color has-text-color has-link-color wp-elements-c8fc01fe862b4248518485062cb62e70\" style=\"font-size:36px;line-height:1.2\"><strong><a href=\"https:\/\/www.wzdluzdrogi.pl\/index.php\/2021\/05\/12\/przewodnik-po-palma-de-mallorca-co-zobaczyc\/\">Przewodnik po Palma de Mallorca.<\/a> <\/strong><\/p>\n<\/div><\/div>\n<\/div><figure class=\"wp-block-media-text__media\"><img decoding=\"async\" width=\"1024\" height=\"683\" data-src=\"https:\/\/www.wzdluzdrogi.pl\/wp-content\/uploads\/2023\/10\/mallorca-w-pazdzierniku-jaka-pogoda-na-majorce-w-pazdzierniku-1024x683.jpg\" alt=\"majorka w pa\u017adzierniku, czy warto jecha\u0107 na majork\u0119 jesieni\u0105?\" class=\"wp-image-3163 size-full lazyload\" data-srcset=\"https:\/\/www.wzdluzdrogi.pl\/wp-content\/uploads\/2023\/10\/mallorca-w-pazdzierniku-jaka-pogoda-na-majorce-w-pazdzierniku-1024x683.jpg 1024w, https:\/\/www.wzdluzdrogi.pl\/wp-content\/uploads\/2023\/10\/mallorca-w-pazdzierniku-jaka-pogoda-na-majorce-w-pazdzierniku-300x200.jpg 300w, https:\/\/www.wzdluzdrogi.pl\/wp-content\/uploads\/2023\/10\/mallorca-w-pazdzierniku-jaka-pogoda-na-majorce-w-pazdzierniku-768x512.jpg 768w, https:\/\/www.wzdluzdrogi.pl\/wp-content\/uploads\/2023\/10\/mallorca-w-pazdzierniku-jaka-pogoda-na-majorce-w-pazdzierniku-1536x1024.jpg 1536w, https:\/\/www.wzdluzdrogi.pl\/wp-content\/uploads\/2023\/10\/mallorca-w-pazdzierniku-jaka-pogoda-na-majorce-w-pazdzierniku-2048x1365.jpg 2048w, https:\/\/www.wzdluzdrogi.pl\/wp-content\/uploads\/2023\/10\/mallorca-w-pazdzierniku-jaka-pogoda-na-majorce-w-pazdzierniku-90x60.jpg 90w, https:\/\/www.wzdluzdrogi.pl\/wp-content\/uploads\/2023\/10\/mallorca-w-pazdzierniku-jaka-pogoda-na-majorce-w-pazdzierniku-scaled.jpg 1600w\" data-sizes=\"(max-width: 1024px) 100vw, 1024px\" src=\"data:image\/svg+xml;base64,PHN2ZyB3aWR0aD0iMSIgaGVpZ2h0PSIxIiB4bWxucz0iaHR0cDovL3d3dy53My5vcmcvMjAwMC9zdmciPjwvc3ZnPg==\" style=\"--smush-placeholder-width: 1024px; --smush-placeholder-aspect-ratio: 1024\/683;\" \/><\/figure><\/div>\n\n\n\n<div class=\"wp-block-media-text alignwide is-stacked-on-mobile is-vertically-aligned-center has-background\" style=\"background-color:#fffdea\"><figure class=\"wp-block-media-text__media\"><img decoding=\"async\" width=\"1024\" height=\"721\" data-src=\"https:\/\/www.wzdluzdrogi.pl\/wp-content\/uploads\/2021\/02\/MG_3925a-1024x721.jpg\" alt=\"\" class=\"wp-image-838 size-full lazyload\" data-srcset=\"https:\/\/www.wzdluzdrogi.pl\/wp-content\/uploads\/2021\/02\/MG_3925a-1024x721.jpg 1024w, https:\/\/www.wzdluzdrogi.pl\/wp-content\/uploads\/2021\/02\/MG_3925a-300x211.jpg 300w, https:\/\/www.wzdluzdrogi.pl\/wp-content\/uploads\/2021\/02\/MG_3925a-768x541.jpg 768w, https:\/\/www.wzdluzdrogi.pl\/wp-content\/uploads\/2021\/02\/MG_3925a-1536x1082.jpg 1536w, https:\/\/www.wzdluzdrogi.pl\/wp-content\/uploads\/2021\/02\/MG_3925a-85x60.jpg 85w, https:\/\/www.wzdluzdrogi.pl\/wp-content\/uploads\/2021\/02\/MG_3925a.jpg 1600w\" data-sizes=\"(max-width: 1024px) 100vw, 1024px\" src=\"data:image\/svg+xml;base64,PHN2ZyB3aWR0aD0iMSIgaGVpZ2h0PSIxIiB4bWxucz0iaHR0cDovL3d3dy53My5vcmcvMjAwMC9zdmciPjwvc3ZnPg==\" style=\"--smush-placeholder-width: 1024px; --smush-placeholder-aspect-ratio: 1024\/721;\" \/><\/figure><div class=\"wp-block-media-text__content\">\n<div class=\"wp-block-group\" style=\"padding-top:2em;padding-right:2em;padding-bottom:2em;padding-left:2em\"><div class=\"wp-block-group__inner-container is-layout-flow wp-block-group-is-layout-flow\">\n<p class=\"has-black-color has-text-color has-link-color wp-elements-d1ab9a26062c00fcaa1c8d4cdaa85b8b\" style=\"font-size:36px;line-height:1.2\"><strong><a href=\"https:\/\/www.wzdluzdrogi.pl\/index.php\/2020\/03\/05\/skuterem-po-majorce-parkingi-kultura-jazdy\/\">Skuterem po Majorce. Parkingi, kultura jazdy i na co zwr\u00f3ci\u0107 uwag\u0119<\/a><\/strong><\/p>\n<\/div><\/div>\n<\/div><\/div>\n\n\n\n<div style=\"height:61px\" aria-hidden=\"true\" class=\"wp-block-spacer\"><\/div>\n\n\n\n<p class=\"has-text-align-center has-large-font-size\">INTERESUJ\u0104 CI\u0118 PODR\u00d3\u017bE? ZAOBSERWUJ NAS:<\/p>\n\n\n\n<ul class=\"wp-block-social-links aligncenter has-large-icon-size is-layout-flex wp-block-social-links-is-layout-flex\"><li class=\"wp-social-link wp-social-link-facebook  wp-block-social-link\"><a href=\"https:\/\/www.facebook.com\/wzdluzdrogi\" class=\"wp-block-social-link-anchor\"><svg width=\"24\" height=\"24\" viewBox=\"0 0 24 24\" version=\"1.1\" xmlns=\"http:\/\/www.w3.org\/2000\/svg\" aria-hidden=\"true\" focusable=\"false\"><path d=\"M12 2C6.5 2 2 6.5 2 12c0 5 3.7 9.1 8.4 9.9v-7H7.9V12h2.5V9.8c0-2.5 1.5-3.9 3.8-3.9 1.1 0 2.2.2 2.2.2v2.5h-1.3c-1.2 0-1.6.8-1.6 1.6V12h2.8l-.4 2.9h-2.3v7C18.3 21.1 22 17 22 12c0-5.5-4.5-10-10-10z\"><\/path><\/svg><span class=\"wp-block-social-link-label screen-reader-text\">Facebook<\/span><\/a><\/li>\n\n\n\n<li class=\"wp-social-link wp-social-link-instagram  wp-block-social-link\"><a href=\"https:\/\/www.instagram.com\/wzdluz_drogi\/?hl=pl\" class=\"wp-block-social-link-anchor\"><svg width=\"24\" height=\"24\" viewBox=\"0 0 24 24\" version=\"1.1\" xmlns=\"http:\/\/www.w3.org\/2000\/svg\" aria-hidden=\"true\" focusable=\"false\"><path d=\"M12,4.622c2.403,0,2.688,0.009,3.637,0.052c0.877,0.04,1.354,0.187,1.671,0.31c0.42,0.163,0.72,0.358,1.035,0.673 c0.315,0.315,0.51,0.615,0.673,1.035c0.123,0.317,0.27,0.794,0.31,1.671c0.043,0.949,0.052,1.234,0.052,3.637 s-0.009,2.688-0.052,3.637c-0.04,0.877-0.187,1.354-0.31,1.671c-0.163,0.42-0.358,0.72-0.673,1.035 c-0.315,0.315-0.615,0.51-1.035,0.673c-0.317,0.123-0.794,0.27-1.671,0.31c-0.949,0.043-1.233,0.052-3.637,0.052 s-2.688-0.009-3.637-0.052c-0.877-0.04-1.354-0.187-1.671-0.31c-0.42-0.163-0.72-0.358-1.035-0.673 c-0.315-0.315-0.51-0.615-0.673-1.035c-0.123-0.317-0.27-0.794-0.31-1.671C4.631,14.688,4.622,14.403,4.622,12 s0.009-2.688,0.052-3.637c0.04-0.877,0.187-1.354,0.31-1.671c0.163-0.42,0.358-0.72,0.673-1.035 c0.315-0.315,0.615-0.51,1.035-0.673c0.317-0.123,0.794-0.27,1.671-0.31C9.312,4.631,9.597,4.622,12,4.622 M12,3 C9.556,3,9.249,3.01,8.289,3.054C7.331,3.098,6.677,3.25,6.105,3.472C5.513,3.702,5.011,4.01,4.511,4.511 c-0.5,0.5-0.808,1.002-1.038,1.594C3.25,6.677,3.098,7.331,3.054,8.289C3.01,9.249,3,9.556,3,12c0,2.444,0.01,2.751,0.054,3.711 c0.044,0.958,0.196,1.612,0.418,2.185c0.23,0.592,0.538,1.094,1.038,1.594c0.5,0.5,1.002,0.808,1.594,1.038 c0.572,0.222,1.227,0.375,2.185,0.418C9.249,20.99,9.556,21,12,21s2.751-0.01,3.711-0.054c0.958-0.044,1.612-0.196,2.185-0.418 c0.592-0.23,1.094-0.538,1.594-1.038c0.5-0.5,0.808-1.002,1.038-1.594c0.222-0.572,0.375-1.227,0.418-2.185 C20.99,14.751,21,14.444,21,12s-0.01-2.751-0.054-3.711c-0.044-0.958-0.196-1.612-0.418-2.185c-0.23-0.592-0.538-1.094-1.038-1.594 c-0.5-0.5-1.002-0.808-1.594-1.038c-0.572-0.222-1.227-0.375-2.185-0.418C14.751,3.01,14.444,3,12,3L12,3z M12,7.378 c-2.552,0-4.622,2.069-4.622,4.622S9.448,16.622,12,16.622s4.622-2.069,4.622-4.622S14.552,7.378,12,7.378z M12,15 c-1.657,0-3-1.343-3-3s1.343-3,3-3s3,1.343,3,3S13.657,15,12,15z M16.804,6.116c-0.596,0-1.08,0.484-1.08,1.08 s0.484,1.08,1.08,1.08c0.596,0,1.08-0.484,1.08-1.08S17.401,6.116,16.804,6.116z\"><\/path><\/svg><span class=\"wp-block-social-link-label screen-reader-text\">Instagram<\/span><\/a><\/li>\n\n\n\n<li class=\"wp-social-link wp-social-link-youtube  wp-block-social-link\"><a href=\"https:\/\/www.youtube.com\/channel\/UCW7xjbHjmE0P5_HMEhlFR5w\" class=\"wp-block-social-link-anchor\"><svg width=\"24\" height=\"24\" viewBox=\"0 0 24 24\" version=\"1.1\" xmlns=\"http:\/\/www.w3.org\/2000\/svg\" aria-hidden=\"true\" focusable=\"false\"><path d=\"M21.8,8.001c0,0-0.195-1.378-0.795-1.985c-0.76-0.797-1.613-0.801-2.004-0.847c-2.799-0.202-6.997-0.202-6.997-0.202 h-0.009c0,0-4.198,0-6.997,0.202C4.608,5.216,3.756,5.22,2.995,6.016C2.395,6.623,2.2,8.001,2.2,8.001S2,9.62,2,11.238v1.517 c0,1.618,0.2,3.237,0.2,3.237s0.195,1.378,0.795,1.985c0.761,0.797,1.76,0.771,2.205,0.855c1.6,0.153,6.8,0.201,6.8,0.201 s4.203-0.006,7.001-0.209c0.391-0.047,1.243-0.051,2.004-0.847c0.6-0.607,0.795-1.985,0.795-1.985s0.2-1.618,0.2-3.237v-1.517 C22,9.62,21.8,8.001,21.8,8.001z M9.935,14.594l-0.001-5.62l5.404,2.82L9.935,14.594z\"><\/path><\/svg><span class=\"wp-block-social-link-label screen-reader-text\">YouTube<\/span><\/a><\/li><\/ul>\n","protected":false},"excerpt":{"rendered":"<p>Majorka, najwi\u0119ksza z Balear\u00f3w, to raj na ziemi, pe\u0142en urokliwych wiosek, malowniczych krajobraz\u00f3w i bogatej historii. Je\u015bli marzysz o podr\u00f3\u017cy, kt\u00f3ra pozwoli Ci zanurzy\u0107 si\u0119 w autentycznym pi\u0119knie tej wyspy, mamy dla Ciebie gotowy plan zwiedzania, kt\u00f3ry obejmuje nie tylko s\u0142ynne miejsca, ale tak\u017ce ukryte pere\u0142ki. Nasza trasa prowadzi od urokliwego S\u00f3ller, przez czaruj\u0105ce Fornalutx, &hellip; <\/p>\n","protected":false},"author":3,"featured_media":41,"comment_status":"open","ping_status":"closed","sticky":false,"template":"","format":"standard","meta":{"_monsterinsights_skip_tracking":false,"_monsterinsights_sitenote_active":false,"_monsterinsights_sitenote_note":"","_monsterinsights_sitenote_category":0,"footnotes":""},"categories":[35,26],"tags":[24,23,5],"class_list":["post-40","post","type-post","status-publish","format-standard","has-post-thumbnail","hentry","category-majorka","category-podroze","tag-majorka","tag-przewodnik","tag-travel"],"yoast_head":"<!-- This site is optimized with the Yoast SEO plugin v26.5 - https:\/\/yoast.com\/wordpress\/plugins\/seo\/ -->\n<title>Z S\u00d3LLER, PRZEZ FORNALUTX, A\u017b DO VALLDEMOSSY - GOTOWY PLAN ZWIEDZANIA MAJORKI - Wzd\u0142u\u017c Drogi<\/title>\n<meta name=\"description\" content=\"Pierwsze wakacje na Majorce? Skorzystaj z naszego gotowego plan zwiedzania Majorki i zainspiruj si\u0119 fantastycznymi atrakcjami Majorki.\" \/>\n<meta name=\"robots\" content=\"index, follow, max-snippet:-1, max-image-preview:large, max-video-preview:-1\" \/>\n<link rel=\"canonical\" href=\"https:\/\/www.wzdluzdrogi.pl\/index.php\/2020\/06\/13\/majorka-gotowy-plan-zwiedzania-soller-valldemossa\/\" \/>\n<meta property=\"og:locale\" content=\"pl_PL\" \/>\n<meta property=\"og:type\" content=\"article\" \/>\n<meta property=\"og:title\" content=\"Z S\u00d3LLER, PRZEZ FORNALUTX, A\u017b DO VALLDEMOSSY - GOTOWY PLAN ZWIEDZANIA MAJORKI - Wzd\u0142u\u017c Drogi\" \/>\n<meta property=\"og:description\" content=\"Pierwsze wakacje na Majorce? Skorzystaj z naszego gotowego plan zwiedzania Majorki i zainspiruj si\u0119 fantastycznymi atrakcjami Majorki.\" \/>\n<meta property=\"og:url\" content=\"https:\/\/www.wzdluzdrogi.pl\/index.php\/2020\/06\/13\/majorka-gotowy-plan-zwiedzania-soller-valldemossa\/\" \/>\n<meta property=\"og:site_name\" content=\"Wzd\u0142u\u017c Drogi\" \/>\n<meta property=\"article:published_time\" content=\"2020-06-13T17:43:00+00:00\" \/>\n<meta property=\"article:modified_time\" content=\"2024-07-12T16:38:18+00:00\" \/>\n<meta property=\"og:image\" content=\"https:\/\/www.wzdluzdrogi.pl\/wp-content\/uploads\/2020\/06\/balearic-islands-dreams-824928_1920-e1614115191315.jpg\" \/>\n\t<meta property=\"og:image:width\" content=\"1600\" \/>\n\t<meta property=\"og:image:height\" content=\"967\" \/>\n\t<meta property=\"og:image:type\" content=\"image\/jpeg\" \/>\n<meta name=\"author\" content=\"Wzd\u0142u\u017c Drogi\" \/>\n<meta name=\"twitter:card\" content=\"summary_large_image\" \/>\n<meta name=\"twitter:label1\" content=\"Napisane przez\" \/>\n\t<meta name=\"twitter:data1\" content=\"Wzd\u0142u\u017c Drogi\" \/>\n\t<meta name=\"twitter:label2\" content=\"Szacowany czas czytania\" \/>\n\t<meta name=\"twitter:data2\" content=\"9 minut\" \/>\n<script type=\"application\/ld+json\" class=\"yoast-schema-graph\">{\"@context\":\"https:\/\/schema.org\",\"@graph\":[{\"@type\":\"WebPage\",\"@id\":\"https:\/\/www.wzdluzdrogi.pl\/index.php\/2020\/06\/13\/majorka-gotowy-plan-zwiedzania-soller-valldemossa\/\",\"url\":\"https:\/\/www.wzdluzdrogi.pl\/index.php\/2020\/06\/13\/majorka-gotowy-plan-zwiedzania-soller-valldemossa\/\",\"name\":\"Z S\u00d3LLER, PRZEZ FORNALUTX, A\u017b DO VALLDEMOSSY - GOTOWY PLAN ZWIEDZANIA MAJORKI - Wzd\u0142u\u017c Drogi\",\"isPartOf\":{\"@id\":\"https:\/\/www.wzdluzdrogi.pl\/#website\"},\"primaryImageOfPage\":{\"@id\":\"https:\/\/www.wzdluzdrogi.pl\/index.php\/2020\/06\/13\/majorka-gotowy-plan-zwiedzania-soller-valldemossa\/#primaryimage\"},\"image\":{\"@id\":\"https:\/\/www.wzdluzdrogi.pl\/index.php\/2020\/06\/13\/majorka-gotowy-plan-zwiedzania-soller-valldemossa\/#primaryimage\"},\"thumbnailUrl\":\"https:\/\/www.wzdluzdrogi.pl\/wp-content\/uploads\/2020\/06\/balearic-islands-dreams-824928_1920-e1614115191315.jpg\",\"datePublished\":\"2020-06-13T17:43:00+00:00\",\"dateModified\":\"2024-07-12T16:38:18+00:00\",\"author\":{\"@id\":\"https:\/\/www.wzdluzdrogi.pl\/#\/schema\/person\/c4851fe74e1df2e0ec5925899cd78458\"},\"description\":\"Pierwsze wakacje na Majorce? Skorzystaj z naszego gotowego plan zwiedzania Majorki i zainspiruj si\u0119 fantastycznymi atrakcjami Majorki.\",\"breadcrumb\":{\"@id\":\"https:\/\/www.wzdluzdrogi.pl\/index.php\/2020\/06\/13\/majorka-gotowy-plan-zwiedzania-soller-valldemossa\/#breadcrumb\"},\"inLanguage\":\"pl-PL\",\"potentialAction\":[{\"@type\":\"ReadAction\",\"target\":[\"https:\/\/www.wzdluzdrogi.pl\/index.php\/2020\/06\/13\/majorka-gotowy-plan-zwiedzania-soller-valldemossa\/\"]}]},{\"@type\":\"ImageObject\",\"inLanguage\":\"pl-PL\",\"@id\":\"https:\/\/www.wzdluzdrogi.pl\/index.php\/2020\/06\/13\/majorka-gotowy-plan-zwiedzania-soller-valldemossa\/#primaryimage\",\"url\":\"https:\/\/www.wzdluzdrogi.pl\/wp-content\/uploads\/2020\/06\/balearic-islands-dreams-824928_1920-e1614115191315.jpg\",\"contentUrl\":\"https:\/\/www.wzdluzdrogi.pl\/wp-content\/uploads\/2020\/06\/balearic-islands-dreams-824928_1920-e1614115191315.jpg\",\"width\":1600,\"height\":967},{\"@type\":\"BreadcrumbList\",\"@id\":\"https:\/\/www.wzdluzdrogi.pl\/index.php\/2020\/06\/13\/majorka-gotowy-plan-zwiedzania-soller-valldemossa\/#breadcrumb\",\"itemListElement\":[{\"@type\":\"ListItem\",\"position\":1,\"name\":\"Strona g\u0142\u00f3wna\",\"item\":\"https:\/\/www.wzdluzdrogi.pl\/\"},{\"@type\":\"ListItem\",\"position\":2,\"name\":\"Z S\u00d3LLER, PRZEZ FORNALUTX, A\u017b DO VALLDEMOSSY &#8211; GOTOWY PLAN ZWIEDZANIA MAJORKI\"}]},{\"@type\":\"WebSite\",\"@id\":\"https:\/\/www.wzdluzdrogi.pl\/#website\",\"url\":\"https:\/\/www.wzdluzdrogi.pl\/\",\"name\":\"Wzd\u0142u\u017c Drogi\",\"description\":\"Podr\u00f3\u017ce w rytmie slow\",\"potentialAction\":[{\"@type\":\"SearchAction\",\"target\":{\"@type\":\"EntryPoint\",\"urlTemplate\":\"https:\/\/www.wzdluzdrogi.pl\/?s={search_term_string}\"},\"query-input\":{\"@type\":\"PropertyValueSpecification\",\"valueRequired\":true,\"valueName\":\"search_term_string\"}}],\"inLanguage\":\"pl-PL\"},{\"@type\":\"Person\",\"@id\":\"https:\/\/www.wzdluzdrogi.pl\/#\/schema\/person\/c4851fe74e1df2e0ec5925899cd78458\",\"name\":\"Wzd\u0142u\u017c Drogi\",\"image\":{\"@type\":\"ImageObject\",\"inLanguage\":\"pl-PL\",\"@id\":\"https:\/\/www.wzdluzdrogi.pl\/#\/schema\/person\/image\/\",\"url\":\"https:\/\/secure.gravatar.com\/avatar\/?s=96&d=mm&r=g\",\"contentUrl\":\"https:\/\/secure.gravatar.com\/avatar\/?s=96&d=mm&r=g\",\"caption\":\"Wzd\u0142u\u017c Drogi\"},\"url\":\"https:\/\/www.wzdluzdrogi.pl\/index.php\/author\/16026377718484071389\/\"}]}<\/script>\n<!-- \/ Yoast SEO plugin. -->","yoast_head_json":{"title":"Z S\u00d3LLER, PRZEZ FORNALUTX, A\u017b DO VALLDEMOSSY - GOTOWY PLAN ZWIEDZANIA MAJORKI - Wzd\u0142u\u017c Drogi","description":"Pierwsze wakacje na Majorce? Skorzystaj z naszego gotowego plan zwiedzania Majorki i zainspiruj si\u0119 fantastycznymi atrakcjami Majorki.","robots":{"index":"index","follow":"follow","max-snippet":"max-snippet:-1","max-image-preview":"max-image-preview:large","max-video-preview":"max-video-preview:-1"},"canonical":"https:\/\/www.wzdluzdrogi.pl\/index.php\/2020\/06\/13\/majorka-gotowy-plan-zwiedzania-soller-valldemossa\/","og_locale":"pl_PL","og_type":"article","og_title":"Z S\u00d3LLER, PRZEZ FORNALUTX, A\u017b DO VALLDEMOSSY - GOTOWY PLAN ZWIEDZANIA MAJORKI - Wzd\u0142u\u017c Drogi","og_description":"Pierwsze wakacje na Majorce? Skorzystaj z naszego gotowego plan zwiedzania Majorki i zainspiruj si\u0119 fantastycznymi atrakcjami Majorki.","og_url":"https:\/\/www.wzdluzdrogi.pl\/index.php\/2020\/06\/13\/majorka-gotowy-plan-zwiedzania-soller-valldemossa\/","og_site_name":"Wzd\u0142u\u017c Drogi","article_published_time":"2020-06-13T17:43:00+00:00","article_modified_time":"2024-07-12T16:38:18+00:00","og_image":[{"width":1600,"height":967,"url":"https:\/\/www.wzdluzdrogi.pl\/wp-content\/uploads\/2020\/06\/balearic-islands-dreams-824928_1920-e1614115191315.jpg","type":"image\/jpeg"}],"author":"Wzd\u0142u\u017c Drogi","twitter_card":"summary_large_image","twitter_misc":{"Napisane przez":"Wzd\u0142u\u017c Drogi","Szacowany czas czytania":"9 minut"},"schema":{"@context":"https:\/\/schema.org","@graph":[{"@type":"WebPage","@id":"https:\/\/www.wzdluzdrogi.pl\/index.php\/2020\/06\/13\/majorka-gotowy-plan-zwiedzania-soller-valldemossa\/","url":"https:\/\/www.wzdluzdrogi.pl\/index.php\/2020\/06\/13\/majorka-gotowy-plan-zwiedzania-soller-valldemossa\/","name":"Z S\u00d3LLER, PRZEZ FORNALUTX, A\u017b DO VALLDEMOSSY - GOTOWY PLAN ZWIEDZANIA MAJORKI - Wzd\u0142u\u017c Drogi","isPartOf":{"@id":"https:\/\/www.wzdluzdrogi.pl\/#website"},"primaryImageOfPage":{"@id":"https:\/\/www.wzdluzdrogi.pl\/index.php\/2020\/06\/13\/majorka-gotowy-plan-zwiedzania-soller-valldemossa\/#primaryimage"},"image":{"@id":"https:\/\/www.wzdluzdrogi.pl\/index.php\/2020\/06\/13\/majorka-gotowy-plan-zwiedzania-soller-valldemossa\/#primaryimage"},"thumbnailUrl":"https:\/\/www.wzdluzdrogi.pl\/wp-content\/uploads\/2020\/06\/balearic-islands-dreams-824928_1920-e1614115191315.jpg","datePublished":"2020-06-13T17:43:00+00:00","dateModified":"2024-07-12T16:38:18+00:00","author":{"@id":"https:\/\/www.wzdluzdrogi.pl\/#\/schema\/person\/c4851fe74e1df2e0ec5925899cd78458"},"description":"Pierwsze wakacje na Majorce? Skorzystaj z naszego gotowego plan zwiedzania Majorki i zainspiruj si\u0119 fantastycznymi atrakcjami Majorki.","breadcrumb":{"@id":"https:\/\/www.wzdluzdrogi.pl\/index.php\/2020\/06\/13\/majorka-gotowy-plan-zwiedzania-soller-valldemossa\/#breadcrumb"},"inLanguage":"pl-PL","potentialAction":[{"@type":"ReadAction","target":["https:\/\/www.wzdluzdrogi.pl\/index.php\/2020\/06\/13\/majorka-gotowy-plan-zwiedzania-soller-valldemossa\/"]}]},{"@type":"ImageObject","inLanguage":"pl-PL","@id":"https:\/\/www.wzdluzdrogi.pl\/index.php\/2020\/06\/13\/majorka-gotowy-plan-zwiedzania-soller-valldemossa\/#primaryimage","url":"https:\/\/www.wzdluzdrogi.pl\/wp-content\/uploads\/2020\/06\/balearic-islands-dreams-824928_1920-e1614115191315.jpg","contentUrl":"https:\/\/www.wzdluzdrogi.pl\/wp-content\/uploads\/2020\/06\/balearic-islands-dreams-824928_1920-e1614115191315.jpg","width":1600,"height":967},{"@type":"BreadcrumbList","@id":"https:\/\/www.wzdluzdrogi.pl\/index.php\/2020\/06\/13\/majorka-gotowy-plan-zwiedzania-soller-valldemossa\/#breadcrumb","itemListElement":[{"@type":"ListItem","position":1,"name":"Strona g\u0142\u00f3wna","item":"https:\/\/www.wzdluzdrogi.pl\/"},{"@type":"ListItem","position":2,"name":"Z S\u00d3LLER, PRZEZ FORNALUTX, A\u017b DO VALLDEMOSSY &#8211; GOTOWY PLAN ZWIEDZANIA MAJORKI"}]},{"@type":"WebSite","@id":"https:\/\/www.wzdluzdrogi.pl\/#website","url":"https:\/\/www.wzdluzdrogi.pl\/","name":"Wzd\u0142u\u017c Drogi","description":"Podr\u00f3\u017ce w rytmie slow","potentialAction":[{"@type":"SearchAction","target":{"@type":"EntryPoint","urlTemplate":"https:\/\/www.wzdluzdrogi.pl\/?s={search_term_string}"},"query-input":{"@type":"PropertyValueSpecification","valueRequired":true,"valueName":"search_term_string"}}],"inLanguage":"pl-PL"},{"@type":"Person","@id":"https:\/\/www.wzdluzdrogi.pl\/#\/schema\/person\/c4851fe74e1df2e0ec5925899cd78458","name":"Wzd\u0142u\u017c Drogi","image":{"@type":"ImageObject","inLanguage":"pl-PL","@id":"https:\/\/www.wzdluzdrogi.pl\/#\/schema\/person\/image\/","url":"https:\/\/secure.gravatar.com\/avatar\/?s=96&d=mm&r=g","contentUrl":"https:\/\/secure.gravatar.com\/avatar\/?s=96&d=mm&r=g","caption":"Wzd\u0142u\u017c Drogi"},"url":"https:\/\/www.wzdluzdrogi.pl\/index.php\/author\/16026377718484071389\/"}]}},"_links":{"self":[{"href":"https:\/\/www.wzdluzdrogi.pl\/index.php\/wp-json\/wp\/v2\/posts\/40","targetHints":{"allow":["GET"]}}],"collection":[{"href":"https:\/\/www.wzdluzdrogi.pl\/index.php\/wp-json\/wp\/v2\/posts"}],"about":[{"href":"https:\/\/www.wzdluzdrogi.pl\/index.php\/wp-json\/wp\/v2\/types\/post"}],"author":[{"embeddable":true,"href":"https:\/\/www.wzdluzdrogi.pl\/index.php\/wp-json\/wp\/v2\/users\/3"}],"replies":[{"embeddable":true,"href":"https:\/\/www.wzdluzdrogi.pl\/index.php\/wp-json\/wp\/v2\/comments?post=40"}],"version-history":[{"count":7,"href":"https:\/\/www.wzdluzdrogi.pl\/index.php\/wp-json\/wp\/v2\/posts\/40\/revisions"}],"predecessor-version":[{"id":3426,"href":"https:\/\/www.wzdluzdrogi.pl\/index.php\/wp-json\/wp\/v2\/posts\/40\/revisions\/3426"}],"wp:featuredmedia":[{"embeddable":true,"href":"https:\/\/www.wzdluzdrogi.pl\/index.php\/wp-json\/wp\/v2\/media\/41"}],"wp:attachment":[{"href":"https:\/\/www.wzdluzdrogi.pl\/index.php\/wp-json\/wp\/v2\/media?parent=40"}],"wp:term":[{"taxonomy":"category","embeddable":true,"href":"https:\/\/www.wzdluzdrogi.pl\/index.php\/wp-json\/wp\/v2\/categories?post=40"},{"taxonomy":"post_tag","embeddable":true,"href":"https:\/\/www.wzdluzdrogi.pl\/index.php\/wp-json\/wp\/v2\/tags?post=40"}],"curies":[{"name":"wp","href":"https:\/\/api.w.org\/{rel}","templated":true}]}}