{"id":4075,"date":"2025-04-09T16:04:08","date_gmt":"2025-04-09T14:04:08","guid":{"rendered":"https:\/\/www.wzdluzdrogi.pl\/?p=4075"},"modified":"2025-04-16T14:36:02","modified_gmt":"2025-04-16T12:36:02","slug":"casa-mila-w-barcelonie-czy-warto-zobaczyc","status":"publish","type":"post","link":"https:\/\/www.wzdluzdrogi.pl\/index.php\/2025\/04\/09\/casa-mila-w-barcelonie-czy-warto-zobaczyc\/","title":{"rendered":"Casa Mil\u00e0 w Barcelonie. Czy warto zobaczy\u0107?"},"content":{"rendered":"\t\t<div data-elementor-type=\"wp-post\" data-elementor-id=\"4075\" class=\"elementor elementor-4075\">\n\t\t\t\t\t\t<section class=\"elementor-section elementor-top-section elementor-element elementor-element-581ffb7 elementor-section-boxed elementor-section-height-default elementor-section-height-default\" data-id=\"581ffb7\" data-element_type=\"section\" data-e-type=\"section\">\n\t\t\t\t\t\t<div class=\"elementor-container elementor-column-gap-default\">\n\t\t\t\t\t<div class=\"elementor-column elementor-col-50 elementor-top-column elementor-element elementor-element-eb41579\" data-id=\"eb41579\" data-element_type=\"column\" data-e-type=\"column\">\n\t\t\t<div class=\"elementor-widget-wrap elementor-element-populated\">\n\t\t\t\t\t\t<div class=\"elementor-element elementor-element-278f2ba elementor-widget elementor-widget-text-editor\" data-id=\"278f2ba\" data-element_type=\"widget\" data-e-type=\"widget\" data-widget_type=\"text-editor.default\">\n\t\t\t\t<div class=\"elementor-widget-container\">\n\t\t\t\t\t\t\t\t\t<p>Je\u015bli zajrza\u0142e\u015b tu tylko, aby dowiedzie\u0107 si\u0119, czy warto zobaczy\u0107 Casa Mila w Barcelonie, to nasza odpowied\u017a jest szybka i zaoszcz\u0119dzi ci czasu&#8230; tak, warto, chocia\u017cby z zewn\u0105trz. \ud83d\ude42<\/p><p>Ale jej historia jest bardzo ciekawa, wi\u0119c je\u015bli interesuje ci\u0119, to zapraszamy do dalszego czytania!\u00a0<\/p><p>Dzi\u015b uwa\u017cana jest za arcydzie\u0142o modernizmu i jedn\u0105 z ikon Barcelony, kiedy powstawa\u0142a, wywo\u0142a\u0142a wi\u0119cej kontrowersji ni\u017c zachwyt\u00f3w. Sama j\u0105 po prostu uwielbiam (z ch\u0119ci\u0105 przygarn\u0119\u0142abym jedno z mieszka\u0144 na kt\u00f3rymkolwiek jej pi\u0119trze). Tak z reszt\u0105, jak uwielbiam jej tw\u00f3rc\u0119 Antoniego Gaudi \u2013 za odwag\u0119, oryginalno\u015b\u0107 i to, \u017ce przez ca\u0142e \u017cycie mia\u0142 w sobie co\u015b ba\u015bniowego.\u00a0<\/p>\t\t\t\t\t\t\t\t<\/div>\n\t\t\t\t<\/div>\n\t\t\t\t\t<\/div>\n\t\t<\/div>\n\t\t\t\t<div class=\"elementor-column elementor-col-50 elementor-top-column elementor-element elementor-element-141d3f4\" data-id=\"141d3f4\" data-element_type=\"column\" data-e-type=\"column\">\n\t\t\t<div class=\"elementor-widget-wrap elementor-element-populated\">\n\t\t\t\t\t\t<div class=\"elementor-element elementor-element-b290351 elementor-widget elementor-widget-image\" data-id=\"b290351\" data-element_type=\"widget\" data-e-type=\"widget\" data-widget_type=\"image.default\">\n\t\t\t\t<div class=\"elementor-widget-container\">\n\t\t\t\t\t\t\t\t\t\t\t\t\t\t\t<img fetchpriority=\"high\" decoding=\"async\" width=\"683\" height=\"1024\" src=\"https:\/\/www.wzdluzdrogi.pl\/wp-content\/uploads\/2024\/06\/MG_7436-2-683x1024.jpg\" class=\"attachment-large size-large wp-image-3539\" alt=\"casa mila, atrakcje w barcelonie, \u015bladami gaudiego w barcelonie, co zobaczy\u0107 w barcelonie, ulice barcelony\" srcset=\"https:\/\/www.wzdluzdrogi.pl\/wp-content\/uploads\/2024\/06\/MG_7436-2-683x1024.jpg 683w, https:\/\/www.wzdluzdrogi.pl\/wp-content\/uploads\/2024\/06\/MG_7436-2-200x300.jpg 200w, https:\/\/www.wzdluzdrogi.pl\/wp-content\/uploads\/2024\/06\/MG_7436-2-768x1152.jpg 768w, https:\/\/www.wzdluzdrogi.pl\/wp-content\/uploads\/2024\/06\/MG_7436-2-1024x1536.jpg 1024w, https:\/\/www.wzdluzdrogi.pl\/wp-content\/uploads\/2024\/06\/MG_7436-2-scaled.jpg 1067w\" sizes=\"(max-width: 683px) 100vw, 683px\" \/>\t\t\t\t\t\t\t\t\t\t\t\t\t\t\t<\/div>\n\t\t\t\t<\/div>\n\t\t\t\t\t<\/div>\n\t\t<\/div>\n\t\t\t\t\t<\/div>\n\t\t<\/section>\n\t\t\t\t<section class=\"elementor-section elementor-top-section elementor-element elementor-element-cacbc13 elementor-section-boxed elementor-section-height-default elementor-section-height-default\" data-id=\"cacbc13\" data-element_type=\"section\" data-e-type=\"section\">\n\t\t\t\t\t\t<div class=\"elementor-container elementor-column-gap-default\">\n\t\t\t\t\t<div class=\"elementor-column elementor-col-100 elementor-top-column elementor-element elementor-element-f5098a6\" data-id=\"f5098a6\" data-element_type=\"column\" data-e-type=\"column\">\n\t\t\t<div class=\"elementor-widget-wrap elementor-element-populated\">\n\t\t\t\t\t\t<div class=\"elementor-element elementor-element-a208d9a elementor-widget elementor-widget-heading\" data-id=\"a208d9a\" data-element_type=\"widget\" data-e-type=\"widget\" data-widget_type=\"heading.default\">\n\t\t\t\t<div class=\"elementor-widget-container\">\n\t\t\t\t\t<h2 class=\"elementor-heading-title elementor-size-default\">Gdy architektura staje si\u0119 rewolucj\u0105<\/h2>\t\t\t\t<\/div>\n\t\t\t\t<\/div>\n\t\t\t\t<div class=\"elementor-element elementor-element-791bc0d elementor-widget elementor-widget-text-editor\" data-id=\"791bc0d\" data-element_type=\"widget\" data-e-type=\"widget\" data-widget_type=\"text-editor.default\">\n\t\t\t\t<div class=\"elementor-widget-container\">\n\t\t\t\t\t\t\t\t\t<p class=\"\" data-start=\"772\" data-end=\"1096\">Wszystko zacz\u0119\u0142o si\u0119 w 1905 roku, kiedy wp\u0142ywowy barcelo\u0144ski przedsi\u0119biorca Pere Mil\u00e0 po\u015blubi\u0142 Roser Segimon \u2013 wdow\u0119 po bogatym w\u0142a\u015bcicielu plantacji z Ameryki Po\u0142udniowej. Para kupi\u0142a will\u0119 przy Passeig de Gr\u00e0cia 92 i&#8230; zburzy\u0142a j\u0105, by wybudowa\u0107 co\u015b spektakularnego. Kto inny m\u00f3g\u0142by im w tym pom\u00f3c, je\u015bli nie Antoni Gaud\u00ed?<\/p><p class=\"\" data-start=\"1098\" data-end=\"1500\">Zlecenie przypad\u0142o w\u0142a\u015bnie jemu \u2013 mimo \u017ce ju\u017c wcze\u015bniej jego projekty budzi\u0142y kontrowersje. Gaud\u00ed, jak to mia\u0142 w zwyczaju, poszed\u0142 znacznie dalej, ni\u017c ktokolwiek m\u00f3g\u0142 si\u0119 spodziewa\u0107. Przekroczy\u0142 bud\u017cet, zignorowa\u0142 przepisy budowlane i stworzy\u0142 konstrukcj\u0119, kt\u00f3ra nie przypomina\u0142a niczego, co dot\u0105d widziano. Miasto zagrozi\u0142o nawet cz\u0119\u015bciowym rozbi\u00f3rk\u0105, a s\u0105siedzi&#8230; przestali Mil\u00e0 m\u00f3wi\u0107 \u201edzie\u0144 dobry\u201d.<\/p><p class=\"\" data-start=\"1743\" data-end=\"2022\">Casa Mil\u00e0 zosta\u0142a zg\u0142oszona do konkursu na najpi\u0119kniejszy budynek Barcelony, ale&#8230; nie wygra\u0142a. Jury stwierdzi\u0142o, \u017ce nie jest jeszcze \u201ewystarczaj\u0105co uko\u0144czona\u201d. Ostatecznie w 1911 roku Mil\u00e0 z \u017con\u0105 zamieszkali na g\u0142\u00f3wnym pi\u0119trze, a Gaud\u00ed zako\u0144czy\u0142 prace w pa\u017adzierniku 1912 roku.<\/p><p class=\"\" data-start=\"2024\" data-end=\"2055\">Ale to nie by\u0142 koniec dramat\u00f3w.<\/p>\t\t\t\t\t\t\t\t<\/div>\n\t\t\t\t<\/div>\n\t\t\t\t\t<\/div>\n\t\t<\/div>\n\t\t\t\t\t<\/div>\n\t\t<\/section>\n\t\t\t\t<section class=\"elementor-section elementor-top-section elementor-element elementor-element-3e4dd58 elementor-section-full_width elementor-section-stretched elementor-section-height-default elementor-section-height-default\" data-id=\"3e4dd58\" data-element_type=\"section\" data-e-type=\"section\" data-settings=\"{&quot;stretch_section&quot;:&quot;section-stretched&quot;,&quot;background_background&quot;:&quot;classic&quot;}\">\n\t\t\t\t\t\t<div class=\"elementor-container elementor-column-gap-default\">\n\t\t\t\t\t<div class=\"elementor-column elementor-col-50 elementor-top-column elementor-element elementor-element-d9b70b3\" data-id=\"d9b70b3\" data-element_type=\"column\" data-e-type=\"column\">\n\t\t\t<div class=\"elementor-widget-wrap elementor-element-populated\">\n\t\t\t\t\t\t<div class=\"elementor-element elementor-element-3df553f elementor-widget elementor-widget-image\" data-id=\"3df553f\" data-element_type=\"widget\" data-e-type=\"widget\" data-widget_type=\"image.default\">\n\t\t\t\t<div class=\"elementor-widget-container\">\n\t\t\t\t\t\t\t\t\t\t\t\t\t\t\t<img decoding=\"async\" width=\"683\" height=\"1024\" data-src=\"https:\/\/www.wzdluzdrogi.pl\/wp-content\/uploads\/2024\/06\/MG_7435-1-683x1024.jpg\" class=\"attachment-large size-large wp-image-3538 lazyload\" alt=\"casa mila, atrakcje w barcelonie, \u015bladami gaudiego w barcelonie, co zobaczy\u0107 w barcelonie, ulice barcelony\" data-srcset=\"https:\/\/www.wzdluzdrogi.pl\/wp-content\/uploads\/2024\/06\/MG_7435-1-683x1024.jpg 683w, https:\/\/www.wzdluzdrogi.pl\/wp-content\/uploads\/2024\/06\/MG_7435-1-200x300.jpg 200w, https:\/\/www.wzdluzdrogi.pl\/wp-content\/uploads\/2024\/06\/MG_7435-1-768x1152.jpg 768w, https:\/\/www.wzdluzdrogi.pl\/wp-content\/uploads\/2024\/06\/MG_7435-1-1024x1536.jpg 1024w, https:\/\/www.wzdluzdrogi.pl\/wp-content\/uploads\/2024\/06\/MG_7435-1-scaled.jpg 1067w\" data-sizes=\"(max-width: 683px) 100vw, 683px\" src=\"data:image\/svg+xml;base64,PHN2ZyB3aWR0aD0iMSIgaGVpZ2h0PSIxIiB4bWxucz0iaHR0cDovL3d3dy53My5vcmcvMjAwMC9zdmciPjwvc3ZnPg==\" style=\"--smush-placeholder-width: 683px; --smush-placeholder-aspect-ratio: 683\/1024;\" \/>\t\t\t\t\t\t\t\t\t\t\t\t\t\t\t<\/div>\n\t\t\t\t<\/div>\n\t\t\t\t\t<\/div>\n\t\t<\/div>\n\t\t\t\t<div class=\"elementor-column elementor-col-50 elementor-top-column elementor-element elementor-element-339e69e\" data-id=\"339e69e\" data-element_type=\"column\" data-e-type=\"column\">\n\t\t\t<div class=\"elementor-widget-wrap elementor-element-populated\">\n\t\t\t\t\t\t<div class=\"elementor-element elementor-element-ee293aa elementor-widget elementor-widget-heading\" data-id=\"ee293aa\" data-element_type=\"widget\" data-e-type=\"widget\" data-widget_type=\"heading.default\">\n\t\t\t\t<div class=\"elementor-widget-container\">\n\t\t\t\t\t<h2 class=\"elementor-heading-title elementor-size-default\">Ciekawostka<\/h2>\t\t\t\t<\/div>\n\t\t\t\t<\/div>\n\t\t\t\t<div class=\"elementor-element elementor-element-8e06663 elementor-widget elementor-widget-text-editor\" data-id=\"8e06663\" data-element_type=\"widget\" data-e-type=\"widget\" data-widget_type=\"text-editor.default\">\n\t\t\t\t<div class=\"elementor-widget-container\">\n\t\t\t\t\t\t\t\t\t<p>Jeden z filar\u00f3w fasady zajmowa\u0142 kawa\u0142ek chodnika.<\/p><p>Ale w 1909 roku komisja uzna\u0142a, \u017ce budynek ma charakter monumentalny i nie musi si\u0119 trzyma\u0107 \u015bci\u015ble miejskich norm.<\/p><p>Mimo to w\u0142a\u015bciciele i tak zap\u0142acili 100 000 peset grzywny.<\/p>\t\t\t\t\t\t\t\t<\/div>\n\t\t\t\t<\/div>\n\t\t\t\t\t<\/div>\n\t\t<\/div>\n\t\t\t\t\t<\/div>\n\t\t<\/section>\n\t\t\t\t<section class=\"elementor-section elementor-top-section elementor-element elementor-element-18498f8 elementor-section-boxed elementor-section-height-default elementor-section-height-default\" data-id=\"18498f8\" data-element_type=\"section\" data-e-type=\"section\">\n\t\t\t\t\t\t<div class=\"elementor-container elementor-column-gap-default\">\n\t\t\t\t\t<div class=\"elementor-column elementor-col-100 elementor-top-column elementor-element elementor-element-58aa410\" data-id=\"58aa410\" data-element_type=\"column\" data-e-type=\"column\">\n\t\t\t<div class=\"elementor-widget-wrap elementor-element-populated\">\n\t\t\t\t\t\t<div class=\"elementor-element elementor-element-ce660ed elementor-widget elementor-widget-heading\" data-id=\"ce660ed\" data-element_type=\"widget\" data-e-type=\"widget\" data-widget_type=\"heading.default\">\n\t\t\t\t<div class=\"elementor-widget-container\">\n\t\t\t\t\t<h2 class=\"elementor-heading-title elementor-size-default\">Spory, s\u0105dy i\u2026 brak Matki Boskiej<\/h2>\t\t\t\t<\/div>\n\t\t\t\t<\/div>\n\t\t\t\t<div class=\"elementor-element elementor-element-553fada elementor-widget elementor-widget-text-editor\" data-id=\"553fada\" data-element_type=\"widget\" data-e-type=\"widget\" data-widget_type=\"text-editor.default\">\n\t\t\t\t<div class=\"elementor-widget-container\">\n\t\t\t\t\t\t\t\t\t<p class=\"\" data-start=\"2104\" data-end=\"2395\">Relacje Gaud\u00edego z pani\u0105 domu, Roser Segimon, mo\u017cna by powiedzie\u0107, nie nale\u017ca\u0142y do \u0142atwych. On chcia\u0142 umie\u015bci\u0107 na fasadzie du\u017c\u0105, br\u0105zow\u0105 rze\u017ab\u0119 Matki Boskiej R\u00f3\u017ca\u0144cowej (na cze\u015b\u0107 w\u0142a\u015bcicielki oczywi\u015bcie), ale Roser odm\u00f3wi\u0142a. Ostatecznie w tym miejscu pojawi\u0142a si\u0119 tylko inskrypcja: \u201eAve Maria, gratia plena, Dominus tecum\u201d.<\/p><p class=\"\" data-start=\"2397\" data-end=\"2596\">K\u0142\u00f3tnie o wystr\u00f3j, koszty i detale sko\u0144czy\u0142y si\u0119\u2026 w s\u0105dzie. Gaud\u00ed wygra\u0142, a ca\u0142\u0105 przyznan\u0105 mu kwot\u0119 \u2013 ponad 100 000 peset \u2013 odda\u0142 na cele charytatywne. Dla niego wa\u017cniejsze by\u0142y zasady ni\u017c pieni\u0105dze.<\/p><p class=\"\" data-start=\"2598\" data-end=\"2806\">Po \u015bmierci Gaud\u00edego w\u0142a\u015bcicielka zburzy\u0142a wiele oryginalnych element\u00f3w jego projektu i urz\u0105dzi\u0142a wn\u0119trze na nowo w stylu Ludwika XVI. To, co dzi\u015b mo\u017cemy podziwia\u0107, to efekt pieczo\u0142owitej restauracji z lat 90.<\/p>\t\t\t\t\t\t\t\t<\/div>\n\t\t\t\t<\/div>\n\t\t\t\t\t<\/div>\n\t\t<\/div>\n\t\t\t\t\t<\/div>\n\t\t<\/section>\n\t\t\t\t<section class=\"elementor-section elementor-top-section elementor-element elementor-element-f53f81b elementor-section-boxed elementor-section-height-default elementor-section-height-default\" data-id=\"f53f81b\" data-element_type=\"section\" data-e-type=\"section\">\n\t\t\t\t\t\t<div class=\"elementor-container elementor-column-gap-default\">\n\t\t\t\t\t<div class=\"elementor-column elementor-col-100 elementor-top-column elementor-element elementor-element-c492c26\" data-id=\"c492c26\" data-element_type=\"column\" data-e-type=\"column\">\n\t\t\t<div class=\"elementor-widget-wrap elementor-element-populated\">\n\t\t\t\t\t\t<div class=\"elementor-element elementor-element-6ccd562 elementor-widget elementor-widget-heading\" data-id=\"6ccd562\" data-element_type=\"widget\" data-e-type=\"widget\" data-widget_type=\"heading.default\">\n\t\t\t\t<div class=\"elementor-widget-container\">\n\t\t\t\t\t<h2 class=\"elementor-heading-title elementor-size-default\">\u0141uki, dach jak z innej planety i... pianino<\/h2>\t\t\t\t<\/div>\n\t\t\t\t<\/div>\n\t\t\t\t<div class=\"elementor-element elementor-element-765697a elementor-widget elementor-widget-text-editor\" data-id=\"765697a\" data-element_type=\"widget\" data-e-type=\"widget\" data-widget_type=\"text-editor.default\">\n\t\t\t\t<div class=\"elementor-widget-container\">\n\t\t\t\t\t\t\t\t\t<p class=\"\" data-start=\"2142\" data-end=\"2509\">Je\u015bli fasada Casa Mil\u00e0 robi wra\u017cenie, to wn\u0119trze potrafi zupe\u0142nie zaskoczy\u0107. Gaud\u00ed zastosowa\u0142 tu swoj\u0105 ulubion\u0105 form\u0119 konstrukcyjn\u0105 \u2013 \u0142uk paraboliczny \u2013 kt\u00f3ry podtrzymuje stropy i dachy, nadaj\u0105c przestrzeni organiczny rytm. To rozwi\u0105zanie przypomina wcze\u015bniejsze eksperymenty architekta z czas\u00f3w budowy sp\u00f3\u0142dzielni w Matar\u00f3, ale tutaj osi\u0105ga zupe\u0142nie nowy poziom.<\/p><p class=\"\" data-start=\"2511\" data-end=\"2985\">Strych budynku, dawniej wykorzystywany m.in. jako pralnia, to dzi\u015b jedno z najbardziej zachwycaj\u0105cych miejsc \u2013 270 \u0142uk\u00f3w parabolicznych o r\u00f3\u017cnych wysoko\u015bciach tworzy przestrze\u0144, kt\u00f3ra przypomina albo \u017cebra jakiego\u015b ogromnego stworzenia, albo gaj palmowy. \u0141uki wznosz\u0105 si\u0119 tam, gdzie przestrze\u0144 si\u0119 zaw\u0119\u017ca, i opadaj\u0105 w miejscach bardziej otwartych \u2013 jakby budynek oddycha\u0142. Efekt? Przestrze\u0144, kt\u00f3r\u0105 mo\u017cna by r\u00f3wnie dobrze umie\u015bci\u0107 w filmie science fiction, jak i w ba\u015bni.<\/p><p class=\"\" data-start=\"2987\" data-end=\"3529\">A dach? Dach <em data-start=\"3000\" data-end=\"3012\">La Pedrery<\/em> to ju\u017c czysta magia. Znajdziesz tam 28 rze\u017abiarskich komin\u00f3w, z kt\u00f3rych cz\u0119\u015b\u0107 przypomina postacie rycerzy. Poeta Pere Gimferrer nazwa\u0142 to miejsce \u201eogrodem wojownik\u00f3w\u201d \u2013 i co\u015b w tym jest. Kominy, wie\u017cyczki, klatki schodowe w formie spiral, ceramiczny <em data-start=\"3271\" data-end=\"3282\">trencad\u00eds<\/em>, elementy z marmuru i butelek po winie (!) \u2013 wszystko to tworzy surrealistyczny pejza\u017c przypominaj\u0105cy g\u00f3rzysty krajobraz. A niekt\u00f3re z tych form, jak g\u0142osi legenda, Gaud\u00ed stworzy\u0142 zainspirowany resztkami szampa\u0144skiej fety z dnia otwarcia budynku.<\/p><p class=\"\" data-start=\"3531\" data-end=\"3907\">Gaud\u00ed zaprojektowa\u0142 tak\u017ce wn\u0119trze \u2013 meble, drzwi, lampy, detale, wszystko z dba\u0142o\u015bci\u0105 o integralno\u015b\u0107 stylu. Problem? Pani Mil\u00e0 nie by\u0142a zachwycona \u2013 zw\u0142aszcza gdy okaza\u0142o si\u0119, \u017ce w \u017cadnym pokoju nie ma prostej \u015bciany, na kt\u00f3rej zmie\u015bci\u0142by si\u0119 jej fortepian. Gdy zapyta\u0142a Gaud\u00edego, co w takim razie ma zrobi\u0107, us\u0142ysza\u0142a: \u201eto prosz\u0119 gra\u0107 na skrzypcach\u201d.<\/p>\t\t\t\t\t\t\t\t<\/div>\n\t\t\t\t<\/div>\n\t\t\t\t\t<\/div>\n\t\t<\/div>\n\t\t\t\t\t<\/div>\n\t\t<\/section>\n\t\t\t\t<section class=\"elementor-section elementor-top-section elementor-element elementor-element-14208c9 elementor-section-boxed elementor-section-height-default elementor-section-height-default\" data-id=\"14208c9\" data-element_type=\"section\" data-e-type=\"section\">\n\t\t\t\t\t\t<div class=\"elementor-container elementor-column-gap-default\">\n\t\t\t\t\t<div class=\"elementor-column elementor-col-100 elementor-top-column elementor-element elementor-element-de07278\" data-id=\"de07278\" data-element_type=\"column\" data-e-type=\"column\">\n\t\t\t<div class=\"elementor-widget-wrap elementor-element-populated\">\n\t\t\t\t\t\t<div class=\"elementor-element elementor-element-94c530f elementor-widget elementor-widget-image\" data-id=\"94c530f\" data-element_type=\"widget\" data-e-type=\"widget\" data-widget_type=\"image.default\">\n\t\t\t\t<div class=\"elementor-widget-container\">\n\t\t\t\t\t\t\t\t\t\t\t\t\t\t\t<img decoding=\"async\" width=\"683\" height=\"1024\" data-src=\"https:\/\/www.wzdluzdrogi.pl\/wp-content\/uploads\/2024\/06\/MG_7438-683x1024.jpg\" class=\"attachment-large size-large wp-image-3540 lazyload\" alt=\"casa mila, atrakcje w barcelonie, \u015bladami gaudiego w barcelonie, co zobaczy\u0107 w barcelonie, ulice barcelony\" data-srcset=\"https:\/\/www.wzdluzdrogi.pl\/wp-content\/uploads\/2024\/06\/MG_7438-683x1024.jpg 683w, https:\/\/www.wzdluzdrogi.pl\/wp-content\/uploads\/2024\/06\/MG_7438-200x300.jpg 200w, https:\/\/www.wzdluzdrogi.pl\/wp-content\/uploads\/2024\/06\/MG_7438-768x1152.jpg 768w, https:\/\/www.wzdluzdrogi.pl\/wp-content\/uploads\/2024\/06\/MG_7438-1024x1536.jpg 1024w, https:\/\/www.wzdluzdrogi.pl\/wp-content\/uploads\/2024\/06\/MG_7438-scaled.jpg 1067w\" data-sizes=\"(max-width: 683px) 100vw, 683px\" src=\"data:image\/svg+xml;base64,PHN2ZyB3aWR0aD0iMSIgaGVpZ2h0PSIxIiB4bWxucz0iaHR0cDovL3d3dy53My5vcmcvMjAwMC9zdmciPjwvc3ZnPg==\" style=\"--smush-placeholder-width: 683px; --smush-placeholder-aspect-ratio: 683\/1024;\" \/>\t\t\t\t\t\t\t\t\t\t\t\t\t\t\t<\/div>\n\t\t\t\t<\/div>\n\t\t\t\t\t<\/div>\n\t\t<\/div>\n\t\t\t\t\t<\/div>\n\t\t<\/section>\n\t\t\t\t<section class=\"elementor-section elementor-top-section elementor-element elementor-element-797356b elementor-section-boxed elementor-section-height-default elementor-section-height-default\" data-id=\"797356b\" data-element_type=\"section\" data-e-type=\"section\">\n\t\t\t\t\t\t<div class=\"elementor-container elementor-column-gap-default\">\n\t\t\t\t\t<div class=\"elementor-column elementor-col-100 elementor-top-column elementor-element elementor-element-bbcb081\" data-id=\"bbcb081\" data-element_type=\"column\" data-e-type=\"column\">\n\t\t\t<div class=\"elementor-widget-wrap elementor-element-populated\">\n\t\t\t\t\t\t<div class=\"elementor-element elementor-element-003604f elementor-widget elementor-widget-text-editor\" data-id=\"003604f\" data-element_type=\"widget\" data-e-type=\"widget\" data-widget_type=\"text-editor.default\">\n\t\t\t\t<div class=\"elementor-widget-container\">\n\t\t\t\t\t\t\t\t\t<p class=\"\" data-start=\"2857\" data-end=\"3072\">Casa Mil\u00e0 by\u0142a wy\u015bmiewana, por\u00f3wnywana do bunkra, Valhalli czy hangaru na sterowce. A dzi\u015b? Znajduje si\u0119 na li\u015bcie \u015bwiatowego dziedzictwa UNESCO, przyci\u0105ga miliony turyst\u00f3w rocznie i jest jednym z symboli Barcelony.<\/p><p class=\"\" data-start=\"3074\" data-end=\"3316\">I cho\u0107 Gaud\u00ed nigdy nie mia\u0142 dzieci, zostawi\u0142 po sobie dziesi\u0105tki architektonicznych &#8222;potomk\u00f3w&#8221;. Dla mnie <em data-start=\"3179\" data-end=\"3191\">La Pedrera<\/em> jest jednym z tych miejsc, kt\u00f3re pokazuj\u0105, \u017ce warto by\u0107 wiernym swojej wizji \u2013 nawet je\u015bli na pocz\u0105tku nikt jej nie rozumie.<\/p>\t\t\t\t\t\t\t\t<\/div>\n\t\t\t\t<\/div>\n\t\t\t\t\t<\/div>\n\t\t<\/div>\n\t\t\t\t\t<\/div>\n\t\t<\/section>\n\t\t\t\t<section class=\"elementor-section elementor-top-section elementor-element elementor-element-d281d2b elementor-section-boxed elementor-section-height-default elementor-section-height-default\" data-id=\"d281d2b\" data-element_type=\"section\" data-e-type=\"section\">\n\t\t\t\t\t\t<div class=\"elementor-container elementor-column-gap-default\">\n\t\t\t\t\t<div class=\"elementor-column elementor-col-100 elementor-top-column elementor-element elementor-element-af09e2f\" data-id=\"af09e2f\" data-element_type=\"column\" data-e-type=\"column\">\n\t\t\t<div class=\"elementor-widget-wrap elementor-element-populated\">\n\t\t\t\t\t\t<div class=\"elementor-element elementor-element-cb18ad5 elementor-widget elementor-widget-heading\" data-id=\"cb18ad5\" data-element_type=\"widget\" data-e-type=\"widget\" data-widget_type=\"heading.default\">\n\t\t\t\t<div class=\"elementor-widget-container\">\n\t\t\t\t\t<h3 class=\"elementor-heading-title elementor-size-default\">Interesuje ci\u0119 Barcelona? Zobacz r\u00f3wnie\u017c:<\/h3>\t\t\t\t<\/div>\n\t\t\t\t<\/div>\n\t\t\t\t\t<\/div>\n\t\t<\/div>\n\t\t\t\t\t<\/div>\n\t\t<\/section>\n\t\t\t\t<section class=\"elementor-section elementor-top-section elementor-element elementor-element-85304c7 elementor-section-full_width elementor-section-stretched elementor-section-height-default elementor-section-height-default elementor-invisible\" data-id=\"85304c7\" data-element_type=\"section\" data-e-type=\"section\" data-settings=\"{&quot;background_background&quot;:&quot;classic&quot;,&quot;animation&quot;:&quot;fadeInLeft&quot;,&quot;stretch_section&quot;:&quot;section-stretched&quot;}\">\n\t\t\t\t\t\t\t<div class=\"elementor-background-overlay\"><\/div>\n\t\t\t\t\t\t\t<div class=\"elementor-container elementor-column-gap-wider\">\n\t\t\t\t\t<div class=\"elementor-column elementor-col-33 elementor-top-column elementor-element elementor-element-b8b9d44\" data-id=\"b8b9d44\" data-element_type=\"column\" data-e-type=\"column\">\n\t\t\t<div class=\"elementor-widget-wrap elementor-element-populated\">\n\t\t\t\t\t\t<div class=\"elementor-element elementor-element-c29f33f elementor-widget elementor-widget-image\" data-id=\"c29f33f\" data-element_type=\"widget\" data-e-type=\"widget\" data-widget_type=\"image.default\">\n\t\t\t\t<div class=\"elementor-widget-container\">\n\t\t\t\t\t\t\t\t\t\t\t\t<figure class=\"wp-caption\">\n\t\t\t\t\t\t\t\t\t\t\t<a href=\"https:\/\/www.wzdluzdrogi.pl\/index.php\/2024\/06\/05\/10-atrakcji-barcelony-ktore-musisz-zobaczyc\/\">\n\t\t\t\t\t\t\t<img decoding=\"async\" width=\"683\" height=\"1024\" data-src=\"https:\/\/www.wzdluzdrogi.pl\/wp-content\/uploads\/2024\/06\/MG_7944-683x1024.jpg\" class=\"elementor-animation-rotate attachment-large size-large wp-image-3592 lazyload\" alt=\"barcelona\" data-srcset=\"https:\/\/www.wzdluzdrogi.pl\/wp-content\/uploads\/2024\/06\/MG_7944-683x1024.jpg 683w, https:\/\/www.wzdluzdrogi.pl\/wp-content\/uploads\/2024\/06\/MG_7944-200x300.jpg 200w, https:\/\/www.wzdluzdrogi.pl\/wp-content\/uploads\/2024\/06\/MG_7944-768x1152.jpg 768w, https:\/\/www.wzdluzdrogi.pl\/wp-content\/uploads\/2024\/06\/MG_7944-1024x1536.jpg 1024w, https:\/\/www.wzdluzdrogi.pl\/wp-content\/uploads\/2024\/06\/MG_7944-scaled.jpg 1067w\" data-sizes=\"(max-width: 683px) 100vw, 683px\" src=\"data:image\/svg+xml;base64,PHN2ZyB3aWR0aD0iMSIgaGVpZ2h0PSIxIiB4bWxucz0iaHR0cDovL3d3dy53My5vcmcvMjAwMC9zdmciPjwvc3ZnPg==\" style=\"--smush-placeholder-width: 683px; --smush-placeholder-aspect-ratio: 683\/1024;\" \/>\t\t\t\t\t\t\t\t<\/a>\n\t\t\t\t\t\t\t\t\t\t\t<figcaption class=\"widget-image-caption wp-caption-text\">10 atrakcji Barcelony, kt\u00f3re musisz zobaczy\u0107<\/figcaption>\n\t\t\t\t\t\t\t\t\t\t<\/figure>\n\t\t\t\t\t\t\t\t\t<\/div>\n\t\t\t\t<\/div>\n\t\t\t\t\t<\/div>\n\t\t<\/div>\n\t\t\t\t<div class=\"elementor-column elementor-col-33 elementor-top-column elementor-element elementor-element-12a5aad\" data-id=\"12a5aad\" data-element_type=\"column\" data-e-type=\"column\">\n\t\t\t<div class=\"elementor-widget-wrap elementor-element-populated\">\n\t\t\t\t\t\t<div class=\"elementor-element elementor-element-896e8cb elementor-widget elementor-widget-image\" data-id=\"896e8cb\" data-element_type=\"widget\" data-e-type=\"widget\" data-widget_type=\"image.default\">\n\t\t\t\t<div class=\"elementor-widget-container\">\n\t\t\t\t\t\t\t\t\t\t\t\t<figure class=\"wp-caption\">\n\t\t\t\t\t\t\t\t\t\t\t<a href=\"https:\/\/www.wzdluzdrogi.pl\/index.php\/2025\/02\/12\/najpiekniejsze-punkty-widokowe-w-barcelonie\/\">\n\t\t\t\t\t\t\t<img decoding=\"async\" width=\"683\" height=\"1024\" data-src=\"https:\/\/www.wzdluzdrogi.pl\/wp-content\/uploads\/2025\/02\/Teleferic-de-Montjuic-kolejki-linowe-barcelona-683x1024.jpg\" class=\"elementor-animation-rotate attachment-large size-large wp-image-3983 lazyload\" alt=\"\" data-srcset=\"https:\/\/www.wzdluzdrogi.pl\/wp-content\/uploads\/2025\/02\/Teleferic-de-Montjuic-kolejki-linowe-barcelona-683x1024.jpg 683w, https:\/\/www.wzdluzdrogi.pl\/wp-content\/uploads\/2025\/02\/Teleferic-de-Montjuic-kolejki-linowe-barcelona-200x300.jpg 200w, https:\/\/www.wzdluzdrogi.pl\/wp-content\/uploads\/2025\/02\/Teleferic-de-Montjuic-kolejki-linowe-barcelona-768x1152.jpg 768w, https:\/\/www.wzdluzdrogi.pl\/wp-content\/uploads\/2025\/02\/Teleferic-de-Montjuic-kolejki-linowe-barcelona-1024x1536.jpg 1024w, https:\/\/www.wzdluzdrogi.pl\/wp-content\/uploads\/2025\/02\/Teleferic-de-Montjuic-kolejki-linowe-barcelona-scaled.jpg 1067w\" data-sizes=\"(max-width: 683px) 100vw, 683px\" src=\"data:image\/svg+xml;base64,PHN2ZyB3aWR0aD0iMSIgaGVpZ2h0PSIxIiB4bWxucz0iaHR0cDovL3d3dy53My5vcmcvMjAwMC9zdmciPjwvc3ZnPg==\" style=\"--smush-placeholder-width: 683px; --smush-placeholder-aspect-ratio: 683\/1024;\" \/>\t\t\t\t\t\t\t\t<\/a>\n\t\t\t\t\t\t\t\t\t\t\t<figcaption class=\"widget-image-caption wp-caption-text\">Najpi\u0119kniejsze punkty widokowe w Barcelonie<\/figcaption>\n\t\t\t\t\t\t\t\t\t\t<\/figure>\n\t\t\t\t\t\t\t\t\t<\/div>\n\t\t\t\t<\/div>\n\t\t\t\t\t<\/div>\n\t\t<\/div>\n\t\t\t\t<div class=\"elementor-column elementor-col-33 elementor-top-column elementor-element elementor-element-e916dee\" data-id=\"e916dee\" data-element_type=\"column\" data-e-type=\"column\">\n\t\t\t<div class=\"elementor-widget-wrap elementor-element-populated\">\n\t\t\t\t\t\t<div class=\"elementor-element elementor-element-e8a5651 elementor-widget elementor-widget-image\" data-id=\"e8a5651\" data-element_type=\"widget\" data-e-type=\"widget\" data-widget_type=\"image.default\">\n\t\t\t\t<div class=\"elementor-widget-container\">\n\t\t\t\t\t\t\t\t\t\t\t\t<figure class=\"wp-caption\">\n\t\t\t\t\t\t\t\t\t\t\t<a href=\"https:\/\/www.wzdluzdrogi.pl\/index.php\/2024\/06\/04\/atrakcje-gaudiego-w-barcelonie-ktore-musisz-zobaczyc\/\">\n\t\t\t\t\t\t\t<img decoding=\"async\" width=\"683\" height=\"1024\" data-src=\"https:\/\/www.wzdluzdrogi.pl\/wp-content\/uploads\/2024\/06\/MG_7397-1-683x1024.jpg\" class=\"elementor-animation-rotate attachment-large size-large wp-image-3523 lazyload\" alt=\"fasada sagrada familia, atrakcje w barcelonie, \u015bladami gaudiego w barcelonie, co zobaczy\u0107 w barcelonie\" data-srcset=\"https:\/\/www.wzdluzdrogi.pl\/wp-content\/uploads\/2024\/06\/MG_7397-1-683x1024.jpg 683w, https:\/\/www.wzdluzdrogi.pl\/wp-content\/uploads\/2024\/06\/MG_7397-1-200x300.jpg 200w, https:\/\/www.wzdluzdrogi.pl\/wp-content\/uploads\/2024\/06\/MG_7397-1-768x1152.jpg 768w, https:\/\/www.wzdluzdrogi.pl\/wp-content\/uploads\/2024\/06\/MG_7397-1-1024x1536.jpg 1024w, https:\/\/www.wzdluzdrogi.pl\/wp-content\/uploads\/2024\/06\/MG_7397-1-scaled.jpg 1067w\" data-sizes=\"(max-width: 683px) 100vw, 683px\" src=\"data:image\/svg+xml;base64,PHN2ZyB3aWR0aD0iMSIgaGVpZ2h0PSIxIiB4bWxucz0iaHR0cDovL3d3dy53My5vcmcvMjAwMC9zdmciPjwvc3ZnPg==\" style=\"--smush-placeholder-width: 683px; --smush-placeholder-aspect-ratio: 683\/1024;\" \/>\t\t\t\t\t\t\t\t<\/a>\n\t\t\t\t\t\t\t\t\t\t\t<figcaption class=\"widget-image-caption wp-caption-text\">Atrakcje Gaud\u00edego w Barcelonie, kt\u00f3re musisz zobaczy\u0107<\/figcaption>\n\t\t\t\t\t\t\t\t\t\t<\/figure>\n\t\t\t\t\t\t\t\t\t<\/div>\n\t\t\t\t<\/div>\n\t\t\t\t\t<\/div>\n\t\t<\/div>\n\t\t\t\t\t<\/div>\n\t\t<\/section>\n\t\t\t\t<section class=\"elementor-section elementor-top-section elementor-element elementor-element-11d1e3e elementor-section-boxed elementor-section-height-default elementor-section-height-default\" data-id=\"11d1e3e\" data-element_type=\"section\" data-e-type=\"section\">\n\t\t\t\t\t\t<div class=\"elementor-container elementor-column-gap-default\">\n\t\t\t\t\t<div class=\"elementor-column elementor-col-100 elementor-top-column elementor-element elementor-element-ff132d5\" data-id=\"ff132d5\" data-element_type=\"column\" data-e-type=\"column\">\n\t\t\t<div class=\"elementor-widget-wrap elementor-element-populated\">\n\t\t\t\t\t\t<div class=\"elementor-element elementor-element-d6dc207 elementor-widget elementor-widget-heading\" data-id=\"d6dc207\" data-element_type=\"widget\" data-e-type=\"widget\" data-widget_type=\"heading.default\">\n\t\t\t\t<div class=\"elementor-widget-container\">\n\t\t\t\t\t<h3 class=\"elementor-heading-title elementor-size-default\">Zobacz wi\u0119cej w naszych mediach spo\u0142eczno\u015bciowych:<\/h3>\t\t\t\t<\/div>\n\t\t\t\t<\/div>\n\t\t\t\t<div class=\"elementor-element elementor-element-f37599b elementor-shape-rounded elementor-grid-0 e-grid-align-center elementor-widget elementor-widget-social-icons\" data-id=\"f37599b\" data-element_type=\"widget\" data-e-type=\"widget\" data-widget_type=\"social-icons.default\">\n\t\t\t\t<div class=\"elementor-widget-container\">\n\t\t\t\t\t\t\t<div class=\"elementor-social-icons-wrapper elementor-grid\" role=\"list\">\n\t\t\t\t\t\t\t<span class=\"elementor-grid-item\" role=\"listitem\">\n\t\t\t\t\t<a class=\"elementor-icon elementor-social-icon elementor-social-icon-facebook elementor-animation-grow-rotate elementor-repeater-item-8fd6111\" href=\"https:\/\/www.facebook.com\/wzdluzdrogi\" target=\"_blank\">\n\t\t\t\t\t\t<span class=\"elementor-screen-only\">Facebook<\/span>\n\t\t\t\t\t\t<i aria-hidden=\"true\" class=\"fab fa-facebook\"><\/i>\t\t\t\t\t<\/a>\n\t\t\t\t<\/span>\n\t\t\t\t\t\t\t<span class=\"elementor-grid-item\" role=\"listitem\">\n\t\t\t\t\t<a class=\"elementor-icon elementor-social-icon elementor-social-icon-youtube elementor-animation-grow-rotate elementor-repeater-item-40ecd14\" href=\"https:\/\/www.youtube.com\/channel\/UCW7xjbHjmE0P5_HMEhlFR5w\" target=\"_blank\">\n\t\t\t\t\t\t<span class=\"elementor-screen-only\">Youtube<\/span>\n\t\t\t\t\t\t<i aria-hidden=\"true\" class=\"fab fa-youtube\"><\/i>\t\t\t\t\t<\/a>\n\t\t\t\t<\/span>\n\t\t\t\t\t\t\t<span class=\"elementor-grid-item\" role=\"listitem\">\n\t\t\t\t\t<a class=\"elementor-icon elementor-social-icon elementor-social-icon-instagram elementor-animation-grow-rotate elementor-repeater-item-d92fd2a\" href=\"https:\/\/www.instagram.com\/wzdluz_drogi\/?hl=pl\" target=\"_blank\">\n\t\t\t\t\t\t<span class=\"elementor-screen-only\">Instagram<\/span>\n\t\t\t\t\t\t<i aria-hidden=\"true\" class=\"fab fa-instagram\"><\/i>\t\t\t\t\t<\/a>\n\t\t\t\t<\/span>\n\t\t\t\t\t<\/div>\n\t\t\t\t\t\t<\/div>\n\t\t\t\t<\/div>\n\t\t\t\t\t<\/div>\n\t\t<\/div>\n\t\t\t\t\t<\/div>\n\t\t<\/section>\n\t\t\t\t<\/div>\n\t\t","protected":false},"excerpt":{"rendered":"<p>Je\u015bli zajrza\u0142e\u015b tu tylko, aby dowiedzie\u0107 si\u0119, czy warto zobaczy\u0107 Casa Mila w Barcelonie, to nasza odpowied\u017a jest szybka i zaoszcz\u0119dzi ci czasu&#8230; tak, warto, chocia\u017cby z zewn\u0105trz. \ud83d\ude42 Ale jej historia jest bardzo ciekawa, wi\u0119c je\u015bli interesuje ci\u0119, to zapraszamy do dalszego czytania!\u00a0 Dzi\u015b uwa\u017cana jest za arcydzie\u0142o modernizmu i jedn\u0105 z ikon Barcelony, &hellip; <\/p>\n","protected":false},"author":1,"featured_media":3539,"comment_status":"open","ping_status":"closed","sticky":false,"template":"","format":"standard","meta":{"_monsterinsights_skip_tracking":false,"_monsterinsights_sitenote_active":false,"_monsterinsights_sitenote_note":"","_monsterinsights_sitenote_category":0,"footnotes":""},"categories":[100,99,26,103],"tags":[],"class_list":["post-4075","post","type-post","status-publish","format-standard","has-post-thumbnail","hentry","category-barcelona","category-hiszpania","category-podroze","category-slow-travel"],"yoast_head":"<!-- This site is optimized with the Yoast SEO plugin v26.5 - https:\/\/yoast.com\/wordpress\/plugins\/seo\/ -->\n<title>Casa Mil\u00e0 w Barcelonie. Czy warto zobaczy\u0107? - Wzd\u0142u\u017c Drogi<\/title>\n<meta name=\"description\" content=\"Casa Mila w Barcelonie? Czy warto j\u0105 zobaczy\u0107? Dzi\u015b uwa\u017cana jest za arcydzie\u0142o modernizmu i jedn\u0105 z ikon Barcelony.\" \/>\n<meta name=\"robots\" content=\"index, follow, max-snippet:-1, max-image-preview:large, max-video-preview:-1\" \/>\n<link rel=\"canonical\" href=\"https:\/\/www.wzdluzdrogi.pl\/index.php\/2025\/04\/09\/casa-mila-w-barcelonie-czy-warto-zobaczyc\/\" \/>\n<meta property=\"og:locale\" content=\"pl_PL\" \/>\n<meta property=\"og:type\" content=\"article\" \/>\n<meta property=\"og:title\" content=\"Casa Mil\u00e0 w Barcelonie. Czy warto zobaczy\u0107? - Wzd\u0142u\u017c Drogi\" \/>\n<meta property=\"og:description\" content=\"Casa Mila w Barcelonie? Czy warto j\u0105 zobaczy\u0107? Dzi\u015b uwa\u017cana jest za arcydzie\u0142o modernizmu i jedn\u0105 z ikon Barcelony.\" \/>\n<meta property=\"og:url\" content=\"https:\/\/www.wzdluzdrogi.pl\/index.php\/2025\/04\/09\/casa-mila-w-barcelonie-czy-warto-zobaczyc\/\" \/>\n<meta property=\"og:site_name\" content=\"Wzd\u0142u\u017c Drogi\" \/>\n<meta property=\"article:published_time\" content=\"2025-04-09T14:04:08+00:00\" \/>\n<meta property=\"article:modified_time\" content=\"2025-04-16T12:36:02+00:00\" \/>\n<meta property=\"og:image\" content=\"https:\/\/www.wzdluzdrogi.pl\/wp-content\/uploads\/2024\/06\/MG_7436-2-scaled.jpg\" \/>\n\t<meta property=\"og:image:width\" content=\"1067\" \/>\n\t<meta property=\"og:image:height\" content=\"1600\" \/>\n\t<meta property=\"og:image:type\" content=\"image\/jpeg\" \/>\n<meta name=\"author\" content=\"Wzdluzdrogi\" \/>\n<meta name=\"twitter:card\" content=\"summary_large_image\" \/>\n<meta name=\"twitter:label1\" content=\"Napisane przez\" \/>\n\t<meta name=\"twitter:data1\" content=\"Wzdluzdrogi\" \/>\n\t<meta name=\"twitter:label2\" content=\"Szacowany czas czytania\" \/>\n\t<meta name=\"twitter:data2\" content=\"6 minut\" \/>\n<script type=\"application\/ld+json\" class=\"yoast-schema-graph\">{\"@context\":\"https:\/\/schema.org\",\"@graph\":[{\"@type\":\"WebPage\",\"@id\":\"https:\/\/www.wzdluzdrogi.pl\/index.php\/2025\/04\/09\/casa-mila-w-barcelonie-czy-warto-zobaczyc\/\",\"url\":\"https:\/\/www.wzdluzdrogi.pl\/index.php\/2025\/04\/09\/casa-mila-w-barcelonie-czy-warto-zobaczyc\/\",\"name\":\"Casa Mil\u00e0 w Barcelonie. Czy warto zobaczy\u0107? - Wzd\u0142u\u017c Drogi\",\"isPartOf\":{\"@id\":\"https:\/\/www.wzdluzdrogi.pl\/#website\"},\"primaryImageOfPage\":{\"@id\":\"https:\/\/www.wzdluzdrogi.pl\/index.php\/2025\/04\/09\/casa-mila-w-barcelonie-czy-warto-zobaczyc\/#primaryimage\"},\"image\":{\"@id\":\"https:\/\/www.wzdluzdrogi.pl\/index.php\/2025\/04\/09\/casa-mila-w-barcelonie-czy-warto-zobaczyc\/#primaryimage\"},\"thumbnailUrl\":\"https:\/\/www.wzdluzdrogi.pl\/wp-content\/uploads\/2024\/06\/MG_7436-2-scaled.jpg\",\"datePublished\":\"2025-04-09T14:04:08+00:00\",\"dateModified\":\"2025-04-16T12:36:02+00:00\",\"author\":{\"@id\":\"https:\/\/www.wzdluzdrogi.pl\/#\/schema\/person\/74e57cccc529edf05c11ceaff979bf00\"},\"description\":\"Casa Mila w Barcelonie? Czy warto j\u0105 zobaczy\u0107? Dzi\u015b uwa\u017cana jest za arcydzie\u0142o modernizmu i jedn\u0105 z ikon Barcelony.\",\"breadcrumb\":{\"@id\":\"https:\/\/www.wzdluzdrogi.pl\/index.php\/2025\/04\/09\/casa-mila-w-barcelonie-czy-warto-zobaczyc\/#breadcrumb\"},\"inLanguage\":\"pl-PL\",\"potentialAction\":[{\"@type\":\"ReadAction\",\"target\":[\"https:\/\/www.wzdluzdrogi.pl\/index.php\/2025\/04\/09\/casa-mila-w-barcelonie-czy-warto-zobaczyc\/\"]}]},{\"@type\":\"ImageObject\",\"inLanguage\":\"pl-PL\",\"@id\":\"https:\/\/www.wzdluzdrogi.pl\/index.php\/2025\/04\/09\/casa-mila-w-barcelonie-czy-warto-zobaczyc\/#primaryimage\",\"url\":\"https:\/\/www.wzdluzdrogi.pl\/wp-content\/uploads\/2024\/06\/MG_7436-2-scaled.jpg\",\"contentUrl\":\"https:\/\/www.wzdluzdrogi.pl\/wp-content\/uploads\/2024\/06\/MG_7436-2-scaled.jpg\",\"width\":1067,\"height\":1600,\"caption\":\"casa mila, atrakcje w barcelonie, \u015bladami gaudiego w barcelonie, co zobaczy\u0107 w barcelonie, ulice barcelony\"},{\"@type\":\"BreadcrumbList\",\"@id\":\"https:\/\/www.wzdluzdrogi.pl\/index.php\/2025\/04\/09\/casa-mila-w-barcelonie-czy-warto-zobaczyc\/#breadcrumb\",\"itemListElement\":[{\"@type\":\"ListItem\",\"position\":1,\"name\":\"Strona g\u0142\u00f3wna\",\"item\":\"https:\/\/www.wzdluzdrogi.pl\/\"},{\"@type\":\"ListItem\",\"position\":2,\"name\":\"Casa Mil\u00e0 w Barcelonie. Czy warto zobaczy\u0107?\"}]},{\"@type\":\"WebSite\",\"@id\":\"https:\/\/www.wzdluzdrogi.pl\/#website\",\"url\":\"https:\/\/www.wzdluzdrogi.pl\/\",\"name\":\"Wzd\u0142u\u017c Drogi\",\"description\":\"Podr\u00f3\u017ce w rytmie slow\",\"potentialAction\":[{\"@type\":\"SearchAction\",\"target\":{\"@type\":\"EntryPoint\",\"urlTemplate\":\"https:\/\/www.wzdluzdrogi.pl\/?s={search_term_string}\"},\"query-input\":{\"@type\":\"PropertyValueSpecification\",\"valueRequired\":true,\"valueName\":\"search_term_string\"}}],\"inLanguage\":\"pl-PL\"},{\"@type\":\"Person\",\"@id\":\"https:\/\/www.wzdluzdrogi.pl\/#\/schema\/person\/74e57cccc529edf05c11ceaff979bf00\",\"name\":\"Wzdluzdrogi\",\"image\":{\"@type\":\"ImageObject\",\"inLanguage\":\"pl-PL\",\"@id\":\"https:\/\/www.wzdluzdrogi.pl\/#\/schema\/person\/image\/\",\"url\":\"https:\/\/secure.gravatar.com\/avatar\/5338c7b0ffcf3c9b5c99db5ffd459d84?s=96&d=mm&r=g\",\"contentUrl\":\"https:\/\/secure.gravatar.com\/avatar\/5338c7b0ffcf3c9b5c99db5ffd459d84?s=96&d=mm&r=g\",\"caption\":\"Wzdluzdrogi\"},\"sameAs\":[\"http:\/\/www.wzdluzdrogi.pl\"],\"url\":\"https:\/\/www.wzdluzdrogi.pl\/index.php\/author\/wzdluzdrogi\/\"}]}<\/script>\n<!-- \/ Yoast SEO plugin. -->","yoast_head_json":{"title":"Casa Mil\u00e0 w Barcelonie. Czy warto zobaczy\u0107? - Wzd\u0142u\u017c Drogi","description":"Casa Mila w Barcelonie? Czy warto j\u0105 zobaczy\u0107? Dzi\u015b uwa\u017cana jest za arcydzie\u0142o modernizmu i jedn\u0105 z ikon Barcelony.","robots":{"index":"index","follow":"follow","max-snippet":"max-snippet:-1","max-image-preview":"max-image-preview:large","max-video-preview":"max-video-preview:-1"},"canonical":"https:\/\/www.wzdluzdrogi.pl\/index.php\/2025\/04\/09\/casa-mila-w-barcelonie-czy-warto-zobaczyc\/","og_locale":"pl_PL","og_type":"article","og_title":"Casa Mil\u00e0 w Barcelonie. Czy warto zobaczy\u0107? - Wzd\u0142u\u017c Drogi","og_description":"Casa Mila w Barcelonie? Czy warto j\u0105 zobaczy\u0107? Dzi\u015b uwa\u017cana jest za arcydzie\u0142o modernizmu i jedn\u0105 z ikon Barcelony.","og_url":"https:\/\/www.wzdluzdrogi.pl\/index.php\/2025\/04\/09\/casa-mila-w-barcelonie-czy-warto-zobaczyc\/","og_site_name":"Wzd\u0142u\u017c Drogi","article_published_time":"2025-04-09T14:04:08+00:00","article_modified_time":"2025-04-16T12:36:02+00:00","og_image":[{"width":1067,"height":1600,"url":"https:\/\/www.wzdluzdrogi.pl\/wp-content\/uploads\/2024\/06\/MG_7436-2-scaled.jpg","type":"image\/jpeg"}],"author":"Wzdluzdrogi","twitter_card":"summary_large_image","twitter_misc":{"Napisane przez":"Wzdluzdrogi","Szacowany czas czytania":"6 minut"},"schema":{"@context":"https:\/\/schema.org","@graph":[{"@type":"WebPage","@id":"https:\/\/www.wzdluzdrogi.pl\/index.php\/2025\/04\/09\/casa-mila-w-barcelonie-czy-warto-zobaczyc\/","url":"https:\/\/www.wzdluzdrogi.pl\/index.php\/2025\/04\/09\/casa-mila-w-barcelonie-czy-warto-zobaczyc\/","name":"Casa Mil\u00e0 w Barcelonie. Czy warto zobaczy\u0107? - Wzd\u0142u\u017c Drogi","isPartOf":{"@id":"https:\/\/www.wzdluzdrogi.pl\/#website"},"primaryImageOfPage":{"@id":"https:\/\/www.wzdluzdrogi.pl\/index.php\/2025\/04\/09\/casa-mila-w-barcelonie-czy-warto-zobaczyc\/#primaryimage"},"image":{"@id":"https:\/\/www.wzdluzdrogi.pl\/index.php\/2025\/04\/09\/casa-mila-w-barcelonie-czy-warto-zobaczyc\/#primaryimage"},"thumbnailUrl":"https:\/\/www.wzdluzdrogi.pl\/wp-content\/uploads\/2024\/06\/MG_7436-2-scaled.jpg","datePublished":"2025-04-09T14:04:08+00:00","dateModified":"2025-04-16T12:36:02+00:00","author":{"@id":"https:\/\/www.wzdluzdrogi.pl\/#\/schema\/person\/74e57cccc529edf05c11ceaff979bf00"},"description":"Casa Mila w Barcelonie? Czy warto j\u0105 zobaczy\u0107? Dzi\u015b uwa\u017cana jest za arcydzie\u0142o modernizmu i jedn\u0105 z ikon Barcelony.","breadcrumb":{"@id":"https:\/\/www.wzdluzdrogi.pl\/index.php\/2025\/04\/09\/casa-mila-w-barcelonie-czy-warto-zobaczyc\/#breadcrumb"},"inLanguage":"pl-PL","potentialAction":[{"@type":"ReadAction","target":["https:\/\/www.wzdluzdrogi.pl\/index.php\/2025\/04\/09\/casa-mila-w-barcelonie-czy-warto-zobaczyc\/"]}]},{"@type":"ImageObject","inLanguage":"pl-PL","@id":"https:\/\/www.wzdluzdrogi.pl\/index.php\/2025\/04\/09\/casa-mila-w-barcelonie-czy-warto-zobaczyc\/#primaryimage","url":"https:\/\/www.wzdluzdrogi.pl\/wp-content\/uploads\/2024\/06\/MG_7436-2-scaled.jpg","contentUrl":"https:\/\/www.wzdluzdrogi.pl\/wp-content\/uploads\/2024\/06\/MG_7436-2-scaled.jpg","width":1067,"height":1600,"caption":"casa mila, atrakcje w barcelonie, \u015bladami gaudiego w barcelonie, co zobaczy\u0107 w barcelonie, ulice barcelony"},{"@type":"BreadcrumbList","@id":"https:\/\/www.wzdluzdrogi.pl\/index.php\/2025\/04\/09\/casa-mila-w-barcelonie-czy-warto-zobaczyc\/#breadcrumb","itemListElement":[{"@type":"ListItem","position":1,"name":"Strona g\u0142\u00f3wna","item":"https:\/\/www.wzdluzdrogi.pl\/"},{"@type":"ListItem","position":2,"name":"Casa Mil\u00e0 w Barcelonie. Czy warto zobaczy\u0107?"}]},{"@type":"WebSite","@id":"https:\/\/www.wzdluzdrogi.pl\/#website","url":"https:\/\/www.wzdluzdrogi.pl\/","name":"Wzd\u0142u\u017c Drogi","description":"Podr\u00f3\u017ce w rytmie slow","potentialAction":[{"@type":"SearchAction","target":{"@type":"EntryPoint","urlTemplate":"https:\/\/www.wzdluzdrogi.pl\/?s={search_term_string}"},"query-input":{"@type":"PropertyValueSpecification","valueRequired":true,"valueName":"search_term_string"}}],"inLanguage":"pl-PL"},{"@type":"Person","@id":"https:\/\/www.wzdluzdrogi.pl\/#\/schema\/person\/74e57cccc529edf05c11ceaff979bf00","name":"Wzdluzdrogi","image":{"@type":"ImageObject","inLanguage":"pl-PL","@id":"https:\/\/www.wzdluzdrogi.pl\/#\/schema\/person\/image\/","url":"https:\/\/secure.gravatar.com\/avatar\/5338c7b0ffcf3c9b5c99db5ffd459d84?s=96&d=mm&r=g","contentUrl":"https:\/\/secure.gravatar.com\/avatar\/5338c7b0ffcf3c9b5c99db5ffd459d84?s=96&d=mm&r=g","caption":"Wzdluzdrogi"},"sameAs":["http:\/\/www.wzdluzdrogi.pl"],"url":"https:\/\/www.wzdluzdrogi.pl\/index.php\/author\/wzdluzdrogi\/"}]}},"_links":{"self":[{"href":"https:\/\/www.wzdluzdrogi.pl\/index.php\/wp-json\/wp\/v2\/posts\/4075","targetHints":{"allow":["GET"]}}],"collection":[{"href":"https:\/\/www.wzdluzdrogi.pl\/index.php\/wp-json\/wp\/v2\/posts"}],"about":[{"href":"https:\/\/www.wzdluzdrogi.pl\/index.php\/wp-json\/wp\/v2\/types\/post"}],"author":[{"embeddable":true,"href":"https:\/\/www.wzdluzdrogi.pl\/index.php\/wp-json\/wp\/v2\/users\/1"}],"replies":[{"embeddable":true,"href":"https:\/\/www.wzdluzdrogi.pl\/index.php\/wp-json\/wp\/v2\/comments?post=4075"}],"version-history":[{"count":10,"href":"https:\/\/www.wzdluzdrogi.pl\/index.php\/wp-json\/wp\/v2\/posts\/4075\/revisions"}],"predecessor-version":[{"id":4164,"href":"https:\/\/www.wzdluzdrogi.pl\/index.php\/wp-json\/wp\/v2\/posts\/4075\/revisions\/4164"}],"wp:featuredmedia":[{"embeddable":true,"href":"https:\/\/www.wzdluzdrogi.pl\/index.php\/wp-json\/wp\/v2\/media\/3539"}],"wp:attachment":[{"href":"https:\/\/www.wzdluzdrogi.pl\/index.php\/wp-json\/wp\/v2\/media?parent=4075"}],"wp:term":[{"taxonomy":"category","embeddable":true,"href":"https:\/\/www.wzdluzdrogi.pl\/index.php\/wp-json\/wp\/v2\/categories?post=4075"},{"taxonomy":"post_tag","embeddable":true,"href":"https:\/\/www.wzdluzdrogi.pl\/index.php\/wp-json\/wp\/v2\/tags?post=4075"}],"curies":[{"name":"wp","href":"https:\/\/api.w.org\/{rel}","templated":true}]}}