{"id":4089,"date":"2025-04-14T13:14:59","date_gmt":"2025-04-14T11:14:59","guid":{"rendered":"https:\/\/www.wzdluzdrogi.pl\/?p=4089"},"modified":"2025-04-16T14:35:50","modified_gmt":"2025-04-16T12:35:50","slug":"casa-planells-barcelonska-perelka-o-ktorej-malo-kto-slyszal","status":"publish","type":"post","link":"https:\/\/www.wzdluzdrogi.pl\/index.php\/2025\/04\/14\/casa-planells-barcelonska-perelka-o-ktorej-malo-kto-slyszal\/","title":{"rendered":"Casa Planells \u2013 barcelo\u0144ska pere\u0142ka, o kt\u00f3rej ma\u0142o kto s\u0142ysza\u0142"},"content":{"rendered":"\t\t<div data-elementor-type=\"wp-post\" data-elementor-id=\"4089\" class=\"elementor elementor-4089\">\n\t\t\t\t\t\t<section class=\"elementor-section elementor-top-section elementor-element elementor-element-1404db24 elementor-section-boxed elementor-section-height-default elementor-section-height-default\" data-id=\"1404db24\" data-element_type=\"section\" data-e-type=\"section\">\n\t\t\t\t\t\t<div class=\"elementor-container elementor-column-gap-default\">\n\t\t\t\t\t<div class=\"elementor-column elementor-col-50 elementor-top-column elementor-element elementor-element-79f0b3fd\" data-id=\"79f0b3fd\" data-element_type=\"column\" data-e-type=\"column\">\n\t\t\t<div class=\"elementor-widget-wrap elementor-element-populated\">\n\t\t\t\t\t\t<div class=\"elementor-element elementor-element-6784ed7d elementor-widget elementor-widget-text-editor\" data-id=\"6784ed7d\" data-element_type=\"widget\" data-e-type=\"widget\" data-widget_type=\"text-editor.default\">\n\t\t\t\t<div class=\"elementor-widget-container\">\n\t\t\t\t\t\t\t\t\t<p>Nie wiem, czy te\u017c tak masz, ale ja uwielbiam odkrywa\u0107 miejsca, kt\u00f3re nie krzycz\u0105 z ka\u017cdego przewodnika. Takie, kt\u00f3re stoj\u0105 sobie spokojnie w cieniu tych \u201etop 10\u201d, a kiedy ju\u017c je znajdziesz \u2013 masz wra\u017cenie, \u017ce to w\u0142a\u015bnie tam Barcelona pokazuje swoje prawdziwe oblicze.<br data-start=\"534\" data-end=\"537\" \/>I dok\u0142adnie tak mia\u0142am z <strong data-start=\"562\" data-end=\"579\">Casa Planells<\/strong>.<\/p><p>Bo Casa Planells nie znajdziesz w wi\u0119kszo\u015bci przewodnik\u00f3w. Te g\u0142\u00f3wnie skupiaj\u0105 si\u0119 na tw\u00f3rczo\u015bci Antoniego Gaud\u00ed.\u00a0 Ale Barcelona to nie tylko Gaud\u00ed.<\/p><p>Mi\u0119dzy tymi s\u0142ynnymi, bajkowymi fasadami kryj\u0105 si\u0119 inne architektoniczne cuda \u2013 niepozorne, czasem lekko zapomniane, ale absolutnie warte zobaczenia.\u00a0<\/p>\t\t\t\t\t\t\t\t<\/div>\n\t\t\t\t<\/div>\n\t\t\t\t\t<\/div>\n\t\t<\/div>\n\t\t\t\t<div class=\"elementor-column elementor-col-50 elementor-top-column elementor-element elementor-element-18774966\" data-id=\"18774966\" data-element_type=\"column\" data-e-type=\"column\">\n\t\t\t<div class=\"elementor-widget-wrap elementor-element-populated\">\n\t\t\t\t\t\t<div class=\"elementor-element elementor-element-f12a9d2 elementor-widget elementor-widget-image\" data-id=\"f12a9d2\" data-element_type=\"widget\" data-e-type=\"widget\" data-widget_type=\"image.default\">\n\t\t\t\t<div class=\"elementor-widget-container\">\n\t\t\t\t\t\t\t\t\t\t\t\t\t\t\t<img fetchpriority=\"high\" decoding=\"async\" width=\"683\" height=\"1024\" src=\"https:\/\/www.wzdluzdrogi.pl\/wp-content\/uploads\/2025\/04\/casa-planells-barcelona-683x1024.jpg\" class=\"attachment-large size-large wp-image-4094\" alt=\"casa planells, co warto zobaczyc w barcelonie\" srcset=\"https:\/\/www.wzdluzdrogi.pl\/wp-content\/uploads\/2025\/04\/casa-planells-barcelona-683x1024.jpg 683w, https:\/\/www.wzdluzdrogi.pl\/wp-content\/uploads\/2025\/04\/casa-planells-barcelona-200x300.jpg 200w, https:\/\/www.wzdluzdrogi.pl\/wp-content\/uploads\/2025\/04\/casa-planells-barcelona-768x1152.jpg 768w, https:\/\/www.wzdluzdrogi.pl\/wp-content\/uploads\/2025\/04\/casa-planells-barcelona-1024x1536.jpg 1024w, https:\/\/www.wzdluzdrogi.pl\/wp-content\/uploads\/2025\/04\/casa-planells-barcelona-scaled.jpg 1067w\" sizes=\"(max-width: 683px) 100vw, 683px\" \/>\t\t\t\t\t\t\t\t\t\t\t\t\t\t\t<\/div>\n\t\t\t\t<\/div>\n\t\t\t\t\t<\/div>\n\t\t<\/div>\n\t\t\t\t\t<\/div>\n\t\t<\/section>\n\t\t\t\t<section class=\"elementor-section elementor-top-section elementor-element elementor-element-43142ab2 elementor-section-boxed elementor-section-height-default elementor-section-height-default\" data-id=\"43142ab2\" data-element_type=\"section\" data-e-type=\"section\">\n\t\t\t\t\t\t<div class=\"elementor-container elementor-column-gap-default\">\n\t\t\t\t\t<div class=\"elementor-column elementor-col-100 elementor-top-column elementor-element elementor-element-6740efe4\" data-id=\"6740efe4\" data-element_type=\"column\" data-e-type=\"column\">\n\t\t\t<div class=\"elementor-widget-wrap elementor-element-populated\">\n\t\t\t\t\t\t<div class=\"elementor-element elementor-element-2638e0b9 elementor-widget elementor-widget-heading\" data-id=\"2638e0b9\" data-element_type=\"widget\" data-e-type=\"widget\" data-widget_type=\"heading.default\">\n\t\t\t\t<div class=\"elementor-widget-container\">\n\t\t\t\t\t<h2 class=\"elementor-heading-title elementor-size-default\">Gdy architektura staje si\u0119 rewolucj\u0105<\/h2>\t\t\t\t<\/div>\n\t\t\t\t<\/div>\n\t\t\t\t<div class=\"elementor-element elementor-element-2f32939b elementor-widget elementor-widget-text-editor\" data-id=\"2f32939b\" data-element_type=\"widget\" data-e-type=\"widget\" data-widget_type=\"text-editor.default\">\n\t\t\t\t<div class=\"elementor-widget-container\">\n\t\t\t\t\t\t\t\t\t<p class=\"\" data-start=\"576\" data-end=\"979\">Na pierwszy rzut oka Casa Planells mo\u017ce wydawa\u0107 si\u0119 dziwna. Szczeg\u00f3lnie je\u015bli spojrzysz przez pryzmat innych budynk\u00f3w, kt\u00f3re stoj\u0105 tu\u017c obok. Gdy w 1923 roku architekt Josep Maria Jujol \u2013 znany wsp\u00f3\u0142pracownik Gaudiego \u2013 rozpocz\u0105\u0142 projektowanie tego budynku, mia\u0142 do dyspozycji bardzo ma\u0142\u0105 dzia\u0142k\u0119 (zaledwie 83 m2!). Do tego inwestor, Eveli Planells, mia\u0142 ograniczony bud\u017cet i zmieniaj\u0105ce si\u0119 potrzeby.<\/p><p class=\"\" data-start=\"981\" data-end=\"1242\">Pierwotnie mia\u0142 to by\u0107 jednorodzinny dom, ale z czasem plan przekszta\u0142cono w budynek z mieszkaniem dla w\u0142a\u015bciciela i lokalami na wynajem.<\/p>\t\t\t\t\t\t\t\t<\/div>\n\t\t\t\t<\/div>\n\t\t\t\t\t<\/div>\n\t\t<\/div>\n\t\t\t\t\t<\/div>\n\t\t<\/section>\n\t\t\t\t<section class=\"elementor-section elementor-top-section elementor-element elementor-element-5d2c9a3f elementor-section-full_width elementor-section-stretched elementor-section-height-default elementor-section-height-default\" data-id=\"5d2c9a3f\" data-element_type=\"section\" data-e-type=\"section\" data-settings=\"{&quot;stretch_section&quot;:&quot;section-stretched&quot;,&quot;background_background&quot;:&quot;classic&quot;}\">\n\t\t\t\t\t\t<div class=\"elementor-container elementor-column-gap-default\">\n\t\t\t\t\t<div class=\"elementor-column elementor-col-50 elementor-top-column elementor-element elementor-element-1dda0c18\" data-id=\"1dda0c18\" data-element_type=\"column\" data-e-type=\"column\">\n\t\t\t<div class=\"elementor-widget-wrap elementor-element-populated\">\n\t\t\t\t\t\t<div class=\"elementor-element elementor-element-1811fbf5 elementor-widget elementor-widget-image\" data-id=\"1811fbf5\" data-element_type=\"widget\" data-e-type=\"widget\" data-widget_type=\"image.default\">\n\t\t\t\t<div class=\"elementor-widget-container\">\n\t\t\t\t\t\t\t\t\t\t\t\t\t\t\t<img decoding=\"async\" width=\"683\" height=\"1024\" data-src=\"https:\/\/www.wzdluzdrogi.pl\/wp-content\/uploads\/2025\/04\/casa-planells-w-barcelonie-683x1024.jpg\" class=\"attachment-large size-large wp-image-4095 lazyload\" alt=\"\" data-srcset=\"https:\/\/www.wzdluzdrogi.pl\/wp-content\/uploads\/2025\/04\/casa-planells-w-barcelonie-683x1024.jpg 683w, https:\/\/www.wzdluzdrogi.pl\/wp-content\/uploads\/2025\/04\/casa-planells-w-barcelonie-200x300.jpg 200w, https:\/\/www.wzdluzdrogi.pl\/wp-content\/uploads\/2025\/04\/casa-planells-w-barcelonie-768x1152.jpg 768w, https:\/\/www.wzdluzdrogi.pl\/wp-content\/uploads\/2025\/04\/casa-planells-w-barcelonie-1024x1536.jpg 1024w, https:\/\/www.wzdluzdrogi.pl\/wp-content\/uploads\/2025\/04\/casa-planells-w-barcelonie-scaled.jpg 1067w\" data-sizes=\"(max-width: 683px) 100vw, 683px\" src=\"data:image\/svg+xml;base64,PHN2ZyB3aWR0aD0iMSIgaGVpZ2h0PSIxIiB4bWxucz0iaHR0cDovL3d3dy53My5vcmcvMjAwMC9zdmciPjwvc3ZnPg==\" style=\"--smush-placeholder-width: 683px; --smush-placeholder-aspect-ratio: 683\/1024;\" \/>\t\t\t\t\t\t\t\t\t\t\t\t\t\t\t<\/div>\n\t\t\t\t<\/div>\n\t\t\t\t\t<\/div>\n\t\t<\/div>\n\t\t\t\t<div class=\"elementor-column elementor-col-50 elementor-top-column elementor-element elementor-element-44516280\" data-id=\"44516280\" data-element_type=\"column\" data-e-type=\"column\">\n\t\t\t<div class=\"elementor-widget-wrap elementor-element-populated\">\n\t\t\t\t\t\t<div class=\"elementor-element elementor-element-6d469294 elementor-widget elementor-widget-heading\" data-id=\"6d469294\" data-element_type=\"widget\" data-e-type=\"widget\" data-widget_type=\"heading.default\">\n\t\t\t\t<div class=\"elementor-widget-container\">\n\t\t\t\t\t<h2 class=\"elementor-heading-title elementor-size-default\">Ciekawostka<\/h2>\t\t\t\t<\/div>\n\t\t\t\t<\/div>\n\t\t\t\t<div class=\"elementor-element elementor-element-7cab1b9 elementor-widget elementor-widget-text-editor\" data-id=\"7cab1b9\" data-element_type=\"widget\" data-e-type=\"widget\" data-widget_type=\"text-editor.default\">\n\t\t\t\t<div class=\"elementor-widget-container\">\n\t\t\t\t\t\t\t\t\t<p>Praktycznie za ka\u017cdym projektem stoi jaka\u015b ciekawa historia. Casa Planells mia\u0142a wygl\u0105da\u0107 zupe\u0142nie inaczej! Pierwszy pomys\u0142 zak\u0142ada\u0142 budow\u0119 zwyk\u0142ego domu jednorodzinnego, a Jujol \u2013 zainspirowany <strong data-start=\"2510\" data-end=\"2573\"><a href=\"https:\/\/www.wzdluzdrogi.pl\/index.php\/2025\/04\/09\/casa-mila-w-barcelonie-czy-warto-zobaczyc\/\" rel=\"noopener\" data-start=\"2512\" data-end=\"2571\">Casa Mil\u00e0<\/a><\/strong> (czyli s\u0142ynn\u0105 &#8222;La Pedrer\u0105&#8221; od Gaudiego) \u2013 chcia\u0142, \u017ceby budynek wygl\u0105da\u0142 jak piedesta\u0142 dla ogromnej rze\u017aby Matki Boskiej. Mia\u0142a sta\u0107 na szczycie kopu\u0142y, nad trybunami, kt\u00f3re zaprojektowa\u0142 na fasadzie. Brzmi totalnie szalenie, prawda?<\/p>\t\t\t\t\t\t\t\t<\/div>\n\t\t\t\t<\/div>\n\t\t\t\t\t<\/div>\n\t\t<\/div>\n\t\t\t\t\t<\/div>\n\t\t<\/section>\n\t\t\t\t<section class=\"elementor-section elementor-top-section elementor-element elementor-element-32efb34a elementor-section-boxed elementor-section-height-default elementor-section-height-default\" data-id=\"32efb34a\" data-element_type=\"section\" data-e-type=\"section\">\n\t\t\t\t\t\t<div class=\"elementor-container elementor-column-gap-default\">\n\t\t\t\t\t<div class=\"elementor-column elementor-col-100 elementor-top-column elementor-element elementor-element-6fa79561\" data-id=\"6fa79561\" data-element_type=\"column\" data-e-type=\"column\">\n\t\t\t<div class=\"elementor-widget-wrap elementor-element-populated\">\n\t\t\t\t\t\t<div class=\"elementor-element elementor-element-1936af9d elementor-widget elementor-widget-heading\" data-id=\"1936af9d\" data-element_type=\"widget\" data-e-type=\"widget\" data-widget_type=\"heading.default\">\n\t\t\t\t<div class=\"elementor-widget-container\">\n\t\t\t\t\t<h2 class=\"elementor-heading-title elementor-size-default\">Dom, kt\u00f3ry \u201ep\u0142ynie\u201d<\/h2>\t\t\t\t<\/div>\n\t\t\t\t<\/div>\n\t\t\t\t<div class=\"elementor-element elementor-element-86aa35e elementor-widget elementor-widget-text-editor\" data-id=\"86aa35e\" data-element_type=\"widget\" data-e-type=\"widget\" data-widget_type=\"text-editor.default\">\n\t\t\t\t<div class=\"elementor-widget-container\">\n\t\t\t\t\t\t\t\t\t<p class=\"\" data-start=\"1276\" data-end=\"1578\">Jujol stworzy\u0142 iluzj\u0119 lekko\u015bci i ruchu, kt\u00f3ra kontrastuje z ciasn\u0105, naro\u017cn\u0105 dzia\u0142k\u0105. Zamiast traktowa\u0107 trudne po\u0142o\u017cenie jako problem, architekt uczyni\u0142 z niego najwi\u0119kszy atut projektu.<\/p><p class=\"\" data-start=\"1580\" data-end=\"1892\">Najbardziej charakterystycznym elementem jest naro\u017cnik budynku \u2013 okr\u0105g\u0142y balkon wsparty na centralnym filarze, kt\u00f3ry niemal unosi si\u0119 w powietrzu. Jujol zastosowa\u0142 te\u017c sprytne rozwi\u0105zanie: cofni\u0119ta parterowa fasada i wysuni\u0119te g\u00f3rne kondygnacje sprawiaj\u0105, \u017ce mieszkania zyskuj\u0105 wi\u0119cej \u015bwiat\u0142a i przestrzeni. I tak mieszkanie na pierwszy pi\u0119trze ma a\u017c 120m2.<\/p><p class=\"\" data-start=\"1894\" data-end=\"2104\">A to nie wszystko. Niekt\u00f3re mieszkania maj\u0105 dwupoziomowe pokoje, z antresol\u0105 dost\u0119pn\u0105 po ma\u0142ych schodkach \u2013 takie rozwi\u0105zanie pozwoli\u0142o powi\u0119kszy\u0107 powierzchni\u0119 bez naruszania zewn\u0119trznych proporcji budynku.<\/p>\t\t\t\t\t\t\t\t<\/div>\n\t\t\t\t<\/div>\n\t\t\t\t\t<\/div>\n\t\t<\/div>\n\t\t\t\t\t<\/div>\n\t\t<\/section>\n\t\t\t\t<section class=\"elementor-section elementor-top-section elementor-element elementor-element-6e3962a elementor-section-boxed elementor-section-height-default elementor-section-height-default\" data-id=\"6e3962a\" data-element_type=\"section\" data-e-type=\"section\">\n\t\t\t\t\t\t<div class=\"elementor-container elementor-column-gap-default\">\n\t\t\t\t\t<div class=\"elementor-column elementor-col-100 elementor-top-column elementor-element elementor-element-7123771f\" data-id=\"7123771f\" data-element_type=\"column\" data-e-type=\"column\">\n\t\t\t<div class=\"elementor-widget-wrap elementor-element-populated\">\n\t\t\t\t\t\t<div class=\"elementor-element elementor-element-21b21c5c elementor-widget elementor-widget-heading\" data-id=\"21b21c5c\" data-element_type=\"widget\" data-e-type=\"widget\" data-widget_type=\"heading.default\">\n\t\t\t\t<div class=\"elementor-widget-container\">\n\t\t\t\t\t<h2 class=\"elementor-heading-title elementor-size-default\">Jujol \u2013 artysta, kt\u00f3ry nie da\u0142 si\u0119 zaszufladkowa\u0107<\/h2>\t\t\t\t<\/div>\n\t\t\t\t<\/div>\n\t\t\t\t<div class=\"elementor-element elementor-element-3b00280 elementor-widget elementor-widget-text-editor\" data-id=\"3b00280\" data-element_type=\"widget\" data-e-type=\"widget\" data-widget_type=\"text-editor.default\">\n\t\t\t\t<div class=\"elementor-widget-container\">\n\t\t\t\t\t\t\t\t\t<p class=\"\" data-start=\"2161\" data-end=\"2504\">Cho\u0107 tworzy\u0142 w epoce modernizmu katalo\u0144skiego, Jujol nigdy nie wpisywa\u0142 si\u0119 w sztywne ramy stylu. By\u0142 indywidualist\u0105. Wielu badaczy uwa\u017ca, \u017ce jego projekty by\u0142y bli\u017csze ekspresjonizmowi \u2013 wspomina si\u0119 tu cho\u0107by niemieckiego architekta Ericha Mendelsohna. Dla jednych \u2013 dziwak, dla innych \u2013 geniusz, kt\u00f3ry umia\u0142 wycisn\u0105\u0107 maksimum z minimum.<\/p><p class=\"\" data-start=\"2506\" data-end=\"2702\">Casa Planells to doskona\u0142y przyk\u0142ad jego podej\u015bcia \u2013 funkcjonalno\u015b\u0107 spotyka si\u0119 tu z poetyk\u0105 formy, a wszystko po to, by z jednej z najmniejszych dzia\u0142ek w mie\u015bcie stworzy\u0107 co\u015b\u2026 du\u017cego duchem.<\/p>\t\t\t\t\t\t\t\t<\/div>\n\t\t\t\t<\/div>\n\t\t\t\t\t<\/div>\n\t\t<\/div>\n\t\t\t\t\t<\/div>\n\t\t<\/section>\n\t\t\t\t<section class=\"elementor-section elementor-top-section elementor-element elementor-element-306d5eb8 elementor-section-boxed elementor-section-height-default elementor-section-height-default\" data-id=\"306d5eb8\" data-element_type=\"section\" data-e-type=\"section\">\n\t\t\t\t\t\t<div class=\"elementor-container elementor-column-gap-default\">\n\t\t\t\t\t<div class=\"elementor-column elementor-col-100 elementor-top-column elementor-element elementor-element-7f4d2b95\" data-id=\"7f4d2b95\" data-element_type=\"column\" data-e-type=\"column\">\n\t\t\t<div class=\"elementor-widget-wrap elementor-element-populated\">\n\t\t\t\t\t\t<div class=\"elementor-element elementor-element-2a15b4f2 elementor-widget elementor-widget-image\" data-id=\"2a15b4f2\" data-element_type=\"widget\" data-e-type=\"widget\" data-widget_type=\"image.default\">\n\t\t\t\t<div class=\"elementor-widget-container\">\n\t\t\t\t\t\t\t\t\t\t\t\t\t\t\t<img decoding=\"async\" width=\"683\" height=\"1024\" data-src=\"https:\/\/www.wzdluzdrogi.pl\/wp-content\/uploads\/2025\/04\/casa-planells-architektura-barcelony-683x1024.jpg\" class=\"attachment-large size-large wp-image-4096 lazyload\" alt=\"\" data-srcset=\"https:\/\/www.wzdluzdrogi.pl\/wp-content\/uploads\/2025\/04\/casa-planells-architektura-barcelony-683x1024.jpg 683w, https:\/\/www.wzdluzdrogi.pl\/wp-content\/uploads\/2025\/04\/casa-planells-architektura-barcelony-200x300.jpg 200w, https:\/\/www.wzdluzdrogi.pl\/wp-content\/uploads\/2025\/04\/casa-planells-architektura-barcelony-768x1152.jpg 768w, https:\/\/www.wzdluzdrogi.pl\/wp-content\/uploads\/2025\/04\/casa-planells-architektura-barcelony-1024x1536.jpg 1024w, https:\/\/www.wzdluzdrogi.pl\/wp-content\/uploads\/2025\/04\/casa-planells-architektura-barcelony-scaled.jpg 1067w\" data-sizes=\"(max-width: 683px) 100vw, 683px\" src=\"data:image\/svg+xml;base64,PHN2ZyB3aWR0aD0iMSIgaGVpZ2h0PSIxIiB4bWxucz0iaHR0cDovL3d3dy53My5vcmcvMjAwMC9zdmciPjwvc3ZnPg==\" style=\"--smush-placeholder-width: 683px; --smush-placeholder-aspect-ratio: 683\/1024;\" \/>\t\t\t\t\t\t\t\t\t\t\t\t\t\t\t<\/div>\n\t\t\t\t<\/div>\n\t\t\t\t\t<\/div>\n\t\t<\/div>\n\t\t\t\t\t<\/div>\n\t\t<\/section>\n\t\t\t\t<section class=\"elementor-section elementor-top-section elementor-element elementor-element-2cf05fe elementor-section-boxed elementor-section-height-default elementor-section-height-default\" data-id=\"2cf05fe\" data-element_type=\"section\" data-e-type=\"section\">\n\t\t\t\t\t\t<div class=\"elementor-container elementor-column-gap-default\">\n\t\t\t\t\t<div class=\"elementor-column elementor-col-100 elementor-top-column elementor-element elementor-element-978d5f6\" data-id=\"978d5f6\" data-element_type=\"column\" data-e-type=\"column\">\n\t\t\t<div class=\"elementor-widget-wrap elementor-element-populated\">\n\t\t\t\t\t\t<div class=\"elementor-element elementor-element-49e9672 elementor-widget elementor-widget-heading\" data-id=\"49e9672\" data-element_type=\"widget\" data-e-type=\"widget\" data-widget_type=\"heading.default\">\n\t\t\t\t<div class=\"elementor-widget-container\">\n\t\t\t\t\t<h3 class=\"elementor-heading-title elementor-size-default\">Interesuje ci\u0119 Barcelona? Zobacz r\u00f3wnie\u017c:<\/h3>\t\t\t\t<\/div>\n\t\t\t\t<\/div>\n\t\t\t\t\t<\/div>\n\t\t<\/div>\n\t\t\t\t\t<\/div>\n\t\t<\/section>\n\t\t\t\t<section class=\"elementor-section elementor-top-section elementor-element elementor-element-3896057d elementor-section-full_width elementor-section-stretched elementor-section-height-default elementor-section-height-default elementor-invisible\" data-id=\"3896057d\" data-element_type=\"section\" data-e-type=\"section\" data-settings=\"{&quot;background_background&quot;:&quot;classic&quot;,&quot;animation&quot;:&quot;fadeInLeft&quot;,&quot;stretch_section&quot;:&quot;section-stretched&quot;}\">\n\t\t\t\t\t\t\t<div class=\"elementor-background-overlay\"><\/div>\n\t\t\t\t\t\t\t<div class=\"elementor-container elementor-column-gap-wider\">\n\t\t\t\t\t<div class=\"elementor-column elementor-col-33 elementor-top-column elementor-element elementor-element-6b8bdf01\" data-id=\"6b8bdf01\" data-element_type=\"column\" data-e-type=\"column\">\n\t\t\t<div class=\"elementor-widget-wrap elementor-element-populated\">\n\t\t\t\t\t\t<div class=\"elementor-element elementor-element-758eb225 elementor-widget elementor-widget-image\" data-id=\"758eb225\" data-element_type=\"widget\" data-e-type=\"widget\" data-widget_type=\"image.default\">\n\t\t\t\t<div class=\"elementor-widget-container\">\n\t\t\t\t\t\t\t\t\t\t\t\t<figure class=\"wp-caption\">\n\t\t\t\t\t\t\t\t\t\t\t<a href=\"https:\/\/www.wzdluzdrogi.pl\/index.php\/2024\/06\/05\/10-atrakcji-barcelony-ktore-musisz-zobaczyc\/\">\n\t\t\t\t\t\t\t<img decoding=\"async\" width=\"683\" height=\"1024\" data-src=\"https:\/\/www.wzdluzdrogi.pl\/wp-content\/uploads\/2024\/06\/MG_7944-683x1024.jpg\" class=\"elementor-animation-rotate attachment-large size-large wp-image-3592 lazyload\" alt=\"barcelona\" data-srcset=\"https:\/\/www.wzdluzdrogi.pl\/wp-content\/uploads\/2024\/06\/MG_7944-683x1024.jpg 683w, https:\/\/www.wzdluzdrogi.pl\/wp-content\/uploads\/2024\/06\/MG_7944-200x300.jpg 200w, https:\/\/www.wzdluzdrogi.pl\/wp-content\/uploads\/2024\/06\/MG_7944-768x1152.jpg 768w, https:\/\/www.wzdluzdrogi.pl\/wp-content\/uploads\/2024\/06\/MG_7944-1024x1536.jpg 1024w, https:\/\/www.wzdluzdrogi.pl\/wp-content\/uploads\/2024\/06\/MG_7944-scaled.jpg 1067w\" data-sizes=\"(max-width: 683px) 100vw, 683px\" src=\"data:image\/svg+xml;base64,PHN2ZyB3aWR0aD0iMSIgaGVpZ2h0PSIxIiB4bWxucz0iaHR0cDovL3d3dy53My5vcmcvMjAwMC9zdmciPjwvc3ZnPg==\" style=\"--smush-placeholder-width: 683px; --smush-placeholder-aspect-ratio: 683\/1024;\" \/>\t\t\t\t\t\t\t\t<\/a>\n\t\t\t\t\t\t\t\t\t\t\t<figcaption class=\"widget-image-caption wp-caption-text\">10 atrakcji Barcelony, kt\u00f3re musisz zobaczy\u0107<\/figcaption>\n\t\t\t\t\t\t\t\t\t\t<\/figure>\n\t\t\t\t\t\t\t\t\t<\/div>\n\t\t\t\t<\/div>\n\t\t\t\t\t<\/div>\n\t\t<\/div>\n\t\t\t\t<div class=\"elementor-column elementor-col-33 elementor-top-column elementor-element elementor-element-35e0565b\" data-id=\"35e0565b\" data-element_type=\"column\" data-e-type=\"column\">\n\t\t\t<div class=\"elementor-widget-wrap elementor-element-populated\">\n\t\t\t\t\t\t<div class=\"elementor-element elementor-element-6544363a elementor-widget elementor-widget-image\" data-id=\"6544363a\" data-element_type=\"widget\" data-e-type=\"widget\" data-widget_type=\"image.default\">\n\t\t\t\t<div class=\"elementor-widget-container\">\n\t\t\t\t\t\t\t\t\t\t\t\t<figure class=\"wp-caption\">\n\t\t\t\t\t\t\t\t\t\t\t<a href=\"https:\/\/www.wzdluzdrogi.pl\/index.php\/2025\/02\/12\/najpiekniejsze-punkty-widokowe-w-barcelonie\/\">\n\t\t\t\t\t\t\t<img decoding=\"async\" width=\"683\" height=\"1024\" data-src=\"https:\/\/www.wzdluzdrogi.pl\/wp-content\/uploads\/2025\/02\/Teleferic-de-Montjuic-kolejki-linowe-barcelona-683x1024.jpg\" class=\"elementor-animation-rotate attachment-large size-large wp-image-3983 lazyload\" alt=\"\" data-srcset=\"https:\/\/www.wzdluzdrogi.pl\/wp-content\/uploads\/2025\/02\/Teleferic-de-Montjuic-kolejki-linowe-barcelona-683x1024.jpg 683w, https:\/\/www.wzdluzdrogi.pl\/wp-content\/uploads\/2025\/02\/Teleferic-de-Montjuic-kolejki-linowe-barcelona-200x300.jpg 200w, https:\/\/www.wzdluzdrogi.pl\/wp-content\/uploads\/2025\/02\/Teleferic-de-Montjuic-kolejki-linowe-barcelona-768x1152.jpg 768w, https:\/\/www.wzdluzdrogi.pl\/wp-content\/uploads\/2025\/02\/Teleferic-de-Montjuic-kolejki-linowe-barcelona-1024x1536.jpg 1024w, https:\/\/www.wzdluzdrogi.pl\/wp-content\/uploads\/2025\/02\/Teleferic-de-Montjuic-kolejki-linowe-barcelona-scaled.jpg 1067w\" data-sizes=\"(max-width: 683px) 100vw, 683px\" src=\"data:image\/svg+xml;base64,PHN2ZyB3aWR0aD0iMSIgaGVpZ2h0PSIxIiB4bWxucz0iaHR0cDovL3d3dy53My5vcmcvMjAwMC9zdmciPjwvc3ZnPg==\" style=\"--smush-placeholder-width: 683px; --smush-placeholder-aspect-ratio: 683\/1024;\" \/>\t\t\t\t\t\t\t\t<\/a>\n\t\t\t\t\t\t\t\t\t\t\t<figcaption class=\"widget-image-caption wp-caption-text\">Najpi\u0119kniejsze punkty widokowe w Barcelonie<\/figcaption>\n\t\t\t\t\t\t\t\t\t\t<\/figure>\n\t\t\t\t\t\t\t\t\t<\/div>\n\t\t\t\t<\/div>\n\t\t\t\t\t<\/div>\n\t\t<\/div>\n\t\t\t\t<div class=\"elementor-column elementor-col-33 elementor-top-column elementor-element elementor-element-556d4504\" data-id=\"556d4504\" data-element_type=\"column\" data-e-type=\"column\">\n\t\t\t<div class=\"elementor-widget-wrap elementor-element-populated\">\n\t\t\t\t\t\t<div class=\"elementor-element elementor-element-1e1d10df elementor-widget elementor-widget-image\" data-id=\"1e1d10df\" data-element_type=\"widget\" data-e-type=\"widget\" data-widget_type=\"image.default\">\n\t\t\t\t<div class=\"elementor-widget-container\">\n\t\t\t\t\t\t\t\t\t\t\t\t<figure class=\"wp-caption\">\n\t\t\t\t\t\t\t\t\t\t\t<a href=\"https:\/\/www.wzdluzdrogi.pl\/index.php\/2024\/06\/04\/atrakcje-gaudiego-w-barcelonie-ktore-musisz-zobaczyc\/\">\n\t\t\t\t\t\t\t<img decoding=\"async\" width=\"683\" height=\"1024\" data-src=\"https:\/\/www.wzdluzdrogi.pl\/wp-content\/uploads\/2024\/06\/MG_7397-1-683x1024.jpg\" class=\"elementor-animation-rotate attachment-large size-large wp-image-3523 lazyload\" alt=\"fasada sagrada familia, atrakcje w barcelonie, \u015bladami gaudiego w barcelonie, co zobaczy\u0107 w barcelonie\" data-srcset=\"https:\/\/www.wzdluzdrogi.pl\/wp-content\/uploads\/2024\/06\/MG_7397-1-683x1024.jpg 683w, https:\/\/www.wzdluzdrogi.pl\/wp-content\/uploads\/2024\/06\/MG_7397-1-200x300.jpg 200w, https:\/\/www.wzdluzdrogi.pl\/wp-content\/uploads\/2024\/06\/MG_7397-1-768x1152.jpg 768w, https:\/\/www.wzdluzdrogi.pl\/wp-content\/uploads\/2024\/06\/MG_7397-1-1024x1536.jpg 1024w, https:\/\/www.wzdluzdrogi.pl\/wp-content\/uploads\/2024\/06\/MG_7397-1-scaled.jpg 1067w\" data-sizes=\"(max-width: 683px) 100vw, 683px\" src=\"data:image\/svg+xml;base64,PHN2ZyB3aWR0aD0iMSIgaGVpZ2h0PSIxIiB4bWxucz0iaHR0cDovL3d3dy53My5vcmcvMjAwMC9zdmciPjwvc3ZnPg==\" style=\"--smush-placeholder-width: 683px; --smush-placeholder-aspect-ratio: 683\/1024;\" \/>\t\t\t\t\t\t\t\t<\/a>\n\t\t\t\t\t\t\t\t\t\t\t<figcaption class=\"widget-image-caption wp-caption-text\">Atrakcje Gaud\u00edego w Barcelonie, kt\u00f3re musisz zobaczy\u0107<\/figcaption>\n\t\t\t\t\t\t\t\t\t\t<\/figure>\n\t\t\t\t\t\t\t\t\t<\/div>\n\t\t\t\t<\/div>\n\t\t\t\t\t<\/div>\n\t\t<\/div>\n\t\t\t\t\t<\/div>\n\t\t<\/section>\n\t\t\t\t<section class=\"elementor-section elementor-top-section elementor-element elementor-element-a5fa2dc elementor-section-boxed elementor-section-height-default elementor-section-height-default\" data-id=\"a5fa2dc\" data-element_type=\"section\" data-e-type=\"section\">\n\t\t\t\t\t\t<div class=\"elementor-container elementor-column-gap-default\">\n\t\t\t\t\t<div class=\"elementor-column elementor-col-100 elementor-top-column elementor-element elementor-element-74ba7ee\" data-id=\"74ba7ee\" data-element_type=\"column\" data-e-type=\"column\">\n\t\t\t<div class=\"elementor-widget-wrap elementor-element-populated\">\n\t\t\t\t\t\t<div class=\"elementor-element elementor-element-6f809d7 elementor-widget elementor-widget-heading\" data-id=\"6f809d7\" data-element_type=\"widget\" data-e-type=\"widget\" data-widget_type=\"heading.default\">\n\t\t\t\t<div class=\"elementor-widget-container\">\n\t\t\t\t\t<h3 class=\"elementor-heading-title elementor-size-default\">Zobacz wi\u0119cej w naszych mediach spo\u0142eczno\u015bciowych:<\/h3>\t\t\t\t<\/div>\n\t\t\t\t<\/div>\n\t\t\t\t<div class=\"elementor-element elementor-element-812a753 elementor-shape-rounded elementor-grid-0 e-grid-align-center elementor-widget elementor-widget-social-icons\" data-id=\"812a753\" data-element_type=\"widget\" data-e-type=\"widget\" data-widget_type=\"social-icons.default\">\n\t\t\t\t<div class=\"elementor-widget-container\">\n\t\t\t\t\t\t\t<div class=\"elementor-social-icons-wrapper elementor-grid\" role=\"list\">\n\t\t\t\t\t\t\t<span class=\"elementor-grid-item\" role=\"listitem\">\n\t\t\t\t\t<a class=\"elementor-icon elementor-social-icon elementor-social-icon-facebook elementor-animation-grow-rotate elementor-repeater-item-8fd6111\" href=\"https:\/\/www.facebook.com\/wzdluzdrogi\" target=\"_blank\">\n\t\t\t\t\t\t<span class=\"elementor-screen-only\">Facebook<\/span>\n\t\t\t\t\t\t<i aria-hidden=\"true\" class=\"fab fa-facebook\"><\/i>\t\t\t\t\t<\/a>\n\t\t\t\t<\/span>\n\t\t\t\t\t\t\t<span class=\"elementor-grid-item\" role=\"listitem\">\n\t\t\t\t\t<a class=\"elementor-icon elementor-social-icon elementor-social-icon-youtube elementor-animation-grow-rotate elementor-repeater-item-40ecd14\" href=\"https:\/\/www.youtube.com\/channel\/UCW7xjbHjmE0P5_HMEhlFR5w\" target=\"_blank\">\n\t\t\t\t\t\t<span class=\"elementor-screen-only\">Youtube<\/span>\n\t\t\t\t\t\t<i aria-hidden=\"true\" class=\"fab fa-youtube\"><\/i>\t\t\t\t\t<\/a>\n\t\t\t\t<\/span>\n\t\t\t\t\t\t\t<span class=\"elementor-grid-item\" role=\"listitem\">\n\t\t\t\t\t<a class=\"elementor-icon elementor-social-icon elementor-social-icon-instagram elementor-animation-grow-rotate elementor-repeater-item-d92fd2a\" href=\"https:\/\/www.instagram.com\/wzdluz_drogi\/?hl=pl\" target=\"_blank\">\n\t\t\t\t\t\t<span class=\"elementor-screen-only\">Instagram<\/span>\n\t\t\t\t\t\t<i aria-hidden=\"true\" class=\"fab fa-instagram\"><\/i>\t\t\t\t\t<\/a>\n\t\t\t\t<\/span>\n\t\t\t\t\t<\/div>\n\t\t\t\t\t\t<\/div>\n\t\t\t\t<\/div>\n\t\t\t\t\t<\/div>\n\t\t<\/div>\n\t\t\t\t\t<\/div>\n\t\t<\/section>\n\t\t\t\t<\/div>\n\t\t","protected":false},"excerpt":{"rendered":"<p>Nie wiem, czy te\u017c tak masz, ale ja uwielbiam odkrywa\u0107 miejsca, kt\u00f3re nie krzycz\u0105 z ka\u017cdego przewodnika. Takie, kt\u00f3re stoj\u0105 sobie spokojnie w cieniu tych \u201etop 10\u201d, a kiedy ju\u017c je znajdziesz \u2013 masz wra\u017cenie, \u017ce to w\u0142a\u015bnie tam Barcelona pokazuje swoje prawdziwe oblicze.I dok\u0142adnie tak mia\u0142am z Casa Planells. Bo Casa Planells nie znajdziesz &hellip; <\/p>\n","protected":false},"author":1,"featured_media":4094,"comment_status":"open","ping_status":"closed","sticky":false,"template":"","format":"standard","meta":{"_monsterinsights_skip_tracking":false,"_monsterinsights_sitenote_active":false,"_monsterinsights_sitenote_note":"","_monsterinsights_sitenote_category":0,"footnotes":""},"categories":[100,99,26],"tags":[],"class_list":["post-4089","post","type-post","status-publish","format-standard","has-post-thumbnail","hentry","category-barcelona","category-hiszpania","category-podroze"],"yoast_head":"<!-- This site is optimized with the Yoast SEO plugin v26.5 - https:\/\/yoast.com\/wordpress\/plugins\/seo\/ -->\n<title>Casa Planells \u2013 barcelo\u0144ska pere\u0142ka, o kt\u00f3rej ma\u0142o kto s\u0142ysza\u0142 - Wzd\u0142u\u017c Drogi<\/title>\n<meta name=\"description\" content=\"Casa Planells, czyli architektura w Barcelonie, kt\u00f3r\u0105 warto zobaczy\u0107 opr\u00f3cz Antoniego Gaudiego. Atrakcje Barcelony.\" \/>\n<meta name=\"robots\" content=\"index, follow, max-snippet:-1, max-image-preview:large, max-video-preview:-1\" \/>\n<link rel=\"canonical\" href=\"https:\/\/www.wzdluzdrogi.pl\/index.php\/2025\/04\/14\/casa-planells-barcelonska-perelka-o-ktorej-malo-kto-slyszal\/\" \/>\n<meta property=\"og:locale\" content=\"pl_PL\" \/>\n<meta property=\"og:type\" content=\"article\" \/>\n<meta property=\"og:title\" content=\"Casa Planells \u2013 barcelo\u0144ska pere\u0142ka, o kt\u00f3rej ma\u0142o kto s\u0142ysza\u0142 - Wzd\u0142u\u017c Drogi\" \/>\n<meta property=\"og:description\" content=\"Casa Planells, czyli architektura w Barcelonie, kt\u00f3r\u0105 warto zobaczy\u0107 opr\u00f3cz Antoniego Gaudiego. Atrakcje Barcelony.\" \/>\n<meta property=\"og:url\" content=\"https:\/\/www.wzdluzdrogi.pl\/index.php\/2025\/04\/14\/casa-planells-barcelonska-perelka-o-ktorej-malo-kto-slyszal\/\" \/>\n<meta property=\"og:site_name\" content=\"Wzd\u0142u\u017c Drogi\" \/>\n<meta property=\"article:published_time\" content=\"2025-04-14T11:14:59+00:00\" \/>\n<meta property=\"article:modified_time\" content=\"2025-04-16T12:35:50+00:00\" \/>\n<meta property=\"og:image\" content=\"https:\/\/www.wzdluzdrogi.pl\/wp-content\/uploads\/2025\/04\/casa-planells-barcelona-scaled.jpg\" \/>\n\t<meta property=\"og:image:width\" content=\"1067\" \/>\n\t<meta property=\"og:image:height\" content=\"1600\" \/>\n\t<meta property=\"og:image:type\" content=\"image\/jpeg\" \/>\n<meta name=\"author\" content=\"Wzdluzdrogi\" \/>\n<meta name=\"twitter:card\" content=\"summary_large_image\" \/>\n<meta name=\"twitter:label1\" content=\"Napisane przez\" \/>\n\t<meta name=\"twitter:data1\" content=\"Wzdluzdrogi\" \/>\n\t<meta name=\"twitter:label2\" content=\"Szacowany czas czytania\" \/>\n\t<meta name=\"twitter:data2\" content=\"4 minuty\" \/>\n<script type=\"application\/ld+json\" class=\"yoast-schema-graph\">{\"@context\":\"https:\/\/schema.org\",\"@graph\":[{\"@type\":\"WebPage\",\"@id\":\"https:\/\/www.wzdluzdrogi.pl\/index.php\/2025\/04\/14\/casa-planells-barcelonska-perelka-o-ktorej-malo-kto-slyszal\/\",\"url\":\"https:\/\/www.wzdluzdrogi.pl\/index.php\/2025\/04\/14\/casa-planells-barcelonska-perelka-o-ktorej-malo-kto-slyszal\/\",\"name\":\"Casa Planells \u2013 barcelo\u0144ska pere\u0142ka, o kt\u00f3rej ma\u0142o kto s\u0142ysza\u0142 - Wzd\u0142u\u017c Drogi\",\"isPartOf\":{\"@id\":\"https:\/\/www.wzdluzdrogi.pl\/#website\"},\"primaryImageOfPage\":{\"@id\":\"https:\/\/www.wzdluzdrogi.pl\/index.php\/2025\/04\/14\/casa-planells-barcelonska-perelka-o-ktorej-malo-kto-slyszal\/#primaryimage\"},\"image\":{\"@id\":\"https:\/\/www.wzdluzdrogi.pl\/index.php\/2025\/04\/14\/casa-planells-barcelonska-perelka-o-ktorej-malo-kto-slyszal\/#primaryimage\"},\"thumbnailUrl\":\"https:\/\/www.wzdluzdrogi.pl\/wp-content\/uploads\/2025\/04\/casa-planells-barcelona-scaled.jpg\",\"datePublished\":\"2025-04-14T11:14:59+00:00\",\"dateModified\":\"2025-04-16T12:35:50+00:00\",\"author\":{\"@id\":\"https:\/\/www.wzdluzdrogi.pl\/#\/schema\/person\/74e57cccc529edf05c11ceaff979bf00\"},\"description\":\"Casa Planells, czyli architektura w Barcelonie, kt\u00f3r\u0105 warto zobaczy\u0107 opr\u00f3cz Antoniego Gaudiego. Atrakcje Barcelony.\",\"breadcrumb\":{\"@id\":\"https:\/\/www.wzdluzdrogi.pl\/index.php\/2025\/04\/14\/casa-planells-barcelonska-perelka-o-ktorej-malo-kto-slyszal\/#breadcrumb\"},\"inLanguage\":\"pl-PL\",\"potentialAction\":[{\"@type\":\"ReadAction\",\"target\":[\"https:\/\/www.wzdluzdrogi.pl\/index.php\/2025\/04\/14\/casa-planells-barcelonska-perelka-o-ktorej-malo-kto-slyszal\/\"]}]},{\"@type\":\"ImageObject\",\"inLanguage\":\"pl-PL\",\"@id\":\"https:\/\/www.wzdluzdrogi.pl\/index.php\/2025\/04\/14\/casa-planells-barcelonska-perelka-o-ktorej-malo-kto-slyszal\/#primaryimage\",\"url\":\"https:\/\/www.wzdluzdrogi.pl\/wp-content\/uploads\/2025\/04\/casa-planells-barcelona-scaled.jpg\",\"contentUrl\":\"https:\/\/www.wzdluzdrogi.pl\/wp-content\/uploads\/2025\/04\/casa-planells-barcelona-scaled.jpg\",\"width\":1067,\"height\":1600,\"caption\":\"casa planells, co warto zobaczyc w barcelonie\"},{\"@type\":\"BreadcrumbList\",\"@id\":\"https:\/\/www.wzdluzdrogi.pl\/index.php\/2025\/04\/14\/casa-planells-barcelonska-perelka-o-ktorej-malo-kto-slyszal\/#breadcrumb\",\"itemListElement\":[{\"@type\":\"ListItem\",\"position\":1,\"name\":\"Strona g\u0142\u00f3wna\",\"item\":\"https:\/\/www.wzdluzdrogi.pl\/\"},{\"@type\":\"ListItem\",\"position\":2,\"name\":\"Casa Planells \u2013 barcelo\u0144ska pere\u0142ka, o kt\u00f3rej ma\u0142o kto s\u0142ysza\u0142\"}]},{\"@type\":\"WebSite\",\"@id\":\"https:\/\/www.wzdluzdrogi.pl\/#website\",\"url\":\"https:\/\/www.wzdluzdrogi.pl\/\",\"name\":\"Wzd\u0142u\u017c Drogi\",\"description\":\"Podr\u00f3\u017ce w rytmie slow\",\"potentialAction\":[{\"@type\":\"SearchAction\",\"target\":{\"@type\":\"EntryPoint\",\"urlTemplate\":\"https:\/\/www.wzdluzdrogi.pl\/?s={search_term_string}\"},\"query-input\":{\"@type\":\"PropertyValueSpecification\",\"valueRequired\":true,\"valueName\":\"search_term_string\"}}],\"inLanguage\":\"pl-PL\"},{\"@type\":\"Person\",\"@id\":\"https:\/\/www.wzdluzdrogi.pl\/#\/schema\/person\/74e57cccc529edf05c11ceaff979bf00\",\"name\":\"Wzdluzdrogi\",\"image\":{\"@type\":\"ImageObject\",\"inLanguage\":\"pl-PL\",\"@id\":\"https:\/\/www.wzdluzdrogi.pl\/#\/schema\/person\/image\/\",\"url\":\"https:\/\/secure.gravatar.com\/avatar\/5338c7b0ffcf3c9b5c99db5ffd459d84?s=96&d=mm&r=g\",\"contentUrl\":\"https:\/\/secure.gravatar.com\/avatar\/5338c7b0ffcf3c9b5c99db5ffd459d84?s=96&d=mm&r=g\",\"caption\":\"Wzdluzdrogi\"},\"sameAs\":[\"http:\/\/www.wzdluzdrogi.pl\"],\"url\":\"https:\/\/www.wzdluzdrogi.pl\/index.php\/author\/wzdluzdrogi\/\"}]}<\/script>\n<!-- \/ Yoast SEO plugin. -->","yoast_head_json":{"title":"Casa Planells \u2013 barcelo\u0144ska pere\u0142ka, o kt\u00f3rej ma\u0142o kto s\u0142ysza\u0142 - Wzd\u0142u\u017c Drogi","description":"Casa Planells, czyli architektura w Barcelonie, kt\u00f3r\u0105 warto zobaczy\u0107 opr\u00f3cz Antoniego Gaudiego. Atrakcje Barcelony.","robots":{"index":"index","follow":"follow","max-snippet":"max-snippet:-1","max-image-preview":"max-image-preview:large","max-video-preview":"max-video-preview:-1"},"canonical":"https:\/\/www.wzdluzdrogi.pl\/index.php\/2025\/04\/14\/casa-planells-barcelonska-perelka-o-ktorej-malo-kto-slyszal\/","og_locale":"pl_PL","og_type":"article","og_title":"Casa Planells \u2013 barcelo\u0144ska pere\u0142ka, o kt\u00f3rej ma\u0142o kto s\u0142ysza\u0142 - Wzd\u0142u\u017c Drogi","og_description":"Casa Planells, czyli architektura w Barcelonie, kt\u00f3r\u0105 warto zobaczy\u0107 opr\u00f3cz Antoniego Gaudiego. Atrakcje Barcelony.","og_url":"https:\/\/www.wzdluzdrogi.pl\/index.php\/2025\/04\/14\/casa-planells-barcelonska-perelka-o-ktorej-malo-kto-slyszal\/","og_site_name":"Wzd\u0142u\u017c Drogi","article_published_time":"2025-04-14T11:14:59+00:00","article_modified_time":"2025-04-16T12:35:50+00:00","og_image":[{"width":1067,"height":1600,"url":"https:\/\/www.wzdluzdrogi.pl\/wp-content\/uploads\/2025\/04\/casa-planells-barcelona-scaled.jpg","type":"image\/jpeg"}],"author":"Wzdluzdrogi","twitter_card":"summary_large_image","twitter_misc":{"Napisane przez":"Wzdluzdrogi","Szacowany czas czytania":"4 minuty"},"schema":{"@context":"https:\/\/schema.org","@graph":[{"@type":"WebPage","@id":"https:\/\/www.wzdluzdrogi.pl\/index.php\/2025\/04\/14\/casa-planells-barcelonska-perelka-o-ktorej-malo-kto-slyszal\/","url":"https:\/\/www.wzdluzdrogi.pl\/index.php\/2025\/04\/14\/casa-planells-barcelonska-perelka-o-ktorej-malo-kto-slyszal\/","name":"Casa Planells \u2013 barcelo\u0144ska pere\u0142ka, o kt\u00f3rej ma\u0142o kto s\u0142ysza\u0142 - Wzd\u0142u\u017c Drogi","isPartOf":{"@id":"https:\/\/www.wzdluzdrogi.pl\/#website"},"primaryImageOfPage":{"@id":"https:\/\/www.wzdluzdrogi.pl\/index.php\/2025\/04\/14\/casa-planells-barcelonska-perelka-o-ktorej-malo-kto-slyszal\/#primaryimage"},"image":{"@id":"https:\/\/www.wzdluzdrogi.pl\/index.php\/2025\/04\/14\/casa-planells-barcelonska-perelka-o-ktorej-malo-kto-slyszal\/#primaryimage"},"thumbnailUrl":"https:\/\/www.wzdluzdrogi.pl\/wp-content\/uploads\/2025\/04\/casa-planells-barcelona-scaled.jpg","datePublished":"2025-04-14T11:14:59+00:00","dateModified":"2025-04-16T12:35:50+00:00","author":{"@id":"https:\/\/www.wzdluzdrogi.pl\/#\/schema\/person\/74e57cccc529edf05c11ceaff979bf00"},"description":"Casa Planells, czyli architektura w Barcelonie, kt\u00f3r\u0105 warto zobaczy\u0107 opr\u00f3cz Antoniego Gaudiego. Atrakcje Barcelony.","breadcrumb":{"@id":"https:\/\/www.wzdluzdrogi.pl\/index.php\/2025\/04\/14\/casa-planells-barcelonska-perelka-o-ktorej-malo-kto-slyszal\/#breadcrumb"},"inLanguage":"pl-PL","potentialAction":[{"@type":"ReadAction","target":["https:\/\/www.wzdluzdrogi.pl\/index.php\/2025\/04\/14\/casa-planells-barcelonska-perelka-o-ktorej-malo-kto-slyszal\/"]}]},{"@type":"ImageObject","inLanguage":"pl-PL","@id":"https:\/\/www.wzdluzdrogi.pl\/index.php\/2025\/04\/14\/casa-planells-barcelonska-perelka-o-ktorej-malo-kto-slyszal\/#primaryimage","url":"https:\/\/www.wzdluzdrogi.pl\/wp-content\/uploads\/2025\/04\/casa-planells-barcelona-scaled.jpg","contentUrl":"https:\/\/www.wzdluzdrogi.pl\/wp-content\/uploads\/2025\/04\/casa-planells-barcelona-scaled.jpg","width":1067,"height":1600,"caption":"casa planells, co warto zobaczyc w barcelonie"},{"@type":"BreadcrumbList","@id":"https:\/\/www.wzdluzdrogi.pl\/index.php\/2025\/04\/14\/casa-planells-barcelonska-perelka-o-ktorej-malo-kto-slyszal\/#breadcrumb","itemListElement":[{"@type":"ListItem","position":1,"name":"Strona g\u0142\u00f3wna","item":"https:\/\/www.wzdluzdrogi.pl\/"},{"@type":"ListItem","position":2,"name":"Casa Planells \u2013 barcelo\u0144ska pere\u0142ka, o kt\u00f3rej ma\u0142o kto s\u0142ysza\u0142"}]},{"@type":"WebSite","@id":"https:\/\/www.wzdluzdrogi.pl\/#website","url":"https:\/\/www.wzdluzdrogi.pl\/","name":"Wzd\u0142u\u017c Drogi","description":"Podr\u00f3\u017ce w rytmie slow","potentialAction":[{"@type":"SearchAction","target":{"@type":"EntryPoint","urlTemplate":"https:\/\/www.wzdluzdrogi.pl\/?s={search_term_string}"},"query-input":{"@type":"PropertyValueSpecification","valueRequired":true,"valueName":"search_term_string"}}],"inLanguage":"pl-PL"},{"@type":"Person","@id":"https:\/\/www.wzdluzdrogi.pl\/#\/schema\/person\/74e57cccc529edf05c11ceaff979bf00","name":"Wzdluzdrogi","image":{"@type":"ImageObject","inLanguage":"pl-PL","@id":"https:\/\/www.wzdluzdrogi.pl\/#\/schema\/person\/image\/","url":"https:\/\/secure.gravatar.com\/avatar\/5338c7b0ffcf3c9b5c99db5ffd459d84?s=96&d=mm&r=g","contentUrl":"https:\/\/secure.gravatar.com\/avatar\/5338c7b0ffcf3c9b5c99db5ffd459d84?s=96&d=mm&r=g","caption":"Wzdluzdrogi"},"sameAs":["http:\/\/www.wzdluzdrogi.pl"],"url":"https:\/\/www.wzdluzdrogi.pl\/index.php\/author\/wzdluzdrogi\/"}]}},"_links":{"self":[{"href":"https:\/\/www.wzdluzdrogi.pl\/index.php\/wp-json\/wp\/v2\/posts\/4089","targetHints":{"allow":["GET"]}}],"collection":[{"href":"https:\/\/www.wzdluzdrogi.pl\/index.php\/wp-json\/wp\/v2\/posts"}],"about":[{"href":"https:\/\/www.wzdluzdrogi.pl\/index.php\/wp-json\/wp\/v2\/types\/post"}],"author":[{"embeddable":true,"href":"https:\/\/www.wzdluzdrogi.pl\/index.php\/wp-json\/wp\/v2\/users\/1"}],"replies":[{"embeddable":true,"href":"https:\/\/www.wzdluzdrogi.pl\/index.php\/wp-json\/wp\/v2\/comments?post=4089"}],"version-history":[{"count":13,"href":"https:\/\/www.wzdluzdrogi.pl\/index.php\/wp-json\/wp\/v2\/posts\/4089\/revisions"}],"predecessor-version":[{"id":4161,"href":"https:\/\/www.wzdluzdrogi.pl\/index.php\/wp-json\/wp\/v2\/posts\/4089\/revisions\/4161"}],"wp:featuredmedia":[{"embeddable":true,"href":"https:\/\/www.wzdluzdrogi.pl\/index.php\/wp-json\/wp\/v2\/media\/4094"}],"wp:attachment":[{"href":"https:\/\/www.wzdluzdrogi.pl\/index.php\/wp-json\/wp\/v2\/media?parent=4089"}],"wp:term":[{"taxonomy":"category","embeddable":true,"href":"https:\/\/www.wzdluzdrogi.pl\/index.php\/wp-json\/wp\/v2\/categories?post=4089"},{"taxonomy":"post_tag","embeddable":true,"href":"https:\/\/www.wzdluzdrogi.pl\/index.php\/wp-json\/wp\/v2\/tags?post=4089"}],"curies":[{"name":"wp","href":"https:\/\/api.w.org\/{rel}","templated":true}]}}