{"id":4319,"date":"2025-05-26T19:44:56","date_gmt":"2025-05-26T17:44:56","guid":{"rendered":"https:\/\/www.wzdluzdrogi.pl\/?p=4319"},"modified":"2026-04-13T14:06:35","modified_gmt":"2026-04-13T12:06:35","slug":"co-warto-zobaczyc-w-bergamo-we-wloszech","status":"publish","type":"post","link":"https:\/\/www.wzdluzdrogi.pl\/index.php\/2025\/05\/26\/co-warto-zobaczyc-w-bergamo-we-wloszech\/","title":{"rendered":"Co warto zobaczy\u0107 w Bergamo we W\u0142oszech?"},"content":{"rendered":"\t\t<div data-elementor-type=\"wp-post\" data-elementor-id=\"4319\" class=\"elementor elementor-4319\">\n\t\t\t\t\t\t<section class=\"elementor-section elementor-top-section elementor-element elementor-element-2d8f769b elementor-section-boxed elementor-section-height-default elementor-section-height-default\" data-id=\"2d8f769b\" data-element_type=\"section\" data-e-type=\"section\">\n\t\t\t\t\t\t<div class=\"elementor-container elementor-column-gap-default\">\n\t\t\t\t\t<div class=\"elementor-column elementor-col-50 elementor-top-column elementor-element elementor-element-16777b4\" data-id=\"16777b4\" data-element_type=\"column\" data-e-type=\"column\">\n\t\t\t<div class=\"elementor-widget-wrap elementor-element-populated\">\n\t\t\t\t\t\t<div class=\"elementor-element elementor-element-121a93b8 elementor-widget elementor-widget-text-editor\" data-id=\"121a93b8\" data-element_type=\"widget\" data-e-type=\"widget\" data-widget_type=\"text-editor.default\">\n\t\t\t\t<div class=\"elementor-widget-container\">\n\t\t\t\t\t\t\t\t\t<p>Bergamo \u2013 dla wielu to po prostu lotnisko, z kt\u00f3rego zaczyna si\u0119 podr\u00f3\u017c do Mediolanu czy nad Jezioro Como. A szkoda! Bo Bergamo to jedno z tych w\u0142oskich miast, kt\u00f3re zaskakuj\u0105 \u2013 spokojem, widokami, histori\u0105 i klimatem, kt\u00f3ry trudno opisa\u0107, ale \u0142atwo pokocha\u0107. Wystarczy wjecha\u0107 kolejk\u0105 na wzg\u00f3rze do Citt\u00e0 Alta, by zrozumie\u0107, \u017ce jeste\u015bmy w miejscu wyj\u0105tkowym. I wcale nie trzeba du\u017co czasu, by si\u0119 o tym przekona\u0107 \u2013 wystarczy kilka godzin lub jeden wolny dzie\u0144. Gotowi? Zobaczmy, co warto zobaczy\u0107 w Bergamo!<\/p>\t\t\t\t\t\t\t\t<\/div>\n\t\t\t\t<\/div>\n\t\t\t\t\t<\/div>\n\t\t<\/div>\n\t\t\t\t<div class=\"elementor-column elementor-col-50 elementor-top-column elementor-element elementor-element-7cc12863\" data-id=\"7cc12863\" data-element_type=\"column\" data-e-type=\"column\">\n\t\t\t<div class=\"elementor-widget-wrap elementor-element-populated\">\n\t\t\t\t\t\t<div class=\"elementor-element elementor-element-78e012bd elementor-widget elementor-widget-image\" data-id=\"78e012bd\" data-element_type=\"widget\" data-e-type=\"widget\" data-widget_type=\"image.default\">\n\t\t\t\t<div class=\"elementor-widget-container\">\n\t\t\t\t\t\t\t\t\t\t\t\t\t\t\t<img fetchpriority=\"high\" decoding=\"async\" width=\"682\" height=\"1024\" src=\"https:\/\/www.wzdluzdrogi.pl\/wp-content\/uploads\/2025\/05\/mattia-bericchia-UK5rnsvVd9Q-unsplash-682x1024.jpg\" class=\"attachment-large size-large wp-image-5225\" alt=\"\" srcset=\"https:\/\/www.wzdluzdrogi.pl\/wp-content\/uploads\/2025\/05\/mattia-bericchia-UK5rnsvVd9Q-unsplash-682x1024.jpg 682w, https:\/\/www.wzdluzdrogi.pl\/wp-content\/uploads\/2025\/05\/mattia-bericchia-UK5rnsvVd9Q-unsplash-200x300.jpg 200w, https:\/\/www.wzdluzdrogi.pl\/wp-content\/uploads\/2025\/05\/mattia-bericchia-UK5rnsvVd9Q-unsplash-768x1152.jpg 768w, https:\/\/www.wzdluzdrogi.pl\/wp-content\/uploads\/2025\/05\/mattia-bericchia-UK5rnsvVd9Q-unsplash-1024x1536.jpg 1024w, https:\/\/www.wzdluzdrogi.pl\/wp-content\/uploads\/2025\/05\/mattia-bericchia-UK5rnsvVd9Q-unsplash-1365x2048.jpg 1365w, https:\/\/www.wzdluzdrogi.pl\/wp-content\/uploads\/2025\/05\/mattia-bericchia-UK5rnsvVd9Q-unsplash-scaled.jpg 1066w\" sizes=\"(max-width: 682px) 100vw, 682px\" \/>\t\t\t\t\t\t\t\t\t\t\t\t\t\t\t<\/div>\n\t\t\t\t<\/div>\n\t\t\t\t\t<\/div>\n\t\t<\/div>\n\t\t\t\t\t<\/div>\n\t\t<\/section>\n\t\t\t\t<section class=\"elementor-section elementor-top-section elementor-element elementor-element-2b58b2e7 elementor-section-boxed elementor-section-height-default elementor-section-height-default\" data-id=\"2b58b2e7\" data-element_type=\"section\" data-e-type=\"section\">\n\t\t\t\t\t\t<div class=\"elementor-container elementor-column-gap-default\">\n\t\t\t\t\t<div class=\"elementor-column elementor-col-100 elementor-top-column elementor-element elementor-element-62658c8a\" data-id=\"62658c8a\" data-element_type=\"column\" data-e-type=\"column\">\n\t\t\t<div class=\"elementor-widget-wrap elementor-element-populated\">\n\t\t\t\t\t\t<div class=\"elementor-element elementor-element-3bf680b1 elementor-widget elementor-widget-heading\" data-id=\"3bf680b1\" data-element_type=\"widget\" data-e-type=\"widget\" data-widget_type=\"heading.default\">\n\t\t\t\t<div class=\"elementor-widget-container\">\n\t\t\t\t\t<div id=\"ez-toc-container\" class=\"ez-toc-v2_0_82_2 counter-hierarchy ez-toc-counter ez-toc-light-blue ez-toc-container-direction\">\n<p class=\"ez-toc-title\" style=\"cursor:inherit\">Spis tre\u015bci<\/p>\n<label for=\"ez-toc-cssicon-toggle-item-69f16c5e5ac25\" class=\"ez-toc-cssicon-toggle-label\"><span class=\"\"><span class=\"eztoc-hide\" style=\"display:none;\">Toggle<\/span><span class=\"ez-toc-icon-toggle-span\"><svg style=\"fill: #999;color:#999\" xmlns=\"http:\/\/www.w3.org\/2000\/svg\" class=\"list-377408\" width=\"20px\" height=\"20px\" viewBox=\"0 0 24 24\" fill=\"none\"><path d=\"M6 6H4v2h2V6zm14 0H8v2h12V6zM4 11h2v2H4v-2zm16 0H8v2h12v-2zM4 16h2v2H4v-2zm16 0H8v2h12v-2z\" fill=\"currentColor\"><\/path><\/svg><svg style=\"fill: #999;color:#999\" class=\"arrow-unsorted-368013\" xmlns=\"http:\/\/www.w3.org\/2000\/svg\" width=\"10px\" height=\"10px\" viewBox=\"0 0 24 24\" version=\"1.2\" baseProfile=\"tiny\"><path d=\"M18.2 9.3l-6.2-6.3-6.2 6.3c-.2.2-.3.4-.3.7s.1.5.3.7c.2.2.4.3.7.3h11c.3 0 .5-.1.7-.3.2-.2.3-.5.3-.7s-.1-.5-.3-.7zM5.8 14.7l6.2 6.3 6.2-6.3c.2-.2.3-.5.3-.7s-.1-.5-.3-.7c-.2-.2-.4-.3-.7-.3h-11c-.3 0-.5.1-.7.3-.2.2-.3.5-.3.7s.1.5.3.7z\"\/><\/svg><\/span><\/span><\/label><input type=\"checkbox\"  id=\"ez-toc-cssicon-toggle-item-69f16c5e5ac25\"  aria-label=\"Prze\u0142\u0105cznik\" \/><nav><ul class='ez-toc-list ez-toc-list-level-1 ' ><li class='ez-toc-page-1 ez-toc-heading-level-2'><a class=\"ez-toc-link ez-toc-heading-1\" href=\"https:\/\/www.wzdluzdrogi.pl\/index.php\/2025\/05\/26\/co-warto-zobaczyc-w-bergamo-we-wloszech\/#Jak_doleciec_do_Bergamo_Loty_z_Polski_do_Bergamo\" >Jak dolecie\u0107 do Bergamo? Loty z Polski do Bergamo<\/a><\/li><li class='ez-toc-page-1 ez-toc-heading-level-2'><a class=\"ez-toc-link ez-toc-heading-2\" href=\"https:\/\/www.wzdluzdrogi.pl\/index.php\/2025\/05\/26\/co-warto-zobaczyc-w-bergamo-we-wloszech\/#Kilka_slow_o_Bergamo_Z_czego_slynie_to_miasto\" >Kilka s\u0142\u00f3w o Bergamo. Z czego s\u0142ynie to miasto?<\/a><\/li><li class='ez-toc-page-1 ez-toc-heading-level-2'><a class=\"ez-toc-link ez-toc-heading-3\" href=\"https:\/\/www.wzdluzdrogi.pl\/index.php\/2025\/05\/26\/co-warto-zobaczyc-w-bergamo-we-wloszech\/#Stracciatella_pochodzi_z_Bergamo\" >Stracciatella pochodzi z Bergamo!<\/a><\/li><li class='ez-toc-page-1 ez-toc-heading-level-2'><a class=\"ez-toc-link ez-toc-heading-4\" href=\"https:\/\/www.wzdluzdrogi.pl\/index.php\/2025\/05\/26\/co-warto-zobaczyc-w-bergamo-we-wloszech\/#Atrakcje_warte_zobaczenia_w_Bergamo\" >Atrakcje warte zobaczenia w Bergamo<\/a><ul class='ez-toc-list-level-3' ><li class='ez-toc-heading-level-3'><a class=\"ez-toc-link ez-toc-heading-5\" href=\"https:\/\/www.wzdluzdrogi.pl\/index.php\/2025\/05\/26\/co-warto-zobaczyc-w-bergamo-we-wloszech\/#1_Mury_weneckie_%E2%80%93_wpisane_na_liste_UNESCO\" >1. Mury weneckie \u2013 wpisane na list\u0119 UNESCO<\/a><\/li><li class='ez-toc-page-1 ez-toc-heading-level-3'><a class=\"ez-toc-link ez-toc-heading-6\" href=\"https:\/\/www.wzdluzdrogi.pl\/index.php\/2025\/05\/26\/co-warto-zobaczyc-w-bergamo-we-wloszech\/#2_Wjedz_kolejka_do_Citta_Alta\" >2. Wjed\u017a kolejk\u0105 do Citt\u00e0 Alta<\/a><\/li><li class='ez-toc-page-1 ez-toc-heading-level-3'><a class=\"ez-toc-link ez-toc-heading-7\" href=\"https:\/\/www.wzdluzdrogi.pl\/index.php\/2025\/05\/26\/co-warto-zobaczyc-w-bergamo-we-wloszech\/#3_Citta_Alta\" >3. Citt\u00e0 Alta\u00a0<\/a><\/li><li class='ez-toc-page-1 ez-toc-heading-level-3'><a class=\"ez-toc-link ez-toc-heading-8\" href=\"https:\/\/www.wzdluzdrogi.pl\/index.php\/2025\/05\/26\/co-warto-zobaczyc-w-bergamo-we-wloszech\/#4_Kolejka_z_Citta_Alta_na_wzgorze_San_Vigilio\" >4. Kolejka z Citt\u00e0 Alta na wzg\u00f3rze San Vigilio<\/a><\/li><li class='ez-toc-page-1 ez-toc-heading-level-3'><a class=\"ez-toc-link ez-toc-heading-9\" href=\"https:\/\/www.wzdluzdrogi.pl\/index.php\/2025\/05\/26\/co-warto-zobaczyc-w-bergamo-we-wloszech\/#5_Cappella_Colleoni\" >5. Cappella Colleoni\u00a0<\/a><\/li><li class='ez-toc-page-1 ez-toc-heading-level-3'><a class=\"ez-toc-link ez-toc-heading-10\" href=\"https:\/\/www.wzdluzdrogi.pl\/index.php\/2025\/05\/26\/co-warto-zobaczyc-w-bergamo-we-wloszech\/#6_Katedra_sw_Aleksandra\" >6. Katedra \u015bw. Aleksandra\u00a0<\/a><\/li><li class='ez-toc-page-1 ez-toc-heading-level-3'><a class=\"ez-toc-link ez-toc-heading-11\" href=\"https:\/\/www.wzdluzdrogi.pl\/index.php\/2025\/05\/26\/co-warto-zobaczyc-w-bergamo-we-wloszech\/#7_Bazylika_Santa_Maria_Maggiore\" >7. Bazylika Santa Maria Maggiore\u00a0<\/a><\/li><li class='ez-toc-page-1 ez-toc-heading-level-3'><a class=\"ez-toc-link ez-toc-heading-12\" href=\"https:\/\/www.wzdluzdrogi.pl\/index.php\/2025\/05\/26\/co-warto-zobaczyc-w-bergamo-we-wloszech\/#8_Campanone_%E2%80%93_miejska_wieza\" >8. Campanone \u2013 miejska wie\u017ca\u00a0<\/a><\/li><\/ul><\/li><li class='ez-toc-page-1 ez-toc-heading-level-2'><a class=\"ez-toc-link ez-toc-heading-13\" href=\"https:\/\/www.wzdluzdrogi.pl\/index.php\/2025\/05\/26\/co-warto-zobaczyc-w-bergamo-we-wloszech\/#Co_warto_odwiedzic_obok_Bergamo\" >Co warto odwiedzi\u0107 obok Bergamo?<\/a><\/li><\/ul><\/nav><\/div>\n<h2 class=\"elementor-heading-title elementor-size-default\"><span class=\"ez-toc-section\" id=\"Jak_doleciec_do_Bergamo_Loty_z_Polski_do_Bergamo\"><\/span>Jak dolecie\u0107 do Bergamo? Loty z Polski do Bergamo<span class=\"ez-toc-section-end\"><\/span><\/h2>\t\t\t\t<\/div>\n\t\t\t\t<\/div>\n\t\t\t\t<div class=\"elementor-element elementor-element-5daef24b elementor-widget elementor-widget-text-editor\" data-id=\"5daef24b\" data-element_type=\"widget\" data-e-type=\"widget\" data-widget_type=\"text-editor.default\">\n\t\t\t\t<div class=\"elementor-widget-container\">\n\t\t\t\t\t\t\t\t\t<p data-start=\"856\" data-end=\"1221\">Do Bergamo dostaniesz si\u0119 bardzo \u0142atwo i to w niskiej cenie. Loty z Polski na rok 2026 realizowane s\u0105 z wielu miast: Krakowa, Poznania, Katowic, \u0141odzi, Wroc\u0142awia, Lublina, Gda\u0144ska i Warszawy. Ceny? Zaczynaj\u0105 si\u0119 ju\u017c od oko\u0142o 130 z\u0142 w jedn\u0105 stron\u0119, a najlepsze okazje znajdziesz oczywi\u015bcie przez Skyscanner \u2013 to nasza ulubiona wyszukiwarka tanich lot\u00f3w.<\/p><p data-start=\"1223\" data-end=\"1521\">Samoloty l\u0105duj\u0105 na lotnisku Bergamo-Orio al Serio (oficjalnie: Aeroporto internazionale di Bergamo-Orio al Serio \u201eIl Caravaggio\u201d), znanym te\u017c jako Milan Bergamo Airport. To jedno z g\u0142\u00f3wnych lotnisk tanich linii lotniczych we W\u0142oszech. Ma \u015bwietne po\u0142\u0105czenia z centrum miasta i te\u017c \u0142atwo dostaniesz si\u0119 w g\u0142\u0105b Italii, je\u015bli marzy ci si\u0119 wi\u0119ksze zwiedzanie.<\/p><p>O tym, jak dosta\u0107 si\u0119 z lotniska w Bergamo do Bergamo. Czy tak\u017ce jak dojecha\u0107 z Bergamo nad jezioro Como, lub do Mediolanu, pisali\u015bmy tutaj &#8211;&gt;\u00a0<a href=\"https:\/\/www.wzdluzdrogi.pl\/index.php\/2025\/05\/23\/jak-dostac-sie-z-bergamo-nad-jezioro-como\/\">Jak dosta\u0107 si\u0119 z Bergamo nad Jezioro Como?<\/a><\/p>\t\t\t\t\t\t\t\t<\/div>\n\t\t\t\t<\/div>\n\t\t\t\t\t<\/div>\n\t\t<\/div>\n\t\t\t\t\t<\/div>\n\t\t<\/section>\n\t\t\t\t<section class=\"elementor-section elementor-top-section elementor-element elementor-element-89781b9 elementor-section-boxed elementor-section-height-default elementor-section-height-default\" data-id=\"89781b9\" data-element_type=\"section\" data-e-type=\"section\">\n\t\t\t\t\t\t<div class=\"elementor-container elementor-column-gap-default\">\n\t\t\t\t\t<div class=\"elementor-column elementor-col-50 elementor-top-column elementor-element elementor-element-555c2f0\" data-id=\"555c2f0\" data-element_type=\"column\" data-e-type=\"column\">\n\t\t\t<div class=\"elementor-widget-wrap elementor-element-populated\">\n\t\t\t\t\t\t<div class=\"elementor-element elementor-element-281f30c elementor-widget elementor-widget-image\" data-id=\"281f30c\" data-element_type=\"widget\" data-e-type=\"widget\" data-widget_type=\"image.default\">\n\t\t\t\t<div class=\"elementor-widget-container\">\n\t\t\t\t\t\t\t\t\t\t\t\t\t\t\t<img decoding=\"async\" width=\"683\" height=\"1024\" data-src=\"https:\/\/www.wzdluzdrogi.pl\/wp-content\/uploads\/2025\/05\/isaac-maffeis-ItoCzSfj_zo-unsplash-683x1024.jpg\" class=\"attachment-large size-large wp-image-5242 lazyload\" alt=\"\" data-srcset=\"https:\/\/www.wzdluzdrogi.pl\/wp-content\/uploads\/2025\/05\/isaac-maffeis-ItoCzSfj_zo-unsplash-683x1024.jpg 683w, https:\/\/www.wzdluzdrogi.pl\/wp-content\/uploads\/2025\/05\/isaac-maffeis-ItoCzSfj_zo-unsplash-200x300.jpg 200w, https:\/\/www.wzdluzdrogi.pl\/wp-content\/uploads\/2025\/05\/isaac-maffeis-ItoCzSfj_zo-unsplash-768x1152.jpg 768w, https:\/\/www.wzdluzdrogi.pl\/wp-content\/uploads\/2025\/05\/isaac-maffeis-ItoCzSfj_zo-unsplash-1024x1536.jpg 1024w, https:\/\/www.wzdluzdrogi.pl\/wp-content\/uploads\/2025\/05\/isaac-maffeis-ItoCzSfj_zo-unsplash-1365x2048.jpg 1365w, https:\/\/www.wzdluzdrogi.pl\/wp-content\/uploads\/2025\/05\/isaac-maffeis-ItoCzSfj_zo-unsplash-scaled.jpg 1067w\" data-sizes=\"(max-width: 683px) 100vw, 683px\" src=\"data:image\/svg+xml;base64,PHN2ZyB3aWR0aD0iMSIgaGVpZ2h0PSIxIiB4bWxucz0iaHR0cDovL3d3dy53My5vcmcvMjAwMC9zdmciPjwvc3ZnPg==\" style=\"--smush-placeholder-width: 683px; --smush-placeholder-aspect-ratio: 683\/1024;\" \/>\t\t\t\t\t\t\t\t\t\t\t\t\t\t\t<\/div>\n\t\t\t\t<\/div>\n\t\t\t\t\t<\/div>\n\t\t<\/div>\n\t\t\t\t<div class=\"elementor-column elementor-col-50 elementor-top-column elementor-element elementor-element-3fd234f\" data-id=\"3fd234f\" data-element_type=\"column\" data-e-type=\"column\">\n\t\t\t<div class=\"elementor-widget-wrap elementor-element-populated\">\n\t\t\t\t\t\t<div class=\"elementor-element elementor-element-db2ce06 elementor-widget elementor-widget-image\" data-id=\"db2ce06\" data-element_type=\"widget\" data-e-type=\"widget\" data-widget_type=\"image.default\">\n\t\t\t\t<div class=\"elementor-widget-container\">\n\t\t\t\t\t\t\t\t\t\t\t\t\t\t\t<img decoding=\"async\" width=\"683\" height=\"1024\" data-src=\"https:\/\/www.wzdluzdrogi.pl\/wp-content\/uploads\/2025\/05\/fabien-martin-ioRWFWx9vdk-unsplash-683x1024.jpg\" class=\"attachment-large size-large wp-image-5243 lazyload\" alt=\"\" data-srcset=\"https:\/\/www.wzdluzdrogi.pl\/wp-content\/uploads\/2025\/05\/fabien-martin-ioRWFWx9vdk-unsplash-683x1024.jpg 683w, https:\/\/www.wzdluzdrogi.pl\/wp-content\/uploads\/2025\/05\/fabien-martin-ioRWFWx9vdk-unsplash-200x300.jpg 200w, https:\/\/www.wzdluzdrogi.pl\/wp-content\/uploads\/2025\/05\/fabien-martin-ioRWFWx9vdk-unsplash-768x1152.jpg 768w, https:\/\/www.wzdluzdrogi.pl\/wp-content\/uploads\/2025\/05\/fabien-martin-ioRWFWx9vdk-unsplash-1024x1536.jpg 1024w, https:\/\/www.wzdluzdrogi.pl\/wp-content\/uploads\/2025\/05\/fabien-martin-ioRWFWx9vdk-unsplash-1365x2048.jpg 1365w, https:\/\/www.wzdluzdrogi.pl\/wp-content\/uploads\/2025\/05\/fabien-martin-ioRWFWx9vdk-unsplash-scaled.jpg 1067w\" data-sizes=\"(max-width: 683px) 100vw, 683px\" src=\"data:image\/svg+xml;base64,PHN2ZyB3aWR0aD0iMSIgaGVpZ2h0PSIxIiB4bWxucz0iaHR0cDovL3d3dy53My5vcmcvMjAwMC9zdmciPjwvc3ZnPg==\" style=\"--smush-placeholder-width: 683px; --smush-placeholder-aspect-ratio: 683\/1024;\" \/>\t\t\t\t\t\t\t\t\t\t\t\t\t\t\t<\/div>\n\t\t\t\t<\/div>\n\t\t\t\t\t<\/div>\n\t\t<\/div>\n\t\t\t\t\t<\/div>\n\t\t<\/section>\n\t\t\t\t<section class=\"elementor-section elementor-top-section elementor-element elementor-element-0212284 elementor-section-boxed elementor-section-height-default elementor-section-height-default\" data-id=\"0212284\" data-element_type=\"section\" data-e-type=\"section\">\n\t\t\t\t\t\t<div class=\"elementor-container elementor-column-gap-default\">\n\t\t\t\t\t<div class=\"elementor-column elementor-col-100 elementor-top-column elementor-element elementor-element-06286ff\" data-id=\"06286ff\" data-element_type=\"column\" data-e-type=\"column\">\n\t\t\t<div class=\"elementor-widget-wrap elementor-element-populated\">\n\t\t\t\t\t\t<div class=\"elementor-element elementor-element-2eff7c5 elementor-widget elementor-widget-heading\" data-id=\"2eff7c5\" data-element_type=\"widget\" data-e-type=\"widget\" data-widget_type=\"heading.default\">\n\t\t\t\t<div class=\"elementor-widget-container\">\n\t\t\t\t\t<h2 class=\"elementor-heading-title elementor-size-default\"><span class=\"ez-toc-section\" id=\"Kilka_slow_o_Bergamo_Z_czego_slynie_to_miasto\"><\/span>Kilka s\u0142\u00f3w o Bergamo. Z czego s\u0142ynie to miasto?<span class=\"ez-toc-section-end\"><\/span><\/h2>\t\t\t\t<\/div>\n\t\t\t\t<\/div>\n\t\t\t\t<div class=\"elementor-element elementor-element-006c785 elementor-widget elementor-widget-text-editor\" data-id=\"006c785\" data-element_type=\"widget\" data-e-type=\"widget\" data-widget_type=\"text-editor.default\">\n\t\t\t\t<div class=\"elementor-widget-container\">\n\t\t\t\t\t\t\t\t\t<p data-start=\"288\" data-end=\"653\">Bergamo to miasto dw\u00f3ch poziom\u00f3w. Masz tu Citt\u00e0 Alta, czyli g\u00f3rne miasto, gdzie wszystko wygl\u0105da jak z innej epoki: w\u0105skie uliczki, kamienne domy, stare mury. I jest tak\u017ce Citt\u00e0 Bassa, czyli dolna cz\u0119\u015b\u0107, bardziej wsp\u00f3\u0142czesna. Te dwie cz\u0119\u015bci oddzielaj\u0105 imponuj\u0105ce mury weneckie, kt\u00f3re od 2017 roku widniej\u0105 na li\u015bcie \u015bwiatowego dziedzictwa UNESCO.<\/p><p data-start=\"655\" data-end=\"1127\">Bergamo kojarzone by\u0142o g\u0142\u00f3wnie z lotniskiem i baz\u0105 wypadow\u0105 do Mediolanu. W 2023 roku miasto (razem z poblisk\u0105 Bresci\u0105) zosta\u0142o W\u0142osk\u0105 Stolic\u0105 Kultury i to by\u0142 moment, kiedy wi\u0119cej os\u00f3b zacz\u0119\u0142o patrze\u0107 na nie jak na cel podr\u00f3\u017cy, a nie tylko baz\u0119 wypadow\u0105.<\/p><p data-start=\"861\" data-end=\"1147\">A historia? Jest tu wszystkiego po trochu. Zacz\u0119\u0142o si\u0119 od celtyckiego plemienia Orobi, potem przyszli Rzymianie i stworzyli Bergomum. P\u00f3\u017aniej Longobardowie, \u015bredniowieczne walki o w\u0142adz\u0119, wp\u0142ywy Mediolanu i rz\u0105dy pot\u0119\u017cnych rod\u00f3w, jak Visconti. Jak na jedno miasto \u2013 sporo si\u0119 tu dzia\u0142o.<\/p><p data-start=\"1149\" data-end=\"1367\">Jest te\u017c ciekawostka, kt\u00f3r\u0105 \u0142atwo przeoczy\u0107. Bergamo nazywane jest \u201emiastem Tysi\u0105ca\u201d.\u00a0 St\u0105d pochodzi\u0142o wielu ochotnik\u00f3w, kt\u00f3rzy wyruszyli z Giuseppe Garibaldim w jego s\u0142ynnej wyprawie, wa\u017cnej dla zjednoczenia W\u0142och.<\/p><p data-start=\"1369\" data-end=\"1552\">Ale Bergamo to nie tylko historia i zabytki. To te\u017c takie miejsce, gdzie po prostu dobrze si\u0119 spaceruje.<\/p><p data-start=\"1554\" data-end=\"1818\">No i jedzenie \u2013 bo to jednak nasze ukochane W\u0142ochy. To tutaj powsta\u0142a polenta taragna, bardziej konkretna, serowa wersja klasycznej polenty. No i co\u015b, co zna chyba ka\u017cdy, nawet je\u015bli nie kojarzy sk\u0105d pochodzi \u2013 lody stracciatella. Tak, dok\u0142adnie te z kawa\u0142kami czekolady.<\/p><p data-start=\"1820\" data-end=\"1998\">A je\u015bli lubisz muzyk\u0119, to jeszcze jeden fakt. To w\u0142a\u015bnie tutaj urodzi\u0142 si\u0119 <span class=\"hover:entity-accent entity-underline inline cursor-pointer align-baseline\"><span class=\"whitespace-normal\">Gaetano Donizetti<\/span><\/span>, jeden z najwa\u017cniejszych kompozytor\u00f3w operowych we W\u0142oszech.<\/p>\t\t\t\t\t\t\t\t<\/div>\n\t\t\t\t<\/div>\n\t\t\t\t\t<\/div>\n\t\t<\/div>\n\t\t\t\t\t<\/div>\n\t\t<\/section>\n\t\t\t\t<section class=\"elementor-section elementor-top-section elementor-element elementor-element-1877af69 elementor-section-full_width elementor-section-stretched elementor-section-height-default elementor-section-height-default\" data-id=\"1877af69\" data-element_type=\"section\" data-e-type=\"section\" data-settings=\"{&quot;stretch_section&quot;:&quot;section-stretched&quot;,&quot;background_background&quot;:&quot;classic&quot;}\">\n\t\t\t\t\t\t<div class=\"elementor-container elementor-column-gap-default\">\n\t\t\t\t\t<div class=\"elementor-column elementor-col-50 elementor-top-column elementor-element elementor-element-55cfe9ae\" data-id=\"55cfe9ae\" data-element_type=\"column\" data-e-type=\"column\">\n\t\t\t<div class=\"elementor-widget-wrap elementor-element-populated\">\n\t\t\t\t\t\t<div class=\"elementor-element elementor-element-51122b52 elementor-widget elementor-widget-image\" data-id=\"51122b52\" data-element_type=\"widget\" data-e-type=\"widget\" data-widget_type=\"image.default\">\n\t\t\t\t<div class=\"elementor-widget-container\">\n\t\t\t\t\t\t\t\t\t\t\t\t\t\t\t<img decoding=\"async\" width=\"768\" height=\"1024\" data-src=\"https:\/\/www.wzdluzdrogi.pl\/wp-content\/uploads\/2025\/05\/co-zjesc-w-bergamo-lody-stracciatella-768x1024.jpg\" class=\"attachment-large size-large wp-image-4333 lazyload\" alt=\"\" data-srcset=\"https:\/\/www.wzdluzdrogi.pl\/wp-content\/uploads\/2025\/05\/co-zjesc-w-bergamo-lody-stracciatella-768x1024.jpg 768w, https:\/\/www.wzdluzdrogi.pl\/wp-content\/uploads\/2025\/05\/co-zjesc-w-bergamo-lody-stracciatella-225x300.jpg 225w, https:\/\/www.wzdluzdrogi.pl\/wp-content\/uploads\/2025\/05\/co-zjesc-w-bergamo-lody-stracciatella-1152x1536.jpg 1152w, https:\/\/www.wzdluzdrogi.pl\/wp-content\/uploads\/2025\/05\/co-zjesc-w-bergamo-lody-stracciatella-1536x2048.jpg 1536w, https:\/\/www.wzdluzdrogi.pl\/wp-content\/uploads\/2025\/05\/co-zjesc-w-bergamo-lody-stracciatella-scaled.jpg 1200w\" data-sizes=\"(max-width: 768px) 100vw, 768px\" src=\"data:image\/svg+xml;base64,PHN2ZyB3aWR0aD0iMSIgaGVpZ2h0PSIxIiB4bWxucz0iaHR0cDovL3d3dy53My5vcmcvMjAwMC9zdmciPjwvc3ZnPg==\" style=\"--smush-placeholder-width: 768px; --smush-placeholder-aspect-ratio: 768\/1024;\" \/>\t\t\t\t\t\t\t\t\t\t\t\t\t\t\t<\/div>\n\t\t\t\t<\/div>\n\t\t\t\t\t<\/div>\n\t\t<\/div>\n\t\t\t\t<div class=\"elementor-column elementor-col-50 elementor-top-column elementor-element elementor-element-65e3b909\" data-id=\"65e3b909\" data-element_type=\"column\" data-e-type=\"column\">\n\t\t\t<div class=\"elementor-widget-wrap elementor-element-populated\">\n\t\t\t\t\t\t<div class=\"elementor-element elementor-element-6351e76b elementor-widget elementor-widget-heading\" data-id=\"6351e76b\" data-element_type=\"widget\" data-e-type=\"widget\" data-widget_type=\"heading.default\">\n\t\t\t\t<div class=\"elementor-widget-container\">\n\t\t\t\t\t<h2 class=\"elementor-heading-title elementor-size-default\"><span class=\"ez-toc-section\" id=\"Stracciatella_pochodzi_z_Bergamo\"><\/span>Stracciatella pochodzi z Bergamo!<span class=\"ez-toc-section-end\"><\/span><\/h2>\t\t\t\t<\/div>\n\t\t\t\t<\/div>\n\t\t\t\t<div class=\"elementor-element elementor-element-788fbe6d elementor-widget elementor-widget-text-editor\" data-id=\"788fbe6d\" data-element_type=\"widget\" data-e-type=\"widget\" data-widget_type=\"text-editor.default\">\n\t\t\t\t<div class=\"elementor-widget-container\">\n\t\t\t\t\t\t\t\t\t<p data-start=\"221\" data-end=\"626\">Czy wiesz, \u017ce jeden z najpopularniejszych smak\u00f3w lod\u00f3w na \u015bwiecie \u2013 stracciatella \u2013 ma swoje korzenie w\u0142a\u015bnie w Bergamo? Ten mleczno-\u015bmietankowy klasyk z kawa\u0142kami gorzkiej czekolady zosta\u0142 wymy\u015blony w 1961 roku przez Enrico Panattoniego, rzemie\u015blnika, restauratora i pasjonata kuchni, kt\u00f3ry prowadzi\u0142 kawiarni\u0119 La Marianna w Citt\u00e0 Alta, tu\u017c przy Porta Sant\u2019Alessandro.<\/p><p data-start=\"628\" data-end=\"968\">Panattoni eksperymentowa\u0142 z r\u00f3\u017cnymi smakami, a\u017c wpad\u0142 na pomys\u0142, by wla\u0107 gorzk\u0105 czekolad\u0119 do wiruj\u0105cej bazy lodowej \u2013 fiordilatte \u2013 co sprawia\u0142o, \u017ce czekolada natychmiast zastyga\u0142a i \u0142ama\u0142a si\u0119 na drobne, nieregularne kawa\u0142eczki. Tak powsta\u0142 efekt \u201estracciato\u201d, czyli dos\u0142ownie \u201eporwany, rozerwany\u201d od kt\u00f3rego wzi\u0119\u0142a si\u0119 nazwa deseru.<\/p><p data-start=\"970\" data-end=\"1319\">Inspiracj\u0105 by\u0142a te\u017c s\u0142ynna zupa stracciatella alla romana, kt\u00f3rej wygl\u0105d (roztrzepane jajko w gor\u0105cym bulionie) przypomina\u0142 w\u0142a\u015bnie te lodowe, czekoladowe \u201estrz\u0119pki\u201d.<\/p>\t\t\t\t\t\t\t\t<\/div>\n\t\t\t\t<\/div>\n\t\t\t\t\t<\/div>\n\t\t<\/div>\n\t\t\t\t\t<\/div>\n\t\t<\/section>\n\t\t\t\t<section class=\"elementor-section elementor-top-section elementor-element elementor-element-4ac1b32c elementor-section-boxed elementor-section-height-default elementor-section-height-default\" data-id=\"4ac1b32c\" data-element_type=\"section\" data-e-type=\"section\">\n\t\t\t\t\t\t<div class=\"elementor-container elementor-column-gap-default\">\n\t\t\t\t\t<div class=\"elementor-column elementor-col-100 elementor-top-column elementor-element elementor-element-50101968\" data-id=\"50101968\" data-element_type=\"column\" data-e-type=\"column\">\n\t\t\t<div class=\"elementor-widget-wrap elementor-element-populated\">\n\t\t\t\t\t\t<div class=\"elementor-element elementor-element-26b6f304 elementor-widget elementor-widget-heading\" data-id=\"26b6f304\" data-element_type=\"widget\" data-e-type=\"widget\" data-widget_type=\"heading.default\">\n\t\t\t\t<div class=\"elementor-widget-container\">\n\t\t\t\t\t<h2 class=\"elementor-heading-title elementor-size-default\"><span class=\"ez-toc-section\" id=\"Atrakcje_warte_zobaczenia_w_Bergamo\"><\/span>Atrakcje warte zobaczenia w Bergamo<span class=\"ez-toc-section-end\"><\/span><\/h2>\t\t\t\t<\/div>\n\t\t\t\t<\/div>\n\t\t\t\t<div class=\"elementor-element elementor-element-6ee9e7eb elementor-widget elementor-widget-text-editor\" data-id=\"6ee9e7eb\" data-element_type=\"widget\" data-e-type=\"widget\" data-widget_type=\"text-editor.default\">\n\t\t\t\t<div class=\"elementor-widget-container\">\n\t\t\t\t\t\t\t\t\t<h3 data-start=\"230\" data-end=\"280\"><span class=\"ez-toc-section\" id=\"1_Mury_weneckie_%E2%80%93_wpisane_na_liste_UNESCO\"><\/span>1. <strong data-start=\"237\" data-end=\"280\">Mury weneckie \u2013 wpisane na list\u0119 UNESCO<\/strong><span class=\"ez-toc-section-end\"><\/span><\/h3><p data-start=\"282\" data-end=\"580\">Spacer po Murach Weneckich to obowi\u0105zkowy punkt programu podczas wizyty w Bergamo. Te imponuj\u0105ce fortyfikacje powsta\u0142y w XVI wieku, gdy miasto by\u0142o cz\u0119\u015bci\u0105 Republiki Weneckiej. Otaczaj\u0105 ca\u0142\u0105 Citt\u00e0 Alta, tworz\u0105c wyj\u0105tkow\u0105 panoram\u0119 \u2013 z jednej strony z widokiem na dolne miasto, z drugiej \u2013 na Alpy.<\/p><p data-start=\"582\" data-end=\"900\">Mury maj\u0105 a\u017c 6 km d\u0142ugo\u015bci, 14 bastion\u00f3w, liczne bramy i ukryte przej\u015bcia wojskowe. Co ciekawe \u2013 nigdy nie zosta\u0142y naruszone w czasie wojny, dzi\u0119ki czemu zachowa\u0142y si\u0119 w doskona\u0142ym stanie. Od 2017 roku s\u0105 cz\u0119\u015bci\u0105 listy \u015bwiatowego dziedzictwa UNESCO jako przyk\u0142ad nowo\u017cytnych fortyfikacji Republiki Weneckiej.<\/p><p data-start=\"902\" data-end=\"1042\">Najbardziej malownicz\u0105 z bram jest Porta San Giacomo, z kt\u00f3rej rozpo\u015bciera si\u0119 poczt\u00f3wkowy widok \u2013 idealny na zdj\u0119cia o z\u0142otej godzinie.<\/p><hr data-start=\"1044\" data-end=\"1047\" \/><h3 data-start=\"1049\" data-end=\"1087\"><span class=\"ez-toc-section\" id=\"2_Wjedz_kolejka_do_Citta_Alta\"><\/span>2. <strong data-start=\"1056\" data-end=\"1087\">Wjed\u017a kolejk\u0105 do Citt\u00e0 Alta<\/strong><span class=\"ez-toc-section-end\"><\/span><\/h3><p data-start=\"1089\" data-end=\"1381\">Funicolare, czyli zabytkowa kolejka, od ponad 100 lat \u0142\u0105czy dolne miasto z Citt\u00e0 Alta. Startuje z Viale Vittorio Emanuele i w kilka minut dociera do Piazza Mercato delle Scarpe, czyli \u201eplacu targu obuwniczego\u201d.<\/p><p data-start=\"1383\" data-end=\"1594\">Podr\u00f3\u017c jest kr\u00f3tka, ale niezwykle klimatyczna \u2013 wagonik przecina Mury Weneckie, daj\u0105c przedsmak tego, co czeka na g\u00f3rze. To te\u017c \u015bwietna opcja dla tych, kt\u00f3rzy nie chc\u0105 wspina\u0107 si\u0119 pieszo po kamiennych schodkach.<\/p><p data-start=\"1596\" data-end=\"1744\">Ma\u0142o kto wie, \u017ce jest te\u017c druga kolejka, kt\u00f3ra kursuje z Citt\u00e0 Alta na wzg\u00f3rze San Vigilio \u2013 tam czeka jedna z najpi\u0119kniejszych panoram Bergamo.<\/p><hr data-start=\"1746\" data-end=\"1749\" \/><h3 data-start=\"1751\" data-end=\"1803\"><span class=\"ez-toc-section\" id=\"3_Citta_Alta\"><\/span>3. <strong data-start=\"1758\" data-end=\"1803\">Citt\u00e0 Alta\u00a0<\/strong><span class=\"ez-toc-section-end\"><\/span><\/h3><p data-start=\"1805\" data-end=\"2045\">To w\u0142a\u015bnie tutaj bije serce miasta \u2013 Citt\u00e0 Alta, czyli G\u00f3rne Miasto, to \u015bredniowieczny klejnot Bergamo. Otoczona murami, pe\u0142na brukowanych uliczek, historycznych kamienic i romantycznych zau\u0142k\u00f3w, przyci\u0105ga swoim klimatem i architektur\u0105.<\/p><p data-start=\"2047\" data-end=\"2338\">Najbardziej znanym punktem jest Piazza Vecchia, elegancki plac otoczony zabytkowymi budowlami: Pa\u0142acem Ragione, Wie\u017c\u0105 Miejsk\u0105 Campanone (kt\u00f3ra o 22:00 wci\u0105\u017c wybija ponad 100 uderze\u0144 na znak zamkni\u0119cia bram, jak w dawnych wiekach) oraz Pa\u0142acem Nowym z bibliotek\u0105 Angelo Mai.<\/p><p data-start=\"2340\" data-end=\"2484\">To idealne miejsce, by usi\u0105\u015b\u0107 w kawiarni, napi\u0107 si\u0119 espresso i ch\u0142on\u0105\u0107 atmosfer\u0119 jednego z najlepiej zachowanych w\u0142oskich centr\u00f3w historycznych.<\/p><h3><span class=\"ez-toc-section\" id=\"4_Kolejka_z_Citta_Alta_na_wzgorze_San_Vigilio\"><\/span>4. Kolejka z Citt\u00e0 Alta na wzg\u00f3rze San Vigilio<span class=\"ez-toc-section-end\"><\/span><\/h3><p data-start=\"131\" data-end=\"471\">Je\u015bli my\u015blisz, \u017ce Citt\u00e0 Alta to najwy\u017cszy punkt Bergamo \u2013 poczekaj, a\u017c wjedziesz jeszcze wy\u017cej! Funicolare San Vigilio to druga kolejka linowa w mie\u015bcie, mniej znana, ale r\u00f3wnie urokliwa. \u0141\u0105czy g\u00f3rne miasto (przy Porta Sant\u2019Alessandro) ze szczytem wzg\u00f3rza San Vigilio, sk\u0105d rozci\u0105ga si\u0119 jedna z najpi\u0119kniejszych panoram okolicy.<\/p><p data-start=\"473\" data-end=\"742\">Zbudowana w 1912 roku, kolejka mia\u0142a pierwotnie wspom\u00f3c rozw\u00f3j dzielnicy mieszkaniowej na wzg\u00f3rzu \u2013 plan ten jednak nigdy nie zosta\u0142 zrealizowany. Przez dekady kolejka zmienia\u0142a zarz\u0105dc\u00f3w, a po gruntownej modernizacji w latach 80. wr\u00f3ci\u0142a do u\u017cytku w 1991 roku.<\/p><p data-start=\"744\" data-end=\"974\">Przejazd trwa tylko kilka minut, ale wra\u017cenia zostaj\u0105 na d\u0142ugo \u2013 szczeg\u00f3lnie, gdy na g\u00f3rze czeka Ci\u0119 widok na ca\u0142e Bergamo, Alpy i zielone pag\u00f3rki Lombardii. To idealne miejsce na zach\u00f3d s\u0142o\u0144ca lub piknik w\u015br\u00f3d ruin dawnego zamku.<\/p>\t\t\t\t\t\t\t\t<\/div>\n\t\t\t\t<\/div>\n\t\t\t\t\t<\/div>\n\t\t<\/div>\n\t\t\t\t\t<\/div>\n\t\t<\/section>\n\t\t\t\t<section class=\"elementor-section elementor-top-section elementor-element elementor-element-4ba514d elementor-section-boxed elementor-section-height-default elementor-section-height-default\" data-id=\"4ba514d\" data-element_type=\"section\" data-e-type=\"section\">\n\t\t\t\t\t\t<div class=\"elementor-container elementor-column-gap-default\">\n\t\t\t\t\t<div class=\"elementor-column elementor-col-50 elementor-top-column elementor-element elementor-element-f528ccc\" data-id=\"f528ccc\" data-element_type=\"column\" data-e-type=\"column\">\n\t\t\t<div class=\"elementor-widget-wrap elementor-element-populated\">\n\t\t\t\t\t\t<div class=\"elementor-element elementor-element-0b0b56c elementor-widget elementor-widget-image\" data-id=\"0b0b56c\" data-element_type=\"widget\" data-e-type=\"widget\" data-widget_type=\"image.default\">\n\t\t\t\t<div class=\"elementor-widget-container\">\n\t\t\t\t\t\t\t\t\t\t\t\t\t\t\t<img decoding=\"async\" width=\"683\" height=\"1024\" data-src=\"https:\/\/www.wzdluzdrogi.pl\/wp-content\/uploads\/2025\/05\/bergamo-atrakjce-683x1024.jpg\" class=\"attachment-large size-large wp-image-4337 lazyload\" alt=\"\" data-srcset=\"https:\/\/www.wzdluzdrogi.pl\/wp-content\/uploads\/2025\/05\/bergamo-atrakjce-683x1024.jpg 683w, https:\/\/www.wzdluzdrogi.pl\/wp-content\/uploads\/2025\/05\/bergamo-atrakjce-200x300.jpg 200w, https:\/\/www.wzdluzdrogi.pl\/wp-content\/uploads\/2025\/05\/bergamo-atrakjce-768x1152.jpg 768w, https:\/\/www.wzdluzdrogi.pl\/wp-content\/uploads\/2025\/05\/bergamo-atrakjce-1024x1536.jpg 1024w, https:\/\/www.wzdluzdrogi.pl\/wp-content\/uploads\/2025\/05\/bergamo-atrakjce-1365x2048.jpg 1365w, https:\/\/www.wzdluzdrogi.pl\/wp-content\/uploads\/2025\/05\/bergamo-atrakjce-scaled.jpg 1067w\" data-sizes=\"(max-width: 683px) 100vw, 683px\" src=\"data:image\/svg+xml;base64,PHN2ZyB3aWR0aD0iMSIgaGVpZ2h0PSIxIiB4bWxucz0iaHR0cDovL3d3dy53My5vcmcvMjAwMC9zdmciPjwvc3ZnPg==\" style=\"--smush-placeholder-width: 683px; --smush-placeholder-aspect-ratio: 683\/1024;\" \/>\t\t\t\t\t\t\t\t\t\t\t\t\t\t\t<\/div>\n\t\t\t\t<\/div>\n\t\t\t\t\t<\/div>\n\t\t<\/div>\n\t\t\t\t<div class=\"elementor-column elementor-col-50 elementor-top-column elementor-element elementor-element-eb95b42\" data-id=\"eb95b42\" data-element_type=\"column\" data-e-type=\"column\">\n\t\t\t<div class=\"elementor-widget-wrap elementor-element-populated\">\n\t\t\t\t\t\t<div class=\"elementor-element elementor-element-15cda20 elementor-widget elementor-widget-image\" data-id=\"15cda20\" data-element_type=\"widget\" data-e-type=\"widget\" data-widget_type=\"image.default\">\n\t\t\t\t<div class=\"elementor-widget-container\">\n\t\t\t\t\t\t\t\t\t\t\t\t\t\t\t<img decoding=\"async\" width=\"683\" height=\"1024\" data-src=\"https:\/\/www.wzdluzdrogi.pl\/wp-content\/uploads\/2025\/05\/bergamo-kolejka-w-bergamo-683x1024.jpg\" class=\"attachment-large size-large wp-image-4340 lazyload\" alt=\"\" data-srcset=\"https:\/\/www.wzdluzdrogi.pl\/wp-content\/uploads\/2025\/05\/bergamo-kolejka-w-bergamo-683x1024.jpg 683w, https:\/\/www.wzdluzdrogi.pl\/wp-content\/uploads\/2025\/05\/bergamo-kolejka-w-bergamo-200x300.jpg 200w, https:\/\/www.wzdluzdrogi.pl\/wp-content\/uploads\/2025\/05\/bergamo-kolejka-w-bergamo-768x1152.jpg 768w, https:\/\/www.wzdluzdrogi.pl\/wp-content\/uploads\/2025\/05\/bergamo-kolejka-w-bergamo-1024x1536.jpg 1024w, https:\/\/www.wzdluzdrogi.pl\/wp-content\/uploads\/2025\/05\/bergamo-kolejka-w-bergamo-1365x2048.jpg 1365w, https:\/\/www.wzdluzdrogi.pl\/wp-content\/uploads\/2025\/05\/bergamo-kolejka-w-bergamo-scaled.jpg 1067w\" data-sizes=\"(max-width: 683px) 100vw, 683px\" src=\"data:image\/svg+xml;base64,PHN2ZyB3aWR0aD0iMSIgaGVpZ2h0PSIxIiB4bWxucz0iaHR0cDovL3d3dy53My5vcmcvMjAwMC9zdmciPjwvc3ZnPg==\" style=\"--smush-placeholder-width: 683px; --smush-placeholder-aspect-ratio: 683\/1024;\" \/>\t\t\t\t\t\t\t\t\t\t\t\t\t\t\t<\/div>\n\t\t\t\t<\/div>\n\t\t\t\t\t<\/div>\n\t\t<\/div>\n\t\t\t\t\t<\/div>\n\t\t<\/section>\n\t\t\t\t<section class=\"elementor-section elementor-top-section elementor-element elementor-element-15bd3a7 elementor-section-boxed elementor-section-height-default elementor-section-height-default\" data-id=\"15bd3a7\" data-element_type=\"section\" data-e-type=\"section\">\n\t\t\t\t\t\t<div class=\"elementor-container elementor-column-gap-default\">\n\t\t\t\t\t<div class=\"elementor-column elementor-col-100 elementor-top-column elementor-element elementor-element-9c1edef\" data-id=\"9c1edef\" data-element_type=\"column\" data-e-type=\"column\">\n\t\t\t<div class=\"elementor-widget-wrap elementor-element-populated\">\n\t\t\t\t\t\t<div class=\"elementor-element elementor-element-dce8565 elementor-widget elementor-widget-text-editor\" data-id=\"dce8565\" data-element_type=\"widget\" data-e-type=\"widget\" data-widget_type=\"text-editor.default\">\n\t\t\t\t<div class=\"elementor-widget-container\">\n\t\t\t\t\t\t\t\t\t<h3 data-start=\"121\" data-end=\"184\"><span class=\"ez-toc-section\" id=\"5_Cappella_Colleoni\"><\/span>5. <strong data-start=\"128\" data-end=\"184\">Cappella Colleoni\u00a0<\/strong><span class=\"ez-toc-section-end\"><\/span><\/h3><p data-start=\"186\" data-end=\"480\">Tu\u017c obok bazyliki Santa Maria Maggiore, w samym sercu Piazza del Duomo, znajduje si\u0119 prawdziwa per\u0142a renesansu \u2013 Cappella Colleoni. Wzniesiona w 1476 roku na \u017cyczenie s\u0142ynnego kondotiera Bartolomeo Colleoniego, mia\u0142a by\u0107 jego wiecznym miejscem spoczynku i ho\u0142dem dla rodzinnej Bergamo.<\/p><p data-start=\"482\" data-end=\"867\">Mauzoleum z zewn\u0105trz zachwyca fasad\u0105 z polichromowanego marmuru \u2013 w bieli, czerni i czerwieni \u2013 z bogat\u0105 dekoracj\u0105 rze\u017abiarsk\u0105, symbolicznymi detalami i eleganck\u0105 loggi\u0105 z biforiami. Po bokach znajdziesz medaliony z wizerunkami Cezara i Trajana, a nad wej\u015bciem \u2013 idealizowan\u0105 posta\u0107 Colleoniego niczym cesarza rzymskiego.<\/p><p data-start=\"869\" data-end=\"1207\">Wn\u0119trze kaplicy, cho\u0107 mniejsze ni\u017c si\u0119 wydaje, jest r\u00f3wnie imponuj\u0105ce \u2013 to tutaj spoczywa sam Colleoni w bogato zdobionym grobowcu, otoczony rze\u017abami i freskami autorstwa najwi\u0119kszych artyst\u00f3w swojej epoki. Je\u015bli interesuje Ci\u0119 sztuka renesansu i historie ludzi, kt\u00f3rzy odcisn\u0119li \u015blad na swoim mie\u015bcie \u2013 nie mo\u017cesz tego miejsca przegapi\u0107.<\/p><hr data-start=\"1209\" data-end=\"1212\" \/><h3 data-start=\"1214\" data-end=\"1273\"><span class=\"ez-toc-section\" id=\"6_Katedra_sw_Aleksandra\"><\/span>6. <strong data-start=\"1221\" data-end=\"1273\">Katedra \u015bw. Aleksandra\u00a0<\/strong><span class=\"ez-toc-section-end\"><\/span><\/h3><p data-start=\"1275\" data-end=\"1613\">Nieco schowana w cieniu bardziej widowiskowej bazyliki i kaplicy Colleoniego, katedra \u015bw. Aleksandra (Cattedrale di Sant&#8217;Alessandro) to najwa\u017cniejszy ko\u015bci\u00f3\u0142 w Bergamo i serce lokalnej duchowo\u015bci. Dedykowana \u015bw. Aleksandrowi, patronowi miasta, mie\u015bci si\u0119 na Piazza del Duomo \u2013 zaledwie kilka krok\u00f3w od innych sakralnych klejnot\u00f3w.<\/p><p data-start=\"1615\" data-end=\"1879\">Jej historia jest zaskakuj\u0105co z\u0142o\u017cona: pocz\u0105tkowo po\u015bwi\u0119cona \u015bw. Wincentemu, zmieni\u0142a patrona dopiero po zburzeniu starego ko\u015bcio\u0142a \u015bw. Aleksandra w 1561 roku przez w\u0142adze weneckie. To w\u0142a\u015bnie wtedy postanowiono nada\u0107 now\u0105 rang\u0119 \u015bwi\u0105tyni stoj\u0105cej w Citt\u00e0 Alta.<\/p><p data-start=\"1881\" data-end=\"2316\">Dopiero podczas prac konserwatorskich w 2004 roku odkryto, \u017ce na tym miejscu istnia\u0142a ju\u017c wcze\u015bniej wczesnochrze\u015bcija\u0144ska \u015bwi\u0105tynia z V wieku \u2013 o czym wcze\u015bniej tylko spekulowano. Pod posadzk\u0105 odnaleziono kolejne warstwy historii: od rzymskich struktur po fundamenty najstarszych budowli sakralnych.<\/p>\t\t\t\t\t\t\t\t<\/div>\n\t\t\t\t<\/div>\n\t\t\t\t\t<\/div>\n\t\t<\/div>\n\t\t\t\t\t<\/div>\n\t\t<\/section>\n\t\t\t\t<section class=\"elementor-section elementor-top-section elementor-element elementor-element-a8b691f elementor-section-boxed elementor-section-height-default elementor-section-height-default\" data-id=\"a8b691f\" data-element_type=\"section\" data-e-type=\"section\">\n\t\t\t\t\t\t<div class=\"elementor-container elementor-column-gap-default\">\n\t\t\t\t\t<div class=\"elementor-column elementor-col-100 elementor-top-column elementor-element elementor-element-8a8cd52\" data-id=\"8a8cd52\" data-element_type=\"column\" data-e-type=\"column\">\n\t\t\t<div class=\"elementor-widget-wrap elementor-element-populated\">\n\t\t\t\t\t\t<div class=\"elementor-element elementor-element-b9b76c7 elementor-widget elementor-widget-text-editor\" data-id=\"b9b76c7\" data-element_type=\"widget\" data-e-type=\"widget\" data-widget_type=\"text-editor.default\">\n\t\t\t\t<div class=\"elementor-widget-container\">\n\t\t\t\t\t\t\t\t\t<h3 data-start=\"1507\" data-end=\"2220\"><span class=\"ez-toc-section\" id=\"7_Bazylika_Santa_Maria_Maggiore\"><\/span><strong data-start=\"1507\" data-end=\"1576\">7. Bazylika Santa Maria Maggiore\u00a0<\/strong><span class=\"ez-toc-section-end\"><\/span><\/h3><p data-start=\"1507\" data-end=\"2220\">Bazylika Santa Maria Maggiore to jedna z najstarszych \u015bwi\u0105ty\u0144 w Bergamo. Jej roma\u0144ska bry\u0142a pochodzi z XII wieku, a wn\u0119trze zaskakuje bogactwem barokowych zdobie\u0144 dodanych w XVII i XVIII wieku. Wed\u0142ug tradycji bazylik\u0119 wzniesiono w podzi\u0119ce za ocalenie miasta od zarazy w 1133 roku. Ale \u015blady kultu si\u0119gaj\u0105 znacznie g\u0142\u0119biej \u2013 odkrycia archeologiczne wskazuj\u0105, \u017ce ju\u017c w VIII wieku sta\u0142 tu wcze\u015bniejszy ko\u015bci\u00f3\u0142. Bazylika by\u0142a niegdy\u015b cz\u0119\u015bci\u0105 kompleksu katedralnego i pe\u0142ni\u0142a funkcj\u0119 zimowego miejsca liturgii. To jedno z tych miejsc, gdzie historia i duchowo\u015b\u0107 splataj\u0105 si\u0119 w ka\u017cdej kolumnie i fresku.<\/p><hr data-start=\"2222\" data-end=\"2225\" \/><h3 data-start=\"2227\" data-end=\"2858\"><span class=\"ez-toc-section\" id=\"8_Campanone_%E2%80%93_miejska_wieza\"><\/span><strong data-start=\"2227\" data-end=\"2277\">8. Campanone \u2013 miejska wie\u017ca\u00a0<\/strong><span class=\"ez-toc-section-end\"><\/span><\/h3><p data-start=\"2227\" data-end=\"2858\"><br data-start=\"2277\" data-end=\"2280\" \/>Campanone, czyli Miejska Wie\u017ca, to nie tylko punkt orientacyjny, ale i wa\u017cny symbol Citt\u00e0 Alta. Wzniesiona mi\u0119dzy XI a XII wiekiem jako wie\u017ca mieszkalna rodziny Suardi, z czasem przekszta\u0142ci\u0142a si\u0119 w wie\u017c\u0119 miejsk\u0105 i dzwonnic\u0119. Jej pot\u0119\u017cny dzwon ka\u017cdego wieczoru o 22:00 bije dok\u0142adnie sto razy \u2013 dawniej by\u0142 to sygna\u0142 zamkni\u0119cia miejskich bram. Dzi\u015b z jej szczytu roztacza si\u0119 panoramiczny widok na ca\u0142e Bergamo i okoliczne wzg\u00f3rza. Warto wspi\u0105\u0107 si\u0119 na g\u00f3r\u0119, by spojrze\u0107 na miasto z tej wyj\u0105tkowej perspektywy \u2013 i us\u0142ysze\u0107 d\u017awi\u0119k, kt\u00f3ry od wiek\u00f3w wyznacza rytm \u017cycia Bergamo.<\/p>\t\t\t\t\t\t\t\t<\/div>\n\t\t\t\t<\/div>\n\t\t\t\t\t<\/div>\n\t\t<\/div>\n\t\t\t\t\t<\/div>\n\t\t<\/section>\n\t\t\t\t<section class=\"elementor-section elementor-top-section elementor-element elementor-element-30d4ab96 elementor-section-boxed elementor-section-height-default elementor-section-height-default\" data-id=\"30d4ab96\" data-element_type=\"section\" data-e-type=\"section\">\n\t\t\t\t\t\t<div class=\"elementor-container elementor-column-gap-default\">\n\t\t\t\t\t<div class=\"elementor-column elementor-col-100 elementor-top-column elementor-element elementor-element-130fd315\" data-id=\"130fd315\" data-element_type=\"column\" data-e-type=\"column\">\n\t\t\t<div class=\"elementor-widget-wrap elementor-element-populated\">\n\t\t\t\t\t\t<div class=\"elementor-element elementor-element-79b3bca elementor-widget elementor-widget-heading\" data-id=\"79b3bca\" data-element_type=\"widget\" data-e-type=\"widget\" data-widget_type=\"heading.default\">\n\t\t\t\t<div class=\"elementor-widget-container\">\n\t\t\t\t\t<h2 class=\"elementor-heading-title elementor-size-default\"><span class=\"ez-toc-section\" id=\"Co_warto_odwiedzic_obok_Bergamo\"><\/span> Co warto odwiedzi\u0107 obok Bergamo?<span class=\"ez-toc-section-end\"><\/span><\/h2>\t\t\t\t<\/div>\n\t\t\t\t<\/div>\n\t\t\t\t<div class=\"elementor-element elementor-element-59c7bf3b elementor-widget elementor-widget-text-editor\" data-id=\"59c7bf3b\" data-element_type=\"widget\" data-e-type=\"widget\" data-widget_type=\"text-editor.default\">\n\t\t\t\t<div class=\"elementor-widget-container\">\n\t\t\t\t\t\t\t\t\t<p data-start=\"3459\" data-end=\"3564\">Je\u015bli masz wi\u0119cej czasu, Bergamo to \u015bwietna baza wypadowa. Oto kilka propozycji na jednodniowe wycieczki:<\/p><ul data-start=\"3566\" data-end=\"4090\"><li data-start=\"3566\" data-end=\"3677\"><p data-start=\"3568\" data-end=\"3677\"><strong data-start=\"3568\" data-end=\"3580\">Mediolan<\/strong> \u2013 tylko 50 minut poci\u0105giem i jeste\u015b przy katedrze, w Galerii Vittorio Emanuele II i na zakupach.<\/p><\/li><li data-start=\"3678\" data-end=\"3803\"><p data-start=\"3680\" data-end=\"3803\"><strong data-start=\"3680\" data-end=\"3696\">Jezioro Como<\/strong> \u2013 dojedziesz tam w 1,5 godziny, a krajobrazy? Spektakularne.<\/p><\/li><li data-start=\"3804\" data-end=\"3872\"><p data-start=\"3806\" data-end=\"3872\"><strong data-start=\"3806\" data-end=\"3822\">Jezioro Iseo<\/strong> \u2013 mniej znane, bardziej lokalne, bardzo urokliwe.<\/p><\/li><li data-start=\"3873\" data-end=\"3967\"><p data-start=\"3875\" data-end=\"3967\"><strong data-start=\"3875\" data-end=\"3886\">Brescia<\/strong> \u2013 historyczne centrum, rzymskie ruiny i autentyczna w\u0142oska atmosfera bez t\u0142um\u00f3w.<\/p><\/li><li data-start=\"3968\" data-end=\"4090\"><p data-start=\"3970\" data-end=\"4090\"><strong data-start=\"3970\" data-end=\"4032\">Sanktuarium Madonna del Bosco lub sanktuarium w Caravaggio<\/strong> \u2013 dla tych, kt\u00f3rzy chc\u0105 zobaczy\u0107 co\u015b mniej turystycznego.<\/p><\/li><\/ul>\t\t\t\t\t\t\t\t<\/div>\n\t\t\t\t<\/div>\n\t\t\t\t\t<\/div>\n\t\t<\/div>\n\t\t\t\t\t<\/div>\n\t\t<\/section>\n\t\t\t\t<section class=\"elementor-section elementor-top-section elementor-element elementor-element-2c30911f elementor-section-full_width elementor-section-stretched elementor-section-height-default elementor-section-height-default elementor-invisible\" data-id=\"2c30911f\" data-element_type=\"section\" data-e-type=\"section\" data-settings=\"{&quot;background_background&quot;:&quot;classic&quot;,&quot;animation&quot;:&quot;fadeInLeft&quot;,&quot;stretch_section&quot;:&quot;section-stretched&quot;}\">\n\t\t\t\t\t\t\t<div class=\"elementor-background-overlay\"><\/div>\n\t\t\t\t\t\t\t<div class=\"elementor-container elementor-column-gap-wider\">\n\t\t\t\t\t<div class=\"elementor-column elementor-col-33 elementor-top-column elementor-element elementor-element-7a2e36da\" data-id=\"7a2e36da\" data-element_type=\"column\" data-e-type=\"column\">\n\t\t\t<div class=\"elementor-widget-wrap elementor-element-populated\">\n\t\t\t\t\t\t<div class=\"elementor-element elementor-element-4f337e98 elementor-widget elementor-widget-image\" data-id=\"4f337e98\" data-element_type=\"widget\" data-e-type=\"widget\" data-widget_type=\"image.default\">\n\t\t\t\t<div class=\"elementor-widget-container\">\n\t\t\t\t\t\t\t\t\t\t\t\t<figure class=\"wp-caption\">\n\t\t\t\t\t\t\t\t\t\t\t<a href=\"https:\/\/www.wzdluzdrogi.pl\/index.php\/2025\/05\/23\/jak-dostac-sie-z-bergamo-nad-jezioro-como\/\">\n\t\t\t\t\t\t\t<img decoding=\"async\" width=\"683\" height=\"1024\" data-src=\"https:\/\/www.wzdluzdrogi.pl\/wp-content\/uploads\/2025\/05\/jak-dostac-sie-z-bergamo-nad-como-683x1024.jpg\" class=\"elementor-animation-rotate attachment-large size-large wp-image-4298 lazyload\" alt=\"\" data-srcset=\"https:\/\/www.wzdluzdrogi.pl\/wp-content\/uploads\/2025\/05\/jak-dostac-sie-z-bergamo-nad-como-683x1024.jpg 683w, https:\/\/www.wzdluzdrogi.pl\/wp-content\/uploads\/2025\/05\/jak-dostac-sie-z-bergamo-nad-como-200x300.jpg 200w, https:\/\/www.wzdluzdrogi.pl\/wp-content\/uploads\/2025\/05\/jak-dostac-sie-z-bergamo-nad-como-768x1152.jpg 768w, https:\/\/www.wzdluzdrogi.pl\/wp-content\/uploads\/2025\/05\/jak-dostac-sie-z-bergamo-nad-como-1024x1536.jpg 1024w, https:\/\/www.wzdluzdrogi.pl\/wp-content\/uploads\/2025\/05\/jak-dostac-sie-z-bergamo-nad-como-1365x2048.jpg 1365w, https:\/\/www.wzdluzdrogi.pl\/wp-content\/uploads\/2025\/05\/jak-dostac-sie-z-bergamo-nad-como-scaled.jpg 1067w\" data-sizes=\"(max-width: 683px) 100vw, 683px\" src=\"data:image\/svg+xml;base64,PHN2ZyB3aWR0aD0iMSIgaGVpZ2h0PSIxIiB4bWxucz0iaHR0cDovL3d3dy53My5vcmcvMjAwMC9zdmciPjwvc3ZnPg==\" style=\"--smush-placeholder-width: 683px; --smush-placeholder-aspect-ratio: 683\/1024;\" \/>\t\t\t\t\t\t\t\t<\/a>\n\t\t\t\t\t\t\t\t\t\t\t<figcaption class=\"widget-image-caption wp-caption-text\">Jak dosta\u0107 si\u0119 z Bergamo nad jezioro Como?<\/figcaption>\n\t\t\t\t\t\t\t\t\t\t<\/figure>\n\t\t\t\t\t\t\t\t\t<\/div>\n\t\t\t\t<\/div>\n\t\t\t\t\t<\/div>\n\t\t<\/div>\n\t\t\t\t<div class=\"elementor-column elementor-col-33 elementor-top-column elementor-element elementor-element-4b7f779a\" data-id=\"4b7f779a\" data-element_type=\"column\" data-e-type=\"column\">\n\t\t\t<div class=\"elementor-widget-wrap elementor-element-populated\">\n\t\t\t\t\t\t<div class=\"elementor-element elementor-element-7f4c9402 elementor-widget elementor-widget-image\" data-id=\"7f4c9402\" data-element_type=\"widget\" data-e-type=\"widget\" data-widget_type=\"image.default\">\n\t\t\t\t<div class=\"elementor-widget-container\">\n\t\t\t\t\t\t\t\t\t\t\t\t<figure class=\"wp-caption\">\n\t\t\t\t\t\t\t\t\t\t\t<a href=\"https:\/\/www.wzdluzdrogi.pl\/index.php\/2023\/01\/24\/rejs-statkiem-po-jeziorze-como-ile-kosztuje\/\">\n\t\t\t\t\t\t\t<img decoding=\"async\" width=\"683\" height=\"1024\" data-src=\"https:\/\/www.wzdluzdrogi.pl\/wp-content\/uploads\/2023\/01\/MG_2892-683x1024.jpg\" class=\"elementor-animation-rotate attachment-large size-large wp-image-2777 lazyload\" alt=\"jezioro como. jak dojechac nad jezioro como, co robic nad jeziorem como\" data-srcset=\"https:\/\/www.wzdluzdrogi.pl\/wp-content\/uploads\/2023\/01\/MG_2892-683x1024.jpg 683w, https:\/\/www.wzdluzdrogi.pl\/wp-content\/uploads\/2023\/01\/MG_2892-200x300.jpg 200w, https:\/\/www.wzdluzdrogi.pl\/wp-content\/uploads\/2023\/01\/MG_2892-768x1152.jpg 768w, https:\/\/www.wzdluzdrogi.pl\/wp-content\/uploads\/2023\/01\/MG_2892-1024x1536.jpg 1024w, https:\/\/www.wzdluzdrogi.pl\/wp-content\/uploads\/2023\/01\/MG_2892-40x60.jpg 40w, https:\/\/www.wzdluzdrogi.pl\/wp-content\/uploads\/2023\/01\/MG_2892.jpg 1067w\" data-sizes=\"(max-width: 683px) 100vw, 683px\" src=\"data:image\/svg+xml;base64,PHN2ZyB3aWR0aD0iMSIgaGVpZ2h0PSIxIiB4bWxucz0iaHR0cDovL3d3dy53My5vcmcvMjAwMC9zdmciPjwvc3ZnPg==\" style=\"--smush-placeholder-width: 683px; --smush-placeholder-aspect-ratio: 683\/1024;\" \/>\t\t\t\t\t\t\t\t<\/a>\n\t\t\t\t\t\t\t\t\t\t\t<figcaption class=\"widget-image-caption wp-caption-text\">Rejs po jeziorze Como. Ile kosztuje?<\/figcaption>\n\t\t\t\t\t\t\t\t\t\t<\/figure>\n\t\t\t\t\t\t\t\t\t<\/div>\n\t\t\t\t<\/div>\n\t\t\t\t\t<\/div>\n\t\t<\/div>\n\t\t\t\t<div class=\"elementor-column elementor-col-33 elementor-top-column elementor-element elementor-element-243d8f96\" data-id=\"243d8f96\" data-element_type=\"column\" data-e-type=\"column\">\n\t\t\t<div class=\"elementor-widget-wrap elementor-element-populated\">\n\t\t\t\t\t\t<div class=\"elementor-element elementor-element-4b7e7616 elementor-widget elementor-widget-image\" data-id=\"4b7e7616\" data-element_type=\"widget\" data-e-type=\"widget\" data-widget_type=\"image.default\">\n\t\t\t\t<div class=\"elementor-widget-container\">\n\t\t\t\t\t\t\t\t\t\t\t\t<figure class=\"wp-caption\">\n\t\t\t\t\t\t\t\t\t\t\t<a href=\"https:\/\/www.wzdluzdrogi.pl\/index.php\/2023\/05\/10\/atrakcje-w-mediolanie-co-zobaczyc\/\">\n\t\t\t\t\t\t\t<img decoding=\"async\" width=\"683\" height=\"1024\" data-src=\"https:\/\/www.wzdluzdrogi.pl\/wp-content\/uploads\/2023\/03\/20220927-_MG_2138-683x1024.jpg\" class=\"elementor-animation-rotate attachment-large size-large wp-image-2958 lazyload\" alt=\"mediolan, co warto zobaczyc bedac w mediolanie\" data-srcset=\"https:\/\/www.wzdluzdrogi.pl\/wp-content\/uploads\/2023\/03\/20220927-_MG_2138-683x1024.jpg 683w, https:\/\/www.wzdluzdrogi.pl\/wp-content\/uploads\/2023\/03\/20220927-_MG_2138-200x300.jpg 200w, https:\/\/www.wzdluzdrogi.pl\/wp-content\/uploads\/2023\/03\/20220927-_MG_2138-768x1152.jpg 768w, https:\/\/www.wzdluzdrogi.pl\/wp-content\/uploads\/2023\/03\/20220927-_MG_2138-40x60.jpg 40w, https:\/\/www.wzdluzdrogi.pl\/wp-content\/uploads\/2023\/03\/20220927-_MG_2138.jpg 984w\" data-sizes=\"(max-width: 683px) 100vw, 683px\" src=\"data:image\/svg+xml;base64,PHN2ZyB3aWR0aD0iMSIgaGVpZ2h0PSIxIiB4bWxucz0iaHR0cDovL3d3dy53My5vcmcvMjAwMC9zdmciPjwvc3ZnPg==\" style=\"--smush-placeholder-width: 683px; --smush-placeholder-aspect-ratio: 683\/1024;\" \/>\t\t\t\t\t\t\t\t<\/a>\n\t\t\t\t\t\t\t\t\t\t\t<figcaption class=\"widget-image-caption wp-caption-text\">Atrakcje w Mediolanie. Co warto zobaczy\u0107?<\/figcaption>\n\t\t\t\t\t\t\t\t\t\t<\/figure>\n\t\t\t\t\t\t\t\t\t<\/div>\n\t\t\t\t<\/div>\n\t\t\t\t\t<\/div>\n\t\t<\/div>\n\t\t\t\t\t<\/div>\n\t\t<\/section>\n\t\t\t\t<\/div>\n\t\t","protected":false},"excerpt":{"rendered":"<p>Bergamo \u2013 dla wielu to po prostu lotnisko, z kt\u00f3rego zaczyna si\u0119 podr\u00f3\u017c do Mediolanu czy nad Jezioro Como. A szkoda! Bo Bergamo to jedno z tych w\u0142oskich miast, kt\u00f3re zaskakuj\u0105 \u2013 spokojem, widokami, histori\u0105 i klimatem, kt\u00f3ry trudno opisa\u0107, ale \u0142atwo pokocha\u0107. Wystarczy wjecha\u0107 kolejk\u0105 na wzg\u00f3rze do Citt\u00e0 Alta, by zrozumie\u0107, \u017ce jeste\u015bmy &hellip; <\/p>\n","protected":false},"author":1,"featured_media":4337,"comment_status":"open","ping_status":"closed","sticky":false,"template":"","format":"standard","meta":{"_monsterinsights_skip_tracking":false,"_monsterinsights_sitenote_active":false,"_monsterinsights_sitenote_note":"","_monsterinsights_sitenote_category":0,"footnotes":""},"categories":[26,66],"tags":[],"class_list":["post-4319","post","type-post","status-publish","format-standard","has-post-thumbnail","hentry","category-podroze","category-wlochy"],"yoast_head":"<!-- This site is optimized with the Yoast SEO plugin v26.5 - https:\/\/yoast.com\/wordpress\/plugins\/seo\/ -->\n<title>Co warto zobaczy\u0107 w Bergamo we W\u0142oszech? - Wzd\u0142u\u017c Drogi<\/title>\n<meta name=\"robots\" content=\"index, follow, max-snippet:-1, max-image-preview:large, max-video-preview:-1\" \/>\n<link rel=\"canonical\" href=\"https:\/\/www.wzdluzdrogi.pl\/index.php\/2025\/05\/26\/co-warto-zobaczyc-w-bergamo-we-wloszech\/\" \/>\n<meta property=\"og:locale\" content=\"pl_PL\" \/>\n<meta property=\"og:type\" content=\"article\" \/>\n<meta property=\"og:title\" content=\"Co warto zobaczy\u0107 w Bergamo we W\u0142oszech? - Wzd\u0142u\u017c Drogi\" \/>\n<meta property=\"og:description\" content=\"Bergamo \u2013 dla wielu to po prostu lotnisko, z kt\u00f3rego zaczyna si\u0119 podr\u00f3\u017c do Mediolanu czy nad Jezioro Como. A szkoda! Bo Bergamo to jedno z tych w\u0142oskich miast, kt\u00f3re zaskakuj\u0105 \u2013 spokojem, widokami, histori\u0105 i klimatem, kt\u00f3ry trudno opisa\u0107, ale \u0142atwo pokocha\u0107. Wystarczy wjecha\u0107 kolejk\u0105 na wzg\u00f3rze do Citt\u00e0 Alta, by zrozumie\u0107, \u017ce jeste\u015bmy &hellip;\" \/>\n<meta property=\"og:url\" content=\"https:\/\/www.wzdluzdrogi.pl\/index.php\/2025\/05\/26\/co-warto-zobaczyc-w-bergamo-we-wloszech\/\" \/>\n<meta property=\"og:site_name\" content=\"Wzd\u0142u\u017c Drogi\" \/>\n<meta property=\"article:published_time\" content=\"2025-05-26T17:44:56+00:00\" \/>\n<meta property=\"article:modified_time\" content=\"2026-04-13T12:06:35+00:00\" \/>\n<meta property=\"og:image\" content=\"https:\/\/www.wzdluzdrogi.pl\/wp-content\/uploads\/2025\/05\/bergamo-atrakjce-scaled.jpg\" \/>\n\t<meta property=\"og:image:width\" content=\"1067\" \/>\n\t<meta property=\"og:image:height\" content=\"1600\" \/>\n\t<meta property=\"og:image:type\" content=\"image\/jpeg\" \/>\n<meta name=\"author\" content=\"Wzdluzdrogi\" \/>\n<meta name=\"twitter:card\" content=\"summary_large_image\" \/>\n<meta name=\"twitter:label1\" content=\"Napisane przez\" \/>\n\t<meta name=\"twitter:data1\" content=\"Wzdluzdrogi\" \/>\n\t<meta name=\"twitter:label2\" content=\"Szacowany czas czytania\" \/>\n\t<meta name=\"twitter:data2\" content=\"12 minut\" \/>\n<script type=\"application\/ld+json\" class=\"yoast-schema-graph\">{\"@context\":\"https:\/\/schema.org\",\"@graph\":[{\"@type\":\"WebPage\",\"@id\":\"https:\/\/www.wzdluzdrogi.pl\/index.php\/2025\/05\/26\/co-warto-zobaczyc-w-bergamo-we-wloszech\/\",\"url\":\"https:\/\/www.wzdluzdrogi.pl\/index.php\/2025\/05\/26\/co-warto-zobaczyc-w-bergamo-we-wloszech\/\",\"name\":\"Co warto zobaczy\u0107 w Bergamo we W\u0142oszech? - Wzd\u0142u\u017c Drogi\",\"isPartOf\":{\"@id\":\"https:\/\/www.wzdluzdrogi.pl\/#website\"},\"primaryImageOfPage\":{\"@id\":\"https:\/\/www.wzdluzdrogi.pl\/index.php\/2025\/05\/26\/co-warto-zobaczyc-w-bergamo-we-wloszech\/#primaryimage\"},\"image\":{\"@id\":\"https:\/\/www.wzdluzdrogi.pl\/index.php\/2025\/05\/26\/co-warto-zobaczyc-w-bergamo-we-wloszech\/#primaryimage\"},\"thumbnailUrl\":\"https:\/\/www.wzdluzdrogi.pl\/wp-content\/uploads\/2025\/05\/bergamo-atrakjce-scaled.jpg\",\"datePublished\":\"2025-05-26T17:44:56+00:00\",\"dateModified\":\"2026-04-13T12:06:35+00:00\",\"author\":{\"@id\":\"https:\/\/www.wzdluzdrogi.pl\/#\/schema\/person\/74e57cccc529edf05c11ceaff979bf00\"},\"breadcrumb\":{\"@id\":\"https:\/\/www.wzdluzdrogi.pl\/index.php\/2025\/05\/26\/co-warto-zobaczyc-w-bergamo-we-wloszech\/#breadcrumb\"},\"inLanguage\":\"pl-PL\",\"potentialAction\":[{\"@type\":\"ReadAction\",\"target\":[\"https:\/\/www.wzdluzdrogi.pl\/index.php\/2025\/05\/26\/co-warto-zobaczyc-w-bergamo-we-wloszech\/\"]}]},{\"@type\":\"ImageObject\",\"inLanguage\":\"pl-PL\",\"@id\":\"https:\/\/www.wzdluzdrogi.pl\/index.php\/2025\/05\/26\/co-warto-zobaczyc-w-bergamo-we-wloszech\/#primaryimage\",\"url\":\"https:\/\/www.wzdluzdrogi.pl\/wp-content\/uploads\/2025\/05\/bergamo-atrakjce-scaled.jpg\",\"contentUrl\":\"https:\/\/www.wzdluzdrogi.pl\/wp-content\/uploads\/2025\/05\/bergamo-atrakjce-scaled.jpg\",\"width\":1067,\"height\":1600},{\"@type\":\"BreadcrumbList\",\"@id\":\"https:\/\/www.wzdluzdrogi.pl\/index.php\/2025\/05\/26\/co-warto-zobaczyc-w-bergamo-we-wloszech\/#breadcrumb\",\"itemListElement\":[{\"@type\":\"ListItem\",\"position\":1,\"name\":\"Strona g\u0142\u00f3wna\",\"item\":\"https:\/\/www.wzdluzdrogi.pl\/\"},{\"@type\":\"ListItem\",\"position\":2,\"name\":\"Co warto zobaczy\u0107 w Bergamo we W\u0142oszech?\"}]},{\"@type\":\"WebSite\",\"@id\":\"https:\/\/www.wzdluzdrogi.pl\/#website\",\"url\":\"https:\/\/www.wzdluzdrogi.pl\/\",\"name\":\"Wzd\u0142u\u017c Drogi\",\"description\":\"Podr\u00f3\u017ce w rytmie slow\",\"potentialAction\":[{\"@type\":\"SearchAction\",\"target\":{\"@type\":\"EntryPoint\",\"urlTemplate\":\"https:\/\/www.wzdluzdrogi.pl\/?s={search_term_string}\"},\"query-input\":{\"@type\":\"PropertyValueSpecification\",\"valueRequired\":true,\"valueName\":\"search_term_string\"}}],\"inLanguage\":\"pl-PL\"},{\"@type\":\"Person\",\"@id\":\"https:\/\/www.wzdluzdrogi.pl\/#\/schema\/person\/74e57cccc529edf05c11ceaff979bf00\",\"name\":\"Wzdluzdrogi\",\"image\":{\"@type\":\"ImageObject\",\"inLanguage\":\"pl-PL\",\"@id\":\"https:\/\/www.wzdluzdrogi.pl\/#\/schema\/person\/image\/\",\"url\":\"https:\/\/secure.gravatar.com\/avatar\/5338c7b0ffcf3c9b5c99db5ffd459d84?s=96&d=mm&r=g\",\"contentUrl\":\"https:\/\/secure.gravatar.com\/avatar\/5338c7b0ffcf3c9b5c99db5ffd459d84?s=96&d=mm&r=g\",\"caption\":\"Wzdluzdrogi\"},\"sameAs\":[\"http:\/\/www.wzdluzdrogi.pl\"],\"url\":\"https:\/\/www.wzdluzdrogi.pl\/index.php\/author\/wzdluzdrogi\/\"}]}<\/script>\n<!-- \/ Yoast SEO plugin. -->","yoast_head_json":{"title":"Co warto zobaczy\u0107 w Bergamo we W\u0142oszech? - Wzd\u0142u\u017c Drogi","robots":{"index":"index","follow":"follow","max-snippet":"max-snippet:-1","max-image-preview":"max-image-preview:large","max-video-preview":"max-video-preview:-1"},"canonical":"https:\/\/www.wzdluzdrogi.pl\/index.php\/2025\/05\/26\/co-warto-zobaczyc-w-bergamo-we-wloszech\/","og_locale":"pl_PL","og_type":"article","og_title":"Co warto zobaczy\u0107 w Bergamo we W\u0142oszech? - Wzd\u0142u\u017c Drogi","og_description":"Bergamo \u2013 dla wielu to po prostu lotnisko, z kt\u00f3rego zaczyna si\u0119 podr\u00f3\u017c do Mediolanu czy nad Jezioro Como. A szkoda! Bo Bergamo to jedno z tych w\u0142oskich miast, kt\u00f3re zaskakuj\u0105 \u2013 spokojem, widokami, histori\u0105 i klimatem, kt\u00f3ry trudno opisa\u0107, ale \u0142atwo pokocha\u0107. Wystarczy wjecha\u0107 kolejk\u0105 na wzg\u00f3rze do Citt\u00e0 Alta, by zrozumie\u0107, \u017ce jeste\u015bmy &hellip;","og_url":"https:\/\/www.wzdluzdrogi.pl\/index.php\/2025\/05\/26\/co-warto-zobaczyc-w-bergamo-we-wloszech\/","og_site_name":"Wzd\u0142u\u017c Drogi","article_published_time":"2025-05-26T17:44:56+00:00","article_modified_time":"2026-04-13T12:06:35+00:00","og_image":[{"width":1067,"height":1600,"url":"https:\/\/www.wzdluzdrogi.pl\/wp-content\/uploads\/2025\/05\/bergamo-atrakjce-scaled.jpg","type":"image\/jpeg"}],"author":"Wzdluzdrogi","twitter_card":"summary_large_image","twitter_misc":{"Napisane przez":"Wzdluzdrogi","Szacowany czas czytania":"12 minut"},"schema":{"@context":"https:\/\/schema.org","@graph":[{"@type":"WebPage","@id":"https:\/\/www.wzdluzdrogi.pl\/index.php\/2025\/05\/26\/co-warto-zobaczyc-w-bergamo-we-wloszech\/","url":"https:\/\/www.wzdluzdrogi.pl\/index.php\/2025\/05\/26\/co-warto-zobaczyc-w-bergamo-we-wloszech\/","name":"Co warto zobaczy\u0107 w Bergamo we W\u0142oszech? - Wzd\u0142u\u017c Drogi","isPartOf":{"@id":"https:\/\/www.wzdluzdrogi.pl\/#website"},"primaryImageOfPage":{"@id":"https:\/\/www.wzdluzdrogi.pl\/index.php\/2025\/05\/26\/co-warto-zobaczyc-w-bergamo-we-wloszech\/#primaryimage"},"image":{"@id":"https:\/\/www.wzdluzdrogi.pl\/index.php\/2025\/05\/26\/co-warto-zobaczyc-w-bergamo-we-wloszech\/#primaryimage"},"thumbnailUrl":"https:\/\/www.wzdluzdrogi.pl\/wp-content\/uploads\/2025\/05\/bergamo-atrakjce-scaled.jpg","datePublished":"2025-05-26T17:44:56+00:00","dateModified":"2026-04-13T12:06:35+00:00","author":{"@id":"https:\/\/www.wzdluzdrogi.pl\/#\/schema\/person\/74e57cccc529edf05c11ceaff979bf00"},"breadcrumb":{"@id":"https:\/\/www.wzdluzdrogi.pl\/index.php\/2025\/05\/26\/co-warto-zobaczyc-w-bergamo-we-wloszech\/#breadcrumb"},"inLanguage":"pl-PL","potentialAction":[{"@type":"ReadAction","target":["https:\/\/www.wzdluzdrogi.pl\/index.php\/2025\/05\/26\/co-warto-zobaczyc-w-bergamo-we-wloszech\/"]}]},{"@type":"ImageObject","inLanguage":"pl-PL","@id":"https:\/\/www.wzdluzdrogi.pl\/index.php\/2025\/05\/26\/co-warto-zobaczyc-w-bergamo-we-wloszech\/#primaryimage","url":"https:\/\/www.wzdluzdrogi.pl\/wp-content\/uploads\/2025\/05\/bergamo-atrakjce-scaled.jpg","contentUrl":"https:\/\/www.wzdluzdrogi.pl\/wp-content\/uploads\/2025\/05\/bergamo-atrakjce-scaled.jpg","width":1067,"height":1600},{"@type":"BreadcrumbList","@id":"https:\/\/www.wzdluzdrogi.pl\/index.php\/2025\/05\/26\/co-warto-zobaczyc-w-bergamo-we-wloszech\/#breadcrumb","itemListElement":[{"@type":"ListItem","position":1,"name":"Strona g\u0142\u00f3wna","item":"https:\/\/www.wzdluzdrogi.pl\/"},{"@type":"ListItem","position":2,"name":"Co warto zobaczy\u0107 w Bergamo we W\u0142oszech?"}]},{"@type":"WebSite","@id":"https:\/\/www.wzdluzdrogi.pl\/#website","url":"https:\/\/www.wzdluzdrogi.pl\/","name":"Wzd\u0142u\u017c Drogi","description":"Podr\u00f3\u017ce w rytmie slow","potentialAction":[{"@type":"SearchAction","target":{"@type":"EntryPoint","urlTemplate":"https:\/\/www.wzdluzdrogi.pl\/?s={search_term_string}"},"query-input":{"@type":"PropertyValueSpecification","valueRequired":true,"valueName":"search_term_string"}}],"inLanguage":"pl-PL"},{"@type":"Person","@id":"https:\/\/www.wzdluzdrogi.pl\/#\/schema\/person\/74e57cccc529edf05c11ceaff979bf00","name":"Wzdluzdrogi","image":{"@type":"ImageObject","inLanguage":"pl-PL","@id":"https:\/\/www.wzdluzdrogi.pl\/#\/schema\/person\/image\/","url":"https:\/\/secure.gravatar.com\/avatar\/5338c7b0ffcf3c9b5c99db5ffd459d84?s=96&d=mm&r=g","contentUrl":"https:\/\/secure.gravatar.com\/avatar\/5338c7b0ffcf3c9b5c99db5ffd459d84?s=96&d=mm&r=g","caption":"Wzdluzdrogi"},"sameAs":["http:\/\/www.wzdluzdrogi.pl"],"url":"https:\/\/www.wzdluzdrogi.pl\/index.php\/author\/wzdluzdrogi\/"}]}},"_links":{"self":[{"href":"https:\/\/www.wzdluzdrogi.pl\/index.php\/wp-json\/wp\/v2\/posts\/4319","targetHints":{"allow":["GET"]}}],"collection":[{"href":"https:\/\/www.wzdluzdrogi.pl\/index.php\/wp-json\/wp\/v2\/posts"}],"about":[{"href":"https:\/\/www.wzdluzdrogi.pl\/index.php\/wp-json\/wp\/v2\/types\/post"}],"author":[{"embeddable":true,"href":"https:\/\/www.wzdluzdrogi.pl\/index.php\/wp-json\/wp\/v2\/users\/1"}],"replies":[{"embeddable":true,"href":"https:\/\/www.wzdluzdrogi.pl\/index.php\/wp-json\/wp\/v2\/comments?post=4319"}],"version-history":[{"count":34,"href":"https:\/\/www.wzdluzdrogi.pl\/index.php\/wp-json\/wp\/v2\/posts\/4319\/revisions"}],"predecessor-version":[{"id":5250,"href":"https:\/\/www.wzdluzdrogi.pl\/index.php\/wp-json\/wp\/v2\/posts\/4319\/revisions\/5250"}],"wp:featuredmedia":[{"embeddable":true,"href":"https:\/\/www.wzdluzdrogi.pl\/index.php\/wp-json\/wp\/v2\/media\/4337"}],"wp:attachment":[{"href":"https:\/\/www.wzdluzdrogi.pl\/index.php\/wp-json\/wp\/v2\/media?parent=4319"}],"wp:term":[{"taxonomy":"category","embeddable":true,"href":"https:\/\/www.wzdluzdrogi.pl\/index.php\/wp-json\/wp\/v2\/categories?post=4319"},{"taxonomy":"post_tag","embeddable":true,"href":"https:\/\/www.wzdluzdrogi.pl\/index.php\/wp-json\/wp\/v2\/tags?post=4319"}],"curies":[{"name":"wp","href":"https:\/\/api.w.org\/{rel}","templated":true}]}}