{"id":4412,"date":"2025-06-19T13:20:02","date_gmt":"2025-06-19T11:20:02","guid":{"rendered":"https:\/\/www.wzdluzdrogi.pl\/?p=4412"},"modified":"2025-06-19T13:20:03","modified_gmt":"2025-06-19T11:20:03","slug":"czerwiec-w-szczyrku-spokojny-relaks-z-widokiem-na-gory","status":"publish","type":"post","link":"https:\/\/www.wzdluzdrogi.pl\/index.php\/2025\/06\/19\/czerwiec-w-szczyrku-spokojny-relaks-z-widokiem-na-gory\/","title":{"rendered":"Czerwiec w Szczyrku \u2013 spokojny relaks z widokiem na g\u00f3ry"},"content":{"rendered":"\n<p>Je\u015bli marzy Ci si\u0119 kr\u00f3tki reset, aktywny urlop albo romantyczny wyjazd w g\u00f3ry bez t\u0142umu i ha\u0142asu \u2013 czerwiec w Szczyrku mo\u017ce by\u0107 najlepsz\u0105 odpowiedzi\u0105. To miesi\u0105c, w kt\u00f3rym przyroda rozkwita w pe\u0142ni, temperatura pozwala na d\u0142ugie spacery, a miasto dopiero budzi si\u0119 do letniego sezonu. Je\u015bli dodamy do tego komfortowy nocleg, \u015bniadanie z widokiem na stoki i stref\u0119 wellness na wyci\u0105gni\u0119cie r\u0119ki \u2013 mamy gotowy przepis na idealny pobyt. W\u0142a\u015bnie taki klimat znajdziesz w Meta Apartments.<\/p>\n\n\n<div id=\"ez-toc-container\" class=\"ez-toc-v2_0_82_2 counter-hierarchy ez-toc-counter ez-toc-light-blue ez-toc-container-direction\">\n<p class=\"ez-toc-title\" style=\"cursor:inherit\">Spis tre\u015bci<\/p>\n<label for=\"ez-toc-cssicon-toggle-item-69f16e9ebd73a\" class=\"ez-toc-cssicon-toggle-label\"><span class=\"\"><span class=\"eztoc-hide\" style=\"display:none;\">Toggle<\/span><span class=\"ez-toc-icon-toggle-span\"><svg style=\"fill: #999;color:#999\" xmlns=\"http:\/\/www.w3.org\/2000\/svg\" class=\"list-377408\" width=\"20px\" height=\"20px\" viewBox=\"0 0 24 24\" fill=\"none\"><path d=\"M6 6H4v2h2V6zm14 0H8v2h12V6zM4 11h2v2H4v-2zm16 0H8v2h12v-2zM4 16h2v2H4v-2zm16 0H8v2h12v-2z\" fill=\"currentColor\"><\/path><\/svg><svg style=\"fill: #999;color:#999\" class=\"arrow-unsorted-368013\" xmlns=\"http:\/\/www.w3.org\/2000\/svg\" width=\"10px\" height=\"10px\" viewBox=\"0 0 24 24\" version=\"1.2\" baseProfile=\"tiny\"><path d=\"M18.2 9.3l-6.2-6.3-6.2 6.3c-.2.2-.3.4-.3.7s.1.5.3.7c.2.2.4.3.7.3h11c.3 0 .5-.1.7-.3.2-.2.3-.5.3-.7s-.1-.5-.3-.7zM5.8 14.7l6.2 6.3 6.2-6.3c.2-.2.3-.5.3-.7s-.1-.5-.3-.7c-.2-.2-.4-.3-.7-.3h-11c-.3 0-.5.1-.7.3-.2.2-.3.5-.3.7s.1.5.3.7z\"\/><\/svg><\/span><\/span><\/label><input type=\"checkbox\"  id=\"ez-toc-cssicon-toggle-item-69f16e9ebd73a\"  aria-label=\"Prze\u0142\u0105cznik\" \/><nav><ul class='ez-toc-list ez-toc-list-level-1 ' ><li class='ez-toc-page-1 ez-toc-heading-level-2'><a class=\"ez-toc-link ez-toc-heading-1\" href=\"https:\/\/www.wzdluzdrogi.pl\/index.php\/2025\/06\/19\/czerwiec-w-szczyrku-spokojny-relaks-z-widokiem-na-gory\/#Dlaczego_warto_odwiedzic_Szczyrk_wlasnie_w_czerwcu\" >Dlaczego warto odwiedzi\u0107 Szczyrk w\u0142a\u015bnie w czerwcu?<\/a><\/li><li class='ez-toc-page-1 ez-toc-heading-level-2'><a class=\"ez-toc-link ez-toc-heading-2\" href=\"https:\/\/www.wzdluzdrogi.pl\/index.php\/2025\/06\/19\/czerwiec-w-szczyrku-spokojny-relaks-z-widokiem-na-gory\/#Komfort_z_widokiem_%E2%80%93_poznaj_Meta_Apartments\" >Komfort z widokiem \u2013 poznaj Meta Apartments<\/a><\/li><li class='ez-toc-page-1 ez-toc-heading-level-2'><a class=\"ez-toc-link ez-toc-heading-3\" href=\"https:\/\/www.wzdluzdrogi.pl\/index.php\/2025\/06\/19\/czerwiec-w-szczyrku-spokojny-relaks-z-widokiem-na-gory\/#Jak_wyglada_czerwiec_od_kuchni\" >Jak wygl\u0105da czerwiec od kuchni?<\/a><\/li><li class='ez-toc-page-1 ez-toc-heading-level-2'><a class=\"ez-toc-link ez-toc-heading-4\" href=\"https:\/\/www.wzdluzdrogi.pl\/index.php\/2025\/06\/19\/czerwiec-w-szczyrku-spokojny-relaks-z-widokiem-na-gory\/#Co_mozesz_robic_w_Szczyrku_w_czerwcu\" >Co mo\u017cesz robi\u0107 w Szczyrku w czerwcu?<\/a><ul class='ez-toc-list-level-3' ><li class='ez-toc-heading-level-3'><a class=\"ez-toc-link ez-toc-heading-5\" href=\"https:\/\/www.wzdluzdrogi.pl\/index.php\/2025\/06\/19\/czerwiec-w-szczyrku-spokojny-relaks-z-widokiem-na-gory\/#Zdobyc_Skrzyczne_lub_Klimczok\" >Zdoby\u0107 Skrzyczne lub Klimczok<\/a><\/li><li class='ez-toc-page-1 ez-toc-heading-level-3'><a class=\"ez-toc-link ez-toc-heading-6\" href=\"https:\/\/www.wzdluzdrogi.pl\/index.php\/2025\/06\/19\/czerwiec-w-szczyrku-spokojny-relaks-z-widokiem-na-gory\/#%E2%80%8D%E2%99%80%EF%B8%8F_Przejechac_sie_rowerem_po_trasach_enduro\" >?\u200d\u2640\ufe0f Przejecha\u0107 si\u0119 rowerem po trasach enduro<\/a><\/li><li class='ez-toc-page-1 ez-toc-heading-level-3'><a class=\"ez-toc-link ez-toc-heading-7\" href=\"https:\/\/www.wzdluzdrogi.pl\/index.php\/2025\/06\/19\/czerwiec-w-szczyrku-spokojny-relaks-z-widokiem-na-gory\/#%E2%80%8D%E2%99%80%EF%B8%8F_Odpoczac_w_strefie_wellness\" >?\u200d\u2640\ufe0f Odpocz\u0105\u0107 w strefie wellness<\/a><\/li><li class='ez-toc-page-1 ez-toc-heading-level-3'><a class=\"ez-toc-link ez-toc-heading-8\" href=\"https:\/\/www.wzdluzdrogi.pl\/index.php\/2025\/06\/19\/czerwiec-w-szczyrku-spokojny-relaks-z-widokiem-na-gory\/#%E2%98%80%EF%B8%8F_Posiedziec_z_ksiazka_na_balkonie\" >\u2600\ufe0f Posiedzie\u0107 z ksi\u0105\u017ck\u0105 na balkonie<\/a><\/li><\/ul><\/li><li class='ez-toc-page-1 ez-toc-heading-level-2'><a class=\"ez-toc-link ez-toc-heading-9\" href=\"https:\/\/www.wzdluzdrogi.pl\/index.php\/2025\/06\/19\/czerwiec-w-szczyrku-spokojny-relaks-z-widokiem-na-gory\/#Co_zawiera_nasza_czerwcowa_oferta\" >Co zawiera nasza czerwcowa oferta?<\/a><\/li><li class='ez-toc-page-1 ez-toc-heading-level-2'><a class=\"ez-toc-link ez-toc-heading-10\" href=\"https:\/\/www.wzdluzdrogi.pl\/index.php\/2025\/06\/19\/czerwiec-w-szczyrku-spokojny-relaks-z-widokiem-na-gory\/#Dla_kogo_jest_ten_wyjazd\" >Dla kogo jest ten wyjazd?<\/a><\/li><li class='ez-toc-page-1 ez-toc-heading-level-2'><a class=\"ez-toc-link ez-toc-heading-11\" href=\"https:\/\/www.wzdluzdrogi.pl\/index.php\/2025\/06\/19\/czerwiec-w-szczyrku-spokojny-relaks-z-widokiem-na-gory\/#Podsumowanie_dlaczego_czerwiec_to_idealny_czas\" >Podsumowanie: dlaczego czerwiec to idealny czas?<\/a><\/li><\/ul><\/nav><\/div>\n<h2 data-start=\"772\" data-end=\"826\"><span class=\"ez-toc-section\" id=\"Dlaczego_warto_odwiedzic_Szczyrk_wlasnie_w_czerwcu\"><\/span>Dlaczego warto odwiedzi\u0107 Szczyrk w\u0142a\u015bnie w czerwcu?<span class=\"ez-toc-section-end\"><\/span><\/h2>\n<p data-start=\"828\" data-end=\"868\">Szczyrk w czerwcu to idealne po\u0142\u0105czenie:<\/p>\n<ul data-start=\"870\" data-end=\"1052\">\n<li data-start=\"870\" data-end=\"903\">\n<p data-start=\"872\" data-end=\"903\">przyjemnej pogody bez upa\u0142\u00f3w,<\/p>\n<\/li>\n<li data-start=\"904\" data-end=\"943\">\n<p data-start=\"906\" data-end=\"943\">pe\u0142ni zieleni na g\u00f3rskich szlakach,<\/p>\n<\/li>\n<li data-start=\"944\" data-end=\"988\">\n<p data-start=\"946\" data-end=\"988\">mniejszego t\u0142oku ni\u017c w lipcu i sierpniu,<\/p>\n<\/li>\n<li data-start=\"989\" data-end=\"1052\">\n<p data-start=\"991\" data-end=\"1052\">mo\u017cliwo\u015bci korzystania z atrakcji przed sezonowym obl\u0119\u017ceniem.<\/p>\n<\/li>\n<\/ul>\n<p data-start=\"1054\" data-end=\"1259\">W czerwcu mo\u017cesz bez po\u015bpiechu zdobywa\u0107 szczyty, spacerowa\u0107 dolin\u0105 \u017bylicy, zje\u017cd\u017ca\u0107 rowerem po trasach enduro albo po prostu le\u017ce\u0107 w le\u017caku z ksi\u0105\u017ck\u0105. To doskona\u0142y czas na aktywny, ale spokojny wypoczynek.<\/p>\n<p data-start=\"1261\" data-end=\"1455\">Je\u015bli szukasz inspiracji na konkretny czerwcowy termin, koniecznie przeczytaj r\u00f3wnie\u017c nasz wpis:<br data-start=\"1357\" data-end=\"1360\" \/><a href=\"https:\/\/meta-apartments.pl\/boze-cialo-w-szczyrku\/\" target=\"_new\" rel=\"noopener\" data-start=\"1363\" data-end=\"1455\">Bo\u017ce Cia\u0142o w Szczyrku \u2013 dlaczego warto?<\/a><\/p>\n<h2 data-start=\"1462\" data-end=\"1508\"><span class=\"ez-toc-section\" id=\"Komfort_z_widokiem_%E2%80%93_poznaj_Meta_Apartments\"><\/span>Komfort z widokiem \u2013 poznaj Meta Apartments<span class=\"ez-toc-section-end\"><\/span><\/h2>\n<p data-start=\"1510\" data-end=\"1693\">Meta Apartments to nieprzypadkowy wyb\u00f3r. Po\u0142o\u017cone tu\u017c przy stacji kolejki na Skrzyczne, \u0142\u0105cz\u0105 prywatno\u015b\u0107 nowoczesnych apartament\u00f3w z dost\u0119pem do udogodnie\u0144 czterogwiazdkowego hotelu.<\/p>\n<p data-start=\"1695\" data-end=\"1721\">Ka\u017cdy apartament zapewnia:<\/p>\n<ul data-start=\"1723\" data-end=\"2048\">\n<li data-start=\"1723\" data-end=\"1789\">\n<p data-start=\"1725\" data-end=\"1789\">przestrze\u0144 do wypoczynku i pracy (idealne tak\u017ce na workation),<\/p>\n<\/li>\n<li data-start=\"1790\" data-end=\"1829\">\n<p data-start=\"1792\" data-end=\"1829\">prywatny balkon z widokiem na g\u00f3ry,<\/p>\n<\/li>\n<li data-start=\"1830\" data-end=\"1868\">\n<p data-start=\"1832\" data-end=\"1868\">w pe\u0142ni wyposa\u017cony aneks kuchenny,<\/p>\n<\/li>\n<li data-start=\"1869\" data-end=\"1928\">\n<p data-start=\"1871\" data-end=\"1928\">szybkie Wi-Fi i miejsce parkingowe w gara\u017cu podziemnym,<\/p>\n<\/li>\n<li data-start=\"1929\" data-end=\"2048\">\n<p data-start=\"1931\" data-end=\"2048\">opcjonalne \u015bniadanie i <strong data-start=\"1954\" data-end=\"1997\">dost\u0119p do strefy wellness w Hotelu Meta<\/strong>, w tym do <strong data-start=\"2008\" data-end=\"2047\">basenu na dachu z panoram\u0105 Beskid\u00f3w<\/strong>.<\/p>\n<\/li>\n<\/ul>\n<p data-start=\"2050\" data-end=\"2171\">To idealne rozwi\u0105zanie dla par, rodzin z dzie\u0107mi oraz os\u00f3b ceni\u0105cych niezale\u017cno\u015b\u0107, ale niechc\u0105cych rezygnowa\u0107 z komfortu.<\/p>\n<p data-start=\"2173\" data-end=\"2340\">Zobacz szczeg\u00f3\u0142y naszej <a href=\"https:\/\/meta-apartments.pl\/oferty-specjalne\/nocleg-ze-sniadaniem-i-dostepem-do-wellnes\/\" target=\"_new\" rel=\"noopener\" data-start=\"2200\" data-end=\"2340\">czerwcowej oferty \u2013 nocleg + wellness + \u015bniadanie<\/a><\/p>\n<h2 data-start=\"2347\" data-end=\"2381\"><span class=\"ez-toc-section\" id=\"Jak_wyglada_czerwiec_od_kuchni\"><\/span>Jak wygl\u0105da czerwiec od kuchni?<span class=\"ez-toc-section-end\"><\/span><\/h2>\n<p data-start=\"2383\" data-end=\"2415\">Czerwiec w Szczyrku to sezon na:<\/p>\n<ul data-start=\"2417\" data-end=\"2777\">\n<li data-start=\"2417\" data-end=\"2560\">\n<p data-start=\"2419\" data-end=\"2560\"><strong data-start=\"2419\" data-end=\"2465\">m\u0142ode g\u00f3rskie zio\u0142a i regionalne przysmaki<\/strong> \u2013 \u015bwie\u017ca kwa\u015bnica, grillowany oscypek z \u017curawin\u0105, domowe wypieki z rabarbarem i truskawkami,<\/p>\n<\/li>\n<li data-start=\"2561\" data-end=\"2670\">\n<p data-start=\"2563\" data-end=\"2670\"><strong data-start=\"2563\" data-end=\"2596\">lokalne wydarzenia i jarmarki<\/strong> \u2013 z koncertami, kiermaszami i muzyk\u0105 na \u017cywo (np. na placu \u015bw. Jakuba),<\/p>\n<\/li>\n<li data-start=\"2671\" data-end=\"2777\">\n<p data-start=\"2673\" data-end=\"2777\"><strong data-start=\"2673\" data-end=\"2725\">klimatyczne wieczory na tarasie lub przy ognisku<\/strong>, gdy temperatura spada, a powietrze pachnie \u017cywic\u0105.<\/p>\n<\/li>\n<\/ul>\n<p data-start=\"2779\" data-end=\"2889\">To wszystko sprawia, \u017ce pobyt w czerwcu jest bardziej zmys\u0142owy, pe\u0142en smak\u00f3w, zapach\u00f3w i moment\u00f3w wytchnienia.<\/p>\n<h2 data-start=\"2896\" data-end=\"2936\"><span class=\"ez-toc-section\" id=\"Co_mozesz_robic_w_Szczyrku_w_czerwcu\"><\/span>Co mo\u017cesz robi\u0107 w Szczyrku w czerwcu?<span class=\"ez-toc-section-end\"><\/span><\/h2>\n<h3 data-start=\"2938\" data-end=\"2974\"><span class=\"ez-toc-section\" id=\"Zdobyc_Skrzyczne_lub_Klimczok\"><\/span>Zdoby\u0107 Skrzyczne lub Klimczok<span class=\"ez-toc-section-end\"><\/span><\/h3>\n<p data-start=\"2976\" data-end=\"3251\">Szlaki nie s\u0105 jeszcze zat\u0142oczone, a pogoda sprzyja \u2013 mo\u017cesz zdoby\u0107 szczyt pieszo lub wjecha\u0107 kolejk\u0105 (dolna stacja znajduje si\u0119 zaledwie 20 m od Meta Apartments), a potem zej\u015b\u0107 na piechot\u0119. Na Skrzycznem czeka schronisko i jeden z najpi\u0119kniejszych widok\u00f3w w ca\u0142ych Beskidach.<\/p>\n<h3 data-start=\"3253\" data-end=\"3303\"><span class=\"ez-toc-section\" id=\"%E2%80%8D%E2%99%80%EF%B8%8F_Przejechac_sie_rowerem_po_trasach_enduro\"><\/span>?\u200d\u2640\ufe0f Przejecha\u0107 si\u0119 rowerem po trasach enduro<span class=\"ez-toc-section-end\"><\/span><\/h3>\n<p data-start=\"3305\" data-end=\"3436\">Szczyrk s\u0142ynie z rozbudowanej infrastruktury rowerowej \u2013 w czerwcu warunki s\u0105 \u015bwietne, a wypo\u017cyczalnie sprz\u0119tu dzia\u0142aj\u0105 pe\u0142n\u0105 par\u0105.<\/p>\n<h3 data-start=\"3438\" data-end=\"3475\"><span class=\"ez-toc-section\" id=\"%E2%80%8D%E2%99%80%EF%B8%8F_Odpoczac_w_strefie_wellness\"><\/span>?\u200d\u2640\ufe0f Odpocz\u0105\u0107 w strefie wellness<span class=\"ez-toc-section-end\"><\/span><\/h3>\n<p data-start=\"3477\" data-end=\"3696\">Po ca\u0142ym dniu aktywno\u015bci mo\u017cesz zrelaksowa\u0107 si\u0119 w saunie, jacuzzi lub po prostu pop\u0142ywa\u0107 w basenie z widokiem na g\u00f3ry. Naszym go\u015bciom przys\u0142uguje dost\u0119p do strefy wellness w Hotelu Meta \u2013 to luksus, kt\u00f3ry naprawd\u0119 czu\u0107.<\/p>\n<h3 data-start=\"3698\" data-end=\"3737\"><span class=\"ez-toc-section\" id=\"%E2%98%80%EF%B8%8F_Posiedziec_z_ksiazka_na_balkonie\"><\/span>\u2600\ufe0f Posiedzie\u0107 z ksi\u0105\u017ck\u0105 na balkonie<span class=\"ez-toc-section-end\"><\/span><\/h3>\n<p data-start=\"3739\" data-end=\"3896\">Czerwiec to tak\u017ce idealny czas na nicnierobienie \u2013 kawa z widokiem na zielone stoki, ulubiona lektura i \u015bwiadomo\u015b\u0107, \u017ce nic nie musisz \u2013 to te\u017c plan na urlop.<\/p>\n<h2 data-start=\"3903\" data-end=\"3940\"><span class=\"ez-toc-section\" id=\"Co_zawiera_nasza_czerwcowa_oferta\"><\/span>Co zawiera nasza czerwcowa oferta?<span class=\"ez-toc-section-end\"><\/span><\/h2>\n<p data-start=\"3942\" data-end=\"4032\">Dla wszystkich, kt\u00f3rzy zdecyduj\u0105 si\u0119 na pobyt w czerwcu, przygotowali\u015bmy specjalny pakiet:<\/p>\n<ul data-start=\"4034\" data-end=\"4249\">\n<li data-start=\"4034\" data-end=\"4072\">\n<p data-start=\"4036\" data-end=\"4072\">nocleg w komfortowym apartamencie,<\/p>\n<\/li>\n<li data-start=\"4073\" data-end=\"4113\">\n<p data-start=\"4075\" data-end=\"4113\">codzienne \u015bniadanie w formie bufetu,<\/p>\n<\/li>\n<li data-start=\"4114\" data-end=\"4162\">\n<p data-start=\"4116\" data-end=\"4162\">dost\u0119p do strefy wellness i basenu na dachu,<\/p>\n<\/li>\n<li data-start=\"4163\" data-end=\"4195\">\n<p data-start=\"4165\" data-end=\"4195\">miejsce parkingowe w gara\u017cu,<\/p>\n<\/li>\n<li data-start=\"4196\" data-end=\"4249\">\n<p data-start=\"4198\" data-end=\"4249\">rabaty na d\u0142u\u017csze pobyty i wcze\u015bniejsze rezerwacje.<\/p>\n<\/li>\n<\/ul>\n<p data-start=\"4251\" data-end=\"4413\">Sprawd\u017a dost\u0119pno\u015b\u0107: <a href=\"https:\/\/meta-apartments.pl\/oferty-specjalne\/nocleg-ze-sniadaniem-i-dostepem-do-wellnes\/\" target=\"_new\" rel=\"noopener\" data-start=\"4274\" data-end=\"4413\">Nocleg + \u015bniadanie + wellness \u2013 oferta czerwcowa<\/a><\/p>\n<h2 data-start=\"4420\" data-end=\"4448\"><span class=\"ez-toc-section\" id=\"Dla_kogo_jest_ten_wyjazd\"><\/span>Dla kogo jest ten wyjazd?<span class=\"ez-toc-section-end\"><\/span><\/h2>\n<p data-start=\"4450\" data-end=\"4498\">Czerwiec w Meta Apartments polecamy szczeg\u00f3lnie:<\/p>\n<ul data-start=\"4500\" data-end=\"4805\">\n<li data-start=\"4500\" data-end=\"4570\">\n<p data-start=\"4502\" data-end=\"4570\"><strong data-start=\"4502\" data-end=\"4511\">parom<\/strong> \u2013 szukaj\u0105cym spokoju, widok\u00f3w i romantycznych wieczor\u00f3w,<\/p>\n<\/li>\n<li data-start=\"4571\" data-end=\"4655\">\n<p data-start=\"4573\" data-end=\"4655\"><strong data-start=\"4573\" data-end=\"4595\">rodzinom z dzie\u0107mi<\/strong> \u2013 kt\u00f3re chc\u0105 mie\u0107 przestrze\u0144, ale te\u017c dost\u0119p do atrakcji,<\/p>\n<\/li>\n<li data-start=\"4656\" data-end=\"4717\">\n<p data-start=\"4658\" data-end=\"4717\"><strong data-start=\"4658\" data-end=\"4670\">aktywnym<\/strong> \u2013 kochaj\u0105cym g\u00f3ry, rowery i piesze w\u0119dr\u00f3wki,<\/p>\n<\/li>\n<li data-start=\"4718\" data-end=\"4805\">\n<p data-start=\"4720\" data-end=\"4805\"><strong data-start=\"4720\" data-end=\"4749\">osobom pracuj\u0105cym zdalnie<\/strong> \u2013 bo workation w takim otoczeniu to czysta przyjemno\u015b\u0107.<\/p>\n<\/li>\n<\/ul>\n<h2 data-start=\"4812\" data-end=\"4863\"><span class=\"ez-toc-section\" id=\"Podsumowanie_dlaczego_czerwiec_to_idealny_czas\"><\/span>Podsumowanie: dlaczego czerwiec to idealny czas?<span class=\"ez-toc-section-end\"><\/span><\/h2>\n<p>Pow\u00f3d. Co zyskujesz?<\/p>\n<p>Mniejszy t\u0142ok. Spokojniejsze szlaki, dost\u0119pno\u015b\u0107 atrakcji. Komfortowa pogoda. Ciep\u0142o, ale bez upa\u0142\u00f3w. Widoki i ziele\u0144. Pe\u0142nia g\u00f3rskiego uroku. Dost\u0119p do wellness. Relaks po ca\u0142ym dniu aktywno\u015bci. Promocyjne pakiety. \u015awietny stosunek jako\u015bci do ceny.<\/p>\n<p data-start=\"5190\" data-end=\"5395\">Nie czekaj do wakacji, by odetchn\u0105\u0107. <strong data-start=\"5227\" data-end=\"5250\">Czerwiec w Szczyrku<\/strong> to idealny moment, by na\u0142adowa\u0107 baterie \u2013 bez kolejek, bez po\u015bpiechu, za to z widokiem na szczyty, fili\u017cank\u0105 kawy na tarasie i basenem na dachu.<\/p>\n<p data-start=\"5397\" data-end=\"5497\">Zarezerwuj sw\u00f3j czerwcowy pobyt ju\u017c teraz i poczuj, jak dobrze mo\u017ce smakowa\u0107 spokojny wyjazd w g\u00f3ry.<\/p>\n<p data-start=\"5499\" data-end=\"5640\">\u00a0<a href=\"https:\/\/meta-apartments.pl\/oferty-specjalne\/nocleg-ze-sniadaniem-i-dostepem-do-wellnes\/\" target=\"_new\" rel=\"noopener\" data-start=\"5502\" data-end=\"5640\">Zobacz pe\u0142n\u0105 ofert\u0119 czerwcow\u0105 \u2013 Meta Apartments<\/a><\/p>\n<p data-start=\"5499\" data-end=\"5640\">*Artyku\u0142 zosta\u0142 napisany przez naszego partnera.\u00a0<\/p>","protected":false},"excerpt":{"rendered":"<p>Je\u015bli marzy Ci si\u0119 kr\u00f3tki reset, aktywny urlop albo romantyczny wyjazd w g\u00f3ry bez t\u0142umu i ha\u0142asu \u2013 czerwiec w Szczyrku mo\u017ce by\u0107 najlepsz\u0105 odpowiedzi\u0105. To miesi\u0105c, w kt\u00f3rym przyroda rozkwita w pe\u0142ni, temperatura pozwala na d\u0142ugie spacery, a miasto dopiero budzi si\u0119 do letniego sezonu. Je\u015bli dodamy do tego komfortowy nocleg, \u015bniadanie z widokiem &hellip; <\/p>\n","protected":false},"author":1,"featured_media":4413,"comment_status":"open","ping_status":"closed","sticky":false,"template":"","format":"standard","meta":{"_monsterinsights_skip_tracking":false,"_monsterinsights_sitenote_active":false,"_monsterinsights_sitenote_note":"","_monsterinsights_sitenote_category":0,"footnotes":""},"categories":[26,58],"tags":[],"class_list":["post-4412","post","type-post","status-publish","format-standard","has-post-thumbnail","hentry","category-podroze","category-polska"],"yoast_head":"<!-- This site is optimized with the Yoast SEO plugin v26.5 - https:\/\/yoast.com\/wordpress\/plugins\/seo\/ -->\n<title>Czerwiec w Szczyrku \u2013 spokojny relaks z widokiem na g\u00f3ry - Wzd\u0142u\u017c Drogi<\/title>\n<meta name=\"description\" content=\"Je\u015bli marzy Ci si\u0119 kr\u00f3tki reset, aktywny urlop albo romantyczny wyjazd w g\u00f3ry bez t\u0142umu i ha\u0142asu \u2013 czerwiec w Szczyrku mo\u017ce by\u0107 najlepsz\u0105 odpowiedzi\u0105\" \/>\n<meta name=\"robots\" content=\"index, follow, max-snippet:-1, max-image-preview:large, max-video-preview:-1\" \/>\n<link rel=\"canonical\" href=\"https:\/\/www.wzdluzdrogi.pl\/index.php\/2025\/06\/19\/czerwiec-w-szczyrku-spokojny-relaks-z-widokiem-na-gory\/\" \/>\n<meta property=\"og:locale\" content=\"pl_PL\" \/>\n<meta property=\"og:type\" content=\"article\" \/>\n<meta property=\"og:title\" content=\"Czerwiec w Szczyrku \u2013 spokojny relaks z widokiem na g\u00f3ry - Wzd\u0142u\u017c Drogi\" \/>\n<meta property=\"og:description\" content=\"Je\u015bli marzy Ci si\u0119 kr\u00f3tki reset, aktywny urlop albo romantyczny wyjazd w g\u00f3ry bez t\u0142umu i ha\u0142asu \u2013 czerwiec w Szczyrku mo\u017ce by\u0107 najlepsz\u0105 odpowiedzi\u0105\" \/>\n<meta property=\"og:url\" content=\"https:\/\/www.wzdluzdrogi.pl\/index.php\/2025\/06\/19\/czerwiec-w-szczyrku-spokojny-relaks-z-widokiem-na-gory\/\" \/>\n<meta property=\"og:site_name\" content=\"Wzd\u0142u\u017c Drogi\" \/>\n<meta property=\"article:published_time\" content=\"2025-06-19T11:20:02+00:00\" \/>\n<meta property=\"article:modified_time\" content=\"2025-06-19T11:20:03+00:00\" \/>\n<meta property=\"og:image\" content=\"https:\/\/www.wzdluzdrogi.pl\/wp-content\/uploads\/2025\/06\/meta-zew10.2024_14-1024x768.png\" \/>\n\t<meta property=\"og:image:width\" content=\"1024\" \/>\n\t<meta property=\"og:image:height\" content=\"768\" \/>\n\t<meta property=\"og:image:type\" content=\"image\/png\" \/>\n<meta name=\"author\" content=\"Wzdluzdrogi\" \/>\n<meta name=\"twitter:card\" content=\"summary_large_image\" \/>\n<meta name=\"twitter:label1\" content=\"Napisane przez\" \/>\n\t<meta name=\"twitter:data1\" content=\"Wzdluzdrogi\" \/>\n\t<meta name=\"twitter:label2\" content=\"Szacowany czas czytania\" \/>\n\t<meta name=\"twitter:data2\" content=\"5 minut\" \/>\n<script type=\"application\/ld+json\" class=\"yoast-schema-graph\">{\"@context\":\"https:\/\/schema.org\",\"@graph\":[{\"@type\":\"WebPage\",\"@id\":\"https:\/\/www.wzdluzdrogi.pl\/index.php\/2025\/06\/19\/czerwiec-w-szczyrku-spokojny-relaks-z-widokiem-na-gory\/\",\"url\":\"https:\/\/www.wzdluzdrogi.pl\/index.php\/2025\/06\/19\/czerwiec-w-szczyrku-spokojny-relaks-z-widokiem-na-gory\/\",\"name\":\"Czerwiec w Szczyrku \u2013 spokojny relaks z widokiem na g\u00f3ry - Wzd\u0142u\u017c Drogi\",\"isPartOf\":{\"@id\":\"https:\/\/www.wzdluzdrogi.pl\/#website\"},\"primaryImageOfPage\":{\"@id\":\"https:\/\/www.wzdluzdrogi.pl\/index.php\/2025\/06\/19\/czerwiec-w-szczyrku-spokojny-relaks-z-widokiem-na-gory\/#primaryimage\"},\"image\":{\"@id\":\"https:\/\/www.wzdluzdrogi.pl\/index.php\/2025\/06\/19\/czerwiec-w-szczyrku-spokojny-relaks-z-widokiem-na-gory\/#primaryimage\"},\"thumbnailUrl\":\"https:\/\/www.wzdluzdrogi.pl\/wp-content\/uploads\/2025\/06\/meta-zew10.2024_14.png\",\"datePublished\":\"2025-06-19T11:20:02+00:00\",\"dateModified\":\"2025-06-19T11:20:03+00:00\",\"author\":{\"@id\":\"https:\/\/www.wzdluzdrogi.pl\/#\/schema\/person\/74e57cccc529edf05c11ceaff979bf00\"},\"description\":\"Je\u015bli marzy Ci si\u0119 kr\u00f3tki reset, aktywny urlop albo romantyczny wyjazd w g\u00f3ry bez t\u0142umu i ha\u0142asu \u2013 czerwiec w Szczyrku mo\u017ce by\u0107 najlepsz\u0105 odpowiedzi\u0105\",\"breadcrumb\":{\"@id\":\"https:\/\/www.wzdluzdrogi.pl\/index.php\/2025\/06\/19\/czerwiec-w-szczyrku-spokojny-relaks-z-widokiem-na-gory\/#breadcrumb\"},\"inLanguage\":\"pl-PL\",\"potentialAction\":[{\"@type\":\"ReadAction\",\"target\":[\"https:\/\/www.wzdluzdrogi.pl\/index.php\/2025\/06\/19\/czerwiec-w-szczyrku-spokojny-relaks-z-widokiem-na-gory\/\"]}]},{\"@type\":\"ImageObject\",\"inLanguage\":\"pl-PL\",\"@id\":\"https:\/\/www.wzdluzdrogi.pl\/index.php\/2025\/06\/19\/czerwiec-w-szczyrku-spokojny-relaks-z-widokiem-na-gory\/#primaryimage\",\"url\":\"https:\/\/www.wzdluzdrogi.pl\/wp-content\/uploads\/2025\/06\/meta-zew10.2024_14.png\",\"contentUrl\":\"https:\/\/www.wzdluzdrogi.pl\/wp-content\/uploads\/2025\/06\/meta-zew10.2024_14.png\",\"width\":1600,\"height\":1200},{\"@type\":\"BreadcrumbList\",\"@id\":\"https:\/\/www.wzdluzdrogi.pl\/index.php\/2025\/06\/19\/czerwiec-w-szczyrku-spokojny-relaks-z-widokiem-na-gory\/#breadcrumb\",\"itemListElement\":[{\"@type\":\"ListItem\",\"position\":1,\"name\":\"Strona g\u0142\u00f3wna\",\"item\":\"https:\/\/www.wzdluzdrogi.pl\/\"},{\"@type\":\"ListItem\",\"position\":2,\"name\":\"Czerwiec w Szczyrku \u2013 spokojny relaks z widokiem na g\u00f3ry\"}]},{\"@type\":\"WebSite\",\"@id\":\"https:\/\/www.wzdluzdrogi.pl\/#website\",\"url\":\"https:\/\/www.wzdluzdrogi.pl\/\",\"name\":\"Wzd\u0142u\u017c Drogi\",\"description\":\"Podr\u00f3\u017ce w rytmie slow\",\"potentialAction\":[{\"@type\":\"SearchAction\",\"target\":{\"@type\":\"EntryPoint\",\"urlTemplate\":\"https:\/\/www.wzdluzdrogi.pl\/?s={search_term_string}\"},\"query-input\":{\"@type\":\"PropertyValueSpecification\",\"valueRequired\":true,\"valueName\":\"search_term_string\"}}],\"inLanguage\":\"pl-PL\"},{\"@type\":\"Person\",\"@id\":\"https:\/\/www.wzdluzdrogi.pl\/#\/schema\/person\/74e57cccc529edf05c11ceaff979bf00\",\"name\":\"Wzdluzdrogi\",\"image\":{\"@type\":\"ImageObject\",\"inLanguage\":\"pl-PL\",\"@id\":\"https:\/\/www.wzdluzdrogi.pl\/#\/schema\/person\/image\/\",\"url\":\"https:\/\/secure.gravatar.com\/avatar\/5338c7b0ffcf3c9b5c99db5ffd459d84?s=96&d=mm&r=g\",\"contentUrl\":\"https:\/\/secure.gravatar.com\/avatar\/5338c7b0ffcf3c9b5c99db5ffd459d84?s=96&d=mm&r=g\",\"caption\":\"Wzdluzdrogi\"},\"sameAs\":[\"http:\/\/www.wzdluzdrogi.pl\"],\"url\":\"https:\/\/www.wzdluzdrogi.pl\/index.php\/author\/wzdluzdrogi\/\"}]}<\/script>\n<!-- \/ Yoast SEO plugin. -->","yoast_head_json":{"title":"Czerwiec w Szczyrku \u2013 spokojny relaks z widokiem na g\u00f3ry - Wzd\u0142u\u017c Drogi","description":"Je\u015bli marzy Ci si\u0119 kr\u00f3tki reset, aktywny urlop albo romantyczny wyjazd w g\u00f3ry bez t\u0142umu i ha\u0142asu \u2013 czerwiec w Szczyrku mo\u017ce by\u0107 najlepsz\u0105 odpowiedzi\u0105","robots":{"index":"index","follow":"follow","max-snippet":"max-snippet:-1","max-image-preview":"max-image-preview:large","max-video-preview":"max-video-preview:-1"},"canonical":"https:\/\/www.wzdluzdrogi.pl\/index.php\/2025\/06\/19\/czerwiec-w-szczyrku-spokojny-relaks-z-widokiem-na-gory\/","og_locale":"pl_PL","og_type":"article","og_title":"Czerwiec w Szczyrku \u2013 spokojny relaks z widokiem na g\u00f3ry - Wzd\u0142u\u017c Drogi","og_description":"Je\u015bli marzy Ci si\u0119 kr\u00f3tki reset, aktywny urlop albo romantyczny wyjazd w g\u00f3ry bez t\u0142umu i ha\u0142asu \u2013 czerwiec w Szczyrku mo\u017ce by\u0107 najlepsz\u0105 odpowiedzi\u0105","og_url":"https:\/\/www.wzdluzdrogi.pl\/index.php\/2025\/06\/19\/czerwiec-w-szczyrku-spokojny-relaks-z-widokiem-na-gory\/","og_site_name":"Wzd\u0142u\u017c Drogi","article_published_time":"2025-06-19T11:20:02+00:00","article_modified_time":"2025-06-19T11:20:03+00:00","og_image":[{"width":1024,"height":768,"url":"https:\/\/www.wzdluzdrogi.pl\/wp-content\/uploads\/2025\/06\/meta-zew10.2024_14-1024x768.png","type":"image\/png"}],"author":"Wzdluzdrogi","twitter_card":"summary_large_image","twitter_misc":{"Napisane przez":"Wzdluzdrogi","Szacowany czas czytania":"5 minut"},"schema":{"@context":"https:\/\/schema.org","@graph":[{"@type":"WebPage","@id":"https:\/\/www.wzdluzdrogi.pl\/index.php\/2025\/06\/19\/czerwiec-w-szczyrku-spokojny-relaks-z-widokiem-na-gory\/","url":"https:\/\/www.wzdluzdrogi.pl\/index.php\/2025\/06\/19\/czerwiec-w-szczyrku-spokojny-relaks-z-widokiem-na-gory\/","name":"Czerwiec w Szczyrku \u2013 spokojny relaks z widokiem na g\u00f3ry - Wzd\u0142u\u017c Drogi","isPartOf":{"@id":"https:\/\/www.wzdluzdrogi.pl\/#website"},"primaryImageOfPage":{"@id":"https:\/\/www.wzdluzdrogi.pl\/index.php\/2025\/06\/19\/czerwiec-w-szczyrku-spokojny-relaks-z-widokiem-na-gory\/#primaryimage"},"image":{"@id":"https:\/\/www.wzdluzdrogi.pl\/index.php\/2025\/06\/19\/czerwiec-w-szczyrku-spokojny-relaks-z-widokiem-na-gory\/#primaryimage"},"thumbnailUrl":"https:\/\/www.wzdluzdrogi.pl\/wp-content\/uploads\/2025\/06\/meta-zew10.2024_14.png","datePublished":"2025-06-19T11:20:02+00:00","dateModified":"2025-06-19T11:20:03+00:00","author":{"@id":"https:\/\/www.wzdluzdrogi.pl\/#\/schema\/person\/74e57cccc529edf05c11ceaff979bf00"},"description":"Je\u015bli marzy Ci si\u0119 kr\u00f3tki reset, aktywny urlop albo romantyczny wyjazd w g\u00f3ry bez t\u0142umu i ha\u0142asu \u2013 czerwiec w Szczyrku mo\u017ce by\u0107 najlepsz\u0105 odpowiedzi\u0105","breadcrumb":{"@id":"https:\/\/www.wzdluzdrogi.pl\/index.php\/2025\/06\/19\/czerwiec-w-szczyrku-spokojny-relaks-z-widokiem-na-gory\/#breadcrumb"},"inLanguage":"pl-PL","potentialAction":[{"@type":"ReadAction","target":["https:\/\/www.wzdluzdrogi.pl\/index.php\/2025\/06\/19\/czerwiec-w-szczyrku-spokojny-relaks-z-widokiem-na-gory\/"]}]},{"@type":"ImageObject","inLanguage":"pl-PL","@id":"https:\/\/www.wzdluzdrogi.pl\/index.php\/2025\/06\/19\/czerwiec-w-szczyrku-spokojny-relaks-z-widokiem-na-gory\/#primaryimage","url":"https:\/\/www.wzdluzdrogi.pl\/wp-content\/uploads\/2025\/06\/meta-zew10.2024_14.png","contentUrl":"https:\/\/www.wzdluzdrogi.pl\/wp-content\/uploads\/2025\/06\/meta-zew10.2024_14.png","width":1600,"height":1200},{"@type":"BreadcrumbList","@id":"https:\/\/www.wzdluzdrogi.pl\/index.php\/2025\/06\/19\/czerwiec-w-szczyrku-spokojny-relaks-z-widokiem-na-gory\/#breadcrumb","itemListElement":[{"@type":"ListItem","position":1,"name":"Strona g\u0142\u00f3wna","item":"https:\/\/www.wzdluzdrogi.pl\/"},{"@type":"ListItem","position":2,"name":"Czerwiec w Szczyrku \u2013 spokojny relaks z widokiem na g\u00f3ry"}]},{"@type":"WebSite","@id":"https:\/\/www.wzdluzdrogi.pl\/#website","url":"https:\/\/www.wzdluzdrogi.pl\/","name":"Wzd\u0142u\u017c Drogi","description":"Podr\u00f3\u017ce w rytmie slow","potentialAction":[{"@type":"SearchAction","target":{"@type":"EntryPoint","urlTemplate":"https:\/\/www.wzdluzdrogi.pl\/?s={search_term_string}"},"query-input":{"@type":"PropertyValueSpecification","valueRequired":true,"valueName":"search_term_string"}}],"inLanguage":"pl-PL"},{"@type":"Person","@id":"https:\/\/www.wzdluzdrogi.pl\/#\/schema\/person\/74e57cccc529edf05c11ceaff979bf00","name":"Wzdluzdrogi","image":{"@type":"ImageObject","inLanguage":"pl-PL","@id":"https:\/\/www.wzdluzdrogi.pl\/#\/schema\/person\/image\/","url":"https:\/\/secure.gravatar.com\/avatar\/5338c7b0ffcf3c9b5c99db5ffd459d84?s=96&d=mm&r=g","contentUrl":"https:\/\/secure.gravatar.com\/avatar\/5338c7b0ffcf3c9b5c99db5ffd459d84?s=96&d=mm&r=g","caption":"Wzdluzdrogi"},"sameAs":["http:\/\/www.wzdluzdrogi.pl"],"url":"https:\/\/www.wzdluzdrogi.pl\/index.php\/author\/wzdluzdrogi\/"}]}},"_links":{"self":[{"href":"https:\/\/www.wzdluzdrogi.pl\/index.php\/wp-json\/wp\/v2\/posts\/4412","targetHints":{"allow":["GET"]}}],"collection":[{"href":"https:\/\/www.wzdluzdrogi.pl\/index.php\/wp-json\/wp\/v2\/posts"}],"about":[{"href":"https:\/\/www.wzdluzdrogi.pl\/index.php\/wp-json\/wp\/v2\/types\/post"}],"author":[{"embeddable":true,"href":"https:\/\/www.wzdluzdrogi.pl\/index.php\/wp-json\/wp\/v2\/users\/1"}],"replies":[{"embeddable":true,"href":"https:\/\/www.wzdluzdrogi.pl\/index.php\/wp-json\/wp\/v2\/comments?post=4412"}],"version-history":[{"count":1,"href":"https:\/\/www.wzdluzdrogi.pl\/index.php\/wp-json\/wp\/v2\/posts\/4412\/revisions"}],"predecessor-version":[{"id":4414,"href":"https:\/\/www.wzdluzdrogi.pl\/index.php\/wp-json\/wp\/v2\/posts\/4412\/revisions\/4414"}],"wp:featuredmedia":[{"embeddable":true,"href":"https:\/\/www.wzdluzdrogi.pl\/index.php\/wp-json\/wp\/v2\/media\/4413"}],"wp:attachment":[{"href":"https:\/\/www.wzdluzdrogi.pl\/index.php\/wp-json\/wp\/v2\/media?parent=4412"}],"wp:term":[{"taxonomy":"category","embeddable":true,"href":"https:\/\/www.wzdluzdrogi.pl\/index.php\/wp-json\/wp\/v2\/categories?post=4412"},{"taxonomy":"post_tag","embeddable":true,"href":"https:\/\/www.wzdluzdrogi.pl\/index.php\/wp-json\/wp\/v2\/tags?post=4412"}],"curies":[{"name":"wp","href":"https:\/\/api.w.org\/{rel}","templated":true}]}}