{"id":4436,"date":"2025-08-05T10:02:56","date_gmt":"2025-08-05T08:02:56","guid":{"rendered":"https:\/\/www.wzdluzdrogi.pl\/?p=4436"},"modified":"2025-08-05T13:26:44","modified_gmt":"2025-08-05T11:26:44","slug":"co-zobaczyc-w-dzielnicy-gracia-w-barcelonie","status":"publish","type":"post","link":"https:\/\/www.wzdluzdrogi.pl\/index.php\/2025\/08\/05\/co-zobaczyc-w-dzielnicy-gracia-w-barcelonie\/","title":{"rendered":"Co zobaczy\u0107 w dzielnicy Gr\u00e0cia w Barcelonie?"},"content":{"rendered":"\t\t<div data-elementor-type=\"wp-post\" data-elementor-id=\"4436\" class=\"elementor elementor-4436\">\n\t\t\t\t\t\t<section class=\"elementor-section elementor-top-section elementor-element elementor-element-48c1f037 elementor-section-boxed elementor-section-height-default elementor-section-height-default\" data-id=\"48c1f037\" data-element_type=\"section\" data-e-type=\"section\">\n\t\t\t\t\t\t<div class=\"elementor-container elementor-column-gap-default\">\n\t\t\t\t\t<div class=\"elementor-column elementor-col-100 elementor-top-column elementor-element elementor-element-1e397d99\" data-id=\"1e397d99\" data-element_type=\"column\" data-e-type=\"column\">\n\t\t\t<div class=\"elementor-widget-wrap elementor-element-populated\">\n\t\t\t\t\t\t<div class=\"elementor-element elementor-element-533fab2b elementor-widget elementor-widget-text-editor\" data-id=\"533fab2b\" data-element_type=\"widget\" data-e-type=\"widget\" data-widget_type=\"text-editor.default\">\n\t\t\t\t<div class=\"elementor-widget-container\">\n\t\t\t\t\t\t\t\t\t<p style=\"font-size: 15.9984px;\">Co zobaczy\u0107 w dzielnicy Gr\u00e0cia w Barcelonie?<\/p><p style=\"font-size: 15.9984px;\">Dzielnica Gr\u00e0cia to jedna z naszych najulubie\u0144szych dzielnicy Barcelony. To miejsce, w kt\u00f3rym mo\u017cna naprawd\u0119 poczu\u0107 miasto.\u00a0<\/p>\t\t\t\t\t\t\t\t<\/div>\n\t\t\t\t<\/div>\n\t\t\t\t\t<\/div>\n\t\t<\/div>\n\t\t\t\t\t<\/div>\n\t\t<\/section>\n\t\t\t\t<section class=\"elementor-section elementor-top-section elementor-element elementor-element-210b9ed elementor-section-full_width elementor-section-stretched elementor-section-height-default elementor-section-height-default elementor-invisible\" data-id=\"210b9ed\" data-element_type=\"section\" data-e-type=\"section\" data-settings=\"{&quot;stretch_section&quot;:&quot;section-stretched&quot;,&quot;background_background&quot;:&quot;classic&quot;,&quot;animation&quot;:&quot;fadeInLeft&quot;}\">\n\t\t\t\t\t\t<div class=\"elementor-container elementor-column-gap-default\">\n\t\t\t\t\t<div class=\"elementor-column elementor-col-50 elementor-top-column elementor-element elementor-element-34cd775\" data-id=\"34cd775\" data-element_type=\"column\" data-e-type=\"column\">\n\t\t\t<div class=\"elementor-widget-wrap elementor-element-populated\">\n\t\t\t\t\t\t<div class=\"elementor-element elementor-element-801d2f2 elementor-widget elementor-widget-image\" data-id=\"801d2f2\" data-element_type=\"widget\" data-e-type=\"widget\" data-widget_type=\"image.default\">\n\t\t\t\t<div class=\"elementor-widget-container\">\n\t\t\t\t\t\t\t\t\t\t\t\t\t\t\t<img fetchpriority=\"high\" decoding=\"async\" width=\"683\" height=\"1024\" src=\"https:\/\/www.wzdluzdrogi.pl\/wp-content\/uploads\/2025\/07\/MG_7967-683x1024.jpg\" class=\"attachment-large size-large wp-image-4438\" alt=\"barcelona, uliczki barcelony, dzielnica gracia, co warto zobaczyc\" srcset=\"https:\/\/www.wzdluzdrogi.pl\/wp-content\/uploads\/2025\/07\/MG_7967-683x1024.jpg 683w, https:\/\/www.wzdluzdrogi.pl\/wp-content\/uploads\/2025\/07\/MG_7967-200x300.jpg 200w, https:\/\/www.wzdluzdrogi.pl\/wp-content\/uploads\/2025\/07\/MG_7967-768x1152.jpg 768w, https:\/\/www.wzdluzdrogi.pl\/wp-content\/uploads\/2025\/07\/MG_7967-1024x1536.jpg 1024w, https:\/\/www.wzdluzdrogi.pl\/wp-content\/uploads\/2025\/07\/MG_7967-scaled.jpg 1067w\" sizes=\"(max-width: 683px) 100vw, 683px\" \/>\t\t\t\t\t\t\t\t\t\t\t\t\t\t\t<\/div>\n\t\t\t\t<\/div>\n\t\t\t\t\t<\/div>\n\t\t<\/div>\n\t\t\t\t<div class=\"elementor-column elementor-col-50 elementor-top-column elementor-element elementor-element-d84904d\" data-id=\"d84904d\" data-element_type=\"column\" data-e-type=\"column\">\n\t\t\t<div class=\"elementor-widget-wrap elementor-element-populated\">\n\t\t\t\t\t\t<div class=\"elementor-element elementor-element-6360167 elementor-widget elementor-widget-heading\" data-id=\"6360167\" data-element_type=\"widget\" data-e-type=\"widget\" data-widget_type=\"heading.default\">\n\t\t\t\t<div class=\"elementor-widget-container\">\n\t\t\t\t\t<div id=\"ez-toc-container\" class=\"ez-toc-v2_0_82_2 counter-hierarchy ez-toc-counter ez-toc-light-blue ez-toc-container-direction\">\n<p class=\"ez-toc-title\" style=\"cursor:inherit\">Spis tre\u015bci<\/p>\n<label for=\"ez-toc-cssicon-toggle-item-69f16c4ed1cc3\" class=\"ez-toc-cssicon-toggle-label\"><span class=\"\"><span class=\"eztoc-hide\" style=\"display:none;\">Toggle<\/span><span class=\"ez-toc-icon-toggle-span\"><svg style=\"fill: #999;color:#999\" xmlns=\"http:\/\/www.w3.org\/2000\/svg\" class=\"list-377408\" width=\"20px\" height=\"20px\" viewBox=\"0 0 24 24\" fill=\"none\"><path d=\"M6 6H4v2h2V6zm14 0H8v2h12V6zM4 11h2v2H4v-2zm16 0H8v2h12v-2zM4 16h2v2H4v-2zm16 0H8v2h12v-2z\" fill=\"currentColor\"><\/path><\/svg><svg style=\"fill: #999;color:#999\" class=\"arrow-unsorted-368013\" xmlns=\"http:\/\/www.w3.org\/2000\/svg\" width=\"10px\" height=\"10px\" viewBox=\"0 0 24 24\" version=\"1.2\" baseProfile=\"tiny\"><path d=\"M18.2 9.3l-6.2-6.3-6.2 6.3c-.2.2-.3.4-.3.7s.1.5.3.7c.2.2.4.3.7.3h11c.3 0 .5-.1.7-.3.2-.2.3-.5.3-.7s-.1-.5-.3-.7zM5.8 14.7l6.2 6.3 6.2-6.3c.2-.2.3-.5.3-.7s-.1-.5-.3-.7c-.2-.2-.4-.3-.7-.3h-11c-.3 0-.5.1-.7.3-.2.2-.3.5-.3.7s.1.5.3.7z\"\/><\/svg><\/span><\/span><\/label><input type=\"checkbox\"  id=\"ez-toc-cssicon-toggle-item-69f16c4ed1cc3\"  aria-label=\"Prze\u0142\u0105cznik\" \/><nav><ul class='ez-toc-list ez-toc-list-level-1 ' ><li class='ez-toc-page-1 ez-toc-heading-level-2'><a class=\"ez-toc-link ez-toc-heading-1\" href=\"https:\/\/www.wzdluzdrogi.pl\/index.php\/2025\/08\/05\/co-zobaczyc-w-dzielnicy-gracia-w-barcelonie\/#O_dzielnicy_Gracia\" >O dzielnicy Gracia<\/a><\/li><li class='ez-toc-page-1 ez-toc-heading-level-2'><a class=\"ez-toc-link ez-toc-heading-2\" href=\"https:\/\/www.wzdluzdrogi.pl\/index.php\/2025\/08\/05\/co-zobaczyc-w-dzielnicy-gracia-w-barcelonie\/#Travessera_de_Gracia\" >Travessera de Gr\u00e0cia<\/a><\/li><li class='ez-toc-page-1 ez-toc-heading-level-2'><a class=\"ez-toc-link ez-toc-heading-3\" href=\"https:\/\/www.wzdluzdrogi.pl\/index.php\/2025\/08\/05\/co-zobaczyc-w-dzielnicy-gracia-w-barcelonie\/#Ciekawostka_czym_jest_bolero\" >Ciekawostka: czym jest bolero?<\/a><\/li><li class='ez-toc-page-1 ez-toc-heading-level-2'><a class=\"ez-toc-link ez-toc-heading-4\" href=\"https:\/\/www.wzdluzdrogi.pl\/index.php\/2025\/08\/05\/co-zobaczyc-w-dzielnicy-gracia-w-barcelonie\/#Mercat_de_lAbaceria\" >Mercat de l\u2019Abaceria<\/a><\/li><li class='ez-toc-page-1 ez-toc-heading-level-2'><a class=\"ez-toc-link ez-toc-heading-5\" href=\"https:\/\/www.wzdluzdrogi.pl\/index.php\/2025\/08\/05\/co-zobaczyc-w-dzielnicy-gracia-w-barcelonie\/#Jardi_del_Silenci\" >Jard\u00ed del Silenci<\/a><\/li><li class='ez-toc-page-1 ez-toc-heading-level-2'><a class=\"ez-toc-link ez-toc-heading-6\" href=\"https:\/\/www.wzdluzdrogi.pl\/index.php\/2025\/08\/05\/co-zobaczyc-w-dzielnicy-gracia-w-barcelonie\/#Placa_de_la_Vila_de_Gracia\" >Pla\u00e7a de la Vila de Gr\u00e0cia<\/a><\/li><li class='ez-toc-page-1 ez-toc-heading-level-2'><a class=\"ez-toc-link ez-toc-heading-7\" href=\"https:\/\/www.wzdluzdrogi.pl\/index.php\/2025\/08\/05\/co-zobaczyc-w-dzielnicy-gracia-w-barcelonie\/#O_Fiestas_de_Gracia\" >O Fiestas de Gr\u00e0cia<\/a><\/li><li class='ez-toc-page-1 ez-toc-heading-level-2'><a class=\"ez-toc-link ez-toc-heading-8\" href=\"https:\/\/www.wzdluzdrogi.pl\/index.php\/2025\/08\/05\/co-zobaczyc-w-dzielnicy-gracia-w-barcelonie\/#Casa_Vicens\" >Casa Vicens<\/a><\/li><li class='ez-toc-page-1 ez-toc-heading-level-2'><a class=\"ez-toc-link ez-toc-heading-9\" href=\"https:\/\/www.wzdluzdrogi.pl\/index.php\/2025\/08\/05\/co-zobaczyc-w-dzielnicy-gracia-w-barcelonie\/#Park_Guell\" >Park G\u00fcell<\/a><\/li><li class='ez-toc-page-1 ez-toc-heading-level-2'><a class=\"ez-toc-link ez-toc-heading-10\" href=\"https:\/\/www.wzdluzdrogi.pl\/index.php\/2025\/08\/05\/co-zobaczyc-w-dzielnicy-gracia-w-barcelonie\/#Mercat_de_la_Llibertat\" >Mercat de la Llibertat<\/a><\/li><li class='ez-toc-page-1 ez-toc-heading-level-2'><a class=\"ez-toc-link ez-toc-heading-11\" href=\"https:\/\/www.wzdluzdrogi.pl\/index.php\/2025\/08\/05\/co-zobaczyc-w-dzielnicy-gracia-w-barcelonie\/#Placa_del_Diamant_i_Refugi_Antiaereo_del_Diamant\" >Pla\u00e7a del Diamant i Refugi Antia\u00e9reo del Diamant<\/a><\/li><li class='ez-toc-page-1 ez-toc-heading-level-2'><a class=\"ez-toc-link ez-toc-heading-12\" href=\"https:\/\/www.wzdluzdrogi.pl\/index.php\/2025\/08\/05\/co-zobaczyc-w-dzielnicy-gracia-w-barcelonie\/#Carrer_Verdi\" >Carrer Verdi<\/a><\/li><li class='ez-toc-page-1 ez-toc-heading-level-2'><a class=\"ez-toc-link ez-toc-heading-13\" href=\"https:\/\/www.wzdluzdrogi.pl\/index.php\/2025\/08\/05\/co-zobaczyc-w-dzielnicy-gracia-w-barcelonie\/#Placa_de_la_Virreina\" >Pla\u00e7a de la Virreina<\/a><\/li><\/ul><\/nav><\/div>\n<h2 class=\"elementor-heading-title elementor-size-default\"><span class=\"ez-toc-section\" id=\"O_dzielnicy_Gracia\"><\/span>O dzielnicy Gracia<span class=\"ez-toc-section-end\"><\/span><\/h2>\t\t\t\t<\/div>\n\t\t\t\t<\/div>\n\t\t\t\t<div class=\"elementor-element elementor-element-95afd25 elementor-widget elementor-widget-text-editor\" data-id=\"95afd25\" data-element_type=\"widget\" data-e-type=\"widget\" data-widget_type=\"text-editor.default\">\n\t\t\t\t<div class=\"elementor-widget-container\">\n\t\t\t\t\t\t\t\t\t<p data-start=\"298\" data-end=\"647\">Zanim Gr\u00e0cia sta\u0142a si\u0119 cz\u0119\u015bci\u0105 Barcelony, by\u0142a&#8230; osobnym miasteczkiem. Jeszcze w XIX wieku mia\u0142a w\u0142asny ratusz oraz \u015bwi\u0119ta. Kiedy w 1897 roku w\u0142\u0105czono j\u0105 do miasta, nie wszystkim si\u0119 to podoba\u0142o. Mieszka\u0144cy d\u0142ugo powtarzali z dum\u0105: <em data-start=\"552\" data-end=\"600\">\u201eNie jeste\u015bmy z Barcelony \u2013 jeste\u015bmy z Gr\u00e0cii\u201d<\/em>. I co\u015b z tej niezale\u017cno\u015bci zosta\u0142o tu do dzi\u015b.<\/p><p data-start=\"649\" data-end=\"1232\">Ale tym, co naprawd\u0119 nada\u0142o dzielnicy ten wyj\u0105tkowy klimat, by\u0142a jej kulturowa mieszanka. Od zawsze mieszkali tu ludzie z r\u00f3\u017cnych \u015brodowisk \u2013 arty\u015bci, robotnicze rodziny, aktywi\u015bci, intelektuali\u015bci&#8230; I w\u0142a\u015bnie tutaj, na ulicy Fraternitat, urodzi\u0142 si\u0119 El Pesca\u00edlla \u2013 legenda flamenco i jeden z tw\u00f3rc\u00f3w katalo\u0144skiej rumby. Jego muzyka mia\u0142a korzenie w lokalnej scenie romskiej i szybko zdoby\u0142a serca mieszka\u0144c\u00f3w. P\u00f3\u017aniej ten styl rozwijali inni arty\u015bci z Gr\u00e0cii, tacy jak Sabor de Gr\u00e0cia czy Moncho, zwany \u201ekr\u00f3lem bolera\u201d.<\/p>\t\t\t\t\t\t\t\t<\/div>\n\t\t\t\t<\/div>\n\t\t\t\t\t<\/div>\n\t\t<\/div>\n\t\t\t\t\t<\/div>\n\t\t<\/section>\n\t\t\t\t<section class=\"elementor-section elementor-top-section elementor-element elementor-element-f73945a elementor-section-boxed elementor-section-height-default elementor-section-height-default\" data-id=\"f73945a\" data-element_type=\"section\" data-e-type=\"section\">\n\t\t\t\t\t\t<div class=\"elementor-container elementor-column-gap-default\">\n\t\t\t\t\t<div class=\"elementor-column elementor-col-100 elementor-top-column elementor-element elementor-element-c9f5dc2\" data-id=\"c9f5dc2\" data-element_type=\"column\" data-e-type=\"column\">\n\t\t\t<div class=\"elementor-widget-wrap elementor-element-populated\">\n\t\t\t\t\t\t<div class=\"elementor-element elementor-element-6f3198a elementor-widget elementor-widget-heading\" data-id=\"6f3198a\" data-element_type=\"widget\" data-e-type=\"widget\" data-widget_type=\"heading.default\">\n\t\t\t\t<div class=\"elementor-widget-container\">\n\t\t\t\t\t<h2 class=\"elementor-heading-title elementor-size-default\"><span class=\"ez-toc-section\" id=\"Travessera_de_Gracia\"><\/span>Travessera de Gr\u00e0cia<span class=\"ez-toc-section-end\"><\/span><\/h2>\t\t\t\t<\/div>\n\t\t\t\t<\/div>\n\t\t\t\t<div class=\"elementor-element elementor-element-6c29539 elementor-widget elementor-widget-text-editor\" data-id=\"6c29539\" data-element_type=\"widget\" data-e-type=\"widget\" data-widget_type=\"text-editor.default\">\n\t\t\t\t<div class=\"elementor-widget-container\">\n\t\t\t\t\t\t\t\t\t<p>Lokalizacja: Travessera de Gr\u00e0cia<\/p>\t\t\t\t\t\t\t\t<\/div>\n\t\t\t\t<\/div>\n\t\t\t\t<div class=\"elementor-element elementor-element-4a61929 elementor-widget elementor-widget-text-editor\" data-id=\"4a61929\" data-element_type=\"widget\" data-e-type=\"widget\" data-widget_type=\"text-editor.default\">\n\t\t\t\t<div class=\"elementor-widget-container\">\n\t\t\t\t\t\t\t\t\t<p data-start=\"287\" data-end=\"782\">Na pierwszy rzut oka to po prostu d\u0142uga ulica przecinaj\u0105ca dzielnic\u0119. Ot, jedna z wielu. Ale Travessera de Gr\u00e0cia ma w sobie o wiele wi\u0119cej historii, ni\u017c mog\u0142oby si\u0119 wydawa\u0107. W sumie si\u0119ga jeszcze czas\u00f3w rzymskich \u2013 wtedy przebiega\u0142 t\u0119dy szlak handlowy, kt\u00f3ry przecina\u0142 wzg\u00f3rza i strumienie wok\u00f3\u0142 tego, co dzi\u015b nazywamy Barcelon\u0105. P\u00f3\u017aniej, w \u015bredniowieczu, pojawi\u0142a si\u0119 tu Via Francisca \u2013 droga, kt\u00f3r\u0105 podr\u00f3\u017cowali pielgrzymi i kupcy. I to w\u0142a\u015bnie wzd\u0142u\u017c niej Gr\u00e0cia zacz\u0119\u0142a powoli si\u0119 rozrasta\u0107.<\/p><p data-start=\"784\" data-end=\"1138\">Z czasem Travessera sta\u0142a si\u0119 jednym z g\u0142\u00f3wnych \u201ekr\u0119gos\u0142up\u00f3w\u201d dzielnicy \u2013 zaraz obok Carrer Gran de Gr\u00e0cia. Dzi\u015b znajdziesz tu troch\u0119 wszystkiego: od klimatycznych sklepik\u00f3w po wa\u017cniejsze punkty, jak np. Mercat de l\u2019Abaceria.<\/p>\t\t\t\t\t\t\t\t<\/div>\n\t\t\t\t<\/div>\n\t\t\t\t<div class=\"elementor-element elementor-element-651d031 elementor-widget elementor-widget-image\" data-id=\"651d031\" data-element_type=\"widget\" data-e-type=\"widget\" data-widget_type=\"image.default\">\n\t\t\t\t<div class=\"elementor-widget-container\">\n\t\t\t\t\t\t\t\t\t\t\t\t<figure class=\"wp-caption\">\n\t\t\t\t\t\t\t\t\t\t<img decoding=\"async\" width=\"1024\" height=\"768\" data-src=\"https:\/\/www.wzdluzdrogi.pl\/wp-content\/uploads\/2025\/07\/Fonttrav3-1024x768.jpg\" class=\"attachment-large size-large wp-image-4466 lazyload\" alt=\"\" data-srcset=\"https:\/\/www.wzdluzdrogi.pl\/wp-content\/uploads\/2025\/07\/Fonttrav3-1024x768.jpg 1024w, https:\/\/www.wzdluzdrogi.pl\/wp-content\/uploads\/2025\/07\/Fonttrav3-300x225.jpg 300w, https:\/\/www.wzdluzdrogi.pl\/wp-content\/uploads\/2025\/07\/Fonttrav3-768x576.jpg 768w, https:\/\/www.wzdluzdrogi.pl\/wp-content\/uploads\/2025\/07\/Fonttrav3-1536x1152.jpg 1536w, https:\/\/www.wzdluzdrogi.pl\/wp-content\/uploads\/2025\/07\/Fonttrav3-2048x1536.jpg 2048w, https:\/\/www.wzdluzdrogi.pl\/wp-content\/uploads\/2025\/07\/Fonttrav3-scaled.jpg 1600w\" data-sizes=\"(max-width: 1024px) 100vw, 1024px\" src=\"data:image\/svg+xml;base64,PHN2ZyB3aWR0aD0iMSIgaGVpZ2h0PSIxIiB4bWxucz0iaHR0cDovL3d3dy53My5vcmcvMjAwMC9zdmciPjwvc3ZnPg==\" style=\"--smush-placeholder-width: 1024px; --smush-placeholder-aspect-ratio: 1024\/768;\" \/>\t\t\t\t\t\t\t\t\t\t\t<figcaption class=\"widget-image-caption wp-caption-text\">https:\/\/en.wikipedia.org\/wiki\/Travessera_de_Gr%C3%A0cia#\/media\/File:Fonttrav3.jpg<\/figcaption>\n\t\t\t\t\t\t\t\t\t\t<\/figure>\n\t\t\t\t\t\t\t\t\t<\/div>\n\t\t\t\t<\/div>\n\t\t\t\t\t<\/div>\n\t\t<\/div>\n\t\t\t\t\t<\/div>\n\t\t<\/section>\n\t\t\t\t<section class=\"elementor-section elementor-top-section elementor-element elementor-element-5253a5e7 elementor-section-full_width elementor-section-stretched elementor-section-height-default elementor-section-height-default elementor-invisible\" data-id=\"5253a5e7\" data-element_type=\"section\" data-e-type=\"section\" data-settings=\"{&quot;stretch_section&quot;:&quot;section-stretched&quot;,&quot;background_background&quot;:&quot;classic&quot;,&quot;animation&quot;:&quot;fadeInLeft&quot;}\">\n\t\t\t\t\t\t<div class=\"elementor-container elementor-column-gap-default\">\n\t\t\t\t\t<div class=\"elementor-column elementor-col-50 elementor-top-column elementor-element elementor-element-1bd95f50\" data-id=\"1bd95f50\" data-element_type=\"column\" data-e-type=\"column\">\n\t\t\t<div class=\"elementor-widget-wrap elementor-element-populated\">\n\t\t\t\t\t\t<div class=\"elementor-element elementor-element-2049ad96 elementor-widget elementor-widget-heading\" data-id=\"2049ad96\" data-element_type=\"widget\" data-e-type=\"widget\" data-widget_type=\"heading.default\">\n\t\t\t\t<div class=\"elementor-widget-container\">\n\t\t\t\t\t<h2 class=\"elementor-heading-title elementor-size-default\"><span class=\"ez-toc-section\" id=\"Ciekawostka_czym_jest_bolero\"><\/span>Ciekawostka: czym jest bolero?<span class=\"ez-toc-section-end\"><\/span><\/h2>\t\t\t\t<\/div>\n\t\t\t\t<\/div>\n\t\t\t\t<div class=\"elementor-element elementor-element-53a39dbb elementor-widget elementor-widget-text-editor\" data-id=\"53a39dbb\" data-element_type=\"widget\" data-e-type=\"widget\" data-widget_type=\"text-editor.default\">\n\t\t\t\t<div class=\"elementor-widget-container\">\n\t\t\t\t\t\t\t\t\t<p>Bolero to romantyczny gatunek muzyczny pochodz\u0105cy z Kuby, kt\u00f3ry z czasem zdoby\u0142 ogromn\u0105 popularno\u015b\u0107 w Hiszpanii i Ameryce \u0141aci\u0144skiej. To muzyka pe\u0142na emocji \u2013 wolna, nastrojowa, idealna do \u015bpiewania o mi\u0142o\u015bci, t\u0119sknocie i sercowych rozterkach. W Katalonii bolero zyska\u0142o swoj\u0105 wyj\u0105tkow\u0105 interpretacj\u0119 \u2013 pe\u0142n\u0105 elegancji i lokalnego kolorytu.<\/p>\t\t\t\t\t\t\t\t<\/div>\n\t\t\t\t<\/div>\n\t\t\t\t\t<\/div>\n\t\t<\/div>\n\t\t\t\t<div class=\"elementor-column elementor-col-50 elementor-top-column elementor-element elementor-element-e9d4889\" data-id=\"e9d4889\" data-element_type=\"column\" data-e-type=\"column\">\n\t\t\t<div class=\"elementor-widget-wrap elementor-element-populated\">\n\t\t\t\t\t\t<div class=\"elementor-element elementor-element-71e001ee elementor-widget elementor-widget-image\" data-id=\"71e001ee\" data-element_type=\"widget\" data-e-type=\"widget\" data-widget_type=\"image.default\">\n\t\t\t\t<div class=\"elementor-widget-container\">\n\t\t\t\t\t\t\t\t\t\t\t\t\t\t\t<img decoding=\"async\" width=\"683\" height=\"1024\" data-src=\"https:\/\/www.wzdluzdrogi.pl\/wp-content\/uploads\/2025\/07\/MG_7996-683x1024.jpg\" class=\"attachment-large size-large wp-image-4441 lazyload\" alt=\"\" data-srcset=\"https:\/\/www.wzdluzdrogi.pl\/wp-content\/uploads\/2025\/07\/MG_7996-683x1024.jpg 683w, https:\/\/www.wzdluzdrogi.pl\/wp-content\/uploads\/2025\/07\/MG_7996-200x300.jpg 200w, https:\/\/www.wzdluzdrogi.pl\/wp-content\/uploads\/2025\/07\/MG_7996-768x1152.jpg 768w, https:\/\/www.wzdluzdrogi.pl\/wp-content\/uploads\/2025\/07\/MG_7996-1024x1536.jpg 1024w, https:\/\/www.wzdluzdrogi.pl\/wp-content\/uploads\/2025\/07\/MG_7996-scaled.jpg 1067w\" data-sizes=\"(max-width: 683px) 100vw, 683px\" src=\"data:image\/svg+xml;base64,PHN2ZyB3aWR0aD0iMSIgaGVpZ2h0PSIxIiB4bWxucz0iaHR0cDovL3d3dy53My5vcmcvMjAwMC9zdmciPjwvc3ZnPg==\" style=\"--smush-placeholder-width: 683px; --smush-placeholder-aspect-ratio: 683\/1024;\" \/>\t\t\t\t\t\t\t\t\t\t\t\t\t\t\t<\/div>\n\t\t\t\t<\/div>\n\t\t\t\t\t<\/div>\n\t\t<\/div>\n\t\t\t\t\t<\/div>\n\t\t<\/section>\n\t\t\t\t<section class=\"elementor-section elementor-top-section elementor-element elementor-element-563f1380 elementor-section-boxed elementor-section-height-default elementor-section-height-default\" data-id=\"563f1380\" data-element_type=\"section\" data-e-type=\"section\">\n\t\t\t\t\t\t<div class=\"elementor-container elementor-column-gap-default\">\n\t\t\t\t\t<div class=\"elementor-column elementor-col-100 elementor-top-column elementor-element elementor-element-9842b11\" data-id=\"9842b11\" data-element_type=\"column\" data-e-type=\"column\">\n\t\t\t<div class=\"elementor-widget-wrap elementor-element-populated\">\n\t\t\t\t\t\t<div class=\"elementor-element elementor-element-4da75dcb elementor-widget elementor-widget-heading\" data-id=\"4da75dcb\" data-element_type=\"widget\" data-e-type=\"widget\" data-widget_type=\"heading.default\">\n\t\t\t\t<div class=\"elementor-widget-container\">\n\t\t\t\t\t<h2 class=\"elementor-heading-title elementor-size-default\"><span class=\"ez-toc-section\" id=\"Mercat_de_lAbaceria\"><\/span>Mercat de l\u2019Abaceria<span class=\"ez-toc-section-end\"><\/span><\/h2>\t\t\t\t<\/div>\n\t\t\t\t<\/div>\n\t\t\t\t<div class=\"elementor-element elementor-element-b016818 elementor-widget elementor-widget-text-editor\" data-id=\"b016818\" data-element_type=\"widget\" data-e-type=\"widget\" data-widget_type=\"text-editor.default\">\n\t\t\t\t<div class=\"elementor-widget-container\">\n\t\t\t\t\t\t\t\t\t<p>Lokalizacja: Pg. de St. Joan, 168, Gr\u00e0cia<\/p>\t\t\t\t\t\t\t\t<\/div>\n\t\t\t\t<\/div>\n\t\t\t\t<div class=\"elementor-element elementor-element-751e33d3 elementor-widget elementor-widget-text-editor\" data-id=\"751e33d3\" data-element_type=\"widget\" data-e-type=\"widget\" data-widget_type=\"text-editor.default\">\n\t\t\t\t<div class=\"elementor-widget-container\">\n\t\t\t\t\t\t\t\t\t<p>Troch\u0119 mniej znany ni\u017c Mercat de la Llibertat, ale r\u00f3wnie klimatyczny. Sporo starszych sprzedawc\u00f3w, kt\u00f3rzy znaj\u0105 swoich klient\u00f3w z imienia i od lat sprzedaj\u0105 tu to samo.W powietrzu serio czu\u0107 zapach \u015bwie\u017cego chleba, dojrzewaj\u0105cych ser\u00f3w i innych pyszno\u015bci. Warto tu zajrze\u0107, je\u015bli lubisz miejsca, kt\u00f3re nie wygl\u0105daj\u0105 jak turystyczna poczt\u00f3wka, tylko maj\u0105 swoj\u0105 histori\u0119 i dusz\u0119.<\/p>\t\t\t\t\t\t\t\t<\/div>\n\t\t\t\t<\/div>\n\t\t\t\t\t<\/div>\n\t\t<\/div>\n\t\t\t\t\t<\/div>\n\t\t<\/section>\n\t\t\t\t<section class=\"elementor-section elementor-top-section elementor-element elementor-element-a7f4a0f elementor-section-boxed elementor-section-height-default elementor-section-height-default\" data-id=\"a7f4a0f\" data-element_type=\"section\" data-e-type=\"section\">\n\t\t\t\t\t\t<div class=\"elementor-container elementor-column-gap-default\">\n\t\t\t\t\t<div class=\"elementor-column elementor-col-100 elementor-top-column elementor-element elementor-element-5a762d0\" data-id=\"5a762d0\" data-element_type=\"column\" data-e-type=\"column\">\n\t\t\t<div class=\"elementor-widget-wrap elementor-element-populated\">\n\t\t\t\t\t\t<div class=\"elementor-element elementor-element-a8f68ea elementor-widget elementor-widget-heading\" data-id=\"a8f68ea\" data-element_type=\"widget\" data-e-type=\"widget\" data-widget_type=\"heading.default\">\n\t\t\t\t<div class=\"elementor-widget-container\">\n\t\t\t\t\t<h2 class=\"elementor-heading-title elementor-size-default\"><span class=\"ez-toc-section\" id=\"Jardi_del_Silenci\"><\/span>Jard\u00ed del Silenci <span class=\"ez-toc-section-end\"><\/span><\/h2>\t\t\t\t<\/div>\n\t\t\t\t<\/div>\n\t\t\t\t<div class=\"elementor-element elementor-element-7b52771 elementor-widget elementor-widget-text-editor\" data-id=\"7b52771\" data-element_type=\"widget\" data-e-type=\"widget\" data-widget_type=\"text-editor.default\">\n\t\t\t\t<div class=\"elementor-widget-container\">\n\t\t\t\t\t\t\t\t\t<p>Lokalizacja: Carrer de l&#8217;Encarnaci\u00f3, 62<\/p>\t\t\t\t\t\t\t\t<\/div>\n\t\t\t\t<\/div>\n\t\t\t\t<div class=\"elementor-element elementor-element-0f4353b elementor-widget elementor-widget-text-editor\" data-id=\"0f4353b\" data-element_type=\"widget\" data-e-type=\"widget\" data-widget_type=\"text-editor.default\">\n\t\t\t\t<div class=\"elementor-widget-container\">\n\t\t\t\t\t\t\t\t\t<p>Ten uroczy, cichy ogr\u00f3d nie zawsze by\u0142 takim spokojnym miejscem. Kiedy\u015b sta\u0142 tu klasztor, kt\u00f3ry z czasem sprzedano deweloperowi z planem budowy&#8230; podziemnego parkingu. Ale mieszka\u0144cy Gr\u00e0cii powiedzieli \u201enie\u201d. Zebrali ponad 7 tysi\u0119cy podpis\u00f3w, przekonali w\u0142adze miasta, \u017ceby odkupi\u0142y teren \u2013 i zamienili go w co\u015b zupe\u0142nie wyj\u0105tkowego. Dzi\u015b Jard\u00ed del Silenci (czyli Ogr\u00f3d Ciszy) to zielona przestrze\u0144 stworzona przez s\u0105siad\u00f3w: s\u0105 tu organizowane warsztaty i wystawy. Bardzo fajne i ciekawe miejsce.<\/p>\t\t\t\t\t\t\t\t<\/div>\n\t\t\t\t<\/div>\n\t\t\t\t<div class=\"elementor-element elementor-element-dd187d1 elementor-widget elementor-widget-image\" data-id=\"dd187d1\" data-element_type=\"widget\" data-e-type=\"widget\" data-widget_type=\"image.default\">\n\t\t\t\t<div class=\"elementor-widget-container\">\n\t\t\t\t\t\t\t\t\t\t\t\t<figure class=\"wp-caption\">\n\t\t\t\t\t\t\t\t\t\t<img decoding=\"async\" width=\"525\" height=\"389\" data-src=\"https:\/\/www.wzdluzdrogi.pl\/wp-content\/uploads\/2025\/07\/Jardi-del-silenci-6-525x389-1.jpg\" class=\"attachment-large size-large wp-image-4472 lazyload\" alt=\"\" data-srcset=\"https:\/\/www.wzdluzdrogi.pl\/wp-content\/uploads\/2025\/07\/Jardi-del-silenci-6-525x389-1.jpg 525w, https:\/\/www.wzdluzdrogi.pl\/wp-content\/uploads\/2025\/07\/Jardi-del-silenci-6-525x389-1-300x222.jpg 300w\" data-sizes=\"(max-width: 525px) 100vw, 525px\" src=\"data:image\/svg+xml;base64,PHN2ZyB3aWR0aD0iMSIgaGVpZ2h0PSIxIiB4bWxucz0iaHR0cDovL3d3dy53My5vcmcvMjAwMC9zdmciPjwvc3ZnPg==\" style=\"--smush-placeholder-width: 525px; --smush-placeholder-aspect-ratio: 525\/389;\" \/>\t\t\t\t\t\t\t\t\t\t\t<figcaption class=\"widget-image-caption wp-caption-text\">https:\/\/www.labellesa.cat\/el-jardi-del-silenci\/<\/figcaption>\n\t\t\t\t\t\t\t\t\t\t<\/figure>\n\t\t\t\t\t\t\t\t\t<\/div>\n\t\t\t\t<\/div>\n\t\t\t\t\t<\/div>\n\t\t<\/div>\n\t\t\t\t\t<\/div>\n\t\t<\/section>\n\t\t\t\t<section class=\"elementor-section elementor-top-section elementor-element elementor-element-8612af7 elementor-section-boxed elementor-section-height-default elementor-section-height-default\" data-id=\"8612af7\" data-element_type=\"section\" data-e-type=\"section\">\n\t\t\t\t\t\t<div class=\"elementor-container elementor-column-gap-default\">\n\t\t\t\t\t<div class=\"elementor-column elementor-col-100 elementor-top-column elementor-element elementor-element-2738052\" data-id=\"2738052\" data-element_type=\"column\" data-e-type=\"column\">\n\t\t\t<div class=\"elementor-widget-wrap elementor-element-populated\">\n\t\t\t\t\t\t<div class=\"elementor-element elementor-element-121e1b6 elementor-widget elementor-widget-heading\" data-id=\"121e1b6\" data-element_type=\"widget\" data-e-type=\"widget\" data-widget_type=\"heading.default\">\n\t\t\t\t<div class=\"elementor-widget-container\">\n\t\t\t\t\t<h2 class=\"elementor-heading-title elementor-size-default\"><span class=\"ez-toc-section\" id=\"Placa_de_la_Vila_de_Gracia\"><\/span>Pla\u00e7a de la Vila de Gr\u00e0cia<span class=\"ez-toc-section-end\"><\/span><\/h2>\t\t\t\t<\/div>\n\t\t\t\t<\/div>\n\t\t\t\t<div class=\"elementor-element elementor-element-b0a6910 elementor-widget elementor-widget-text-editor\" data-id=\"b0a6910\" data-element_type=\"widget\" data-e-type=\"widget\" data-widget_type=\"text-editor.default\">\n\t\t\t\t<div class=\"elementor-widget-container\">\n\t\t\t\t\t\t\t\t\t<p>Lokalizacja: Pla\u00e7a de la Vila de Gr\u00e0cia<\/p>\t\t\t\t\t\t\t\t<\/div>\n\t\t\t\t<\/div>\n\t\t\t\t<div class=\"elementor-element elementor-element-a0b6fa0 elementor-widget elementor-widget-text-editor\" data-id=\"a0b6fa0\" data-element_type=\"widget\" data-e-type=\"widget\" data-widget_type=\"text-editor.default\">\n\t\t\t\t<div class=\"elementor-widget-container\">\n\t\t\t\t\t\t\t\t\t<p data-start=\"1289\" data-end=\"1597\">To nie tylko jeden z najbardziej charakterystycznych plac\u00f3w w ca\u0142ej Gr\u00e0cii, ale te\u017c wa\u017cne miejsce dla lokalnej kultury i tradycji. W centrum stoi ikoniczna wie\u017ca zegarowa, a wok\u00f3\u0142 niej kawiarnie, restauracje i kamienice z balkonami, z kt\u00f3rych w sierpniu rozci\u0105ga si\u0119 kolorowa dekoracja na Festa Major.<\/p><p data-start=\"1599\" data-end=\"1955\">Od XIX wieku to w\u0142a\u015bnie tu odbywa\u0142y si\u0119 najwa\u017cniejsze dzielnicowe uroczysto\u015bci. W czasie sierpniowego \u015bwi\u0119ta rozstawiano wielki namiot taneczny, wok\u00f3\u0142 kt\u00f3rego ta\u0144czyli mieszka\u0144cy. Dzi\u015b plac \u017cyje dalej \u2013 m.in. pokazami <em data-start=\"1817\" data-end=\"1829\">castellers<\/em>, czyli ludzkich wie\u017c. W sumie odbywaj\u0105 si\u0119 tu przynajmniej dwa razy do roku: w listopadzie i w\u0142a\u015bnie podczas letniego \u015bwi\u0119ta.<\/p>\t\t\t\t\t\t\t\t<\/div>\n\t\t\t\t<\/div>\n\t\t\t\t<div class=\"elementor-element elementor-element-6d8b3c5 elementor-widget elementor-widget-image\" data-id=\"6d8b3c5\" data-element_type=\"widget\" data-e-type=\"widget\" data-widget_type=\"image.default\">\n\t\t\t\t<div class=\"elementor-widget-container\">\n\t\t\t\t\t\t\t\t\t\t\t\t<figure class=\"wp-caption\">\n\t\t\t\t\t\t\t\t\t\t<img decoding=\"async\" width=\"760\" height=\"428\" data-src=\"https:\/\/www.wzdluzdrogi.pl\/wp-content\/uploads\/2025\/07\/201505PlaA7a-de-la-Vila-de-GrA0cia-web-760x428-1.jpg\" class=\"attachment-large size-large wp-image-4473 lazyload\" alt=\"\" data-srcset=\"https:\/\/www.wzdluzdrogi.pl\/wp-content\/uploads\/2025\/07\/201505PlaA7a-de-la-Vila-de-GrA0cia-web-760x428-1.jpg 760w, https:\/\/www.wzdluzdrogi.pl\/wp-content\/uploads\/2025\/07\/201505PlaA7a-de-la-Vila-de-GrA0cia-web-760x428-1-300x169.jpg 300w\" data-sizes=\"(max-width: 760px) 100vw, 760px\" src=\"data:image\/svg+xml;base64,PHN2ZyB3aWR0aD0iMSIgaGVpZ2h0PSIxIiB4bWxucz0iaHR0cDovL3d3dy53My5vcmcvMjAwMC9zdmciPjwvc3ZnPg==\" style=\"--smush-placeholder-width: 760px; --smush-placeholder-aspect-ratio: 760\/428;\" \/>\t\t\t\t\t\t\t\t\t\t\t<figcaption class=\"widget-image-caption wp-caption-text\">https:\/\/www.meet.barcelona\/en\/visit-and-love-it\/points-interest-city\/la-placa-de-la-vila-de-gracia-99400387399<\/figcaption>\n\t\t\t\t\t\t\t\t\t\t<\/figure>\n\t\t\t\t\t\t\t\t\t<\/div>\n\t\t\t\t<\/div>\n\t\t\t\t\t<\/div>\n\t\t<\/div>\n\t\t\t\t\t<\/div>\n\t\t<\/section>\n\t\t\t\t<section class=\"elementor-section elementor-top-section elementor-element elementor-element-6d00854 elementor-section-full_width elementor-section-stretched elementor-section-height-default elementor-section-height-default elementor-invisible\" data-id=\"6d00854\" data-element_type=\"section\" data-e-type=\"section\" data-settings=\"{&quot;stretch_section&quot;:&quot;section-stretched&quot;,&quot;background_background&quot;:&quot;classic&quot;,&quot;animation&quot;:&quot;fadeInLeft&quot;}\">\n\t\t\t\t\t\t<div class=\"elementor-container elementor-column-gap-default\">\n\t\t\t\t\t<div class=\"elementor-column elementor-col-50 elementor-top-column elementor-element elementor-element-657cea4\" data-id=\"657cea4\" data-element_type=\"column\" data-e-type=\"column\">\n\t\t\t<div class=\"elementor-widget-wrap elementor-element-populated\">\n\t\t\t\t\t\t<div class=\"elementor-element elementor-element-15ab6e3 elementor-widget elementor-widget-image\" data-id=\"15ab6e3\" data-element_type=\"widget\" data-e-type=\"widget\" data-widget_type=\"image.default\">\n\t\t\t\t<div class=\"elementor-widget-container\">\n\t\t\t\t\t\t\t\t\t\t\t\t\t\t\t<img decoding=\"async\" width=\"683\" height=\"1024\" data-src=\"https:\/\/www.wzdluzdrogi.pl\/wp-content\/uploads\/2025\/07\/MG_9980-683x1024.jpg\" class=\"attachment-large size-large wp-image-4467 lazyload\" alt=\"castillos barcelona\" data-srcset=\"https:\/\/www.wzdluzdrogi.pl\/wp-content\/uploads\/2025\/07\/MG_9980-683x1024.jpg 683w, https:\/\/www.wzdluzdrogi.pl\/wp-content\/uploads\/2025\/07\/MG_9980-200x300.jpg 200w, https:\/\/www.wzdluzdrogi.pl\/wp-content\/uploads\/2025\/07\/MG_9980-768x1152.jpg 768w, https:\/\/www.wzdluzdrogi.pl\/wp-content\/uploads\/2025\/07\/MG_9980-1024x1536.jpg 1024w, https:\/\/www.wzdluzdrogi.pl\/wp-content\/uploads\/2025\/07\/MG_9980-1365x2048.jpg 1365w, https:\/\/www.wzdluzdrogi.pl\/wp-content\/uploads\/2025\/07\/MG_9980-scaled.jpg 1066w\" data-sizes=\"(max-width: 683px) 100vw, 683px\" src=\"data:image\/svg+xml;base64,PHN2ZyB3aWR0aD0iMSIgaGVpZ2h0PSIxIiB4bWxucz0iaHR0cDovL3d3dy53My5vcmcvMjAwMC9zdmciPjwvc3ZnPg==\" style=\"--smush-placeholder-width: 683px; --smush-placeholder-aspect-ratio: 683\/1024;\" \/>\t\t\t\t\t\t\t\t\t\t\t\t\t\t\t<\/div>\n\t\t\t\t<\/div>\n\t\t\t\t\t<\/div>\n\t\t<\/div>\n\t\t\t\t<div class=\"elementor-column elementor-col-50 elementor-top-column elementor-element elementor-element-1e9a04d\" data-id=\"1e9a04d\" data-element_type=\"column\" data-e-type=\"column\">\n\t\t\t<div class=\"elementor-widget-wrap elementor-element-populated\">\n\t\t\t\t\t\t<div class=\"elementor-element elementor-element-17fa8c3 elementor-widget elementor-widget-heading\" data-id=\"17fa8c3\" data-element_type=\"widget\" data-e-type=\"widget\" data-widget_type=\"heading.default\">\n\t\t\t\t<div class=\"elementor-widget-container\">\n\t\t\t\t\t<h2 class=\"elementor-heading-title elementor-size-default\"><span class=\"ez-toc-section\" id=\"O_Fiestas_de_Gracia\"><\/span>O Fiestas de Gr\u00e0cia <span class=\"ez-toc-section-end\"><\/span><\/h2>\t\t\t\t<\/div>\n\t\t\t\t<\/div>\n\t\t\t\t<div class=\"elementor-element elementor-element-3406127 elementor-widget elementor-widget-text-editor\" data-id=\"3406127\" data-element_type=\"widget\" data-e-type=\"widget\" data-widget_type=\"text-editor.default\">\n\t\t\t\t<div class=\"elementor-widget-container\">\n\t\t\t\t\t\t\t\t\t<p data-start=\"298\" data-end=\"647\">Je\u015bli masz szcz\u0119\u015bcie by\u0107 w Barcelonie w po\u0142owie sierpnia, koniecznie odwied\u017a Gr\u00e0ci\u0119 podczas jej najs\u0142ynniejszego \u015bwi\u0119ta. Ulice dekorowane s\u0105 przez mieszka\u0144c\u00f3w \u2013 ka\u017cda w innym stylu, z ogromnym zaanga\u017cowaniem i nut\u0105 rywalizacji. S\u0105 koncerty, ta\u0144ce, jedzenie i klimat, kt\u00f3ry trudno opisa\u0107 \u2013 to trzeba zobaczy\u0107.<\/p>\t\t\t\t\t\t\t\t<\/div>\n\t\t\t\t<\/div>\n\t\t\t\t\t<\/div>\n\t\t<\/div>\n\t\t\t\t\t<\/div>\n\t\t<\/section>\n\t\t\t\t<section class=\"elementor-section elementor-top-section elementor-element elementor-element-29f486c elementor-section-boxed elementor-section-height-default elementor-section-height-default\" data-id=\"29f486c\" data-element_type=\"section\" data-e-type=\"section\">\n\t\t\t\t\t\t<div class=\"elementor-container elementor-column-gap-default\">\n\t\t\t\t\t<div class=\"elementor-column elementor-col-50 elementor-top-column elementor-element elementor-element-9cb175f\" data-id=\"9cb175f\" data-element_type=\"column\" data-e-type=\"column\">\n\t\t\t<div class=\"elementor-widget-wrap elementor-element-populated\">\n\t\t\t\t\t\t<div class=\"elementor-element elementor-element-b2aaa29 elementor-widget elementor-widget-image\" data-id=\"b2aaa29\" data-element_type=\"widget\" data-e-type=\"widget\" data-widget_type=\"image.default\">\n\t\t\t\t<div class=\"elementor-widget-container\">\n\t\t\t\t\t\t\t\t\t\t\t\t\t\t\t<img decoding=\"async\" width=\"683\" height=\"1024\" data-src=\"https:\/\/www.wzdluzdrogi.pl\/wp-content\/uploads\/2025\/07\/MG_7970-683x1024.jpg\" class=\"attachment-large size-large wp-image-4439 lazyload\" alt=\"barcelona, uliczki barcelony, dzielnica gracia, co warto zobaczyc\" data-srcset=\"https:\/\/www.wzdluzdrogi.pl\/wp-content\/uploads\/2025\/07\/MG_7970-683x1024.jpg 683w, https:\/\/www.wzdluzdrogi.pl\/wp-content\/uploads\/2025\/07\/MG_7970-200x300.jpg 200w, https:\/\/www.wzdluzdrogi.pl\/wp-content\/uploads\/2025\/07\/MG_7970-768x1152.jpg 768w, https:\/\/www.wzdluzdrogi.pl\/wp-content\/uploads\/2025\/07\/MG_7970-1024x1536.jpg 1024w, https:\/\/www.wzdluzdrogi.pl\/wp-content\/uploads\/2025\/07\/MG_7970-scaled.jpg 1067w\" data-sizes=\"(max-width: 683px) 100vw, 683px\" src=\"data:image\/svg+xml;base64,PHN2ZyB3aWR0aD0iMSIgaGVpZ2h0PSIxIiB4bWxucz0iaHR0cDovL3d3dy53My5vcmcvMjAwMC9zdmciPjwvc3ZnPg==\" style=\"--smush-placeholder-width: 683px; --smush-placeholder-aspect-ratio: 683\/1024;\" \/>\t\t\t\t\t\t\t\t\t\t\t\t\t\t\t<\/div>\n\t\t\t\t<\/div>\n\t\t\t\t\t<\/div>\n\t\t<\/div>\n\t\t\t\t<div class=\"elementor-column elementor-col-50 elementor-top-column elementor-element elementor-element-ec541b3\" data-id=\"ec541b3\" data-element_type=\"column\" data-e-type=\"column\">\n\t\t\t<div class=\"elementor-widget-wrap elementor-element-populated\">\n\t\t\t\t\t\t<div class=\"elementor-element elementor-element-59cf0ba elementor-widget elementor-widget-image\" data-id=\"59cf0ba\" data-element_type=\"widget\" data-e-type=\"widget\" data-widget_type=\"image.default\">\n\t\t\t\t<div class=\"elementor-widget-container\">\n\t\t\t\t\t\t\t\t\t\t\t\t\t\t\t<img decoding=\"async\" width=\"683\" height=\"1024\" data-src=\"https:\/\/www.wzdluzdrogi.pl\/wp-content\/uploads\/2025\/07\/MG_7977-683x1024.jpg\" class=\"attachment-large size-large wp-image-4440 lazyload\" alt=\"dzielnica gracia, co warto zobaczyc w barcelonie\" data-srcset=\"https:\/\/www.wzdluzdrogi.pl\/wp-content\/uploads\/2025\/07\/MG_7977-683x1024.jpg 683w, https:\/\/www.wzdluzdrogi.pl\/wp-content\/uploads\/2025\/07\/MG_7977-200x300.jpg 200w, https:\/\/www.wzdluzdrogi.pl\/wp-content\/uploads\/2025\/07\/MG_7977-768x1152.jpg 768w, https:\/\/www.wzdluzdrogi.pl\/wp-content\/uploads\/2025\/07\/MG_7977-1024x1536.jpg 1024w, https:\/\/www.wzdluzdrogi.pl\/wp-content\/uploads\/2025\/07\/MG_7977-scaled.jpg 1067w\" data-sizes=\"(max-width: 683px) 100vw, 683px\" src=\"data:image\/svg+xml;base64,PHN2ZyB3aWR0aD0iMSIgaGVpZ2h0PSIxIiB4bWxucz0iaHR0cDovL3d3dy53My5vcmcvMjAwMC9zdmciPjwvc3ZnPg==\" style=\"--smush-placeholder-width: 683px; --smush-placeholder-aspect-ratio: 683\/1024;\" \/>\t\t\t\t\t\t\t\t\t\t\t\t\t\t\t<\/div>\n\t\t\t\t<\/div>\n\t\t\t\t\t<\/div>\n\t\t<\/div>\n\t\t\t\t\t<\/div>\n\t\t<\/section>\n\t\t\t\t<section class=\"elementor-section elementor-top-section elementor-element elementor-element-92e0242 elementor-section-boxed elementor-section-height-default elementor-section-height-default\" data-id=\"92e0242\" data-element_type=\"section\" data-e-type=\"section\">\n\t\t\t\t\t\t<div class=\"elementor-container elementor-column-gap-default\">\n\t\t\t\t\t<div class=\"elementor-column elementor-col-100 elementor-top-column elementor-element elementor-element-71abf0e\" data-id=\"71abf0e\" data-element_type=\"column\" data-e-type=\"column\">\n\t\t\t<div class=\"elementor-widget-wrap elementor-element-populated\">\n\t\t\t\t\t\t<div class=\"elementor-element elementor-element-bc085eb elementor-widget elementor-widget-heading\" data-id=\"bc085eb\" data-element_type=\"widget\" data-e-type=\"widget\" data-widget_type=\"heading.default\">\n\t\t\t\t<div class=\"elementor-widget-container\">\n\t\t\t\t\t<h2 class=\"elementor-heading-title elementor-size-default\"><span class=\"ez-toc-section\" id=\"Casa_Vicens\"><\/span>Casa Vicens <span class=\"ez-toc-section-end\"><\/span><\/h2>\t\t\t\t<\/div>\n\t\t\t\t<\/div>\n\t\t\t\t<div class=\"elementor-element elementor-element-ef8eb24 elementor-widget elementor-widget-text-editor\" data-id=\"ef8eb24\" data-element_type=\"widget\" data-e-type=\"widget\" data-widget_type=\"text-editor.default\">\n\t\t\t\t<div class=\"elementor-widget-container\">\n\t\t\t\t\t\t\t\t\t<p>Lokalizacja: Carrer de les Carolines, 20-26, Gr\u00e0cia<\/p>\t\t\t\t\t\t\t\t<\/div>\n\t\t\t\t<\/div>\n\t\t\t\t<div class=\"elementor-element elementor-element-2b3e92f elementor-widget elementor-widget-text-editor\" data-id=\"2b3e92f\" data-element_type=\"widget\" data-e-type=\"widget\" data-widget_type=\"text-editor.default\">\n\t\t\t\t<div class=\"elementor-widget-container\">\n\t\t\t\t\t\t\t\t\t<p>Zanim \u015bwiat zakocha\u0142 si\u0119 w Sagradzie i w bajkowym Parku G\u00fcell, m\u0142ody Gaud\u00ed stworzy\u0142 co\u015b totalnie innego. Casa Vicens wygl\u0105da troch\u0119 jak pa\u0142ac z Maroka, troch\u0119 jak fabryka kolorowych kafelk\u00f3w. To jeden z jego mniej znanych projekt\u00f3w, ale w sumie bardzo warto j\u0105 zobaczy\u0107 \u2013 bo w\u0142a\u015bnie tutaj zaczyna si\u0119 rodzi\u0107 jego styl.\u00a0<\/p>\t\t\t\t\t\t\t\t<\/div>\n\t\t\t\t<\/div>\n\t\t\t\t<div class=\"elementor-element elementor-element-cd3caa0 elementor-widget elementor-widget-image\" data-id=\"cd3caa0\" data-element_type=\"widget\" data-e-type=\"widget\" data-widget_type=\"image.default\">\n\t\t\t\t<div class=\"elementor-widget-container\">\n\t\t\t\t\t\t\t\t\t\t\t\t\t\t\t<img decoding=\"async\" width=\"768\" height=\"1024\" data-src=\"https:\/\/www.wzdluzdrogi.pl\/wp-content\/uploads\/2025\/07\/casa-vicens-barcelona-atrakcje-768x1024.jpg\" class=\"attachment-large size-large wp-image-4481 lazyload\" alt=\"\" data-srcset=\"https:\/\/www.wzdluzdrogi.pl\/wp-content\/uploads\/2025\/07\/casa-vicens-barcelona-atrakcje-768x1024.jpg 768w, https:\/\/www.wzdluzdrogi.pl\/wp-content\/uploads\/2025\/07\/casa-vicens-barcelona-atrakcje-225x300.jpg 225w, https:\/\/www.wzdluzdrogi.pl\/wp-content\/uploads\/2025\/07\/casa-vicens-barcelona-atrakcje-scaled.jpg 1200w\" data-sizes=\"(max-width: 768px) 100vw, 768px\" src=\"data:image\/svg+xml;base64,PHN2ZyB3aWR0aD0iMSIgaGVpZ2h0PSIxIiB4bWxucz0iaHR0cDovL3d3dy53My5vcmcvMjAwMC9zdmciPjwvc3ZnPg==\" style=\"--smush-placeholder-width: 768px; --smush-placeholder-aspect-ratio: 768\/1024;\" \/>\t\t\t\t\t\t\t\t\t\t\t\t\t\t\t<\/div>\n\t\t\t\t<\/div>\n\t\t\t\t\t<\/div>\n\t\t<\/div>\n\t\t\t\t\t<\/div>\n\t\t<\/section>\n\t\t\t\t<section class=\"elementor-section elementor-top-section elementor-element elementor-element-cb32fe9 elementor-section-boxed elementor-section-height-default elementor-section-height-default\" data-id=\"cb32fe9\" data-element_type=\"section\" data-e-type=\"section\">\n\t\t\t\t\t\t<div class=\"elementor-container elementor-column-gap-default\">\n\t\t\t\t\t<div class=\"elementor-column elementor-col-100 elementor-top-column elementor-element elementor-element-0561c14\" data-id=\"0561c14\" data-element_type=\"column\" data-e-type=\"column\">\n\t\t\t<div class=\"elementor-widget-wrap elementor-element-populated\">\n\t\t\t\t\t\t<div class=\"elementor-element elementor-element-a57b2ed elementor-widget elementor-widget-heading\" data-id=\"a57b2ed\" data-element_type=\"widget\" data-e-type=\"widget\" data-widget_type=\"heading.default\">\n\t\t\t\t<div class=\"elementor-widget-container\">\n\t\t\t\t\t<h2 class=\"elementor-heading-title elementor-size-default\"><span class=\"ez-toc-section\" id=\"Park_Guell\"><\/span>Park G\u00fcell<span class=\"ez-toc-section-end\"><\/span><\/h2>\t\t\t\t<\/div>\n\t\t\t\t<\/div>\n\t\t\t\t<div class=\"elementor-element elementor-element-747d43a elementor-widget elementor-widget-text-editor\" data-id=\"747d43a\" data-element_type=\"widget\" data-e-type=\"widget\" data-widget_type=\"text-editor.default\">\n\t\t\t\t<div class=\"elementor-widget-container\">\n\t\t\t\t\t\t\t\t\t<p>Lokalizacja: Gr\u00e0cia<\/p>\t\t\t\t\t\t\t\t<\/div>\n\t\t\t\t<\/div>\n\t\t\t\t<div class=\"elementor-element elementor-element-12891f8 elementor-widget elementor-widget-text-editor\" data-id=\"12891f8\" data-element_type=\"widget\" data-e-type=\"widget\" data-widget_type=\"text-editor.default\">\n\t\t\t\t<div class=\"elementor-widget-container\">\n\t\t\t\t\t\t\t\t\t<p data-start=\"1953\" data-end=\"2207\">Tak, Park G\u00fcell to jedna z najbardziej znanych atrakcji Barcelony i znajduje si\u0119 w\u0142a\u015bnie w dzielnicy Gr\u00e0cii. Warto i\u015b\u0107 sobie do parku pieszo, je\u015bli masz wi\u0119cej czasu \u2013 po drodze s\u0105 pi\u0119kne murale, lokalne sklepy i widoki na miasto. A sam park? Magiczny. Kolorowy. I pomimo swojej ceny polecamy ci go zobaczy\u0107! \ud83d\ude42<\/p>\t\t\t\t\t\t\t\t<\/div>\n\t\t\t\t<\/div>\n\t\t\t\t\t<\/div>\n\t\t<\/div>\n\t\t\t\t\t<\/div>\n\t\t<\/section>\n\t\t\t\t<section class=\"elementor-section elementor-top-section elementor-element elementor-element-3776d4b elementor-section-boxed elementor-section-height-default elementor-section-height-default\" data-id=\"3776d4b\" data-element_type=\"section\" data-e-type=\"section\">\n\t\t\t\t\t\t<div class=\"elementor-container elementor-column-gap-default\">\n\t\t\t\t\t<div class=\"elementor-column elementor-col-50 elementor-top-column elementor-element elementor-element-5db2ac9\" data-id=\"5db2ac9\" data-element_type=\"column\" data-e-type=\"column\">\n\t\t\t<div class=\"elementor-widget-wrap elementor-element-populated\">\n\t\t\t\t\t\t<div class=\"elementor-element elementor-element-d14dbdf elementor-widget elementor-widget-image\" data-id=\"d14dbdf\" data-element_type=\"widget\" data-e-type=\"widget\" data-widget_type=\"image.default\">\n\t\t\t\t<div class=\"elementor-widget-container\">\n\t\t\t\t\t\t\t\t\t\t\t\t\t\t\t<img decoding=\"async\" width=\"683\" height=\"1024\" data-src=\"https:\/\/www.wzdluzdrogi.pl\/wp-content\/uploads\/2024\/06\/MG_7694-1-683x1024.jpg\" class=\"attachment-large size-large wp-image-3572 lazyload\" alt=\"park guell, atrakcje w barcelonie, co warto zobaczy\u0107 w barcelonie, domki w parku guell\" data-srcset=\"https:\/\/www.wzdluzdrogi.pl\/wp-content\/uploads\/2024\/06\/MG_7694-1-683x1024.jpg 683w, https:\/\/www.wzdluzdrogi.pl\/wp-content\/uploads\/2024\/06\/MG_7694-1-200x300.jpg 200w, https:\/\/www.wzdluzdrogi.pl\/wp-content\/uploads\/2024\/06\/MG_7694-1-768x1152.jpg 768w, https:\/\/www.wzdluzdrogi.pl\/wp-content\/uploads\/2024\/06\/MG_7694-1-1024x1536.jpg 1024w, https:\/\/www.wzdluzdrogi.pl\/wp-content\/uploads\/2024\/06\/MG_7694-1-scaled.jpg 1067w\" data-sizes=\"(max-width: 683px) 100vw, 683px\" src=\"data:image\/svg+xml;base64,PHN2ZyB3aWR0aD0iMSIgaGVpZ2h0PSIxIiB4bWxucz0iaHR0cDovL3d3dy53My5vcmcvMjAwMC9zdmciPjwvc3ZnPg==\" style=\"--smush-placeholder-width: 683px; --smush-placeholder-aspect-ratio: 683\/1024;\" \/>\t\t\t\t\t\t\t\t\t\t\t\t\t\t\t<\/div>\n\t\t\t\t<\/div>\n\t\t\t\t\t<\/div>\n\t\t<\/div>\n\t\t\t\t<div class=\"elementor-column elementor-col-50 elementor-top-column elementor-element elementor-element-1745fe0\" data-id=\"1745fe0\" data-element_type=\"column\" data-e-type=\"column\">\n\t\t\t<div class=\"elementor-widget-wrap elementor-element-populated\">\n\t\t\t\t\t\t<div class=\"elementor-element elementor-element-016ea43 elementor-widget elementor-widget-image\" data-id=\"016ea43\" data-element_type=\"widget\" data-e-type=\"widget\" data-widget_type=\"image.default\">\n\t\t\t\t<div class=\"elementor-widget-container\">\n\t\t\t\t\t\t\t\t\t\t\t\t\t\t\t<img decoding=\"async\" width=\"683\" height=\"1024\" data-src=\"https:\/\/www.wzdluzdrogi.pl\/wp-content\/uploads\/2024\/06\/MG_7577-1-683x1024.jpg\" class=\"attachment-large size-large wp-image-3564 lazyload\" alt=\"\" data-srcset=\"https:\/\/www.wzdluzdrogi.pl\/wp-content\/uploads\/2024\/06\/MG_7577-1-683x1024.jpg 683w, https:\/\/www.wzdluzdrogi.pl\/wp-content\/uploads\/2024\/06\/MG_7577-1-200x300.jpg 200w, https:\/\/www.wzdluzdrogi.pl\/wp-content\/uploads\/2024\/06\/MG_7577-1-768x1152.jpg 768w, https:\/\/www.wzdluzdrogi.pl\/wp-content\/uploads\/2024\/06\/MG_7577-1-1024x1536.jpg 1024w, https:\/\/www.wzdluzdrogi.pl\/wp-content\/uploads\/2024\/06\/MG_7577-1-scaled.jpg 1067w\" data-sizes=\"(max-width: 683px) 100vw, 683px\" src=\"data:image\/svg+xml;base64,PHN2ZyB3aWR0aD0iMSIgaGVpZ2h0PSIxIiB4bWxucz0iaHR0cDovL3d3dy53My5vcmcvMjAwMC9zdmciPjwvc3ZnPg==\" style=\"--smush-placeholder-width: 683px; --smush-placeholder-aspect-ratio: 683\/1024;\" \/>\t\t\t\t\t\t\t\t\t\t\t\t\t\t\t<\/div>\n\t\t\t\t<\/div>\n\t\t\t\t\t<\/div>\n\t\t<\/div>\n\t\t\t\t\t<\/div>\n\t\t<\/section>\n\t\t\t\t<section class=\"elementor-section elementor-top-section elementor-element elementor-element-eb2f21b elementor-section-boxed elementor-section-height-default elementor-section-height-default\" data-id=\"eb2f21b\" data-element_type=\"section\" data-e-type=\"section\">\n\t\t\t\t\t\t<div class=\"elementor-container elementor-column-gap-default\">\n\t\t\t\t\t<div class=\"elementor-column elementor-col-100 elementor-top-column elementor-element elementor-element-cf48460\" data-id=\"cf48460\" data-element_type=\"column\" data-e-type=\"column\">\n\t\t\t<div class=\"elementor-widget-wrap elementor-element-populated\">\n\t\t\t\t\t\t<div class=\"elementor-element elementor-element-54f0f6e elementor-widget elementor-widget-heading\" data-id=\"54f0f6e\" data-element_type=\"widget\" data-e-type=\"widget\" data-widget_type=\"heading.default\">\n\t\t\t\t<div class=\"elementor-widget-container\">\n\t\t\t\t\t<h2 class=\"elementor-heading-title elementor-size-default\"><span class=\"ez-toc-section\" id=\"Mercat_de_la_Llibertat\"><\/span>Mercat de la Llibertat<span class=\"ez-toc-section-end\"><\/span><\/h2>\t\t\t\t<\/div>\n\t\t\t\t<\/div>\n\t\t\t\t<div class=\"elementor-element elementor-element-916d941 elementor-widget elementor-widget-text-editor\" data-id=\"916d941\" data-element_type=\"widget\" data-e-type=\"widget\" data-widget_type=\"text-editor.default\">\n\t\t\t\t<div class=\"elementor-widget-container\">\n\t\t\t\t\t\t\t\t\t<p>Lokalizacja: Pla\u00e7a de la Llibertat, 27, Gr\u00e0cia<\/p>\t\t\t\t\t\t\t\t<\/div>\n\t\t\t\t<\/div>\n\t\t\t\t<div class=\"elementor-element elementor-element-707adf6 elementor-widget elementor-widget-text-editor\" data-id=\"707adf6\" data-element_type=\"widget\" data-e-type=\"widget\" data-widget_type=\"text-editor.default\">\n\t\t\t\t<div class=\"elementor-widget-container\">\n\t\t\t\t\t\t\t\t\t<p data-start=\"1953\" data-end=\"2207\">Mercat de la Llibertat to prawdziwe serce Gr\u00e0cii \u2013 bije tu ju\u017c od ponad 140 lat. Na pocz\u0105tku wszystko dzia\u0142o si\u0119 spontanicznie: lokalni rolnicy wystawiali swoje stoiska pod chmurk\u0105, sprzedaj\u0105c \u015bwie\u017ce warzywa, kurczaki, ryby\u00a0 i r\u00f3\u017cne r\u0119kodzie\u0142o. Dzi\u015b targ mie\u015bci si\u0119 w pi\u0119knym modernistycznym budynku z ko\u0144ca XIX wieku, ale klimat pozosta\u0142 ten sam. Dostaniemy tu praktycznie wszystko, lokalne dobrocie, ale i np. w\u0142oskie smako\u0142yki.\u00a0<\/p>\t\t\t\t\t\t\t\t<\/div>\n\t\t\t\t<\/div>\n\t\t\t\t\t<\/div>\n\t\t<\/div>\n\t\t\t\t\t<\/div>\n\t\t<\/section>\n\t\t\t\t<section class=\"elementor-section elementor-top-section elementor-element elementor-element-cd8a328 elementor-section-boxed elementor-section-height-default elementor-section-height-default\" data-id=\"cd8a328\" data-element_type=\"section\" data-e-type=\"section\">\n\t\t\t\t\t\t<div class=\"elementor-container elementor-column-gap-default\">\n\t\t\t\t\t<div class=\"elementor-column elementor-col-100 elementor-top-column elementor-element elementor-element-e2580da\" data-id=\"e2580da\" data-element_type=\"column\" data-e-type=\"column\">\n\t\t\t<div class=\"elementor-widget-wrap elementor-element-populated\">\n\t\t\t\t\t\t<div class=\"elementor-element elementor-element-2ffd180 elementor-widget elementor-widget-heading\" data-id=\"2ffd180\" data-element_type=\"widget\" data-e-type=\"widget\" data-widget_type=\"heading.default\">\n\t\t\t\t<div class=\"elementor-widget-container\">\n\t\t\t\t\t<h2 class=\"elementor-heading-title elementor-size-default\"><span class=\"ez-toc-section\" id=\"Placa_del_Diamant_i_Refugi_Antiaereo_del_Diamant\"><\/span>Pla\u00e7a del Diamant i Refugi Antia\u00e9reo del Diamant <span class=\"ez-toc-section-end\"><\/span><\/h2>\t\t\t\t<\/div>\n\t\t\t\t<\/div>\n\t\t\t\t<div class=\"elementor-element elementor-element-aba674c elementor-widget elementor-widget-text-editor\" data-id=\"aba674c\" data-element_type=\"widget\" data-e-type=\"widget\" data-widget_type=\"text-editor.default\">\n\t\t\t\t<div class=\"elementor-widget-container\">\n\t\t\t\t\t\t\t\t\t<p>Lokalizacja: Pla\u00e7a del Diamant<\/p>\t\t\t\t\t\t\t\t<\/div>\n\t\t\t\t<\/div>\n\t\t\t\t<div class=\"elementor-element elementor-element-6e39a5d elementor-widget elementor-widget-text-editor\" data-id=\"6e39a5d\" data-element_type=\"widget\" data-e-type=\"widget\" data-widget_type=\"text-editor.default\">\n\t\t\t\t<div class=\"elementor-widget-container\">\n\t\t\t\t\t\t\t\t\t<p data-start=\"306\" data-end=\"667\">Nazwa placu mo\u017ce brzmie\u0107 romantycznie, ale ma ca\u0142kiem konkretne korzenie. W XIX wieku teren, na kt\u00f3rym dzi\u015b znajduje si\u0119 Pla\u00e7a del Diamant, nale\u017ca\u0142 do lokalnego jubilera \u2013 Josepa Rossella Imberta. To w\u0142a\u015bnie on wpad\u0142 na pomys\u0142, by nowe ulice i place w tej okolicy nazwa\u0107 od szlachetnych kamieni. Diament \u2013 jako ten najcenniejszy \u2013 trafi\u0142 w\u0142a\u015bnie tutaj.<\/p><p data-start=\"669\" data-end=\"1145\">Ale Pla\u00e7a del Diamant to nie tylko \u0142adna nazwa. To te\u017c miejsce mocno zwi\u0105zane z histori\u0105 Barcelony. W 1992 roku, podczas prac ziemnych, odkryto tu refugio antia\u00e9reo nr 232 \u2013 schron przeciwlotniczy z czas\u00f3w wojny domowej, kt\u00f3ry m\u00f3g\u0142 pomie\u015bci\u0107 ok. 200 os\u00f3b. Mieszka\u0144cy, kt\u00f3rzy jeszcze pami\u0119tali jego istnienie, zebrali a\u017c 5000 podpis\u00f3w i doprowadzili do jego odrestaurowania. Dzi\u015b mo\u017cna go zwiedza\u0107 z przewodnikiem \u2013 zej\u015bcie kilkana\u015bcie metr\u00f3w pod ziemi\u0119 naprawd\u0119 robi wra\u017cenie.<\/p><p data-start=\"1147\" data-end=\"1329\">Na \u015brodku placu stoi te\u017c Font de Rut \u2013 fontanna z br\u0105zow\u0105 rze\u017ab\u0105 Rut, postaci biblijnej symbolizuj\u0105cej lojalno\u015b\u0107 i odwag\u0119.<\/p><p data-start=\"2447\" data-end=\"2606\">A je\u015bli lubisz literatur\u0119 \u2013 to tu zaczyna si\u0119 s\u0142ynna powie\u015b\u0107 \u201ePlac Diamentowy\u201d autorstwa Merc\u00e8 Rodoredy.<\/p>\t\t\t\t\t\t\t\t<\/div>\n\t\t\t\t<\/div>\n\t\t\t\t\t<\/div>\n\t\t<\/div>\n\t\t\t\t\t<\/div>\n\t\t<\/section>\n\t\t\t\t<section class=\"elementor-section elementor-top-section elementor-element elementor-element-850ead6 elementor-section-boxed elementor-section-height-default elementor-section-height-default\" data-id=\"850ead6\" data-element_type=\"section\" data-e-type=\"section\">\n\t\t\t\t\t\t<div class=\"elementor-container elementor-column-gap-default\">\n\t\t\t\t\t<div class=\"elementor-column elementor-col-100 elementor-top-column elementor-element elementor-element-f3decd6\" data-id=\"f3decd6\" data-element_type=\"column\" data-e-type=\"column\">\n\t\t\t<div class=\"elementor-widget-wrap elementor-element-populated\">\n\t\t\t\t\t\t<div class=\"elementor-element elementor-element-a405b7a elementor-widget elementor-widget-heading\" data-id=\"a405b7a\" data-element_type=\"widget\" data-e-type=\"widget\" data-widget_type=\"heading.default\">\n\t\t\t\t<div class=\"elementor-widget-container\">\n\t\t\t\t\t<h2 class=\"elementor-heading-title elementor-size-default\"><span class=\"ez-toc-section\" id=\"Carrer_Verdi\"><\/span>Carrer Verdi <span class=\"ez-toc-section-end\"><\/span><\/h2>\t\t\t\t<\/div>\n\t\t\t\t<\/div>\n\t\t\t\t<div class=\"elementor-element elementor-element-2d1f9af elementor-widget elementor-widget-text-editor\" data-id=\"2d1f9af\" data-element_type=\"widget\" data-e-type=\"widget\" data-widget_type=\"text-editor.default\">\n\t\t\t\t<div class=\"elementor-widget-container\">\n\t\t\t\t\t\t\t\t\t<p>Lokalizacja: Carrer Verdi<\/p>\t\t\t\t\t\t\t\t<\/div>\n\t\t\t\t<\/div>\n\t\t\t\t<div class=\"elementor-element elementor-element-828e081 elementor-widget elementor-widget-text-editor\" data-id=\"828e081\" data-element_type=\"widget\" data-e-type=\"widget\" data-widget_type=\"text-editor.default\">\n\t\t\t\t<div class=\"elementor-widget-container\">\n\t\t\t\t\t\t\t\t\t<p data-start=\"1458\" data-end=\"1855\">Carrer Verdi zawdzi\u0119cza swoj\u0105 nazw\u0119 w\u0142oskiemu kompozytorowi Giuseppe Verdiemu \u2013 i to jedna z niewielu ulic w Barcelonie, kt\u00f3re nazwano na cze\u015b\u0107 muzyka. A co ciekawe, od ponad 100 lat rozkwita ona latem podczas Festa Major de Gr\u00e0cia. Mieszka\u0144cy co roku dekoruj\u0105 j\u0105 w najbardziej kreatywny spos\u00f3b \u2013 od bajkowych \u015bwiat\u00f3w po odwa\u017cne artystyczne instalacje. Naprawd\u0119 warto to zobaczy\u0107 na \u017cywo!<\/p><p data-start=\"1857\" data-end=\"2259\">Ulica zaczyna si\u0119 niedaleko Parku G\u00fcell i biegnie a\u017c do Pla\u00e7a de la Revoluci\u00f3, przecinaj\u0105c po drodze m.in. Travessera de Dalt. Znajdziesz tu takie miejsca jak Mercat de Lesseps, legendarne Cines Verdi czy uwielbian\u0105 przez lokals\u00f3w bodeg\u0119 Ca\u2019l Pep. Wystarczy kilka krok\u00f3w, \u017ceby min\u0105\u0107 butiki niezale\u017cnych projektant\u00f3w, warsztaty rzemie\u015blnicze, wegetaria\u0144skie bary i restauracje z kuchni\u0105 z ca\u0142ego \u015bwiata.<\/p><p data-start=\"2261\" data-end=\"2536\">No i oczywi\u015bcie \u2013 Cines Verdi. Kultowe kino, kt\u00f3re od dekad pokazuje filmy w wersji oryginalnej: europejskie kino autorskie, dokumenty, niszowe pere\u0142ki, kt\u00f3re nigdy nie trafi\u0142yby do mainstreamu.<\/p>\t\t\t\t\t\t\t\t<\/div>\n\t\t\t\t<\/div>\n\t\t\t\t\t<\/div>\n\t\t<\/div>\n\t\t\t\t\t<\/div>\n\t\t<\/section>\n\t\t\t\t<section class=\"elementor-section elementor-top-section elementor-element elementor-element-7794a03 elementor-section-boxed elementor-section-height-default elementor-section-height-default\" data-id=\"7794a03\" data-element_type=\"section\" data-e-type=\"section\">\n\t\t\t\t\t\t<div class=\"elementor-container elementor-column-gap-default\">\n\t\t\t\t\t<div class=\"elementor-column elementor-col-100 elementor-top-column elementor-element elementor-element-d260d29\" data-id=\"d260d29\" data-element_type=\"column\" data-e-type=\"column\">\n\t\t\t<div class=\"elementor-widget-wrap elementor-element-populated\">\n\t\t\t\t\t\t<div class=\"elementor-element elementor-element-464601c elementor-widget elementor-widget-heading\" data-id=\"464601c\" data-element_type=\"widget\" data-e-type=\"widget\" data-widget_type=\"heading.default\">\n\t\t\t\t<div class=\"elementor-widget-container\">\n\t\t\t\t\t<h2 class=\"elementor-heading-title elementor-size-default\"><span class=\"ez-toc-section\" id=\"Placa_de_la_Virreina\"><\/span>Pla\u00e7a de la Virreina<span class=\"ez-toc-section-end\"><\/span><\/h2>\t\t\t\t<\/div>\n\t\t\t\t<\/div>\n\t\t\t\t<div class=\"elementor-element elementor-element-c5f4bea elementor-widget elementor-widget-text-editor\" data-id=\"c5f4bea\" data-element_type=\"widget\" data-e-type=\"widget\" data-widget_type=\"text-editor.default\">\n\t\t\t\t<div class=\"elementor-widget-container\">\n\t\t\t\t\t\t\t\t\t<p>Lokalizacja: Pla\u00e7a de la Virreina<\/p>\t\t\t\t\t\t\t\t<\/div>\n\t\t\t\t<\/div>\n\t\t\t\t<div class=\"elementor-element elementor-element-996f0c3 elementor-widget elementor-widget-text-editor\" data-id=\"996f0c3\" data-element_type=\"widget\" data-e-type=\"widget\" data-widget_type=\"text-editor.default\">\n\t\t\t\t<div class=\"elementor-widget-container\">\n\t\t\t\t\t\t\t\t\t<p data-start=\"2694\" data-end=\"2952\">Otoczona kamienicami, z widokiem na XIX-wieczny ko\u015bci\u00f3\u0142 Sant Joan, znana jest r\u00f3wnie\u017c pod dawn\u0105, potoczn\u0105 nazw\u0105: <em data-start=\"2930\" data-end=\"2950\">Pla\u00e7a de Sant Joan<\/em>.<\/p><p data-start=\"2954\" data-end=\"3272\">Plac le\u017cy nieco na uboczu \u2013 mi\u0119dzy ulicami Ast\u00faries, Torrijos i Santa Creu \u2013 przez co cz\u0119sto jest mniej zat\u0142oczony ni\u017c inne miejsca w Gr\u00e0cii.<\/p><p data-start=\"2699\" data-end=\"2964\">Ma sw\u00f3j spokojny, lokalny rytm, kt\u00f3ry \u0142atwo poczu\u0107, siadaj\u0105c tu na \u0142awce albo zagl\u0105daj\u0105c do pobliskiej kawiarni.<\/p><p data-start=\"2966\" data-end=\"3206\">Warto te\u017c wiedzie\u0107, \u017ce pod brukiem placu znajduje si\u0119 zej\u015bcie do refugio antia\u00e9reo nr 232 \u2013 tego samego schronu, kt\u00f3rego drugie wej\u015bcie znajduje si\u0119 na pobliskim Pla\u00e7a del Diamant.<\/p>\t\t\t\t\t\t\t\t<\/div>\n\t\t\t\t<\/div>\n\t\t\t\t\t<\/div>\n\t\t<\/div>\n\t\t\t\t\t<\/div>\n\t\t<\/section>\n\t\t\t\t<section class=\"elementor-section elementor-top-section elementor-element elementor-element-3676f9df elementor-section-boxed elementor-section-height-default elementor-section-height-default\" data-id=\"3676f9df\" data-element_type=\"section\" data-e-type=\"section\">\n\t\t\t\t\t\t<div class=\"elementor-container elementor-column-gap-default\">\n\t\t\t\t\t<div class=\"elementor-column elementor-col-100 elementor-top-column elementor-element elementor-element-3e5a9cd1\" data-id=\"3e5a9cd1\" data-element_type=\"column\" data-e-type=\"column\">\n\t\t\t<div class=\"elementor-widget-wrap elementor-element-populated\">\n\t\t\t\t\t\t<div class=\"elementor-element elementor-element-3ec9a92 elementor-widget elementor-widget-text-editor\" data-id=\"3ec9a92\" data-element_type=\"widget\" data-e-type=\"widget\" data-widget_type=\"text-editor.default\">\n\t\t\t\t<div class=\"elementor-widget-container\">\n\t\t\t\t\t\t\t\t\t<p><strong>Interesuje ci\u0119 Barcelona? Zobacz r\u00f3wnie\u017c:<\/strong><\/p>\t\t\t\t\t\t\t\t<\/div>\n\t\t\t\t<\/div>\n\t\t\t\t\t<\/div>\n\t\t<\/div>\n\t\t\t\t\t<\/div>\n\t\t<\/section>\n\t\t\t\t<section class=\"elementor-section elementor-top-section elementor-element elementor-element-598e15ec elementor-section-full_width elementor-section-stretched elementor-section-height-default elementor-section-height-default elementor-invisible\" data-id=\"598e15ec\" data-element_type=\"section\" data-e-type=\"section\" data-settings=\"{&quot;background_background&quot;:&quot;classic&quot;,&quot;animation&quot;:&quot;fadeInLeft&quot;,&quot;stretch_section&quot;:&quot;section-stretched&quot;}\">\n\t\t\t\t\t\t\t<div class=\"elementor-background-overlay\"><\/div>\n\t\t\t\t\t\t\t<div class=\"elementor-container elementor-column-gap-wider\">\n\t\t\t\t\t<div class=\"elementor-column elementor-col-33 elementor-top-column elementor-element elementor-element-2d126bf1\" data-id=\"2d126bf1\" data-element_type=\"column\" data-e-type=\"column\">\n\t\t\t<div class=\"elementor-widget-wrap elementor-element-populated\">\n\t\t\t\t\t\t<div class=\"elementor-element elementor-element-43ede69e elementor-widget elementor-widget-image\" data-id=\"43ede69e\" data-element_type=\"widget\" data-e-type=\"widget\" data-widget_type=\"image.default\">\n\t\t\t\t<div class=\"elementor-widget-container\">\n\t\t\t\t\t\t\t\t\t\t\t\t<figure class=\"wp-caption\">\n\t\t\t\t\t\t\t\t\t\t\t<a href=\"https:\/\/www.wzdluzdrogi.pl\/index.php\/2024\/06\/05\/10-atrakcji-barcelony-ktore-musisz-zobaczyc\/\">\n\t\t\t\t\t\t\t<img decoding=\"async\" width=\"683\" height=\"1024\" data-src=\"https:\/\/www.wzdluzdrogi.pl\/wp-content\/uploads\/2024\/06\/MG_7944-683x1024.jpg\" class=\"elementor-animation-rotate attachment-large size-large wp-image-3592 lazyload\" alt=\"barcelona\" data-srcset=\"https:\/\/www.wzdluzdrogi.pl\/wp-content\/uploads\/2024\/06\/MG_7944-683x1024.jpg 683w, https:\/\/www.wzdluzdrogi.pl\/wp-content\/uploads\/2024\/06\/MG_7944-200x300.jpg 200w, https:\/\/www.wzdluzdrogi.pl\/wp-content\/uploads\/2024\/06\/MG_7944-768x1152.jpg 768w, https:\/\/www.wzdluzdrogi.pl\/wp-content\/uploads\/2024\/06\/MG_7944-1024x1536.jpg 1024w, https:\/\/www.wzdluzdrogi.pl\/wp-content\/uploads\/2024\/06\/MG_7944-scaled.jpg 1067w\" data-sizes=\"(max-width: 683px) 100vw, 683px\" src=\"data:image\/svg+xml;base64,PHN2ZyB3aWR0aD0iMSIgaGVpZ2h0PSIxIiB4bWxucz0iaHR0cDovL3d3dy53My5vcmcvMjAwMC9zdmciPjwvc3ZnPg==\" style=\"--smush-placeholder-width: 683px; --smush-placeholder-aspect-ratio: 683\/1024;\" \/>\t\t\t\t\t\t\t\t<\/a>\n\t\t\t\t\t\t\t\t\t\t\t<figcaption class=\"widget-image-caption wp-caption-text\">10 atrakcji Barcelony, kt\u00f3re musisz zobaczy\u0107<\/figcaption>\n\t\t\t\t\t\t\t\t\t\t<\/figure>\n\t\t\t\t\t\t\t\t\t<\/div>\n\t\t\t\t<\/div>\n\t\t\t\t\t<\/div>\n\t\t<\/div>\n\t\t\t\t<div class=\"elementor-column elementor-col-33 elementor-top-column elementor-element elementor-element-4f60a113\" data-id=\"4f60a113\" data-element_type=\"column\" data-e-type=\"column\">\n\t\t\t<div class=\"elementor-widget-wrap elementor-element-populated\">\n\t\t\t\t\t\t<div class=\"elementor-element elementor-element-f570a34 elementor-widget elementor-widget-image\" data-id=\"f570a34\" data-element_type=\"widget\" data-e-type=\"widget\" data-widget_type=\"image.default\">\n\t\t\t\t<div class=\"elementor-widget-container\">\n\t\t\t\t\t\t\t\t\t\t\t\t<figure class=\"wp-caption\">\n\t\t\t\t\t\t\t\t\t\t\t<a href=\"https:\/\/www.wzdluzdrogi.pl\/index.php\/2025\/02\/12\/najpiekniejsze-punkty-widokowe-w-barcelonie\/\">\n\t\t\t\t\t\t\t<img decoding=\"async\" width=\"683\" height=\"1024\" data-src=\"https:\/\/www.wzdluzdrogi.pl\/wp-content\/uploads\/2025\/02\/Teleferic-de-Montjuic-kolejki-linowe-barcelona-683x1024.jpg\" class=\"elementor-animation-rotate attachment-large size-large wp-image-3983 lazyload\" alt=\"\" data-srcset=\"https:\/\/www.wzdluzdrogi.pl\/wp-content\/uploads\/2025\/02\/Teleferic-de-Montjuic-kolejki-linowe-barcelona-683x1024.jpg 683w, https:\/\/www.wzdluzdrogi.pl\/wp-content\/uploads\/2025\/02\/Teleferic-de-Montjuic-kolejki-linowe-barcelona-200x300.jpg 200w, https:\/\/www.wzdluzdrogi.pl\/wp-content\/uploads\/2025\/02\/Teleferic-de-Montjuic-kolejki-linowe-barcelona-768x1152.jpg 768w, https:\/\/www.wzdluzdrogi.pl\/wp-content\/uploads\/2025\/02\/Teleferic-de-Montjuic-kolejki-linowe-barcelona-1024x1536.jpg 1024w, https:\/\/www.wzdluzdrogi.pl\/wp-content\/uploads\/2025\/02\/Teleferic-de-Montjuic-kolejki-linowe-barcelona-scaled.jpg 1067w\" data-sizes=\"(max-width: 683px) 100vw, 683px\" src=\"data:image\/svg+xml;base64,PHN2ZyB3aWR0aD0iMSIgaGVpZ2h0PSIxIiB4bWxucz0iaHR0cDovL3d3dy53My5vcmcvMjAwMC9zdmciPjwvc3ZnPg==\" style=\"--smush-placeholder-width: 683px; --smush-placeholder-aspect-ratio: 683\/1024;\" \/>\t\t\t\t\t\t\t\t<\/a>\n\t\t\t\t\t\t\t\t\t\t\t<figcaption class=\"widget-image-caption wp-caption-text\">Najpi\u0119kniejsze punkty widokowe w Barcelonie<\/figcaption>\n\t\t\t\t\t\t\t\t\t\t<\/figure>\n\t\t\t\t\t\t\t\t\t<\/div>\n\t\t\t\t<\/div>\n\t\t\t\t\t<\/div>\n\t\t<\/div>\n\t\t\t\t<div class=\"elementor-column elementor-col-33 elementor-top-column elementor-element elementor-element-4e790fa8\" data-id=\"4e790fa8\" data-element_type=\"column\" data-e-type=\"column\">\n\t\t\t<div class=\"elementor-widget-wrap elementor-element-populated\">\n\t\t\t\t\t\t<div class=\"elementor-element elementor-element-4aa59857 elementor-widget elementor-widget-image\" data-id=\"4aa59857\" data-element_type=\"widget\" data-e-type=\"widget\" data-widget_type=\"image.default\">\n\t\t\t\t<div class=\"elementor-widget-container\">\n\t\t\t\t\t\t\t\t\t\t\t\t<figure class=\"wp-caption\">\n\t\t\t\t\t\t\t\t\t\t\t<a href=\"https:\/\/www.wzdluzdrogi.pl\/index.php\/2024\/06\/04\/atrakcje-gaudiego-w-barcelonie-ktore-musisz-zobaczyc\/\">\n\t\t\t\t\t\t\t<img decoding=\"async\" width=\"683\" height=\"1024\" data-src=\"https:\/\/www.wzdluzdrogi.pl\/wp-content\/uploads\/2024\/06\/MG_7397-1-683x1024.jpg\" class=\"elementor-animation-rotate attachment-large size-large wp-image-3523 lazyload\" alt=\"fasada sagrada familia, atrakcje w barcelonie, \u015bladami gaudiego w barcelonie, co zobaczy\u0107 w barcelonie\" data-srcset=\"https:\/\/www.wzdluzdrogi.pl\/wp-content\/uploads\/2024\/06\/MG_7397-1-683x1024.jpg 683w, https:\/\/www.wzdluzdrogi.pl\/wp-content\/uploads\/2024\/06\/MG_7397-1-200x300.jpg 200w, https:\/\/www.wzdluzdrogi.pl\/wp-content\/uploads\/2024\/06\/MG_7397-1-768x1152.jpg 768w, https:\/\/www.wzdluzdrogi.pl\/wp-content\/uploads\/2024\/06\/MG_7397-1-1024x1536.jpg 1024w, https:\/\/www.wzdluzdrogi.pl\/wp-content\/uploads\/2024\/06\/MG_7397-1-scaled.jpg 1067w\" data-sizes=\"(max-width: 683px) 100vw, 683px\" src=\"data:image\/svg+xml;base64,PHN2ZyB3aWR0aD0iMSIgaGVpZ2h0PSIxIiB4bWxucz0iaHR0cDovL3d3dy53My5vcmcvMjAwMC9zdmciPjwvc3ZnPg==\" style=\"--smush-placeholder-width: 683px; --smush-placeholder-aspect-ratio: 683\/1024;\" \/>\t\t\t\t\t\t\t\t<\/a>\n\t\t\t\t\t\t\t\t\t\t\t<figcaption class=\"widget-image-caption wp-caption-text\">Atrakcje Gaud\u00edego w Barcelonie, kt\u00f3re musisz zobaczy\u0107<\/figcaption>\n\t\t\t\t\t\t\t\t\t\t<\/figure>\n\t\t\t\t\t\t\t\t\t<\/div>\n\t\t\t\t<\/div>\n\t\t\t\t\t<\/div>\n\t\t<\/div>\n\t\t\t\t\t<\/div>\n\t\t<\/section>\n\t\t\t\t<section class=\"elementor-section elementor-top-section elementor-element elementor-element-13525c4 elementor-section-boxed elementor-section-height-default elementor-section-height-default\" data-id=\"13525c4\" data-element_type=\"section\" data-e-type=\"section\">\n\t\t\t\t\t\t<div class=\"elementor-container elementor-column-gap-default\">\n\t\t\t\t\t<div class=\"elementor-column elementor-col-100 elementor-top-column elementor-element elementor-element-1bd3864\" data-id=\"1bd3864\" data-element_type=\"column\" data-e-type=\"column\">\n\t\t\t<div class=\"elementor-widget-wrap elementor-element-populated\">\n\t\t\t\t\t\t<div class=\"elementor-element elementor-element-36bed71 elementor-widget elementor-widget-text-editor\" data-id=\"36bed71\" data-element_type=\"widget\" data-e-type=\"widget\" data-widget_type=\"text-editor.default\">\n\t\t\t\t<div class=\"elementor-widget-container\">\n\t\t\t\t\t\t\t\t\t<p><strong>Interesuj\u0105 ci\u0119 podr\u00f3\u017ce? \u015aled\u017a nas na:<\/strong><\/p>\t\t\t\t\t\t\t\t<\/div>\n\t\t\t\t<\/div>\n\t\t\t\t<div class=\"elementor-element elementor-element-4b65e94 elementor-shape-rounded elementor-grid-0 e-grid-align-center elementor-widget elementor-widget-social-icons\" data-id=\"4b65e94\" data-element_type=\"widget\" data-e-type=\"widget\" data-widget_type=\"social-icons.default\">\n\t\t\t\t<div class=\"elementor-widget-container\">\n\t\t\t\t\t\t\t<div class=\"elementor-social-icons-wrapper elementor-grid\" role=\"list\">\n\t\t\t\t\t\t\t<span class=\"elementor-grid-item\" role=\"listitem\">\n\t\t\t\t\t<a class=\"elementor-icon elementor-social-icon elementor-social-icon-facebook elementor-repeater-item-2354b0d\" href=\"https:\/\/www.facebook.com\/wzdluzdrogi\" target=\"_blank\">\n\t\t\t\t\t\t<span class=\"elementor-screen-only\">Facebook<\/span>\n\t\t\t\t\t\t<i aria-hidden=\"true\" class=\"fab fa-facebook\"><\/i>\t\t\t\t\t<\/a>\n\t\t\t\t<\/span>\n\t\t\t\t\t\t\t<span class=\"elementor-grid-item\" role=\"listitem\">\n\t\t\t\t\t<a class=\"elementor-icon elementor-social-icon elementor-social-icon-instagram elementor-repeater-item-a964718\" href=\"https:\/\/www.instagram.com\/wzdluz_drogi\/?hl=pl\" target=\"_blank\">\n\t\t\t\t\t\t<span class=\"elementor-screen-only\">Instagram<\/span>\n\t\t\t\t\t\t<i aria-hidden=\"true\" class=\"fab fa-instagram\"><\/i>\t\t\t\t\t<\/a>\n\t\t\t\t<\/span>\n\t\t\t\t\t\t\t<span class=\"elementor-grid-item\" role=\"listitem\">\n\t\t\t\t\t<a class=\"elementor-icon elementor-social-icon elementor-social-icon-youtube elementor-repeater-item-9c75202\" target=\"_blank\">\n\t\t\t\t\t\t<span class=\"elementor-screen-only\">Youtube<\/span>\n\t\t\t\t\t\t<i aria-hidden=\"true\" class=\"fab fa-youtube\"><\/i>\t\t\t\t\t<\/a>\n\t\t\t\t<\/span>\n\t\t\t\t\t<\/div>\n\t\t\t\t\t\t<\/div>\n\t\t\t\t<\/div>\n\t\t\t\t\t<\/div>\n\t\t<\/div>\n\t\t\t\t\t<\/div>\n\t\t<\/section>\n\t\t\t\t<\/div>\n\t\t","protected":false},"excerpt":{"rendered":"<p>Co zobaczy\u0107 w dzielnicy Gr\u00e0cia w Barcelonie? Dzielnica Gr\u00e0cia to jedna z naszych najulubie\u0144szych dzielnicy Barcelony. To miejsce, w kt\u00f3rym mo\u017cna naprawd\u0119 poczu\u0107 miasto.\u00a0 O dzielnicy Gracia Zanim Gr\u00e0cia sta\u0142a si\u0119 cz\u0119\u015bci\u0105 Barcelony, by\u0142a&#8230; osobnym miasteczkiem. Jeszcze w XIX wieku mia\u0142a w\u0142asny ratusz oraz \u015bwi\u0119ta. Kiedy w 1897 roku w\u0142\u0105czono j\u0105 do miasta, nie wszystkim &hellip; <\/p>\n","protected":false},"author":1,"featured_media":4439,"comment_status":"open","ping_status":"closed","sticky":false,"template":"","format":"standard","meta":{"_monsterinsights_skip_tracking":false,"_monsterinsights_sitenote_active":false,"_monsterinsights_sitenote_note":"","_monsterinsights_sitenote_category":0,"footnotes":""},"categories":[100,99,26],"tags":[],"class_list":["post-4436","post","type-post","status-publish","format-standard","has-post-thumbnail","hentry","category-barcelona","category-hiszpania","category-podroze"],"yoast_head":"<!-- This site is optimized with the Yoast SEO plugin v26.5 - https:\/\/yoast.com\/wordpress\/plugins\/seo\/ -->\n<title>Co zobaczy\u0107 w dzielnicy Gr\u00e0cia w Barcelonie? - Wzd\u0142u\u017c Drogi<\/title>\n<meta name=\"robots\" content=\"index, follow, max-snippet:-1, max-image-preview:large, max-video-preview:-1\" \/>\n<link rel=\"canonical\" href=\"https:\/\/www.wzdluzdrogi.pl\/index.php\/2025\/08\/05\/co-zobaczyc-w-dzielnicy-gracia-w-barcelonie\/\" \/>\n<meta property=\"og:locale\" content=\"pl_PL\" \/>\n<meta property=\"og:type\" content=\"article\" \/>\n<meta property=\"og:title\" content=\"Co zobaczy\u0107 w dzielnicy Gr\u00e0cia w Barcelonie? - Wzd\u0142u\u017c Drogi\" \/>\n<meta property=\"og:description\" content=\"Co zobaczy\u0107 w dzielnicy Gr\u00e0cia w Barcelonie? Dzielnica Gr\u00e0cia to jedna z naszych najulubie\u0144szych dzielnicy Barcelony. To miejsce, w kt\u00f3rym mo\u017cna naprawd\u0119 poczu\u0107 miasto.\u00a0 O dzielnicy Gracia Zanim Gr\u00e0cia sta\u0142a si\u0119 cz\u0119\u015bci\u0105 Barcelony, by\u0142a&#8230; osobnym miasteczkiem. Jeszcze w XIX wieku mia\u0142a w\u0142asny ratusz oraz \u015bwi\u0119ta. Kiedy w 1897 roku w\u0142\u0105czono j\u0105 do miasta, nie wszystkim &hellip;\" \/>\n<meta property=\"og:url\" content=\"https:\/\/www.wzdluzdrogi.pl\/index.php\/2025\/08\/05\/co-zobaczyc-w-dzielnicy-gracia-w-barcelonie\/\" \/>\n<meta property=\"og:site_name\" content=\"Wzd\u0142u\u017c Drogi\" \/>\n<meta property=\"article:published_time\" content=\"2025-08-05T08:02:56+00:00\" \/>\n<meta property=\"article:modified_time\" content=\"2025-08-05T11:26:44+00:00\" \/>\n<meta property=\"og:image\" content=\"https:\/\/www.wzdluzdrogi.pl\/wp-content\/uploads\/2025\/07\/MG_7970-scaled.jpg\" \/>\n\t<meta property=\"og:image:width\" content=\"1067\" \/>\n\t<meta property=\"og:image:height\" content=\"1600\" \/>\n\t<meta property=\"og:image:type\" content=\"image\/jpeg\" \/>\n<meta name=\"author\" content=\"Wzdluzdrogi\" \/>\n<meta name=\"twitter:card\" content=\"summary_large_image\" \/>\n<meta name=\"twitter:label1\" content=\"Napisane przez\" \/>\n\t<meta name=\"twitter:data1\" content=\"Wzdluzdrogi\" \/>\n\t<meta name=\"twitter:label2\" content=\"Szacowany czas czytania\" \/>\n\t<meta name=\"twitter:data2\" content=\"11 minut\" \/>\n<script type=\"application\/ld+json\" class=\"yoast-schema-graph\">{\"@context\":\"https:\/\/schema.org\",\"@graph\":[{\"@type\":\"WebPage\",\"@id\":\"https:\/\/www.wzdluzdrogi.pl\/index.php\/2025\/08\/05\/co-zobaczyc-w-dzielnicy-gracia-w-barcelonie\/\",\"url\":\"https:\/\/www.wzdluzdrogi.pl\/index.php\/2025\/08\/05\/co-zobaczyc-w-dzielnicy-gracia-w-barcelonie\/\",\"name\":\"Co zobaczy\u0107 w dzielnicy Gr\u00e0cia w Barcelonie? - Wzd\u0142u\u017c Drogi\",\"isPartOf\":{\"@id\":\"https:\/\/www.wzdluzdrogi.pl\/#website\"},\"primaryImageOfPage\":{\"@id\":\"https:\/\/www.wzdluzdrogi.pl\/index.php\/2025\/08\/05\/co-zobaczyc-w-dzielnicy-gracia-w-barcelonie\/#primaryimage\"},\"image\":{\"@id\":\"https:\/\/www.wzdluzdrogi.pl\/index.php\/2025\/08\/05\/co-zobaczyc-w-dzielnicy-gracia-w-barcelonie\/#primaryimage\"},\"thumbnailUrl\":\"https:\/\/www.wzdluzdrogi.pl\/wp-content\/uploads\/2025\/07\/MG_7970-scaled.jpg\",\"datePublished\":\"2025-08-05T08:02:56+00:00\",\"dateModified\":\"2025-08-05T11:26:44+00:00\",\"author\":{\"@id\":\"https:\/\/www.wzdluzdrogi.pl\/#\/schema\/person\/74e57cccc529edf05c11ceaff979bf00\"},\"breadcrumb\":{\"@id\":\"https:\/\/www.wzdluzdrogi.pl\/index.php\/2025\/08\/05\/co-zobaczyc-w-dzielnicy-gracia-w-barcelonie\/#breadcrumb\"},\"inLanguage\":\"pl-PL\",\"potentialAction\":[{\"@type\":\"ReadAction\",\"target\":[\"https:\/\/www.wzdluzdrogi.pl\/index.php\/2025\/08\/05\/co-zobaczyc-w-dzielnicy-gracia-w-barcelonie\/\"]}]},{\"@type\":\"ImageObject\",\"inLanguage\":\"pl-PL\",\"@id\":\"https:\/\/www.wzdluzdrogi.pl\/index.php\/2025\/08\/05\/co-zobaczyc-w-dzielnicy-gracia-w-barcelonie\/#primaryimage\",\"url\":\"https:\/\/www.wzdluzdrogi.pl\/wp-content\/uploads\/2025\/07\/MG_7970-scaled.jpg\",\"contentUrl\":\"https:\/\/www.wzdluzdrogi.pl\/wp-content\/uploads\/2025\/07\/MG_7970-scaled.jpg\",\"width\":1067,\"height\":1600,\"caption\":\"barcelona, uliczki barcelony, dzielnica gracia, co warto zobaczyc\"},{\"@type\":\"BreadcrumbList\",\"@id\":\"https:\/\/www.wzdluzdrogi.pl\/index.php\/2025\/08\/05\/co-zobaczyc-w-dzielnicy-gracia-w-barcelonie\/#breadcrumb\",\"itemListElement\":[{\"@type\":\"ListItem\",\"position\":1,\"name\":\"Strona g\u0142\u00f3wna\",\"item\":\"https:\/\/www.wzdluzdrogi.pl\/\"},{\"@type\":\"ListItem\",\"position\":2,\"name\":\"Co zobaczy\u0107 w dzielnicy Gr\u00e0cia w Barcelonie?\"}]},{\"@type\":\"WebSite\",\"@id\":\"https:\/\/www.wzdluzdrogi.pl\/#website\",\"url\":\"https:\/\/www.wzdluzdrogi.pl\/\",\"name\":\"Wzd\u0142u\u017c Drogi\",\"description\":\"Podr\u00f3\u017ce w rytmie slow\",\"potentialAction\":[{\"@type\":\"SearchAction\",\"target\":{\"@type\":\"EntryPoint\",\"urlTemplate\":\"https:\/\/www.wzdluzdrogi.pl\/?s={search_term_string}\"},\"query-input\":{\"@type\":\"PropertyValueSpecification\",\"valueRequired\":true,\"valueName\":\"search_term_string\"}}],\"inLanguage\":\"pl-PL\"},{\"@type\":\"Person\",\"@id\":\"https:\/\/www.wzdluzdrogi.pl\/#\/schema\/person\/74e57cccc529edf05c11ceaff979bf00\",\"name\":\"Wzdluzdrogi\",\"image\":{\"@type\":\"ImageObject\",\"inLanguage\":\"pl-PL\",\"@id\":\"https:\/\/www.wzdluzdrogi.pl\/#\/schema\/person\/image\/\",\"url\":\"https:\/\/secure.gravatar.com\/avatar\/5338c7b0ffcf3c9b5c99db5ffd459d84?s=96&d=mm&r=g\",\"contentUrl\":\"https:\/\/secure.gravatar.com\/avatar\/5338c7b0ffcf3c9b5c99db5ffd459d84?s=96&d=mm&r=g\",\"caption\":\"Wzdluzdrogi\"},\"sameAs\":[\"http:\/\/www.wzdluzdrogi.pl\"],\"url\":\"https:\/\/www.wzdluzdrogi.pl\/index.php\/author\/wzdluzdrogi\/\"}]}<\/script>\n<!-- \/ Yoast SEO plugin. -->","yoast_head_json":{"title":"Co zobaczy\u0107 w dzielnicy Gr\u00e0cia w Barcelonie? - Wzd\u0142u\u017c Drogi","robots":{"index":"index","follow":"follow","max-snippet":"max-snippet:-1","max-image-preview":"max-image-preview:large","max-video-preview":"max-video-preview:-1"},"canonical":"https:\/\/www.wzdluzdrogi.pl\/index.php\/2025\/08\/05\/co-zobaczyc-w-dzielnicy-gracia-w-barcelonie\/","og_locale":"pl_PL","og_type":"article","og_title":"Co zobaczy\u0107 w dzielnicy Gr\u00e0cia w Barcelonie? - Wzd\u0142u\u017c Drogi","og_description":"Co zobaczy\u0107 w dzielnicy Gr\u00e0cia w Barcelonie? Dzielnica Gr\u00e0cia to jedna z naszych najulubie\u0144szych dzielnicy Barcelony. To miejsce, w kt\u00f3rym mo\u017cna naprawd\u0119 poczu\u0107 miasto.\u00a0 O dzielnicy Gracia Zanim Gr\u00e0cia sta\u0142a si\u0119 cz\u0119\u015bci\u0105 Barcelony, by\u0142a&#8230; osobnym miasteczkiem. Jeszcze w XIX wieku mia\u0142a w\u0142asny ratusz oraz \u015bwi\u0119ta. Kiedy w 1897 roku w\u0142\u0105czono j\u0105 do miasta, nie wszystkim &hellip;","og_url":"https:\/\/www.wzdluzdrogi.pl\/index.php\/2025\/08\/05\/co-zobaczyc-w-dzielnicy-gracia-w-barcelonie\/","og_site_name":"Wzd\u0142u\u017c Drogi","article_published_time":"2025-08-05T08:02:56+00:00","article_modified_time":"2025-08-05T11:26:44+00:00","og_image":[{"width":1067,"height":1600,"url":"https:\/\/www.wzdluzdrogi.pl\/wp-content\/uploads\/2025\/07\/MG_7970-scaled.jpg","type":"image\/jpeg"}],"author":"Wzdluzdrogi","twitter_card":"summary_large_image","twitter_misc":{"Napisane przez":"Wzdluzdrogi","Szacowany czas czytania":"11 minut"},"schema":{"@context":"https:\/\/schema.org","@graph":[{"@type":"WebPage","@id":"https:\/\/www.wzdluzdrogi.pl\/index.php\/2025\/08\/05\/co-zobaczyc-w-dzielnicy-gracia-w-barcelonie\/","url":"https:\/\/www.wzdluzdrogi.pl\/index.php\/2025\/08\/05\/co-zobaczyc-w-dzielnicy-gracia-w-barcelonie\/","name":"Co zobaczy\u0107 w dzielnicy Gr\u00e0cia w Barcelonie? - Wzd\u0142u\u017c Drogi","isPartOf":{"@id":"https:\/\/www.wzdluzdrogi.pl\/#website"},"primaryImageOfPage":{"@id":"https:\/\/www.wzdluzdrogi.pl\/index.php\/2025\/08\/05\/co-zobaczyc-w-dzielnicy-gracia-w-barcelonie\/#primaryimage"},"image":{"@id":"https:\/\/www.wzdluzdrogi.pl\/index.php\/2025\/08\/05\/co-zobaczyc-w-dzielnicy-gracia-w-barcelonie\/#primaryimage"},"thumbnailUrl":"https:\/\/www.wzdluzdrogi.pl\/wp-content\/uploads\/2025\/07\/MG_7970-scaled.jpg","datePublished":"2025-08-05T08:02:56+00:00","dateModified":"2025-08-05T11:26:44+00:00","author":{"@id":"https:\/\/www.wzdluzdrogi.pl\/#\/schema\/person\/74e57cccc529edf05c11ceaff979bf00"},"breadcrumb":{"@id":"https:\/\/www.wzdluzdrogi.pl\/index.php\/2025\/08\/05\/co-zobaczyc-w-dzielnicy-gracia-w-barcelonie\/#breadcrumb"},"inLanguage":"pl-PL","potentialAction":[{"@type":"ReadAction","target":["https:\/\/www.wzdluzdrogi.pl\/index.php\/2025\/08\/05\/co-zobaczyc-w-dzielnicy-gracia-w-barcelonie\/"]}]},{"@type":"ImageObject","inLanguage":"pl-PL","@id":"https:\/\/www.wzdluzdrogi.pl\/index.php\/2025\/08\/05\/co-zobaczyc-w-dzielnicy-gracia-w-barcelonie\/#primaryimage","url":"https:\/\/www.wzdluzdrogi.pl\/wp-content\/uploads\/2025\/07\/MG_7970-scaled.jpg","contentUrl":"https:\/\/www.wzdluzdrogi.pl\/wp-content\/uploads\/2025\/07\/MG_7970-scaled.jpg","width":1067,"height":1600,"caption":"barcelona, uliczki barcelony, dzielnica gracia, co warto zobaczyc"},{"@type":"BreadcrumbList","@id":"https:\/\/www.wzdluzdrogi.pl\/index.php\/2025\/08\/05\/co-zobaczyc-w-dzielnicy-gracia-w-barcelonie\/#breadcrumb","itemListElement":[{"@type":"ListItem","position":1,"name":"Strona g\u0142\u00f3wna","item":"https:\/\/www.wzdluzdrogi.pl\/"},{"@type":"ListItem","position":2,"name":"Co zobaczy\u0107 w dzielnicy Gr\u00e0cia w Barcelonie?"}]},{"@type":"WebSite","@id":"https:\/\/www.wzdluzdrogi.pl\/#website","url":"https:\/\/www.wzdluzdrogi.pl\/","name":"Wzd\u0142u\u017c Drogi","description":"Podr\u00f3\u017ce w rytmie slow","potentialAction":[{"@type":"SearchAction","target":{"@type":"EntryPoint","urlTemplate":"https:\/\/www.wzdluzdrogi.pl\/?s={search_term_string}"},"query-input":{"@type":"PropertyValueSpecification","valueRequired":true,"valueName":"search_term_string"}}],"inLanguage":"pl-PL"},{"@type":"Person","@id":"https:\/\/www.wzdluzdrogi.pl\/#\/schema\/person\/74e57cccc529edf05c11ceaff979bf00","name":"Wzdluzdrogi","image":{"@type":"ImageObject","inLanguage":"pl-PL","@id":"https:\/\/www.wzdluzdrogi.pl\/#\/schema\/person\/image\/","url":"https:\/\/secure.gravatar.com\/avatar\/5338c7b0ffcf3c9b5c99db5ffd459d84?s=96&d=mm&r=g","contentUrl":"https:\/\/secure.gravatar.com\/avatar\/5338c7b0ffcf3c9b5c99db5ffd459d84?s=96&d=mm&r=g","caption":"Wzdluzdrogi"},"sameAs":["http:\/\/www.wzdluzdrogi.pl"],"url":"https:\/\/www.wzdluzdrogi.pl\/index.php\/author\/wzdluzdrogi\/"}]}},"_links":{"self":[{"href":"https:\/\/www.wzdluzdrogi.pl\/index.php\/wp-json\/wp\/v2\/posts\/4436","targetHints":{"allow":["GET"]}}],"collection":[{"href":"https:\/\/www.wzdluzdrogi.pl\/index.php\/wp-json\/wp\/v2\/posts"}],"about":[{"href":"https:\/\/www.wzdluzdrogi.pl\/index.php\/wp-json\/wp\/v2\/types\/post"}],"author":[{"embeddable":true,"href":"https:\/\/www.wzdluzdrogi.pl\/index.php\/wp-json\/wp\/v2\/users\/1"}],"replies":[{"embeddable":true,"href":"https:\/\/www.wzdluzdrogi.pl\/index.php\/wp-json\/wp\/v2\/comments?post=4436"}],"version-history":[{"count":25,"href":"https:\/\/www.wzdluzdrogi.pl\/index.php\/wp-json\/wp\/v2\/posts\/4436\/revisions"}],"predecessor-version":[{"id":4513,"href":"https:\/\/www.wzdluzdrogi.pl\/index.php\/wp-json\/wp\/v2\/posts\/4436\/revisions\/4513"}],"wp:featuredmedia":[{"embeddable":true,"href":"https:\/\/www.wzdluzdrogi.pl\/index.php\/wp-json\/wp\/v2\/media\/4439"}],"wp:attachment":[{"href":"https:\/\/www.wzdluzdrogi.pl\/index.php\/wp-json\/wp\/v2\/media?parent=4436"}],"wp:term":[{"taxonomy":"category","embeddable":true,"href":"https:\/\/www.wzdluzdrogi.pl\/index.php\/wp-json\/wp\/v2\/categories?post=4436"},{"taxonomy":"post_tag","embeddable":true,"href":"https:\/\/www.wzdluzdrogi.pl\/index.php\/wp-json\/wp\/v2\/tags?post=4436"}],"curies":[{"name":"wp","href":"https:\/\/api.w.org\/{rel}","templated":true}]}}