{"id":4445,"date":"2025-08-12T13:07:37","date_gmt":"2025-08-12T11:07:37","guid":{"rendered":"https:\/\/www.wzdluzdrogi.pl\/?p=4445"},"modified":"2025-08-12T14:21:10","modified_gmt":"2025-08-12T12:21:10","slug":"najpiekniejsze-punkty-widokowe-w-rzymie","status":"publish","type":"post","link":"https:\/\/www.wzdluzdrogi.pl\/index.php\/2025\/08\/12\/najpiekniejsze-punkty-widokowe-w-rzymie\/","title":{"rendered":"Najpi\u0119kniejsze punkty widokowe w Rzymie"},"content":{"rendered":"\t\t<div data-elementor-type=\"wp-post\" data-elementor-id=\"4445\" class=\"elementor elementor-4445\">\n\t\t\t\t\t\t<section class=\"elementor-section elementor-top-section elementor-element elementor-element-e1e3d4b elementor-section-boxed elementor-section-height-default elementor-section-height-default\" data-id=\"e1e3d4b\" data-element_type=\"section\" data-e-type=\"section\">\n\t\t\t\t\t\t<div class=\"elementor-container elementor-column-gap-default\">\n\t\t\t\t\t<div class=\"elementor-column elementor-col-50 elementor-top-column elementor-element elementor-element-470b1a15\" data-id=\"470b1a15\" data-element_type=\"column\" data-e-type=\"column\">\n\t\t\t<div class=\"elementor-widget-wrap elementor-element-populated\">\n\t\t\t\t\t\t<div class=\"elementor-element elementor-element-67fd3a64 elementor-widget elementor-widget-text-editor\" data-id=\"67fd3a64\" data-element_type=\"widget\" data-e-type=\"widget\" data-widget_type=\"text-editor.default\">\n\t\t\t\t<div class=\"elementor-widget-container\">\n\t\t\t\t\t\t\t\t\t<p>Rzym to miasto, kt\u00f3re uwielbiamy podziwia\u0107 z r\u00f3\u017cnych perspektyw. I chyba pi\u0119kne jest z ka\u017cdej, ale widziany z g\u00f3ry nabiera zupe\u0142nie innego wymiaru. Dlatego je\u015bli planujesz wizyt\u0119 w Wiecznym Mie\u015bcie, dodaj do swojego planu, chocia\u017c kilka z tych miejsc, kt\u00f3re ci tu dzisiaj poka\u017cemy. W tym wpisie zebrali\u015bmy dla ciebie punkty widokowe w Rzymie, w kt\u00f3rych po prostu warto siupn\u0105\u0107 na murku lub \u0142awce i ch\u0142on\u0105\u0107 miasto ca\u0142ym sob\u0105.<\/p><p>Poznaj najpi\u0119kniejsze punkty widokowe w Rzymie.<\/p>\t\t\t\t\t\t\t\t<\/div>\n\t\t\t\t<\/div>\n\t\t\t\t\t<\/div>\n\t\t<\/div>\n\t\t\t\t<div class=\"elementor-column elementor-col-50 elementor-top-column elementor-element elementor-element-48dddd5f\" data-id=\"48dddd5f\" data-element_type=\"column\" data-e-type=\"column\">\n\t\t\t<div class=\"elementor-widget-wrap elementor-element-populated\">\n\t\t\t\t\t\t<div class=\"elementor-element elementor-element-6f97ec06 elementor-widget elementor-widget-image\" data-id=\"6f97ec06\" data-element_type=\"widget\" data-e-type=\"widget\" data-widget_type=\"image.default\">\n\t\t\t\t<div class=\"elementor-widget-container\">\n\t\t\t\t\t\t\t\t\t\t\t\t\t\t\t<img fetchpriority=\"high\" decoding=\"async\" width=\"683\" height=\"1024\" src=\"https:\/\/www.wzdluzdrogi.pl\/wp-content\/uploads\/2025\/07\/MG_0509-2-683x1024.jpg\" class=\"attachment-large size-large wp-image-4450\" alt=\"rzym, co zobaczy\u0107 w rzymie, rzym na wakacje, wakacje w rzymie\" srcset=\"https:\/\/www.wzdluzdrogi.pl\/wp-content\/uploads\/2025\/07\/MG_0509-2-683x1024.jpg 683w, https:\/\/www.wzdluzdrogi.pl\/wp-content\/uploads\/2025\/07\/MG_0509-2-200x300.jpg 200w, https:\/\/www.wzdluzdrogi.pl\/wp-content\/uploads\/2025\/07\/MG_0509-2-768x1152.jpg 768w, https:\/\/www.wzdluzdrogi.pl\/wp-content\/uploads\/2025\/07\/MG_0509-2-1024x1536.jpg 1024w, https:\/\/www.wzdluzdrogi.pl\/wp-content\/uploads\/2025\/07\/MG_0509-2-scaled.jpg 1067w\" sizes=\"(max-width: 683px) 100vw, 683px\" \/>\t\t\t\t\t\t\t\t\t\t\t\t\t\t\t<\/div>\n\t\t\t\t<\/div>\n\t\t\t\t\t<\/div>\n\t\t<\/div>\n\t\t\t\t\t<\/div>\n\t\t<\/section>\n\t\t\t\t<section class=\"elementor-section elementor-top-section elementor-element elementor-element-3fdfb5ad elementor-section-boxed elementor-section-height-default elementor-section-height-default\" data-id=\"3fdfb5ad\" data-element_type=\"section\" data-e-type=\"section\">\n\t\t\t\t\t\t<div class=\"elementor-container elementor-column-gap-default\">\n\t\t\t\t\t<div class=\"elementor-column elementor-col-100 elementor-top-column elementor-element elementor-element-77d4269a\" data-id=\"77d4269a\" data-element_type=\"column\" data-e-type=\"column\">\n\t\t\t<div class=\"elementor-widget-wrap elementor-element-populated\">\n\t\t\t\t\t\t<div class=\"elementor-element elementor-element-422b5fdc elementor-widget elementor-widget-heading\" data-id=\"422b5fdc\" data-element_type=\"widget\" data-e-type=\"widget\" data-widget_type=\"heading.default\">\n\t\t\t\t<div class=\"elementor-widget-container\">\n\t\t\t\t\t<div id=\"ez-toc-container\" class=\"ez-toc-v2_0_82_2 counter-hierarchy ez-toc-counter ez-toc-light-blue ez-toc-container-direction\">\n<p class=\"ez-toc-title\" style=\"cursor:inherit\">Spis tre\u015bci<\/p>\n<label for=\"ez-toc-cssicon-toggle-item-69f17c66a5209\" class=\"ez-toc-cssicon-toggle-label\"><span class=\"\"><span class=\"eztoc-hide\" style=\"display:none;\">Toggle<\/span><span class=\"ez-toc-icon-toggle-span\"><svg style=\"fill: #999;color:#999\" xmlns=\"http:\/\/www.w3.org\/2000\/svg\" class=\"list-377408\" width=\"20px\" height=\"20px\" viewBox=\"0 0 24 24\" fill=\"none\"><path d=\"M6 6H4v2h2V6zm14 0H8v2h12V6zM4 11h2v2H4v-2zm16 0H8v2h12v-2zM4 16h2v2H4v-2zm16 0H8v2h12v-2z\" fill=\"currentColor\"><\/path><\/svg><svg style=\"fill: #999;color:#999\" class=\"arrow-unsorted-368013\" xmlns=\"http:\/\/www.w3.org\/2000\/svg\" width=\"10px\" height=\"10px\" viewBox=\"0 0 24 24\" version=\"1.2\" baseProfile=\"tiny\"><path d=\"M18.2 9.3l-6.2-6.3-6.2 6.3c-.2.2-.3.4-.3.7s.1.5.3.7c.2.2.4.3.7.3h11c.3 0 .5-.1.7-.3.2-.2.3-.5.3-.7s-.1-.5-.3-.7zM5.8 14.7l6.2 6.3 6.2-6.3c.2-.2.3-.5.3-.7s-.1-.5-.3-.7c-.2-.2-.4-.3-.7-.3h-11c-.3 0-.5.1-.7.3-.2.2-.3.5-.3.7s.1.5.3.7z\"\/><\/svg><\/span><\/span><\/label><input type=\"checkbox\"  id=\"ez-toc-cssicon-toggle-item-69f17c66a5209\"  aria-label=\"Prze\u0142\u0105cznik\" \/><nav><ul class='ez-toc-list ez-toc-list-level-1 ' ><li class='ez-toc-page-1 ez-toc-heading-level-2'><a class=\"ez-toc-link ez-toc-heading-1\" href=\"https:\/\/www.wzdluzdrogi.pl\/index.php\/2025\/08\/12\/najpiekniejsze-punkty-widokowe-w-rzymie\/#Janikulum\" >Janikulum<\/a><\/li><li class='ez-toc-page-1 ez-toc-heading-level-2'><a class=\"ez-toc-link ez-toc-heading-2\" href=\"https:\/\/www.wzdluzdrogi.pl\/index.php\/2025\/08\/12\/najpiekniejsze-punkty-widokowe-w-rzymie\/#Giardino_degli_Aranci_Ogrod_Pomaranczowy\" >Giardino degli Aranci (Ogr\u00f3d Pomara\u0144czowy)<\/a><\/li><li class='ez-toc-page-1 ez-toc-heading-level-2'><a class=\"ez-toc-link ez-toc-heading-3\" href=\"https:\/\/www.wzdluzdrogi.pl\/index.php\/2025\/08\/12\/najpiekniejsze-punkty-widokowe-w-rzymie\/#La_chiusa_dellOrdine_di_Malta\" >La chiusa dell\u2019Ordine di Malta<\/a><\/li><li class='ez-toc-page-1 ez-toc-heading-level-2'><a class=\"ez-toc-link ez-toc-heading-4\" href=\"https:\/\/www.wzdluzdrogi.pl\/index.php\/2025\/08\/12\/najpiekniejsze-punkty-widokowe-w-rzymie\/#Monte_Mario_%E2%80%93_Parco_Mellini\" >Monte Mario \u2013 Parco Mellini<\/a><\/li><li class='ez-toc-page-1 ez-toc-heading-level-2'><a class=\"ez-toc-link ez-toc-heading-5\" href=\"https:\/\/www.wzdluzdrogi.pl\/index.php\/2025\/08\/12\/najpiekniejsze-punkty-widokowe-w-rzymie\/#Kopula_Bazyliki_sw_Piotra\" >Kopu\u0142a Bazyliki \u015bw. Piotra<\/a><\/li><li class='ez-toc-page-1 ez-toc-heading-level-2'><a class=\"ez-toc-link ez-toc-heading-6\" href=\"https:\/\/www.wzdluzdrogi.pl\/index.php\/2025\/08\/12\/najpiekniejsze-punkty-widokowe-w-rzymie\/#Monte_Ciocci\" >Monte Ciocci<\/a><\/li><li class='ez-toc-page-1 ez-toc-heading-level-2'><a class=\"ez-toc-link ez-toc-heading-7\" href=\"https:\/\/www.wzdluzdrogi.pl\/index.php\/2025\/08\/12\/najpiekniejsze-punkty-widokowe-w-rzymie\/#Taras_widokowy_na_Vittoriano\" >Taras widokowy na  Vittoriano<\/a><\/li><li class='ez-toc-page-1 ez-toc-heading-level-2'><a class=\"ez-toc-link ez-toc-heading-8\" href=\"https:\/\/www.wzdluzdrogi.pl\/index.php\/2025\/08\/12\/najpiekniejsze-punkty-widokowe-w-rzymie\/#Piazzale_Socrate\" >Piazzale Socrate<\/a><\/li><li class='ez-toc-page-1 ez-toc-heading-level-2'><a class=\"ez-toc-link ez-toc-heading-9\" href=\"https:\/\/www.wzdluzdrogi.pl\/index.php\/2025\/08\/12\/najpiekniejsze-punkty-widokowe-w-rzymie\/#Belvedere_Primo_Meridiano_dItalia\" >Belvedere Primo Meridiano d\u2019Italia<\/a><\/li><\/ul><\/nav><\/div>\n<h2 class=\"elementor-heading-title elementor-size-default\"><span class=\"ez-toc-section\" id=\"Janikulum\"><\/span>Janikulum<span class=\"ez-toc-section-end\"><\/span><\/h2>\t\t\t\t<\/div>\n\t\t\t\t<\/div>\n\t\t\t\t<div class=\"elementor-element elementor-element-711c0493 elementor-widget elementor-widget-text-editor\" data-id=\"711c0493\" data-element_type=\"widget\" data-e-type=\"widget\" data-widget_type=\"text-editor.default\">\n\t\t\t\t<div class=\"elementor-widget-container\">\n\t\t\t\t\t\t\t\t\t<p data-start=\"423\" data-end=\"827\">Cho\u0107 Janikulum nie nale\u017cy do tradycyjnych siedmiu wzg\u00f3rz miasta, jest jednym z najbardziej panoramicznych punkt\u00f3w w Rzymie. Ma 88 metr\u00f3w i z niego rozci\u0105ga si\u0119 widok na ca\u0142e miasto. Od Trastevere u st\u00f3p wzg\u00f3rza, przez historyczne centrum, a\u017c po Apeniny na horyzoncie.<\/p><p data-start=\"829\" data-end=\"865\">Wed\u0142ug tradycji to w\u0142a\u015bnie tutaj b\u00f3g Jan (Giano) za\u0142o\u017cy\u0142 pierwsz\u0105 osad\u0119, zwan\u0105 Ianiculum. W rzeczywisto\u015bci nie zachowa\u0142y si\u0119 wi\u0119ksze \u015blady kultu samego Jano, ale znajdowa\u0142 si\u0119 tu ma\u0142y o\u0142tarz po\u015bwi\u0119cony jego synowi \u2013 b\u00f3stwu \u017ar\u00f3de\u0142, Fontusowi. (W\u0142a\u015bciwie zobacz ile to si\u0119 cz\u0142owiek nauczy podr\u00f3\u017cuj\u0105c i poznaj\u0105c nowe rzeczy. Rzymski b\u00f3g \u017ar\u00f3de\u0142 i strumieni nazywa\u0142 si\u0119 Fontus albo Fontanus. Chyba ju\u017c wiadomo sk\u0105d nazwa fontanna?)<\/p><p data-start=\"1169\" data-end=\"1296\">Znajduj\u0105 si\u0119 tu dwa pomniki, kt\u00f3re trudno przeoczy\u0107:<\/p><ul data-start=\"1298\" data-end=\"1840\"><li data-start=\"1298\" data-end=\"1534\"><p data-start=\"1300\" data-end=\"1534\">Pomnik Giuseppe Garibaldiego \u2013 majestatyczna statua konna, ustawiona na samym szczycie wzg\u00f3rza. To dzie\u0142o Emilio Galloriego z 1895 roku. Garibaldi spogl\u0105da z wysoko\u015bci na miasto, kt\u00f3re odegra\u0142o tak wa\u017cn\u0105 rol\u0119 w zjednoczeniu W\u0142och.<\/p><\/li><li data-start=\"1535\" data-end=\"1840\"><p data-start=\"1537\" data-end=\"1840\">Pomnik Anity Garibaldi \u2013 r\u00f3wnie pi\u0119kna i symboliczna rze\u017aba \u017cony bohatera. Anita zosta\u0142a tu przedstawiona na koniu z dzieckiem w ramionach i pistoletem w drugiej r\u0119ce \u2013 to jeden z bardziej wzruszaj\u0105cych i nietuzinkowych monument\u00f3w w Rzymie. Co ciekawe, w jej postumencie znajduj\u0105 si\u0119 jej prochy.<\/p><\/li><\/ul><p data-start=\"1842\" data-end=\"2076\">Codziennie w po\u0142udnie odbywa si\u0119 tutaj symboliczny wystrza\u0142 z armaty, kt\u00f3ry od XIX wieku informuje mieszka\u0144c\u00f3w o godzinie 12:00.\u00a0<\/p>\t\t\t\t\t\t\t\t<\/div>\n\t\t\t\t<\/div>\n\t\t\t\t<div class=\"elementor-element elementor-element-370fa74 elementor-widget elementor-widget-image\" data-id=\"370fa74\" data-element_type=\"widget\" data-e-type=\"widget\" data-widget_type=\"image.default\">\n\t\t\t\t<div class=\"elementor-widget-container\">\n\t\t\t\t\t\t\t\t\t\t\t\t\t\t\t<img decoding=\"async\" width=\"780\" height=\"439\" data-src=\"https:\/\/www.wzdluzdrogi.pl\/wp-content\/uploads\/2025\/07\/junikulum-2-1024x576.jpg\" class=\"attachment-large size-large wp-image-4452 lazyload\" alt=\"rzym, punkty widokowe w rzymie, naj\u0142adniejsze punkty widokowe rzymu, panorama rzymu, gdzie najlepsza\" data-srcset=\"https:\/\/www.wzdluzdrogi.pl\/wp-content\/uploads\/2025\/07\/junikulum-2-1024x576.jpg 1024w, https:\/\/www.wzdluzdrogi.pl\/wp-content\/uploads\/2025\/07\/junikulum-2-300x169.jpg 300w, https:\/\/www.wzdluzdrogi.pl\/wp-content\/uploads\/2025\/07\/junikulum-2-768x432.jpg 768w, https:\/\/www.wzdluzdrogi.pl\/wp-content\/uploads\/2025\/07\/junikulum-2-1536x864.jpg 1536w, https:\/\/www.wzdluzdrogi.pl\/wp-content\/uploads\/2025\/07\/junikulum-2-scaled.jpg 1600w\" data-sizes=\"(max-width: 780px) 100vw, 780px\" src=\"data:image\/svg+xml;base64,PHN2ZyB3aWR0aD0iMSIgaGVpZ2h0PSIxIiB4bWxucz0iaHR0cDovL3d3dy53My5vcmcvMjAwMC9zdmciPjwvc3ZnPg==\" style=\"--smush-placeholder-width: 780px; --smush-placeholder-aspect-ratio: 780\/439;\" \/>\t\t\t\t\t\t\t\t\t\t\t\t\t\t\t<\/div>\n\t\t\t\t<\/div>\n\t\t\t\t\t<\/div>\n\t\t<\/div>\n\t\t\t\t\t<\/div>\n\t\t<\/section>\n\t\t\t\t<section class=\"elementor-section elementor-top-section elementor-element elementor-element-ef5e6e9 elementor-section-boxed elementor-section-height-default elementor-section-height-default\" data-id=\"ef5e6e9\" data-element_type=\"section\" data-e-type=\"section\">\n\t\t\t\t\t\t<div class=\"elementor-container elementor-column-gap-default\">\n\t\t\t\t\t<div class=\"elementor-column elementor-col-100 elementor-top-column elementor-element elementor-element-46a70ce\" data-id=\"46a70ce\" data-element_type=\"column\" data-e-type=\"column\">\n\t\t\t<div class=\"elementor-widget-wrap elementor-element-populated\">\n\t\t\t\t\t\t<div class=\"elementor-element elementor-element-b4247e3 elementor-widget elementor-widget-heading\" data-id=\"b4247e3\" data-element_type=\"widget\" data-e-type=\"widget\" data-widget_type=\"heading.default\">\n\t\t\t\t<div class=\"elementor-widget-container\">\n\t\t\t\t\t<h2 class=\"elementor-heading-title elementor-size-default\"><span class=\"ez-toc-section\" id=\"Giardino_degli_Aranci_Ogrod_Pomaranczowy\"><\/span>Giardino degli Aranci (Ogr\u00f3d Pomara\u0144czowy)<span class=\"ez-toc-section-end\"><\/span><\/h2>\t\t\t\t<\/div>\n\t\t\t\t<\/div>\n\t\t\t\t<div class=\"elementor-element elementor-element-ea42943 elementor-widget elementor-widget-text-editor\" data-id=\"ea42943\" data-element_type=\"widget\" data-e-type=\"widget\" data-widget_type=\"text-editor.default\">\n\t\t\t\t<div class=\"elementor-widget-container\">\n\t\t\t\t\t\t\t\t\t<p data-start=\"2733\" data-end=\"3115\">Jakby\u015b mia\u0142 si\u0119 gdzie\u015b o\u015bwiadczy\u0107 w Rzymie, to w\u0142a\u015bnie tutaj, w jednym z najbardziej romantycznych park\u00f3w.* Oficjalnie nazywany Parco Savello,\u00a0 znajduje si\u0119 na wzg\u00f3rzu Awentyn.. Sk\u0105d nazwa \u201eogr\u00f3d pomara\u0144czowy\u201d? Wszystko przez liczne drzewa pomara\u0144czy gorzkiej (aranci amari), kt\u00f3re nie tylko tworz\u0105 cie\u0144, ale te\u017c wype\u0142niaj\u0105 przestrze\u0144 zapachem, zw\u0142aszcza wiosn\u0105.<\/p><p>Z tarasu widokowego na ko\u0144cu ogrodu zobaczysz kopu\u0142\u0119 Bazyliki \u015bw. Piotra, dachy Trastevere, zakr\u0119t rzeki Tyber i wzg\u00f3rza na horyzoncie.\u00a0<\/p><p data-start=\"3449\" data-end=\"3684\">Tu\u017c obok ogrodu znajduje si\u0119 Bazylika Santa Sabina \u2013 jeden z najstarszych ko\u015bcio\u0142\u00f3w w Rzymie, z cudownym wn\u0119trzem i wyj\u0105tkowo spokojn\u0105 atmosfer\u0105.\u00a0Co ciekawe, zaraz obok Giardino degli Aranci znajduje si\u0119 s\u0142ynna dziurka od klucza \u2013 La chiusa dell\u2019Ordine di Malta \u2013 przez kt\u00f3r\u0105 mo\u017cna zobaczy\u0107 idealnie wycentrowan\u0105 kopu\u0142\u0119 \u015bw. Piotra. Warto po\u0142\u0105czy\u0107 oba te miejsca podczas jednej wizyty!<br \/><br \/>* Je\u015bli jeszcze ci si\u0119 nie o\u015bwiadczy\u0142, to pode\u015blij mu ten artyku\u0142, mo\u017ce si\u0119 zainspiruje. \ud83d\ude09<\/p>\t\t\t\t\t\t\t\t<\/div>\n\t\t\t\t<\/div>\n\t\t\t\t<div class=\"elementor-element elementor-element-70b9805 elementor-widget elementor-widget-image\" data-id=\"70b9805\" data-element_type=\"widget\" data-e-type=\"widget\" data-widget_type=\"image.default\">\n\t\t\t\t<div class=\"elementor-widget-container\">\n\t\t\t\t\t\t\t\t\t\t\t\t\t\t\t<img decoding=\"async\" width=\"679\" height=\"1024\" data-src=\"https:\/\/www.wzdluzdrogi.pl\/wp-content\/uploads\/2025\/07\/nathan-staz-T06nk-OP34-unsplash-2-679x1024.jpg\" class=\"attachment-large size-large wp-image-4453 lazyload\" alt=\"rzym, punkty widokowe w rzymie, naj\u0142adniejsze punkty widokowe rzymu, panorama rzymu, gdzie najlepsza\" data-srcset=\"https:\/\/www.wzdluzdrogi.pl\/wp-content\/uploads\/2025\/07\/nathan-staz-T06nk-OP34-unsplash-2-679x1024.jpg 679w, https:\/\/www.wzdluzdrogi.pl\/wp-content\/uploads\/2025\/07\/nathan-staz-T06nk-OP34-unsplash-2-199x300.jpg 199w, https:\/\/www.wzdluzdrogi.pl\/wp-content\/uploads\/2025\/07\/nathan-staz-T06nk-OP34-unsplash-2-768x1158.jpg 768w, https:\/\/www.wzdluzdrogi.pl\/wp-content\/uploads\/2025\/07\/nathan-staz-T06nk-OP34-unsplash-2-1018x1536.jpg 1018w, https:\/\/www.wzdluzdrogi.pl\/wp-content\/uploads\/2025\/07\/nathan-staz-T06nk-OP34-unsplash-2-scaled.jpg 1061w\" data-sizes=\"(max-width: 679px) 100vw, 679px\" src=\"data:image\/svg+xml;base64,PHN2ZyB3aWR0aD0iMSIgaGVpZ2h0PSIxIiB4bWxucz0iaHR0cDovL3d3dy53My5vcmcvMjAwMC9zdmciPjwvc3ZnPg==\" style=\"--smush-placeholder-width: 679px; --smush-placeholder-aspect-ratio: 679\/1024;\" \/>\t\t\t\t\t\t\t\t\t\t\t\t\t\t\t<\/div>\n\t\t\t\t<\/div>\n\t\t\t\t\t<\/div>\n\t\t<\/div>\n\t\t\t\t\t<\/div>\n\t\t<\/section>\n\t\t\t\t<section class=\"elementor-section elementor-top-section elementor-element elementor-element-78e7729 elementor-section-boxed elementor-section-height-default elementor-section-height-default\" data-id=\"78e7729\" data-element_type=\"section\" data-e-type=\"section\">\n\t\t\t\t\t\t<div class=\"elementor-container elementor-column-gap-default\">\n\t\t\t\t\t<div class=\"elementor-column elementor-col-100 elementor-top-column elementor-element elementor-element-a53333c\" data-id=\"a53333c\" data-element_type=\"column\" data-e-type=\"column\">\n\t\t\t<div class=\"elementor-widget-wrap elementor-element-populated\">\n\t\t\t\t\t\t<div class=\"elementor-element elementor-element-c190de3 elementor-widget elementor-widget-heading\" data-id=\"c190de3\" data-element_type=\"widget\" data-e-type=\"widget\" data-widget_type=\"heading.default\">\n\t\t\t\t<div class=\"elementor-widget-container\">\n\t\t\t\t\t<h2 class=\"elementor-heading-title elementor-size-default\"><span class=\"ez-toc-section\" id=\"La_chiusa_dellOrdine_di_Malta\"><\/span>La chiusa dell\u2019Ordine di Malta<span class=\"ez-toc-section-end\"><\/span><\/h2>\t\t\t\t<\/div>\n\t\t\t\t<\/div>\n\t\t\t\t<div class=\"elementor-element elementor-element-16f502e elementor-widget elementor-widget-text-editor\" data-id=\"16f502e\" data-element_type=\"widget\" data-e-type=\"widget\" data-widget_type=\"text-editor.default\">\n\t\t\t\t<div class=\"elementor-widget-container\">\n\t\t\t\t\t\t\t\t\t<p data-start=\"320\" data-end=\"711\">Wspomniana ju\u017c dziurka w drzwiach bramy prowadz\u0105cej do siedziby Zakonu Malta\u0144skiego tworzy idealnie wykadrowany widok na kopu\u0142\u0119 Bazyliki \u015bw. Piotra. Niekt\u00f3rzy m\u00f3wi\u0105, \u017ce to czysty przypadek, inni, ze nie i mo\u017cliwe, \u017ce maj\u0105 racj\u0119.\u00a0<\/p><p data-start=\"713\" data-end=\"1150\">Brama, przez kt\u00f3r\u0105 dzi\u015b wygl\u0105damy jak przez lunet\u0119, zosta\u0142a przebudowana w 1765 roku przez znanego architekta Giovanniego Battist\u0119 Piranesiego. To w\u0142a\u015bnie on zaprojektowa\u0142 ca\u0142\u0105 ma\u0142\u0105, barokow\u0105 przestrze\u0144 Piazza dei Cavalieri di Malta. To w\u0142a\u015bciwie jedyne dzie\u0142o urbanistyczne jego autorstwa, kt\u00f3re zachowa\u0142o si\u0119 w Rzymie. Ca\u0142o\u015b\u0107 jest niewielka, ale bogato zdobiona, z motywami trofe\u00f3w wojennych, kt\u00f3re nawi\u0105zuj\u0105 do historii zakonu Malta\u0144skiego.<\/p><p data-start=\"1540\" data-end=\"1846\">Najbardziej niezwyk\u0142e jest jednak to, co dok\u0142adnie wida\u0107 przez t\u0119 ma\u0142\u0105 dziurk\u0119: trzy terytoria w jednym spojrzeniu. Ogrody przynale\u017c\u0105ce do zakonu s\u0105 terytorium suwerennym (cho\u0107 w samym \u015brodku Rzymu), nast\u0119pnie widzisz W\u0142ochy, a na ko\u0144cu Watykan.\u00a0<\/p>\t\t\t\t\t\t\t\t<\/div>\n\t\t\t\t<\/div>\n\t\t\t\t<div class=\"elementor-element elementor-element-4a64a13 elementor-widget elementor-widget-image\" data-id=\"4a64a13\" data-element_type=\"widget\" data-e-type=\"widget\" data-widget_type=\"image.default\">\n\t\t\t\t<div class=\"elementor-widget-container\">\n\t\t\t\t\t\t\t\t\t\t\t\t\t\t\t<img decoding=\"async\" width=\"692\" height=\"1024\" data-src=\"https:\/\/www.wzdluzdrogi.pl\/wp-content\/uploads\/2025\/07\/federico-scarionati-4ox26l3PlHM-unsplash-2-692x1024.jpg\" class=\"attachment-large size-large wp-image-4454 lazyload\" alt=\"rzym, punkty widokowe w rzymie, naj\u0142adniejsze punkty widokowe rzymu, panorama rzymu, gdzie najlepsza, widok przez dziurke od klucza rzym\" data-srcset=\"https:\/\/www.wzdluzdrogi.pl\/wp-content\/uploads\/2025\/07\/federico-scarionati-4ox26l3PlHM-unsplash-2-692x1024.jpg 692w, https:\/\/www.wzdluzdrogi.pl\/wp-content\/uploads\/2025\/07\/federico-scarionati-4ox26l3PlHM-unsplash-2-203x300.jpg 203w, https:\/\/www.wzdluzdrogi.pl\/wp-content\/uploads\/2025\/07\/federico-scarionati-4ox26l3PlHM-unsplash-2-768x1137.jpg 768w, https:\/\/www.wzdluzdrogi.pl\/wp-content\/uploads\/2025\/07\/federico-scarionati-4ox26l3PlHM-unsplash-2-1038x1536.jpg 1038w, https:\/\/www.wzdluzdrogi.pl\/wp-content\/uploads\/2025\/07\/federico-scarionati-4ox26l3PlHM-unsplash-2-scaled.jpg 1081w\" data-sizes=\"(max-width: 692px) 100vw, 692px\" src=\"data:image\/svg+xml;base64,PHN2ZyB3aWR0aD0iMSIgaGVpZ2h0PSIxIiB4bWxucz0iaHR0cDovL3d3dy53My5vcmcvMjAwMC9zdmciPjwvc3ZnPg==\" style=\"--smush-placeholder-width: 692px; --smush-placeholder-aspect-ratio: 692\/1024;\" \/>\t\t\t\t\t\t\t\t\t\t\t\t\t\t\t<\/div>\n\t\t\t\t<\/div>\n\t\t\t\t\t<\/div>\n\t\t<\/div>\n\t\t\t\t\t<\/div>\n\t\t<\/section>\n\t\t\t\t<section class=\"elementor-section elementor-top-section elementor-element elementor-element-8e1d136 elementor-section-boxed elementor-section-height-default elementor-section-height-default\" data-id=\"8e1d136\" data-element_type=\"section\" data-e-type=\"section\">\n\t\t\t\t\t\t<div class=\"elementor-container elementor-column-gap-default\">\n\t\t\t\t\t<div class=\"elementor-column elementor-col-100 elementor-top-column elementor-element elementor-element-e844225\" data-id=\"e844225\" data-element_type=\"column\" data-e-type=\"column\">\n\t\t\t<div class=\"elementor-widget-wrap elementor-element-populated\">\n\t\t\t\t\t\t<div class=\"elementor-element elementor-element-dc76d17 elementor-widget elementor-widget-heading\" data-id=\"dc76d17\" data-element_type=\"widget\" data-e-type=\"widget\" data-widget_type=\"heading.default\">\n\t\t\t\t<div class=\"elementor-widget-container\">\n\t\t\t\t\t<h2 class=\"elementor-heading-title elementor-size-default\"><span class=\"ez-toc-section\" id=\"Monte_Mario_%E2%80%93_Parco_Mellini\"><\/span>Monte Mario \u2013 Parco Mellini<span class=\"ez-toc-section-end\"><\/span><\/h2>\t\t\t\t<\/div>\n\t\t\t\t<\/div>\n\t\t\t\t<div class=\"elementor-element elementor-element-6f5338b elementor-widget elementor-widget-text-editor\" data-id=\"6f5338b\" data-element_type=\"widget\" data-e-type=\"widget\" data-widget_type=\"text-editor.default\">\n\t\t\t\t<div class=\"elementor-widget-container\">\n\t\t\t\t\t\t\t\t\t<p data-start=\"2733\" data-end=\"3115\">Monte Mario to najwy\u017cszy naturalny punkt Rzym, bo si\u0119ga a\u017c 139 metr\u00f3w n.p.m., a jego zbocza spogl\u0105daj\u0105 z g\u00f3ry na dolin\u0119 Tybru. Le\u017cy troch\u0119 na uboczu, wi\u0119c nie wszyscy tury\u015bci tu trafiaj\u0105, ale to w\u0142a\u015bnie dodaje temu miejscu uroku. No i szczeg\u00f3lnie polecam, je\u015bli lubisz poby\u0107 troch\u0119 sam &#8211; ty, spok\u00f3j i \u0142adny widok.<\/p><p>W czasach rzymskich znajdowa\u0142y si\u0119 tu bogate wille mieszkalne, potem w \u015bredniowieczu teren zamieni\u0142 si\u0119 w ogrody i winnice. Ale to w epoce renesansu Monte Mario zyska\u0142o status ekskluzywnego miejsca do \u017cycia, poniewa\u017c tu swoje rezydencje stawia\u0142y arystokratyczne rody.<\/p><p data-start=\"2733\" data-end=\"3115\">Spaceruj\u0105c po parku Mellini, mo\u017cna dzi\u015b dostrzec pozosta\u0142o\u015bci tej przesz\u0142o\u015bci: znajdziesz tu m.in. Villa Madama \u2013 siedzib\u0119 reprezentacyjn\u0105 rz\u0105du W\u0142och, Villa Mazzanti, siedzib\u0119 instytucji ochrony przyrody RomaNatura, oraz Villa Mellini, kt\u00f3rej historia si\u0119ga XV wieku. To w\u0142a\u015bnie od niej park wzi\u0105\u0142 swoj\u0105 nazw\u0119.<\/p>\t\t\t\t\t\t\t\t<\/div>\n\t\t\t\t<\/div>\n\t\t\t\t\t<\/div>\n\t\t<\/div>\n\t\t\t\t\t<\/div>\n\t\t<\/section>\n\t\t\t\t<section class=\"elementor-section elementor-top-section elementor-element elementor-element-4807c2ff elementor-section-boxed elementor-section-height-default elementor-section-height-default\" data-id=\"4807c2ff\" data-element_type=\"section\" data-e-type=\"section\">\n\t\t\t\t\t\t<div class=\"elementor-container elementor-column-gap-default\">\n\t\t\t\t\t<div class=\"elementor-column elementor-col-100 elementor-top-column elementor-element elementor-element-15f12aca\" data-id=\"15f12aca\" data-element_type=\"column\" data-e-type=\"column\">\n\t\t\t<div class=\"elementor-widget-wrap elementor-element-populated\">\n\t\t\t\t\t\t<div class=\"elementor-element elementor-element-77f84779 elementor-widget elementor-widget-heading\" data-id=\"77f84779\" data-element_type=\"widget\" data-e-type=\"widget\" data-widget_type=\"heading.default\">\n\t\t\t\t<div class=\"elementor-widget-container\">\n\t\t\t\t\t<h2 class=\"elementor-heading-title elementor-size-default\"><span class=\"ez-toc-section\" id=\"Kopula_Bazyliki_sw_Piotra\"><\/span>Kopu\u0142a Bazyliki \u015bw. Piotra<span class=\"ez-toc-section-end\"><\/span><\/h2>\t\t\t\t<\/div>\n\t\t\t\t<\/div>\n\t\t\t\t<div class=\"elementor-element elementor-element-608042e1 elementor-widget elementor-widget-text-editor\" data-id=\"608042e1\" data-element_type=\"widget\" data-e-type=\"widget\" data-widget_type=\"text-editor.default\">\n\t\t\t\t<div class=\"elementor-widget-container\">\n\t\t\t\t\t\t\t\t\t<p class=\"\" data-start=\"2104\" data-end=\"2395\">Widok z kopu\u0142y Bazyliki \u015bw. Piotra to absolutny klasyk. Wspinaczka na g\u00f3r\u0119 (320 schod\u00f3w, je\u015bli wje\u017cd\u017cacie wind\u0105 do po\u0142owy, lub 551 bez windy) mo\u017ce da\u0107 w ko\u015b\u0107, ale panorama wynagradza ka\u017cdy krok. Stoj\u0105c na szczycie, Rzym rozci\u0105ga ci si\u0119 pod stopami. Plac \u015bw. Piotra wygl\u0105da jak z makiety, a miasto po horyzont uk\u0142ada si\u0119 w mozaik\u0119 dach\u00f3w.<\/p><p>Cena wej\u015bcia na kopu\u0142\u0119 schodami to koszt 17 euro (w tym wliczone jest zwiedzanie Bazyliki z audio przewodnikiem). Normalnie za wej\u015bcie do Bazyliki nie trzeba p\u0142aci\u0107, ale trzeba zap\u0142aci\u0107 za audio przewodnik, je\u015bli si\u0119 go chce. Tu niestety nie mamy wyboru wybra\u0107 wej\u015bcia na sam\u0105 kopu\u0142\u0119. Cena wjazdu na kopu\u0142\u0119 wind\u0105 to koszt 22 euro i znowu, w tym wliczona jest cena za audio przewodnik.\u00a0<\/p>\t\t\t\t\t\t\t\t<\/div>\n\t\t\t\t<\/div>\n\t\t\t\t<div class=\"elementor-element elementor-element-ff6827c elementor-widget elementor-widget-image\" data-id=\"ff6827c\" data-element_type=\"widget\" data-e-type=\"widget\" data-widget_type=\"image.default\">\n\t\t\t\t<div class=\"elementor-widget-container\">\n\t\t\t\t\t\t\t\t\t\t\t\t\t\t\t<img decoding=\"async\" width=\"780\" height=\"520\" data-src=\"https:\/\/www.wzdluzdrogi.pl\/wp-content\/uploads\/2025\/07\/MG_0487-2-1024x683.jpg\" class=\"attachment-large size-large wp-image-4449 lazyload\" alt=\"\" data-srcset=\"https:\/\/www.wzdluzdrogi.pl\/wp-content\/uploads\/2025\/07\/MG_0487-2-1024x683.jpg 1024w, https:\/\/www.wzdluzdrogi.pl\/wp-content\/uploads\/2025\/07\/MG_0487-2-300x200.jpg 300w, https:\/\/www.wzdluzdrogi.pl\/wp-content\/uploads\/2025\/07\/MG_0487-2-768x512.jpg 768w, https:\/\/www.wzdluzdrogi.pl\/wp-content\/uploads\/2025\/07\/MG_0487-2-1536x1024.jpg 1536w, https:\/\/www.wzdluzdrogi.pl\/wp-content\/uploads\/2025\/07\/MG_0487-2-scaled.jpg 1600w\" data-sizes=\"(max-width: 780px) 100vw, 780px\" src=\"data:image\/svg+xml;base64,PHN2ZyB3aWR0aD0iMSIgaGVpZ2h0PSIxIiB4bWxucz0iaHR0cDovL3d3dy53My5vcmcvMjAwMC9zdmciPjwvc3ZnPg==\" style=\"--smush-placeholder-width: 780px; --smush-placeholder-aspect-ratio: 780\/520;\" \/>\t\t\t\t\t\t\t\t\t\t\t\t\t\t\t<\/div>\n\t\t\t\t<\/div>\n\t\t\t\t\t<\/div>\n\t\t<\/div>\n\t\t\t\t\t<\/div>\n\t\t<\/section>\n\t\t\t\t<section class=\"elementor-section elementor-top-section elementor-element elementor-element-cae9922 elementor-section-boxed elementor-section-height-default elementor-section-height-default\" data-id=\"cae9922\" data-element_type=\"section\" data-e-type=\"section\">\n\t\t\t\t\t\t<div class=\"elementor-container elementor-column-gap-default\">\n\t\t\t\t\t<div class=\"elementor-column elementor-col-100 elementor-top-column elementor-element elementor-element-66a8bed7\" data-id=\"66a8bed7\" data-element_type=\"column\" data-e-type=\"column\">\n\t\t\t<div class=\"elementor-widget-wrap elementor-element-populated\">\n\t\t\t\t\t\t<div class=\"elementor-element elementor-element-5060f229 elementor-widget elementor-widget-heading\" data-id=\"5060f229\" data-element_type=\"widget\" data-e-type=\"widget\" data-widget_type=\"heading.default\">\n\t\t\t\t<div class=\"elementor-widget-container\">\n\t\t\t\t\t<h2 class=\"elementor-heading-title elementor-size-default\"><span class=\"ez-toc-section\" id=\"Monte_Ciocci\"><\/span>Monte Ciocci<span class=\"ez-toc-section-end\"><\/span><\/h2>\t\t\t\t<\/div>\n\t\t\t\t<\/div>\n\t\t\t\t<div class=\"elementor-element elementor-element-1c9cc910 elementor-widget elementor-widget-text-editor\" data-id=\"1c9cc910\" data-element_type=\"widget\" data-e-type=\"widget\" data-widget_type=\"text-editor.default\">\n\t\t\t\t<div class=\"elementor-widget-container\">\n\t\t\t\t\t\t\t\t\t<p class=\"\" data-start=\"2142\" data-end=\"2509\">Po\u0142o\u017cony w dzielnicy Balduina punkt widokowy, kt\u00f3ry zaskakuje swoj\u0105 panoram\u0105 na kopu\u0142\u0119 \u015bw. Piotra. Ma\u0142o znany, cichy, cz\u0119sto odwiedzany tylko przez mieszka\u0144c\u00f3w. Idealny na spokojny poranek lub zach\u00f3d s\u0142o\u0144ca, je\u015bli chcecie zobaczy\u0107 Watykan z innej, nieturystycznej perspektywy.<\/p>\t\t\t\t\t\t\t\t<\/div>\n\t\t\t\t<\/div>\n\t\t\t\t<div class=\"elementor-element elementor-element-0ed1dde elementor-widget elementor-widget-image\" data-id=\"0ed1dde\" data-element_type=\"widget\" data-e-type=\"widget\" data-widget_type=\"image.default\">\n\t\t\t\t<div class=\"elementor-widget-container\">\n\t\t\t\t\t\t\t\t\t\t\t\t<figure class=\"wp-caption\">\n\t\t\t\t\t\t\t\t\t\t<img decoding=\"async\" width=\"780\" height=\"410\" data-src=\"https:\/\/www.wzdluzdrogi.pl\/wp-content\/uploads\/2025\/07\/parco-monte-ciocci-1024x538.jpg\" class=\"attachment-large size-large wp-image-4494 lazyload\" alt=\"\" data-srcset=\"https:\/\/www.wzdluzdrogi.pl\/wp-content\/uploads\/2025\/07\/parco-monte-ciocci-1024x538.jpg 1024w, https:\/\/www.wzdluzdrogi.pl\/wp-content\/uploads\/2025\/07\/parco-monte-ciocci-300x158.jpg 300w, https:\/\/www.wzdluzdrogi.pl\/wp-content\/uploads\/2025\/07\/parco-monte-ciocci-768x403.jpg 768w, https:\/\/www.wzdluzdrogi.pl\/wp-content\/uploads\/2025\/07\/parco-monte-ciocci.jpg 1200w\" data-sizes=\"(max-width: 780px) 100vw, 780px\" src=\"data:image\/svg+xml;base64,PHN2ZyB3aWR0aD0iMSIgaGVpZ2h0PSIxIiB4bWxucz0iaHR0cDovL3d3dy53My5vcmcvMjAwMC9zdmciPjwvc3ZnPg==\" style=\"--smush-placeholder-width: 780px; --smush-placeholder-aspect-ratio: 780\/410;\" \/>\t\t\t\t\t\t\t\t\t\t\t<figcaption class=\"widget-image-caption wp-caption-text\">https:\/\/www.messaafuoco.com\/city\/roma-parco-monte-ciocci-belta-e-pericoli\/<\/figcaption>\n\t\t\t\t\t\t\t\t\t\t<\/figure>\n\t\t\t\t\t\t\t\t\t<\/div>\n\t\t\t\t<\/div>\n\t\t\t\t\t<\/div>\n\t\t<\/div>\n\t\t\t\t\t<\/div>\n\t\t<\/section>\n\t\t\t\t<section class=\"elementor-section elementor-top-section elementor-element elementor-element-a7c1015 elementor-section-boxed elementor-section-height-default elementor-section-height-default\" data-id=\"a7c1015\" data-element_type=\"section\" data-e-type=\"section\">\n\t\t\t\t\t\t<div class=\"elementor-container elementor-column-gap-default\">\n\t\t\t\t\t<div class=\"elementor-column elementor-col-100 elementor-top-column elementor-element elementor-element-73e9057\" data-id=\"73e9057\" data-element_type=\"column\" data-e-type=\"column\">\n\t\t\t<div class=\"elementor-widget-wrap elementor-element-populated\">\n\t\t\t\t\t\t<div class=\"elementor-element elementor-element-e1c4a26 elementor-widget elementor-widget-heading\" data-id=\"e1c4a26\" data-element_type=\"widget\" data-e-type=\"widget\" data-widget_type=\"heading.default\">\n\t\t\t\t<div class=\"elementor-widget-container\">\n\t\t\t\t\t<h2 class=\"elementor-heading-title elementor-size-default\"><span class=\"ez-toc-section\" id=\"Taras_widokowy_na_Vittoriano\"><\/span>Taras widokowy na  Vittoriano <span class=\"ez-toc-section-end\"><\/span><\/h2>\t\t\t\t<\/div>\n\t\t\t\t<\/div>\n\t\t\t\t<div class=\"elementor-element elementor-element-771f4dc elementor-widget elementor-widget-text-editor\" data-id=\"771f4dc\" data-element_type=\"widget\" data-e-type=\"widget\" data-widget_type=\"text-editor.default\">\n\t\t\t\t<div class=\"elementor-widget-container\">\n\t\t\t\t\t\t\t\t\t<p class=\"\" data-start=\"2142\" data-end=\"2509\">Taras panoramiczny na szczycie Vittoriano, znany te\u017c jako Terrazza delle Quadrighe, to jeden z najwy\u017cszych punkt\u00f3w widokowych w samym sercu Wiecznego Miasta. Idealny, je\u015bli chcesz zobaczy\u0107 Rzym z wysoko\u015bci 70 metr\u00f3w, ale nie masz ochoty wspina\u0107 si\u0119 po setkach schod\u00f3w.Po wyj\u015bciu z windy jeste\u015b na jednym z najbardziej imponuj\u0105cych taras\u00f3w w ca\u0142ym Rzymie. Przed tob\u0105 rozpo\u015bciera si\u0119 widok na Wieczne Miasto.<\/p><p data-start=\"1450\" data-end=\"1787\">Tu\u017c przy tarasie stoj\u0105 dwie ogromne rze\u017aby kwadryg z br\u0105zu \u2013 konie ci\u0105gn\u0105ce rydwan, prowadzone przez skrzydlate postacie. Wida\u0107 je z niemal ka\u017cdego zak\u0105tka miasta, ale dopiero z bliska mo\u017cna doceni\u0107 ich detal. Jedna z kwadryg symbolizuje Jedno\u015b\u0107, druga natomiast Wolno\u015b\u0107. To dwa fundamenty, na kt\u00f3rych oparto ide\u0119 zjednoczonych W\u0142och.<\/p><p data-start=\"2901\" data-end=\"2981\">Wst\u0119p na taras (w tym wjazd wind\u0105) kosztuje 18 euro za bilet normalny. Bilet ulgowy (dla os\u00f3b od 18 do 25 lat) to tylko 5 euro. Dzieci i m\u0142odzie\u017c poni\u017cej 18. roku \u017cycia wchodz\u0105 za darmo.<\/p>\t\t\t\t\t\t\t\t<\/div>\n\t\t\t\t<\/div>\n\t\t\t\t<div class=\"elementor-element elementor-element-ce7396b elementor-widget elementor-widget-image\" data-id=\"ce7396b\" data-element_type=\"widget\" data-e-type=\"widget\" data-widget_type=\"image.default\">\n\t\t\t\t<div class=\"elementor-widget-container\">\n\t\t\t\t\t\t\t\t\t\t\t\t<figure class=\"wp-caption\">\n\t\t\t\t\t\t\t\t\t\t<img decoding=\"async\" width=\"780\" height=\"519\" data-src=\"https:\/\/www.wzdluzdrogi.pl\/wp-content\/uploads\/2025\/07\/joshi-milestoner-Gm8kNoo22hI-unsplash-1024x681.jpg\" class=\"attachment-large size-large wp-image-4499 lazyload\" alt=\"\" data-srcset=\"https:\/\/www.wzdluzdrogi.pl\/wp-content\/uploads\/2025\/07\/joshi-milestoner-Gm8kNoo22hI-unsplash-1024x681.jpg 1024w, https:\/\/www.wzdluzdrogi.pl\/wp-content\/uploads\/2025\/07\/joshi-milestoner-Gm8kNoo22hI-unsplash-300x200.jpg 300w, https:\/\/www.wzdluzdrogi.pl\/wp-content\/uploads\/2025\/07\/joshi-milestoner-Gm8kNoo22hI-unsplash-768x511.jpg 768w, https:\/\/www.wzdluzdrogi.pl\/wp-content\/uploads\/2025\/07\/joshi-milestoner-Gm8kNoo22hI-unsplash.jpg 1200w\" data-sizes=\"(max-width: 780px) 100vw, 780px\" src=\"data:image\/svg+xml;base64,PHN2ZyB3aWR0aD0iMSIgaGVpZ2h0PSIxIiB4bWxucz0iaHR0cDovL3d3dy53My5vcmcvMjAwMC9zdmciPjwvc3ZnPg==\" style=\"--smush-placeholder-width: 780px; --smush-placeholder-aspect-ratio: 780\/519;\" \/>\t\t\t\t\t\t\t\t\t\t\t<figcaption class=\"widget-image-caption wp-caption-text\"><\/figcaption>\n\t\t\t\t\t\t\t\t\t\t<\/figure>\n\t\t\t\t\t\t\t\t\t<\/div>\n\t\t\t\t<\/div>\n\t\t\t\t\t<\/div>\n\t\t<\/div>\n\t\t\t\t\t<\/div>\n\t\t<\/section>\n\t\t\t\t<section class=\"elementor-section elementor-top-section elementor-element elementor-element-975dbba elementor-section-boxed elementor-section-height-default elementor-section-height-default\" data-id=\"975dbba\" data-element_type=\"section\" data-e-type=\"section\">\n\t\t\t\t\t\t<div class=\"elementor-container elementor-column-gap-default\">\n\t\t\t\t\t<div class=\"elementor-column elementor-col-100 elementor-top-column elementor-element elementor-element-947b523\" data-id=\"947b523\" data-element_type=\"column\" data-e-type=\"column\">\n\t\t\t<div class=\"elementor-widget-wrap\">\n\t\t\t\t\t\t\t<\/div>\n\t\t<\/div>\n\t\t\t\t\t<\/div>\n\t\t<\/section>\n\t\t\t\t<section class=\"elementor-section elementor-top-section elementor-element elementor-element-e8aefee elementor-section-boxed elementor-section-height-default elementor-section-height-default\" data-id=\"e8aefee\" data-element_type=\"section\" data-e-type=\"section\">\n\t\t\t\t\t\t<div class=\"elementor-container elementor-column-gap-default\">\n\t\t\t\t\t<div class=\"elementor-column elementor-col-100 elementor-top-column elementor-element elementor-element-04d6547\" data-id=\"04d6547\" data-element_type=\"column\" data-e-type=\"column\">\n\t\t\t<div class=\"elementor-widget-wrap elementor-element-populated\">\n\t\t\t\t\t\t<div class=\"elementor-element elementor-element-3c336ba elementor-widget elementor-widget-heading\" data-id=\"3c336ba\" data-element_type=\"widget\" data-e-type=\"widget\" data-widget_type=\"heading.default\">\n\t\t\t\t<div class=\"elementor-widget-container\">\n\t\t\t\t\t<h2 class=\"elementor-heading-title elementor-size-default\"><span class=\"ez-toc-section\" id=\"Piazzale_Socrate\"><\/span>Piazzale Socrate<span class=\"ez-toc-section-end\"><\/span><\/h2>\t\t\t\t<\/div>\n\t\t\t\t<\/div>\n\t\t\t\t<div class=\"elementor-element elementor-element-1d76304 elementor-widget elementor-widget-text-editor\" data-id=\"1d76304\" data-element_type=\"widget\" data-e-type=\"widget\" data-widget_type=\"text-editor.default\">\n\t\t\t\t<div class=\"elementor-widget-container\">\n\t\t\t\t\t\t\t\t\t<p data-start=\"211\" data-end=\"481\">Na wzg\u00f3rzu Monte Mario, nieca\u0142\u0105 godzink\u0119 pieszo od Obserwatorium Astronomicznego, znajduje si\u0119 ma\u0142o znany, a niezwykle urokliwy punkt widokowy \u2013 Piazzale Socrate. To miejsce rzadko odwiedzane przez t\u0142umy turyst\u00f3w, a dzi\u0119ki temu zachowuje swoj\u0105 kameraln\u0105 atmosfer\u0119.<\/p><p data-start=\"483\" data-end=\"714\">Z tarasu roztacza si\u0119 rozleg\u0142a panorama p\u00f3\u0142nocnego Rzymu \u2013 wida\u0107 st\u0105d biegn\u0105cy w dole Tyber, eleganckie dzielnice, a przy dobrej pogodzie tak\u017ce odleg\u0142e wzg\u00f3rza Lacjum. W tle wyr\u00f3\u017cnia si\u0119 sylwetka Watykanu z kopu\u0142\u0105 \u015bw. Piotra.<\/p><p data-start=\"716\" data-end=\"1046\">To doskona\u0142e miejsce, by uciec od gwaru centrum i zobaczy\u0107 Wieczne Miasto z innej, spokojniejszej perspektywy.<\/p>\t\t\t\t\t\t\t\t<\/div>\n\t\t\t\t<\/div>\n\t\t\t\t\t<\/div>\n\t\t<\/div>\n\t\t\t\t\t<\/div>\n\t\t<\/section>\n\t\t\t\t<section class=\"elementor-section elementor-top-section elementor-element elementor-element-890eeb9 elementor-section-boxed elementor-section-height-default elementor-section-height-default\" data-id=\"890eeb9\" data-element_type=\"section\" data-e-type=\"section\">\n\t\t\t\t\t\t<div class=\"elementor-container elementor-column-gap-default\">\n\t\t\t\t\t<div class=\"elementor-column elementor-col-100 elementor-top-column elementor-element elementor-element-a90e7c6\" data-id=\"a90e7c6\" data-element_type=\"column\" data-e-type=\"column\">\n\t\t\t<div class=\"elementor-widget-wrap elementor-element-populated\">\n\t\t\t\t\t\t<div class=\"elementor-element elementor-element-fed383b elementor-widget elementor-widget-heading\" data-id=\"fed383b\" data-element_type=\"widget\" data-e-type=\"widget\" data-widget_type=\"heading.default\">\n\t\t\t\t<div class=\"elementor-widget-container\">\n\t\t\t\t\t<h2 class=\"elementor-heading-title elementor-size-default\"><span class=\"ez-toc-section\" id=\"Belvedere_Primo_Meridiano_dItalia\"><\/span>Belvedere Primo Meridiano d\u2019Italia<span class=\"ez-toc-section-end\"><\/span><\/h2>\t\t\t\t<\/div>\n\t\t\t\t<\/div>\n\t\t\t\t<div class=\"elementor-element elementor-element-9405078 elementor-widget elementor-widget-text-editor\" data-id=\"9405078\" data-element_type=\"widget\" data-e-type=\"widget\" data-widget_type=\"text-editor.default\">\n\t\t\t\t<div class=\"elementor-widget-container\">\n\t\t\t\t\t\t\t\t\t<p>W pobli\u017cu s\u0142ynnego Obserwatorium Astronomicznego znajduje si\u0119 punkt widokowy z nutk\u0105 naukowej ciekawostki \u2013 Belvedere Primo Meridiano d\u2019Italia. To w\u0142a\u015bnie tutaj przebiega pierwszy po\u0142udnik geograficzny W\u0142och, wyznaczony jeszcze w XIX wieku przez astronom\u00f3w z rzymskiego obserwatorium.<\/p><p data-start=\"1403\" data-end=\"1695\">Miejsce jest oznaczone tablicami.\u00a0Poza walorem naukowym, belweder oferuje jeden z najszerszych widok\u00f3w na Rzym \u2013 od p\u00f3\u0142nocnych dzielnic po centrum i dalekie pasma g\u00f3rskie.<\/p>\t\t\t\t\t\t\t\t<\/div>\n\t\t\t\t<\/div>\n\t\t\t\t\t<\/div>\n\t\t<\/div>\n\t\t\t\t\t<\/div>\n\t\t<\/section>\n\t\t\t\t<section class=\"elementor-section elementor-top-section elementor-element elementor-element-6566e2a elementor-section-boxed elementor-section-height-default elementor-section-height-default\" data-id=\"6566e2a\" data-element_type=\"section\" data-e-type=\"section\">\n\t\t\t\t\t\t<div class=\"elementor-container elementor-column-gap-default\">\n\t\t\t\t\t<div class=\"elementor-column elementor-col-100 elementor-top-column elementor-element elementor-element-7fc826d\" data-id=\"7fc826d\" data-element_type=\"column\" data-e-type=\"column\">\n\t\t\t<div class=\"elementor-widget-wrap elementor-element-populated\">\n\t\t\t\t\t\t<div class=\"elementor-element elementor-element-72990d1 elementor-widget elementor-widget-text-editor\" data-id=\"72990d1\" data-element_type=\"widget\" data-e-type=\"widget\" data-widget_type=\"text-editor.default\">\n\t\t\t\t<div class=\"elementor-widget-container\">\n\t\t\t\t\t\t\t\t\t<p><strong>Interesuj\u0105 ci\u0119 W\u0142ochy? Zobacz r\u00f3wnie\u017c:<\/strong><\/p>\t\t\t\t\t\t\t\t<\/div>\n\t\t\t\t<\/div>\n\t\t\t\t\t<\/div>\n\t\t<\/div>\n\t\t\t\t\t<\/div>\n\t\t<\/section>\n\t\t\t\t<section class=\"elementor-section elementor-top-section elementor-element elementor-element-5a909c11 elementor-section-full_width elementor-section-stretched elementor-section-height-default elementor-section-height-default elementor-invisible\" data-id=\"5a909c11\" data-element_type=\"section\" data-e-type=\"section\" data-settings=\"{&quot;background_background&quot;:&quot;classic&quot;,&quot;animation&quot;:&quot;fadeInLeft&quot;,&quot;stretch_section&quot;:&quot;section-stretched&quot;}\">\n\t\t\t\t\t\t\t<div class=\"elementor-background-overlay\"><\/div>\n\t\t\t\t\t\t\t<div class=\"elementor-container elementor-column-gap-wider\">\n\t\t\t\t\t<div class=\"elementor-column elementor-col-33 elementor-top-column elementor-element elementor-element-d8854b8\" data-id=\"d8854b8\" data-element_type=\"column\" data-e-type=\"column\">\n\t\t\t<div class=\"elementor-widget-wrap elementor-element-populated\">\n\t\t\t\t\t\t<div class=\"elementor-element elementor-element-cae2084 elementor-widget elementor-widget-image\" data-id=\"cae2084\" data-element_type=\"widget\" data-e-type=\"widget\" data-widget_type=\"image.default\">\n\t\t\t\t<div class=\"elementor-widget-container\">\n\t\t\t\t\t\t\t\t\t\t\t\t<figure class=\"wp-caption\">\n\t\t\t\t\t\t\t\t\t\t\t<a href=\"https:\/\/www.wzdluzdrogi.pl\/index.php\/2025\/04\/22\/rzeczy-ktore-mozesz-zrobic-i-zobaczyc-w-rzymie-za-darmo\/\">\n\t\t\t\t\t\t\t<img decoding=\"async\" width=\"683\" height=\"1024\" data-src=\"https:\/\/www.wzdluzdrogi.pl\/wp-content\/uploads\/2025\/07\/MG_0615-2-683x1024.jpg\" class=\"elementor-animation-rotate attachment-large size-large wp-image-4451 lazyload\" alt=\"rzym, co zobaczy\u0107 w rzymie, rzym na wakacje, wakacje w rzymie\" data-srcset=\"https:\/\/www.wzdluzdrogi.pl\/wp-content\/uploads\/2025\/07\/MG_0615-2-683x1024.jpg 683w, https:\/\/www.wzdluzdrogi.pl\/wp-content\/uploads\/2025\/07\/MG_0615-2-200x300.jpg 200w, https:\/\/www.wzdluzdrogi.pl\/wp-content\/uploads\/2025\/07\/MG_0615-2-768x1152.jpg 768w, https:\/\/www.wzdluzdrogi.pl\/wp-content\/uploads\/2025\/07\/MG_0615-2-1024x1536.jpg 1024w, https:\/\/www.wzdluzdrogi.pl\/wp-content\/uploads\/2025\/07\/MG_0615-2-scaled.jpg 1067w\" data-sizes=\"(max-width: 683px) 100vw, 683px\" src=\"data:image\/svg+xml;base64,PHN2ZyB3aWR0aD0iMSIgaGVpZ2h0PSIxIiB4bWxucz0iaHR0cDovL3d3dy53My5vcmcvMjAwMC9zdmciPjwvc3ZnPg==\" style=\"--smush-placeholder-width: 683px; --smush-placeholder-aspect-ratio: 683\/1024;\" \/>\t\t\t\t\t\t\t\t<\/a>\n\t\t\t\t\t\t\t\t\t\t\t<figcaption class=\"widget-image-caption wp-caption-text\">Rzeczy, kt\u00f3re zobaczysz w Rzymie za darmo<\/figcaption>\n\t\t\t\t\t\t\t\t\t\t<\/figure>\n\t\t\t\t\t\t\t\t\t<\/div>\n\t\t\t\t<\/div>\n\t\t\t\t\t<\/div>\n\t\t<\/div>\n\t\t\t\t<div class=\"elementor-column elementor-col-33 elementor-top-column elementor-element elementor-element-2c2f996d\" data-id=\"2c2f996d\" data-element_type=\"column\" data-e-type=\"column\">\n\t\t\t<div class=\"elementor-widget-wrap elementor-element-populated\">\n\t\t\t\t\t\t<div class=\"elementor-element elementor-element-f386f92 elementor-widget elementor-widget-image\" data-id=\"f386f92\" data-element_type=\"widget\" data-e-type=\"widget\" data-widget_type=\"image.default\">\n\t\t\t\t<div class=\"elementor-widget-container\">\n\t\t\t\t\t\t\t\t\t\t\t\t<figure class=\"wp-caption\">\n\t\t\t\t\t\t\t\t\t\t\t<a href=\"https:\/\/www.wzdluzdrogi.pl\/index.php\/2025\/04\/07\/wloskie-desery-ktore-musisz-sprobowac\/\">\n\t\t\t\t\t\t\t<img decoding=\"async\" width=\"684\" height=\"1024\" data-src=\"https:\/\/www.wzdluzdrogi.pl\/wp-content\/uploads\/2025\/04\/cannoli-wloskie-desery-ktore-musisz-sprobowac-we-wloszech-684x1024.jpg\" class=\"elementor-animation-rotate attachment-large size-large wp-image-4019 lazyload\" alt=\"\" data-srcset=\"https:\/\/www.wzdluzdrogi.pl\/wp-content\/uploads\/2025\/04\/cannoli-wloskie-desery-ktore-musisz-sprobowac-we-wloszech-684x1024.jpg 684w, https:\/\/www.wzdluzdrogi.pl\/wp-content\/uploads\/2025\/04\/cannoli-wloskie-desery-ktore-musisz-sprobowac-we-wloszech-200x300.jpg 200w, https:\/\/www.wzdluzdrogi.pl\/wp-content\/uploads\/2025\/04\/cannoli-wloskie-desery-ktore-musisz-sprobowac-we-wloszech-768x1150.jpg 768w, https:\/\/www.wzdluzdrogi.pl\/wp-content\/uploads\/2025\/04\/cannoli-wloskie-desery-ktore-musisz-sprobowac-we-wloszech-1025x1536.jpg 1025w, https:\/\/www.wzdluzdrogi.pl\/wp-content\/uploads\/2025\/04\/cannoli-wloskie-desery-ktore-musisz-sprobowac-we-wloszech-1367x2048.jpg 1367w, https:\/\/www.wzdluzdrogi.pl\/wp-content\/uploads\/2025\/04\/cannoli-wloskie-desery-ktore-musisz-sprobowac-we-wloszech-scaled.jpg 1068w\" data-sizes=\"(max-width: 684px) 100vw, 684px\" src=\"data:image\/svg+xml;base64,PHN2ZyB3aWR0aD0iMSIgaGVpZ2h0PSIxIiB4bWxucz0iaHR0cDovL3d3dy53My5vcmcvMjAwMC9zdmciPjwvc3ZnPg==\" style=\"--smush-placeholder-width: 684px; --smush-placeholder-aspect-ratio: 684\/1024;\" \/>\t\t\t\t\t\t\t\t<\/a>\n\t\t\t\t\t\t\t\t\t\t\t<figcaption class=\"widget-image-caption wp-caption-text\">W\u0142oskie desery, kt\u00f3re musisz sp\u00f3bowa\u0107<\/figcaption>\n\t\t\t\t\t\t\t\t\t\t<\/figure>\n\t\t\t\t\t\t\t\t\t<\/div>\n\t\t\t\t<\/div>\n\t\t\t\t\t<\/div>\n\t\t<\/div>\n\t\t\t\t<div class=\"elementor-column elementor-col-33 elementor-top-column elementor-element elementor-element-4d434a07\" data-id=\"4d434a07\" data-element_type=\"column\" data-e-type=\"column\">\n\t\t\t<div class=\"elementor-widget-wrap elementor-element-populated\">\n\t\t\t\t\t\t<div class=\"elementor-element elementor-element-8003ddd elementor-widget elementor-widget-image\" data-id=\"8003ddd\" data-element_type=\"widget\" data-e-type=\"widget\" data-widget_type=\"image.default\">\n\t\t\t\t<div class=\"elementor-widget-container\">\n\t\t\t\t\t\t\t\t\t\t\t\t<figure class=\"wp-caption\">\n\t\t\t\t\t\t\t\t\t\t\t<a href=\"https:\/\/www.wzdluzdrogi.pl\/index.php\/2025\/02\/05\/co-warto-zobaczyc-we-florencji\/\">\n\t\t\t\t\t\t\t<img decoding=\"async\" width=\"683\" height=\"1024\" data-src=\"https:\/\/www.wzdluzdrogi.pl\/wp-content\/uploads\/2025\/02\/jak-dojechac-do-florencji-z-mediolanu-co-zobaczyc-bedac-we-florencji-683x1024.jpg\" class=\"elementor-animation-rotate attachment-large size-large wp-image-3900 lazyload\" alt=\"\" data-srcset=\"https:\/\/www.wzdluzdrogi.pl\/wp-content\/uploads\/2025\/02\/jak-dojechac-do-florencji-z-mediolanu-co-zobaczyc-bedac-we-florencji-683x1024.jpg 683w, https:\/\/www.wzdluzdrogi.pl\/wp-content\/uploads\/2025\/02\/jak-dojechac-do-florencji-z-mediolanu-co-zobaczyc-bedac-we-florencji-200x300.jpg 200w, https:\/\/www.wzdluzdrogi.pl\/wp-content\/uploads\/2025\/02\/jak-dojechac-do-florencji-z-mediolanu-co-zobaczyc-bedac-we-florencji-768x1152.jpg 768w, https:\/\/www.wzdluzdrogi.pl\/wp-content\/uploads\/2025\/02\/jak-dojechac-do-florencji-z-mediolanu-co-zobaczyc-bedac-we-florencji-1024x1536.jpg 1024w, https:\/\/www.wzdluzdrogi.pl\/wp-content\/uploads\/2025\/02\/jak-dojechac-do-florencji-z-mediolanu-co-zobaczyc-bedac-we-florencji-1365x2048.jpg 1365w, https:\/\/www.wzdluzdrogi.pl\/wp-content\/uploads\/2025\/02\/jak-dojechac-do-florencji-z-mediolanu-co-zobaczyc-bedac-we-florencji-scaled.jpg 1067w\" data-sizes=\"(max-width: 683px) 100vw, 683px\" src=\"data:image\/svg+xml;base64,PHN2ZyB3aWR0aD0iMSIgaGVpZ2h0PSIxIiB4bWxucz0iaHR0cDovL3d3dy53My5vcmcvMjAwMC9zdmciPjwvc3ZnPg==\" style=\"--smush-placeholder-width: 683px; --smush-placeholder-aspect-ratio: 683\/1024;\" \/>\t\t\t\t\t\t\t\t<\/a>\n\t\t\t\t\t\t\t\t\t\t\t<figcaption class=\"widget-image-caption wp-caption-text\">Co warto zobaczy\u0107 we Florencji?<\/figcaption>\n\t\t\t\t\t\t\t\t\t\t<\/figure>\n\t\t\t\t\t\t\t\t\t<\/div>\n\t\t\t\t<\/div>\n\t\t\t\t\t<\/div>\n\t\t<\/div>\n\t\t\t\t\t<\/div>\n\t\t<\/section>\n\t\t\t\t<\/div>\n\t\t","protected":false},"excerpt":{"rendered":"<p>Najlepsze punkty widokowe w Rzymie, w kt\u00f3rych warto usi\u0105\u015b\u0107 na \u0142awce i ch\u0142on\u0105\u0107 miasto ca\u0142ym sob\u0105.<\/p>\n","protected":false},"author":1,"featured_media":4458,"comment_status":"open","ping_status":"closed","sticky":false,"template":"","format":"standard","meta":{"_monsterinsights_skip_tracking":false,"_monsterinsights_sitenote_active":false,"_monsterinsights_sitenote_note":"","_monsterinsights_sitenote_category":0,"footnotes":""},"categories":[26],"tags":[],"class_list":["post-4445","post","type-post","status-publish","format-standard","has-post-thumbnail","hentry","category-podroze"],"yoast_head":"<!-- This site is optimized with the Yoast SEO plugin v26.5 - https:\/\/yoast.com\/wordpress\/plugins\/seo\/ -->\n<title>Najpi\u0119kniejsze punkty widokowe w Rzymie - Wzd\u0142u\u017c Drogi<\/title>\n<meta name=\"description\" content=\"Najlepsze punkty widokowe w Rzymie, w kt\u00f3rych warto usi\u0105\u015b\u0107 po prostu na \u0142awce i ch\u0142on\u0105\u0107 miasto ca\u0142ym sob\u0105.\" \/>\n<meta name=\"robots\" content=\"index, follow, max-snippet:-1, max-image-preview:large, max-video-preview:-1\" \/>\n<link rel=\"canonical\" href=\"https:\/\/www.wzdluzdrogi.pl\/index.php\/2025\/08\/12\/najpiekniejsze-punkty-widokowe-w-rzymie\/\" \/>\n<meta property=\"og:locale\" content=\"pl_PL\" \/>\n<meta property=\"og:type\" content=\"article\" \/>\n<meta property=\"og:title\" content=\"Najpi\u0119kniejsze punkty widokowe w Rzymie - Wzd\u0142u\u017c Drogi\" \/>\n<meta property=\"og:description\" content=\"Najlepsze punkty widokowe w Rzymie, w kt\u00f3rych warto usi\u0105\u015b\u0107 po prostu na \u0142awce i ch\u0142on\u0105\u0107 miasto ca\u0142ym sob\u0105.\" \/>\n<meta property=\"og:url\" content=\"https:\/\/www.wzdluzdrogi.pl\/index.php\/2025\/08\/12\/najpiekniejsze-punkty-widokowe-w-rzymie\/\" \/>\n<meta property=\"og:site_name\" content=\"Wzd\u0142u\u017c Drogi\" \/>\n<meta property=\"article:published_time\" content=\"2025-08-12T11:07:37+00:00\" \/>\n<meta property=\"article:modified_time\" content=\"2025-08-12T12:21:10+00:00\" \/>\n<meta property=\"og:image\" content=\"https:\/\/www.wzdluzdrogi.pl\/wp-content\/uploads\/2025\/07\/marialaura-gionfriddo-KfYOGUA6piA-unsplash-2-scaled.jpg\" \/>\n\t<meta property=\"og:image:width\" content=\"1600\" \/>\n\t<meta property=\"og:image:height\" content=\"1069\" \/>\n\t<meta property=\"og:image:type\" content=\"image\/jpeg\" \/>\n<meta name=\"author\" content=\"Wzdluzdrogi\" \/>\n<meta name=\"twitter:card\" content=\"summary_large_image\" \/>\n<meta name=\"twitter:label1\" content=\"Napisane przez\" \/>\n\t<meta name=\"twitter:data1\" content=\"Wzdluzdrogi\" \/>\n\t<meta name=\"twitter:label2\" content=\"Szacowany czas czytania\" \/>\n\t<meta name=\"twitter:data2\" content=\"10 minut\" \/>\n<script type=\"application\/ld+json\" class=\"yoast-schema-graph\">{\"@context\":\"https:\/\/schema.org\",\"@graph\":[{\"@type\":\"WebPage\",\"@id\":\"https:\/\/www.wzdluzdrogi.pl\/index.php\/2025\/08\/12\/najpiekniejsze-punkty-widokowe-w-rzymie\/\",\"url\":\"https:\/\/www.wzdluzdrogi.pl\/index.php\/2025\/08\/12\/najpiekniejsze-punkty-widokowe-w-rzymie\/\",\"name\":\"Najpi\u0119kniejsze punkty widokowe w Rzymie - Wzd\u0142u\u017c Drogi\",\"isPartOf\":{\"@id\":\"https:\/\/www.wzdluzdrogi.pl\/#website\"},\"primaryImageOfPage\":{\"@id\":\"https:\/\/www.wzdluzdrogi.pl\/index.php\/2025\/08\/12\/najpiekniejsze-punkty-widokowe-w-rzymie\/#primaryimage\"},\"image\":{\"@id\":\"https:\/\/www.wzdluzdrogi.pl\/index.php\/2025\/08\/12\/najpiekniejsze-punkty-widokowe-w-rzymie\/#primaryimage\"},\"thumbnailUrl\":\"https:\/\/www.wzdluzdrogi.pl\/wp-content\/uploads\/2025\/07\/marialaura-gionfriddo-KfYOGUA6piA-unsplash-2-scaled.jpg\",\"datePublished\":\"2025-08-12T11:07:37+00:00\",\"dateModified\":\"2025-08-12T12:21:10+00:00\",\"author\":{\"@id\":\"https:\/\/www.wzdluzdrogi.pl\/#\/schema\/person\/74e57cccc529edf05c11ceaff979bf00\"},\"description\":\"Najlepsze punkty widokowe w Rzymie, w kt\u00f3rych warto usi\u0105\u015b\u0107 po prostu na \u0142awce i ch\u0142on\u0105\u0107 miasto ca\u0142ym sob\u0105.\",\"breadcrumb\":{\"@id\":\"https:\/\/www.wzdluzdrogi.pl\/index.php\/2025\/08\/12\/najpiekniejsze-punkty-widokowe-w-rzymie\/#breadcrumb\"},\"inLanguage\":\"pl-PL\",\"potentialAction\":[{\"@type\":\"ReadAction\",\"target\":[\"https:\/\/www.wzdluzdrogi.pl\/index.php\/2025\/08\/12\/najpiekniejsze-punkty-widokowe-w-rzymie\/\"]}]},{\"@type\":\"ImageObject\",\"inLanguage\":\"pl-PL\",\"@id\":\"https:\/\/www.wzdluzdrogi.pl\/index.php\/2025\/08\/12\/najpiekniejsze-punkty-widokowe-w-rzymie\/#primaryimage\",\"url\":\"https:\/\/www.wzdluzdrogi.pl\/wp-content\/uploads\/2025\/07\/marialaura-gionfriddo-KfYOGUA6piA-unsplash-2-scaled.jpg\",\"contentUrl\":\"https:\/\/www.wzdluzdrogi.pl\/wp-content\/uploads\/2025\/07\/marialaura-gionfriddo-KfYOGUA6piA-unsplash-2-scaled.jpg\",\"width\":1600,\"height\":1069,\"caption\":\"rzym, punkty widokowe w rzymie, naj\u0142adniejsze punkty widokowe rzymu, panorama rzymu, gdzie najlepsza\"},{\"@type\":\"BreadcrumbList\",\"@id\":\"https:\/\/www.wzdluzdrogi.pl\/index.php\/2025\/08\/12\/najpiekniejsze-punkty-widokowe-w-rzymie\/#breadcrumb\",\"itemListElement\":[{\"@type\":\"ListItem\",\"position\":1,\"name\":\"Strona g\u0142\u00f3wna\",\"item\":\"https:\/\/www.wzdluzdrogi.pl\/\"},{\"@type\":\"ListItem\",\"position\":2,\"name\":\"Najpi\u0119kniejsze punkty widokowe w Rzymie\"}]},{\"@type\":\"WebSite\",\"@id\":\"https:\/\/www.wzdluzdrogi.pl\/#website\",\"url\":\"https:\/\/www.wzdluzdrogi.pl\/\",\"name\":\"Wzd\u0142u\u017c Drogi\",\"description\":\"Podr\u00f3\u017ce w rytmie slow\",\"potentialAction\":[{\"@type\":\"SearchAction\",\"target\":{\"@type\":\"EntryPoint\",\"urlTemplate\":\"https:\/\/www.wzdluzdrogi.pl\/?s={search_term_string}\"},\"query-input\":{\"@type\":\"PropertyValueSpecification\",\"valueRequired\":true,\"valueName\":\"search_term_string\"}}],\"inLanguage\":\"pl-PL\"},{\"@type\":\"Person\",\"@id\":\"https:\/\/www.wzdluzdrogi.pl\/#\/schema\/person\/74e57cccc529edf05c11ceaff979bf00\",\"name\":\"Wzdluzdrogi\",\"image\":{\"@type\":\"ImageObject\",\"inLanguage\":\"pl-PL\",\"@id\":\"https:\/\/www.wzdluzdrogi.pl\/#\/schema\/person\/image\/\",\"url\":\"https:\/\/secure.gravatar.com\/avatar\/5338c7b0ffcf3c9b5c99db5ffd459d84?s=96&d=mm&r=g\",\"contentUrl\":\"https:\/\/secure.gravatar.com\/avatar\/5338c7b0ffcf3c9b5c99db5ffd459d84?s=96&d=mm&r=g\",\"caption\":\"Wzdluzdrogi\"},\"sameAs\":[\"http:\/\/www.wzdluzdrogi.pl\"],\"url\":\"https:\/\/www.wzdluzdrogi.pl\/index.php\/author\/wzdluzdrogi\/\"}]}<\/script>\n<!-- \/ Yoast SEO plugin. -->","yoast_head_json":{"title":"Najpi\u0119kniejsze punkty widokowe w Rzymie - Wzd\u0142u\u017c Drogi","description":"Najlepsze punkty widokowe w Rzymie, w kt\u00f3rych warto usi\u0105\u015b\u0107 po prostu na \u0142awce i ch\u0142on\u0105\u0107 miasto ca\u0142ym sob\u0105.","robots":{"index":"index","follow":"follow","max-snippet":"max-snippet:-1","max-image-preview":"max-image-preview:large","max-video-preview":"max-video-preview:-1"},"canonical":"https:\/\/www.wzdluzdrogi.pl\/index.php\/2025\/08\/12\/najpiekniejsze-punkty-widokowe-w-rzymie\/","og_locale":"pl_PL","og_type":"article","og_title":"Najpi\u0119kniejsze punkty widokowe w Rzymie - Wzd\u0142u\u017c Drogi","og_description":"Najlepsze punkty widokowe w Rzymie, w kt\u00f3rych warto usi\u0105\u015b\u0107 po prostu na \u0142awce i ch\u0142on\u0105\u0107 miasto ca\u0142ym sob\u0105.","og_url":"https:\/\/www.wzdluzdrogi.pl\/index.php\/2025\/08\/12\/najpiekniejsze-punkty-widokowe-w-rzymie\/","og_site_name":"Wzd\u0142u\u017c Drogi","article_published_time":"2025-08-12T11:07:37+00:00","article_modified_time":"2025-08-12T12:21:10+00:00","og_image":[{"width":1600,"height":1069,"url":"https:\/\/www.wzdluzdrogi.pl\/wp-content\/uploads\/2025\/07\/marialaura-gionfriddo-KfYOGUA6piA-unsplash-2-scaled.jpg","type":"image\/jpeg"}],"author":"Wzdluzdrogi","twitter_card":"summary_large_image","twitter_misc":{"Napisane przez":"Wzdluzdrogi","Szacowany czas czytania":"10 minut"},"schema":{"@context":"https:\/\/schema.org","@graph":[{"@type":"WebPage","@id":"https:\/\/www.wzdluzdrogi.pl\/index.php\/2025\/08\/12\/najpiekniejsze-punkty-widokowe-w-rzymie\/","url":"https:\/\/www.wzdluzdrogi.pl\/index.php\/2025\/08\/12\/najpiekniejsze-punkty-widokowe-w-rzymie\/","name":"Najpi\u0119kniejsze punkty widokowe w Rzymie - Wzd\u0142u\u017c Drogi","isPartOf":{"@id":"https:\/\/www.wzdluzdrogi.pl\/#website"},"primaryImageOfPage":{"@id":"https:\/\/www.wzdluzdrogi.pl\/index.php\/2025\/08\/12\/najpiekniejsze-punkty-widokowe-w-rzymie\/#primaryimage"},"image":{"@id":"https:\/\/www.wzdluzdrogi.pl\/index.php\/2025\/08\/12\/najpiekniejsze-punkty-widokowe-w-rzymie\/#primaryimage"},"thumbnailUrl":"https:\/\/www.wzdluzdrogi.pl\/wp-content\/uploads\/2025\/07\/marialaura-gionfriddo-KfYOGUA6piA-unsplash-2-scaled.jpg","datePublished":"2025-08-12T11:07:37+00:00","dateModified":"2025-08-12T12:21:10+00:00","author":{"@id":"https:\/\/www.wzdluzdrogi.pl\/#\/schema\/person\/74e57cccc529edf05c11ceaff979bf00"},"description":"Najlepsze punkty widokowe w Rzymie, w kt\u00f3rych warto usi\u0105\u015b\u0107 po prostu na \u0142awce i ch\u0142on\u0105\u0107 miasto ca\u0142ym sob\u0105.","breadcrumb":{"@id":"https:\/\/www.wzdluzdrogi.pl\/index.php\/2025\/08\/12\/najpiekniejsze-punkty-widokowe-w-rzymie\/#breadcrumb"},"inLanguage":"pl-PL","potentialAction":[{"@type":"ReadAction","target":["https:\/\/www.wzdluzdrogi.pl\/index.php\/2025\/08\/12\/najpiekniejsze-punkty-widokowe-w-rzymie\/"]}]},{"@type":"ImageObject","inLanguage":"pl-PL","@id":"https:\/\/www.wzdluzdrogi.pl\/index.php\/2025\/08\/12\/najpiekniejsze-punkty-widokowe-w-rzymie\/#primaryimage","url":"https:\/\/www.wzdluzdrogi.pl\/wp-content\/uploads\/2025\/07\/marialaura-gionfriddo-KfYOGUA6piA-unsplash-2-scaled.jpg","contentUrl":"https:\/\/www.wzdluzdrogi.pl\/wp-content\/uploads\/2025\/07\/marialaura-gionfriddo-KfYOGUA6piA-unsplash-2-scaled.jpg","width":1600,"height":1069,"caption":"rzym, punkty widokowe w rzymie, naj\u0142adniejsze punkty widokowe rzymu, panorama rzymu, gdzie najlepsza"},{"@type":"BreadcrumbList","@id":"https:\/\/www.wzdluzdrogi.pl\/index.php\/2025\/08\/12\/najpiekniejsze-punkty-widokowe-w-rzymie\/#breadcrumb","itemListElement":[{"@type":"ListItem","position":1,"name":"Strona g\u0142\u00f3wna","item":"https:\/\/www.wzdluzdrogi.pl\/"},{"@type":"ListItem","position":2,"name":"Najpi\u0119kniejsze punkty widokowe w Rzymie"}]},{"@type":"WebSite","@id":"https:\/\/www.wzdluzdrogi.pl\/#website","url":"https:\/\/www.wzdluzdrogi.pl\/","name":"Wzd\u0142u\u017c Drogi","description":"Podr\u00f3\u017ce w rytmie slow","potentialAction":[{"@type":"SearchAction","target":{"@type":"EntryPoint","urlTemplate":"https:\/\/www.wzdluzdrogi.pl\/?s={search_term_string}"},"query-input":{"@type":"PropertyValueSpecification","valueRequired":true,"valueName":"search_term_string"}}],"inLanguage":"pl-PL"},{"@type":"Person","@id":"https:\/\/www.wzdluzdrogi.pl\/#\/schema\/person\/74e57cccc529edf05c11ceaff979bf00","name":"Wzdluzdrogi","image":{"@type":"ImageObject","inLanguage":"pl-PL","@id":"https:\/\/www.wzdluzdrogi.pl\/#\/schema\/person\/image\/","url":"https:\/\/secure.gravatar.com\/avatar\/5338c7b0ffcf3c9b5c99db5ffd459d84?s=96&d=mm&r=g","contentUrl":"https:\/\/secure.gravatar.com\/avatar\/5338c7b0ffcf3c9b5c99db5ffd459d84?s=96&d=mm&r=g","caption":"Wzdluzdrogi"},"sameAs":["http:\/\/www.wzdluzdrogi.pl"],"url":"https:\/\/www.wzdluzdrogi.pl\/index.php\/author\/wzdluzdrogi\/"}]}},"_links":{"self":[{"href":"https:\/\/www.wzdluzdrogi.pl\/index.php\/wp-json\/wp\/v2\/posts\/4445","targetHints":{"allow":["GET"]}}],"collection":[{"href":"https:\/\/www.wzdluzdrogi.pl\/index.php\/wp-json\/wp\/v2\/posts"}],"about":[{"href":"https:\/\/www.wzdluzdrogi.pl\/index.php\/wp-json\/wp\/v2\/types\/post"}],"author":[{"embeddable":true,"href":"https:\/\/www.wzdluzdrogi.pl\/index.php\/wp-json\/wp\/v2\/users\/1"}],"replies":[{"embeddable":true,"href":"https:\/\/www.wzdluzdrogi.pl\/index.php\/wp-json\/wp\/v2\/comments?post=4445"}],"version-history":[{"count":25,"href":"https:\/\/www.wzdluzdrogi.pl\/index.php\/wp-json\/wp\/v2\/posts\/4445\/revisions"}],"predecessor-version":[{"id":4532,"href":"https:\/\/www.wzdluzdrogi.pl\/index.php\/wp-json\/wp\/v2\/posts\/4445\/revisions\/4532"}],"wp:featuredmedia":[{"embeddable":true,"href":"https:\/\/www.wzdluzdrogi.pl\/index.php\/wp-json\/wp\/v2\/media\/4458"}],"wp:attachment":[{"href":"https:\/\/www.wzdluzdrogi.pl\/index.php\/wp-json\/wp\/v2\/media?parent=4445"}],"wp:term":[{"taxonomy":"category","embeddable":true,"href":"https:\/\/www.wzdluzdrogi.pl\/index.php\/wp-json\/wp\/v2\/categories?post=4445"},{"taxonomy":"post_tag","embeddable":true,"href":"https:\/\/www.wzdluzdrogi.pl\/index.php\/wp-json\/wp\/v2\/tags?post=4445"}],"curies":[{"name":"wp","href":"https:\/\/api.w.org\/{rel}","templated":true}]}}