{"id":4595,"date":"2025-08-19T10:28:08","date_gmt":"2025-08-19T08:28:08","guid":{"rendered":"https:\/\/www.wzdluzdrogi.pl\/?p=4595"},"modified":"2025-08-19T10:39:18","modified_gmt":"2025-08-19T08:39:18","slug":"bunkers-del-carmel-najlepsze-miejsce-na-zachod-slonca-w-barcelonie","status":"publish","type":"post","link":"https:\/\/www.wzdluzdrogi.pl\/index.php\/2025\/08\/19\/bunkers-del-carmel-najlepsze-miejsce-na-zachod-slonca-w-barcelonie\/","title":{"rendered":"Bunkers del Carmel &#8211; najlepsze miejsce na zach\u00f3d s\u0142o\u0144ca w Barcelonie"},"content":{"rendered":"\t\t<div data-elementor-type=\"wp-post\" data-elementor-id=\"4595\" class=\"elementor elementor-4595\">\n\t\t\t\t\t\t<section class=\"elementor-section elementor-top-section elementor-element elementor-element-511d11dc elementor-section-boxed elementor-section-height-default elementor-section-height-default\" data-id=\"511d11dc\" data-element_type=\"section\" data-e-type=\"section\">\n\t\t\t\t\t\t<div class=\"elementor-container elementor-column-gap-default\">\n\t\t\t\t\t<div class=\"elementor-column elementor-col-100 elementor-top-column elementor-element elementor-element-35c4ada8\" data-id=\"35c4ada8\" data-element_type=\"column\" data-e-type=\"column\">\n\t\t\t<div class=\"elementor-widget-wrap elementor-element-populated\">\n\t\t\t\t\t\t<div class=\"elementor-element elementor-element-77c2fa1a elementor-widget elementor-widget-text-editor\" data-id=\"77c2fa1a\" data-element_type=\"widget\" data-e-type=\"widget\" data-widget_type=\"text-editor.default\">\n\t\t\t\t<div class=\"elementor-widget-container\">\n\t\t\t\t\t\t\t\t\t<p data-start=\"342\" data-end=\"656\">Kiedy pisa\u0142am o najlepszych punktach widokowych Barcelony, wspomnia\u0142am tylko jednym zdaniem o Bunkers del Carmel. Ale mia\u0142am wra\u017cenie, \u017ce to za ma\u0142o, bo to miejsce zas\u0142uguje na osobn\u0105 histori\u0119. Nie tylko ze wzgl\u0119du na spektakularny widok na miasto, ale tak\u017ce na to, \u017ce kryje w sobie ludzkie losy i wspomnienia.<\/p>\n<p data-start=\"658\" data-end=\"1229\">Zawsze fascynuje mnie, jak przestrze\u0144 potrafi zmienia\u0107 swoje znaczenie. To, co dzi\u015b jest ulubionym miejscem turyst\u00f3w na zach\u00f3d s\u0142o\u0144ca, jeszcze kilkadziesi\u0105t lat temu by\u0142o osiedlem barak\u00f3w, gdzie setki rodzin pr\u00f3bowa\u0142y zbudowa\u0107 sw\u00f3j dom i codzienno\u015b\u0107. Zastanawiam si\u0119, co czuli, patrz\u0105c ka\u017cdego dnia na Barcelon\u0119 z tej wysoko\u015bci. Czy ta panorama dawa\u0142a im nadziej\u0119? U\u0142atwia\u0142a codzienn\u0105 walk\u0119 o lepsze \u017cycie? Takie pytania zawsze sprawiaj\u0105, \u017ce chc\u0119 przygl\u0105da\u0107 si\u0119 miejscom bli\u017cej.<\/p>\t\t\t\t\t\t\t\t<\/div>\n\t\t\t\t<\/div>\n\t\t\t\t\t<\/div>\n\t\t<\/div>\n\t\t\t\t\t<\/div>\n\t\t<\/section>\n\t\t\t\t<section class=\"elementor-section elementor-top-section elementor-element elementor-element-2ae77e00 elementor-section-full_width elementor-section-stretched elementor-section-height-default elementor-section-height-default elementor-invisible\" data-id=\"2ae77e00\" data-element_type=\"section\" data-e-type=\"section\" data-settings=\"{&quot;stretch_section&quot;:&quot;section-stretched&quot;,&quot;background_background&quot;:&quot;classic&quot;,&quot;animation&quot;:&quot;fadeInLeft&quot;}\">\n\t\t\t\t\t\t<div class=\"elementor-container elementor-column-gap-default\">\n\t\t\t\t\t<div class=\"elementor-column elementor-col-50 elementor-top-column elementor-element elementor-element-51f46ea6\" data-id=\"51f46ea6\" data-element_type=\"column\" data-e-type=\"column\">\n\t\t\t<div class=\"elementor-widget-wrap elementor-element-populated\">\n\t\t\t\t\t\t<div class=\"elementor-element elementor-element-6090735f elementor-widget elementor-widget-image\" data-id=\"6090735f\" data-element_type=\"widget\" data-e-type=\"widget\" data-widget_type=\"image.default\">\n\t\t\t\t<div class=\"elementor-widget-container\">\n\t\t\t\t\t\t\t\t\t\t\t\t<figure class=\"wp-caption\">\n\t\t\t\t\t\t\t\t\t\t<img fetchpriority=\"high\" decoding=\"async\" width=\"564\" height=\"797\" src=\"https:\/\/www.wzdluzdrogi.pl\/wp-content\/uploads\/2025\/08\/3_barraques.jpg\" class=\"attachment-large size-large wp-image-4597\" alt=\"\" srcset=\"https:\/\/www.wzdluzdrogi.pl\/wp-content\/uploads\/2025\/08\/3_barraques.jpg 564w, https:\/\/www.wzdluzdrogi.pl\/wp-content\/uploads\/2025\/08\/3_barraques-212x300.jpg 212w\" sizes=\"(max-width: 564px) 100vw, 564px\" \/>\t\t\t\t\t\t\t\t\t\t\t<figcaption class=\"widget-image-caption wp-caption-text\">fot: http:\/\/www.bunkers.cat\/en\/entrance-fee<\/figcaption>\n\t\t\t\t\t\t\t\t\t\t<\/figure>\n\t\t\t\t\t\t\t\t\t<\/div>\n\t\t\t\t<\/div>\n\t\t\t\t\t<\/div>\n\t\t<\/div>\n\t\t\t\t<div class=\"elementor-column elementor-col-50 elementor-top-column elementor-element elementor-element-5ebfc2ee\" data-id=\"5ebfc2ee\" data-element_type=\"column\" data-e-type=\"column\">\n\t\t\t<div class=\"elementor-widget-wrap elementor-element-populated\">\n\t\t\t\t\t\t<div class=\"elementor-element elementor-element-79660f09 elementor-widget elementor-widget-heading\" data-id=\"79660f09\" data-element_type=\"widget\" data-e-type=\"widget\" data-widget_type=\"heading.default\">\n\t\t\t\t<div class=\"elementor-widget-container\">\n\t\t\t\t\t<div id=\"ez-toc-container\" class=\"ez-toc-v2_0_82_2 counter-hierarchy ez-toc-counter ez-toc-light-blue ez-toc-container-direction\">\n<p class=\"ez-toc-title\" style=\"cursor:inherit\">Spis tre\u015bci<\/p>\n<label for=\"ez-toc-cssicon-toggle-item-69f16c5095048\" class=\"ez-toc-cssicon-toggle-label\"><span class=\"\"><span class=\"eztoc-hide\" style=\"display:none;\">Toggle<\/span><span class=\"ez-toc-icon-toggle-span\"><svg style=\"fill: #999;color:#999\" xmlns=\"http:\/\/www.w3.org\/2000\/svg\" class=\"list-377408\" width=\"20px\" height=\"20px\" viewBox=\"0 0 24 24\" fill=\"none\"><path d=\"M6 6H4v2h2V6zm14 0H8v2h12V6zM4 11h2v2H4v-2zm16 0H8v2h12v-2zM4 16h2v2H4v-2zm16 0H8v2h12v-2z\" fill=\"currentColor\"><\/path><\/svg><svg style=\"fill: #999;color:#999\" class=\"arrow-unsorted-368013\" xmlns=\"http:\/\/www.w3.org\/2000\/svg\" width=\"10px\" height=\"10px\" viewBox=\"0 0 24 24\" version=\"1.2\" baseProfile=\"tiny\"><path d=\"M18.2 9.3l-6.2-6.3-6.2 6.3c-.2.2-.3.4-.3.7s.1.5.3.7c.2.2.4.3.7.3h11c.3 0 .5-.1.7-.3.2-.2.3-.5.3-.7s-.1-.5-.3-.7zM5.8 14.7l6.2 6.3 6.2-6.3c.2-.2.3-.5.3-.7s-.1-.5-.3-.7c-.2-.2-.4-.3-.7-.3h-11c-.3 0-.5.1-.7.3-.2.2-.3.5-.3.7s.1.5.3.7z\"\/><\/svg><\/span><\/span><\/label><input type=\"checkbox\"  id=\"ez-toc-cssicon-toggle-item-69f16c5095048\"  aria-label=\"Prze\u0142\u0105cznik\" \/><nav><ul class='ez-toc-list ez-toc-list-level-1 ' ><li class='ez-toc-page-1 ez-toc-heading-level-2'><a class=\"ez-toc-link ez-toc-heading-1\" href=\"https:\/\/www.wzdluzdrogi.pl\/index.php\/2025\/08\/19\/bunkers-del-carmel-najlepsze-miejsce-na-zachod-slonca-w-barcelonie\/#Bunkers_del_Carmel\" >Bunkers del Carmel<\/a><\/li><li class='ez-toc-page-1 ez-toc-heading-level-2'><a class=\"ez-toc-link ez-toc-heading-2\" href=\"https:\/\/www.wzdluzdrogi.pl\/index.php\/2025\/08\/19\/bunkers-del-carmel-najlepsze-miejsce-na-zachod-slonca-w-barcelonie\/#Historia_miasta_barakow_na_Turo_de_la_Rovira\" >Historia miasta barak\u00f3w na Tur\u00f3 de la Rovira<\/a><\/li><li class='ez-toc-page-1 ez-toc-heading-level-2'><a class=\"ez-toc-link ez-toc-heading-3\" href=\"https:\/\/www.wzdluzdrogi.pl\/index.php\/2025\/08\/19\/bunkers-del-carmel-najlepsze-miejsce-na-zachod-slonca-w-barcelonie\/#Dlaczego_Bunkers_del_Carmel_staly_sie_modne\" >Dlaczego Bunkers del Carmel sta\u0142y si\u0119 modne?<\/a><\/li><li class='ez-toc-page-1 ez-toc-heading-level-2'><a class=\"ez-toc-link ez-toc-heading-4\" href=\"https:\/\/www.wzdluzdrogi.pl\/index.php\/2025\/08\/19\/bunkers-del-carmel-najlepsze-miejsce-na-zachod-slonca-w-barcelonie\/#Els_Canons\" >Els Canons<\/a><\/li><li class='ez-toc-page-1 ez-toc-heading-level-2'><a class=\"ez-toc-link ez-toc-heading-5\" href=\"https:\/\/www.wzdluzdrogi.pl\/index.php\/2025\/08\/19\/bunkers-del-carmel-najlepsze-miejsce-na-zachod-slonca-w-barcelonie\/#Codziennosc_barakow\" >Codzienno\u015b\u0107 barak\u00f3w<\/a><\/li><\/ul><\/nav><\/div>\n<h2 class=\"elementor-heading-title elementor-size-default\"><span class=\"ez-toc-section\" id=\"Bunkers_del_Carmel\"><\/span>Bunkers del Carmel<span class=\"ez-toc-section-end\"><\/span><\/h2>\t\t\t\t<\/div>\n\t\t\t\t<\/div>\n\t\t\t\t<div class=\"elementor-element elementor-element-1b13a4f1 elementor-widget elementor-widget-text-editor\" data-id=\"1b13a4f1\" data-element_type=\"widget\" data-e-type=\"widget\" data-widget_type=\"text-editor.default\">\n\t\t\t\t<div class=\"elementor-widget-container\">\n\t\t\t\t\t\t\t\t\t<p data-start=\"298\" data-end=\"647\">Mimo powszechnej nazwy, Bunkers del Carmel wcale nie s\u0105 bunkrami. To pozosta\u0142o\u015bci baterii przeciwlotniczej z czas\u00f3w hiszpa\u0144skiej wojny domowej (1936\u20131939).<br data-start=\"1337\" data-end=\"1340\" \/>Powsta\u0142a ona na szczycie Tur\u00f3 de la Rovira. Wzg\u00f3rza w dzielnicy Carmel, kt\u00f3re wznosi si\u0119 na 262 m n.p.m. To strategiczne po\u0142o\u017cenie dawa\u0142o widok 360\u00b0 na ca\u0142\u0105 Barcelon\u0119 i pozwala\u0142o broni\u0107 miasta przed nalotami lotnictwa faszystowskiego.<\/p>\t\t\t\t\t\t\t\t<\/div>\n\t\t\t\t<\/div>\n\t\t\t\t\t<\/div>\n\t\t<\/div>\n\t\t\t\t\t<\/div>\n\t\t<\/section>\n\t\t\t\t<section class=\"elementor-section elementor-top-section elementor-element elementor-element-690f8120 elementor-section-boxed elementor-section-height-default elementor-section-height-default\" data-id=\"690f8120\" data-element_type=\"section\" data-e-type=\"section\">\n\t\t\t\t\t\t<div class=\"elementor-container elementor-column-gap-default\">\n\t\t\t\t\t<div class=\"elementor-column elementor-col-100 elementor-top-column elementor-element elementor-element-4b83bd5a\" data-id=\"4b83bd5a\" data-element_type=\"column\" data-e-type=\"column\">\n\t\t\t<div class=\"elementor-widget-wrap elementor-element-populated\">\n\t\t\t\t\t\t<div class=\"elementor-element elementor-element-b18fa7e elementor-widget elementor-widget-heading\" data-id=\"b18fa7e\" data-element_type=\"widget\" data-e-type=\"widget\" data-widget_type=\"heading.default\">\n\t\t\t\t<div class=\"elementor-widget-container\">\n\t\t\t\t\t<h2 class=\"elementor-heading-title elementor-size-default\"><span class=\"ez-toc-section\" id=\"Historia_miasta_barakow_na_Turo_de_la_Rovira\"><\/span>Historia miasta barak\u00f3w na Tur\u00f3 de la Rovira<span class=\"ez-toc-section-end\"><\/span><\/h2>\t\t\t\t<\/div>\n\t\t\t\t<\/div>\n\t\t\t\t<div class=\"elementor-element elementor-element-4e9634f6 elementor-widget elementor-widget-text-editor\" data-id=\"4e9634f6\" data-element_type=\"widget\" data-e-type=\"widget\" data-widget_type=\"text-editor.default\">\n\t\t\t\t<div class=\"elementor-widget-container\">\n\t\t\t\t\t\t\t\t\t<p data-start=\"467\" data-end=\"781\">Barcelona przez ca\u0142y XX wiek ros\u0142a w zawrotnym tempie, ale miasto nie nad\u0105\u017ca\u0142o z budow\u0105 mieszka\u0144. Brak lokali sprawi\u0142, \u017ce tysi\u0105ce ludzi, kt\u00f3rzy przyje\u017cd\u017cali tu w poszukiwaniu pracy i lepszego \u017cycia, musia\u0142o radzi\u0107 sobie inaczej. W ten spos\u00f3b narodzi\u0142a si\u0119 ogromna, nieformalna Barcelona \u2013 \u201emiasto z barak\u00f3w\u201d.<\/p><p data-start=\"783\" data-end=\"1143\">W latach 50. zjawisko osi\u0105gn\u0119\u0142o sw\u00f3j szczyt, bo istnia\u0142o oko\u0142o 20 000 prowizorycznych dom\u00f3w, w kt\u00f3rych mieszka\u0142o blisko 100 000 os\u00f3b, czyli a\u017c 6% \u00f3wczesnej populacji Barcelony. Baraki ci\u0105gn\u0119\u0142y si\u0119 wzd\u0142u\u017c pla\u017cy (od dzisiejszej Vila Ol\u00edmpica a\u017c po Forum), na stokach Montju\u00efc i w\u0142a\u015bnie na wzg\u00f3rzu Tur\u00f3 de la Rovira w dzielnicy Carmel.<\/p>\t\t\t\t\t\t\t\t<\/div>\n\t\t\t\t<\/div>\n\t\t\t\t<div class=\"elementor-element elementor-element-2911af93 elementor-widget elementor-widget-image\" data-id=\"2911af93\" data-element_type=\"widget\" data-e-type=\"widget\" data-widget_type=\"image.default\">\n\t\t\t\t<div class=\"elementor-widget-container\">\n\t\t\t\t\t\t\t\t\t\t\t\t<figure class=\"wp-caption\">\n\t\t\t\t\t\t\t\t\t\t<img decoding=\"async\" width=\"664\" height=\"457\" data-src=\"https:\/\/www.wzdluzdrogi.pl\/wp-content\/uploads\/2025\/08\/1_bateria.jpg\" class=\"attachment-large size-large wp-image-4598 lazyload\" alt=\"\" data-srcset=\"https:\/\/www.wzdluzdrogi.pl\/wp-content\/uploads\/2025\/08\/1_bateria.jpg 664w, https:\/\/www.wzdluzdrogi.pl\/wp-content\/uploads\/2025\/08\/1_bateria-300x206.jpg 300w\" data-sizes=\"(max-width: 664px) 100vw, 664px\" src=\"data:image\/svg+xml;base64,PHN2ZyB3aWR0aD0iMSIgaGVpZ2h0PSIxIiB4bWxucz0iaHR0cDovL3d3dy53My5vcmcvMjAwMC9zdmciPjwvc3ZnPg==\" style=\"--smush-placeholder-width: 664px; --smush-placeholder-aspect-ratio: 664\/457;\" \/>\t\t\t\t\t\t\t\t\t\t\t<figcaption class=\"widget-image-caption wp-caption-text\">fot: http:\/\/www.bunkers.cat\/en\/entrance-fee<\/figcaption>\n\t\t\t\t\t\t\t\t\t\t<\/figure>\n\t\t\t\t\t\t\t\t\t<\/div>\n\t\t\t\t<\/div>\n\t\t\t\t\t<\/div>\n\t\t<\/div>\n\t\t\t\t\t<\/div>\n\t\t<\/section>\n\t\t\t\t<section class=\"elementor-section elementor-top-section elementor-element elementor-element-4f3e4c7c elementor-section-full_width elementor-section-stretched elementor-section-height-default elementor-section-height-default elementor-invisible\" data-id=\"4f3e4c7c\" data-element_type=\"section\" data-e-type=\"section\" data-settings=\"{&quot;stretch_section&quot;:&quot;section-stretched&quot;,&quot;background_background&quot;:&quot;classic&quot;,&quot;animation&quot;:&quot;fadeInLeft&quot;}\">\n\t\t\t\t\t\t<div class=\"elementor-container elementor-column-gap-default\">\n\t\t\t\t\t<div class=\"elementor-column elementor-col-50 elementor-top-column elementor-element elementor-element-4f1c4478\" data-id=\"4f1c4478\" data-element_type=\"column\" data-e-type=\"column\">\n\t\t\t<div class=\"elementor-widget-wrap elementor-element-populated\">\n\t\t\t\t\t\t<div class=\"elementor-element elementor-element-635f0788 elementor-widget elementor-widget-heading\" data-id=\"635f0788\" data-element_type=\"widget\" data-e-type=\"widget\" data-widget_type=\"heading.default\">\n\t\t\t\t<div class=\"elementor-widget-container\">\n\t\t\t\t\t<h2 class=\"elementor-heading-title elementor-size-default\"><span class=\"ez-toc-section\" id=\"Dlaczego_Bunkers_del_Carmel_staly_sie_modne\"><\/span>Dlaczego Bunkers del Carmel sta\u0142y si\u0119 modne?<span class=\"ez-toc-section-end\"><\/span><\/h2>\t\t\t\t<\/div>\n\t\t\t\t<\/div>\n\t\t\t\t<div class=\"elementor-element elementor-element-755f7997 elementor-widget elementor-widget-text-editor\" data-id=\"755f7997\" data-element_type=\"widget\" data-e-type=\"widget\" data-widget_type=\"text-editor.default\">\n\t\t\t\t<div class=\"elementor-widget-container\">\n\t\t\t\t\t\t\t\t\t<p>Jeszcze kilkana\u015bcie lat temu niewielu turyst\u00f3w o nich s\u0142ysza\u0142o. Wszystko zmieni\u0142o si\u0119 po premierze hiszpa\u0144skiego filmu \u201eTylko ciebie chc\u0119\u201d (2012) z Mario Casasem, kr\u0119conego m.in. w tym miejscu. Od tego momentu Bunkers zacz\u0119\u0142y pojawia\u0107 si\u0119 w przewodnikach alternatywnych, na kana\u0142ach YouTube i Instagramie. Takie ma\u0142o popularne miejsce, kt\u00f3re pr\u0119dko sta\u0142o si\u0119 popularne.<\/p>\t\t\t\t\t\t\t\t<\/div>\n\t\t\t\t<\/div>\n\t\t\t\t\t<\/div>\n\t\t<\/div>\n\t\t\t\t<div class=\"elementor-column elementor-col-50 elementor-top-column elementor-element elementor-element-8767e7f\" data-id=\"8767e7f\" data-element_type=\"column\" data-e-type=\"column\">\n\t\t\t<div class=\"elementor-widget-wrap elementor-element-populated\">\n\t\t\t\t\t\t<div class=\"elementor-element elementor-element-2c224e8b elementor-widget elementor-widget-image\" data-id=\"2c224e8b\" data-element_type=\"widget\" data-e-type=\"widget\" data-widget_type=\"image.default\">\n\t\t\t\t<div class=\"elementor-widget-container\">\n\t\t\t\t\t\t\t\t\t\t\t\t\t\t\t<img decoding=\"async\" width=\"1024\" height=\"576\" data-src=\"https:\/\/www.wzdluzdrogi.pl\/wp-content\/uploads\/2025\/08\/jordi-vich-navarro-VpH8k3be4g8-unsplash-1024x576.jpg\" class=\"attachment-large size-large wp-image-4599 lazyload\" alt=\"najlepszy punkt widokowy na Barcelone, bunkry w barcelonie\" data-srcset=\"https:\/\/www.wzdluzdrogi.pl\/wp-content\/uploads\/2025\/08\/jordi-vich-navarro-VpH8k3be4g8-unsplash-1024x576.jpg 1024w, https:\/\/www.wzdluzdrogi.pl\/wp-content\/uploads\/2025\/08\/jordi-vich-navarro-VpH8k3be4g8-unsplash-300x169.jpg 300w, https:\/\/www.wzdluzdrogi.pl\/wp-content\/uploads\/2025\/08\/jordi-vich-navarro-VpH8k3be4g8-unsplash-768x432.jpg 768w, https:\/\/www.wzdluzdrogi.pl\/wp-content\/uploads\/2025\/08\/jordi-vich-navarro-VpH8k3be4g8-unsplash-1536x864.jpg 1536w, https:\/\/www.wzdluzdrogi.pl\/wp-content\/uploads\/2025\/08\/jordi-vich-navarro-VpH8k3be4g8-unsplash-2048x1152.jpg 2048w, https:\/\/www.wzdluzdrogi.pl\/wp-content\/uploads\/2025\/08\/jordi-vich-navarro-VpH8k3be4g8-unsplash-scaled.jpg 1600w\" data-sizes=\"(max-width: 1024px) 100vw, 1024px\" src=\"data:image\/svg+xml;base64,PHN2ZyB3aWR0aD0iMSIgaGVpZ2h0PSIxIiB4bWxucz0iaHR0cDovL3d3dy53My5vcmcvMjAwMC9zdmciPjwvc3ZnPg==\" style=\"--smush-placeholder-width: 1024px; --smush-placeholder-aspect-ratio: 1024\/576;\" \/>\t\t\t\t\t\t\t\t\t\t\t\t\t\t\t<\/div>\n\t\t\t\t<\/div>\n\t\t\t\t\t<\/div>\n\t\t<\/div>\n\t\t\t\t\t<\/div>\n\t\t<\/section>\n\t\t\t\t<section class=\"elementor-section elementor-top-section elementor-element elementor-element-1cd6fb12 elementor-section-boxed elementor-section-height-default elementor-section-height-default\" data-id=\"1cd6fb12\" data-element_type=\"section\" data-e-type=\"section\">\n\t\t\t\t\t\t<div class=\"elementor-container elementor-column-gap-default\">\n\t\t\t\t\t<div class=\"elementor-column elementor-col-100 elementor-top-column elementor-element elementor-element-599d3b53\" data-id=\"599d3b53\" data-element_type=\"column\" data-e-type=\"column\">\n\t\t\t<div class=\"elementor-widget-wrap elementor-element-populated\">\n\t\t\t\t\t\t<div class=\"elementor-element elementor-element-3485d523 elementor-widget elementor-widget-heading\" data-id=\"3485d523\" data-element_type=\"widget\" data-e-type=\"widget\" data-widget_type=\"heading.default\">\n\t\t\t\t<div class=\"elementor-widget-container\">\n\t\t\t\t\t<h2 class=\"elementor-heading-title elementor-size-default\"><span class=\"ez-toc-section\" id=\"Els_Canons\"><\/span>Els Canons<span class=\"ez-toc-section-end\"><\/span><\/h2>\t\t\t\t<\/div>\n\t\t\t\t<\/div>\n\t\t\t\t<div class=\"elementor-element elementor-element-47c63e9 elementor-widget elementor-widget-text-editor\" data-id=\"47c63e9\" data-element_type=\"widget\" data-e-type=\"widget\" data-widget_type=\"text-editor.default\">\n\t\t\t\t<div class=\"elementor-widget-container\">\n\t\t\t\t\t\t\t\t\t<p data-start=\"1206\" data-end=\"1464\">Na szczycie wzg\u00f3rza, gdzie wcze\u015bniej znajdowa\u0142y si\u0119 nieu\u017cywane ju\u017c konstrukcje baterii przeciwlotniczej, zacz\u0119\u0142o powstawa\u0107 nowe osiedle. Miejsce szybko zyska\u0142o popularn\u0105 nazw\u0119 \u201eEls Canons\u201d (Los Ca\u00f1ones), nawi\u0105zuj\u0105c\u0105 do wojennej przesz\u0142o\u015bci tego terenu.<\/p><p data-start=\"1466\" data-end=\"1880\">Mieszka\u0144cy, g\u0142\u00f3wnie przybysze z Andaluzji, zorganizowali osiedle w spos\u00f3b niezwykle uporz\u0105dkowany. Baraki ustawiono wzd\u0142u\u017c centralnej osi dawnej baterii, niczym przy g\u0142\u00f3wnej ulicy, a teren starano si\u0119 zagospodarowa\u0107 pomimo trudnej, kamienistej topografii. Ca\u0142o\u015b\u0107 przypomina\u0142a architektur\u0119 wiejskich osad po\u0142udniowej Hiszpanii. Popularne by\u0142y bielone \u015bciany, podw\u00f3rka i wsp\u00f3lne przestrzenie, gdzie toczy\u0142o si\u0119 \u017cycie codzienne.<\/p>\t\t\t\t\t\t\t\t<\/div>\n\t\t\t\t<\/div>\n\t\t\t\t\t<\/div>\n\t\t<\/div>\n\t\t\t\t\t<\/div>\n\t\t<\/section>\n\t\t\t\t<section class=\"elementor-section elementor-top-section elementor-element elementor-element-1e4d8f elementor-section-boxed elementor-section-height-default elementor-section-height-default\" data-id=\"1e4d8f\" data-element_type=\"section\" data-e-type=\"section\">\n\t\t\t\t\t\t<div class=\"elementor-container elementor-column-gap-default\">\n\t\t\t\t\t<div class=\"elementor-column elementor-col-100 elementor-top-column elementor-element elementor-element-65e2c647\" data-id=\"65e2c647\" data-element_type=\"column\" data-e-type=\"column\">\n\t\t\t<div class=\"elementor-widget-wrap elementor-element-populated\">\n\t\t\t\t\t\t<div class=\"elementor-element elementor-element-7fb5acd7 elementor-widget elementor-widget-heading\" data-id=\"7fb5acd7\" data-element_type=\"widget\" data-e-type=\"widget\" data-widget_type=\"heading.default\">\n\t\t\t\t<div class=\"elementor-widget-container\">\n\t\t\t\t\t<h2 class=\"elementor-heading-title elementor-size-default\"><span class=\"ez-toc-section\" id=\"Codziennosc_barakow\"><\/span>Codzienno\u015b\u0107 barak\u00f3w<span class=\"ez-toc-section-end\"><\/span><\/h2>\t\t\t\t<\/div>\n\t\t\t\t<\/div>\n\t\t\t\t<div class=\"elementor-element elementor-element-4e2719be elementor-widget elementor-widget-text-editor\" data-id=\"4e2719be\" data-element_type=\"widget\" data-e-type=\"widget\" data-widget_type=\"text-editor.default\">\n\t\t\t\t<div class=\"elementor-widget-container\">\n\t\t\t\t\t\t\t\t\t<p data-start=\"1175\" data-end=\"1581\">Jednym z najwi\u0119kszych problem\u00f3w by\u0142a woda. Przez d\u0142ugi czas jej brak utrudnia\u0142 funkcjonowanie, a\u017c w 1963 roku, po wybudowaniu na wzg\u00f3rzu du\u017cego zbiornika wodnego, kto\u015b sprytnie pod\u0142\u0105czy\u0142 si\u0119 do instalacji i stworzy\u0142 prowizoryczn\u0105 fontann\u0119, z kt\u00f3rej mogli korzysta\u0107 mieszka\u0144cy.<\/p><p data-start=\"1175\" data-end=\"1581\"><br data-start=\"2188\" data-end=\"2191\" \/>\u017bycie w Els Canons by\u0142o trudne, ale silna wsp\u00f3lnota s\u0105siedzka sprawia\u0142a, \u017ce osiedle mia\u0142o swoj\u0105 to\u017csamo\u015b\u0107. W 1972 roku powsta\u0142o Stowarzyszenie Mieszka\u0144c\u00f3w Carmel, kt\u00f3re zacz\u0119\u0142o walczy\u0107 o lepsze warunki \u017cycia. Dzi\u0119ki ich staraniom w latach 70. pojawi\u0142y si\u0119 pierwsze podstawowe us\u0142ugi: kontenery na \u015bmieci, toalety publiczne, woda bie\u017c\u0105ca, a tak\u017ce szko\u0142a dla doros\u0142ych. Mimo \u017ce Els Canons mia\u0142o by\u0107 prowizoryczne, osiedle przetrwa\u0142o a\u017c p\u00f3\u0142 wieku. Dopiero w latach 90., gdy Barcelona przygotowywa\u0142a si\u0119 do igrzysk olimpijskich, w\u0142adze miasta zacz\u0119\u0142y przesiedla\u0107 rodziny do mieszka\u0144 o lepszym standardzie. Baraki znikn\u0119\u0142y.<\/p>\t\t\t\t\t\t\t\t<\/div>\n\t\t\t\t<\/div>\n\t\t\t\t<div class=\"elementor-element elementor-element-201f6f0b elementor-widget elementor-widget-image\" data-id=\"201f6f0b\" data-element_type=\"widget\" data-e-type=\"widget\" data-widget_type=\"image.default\">\n\t\t\t\t<div class=\"elementor-widget-container\">\n\t\t\t\t\t\t\t\t\t\t\t\t<figure class=\"wp-caption\">\n\t\t\t\t\t\t\t\t\t\t<img decoding=\"async\" width=\"574\" height=\"327\" data-src=\"https:\/\/www.wzdluzdrogi.pl\/wp-content\/uploads\/2025\/08\/1_barraca.jpg\" class=\"attachment-large size-large wp-image-4600 lazyload\" alt=\"\" data-srcset=\"https:\/\/www.wzdluzdrogi.pl\/wp-content\/uploads\/2025\/08\/1_barraca.jpg 574w, https:\/\/www.wzdluzdrogi.pl\/wp-content\/uploads\/2025\/08\/1_barraca-300x171.jpg 300w\" data-sizes=\"(max-width: 574px) 100vw, 574px\" src=\"data:image\/svg+xml;base64,PHN2ZyB3aWR0aD0iMSIgaGVpZ2h0PSIxIiB4bWxucz0iaHR0cDovL3d3dy53My5vcmcvMjAwMC9zdmciPjwvc3ZnPg==\" style=\"--smush-placeholder-width: 574px; --smush-placeholder-aspect-ratio: 574\/327;\" \/>\t\t\t\t\t\t\t\t\t\t\t<figcaption class=\"widget-image-caption wp-caption-text\">fot: http:\/\/www.bunkers.cat\/en\/entrance-fee<\/figcaption>\n\t\t\t\t\t\t\t\t\t\t<\/figure>\n\t\t\t\t\t\t\t\t\t<\/div>\n\t\t\t\t<\/div>\n\t\t\t\t\t<\/div>\n\t\t<\/div>\n\t\t\t\t\t<\/div>\n\t\t<\/section>\n\t\t\t\t<section class=\"elementor-section elementor-top-section elementor-element elementor-element-bb882f2 elementor-section-boxed elementor-section-height-default elementor-section-height-default\" data-id=\"bb882f2\" data-element_type=\"section\" data-e-type=\"section\">\n\t\t\t\t\t\t<div class=\"elementor-container elementor-column-gap-default\">\n\t\t\t\t\t<div class=\"elementor-column elementor-col-100 elementor-top-column elementor-element elementor-element-b8a6039\" data-id=\"b8a6039\" data-element_type=\"column\" data-e-type=\"column\">\n\t\t\t<div class=\"elementor-widget-wrap elementor-element-populated\">\n\t\t\t\t\t\t<div class=\"elementor-element elementor-element-e394def elementor-widget elementor-widget-text-editor\" data-id=\"e394def\" data-element_type=\"widget\" data-e-type=\"widget\" data-widget_type=\"text-editor.default\">\n\t\t\t\t<div class=\"elementor-widget-container\">\n\t\t\t\t\t\t\t\t\t<p>Obecnie na terenie Bunkers del Carmel dzia\u0142a oddzia\u0142 muzeum miejskiego MUHBA (Museu d\u2019Hist\u00f2ria de Barcelona), gdzie mo\u017cna dowiedzie\u0107 si\u0119 wi\u0119cej o wojennej i powojennej historii tego miejsca. Ale wi\u0119kszo\u015b\u0107 odwiedzaj\u0105cych przychodzi tu po co\u015b innego, czyli po ten niesamowity widok. St\u0105d wida\u0107 ca\u0142\u0105 Barcelon\u0119: od Sagrady Familii i Parku G\u00fcell, po Morze \u015ar\u00f3dziemne i g\u00f3ry Collserola.<\/p>\t\t\t\t\t\t\t\t<\/div>\n\t\t\t\t<\/div>\n\t\t\t\t\t<\/div>\n\t\t<\/div>\n\t\t\t\t\t<\/div>\n\t\t<\/section>\n\t\t\t\t<section class=\"elementor-section elementor-top-section elementor-element elementor-element-20ecbafe elementor-section-boxed elementor-section-height-default elementor-section-height-default\" data-id=\"20ecbafe\" data-element_type=\"section\" data-e-type=\"section\">\n\t\t\t\t\t\t<div class=\"elementor-container elementor-column-gap-default\">\n\t\t\t\t\t<div class=\"elementor-column elementor-col-100 elementor-top-column elementor-element elementor-element-5373ec2d\" data-id=\"5373ec2d\" data-element_type=\"column\" data-e-type=\"column\">\n\t\t\t<div class=\"elementor-widget-wrap elementor-element-populated\">\n\t\t\t\t\t\t<div class=\"elementor-element elementor-element-64549889 elementor-widget elementor-widget-text-editor\" data-id=\"64549889\" data-element_type=\"widget\" data-e-type=\"widget\" data-widget_type=\"text-editor.default\">\n\t\t\t\t<div class=\"elementor-widget-container\">\n\t\t\t\t\t\t\t\t\t<p><strong>Interesuje ci\u0119 Barcelona? Zobacz r\u00f3wnie\u017c:<\/strong><\/p>\t\t\t\t\t\t\t\t<\/div>\n\t\t\t\t<\/div>\n\t\t\t\t\t<\/div>\n\t\t<\/div>\n\t\t\t\t\t<\/div>\n\t\t<\/section>\n\t\t\t\t<section class=\"elementor-section elementor-top-section elementor-element elementor-element-4cbbf621 elementor-section-full_width elementor-section-stretched elementor-section-height-default elementor-section-height-default elementor-invisible\" data-id=\"4cbbf621\" data-element_type=\"section\" data-e-type=\"section\" data-settings=\"{&quot;background_background&quot;:&quot;classic&quot;,&quot;animation&quot;:&quot;fadeInLeft&quot;,&quot;stretch_section&quot;:&quot;section-stretched&quot;}\">\n\t\t\t\t\t\t\t<div class=\"elementor-background-overlay\"><\/div>\n\t\t\t\t\t\t\t<div class=\"elementor-container elementor-column-gap-wider\">\n\t\t\t\t\t<div class=\"elementor-column elementor-col-33 elementor-top-column elementor-element elementor-element-33bba991\" data-id=\"33bba991\" data-element_type=\"column\" data-e-type=\"column\">\n\t\t\t<div class=\"elementor-widget-wrap elementor-element-populated\">\n\t\t\t\t\t\t<div class=\"elementor-element elementor-element-cf3052c elementor-widget elementor-widget-image\" data-id=\"cf3052c\" data-element_type=\"widget\" data-e-type=\"widget\" data-widget_type=\"image.default\">\n\t\t\t\t<div class=\"elementor-widget-container\">\n\t\t\t\t\t\t\t\t\t\t\t\t<figure class=\"wp-caption\">\n\t\t\t\t\t\t\t\t\t\t\t<a href=\"https:\/\/www.wzdluzdrogi.pl\/index.php\/2024\/06\/05\/10-atrakcji-barcelony-ktore-musisz-zobaczyc\/\">\n\t\t\t\t\t\t\t<img decoding=\"async\" width=\"683\" height=\"1024\" data-src=\"https:\/\/www.wzdluzdrogi.pl\/wp-content\/uploads\/2024\/06\/MG_7944-683x1024.jpg\" class=\"elementor-animation-rotate attachment-large size-large wp-image-3592 lazyload\" alt=\"barcelona\" data-srcset=\"https:\/\/www.wzdluzdrogi.pl\/wp-content\/uploads\/2024\/06\/MG_7944-683x1024.jpg 683w, https:\/\/www.wzdluzdrogi.pl\/wp-content\/uploads\/2024\/06\/MG_7944-200x300.jpg 200w, https:\/\/www.wzdluzdrogi.pl\/wp-content\/uploads\/2024\/06\/MG_7944-768x1152.jpg 768w, https:\/\/www.wzdluzdrogi.pl\/wp-content\/uploads\/2024\/06\/MG_7944-1024x1536.jpg 1024w, https:\/\/www.wzdluzdrogi.pl\/wp-content\/uploads\/2024\/06\/MG_7944-scaled.jpg 1067w\" data-sizes=\"(max-width: 683px) 100vw, 683px\" src=\"data:image\/svg+xml;base64,PHN2ZyB3aWR0aD0iMSIgaGVpZ2h0PSIxIiB4bWxucz0iaHR0cDovL3d3dy53My5vcmcvMjAwMC9zdmciPjwvc3ZnPg==\" style=\"--smush-placeholder-width: 683px; --smush-placeholder-aspect-ratio: 683\/1024;\" \/>\t\t\t\t\t\t\t\t<\/a>\n\t\t\t\t\t\t\t\t\t\t\t<figcaption class=\"widget-image-caption wp-caption-text\">10 atrakcji Barcelony, kt\u00f3re musisz zobaczy\u0107<\/figcaption>\n\t\t\t\t\t\t\t\t\t\t<\/figure>\n\t\t\t\t\t\t\t\t\t<\/div>\n\t\t\t\t<\/div>\n\t\t\t\t\t<\/div>\n\t\t<\/div>\n\t\t\t\t<div class=\"elementor-column elementor-col-33 elementor-top-column elementor-element elementor-element-74a9f82f\" data-id=\"74a9f82f\" data-element_type=\"column\" data-e-type=\"column\">\n\t\t\t<div class=\"elementor-widget-wrap elementor-element-populated\">\n\t\t\t\t\t\t<div class=\"elementor-element elementor-element-11acdccb elementor-widget elementor-widget-image\" data-id=\"11acdccb\" data-element_type=\"widget\" data-e-type=\"widget\" data-widget_type=\"image.default\">\n\t\t\t\t<div class=\"elementor-widget-container\">\n\t\t\t\t\t\t\t\t\t\t\t\t<figure class=\"wp-caption\">\n\t\t\t\t\t\t\t\t\t\t\t<a href=\"https:\/\/www.wzdluzdrogi.pl\/index.php\/2025\/02\/12\/najpiekniejsze-punkty-widokowe-w-barcelonie\/\">\n\t\t\t\t\t\t\t<img decoding=\"async\" width=\"683\" height=\"1024\" data-src=\"https:\/\/www.wzdluzdrogi.pl\/wp-content\/uploads\/2025\/02\/Teleferic-de-Montjuic-kolejki-linowe-barcelona-683x1024.jpg\" class=\"elementor-animation-rotate attachment-large size-large wp-image-3983 lazyload\" alt=\"\" data-srcset=\"https:\/\/www.wzdluzdrogi.pl\/wp-content\/uploads\/2025\/02\/Teleferic-de-Montjuic-kolejki-linowe-barcelona-683x1024.jpg 683w, https:\/\/www.wzdluzdrogi.pl\/wp-content\/uploads\/2025\/02\/Teleferic-de-Montjuic-kolejki-linowe-barcelona-200x300.jpg 200w, https:\/\/www.wzdluzdrogi.pl\/wp-content\/uploads\/2025\/02\/Teleferic-de-Montjuic-kolejki-linowe-barcelona-768x1152.jpg 768w, https:\/\/www.wzdluzdrogi.pl\/wp-content\/uploads\/2025\/02\/Teleferic-de-Montjuic-kolejki-linowe-barcelona-1024x1536.jpg 1024w, https:\/\/www.wzdluzdrogi.pl\/wp-content\/uploads\/2025\/02\/Teleferic-de-Montjuic-kolejki-linowe-barcelona-scaled.jpg 1067w\" data-sizes=\"(max-width: 683px) 100vw, 683px\" src=\"data:image\/svg+xml;base64,PHN2ZyB3aWR0aD0iMSIgaGVpZ2h0PSIxIiB4bWxucz0iaHR0cDovL3d3dy53My5vcmcvMjAwMC9zdmciPjwvc3ZnPg==\" style=\"--smush-placeholder-width: 683px; --smush-placeholder-aspect-ratio: 683\/1024;\" \/>\t\t\t\t\t\t\t\t<\/a>\n\t\t\t\t\t\t\t\t\t\t\t<figcaption class=\"widget-image-caption wp-caption-text\">Najpi\u0119kniejsze punkty widokowe w Barcelonie<\/figcaption>\n\t\t\t\t\t\t\t\t\t\t<\/figure>\n\t\t\t\t\t\t\t\t\t<\/div>\n\t\t\t\t<\/div>\n\t\t\t\t\t<\/div>\n\t\t<\/div>\n\t\t\t\t<div class=\"elementor-column elementor-col-33 elementor-top-column elementor-element elementor-element-25df2e5d\" data-id=\"25df2e5d\" data-element_type=\"column\" data-e-type=\"column\">\n\t\t\t<div class=\"elementor-widget-wrap elementor-element-populated\">\n\t\t\t\t\t\t<div class=\"elementor-element elementor-element-7de4bfa0 elementor-widget elementor-widget-image\" data-id=\"7de4bfa0\" data-element_type=\"widget\" data-e-type=\"widget\" data-widget_type=\"image.default\">\n\t\t\t\t<div class=\"elementor-widget-container\">\n\t\t\t\t\t\t\t\t\t\t\t\t<figure class=\"wp-caption\">\n\t\t\t\t\t\t\t\t\t\t\t<a href=\"https:\/\/www.wzdluzdrogi.pl\/index.php\/2024\/06\/04\/atrakcje-gaudiego-w-barcelonie-ktore-musisz-zobaczyc\/\">\n\t\t\t\t\t\t\t<img decoding=\"async\" width=\"683\" height=\"1024\" data-src=\"https:\/\/www.wzdluzdrogi.pl\/wp-content\/uploads\/2024\/06\/MG_7397-1-683x1024.jpg\" class=\"elementor-animation-rotate attachment-large size-large wp-image-3523 lazyload\" alt=\"fasada sagrada familia, atrakcje w barcelonie, \u015bladami gaudiego w barcelonie, co zobaczy\u0107 w barcelonie\" data-srcset=\"https:\/\/www.wzdluzdrogi.pl\/wp-content\/uploads\/2024\/06\/MG_7397-1-683x1024.jpg 683w, https:\/\/www.wzdluzdrogi.pl\/wp-content\/uploads\/2024\/06\/MG_7397-1-200x300.jpg 200w, https:\/\/www.wzdluzdrogi.pl\/wp-content\/uploads\/2024\/06\/MG_7397-1-768x1152.jpg 768w, https:\/\/www.wzdluzdrogi.pl\/wp-content\/uploads\/2024\/06\/MG_7397-1-1024x1536.jpg 1024w, https:\/\/www.wzdluzdrogi.pl\/wp-content\/uploads\/2024\/06\/MG_7397-1-scaled.jpg 1067w\" data-sizes=\"(max-width: 683px) 100vw, 683px\" src=\"data:image\/svg+xml;base64,PHN2ZyB3aWR0aD0iMSIgaGVpZ2h0PSIxIiB4bWxucz0iaHR0cDovL3d3dy53My5vcmcvMjAwMC9zdmciPjwvc3ZnPg==\" style=\"--smush-placeholder-width: 683px; --smush-placeholder-aspect-ratio: 683\/1024;\" \/>\t\t\t\t\t\t\t\t<\/a>\n\t\t\t\t\t\t\t\t\t\t\t<figcaption class=\"widget-image-caption wp-caption-text\">Atrakcje Gaud\u00edego w Barcelonie, kt\u00f3re musisz zobaczy\u0107<\/figcaption>\n\t\t\t\t\t\t\t\t\t\t<\/figure>\n\t\t\t\t\t\t\t\t\t<\/div>\n\t\t\t\t<\/div>\n\t\t\t\t\t<\/div>\n\t\t<\/div>\n\t\t\t\t\t<\/div>\n\t\t<\/section>\n\t\t\t\t<section class=\"elementor-section elementor-top-section elementor-element elementor-element-3fd5ec99 elementor-section-boxed elementor-section-height-default elementor-section-height-default\" data-id=\"3fd5ec99\" data-element_type=\"section\" data-e-type=\"section\">\n\t\t\t\t\t\t<div class=\"elementor-container elementor-column-gap-default\">\n\t\t\t\t\t<div class=\"elementor-column elementor-col-100 elementor-top-column elementor-element elementor-element-12c670\" data-id=\"12c670\" data-element_type=\"column\" data-e-type=\"column\">\n\t\t\t<div class=\"elementor-widget-wrap elementor-element-populated\">\n\t\t\t\t\t\t<div class=\"elementor-element elementor-element-4199d9a2 elementor-widget elementor-widget-text-editor\" data-id=\"4199d9a2\" data-element_type=\"widget\" data-e-type=\"widget\" data-widget_type=\"text-editor.default\">\n\t\t\t\t<div class=\"elementor-widget-container\">\n\t\t\t\t\t\t\t\t\t<p><strong>Zajrzyj na nasze media spo\u0142eczno\u015bciowe, po wi\u0119cej:<\/strong><\/p>\t\t\t\t\t\t\t\t<\/div>\n\t\t\t\t<\/div>\n\t\t\t\t<div class=\"elementor-element elementor-element-175ee311 elementor-shape-rounded elementor-grid-0 e-grid-align-center elementor-widget elementor-widget-social-icons\" data-id=\"175ee311\" data-element_type=\"widget\" data-e-type=\"widget\" data-widget_type=\"social-icons.default\">\n\t\t\t\t<div class=\"elementor-widget-container\">\n\t\t\t\t\t\t\t<div class=\"elementor-social-icons-wrapper elementor-grid\" role=\"list\">\n\t\t\t\t\t\t\t<span class=\"elementor-grid-item\" role=\"listitem\">\n\t\t\t\t\t<a class=\"elementor-icon elementor-social-icon elementor-social-icon-facebook elementor-repeater-item-2354b0d\" href=\"https:\/\/www.facebook.com\/wzdluzdrogi\" target=\"_blank\">\n\t\t\t\t\t\t<span class=\"elementor-screen-only\">Facebook<\/span>\n\t\t\t\t\t\t<i aria-hidden=\"true\" class=\"fab fa-facebook\"><\/i>\t\t\t\t\t<\/a>\n\t\t\t\t<\/span>\n\t\t\t\t\t\t\t<span class=\"elementor-grid-item\" role=\"listitem\">\n\t\t\t\t\t<a class=\"elementor-icon elementor-social-icon elementor-social-icon-instagram elementor-repeater-item-a964718\" href=\"https:\/\/www.instagram.com\/wzdluz_drogi\/?hl=pl\" target=\"_blank\">\n\t\t\t\t\t\t<span class=\"elementor-screen-only\">Instagram<\/span>\n\t\t\t\t\t\t<i aria-hidden=\"true\" class=\"fab fa-instagram\"><\/i>\t\t\t\t\t<\/a>\n\t\t\t\t<\/span>\n\t\t\t\t\t\t\t<span class=\"elementor-grid-item\" role=\"listitem\">\n\t\t\t\t\t<a class=\"elementor-icon elementor-social-icon elementor-social-icon-youtube elementor-repeater-item-9c75202\" href=\"https:\/\/www.youtube.com\/channel\/UCW7xjbHjmE0P5_HMEhlFR5w\" target=\"_blank\">\n\t\t\t\t\t\t<span class=\"elementor-screen-only\">Youtube<\/span>\n\t\t\t\t\t\t<i aria-hidden=\"true\" class=\"fab fa-youtube\"><\/i>\t\t\t\t\t<\/a>\n\t\t\t\t<\/span>\n\t\t\t\t\t<\/div>\n\t\t\t\t\t\t<\/div>\n\t\t\t\t<\/div>\n\t\t\t\t\t<\/div>\n\t\t<\/div>\n\t\t\t\t\t<\/div>\n\t\t<\/section>\n\t\t\t\t<\/div>\n\t\t","protected":false},"excerpt":{"rendered":"<p>Kiedy pisa\u0142am o najlepszych punktach widokowych Barcelony, wspomnia\u0142am tylko jednym zdaniem o Bunkers del Carmel. Ale mia\u0142am wra\u017cenie, \u017ce to za ma\u0142o, bo to miejsce zas\u0142uguje na osobn\u0105 histori\u0119. Nie tylko ze wzgl\u0119du na spektakularny widok na miasto, ale tak\u017ce na to, \u017ce kryje w sobie ludzkie losy i wspomnienia. Zawsze fascynuje mnie, jak przestrze\u0144 &hellip; <\/p>\n","protected":false},"author":1,"featured_media":4599,"comment_status":"open","ping_status":"closed","sticky":false,"template":"","format":"standard","meta":{"_monsterinsights_skip_tracking":false,"_monsterinsights_sitenote_active":false,"_monsterinsights_sitenote_note":"","_monsterinsights_sitenote_category":0,"footnotes":""},"categories":[100,26,103],"tags":[],"class_list":["post-4595","post","type-post","status-publish","format-standard","has-post-thumbnail","hentry","category-barcelona","category-podroze","category-slow-travel"],"yoast_head":"<!-- This site is optimized with the Yoast SEO plugin v26.5 - https:\/\/yoast.com\/wordpress\/plugins\/seo\/ -->\n<title>Bunkers del Carmel - najlepsze miejsce na zach\u00f3d s\u0142o\u0144ca w Barcelonie - Wzd\u0142u\u017c Drogi<\/title>\n<meta name=\"description\" content=\"Bunkers del Carmel, czyli najlepsze miejsce na zach\u00f3d s\u0142o\u0144ca w Barcelonie. Mimo powszechnej nazwy, Bunkers del Carmel wcale nie s\u0105 bunkrami.\" \/>\n<meta name=\"robots\" content=\"index, follow, max-snippet:-1, max-image-preview:large, max-video-preview:-1\" \/>\n<link rel=\"canonical\" href=\"https:\/\/www.wzdluzdrogi.pl\/index.php\/2025\/08\/19\/bunkers-del-carmel-najlepsze-miejsce-na-zachod-slonca-w-barcelonie\/\" \/>\n<meta property=\"og:locale\" content=\"pl_PL\" \/>\n<meta property=\"og:type\" content=\"article\" \/>\n<meta property=\"og:title\" content=\"Bunkers del Carmel - najlepsze miejsce na zach\u00f3d s\u0142o\u0144ca w Barcelonie - Wzd\u0142u\u017c Drogi\" \/>\n<meta property=\"og:description\" content=\"Bunkers del Carmel, czyli najlepsze miejsce na zach\u00f3d s\u0142o\u0144ca w Barcelonie. Mimo powszechnej nazwy, Bunkers del Carmel wcale nie s\u0105 bunkrami.\" \/>\n<meta property=\"og:url\" content=\"https:\/\/www.wzdluzdrogi.pl\/index.php\/2025\/08\/19\/bunkers-del-carmel-najlepsze-miejsce-na-zachod-slonca-w-barcelonie\/\" \/>\n<meta property=\"og:site_name\" content=\"Wzd\u0142u\u017c Drogi\" \/>\n<meta property=\"article:published_time\" content=\"2025-08-19T08:28:08+00:00\" \/>\n<meta property=\"article:modified_time\" content=\"2025-08-19T08:39:18+00:00\" \/>\n<meta property=\"og:image\" content=\"https:\/\/www.wzdluzdrogi.pl\/wp-content\/uploads\/2025\/08\/jordi-vich-navarro-VpH8k3be4g8-unsplash-scaled.jpg\" \/>\n\t<meta property=\"og:image:width\" content=\"1600\" \/>\n\t<meta property=\"og:image:height\" content=\"900\" \/>\n\t<meta property=\"og:image:type\" content=\"image\/jpeg\" \/>\n<meta name=\"author\" content=\"Wzdluzdrogi\" \/>\n<meta name=\"twitter:card\" content=\"summary_large_image\" \/>\n<meta name=\"twitter:label1\" content=\"Napisane przez\" \/>\n\t<meta name=\"twitter:data1\" content=\"Wzdluzdrogi\" \/>\n\t<meta name=\"twitter:label2\" content=\"Szacowany czas czytania\" \/>\n\t<meta name=\"twitter:data2\" content=\"6 minut\" \/>\n<script type=\"application\/ld+json\" class=\"yoast-schema-graph\">{\"@context\":\"https:\/\/schema.org\",\"@graph\":[{\"@type\":\"WebPage\",\"@id\":\"https:\/\/www.wzdluzdrogi.pl\/index.php\/2025\/08\/19\/bunkers-del-carmel-najlepsze-miejsce-na-zachod-slonca-w-barcelonie\/\",\"url\":\"https:\/\/www.wzdluzdrogi.pl\/index.php\/2025\/08\/19\/bunkers-del-carmel-najlepsze-miejsce-na-zachod-slonca-w-barcelonie\/\",\"name\":\"Bunkers del Carmel - najlepsze miejsce na zach\u00f3d s\u0142o\u0144ca w Barcelonie - Wzd\u0142u\u017c Drogi\",\"isPartOf\":{\"@id\":\"https:\/\/www.wzdluzdrogi.pl\/#website\"},\"primaryImageOfPage\":{\"@id\":\"https:\/\/www.wzdluzdrogi.pl\/index.php\/2025\/08\/19\/bunkers-del-carmel-najlepsze-miejsce-na-zachod-slonca-w-barcelonie\/#primaryimage\"},\"image\":{\"@id\":\"https:\/\/www.wzdluzdrogi.pl\/index.php\/2025\/08\/19\/bunkers-del-carmel-najlepsze-miejsce-na-zachod-slonca-w-barcelonie\/#primaryimage\"},\"thumbnailUrl\":\"https:\/\/www.wzdluzdrogi.pl\/wp-content\/uploads\/2025\/08\/jordi-vich-navarro-VpH8k3be4g8-unsplash-scaled.jpg\",\"datePublished\":\"2025-08-19T08:28:08+00:00\",\"dateModified\":\"2025-08-19T08:39:18+00:00\",\"author\":{\"@id\":\"https:\/\/www.wzdluzdrogi.pl\/#\/schema\/person\/74e57cccc529edf05c11ceaff979bf00\"},\"description\":\"Bunkers del Carmel, czyli najlepsze miejsce na zach\u00f3d s\u0142o\u0144ca w Barcelonie. Mimo powszechnej nazwy, Bunkers del Carmel wcale nie s\u0105 bunkrami.\",\"breadcrumb\":{\"@id\":\"https:\/\/www.wzdluzdrogi.pl\/index.php\/2025\/08\/19\/bunkers-del-carmel-najlepsze-miejsce-na-zachod-slonca-w-barcelonie\/#breadcrumb\"},\"inLanguage\":\"pl-PL\",\"potentialAction\":[{\"@type\":\"ReadAction\",\"target\":[\"https:\/\/www.wzdluzdrogi.pl\/index.php\/2025\/08\/19\/bunkers-del-carmel-najlepsze-miejsce-na-zachod-slonca-w-barcelonie\/\"]}]},{\"@type\":\"ImageObject\",\"inLanguage\":\"pl-PL\",\"@id\":\"https:\/\/www.wzdluzdrogi.pl\/index.php\/2025\/08\/19\/bunkers-del-carmel-najlepsze-miejsce-na-zachod-slonca-w-barcelonie\/#primaryimage\",\"url\":\"https:\/\/www.wzdluzdrogi.pl\/wp-content\/uploads\/2025\/08\/jordi-vich-navarro-VpH8k3be4g8-unsplash-scaled.jpg\",\"contentUrl\":\"https:\/\/www.wzdluzdrogi.pl\/wp-content\/uploads\/2025\/08\/jordi-vich-navarro-VpH8k3be4g8-unsplash-scaled.jpg\",\"width\":1600,\"height\":900,\"caption\":\"najlepszy punkt widokowy na Barcelone, bunkry w barcelonie\"},{\"@type\":\"BreadcrumbList\",\"@id\":\"https:\/\/www.wzdluzdrogi.pl\/index.php\/2025\/08\/19\/bunkers-del-carmel-najlepsze-miejsce-na-zachod-slonca-w-barcelonie\/#breadcrumb\",\"itemListElement\":[{\"@type\":\"ListItem\",\"position\":1,\"name\":\"Strona g\u0142\u00f3wna\",\"item\":\"https:\/\/www.wzdluzdrogi.pl\/\"},{\"@type\":\"ListItem\",\"position\":2,\"name\":\"Bunkers del Carmel &#8211; najlepsze miejsce na zach\u00f3d s\u0142o\u0144ca w Barcelonie\"}]},{\"@type\":\"WebSite\",\"@id\":\"https:\/\/www.wzdluzdrogi.pl\/#website\",\"url\":\"https:\/\/www.wzdluzdrogi.pl\/\",\"name\":\"Wzd\u0142u\u017c Drogi\",\"description\":\"Podr\u00f3\u017ce w rytmie slow\",\"potentialAction\":[{\"@type\":\"SearchAction\",\"target\":{\"@type\":\"EntryPoint\",\"urlTemplate\":\"https:\/\/www.wzdluzdrogi.pl\/?s={search_term_string}\"},\"query-input\":{\"@type\":\"PropertyValueSpecification\",\"valueRequired\":true,\"valueName\":\"search_term_string\"}}],\"inLanguage\":\"pl-PL\"},{\"@type\":\"Person\",\"@id\":\"https:\/\/www.wzdluzdrogi.pl\/#\/schema\/person\/74e57cccc529edf05c11ceaff979bf00\",\"name\":\"Wzdluzdrogi\",\"image\":{\"@type\":\"ImageObject\",\"inLanguage\":\"pl-PL\",\"@id\":\"https:\/\/www.wzdluzdrogi.pl\/#\/schema\/person\/image\/\",\"url\":\"https:\/\/secure.gravatar.com\/avatar\/5338c7b0ffcf3c9b5c99db5ffd459d84?s=96&d=mm&r=g\",\"contentUrl\":\"https:\/\/secure.gravatar.com\/avatar\/5338c7b0ffcf3c9b5c99db5ffd459d84?s=96&d=mm&r=g\",\"caption\":\"Wzdluzdrogi\"},\"sameAs\":[\"http:\/\/www.wzdluzdrogi.pl\"],\"url\":\"https:\/\/www.wzdluzdrogi.pl\/index.php\/author\/wzdluzdrogi\/\"}]}<\/script>\n<!-- \/ Yoast SEO plugin. -->","yoast_head_json":{"title":"Bunkers del Carmel - najlepsze miejsce na zach\u00f3d s\u0142o\u0144ca w Barcelonie - Wzd\u0142u\u017c Drogi","description":"Bunkers del Carmel, czyli najlepsze miejsce na zach\u00f3d s\u0142o\u0144ca w Barcelonie. Mimo powszechnej nazwy, Bunkers del Carmel wcale nie s\u0105 bunkrami.","robots":{"index":"index","follow":"follow","max-snippet":"max-snippet:-1","max-image-preview":"max-image-preview:large","max-video-preview":"max-video-preview:-1"},"canonical":"https:\/\/www.wzdluzdrogi.pl\/index.php\/2025\/08\/19\/bunkers-del-carmel-najlepsze-miejsce-na-zachod-slonca-w-barcelonie\/","og_locale":"pl_PL","og_type":"article","og_title":"Bunkers del Carmel - najlepsze miejsce na zach\u00f3d s\u0142o\u0144ca w Barcelonie - Wzd\u0142u\u017c Drogi","og_description":"Bunkers del Carmel, czyli najlepsze miejsce na zach\u00f3d s\u0142o\u0144ca w Barcelonie. Mimo powszechnej nazwy, Bunkers del Carmel wcale nie s\u0105 bunkrami.","og_url":"https:\/\/www.wzdluzdrogi.pl\/index.php\/2025\/08\/19\/bunkers-del-carmel-najlepsze-miejsce-na-zachod-slonca-w-barcelonie\/","og_site_name":"Wzd\u0142u\u017c Drogi","article_published_time":"2025-08-19T08:28:08+00:00","article_modified_time":"2025-08-19T08:39:18+00:00","og_image":[{"width":1600,"height":900,"url":"https:\/\/www.wzdluzdrogi.pl\/wp-content\/uploads\/2025\/08\/jordi-vich-navarro-VpH8k3be4g8-unsplash-scaled.jpg","type":"image\/jpeg"}],"author":"Wzdluzdrogi","twitter_card":"summary_large_image","twitter_misc":{"Napisane przez":"Wzdluzdrogi","Szacowany czas czytania":"6 minut"},"schema":{"@context":"https:\/\/schema.org","@graph":[{"@type":"WebPage","@id":"https:\/\/www.wzdluzdrogi.pl\/index.php\/2025\/08\/19\/bunkers-del-carmel-najlepsze-miejsce-na-zachod-slonca-w-barcelonie\/","url":"https:\/\/www.wzdluzdrogi.pl\/index.php\/2025\/08\/19\/bunkers-del-carmel-najlepsze-miejsce-na-zachod-slonca-w-barcelonie\/","name":"Bunkers del Carmel - najlepsze miejsce na zach\u00f3d s\u0142o\u0144ca w Barcelonie - Wzd\u0142u\u017c Drogi","isPartOf":{"@id":"https:\/\/www.wzdluzdrogi.pl\/#website"},"primaryImageOfPage":{"@id":"https:\/\/www.wzdluzdrogi.pl\/index.php\/2025\/08\/19\/bunkers-del-carmel-najlepsze-miejsce-na-zachod-slonca-w-barcelonie\/#primaryimage"},"image":{"@id":"https:\/\/www.wzdluzdrogi.pl\/index.php\/2025\/08\/19\/bunkers-del-carmel-najlepsze-miejsce-na-zachod-slonca-w-barcelonie\/#primaryimage"},"thumbnailUrl":"https:\/\/www.wzdluzdrogi.pl\/wp-content\/uploads\/2025\/08\/jordi-vich-navarro-VpH8k3be4g8-unsplash-scaled.jpg","datePublished":"2025-08-19T08:28:08+00:00","dateModified":"2025-08-19T08:39:18+00:00","author":{"@id":"https:\/\/www.wzdluzdrogi.pl\/#\/schema\/person\/74e57cccc529edf05c11ceaff979bf00"},"description":"Bunkers del Carmel, czyli najlepsze miejsce na zach\u00f3d s\u0142o\u0144ca w Barcelonie. Mimo powszechnej nazwy, Bunkers del Carmel wcale nie s\u0105 bunkrami.","breadcrumb":{"@id":"https:\/\/www.wzdluzdrogi.pl\/index.php\/2025\/08\/19\/bunkers-del-carmel-najlepsze-miejsce-na-zachod-slonca-w-barcelonie\/#breadcrumb"},"inLanguage":"pl-PL","potentialAction":[{"@type":"ReadAction","target":["https:\/\/www.wzdluzdrogi.pl\/index.php\/2025\/08\/19\/bunkers-del-carmel-najlepsze-miejsce-na-zachod-slonca-w-barcelonie\/"]}]},{"@type":"ImageObject","inLanguage":"pl-PL","@id":"https:\/\/www.wzdluzdrogi.pl\/index.php\/2025\/08\/19\/bunkers-del-carmel-najlepsze-miejsce-na-zachod-slonca-w-barcelonie\/#primaryimage","url":"https:\/\/www.wzdluzdrogi.pl\/wp-content\/uploads\/2025\/08\/jordi-vich-navarro-VpH8k3be4g8-unsplash-scaled.jpg","contentUrl":"https:\/\/www.wzdluzdrogi.pl\/wp-content\/uploads\/2025\/08\/jordi-vich-navarro-VpH8k3be4g8-unsplash-scaled.jpg","width":1600,"height":900,"caption":"najlepszy punkt widokowy na Barcelone, bunkry w barcelonie"},{"@type":"BreadcrumbList","@id":"https:\/\/www.wzdluzdrogi.pl\/index.php\/2025\/08\/19\/bunkers-del-carmel-najlepsze-miejsce-na-zachod-slonca-w-barcelonie\/#breadcrumb","itemListElement":[{"@type":"ListItem","position":1,"name":"Strona g\u0142\u00f3wna","item":"https:\/\/www.wzdluzdrogi.pl\/"},{"@type":"ListItem","position":2,"name":"Bunkers del Carmel &#8211; najlepsze miejsce na zach\u00f3d s\u0142o\u0144ca w Barcelonie"}]},{"@type":"WebSite","@id":"https:\/\/www.wzdluzdrogi.pl\/#website","url":"https:\/\/www.wzdluzdrogi.pl\/","name":"Wzd\u0142u\u017c Drogi","description":"Podr\u00f3\u017ce w rytmie slow","potentialAction":[{"@type":"SearchAction","target":{"@type":"EntryPoint","urlTemplate":"https:\/\/www.wzdluzdrogi.pl\/?s={search_term_string}"},"query-input":{"@type":"PropertyValueSpecification","valueRequired":true,"valueName":"search_term_string"}}],"inLanguage":"pl-PL"},{"@type":"Person","@id":"https:\/\/www.wzdluzdrogi.pl\/#\/schema\/person\/74e57cccc529edf05c11ceaff979bf00","name":"Wzdluzdrogi","image":{"@type":"ImageObject","inLanguage":"pl-PL","@id":"https:\/\/www.wzdluzdrogi.pl\/#\/schema\/person\/image\/","url":"https:\/\/secure.gravatar.com\/avatar\/5338c7b0ffcf3c9b5c99db5ffd459d84?s=96&d=mm&r=g","contentUrl":"https:\/\/secure.gravatar.com\/avatar\/5338c7b0ffcf3c9b5c99db5ffd459d84?s=96&d=mm&r=g","caption":"Wzdluzdrogi"},"sameAs":["http:\/\/www.wzdluzdrogi.pl"],"url":"https:\/\/www.wzdluzdrogi.pl\/index.php\/author\/wzdluzdrogi\/"}]}},"_links":{"self":[{"href":"https:\/\/www.wzdluzdrogi.pl\/index.php\/wp-json\/wp\/v2\/posts\/4595","targetHints":{"allow":["GET"]}}],"collection":[{"href":"https:\/\/www.wzdluzdrogi.pl\/index.php\/wp-json\/wp\/v2\/posts"}],"about":[{"href":"https:\/\/www.wzdluzdrogi.pl\/index.php\/wp-json\/wp\/v2\/types\/post"}],"author":[{"embeddable":true,"href":"https:\/\/www.wzdluzdrogi.pl\/index.php\/wp-json\/wp\/v2\/users\/1"}],"replies":[{"embeddable":true,"href":"https:\/\/www.wzdluzdrogi.pl\/index.php\/wp-json\/wp\/v2\/comments?post=4595"}],"version-history":[{"count":10,"href":"https:\/\/www.wzdluzdrogi.pl\/index.php\/wp-json\/wp\/v2\/posts\/4595\/revisions"}],"predecessor-version":[{"id":4611,"href":"https:\/\/www.wzdluzdrogi.pl\/index.php\/wp-json\/wp\/v2\/posts\/4595\/revisions\/4611"}],"wp:featuredmedia":[{"embeddable":true,"href":"https:\/\/www.wzdluzdrogi.pl\/index.php\/wp-json\/wp\/v2\/media\/4599"}],"wp:attachment":[{"href":"https:\/\/www.wzdluzdrogi.pl\/index.php\/wp-json\/wp\/v2\/media?parent=4595"}],"wp:term":[{"taxonomy":"category","embeddable":true,"href":"https:\/\/www.wzdluzdrogi.pl\/index.php\/wp-json\/wp\/v2\/categories?post=4595"},{"taxonomy":"post_tag","embeddable":true,"href":"https:\/\/www.wzdluzdrogi.pl\/index.php\/wp-json\/wp\/v2\/tags?post=4595"}],"curies":[{"name":"wp","href":"https:\/\/api.w.org\/{rel}","templated":true}]}}