{"id":4914,"date":"2025-12-09T12:46:59","date_gmt":"2025-12-09T11:46:59","guid":{"rendered":"https:\/\/www.wzdluzdrogi.pl\/?p=4914"},"modified":"2026-04-23T11:32:17","modified_gmt":"2026-04-23T09:32:17","slug":"atrakcje-w-sewilli-ktore-musisz-zobaczyc","status":"publish","type":"post","link":"https:\/\/www.wzdluzdrogi.pl\/index.php\/2025\/12\/09\/atrakcje-w-sewilli-ktore-musisz-zobaczyc\/","title":{"rendered":"Atrakcje w Sewilli, kt\u00f3re musisz zobaczy\u0107"},"content":{"rendered":"\t\t<div data-elementor-type=\"wp-post\" data-elementor-id=\"4914\" class=\"elementor elementor-4914\">\n\t\t\t\t\t\t<section class=\"elementor-section elementor-top-section elementor-element elementor-element-20950e9 elementor-section-boxed elementor-section-height-default elementor-section-height-default\" data-id=\"20950e9\" data-element_type=\"section\" data-e-type=\"section\">\n\t\t\t\t\t\t<div class=\"elementor-container elementor-column-gap-default\">\n\t\t\t\t\t<div class=\"elementor-column elementor-col-100 elementor-top-column elementor-element elementor-element-b34a693\" data-id=\"b34a693\" data-element_type=\"column\" data-e-type=\"column\">\n\t\t\t<div class=\"elementor-widget-wrap elementor-element-populated\">\n\t\t\t\t\t\t<div class=\"elementor-element elementor-element-6bb5ceed elementor-widget elementor-widget-text-editor\" data-id=\"6bb5ceed\" data-element_type=\"widget\" data-e-type=\"widget\" data-widget_type=\"text-editor.default\">\n\t\t\t\t<div class=\"elementor-widget-container\">\n\t\t\t\t\t\t\t\t\t<p>Na placu hiszpa\u0144skim nawet jesieni\u0105 jest du\u017co turyst\u00f3w, teraz g\u0142\u00f3wnie hiszpa\u0144skoj\u0119zycznych. Kr\u0105\u017c\u0105 po placu, \u015brednio zainteresowani facetem wo\u0142aj\u0105cym na ca\u0142e gard\u0142o \u201ewater! water! aqua!\u201d, czy drugim puszczaj\u0105cym ba\u0144ki dzieciom. Pod koniec listopada wi\u0119kszo\u015b\u0107 Hiszpan\u00f3w zak\u0142ada kurtki w ci\u0105gu dnia, a o wczesnym poranku my\u015bli si\u0119 jedynie o ciep\u0142ej herbacie, czy kawie, a nie butelce wody. Kawa jest jednak popularniejszym wyborem rano w tym rejonie Europy, ni\u017c herbata. Kto\u015b nam kiedy\u015b powiedzia\u0142, \u017ce w Andaluzji trudno znale\u017a\u0107 herbat\u0119 w sklepie spo\u017cywczym \u2013 to nieprawda. Herbat jest sporo, chocia\u017c Polska wygrywa w tym zestawieniu.<\/p>\t\t\t\t\t\t\t\t<\/div>\n\t\t\t\t<\/div>\n\t\t\t\t<div class=\"elementor-element elementor-element-ee51349 elementor-widget elementor-widget-text-editor\" data-id=\"ee51349\" data-element_type=\"widget\" data-e-type=\"widget\" data-widget_type=\"text-editor.default\">\n\t\t\t\t<div class=\"elementor-widget-container\">\n\t\t\t\t\t\t\t\t\t<p>Jedni powiedz\u0105, \u017ce Seville warto zwiedzi\u0107 dla kuchni. Inni, \u017ce g\u0142\u00f3wnie dla architektury, w ko\u0144cu to tu zobaczysz najwi\u0119ksz\u0105 gotyck\u0105 katedr\u0119 w Europie. Dla mnie, jak zwykle liczy si\u0119 poznanie i zrozumienia innego \u017cycia i zwyczaj\u00f3w. Dzisiaj zabieramy was wi\u0119c do pi\u0119knej Sewilli. Post\u00f3w z tego miasta pojawi si\u0119 jeszcze kilka, a tymczasem poznajcie 10 najwa\u017cniejszych atrakcji w Sewilli, kt\u00f3re pozwol\u0105 wam chocia\u017c troch\u0119 zrozumie\u0107 jej histori\u0119.<\/p>\t\t\t\t\t\t\t\t<\/div>\n\t\t\t\t<\/div>\n\t\t\t\t\t<\/div>\n\t\t<\/div>\n\t\t\t\t\t<\/div>\n\t\t<\/section>\n\t\t\t\t<section class=\"elementor-section elementor-top-section elementor-element elementor-element-4f208316 elementor-section-full_width elementor-section-stretched elementor-section-height-default elementor-section-height-default elementor-invisible\" data-id=\"4f208316\" data-element_type=\"section\" data-e-type=\"section\" data-settings=\"{&quot;stretch_section&quot;:&quot;section-stretched&quot;,&quot;background_background&quot;:&quot;classic&quot;,&quot;animation&quot;:&quot;fadeInLeft&quot;}\">\n\t\t\t\t\t\t<div class=\"elementor-container elementor-column-gap-default\">\n\t\t\t\t\t<div class=\"elementor-column elementor-col-50 elementor-top-column elementor-element elementor-element-19a5a9bc\" data-id=\"19a5a9bc\" data-element_type=\"column\" data-e-type=\"column\">\n\t\t\t<div class=\"elementor-widget-wrap elementor-element-populated\">\n\t\t\t\t\t\t<div class=\"elementor-element elementor-element-31aef8f6 elementor-widget elementor-widget-image\" data-id=\"31aef8f6\" data-element_type=\"widget\" data-e-type=\"widget\" data-widget_type=\"image.default\">\n\t\t\t\t<div class=\"elementor-widget-container\">\n\t\t\t\t\t\t\t\t\t\t\t\t\t\t\t<img fetchpriority=\"high\" decoding=\"async\" width=\"667\" height=\"1000\" src=\"https:\/\/www.wzdluzdrogi.pl\/wp-content\/uploads\/2025\/12\/MG_2677.jpg\" class=\"attachment-large size-large wp-image-4940\" alt=\"sewilla\" srcset=\"https:\/\/www.wzdluzdrogi.pl\/wp-content\/uploads\/2025\/12\/MG_2677.jpg 667w, https:\/\/www.wzdluzdrogi.pl\/wp-content\/uploads\/2025\/12\/MG_2677-200x300.jpg 200w\" sizes=\"(max-width: 667px) 100vw, 667px\" \/>\t\t\t\t\t\t\t\t\t\t\t\t\t\t\t<\/div>\n\t\t\t\t<\/div>\n\t\t\t\t\t<\/div>\n\t\t<\/div>\n\t\t\t\t<div class=\"elementor-column elementor-col-50 elementor-top-column elementor-element elementor-element-1dbabc0b\" data-id=\"1dbabc0b\" data-element_type=\"column\" data-e-type=\"column\">\n\t\t\t<div class=\"elementor-widget-wrap elementor-element-populated\">\n\t\t\t\t\t\t<div class=\"elementor-element elementor-element-4e323b28 elementor-widget elementor-widget-heading\" data-id=\"4e323b28\" data-element_type=\"widget\" data-e-type=\"widget\" data-widget_type=\"heading.default\">\n\t\t\t\t<div class=\"elementor-widget-container\">\n\t\t\t\t\t<div id=\"ez-toc-container\" class=\"ez-toc-v2_0_82_2 counter-hierarchy ez-toc-counter ez-toc-light-blue ez-toc-container-direction\">\n<p class=\"ez-toc-title\" style=\"cursor:inherit\">Spis tre\u015bci<\/p>\n<label for=\"ez-toc-cssicon-toggle-item-69f15bdda104a\" class=\"ez-toc-cssicon-toggle-label\"><span class=\"\"><span class=\"eztoc-hide\" style=\"display:none;\">Toggle<\/span><span class=\"ez-toc-icon-toggle-span\"><svg style=\"fill: #999;color:#999\" xmlns=\"http:\/\/www.w3.org\/2000\/svg\" class=\"list-377408\" width=\"20px\" height=\"20px\" viewBox=\"0 0 24 24\" fill=\"none\"><path d=\"M6 6H4v2h2V6zm14 0H8v2h12V6zM4 11h2v2H4v-2zm16 0H8v2h12v-2zM4 16h2v2H4v-2zm16 0H8v2h12v-2z\" fill=\"currentColor\"><\/path><\/svg><svg style=\"fill: #999;color:#999\" class=\"arrow-unsorted-368013\" xmlns=\"http:\/\/www.w3.org\/2000\/svg\" width=\"10px\" height=\"10px\" viewBox=\"0 0 24 24\" version=\"1.2\" baseProfile=\"tiny\"><path d=\"M18.2 9.3l-6.2-6.3-6.2 6.3c-.2.2-.3.4-.3.7s.1.5.3.7c.2.2.4.3.7.3h11c.3 0 .5-.1.7-.3.2-.2.3-.5.3-.7s-.1-.5-.3-.7zM5.8 14.7l6.2 6.3 6.2-6.3c.2-.2.3-.5.3-.7s-.1-.5-.3-.7c-.2-.2-.4-.3-.7-.3h-11c-.3 0-.5.1-.7.3-.2.2-.3.5-.3.7s.1.5.3.7z\"\/><\/svg><\/span><\/span><\/label><input type=\"checkbox\"  id=\"ez-toc-cssicon-toggle-item-69f15bdda104a\"  aria-label=\"Prze\u0142\u0105cznik\" \/><nav><ul class='ez-toc-list ez-toc-list-level-1 ' ><li class='ez-toc-page-1 ez-toc-heading-level-2'><a class=\"ez-toc-link ez-toc-heading-1\" href=\"https:\/\/www.wzdluzdrogi.pl\/index.php\/2025\/12\/09\/atrakcje-w-sewilli-ktore-musisz-zobaczyc\/#Kilku_slow_o_Sewilli\" >Kilku s\u0142\u00f3w o Sewilli<\/a><\/li><li class='ez-toc-page-1 ez-toc-heading-level-2'><a class=\"ez-toc-link ez-toc-heading-2\" href=\"https:\/\/www.wzdluzdrogi.pl\/index.php\/2025\/12\/09\/atrakcje-w-sewilli-ktore-musisz-zobaczyc\/#Setas_de_Sevilla\" >Setas de Sevilla<\/a><\/li><li class='ez-toc-page-1 ez-toc-heading-level-2'><a class=\"ez-toc-link ez-toc-heading-3\" href=\"https:\/\/www.wzdluzdrogi.pl\/index.php\/2025\/12\/09\/atrakcje-w-sewilli-ktore-musisz-zobaczyc\/#Ciekawostka_czym_jest_flamenco\" >Ciekawostka: czym jest flamenco?<\/a><\/li><li class='ez-toc-page-1 ez-toc-heading-level-2'><a class=\"ez-toc-link ez-toc-heading-4\" href=\"https:\/\/www.wzdluzdrogi.pl\/index.php\/2025\/12\/09\/atrakcje-w-sewilli-ktore-musisz-zobaczyc\/#Ogrody_Marii_Luizy\" >Ogrody Marii Luizy<\/a><\/li><li class='ez-toc-page-1 ez-toc-heading-level-2'><a class=\"ez-toc-link ez-toc-heading-5\" href=\"https:\/\/www.wzdluzdrogi.pl\/index.php\/2025\/12\/09\/atrakcje-w-sewilli-ktore-musisz-zobaczyc\/#Plac_Hiszpanski\" >Plac Hiszpa\u0144ski<\/a><\/li><li class='ez-toc-page-1 ez-toc-heading-level-2'><a class=\"ez-toc-link ez-toc-heading-6\" href=\"https:\/\/www.wzdluzdrogi.pl\/index.php\/2025\/12\/09\/atrakcje-w-sewilli-ktore-musisz-zobaczyc\/#Plac_Amerykanski\" >Plac Ameryka\u0144ski<\/a><\/li><li class='ez-toc-page-1 ez-toc-heading-level-2'><a class=\"ez-toc-link ez-toc-heading-7\" href=\"https:\/\/www.wzdluzdrogi.pl\/index.php\/2025\/12\/09\/atrakcje-w-sewilli-ktore-musisz-zobaczyc\/#Arena_bykow_w_Sewilli\" >Arena byk\u00f3w w Sewilli<\/a><\/li><li class='ez-toc-page-1 ez-toc-heading-level-2'><a class=\"ez-toc-link ez-toc-heading-8\" href=\"https:\/\/www.wzdluzdrogi.pl\/index.php\/2025\/12\/09\/atrakcje-w-sewilli-ktore-musisz-zobaczyc\/#Katedra_i_La_Giralda\" >Katedra i La Giralda<\/a><\/li><li class='ez-toc-page-1 ez-toc-heading-level-2'><a class=\"ez-toc-link ez-toc-heading-9\" href=\"https:\/\/www.wzdluzdrogi.pl\/index.php\/2025\/12\/09\/atrakcje-w-sewilli-ktore-musisz-zobaczyc\/#Torre_del_Oro\" >Torre del Oro<\/a><\/li><li class='ez-toc-page-1 ez-toc-heading-level-2'><a class=\"ez-toc-link ez-toc-heading-10\" href=\"https:\/\/www.wzdluzdrogi.pl\/index.php\/2025\/12\/09\/atrakcje-w-sewilli-ktore-musisz-zobaczyc\/#Santa_Cruz\" >Santa Cruz<\/a><\/li><li class='ez-toc-page-1 ez-toc-heading-level-2'><a class=\"ez-toc-link ez-toc-heading-11\" href=\"https:\/\/www.wzdluzdrogi.pl\/index.php\/2025\/12\/09\/atrakcje-w-sewilli-ktore-musisz-zobaczyc\/#Real_Alcazar_de_Sevilla\" >Real Alc\u00e1zar de Sevilla<\/a><\/li><li class='ez-toc-page-1 ez-toc-heading-level-2'><a class=\"ez-toc-link ez-toc-heading-12\" href=\"https:\/\/www.wzdluzdrogi.pl\/index.php\/2025\/12\/09\/atrakcje-w-sewilli-ktore-musisz-zobaczyc\/#Triana\" >Triana<\/a><\/li><\/ul><\/nav><\/div>\n<h2 class=\"elementor-heading-title elementor-size-default\"><span class=\"ez-toc-section\" id=\"Kilku_slow_o_Sewilli\"><\/span>Kilku s\u0142\u00f3w o Sewilli<span class=\"ez-toc-section-end\"><\/span><\/h2>\t\t\t\t<\/div>\n\t\t\t\t<\/div>\n\t\t\t\t<div class=\"elementor-element elementor-element-383f2d96 elementor-widget elementor-widget-text-editor\" data-id=\"383f2d96\" data-element_type=\"widget\" data-e-type=\"widget\" data-widget_type=\"text-editor.default\">\n\t\t\t\t<div class=\"elementor-widget-container\">\n\t\t\t\t\t\t\t\t\t<p data-start=\"298\" data-end=\"647\">Oficjalnie Sewilla to stolica Andaluzji i czwarte najwi\u0119ksze miasto Hiszpanii. Nie ogromne, nie przyt\u0142aczaj\u0105ce. Raczej takie, kt\u00f3re mo\u017cna przej\u015b\u0107 pieszo i jeszcze przed po\u0142udniem mie\u0107 wra\u017cenie, \u017ce znasz p\u00f3\u0142 centrum.<\/p><p data-start=\"1187\" data-end=\"1400\">Dzi\u015b miasto ma ponad 680 tysi\u0119cy mieszka\u0144c\u00f3w, ale wcale nie czu\u0107 tu metropolii. Czu\u0107 bardziej energi\u0119 andaluzyjskiej stolicy \u2014 tej, kt\u00f3ra uwielbia fiesty, flamenco, spotkania przy winie i \u017cycie na ulicy.<\/p><p data-start=\"1402\" data-end=\"1724\">To w\u0142a\u015bnie st\u0105d pochodz\u0105 s\u0142awni arty\u015bci flamenco, ceramicy z Triany, toreros, a tak\u017ce malarz Diego Vel\u00e1zquez, kt\u00f3rego obrazy le\u017c\u0105 dzi\u015b w muzeach ca\u0142ego \u015bwiata. Sewilla pojawia si\u0119 w filmach, serialach, a w \u201eGrze o Tron\u201d zagra\u0142a Wodne Ogrody.<\/p>\t\t\t\t\t\t\t\t<\/div>\n\t\t\t\t<\/div>\n\t\t\t\t\t<\/div>\n\t\t<\/div>\n\t\t\t\t\t<\/div>\n\t\t<\/section>\n\t\t\t\t<section class=\"elementor-section elementor-top-section elementor-element elementor-element-5644fdd9 elementor-section-boxed elementor-section-height-default elementor-section-height-default\" data-id=\"5644fdd9\" data-element_type=\"section\" data-e-type=\"section\">\n\t\t\t\t\t\t<div class=\"elementor-container elementor-column-gap-default\">\n\t\t\t\t\t<div class=\"elementor-column elementor-col-100 elementor-top-column elementor-element elementor-element-932bbae\" data-id=\"932bbae\" data-element_type=\"column\" data-e-type=\"column\">\n\t\t\t<div class=\"elementor-widget-wrap elementor-element-populated\">\n\t\t\t\t\t\t<div class=\"elementor-element elementor-element-31cb7ffa elementor-widget elementor-widget-heading\" data-id=\"31cb7ffa\" data-element_type=\"widget\" data-e-type=\"widget\" data-widget_type=\"heading.default\">\n\t\t\t\t<div class=\"elementor-widget-container\">\n\t\t\t\t\t<h2 class=\"elementor-heading-title elementor-size-default\"><span class=\"ez-toc-section\" id=\"Setas_de_Sevilla\"><\/span>Setas de Sevilla <span class=\"ez-toc-section-end\"><\/span><\/h2>\t\t\t\t<\/div>\n\t\t\t\t<\/div>\n\t\t\t\t<div class=\"elementor-element elementor-element-6f4c403d elementor-widget elementor-widget-text-editor\" data-id=\"6f4c403d\" data-element_type=\"widget\" data-e-type=\"widget\" data-widget_type=\"text-editor.default\">\n\t\t\t\t<div class=\"elementor-widget-container\">\n\t\t\t\t\t\t\t\t\t<p>Metropol Parasol jest w\u0142a\u015bnie dobrym przyk\u0142adem tego, co najbardziej interesuje mnie w podr\u00f3\u017cowaniu. Konstrukcja, kt\u00f3ra sta\u0142a si\u0119 jedn\u0105 z ikon tego miasta, widniej\u0105c\u0105 na wielu poczt\u00f3wkach, inspirowana by\u0142a wprawdzie sklepieniem katedry w Sewilli, mieszka\u0144com jednak skojarzy\u0142o si\u0119 to zupe\u0142nie inaczej, bo z grzybami. Nazwali wi\u0119c to po swojemu Setas de Sevilla, co w t\u0142umaczeniu oznacza po prostu grzyby Sewilli. Dawniej na tym miejscu znajdowa\u0142 si\u0119 stary targ, kt\u00f3rego pozosta\u0142o\u015bci zburzono w 1943 roku. Mia\u0142 powsta\u0107 parking podziemny.<\/p>\t\t\t\t\t\t\t\t<\/div>\n\t\t\t\t<\/div>\n\t\t\t\t<section class=\"elementor-section elementor-inner-section elementor-element elementor-element-e4dc833 elementor-section-boxed elementor-section-height-default elementor-section-height-default\" data-id=\"e4dc833\" data-element_type=\"section\" data-e-type=\"section\">\n\t\t\t\t\t\t<div class=\"elementor-container elementor-column-gap-default\">\n\t\t\t\t\t<div class=\"elementor-column elementor-col-50 elementor-inner-column elementor-element elementor-element-b73a425\" data-id=\"b73a425\" data-element_type=\"column\" data-e-type=\"column\">\n\t\t\t<div class=\"elementor-widget-wrap elementor-element-populated\">\n\t\t\t\t\t\t<div class=\"elementor-element elementor-element-60e42d1 elementor-widget elementor-widget-image\" data-id=\"60e42d1\" data-element_type=\"widget\" data-e-type=\"widget\" data-widget_type=\"image.default\">\n\t\t\t\t<div class=\"elementor-widget-container\">\n\t\t\t\t\t\t\t\t\t\t\t\t\t\t\t<img decoding=\"async\" width=\"667\" height=\"1000\" data-src=\"https:\/\/www.wzdluzdrogi.pl\/wp-content\/uploads\/2025\/12\/MG_2656.jpg\" class=\"attachment-large size-large wp-image-4917 lazyload\" alt=\"co zobaczy\u0107 w sewilli, co zobaczy\u0107 w andaluzji, what to see in sevilla, Setas de Sevilla, andaluzja, hiszpania, sewilla, sevilla\" data-srcset=\"https:\/\/www.wzdluzdrogi.pl\/wp-content\/uploads\/2025\/12\/MG_2656.jpg 667w, https:\/\/www.wzdluzdrogi.pl\/wp-content\/uploads\/2025\/12\/MG_2656-200x300.jpg 200w\" data-sizes=\"(max-width: 667px) 100vw, 667px\" src=\"data:image\/svg+xml;base64,PHN2ZyB3aWR0aD0iMSIgaGVpZ2h0PSIxIiB4bWxucz0iaHR0cDovL3d3dy53My5vcmcvMjAwMC9zdmciPjwvc3ZnPg==\" style=\"--smush-placeholder-width: 667px; --smush-placeholder-aspect-ratio: 667\/1000;\" \/>\t\t\t\t\t\t\t\t\t\t\t\t\t\t\t<\/div>\n\t\t\t\t<\/div>\n\t\t\t\t\t<\/div>\n\t\t<\/div>\n\t\t\t\t<div class=\"elementor-column elementor-col-50 elementor-inner-column elementor-element elementor-element-2255b05\" data-id=\"2255b05\" data-element_type=\"column\" data-e-type=\"column\">\n\t\t\t<div class=\"elementor-widget-wrap elementor-element-populated\">\n\t\t\t\t\t\t<div class=\"elementor-element elementor-element-6e6fbce elementor-widget elementor-widget-image\" data-id=\"6e6fbce\" data-element_type=\"widget\" data-e-type=\"widget\" data-widget_type=\"image.default\">\n\t\t\t\t<div class=\"elementor-widget-container\">\n\t\t\t\t\t\t\t\t\t\t\t\t\t\t\t<img decoding=\"async\" width=\"667\" height=\"1000\" data-src=\"https:\/\/www.wzdluzdrogi.pl\/wp-content\/uploads\/2025\/12\/MG_2655.jpg\" class=\"attachment-large size-large wp-image-4916 lazyload\" alt=\"co zobaczy\u0107 w sewilli, co zobaczy\u0107 w andaluzji, what to see in sevilla, Setas de Sevilla, andaluzja, hiszpania, sewilla, sevilla\" data-srcset=\"https:\/\/www.wzdluzdrogi.pl\/wp-content\/uploads\/2025\/12\/MG_2655.jpg 667w, https:\/\/www.wzdluzdrogi.pl\/wp-content\/uploads\/2025\/12\/MG_2655-200x300.jpg 200w\" data-sizes=\"(max-width: 667px) 100vw, 667px\" src=\"data:image\/svg+xml;base64,PHN2ZyB3aWR0aD0iMSIgaGVpZ2h0PSIxIiB4bWxucz0iaHR0cDovL3d3dy53My5vcmcvMjAwMC9zdmciPjwvc3ZnPg==\" style=\"--smush-placeholder-width: 667px; --smush-placeholder-aspect-ratio: 667\/1000;\" \/>\t\t\t\t\t\t\t\t\t\t\t\t\t\t\t<\/div>\n\t\t\t\t<\/div>\n\t\t\t\t\t<\/div>\n\t\t<\/div>\n\t\t\t\t\t<\/div>\n\t\t<\/section>\n\t\t\t\t<div class=\"elementor-element elementor-element-18112bd elementor-widget elementor-widget-text-editor\" data-id=\"18112bd\" data-element_type=\"widget\" data-e-type=\"widget\" data-widget_type=\"text-editor.default\">\n\t\t\t\t<div class=\"elementor-widget-container\">\n\t\t\t\t\t\t\t\t\t<p>Kiedy zacz\u0119to budow\u0119, odnaleziono wiele pozosta\u0142o\u015bci archeologicznych z okresu rzymskiego, co op\u00f3\u017ani\u0142o prace na tym terenie i poch\u0142on\u0119\u0142o znacznie wi\u0119cej pieni\u0119dzy, ni\u017c planowano. W roku 2004 rada miejsca zorganizowa\u0142a konkurs na projekt zak\u0142adaj\u0105cy stworzenie targu, placu publicznego oraz muzeum archeologicznego. Z ponad 60 projekt\u00f3w, jury wybra\u0142o ten podes\u0142any przez berli\u0144skiego architekta Juergena Mayera. Parasole stworzone s\u0105 z fi\u0144skiego drewna brzozowego i sta\u0142y si\u0119 w pewien spos\u00f3b oaz\u0105 dla mieszka\u0144c\u00f3w w okresie letnim, gdy\u017c temperatura pod nimi jest znacznie ni\u017csza. W piwnicach mie\u015bci si\u0119 Antiqurium, muzeum archeologiczne, w kt\u00f3rych mo\u017cna zobaczy\u0107 wszystko co znaleziono na terenie dawnego targu. Na kapeluszach Setas de Sevilla znajduje si\u0119 punkt widokowy, z kt\u00f3rego mo\u017cesz zobaczy\u0107 panoram\u0119 miasta.<\/p>\t\t\t\t\t\t\t\t<\/div>\n\t\t\t\t<\/div>\n\t\t\t\t\t<\/div>\n\t\t<\/div>\n\t\t\t\t\t<\/div>\n\t\t<\/section>\n\t\t\t\t<section class=\"elementor-section elementor-top-section elementor-element elementor-element-4a8fc7 elementor-section-full_width elementor-section-stretched elementor-section-height-default elementor-section-height-default elementor-invisible\" data-id=\"4a8fc7\" data-element_type=\"section\" data-e-type=\"section\" data-settings=\"{&quot;stretch_section&quot;:&quot;section-stretched&quot;,&quot;background_background&quot;:&quot;classic&quot;,&quot;animation&quot;:&quot;fadeInLeft&quot;}\">\n\t\t\t\t\t\t<div class=\"elementor-container elementor-column-gap-default\">\n\t\t\t\t\t<div class=\"elementor-column elementor-col-50 elementor-top-column elementor-element elementor-element-414168d9\" data-id=\"414168d9\" data-element_type=\"column\" data-e-type=\"column\">\n\t\t\t<div class=\"elementor-widget-wrap elementor-element-populated\">\n\t\t\t\t\t\t<div class=\"elementor-element elementor-element-b4034d8 elementor-widget elementor-widget-text-editor\" data-id=\"b4034d8\" data-element_type=\"widget\" data-e-type=\"widget\" data-widget_type=\"text-editor.default\">\n\t\t\t\t<div class=\"elementor-widget-container\">\n\t\t\t\t\t\t\t\t\t<p>Atrakcje w Sewilli, kt\u00f3re warto zobaczy\u0107<\/p>\t\t\t\t\t\t\t\t<\/div>\n\t\t\t\t<\/div>\n\t\t\t\t<div class=\"elementor-element elementor-element-c9c6b0c elementor-widget elementor-widget-heading\" data-id=\"c9c6b0c\" data-element_type=\"widget\" data-e-type=\"widget\" data-widget_type=\"heading.default\">\n\t\t\t\t<div class=\"elementor-widget-container\">\n\t\t\t\t\t<h2 class=\"elementor-heading-title elementor-size-default\"><span class=\"ez-toc-section\" id=\"Ciekawostka_czym_jest_flamenco\"><\/span>Ciekawostka: czym jest flamenco?<span class=\"ez-toc-section-end\"><\/span><\/h2>\t\t\t\t<\/div>\n\t\t\t\t<\/div>\n\t\t\t\t<div class=\"elementor-element elementor-element-2c2f7cf9 elementor-widget elementor-widget-text-editor\" data-id=\"2c2f7cf9\" data-element_type=\"widget\" data-e-type=\"widget\" data-widget_type=\"text-editor.default\">\n\t\t\t\t<div class=\"elementor-widget-container\">\n\t\t\t\t\t\t\t\t\t<p>Flamenco powsta\u0142o tutaj, w\u015br\u00f3d uliczek Sewilli, Kadyksu, Jerez, gdzie miesza\u0142y si\u0119 kultury: arabskie, \u017cydowskie, cyga\u0144skie i kastylijskie. Hiszpanie m\u00f3wi\u0105, \u017ce flamenco ma duende. To takie okre\u015blenie, kt\u00f3re mo\u017cna przet\u0142umaczy\u0107, jak &#8222;mie\u0107 dusz\u0119&#8221; &#8211; tener duende. Lubi\u0119 to okre\u015blenie. Co\u015b mi\u0119dzy magi\u0105 a si\u0142\u0105, kt\u00f3ra wci\u0105ga ci\u0119 w \u015brodek opowie\u015bci, nawet je\u015bli jej nie rozumiesz<\/p>\t\t\t\t\t\t\t\t<\/div>\n\t\t\t\t<\/div>\n\t\t\t\t\t<\/div>\n\t\t<\/div>\n\t\t\t\t<div class=\"elementor-column elementor-col-50 elementor-top-column elementor-element elementor-element-1cf00279\" data-id=\"1cf00279\" data-element_type=\"column\" data-e-type=\"column\">\n\t\t\t<div class=\"elementor-widget-wrap elementor-element-populated\">\n\t\t\t\t\t\t<div class=\"elementor-element elementor-element-7aa3ecee elementor-widget elementor-widget-image\" data-id=\"7aa3ecee\" data-element_type=\"widget\" data-e-type=\"widget\" data-widget_type=\"image.default\">\n\t\t\t\t<div class=\"elementor-widget-container\">\n\t\t\t\t\t\t\t\t\t\t\t\t\t\t\t<img decoding=\"async\" width=\"667\" height=\"1000\" data-src=\"https:\/\/www.wzdluzdrogi.pl\/wp-content\/uploads\/2025\/12\/MG_2551.jpg\" class=\"attachment-large size-large wp-image-4918 lazyload\" alt=\"czym jest flamenco, hiszpania flamenco, sewilla\" data-srcset=\"https:\/\/www.wzdluzdrogi.pl\/wp-content\/uploads\/2025\/12\/MG_2551.jpg 667w, https:\/\/www.wzdluzdrogi.pl\/wp-content\/uploads\/2025\/12\/MG_2551-200x300.jpg 200w\" data-sizes=\"(max-width: 667px) 100vw, 667px\" src=\"data:image\/svg+xml;base64,PHN2ZyB3aWR0aD0iMSIgaGVpZ2h0PSIxIiB4bWxucz0iaHR0cDovL3d3dy53My5vcmcvMjAwMC9zdmciPjwvc3ZnPg==\" style=\"--smush-placeholder-width: 667px; --smush-placeholder-aspect-ratio: 667\/1000;\" \/>\t\t\t\t\t\t\t\t\t\t\t\t\t\t\t<\/div>\n\t\t\t\t<\/div>\n\t\t\t\t\t<\/div>\n\t\t<\/div>\n\t\t\t\t\t<\/div>\n\t\t<\/section>\n\t\t\t\t<section class=\"elementor-section elementor-top-section elementor-element elementor-element-7c52bc36 elementor-section-boxed elementor-section-height-default elementor-section-height-default\" data-id=\"7c52bc36\" data-element_type=\"section\" data-e-type=\"section\">\n\t\t\t\t\t\t<div class=\"elementor-container elementor-column-gap-default\">\n\t\t\t\t\t<div class=\"elementor-column elementor-col-100 elementor-top-column elementor-element elementor-element-6017fd06\" data-id=\"6017fd06\" data-element_type=\"column\" data-e-type=\"column\">\n\t\t\t<div class=\"elementor-widget-wrap elementor-element-populated\">\n\t\t\t\t\t\t<div class=\"elementor-element elementor-element-3b1880f elementor-widget elementor-widget-heading\" data-id=\"3b1880f\" data-element_type=\"widget\" data-e-type=\"widget\" data-widget_type=\"heading.default\">\n\t\t\t\t<div class=\"elementor-widget-container\">\n\t\t\t\t\t<h2 class=\"elementor-heading-title elementor-size-default\"><span class=\"ez-toc-section\" id=\"Ogrody_Marii_Luizy\"><\/span>Ogrody Marii Luizy<span class=\"ez-toc-section-end\"><\/span><\/h2>\t\t\t\t<\/div>\n\t\t\t\t<\/div>\n\t\t\t\t<div class=\"elementor-element elementor-element-78f5161d elementor-widget elementor-widget-text-editor\" data-id=\"78f5161d\" data-element_type=\"widget\" data-e-type=\"widget\" data-widget_type=\"text-editor.default\">\n\t\t\t\t<div class=\"elementor-widget-container\">\n\t\t\t\t\t\t\t\t\t<p>Plac Hiszpa\u0144ski jest tak w\u0142a\u015bciwie cz\u0119\u015bci\u0105 ogrod\u00f3w podarowanych miastu przez Mari\u0119 Luiz\u0119. Ona i jej m\u0105\u017c ksi\u0105\u017c\u0119 Montpensier Antonio de Orleans nabyli dwie du\u017ce farmy w roku 1850, aby przygotowa\u0107 na ich terenie ogr\u00f3d blisko swojej rezydencji. Ponad 40 lat p\u00f3\u017aniej Maria, wtenczas ju\u017c wdowa przekaza\u0142a miastu du\u017c\u0105 ich cz\u0119\u015b\u0107. Przez d\u0142u\u017cszy czas nic na tym terenie nowego nie powstawa\u0142o, a\u017c dosz\u0142o do plan\u00f3w zorganizowania wystawy Iberoameryka\u0144skiej, kt\u00f3ra mia\u0142a pokaza\u0107 partnerstwo mi\u0119dzy Hiszpani\u0105, Portugali\u0105, USA i Ameryk\u0105 \u0141aci\u0144sk\u0105. Wtedy zadecydowano, \u017ce wystawa zostanie zorganizowana w parku Marii Luizy oraz ogrodach przy pa\u0142acu San Telmo. Og\u0142oszono konkurs na stworzenie idealnej przestrzeni pod to wydarzenie, kt\u00f3re wygra\u0142 Anibal Gonzalez. Podzieli\u0142 on teren na kilka g\u0142\u00f3wnych sekcji, w tym znany nam dzisiaj plac Hiszpa\u0144ski, czy plac Ameryka\u0144ski, kt\u00f3ry r\u00f3wnie\u017c znajdziesz w parku Marii Luizy. Ze zbudowanych na te okazje 117 budynk\u00f3w, pozosta\u0142o nam dzisiaj 25. To ca\u0142kiem du\u017ca redukcja. W wielu z nich znajduj\u0105 si\u0119 teraz uniwersytety, teatry czy muzea, ale ich pi\u0119kna architektura zdobi Sewille do dzisiaj.<\/p>\t\t\t\t\t\t\t\t<\/div>\n\t\t\t\t<\/div>\n\t\t\t\t<section class=\"elementor-section elementor-inner-section elementor-element elementor-element-ec372cd elementor-section-boxed elementor-section-height-default elementor-section-height-default\" data-id=\"ec372cd\" data-element_type=\"section\" data-e-type=\"section\">\n\t\t\t\t\t\t<div class=\"elementor-container elementor-column-gap-default\">\n\t\t\t\t\t<div class=\"elementor-column elementor-col-50 elementor-inner-column elementor-element elementor-element-50ed7dd\" data-id=\"50ed7dd\" data-element_type=\"column\" data-e-type=\"column\">\n\t\t\t<div class=\"elementor-widget-wrap elementor-element-populated\">\n\t\t\t\t\t\t<div class=\"elementor-element elementor-element-b1e6a1b elementor-widget elementor-widget-image\" data-id=\"b1e6a1b\" data-element_type=\"widget\" data-e-type=\"widget\" data-widget_type=\"image.default\">\n\t\t\t\t<div class=\"elementor-widget-container\">\n\t\t\t\t\t\t\t\t\t\t\t\t\t\t\t<img decoding=\"async\" width=\"667\" height=\"1000\" data-src=\"https:\/\/www.wzdluzdrogi.pl\/wp-content\/uploads\/2025\/12\/MG_2441.jpg\" class=\"attachment-large size-large wp-image-4920 lazyload\" alt=\"sewilla, hiszpania, andaluzja, ogrody marii luizy, plan hiszpa\u0144ski, co zobaczy\u0107 w sewilli, what to see in sevilla\" data-srcset=\"https:\/\/www.wzdluzdrogi.pl\/wp-content\/uploads\/2025\/12\/MG_2441.jpg 667w, https:\/\/www.wzdluzdrogi.pl\/wp-content\/uploads\/2025\/12\/MG_2441-200x300.jpg 200w\" data-sizes=\"(max-width: 667px) 100vw, 667px\" src=\"data:image\/svg+xml;base64,PHN2ZyB3aWR0aD0iMSIgaGVpZ2h0PSIxIiB4bWxucz0iaHR0cDovL3d3dy53My5vcmcvMjAwMC9zdmciPjwvc3ZnPg==\" style=\"--smush-placeholder-width: 667px; --smush-placeholder-aspect-ratio: 667\/1000;\" \/>\t\t\t\t\t\t\t\t\t\t\t\t\t\t\t<\/div>\n\t\t\t\t<\/div>\n\t\t\t\t\t<\/div>\n\t\t<\/div>\n\t\t\t\t<div class=\"elementor-column elementor-col-50 elementor-inner-column elementor-element elementor-element-899405f\" data-id=\"899405f\" data-element_type=\"column\" data-e-type=\"column\">\n\t\t\t<div class=\"elementor-widget-wrap elementor-element-populated\">\n\t\t\t\t\t\t<div class=\"elementor-element elementor-element-32b55b8 elementor-widget elementor-widget-image\" data-id=\"32b55b8\" data-element_type=\"widget\" data-e-type=\"widget\" data-widget_type=\"image.default\">\n\t\t\t\t<div class=\"elementor-widget-container\">\n\t\t\t\t\t\t\t\t\t\t\t\t\t\t\t<img decoding=\"async\" width=\"667\" height=\"1000\" data-src=\"https:\/\/www.wzdluzdrogi.pl\/wp-content\/uploads\/2025\/12\/MG_2432.jpg\" class=\"attachment-large size-large wp-image-4919 lazyload\" alt=\"sewilla, hiszpania, andaluzja, ogrody marii luizy, plan hiszpa\u0144ski, co zobaczy\u0107 w sewilli, what to see in sevilla\" data-srcset=\"https:\/\/www.wzdluzdrogi.pl\/wp-content\/uploads\/2025\/12\/MG_2432.jpg 667w, https:\/\/www.wzdluzdrogi.pl\/wp-content\/uploads\/2025\/12\/MG_2432-200x300.jpg 200w\" data-sizes=\"(max-width: 667px) 100vw, 667px\" src=\"data:image\/svg+xml;base64,PHN2ZyB3aWR0aD0iMSIgaGVpZ2h0PSIxIiB4bWxucz0iaHR0cDovL3d3dy53My5vcmcvMjAwMC9zdmciPjwvc3ZnPg==\" style=\"--smush-placeholder-width: 667px; --smush-placeholder-aspect-ratio: 667\/1000;\" \/>\t\t\t\t\t\t\t\t\t\t\t\t\t\t\t<\/div>\n\t\t\t\t<\/div>\n\t\t\t\t\t<\/div>\n\t\t<\/div>\n\t\t\t\t\t<\/div>\n\t\t<\/section>\n\t\t\t\t\t<\/div>\n\t\t<\/div>\n\t\t\t\t\t<\/div>\n\t\t<\/section>\n\t\t\t\t<section class=\"elementor-section elementor-top-section elementor-element elementor-element-42d88f38 elementor-section-boxed elementor-section-height-default elementor-section-height-default\" data-id=\"42d88f38\" data-element_type=\"section\" data-e-type=\"section\">\n\t\t\t\t\t\t<div class=\"elementor-container elementor-column-gap-default\">\n\t\t\t\t\t<div class=\"elementor-column elementor-col-100 elementor-top-column elementor-element elementor-element-2a244acf\" data-id=\"2a244acf\" data-element_type=\"column\" data-e-type=\"column\">\n\t\t\t<div class=\"elementor-widget-wrap elementor-element-populated\">\n\t\t\t\t\t\t<div class=\"elementor-element elementor-element-5f327c30 elementor-widget elementor-widget-heading\" data-id=\"5f327c30\" data-element_type=\"widget\" data-e-type=\"widget\" data-widget_type=\"heading.default\">\n\t\t\t\t<div class=\"elementor-widget-container\">\n\t\t\t\t\t<h2 class=\"elementor-heading-title elementor-size-default\"><span class=\"ez-toc-section\" id=\"Plac_Hiszpanski\"><\/span>Plac Hiszpa\u0144ski<span class=\"ez-toc-section-end\"><\/span><\/h2>\t\t\t\t<\/div>\n\t\t\t\t<\/div>\n\t\t\t\t<div class=\"elementor-element elementor-element-46d22f7a elementor-widget elementor-widget-text-editor\" data-id=\"46d22f7a\" data-element_type=\"widget\" data-e-type=\"widget\" data-widget_type=\"text-editor.default\">\n\t\t\t\t<div class=\"elementor-widget-container\">\n\t\t\t\t\t\t\t\t\t<p>I tym przejdziemy sobie dalej, konkretnie do placu Hiszpa\u0144skiego i opowiemy sobie, co teraz ciekawego mo\u017cesz do\u015bwiadczy\u0107 w tym obszarze. Og\u00f3lnie pawilon znajduj\u0105cy si\u0119 na placu pozosta\u0142 niezmieniony od czas\u00f3w wystawy. Wewn\u0105trz znajduje si\u0119 aktualnie siedziba Armii Hiszpa\u0144skiej, Wojskowe Muzeum Historyczne, a po bokach w budynkach z wie\u017cami inne organizacje pa\u0144stwowe. Na placu znajduje si\u0119 uj\u015bcie rzeki z czterema mostami, kt\u00f3re nosz\u0105 nazw\u0119 po czterech kr\u00f3lestwach \u2013 Aragonii, Leone, Kastylii i Nawarra. Jesieni\u0105 i zim\u0105 nie ma w niej wody, ale latem mo\u017cna p\u0142ywa\u0107 po rzece wypo\u017cyczonymi \u0142\u00f3dkami. Bardzo fajna dodatkowa atrakcje, warta zapami\u0119tania, je\u015bli wybierasz si\u0119 w te strony.<\/p>\t\t\t\t\t\t\t\t<\/div>\n\t\t\t\t<\/div>\n\t\t\t\t<section class=\"elementor-section elementor-inner-section elementor-element elementor-element-c0177ad elementor-section-boxed elementor-section-height-default elementor-section-height-default\" data-id=\"c0177ad\" data-element_type=\"section\" data-e-type=\"section\">\n\t\t\t\t\t\t<div class=\"elementor-container elementor-column-gap-default\">\n\t\t\t\t\t<div class=\"elementor-column elementor-col-50 elementor-inner-column elementor-element elementor-element-76d73c9\" data-id=\"76d73c9\" data-element_type=\"column\" data-e-type=\"column\">\n\t\t\t<div class=\"elementor-widget-wrap elementor-element-populated\">\n\t\t\t\t\t\t<div class=\"elementor-element elementor-element-e379528 elementor-widget elementor-widget-image\" data-id=\"e379528\" data-element_type=\"widget\" data-e-type=\"widget\" data-widget_type=\"image.default\">\n\t\t\t\t<div class=\"elementor-widget-container\">\n\t\t\t\t\t\t\t\t\t\t\t\t\t\t\t<img decoding=\"async\" width=\"667\" height=\"1000\" data-src=\"https:\/\/www.wzdluzdrogi.pl\/wp-content\/uploads\/2025\/12\/MG_2487.jpg\" class=\"attachment-large size-large wp-image-4921 lazyload\" alt=\"sewilla, hiszpania, andaluzja, plan hiszpa\u0144ski, co zobaczy\u0107 w sewilli, what to see in sevilla\" data-srcset=\"https:\/\/www.wzdluzdrogi.pl\/wp-content\/uploads\/2025\/12\/MG_2487.jpg 667w, https:\/\/www.wzdluzdrogi.pl\/wp-content\/uploads\/2025\/12\/MG_2487-200x300.jpg 200w\" data-sizes=\"(max-width: 667px) 100vw, 667px\" src=\"data:image\/svg+xml;base64,PHN2ZyB3aWR0aD0iMSIgaGVpZ2h0PSIxIiB4bWxucz0iaHR0cDovL3d3dy53My5vcmcvMjAwMC9zdmciPjwvc3ZnPg==\" style=\"--smush-placeholder-width: 667px; --smush-placeholder-aspect-ratio: 667\/1000;\" \/>\t\t\t\t\t\t\t\t\t\t\t\t\t\t\t<\/div>\n\t\t\t\t<\/div>\n\t\t\t\t\t<\/div>\n\t\t<\/div>\n\t\t\t\t<div class=\"elementor-column elementor-col-50 elementor-inner-column elementor-element elementor-element-3d6ea42\" data-id=\"3d6ea42\" data-element_type=\"column\" data-e-type=\"column\">\n\t\t\t<div class=\"elementor-widget-wrap elementor-element-populated\">\n\t\t\t\t\t\t<div class=\"elementor-element elementor-element-72a58fb elementor-widget elementor-widget-image\" data-id=\"72a58fb\" data-element_type=\"widget\" data-e-type=\"widget\" data-widget_type=\"image.default\">\n\t\t\t\t<div class=\"elementor-widget-container\">\n\t\t\t\t\t\t\t\t\t\t\t\t\t\t\t<img decoding=\"async\" width=\"667\" height=\"1000\" data-src=\"https:\/\/www.wzdluzdrogi.pl\/wp-content\/uploads\/2025\/12\/MG_2495.jpg\" class=\"attachment-large size-large wp-image-4922 lazyload\" alt=\"sewilla, hiszpania, andaluzja, plan hiszpa\u0144ski, co zobaczy\u0107 w sewilli, what to see in sevilla\" data-srcset=\"https:\/\/www.wzdluzdrogi.pl\/wp-content\/uploads\/2025\/12\/MG_2495.jpg 667w, https:\/\/www.wzdluzdrogi.pl\/wp-content\/uploads\/2025\/12\/MG_2495-200x300.jpg 200w\" data-sizes=\"(max-width: 667px) 100vw, 667px\" src=\"data:image\/svg+xml;base64,PHN2ZyB3aWR0aD0iMSIgaGVpZ2h0PSIxIiB4bWxucz0iaHR0cDovL3d3dy53My5vcmcvMjAwMC9zdmciPjwvc3ZnPg==\" style=\"--smush-placeholder-width: 667px; --smush-placeholder-aspect-ratio: 667\/1000;\" \/>\t\t\t\t\t\t\t\t\t\t\t\t\t\t\t<\/div>\n\t\t\t\t<\/div>\n\t\t\t\t\t<\/div>\n\t\t<\/div>\n\t\t\t\t\t<\/div>\n\t\t<\/section>\n\t\t\t\t<div class=\"elementor-element elementor-element-2546890 elementor-widget elementor-widget-text-editor\" data-id=\"2546890\" data-element_type=\"widget\" data-e-type=\"widget\" data-widget_type=\"text-editor.default\">\n\t\t\t\t<div class=\"elementor-widget-container\">\n\t\t\t\t\t\t\t\t\t<p>Doko\u0142a po \u0142uku zbudowano 48 \u0142awek, kt\u00f3re przedstawiaj\u0105 prowincje Hiszpanii. Warto przej\u015b\u0107 si\u0119 galeri\u0105 z \u0142ukami i spojrze\u0107 na przepi\u0119kny drewniany sufit w stylu neomudejarskim, bo jest naprawd\u0119 niesamowity. Schodami mo\u017cna wej\u015b\u0107 r\u00f3wnie\u017c na balkon i spojrze\u0107 na plac Hiszpa\u0144ski z innej perspektywy. Z innych rzeczy, kt\u00f3re warto wspomnie\u0107 to przede wszystkim, \u017ce na placu zawsze co\u015b si\u0119 dzieje, szczeg\u00f3lnie latem, ale i jesieni\u0105 czy zim\u0105 r\u00f3wnie\u017c. Mo\u017cesz zobaczy\u0107 tam pokaz flamenco, czy zrobi\u0107 sobie zdj\u0119cie w przepi\u0119knych sukniach do tego ta\u0144ca \u2013 oczywi\u015bcie wszystko za dodatkow\u0105 op\u0142at\u0105. Trudno jest zapomnie\u0107 o tym, \u017ce Andaluzja to najbiedniejszy region Hiszpanii, a bezrobocie si\u0119ga tu ponad 15% (2025).<\/p>\t\t\t\t\t\t\t\t<\/div>\n\t\t\t\t<\/div>\n\t\t\t\t<div class=\"elementor-element elementor-element-46e39ac elementor-widget elementor-widget-image\" data-id=\"46e39ac\" data-element_type=\"widget\" data-e-type=\"widget\" data-widget_type=\"image.default\">\n\t\t\t\t<div class=\"elementor-widget-container\">\n\t\t\t\t\t\t\t\t\t\t\t\t\t\t\t<img decoding=\"async\" width=\"780\" height=\"439\" data-src=\"https:\/\/www.wzdluzdrogi.pl\/wp-content\/uploads\/2025\/12\/MG_2498.jpg\" class=\"attachment-large size-large wp-image-4923 lazyload\" alt=\"\" data-srcset=\"https:\/\/www.wzdluzdrogi.pl\/wp-content\/uploads\/2025\/12\/MG_2498.jpg 1000w, https:\/\/www.wzdluzdrogi.pl\/wp-content\/uploads\/2025\/12\/MG_2498-300x169.jpg 300w, https:\/\/www.wzdluzdrogi.pl\/wp-content\/uploads\/2025\/12\/MG_2498-768x432.jpg 768w\" data-sizes=\"(max-width: 780px) 100vw, 780px\" src=\"data:image\/svg+xml;base64,PHN2ZyB3aWR0aD0iMSIgaGVpZ2h0PSIxIiB4bWxucz0iaHR0cDovL3d3dy53My5vcmcvMjAwMC9zdmciPjwvc3ZnPg==\" style=\"--smush-placeholder-width: 780px; --smush-placeholder-aspect-ratio: 780\/439;\" \/>\t\t\t\t\t\t\t\t\t\t\t\t\t\t\t<\/div>\n\t\t\t\t<\/div>\n\t\t\t\t\t<\/div>\n\t\t<\/div>\n\t\t\t\t\t<\/div>\n\t\t<\/section>\n\t\t\t\t<section class=\"elementor-section elementor-top-section elementor-element elementor-element-5f9344d3 elementor-section-boxed elementor-section-height-default elementor-section-height-default\" data-id=\"5f9344d3\" data-element_type=\"section\" data-e-type=\"section\">\n\t\t\t\t\t\t<div class=\"elementor-container elementor-column-gap-default\">\n\t\t\t\t\t<div class=\"elementor-column elementor-col-100 elementor-top-column elementor-element elementor-element-61346d87\" data-id=\"61346d87\" data-element_type=\"column\" data-e-type=\"column\">\n\t\t\t<div class=\"elementor-widget-wrap elementor-element-populated\">\n\t\t\t\t\t\t<div class=\"elementor-element elementor-element-aeaa67a elementor-widget elementor-widget-text-editor\" data-id=\"aeaa67a\" data-element_type=\"widget\" data-e-type=\"widget\" data-widget_type=\"text-editor.default\">\n\t\t\t\t<div class=\"elementor-widget-container\">\n\t\t\t\t\t\t\t\t\t<p><em>Atrakcje w Sewilli, kt\u00f3re musisz zobaczy\u0107<\/em><\/p>\t\t\t\t\t\t\t\t<\/div>\n\t\t\t\t<\/div>\n\t\t\t\t<div class=\"elementor-element elementor-element-34dbc74b elementor-widget elementor-widget-heading\" data-id=\"34dbc74b\" data-element_type=\"widget\" data-e-type=\"widget\" data-widget_type=\"heading.default\">\n\t\t\t\t<div class=\"elementor-widget-container\">\n\t\t\t\t\t<h2 class=\"elementor-heading-title elementor-size-default\"><span class=\"ez-toc-section\" id=\"Plac_Amerykanski\"><\/span>Plac Ameryka\u0144ski <span class=\"ez-toc-section-end\"><\/span><\/h2>\t\t\t\t<\/div>\n\t\t\t\t<\/div>\n\t\t\t\t<div class=\"elementor-element elementor-element-63636b50 elementor-widget elementor-widget-text-editor\" data-id=\"63636b50\" data-element_type=\"widget\" data-e-type=\"widget\" data-widget_type=\"text-editor.default\">\n\t\t\t\t<div class=\"elementor-widget-container\">\n\t\t\t\t\t\t\t\t\t<p>Jak ju\u017c wspomnia\u0142am, plac Ameryka\u0144ski powsta\u0142 jako osobna sekcja na wystaw\u0119 z 1929 roku. Przy nim znajdziesz trzy przepi\u0119kne budynki. Na p\u00f3\u0142nocy Muzeum Sztuki Popularnej, po przeciwnej stronie, Muzeum Archeologiczne, a na wschodzie Pawilon Kr\u00f3lewski, w kt\u00f3rych aktualnie mie\u015bci si\u0119 urz\u0105d miejski. Je\u015bli lubisz muzea i masz czas warto zwiedzi\u0107 ka\u017cde z nich, chocia\u017c Muzeum Archeologi jest tymczasowo zamkni\u0119ty przez trwaj\u0105ce tam prace budowlane (2025). Plac Ameryka\u0144ski nazywany jest r\u00f3wnie\u017c \u201eplaza de las palomas\u201d, co oznacza plac go\u0142\u0119bi i, kiedy tam b\u0119dziesz, pewnie nie trudno b\u0119dzie ci si\u0119 domy\u015bli\u0107 dlaczego.<\/p>\t\t\t\t\t\t\t\t<\/div>\n\t\t\t\t<\/div>\n\t\t\t\t<section class=\"elementor-section elementor-inner-section elementor-element elementor-element-70e1e48 elementor-section-boxed elementor-section-height-default elementor-section-height-default\" data-id=\"70e1e48\" data-element_type=\"section\" data-e-type=\"section\">\n\t\t\t\t\t\t<div class=\"elementor-container elementor-column-gap-default\">\n\t\t\t\t\t<div class=\"elementor-column elementor-col-50 elementor-inner-column elementor-element elementor-element-e7788d6\" data-id=\"e7788d6\" data-element_type=\"column\" data-e-type=\"column\">\n\t\t\t<div class=\"elementor-widget-wrap elementor-element-populated\">\n\t\t\t\t\t\t<div class=\"elementor-element elementor-element-a53bcea elementor-widget elementor-widget-image\" data-id=\"a53bcea\" data-element_type=\"widget\" data-e-type=\"widget\" data-widget_type=\"image.default\">\n\t\t\t\t<div class=\"elementor-widget-container\">\n\t\t\t\t\t\t\t\t\t\t\t\t\t\t\t<img decoding=\"async\" width=\"667\" height=\"1000\" data-src=\"https:\/\/www.wzdluzdrogi.pl\/wp-content\/uploads\/2025\/12\/MG_2462.jpg\" class=\"attachment-large size-large wp-image-4925 lazyload\" alt=\"plac ameryka\u0144ski, sewilla, hiszpania, andaluzja, co zobaczyc w sewilla\" data-srcset=\"https:\/\/www.wzdluzdrogi.pl\/wp-content\/uploads\/2025\/12\/MG_2462.jpg 667w, https:\/\/www.wzdluzdrogi.pl\/wp-content\/uploads\/2025\/12\/MG_2462-200x300.jpg 200w\" data-sizes=\"(max-width: 667px) 100vw, 667px\" src=\"data:image\/svg+xml;base64,PHN2ZyB3aWR0aD0iMSIgaGVpZ2h0PSIxIiB4bWxucz0iaHR0cDovL3d3dy53My5vcmcvMjAwMC9zdmciPjwvc3ZnPg==\" style=\"--smush-placeholder-width: 667px; --smush-placeholder-aspect-ratio: 667\/1000;\" \/>\t\t\t\t\t\t\t\t\t\t\t\t\t\t\t<\/div>\n\t\t\t\t<\/div>\n\t\t\t\t\t<\/div>\n\t\t<\/div>\n\t\t\t\t<div class=\"elementor-column elementor-col-50 elementor-inner-column elementor-element elementor-element-8137070\" data-id=\"8137070\" data-element_type=\"column\" data-e-type=\"column\">\n\t\t\t<div class=\"elementor-widget-wrap elementor-element-populated\">\n\t\t\t\t\t\t<div class=\"elementor-element elementor-element-4647c99 elementor-widget elementor-widget-image\" data-id=\"4647c99\" data-element_type=\"widget\" data-e-type=\"widget\" data-widget_type=\"image.default\">\n\t\t\t\t<div class=\"elementor-widget-container\">\n\t\t\t\t\t\t\t\t\t\t\t\t\t\t\t<img decoding=\"async\" width=\"780\" height=\"520\" data-src=\"https:\/\/www.wzdluzdrogi.pl\/wp-content\/uploads\/2025\/12\/MG_2453.jpg\" class=\"attachment-large size-large wp-image-4924 lazyload\" alt=\"plac ameryka\u0144ski, sewilla, hiszpania, andaluzja, co zobaczyc w sewilla\" data-srcset=\"https:\/\/www.wzdluzdrogi.pl\/wp-content\/uploads\/2025\/12\/MG_2453.jpg 1000w, https:\/\/www.wzdluzdrogi.pl\/wp-content\/uploads\/2025\/12\/MG_2453-300x200.jpg 300w, https:\/\/www.wzdluzdrogi.pl\/wp-content\/uploads\/2025\/12\/MG_2453-768x512.jpg 768w\" data-sizes=\"(max-width: 780px) 100vw, 780px\" src=\"data:image\/svg+xml;base64,PHN2ZyB3aWR0aD0iMSIgaGVpZ2h0PSIxIiB4bWxucz0iaHR0cDovL3d3dy53My5vcmcvMjAwMC9zdmciPjwvc3ZnPg==\" style=\"--smush-placeholder-width: 780px; --smush-placeholder-aspect-ratio: 780\/520;\" \/>\t\t\t\t\t\t\t\t\t\t\t\t\t\t\t<\/div>\n\t\t\t\t<\/div>\n\t\t\t\t\t<\/div>\n\t\t<\/div>\n\t\t\t\t\t<\/div>\n\t\t<\/section>\n\t\t\t\t\t<\/div>\n\t\t<\/div>\n\t\t\t\t\t<\/div>\n\t\t<\/section>\n\t\t\t\t<section class=\"elementor-section elementor-top-section elementor-element elementor-element-26caa128 elementor-section-boxed elementor-section-height-default elementor-section-height-default\" data-id=\"26caa128\" data-element_type=\"section\" data-e-type=\"section\">\n\t\t\t\t\t\t<div class=\"elementor-container elementor-column-gap-default\">\n\t\t\t\t\t<div class=\"elementor-column elementor-col-100 elementor-top-column elementor-element elementor-element-17693156\" data-id=\"17693156\" data-element_type=\"column\" data-e-type=\"column\">\n\t\t\t<div class=\"elementor-widget-wrap elementor-element-populated\">\n\t\t\t\t\t\t<div class=\"elementor-element elementor-element-71b72a06 elementor-widget elementor-widget-heading\" data-id=\"71b72a06\" data-element_type=\"widget\" data-e-type=\"widget\" data-widget_type=\"heading.default\">\n\t\t\t\t<div class=\"elementor-widget-container\">\n\t\t\t\t\t<h2 class=\"elementor-heading-title elementor-size-default\"><span class=\"ez-toc-section\" id=\"Arena_bykow_w_Sewilli\"><\/span>Arena byk\u00f3w w Sewilli <span class=\"ez-toc-section-end\"><\/span><\/h2>\t\t\t\t<\/div>\n\t\t\t\t<\/div>\n\t\t\t\t<div class=\"elementor-element elementor-element-7270c537 elementor-widget elementor-widget-text-editor\" data-id=\"7270c537\" data-element_type=\"widget\" data-e-type=\"widget\" data-widget_type=\"text-editor.default\">\n\t\t\t\t<div class=\"elementor-widget-container\">\n\t\t\t\t\t\t\t\t\t<p>Osobi\u015bcie, obydwoje jeste\u015bmy przeciwni organizowaniu walk byk\u00f3w, co nie zmienia faktu, \u017ce ten sport mocno ukszta\u0142towa\u0142 kultur\u0119 i tradycj\u0119 Hiszpanii. Andaluzja jest regionem, kt\u00f3ry nadal nie zakaza\u0142 walk byk\u00f3w, i niesamowite jest to, \u017ce areny znajdziesz nawet w ma\u0142ych miastach. To pokazuje, jak mocno ten sport wsi\u0105kn\u0105\u0142 w \u017cycie Hiszpan\u00f3w. Sewilla ma\u0142ym miastem, rzecz jasna nie jest, to te\u017c jej arena go\u015bci\u0142a przez lata najlepszych torreador\u00f3w Hiszpanii. Aren\u0119 byk\u00f3w w Sewilli mo\u017cna zwiedza\u0107, na jej terenie znajduje si\u0119 muzeum, w kt\u00f3rym mo\u017cna zobaczy\u0107 tradycyjne kostiumy i inne pami\u0105tki po torreadorach. Sam budynek areny jest tak charakterystyczny, \u017ce od razu rzuca si\u0119 w oczy. Utrzymany w stylu p\u00f3\u017anobarokowym, ma w sobie co\u015b uroczego.<\/p>\t\t\t\t\t\t\t\t<\/div>\n\t\t\t\t<\/div>\n\t\t\t\t<div class=\"elementor-element elementor-element-9502610 elementor-widget elementor-widget-image\" data-id=\"9502610\" data-element_type=\"widget\" data-e-type=\"widget\" data-widget_type=\"image.default\">\n\t\t\t\t<div class=\"elementor-widget-container\">\n\t\t\t\t\t\t\t\t\t\t\t\t\t\t\t<img decoding=\"async\" width=\"780\" height=\"520\" data-src=\"https:\/\/www.wzdluzdrogi.pl\/wp-content\/uploads\/2025\/12\/MG_2713.jpg\" class=\"attachment-large size-large wp-image-4926 lazyload\" alt=\"\" data-srcset=\"https:\/\/www.wzdluzdrogi.pl\/wp-content\/uploads\/2025\/12\/MG_2713.jpg 1000w, https:\/\/www.wzdluzdrogi.pl\/wp-content\/uploads\/2025\/12\/MG_2713-300x200.jpg 300w, https:\/\/www.wzdluzdrogi.pl\/wp-content\/uploads\/2025\/12\/MG_2713-768x512.jpg 768w\" data-sizes=\"(max-width: 780px) 100vw, 780px\" src=\"data:image\/svg+xml;base64,PHN2ZyB3aWR0aD0iMSIgaGVpZ2h0PSIxIiB4bWxucz0iaHR0cDovL3d3dy53My5vcmcvMjAwMC9zdmciPjwvc3ZnPg==\" style=\"--smush-placeholder-width: 780px; --smush-placeholder-aspect-ratio: 780\/520;\" \/>\t\t\t\t\t\t\t\t\t\t\t\t\t\t\t<\/div>\n\t\t\t\t<\/div>\n\t\t\t\t\t<\/div>\n\t\t<\/div>\n\t\t\t\t\t<\/div>\n\t\t<\/section>\n\t\t\t\t<section class=\"elementor-section elementor-top-section elementor-element elementor-element-66ac4097 elementor-section-boxed elementor-section-height-default elementor-section-height-default\" data-id=\"66ac4097\" data-element_type=\"section\" data-e-type=\"section\">\n\t\t\t\t\t\t<div class=\"elementor-container elementor-column-gap-default\">\n\t\t\t\t\t<div class=\"elementor-column elementor-col-100 elementor-top-column elementor-element elementor-element-6fc7bc0a\" data-id=\"6fc7bc0a\" data-element_type=\"column\" data-e-type=\"column\">\n\t\t\t<div class=\"elementor-widget-wrap elementor-element-populated\">\n\t\t\t\t\t\t<div class=\"elementor-element elementor-element-73c68c42 elementor-widget elementor-widget-heading\" data-id=\"73c68c42\" data-element_type=\"widget\" data-e-type=\"widget\" data-widget_type=\"heading.default\">\n\t\t\t\t<div class=\"elementor-widget-container\">\n\t\t\t\t\t<h2 class=\"elementor-heading-title elementor-size-default\"><span class=\"ez-toc-section\" id=\"Katedra_i_La_Giralda\"><\/span>Katedra i La Giralda<span class=\"ez-toc-section-end\"><\/span><\/h2>\t\t\t\t<\/div>\n\t\t\t\t<\/div>\n\t\t\t\t<div class=\"elementor-element elementor-element-64f11027 elementor-widget elementor-widget-text-editor\" data-id=\"64f11027\" data-element_type=\"widget\" data-e-type=\"widget\" data-widget_type=\"text-editor.default\">\n\t\t\t\t<div class=\"elementor-widget-container\">\n\t\t\t\t\t\t\t\t\t<p>Katedra w Sewilli to ten typ budowli, kt\u00f3ry najpierw onie\u015bmiela wielko\u015bci\u0105, a dopiero potem pozwala zauwa\u017cy\u0107 szczeg\u00f3\u0142y. Zanim powsta\u0142a, w tym miejscu sta\u0142 ogromny meczet, kt\u00f3ry jednak s\u0142u\u017cy\u0142 jako katedra chrze\u015bcijanom przez ponad sto lat, a\u017c w ko\u0144cu postanowiono go zburzy\u0107 ze wzgl\u0119du na jego og\u00f3lnie z\u0142y stan. I wtedy kto\u015b wypowiedzia\u0142 s\u0142ynne zdanie, kt\u00f3re dzi\u015b powtarza si\u0119 jak anegdot\u0119: <em>\u201eZbudujmy katedr\u0119 tak wielk\u0105, by ci, kt\u00f3rzy j\u0105 zobacz\u0105, pomy\u015bleli, \u017ce byli\u015bmy szaleni.\u201d <\/em><\/p>\t\t\t\t\t\t\t\t<\/div>\n\t\t\t\t<\/div>\n\t\t\t\t<div class=\"elementor-element elementor-element-b0aef40 elementor-widget elementor-widget-image\" data-id=\"b0aef40\" data-element_type=\"widget\" data-e-type=\"widget\" data-widget_type=\"image.default\">\n\t\t\t\t<div class=\"elementor-widget-container\">\n\t\t\t\t\t\t\t\t\t\t\t\t\t\t\t<img decoding=\"async\" width=\"780\" height=\"520\" data-src=\"https:\/\/www.wzdluzdrogi.pl\/wp-content\/uploads\/2025\/12\/MG_2580.jpg\" class=\"attachment-large size-large wp-image-4927 lazyload\" alt=\"katedra w sewilla\" data-srcset=\"https:\/\/www.wzdluzdrogi.pl\/wp-content\/uploads\/2025\/12\/MG_2580.jpg 1000w, https:\/\/www.wzdluzdrogi.pl\/wp-content\/uploads\/2025\/12\/MG_2580-300x200.jpg 300w, https:\/\/www.wzdluzdrogi.pl\/wp-content\/uploads\/2025\/12\/MG_2580-768x512.jpg 768w\" data-sizes=\"(max-width: 780px) 100vw, 780px\" src=\"data:image\/svg+xml;base64,PHN2ZyB3aWR0aD0iMSIgaGVpZ2h0PSIxIiB4bWxucz0iaHR0cDovL3d3dy53My5vcmcvMjAwMC9zdmciPjwvc3ZnPg==\" style=\"--smush-placeholder-width: 780px; --smush-placeholder-aspect-ratio: 780\/520;\" \/>\t\t\t\t\t\t\t\t\t\t\t\t\t\t\t<\/div>\n\t\t\t\t<\/div>\n\t\t\t\t<div class=\"elementor-element elementor-element-60a9402 elementor-widget elementor-widget-text-editor\" data-id=\"60a9402\" data-element_type=\"widget\" data-e-type=\"widget\" data-widget_type=\"text-editor.default\">\n\t\t\t\t<div class=\"elementor-widget-container\">\n\t\t\t\t\t\t\t\t\t<p>Trudno oceni\u0107, czy byli szaleni, ale zmotywowani to na pewno. Budow\u0119 zacz\u0119to na pocz\u0105tku XV wieku. Pracowali przy niej mistrzowie, kt\u00f3rzy wcze\u015bniej stawiali gotyckie kolosy w Normandii i Francji. Przychodzili i odchodzili przez kolejne dekady, a katedra ros\u0142a, a\u017c wreszcie sta\u0142a si\u0119 najwi\u0119ksz\u0105 gotyck\u0105 \u015bwi\u0105tyni\u0105 na \u015bwiecie. W 1988 roku Guinness postawi\u0142 kropk\u0119 nad i, zapisuj\u0105c to oficjalnie. Z dawnego meczetu przetrwa\u0142y tylko dwie rzeczy: Patio de los Naranjos i minaret. Ten ostatni znamy dzi\u015b jako Girald\u0119.<\/p>\t\t\t\t\t\t\t\t<\/div>\n\t\t\t\t<\/div>\n\t\t\t\t<div class=\"elementor-element elementor-element-c65efb4 elementor-widget elementor-widget-image\" data-id=\"c65efb4\" data-element_type=\"widget\" data-e-type=\"widget\" data-widget_type=\"image.default\">\n\t\t\t\t<div class=\"elementor-widget-container\">\n\t\t\t\t\t\t\t\t\t\t\t\t\t\t\t<img decoding=\"async\" width=\"667\" height=\"1000\" data-src=\"https:\/\/www.wzdluzdrogi.pl\/wp-content\/uploads\/2025\/12\/MG_2613.jpg\" class=\"attachment-large size-large wp-image-4934 lazyload\" alt=\"la giralda, sewilla, hiszpania\" data-srcset=\"https:\/\/www.wzdluzdrogi.pl\/wp-content\/uploads\/2025\/12\/MG_2613.jpg 667w, https:\/\/www.wzdluzdrogi.pl\/wp-content\/uploads\/2025\/12\/MG_2613-200x300.jpg 200w\" data-sizes=\"(max-width: 667px) 100vw, 667px\" src=\"data:image\/svg+xml;base64,PHN2ZyB3aWR0aD0iMSIgaGVpZ2h0PSIxIiB4bWxucz0iaHR0cDovL3d3dy53My5vcmcvMjAwMC9zdmciPjwvc3ZnPg==\" style=\"--smush-placeholder-width: 667px; --smush-placeholder-aspect-ratio: 667\/1000;\" \/>\t\t\t\t\t\t\t\t\t\t\t\t\t\t\t<\/div>\n\t\t\t\t<\/div>\n\t\t\t\t<div class=\"elementor-element elementor-element-e01c522 elementor-widget elementor-widget-spacer\" data-id=\"e01c522\" data-element_type=\"widget\" data-e-type=\"widget\" data-widget_type=\"spacer.default\">\n\t\t\t\t<div class=\"elementor-widget-container\">\n\t\t\t\t\t\t\t<div class=\"elementor-spacer\">\n\t\t\t<div class=\"elementor-spacer-inner\"><\/div>\n\t\t<\/div>\n\t\t\t\t\t\t<\/div>\n\t\t\t\t<\/div>\n\t\t\t\t<div class=\"elementor-element elementor-element-bf1af95 elementor-widget elementor-widget-html\" data-id=\"bf1af95\" data-element_type=\"widget\" data-e-type=\"widget\" data-widget_type=\"html.default\">\n\t\t\t\t<div class=\"elementor-widget-container\">\n\t\t\t\t\t<div data-gyg-href=\"https:\/\/widget.getyourguide.com\/default\/activities.frame\" data-gyg-location-id=\"4543\" data-gyg-locale-code=\"pl-PL\" data-gyg-widget=\"activities\" data-gyg-number-of-items=\"3\" data-gyg-cmp=\"Sevilla_post\" data-gyg-partner-id=\"VBYGCXX\"><span>Powered by <a target=\"_blank\" rel=\"sponsored\" href=\"https:\/\/www.getyourguide.com\/seville-cathedral-l4543\/\">GetYourGuide<\/a><\/span><\/div>\t\t\t\t<\/div>\n\t\t\t\t<\/div>\n\t\t\t\t\t<\/div>\n\t\t<\/div>\n\t\t\t\t\t<\/div>\n\t\t<\/section>\n\t\t\t\t<section class=\"elementor-section elementor-top-section elementor-element elementor-element-5bbd9e4a elementor-section-boxed elementor-section-height-default elementor-section-height-default\" data-id=\"5bbd9e4a\" data-element_type=\"section\" data-e-type=\"section\">\n\t\t\t\t\t\t<div class=\"elementor-container elementor-column-gap-default\">\n\t\t\t\t\t<div class=\"elementor-column elementor-col-100 elementor-top-column elementor-element elementor-element-15bd6d2c\" data-id=\"15bd6d2c\" data-element_type=\"column\" data-e-type=\"column\">\n\t\t\t<div class=\"elementor-widget-wrap elementor-element-populated\">\n\t\t\t\t\t\t<div class=\"elementor-element elementor-element-45e5807 elementor-widget elementor-widget-heading\" data-id=\"45e5807\" data-element_type=\"widget\" data-e-type=\"widget\" data-widget_type=\"heading.default\">\n\t\t\t\t<div class=\"elementor-widget-container\">\n\t\t\t\t\t<h2 class=\"elementor-heading-title elementor-size-default\"><span class=\"ez-toc-section\" id=\"Torre_del_Oro\"><\/span>Torre del Oro<span class=\"ez-toc-section-end\"><\/span><\/h2>\t\t\t\t<\/div>\n\t\t\t\t<\/div>\n\t\t\t\t<div class=\"elementor-element elementor-element-19b1f6fe elementor-widget elementor-widget-text-editor\" data-id=\"19b1f6fe\" data-element_type=\"widget\" data-e-type=\"widget\" data-widget_type=\"text-editor.default\">\n\t\t\t\t<div class=\"elementor-widget-container\">\n\t\t\t\t\t\t\t\t\t<p data-start=\"1953\" data-end=\"2207\">Nad brzegiem Gwadalkiwiru ludzie praktycznie o ka\u017cdej porze spaceruj\u0105, czy pij\u0105 kaw\u0119 patrz\u0105c na wod\u0119. I w\u0142a\u015bnie tutaj, tu\u017c obok areny La Maestranza, stoi Torre del Oro, kt\u00f3ra widzia\u0142a Sewill\u0119 w czasach, kiedy rzeka by\u0142a granic\u0105, a nie ozdob\u0105 miasta. Zbudowali j\u0105 Almohadzi na pocz\u0105tku XIII wieku. Torre del Oro by\u0142a wtedy cz\u0119\u015bci\u0105 d\u0142ugiego muru obronnego, kt\u00f3ry \u0142\u0105czy\u0142 rzek\u0119 z pa\u0142acem. W tamtych czasach wie\u017ca nie wygl\u0105da\u0142a jeszcze tak jak dzi\u015b. Mia\u0142a tylko jeden poziom, dopiero p\u00f3\u017aniej dobudowano kolejne w stylu mud\u00e9jarski. Nazwa \u201eZ\u0142ota Wie\u017ca\u201d, bo tak\u0105 w\u0142a\u015bnie nosi nazw\u0119 po polsku te\u017c nie ma nic wsp\u00f3lnego z \u017cadnym z\u0142otem. Kiedy j\u0105 ostatnio odnawiano, wysz\u0142o na jaw, \u017ce jej dawny z\u0142ocisty kolor pochodzi\u0142 od mieszanki wapiennego tynku i s\u0142omy. To dosy\u0107 popularne w Andaluzji. Ale nawet dzi\u015b, o zachodzie s\u0142o\u0144ca, potrafi odbija\u0107 \u015bwiat\u0142o tak, \u017ce faktycznie na chwil\u0119 robi si\u0119 z\u0142ota. Wewn\u0105trz mie\u015bci si\u0119 muzeum marynistyczne, a z samej g\u00f3ry rozpo\u015bciera si\u0119 pi\u0119kny widok na Sewille i rzek\u0119 Gwadalkiwiru.<\/p>\t\t\t\t\t\t\t\t<\/div>\n\t\t\t\t<\/div>\n\t\t\t\t<div class=\"elementor-element elementor-element-153afb4 elementor-widget elementor-widget-image\" data-id=\"153afb4\" data-element_type=\"widget\" data-e-type=\"widget\" data-widget_type=\"image.default\">\n\t\t\t\t<div class=\"elementor-widget-container\">\n\t\t\t\t\t\t\t\t\t\t\t\t\t\t\t<img decoding=\"async\" width=\"780\" height=\"520\" data-src=\"https:\/\/www.wzdluzdrogi.pl\/wp-content\/uploads\/2025\/12\/MG_2714.jpg\" class=\"attachment-large size-large wp-image-4941 lazyload\" alt=\"z\u0142ota wie\u017ca, sewilla, hiszpania\" data-srcset=\"https:\/\/www.wzdluzdrogi.pl\/wp-content\/uploads\/2025\/12\/MG_2714.jpg 1000w, https:\/\/www.wzdluzdrogi.pl\/wp-content\/uploads\/2025\/12\/MG_2714-300x200.jpg 300w, https:\/\/www.wzdluzdrogi.pl\/wp-content\/uploads\/2025\/12\/MG_2714-768x512.jpg 768w\" data-sizes=\"(max-width: 780px) 100vw, 780px\" src=\"data:image\/svg+xml;base64,PHN2ZyB3aWR0aD0iMSIgaGVpZ2h0PSIxIiB4bWxucz0iaHR0cDovL3d3dy53My5vcmcvMjAwMC9zdmciPjwvc3ZnPg==\" style=\"--smush-placeholder-width: 780px; --smush-placeholder-aspect-ratio: 780\/520;\" \/>\t\t\t\t\t\t\t\t\t\t\t\t\t\t\t<\/div>\n\t\t\t\t<\/div>\n\t\t\t\t\t<\/div>\n\t\t<\/div>\n\t\t\t\t\t<\/div>\n\t\t<\/section>\n\t\t\t\t<section class=\"elementor-section elementor-top-section elementor-element elementor-element-5df28e13 elementor-section-boxed elementor-section-height-default elementor-section-height-default\" data-id=\"5df28e13\" data-element_type=\"section\" data-e-type=\"section\">\n\t\t\t\t\t\t<div class=\"elementor-container elementor-column-gap-default\">\n\t\t\t\t\t<div class=\"elementor-column elementor-col-100 elementor-top-column elementor-element elementor-element-4164af10\" data-id=\"4164af10\" data-element_type=\"column\" data-e-type=\"column\">\n\t\t\t<div class=\"elementor-widget-wrap elementor-element-populated\">\n\t\t\t\t\t\t<div class=\"elementor-element elementor-element-37e29034 elementor-widget elementor-widget-heading\" data-id=\"37e29034\" data-element_type=\"widget\" data-e-type=\"widget\" data-widget_type=\"heading.default\">\n\t\t\t\t<div class=\"elementor-widget-container\">\n\t\t\t\t\t<h2 class=\"elementor-heading-title elementor-size-default\"><span class=\"ez-toc-section\" id=\"Santa_Cruz\"><\/span>Santa Cruz <span class=\"ez-toc-section-end\"><\/span><\/h2>\t\t\t\t<\/div>\n\t\t\t\t<\/div>\n\t\t\t\t<div class=\"elementor-element elementor-element-5cdd4d0b elementor-widget elementor-widget-text-editor\" data-id=\"5cdd4d0b\" data-element_type=\"widget\" data-e-type=\"widget\" data-widget_type=\"text-editor.default\">\n\t\t\t\t<div class=\"elementor-widget-container\">\n\t\t\t\t\t\t\t\t\t<p>Kr\u0119te uliczki i bia\u0142e fasady, czyli to co tury\u015bci lubi\u0105 najbardziej. To tutaj \u2014 w samym sercu dawnej juder\u00edi \u2014 przez wieki toczy\u0142o si\u0119 \u017cycie jednej z najwa\u017cniejszych spo\u0142eczno\u015bci \u017cydowskich w \u015bredniowiecznej Hiszpanii. Jej pocz\u0105tki s\u0105 tak stare, \u017ce trudno je dok\u0142adnie uchwyci\u0107: \u017bydzi mieszkali tu jeszcze w czasach rzymskich, przetrwali okres wizygocki i muzu\u0142ma\u0144ski, cho\u0107 w XII wieku zostali na chwil\u0119 wyp\u0119dzeni. Po ponownym zaj\u0119ciu Sewilli przez Ferdynanda III w 1248 roku, wr\u00f3cili. Dostali swoj\u0105 dzielnic\u0119, przy samym Alc\u00e1zarze. Otoczon\u0105 murami, odizolowan\u0105 od reszty miasta, jak wiele juder\u00edas tamtych czas\u00f3w.<\/p>\t\t\t\t\t\t\t\t<\/div>\n\t\t\t\t<\/div>\n\t\t\t\t<section class=\"elementor-section elementor-inner-section elementor-element elementor-element-05da72e elementor-section-boxed elementor-section-height-default elementor-section-height-default\" data-id=\"05da72e\" data-element_type=\"section\" data-e-type=\"section\">\n\t\t\t\t\t\t<div class=\"elementor-container elementor-column-gap-default\">\n\t\t\t\t\t<div class=\"elementor-column elementor-col-50 elementor-inner-column elementor-element elementor-element-1255d25\" data-id=\"1255d25\" data-element_type=\"column\" data-e-type=\"column\">\n\t\t\t<div class=\"elementor-widget-wrap elementor-element-populated\">\n\t\t\t\t\t\t<div class=\"elementor-element elementor-element-77c7d99 elementor-widget elementor-widget-image\" data-id=\"77c7d99\" data-element_type=\"widget\" data-e-type=\"widget\" data-widget_type=\"image.default\">\n\t\t\t\t<div class=\"elementor-widget-container\">\n\t\t\t\t\t\t\t\t\t\t\t\t\t\t\t<img decoding=\"async\" width=\"667\" height=\"1000\" data-src=\"https:\/\/www.wzdluzdrogi.pl\/wp-content\/uploads\/2025\/12\/MG_2597.jpg\" class=\"attachment-large size-large wp-image-4930 lazyload\" alt=\"uliczki w sewilla, sevilla streets\" data-srcset=\"https:\/\/www.wzdluzdrogi.pl\/wp-content\/uploads\/2025\/12\/MG_2597.jpg 667w, https:\/\/www.wzdluzdrogi.pl\/wp-content\/uploads\/2025\/12\/MG_2597-200x300.jpg 200w\" data-sizes=\"(max-width: 667px) 100vw, 667px\" src=\"data:image\/svg+xml;base64,PHN2ZyB3aWR0aD0iMSIgaGVpZ2h0PSIxIiB4bWxucz0iaHR0cDovL3d3dy53My5vcmcvMjAwMC9zdmciPjwvc3ZnPg==\" style=\"--smush-placeholder-width: 667px; --smush-placeholder-aspect-ratio: 667\/1000;\" \/>\t\t\t\t\t\t\t\t\t\t\t\t\t\t\t<\/div>\n\t\t\t\t<\/div>\n\t\t\t\t\t<\/div>\n\t\t<\/div>\n\t\t\t\t<div class=\"elementor-column elementor-col-50 elementor-inner-column elementor-element elementor-element-155160d\" data-id=\"155160d\" data-element_type=\"column\" data-e-type=\"column\">\n\t\t\t<div class=\"elementor-widget-wrap elementor-element-populated\">\n\t\t\t\t\t\t<div class=\"elementor-element elementor-element-9af2c02 elementor-widget elementor-widget-image\" data-id=\"9af2c02\" data-element_type=\"widget\" data-e-type=\"widget\" data-widget_type=\"image.default\">\n\t\t\t\t<div class=\"elementor-widget-container\">\n\t\t\t\t\t\t\t\t\t\t\t\t\t\t\t<img decoding=\"async\" width=\"667\" height=\"1000\" data-src=\"https:\/\/www.wzdluzdrogi.pl\/wp-content\/uploads\/2025\/12\/MG_2601.jpg\" class=\"attachment-large size-large wp-image-4931 lazyload\" alt=\"uliczki w sewilla, sevilla streets\" data-srcset=\"https:\/\/www.wzdluzdrogi.pl\/wp-content\/uploads\/2025\/12\/MG_2601.jpg 667w, https:\/\/www.wzdluzdrogi.pl\/wp-content\/uploads\/2025\/12\/MG_2601-200x300.jpg 200w\" data-sizes=\"(max-width: 667px) 100vw, 667px\" src=\"data:image\/svg+xml;base64,PHN2ZyB3aWR0aD0iMSIgaGVpZ2h0PSIxIiB4bWxucz0iaHR0cDovL3d3dy53My5vcmcvMjAwMC9zdmciPjwvc3ZnPg==\" style=\"--smush-placeholder-width: 667px; --smush-placeholder-aspect-ratio: 667\/1000;\" \/>\t\t\t\t\t\t\t\t\t\t\t\t\t\t\t<\/div>\n\t\t\t\t<\/div>\n\t\t\t\t\t<\/div>\n\t\t<\/div>\n\t\t\t\t\t<\/div>\n\t\t<\/section>\n\t\t\t\t<div class=\"elementor-element elementor-element-cf075ac elementor-widget elementor-widget-text-editor\" data-id=\"cf075ac\" data-element_type=\"widget\" data-e-type=\"widget\" data-widget_type=\"text-editor.default\">\n\t\t\t\t<div class=\"elementor-widget-container\">\n\t\t\t\t\t\t\t\t\t<p>W Santa Cruz by\u0142y kiedy\u015b cztery synagogi. Dzi\u015b s\u0105 tu ko\u015bcio\u0142y, Santa Mar\u00eda la Blanca, San Bartolom\u00e9, dawna Santa Cruz przy placu o tej samej nazwie. T\u0142umy przechodz\u0105 obok nich, cz\u0119sto nie zdaj\u0105c sobie sprawy, \u017ce w murach, kt\u00f3re fotografuj\u0105 jak \u0142adn\u0105 poczt\u00f3wk\u0119, modlono si\u0119 tu w zupe\u0142nie innym j\u0119zyku. Co najciekawsze, obecny wygl\u0105d dzielnicy to pomys\u0142 sprzed nieca\u0142ych stu lat. Na pocz\u0105tku XX wieku Markiz de la Vega Incl\u00e1n mia\u0142 sw\u00f3j plan, by stworzy\u0107 idealne \u201emiasteczko andaluzyjskie\u201d w \u015brodku Sewilli. Zleci\u0142 architektowi Juanowi Talaverze y Heredii od\u015bwie\u017cenie ulic, plac\u00f3w i zabudowy tak, aby tury\u015bci mogli przej\u015b\u0107 si\u0119 \u201emalownicz\u0105, typow\u0105 Andaluzj\u0105\u201d. I tak narodzi\u0142o si\u0119 Santa Cruz, kt\u00f3re znamy dzisiaj.<\/p>\t\t\t\t\t\t\t\t<\/div>\n\t\t\t\t<\/div>\n\t\t\t\t<div class=\"elementor-element elementor-element-cf774bc elementor-widget elementor-widget-image\" data-id=\"cf774bc\" data-element_type=\"widget\" data-e-type=\"widget\" data-widget_type=\"image.default\">\n\t\t\t\t<div class=\"elementor-widget-container\">\n\t\t\t\t\t\t\t\t\t\t\t\t\t\t\t<img decoding=\"async\" width=\"667\" height=\"1000\" data-src=\"https:\/\/www.wzdluzdrogi.pl\/wp-content\/uploads\/2025\/12\/MG_2589.jpg\" class=\"attachment-large size-large wp-image-4929 lazyload\" alt=\"uliczki w sewilla, sevilla streets\" data-srcset=\"https:\/\/www.wzdluzdrogi.pl\/wp-content\/uploads\/2025\/12\/MG_2589.jpg 667w, https:\/\/www.wzdluzdrogi.pl\/wp-content\/uploads\/2025\/12\/MG_2589-200x300.jpg 200w\" data-sizes=\"(max-width: 667px) 100vw, 667px\" src=\"data:image\/svg+xml;base64,PHN2ZyB3aWR0aD0iMSIgaGVpZ2h0PSIxIiB4bWxucz0iaHR0cDovL3d3dy53My5vcmcvMjAwMC9zdmciPjwvc3ZnPg==\" style=\"--smush-placeholder-width: 667px; --smush-placeholder-aspect-ratio: 667\/1000;\" \/>\t\t\t\t\t\t\t\t\t\t\t\t\t\t\t<\/div>\n\t\t\t\t<\/div>\n\t\t\t\t\t<\/div>\n\t\t<\/div>\n\t\t\t\t\t<\/div>\n\t\t<\/section>\n\t\t\t\t<section class=\"elementor-section elementor-top-section elementor-element elementor-element-6256e60b elementor-section-boxed elementor-section-height-default elementor-section-height-default\" data-id=\"6256e60b\" data-element_type=\"section\" data-e-type=\"section\">\n\t\t\t\t\t\t<div class=\"elementor-container elementor-column-gap-default\">\n\t\t\t\t\t<div class=\"elementor-column elementor-col-100 elementor-top-column elementor-element elementor-element-57634828\" data-id=\"57634828\" data-element_type=\"column\" data-e-type=\"column\">\n\t\t\t<div class=\"elementor-widget-wrap elementor-element-populated\">\n\t\t\t\t\t\t<div class=\"elementor-element elementor-element-36810c71 elementor-widget elementor-widget-heading\" data-id=\"36810c71\" data-element_type=\"widget\" data-e-type=\"widget\" data-widget_type=\"heading.default\">\n\t\t\t\t<div class=\"elementor-widget-container\">\n\t\t\t\t\t<h2 class=\"elementor-heading-title elementor-size-default\"><span class=\"ez-toc-section\" id=\"Real_Alcazar_de_Sevilla\"><\/span>Real Alc\u00e1zar de Sevilla <span class=\"ez-toc-section-end\"><\/span><\/h2>\t\t\t\t<\/div>\n\t\t\t\t<\/div>\n\t\t\t\t<div class=\"elementor-element elementor-element-76e2b1c elementor-widget elementor-widget-text-editor\" data-id=\"76e2b1c\" data-element_type=\"widget\" data-e-type=\"widget\" data-widget_type=\"text-editor.default\">\n\t\t\t\t<div class=\"elementor-widget-container\">\n\t\t\t\t\t\t\t\t\t<p>Przed bram\u0105 Alc\u00e1zar praktycznie zawsze jest t\u0142um. Kto\u015b w okularach przeciws\u0142onecznych robi idealn\u0105 fotk\u0119 mur\u00f3w na pami\u0105tk\u0119, a w tle s\u0142ycha\u0107 jak przewodnik t\u0142umaczy grupie, \u017ce \u201eto najstarsza kr\u00f3lewska rezydencja wci\u0105\u017c u\u017cywana w Europie\u201d. I to prawda, bo kiedy rodzina kr\u00f3lewska przyje\u017cd\u017ca do Sewilli, to tu \u015bpi, tu je \u015bniadanie i tu sp\u0119dza czas. Pierwszy pa\u0142ac powsta\u0142 tu w czasach wczesnego \u015bredniowiecza. Z tamtej epoki zosta\u0142o niestety niewiele, tylko kilka fragment\u00f3w sztuki islamskiej. Kiedy Kastylijczycy zdobyli miasto, nie zburzyli wszystkiego. Wzi\u0119li to, co sta\u0142o, i zacz\u0119li dokleja\u0107 po swojemu troch\u0119 w stylu mudejar, troch\u0119 gotyku, a p\u00f3\u017aniej renesans i barok. Ogrody Alcazar r\u00f3wnie\u017c warto zobaczy\u0107. W \u015bredniowieczu by\u0142y tu niewielkie patia i ogromne ogrody warzywne.<\/p>\t\t\t\t\t\t\t\t<\/div>\n\t\t\t\t<\/div>\n\t\t\t\t<div class=\"elementor-element elementor-element-6655eea elementor-widget elementor-widget-image\" data-id=\"6655eea\" data-element_type=\"widget\" data-e-type=\"widget\" data-widget_type=\"image.default\">\n\t\t\t\t<div class=\"elementor-widget-container\">\n\t\t\t\t\t\t\t\t\t\t\t\t\t\t\t<img decoding=\"async\" width=\"780\" height=\"526\" data-src=\"https:\/\/www.wzdluzdrogi.pl\/wp-content\/uploads\/2025\/12\/MG_2582.jpg\" class=\"attachment-large size-large wp-image-4928 lazyload\" alt=\"\" data-srcset=\"https:\/\/www.wzdluzdrogi.pl\/wp-content\/uploads\/2025\/12\/MG_2582.jpg 1000w, https:\/\/www.wzdluzdrogi.pl\/wp-content\/uploads\/2025\/12\/MG_2582-300x202.jpg 300w, https:\/\/www.wzdluzdrogi.pl\/wp-content\/uploads\/2025\/12\/MG_2582-768x518.jpg 768w\" data-sizes=\"(max-width: 780px) 100vw, 780px\" src=\"data:image\/svg+xml;base64,PHN2ZyB3aWR0aD0iMSIgaGVpZ2h0PSIxIiB4bWxucz0iaHR0cDovL3d3dy53My5vcmcvMjAwMC9zdmciPjwvc3ZnPg==\" style=\"--smush-placeholder-width: 780px; --smush-placeholder-aspect-ratio: 780\/526;\" \/>\t\t\t\t\t\t\t\t\t\t\t\t\t\t\t<\/div>\n\t\t\t\t<\/div>\n\t\t\t\t<div class=\"elementor-element elementor-element-602d1b1 elementor-widget elementor-widget-text-editor\" data-id=\"602d1b1\" data-element_type=\"widget\" data-e-type=\"widget\" data-widget_type=\"text-editor.default\">\n\t\t\t\t<div class=\"elementor-widget-container\">\n\t\t\t\t\t\t\t\t\t<p>Jest jeszcze anegdota &#8211; a w sumie nawet dwie, &#8211; kt\u00f3ra zawsze mnie rozczula:<br \/>z pomara\u0144czy rosn\u0105cych w tych ogrodach robiono kiedy\u015b marmolad\u0119 dla kr\u00f3lowej Wiktorii. Tak, tej kr\u00f3lowej Wiktorii. Europa jest w gruncie rzeczy ma\u0142a, kiedy pomy\u015blisz o takich szczeg\u00f3\u0142ach. Jeszcze jedna ciekawostka dla kinomaniak\u00f3w. W Alcazar nakr\u0119cono kilka film\u00f3w i serialii, m.in. Gr\u0119 o Tron czy Lawrence z Arabii.<\/p>\t\t\t\t\t\t\t\t<\/div>\n\t\t\t\t<\/div>\n\t\t\t\t\t<\/div>\n\t\t<\/div>\n\t\t\t\t\t<\/div>\n\t\t<\/section>\n\t\t\t\t<section class=\"elementor-section elementor-top-section elementor-element elementor-element-65e964c9 elementor-section-boxed elementor-section-height-default elementor-section-height-default\" data-id=\"65e964c9\" data-element_type=\"section\" data-e-type=\"section\">\n\t\t\t\t\t\t<div class=\"elementor-container elementor-column-gap-default\">\n\t\t\t\t\t<div class=\"elementor-column elementor-col-100 elementor-top-column elementor-element elementor-element-282b8747\" data-id=\"282b8747\" data-element_type=\"column\" data-e-type=\"column\">\n\t\t\t<div class=\"elementor-widget-wrap elementor-element-populated\">\n\t\t\t\t\t\t<div class=\"elementor-element elementor-element-78c13c33 elementor-widget elementor-widget-heading\" data-id=\"78c13c33\" data-element_type=\"widget\" data-e-type=\"widget\" data-widget_type=\"heading.default\">\n\t\t\t\t<div class=\"elementor-widget-container\">\n\t\t\t\t\t<h2 class=\"elementor-heading-title elementor-size-default\"><span class=\"ez-toc-section\" id=\"Triana\"><\/span>Triana<span class=\"ez-toc-section-end\"><\/span><\/h2>\t\t\t\t<\/div>\n\t\t\t\t<\/div>\n\t\t\t\t<div class=\"elementor-element elementor-element-40c51be9 elementor-widget elementor-widget-text-editor\" data-id=\"40c51be9\" data-element_type=\"widget\" data-e-type=\"widget\" data-widget_type=\"text-editor.default\">\n\t\t\t\t<div class=\"elementor-widget-container\">\n\t\t\t\t\t\t\t\t\t<p>Kiedy\u015b by\u0142a osobnym \u015bwiatem robotniczym, portowym, zwi\u0105zanym z rzek\u0105 bardziej ni\u017c reszta miasta. To st\u0105d wyrusza\u0142y statki w stron\u0119 Nowego \u015awiata. To tutaj mieszkali ceramicy, marynarze, ludzie, kt\u00f3rzy nie potrzebowali wielkich plac\u00f3w i monumentalnych pa\u0142ac\u00f3w, \u017ceby \u017cy\u0107 pe\u0142ni\u0105 \u017cycia.<\/p>\t\t\t\t\t\t\t\t<\/div>\n\t\t\t\t<\/div>\n\t\t\t\t<section class=\"elementor-section elementor-inner-section elementor-element elementor-element-b456b3e elementor-section-boxed elementor-section-height-default elementor-section-height-default\" data-id=\"b456b3e\" data-element_type=\"section\" data-e-type=\"section\">\n\t\t\t\t\t\t<div class=\"elementor-container elementor-column-gap-default\">\n\t\t\t\t\t<div class=\"elementor-column elementor-col-50 elementor-inner-column elementor-element elementor-element-6ef8175\" data-id=\"6ef8175\" data-element_type=\"column\" data-e-type=\"column\">\n\t\t\t<div class=\"elementor-widget-wrap elementor-element-populated\">\n\t\t\t\t\t\t<div class=\"elementor-element elementor-element-95d009a elementor-widget elementor-widget-image\" data-id=\"95d009a\" data-element_type=\"widget\" data-e-type=\"widget\" data-widget_type=\"image.default\">\n\t\t\t\t<div class=\"elementor-widget-container\">\n\t\t\t\t\t\t\t\t\t\t\t\t\t\t\t<img decoding=\"async\" width=\"667\" height=\"1000\" data-src=\"https:\/\/www.wzdluzdrogi.pl\/wp-content\/uploads\/2025\/12\/MG_2609.jpg\" class=\"attachment-large size-large wp-image-4933 lazyload\" alt=\"\" data-srcset=\"https:\/\/www.wzdluzdrogi.pl\/wp-content\/uploads\/2025\/12\/MG_2609.jpg 667w, https:\/\/www.wzdluzdrogi.pl\/wp-content\/uploads\/2025\/12\/MG_2609-200x300.jpg 200w\" data-sizes=\"(max-width: 667px) 100vw, 667px\" src=\"data:image\/svg+xml;base64,PHN2ZyB3aWR0aD0iMSIgaGVpZ2h0PSIxIiB4bWxucz0iaHR0cDovL3d3dy53My5vcmcvMjAwMC9zdmciPjwvc3ZnPg==\" style=\"--smush-placeholder-width: 667px; --smush-placeholder-aspect-ratio: 667\/1000;\" \/>\t\t\t\t\t\t\t\t\t\t\t\t\t\t\t<\/div>\n\t\t\t\t<\/div>\n\t\t\t\t\t<\/div>\n\t\t<\/div>\n\t\t\t\t<div class=\"elementor-column elementor-col-50 elementor-inner-column elementor-element elementor-element-b8341a3\" data-id=\"b8341a3\" data-element_type=\"column\" data-e-type=\"column\">\n\t\t\t<div class=\"elementor-widget-wrap elementor-element-populated\">\n\t\t\t\t\t\t<div class=\"elementor-element elementor-element-74b12bc elementor-widget elementor-widget-image\" data-id=\"74b12bc\" data-element_type=\"widget\" data-e-type=\"widget\" data-widget_type=\"image.default\">\n\t\t\t\t<div class=\"elementor-widget-container\">\n\t\t\t\t\t\t\t\t\t\t\t\t\t\t\t<img decoding=\"async\" width=\"667\" height=\"1000\" data-src=\"https:\/\/www.wzdluzdrogi.pl\/wp-content\/uploads\/2025\/12\/MG_2632.jpg\" class=\"attachment-large size-large wp-image-4936 lazyload\" alt=\"\" data-srcset=\"https:\/\/www.wzdluzdrogi.pl\/wp-content\/uploads\/2025\/12\/MG_2632.jpg 667w, https:\/\/www.wzdluzdrogi.pl\/wp-content\/uploads\/2025\/12\/MG_2632-200x300.jpg 200w\" data-sizes=\"(max-width: 667px) 100vw, 667px\" src=\"data:image\/svg+xml;base64,PHN2ZyB3aWR0aD0iMSIgaGVpZ2h0PSIxIiB4bWxucz0iaHR0cDovL3d3dy53My5vcmcvMjAwMC9zdmciPjwvc3ZnPg==\" style=\"--smush-placeholder-width: 667px; --smush-placeholder-aspect-ratio: 667\/1000;\" \/>\t\t\t\t\t\t\t\t\t\t\t\t\t\t\t<\/div>\n\t\t\t\t<\/div>\n\t\t\t\t\t<\/div>\n\t\t<\/div>\n\t\t\t\t\t<\/div>\n\t\t<\/section>\n\t\t\t\t\t<\/div>\n\t\t<\/div>\n\t\t\t\t\t<\/div>\n\t\t<\/section>\n\t\t\t\t<section class=\"elementor-section elementor-top-section elementor-element elementor-element-485ac8d elementor-section-boxed elementor-section-height-default elementor-section-height-default\" data-id=\"485ac8d\" data-element_type=\"section\" data-e-type=\"section\">\n\t\t\t\t\t\t<div class=\"elementor-container elementor-column-gap-default\">\n\t\t\t\t\t<div class=\"elementor-column elementor-col-100 elementor-top-column elementor-element elementor-element-d999920\" data-id=\"d999920\" data-element_type=\"column\" data-e-type=\"column\">\n\t\t\t<div class=\"elementor-widget-wrap elementor-element-populated\">\n\t\t\t\t\t\t<div class=\"elementor-element elementor-element-c43f097 elementor-widget elementor-widget-html\" data-id=\"c43f097\" data-element_type=\"widget\" data-e-type=\"widget\" data-widget_type=\"html.default\">\n\t\t\t\t<div class=\"elementor-widget-container\">\n\t\t\t\t\t<div data-gyg-href=\"https:\/\/widget.getyourguide.com\/default\/activities.frame\" data-gyg-locale-code=\"pl-PL\" data-gyg-widget=\"activities\" data-gyg-number-of-items=\"3\" data-gyg-cmp=\"Sevilla_post\" data-gyg-partner-id=\"VBYGCXX\" data-gyg-q=\"sevilla\"><span>Powered by <a target=\"_blank\" rel=\"sponsored\" href=\"https:\/\/www.getyourguide.com\/alcazar-of-seville-l4542\/\">GetYourGuide<\/a><\/span><\/div>\t\t\t\t<\/div>\n\t\t\t\t<\/div>\n\t\t\t\t\t<\/div>\n\t\t<\/div>\n\t\t\t\t\t<\/div>\n\t\t<\/section>\n\t\t\t\t<section class=\"elementor-section elementor-top-section elementor-element elementor-element-b280ea9 elementor-section-boxed elementor-section-height-default elementor-section-height-default\" data-id=\"b280ea9\" data-element_type=\"section\" data-e-type=\"section\">\n\t\t\t\t\t\t<div class=\"elementor-container elementor-column-gap-default\">\n\t\t\t\t\t<div class=\"elementor-column elementor-col-100 elementor-top-column elementor-element elementor-element-f52ba7a\" data-id=\"f52ba7a\" data-element_type=\"column\" data-e-type=\"column\">\n\t\t\t<div class=\"elementor-widget-wrap elementor-element-populated\">\n\t\t\t\t\t\t<div class=\"elementor-element elementor-element-f83ff75 elementor-widget elementor-widget-video\" data-id=\"f83ff75\" data-element_type=\"widget\" data-e-type=\"widget\" data-settings=\"{&quot;youtube_url&quot;:&quot;https:\\\/\\\/www.youtube.com\\\/watch?v=F6t_1M0eBf4&amp;t=162s&quot;,&quot;video_type&quot;:&quot;youtube&quot;,&quot;controls&quot;:&quot;yes&quot;}\" data-widget_type=\"video.default\">\n\t\t\t\t<div class=\"elementor-widget-container\">\n\t\t\t\t\t\t\t<div class=\"elementor-wrapper elementor-open-inline\">\n\t\t\t<div class=\"elementor-video\"><\/div>\t\t<\/div>\n\t\t\t\t\t\t<\/div>\n\t\t\t\t<\/div>\n\t\t\t\t\t<\/div>\n\t\t<\/div>\n\t\t\t\t\t<\/div>\n\t\t<\/section>\n\t\t\t\t<section class=\"elementor-section elementor-top-section elementor-element elementor-element-5f251c27 elementor-section-boxed elementor-section-height-default elementor-section-height-default\" data-id=\"5f251c27\" data-element_type=\"section\" data-e-type=\"section\">\n\t\t\t\t\t\t<div class=\"elementor-container elementor-column-gap-default\">\n\t\t\t\t\t<div class=\"elementor-column elementor-col-100 elementor-top-column elementor-element elementor-element-243bd49d\" data-id=\"243bd49d\" data-element_type=\"column\" data-e-type=\"column\">\n\t\t\t<div class=\"elementor-widget-wrap elementor-element-populated\">\n\t\t\t\t\t\t<div class=\"elementor-element elementor-element-1a0f3df4 elementor-widget elementor-widget-text-editor\" data-id=\"1a0f3df4\" data-element_type=\"widget\" data-e-type=\"widget\" data-widget_type=\"text-editor.default\">\n\t\t\t\t<div class=\"elementor-widget-container\">\n\t\t\t\t\t\t\t\t\t<p><strong>Interesuje ci\u0119 Hiszpania? Zobacz r\u00f3wnie\u017c:<\/strong><\/p>\t\t\t\t\t\t\t\t<\/div>\n\t\t\t\t<\/div>\n\t\t\t\t\t<\/div>\n\t\t<\/div>\n\t\t\t\t\t<\/div>\n\t\t<\/section>\n\t\t\t\t<section class=\"elementor-section elementor-top-section elementor-element elementor-element-4196026c elementor-section-full_width elementor-section-stretched elementor-section-height-default elementor-section-height-default elementor-invisible\" data-id=\"4196026c\" data-element_type=\"section\" data-e-type=\"section\" data-settings=\"{&quot;background_background&quot;:&quot;classic&quot;,&quot;animation&quot;:&quot;fadeInLeft&quot;,&quot;stretch_section&quot;:&quot;section-stretched&quot;}\">\n\t\t\t\t\t\t\t<div class=\"elementor-background-overlay\"><\/div>\n\t\t\t\t\t\t\t<div class=\"elementor-container elementor-column-gap-wider\">\n\t\t\t\t\t<div class=\"elementor-column elementor-col-33 elementor-top-column elementor-element elementor-element-77de8e12\" data-id=\"77de8e12\" data-element_type=\"column\" data-e-type=\"column\">\n\t\t\t<div class=\"elementor-widget-wrap elementor-element-populated\">\n\t\t\t\t\t\t<div class=\"elementor-element elementor-element-3da924f8 elementor-widget elementor-widget-image\" data-id=\"3da924f8\" data-element_type=\"widget\" data-e-type=\"widget\" data-widget_type=\"image.default\">\n\t\t\t\t<div class=\"elementor-widget-container\">\n\t\t\t\t\t\t\t\t\t\t\t\t<figure class=\"wp-caption\">\n\t\t\t\t\t\t\t\t\t\t\t<a href=\"https:\/\/www.wzdluzdrogi.pl\/index.php\/2024\/06\/05\/10-atrakcji-barcelony-ktore-musisz-zobaczyc\/\">\n\t\t\t\t\t\t\t<img decoding=\"async\" width=\"683\" height=\"1024\" data-src=\"https:\/\/www.wzdluzdrogi.pl\/wp-content\/uploads\/2024\/06\/MG_7944-683x1024.jpg\" class=\"elementor-animation-rotate attachment-large size-large wp-image-3592 lazyload\" alt=\"barcelona\" data-srcset=\"https:\/\/www.wzdluzdrogi.pl\/wp-content\/uploads\/2024\/06\/MG_7944-683x1024.jpg 683w, https:\/\/www.wzdluzdrogi.pl\/wp-content\/uploads\/2024\/06\/MG_7944-200x300.jpg 200w, https:\/\/www.wzdluzdrogi.pl\/wp-content\/uploads\/2024\/06\/MG_7944-768x1152.jpg 768w, https:\/\/www.wzdluzdrogi.pl\/wp-content\/uploads\/2024\/06\/MG_7944-1024x1536.jpg 1024w, https:\/\/www.wzdluzdrogi.pl\/wp-content\/uploads\/2024\/06\/MG_7944-scaled.jpg 1067w\" data-sizes=\"(max-width: 683px) 100vw, 683px\" src=\"data:image\/svg+xml;base64,PHN2ZyB3aWR0aD0iMSIgaGVpZ2h0PSIxIiB4bWxucz0iaHR0cDovL3d3dy53My5vcmcvMjAwMC9zdmciPjwvc3ZnPg==\" style=\"--smush-placeholder-width: 683px; --smush-placeholder-aspect-ratio: 683\/1024;\" \/>\t\t\t\t\t\t\t\t<\/a>\n\t\t\t\t\t\t\t\t\t\t\t<figcaption class=\"widget-image-caption wp-caption-text\">10 atrakcji Barcelony, kt\u00f3re musisz zobaczy\u0107<\/figcaption>\n\t\t\t\t\t\t\t\t\t\t<\/figure>\n\t\t\t\t\t\t\t\t\t<\/div>\n\t\t\t\t<\/div>\n\t\t\t\t\t<\/div>\n\t\t<\/div>\n\t\t\t\t<div class=\"elementor-column elementor-col-33 elementor-top-column elementor-element elementor-element-709bcea0\" data-id=\"709bcea0\" data-element_type=\"column\" data-e-type=\"column\">\n\t\t\t<div class=\"elementor-widget-wrap elementor-element-populated\">\n\t\t\t\t\t\t<div class=\"elementor-element elementor-element-5842feb5 elementor-widget elementor-widget-image\" data-id=\"5842feb5\" data-element_type=\"widget\" data-e-type=\"widget\" data-widget_type=\"image.default\">\n\t\t\t\t<div class=\"elementor-widget-container\">\n\t\t\t\t\t\t\t\t\t\t\t\t<figure class=\"wp-caption\">\n\t\t\t\t\t\t\t\t\t\t\t<a href=\"https:\/\/www.wzdluzdrogi.pl\/index.php\/2025\/02\/12\/najpiekniejsze-punkty-widokowe-w-barcelonie\/\">\n\t\t\t\t\t\t\t<img decoding=\"async\" width=\"683\" height=\"1024\" data-src=\"https:\/\/www.wzdluzdrogi.pl\/wp-content\/uploads\/2025\/02\/Teleferic-de-Montjuic-kolejki-linowe-barcelona-683x1024.jpg\" class=\"elementor-animation-rotate attachment-large size-large wp-image-3983 lazyload\" alt=\"\" data-srcset=\"https:\/\/www.wzdluzdrogi.pl\/wp-content\/uploads\/2025\/02\/Teleferic-de-Montjuic-kolejki-linowe-barcelona-683x1024.jpg 683w, https:\/\/www.wzdluzdrogi.pl\/wp-content\/uploads\/2025\/02\/Teleferic-de-Montjuic-kolejki-linowe-barcelona-200x300.jpg 200w, https:\/\/www.wzdluzdrogi.pl\/wp-content\/uploads\/2025\/02\/Teleferic-de-Montjuic-kolejki-linowe-barcelona-768x1152.jpg 768w, https:\/\/www.wzdluzdrogi.pl\/wp-content\/uploads\/2025\/02\/Teleferic-de-Montjuic-kolejki-linowe-barcelona-1024x1536.jpg 1024w, https:\/\/www.wzdluzdrogi.pl\/wp-content\/uploads\/2025\/02\/Teleferic-de-Montjuic-kolejki-linowe-barcelona-scaled.jpg 1067w\" data-sizes=\"(max-width: 683px) 100vw, 683px\" src=\"data:image\/svg+xml;base64,PHN2ZyB3aWR0aD0iMSIgaGVpZ2h0PSIxIiB4bWxucz0iaHR0cDovL3d3dy53My5vcmcvMjAwMC9zdmciPjwvc3ZnPg==\" style=\"--smush-placeholder-width: 683px; --smush-placeholder-aspect-ratio: 683\/1024;\" \/>\t\t\t\t\t\t\t\t<\/a>\n\t\t\t\t\t\t\t\t\t\t\t<figcaption class=\"widget-image-caption wp-caption-text\">Najpi\u0119kniejsze punkty widokowe w Barcelonie<\/figcaption>\n\t\t\t\t\t\t\t\t\t\t<\/figure>\n\t\t\t\t\t\t\t\t\t<\/div>\n\t\t\t\t<\/div>\n\t\t\t\t\t<\/div>\n\t\t<\/div>\n\t\t\t\t<div class=\"elementor-column elementor-col-33 elementor-top-column elementor-element elementor-element-6ee3e74d\" data-id=\"6ee3e74d\" data-element_type=\"column\" data-e-type=\"column\">\n\t\t\t<div class=\"elementor-widget-wrap elementor-element-populated\">\n\t\t\t\t\t\t<div class=\"elementor-element elementor-element-72d53701 elementor-widget elementor-widget-image\" data-id=\"72d53701\" data-element_type=\"widget\" data-e-type=\"widget\" data-widget_type=\"image.default\">\n\t\t\t\t<div class=\"elementor-widget-container\">\n\t\t\t\t\t\t\t\t\t\t\t\t<figure class=\"wp-caption\">\n\t\t\t\t\t\t\t\t\t\t\t<a href=\"https:\/\/www.wzdluzdrogi.pl\/index.php\/2024\/06\/04\/atrakcje-gaudiego-w-barcelonie-ktore-musisz-zobaczyc\/\">\n\t\t\t\t\t\t\t<img decoding=\"async\" width=\"683\" height=\"1024\" data-src=\"https:\/\/www.wzdluzdrogi.pl\/wp-content\/uploads\/2024\/06\/MG_7397-1-683x1024.jpg\" class=\"elementor-animation-rotate attachment-large size-large wp-image-3523 lazyload\" alt=\"fasada sagrada familia, atrakcje w barcelonie, \u015bladami gaudiego w barcelonie, co zobaczy\u0107 w barcelonie\" data-srcset=\"https:\/\/www.wzdluzdrogi.pl\/wp-content\/uploads\/2024\/06\/MG_7397-1-683x1024.jpg 683w, https:\/\/www.wzdluzdrogi.pl\/wp-content\/uploads\/2024\/06\/MG_7397-1-200x300.jpg 200w, https:\/\/www.wzdluzdrogi.pl\/wp-content\/uploads\/2024\/06\/MG_7397-1-768x1152.jpg 768w, https:\/\/www.wzdluzdrogi.pl\/wp-content\/uploads\/2024\/06\/MG_7397-1-1024x1536.jpg 1024w, https:\/\/www.wzdluzdrogi.pl\/wp-content\/uploads\/2024\/06\/MG_7397-1-scaled.jpg 1067w\" data-sizes=\"(max-width: 683px) 100vw, 683px\" src=\"data:image\/svg+xml;base64,PHN2ZyB3aWR0aD0iMSIgaGVpZ2h0PSIxIiB4bWxucz0iaHR0cDovL3d3dy53My5vcmcvMjAwMC9zdmciPjwvc3ZnPg==\" style=\"--smush-placeholder-width: 683px; --smush-placeholder-aspect-ratio: 683\/1024;\" \/>\t\t\t\t\t\t\t\t<\/a>\n\t\t\t\t\t\t\t\t\t\t\t<figcaption class=\"widget-image-caption wp-caption-text\">Atrakcje Gaud\u00edego w Barcelonie, kt\u00f3re musisz zobaczy\u0107<\/figcaption>\n\t\t\t\t\t\t\t\t\t\t<\/figure>\n\t\t\t\t\t\t\t\t\t<\/div>\n\t\t\t\t<\/div>\n\t\t\t\t\t<\/div>\n\t\t<\/div>\n\t\t\t\t\t<\/div>\n\t\t<\/section>\n\t\t\t\t<section class=\"elementor-section elementor-top-section elementor-element elementor-element-5ec6a72 elementor-section-boxed elementor-section-height-default elementor-section-height-default\" data-id=\"5ec6a72\" data-element_type=\"section\" data-e-type=\"section\">\n\t\t\t\t\t\t<div class=\"elementor-container elementor-column-gap-default\">\n\t\t\t\t\t<div class=\"elementor-column elementor-col-100 elementor-top-column elementor-element elementor-element-52323d3f\" data-id=\"52323d3f\" data-element_type=\"column\" data-e-type=\"column\">\n\t\t\t<div class=\"elementor-widget-wrap elementor-element-populated\">\n\t\t\t\t\t\t<div class=\"elementor-element elementor-element-231ad6c7 elementor-widget elementor-widget-text-editor\" data-id=\"231ad6c7\" data-element_type=\"widget\" data-e-type=\"widget\" data-widget_type=\"text-editor.default\">\n\t\t\t\t<div class=\"elementor-widget-container\">\n\t\t\t\t\t\t\t\t\t<p><strong>Zajrzyj na nasze media spo\u0142eczno\u015bciowe, po wi\u0119cej:<\/strong><\/p>\t\t\t\t\t\t\t\t<\/div>\n\t\t\t\t<\/div>\n\t\t\t\t<div class=\"elementor-element elementor-element-2095e775 elementor-shape-rounded elementor-grid-0 e-grid-align-center elementor-widget elementor-widget-social-icons\" data-id=\"2095e775\" data-element_type=\"widget\" data-e-type=\"widget\" data-widget_type=\"social-icons.default\">\n\t\t\t\t<div class=\"elementor-widget-container\">\n\t\t\t\t\t\t\t<div class=\"elementor-social-icons-wrapper elementor-grid\" role=\"list\">\n\t\t\t\t\t\t\t<span class=\"elementor-grid-item\" role=\"listitem\">\n\t\t\t\t\t<a class=\"elementor-icon elementor-social-icon elementor-social-icon-facebook elementor-repeater-item-2354b0d\" href=\"https:\/\/www.facebook.com\/wzdluzdrogi\" target=\"_blank\">\n\t\t\t\t\t\t<span class=\"elementor-screen-only\">Facebook<\/span>\n\t\t\t\t\t\t<i aria-hidden=\"true\" class=\"fab fa-facebook\"><\/i>\t\t\t\t\t<\/a>\n\t\t\t\t<\/span>\n\t\t\t\t\t\t\t<span class=\"elementor-grid-item\" role=\"listitem\">\n\t\t\t\t\t<a class=\"elementor-icon elementor-social-icon elementor-social-icon-instagram elementor-repeater-item-a964718\" href=\"https:\/\/www.instagram.com\/wzdluz_drogi\/?hl=pl\" target=\"_blank\">\n\t\t\t\t\t\t<span class=\"elementor-screen-only\">Instagram<\/span>\n\t\t\t\t\t\t<i aria-hidden=\"true\" class=\"fab fa-instagram\"><\/i>\t\t\t\t\t<\/a>\n\t\t\t\t<\/span>\n\t\t\t\t\t\t\t<span class=\"elementor-grid-item\" role=\"listitem\">\n\t\t\t\t\t<a class=\"elementor-icon elementor-social-icon elementor-social-icon-youtube elementor-repeater-item-9c75202\" href=\"https:\/\/www.youtube.com\/channel\/UCW7xjbHjmE0P5_HMEhlFR5w\" target=\"_blank\">\n\t\t\t\t\t\t<span class=\"elementor-screen-only\">Youtube<\/span>\n\t\t\t\t\t\t<i aria-hidden=\"true\" class=\"fab fa-youtube\"><\/i>\t\t\t\t\t<\/a>\n\t\t\t\t<\/span>\n\t\t\t\t\t<\/div>\n\t\t\t\t\t\t<\/div>\n\t\t\t\t<\/div>\n\t\t\t\t\t<\/div>\n\t\t<\/div>\n\t\t\t\t\t<\/div>\n\t\t<\/section>\n\t\t\t\t<\/div>\n\t\t","protected":false},"excerpt":{"rendered":"<p>Na placu hiszpa\u0144skim nawet jesieni\u0105 jest du\u017co turyst\u00f3w, teraz g\u0142\u00f3wnie hiszpa\u0144skoj\u0119zycznych. Kr\u0105\u017c\u0105 po placu, \u015brednio zainteresowani facetem wo\u0142aj\u0105cym na ca\u0142e gard\u0142o \u201ewater! water! aqua!\u201d, czy drugim puszczaj\u0105cym ba\u0144ki dzieciom. Pod koniec listopada wi\u0119kszo\u015b\u0107 Hiszpan\u00f3w zak\u0142ada kurtki w ci\u0105gu dnia, a o wczesnym poranku my\u015bli si\u0119 jedynie o ciep\u0142ej herbacie, czy kawie, a nie butelce wody. &hellip; <\/p>\n","protected":false},"author":1,"featured_media":4949,"comment_status":"open","ping_status":"closed","sticky":false,"template":"","format":"standard","meta":{"_monsterinsights_skip_tracking":false,"_monsterinsights_sitenote_active":false,"_monsterinsights_sitenote_note":"","_monsterinsights_sitenote_category":0,"footnotes":""},"categories":[117,99,26],"tags":[],"class_list":["post-4914","post","type-post","status-publish","format-standard","has-post-thumbnail","hentry","category-andaluzja","category-hiszpania","category-podroze"],"yoast_head":"<!-- This site is optimized with the Yoast SEO plugin v26.5 - https:\/\/yoast.com\/wordpress\/plugins\/seo\/ -->\n<title>Atrakcje w Sewilli, kt\u00f3re musisz zobaczy\u0107 - Wzd\u0142u\u017c Drogi<\/title>\n<meta name=\"robots\" content=\"index, follow, max-snippet:-1, max-image-preview:large, max-video-preview:-1\" \/>\n<link rel=\"canonical\" href=\"https:\/\/www.wzdluzdrogi.pl\/index.php\/2025\/12\/09\/atrakcje-w-sewilli-ktore-musisz-zobaczyc\/\" \/>\n<meta property=\"og:locale\" content=\"pl_PL\" \/>\n<meta property=\"og:type\" content=\"article\" \/>\n<meta property=\"og:title\" content=\"Atrakcje w Sewilli, kt\u00f3re musisz zobaczy\u0107 - Wzd\u0142u\u017c Drogi\" \/>\n<meta property=\"og:description\" content=\"Na placu hiszpa\u0144skim nawet jesieni\u0105 jest du\u017co turyst\u00f3w, teraz g\u0142\u00f3wnie hiszpa\u0144skoj\u0119zycznych. Kr\u0105\u017c\u0105 po placu, \u015brednio zainteresowani facetem wo\u0142aj\u0105cym na ca\u0142e gard\u0142o \u201ewater! water! aqua!\u201d, czy drugim puszczaj\u0105cym ba\u0144ki dzieciom. Pod koniec listopada wi\u0119kszo\u015b\u0107 Hiszpan\u00f3w zak\u0142ada kurtki w ci\u0105gu dnia, a o wczesnym poranku my\u015bli si\u0119 jedynie o ciep\u0142ej herbacie, czy kawie, a nie butelce wody. &hellip;\" \/>\n<meta property=\"og:url\" content=\"https:\/\/www.wzdluzdrogi.pl\/index.php\/2025\/12\/09\/atrakcje-w-sewilli-ktore-musisz-zobaczyc\/\" \/>\n<meta property=\"og:site_name\" content=\"Wzd\u0142u\u017c Drogi\" \/>\n<meta property=\"article:published_time\" content=\"2025-12-09T11:46:59+00:00\" \/>\n<meta property=\"article:modified_time\" content=\"2026-04-23T09:32:17+00:00\" \/>\n<meta property=\"og:image\" content=\"https:\/\/www.wzdluzdrogi.pl\/wp-content\/uploads\/2025\/12\/MG_2501.jpg\" \/>\n\t<meta property=\"og:image:width\" content=\"1000\" \/>\n\t<meta property=\"og:image:height\" content=\"667\" \/>\n\t<meta property=\"og:image:type\" content=\"image\/jpeg\" \/>\n<meta name=\"author\" content=\"Wzdluzdrogi\" \/>\n<meta name=\"twitter:card\" content=\"summary_large_image\" \/>\n<meta name=\"twitter:label1\" content=\"Napisane przez\" \/>\n\t<meta name=\"twitter:data1\" content=\"Wzdluzdrogi\" \/>\n\t<meta name=\"twitter:label2\" content=\"Szacowany czas czytania\" \/>\n\t<meta name=\"twitter:data2\" content=\"17 minut\" \/>\n<script type=\"application\/ld+json\" class=\"yoast-schema-graph\">{\"@context\":\"https:\/\/schema.org\",\"@graph\":[{\"@type\":\"WebPage\",\"@id\":\"https:\/\/www.wzdluzdrogi.pl\/index.php\/2025\/12\/09\/atrakcje-w-sewilli-ktore-musisz-zobaczyc\/\",\"url\":\"https:\/\/www.wzdluzdrogi.pl\/index.php\/2025\/12\/09\/atrakcje-w-sewilli-ktore-musisz-zobaczyc\/\",\"name\":\"Atrakcje w Sewilli, kt\u00f3re musisz zobaczy\u0107 - Wzd\u0142u\u017c Drogi\",\"isPartOf\":{\"@id\":\"https:\/\/www.wzdluzdrogi.pl\/#website\"},\"primaryImageOfPage\":{\"@id\":\"https:\/\/www.wzdluzdrogi.pl\/index.php\/2025\/12\/09\/atrakcje-w-sewilli-ktore-musisz-zobaczyc\/#primaryimage\"},\"image\":{\"@id\":\"https:\/\/www.wzdluzdrogi.pl\/index.php\/2025\/12\/09\/atrakcje-w-sewilli-ktore-musisz-zobaczyc\/#primaryimage\"},\"thumbnailUrl\":\"https:\/\/www.wzdluzdrogi.pl\/wp-content\/uploads\/2025\/12\/MG_2501.jpg\",\"datePublished\":\"2025-12-09T11:46:59+00:00\",\"dateModified\":\"2026-04-23T09:32:17+00:00\",\"author\":{\"@id\":\"https:\/\/www.wzdluzdrogi.pl\/#\/schema\/person\/74e57cccc529edf05c11ceaff979bf00\"},\"breadcrumb\":{\"@id\":\"https:\/\/www.wzdluzdrogi.pl\/index.php\/2025\/12\/09\/atrakcje-w-sewilli-ktore-musisz-zobaczyc\/#breadcrumb\"},\"inLanguage\":\"pl-PL\",\"potentialAction\":[{\"@type\":\"ReadAction\",\"target\":[\"https:\/\/www.wzdluzdrogi.pl\/index.php\/2025\/12\/09\/atrakcje-w-sewilli-ktore-musisz-zobaczyc\/\"]}]},{\"@type\":\"ImageObject\",\"inLanguage\":\"pl-PL\",\"@id\":\"https:\/\/www.wzdluzdrogi.pl\/index.php\/2025\/12\/09\/atrakcje-w-sewilli-ktore-musisz-zobaczyc\/#primaryimage\",\"url\":\"https:\/\/www.wzdluzdrogi.pl\/wp-content\/uploads\/2025\/12\/MG_2501.jpg\",\"contentUrl\":\"https:\/\/www.wzdluzdrogi.pl\/wp-content\/uploads\/2025\/12\/MG_2501.jpg\",\"width\":1000,\"height\":667,\"caption\":\"plac hiszpa\u0144ski, sewilla, seville, what to see in seville, hiszpania, andaluzja\"},{\"@type\":\"BreadcrumbList\",\"@id\":\"https:\/\/www.wzdluzdrogi.pl\/index.php\/2025\/12\/09\/atrakcje-w-sewilli-ktore-musisz-zobaczyc\/#breadcrumb\",\"itemListElement\":[{\"@type\":\"ListItem\",\"position\":1,\"name\":\"Strona g\u0142\u00f3wna\",\"item\":\"https:\/\/www.wzdluzdrogi.pl\/\"},{\"@type\":\"ListItem\",\"position\":2,\"name\":\"Atrakcje w Sewilli, kt\u00f3re musisz zobaczy\u0107\"}]},{\"@type\":\"WebSite\",\"@id\":\"https:\/\/www.wzdluzdrogi.pl\/#website\",\"url\":\"https:\/\/www.wzdluzdrogi.pl\/\",\"name\":\"Wzd\u0142u\u017c Drogi\",\"description\":\"Podr\u00f3\u017ce w rytmie slow\",\"potentialAction\":[{\"@type\":\"SearchAction\",\"target\":{\"@type\":\"EntryPoint\",\"urlTemplate\":\"https:\/\/www.wzdluzdrogi.pl\/?s={search_term_string}\"},\"query-input\":{\"@type\":\"PropertyValueSpecification\",\"valueRequired\":true,\"valueName\":\"search_term_string\"}}],\"inLanguage\":\"pl-PL\"},{\"@type\":\"Person\",\"@id\":\"https:\/\/www.wzdluzdrogi.pl\/#\/schema\/person\/74e57cccc529edf05c11ceaff979bf00\",\"name\":\"Wzdluzdrogi\",\"image\":{\"@type\":\"ImageObject\",\"inLanguage\":\"pl-PL\",\"@id\":\"https:\/\/www.wzdluzdrogi.pl\/#\/schema\/person\/image\/\",\"url\":\"https:\/\/secure.gravatar.com\/avatar\/5338c7b0ffcf3c9b5c99db5ffd459d84?s=96&d=mm&r=g\",\"contentUrl\":\"https:\/\/secure.gravatar.com\/avatar\/5338c7b0ffcf3c9b5c99db5ffd459d84?s=96&d=mm&r=g\",\"caption\":\"Wzdluzdrogi\"},\"sameAs\":[\"http:\/\/www.wzdluzdrogi.pl\"],\"url\":\"https:\/\/www.wzdluzdrogi.pl\/index.php\/author\/wzdluzdrogi\/\"}]}<\/script>\n<!-- \/ Yoast SEO plugin. -->","yoast_head_json":{"title":"Atrakcje w Sewilli, kt\u00f3re musisz zobaczy\u0107 - Wzd\u0142u\u017c Drogi","robots":{"index":"index","follow":"follow","max-snippet":"max-snippet:-1","max-image-preview":"max-image-preview:large","max-video-preview":"max-video-preview:-1"},"canonical":"https:\/\/www.wzdluzdrogi.pl\/index.php\/2025\/12\/09\/atrakcje-w-sewilli-ktore-musisz-zobaczyc\/","og_locale":"pl_PL","og_type":"article","og_title":"Atrakcje w Sewilli, kt\u00f3re musisz zobaczy\u0107 - Wzd\u0142u\u017c Drogi","og_description":"Na placu hiszpa\u0144skim nawet jesieni\u0105 jest du\u017co turyst\u00f3w, teraz g\u0142\u00f3wnie hiszpa\u0144skoj\u0119zycznych. Kr\u0105\u017c\u0105 po placu, \u015brednio zainteresowani facetem wo\u0142aj\u0105cym na ca\u0142e gard\u0142o \u201ewater! water! aqua!\u201d, czy drugim puszczaj\u0105cym ba\u0144ki dzieciom. Pod koniec listopada wi\u0119kszo\u015b\u0107 Hiszpan\u00f3w zak\u0142ada kurtki w ci\u0105gu dnia, a o wczesnym poranku my\u015bli si\u0119 jedynie o ciep\u0142ej herbacie, czy kawie, a nie butelce wody. &hellip;","og_url":"https:\/\/www.wzdluzdrogi.pl\/index.php\/2025\/12\/09\/atrakcje-w-sewilli-ktore-musisz-zobaczyc\/","og_site_name":"Wzd\u0142u\u017c Drogi","article_published_time":"2025-12-09T11:46:59+00:00","article_modified_time":"2026-04-23T09:32:17+00:00","og_image":[{"width":1000,"height":667,"url":"https:\/\/www.wzdluzdrogi.pl\/wp-content\/uploads\/2025\/12\/MG_2501.jpg","type":"image\/jpeg"}],"author":"Wzdluzdrogi","twitter_card":"summary_large_image","twitter_misc":{"Napisane przez":"Wzdluzdrogi","Szacowany czas czytania":"17 minut"},"schema":{"@context":"https:\/\/schema.org","@graph":[{"@type":"WebPage","@id":"https:\/\/www.wzdluzdrogi.pl\/index.php\/2025\/12\/09\/atrakcje-w-sewilli-ktore-musisz-zobaczyc\/","url":"https:\/\/www.wzdluzdrogi.pl\/index.php\/2025\/12\/09\/atrakcje-w-sewilli-ktore-musisz-zobaczyc\/","name":"Atrakcje w Sewilli, kt\u00f3re musisz zobaczy\u0107 - Wzd\u0142u\u017c Drogi","isPartOf":{"@id":"https:\/\/www.wzdluzdrogi.pl\/#website"},"primaryImageOfPage":{"@id":"https:\/\/www.wzdluzdrogi.pl\/index.php\/2025\/12\/09\/atrakcje-w-sewilli-ktore-musisz-zobaczyc\/#primaryimage"},"image":{"@id":"https:\/\/www.wzdluzdrogi.pl\/index.php\/2025\/12\/09\/atrakcje-w-sewilli-ktore-musisz-zobaczyc\/#primaryimage"},"thumbnailUrl":"https:\/\/www.wzdluzdrogi.pl\/wp-content\/uploads\/2025\/12\/MG_2501.jpg","datePublished":"2025-12-09T11:46:59+00:00","dateModified":"2026-04-23T09:32:17+00:00","author":{"@id":"https:\/\/www.wzdluzdrogi.pl\/#\/schema\/person\/74e57cccc529edf05c11ceaff979bf00"},"breadcrumb":{"@id":"https:\/\/www.wzdluzdrogi.pl\/index.php\/2025\/12\/09\/atrakcje-w-sewilli-ktore-musisz-zobaczyc\/#breadcrumb"},"inLanguage":"pl-PL","potentialAction":[{"@type":"ReadAction","target":["https:\/\/www.wzdluzdrogi.pl\/index.php\/2025\/12\/09\/atrakcje-w-sewilli-ktore-musisz-zobaczyc\/"]}]},{"@type":"ImageObject","inLanguage":"pl-PL","@id":"https:\/\/www.wzdluzdrogi.pl\/index.php\/2025\/12\/09\/atrakcje-w-sewilli-ktore-musisz-zobaczyc\/#primaryimage","url":"https:\/\/www.wzdluzdrogi.pl\/wp-content\/uploads\/2025\/12\/MG_2501.jpg","contentUrl":"https:\/\/www.wzdluzdrogi.pl\/wp-content\/uploads\/2025\/12\/MG_2501.jpg","width":1000,"height":667,"caption":"plac hiszpa\u0144ski, sewilla, seville, what to see in seville, hiszpania, andaluzja"},{"@type":"BreadcrumbList","@id":"https:\/\/www.wzdluzdrogi.pl\/index.php\/2025\/12\/09\/atrakcje-w-sewilli-ktore-musisz-zobaczyc\/#breadcrumb","itemListElement":[{"@type":"ListItem","position":1,"name":"Strona g\u0142\u00f3wna","item":"https:\/\/www.wzdluzdrogi.pl\/"},{"@type":"ListItem","position":2,"name":"Atrakcje w Sewilli, kt\u00f3re musisz zobaczy\u0107"}]},{"@type":"WebSite","@id":"https:\/\/www.wzdluzdrogi.pl\/#website","url":"https:\/\/www.wzdluzdrogi.pl\/","name":"Wzd\u0142u\u017c Drogi","description":"Podr\u00f3\u017ce w rytmie slow","potentialAction":[{"@type":"SearchAction","target":{"@type":"EntryPoint","urlTemplate":"https:\/\/www.wzdluzdrogi.pl\/?s={search_term_string}"},"query-input":{"@type":"PropertyValueSpecification","valueRequired":true,"valueName":"search_term_string"}}],"inLanguage":"pl-PL"},{"@type":"Person","@id":"https:\/\/www.wzdluzdrogi.pl\/#\/schema\/person\/74e57cccc529edf05c11ceaff979bf00","name":"Wzdluzdrogi","image":{"@type":"ImageObject","inLanguage":"pl-PL","@id":"https:\/\/www.wzdluzdrogi.pl\/#\/schema\/person\/image\/","url":"https:\/\/secure.gravatar.com\/avatar\/5338c7b0ffcf3c9b5c99db5ffd459d84?s=96&d=mm&r=g","contentUrl":"https:\/\/secure.gravatar.com\/avatar\/5338c7b0ffcf3c9b5c99db5ffd459d84?s=96&d=mm&r=g","caption":"Wzdluzdrogi"},"sameAs":["http:\/\/www.wzdluzdrogi.pl"],"url":"https:\/\/www.wzdluzdrogi.pl\/index.php\/author\/wzdluzdrogi\/"}]}},"_links":{"self":[{"href":"https:\/\/www.wzdluzdrogi.pl\/index.php\/wp-json\/wp\/v2\/posts\/4914","targetHints":{"allow":["GET"]}}],"collection":[{"href":"https:\/\/www.wzdluzdrogi.pl\/index.php\/wp-json\/wp\/v2\/posts"}],"about":[{"href":"https:\/\/www.wzdluzdrogi.pl\/index.php\/wp-json\/wp\/v2\/types\/post"}],"author":[{"embeddable":true,"href":"https:\/\/www.wzdluzdrogi.pl\/index.php\/wp-json\/wp\/v2\/users\/1"}],"replies":[{"embeddable":true,"href":"https:\/\/www.wzdluzdrogi.pl\/index.php\/wp-json\/wp\/v2\/comments?post=4914"}],"version-history":[{"count":19,"href":"https:\/\/www.wzdluzdrogi.pl\/index.php\/wp-json\/wp\/v2\/posts\/4914\/revisions"}],"predecessor-version":[{"id":5281,"href":"https:\/\/www.wzdluzdrogi.pl\/index.php\/wp-json\/wp\/v2\/posts\/4914\/revisions\/5281"}],"wp:featuredmedia":[{"embeddable":true,"href":"https:\/\/www.wzdluzdrogi.pl\/index.php\/wp-json\/wp\/v2\/media\/4949"}],"wp:attachment":[{"href":"https:\/\/www.wzdluzdrogi.pl\/index.php\/wp-json\/wp\/v2\/media?parent=4914"}],"wp:term":[{"taxonomy":"category","embeddable":true,"href":"https:\/\/www.wzdluzdrogi.pl\/index.php\/wp-json\/wp\/v2\/categories?post=4914"},{"taxonomy":"post_tag","embeddable":true,"href":"https:\/\/www.wzdluzdrogi.pl\/index.php\/wp-json\/wp\/v2\/tags?post=4914"}],"curies":[{"name":"wp","href":"https:\/\/api.w.org\/{rel}","templated":true}]}}