{"id":5082,"date":"2026-03-02T11:35:36","date_gmt":"2026-03-02T10:35:36","guid":{"rendered":"https:\/\/www.wzdluzdrogi.pl\/?p=5082"},"modified":"2026-08-19T10:10:34","modified_gmt":"2026-08-19T08:10:34","slug":"5-miejsc-ktore-musisz-zobaczyc-bedac-w-andaluzji","status":"publish","type":"post","link":"https:\/\/www.wzdluzdrogi.pl\/index.php\/2026\/03\/02\/5-miejsc-ktore-musisz-zobaczyc-bedac-w-andaluzji\/","title":{"rendered":"10 najpi\u0119kniejszych miast Andaluzji. Nasza subiektywna lista"},"content":{"rendered":"\t\t<div data-elementor-type=\"wp-post\" data-elementor-id=\"5082\" class=\"elementor elementor-5082\">\n\t\t\t\t\t\t<section class=\"elementor-section elementor-top-section elementor-element elementor-element-717db566 elementor-section-boxed elementor-section-height-default elementor-section-height-default\" data-id=\"717db566\" data-element_type=\"section\" data-e-type=\"section\">\n\t\t\t\t\t\t<div class=\"elementor-container elementor-column-gap-default\">\n\t\t\t\t\t<div class=\"elementor-column elementor-col-100 elementor-top-column elementor-element elementor-element-7e55d86f\" data-id=\"7e55d86f\" data-element_type=\"column\" data-e-type=\"column\">\n\t\t\t<div class=\"elementor-widget-wrap elementor-element-populated\">\n\t\t\t\t\t\t<div class=\"elementor-element elementor-element-1f830048 elementor-widget elementor-widget-text-editor\" data-id=\"1f830048\" data-element_type=\"widget\" data-e-type=\"widget\" data-widget_type=\"text-editor.default\">\n\t\t\t\t<div class=\"elementor-widget-container\">\n\t\t\t\t\t\t\t\t\t<p>Ju\u017c pierwszego dnia uznali\u015bmy, \u017ce Andaluzja jest przepi\u0119kna i \u017ce to totalnie nasz klimat. Blisko do morza, ale i blisko w g\u00f3ry, czyli dla nas idealnie. Uwielbiamy takie miejsca, kt\u00f3r\u0105 \u0142\u0105cz\u0105 w pewien spos\u00f3b jedno z drugim. Jazda serpentynami przez bia\u0142e miasteczka, widoki zapieraj\u0105ce dech w piersiach i zak\u0105tki, gdzie chcia\u0142oby si\u0119 kupi\u0107 dom i zosta\u0107 na d\u0142u\u017cej. To wszystko znajdziesz w Andaluzji, i to na ka\u017cdym kroku.<\/p><p class=\"font-claude-response-body break-words whitespace-normal\" dir=\"ltr\" data-sourcepos=\"5:1-5:404;479-882\">Je\u015bli zastanawiasz si\u0119, co zobaczy\u0107 w Andaluzji, mamy dla Ciebie gotow\u0105 list\u0119. Zebrali\u015bmy 10 miejsc i miast, kt\u00f3re \u2013 naszym zdaniem \u2013 trzeba odwiedzi\u0107 w tym regionie Hiszpanii. Od kultowych miast, jak Sewilla czy Grenada, po mniej oczywiste zak\u0105tki, o kt\u00f3rych niewiele os\u00f3b pisze. To nasz subiektywny przegl\u0105d najpi\u0119kniejszych miejsc Andaluzji, zebrany po wielu dniach sp\u0119dzonych na tamtejszych drogach.<\/p><p class=\"font-claude-response-body break-words whitespace-normal\" dir=\"ltr\" data-sourcepos=\"7:1-7:125;884-1008\">Nie omijaj ich. Je\u015bli masz wystarczaj\u0105co czasu na zwiedzanie, dopisz je do swojej listy, na pewno nie b\u0119dziesz zawiedziony.<\/p>\t\t\t\t\t\t\t\t<\/div>\n\t\t\t\t<\/div>\n\t\t\t\t\t<\/div>\n\t\t<\/div>\n\t\t\t\t\t<\/div>\n\t\t<\/section>\n\t\t\t\t<section class=\"elementor-section elementor-top-section elementor-element elementor-element-7349e4c elementor-section-full_width elementor-section-stretched elementor-section-height-default elementor-section-height-default elementor-invisible\" data-id=\"7349e4c\" data-element_type=\"section\" data-e-type=\"section\" data-settings=\"{&quot;stretch_section&quot;:&quot;section-stretched&quot;,&quot;background_background&quot;:&quot;classic&quot;,&quot;animation&quot;:&quot;fadeInLeft&quot;}\">\n\t\t\t\t\t\t<div class=\"elementor-container elementor-column-gap-default\">\n\t\t\t\t\t<div class=\"elementor-column elementor-col-50 elementor-top-column elementor-element elementor-element-4544028b\" data-id=\"4544028b\" data-element_type=\"column\" data-e-type=\"column\">\n\t\t\t<div class=\"elementor-widget-wrap elementor-element-populated\">\n\t\t\t\t\t\t<div class=\"elementor-element elementor-element-6db44913 elementor-widget elementor-widget-image\" data-id=\"6db44913\" data-element_type=\"widget\" data-e-type=\"widget\" data-widget_type=\"image.default\">\n\t\t\t\t<div class=\"elementor-widget-container\">\n\t\t\t\t\t\t\t\t\t\t\t\t\t\t\t<img fetchpriority=\"high\" decoding=\"async\" width=\"667\" height=\"1000\" src=\"https:\/\/www.wzdluzdrogi.pl\/wp-content\/uploads\/2025\/12\/MG_2551.jpg\" class=\"attachment-large size-large wp-image-4918\" alt=\"czym jest flamenco, hiszpania flamenco, sewilla\" srcset=\"https:\/\/www.wzdluzdrogi.pl\/wp-content\/uploads\/2025\/12\/MG_2551.jpg 667w, https:\/\/www.wzdluzdrogi.pl\/wp-content\/uploads\/2025\/12\/MG_2551-200x300.jpg 200w\" sizes=\"(max-width: 667px) 100vw, 667px\" \/>\t\t\t\t\t\t\t\t\t\t\t\t\t\t\t<\/div>\n\t\t\t\t<\/div>\n\t\t\t\t\t<\/div>\n\t\t<\/div>\n\t\t\t\t<div class=\"elementor-column elementor-col-50 elementor-top-column elementor-element elementor-element-41563f9e\" data-id=\"41563f9e\" data-element_type=\"column\" data-e-type=\"column\">\n\t\t\t<div class=\"elementor-widget-wrap elementor-element-populated\">\n\t\t\t\t\t\t<div class=\"elementor-element elementor-element-2ff989cc elementor-widget elementor-widget-heading\" data-id=\"2ff989cc\" data-element_type=\"widget\" data-e-type=\"widget\" data-widget_type=\"heading.default\">\n\t\t\t\t<div class=\"elementor-widget-container\">\n\t\t\t\t\t<div id=\"ez-toc-container\" class=\"ez-toc-v2_0_87 counter-hierarchy ez-toc-counter ez-toc-light-blue ez-toc-container-direction\">\n<p class=\"ez-toc-title\" style=\"cursor:inherit\">Spis tre\u015bci<\/p>\n<label for=\"ez-toc-cssicon-toggle-item-6a97d92ec4315\" class=\"ez-toc-cssicon-toggle-label\"><span class=\"\"><span class=\"eztoc-hide\" style=\"display:none;\">Toggle<\/span><span class=\"ez-toc-icon-toggle-span\"><svg style=\"fill: #999;color:#999\" xmlns=\"http:\/\/www.w3.org\/2000\/svg\" class=\"list-377408\" width=\"20px\" height=\"20px\" viewBox=\"0 0 24 24\" fill=\"none\"><path d=\"M6 6H4v2h2V6zm14 0H8v2h12V6zM4 11h2v2H4v-2zm16 0H8v2h12v-2zM4 16h2v2H4v-2zm16 0H8v2h12v-2z\" fill=\"currentColor\"><\/path><\/svg><svg style=\"fill: #999;color:#999\" class=\"arrow-unsorted-368013\" xmlns=\"http:\/\/www.w3.org\/2000\/svg\" width=\"10px\" height=\"10px\" viewBox=\"0 0 24 24\" version=\"1.2\" baseProfile=\"tiny\"><path d=\"M18.2 9.3l-6.2-6.3-6.2 6.3c-.2.2-.3.4-.3.7s.1.5.3.7c.2.2.4.3.7.3h11c.3 0 .5-.1.7-.3.2-.2.3-.5.3-.7s-.1-.5-.3-.7zM5.8 14.7l6.2 6.3 6.2-6.3c.2-.2.3-.5.3-.7s-.1-.5-.3-.7c-.2-.2-.4-.3-.7-.3h-11c-.3 0-.5.1-.7.3-.2.2-.3.5-.3.7s.1.5.3.7z\"\/><\/svg><\/span><\/span><\/label><input type=\"checkbox\"  id=\"ez-toc-cssicon-toggle-item-6a97d92ec4315\"  aria-label=\"Prze\u0142\u0105cznik\" \/><nav><ul class='ez-toc-list ez-toc-list-level-1 ' ><li class='ez-toc-page-1 ez-toc-heading-level-2'><a class=\"ez-toc-link ez-toc-heading-1\" href=\"https:\/\/www.wzdluzdrogi.pl\/index.php\/2026\/03\/02\/5-miejsc-ktore-musisz-zobaczyc-bedac-w-andaluzji\/#O_Andaluzji\" >O Andaluzji<\/a><\/li><li class='ez-toc-page-1 ez-toc-heading-level-2'><a class=\"ez-toc-link ez-toc-heading-2\" href=\"https:\/\/www.wzdluzdrogi.pl\/index.php\/2026\/03\/02\/5-miejsc-ktore-musisz-zobaczyc-bedac-w-andaluzji\/#Nerja\" >Nerja<\/a><\/li><li class='ez-toc-page-1 ez-toc-heading-level-2'><a class=\"ez-toc-link ez-toc-heading-3\" href=\"https:\/\/www.wzdluzdrogi.pl\/index.php\/2026\/03\/02\/5-miejsc-ktore-musisz-zobaczyc-bedac-w-andaluzji\/#Malaga\" >Malaga<\/a><\/li><li class='ez-toc-page-1 ez-toc-heading-level-2'><a class=\"ez-toc-link ez-toc-heading-4\" href=\"https:\/\/www.wzdluzdrogi.pl\/index.php\/2026\/03\/02\/5-miejsc-ktore-musisz-zobaczyc-bedac-w-andaluzji\/#Setenil_de_las_Bodegas\" >Setenil de las Bodegas<\/a><\/li><li class='ez-toc-page-1 ez-toc-heading-level-2'><a class=\"ez-toc-link ez-toc-heading-5\" href=\"https:\/\/www.wzdluzdrogi.pl\/index.php\/2026\/03\/02\/5-miejsc-ktore-musisz-zobaczyc-bedac-w-andaluzji\/#Antequera\" >Antequera<\/a><\/li><li class='ez-toc-page-1 ez-toc-heading-level-2'><a class=\"ez-toc-link ez-toc-heading-6\" href=\"https:\/\/www.wzdluzdrogi.pl\/index.php\/2026\/03\/02\/5-miejsc-ktore-musisz-zobaczyc-bedac-w-andaluzji\/#Caminito_del_Rey\" >Caminito del Rey<\/a><\/li><li class='ez-toc-page-1 ez-toc-heading-level-2'><a class=\"ez-toc-link ez-toc-heading-7\" href=\"https:\/\/www.wzdluzdrogi.pl\/index.php\/2026\/03\/02\/5-miejsc-ktore-musisz-zobaczyc-bedac-w-andaluzji\/#Sewilla\" >Sewilla<\/a><\/li><li class='ez-toc-page-1 ez-toc-heading-level-2'><a class=\"ez-toc-link ez-toc-heading-8\" href=\"https:\/\/www.wzdluzdrogi.pl\/index.php\/2026\/03\/02\/5-miejsc-ktore-musisz-zobaczyc-bedac-w-andaluzji\/#Ronda\" >Ronda<\/a><\/li><li class='ez-toc-page-1 ez-toc-heading-level-2'><a class=\"ez-toc-link ez-toc-heading-9\" href=\"https:\/\/www.wzdluzdrogi.pl\/index.php\/2026\/03\/02\/5-miejsc-ktore-musisz-zobaczyc-bedac-w-andaluzji\/#Kordoba\" >Kordoba<\/a><\/li><li class='ez-toc-page-1 ez-toc-heading-level-2'><a class=\"ez-toc-link ez-toc-heading-10\" href=\"https:\/\/www.wzdluzdrogi.pl\/index.php\/2026\/03\/02\/5-miejsc-ktore-musisz-zobaczyc-bedac-w-andaluzji\/#Kadyks\" >Kadyks<\/a><\/li><li class='ez-toc-page-1 ez-toc-heading-level-2'><a class=\"ez-toc-link ez-toc-heading-11\" href=\"https:\/\/www.wzdluzdrogi.pl\/index.php\/2026\/03\/02\/5-miejsc-ktore-musisz-zobaczyc-bedac-w-andaluzji\/#Grenada\" >Grenada<\/a><\/li><li class='ez-toc-page-1 ez-toc-heading-level-2'><a class=\"ez-toc-link ez-toc-heading-12\" href=\"https:\/\/www.wzdluzdrogi.pl\/index.php\/2026\/03\/02\/5-miejsc-ktore-musisz-zobaczyc-bedac-w-andaluzji\/#Najpiekniejsze_miasteczka_Andaluzji\" >Najpi\u0119kniejsze miasteczka Andaluzji<\/a><ul class='ez-toc-list-level-4' ><li class='ez-toc-heading-level-4'><ul class='ez-toc-list-level-4' ><li class='ez-toc-heading-level-4'><a class=\"ez-toc-link ez-toc-heading-13\" href=\"https:\/\/www.wzdluzdrogi.pl\/index.php\/2026\/03\/02\/5-miejsc-ktore-musisz-zobaczyc-bedac-w-andaluzji\/#Mam_tylko_3_dni_w_Andaluzji_Co_warto_zobaczyc\" >Mam tylko 3 dni w Andaluzji. Co warto zobaczy\u0107?<\/a><\/li><li class='ez-toc-page-1 ez-toc-heading-level-4'><a class=\"ez-toc-link ez-toc-heading-14\" href=\"https:\/\/www.wzdluzdrogi.pl\/index.php\/2026\/03\/02\/5-miejsc-ktore-musisz-zobaczyc-bedac-w-andaluzji\/#Jakie_sa_najpiekniejsze_miasteczka_w_Andaluzji\" >Jakie s\u0105 najpi\u0119kniejsze miasteczka w Andaluzji?<\/a><\/li><li class='ez-toc-page-1 ez-toc-heading-level-4'><a class=\"ez-toc-link ez-toc-heading-15\" href=\"https:\/\/www.wzdluzdrogi.pl\/index.php\/2026\/03\/02\/5-miejsc-ktore-musisz-zobaczyc-bedac-w-andaluzji\/#Jaka_jest_najpiekniejsza_czesc_Andaluzji\" >Jaka jest najpi\u0119kniejsza cz\u0119\u015b\u0107 Andaluzji?<\/a><\/li><li class='ez-toc-page-1 ez-toc-heading-level-4'><a class=\"ez-toc-link ez-toc-heading-16\" href=\"https:\/\/www.wzdluzdrogi.pl\/index.php\/2026\/03\/02\/5-miejsc-ktore-musisz-zobaczyc-bedac-w-andaluzji\/#Ktore_miasto_jest_ladniejsze_Grenada_czy_Malaga\" >Kt\u00f3re miasto jest \u0142adniejsze: Grenada czy Malaga?<\/a><\/li><li class='ez-toc-page-1 ez-toc-heading-level-4'><a class=\"ez-toc-link ez-toc-heading-17\" href=\"https:\/\/www.wzdluzdrogi.pl\/index.php\/2026\/03\/02\/5-miejsc-ktore-musisz-zobaczyc-bedac-w-andaluzji\/#Wynajecie_auta_w_Andaluzji\" >Wynajecie auta w Andaluzji?\u00a0<\/a><\/li><\/ul><\/li><\/ul><\/li><\/ul><\/nav><\/div>\n<h2 class=\"elementor-heading-title elementor-size-default\"><span class=\"ez-toc-section\" id=\"O_Andaluzji\"><\/span>O Andaluzji<span class=\"ez-toc-section-end\"><\/span><\/h2>\t\t\t\t<\/div>\n\t\t\t\t<\/div>\n\t\t\t\t<div class=\"elementor-element elementor-element-59732d46 elementor-widget elementor-widget-text-editor\" data-id=\"59732d46\" data-element_type=\"widget\" data-e-type=\"widget\" data-widget_type=\"text-editor.default\">\n\t\t\t\t<div class=\"elementor-widget-container\">\n\t\t\t\t\t\t\t\t\t<p data-start=\"399\" data-end=\"805\">Przez prawie 800 lat du\u017ca cz\u0119\u015b\u0107 Andaluzji znajdowa\u0142a si\u0119 pod panowaniem Maur\u00f3w. I to oni zostawili po sobie ten charakterystyczny klimat \u2013 bia\u0142e miasteczka, wewn\u0119trzne patio pe\u0142ne ro\u015blin, mozaiki, \u0142uki, zdobienia. Ja my\u015bl\u0119, \u017ce to w\u0142a\u015bnie dlatego spaceruj\u0105c po Andaluzji masz momentami wra\u017cenie, \u017ce jeste\u015b bli\u017cej Afryki ni\u017c Europy. Bo geograficznie\u2026 to prawie prawda. Do Maroka jest st\u0105d naprawd\u0119 niedaleko.<\/p><p data-start=\"807\" data-end=\"1040\">To te\u017c region flamenco. Tego prawdziwego, nie pod turyst\u00f3w. Zrodzi\u0142o si\u0119 w\u0142a\u015bnie tutaj, w andaluzyjskich spo\u0142eczno\u015bciach romskich.<\/p>\t\t\t\t\t\t\t\t<\/div>\n\t\t\t\t<\/div>\n\t\t\t\t\t<\/div>\n\t\t<\/div>\n\t\t\t\t\t<\/div>\n\t\t<\/section>\n\t\t\t\t<section class=\"elementor-section elementor-top-section elementor-element elementor-element-29060035 elementor-section-boxed elementor-section-height-default elementor-section-height-default\" data-id=\"29060035\" data-element_type=\"section\" data-e-type=\"section\">\n\t\t\t\t\t\t<div class=\"elementor-container elementor-column-gap-default\">\n\t\t\t\t\t<div class=\"elementor-column elementor-col-100 elementor-top-column elementor-element elementor-element-563366e3\" data-id=\"563366e3\" data-element_type=\"column\" data-e-type=\"column\">\n\t\t\t<div class=\"elementor-widget-wrap elementor-element-populated\">\n\t\t\t\t\t\t<div class=\"elementor-element elementor-element-d793a92 elementor-widget-divider--separator-type-pattern elementor-widget-divider--view-line elementor-widget elementor-widget-divider\" data-id=\"d793a92\" data-element_type=\"widget\" data-e-type=\"widget\" data-widget_type=\"divider.default\">\n\t\t\t\t<div class=\"elementor-widget-container\">\n\t\t\t\t\t\t\t<div class=\"elementor-divider\" style=\"--divider-pattern-url: url(&quot;data:image\/svg+xml,%3Csvg xmlns=&#039;http:\/\/www.w3.org\/2000\/svg&#039; preserveAspectRatio=&#039;none&#039; overflow=&#039;visible&#039; height=&#039;100%&#039; viewBox=&#039;0 0 24 24&#039; fill=&#039;none&#039; stroke=&#039;black&#039; stroke-width=&#039;1&#039; stroke-linecap=&#039;square&#039; stroke-miterlimit=&#039;10&#039;%3E%3Cpath d=&#039;M0,6c6,0,0.9,11.1,6.9,11.1S18,6,24,6&#039;\/%3E%3C\/svg%3E&quot;);\">\n\t\t\t<span class=\"elementor-divider-separator\">\n\t\t\t\t\t\t<\/span>\n\t\t<\/div>\n\t\t\t\t\t\t<\/div>\n\t\t\t\t<\/div>\n\t\t\t\t<div class=\"elementor-element elementor-element-7b07b254 elementor-widget elementor-widget-heading\" data-id=\"7b07b254\" data-element_type=\"widget\" data-e-type=\"widget\" data-widget_type=\"heading.default\">\n\t\t\t\t<div class=\"elementor-widget-container\">\n\t\t\t\t\t<h2 class=\"elementor-heading-title elementor-size-default\"><span class=\"ez-toc-section\" id=\"Nerja\"><\/span>Nerja<span class=\"ez-toc-section-end\"><\/span><\/h2>\t\t\t\t<\/div>\n\t\t\t\t<\/div>\n\t\t\t\t<div class=\"elementor-element elementor-element-613db6f0 elementor-widget elementor-widget-text-editor\" data-id=\"613db6f0\" data-element_type=\"widget\" data-e-type=\"widget\" data-widget_type=\"text-editor.default\">\n\t\t\t\t<div class=\"elementor-widget-container\">\n\t\t\t\t\t\t\t\t\t<p>Nerja le\u017cy na wschodnim wybrze\u017cu Costa del Sol, oko\u0142o godziny drogi od Malagi. To jedna z tych miejscowo\u015bci, kt\u00f3re idealnie \u0142\u0105cz\u0105 wszystko, czyli pi\u0119kne widoki, klimat ma\u0142ego andaluzyjskiego miasteczka i dost\u0119p do morza. Na tyle mi si\u0119 spodoba\u0142o, \u017ce ju\u017c szuka\u0142am og\u0142osze\u0144 sprzeda\u017cy dom\u00f3w \u2013 czy robi\u0119 to zawsze, gdy podoba mi si\u0119 jakie\u015b miejsce? Tak. Czy sta\u0107 mnie na to? Nie. Ale marzy\u0107 mo\u017cna, za to nikt nie kara.<\/p><p>Sercem Nerji jest Balc\u00f3n de Europa, czyli punkt widokowy usytuowany na skalnym cyplu. Samo miasteczko jest urocze i \u015bliczne. W okresie letnim troch\u0119 t\u0142oczne, ale poza sezonem pustki. Ma\u0142e zatoczki ukryte mi\u0119dzy ska\u0142ami s\u0105 wtedy w pe\u0142ni Twoje, a woda ma ten odcie\u0144 turkusu, kt\u00f3ry normalnie widuje si\u0119 tylko na poczt\u00f3wkach.<\/p><p>I jest jeszcze co\u015b, o czym wiele os\u00f3b zapomina, czyli Jaskinie Nerja (Cuevas de Nerja). To ogromny system grot, odkryty przypadkiem w 1959 roku przez grupk\u0119 miejscowych ch\u0142opc\u00f3w, kt\u00f3rzy szukali\u2026 nietoperzy. W \u015brodku znajduje si\u0119 najwi\u0119ksza na \u015bwiecie naturalna kolumna skalna \u2013 ma 32 metry wysoko\u015bci i trafi\u0142a do Ksi\u0119gi Rekord\u00f3w Guinnessa.<\/p>\t\t\t\t\t\t\t\t<\/div>\n\t\t\t\t<\/div>\n\t\t\t\t<div class=\"elementor-element elementor-element-3b50fb2 elementor-align-center elementor-widget elementor-widget-button\" data-id=\"3b50fb2\" data-element_type=\"widget\" data-e-type=\"widget\" data-widget_type=\"button.default\">\n\t\t\t\t<div class=\"elementor-widget-container\">\n\t\t\t\t\t\t\t\t\t<div class=\"elementor-button-wrapper\">\n\t\t\t\t\t<a class=\"elementor-button elementor-button-link elementor-size-sm\" href=\"https:\/\/www.wzdluzdrogi.pl\/index.php\/2025\/12\/15\/nerja-co-zobaczyc-i-czy-warto-tam-jechac\/\">\n\t\t\t\t\t\t<span class=\"elementor-button-content-wrapper\">\n\t\t\t\t\t\t\t\t\t<span class=\"elementor-button-text\">Przeczytaj r\u00f3wnie\u017c: Nerja, co zobaczy\u0107 i czy warto tu przyjecha\u0107?<\/span>\n\t\t\t\t\t<\/span>\n\t\t\t\t\t<\/a>\n\t\t\t\t<\/div>\n\t\t\t\t\t\t\t\t<\/div>\n\t\t\t\t<\/div>\n\t\t\t\t<div class=\"elementor-element elementor-element-a07a4b9 elementor-widget elementor-widget-image\" data-id=\"a07a4b9\" data-element_type=\"widget\" data-e-type=\"widget\" data-widget_type=\"image.default\">\n\t\t\t\t<div class=\"elementor-widget-container\">\n\t\t\t\t\t\t\t\t\t\t\t\t\t\t\t<img decoding=\"async\" width=\"780\" height=\"520\" src=\"https:\/\/www.wzdluzdrogi.pl\/wp-content\/uploads\/2025\/12\/MG_3433.jpg\" class=\"attachment-large size-large wp-image-4980\" alt=\"nerja, miasto w andaluzji, co zoabczyc w nerja, co zobaczyc w andaluzji\" srcset=\"https:\/\/www.wzdluzdrogi.pl\/wp-content\/uploads\/2025\/12\/MG_3433.jpg 1000w, https:\/\/www.wzdluzdrogi.pl\/wp-content\/uploads\/2025\/12\/MG_3433-300x200.jpg 300w, https:\/\/www.wzdluzdrogi.pl\/wp-content\/uploads\/2025\/12\/MG_3433-768x512.jpg 768w\" sizes=\"(max-width: 780px) 100vw, 780px\" \/>\t\t\t\t\t\t\t\t\t\t\t\t\t\t\t<\/div>\n\t\t\t\t<\/div>\n\t\t\t\t<section class=\"elementor-section elementor-inner-section elementor-element elementor-element-e6e712d elementor-section-boxed elementor-section-height-default elementor-section-height-default\" data-id=\"e6e712d\" data-element_type=\"section\" data-e-type=\"section\">\n\t\t\t\t\t\t<div class=\"elementor-container elementor-column-gap-default\">\n\t\t\t\t\t<div class=\"elementor-column elementor-col-50 elementor-inner-column elementor-element elementor-element-0c66e8e\" data-id=\"0c66e8e\" data-element_type=\"column\" data-e-type=\"column\">\n\t\t\t<div class=\"elementor-widget-wrap elementor-element-populated\">\n\t\t\t\t\t\t<div class=\"elementor-element elementor-element-6afb3fb elementor-widget elementor-widget-image\" data-id=\"6afb3fb\" data-element_type=\"widget\" data-e-type=\"widget\" data-widget_type=\"image.default\">\n\t\t\t\t<div class=\"elementor-widget-container\">\n\t\t\t\t\t\t\t\t\t\t\t\t\t\t\t<img decoding=\"async\" width=\"667\" height=\"1000\" src=\"https:\/\/www.wzdluzdrogi.pl\/wp-content\/uploads\/2025\/12\/MG_3458.jpg\" class=\"attachment-large size-large wp-image-4979\" alt=\"\" srcset=\"https:\/\/www.wzdluzdrogi.pl\/wp-content\/uploads\/2025\/12\/MG_3458.jpg 667w, https:\/\/www.wzdluzdrogi.pl\/wp-content\/uploads\/2025\/12\/MG_3458-200x300.jpg 200w\" sizes=\"(max-width: 667px) 100vw, 667px\" \/>\t\t\t\t\t\t\t\t\t\t\t\t\t\t\t<\/div>\n\t\t\t\t<\/div>\n\t\t\t\t\t<\/div>\n\t\t<\/div>\n\t\t\t\t<div class=\"elementor-column elementor-col-50 elementor-inner-column elementor-element elementor-element-4eb11e8\" data-id=\"4eb11e8\" data-element_type=\"column\" data-e-type=\"column\">\n\t\t\t<div class=\"elementor-widget-wrap elementor-element-populated\">\n\t\t\t\t\t\t<div class=\"elementor-element elementor-element-69af88e elementor-widget elementor-widget-image\" data-id=\"69af88e\" data-element_type=\"widget\" data-e-type=\"widget\" data-widget_type=\"image.default\">\n\t\t\t\t<div class=\"elementor-widget-container\">\n\t\t\t\t\t\t\t\t\t\t\t\t\t\t\t<img loading=\"lazy\" decoding=\"async\" width=\"667\" height=\"1000\" src=\"https:\/\/www.wzdluzdrogi.pl\/wp-content\/uploads\/2025\/12\/MG_3370.jpg\" class=\"attachment-large size-large wp-image-4971\" alt=\"co zobaczyc w nerja, pla\u017ce andaluzji, andaluzja na wakacje\" srcset=\"https:\/\/www.wzdluzdrogi.pl\/wp-content\/uploads\/2025\/12\/MG_3370.jpg 667w, https:\/\/www.wzdluzdrogi.pl\/wp-content\/uploads\/2025\/12\/MG_3370-200x300.jpg 200w\" sizes=\"(max-width: 667px) 100vw, 667px\" \/>\t\t\t\t\t\t\t\t\t\t\t\t\t\t\t<\/div>\n\t\t\t\t<\/div>\n\t\t\t\t\t<\/div>\n\t\t<\/div>\n\t\t\t\t\t<\/div>\n\t\t<\/section>\n\t\t\t\t\t<\/div>\n\t\t<\/div>\n\t\t\t\t\t<\/div>\n\t\t<\/section>\n\t\t\t\t<section class=\"elementor-section elementor-top-section elementor-element elementor-element-24d55f4 elementor-section-boxed elementor-section-height-default elementor-section-height-default\" data-id=\"24d55f4\" data-element_type=\"section\" data-e-type=\"section\">\n\t\t\t\t\t\t<div class=\"elementor-container elementor-column-gap-default\">\n\t\t\t\t\t<div class=\"elementor-column elementor-col-100 elementor-top-column elementor-element elementor-element-4feda23\" data-id=\"4feda23\" data-element_type=\"column\" data-e-type=\"column\">\n\t\t\t<div class=\"elementor-widget-wrap elementor-element-populated\">\n\t\t\t\t\t\t<div class=\"elementor-element elementor-element-0e5f429 elementor-widget elementor-widget-html\" data-id=\"0e5f429\" data-element_type=\"widget\" data-e-type=\"widget\" data-widget_type=\"html.default\">\n\t\t\t\t<div class=\"elementor-widget-container\">\n\t\t\t\t\t<div data-gyg-href=\"https:\/\/widget.getyourguide.com\/default\/activities.frame\" data-gyg-locale-code=\"pl-PL\" data-gyg-widget=\"activities\" data-gyg-number-of-items=\"3\" data-gyg-partner-id=\"VBYGCXX\" data-gyg-q=\"nerja\"><span>Powered by <a target=\"_blank\" rel=\"sponsored\" href=\"https:\/\/www.getyourguide.com\/nerja-l90213\/\">GetYourGuide<\/a><\/span><\/div>\t\t\t\t<\/div>\n\t\t\t\t<\/div>\n\t\t\t\t\t<\/div>\n\t\t<\/div>\n\t\t\t\t\t<\/div>\n\t\t<\/section>\n\t\t\t\t<section class=\"elementor-section elementor-top-section elementor-element elementor-element-16cd2ff8 elementor-section-boxed elementor-section-height-default elementor-section-height-default\" data-id=\"16cd2ff8\" data-element_type=\"section\" data-e-type=\"section\">\n\t\t\t\t\t\t<div class=\"elementor-container elementor-column-gap-default\">\n\t\t\t\t\t<div class=\"elementor-column elementor-col-100 elementor-top-column elementor-element elementor-element-397f8df1\" data-id=\"397f8df1\" data-element_type=\"column\" data-e-type=\"column\">\n\t\t\t<div class=\"elementor-widget-wrap elementor-element-populated\">\n\t\t\t\t\t\t<div class=\"elementor-element elementor-element-22a43a9e elementor-widget elementor-widget-heading\" data-id=\"22a43a9e\" data-element_type=\"widget\" data-e-type=\"widget\" data-widget_type=\"heading.default\">\n\t\t\t\t<div class=\"elementor-widget-container\">\n\t\t\t\t\t<h2 class=\"elementor-heading-title elementor-size-default\"><span class=\"ez-toc-section\" id=\"Malaga\"><\/span>Malaga<span class=\"ez-toc-section-end\"><\/span><\/h2>\t\t\t\t<\/div>\n\t\t\t\t<\/div>\n\t\t\t\t<div class=\"elementor-element elementor-element-82dfff elementor-widget elementor-widget-text-editor\" data-id=\"82dfff\" data-element_type=\"widget\" data-e-type=\"widget\" data-widget_type=\"text-editor.default\">\n\t\t\t\t<div class=\"elementor-widget-container\">\n\t\t\t\t\t\t\t\t\t<p>Malaga to naprawd\u0119 fajne miejsce do \u017cycia. Fakt, ma na pewno wiele wad, ale je\u015bli cenisz dobr\u0105 pogod\u0119 i dobre jedzenie&#8230; i nie martwisz si\u0119 kosztami, to Malaga b\u0119dzie idealna do \u017cycia i do zwiedzania r\u00f3wnie\u017c. Nie jest specjalnie droga, je\u015bli chodzi o podr\u00f3\u017cowanie. Mo\u017cesz zje\u015b\u0107 kolacj\u0119 w eleganckiej restauracji z winem i widokiem na port, jak i znajdziesz tanie \u201estreet foody\u201d. Ale co najfajniejsze, to Malaga ma ponad 300 dni w roku s\u0142onecznych. To miasto, w kt\u00f3rym rano pijesz kaw\u0119 w s\u0142o\u0144cu w styczniu i jest ci nawet ciep\u0142o, a po po\u0142udniu mo\u017cesz spacerowa\u0107 pla\u017c\u0105 ju\u017c bez kurtki. Zach\u0119cony? Bo ja by\u0142am od samego pocz\u0105tku.<\/p><p class=\"font-claude-response-body break-words whitespace-normal\" dir=\"ltr\" data-sourcepos=\"21:1-21:533;2558-3090\">Jest pla\u017ca, jest kultura, jest historia \u2013 rzymski teatr pod murami Alcazaby, katedra z jedn\u0105 niedoko\u0144czon\u0105 wie\u017c\u0105, muzea (w ko\u0144cu to miasto Picassa). I jest ten klimat wieczornych spacer\u00f3w po star\u00f3wce, gwar na placach p\u00f3\u017anym wieczorem, ludzie, kt\u00f3rzy naprawd\u0119 sp\u0119dzaj\u0105 ze sob\u0105 czas.<\/p><p class=\"font-claude-response-body break-words whitespace-normal\" dir=\"ltr\" data-sourcepos=\"23:1-23:351;3092-3442\">A skoro ju\u017c przy katedrze \u2013 miejscowi nazywaj\u0105 j\u0105 La Manquita, czyli \u201ejednor\u0119ka\u201d, bo jedna z dw\u00f3ch planowanych wie\u017c nigdy nie powsta\u0142a. Lokalna legenda g\u0142osi, \u017ce fundusze na jej doko\u0144czenie pop\u0142yn\u0119\u0142y na wsparcie Amerykan\u00f3w walcz\u0105cych o niepodleg\u0142o\u015b\u0107. Czy to prawda? Nikt tego dzi\u015b nie potwierdzi, ale mieszka\u0144cy Malagi ch\u0119tnie t\u0119 histori\u0119 powtarzaj\u0105.<\/p><p>Fakt, czasem kto\u015b prawie przejedzie ci po pi\u0119tach, kiedy przechodzisz na pasach, ale nie zatr\u0105bi. Kultura jest. A jad\u0105c z Malagi do Nerja miniesz jakie\u015b sto fotoradar\u00f3w. Podobno jeden z nich robi \u015brednio 130 zdj\u0119\u0107 dziennie. W tym nasze, pami\u0105tkowe zdj\u0119cie z wakacji (p\u00f3ki co najdro\u017csza pami\u0105tk\u0105 jak\u0105 przywie\u017ali\u015bmy ostatnio z Hiszpanii, oliwa z oliwek to przy tym nic) Wi\u0119c tak \u2014 s\u0142o\u0144ce \u015bwieci, ludzie si\u0119 u\u015bmiechaj\u0105, ale radar nie wybacza. Ale to jest w\u0142a\u015bnie fajne, \u017ce jest chaotycznie, ale czu\u0107 w tym mie\u015bcie \u017cycie.<\/p>\t\t\t\t\t\t\t\t<\/div>\n\t\t\t\t<\/div>\n\t\t\t\t<div class=\"elementor-element elementor-element-6fa2429 elementor-align-center elementor-widget elementor-widget-button\" data-id=\"6fa2429\" data-element_type=\"widget\" data-e-type=\"widget\" data-widget_type=\"button.default\">\n\t\t\t\t<div class=\"elementor-widget-container\">\n\t\t\t\t\t\t\t\t\t<div class=\"elementor-button-wrapper\">\n\t\t\t\t\t<a class=\"elementor-button elementor-button-link elementor-size-sm\" href=\"https:\/\/www.wzdluzdrogi.pl\/index.php\/2026\/02\/18\/malaga-co-warto-zobaczyc\/\">\n\t\t\t\t\t\t<span class=\"elementor-button-content-wrapper\">\n\t\t\t\t\t\t\t\t\t<span class=\"elementor-button-text\">Przeczyta r\u00f3wnie\u017c: Co warto zobaczy\u0107 w Maladze?<\/span>\n\t\t\t\t\t<\/span>\n\t\t\t\t\t<\/a>\n\t\t\t\t<\/div>\n\t\t\t\t\t\t\t\t<\/div>\n\t\t\t\t<\/div>\n\t\t\t\t<div class=\"elementor-element elementor-element-fdef2b1 elementor-widget elementor-widget-image\" data-id=\"fdef2b1\" data-element_type=\"widget\" data-e-type=\"widget\" data-widget_type=\"image.default\">\n\t\t\t\t<div class=\"elementor-widget-container\">\n\t\t\t\t\t\t\t\t\t\t\t\t\t\t\t<img loading=\"lazy\" decoding=\"async\" width=\"780\" height=\"585\" src=\"https:\/\/www.wzdluzdrogi.pl\/wp-content\/uploads\/2026\/02\/hongbin-L8vytYrGgQk-unsplashw.jpg\" class=\"attachment-large size-large wp-image-5068\" alt=\"\" srcset=\"https:\/\/www.wzdluzdrogi.pl\/wp-content\/uploads\/2026\/02\/hongbin-L8vytYrGgQk-unsplashw.jpg 1000w, https:\/\/www.wzdluzdrogi.pl\/wp-content\/uploads\/2026\/02\/hongbin-L8vytYrGgQk-unsplashw-300x225.jpg 300w, https:\/\/www.wzdluzdrogi.pl\/wp-content\/uploads\/2026\/02\/hongbin-L8vytYrGgQk-unsplashw-768x576.jpg 768w\" sizes=\"(max-width: 780px) 100vw, 780px\" \/>\t\t\t\t\t\t\t\t\t\t\t\t\t\t\t<\/div>\n\t\t\t\t<\/div>\n\t\t\t\t<section class=\"elementor-section elementor-inner-section elementor-element elementor-element-587354b elementor-section-boxed elementor-section-height-default elementor-section-height-default\" data-id=\"587354b\" data-element_type=\"section\" data-e-type=\"section\">\n\t\t\t\t\t\t<div class=\"elementor-container elementor-column-gap-default\">\n\t\t\t\t\t<div class=\"elementor-column elementor-col-50 elementor-inner-column elementor-element elementor-element-dd7881d\" data-id=\"dd7881d\" data-element_type=\"column\" data-e-type=\"column\">\n\t\t\t<div class=\"elementor-widget-wrap elementor-element-populated\">\n\t\t\t\t\t\t<div class=\"elementor-element elementor-element-af2eb7c elementor-widget elementor-widget-image\" data-id=\"af2eb7c\" data-element_type=\"widget\" data-e-type=\"widget\" data-widget_type=\"image.default\">\n\t\t\t\t<div class=\"elementor-widget-container\">\n\t\t\t\t\t\t\t\t\t\t\t\t\t\t\t<img loading=\"lazy\" decoding=\"async\" width=\"667\" height=\"1000\" src=\"https:\/\/www.wzdluzdrogi.pl\/wp-content\/uploads\/2026\/02\/MG_2063.jpg\" class=\"attachment-large size-large wp-image-5056\" alt=\"calle Marques de larios, malaga, hiszpania\" srcset=\"https:\/\/www.wzdluzdrogi.pl\/wp-content\/uploads\/2026\/02\/MG_2063.jpg 667w, https:\/\/www.wzdluzdrogi.pl\/wp-content\/uploads\/2026\/02\/MG_2063-200x300.jpg 200w\" sizes=\"(max-width: 667px) 100vw, 667px\" \/>\t\t\t\t\t\t\t\t\t\t\t\t\t\t\t<\/div>\n\t\t\t\t<\/div>\n\t\t\t\t\t<\/div>\n\t\t<\/div>\n\t\t\t\t<div class=\"elementor-column elementor-col-50 elementor-inner-column elementor-element elementor-element-7df3968\" data-id=\"7df3968\" data-element_type=\"column\" data-e-type=\"column\">\n\t\t\t<div class=\"elementor-widget-wrap elementor-element-populated\">\n\t\t\t\t\t\t<div class=\"elementor-element elementor-element-b24b046 elementor-widget elementor-widget-image\" data-id=\"b24b046\" data-element_type=\"widget\" data-e-type=\"widget\" data-widget_type=\"image.default\">\n\t\t\t\t<div class=\"elementor-widget-container\">\n\t\t\t\t\t\t\t\t\t\t\t\t\t\t\t<img loading=\"lazy\" decoding=\"async\" width=\"667\" height=\"1000\" src=\"https:\/\/www.wzdluzdrogi.pl\/wp-content\/uploads\/2026\/02\/MG_3572.jpg\" class=\"attachment-large size-large wp-image-5039\" alt=\"malaga, widok z monte victoria\" srcset=\"https:\/\/www.wzdluzdrogi.pl\/wp-content\/uploads\/2026\/02\/MG_3572.jpg 667w, https:\/\/www.wzdluzdrogi.pl\/wp-content\/uploads\/2026\/02\/MG_3572-200x300.jpg 200w\" sizes=\"(max-width: 667px) 100vw, 667px\" \/>\t\t\t\t\t\t\t\t\t\t\t\t\t\t\t<\/div>\n\t\t\t\t<\/div>\n\t\t\t\t\t<\/div>\n\t\t<\/div>\n\t\t\t\t\t<\/div>\n\t\t<\/section>\n\t\t\t\t\t<\/div>\n\t\t<\/div>\n\t\t\t\t\t<\/div>\n\t\t<\/section>\n\t\t\t\t<section class=\"elementor-section elementor-top-section elementor-element elementor-element-764412d elementor-section-boxed elementor-section-height-default elementor-section-height-default\" data-id=\"764412d\" data-element_type=\"section\" data-e-type=\"section\">\n\t\t\t\t\t\t<div class=\"elementor-container elementor-column-gap-default\">\n\t\t\t\t\t<div class=\"elementor-column elementor-col-100 elementor-top-column elementor-element elementor-element-60d012a\" data-id=\"60d012a\" data-element_type=\"column\" data-e-type=\"column\">\n\t\t\t<div class=\"elementor-widget-wrap elementor-element-populated\">\n\t\t\t\t\t\t<div class=\"elementor-element elementor-element-f96b413 elementor-widget elementor-widget-html\" data-id=\"f96b413\" data-element_type=\"widget\" data-e-type=\"widget\" data-widget_type=\"html.default\">\n\t\t\t\t<div class=\"elementor-widget-container\">\n\t\t\t\t\t<div data-gyg-href=\"https:\/\/widget.getyourguide.com\/default\/activities.frame\" data-gyg-locale-code=\"pl-PL\" data-gyg-widget=\"activities\" data-gyg-number-of-items=\"3\" data-gyg-cmp=\"malaga\" data-gyg-partner-id=\"VBYGCXX\" data-gyg-tour-ids=\"583609,408665,931781\"><span>Powered by <a target=\"_blank\" rel=\"sponsored\" href=\"https:\/\/www.getyourguide.com\/malaga-l402\/\">GetYourGuide<\/a><\/span><\/div>\t\t\t\t<\/div>\n\t\t\t\t<\/div>\n\t\t\t\t\t<\/div>\n\t\t<\/div>\n\t\t\t\t\t<\/div>\n\t\t<\/section>\n\t\t\t\t<section class=\"elementor-section elementor-top-section elementor-element elementor-element-3088c165 elementor-section-boxed elementor-section-height-default elementor-section-height-default\" data-id=\"3088c165\" data-element_type=\"section\" data-e-type=\"section\">\n\t\t\t\t\t\t<div class=\"elementor-container elementor-column-gap-default\">\n\t\t\t\t\t<div class=\"elementor-column elementor-col-100 elementor-top-column elementor-element elementor-element-63ba770d\" data-id=\"63ba770d\" data-element_type=\"column\" data-e-type=\"column\">\n\t\t\t<div class=\"elementor-widget-wrap elementor-element-populated\">\n\t\t\t\t\t\t<div class=\"elementor-element elementor-element-1e85402e elementor-widget elementor-widget-heading\" data-id=\"1e85402e\" data-element_type=\"widget\" data-e-type=\"widget\" data-widget_type=\"heading.default\">\n\t\t\t\t<div class=\"elementor-widget-container\">\n\t\t\t\t\t<h2 class=\"elementor-heading-title elementor-size-default\"><span class=\"ez-toc-section\" id=\"Setenil_de_las_Bodegas\"><\/span>Setenil de las Bodegas <span class=\"ez-toc-section-end\"><\/span><\/h2>\t\t\t\t<\/div>\n\t\t\t\t<\/div>\n\t\t\t\t<div class=\"elementor-element elementor-element-68d86190 elementor-widget elementor-widget-text-editor\" data-id=\"68d86190\" data-element_type=\"widget\" data-e-type=\"widget\" data-widget_type=\"text-editor.default\">\n\t\t\t\t<div class=\"elementor-widget-container\">\n\t\t\t\t\t\t\t\t\t<p>Setenil de las Bodegas to niewielkie miasteczko w prowincji Kadyks, znane z tego, \u017ce jego domy dos\u0142ownie wbudowane s\u0105 w ska\u0142\u0119. Uznali\u015bmy, \u017ce to jedno z najbardziej surrealistycznych miejsc w ca\u0142ej Andaluzji. Idziesz ulic\u0105, a nad Twoj\u0105 g\u0142ow\u0105 jest kilkumetrowa ska\u0142a. W jednej chwili jeste\u015b w s\u0142o\u0144cu, w drugiej \u2013 w cieniu naturalnego kamiennego \u201edachu\u201d.<\/p><p>Najbardziej znane ulice to Calle Cuevas del Sol i Calle Cuevas de la Sombra. Jedna jasna, pe\u0142na \u015bwiat\u0142a, druga \u2013 schowana pod masywn\u0105 ska\u0142\u0105. To te\u017c lokalne bary z tapas, ma\u0142e sklepiki i spokojny, prowincjonalny rytm dnia. Mo\u017cna tu przyjecha\u0107 na kilka godzin w drodze mi\u0119dzy wi\u0119kszymi miastami. Albo zosta\u0107 d\u0142u\u017cej i zobaczy\u0107, jak to jest mieszka\u0107 pod ska\u0142\u0105. Domy tu s\u0105 ta\u0144sze, ni\u017c w Maladze, osobi\u015bcie sprawdza\u0142am ;).<\/p>\t\t\t\t\t\t\t\t<\/div>\n\t\t\t\t<\/div>\n\t\t\t\t<div class=\"elementor-element elementor-element-74e95c7 elementor-align-center elementor-widget elementor-widget-button\" data-id=\"74e95c7\" data-element_type=\"widget\" data-e-type=\"widget\" data-widget_type=\"button.default\">\n\t\t\t\t<div class=\"elementor-widget-container\">\n\t\t\t\t\t\t\t\t\t<div class=\"elementor-button-wrapper\">\n\t\t\t\t\t<a class=\"elementor-button elementor-button-link elementor-size-sm\" href=\"https:\/\/www.wzdluzdrogi.pl\/index.php\/2026\/02\/05\/setenil-de-las-bodegas-czy-warto-zobaczyc\/\">\n\t\t\t\t\t\t<span class=\"elementor-button-content-wrapper\">\n\t\t\t\t\t\t\t\t\t<span class=\"elementor-button-text\">Przeczytaj r\u00f3wnie\u017c: Setenil de las Bodegas<\/span>\n\t\t\t\t\t<\/span>\n\t\t\t\t\t<\/a>\n\t\t\t\t<\/div>\n\t\t\t\t\t\t\t\t<\/div>\n\t\t\t\t<\/div>\n\t\t\t\t<div class=\"elementor-element elementor-element-e87c05c elementor-widget elementor-widget-image\" data-id=\"e87c05c\" data-element_type=\"widget\" data-e-type=\"widget\" data-widget_type=\"image.default\">\n\t\t\t\t<div class=\"elementor-widget-container\">\n\t\t\t\t\t\t\t\t\t\t\t\t\t\t\t<img loading=\"lazy\" decoding=\"async\" width=\"780\" height=\"439\" src=\"https:\/\/www.wzdluzdrogi.pl\/wp-content\/uploads\/2026\/02\/MG_3220.jpg\" class=\"attachment-large size-large wp-image-5030\" alt=\"\" srcset=\"https:\/\/www.wzdluzdrogi.pl\/wp-content\/uploads\/2026\/02\/MG_3220.jpg 1000w, https:\/\/www.wzdluzdrogi.pl\/wp-content\/uploads\/2026\/02\/MG_3220-300x169.jpg 300w, https:\/\/www.wzdluzdrogi.pl\/wp-content\/uploads\/2026\/02\/MG_3220-768x432.jpg 768w\" sizes=\"(max-width: 780px) 100vw, 780px\" \/>\t\t\t\t\t\t\t\t\t\t\t\t\t\t\t<\/div>\n\t\t\t\t<\/div>\n\t\t\t\t<section class=\"elementor-section elementor-inner-section elementor-element elementor-element-78ec7dd elementor-section-boxed elementor-section-height-default elementor-section-height-default\" data-id=\"78ec7dd\" data-element_type=\"section\" data-e-type=\"section\">\n\t\t\t\t\t\t<div class=\"elementor-container elementor-column-gap-default\">\n\t\t\t\t\t<div class=\"elementor-column elementor-col-50 elementor-inner-column elementor-element elementor-element-86e3117\" data-id=\"86e3117\" data-element_type=\"column\" data-e-type=\"column\">\n\t\t\t<div class=\"elementor-widget-wrap elementor-element-populated\">\n\t\t\t\t\t\t<div class=\"elementor-element elementor-element-7a1a460 elementor-widget elementor-widget-image\" data-id=\"7a1a460\" data-element_type=\"widget\" data-e-type=\"widget\" data-widget_type=\"image.default\">\n\t\t\t\t<div class=\"elementor-widget-container\">\n\t\t\t\t\t\t\t\t\t\t\t\t\t\t\t<img loading=\"lazy\" decoding=\"async\" width=\"667\" height=\"1000\" src=\"https:\/\/www.wzdluzdrogi.pl\/wp-content\/uploads\/2026\/02\/MG_3249.jpg\" class=\"attachment-large size-large wp-image-5021\" alt=\"Setenil de las Bodegas, czy warto zobaczy\u0107. Andaluzja Hiszpania\" srcset=\"https:\/\/www.wzdluzdrogi.pl\/wp-content\/uploads\/2026\/02\/MG_3249.jpg 667w, https:\/\/www.wzdluzdrogi.pl\/wp-content\/uploads\/2026\/02\/MG_3249-200x300.jpg 200w\" sizes=\"(max-width: 667px) 100vw, 667px\" \/>\t\t\t\t\t\t\t\t\t\t\t\t\t\t\t<\/div>\n\t\t\t\t<\/div>\n\t\t\t\t\t<\/div>\n\t\t<\/div>\n\t\t\t\t<div class=\"elementor-column elementor-col-50 elementor-inner-column elementor-element elementor-element-edd96aa\" data-id=\"edd96aa\" data-element_type=\"column\" data-e-type=\"column\">\n\t\t\t<div class=\"elementor-widget-wrap elementor-element-populated\">\n\t\t\t\t\t\t<div class=\"elementor-element elementor-element-9aaf152 elementor-widget elementor-widget-image\" data-id=\"9aaf152\" data-element_type=\"widget\" data-e-type=\"widget\" data-widget_type=\"image.default\">\n\t\t\t\t<div class=\"elementor-widget-container\">\n\t\t\t\t\t\t\t\t\t\t\t\t\t\t\t<img loading=\"lazy\" decoding=\"async\" width=\"667\" height=\"1000\" src=\"https:\/\/www.wzdluzdrogi.pl\/wp-content\/uploads\/2026\/02\/MG_3197.jpg\" class=\"attachment-large size-large wp-image-5022\" alt=\"Setenil de las Bodegas, czy warto zobaczy\u0107. Andaluzja Hiszpania\" srcset=\"https:\/\/www.wzdluzdrogi.pl\/wp-content\/uploads\/2026\/02\/MG_3197.jpg 667w, https:\/\/www.wzdluzdrogi.pl\/wp-content\/uploads\/2026\/02\/MG_3197-200x300.jpg 200w\" sizes=\"(max-width: 667px) 100vw, 667px\" \/>\t\t\t\t\t\t\t\t\t\t\t\t\t\t\t<\/div>\n\t\t\t\t<\/div>\n\t\t\t\t\t<\/div>\n\t\t<\/div>\n\t\t\t\t\t<\/div>\n\t\t<\/section>\n\t\t\t\t\t<\/div>\n\t\t<\/div>\n\t\t\t\t\t<\/div>\n\t\t<\/section>\n\t\t\t\t<section class=\"elementor-section elementor-top-section elementor-element elementor-element-156b5e7 elementor-section-boxed elementor-section-height-default elementor-section-height-default\" data-id=\"156b5e7\" data-element_type=\"section\" data-e-type=\"section\" data-settings=\"{&quot;background_background&quot;:&quot;classic&quot;}\">\n\t\t\t\t\t\t<div class=\"elementor-container elementor-column-gap-default\">\n\t\t\t\t\t<div class=\"elementor-column elementor-col-100 elementor-top-column elementor-element elementor-element-24e41ec\" data-id=\"24e41ec\" data-element_type=\"column\" data-e-type=\"column\">\n\t\t\t<div class=\"elementor-widget-wrap elementor-element-populated\">\n\t\t\t\t\t\t<div class=\"elementor-element elementor-element-e3a6682 elementor-widget elementor-widget-text-editor\" data-id=\"e3a6682\" data-element_type=\"widget\" data-e-type=\"widget\" data-widget_type=\"text-editor.default\">\n\t\t\t\t<div class=\"elementor-widget-container\">\n\t\t\t\t\t\t\t\t\t<p>Je\u015bli planujesz zobaczy\u0107 wi\u0119cej ni\u017c jedno z tych miejsc, szybko zauwa\u017cysz, \u017ce wiele najciekawszych zak\u0105tk\u00f3w Andaluzji znajduje si\u0119 poza g\u0142\u00f3wnymi trasami poci\u0105g\u00f3w i autobus\u00f3w. W naszym przypadku samoch\u00f3d dawa\u0142 najwi\u0119ksz\u0105 swobod\u0119, dlatego przygotowali\u015bmy te\u017c osobny przewodnik o tym<a href=\"https:\/\/www.wzdluzdrogi.pl\/index.php\/2026\/08\/17\/andaluzja-autem-jak-zwiedzac-ja-samochodem-praktyczny-przewodnik-costa-del-sol-autem\/\">, <strong data-start=\"787\" data-end=\"824\">jak zwiedza\u0107 Andaluzj\u0119 samochodem<\/strong>.<\/a><\/p>\t\t\t\t\t\t\t\t<\/div>\n\t\t\t\t<\/div>\n\t\t\t\t\t<\/div>\n\t\t<\/div>\n\t\t\t\t\t<\/div>\n\t\t<\/section>\n\t\t\t\t<section class=\"elementor-section elementor-top-section elementor-element elementor-element-51d0eb82 elementor-section-boxed elementor-section-height-default elementor-section-height-default\" data-id=\"51d0eb82\" data-element_type=\"section\" data-e-type=\"section\">\n\t\t\t\t\t\t<div class=\"elementor-container elementor-column-gap-default\">\n\t\t\t\t\t<div class=\"elementor-column elementor-col-100 elementor-top-column elementor-element elementor-element-3897cf6\" data-id=\"3897cf6\" data-element_type=\"column\" data-e-type=\"column\">\n\t\t\t<div class=\"elementor-widget-wrap elementor-element-populated\">\n\t\t\t\t\t\t<div class=\"elementor-element elementor-element-207c8ec3 elementor-widget elementor-widget-heading\" data-id=\"207c8ec3\" data-element_type=\"widget\" data-e-type=\"widget\" data-widget_type=\"heading.default\">\n\t\t\t\t<div class=\"elementor-widget-container\">\n\t\t\t\t\t<h2 class=\"elementor-heading-title elementor-size-default\"><span class=\"ez-toc-section\" id=\"Antequera\"><\/span>Antequera <span class=\"ez-toc-section-end\"><\/span><\/h2>\t\t\t\t<\/div>\n\t\t\t\t<\/div>\n\t\t\t\t<div class=\"elementor-element elementor-element-5dd77ace elementor-widget elementor-widget-text-editor\" data-id=\"5dd77ace\" data-element_type=\"widget\" data-e-type=\"widget\" data-widget_type=\"text-editor.default\">\n\t\t\t\t<div class=\"elementor-widget-container\">\n\t\t\t\t\t\t\t\t\t<p data-start=\"1953\" data-end=\"2207\">S\u0105 w Andaluzji miejsca, kt\u00f3re maj\u0105 wszystko \u2013 histori\u0119, widoki, zabytki \u2013 a mimo to nie s\u0105 oblegane jak najwi\u0119ksze miasta. I w\u0142a\u015bnie taka jest Antequera.Le\u017cy troch\u0119 na uboczu g\u0142\u00f3wnych turystycznych tras, mi\u0119dzy Malag\u0105 a Kordob\u0105. I mo\u017ce w\u0142a\u015bnie dlatego ma w sobie autentyczno\u015b\u0107. Uznali\u015bmy, \u017ce to jedno z najbardziej niedocenianych miejsc w regionie.<\/p><p data-start=\"1953\" data-end=\"2207\"><br \/>Nad miastem g\u00f3ruje Alcazaba , maureta\u0144ska twierdza, z kt\u00f3rej rozci\u0105ga si\u0119 widok na ca\u0142e miasteczko i okoliczne wzg\u00f3rza. A poni\u017cej? Labirynt w\u0105skich uliczek, bia\u0142e domy i ko\u015bcio\u0142y, kt\u00f3rych jest tu zaskakuj\u0105co du\u017co jak na jedno miasto. Ale to nie wszystko. Kilka kilometr\u00f3w od centrum znajduje si\u0119 jedno z najbardziej niezwyk\u0142ych miejsc w Andaluzji, dolmeny z Antequery, wpisane na list\u0119 UNESCO. To prehistoryczne grobowce sprzed ponad 5 tysi\u0119cy lat.<\/p>\t\t\t\t\t\t\t\t<\/div>\n\t\t\t\t<\/div>\n\t\t\t\t<div class=\"elementor-element elementor-element-68e069a elementor-align-center elementor-widget elementor-widget-button\" data-id=\"68e069a\" data-element_type=\"widget\" data-e-type=\"widget\" data-widget_type=\"button.default\">\n\t\t\t\t<div class=\"elementor-widget-container\">\n\t\t\t\t\t\t\t\t\t<div class=\"elementor-button-wrapper\">\n\t\t\t\t\t<a class=\"elementor-button elementor-button-link elementor-size-sm\" href=\"https:\/\/www.wzdluzdrogi.pl\/index.php\/2026\/06\/16\/antequera-idealny-przystanek-miedzy-malaga-a-kordoba\/\">\n\t\t\t\t\t\t<span class=\"elementor-button-content-wrapper\">\n\t\t\t\t\t\t\t\t\t<span class=\"elementor-button-text\">Przeczytaj r\u00f3wnie\u017c: Antequera. Co warto zobaczy\u0107?<\/span>\n\t\t\t\t\t<\/span>\n\t\t\t\t\t<\/a>\n\t\t\t\t<\/div>\n\t\t\t\t\t\t\t\t<\/div>\n\t\t\t\t<\/div>\n\t\t\t\t<div class=\"elementor-element elementor-element-7c155cd elementor-widget elementor-widget-image\" data-id=\"7c155cd\" data-element_type=\"widget\" data-e-type=\"widget\" data-widget_type=\"image.default\">\n\t\t\t\t<div class=\"elementor-widget-container\">\n\t\t\t\t\t\t\t\t\t\t\t\t\t\t\t<img loading=\"lazy\" decoding=\"async\" width=\"780\" height=\"520\" src=\"https:\/\/www.wzdluzdrogi.pl\/wp-content\/uploads\/2026\/03\/MG_2917.jpg\" class=\"attachment-large size-large wp-image-5084\" alt=\"Antequera, hiszpania andaluzjaa\" srcset=\"https:\/\/www.wzdluzdrogi.pl\/wp-content\/uploads\/2026\/03\/MG_2917.jpg 1000w, https:\/\/www.wzdluzdrogi.pl\/wp-content\/uploads\/2026\/03\/MG_2917-300x200.jpg 300w, https:\/\/www.wzdluzdrogi.pl\/wp-content\/uploads\/2026\/03\/MG_2917-768x512.jpg 768w\" sizes=\"(max-width: 780px) 100vw, 780px\" \/>\t\t\t\t\t\t\t\t\t\t\t\t\t\t\t<\/div>\n\t\t\t\t<\/div>\n\t\t\t\t<section class=\"elementor-section elementor-inner-section elementor-element elementor-element-9f521cd elementor-section-boxed elementor-section-height-default elementor-section-height-default\" data-id=\"9f521cd\" data-element_type=\"section\" data-e-type=\"section\">\n\t\t\t\t\t\t<div class=\"elementor-container elementor-column-gap-default\">\n\t\t\t\t\t<div class=\"elementor-column elementor-col-50 elementor-inner-column elementor-element elementor-element-9cf6cb2\" data-id=\"9cf6cb2\" data-element_type=\"column\" data-e-type=\"column\">\n\t\t\t<div class=\"elementor-widget-wrap elementor-element-populated\">\n\t\t\t\t\t\t<div class=\"elementor-element elementor-element-2eae7d8 elementor-widget elementor-widget-image\" data-id=\"2eae7d8\" data-element_type=\"widget\" data-e-type=\"widget\" data-widget_type=\"image.default\">\n\t\t\t\t<div class=\"elementor-widget-container\">\n\t\t\t\t\t\t\t\t\t\t\t\t\t\t\t<img loading=\"lazy\" decoding=\"async\" width=\"667\" height=\"1000\" src=\"https:\/\/www.wzdluzdrogi.pl\/wp-content\/uploads\/2026\/03\/MG_2919.jpg\" class=\"attachment-large size-large wp-image-5085\" alt=\"Antequera, hiszpania andaluzjaa\" srcset=\"https:\/\/www.wzdluzdrogi.pl\/wp-content\/uploads\/2026\/03\/MG_2919.jpg 667w, https:\/\/www.wzdluzdrogi.pl\/wp-content\/uploads\/2026\/03\/MG_2919-200x300.jpg 200w\" sizes=\"(max-width: 667px) 100vw, 667px\" \/>\t\t\t\t\t\t\t\t\t\t\t\t\t\t\t<\/div>\n\t\t\t\t<\/div>\n\t\t\t\t\t<\/div>\n\t\t<\/div>\n\t\t\t\t<div class=\"elementor-column elementor-col-50 elementor-inner-column elementor-element elementor-element-cf15206\" data-id=\"cf15206\" data-element_type=\"column\" data-e-type=\"column\">\n\t\t\t<div class=\"elementor-widget-wrap elementor-element-populated\">\n\t\t\t\t\t\t<div class=\"elementor-element elementor-element-ab0d1c3 elementor-widget elementor-widget-image\" data-id=\"ab0d1c3\" data-element_type=\"widget\" data-e-type=\"widget\" data-widget_type=\"image.default\">\n\t\t\t\t<div class=\"elementor-widget-container\">\n\t\t\t\t\t\t\t\t\t\t\t\t\t\t\t<img loading=\"lazy\" decoding=\"async\" width=\"667\" height=\"1000\" src=\"https:\/\/www.wzdluzdrogi.pl\/wp-content\/uploads\/2026\/03\/MG_2929.jpg\" class=\"attachment-large size-large wp-image-5086\" alt=\"Antequera, hiszpania andaluzja\" srcset=\"https:\/\/www.wzdluzdrogi.pl\/wp-content\/uploads\/2026\/03\/MG_2929.jpg 667w, https:\/\/www.wzdluzdrogi.pl\/wp-content\/uploads\/2026\/03\/MG_2929-200x300.jpg 200w\" sizes=\"(max-width: 667px) 100vw, 667px\" \/>\t\t\t\t\t\t\t\t\t\t\t\t\t\t\t<\/div>\n\t\t\t\t<\/div>\n\t\t\t\t\t<\/div>\n\t\t<\/div>\n\t\t\t\t\t<\/div>\n\t\t<\/section>\n\t\t\t\t\t<\/div>\n\t\t<\/div>\n\t\t\t\t\t<\/div>\n\t\t<\/section>\n\t\t\t\t<section class=\"elementor-section elementor-top-section elementor-element elementor-element-1818c764 elementor-section-boxed elementor-section-height-default elementor-section-height-default\" data-id=\"1818c764\" data-element_type=\"section\" data-e-type=\"section\">\n\t\t\t\t\t\t<div class=\"elementor-container elementor-column-gap-default\">\n\t\t\t\t\t<div class=\"elementor-column elementor-col-100 elementor-top-column elementor-element elementor-element-49f40813\" data-id=\"49f40813\" data-element_type=\"column\" data-e-type=\"column\">\n\t\t\t<div class=\"elementor-widget-wrap elementor-element-populated\">\n\t\t\t\t\t\t<div class=\"elementor-element elementor-element-7efda637 elementor-widget elementor-widget-heading\" data-id=\"7efda637\" data-element_type=\"widget\" data-e-type=\"widget\" data-widget_type=\"heading.default\">\n\t\t\t\t<div class=\"elementor-widget-container\">\n\t\t\t\t\t<h2 class=\"elementor-heading-title elementor-size-default\"><span class=\"ez-toc-section\" id=\"Caminito_del_Rey\"><\/span>Caminito del Rey <span class=\"ez-toc-section-end\"><\/span><\/h2>\t\t\t\t<\/div>\n\t\t\t\t<\/div>\n\t\t\t\t<div class=\"elementor-element elementor-element-2530d897 elementor-widget elementor-widget-text-editor\" data-id=\"2530d897\" data-element_type=\"widget\" data-e-type=\"widget\" data-widget_type=\"text-editor.default\">\n\t\t\t\t<div class=\"elementor-widget-container\">\n\t\t\t\t\t\t\t\t\t<p data-start=\"1953\" data-end=\"2207\">A teraz co\u015b zupe\u0142nie innego.<br \/>Je\u015bli kojarzysz zdj\u0119cia drewnianej k\u0142adki przyklejonej do pionowej \u015bciany skalnej nad przepa\u015bci\u0105 \u2013 to w\u0142a\u015bnie Caminito del Rey.<\/p><p data-start=\"1953\" data-end=\"2207\">Ta trasa przez lata uchodzi\u0142a za jedn\u0105 z najniebezpieczniejszych na \u015bwiecie. Powsta\u0142a na pocz\u0105tku XX wieku jako droga techniczna przy elektrowni wodnej. Z czasem popad\u0142a w ruin\u0119 i by\u0142a zamkni\u0119ta, a\u017c w 2015 roku zosta\u0142a odrestaurowana i ponownie otwarta \u2013 ju\u017c w bezpiecznej wersji.<\/p><p data-start=\"1953\" data-end=\"2207\">Dzi\u015b przej\u015bcie ma oko\u0142o 7 kilometr\u00f3w i prowadzi przez w\u0105w\u00f3z El Chorro. Drewniane pomosty zawieszone s\u0105 kilkadziesi\u0105t metr\u00f3w nad ziemi\u0105, a pod Tob\u0105 p\u0142ynie rzeka i wida\u0107 pionowe \u015bciany kanionu. Uznali\u015bmy, \u017ce to jedno z tych do\u015bwiadcze\u0144, kt\u00f3re pami\u0119ta si\u0119 latami i ch\u0119tnie si\u0119 powtarza. No i najpewniej przy najbli\u017cszej okazji powt\u00f3rzymy ten spacer, tym bardziej, \u017ce w tym roku otwarli nowy most i trasa jest przed\u0142u\u017cona. \ud83d\ude42<\/p>\t\t\t\t\t\t\t\t<\/div>\n\t\t\t\t<\/div>\n\t\t\t\t<div class=\"elementor-element elementor-element-8da114e elementor-align-center elementor-widget elementor-widget-button\" data-id=\"8da114e\" data-element_type=\"widget\" data-e-type=\"widget\" data-widget_type=\"button.default\">\n\t\t\t\t<div class=\"elementor-widget-container\">\n\t\t\t\t\t\t\t\t\t<div class=\"elementor-button-wrapper\">\n\t\t\t\t\t<a class=\"elementor-button elementor-button-link elementor-size-sm\" href=\"https:\/\/www.wzdluzdrogi.pl\/index.php\/2026\/03\/06\/caminito-del-rey-czy-warto-i-jak-ogarnac-zwiedzanie\/\">\n\t\t\t\t\t\t<span class=\"elementor-button-content-wrapper\">\n\t\t\t\t\t\t\t\t\t<span class=\"elementor-button-text\">Przeczytaj r\u00f3wnie\u017c: Caminito del Rey. Czy warto?<\/span>\n\t\t\t\t\t<\/span>\n\t\t\t\t\t<\/a>\n\t\t\t\t<\/div>\n\t\t\t\t\t\t\t\t<\/div>\n\t\t\t\t<\/div>\n\t\t\t\t<div class=\"elementor-element elementor-element-ebd5f59 elementor-widget elementor-widget-image\" data-id=\"ebd5f59\" data-element_type=\"widget\" data-e-type=\"widget\" data-widget_type=\"image.default\">\n\t\t\t\t<div class=\"elementor-widget-container\">\n\t\t\t\t\t\t\t\t\t\t\t\t\t\t\t<img loading=\"lazy\" decoding=\"async\" width=\"780\" height=\"520\" src=\"https:\/\/www.wzdluzdrogi.pl\/wp-content\/uploads\/2026\/02\/MG_3134.jpg\" class=\"attachment-large size-large wp-image-5067\" alt=\"caminito del ray\" srcset=\"https:\/\/www.wzdluzdrogi.pl\/wp-content\/uploads\/2026\/02\/MG_3134.jpg 1000w, https:\/\/www.wzdluzdrogi.pl\/wp-content\/uploads\/2026\/02\/MG_3134-300x200.jpg 300w, https:\/\/www.wzdluzdrogi.pl\/wp-content\/uploads\/2026\/02\/MG_3134-768x512.jpg 768w\" sizes=\"(max-width: 780px) 100vw, 780px\" \/>\t\t\t\t\t\t\t\t\t\t\t\t\t\t\t<\/div>\n\t\t\t\t<\/div>\n\t\t\t\t<section class=\"elementor-section elementor-inner-section elementor-element elementor-element-07b46f4 elementor-section-boxed elementor-section-height-default elementor-section-height-default\" data-id=\"07b46f4\" data-element_type=\"section\" data-e-type=\"section\">\n\t\t\t\t\t\t<div class=\"elementor-container elementor-column-gap-default\">\n\t\t\t\t\t<div class=\"elementor-column elementor-col-50 elementor-inner-column elementor-element elementor-element-0e202ae\" data-id=\"0e202ae\" data-element_type=\"column\" data-e-type=\"column\">\n\t\t\t<div class=\"elementor-widget-wrap elementor-element-populated\">\n\t\t\t\t\t\t<div class=\"elementor-element elementor-element-8ef2cde elementor-widget elementor-widget-image\" data-id=\"8ef2cde\" data-element_type=\"widget\" data-e-type=\"widget\" data-widget_type=\"image.default\">\n\t\t\t\t<div class=\"elementor-widget-container\">\n\t\t\t\t\t\t\t\t\t\t\t\t\t\t\t<img loading=\"lazy\" decoding=\"async\" width=\"667\" height=\"1000\" src=\"https:\/\/www.wzdluzdrogi.pl\/wp-content\/uploads\/2026\/03\/MG_2979.jpg\" class=\"attachment-large size-large wp-image-5159\" alt=\"zwiedzanie caminito del rey, czy warto\" srcset=\"https:\/\/www.wzdluzdrogi.pl\/wp-content\/uploads\/2026\/03\/MG_2979.jpg 667w, https:\/\/www.wzdluzdrogi.pl\/wp-content\/uploads\/2026\/03\/MG_2979-200x300.jpg 200w\" sizes=\"(max-width: 667px) 100vw, 667px\" \/>\t\t\t\t\t\t\t\t\t\t\t\t\t\t\t<\/div>\n\t\t\t\t<\/div>\n\t\t\t\t\t<\/div>\n\t\t<\/div>\n\t\t\t\t<div class=\"elementor-column elementor-col-50 elementor-inner-column elementor-element elementor-element-38dee6a\" data-id=\"38dee6a\" data-element_type=\"column\" data-e-type=\"column\">\n\t\t\t<div class=\"elementor-widget-wrap elementor-element-populated\">\n\t\t\t\t\t\t<div class=\"elementor-element elementor-element-3bb4486 elementor-widget elementor-widget-image\" data-id=\"3bb4486\" data-element_type=\"widget\" data-e-type=\"widget\" data-widget_type=\"image.default\">\n\t\t\t\t<div class=\"elementor-widget-container\">\n\t\t\t\t\t\t\t\t\t\t\t\t\t\t\t<img loading=\"lazy\" decoding=\"async\" width=\"667\" height=\"1000\" src=\"https:\/\/www.wzdluzdrogi.pl\/wp-content\/uploads\/2026\/03\/MG_3021.jpg\" class=\"attachment-large size-large wp-image-5156\" alt=\"zwiedzanie caminito del rey, czy warto\" srcset=\"https:\/\/www.wzdluzdrogi.pl\/wp-content\/uploads\/2026\/03\/MG_3021.jpg 667w, https:\/\/www.wzdluzdrogi.pl\/wp-content\/uploads\/2026\/03\/MG_3021-200x300.jpg 200w\" sizes=\"(max-width: 667px) 100vw, 667px\" \/>\t\t\t\t\t\t\t\t\t\t\t\t\t\t\t<\/div>\n\t\t\t\t<\/div>\n\t\t\t\t\t<\/div>\n\t\t<\/div>\n\t\t\t\t\t<\/div>\n\t\t<\/section>\n\t\t\t\t\t<\/div>\n\t\t<\/div>\n\t\t\t\t\t<\/div>\n\t\t<\/section>\n\t\t\t\t<section class=\"elementor-section elementor-top-section elementor-element elementor-element-5f23578 elementor-section-boxed elementor-section-height-default elementor-section-height-default\" data-id=\"5f23578\" data-element_type=\"section\" data-e-type=\"section\">\n\t\t\t\t\t\t<div class=\"elementor-container elementor-column-gap-default\">\n\t\t\t\t\t<div class=\"elementor-column elementor-col-100 elementor-top-column elementor-element elementor-element-b158247\" data-id=\"b158247\" data-element_type=\"column\" data-e-type=\"column\">\n\t\t\t<div class=\"elementor-widget-wrap elementor-element-populated\">\n\t\t\t\t\t\t<div class=\"elementor-element elementor-element-0600685 elementor-widget elementor-widget-heading\" data-id=\"0600685\" data-element_type=\"widget\" data-e-type=\"widget\" data-widget_type=\"heading.default\">\n\t\t\t\t<div class=\"elementor-widget-container\">\n\t\t\t\t\t<h2 class=\"elementor-heading-title elementor-size-default\"><span class=\"ez-toc-section\" id=\"Sewilla\"><\/span>Sewilla<span class=\"ez-toc-section-end\"><\/span><\/h2>\t\t\t\t<\/div>\n\t\t\t\t<\/div>\n\t\t\t\t<div class=\"elementor-element elementor-element-597489f elementor-widget elementor-widget-text-editor\" data-id=\"597489f\" data-element_type=\"widget\" data-e-type=\"widget\" data-widget_type=\"text-editor.default\">\n\t\t\t\t<div class=\"elementor-widget-container\">\n\t\t\t\t\t\t\t\t\t<p class=\"font-claude-response-body break-words whitespace-normal\" dir=\"ltr\" data-sourcepos=\"35:1-35:357;4795-5151\">Sewilla to stolica Andaluzji i miasto, kt\u00f3re od razu robi wra\u017cenie \u2013 gor\u0105cym powietrzem, zapachem pomara\u0144czy na ulicach i gwarem, kt\u00f3ry s\u0142ycha\u0107 z daleka. To tutaj wszystko, co kojarzy si\u0119 z Andaluzj\u0105, wyst\u0119puje w wersji najbardziej skoncentrowanej: flamenco, tapas, place, na kt\u00f3rych ludzie potrafi\u0105 przesiedzie\u0107 do p\u00f3\u017ana w nocy.<\/p><p class=\"font-claude-response-body break-words whitespace-normal\" dir=\"ltr\" data-sourcepos=\"37:1-37:622;5153-5774\">Sercem miasta jest katedra, najwi\u0119ksza gotycka \u015bwi\u0105tynia \u015bwiata, w kt\u00f3rej spoczywa gr\u00f3b Krzysztofa Kolumba. Obok niej wznosi si\u0119 La Giralda, dawny minaret meczetu, przerobiony p\u00f3\u017aniej na dzwonnic\u0119. Zamiast schod\u00f3w na szczyt prowadzi \u0142agodna rampa \u2013 dawniej muezin wje\u017cd\u017ca\u0142 ni\u0105 konno, dzi\u015b tury\u015bci po prostu id\u0105 pieszo, ale widok na dachy miasta i tak wynagradza wysi\u0142ek. Kawa\u0142ek dalej stoi Alkazar, czyli pa\u0142ac, kt\u00f3ry zaczyna\u0142 jako twierdza Maur\u00f3w, a dzi\u015b jest jednym z najpi\u0119kniejszych przyk\u0142ad\u00f3w stylu mud\u00e9jar w Hiszpanii (je\u015bli ogl\u0105da\u0142e\u015b\/a\u015b \u201eGr\u0119 o Tron&#8221;, ten kompleks mo\u017ce wyda\u0107 Ci si\u0119 znajomy, bo kr\u0119cono tu sceny z Dorne).<\/p><p class=\"font-claude-response-body break-words whitespace-normal\" dir=\"ltr\" data-sourcepos=\"39:1-39:424;5776-6199\">Je\u015bli masz chwil\u0119 wi\u0119cej, id\u017a jeszcze do Plaza de Espa\u00f1a, ogromnego, \u0142ukowato wygi\u0119tego placu zbudowanego na wystaw\u0119 \u015bwiatow\u0105 w 1929 roku. Wygl\u0105da troch\u0119 jak plan filmowy, no i w sumie nim by\u0142 dla firmu Lawrence z Arabii. I jedna rzecz, o kt\u00f3rej warto pami\u0119ta\u0107: latem w Sewilli bywa naprawd\u0119 gor\u0105co, temperatury regularnie przekraczaj\u0105 40 stopni, wi\u0119c zwiedzanie lepiej zaplanowa\u0107 na poranek i wiecz\u00f3r, a \u015brodek dnia zostawi\u0107 na sjest\u0119.<\/p>\t\t\t\t\t\t\t\t<\/div>\n\t\t\t\t<\/div>\n\t\t\t\t<div class=\"elementor-element elementor-element-4fbc485 elementor-align-center elementor-widget elementor-widget-button\" data-id=\"4fbc485\" data-element_type=\"widget\" data-e-type=\"widget\" data-widget_type=\"button.default\">\n\t\t\t\t<div class=\"elementor-widget-container\">\n\t\t\t\t\t\t\t\t\t<div class=\"elementor-button-wrapper\">\n\t\t\t\t\t<a class=\"elementor-button elementor-button-link elementor-size-sm\" href=\"https:\/\/www.wzdluzdrogi.pl\/index.php\/2026\/04\/23\/3-dni-w-sewilli-plan-zwiedzania-na-weekend-w-sewilli\/\">\n\t\t\t\t\t\t<span class=\"elementor-button-content-wrapper\">\n\t\t\t\t\t\t\t\t\t<span class=\"elementor-button-text\">Przeczytaj r\u00f3wnie\u017c: Sewilla. Plan zwiedzania na weekend<\/span>\n\t\t\t\t\t<\/span>\n\t\t\t\t\t<\/a>\n\t\t\t\t<\/div>\n\t\t\t\t\t\t\t\t<\/div>\n\t\t\t\t<\/div>\n\t\t\t\t<div class=\"elementor-element elementor-element-4accbe9 elementor-widget elementor-widget-image\" data-id=\"4accbe9\" data-element_type=\"widget\" data-e-type=\"widget\" data-widget_type=\"image.default\">\n\t\t\t\t<div class=\"elementor-widget-container\">\n\t\t\t\t\t\t\t\t\t\t\t\t\t\t\t<img loading=\"lazy\" decoding=\"async\" width=\"780\" height=\"520\" src=\"https:\/\/www.wzdluzdrogi.pl\/wp-content\/uploads\/2025\/12\/MG_2501.jpg\" class=\"attachment-large size-large wp-image-4949\" alt=\"plac hiszpa\u0144ski, sewilla, seville, what to see in seville, hiszpania, andaluzja\" srcset=\"https:\/\/www.wzdluzdrogi.pl\/wp-content\/uploads\/2025\/12\/MG_2501.jpg 1000w, https:\/\/www.wzdluzdrogi.pl\/wp-content\/uploads\/2025\/12\/MG_2501-300x200.jpg 300w, https:\/\/www.wzdluzdrogi.pl\/wp-content\/uploads\/2025\/12\/MG_2501-768x512.jpg 768w\" sizes=\"(max-width: 780px) 100vw, 780px\" \/>\t\t\t\t\t\t\t\t\t\t\t\t\t\t\t<\/div>\n\t\t\t\t<\/div>\n\t\t\t\t<section class=\"elementor-section elementor-inner-section elementor-element elementor-element-81e10b4 elementor-section-boxed elementor-section-height-default elementor-section-height-default\" data-id=\"81e10b4\" data-element_type=\"section\" data-e-type=\"section\">\n\t\t\t\t\t\t<div class=\"elementor-container elementor-column-gap-default\">\n\t\t\t\t\t<div class=\"elementor-column elementor-col-50 elementor-inner-column elementor-element elementor-element-e2d141f\" data-id=\"e2d141f\" data-element_type=\"column\" data-e-type=\"column\">\n\t\t\t<div class=\"elementor-widget-wrap elementor-element-populated\">\n\t\t\t\t\t\t<div class=\"elementor-element elementor-element-f545b91 elementor-widget elementor-widget-image\" data-id=\"f545b91\" data-element_type=\"widget\" data-e-type=\"widget\" data-widget_type=\"image.default\">\n\t\t\t\t<div class=\"elementor-widget-container\">\n\t\t\t\t\t\t\t\t\t\t\t\t\t\t\t<img loading=\"lazy\" decoding=\"async\" width=\"667\" height=\"1000\" src=\"https:\/\/www.wzdluzdrogi.pl\/wp-content\/uploads\/2025\/12\/MG_2441.jpg\" class=\"attachment-large size-large wp-image-4920\" alt=\"sewilla, hiszpania, andaluzja, ogrody marii luizy, plan hiszpa\u0144ski, co zobaczy\u0107 w sewilli, what to see in sevilla\" srcset=\"https:\/\/www.wzdluzdrogi.pl\/wp-content\/uploads\/2025\/12\/MG_2441.jpg 667w, https:\/\/www.wzdluzdrogi.pl\/wp-content\/uploads\/2025\/12\/MG_2441-200x300.jpg 200w\" sizes=\"(max-width: 667px) 100vw, 667px\" \/>\t\t\t\t\t\t\t\t\t\t\t\t\t\t\t<\/div>\n\t\t\t\t<\/div>\n\t\t\t\t\t<\/div>\n\t\t<\/div>\n\t\t\t\t<div class=\"elementor-column elementor-col-50 elementor-inner-column elementor-element elementor-element-eb36ef4\" data-id=\"eb36ef4\" data-element_type=\"column\" data-e-type=\"column\">\n\t\t\t<div class=\"elementor-widget-wrap elementor-element-populated\">\n\t\t\t\t\t\t<div class=\"elementor-element elementor-element-ea4652d elementor-widget elementor-widget-image\" data-id=\"ea4652d\" data-element_type=\"widget\" data-e-type=\"widget\" data-widget_type=\"image.default\">\n\t\t\t\t<div class=\"elementor-widget-container\">\n\t\t\t\t\t\t\t\t\t\t\t\t\t\t\t<img loading=\"lazy\" decoding=\"async\" width=\"667\" height=\"1000\" src=\"https:\/\/www.wzdluzdrogi.pl\/wp-content\/uploads\/2025\/12\/MG_2613.jpg\" class=\"attachment-large size-large wp-image-4934\" alt=\"la giralda, sewilla, hiszpania\" srcset=\"https:\/\/www.wzdluzdrogi.pl\/wp-content\/uploads\/2025\/12\/MG_2613.jpg 667w, https:\/\/www.wzdluzdrogi.pl\/wp-content\/uploads\/2025\/12\/MG_2613-200x300.jpg 200w\" sizes=\"(max-width: 667px) 100vw, 667px\" \/>\t\t\t\t\t\t\t\t\t\t\t\t\t\t\t<\/div>\n\t\t\t\t<\/div>\n\t\t\t\t\t<\/div>\n\t\t<\/div>\n\t\t\t\t\t<\/div>\n\t\t<\/section>\n\t\t\t\t\t<\/div>\n\t\t<\/div>\n\t\t\t\t\t<\/div>\n\t\t<\/section>\n\t\t\t\t<section class=\"elementor-section elementor-top-section elementor-element elementor-element-6b863a7 elementor-section-boxed elementor-section-height-default elementor-section-height-default\" data-id=\"6b863a7\" data-element_type=\"section\" data-e-type=\"section\">\n\t\t\t\t\t\t<div class=\"elementor-container elementor-column-gap-default\">\n\t\t\t\t\t<div class=\"elementor-column elementor-col-100 elementor-top-column elementor-element elementor-element-f045f02\" data-id=\"f045f02\" data-element_type=\"column\" data-e-type=\"column\">\n\t\t\t<div class=\"elementor-widget-wrap elementor-element-populated\">\n\t\t\t\t\t\t<div class=\"elementor-element elementor-element-1cd6c70 elementor-widget elementor-widget-heading\" data-id=\"1cd6c70\" data-element_type=\"widget\" data-e-type=\"widget\" data-widget_type=\"heading.default\">\n\t\t\t\t<div class=\"elementor-widget-container\">\n\t\t\t\t\t<h2 class=\"elementor-heading-title elementor-size-default\"><span class=\"ez-toc-section\" id=\"Ronda\"><\/span>Ronda<span class=\"ez-toc-section-end\"><\/span><\/h2>\t\t\t\t<\/div>\n\t\t\t\t<\/div>\n\t\t\t\t<div class=\"elementor-element elementor-element-5bffed2 elementor-widget elementor-widget-text-editor\" data-id=\"5bffed2\" data-element_type=\"widget\" data-e-type=\"widget\" data-widget_type=\"text-editor.default\">\n\t\t\t\t<div class=\"elementor-widget-container\">\n\t\t\t\t\t\t\t\t\t<p class=\"font-claude-response-body break-words whitespace-normal\" dir=\"ltr\" data-sourcepos=\"43:1-43:323;6211-6533\">Ronda le\u017cy w g\u00f3rach, jakie\u015b 100 kilometr\u00f3w od Malagi, i ju\u017c sama droga do niej \u2013 serpentynami, z widokami na doliny \u2013 jest cz\u0119\u015bci\u0105 atrakcji. Miasto jest podzielone na dwie cz\u0119\u015bci: star\u0105, arabsk\u0105 Ciudad i nowsz\u0105 Mercadillo, a mi\u0119dzy nimi w\u0105w\u00f3z El Tajo. G\u0142\u0119boki na ponad 100 metr\u00f3w, wy\u017c\u0142obiony przez rzek\u0119 Guadalev\u00edn.<\/p><p class=\"font-claude-response-body break-words whitespace-normal\" dir=\"ltr\" data-sourcepos=\"45:1-45:362;6535-6896\">Nad w\u0105wozem przerzucono Puente Nuevo, czyli Nowy Most i to w\u0142a\u015bciwie wizyt\u00f3wka ca\u0142ej Rondy. Budowa trwa\u0142a 42 lata (1751\u20131793), a pierwsza pr\u00f3ba, podj\u0119ta kilkadziesi\u0105t lat wcze\u015bniej, zako\u0144czy\u0142a si\u0119 katastrof\u0105. Most run\u0105\u0142, zabijaj\u0105c prawie 50 os\u00f3b. Ten, kt\u00f3ry stoi dzi\u015b, ma w \u015brodkowym filarze niewielkie pomieszczenie, kt\u00f3re przez lata s\u0142u\u017cy\u0142o jako wi\u0119zienie.<\/p><p class=\"font-claude-response-body break-words whitespace-normal\" dir=\"ltr\" data-sourcepos=\"47:1-47:376;6898-7273\">Ronda to te\u017c kolebka nowoczesnej korridy. W mie\u015bcie znajduje si\u0119 jedna z najstarszych aren w Hiszpanii, Real Maestranza. Inna ciekawostka to, \u017ce podobno gdy w Rondzie mieszka\u0142 Ernest Hemingway, wielki fan Andaluzji, barierki na mo\u015bcie podniesiono specjalnie dla jego bezpiecze\u0144stwa. Prawda czy nie \u2013 miasto i tak zapada w pami\u0119\u0107 na d\u0142ugo.<\/p><p dir=\"ltr\" data-sourcepos=\"47:1-47:376;6898-7273\">Je\u015bli zjedziecie poni\u017cej miasta, znajdziecie tam parking i mo\u017cecie zrobi\u0107 sobie tak fajne zdj\u0119cie z mostem w Rondzie, jak my poni\u017cej. Lokalizacj\u0119 dajemy na mapce poni\u017cej.\u00a0<\/p>\t\t\t\t\t\t\t\t<\/div>\n\t\t\t\t<\/div>\n\t\t\t\t<div class=\"elementor-element elementor-element-321ea67 elementor-widget elementor-widget-google_maps\" data-id=\"321ea67\" data-element_type=\"widget\" data-e-type=\"widget\" data-widget_type=\"google_maps.default\">\n\t\t\t\t<div class=\"elementor-widget-container\">\n\t\t\t\t\t\t\t<div class=\"elementor-custom-embed\">\n\t\t\t<iframe loading=\"lazy\"\n\t\t\t\t\tsrc=\"https:\/\/maps.google.com\/maps?q=Mirador%20del%20viento%20ronda&#038;t=m&#038;z=16&#038;output=embed&#038;iwloc=near\"\n\t\t\t\t\ttitle=\"Mirador del viento ronda\"\n\t\t\t\t\taria-label=\"Mirador del viento ronda\"\n\t\t\t><\/iframe>\n\t\t<\/div>\n\t\t\t\t\t\t<\/div>\n\t\t\t\t<\/div>\n\t\t\t\t<div class=\"elementor-element elementor-element-509a83a elementor-align-center elementor-widget elementor-widget-button\" data-id=\"509a83a\" data-element_type=\"widget\" data-e-type=\"widget\" data-widget_type=\"button.default\">\n\t\t\t\t<div class=\"elementor-widget-container\">\n\t\t\t\t\t\t\t\t\t<div class=\"elementor-button-wrapper\">\n\t\t\t\t\t<a class=\"elementor-button elementor-button-link elementor-size-sm\" href=\"https:\/\/www.wzdluzdrogi.pl\/index.php\/2026\/03\/16\/ronda-na-jeden-dzien-jakie-atrakcje-zobaczyc\/\">\n\t\t\t\t\t\t<span class=\"elementor-button-content-wrapper\">\n\t\t\t\t\t\t\t\t\t<span class=\"elementor-button-text\">Przeczytaj r\u00f3wnie\u017c: Ronda na jeden dzie\u0144. Co zobaczy\u0107?<\/span>\n\t\t\t\t\t<\/span>\n\t\t\t\t\t<\/a>\n\t\t\t\t<\/div>\n\t\t\t\t\t\t\t\t<\/div>\n\t\t\t\t<\/div>\n\t\t\t\t<div class=\"elementor-element elementor-element-2987e5d elementor-widget elementor-widget-image\" data-id=\"2987e5d\" data-element_type=\"widget\" data-e-type=\"widget\" data-widget_type=\"image.default\">\n\t\t\t\t<div class=\"elementor-widget-container\">\n\t\t\t\t\t\t\t\t\t\t\t\t\t\t\t<img loading=\"lazy\" decoding=\"async\" width=\"780\" height=\"520\" src=\"https:\/\/www.wzdluzdrogi.pl\/wp-content\/uploads\/2026\/03\/MG_3297.jpg\" class=\"attachment-large size-large wp-image-5183\" alt=\"ronda hiszpania\" srcset=\"https:\/\/www.wzdluzdrogi.pl\/wp-content\/uploads\/2026\/03\/MG_3297.jpg 1000w, https:\/\/www.wzdluzdrogi.pl\/wp-content\/uploads\/2026\/03\/MG_3297-300x200.jpg 300w, https:\/\/www.wzdluzdrogi.pl\/wp-content\/uploads\/2026\/03\/MG_3297-768x512.jpg 768w\" sizes=\"(max-width: 780px) 100vw, 780px\" \/>\t\t\t\t\t\t\t\t\t\t\t\t\t\t\t<\/div>\n\t\t\t\t<\/div>\n\t\t\t\t<section class=\"elementor-section elementor-inner-section elementor-element elementor-element-6dcc3d2 elementor-section-boxed elementor-section-height-default elementor-section-height-default\" data-id=\"6dcc3d2\" data-element_type=\"section\" data-e-type=\"section\">\n\t\t\t\t\t\t<div class=\"elementor-container elementor-column-gap-default\">\n\t\t\t\t\t<div class=\"elementor-column elementor-col-50 elementor-inner-column elementor-element elementor-element-6425443\" data-id=\"6425443\" data-element_type=\"column\" data-e-type=\"column\">\n\t\t\t<div class=\"elementor-widget-wrap elementor-element-populated\">\n\t\t\t\t\t\t<div class=\"elementor-element elementor-element-31853c7 elementor-widget elementor-widget-image\" data-id=\"31853c7\" data-element_type=\"widget\" data-e-type=\"widget\" data-widget_type=\"image.default\">\n\t\t\t\t<div class=\"elementor-widget-container\">\n\t\t\t\t\t\t\t\t\t\t\t\t\t\t\t<img loading=\"lazy\" decoding=\"async\" width=\"667\" height=\"1000\" src=\"https:\/\/www.wzdluzdrogi.pl\/wp-content\/uploads\/2026\/03\/MG_3283.jpg\" class=\"attachment-large size-large wp-image-5180\" alt=\"ronda, hiszpania, co zobaczy\u0107 w andaluzji, co zobaczy\u0107 w ronda\" srcset=\"https:\/\/www.wzdluzdrogi.pl\/wp-content\/uploads\/2026\/03\/MG_3283.jpg 667w, https:\/\/www.wzdluzdrogi.pl\/wp-content\/uploads\/2026\/03\/MG_3283-200x300.jpg 200w\" sizes=\"(max-width: 667px) 100vw, 667px\" \/>\t\t\t\t\t\t\t\t\t\t\t\t\t\t\t<\/div>\n\t\t\t\t<\/div>\n\t\t\t\t\t<\/div>\n\t\t<\/div>\n\t\t\t\t<div class=\"elementor-column elementor-col-50 elementor-inner-column elementor-element elementor-element-677520c\" data-id=\"677520c\" data-element_type=\"column\" data-e-type=\"column\">\n\t\t\t<div class=\"elementor-widget-wrap elementor-element-populated\">\n\t\t\t\t\t\t<div class=\"elementor-element elementor-element-09806c1 elementor-widget elementor-widget-image\" data-id=\"09806c1\" data-element_type=\"widget\" data-e-type=\"widget\" data-widget_type=\"image.default\">\n\t\t\t\t<div class=\"elementor-widget-container\">\n\t\t\t\t\t\t\t\t\t\t\t\t\t\t\t<img loading=\"lazy\" decoding=\"async\" width=\"667\" height=\"1000\" src=\"https:\/\/www.wzdluzdrogi.pl\/wp-content\/uploads\/2026\/03\/MG_3296.jpg\" class=\"attachment-large size-large wp-image-5181\" alt=\"ronda, hiszpania, co zobaczy\u0107 w andaluzji, co zobaczy\u0107 w ronda\" srcset=\"https:\/\/www.wzdluzdrogi.pl\/wp-content\/uploads\/2026\/03\/MG_3296.jpg 667w, https:\/\/www.wzdluzdrogi.pl\/wp-content\/uploads\/2026\/03\/MG_3296-200x300.jpg 200w\" sizes=\"(max-width: 667px) 100vw, 667px\" \/>\t\t\t\t\t\t\t\t\t\t\t\t\t\t\t<\/div>\n\t\t\t\t<\/div>\n\t\t\t\t\t<\/div>\n\t\t<\/div>\n\t\t\t\t\t<\/div>\n\t\t<\/section>\n\t\t\t\t\t<\/div>\n\t\t<\/div>\n\t\t\t\t\t<\/div>\n\t\t<\/section>\n\t\t\t\t<section class=\"elementor-section elementor-top-section elementor-element elementor-element-e93ce4f elementor-section-boxed elementor-section-height-default elementor-section-height-default\" data-id=\"e93ce4f\" data-element_type=\"section\" data-e-type=\"section\">\n\t\t\t\t\t\t<div class=\"elementor-container elementor-column-gap-default\">\n\t\t\t\t\t<div class=\"elementor-column elementor-col-100 elementor-top-column elementor-element elementor-element-5d19fea\" data-id=\"5d19fea\" data-element_type=\"column\" data-e-type=\"column\">\n\t\t\t<div class=\"elementor-widget-wrap elementor-element-populated\">\n\t\t\t\t\t\t<div class=\"elementor-element elementor-element-15ec413 elementor-widget elementor-widget-heading\" data-id=\"15ec413\" data-element_type=\"widget\" data-e-type=\"widget\" data-widget_type=\"heading.default\">\n\t\t\t\t<div class=\"elementor-widget-container\">\n\t\t\t\t\t<h2 class=\"elementor-heading-title elementor-size-default\"><span class=\"ez-toc-section\" id=\"Kordoba\"><\/span>Kordoba<span class=\"ez-toc-section-end\"><\/span><\/h2>\t\t\t\t<\/div>\n\t\t\t\t<\/div>\n\t\t\t\t<div class=\"elementor-element elementor-element-04f9a38 elementor-widget elementor-widget-text-editor\" data-id=\"04f9a38\" data-element_type=\"widget\" data-e-type=\"widget\" data-widget_type=\"text-editor.default\">\n\t\t\t\t<div class=\"elementor-widget-container\">\n\t\t\t\t\t\t\t\t\t<p class=\"font-claude-response-body break-words whitespace-normal\" dir=\"ltr\" data-sourcepos=\"59:1-59:299;8371-8669\">Kordoba dzi\u015b jest spokojnym, \u015bredniej wielko\u015bci miastem, ale w X wieku by\u0142a jedn\u0105 z najwi\u0119kszych metropolii \u015bwiata \u2013 stolic\u0105 kalifatu, o\u015brodkiem nauki i kultury, w kt\u00f3rym chrze\u015bcijanie, muzu\u0142manie i \u017cydzi \u017cyli obok siebie. \u015alady tamtej \u015bwietno\u015bci wida\u0107 do dzi\u015b, g\u0142\u00f3wnie w jednym miejscu: Mezquicie.<\/p><p class=\"font-claude-response-body break-words whitespace-normal\" dir=\"ltr\" data-sourcepos=\"61:1-61:359;8671-9029\">To dawny Wielki Meczet, dzi\u015b cz\u0119\u015bciowo zamieniony w katedr\u0119 \u2013 i to zderzenie dw\u00f3ch \u015bwiat\u00f3w w jednym budynku robi ogromne wra\u017cenie. Wchodzisz przez gaj pomara\u0144czowych drzew (Patio de los Naranjos), a w \u015brodku czeka las ponad 800 kolumn i charakterystyczne, czerwono-bia\u0142e \u0142uki, kt\u00f3re rozpoznasz z tysi\u0105ca zdj\u0119\u0107 w internecie, ale kt\u00f3re i tak zaskakuj\u0105 na \u017cywo.<\/p><p class=\"font-claude-response-body break-words whitespace-normal\" dir=\"ltr\" data-sourcepos=\"63:1-63:447;9031-9477\">Drugi pow\u00f3d, \u017ceby zajrze\u0107 do Kordoby (najlepiej w maju), to Fiesta de los Patios \u2013 festiwal, podczas kt\u00f3rego mieszka\u0144cy otwieraj\u0105 swoje wewn\u0119trzne dziedzi\u0144ce pe\u0142ne kwiat\u00f3w, tak by tury\u015bci mogli je zwiedza\u0107 za darmo. Tradycja jest na tyle wyj\u0105tkowa, \u017ce trafi\u0142a na list\u0119 niematerialnego dziedzictwa UNESCO.<\/p>\t\t\t\t\t\t\t\t<\/div>\n\t\t\t\t<\/div>\n\t\t\t\t<div class=\"elementor-element elementor-element-06112ae elementor-widget elementor-widget-image\" data-id=\"06112ae\" data-element_type=\"widget\" data-e-type=\"widget\" data-widget_type=\"image.default\">\n\t\t\t\t<div class=\"elementor-widget-container\">\n\t\t\t\t\t\t\t\t\t\t\t\t\t\t\t<img loading=\"lazy\" decoding=\"async\" width=\"780\" height=\"519\" src=\"https:\/\/www.wzdluzdrogi.pl\/wp-content\/uploads\/2026\/03\/christian-hergesell-zHLu1SY1Xyw-unsplash-1024x682.jpg\" class=\"attachment-large size-large wp-image-6865\" alt=\"\" srcset=\"https:\/\/www.wzdluzdrogi.pl\/wp-content\/uploads\/2026\/03\/christian-hergesell-zHLu1SY1Xyw-unsplash-1024x682.jpg 1024w, https:\/\/www.wzdluzdrogi.pl\/wp-content\/uploads\/2026\/03\/christian-hergesell-zHLu1SY1Xyw-unsplash-300x200.jpg 300w, https:\/\/www.wzdluzdrogi.pl\/wp-content\/uploads\/2026\/03\/christian-hergesell-zHLu1SY1Xyw-unsplash-768x511.jpg 768w, https:\/\/www.wzdluzdrogi.pl\/wp-content\/uploads\/2026\/03\/christian-hergesell-zHLu1SY1Xyw-unsplash-scaled.jpg 1600w\" sizes=\"(max-width: 780px) 100vw, 780px\" \/>\t\t\t\t\t\t\t\t\t\t\t\t\t\t\t<\/div>\n\t\t\t\t<\/div>\n\t\t\t\t\t<\/div>\n\t\t<\/div>\n\t\t\t\t\t<\/div>\n\t\t<\/section>\n\t\t\t\t<section class=\"elementor-section elementor-top-section elementor-element elementor-element-3c6e192 elementor-section-boxed elementor-section-height-default elementor-section-height-default\" data-id=\"3c6e192\" data-element_type=\"section\" data-e-type=\"section\">\n\t\t\t\t\t\t<div class=\"elementor-container elementor-column-gap-default\">\n\t\t\t\t\t<div class=\"elementor-column elementor-col-100 elementor-top-column elementor-element elementor-element-0107418\" data-id=\"0107418\" data-element_type=\"column\" data-e-type=\"column\">\n\t\t\t<div class=\"elementor-widget-wrap elementor-element-populated\">\n\t\t\t\t\t\t<div class=\"elementor-element elementor-element-fc03c19 elementor-widget elementor-widget-heading\" data-id=\"fc03c19\" data-element_type=\"widget\" data-e-type=\"widget\" data-widget_type=\"heading.default\">\n\t\t\t\t<div class=\"elementor-widget-container\">\n\t\t\t\t\t<h2 class=\"elementor-heading-title elementor-size-default\"><span class=\"ez-toc-section\" id=\"Kadyks\"><\/span>Kadyks<span class=\"ez-toc-section-end\"><\/span><\/h2>\t\t\t\t<\/div>\n\t\t\t\t<\/div>\n\t\t\t\t<div class=\"elementor-element elementor-element-75b2c2e elementor-widget elementor-widget-text-editor\" data-id=\"75b2c2e\" data-element_type=\"widget\" data-e-type=\"widget\" data-widget_type=\"text-editor.default\">\n\t\t\t\t<div class=\"elementor-widget-container\">\n\t\t\t\t\t\t\t\t\t<p class=\"font-claude-response-body break-words whitespace-normal\" dir=\"ltr\" data-sourcepos=\"51:1-51:254;7286-7539\">Kadyks le\u017cy na w\u0105skim cyplu wcinaj\u0105cym si\u0119 w Atlantyk i jest najstarszym nieprzerwanie zamieszkanym miastem w Europie Zachodniej \u2013 za\u0142o\u017cyli je Fenicjanie ponad 3000 lat temu, pod nazw\u0105 Gadir. To sk\u0105din\u0105d \u017ar\u00f3d\u0142o dzisiejszej nazwy mieszka\u0144c\u00f3w \u2013 gaditanos.<\/p><p class=\"font-claude-response-body break-words whitespace-normal\" dir=\"ltr\" data-sourcepos=\"53:1-53:401;7541-7941\">Miasto r\u00f3\u017cni si\u0119 klimatem od reszty Andaluzji \u2013 morski wiatr, s\u0142ona bryza i specyficzna, troch\u0119 nostalgiczna atmosfera, kt\u00f3ra niekt\u00f3rym przywodzi na my\u015bl Hawan\u0119. W\u0105skie uliczki star\u00f3wki prowadz\u0105 prosto na pla\u017ce, z kt\u00f3rych najbardziej urokliwa jest La Caleta \u2013 niewielka zatoczka, z kt\u00f3rej niegdy\u015b wyp\u0142ywa\u0142y statki Kolumba (to w\u0142a\u015bnie z portu w Kadyksie wyruszy\u0142a jego druga wyprawa do Nowego \u015awiata).<\/p><p class=\"font-claude-response-body break-words whitespace-normal\" dir=\"ltr\" data-sourcepos=\"55:1-55:415;7943-8357\">Je\u015bli masz okazj\u0119 trafi\u0107 tu w lutym, koniecznie zosta\u0144 na karnawa\u0142 \u2013 Carnaval de C\u00e1diz to jedno z najwa\u017cniejszych tego typu wydarze\u0144 w Hiszpanii, z korzeniami si\u0119gaj\u0105cymi XVII wieku, znane z ostrego, satyrycznego humoru mieszka\u0144c\u00f3w. Poza sezonem karnawa\u0142owym Kadyks jest po prostu spokojnym, s\u0142onecznym miastem, w kt\u00f3rym najlepiej si\u0119 zgubi\u0107 \u2013 mi\u0119dzy murami, placykami i zapachem sma\u017conych rybek z lokalnych bar\u00f3w.<\/p>\t\t\t\t\t\t\t\t<\/div>\n\t\t\t\t<\/div>\n\t\t\t\t<div class=\"elementor-element elementor-element-7ab643d elementor-widget elementor-widget-image\" data-id=\"7ab643d\" data-element_type=\"widget\" data-e-type=\"widget\" data-widget_type=\"image.default\">\n\t\t\t\t<div class=\"elementor-widget-container\">\n\t\t\t\t\t\t\t\t\t\t\t\t\t\t\t<img loading=\"lazy\" decoding=\"async\" width=\"780\" height=\"520\" src=\"https:\/\/www.wzdluzdrogi.pl\/wp-content\/uploads\/2026\/03\/jordi-vich-navarro-JgUtLwlUy5o-unsplash-1024x683.jpg\" class=\"attachment-large size-large wp-image-6863\" alt=\"\" srcset=\"https:\/\/www.wzdluzdrogi.pl\/wp-content\/uploads\/2026\/03\/jordi-vich-navarro-JgUtLwlUy5o-unsplash-1024x683.jpg 1024w, https:\/\/www.wzdluzdrogi.pl\/wp-content\/uploads\/2026\/03\/jordi-vich-navarro-JgUtLwlUy5o-unsplash-300x200.jpg 300w, https:\/\/www.wzdluzdrogi.pl\/wp-content\/uploads\/2026\/03\/jordi-vich-navarro-JgUtLwlUy5o-unsplash-768x512.jpg 768w, https:\/\/www.wzdluzdrogi.pl\/wp-content\/uploads\/2026\/03\/jordi-vich-navarro-JgUtLwlUy5o-unsplash-1536x1024.jpg 1536w, https:\/\/www.wzdluzdrogi.pl\/wp-content\/uploads\/2026\/03\/jordi-vich-navarro-JgUtLwlUy5o-unsplash-2048x1365.jpg 2048w, https:\/\/www.wzdluzdrogi.pl\/wp-content\/uploads\/2026\/03\/jordi-vich-navarro-JgUtLwlUy5o-unsplash-scaled.jpg 1600w\" sizes=\"(max-width: 780px) 100vw, 780px\" \/>\t\t\t\t\t\t\t\t\t\t\t\t\t\t\t<\/div>\n\t\t\t\t<\/div>\n\t\t\t\t<section class=\"elementor-section elementor-inner-section elementor-element elementor-element-c38921b elementor-section-boxed elementor-section-height-default elementor-section-height-default\" data-id=\"c38921b\" data-element_type=\"section\" data-e-type=\"section\">\n\t\t\t\t\t\t<div class=\"elementor-container elementor-column-gap-default\">\n\t\t\t\t\t<div class=\"elementor-column elementor-col-50 elementor-inner-column elementor-element elementor-element-8d2a468\" data-id=\"8d2a468\" data-element_type=\"column\" data-e-type=\"column\">\n\t\t\t<div class=\"elementor-widget-wrap elementor-element-populated\">\n\t\t\t\t\t\t<div class=\"elementor-element elementor-element-4bd27cf elementor-widget elementor-widget-image\" data-id=\"4bd27cf\" data-element_type=\"widget\" data-e-type=\"widget\" data-widget_type=\"image.default\">\n\t\t\t\t<div class=\"elementor-widget-container\">\n\t\t\t\t\t\t\t\t\t\t\t\t\t\t\t<img loading=\"lazy\" decoding=\"async\" width=\"731\" height=\"1024\" src=\"https:\/\/www.wzdluzdrogi.pl\/wp-content\/uploads\/2026\/03\/mitchell-orr-CVBe1hpHEHo-unsplash-731x1024.jpg\" class=\"attachment-large size-large wp-image-6866\" alt=\"\" srcset=\"https:\/\/www.wzdluzdrogi.pl\/wp-content\/uploads\/2026\/03\/mitchell-orr-CVBe1hpHEHo-unsplash-731x1024.jpg 731w, https:\/\/www.wzdluzdrogi.pl\/wp-content\/uploads\/2026\/03\/mitchell-orr-CVBe1hpHEHo-unsplash-214x300.jpg 214w, https:\/\/www.wzdluzdrogi.pl\/wp-content\/uploads\/2026\/03\/mitchell-orr-CVBe1hpHEHo-unsplash-768x1076.jpg 768w, https:\/\/www.wzdluzdrogi.pl\/wp-content\/uploads\/2026\/03\/mitchell-orr-CVBe1hpHEHo-unsplash-scaled.jpg 1142w\" sizes=\"(max-width: 731px) 100vw, 731px\" \/>\t\t\t\t\t\t\t\t\t\t\t\t\t\t\t<\/div>\n\t\t\t\t<\/div>\n\t\t\t\t\t<\/div>\n\t\t<\/div>\n\t\t\t\t<div class=\"elementor-column elementor-col-50 elementor-inner-column elementor-element elementor-element-1c03813\" data-id=\"1c03813\" data-element_type=\"column\" data-e-type=\"column\">\n\t\t\t<div class=\"elementor-widget-wrap elementor-element-populated\">\n\t\t\t\t\t\t<div class=\"elementor-element elementor-element-3b98f0c elementor-widget elementor-widget-image\" data-id=\"3b98f0c\" data-element_type=\"widget\" data-e-type=\"widget\" data-widget_type=\"image.default\">\n\t\t\t\t<div class=\"elementor-widget-container\">\n\t\t\t\t\t\t\t\t\t\t\t\t\t\t\t<img loading=\"lazy\" decoding=\"async\" width=\"683\" height=\"1024\" src=\"https:\/\/www.wzdluzdrogi.pl\/wp-content\/uploads\/2026\/03\/alberto-frias-MHzmdfiG9Rs-unsplash-683x1024.jpg\" class=\"attachment-large size-large wp-image-6864\" alt=\"\" srcset=\"https:\/\/www.wzdluzdrogi.pl\/wp-content\/uploads\/2026\/03\/alberto-frias-MHzmdfiG9Rs-unsplash-683x1024.jpg 683w, https:\/\/www.wzdluzdrogi.pl\/wp-content\/uploads\/2026\/03\/alberto-frias-MHzmdfiG9Rs-unsplash-200x300.jpg 200w, https:\/\/www.wzdluzdrogi.pl\/wp-content\/uploads\/2026\/03\/alberto-frias-MHzmdfiG9Rs-unsplash-768x1152.jpg 768w, https:\/\/www.wzdluzdrogi.pl\/wp-content\/uploads\/2026\/03\/alberto-frias-MHzmdfiG9Rs-unsplash-1024x1536.jpg 1024w, https:\/\/www.wzdluzdrogi.pl\/wp-content\/uploads\/2026\/03\/alberto-frias-MHzmdfiG9Rs-unsplash-1365x2048.jpg 1365w, https:\/\/www.wzdluzdrogi.pl\/wp-content\/uploads\/2026\/03\/alberto-frias-MHzmdfiG9Rs-unsplash-scaled.jpg 1067w\" sizes=\"(max-width: 683px) 100vw, 683px\" \/>\t\t\t\t\t\t\t\t\t\t\t\t\t\t\t<\/div>\n\t\t\t\t<\/div>\n\t\t\t\t\t<\/div>\n\t\t<\/div>\n\t\t\t\t\t<\/div>\n\t\t<\/section>\n\t\t\t\t\t<\/div>\n\t\t<\/div>\n\t\t\t\t\t<\/div>\n\t\t<\/section>\n\t\t\t\t<section class=\"elementor-section elementor-top-section elementor-element elementor-element-f17baaf elementor-section-boxed elementor-section-height-default elementor-section-height-default\" data-id=\"f17baaf\" data-element_type=\"section\" data-e-type=\"section\">\n\t\t\t\t\t\t<div class=\"elementor-container elementor-column-gap-default\">\n\t\t\t\t\t<div class=\"elementor-column elementor-col-100 elementor-top-column elementor-element elementor-element-f367849\" data-id=\"f367849\" data-element_type=\"column\" data-e-type=\"column\">\n\t\t\t<div class=\"elementor-widget-wrap elementor-element-populated\">\n\t\t\t\t\t\t<div class=\"elementor-element elementor-element-14cc599 elementor-widget elementor-widget-heading\" data-id=\"14cc599\" data-element_type=\"widget\" data-e-type=\"widget\" data-widget_type=\"heading.default\">\n\t\t\t\t<div class=\"elementor-widget-container\">\n\t\t\t\t\t<h2 class=\"elementor-heading-title elementor-size-default\"><span class=\"ez-toc-section\" id=\"Grenada\"><\/span>Grenada<span class=\"ez-toc-section-end\"><\/span><\/h2>\t\t\t\t<\/div>\n\t\t\t\t<\/div>\n\t\t\t\t<div class=\"elementor-element elementor-element-70f1f69 elementor-widget elementor-widget-text-editor\" data-id=\"70f1f69\" data-element_type=\"widget\" data-e-type=\"widget\" data-widget_type=\"text-editor.default\">\n\t\t\t\t<div class=\"elementor-widget-container\">\n\t\t\t\t\t\t\t\t\t<p class=\"font-claude-response-body break-words whitespace-normal\" dir=\"ltr\" data-sourcepos=\"67:1-67:402;9491-9892\">Grenada to miasto, w kt\u00f3rym ko\u0144czy si\u0119 historia muzu\u0142ma\u0144skiej Hiszpanii \u2013 to w\u0142a\u015bnie tutaj, w 1492 roku, podda\u0142 si\u0119 ostatni w\u0142adca z dynastii Nasryd\u00f3w, ko\u0144cz\u0105c niemal 800 lat panowania islamu na P\u00f3\u0142wyspie Iberyjskim. Symbolem tamtej epoki jest Alhambra \u2013 zesp\u00f3\u0142 pa\u0142acowo-twierdzowy wznosz\u0105cy si\u0119 nad miastem, \u015bmia\u0142o mo\u017cna go nazwa\u0107 jednym z najpi\u0119kniejszych zabytk\u00f3w islamskiej architektury w Europie.<\/p><p class=\"font-claude-response-body break-words whitespace-normal\" dir=\"ltr\" data-sourcepos=\"69:1-69:432;9894-10325\">Zwiedzanie Pa\u0142ac\u00f3w Nasrydzkich warto zarezerwowa\u0107 z du\u017cym wyprzedzeniem \u2013 dziennie wpuszczanych jest tylko 600 os\u00f3b, a bilety znikaj\u0105 szybko, szczeg\u00f3lnie latem. Naprzeciwko Alhambry, po drugiej stronie doliny, le\u017cy Albaic\u00edn \u2013 dawna arabska dzielnica z pl\u0105tanin\u0105 w\u0105skich uliczek, gdzie z punktu widokowego Mirador de San Nicol\u00e1s rozci\u0105ga si\u0119 najs\u0142ynniejszy widok na pa\u0142ac (i t\u0142um ludzi robi\u0105cych to samo zdj\u0119cie o zachodzie s\u0142o\u0144ca).<\/p>\t\t\t\t\t\t\t\t<\/div>\n\t\t\t\t<\/div>\n\t\t\t\t<div class=\"elementor-element elementor-element-c6c1d52 elementor-widget elementor-widget-image\" data-id=\"c6c1d52\" data-element_type=\"widget\" data-e-type=\"widget\" data-widget_type=\"image.default\">\n\t\t\t\t<div class=\"elementor-widget-container\">\n\t\t\t\t\t\t\t\t\t\t\t\t\t\t\t<img loading=\"lazy\" decoding=\"async\" width=\"780\" height=\"520\" src=\"https:\/\/www.wzdluzdrogi.pl\/wp-content\/uploads\/2026\/03\/dimitry-b-uDl5opHop7E-unsplash-1024x683.jpg\" class=\"attachment-large size-large wp-image-6867\" alt=\"\" srcset=\"https:\/\/www.wzdluzdrogi.pl\/wp-content\/uploads\/2026\/03\/dimitry-b-uDl5opHop7E-unsplash-1024x683.jpg 1024w, https:\/\/www.wzdluzdrogi.pl\/wp-content\/uploads\/2026\/03\/dimitry-b-uDl5opHop7E-unsplash-300x200.jpg 300w, https:\/\/www.wzdluzdrogi.pl\/wp-content\/uploads\/2026\/03\/dimitry-b-uDl5opHop7E-unsplash-768x512.jpg 768w, https:\/\/www.wzdluzdrogi.pl\/wp-content\/uploads\/2026\/03\/dimitry-b-uDl5opHop7E-unsplash-1536x1024.jpg 1536w, https:\/\/www.wzdluzdrogi.pl\/wp-content\/uploads\/2026\/03\/dimitry-b-uDl5opHop7E-unsplash-2048x1366.jpg 2048w, https:\/\/www.wzdluzdrogi.pl\/wp-content\/uploads\/2026\/03\/dimitry-b-uDl5opHop7E-unsplash-scaled.jpg 1600w\" sizes=\"(max-width: 780px) 100vw, 780px\" \/>\t\t\t\t\t\t\t\t\t\t\t\t\t\t\t<\/div>\n\t\t\t\t<\/div>\n\t\t\t\t\t<\/div>\n\t\t<\/div>\n\t\t\t\t\t<\/div>\n\t\t<\/section>\n\t\t\t\t<section class=\"elementor-section elementor-top-section elementor-element elementor-element-4dcf3c07 elementor-section-boxed elementor-section-height-default elementor-section-height-default\" data-id=\"4dcf3c07\" data-element_type=\"section\" data-e-type=\"section\">\n\t\t\t\t\t\t<div class=\"elementor-container elementor-column-gap-default\">\n\t\t\t\t\t<div class=\"elementor-column elementor-col-100 elementor-top-column elementor-element elementor-element-12b6b0d7\" data-id=\"12b6b0d7\" data-element_type=\"column\" data-e-type=\"column\">\n\t\t\t<div class=\"elementor-widget-wrap elementor-element-populated\">\n\t\t\t\t\t\t<div class=\"elementor-element elementor-element-10b365f elementor-widget elementor-widget-html\" data-id=\"10b365f\" data-element_type=\"widget\" data-e-type=\"widget\" data-widget_type=\"html.default\">\n\t\t\t\t<div class=\"elementor-widget-container\">\n\t\t\t\t\t<div data-gyg-href=\"https:\/\/widget.getyourguide.com\/default\/activities.frame\" data-gyg-locale-code=\"pl-PL\" data-gyg-widget=\"activities\" data-gyg-number-of-items=\"3\" data-gyg-cmp=\"malaga\" data-gyg-partner-id=\"VBYGCXX\" data-gyg-tour-ids=\"386563,1015530,448209\"><span>Powered by <a target=\"_blank\" rel=\"sponsored\" href=\"https:\/\/www.getyourguide.com\/malaga-l402\/\">GetYourGuide<\/a><\/span><\/div>\t\t\t\t<\/div>\n\t\t\t\t<\/div>\n\t\t\t\t\t<\/div>\n\t\t<\/div>\n\t\t\t\t\t<\/div>\n\t\t<\/section>\n\t\t\t\t<section class=\"elementor-section elementor-top-section elementor-element elementor-element-f298d20 elementor-section-boxed elementor-section-height-default elementor-section-height-default\" data-id=\"f298d20\" data-element_type=\"section\" data-e-type=\"section\">\n\t\t\t\t\t\t<div class=\"elementor-container elementor-column-gap-default\">\n\t\t\t\t\t<div class=\"elementor-column elementor-col-100 elementor-top-column elementor-element elementor-element-b9c5cec\" data-id=\"b9c5cec\" data-element_type=\"column\" data-e-type=\"column\">\n\t\t\t<div class=\"elementor-widget-wrap elementor-element-populated\">\n\t\t\t\t\t\t<div class=\"elementor-element elementor-element-97b3350 elementor-widget elementor-widget-text-editor\" data-id=\"97b3350\" data-element_type=\"widget\" data-e-type=\"widget\" data-widget_type=\"text-editor.default\">\n\t\t\t\t<div class=\"elementor-widget-container\">\n\t\t\t\t\t\t\t\t\t<p class=\"font-claude-response-body break-words whitespace-normal\" dir=\"ltr\">To nasza subiektywna lista najpi\u0119kniejszych miast Andaluzji. Miejsc, kt\u00f3re utkwi\u0142y nam w pami\u0119ci najmocniej i do kt\u00f3rych ch\u0119tnie by\u015bmy wr\u00f3cili. Od t\u0119tni\u0105cej \u017cyciem Sewilli, przez monumentaln\u0105 Grenad\u0119, po ciche, urokliwe Setenil de las Bodegas. Ka\u017cde z tych miejsc pokazuje inn\u0105 twarz regionu.<\/p><p class=\"font-claude-response-body break-words whitespace-normal\" dir=\"ltr\">Je\u015bli musisz wybra\u0107 tylko kilka przystank\u00f3w, zacznij od tych, kt\u00f3re najbardziej pasuj\u0105 do Twojego stylu podr\u00f3\u017cowania: architektura i historia \u2014 Sewilla, Kordoba, Grenada; spok\u00f3j i morze \u2014 Nerja, Kadyks; co\u015b naprawd\u0119 nietypowego \u2014 Setenil de las Bodegas czy Ronda. A je\u015bli masz wi\u0119cej czasu, po prostu jed\u017a serpentynami mi\u0119dzy nimi \u2014 to cz\u0119sto najpi\u0119kniejsza cz\u0119\u015b\u0107 ca\u0142ej podr\u00f3\u017cy.<\/p><p class=\"font-claude-response-body break-words whitespace-normal\" dir=\"ltr\">Masz swoje ulubione miejsce w Andaluzji, kt\u00f3rego tu zabrak\u0142o? Daj zna\u0107 w komentarzu.<\/p>\t\t\t\t\t\t\t\t<\/div>\n\t\t\t\t<\/div>\n\t\t\t\t\t<\/div>\n\t\t<\/div>\n\t\t\t\t\t<\/div>\n\t\t<\/section>\n\t\t\t\t<section class=\"elementor-section elementor-top-section elementor-element elementor-element-774ae93 elementor-section-boxed elementor-section-height-default elementor-section-height-default\" data-id=\"774ae93\" data-element_type=\"section\" data-e-type=\"section\" data-settings=\"{&quot;background_background&quot;:&quot;classic&quot;}\">\n\t\t\t\t\t\t<div class=\"elementor-container elementor-column-gap-default\">\n\t\t\t\t\t<div class=\"elementor-column elementor-col-100 elementor-top-column elementor-element elementor-element-3a34ebe\" data-id=\"3a34ebe\" data-element_type=\"column\" data-e-type=\"column\">\n\t\t\t<div class=\"elementor-widget-wrap elementor-element-populated\">\n\t\t\t\t\t\t<div class=\"elementor-element elementor-element-93c1ad5 elementor-widget elementor-widget-heading\" data-id=\"93c1ad5\" data-element_type=\"widget\" data-e-type=\"widget\" data-widget_type=\"heading.default\">\n\t\t\t\t<div class=\"elementor-widget-container\">\n\t\t\t\t\t<h2 class=\"elementor-heading-title elementor-size-default\"><span class=\"ez-toc-section\" id=\"Najpiekniejsze_miasteczka_Andaluzji\"><\/span>Najpi\u0119kniejsze miasteczka Andaluzji<span class=\"ez-toc-section-end\"><\/span><\/h2>\t\t\t\t<\/div>\n\t\t\t\t<\/div>\n\t\t\t\t<div class=\"elementor-element elementor-element-3072027 elementor-widget elementor-widget-text-editor\" data-id=\"3072027\" data-element_type=\"widget\" data-e-type=\"widget\" data-widget_type=\"text-editor.default\">\n\t\t\t\t<div class=\"elementor-widget-container\">\n\t\t\t\t\t\t\t\t\t<h4 class=\"text-text-100 mt-2 -mb-1 text-base font-bold\" dir=\"ltr\"><span class=\"ez-toc-section\" id=\"Mam_tylko_3_dni_w_Andaluzji_Co_warto_zobaczyc\"><\/span>Mam tylko 3 dni w Andaluzji. Co warto zobaczy\u0107?<span class=\"ez-toc-section-end\"><\/span><\/h4><p class=\"font-claude-response-body break-words whitespace-normal\" dir=\"ltr\">Gdyby\u015bmy mieli tylko 3 dni, u\u0142o\u017cyliby\u015bmy plan tak: pierwszy dzie\u0144 w Nerja, bo to spokojne, kameralne miasteczko, w kt\u00f3rym najlepiej zacz\u0105\u0107 si\u0119 rozkr\u0119ca\u0107. A na dodatek poczujesz si\u0119, jak w jakiej\u015b bajce, bo jest tam tak pi\u0119kne wybrze\u017ce. Drugi dzie\u0144 w Sewilli, bo \u017cadne inne miasto w regionie nie ma a\u017c tak imponuj\u0105cej architektury na jednym obszarze (katedra, Alkazar, Plaza de Espa\u00f1a). Trzeci dzie\u0144 to Caminito del Rey i okolica, bo to jeden z najbardziej niezapomnianych widok\u00f3w, jakie widzieli\u015bmy w Hiszpanii.<\/p><h4 class=\"text-text-100 mt-2 -mb-1 text-base font-bold\" dir=\"ltr\"><span class=\"ez-toc-section\" id=\"Jakie_sa_najpiekniejsze_miasteczka_w_Andaluzji\"><\/span>Jakie s\u0105 najpi\u0119kniejsze miasteczka w Andaluzji?<span class=\"ez-toc-section-end\"><\/span><\/h4><p class=\"font-claude-response-body break-words whitespace-normal\" dir=\"ltr\">Osobi\u015bcie Nerja jest najpi\u0119kniejszym i pozostanie w moim sercu na d\u0142ugo. Je\u015bli szukasz nie tyle du\u017cych miast, co klimatycznych miasteczek, na czo\u0142o wysuwaj\u0105 si\u0119 te\u017c Setenil de las Bodegas (domy wbudowane w ska\u0142\u0119),oraz Ronda (most nad w\u0105wozem). To one najbardziej zaskakuj\u0105 i najd\u0142u\u017cej zostaj\u0105 w pami\u0119ci, cho\u0107 Andaluzja s\u0142ynie te\u017c z wielkich miast jak Sewilla czy Grenada. A tak\u017ce licznych bia\u0142ych miasteczek, jak na przyk\u0142ad Zahara de la Sierra.<\/p><h4 class=\"text-text-100 mt-2 -mb-1 text-base font-bold\" dir=\"ltr\"><span class=\"ez-toc-section\" id=\"Jaka_jest_najpiekniejsza_czesc_Andaluzji\"><\/span>Jaka jest najpi\u0119kniejsza cz\u0119\u015b\u0107 Andaluzji?<span class=\"ez-toc-section-end\"><\/span><\/h4><p class=\"font-claude-response-body break-words whitespace-normal\" dir=\"ltr\">To zale\u017cy, czego szukasz. Wybrze\u017ce (Costa del Sol i Costa de la Luz) to pla\u017ce, s\u0142o\u0144ce i miasteczka jak Nerja czy Kadyks. Wn\u0119trze regionu, czyli tzw. bia\u0142e miasteczka w prowincji Kadyks i Malaga, to z kolei g\u00f3ry, w\u0105wozy i zupe\u0142nie inny klimat. Dla nas najpi\u0119kniejsze jest to, \u017ce oba te \u015bwiaty s\u0105 od siebie tak blisko \u2014 w jeden dzie\u0144 mo\u017cna zobaczy\u0107 i morze, i g\u00f3ry.<\/p><h4 class=\"text-text-100 mt-2 -mb-1 text-base font-bold\" dir=\"ltr\"><span class=\"ez-toc-section\" id=\"Ktore_miasto_jest_ladniejsze_Grenada_czy_Malaga\"><\/span>Kt\u00f3re miasto jest \u0142adniejsze: Grenada czy Malaga?<span class=\"ez-toc-section-end\"><\/span><\/h4><p class=\"font-claude-response-body break-words whitespace-normal\" dir=\"ltr\">To troch\u0119 jak por\u00f3wnywanie jab\u0142ek do gruszek. Grenada zachwyca histori\u0105 i architektur\u0105 \u2014 Alhambra to jeden z najpi\u0119kniejszych zabytk\u00f3w islamskich w Europie, a ca\u0142e miasto ma bardziej kameralny, g\u00f3rski klimat. Malaga stawia na inny urok: morze, ponad 300 s\u0142onecznych dni w roku i nowoczesn\u0105, t\u0119tni\u0105c\u0105 \u017cyciem atmosfer\u0119. Je\u015bli lubisz histori\u0119 i architektur\u0119 \u2014 wybierz Grenad\u0119. Je\u015bli wolisz s\u0142o\u0144ce i miejski luz \u2014 postaw na Malag\u0119.<\/p><h4 dir=\"ltr\"><span class=\"ez-toc-section\" id=\"Wynajecie_auta_w_Andaluzji\"><\/span>Wynajecie auta w Andaluzji?\u00a0<span class=\"ez-toc-section-end\"><\/span><\/h4><p dir=\"ltr\">Autem na pewno b\u0119dzie ci pro\u015bciej i taniej zwiedzi\u0107 wszystkie te miejsca. Je\u015bli planujesz podobn\u0105 tras\u0119 po Andaluzji, przed wyjazdem warto <a href=\"https:\/\/www.discovercars.com\/pl\/spain\/malaga\/agp?a_aid=wzdluz_drogi\">sprawdzi\u0107 ceny wynajmu auta.<\/a> W sezonie potrafi\u0105 si\u0119 one do\u015b\u0107 mocno r\u00f3\u017cni\u0107 w zale\u017cno\u015bci od miejsca odbioru i terminu podr\u00f3\u017cy.<\/p>\t\t\t\t\t\t\t\t<\/div>\n\t\t\t\t<\/div>\n\t\t\t\t\t<\/div>\n\t\t<\/div>\n\t\t\t\t\t<\/div>\n\t\t<\/section>\n\t\t\t\t<section class=\"elementor-section elementor-top-section elementor-element elementor-element-df5bb25 elementor-section-boxed elementor-section-height-default elementor-section-height-default\" data-id=\"df5bb25\" data-element_type=\"section\" data-e-type=\"section\">\n\t\t\t\t\t\t<div class=\"elementor-container elementor-column-gap-default\">\n\t\t\t\t\t<div class=\"elementor-column elementor-col-100 elementor-top-column elementor-element elementor-element-569b72b\" data-id=\"569b72b\" data-element_type=\"column\" data-e-type=\"column\">\n\t\t\t<div class=\"elementor-widget-wrap elementor-element-populated\">\n\t\t\t\t\t\t<div class=\"elementor-element elementor-element-45cdc1af elementor-widget elementor-widget-text-editor\" data-id=\"45cdc1af\" data-element_type=\"widget\" data-e-type=\"widget\" data-widget_type=\"text-editor.default\">\n\t\t\t\t<div class=\"elementor-widget-container\">\n\t\t\t\t\t\t\t\t\t<p><strong>Interesuje ci\u0119 Andaluzja? Zobacz r\u00f3wnie\u017c:<\/strong><\/p>\t\t\t\t\t\t\t\t<\/div>\n\t\t\t\t<\/div>\n\t\t\t\t\t<\/div>\n\t\t<\/div>\n\t\t\t\t\t<\/div>\n\t\t<\/section>\n\t\t\t\t<section class=\"elementor-section elementor-top-section elementor-element elementor-element-4932c5b7 elementor-section-full_width elementor-section-stretched elementor-section-height-default elementor-section-height-default elementor-invisible\" data-id=\"4932c5b7\" data-element_type=\"section\" data-e-type=\"section\" data-settings=\"{&quot;background_background&quot;:&quot;classic&quot;,&quot;animation&quot;:&quot;fadeInLeft&quot;,&quot;stretch_section&quot;:&quot;section-stretched&quot;}\">\n\t\t\t\t\t\t\t<div class=\"elementor-background-overlay\"><\/div>\n\t\t\t\t\t\t\t<div class=\"elementor-container elementor-column-gap-wider\">\n\t\t\t\t\t<div class=\"elementor-column elementor-col-33 elementor-top-column elementor-element elementor-element-1eab62e2\" data-id=\"1eab62e2\" data-element_type=\"column\" data-e-type=\"column\">\n\t\t\t<div class=\"elementor-widget-wrap elementor-element-populated\">\n\t\t\t\t\t\t<div class=\"elementor-element elementor-element-62a70ed4 elementor-widget elementor-widget-image\" data-id=\"62a70ed4\" data-element_type=\"widget\" data-e-type=\"widget\" data-widget_type=\"image.default\">\n\t\t\t\t<div class=\"elementor-widget-container\">\n\t\t\t\t\t\t\t\t\t\t\t\t<figure class=\"wp-caption\">\n\t\t\t\t\t\t\t\t\t\t\t<a href=\"https:\/\/www.wzdluzdrogi.pl\/index.php\/2025\/12\/09\/atrakcje-w-sewilli-ktore-musisz-zobaczyc\/\">\n\t\t\t\t\t\t\t<img loading=\"lazy\" decoding=\"async\" width=\"667\" height=\"1000\" src=\"https:\/\/www.wzdluzdrogi.pl\/wp-content\/uploads\/2025\/12\/MG_2613.jpg\" class=\"elementor-animation-rotate attachment-large size-large wp-image-4934\" alt=\"la giralda, sewilla, hiszpania\" srcset=\"https:\/\/www.wzdluzdrogi.pl\/wp-content\/uploads\/2025\/12\/MG_2613.jpg 667w, https:\/\/www.wzdluzdrogi.pl\/wp-content\/uploads\/2025\/12\/MG_2613-200x300.jpg 200w\" sizes=\"(max-width: 667px) 100vw, 667px\" \/>\t\t\t\t\t\t\t\t<\/a>\n\t\t\t\t\t\t\t\t\t\t\t<figcaption class=\"widget-image-caption wp-caption-text\">Atrakcje w Sewilli, kt\u00f3re musisz zobaczy\u0107<\/figcaption>\n\t\t\t\t\t\t\t\t\t\t<\/figure>\n\t\t\t\t\t\t\t\t\t<\/div>\n\t\t\t\t<\/div>\n\t\t\t\t\t<\/div>\n\t\t<\/div>\n\t\t\t\t<div class=\"elementor-column elementor-col-33 elementor-top-column elementor-element elementor-element-148e6d31\" data-id=\"148e6d31\" data-element_type=\"column\" data-e-type=\"column\">\n\t\t\t<div class=\"elementor-widget-wrap elementor-element-populated\">\n\t\t\t\t\t\t<div class=\"elementor-element elementor-element-23b4dfe0 elementor-widget elementor-widget-image\" data-id=\"23b4dfe0\" data-element_type=\"widget\" data-e-type=\"widget\" data-widget_type=\"image.default\">\n\t\t\t\t<div class=\"elementor-widget-container\">\n\t\t\t\t\t\t\t\t\t\t\t\t<figure class=\"wp-caption\">\n\t\t\t\t\t\t\t\t\t\t\t<a href=\"https:\/\/www.wzdluzdrogi.pl\/index.php\/2026\/05\/28\/co-warto-zjesc-w-andaluzji\/\">\n\t\t\t\t\t\t\t<img loading=\"lazy\" decoding=\"async\" width=\"768\" height=\"1024\" src=\"https:\/\/www.wzdluzdrogi.pl\/wp-content\/uploads\/2024\/07\/nacho-carretero-molero-vzIgmhbEN9w-unsplash-768x1024.jpg\" class=\"elementor-animation-rotate attachment-large size-large wp-image-3454\" alt=\"Patatas Bravas w Barcelonie, co zje\u015b\u0107 w Barcelonie\" srcset=\"https:\/\/www.wzdluzdrogi.pl\/wp-content\/uploads\/2024\/07\/nacho-carretero-molero-vzIgmhbEN9w-unsplash-768x1024.jpg 768w, https:\/\/www.wzdluzdrogi.pl\/wp-content\/uploads\/2024\/07\/nacho-carretero-molero-vzIgmhbEN9w-unsplash-225x300.jpg 225w, https:\/\/www.wzdluzdrogi.pl\/wp-content\/uploads\/2024\/07\/nacho-carretero-molero-vzIgmhbEN9w-unsplash-1152x1536.jpg 1152w, https:\/\/www.wzdluzdrogi.pl\/wp-content\/uploads\/2024\/07\/nacho-carretero-molero-vzIgmhbEN9w-unsplash-1536x2048.jpg 1536w, https:\/\/www.wzdluzdrogi.pl\/wp-content\/uploads\/2024\/07\/nacho-carretero-molero-vzIgmhbEN9w-unsplash-45x60.jpg 45w, https:\/\/www.wzdluzdrogi.pl\/wp-content\/uploads\/2024\/07\/nacho-carretero-molero-vzIgmhbEN9w-unsplash-scaled.jpg 1200w\" sizes=\"(max-width: 768px) 100vw, 768px\" \/>\t\t\t\t\t\t\t\t<\/a>\n\t\t\t\t\t\t\t\t\t\t\t<figcaption class=\"widget-image-caption wp-caption-text\">Co warto zje\u015b\u0107 b\u0119d\u0105c w Andaluzji?<\/figcaption>\n\t\t\t\t\t\t\t\t\t\t<\/figure>\n\t\t\t\t\t\t\t\t\t<\/div>\n\t\t\t\t<\/div>\n\t\t\t\t\t<\/div>\n\t\t<\/div>\n\t\t\t\t<div class=\"elementor-column elementor-col-33 elementor-top-column elementor-element elementor-element-17d4e513\" data-id=\"17d4e513\" data-element_type=\"column\" data-e-type=\"column\">\n\t\t\t<div class=\"elementor-widget-wrap elementor-element-populated\">\n\t\t\t\t\t\t<div class=\"elementor-element elementor-element-f1ce96d elementor-widget elementor-widget-image\" data-id=\"f1ce96d\" data-element_type=\"widget\" data-e-type=\"widget\" data-widget_type=\"image.default\">\n\t\t\t\t<div class=\"elementor-widget-container\">\n\t\t\t\t\t\t\t\t\t\t\t\t<figure class=\"wp-caption\">\n\t\t\t\t\t\t\t\t\t\t\t<a href=\"https:\/\/www.wzdluzdrogi.pl\/index.php\/2026\/03\/06\/miejsca-na-gibraltarze-ktore-musisz-zobaczyc-nasze-top\/\">\n\t\t\t\t\t\t\t<img loading=\"lazy\" decoding=\"async\" width=\"667\" height=\"1000\" src=\"https:\/\/www.wzdluzdrogi.pl\/wp-content\/uploads\/2026\/03\/MG_2223.jpg\" class=\"elementor-animation-rotate attachment-large size-large wp-image-5132\" alt=\"gibraltar, ska\u0142a gibraltarska, lotnisko gibraltar\" srcset=\"https:\/\/www.wzdluzdrogi.pl\/wp-content\/uploads\/2026\/03\/MG_2223.jpg 667w, https:\/\/www.wzdluzdrogi.pl\/wp-content\/uploads\/2026\/03\/MG_2223-200x300.jpg 200w\" sizes=\"(max-width: 667px) 100vw, 667px\" \/>\t\t\t\t\t\t\t\t<\/a>\n\t\t\t\t\t\t\t\t\t\t\t<figcaption class=\"widget-image-caption wp-caption-text\">Miejsca na Gibraltarze, kt\u00f3re musisz zobaczy\u0107<\/figcaption>\n\t\t\t\t\t\t\t\t\t\t<\/figure>\n\t\t\t\t\t\t\t\t\t<\/div>\n\t\t\t\t<\/div>\n\t\t\t\t\t<\/div>\n\t\t<\/div>\n\t\t\t\t\t<\/div>\n\t\t<\/section>\n\t\t\t\t<section class=\"elementor-section elementor-top-section elementor-element elementor-element-630ac3e2 elementor-section-boxed elementor-section-height-default elementor-section-height-default\" data-id=\"630ac3e2\" data-element_type=\"section\" data-e-type=\"section\">\n\t\t\t\t\t\t<div class=\"elementor-container elementor-column-gap-default\">\n\t\t\t\t\t<div class=\"elementor-column elementor-col-100 elementor-top-column elementor-element elementor-element-2defae2\" data-id=\"2defae2\" data-element_type=\"column\" data-e-type=\"column\">\n\t\t\t<div class=\"elementor-widget-wrap elementor-element-populated\">\n\t\t\t\t\t\t<div class=\"elementor-element elementor-element-20ea9aea elementor-widget elementor-widget-text-editor\" data-id=\"20ea9aea\" data-element_type=\"widget\" data-e-type=\"widget\" data-widget_type=\"text-editor.default\">\n\t\t\t\t<div class=\"elementor-widget-container\">\n\t\t\t\t\t\t\t\t\t<p><strong>Zajrzyj na nasze media spo\u0142eczno\u015bciowe po wi\u0119cej:<\/strong><\/p>\t\t\t\t\t\t\t\t<\/div>\n\t\t\t\t<\/div>\n\t\t\t\t<div class=\"elementor-element elementor-element-8ca1ed1 elementor-shape-rounded elementor-grid-0 e-grid-align-center elementor-widget elementor-widget-social-icons\" data-id=\"8ca1ed1\" data-element_type=\"widget\" data-e-type=\"widget\" data-widget_type=\"social-icons.default\">\n\t\t\t\t<div class=\"elementor-widget-container\">\n\t\t\t\t\t\t\t<div class=\"elementor-social-icons-wrapper elementor-grid\" role=\"list\">\n\t\t\t\t\t\t\t<span class=\"elementor-grid-item\" role=\"listitem\">\n\t\t\t\t\t<a class=\"elementor-icon elementor-social-icon elementor-social-icon-facebook elementor-repeater-item-2354b0d\" href=\"https:\/\/www.facebook.com\/wzdluzdrogi\" target=\"_blank\">\n\t\t\t\t\t\t<span class=\"elementor-screen-only\">Facebook<\/span>\n\t\t\t\t\t\t<i aria-hidden=\"true\" class=\"fab fa-facebook\"><\/i>\t\t\t\t\t<\/a>\n\t\t\t\t<\/span>\n\t\t\t\t\t\t\t<span class=\"elementor-grid-item\" role=\"listitem\">\n\t\t\t\t\t<a class=\"elementor-icon elementor-social-icon elementor-social-icon-instagram elementor-repeater-item-a964718\" href=\"https:\/\/www.instagram.com\/wzdluz_drogi\/?hl=pl\" target=\"_blank\">\n\t\t\t\t\t\t<span class=\"elementor-screen-only\">Instagram<\/span>\n\t\t\t\t\t\t<i aria-hidden=\"true\" class=\"fab fa-instagram\"><\/i>\t\t\t\t\t<\/a>\n\t\t\t\t<\/span>\n\t\t\t\t\t\t\t<span class=\"elementor-grid-item\" role=\"listitem\">\n\t\t\t\t\t<a class=\"elementor-icon elementor-social-icon elementor-social-icon-youtube elementor-repeater-item-9c75202\" href=\"https:\/\/www.youtube.com\/channel\/UCW7xjbHjmE0P5_HMEhlFR5w\" target=\"_blank\">\n\t\t\t\t\t\t<span class=\"elementor-screen-only\">Youtube<\/span>\n\t\t\t\t\t\t<i aria-hidden=\"true\" class=\"fab fa-youtube\"><\/i>\t\t\t\t\t<\/a>\n\t\t\t\t<\/span>\n\t\t\t\t\t<\/div>\n\t\t\t\t\t\t<\/div>\n\t\t\t\t<\/div>\n\t\t\t\t\t<\/div>\n\t\t<\/div>\n\t\t\t\t\t<\/div>\n\t\t<\/section>\n\t\t\t\t<\/div>\n\t\t","protected":false},"excerpt":{"rendered":"<p>Ju\u017c pierwszego dnia uznali\u015bmy, \u017ce Andaluzja jest przepi\u0119kna i \u017ce to totalnie nasz klimat. Blisko do morza, ale i blisko w g\u00f3ry, czyli dla nas idealnie. Uwielbiamy takie miejsca, kt\u00f3r\u0105 \u0142\u0105cz\u0105 w pewien spos\u00f3b jedno z drugim. Jazda serpentynami przez bia\u0142e miasteczka, widoki zapieraj\u0105ce dech w piersiach i zak\u0105tki, gdzie chcia\u0142oby si\u0119 kupi\u0107 dom i &hellip; <\/p>\n","protected":false},"author":1,"featured_media":5026,"comment_status":"open","ping_status":"closed","sticky":false,"template":"","format":"standard","meta":{"_monsterinsights_skip_tracking":false,"footnotes":""},"categories":[117,99,26],"tags":[],"class_list":["post-5082","post","type-post","status-publish","format-standard","has-post-thumbnail","hentry","category-andaluzja","category-hiszpania","category-podroze"],"yoast_head":"<!-- This site is optimized with the Yoast SEO plugin v28.4 - https:\/\/yoast.com\/product\/yoast-seo-wordpress\/ -->\n<title>10 najpi\u0119kniejszych miast Andaluzji. Nasza subiektywna lista - Wzd\u0142u\u017c Drogi<\/title>\n<meta name=\"description\" content=\"Co warto zobaczy\u0107 w Andaluzji? Jakie miasta zwiedzi\u0107 w tym regionie i czego nie warto pomija\u0107? Najpi\u0119kniejsze miasta w Andaluzji.\" \/>\n<meta name=\"robots\" content=\"index, follow, max-snippet:-1, max-image-preview:large, max-video-preview:-1\" \/>\n<link rel=\"canonical\" href=\"https:\/\/www.wzdluzdrogi.pl\/index.php\/2026\/03\/02\/5-miejsc-ktore-musisz-zobaczyc-bedac-w-andaluzji\/\" \/>\n<meta property=\"og:locale\" content=\"pl_PL\" \/>\n<meta property=\"og:type\" content=\"article\" \/>\n<meta property=\"og:title\" content=\"10 najpi\u0119kniejszych miast Andaluzji. Nasza subiektywna lista - Wzd\u0142u\u017c Drogi\" \/>\n<meta property=\"og:description\" content=\"Co warto zobaczy\u0107 w Andaluzji? Jakie miasta zwiedzi\u0107 w tym regionie i czego nie warto pomija\u0107? Najpi\u0119kniejsze miasta w Andaluzji.\" \/>\n<meta property=\"og:url\" content=\"https:\/\/www.wzdluzdrogi.pl\/index.php\/2026\/03\/02\/5-miejsc-ktore-musisz-zobaczyc-bedac-w-andaluzji\/\" \/>\n<meta property=\"og:site_name\" content=\"Wzd\u0142u\u017c Drogi\" \/>\n<meta property=\"article:published_time\" content=\"2026-03-02T10:35:36+00:00\" \/>\n<meta property=\"article:modified_time\" content=\"2026-08-19T08:10:34+00:00\" \/>\n<meta property=\"og:image\" content=\"https:\/\/www.wzdluzdrogi.pl\/wp-content\/uploads\/2026\/02\/MG_3195.jpg\" \/>\n\t<meta property=\"og:image:width\" content=\"1000\" \/>\n\t<meta property=\"og:image:height\" content=\"667\" \/>\n\t<meta property=\"og:image:type\" content=\"image\/jpeg\" \/>\n<meta name=\"author\" content=\"Wzdluzdrogi\" \/>\n<meta name=\"twitter:card\" content=\"summary_large_image\" \/>\n<meta name=\"twitter:label1\" content=\"Napisane przez\" \/>\n\t<meta name=\"twitter:data1\" content=\"Wzdluzdrogi\" \/>\n\t<meta name=\"twitter:label2\" content=\"Szacowany czas czytania\" \/>\n\t<meta name=\"twitter:data2\" content=\"21 minut\" \/>\n<script type=\"application\/ld+json\" class=\"yoast-schema-graph\">{\"@context\":\"https:\\\/\\\/schema.org\",\"@graph\":[{\"@type\":\"Article\",\"@id\":\"https:\\\/\\\/www.wzdluzdrogi.pl\\\/index.php\\\/2026\\\/03\\\/02\\\/5-miejsc-ktore-musisz-zobaczyc-bedac-w-andaluzji\\\/#article\",\"isPartOf\":{\"@id\":\"https:\\\/\\\/www.wzdluzdrogi.pl\\\/index.php\\\/2026\\\/03\\\/02\\\/5-miejsc-ktore-musisz-zobaczyc-bedac-w-andaluzji\\\/\"},\"author\":{\"name\":\"Wzdluzdrogi\",\"@id\":\"https:\\\/\\\/www.wzdluzdrogi.pl\\\/#\\\/schema\\\/person\\\/74e57cccc529edf05c11ceaff979bf00\"},\"headline\":\"10 najpi\u0119kniejszych miast Andaluzji. Nasza subiektywna lista\",\"datePublished\":\"2026-03-02T10:35:36+00:00\",\"dateModified\":\"2026-08-19T08:10:34+00:00\",\"mainEntityOfPage\":{\"@id\":\"https:\\\/\\\/www.wzdluzdrogi.pl\\\/index.php\\\/2026\\\/03\\\/02\\\/5-miejsc-ktore-musisz-zobaczyc-bedac-w-andaluzji\\\/\"},\"wordCount\":2947,\"commentCount\":0,\"image\":{\"@id\":\"https:\\\/\\\/www.wzdluzdrogi.pl\\\/index.php\\\/2026\\\/03\\\/02\\\/5-miejsc-ktore-musisz-zobaczyc-bedac-w-andaluzji\\\/#primaryimage\"},\"thumbnailUrl\":\"https:\\\/\\\/www.wzdluzdrogi.pl\\\/wp-content\\\/uploads\\\/2026\\\/02\\\/MG_3195.jpg\",\"articleSection\":[\"Andaluzja\",\"Hiszpania\",\"Podr\u00f3\u017ce\"],\"inLanguage\":\"pl-PL\",\"potentialAction\":[{\"@type\":\"CommentAction\",\"name\":\"Comment\",\"target\":[\"https:\\\/\\\/www.wzdluzdrogi.pl\\\/index.php\\\/2026\\\/03\\\/02\\\/5-miejsc-ktore-musisz-zobaczyc-bedac-w-andaluzji\\\/#respond\"]}]},{\"@type\":\"WebPage\",\"@id\":\"https:\\\/\\\/www.wzdluzdrogi.pl\\\/index.php\\\/2026\\\/03\\\/02\\\/5-miejsc-ktore-musisz-zobaczyc-bedac-w-andaluzji\\\/\",\"url\":\"https:\\\/\\\/www.wzdluzdrogi.pl\\\/index.php\\\/2026\\\/03\\\/02\\\/5-miejsc-ktore-musisz-zobaczyc-bedac-w-andaluzji\\\/\",\"name\":\"10 najpi\u0119kniejszych miast Andaluzji. Nasza subiektywna lista - Wzd\u0142u\u017c Drogi\",\"isPartOf\":{\"@id\":\"https:\\\/\\\/www.wzdluzdrogi.pl\\\/#website\"},\"primaryImageOfPage\":{\"@id\":\"https:\\\/\\\/www.wzdluzdrogi.pl\\\/index.php\\\/2026\\\/03\\\/02\\\/5-miejsc-ktore-musisz-zobaczyc-bedac-w-andaluzji\\\/#primaryimage\"},\"image\":{\"@id\":\"https:\\\/\\\/www.wzdluzdrogi.pl\\\/index.php\\\/2026\\\/03\\\/02\\\/5-miejsc-ktore-musisz-zobaczyc-bedac-w-andaluzji\\\/#primaryimage\"},\"thumbnailUrl\":\"https:\\\/\\\/www.wzdluzdrogi.pl\\\/wp-content\\\/uploads\\\/2026\\\/02\\\/MG_3195.jpg\",\"datePublished\":\"2026-03-02T10:35:36+00:00\",\"dateModified\":\"2026-08-19T08:10:34+00:00\",\"author\":{\"@id\":\"https:\\\/\\\/www.wzdluzdrogi.pl\\\/#\\\/schema\\\/person\\\/74e57cccc529edf05c11ceaff979bf00\"},\"description\":\"Co warto zobaczy\u0107 w Andaluzji? Jakie miasta zwiedzi\u0107 w tym regionie i czego nie warto pomija\u0107? Najpi\u0119kniejsze miasta w Andaluzji.\",\"breadcrumb\":{\"@id\":\"https:\\\/\\\/www.wzdluzdrogi.pl\\\/index.php\\\/2026\\\/03\\\/02\\\/5-miejsc-ktore-musisz-zobaczyc-bedac-w-andaluzji\\\/#breadcrumb\"},\"inLanguage\":\"pl-PL\",\"potentialAction\":[{\"@type\":\"ReadAction\",\"target\":[\"https:\\\/\\\/www.wzdluzdrogi.pl\\\/index.php\\\/2026\\\/03\\\/02\\\/5-miejsc-ktore-musisz-zobaczyc-bedac-w-andaluzji\\\/\"]}]},{\"@type\":\"ImageObject\",\"inLanguage\":\"pl-PL\",\"@id\":\"https:\\\/\\\/www.wzdluzdrogi.pl\\\/index.php\\\/2026\\\/03\\\/02\\\/5-miejsc-ktore-musisz-zobaczyc-bedac-w-andaluzji\\\/#primaryimage\",\"url\":\"https:\\\/\\\/www.wzdluzdrogi.pl\\\/wp-content\\\/uploads\\\/2026\\\/02\\\/MG_3195.jpg\",\"contentUrl\":\"https:\\\/\\\/www.wzdluzdrogi.pl\\\/wp-content\\\/uploads\\\/2026\\\/02\\\/MG_3195.jpg\",\"width\":1000,\"height\":667},{\"@type\":\"BreadcrumbList\",\"@id\":\"https:\\\/\\\/www.wzdluzdrogi.pl\\\/index.php\\\/2026\\\/03\\\/02\\\/5-miejsc-ktore-musisz-zobaczyc-bedac-w-andaluzji\\\/#breadcrumb\",\"itemListElement\":[{\"@type\":\"ListItem\",\"position\":1,\"name\":\"Strona g\u0142\u00f3wna\",\"item\":\"https:\\\/\\\/www.wzdluzdrogi.pl\\\/\"},{\"@type\":\"ListItem\",\"position\":2,\"name\":\"10 najpi\u0119kniejszych miast Andaluzji. Nasza subiektywna lista\"}]},{\"@type\":\"WebSite\",\"@id\":\"https:\\\/\\\/www.wzdluzdrogi.pl\\\/#website\",\"url\":\"https:\\\/\\\/www.wzdluzdrogi.pl\\\/\",\"name\":\"Wzd\u0142u\u017c Drogi\",\"description\":\"Podr\u00f3\u017ce w rytmie slow\",\"potentialAction\":[{\"@type\":\"SearchAction\",\"target\":{\"@type\":\"EntryPoint\",\"urlTemplate\":\"https:\\\/\\\/www.wzdluzdrogi.pl\\\/?s={search_term_string}\"},\"query-input\":{\"@type\":\"PropertyValueSpecification\",\"valueRequired\":true,\"valueName\":\"search_term_string\"}}],\"inLanguage\":\"pl-PL\"},{\"@type\":\"Person\",\"@id\":\"https:\\\/\\\/www.wzdluzdrogi.pl\\\/#\\\/schema\\\/person\\\/74e57cccc529edf05c11ceaff979bf00\",\"name\":\"Wzdluzdrogi\",\"image\":{\"@type\":\"ImageObject\",\"inLanguage\":\"pl-PL\",\"@id\":\"https:\\\/\\\/secure.gravatar.com\\\/avatar\\\/d189c127dfcec570c4a8d872ee01b960b024bc82496e1af190aae1233506d038?s=96&d=mm&r=g\",\"url\":\"https:\\\/\\\/secure.gravatar.com\\\/avatar\\\/d189c127dfcec570c4a8d872ee01b960b024bc82496e1af190aae1233506d038?s=96&d=mm&r=g\",\"contentUrl\":\"https:\\\/\\\/secure.gravatar.com\\\/avatar\\\/d189c127dfcec570c4a8d872ee01b960b024bc82496e1af190aae1233506d038?s=96&d=mm&r=g\",\"caption\":\"Wzdluzdrogi\"},\"sameAs\":[\"http:\\\/\\\/www.wzdluzdrogi.pl\"],\"url\":\"https:\\\/\\\/www.wzdluzdrogi.pl\\\/index.php\\\/author\\\/wzdluzdrogi\\\/\"}]}<\/script>\n<!-- \/ Yoast SEO plugin. -->","yoast_head_json":{"title":"10 najpi\u0119kniejszych miast Andaluzji. Nasza subiektywna lista - Wzd\u0142u\u017c Drogi","description":"Co warto zobaczy\u0107 w Andaluzji? Jakie miasta zwiedzi\u0107 w tym regionie i czego nie warto pomija\u0107? Najpi\u0119kniejsze miasta w Andaluzji.","robots":{"index":"index","follow":"follow","max-snippet":"max-snippet:-1","max-image-preview":"max-image-preview:large","max-video-preview":"max-video-preview:-1"},"canonical":"https:\/\/www.wzdluzdrogi.pl\/index.php\/2026\/03\/02\/5-miejsc-ktore-musisz-zobaczyc-bedac-w-andaluzji\/","og_locale":"pl_PL","og_type":"article","og_title":"10 najpi\u0119kniejszych miast Andaluzji. Nasza subiektywna lista - Wzd\u0142u\u017c Drogi","og_description":"Co warto zobaczy\u0107 w Andaluzji? Jakie miasta zwiedzi\u0107 w tym regionie i czego nie warto pomija\u0107? Najpi\u0119kniejsze miasta w Andaluzji.","og_url":"https:\/\/www.wzdluzdrogi.pl\/index.php\/2026\/03\/02\/5-miejsc-ktore-musisz-zobaczyc-bedac-w-andaluzji\/","og_site_name":"Wzd\u0142u\u017c Drogi","article_published_time":"2026-03-02T10:35:36+00:00","article_modified_time":"2026-08-19T08:10:34+00:00","og_image":[{"width":1000,"height":667,"url":"https:\/\/www.wzdluzdrogi.pl\/wp-content\/uploads\/2026\/02\/MG_3195.jpg","type":"image\/jpeg"}],"author":"Wzdluzdrogi","twitter_card":"summary_large_image","twitter_misc":{"Napisane przez":"Wzdluzdrogi","Szacowany czas czytania":"21 minut"},"schema":{"@context":"https:\/\/schema.org","@graph":[{"@type":"Article","@id":"https:\/\/www.wzdluzdrogi.pl\/index.php\/2026\/03\/02\/5-miejsc-ktore-musisz-zobaczyc-bedac-w-andaluzji\/#article","isPartOf":{"@id":"https:\/\/www.wzdluzdrogi.pl\/index.php\/2026\/03\/02\/5-miejsc-ktore-musisz-zobaczyc-bedac-w-andaluzji\/"},"author":{"name":"Wzdluzdrogi","@id":"https:\/\/www.wzdluzdrogi.pl\/#\/schema\/person\/74e57cccc529edf05c11ceaff979bf00"},"headline":"10 najpi\u0119kniejszych miast Andaluzji. Nasza subiektywna lista","datePublished":"2026-03-02T10:35:36+00:00","dateModified":"2026-08-19T08:10:34+00:00","mainEntityOfPage":{"@id":"https:\/\/www.wzdluzdrogi.pl\/index.php\/2026\/03\/02\/5-miejsc-ktore-musisz-zobaczyc-bedac-w-andaluzji\/"},"wordCount":2947,"commentCount":0,"image":{"@id":"https:\/\/www.wzdluzdrogi.pl\/index.php\/2026\/03\/02\/5-miejsc-ktore-musisz-zobaczyc-bedac-w-andaluzji\/#primaryimage"},"thumbnailUrl":"https:\/\/www.wzdluzdrogi.pl\/wp-content\/uploads\/2026\/02\/MG_3195.jpg","articleSection":["Andaluzja","Hiszpania","Podr\u00f3\u017ce"],"inLanguage":"pl-PL","potentialAction":[{"@type":"CommentAction","name":"Comment","target":["https:\/\/www.wzdluzdrogi.pl\/index.php\/2026\/03\/02\/5-miejsc-ktore-musisz-zobaczyc-bedac-w-andaluzji\/#respond"]}]},{"@type":"WebPage","@id":"https:\/\/www.wzdluzdrogi.pl\/index.php\/2026\/03\/02\/5-miejsc-ktore-musisz-zobaczyc-bedac-w-andaluzji\/","url":"https:\/\/www.wzdluzdrogi.pl\/index.php\/2026\/03\/02\/5-miejsc-ktore-musisz-zobaczyc-bedac-w-andaluzji\/","name":"10 najpi\u0119kniejszych miast Andaluzji. Nasza subiektywna lista - Wzd\u0142u\u017c Drogi","isPartOf":{"@id":"https:\/\/www.wzdluzdrogi.pl\/#website"},"primaryImageOfPage":{"@id":"https:\/\/www.wzdluzdrogi.pl\/index.php\/2026\/03\/02\/5-miejsc-ktore-musisz-zobaczyc-bedac-w-andaluzji\/#primaryimage"},"image":{"@id":"https:\/\/www.wzdluzdrogi.pl\/index.php\/2026\/03\/02\/5-miejsc-ktore-musisz-zobaczyc-bedac-w-andaluzji\/#primaryimage"},"thumbnailUrl":"https:\/\/www.wzdluzdrogi.pl\/wp-content\/uploads\/2026\/02\/MG_3195.jpg","datePublished":"2026-03-02T10:35:36+00:00","dateModified":"2026-08-19T08:10:34+00:00","author":{"@id":"https:\/\/www.wzdluzdrogi.pl\/#\/schema\/person\/74e57cccc529edf05c11ceaff979bf00"},"description":"Co warto zobaczy\u0107 w Andaluzji? Jakie miasta zwiedzi\u0107 w tym regionie i czego nie warto pomija\u0107? Najpi\u0119kniejsze miasta w Andaluzji.","breadcrumb":{"@id":"https:\/\/www.wzdluzdrogi.pl\/index.php\/2026\/03\/02\/5-miejsc-ktore-musisz-zobaczyc-bedac-w-andaluzji\/#breadcrumb"},"inLanguage":"pl-PL","potentialAction":[{"@type":"ReadAction","target":["https:\/\/www.wzdluzdrogi.pl\/index.php\/2026\/03\/02\/5-miejsc-ktore-musisz-zobaczyc-bedac-w-andaluzji\/"]}]},{"@type":"ImageObject","inLanguage":"pl-PL","@id":"https:\/\/www.wzdluzdrogi.pl\/index.php\/2026\/03\/02\/5-miejsc-ktore-musisz-zobaczyc-bedac-w-andaluzji\/#primaryimage","url":"https:\/\/www.wzdluzdrogi.pl\/wp-content\/uploads\/2026\/02\/MG_3195.jpg","contentUrl":"https:\/\/www.wzdluzdrogi.pl\/wp-content\/uploads\/2026\/02\/MG_3195.jpg","width":1000,"height":667},{"@type":"BreadcrumbList","@id":"https:\/\/www.wzdluzdrogi.pl\/index.php\/2026\/03\/02\/5-miejsc-ktore-musisz-zobaczyc-bedac-w-andaluzji\/#breadcrumb","itemListElement":[{"@type":"ListItem","position":1,"name":"Strona g\u0142\u00f3wna","item":"https:\/\/www.wzdluzdrogi.pl\/"},{"@type":"ListItem","position":2,"name":"10 najpi\u0119kniejszych miast Andaluzji. Nasza subiektywna lista"}]},{"@type":"WebSite","@id":"https:\/\/www.wzdluzdrogi.pl\/#website","url":"https:\/\/www.wzdluzdrogi.pl\/","name":"Wzd\u0142u\u017c Drogi","description":"Podr\u00f3\u017ce w rytmie slow","potentialAction":[{"@type":"SearchAction","target":{"@type":"EntryPoint","urlTemplate":"https:\/\/www.wzdluzdrogi.pl\/?s={search_term_string}"},"query-input":{"@type":"PropertyValueSpecification","valueRequired":true,"valueName":"search_term_string"}}],"inLanguage":"pl-PL"},{"@type":"Person","@id":"https:\/\/www.wzdluzdrogi.pl\/#\/schema\/person\/74e57cccc529edf05c11ceaff979bf00","name":"Wzdluzdrogi","image":{"@type":"ImageObject","inLanguage":"pl-PL","@id":"https:\/\/secure.gravatar.com\/avatar\/d189c127dfcec570c4a8d872ee01b960b024bc82496e1af190aae1233506d038?s=96&d=mm&r=g","url":"https:\/\/secure.gravatar.com\/avatar\/d189c127dfcec570c4a8d872ee01b960b024bc82496e1af190aae1233506d038?s=96&d=mm&r=g","contentUrl":"https:\/\/secure.gravatar.com\/avatar\/d189c127dfcec570c4a8d872ee01b960b024bc82496e1af190aae1233506d038?s=96&d=mm&r=g","caption":"Wzdluzdrogi"},"sameAs":["http:\/\/www.wzdluzdrogi.pl"],"url":"https:\/\/www.wzdluzdrogi.pl\/index.php\/author\/wzdluzdrogi\/"}]}},"_links":{"self":[{"href":"https:\/\/www.wzdluzdrogi.pl\/index.php\/wp-json\/wp\/v2\/posts\/5082","targetHints":{"allow":["GET"]}}],"collection":[{"href":"https:\/\/www.wzdluzdrogi.pl\/index.php\/wp-json\/wp\/v2\/posts"}],"about":[{"href":"https:\/\/www.wzdluzdrogi.pl\/index.php\/wp-json\/wp\/v2\/types\/post"}],"author":[{"embeddable":true,"href":"https:\/\/www.wzdluzdrogi.pl\/index.php\/wp-json\/wp\/v2\/users\/1"}],"replies":[{"embeddable":true,"href":"https:\/\/www.wzdluzdrogi.pl\/index.php\/wp-json\/wp\/v2\/comments?post=5082"}],"version-history":[{"count":53,"href":"https:\/\/www.wzdluzdrogi.pl\/index.php\/wp-json\/wp\/v2\/posts\/5082\/revisions"}],"predecessor-version":[{"id":7319,"href":"https:\/\/www.wzdluzdrogi.pl\/index.php\/wp-json\/wp\/v2\/posts\/5082\/revisions\/7319"}],"wp:featuredmedia":[{"embeddable":true,"href":"https:\/\/www.wzdluzdrogi.pl\/index.php\/wp-json\/wp\/v2\/media\/5026"}],"wp:attachment":[{"href":"https:\/\/www.wzdluzdrogi.pl\/index.php\/wp-json\/wp\/v2\/media?parent=5082"}],"wp:term":[{"taxonomy":"category","embeddable":true,"href":"https:\/\/www.wzdluzdrogi.pl\/index.php\/wp-json\/wp\/v2\/categories?post=5082"},{"taxonomy":"post_tag","embeddable":true,"href":"https:\/\/www.wzdluzdrogi.pl\/index.php\/wp-json\/wp\/v2\/tags?post=5082"}],"curies":[{"name":"wp","href":"https:\/\/api.w.org\/{rel}","templated":true}]}}