{"id":882,"date":"2018-12-11T22:11:51","date_gmt":"2018-12-11T21:11:51","guid":{"rendered":"http:\/\/www.wzdluzdrogi.pl\/?p=882"},"modified":"2021-02-22T16:15:29","modified_gmt":"2021-02-22T15:15:29","slug":"swieta-bozego-narodzenia-w-danii","status":"publish","type":"post","link":"https:\/\/www.wzdluzdrogi.pl\/index.php\/2018\/12\/11\/swieta-bozego-narodzenia-w-danii\/","title":{"rendered":"\u015aWI\u0118TA BO\u017bEGO NARODZENIA W DANII"},"content":{"rendered":"\n<p>Ka\u017cda kultura inaczej podchodzi do sp\u0119dzania tych wyj\u0105tkowych \u015bwi\u0105t. Ka\u017cda z nich ma jak\u0105\u015b urocz\u0105 tradycj\u0119, kt\u00f3r\u0105 rok w rok powtarza. My mamy Kevina i gwiazdy \u015bpiewaj\u0105ce kol\u0119dy na TVP1, a co ogl\u0105daj\u0105 w telewizji Du\u0144czycy?<\/p>\n\n\n\n<hr class=\"wp-block-separator\"\/>\n\n\n\n<div style=\"height:20px\" aria-hidden=\"true\" class=\"wp-block-spacer\"><\/div>\n\n\n\n<p>\u015awi\u0119ta Bo\u017conarodzeniowe to moim zdaniem najbardziej klimatyczny czas w roku. Ulice miasta, cho\u0107 szybciej mroczne za spraw\u0105 kr\u00f3tkich zimowych dni, przyozdobione s\u0105 kolorowymi, mieni\u0105cymi si\u0119 lampkami, kt\u00f3re wr\u0119cz zach\u0119caj\u0105 do d\u0142u\u017cszych spacer\u00f3w. Pomijaj\u0105c ju\u017c ten komercyjny atut \u015bwi\u0105t, to kojarz\u0105 nam si\u0119 one przede wszystkim z powrotem do domu i momentem, kiedy znowu razem z rodzin\u0105 zasi\u0105dziemy przy jednym stole.<\/p>\n\n\n\n<p>Du\u0144czycy r\u00f3wnie\u017c zasiadaj\u0105 do jednego sto\u0142u. Jednak zamiast le\u017c\u0105cego na nim karpia, na \u015bwi\u0105tecznym stole kr\u00f3luje g\u0119\u015b, kaczka albo indyk. Ponadto, gl\u00f8gg, czyli grzane wino pochodz\u0105ce ze Szwecji, kt\u00f3re ju\u017c wiele dni przed \u015bwi\u0119tami stoi na honorowych p\u00f3\u0142kach sklepowych. Zanim jednak nadchodzi Wigilijny czas, Du\u0144czycy maj\u0105 kilka innych ciekawych tradycji do spe\u0142nienia.<\/p>\n\n\n\n<hr class=\"wp-block-separator\"\/>\n\n\n\n<div style=\"height:20px\" aria-hidden=\"true\" class=\"wp-block-spacer\"><\/div>\n\n\n\n<h2 class=\"wp-block-heading\">TELEWIZYJNY KALENDARZ ADWENTOWY<\/h2>\n\n\n\n<p>Wyobra\u017cacie sobie, gdyby \u201eKevin sam w domu\u201d by\u0142 serialem z 24 odcinkami, kt\u00f3ry ka\u017cdego dnia mogliby\u015bmy ogl\u0105da\u0107 w telewizji? Ja te\u017c by\u0142abym zafascynowana. Du\u0144czycy mo\u017ce nie maj\u0105 Kevina w odcinkach, ale za to wiele kana\u0142\u00f3w telewizyjnych prowadzi kalendarz adwentowy. Jak to si\u0119 odbywa? Ka\u017cdy kana\u0142 ma sw\u00f3j wybrany serial, kt\u00f3rego odcinki puszczane s\u0105 ka\u017cdego dnia od 1 do 24 grudnia. Odliczaj\u0105 one czas do Wigilii, a ogl\u0105da\u0107 je mo\u017cna zwykle w godzinach popo\u0142udniowych. Z regu\u0142y puszczane produkcje przeznaczone s\u0105 dla ca\u0142ej rodziny. Obejrze\u0107 mo\u017cemy chocia\u017cby Tvillingerne og Julemanden (Bli\u017ani\u0119ta i \u015awi\u0119ty Miko\u0142aj). Serial, kt\u00f3ry notabene kr\u0119cony by\u0142 w P\u00f3\u0142nocnej Jutlandii, do kt\u00f3rej mamy s\u0142abo\u015b\u0107.<\/p>\n\n\n\n<hr class=\"wp-block-separator\"\/>\n\n\n\n<div style=\"height:20px\" aria-hidden=\"true\" class=\"wp-block-spacer\"><\/div>\n\n\n\n<h2 class=\"wp-block-heading\">JULEFROKOST<\/h2>\n\n\n\n<p>Du\u017ca cz\u0119\u015b\u0107 Du\u0144czyk\u00f3w ko\u0144czy prac\u0119 23 grudnia, po czym rozpoczyna \u015bwi\u0105teczne ferie, kt\u00f3re trwaj\u0105 3 dni \u2013 cho\u0107 oczywiste, \u017ce wszystko zale\u017cy od wykonywanej profesji. Zanim jednak \u015bwi\u0119ta nadejd\u0105, wi\u0119kszo\u015b\u0107 du\u0144skich firm organizuje Julefrokost, czyli prosto t\u0142umacz\u0105c, \u015bwi\u0105teczny obiad. Firmowe obiady s\u0105 organizowane dla wszystkich pracownik\u00f3w i cz\u0119sto odbywaj\u0105 si\u0119 w hotelach albo restauracjach. Julefrokost, kt\u00f3ry mo\u017cna nazwa\u0107 poniek\u0105d tradycj\u0105, sta\u0142 si\u0119 dzia\u0142aniem firmowym, kt\u00f3ry ma na celu budowa\u0107 dobr\u0105 relacj\u0119 mi\u0119dzy pracownikami, a szefostwem. Na du\u0144skim, firmowym, przed\u015bwi\u0105tecznym obiedzie zazwyczaj serwowane s\u0105 du\u0144skie specja\u0142y, jak leverpostej, czyli pieczony pasztet i sm\u00f8rrebr\u00f8d, du\u0144skie kanapki.<\/p>\n\n\n\n<p><\/p>\n\n\n\n<hr class=\"wp-block-separator\"\/>\n\n\n\n<div style=\"height:20px\" aria-hidden=\"true\" class=\"wp-block-spacer\"><\/div>\n\n\n\n<h2 class=\"wp-block-heading\">DISNEY JULESHOW<\/h2>\n\n\n\n<p>24 grudnia w Polskiej telewizji nie mo\u017ce zabrakn\u0105\u0107 Kevina, albo gwiazd \u015bpiewaj\u0105cych kol\u0119dy. Du\u0144czycy za to zasiadaj\u0105 do Disney Juleshow. A co to takiego? To serial animowany, stworzony z wyci\u0119tych fragment\u00f3w, pochodz\u0105cych z kultowych bajek disneyowskich, kt\u00f3re ponadto na t\u0119 okazj\u0119 dostaj\u0105 cz\u0119sto nowy, bardziej \u015bwi\u0105teczny dubbing. Nic specjalnego? Mylicie si\u0119. W zesz\u0142ym roku podczas trwania Disney Juleshow przed telewizory zasiad\u0142o ponad 3,5 miliona mieszka\u0144c\u00f3w Skandynawii. A tym samym program ten sta\u0142 si\u0119 najch\u0119tniej ogl\u0105danym programem roku.<\/p>\n\n\n\n<hr class=\"wp-block-separator\"\/>\n\n\n\n<div style=\"height:20px\" aria-hidden=\"true\" class=\"wp-block-spacer\"><\/div>\n\n\n\n<h2 class=\"wp-block-heading\">MANDELGAVE<\/h2>\n\n\n\n<p>Risalamande to jeden z wy\u015bmienitych du\u0144skich tradycyjnych specja\u0142\u00f3w! M\u00f3wi\u0119 powa\u017cnie! Ka\u017cdego roku czekam z ut\u0119sknieniem, a\u017c zaczyna masowo pojawia\u0107 si\u0119 na sklepowych p\u00f3\u0142kach. Przepyszny deser przypomina troch\u0119 nasz ry\u017c na mleku, jednak o ile ry\u017c na mleku nigdy mi nie smakowa\u0142, o tyle Risalamande ma zupe\u0142nie inny, lepszy smak. Deser robi si\u0119 bowiem z tytu\u0142owego ry\u017cu z dodatkiem migda\u0142\u00f3w, mleka, wanilii, cukru i bitej \u015bmietany. Cz\u0119sto podawany jest z kirseb\u00e6rsauce, czyli sosem z wi\u015bni. Ale co ma to do du\u0144skich tradycji? A to, \u017ce deser ten wykorzystywany jest to Mandelgave, w prostym t\u0142umaczeniu oznacza to migda\u0142owy prezent. Tradycja nakazuje, \u017ce ten, kt\u00f3ry w miseczce swojego Risalamande odnajdzie ca\u0142y migda\u0142 dostaje dodatkowy prezencik, w dawnych czasach marcepanow\u0105 \u015bwink\u0119, teraz zwykle co\u015b s\u0142odkiego. Ponadto, ma r\u00f3wnie\u017c szans\u0119 rozda\u0107 pierwszy prezent spod choinki.<\/p>\n\n\n\n<div style=\"height:20px\" aria-hidden=\"true\" class=\"wp-block-spacer\"><\/div>\n\n\n\n<hr class=\"wp-block-separator is-style-wide\"\/>\n\n\n\n<p class=\"has-text-align-center\"><strong>ZOBACZ R\u00d3WNIE\u017b:<\/strong><\/p>\n\n\n\n<p class=\"has-text-align-center\"><a rel=\"noreferrer noopener\" href=\"http:\/\/www.wzdluzdrogi.pl\/index.php\/2018\/12\/20\/tradycyjne-dania-swiateczne-w-danii\/\" target=\"_blank\">TRADYCYJNE DANIA \u015aWI\u0104TECZNE W DANII<\/a><br><a href=\"http:\/\/www.wzdluzdrogi.pl\/index.php\/2018\/12\/18\/tradycyjne-dunskie-ozdoby-swiateczne\/\">TRADYCYJNE DU\u0143SKIE OZDOBY \u015aWI\u0104TECZNE<\/a><\/p>\n\n\n\n<hr class=\"wp-block-separator is-style-wide\"\/>\n\n\n\n<p class=\"has-text-align-center\">Kt\u00f3ra z du\u0144skich tradycji najbardziej przypad\u0142a Wam do gustu? Piszcie w komentarzach!<\/p>\n\n\n\n<ul class=\"wp-block-social-links is-layout-flex wp-block-social-links-is-layout-flex\"><li class=\"wp-social-link wp-social-link-facebook  wp-block-social-link\"><a href=\"https:\/\/www.facebook.com\/wzdluzdrogi\" class=\"wp-block-social-link-anchor\"><svg width=\"24\" height=\"24\" viewBox=\"0 0 24 24\" version=\"1.1\" xmlns=\"http:\/\/www.w3.org\/2000\/svg\" aria-hidden=\"true\" focusable=\"false\"><path d=\"M12 2C6.5 2 2 6.5 2 12c0 5 3.7 9.1 8.4 9.9v-7H7.9V12h2.5V9.8c0-2.5 1.5-3.9 3.8-3.9 1.1 0 2.2.2 2.2.2v2.5h-1.3c-1.2 0-1.6.8-1.6 1.6V12h2.8l-.4 2.9h-2.3v7C18.3 21.1 22 17 22 12c0-5.5-4.5-10-10-10z\"><\/path><\/svg><span class=\"wp-block-social-link-label screen-reader-text\">Facebook<\/span><\/a><\/li>\n\n\n\n<li class=\"wp-social-link wp-social-link-instagram  wp-block-social-link\"><a href=\"https:\/\/www.instagram.com\/wzdluz_drogi\/?hl=pl\" class=\"wp-block-social-link-anchor\"><svg width=\"24\" height=\"24\" viewBox=\"0 0 24 24\" version=\"1.1\" xmlns=\"http:\/\/www.w3.org\/2000\/svg\" aria-hidden=\"true\" focusable=\"false\"><path d=\"M12,4.622c2.403,0,2.688,0.009,3.637,0.052c0.877,0.04,1.354,0.187,1.671,0.31c0.42,0.163,0.72,0.358,1.035,0.673 c0.315,0.315,0.51,0.615,0.673,1.035c0.123,0.317,0.27,0.794,0.31,1.671c0.043,0.949,0.052,1.234,0.052,3.637 s-0.009,2.688-0.052,3.637c-0.04,0.877-0.187,1.354-0.31,1.671c-0.163,0.42-0.358,0.72-0.673,1.035 c-0.315,0.315-0.615,0.51-1.035,0.673c-0.317,0.123-0.794,0.27-1.671,0.31c-0.949,0.043-1.233,0.052-3.637,0.052 s-2.688-0.009-3.637-0.052c-0.877-0.04-1.354-0.187-1.671-0.31c-0.42-0.163-0.72-0.358-1.035-0.673 c-0.315-0.315-0.51-0.615-0.673-1.035c-0.123-0.317-0.27-0.794-0.31-1.671C4.631,14.688,4.622,14.403,4.622,12 s0.009-2.688,0.052-3.637c0.04-0.877,0.187-1.354,0.31-1.671c0.163-0.42,0.358-0.72,0.673-1.035 c0.315-0.315,0.615-0.51,1.035-0.673c0.317-0.123,0.794-0.27,1.671-0.31C9.312,4.631,9.597,4.622,12,4.622 M12,3 C9.556,3,9.249,3.01,8.289,3.054C7.331,3.098,6.677,3.25,6.105,3.472C5.513,3.702,5.011,4.01,4.511,4.511 c-0.5,0.5-0.808,1.002-1.038,1.594C3.25,6.677,3.098,7.331,3.054,8.289C3.01,9.249,3,9.556,3,12c0,2.444,0.01,2.751,0.054,3.711 c0.044,0.958,0.196,1.612,0.418,2.185c0.23,0.592,0.538,1.094,1.038,1.594c0.5,0.5,1.002,0.808,1.594,1.038 c0.572,0.222,1.227,0.375,2.185,0.418C9.249,20.99,9.556,21,12,21s2.751-0.01,3.711-0.054c0.958-0.044,1.612-0.196,2.185-0.418 c0.592-0.23,1.094-0.538,1.594-1.038c0.5-0.5,0.808-1.002,1.038-1.594c0.222-0.572,0.375-1.227,0.418-2.185 C20.99,14.751,21,14.444,21,12s-0.01-2.751-0.054-3.711c-0.044-0.958-0.196-1.612-0.418-2.185c-0.23-0.592-0.538-1.094-1.038-1.594 c-0.5-0.5-1.002-0.808-1.594-1.038c-0.572-0.222-1.227-0.375-2.185-0.418C14.751,3.01,14.444,3,12,3L12,3z M12,7.378 c-2.552,0-4.622,2.069-4.622,4.622S9.448,16.622,12,16.622s4.622-2.069,4.622-4.622S14.552,7.378,12,7.378z M12,15 c-1.657,0-3-1.343-3-3s1.343-3,3-3s3,1.343,3,3S13.657,15,12,15z M16.804,6.116c-0.596,0-1.08,0.484-1.08,1.08 s0.484,1.08,1.08,1.08c0.596,0,1.08-0.484,1.08-1.08S17.401,6.116,16.804,6.116z\"><\/path><\/svg><span class=\"wp-block-social-link-label screen-reader-text\">Instagram<\/span><\/a><\/li>\n\n\n\n<li class=\"wp-social-link wp-social-link-youtube  wp-block-social-link\"><a href=\"https:\/\/www.youtube.com\/channel\/UCW7xjbHjmE0P5_HMEhlFR5w\" class=\"wp-block-social-link-anchor\"><svg width=\"24\" height=\"24\" viewBox=\"0 0 24 24\" version=\"1.1\" xmlns=\"http:\/\/www.w3.org\/2000\/svg\" aria-hidden=\"true\" focusable=\"false\"><path d=\"M21.8,8.001c0,0-0.195-1.378-0.795-1.985c-0.76-0.797-1.613-0.801-2.004-0.847c-2.799-0.202-6.997-0.202-6.997-0.202 h-0.009c0,0-4.198,0-6.997,0.202C4.608,5.216,3.756,5.22,2.995,6.016C2.395,6.623,2.2,8.001,2.2,8.001S2,9.62,2,11.238v1.517 c0,1.618,0.2,3.237,0.2,3.237s0.195,1.378,0.795,1.985c0.761,0.797,1.76,0.771,2.205,0.855c1.6,0.153,6.8,0.201,6.8,0.201 s4.203-0.006,7.001-0.209c0.391-0.047,1.243-0.051,2.004-0.847c0.6-0.607,0.795-1.985,0.795-1.985s0.2-1.618,0.2-3.237v-1.517 C22,9.62,21.8,8.001,21.8,8.001z M9.935,14.594l-0.001-5.62l5.404,2.82L9.935,14.594z\"><\/path><\/svg><span class=\"wp-block-social-link-label screen-reader-text\">YouTube<\/span><\/a><\/li><\/ul>\n\n\n\n<p class=\"has-text-align-center\"><\/p>\n","protected":false},"excerpt":{"rendered":"<p>Ka\u017cda kultura inaczej podchodzi do sp\u0119dzania tych wyj\u0105tkowych \u015bwi\u0105t. Ka\u017cda z nich ma jak\u0105\u015b urocz\u0105 tradycj\u0119, kt\u00f3r\u0105 rok w rok powtarza. My mamy Kevina i gwiazdy \u015bpiewaj\u0105ce kol\u0119dy na TVP1, a co ogl\u0105daj\u0105 w telewizji Du\u0144czycy? \u015awi\u0119ta Bo\u017conarodzeniowe to moim zdaniem najbardziej klimatyczny czas w roku. Ulice miasta, cho\u0107 szybciej mroczne za spraw\u0105 kr\u00f3tkich zimowych &hellip; <\/p>\n","protected":false},"author":3,"featured_media":884,"comment_status":"open","ping_status":"closed","sticky":false,"template":"","format":"standard","meta":{"_monsterinsights_skip_tracking":false,"_monsterinsights_sitenote_active":false,"_monsterinsights_sitenote_note":"","_monsterinsights_sitenote_category":0,"footnotes":""},"categories":[69,26,62],"tags":[],"class_list":["post-882","post","type-post","status-publish","format-standard","has-post-thumbnail","hentry","category-dania","category-podroze","category-zycie-w-danii"],"yoast_head":"<!-- This site is optimized with the Yoast SEO plugin v26.5 - https:\/\/yoast.com\/wordpress\/plugins\/seo\/ -->\n<title>\u015aWI\u0118TA BO\u017bEGO NARODZENIA W DANII - Wzd\u0142u\u017c Drogi<\/title>\n<meta name=\"description\" content=\"Jak obchodzi si\u0119 Bo\u017ce Narodzenie w Danii? Co jedz\u0105 Du\u0144czycy na \u015bwi\u0105tecznym stole i co ogl\u0105daj\u0105 w telewizji?\" \/>\n<meta name=\"robots\" content=\"index, follow, max-snippet:-1, max-image-preview:large, max-video-preview:-1\" \/>\n<link rel=\"canonical\" href=\"https:\/\/www.wzdluzdrogi.pl\/index.php\/2018\/12\/11\/swieta-bozego-narodzenia-w-danii\/\" \/>\n<meta property=\"og:locale\" content=\"pl_PL\" \/>\n<meta property=\"og:type\" content=\"article\" \/>\n<meta property=\"og:title\" content=\"\u015aWI\u0118TA BO\u017bEGO NARODZENIA W DANII - Wzd\u0142u\u017c Drogi\" \/>\n<meta property=\"og:description\" content=\"Jak obchodzi si\u0119 Bo\u017ce Narodzenie w Danii? Co jedz\u0105 Du\u0144czycy na \u015bwi\u0105tecznym stole i co ogl\u0105daj\u0105 w telewizji?\" \/>\n<meta property=\"og:url\" content=\"https:\/\/www.wzdluzdrogi.pl\/index.php\/2018\/12\/11\/swieta-bozego-narodzenia-w-danii\/\" \/>\n<meta property=\"og:site_name\" content=\"Wzd\u0142u\u017c Drogi\" \/>\n<meta property=\"article:published_time\" content=\"2018-12-11T21:11:51+00:00\" \/>\n<meta property=\"article:modified_time\" content=\"2021-02-22T15:15:29+00:00\" \/>\n<meta property=\"og:image\" content=\"https:\/\/www.wzdluzdrogi.pl\/wp-content\/uploads\/2021\/02\/box-2953722_1920.jpg\" \/>\n\t<meta property=\"og:image:width\" content=\"1600\" \/>\n\t<meta property=\"og:image:height\" content=\"1068\" \/>\n\t<meta property=\"og:image:type\" content=\"image\/jpeg\" \/>\n<meta name=\"author\" content=\"Wzd\u0142u\u017c Drogi\" \/>\n<meta name=\"twitter:card\" content=\"summary_large_image\" \/>\n<meta name=\"twitter:label1\" content=\"Napisane przez\" \/>\n\t<meta name=\"twitter:data1\" content=\"Wzd\u0142u\u017c Drogi\" \/>\n\t<meta name=\"twitter:label2\" content=\"Szacowany czas czytania\" \/>\n\t<meta name=\"twitter:data2\" content=\"3 minuty\" \/>\n<script type=\"application\/ld+json\" class=\"yoast-schema-graph\">{\"@context\":\"https:\/\/schema.org\",\"@graph\":[{\"@type\":\"WebPage\",\"@id\":\"https:\/\/www.wzdluzdrogi.pl\/index.php\/2018\/12\/11\/swieta-bozego-narodzenia-w-danii\/\",\"url\":\"https:\/\/www.wzdluzdrogi.pl\/index.php\/2018\/12\/11\/swieta-bozego-narodzenia-w-danii\/\",\"name\":\"\u015aWI\u0118TA BO\u017bEGO NARODZENIA W DANII - Wzd\u0142u\u017c Drogi\",\"isPartOf\":{\"@id\":\"https:\/\/www.wzdluzdrogi.pl\/#website\"},\"primaryImageOfPage\":{\"@id\":\"https:\/\/www.wzdluzdrogi.pl\/index.php\/2018\/12\/11\/swieta-bozego-narodzenia-w-danii\/#primaryimage\"},\"image\":{\"@id\":\"https:\/\/www.wzdluzdrogi.pl\/index.php\/2018\/12\/11\/swieta-bozego-narodzenia-w-danii\/#primaryimage\"},\"thumbnailUrl\":\"https:\/\/www.wzdluzdrogi.pl\/wp-content\/uploads\/2021\/02\/box-2953722_1920.jpg\",\"datePublished\":\"2018-12-11T21:11:51+00:00\",\"dateModified\":\"2021-02-22T15:15:29+00:00\",\"author\":{\"@id\":\"https:\/\/www.wzdluzdrogi.pl\/#\/schema\/person\/c4851fe74e1df2e0ec5925899cd78458\"},\"description\":\"Jak obchodzi si\u0119 Bo\u017ce Narodzenie w Danii? Co jedz\u0105 Du\u0144czycy na \u015bwi\u0105tecznym stole i co ogl\u0105daj\u0105 w telewizji?\",\"breadcrumb\":{\"@id\":\"https:\/\/www.wzdluzdrogi.pl\/index.php\/2018\/12\/11\/swieta-bozego-narodzenia-w-danii\/#breadcrumb\"},\"inLanguage\":\"pl-PL\",\"potentialAction\":[{\"@type\":\"ReadAction\",\"target\":[\"https:\/\/www.wzdluzdrogi.pl\/index.php\/2018\/12\/11\/swieta-bozego-narodzenia-w-danii\/\"]}]},{\"@type\":\"ImageObject\",\"inLanguage\":\"pl-PL\",\"@id\":\"https:\/\/www.wzdluzdrogi.pl\/index.php\/2018\/12\/11\/swieta-bozego-narodzenia-w-danii\/#primaryimage\",\"url\":\"https:\/\/www.wzdluzdrogi.pl\/wp-content\/uploads\/2021\/02\/box-2953722_1920.jpg\",\"contentUrl\":\"https:\/\/www.wzdluzdrogi.pl\/wp-content\/uploads\/2021\/02\/box-2953722_1920.jpg\",\"width\":1600,\"height\":1068},{\"@type\":\"BreadcrumbList\",\"@id\":\"https:\/\/www.wzdluzdrogi.pl\/index.php\/2018\/12\/11\/swieta-bozego-narodzenia-w-danii\/#breadcrumb\",\"itemListElement\":[{\"@type\":\"ListItem\",\"position\":1,\"name\":\"Strona g\u0142\u00f3wna\",\"item\":\"https:\/\/www.wzdluzdrogi.pl\/\"},{\"@type\":\"ListItem\",\"position\":2,\"name\":\"\u015aWI\u0118TA BO\u017bEGO NARODZENIA W DANII\"}]},{\"@type\":\"WebSite\",\"@id\":\"https:\/\/www.wzdluzdrogi.pl\/#website\",\"url\":\"https:\/\/www.wzdluzdrogi.pl\/\",\"name\":\"Wzd\u0142u\u017c Drogi\",\"description\":\"Podr\u00f3\u017ce w rytmie slow\",\"potentialAction\":[{\"@type\":\"SearchAction\",\"target\":{\"@type\":\"EntryPoint\",\"urlTemplate\":\"https:\/\/www.wzdluzdrogi.pl\/?s={search_term_string}\"},\"query-input\":{\"@type\":\"PropertyValueSpecification\",\"valueRequired\":true,\"valueName\":\"search_term_string\"}}],\"inLanguage\":\"pl-PL\"},{\"@type\":\"Person\",\"@id\":\"https:\/\/www.wzdluzdrogi.pl\/#\/schema\/person\/c4851fe74e1df2e0ec5925899cd78458\",\"name\":\"Wzd\u0142u\u017c Drogi\",\"image\":{\"@type\":\"ImageObject\",\"inLanguage\":\"pl-PL\",\"@id\":\"https:\/\/www.wzdluzdrogi.pl\/#\/schema\/person\/image\/\",\"url\":\"https:\/\/secure.gravatar.com\/avatar\/?s=96&d=mm&r=g\",\"contentUrl\":\"https:\/\/secure.gravatar.com\/avatar\/?s=96&d=mm&r=g\",\"caption\":\"Wzd\u0142u\u017c Drogi\"},\"url\":\"https:\/\/www.wzdluzdrogi.pl\/index.php\/author\/16026377718484071389\/\"}]}<\/script>\n<!-- \/ Yoast SEO plugin. -->","yoast_head_json":{"title":"\u015aWI\u0118TA BO\u017bEGO NARODZENIA W DANII - Wzd\u0142u\u017c Drogi","description":"Jak obchodzi si\u0119 Bo\u017ce Narodzenie w Danii? Co jedz\u0105 Du\u0144czycy na \u015bwi\u0105tecznym stole i co ogl\u0105daj\u0105 w telewizji?","robots":{"index":"index","follow":"follow","max-snippet":"max-snippet:-1","max-image-preview":"max-image-preview:large","max-video-preview":"max-video-preview:-1"},"canonical":"https:\/\/www.wzdluzdrogi.pl\/index.php\/2018\/12\/11\/swieta-bozego-narodzenia-w-danii\/","og_locale":"pl_PL","og_type":"article","og_title":"\u015aWI\u0118TA BO\u017bEGO NARODZENIA W DANII - Wzd\u0142u\u017c Drogi","og_description":"Jak obchodzi si\u0119 Bo\u017ce Narodzenie w Danii? Co jedz\u0105 Du\u0144czycy na \u015bwi\u0105tecznym stole i co ogl\u0105daj\u0105 w telewizji?","og_url":"https:\/\/www.wzdluzdrogi.pl\/index.php\/2018\/12\/11\/swieta-bozego-narodzenia-w-danii\/","og_site_name":"Wzd\u0142u\u017c Drogi","article_published_time":"2018-12-11T21:11:51+00:00","article_modified_time":"2021-02-22T15:15:29+00:00","og_image":[{"width":1600,"height":1068,"url":"https:\/\/www.wzdluzdrogi.pl\/wp-content\/uploads\/2021\/02\/box-2953722_1920.jpg","type":"image\/jpeg"}],"author":"Wzd\u0142u\u017c Drogi","twitter_card":"summary_large_image","twitter_misc":{"Napisane przez":"Wzd\u0142u\u017c Drogi","Szacowany czas czytania":"3 minuty"},"schema":{"@context":"https:\/\/schema.org","@graph":[{"@type":"WebPage","@id":"https:\/\/www.wzdluzdrogi.pl\/index.php\/2018\/12\/11\/swieta-bozego-narodzenia-w-danii\/","url":"https:\/\/www.wzdluzdrogi.pl\/index.php\/2018\/12\/11\/swieta-bozego-narodzenia-w-danii\/","name":"\u015aWI\u0118TA BO\u017bEGO NARODZENIA W DANII - Wzd\u0142u\u017c Drogi","isPartOf":{"@id":"https:\/\/www.wzdluzdrogi.pl\/#website"},"primaryImageOfPage":{"@id":"https:\/\/www.wzdluzdrogi.pl\/index.php\/2018\/12\/11\/swieta-bozego-narodzenia-w-danii\/#primaryimage"},"image":{"@id":"https:\/\/www.wzdluzdrogi.pl\/index.php\/2018\/12\/11\/swieta-bozego-narodzenia-w-danii\/#primaryimage"},"thumbnailUrl":"https:\/\/www.wzdluzdrogi.pl\/wp-content\/uploads\/2021\/02\/box-2953722_1920.jpg","datePublished":"2018-12-11T21:11:51+00:00","dateModified":"2021-02-22T15:15:29+00:00","author":{"@id":"https:\/\/www.wzdluzdrogi.pl\/#\/schema\/person\/c4851fe74e1df2e0ec5925899cd78458"},"description":"Jak obchodzi si\u0119 Bo\u017ce Narodzenie w Danii? Co jedz\u0105 Du\u0144czycy na \u015bwi\u0105tecznym stole i co ogl\u0105daj\u0105 w telewizji?","breadcrumb":{"@id":"https:\/\/www.wzdluzdrogi.pl\/index.php\/2018\/12\/11\/swieta-bozego-narodzenia-w-danii\/#breadcrumb"},"inLanguage":"pl-PL","potentialAction":[{"@type":"ReadAction","target":["https:\/\/www.wzdluzdrogi.pl\/index.php\/2018\/12\/11\/swieta-bozego-narodzenia-w-danii\/"]}]},{"@type":"ImageObject","inLanguage":"pl-PL","@id":"https:\/\/www.wzdluzdrogi.pl\/index.php\/2018\/12\/11\/swieta-bozego-narodzenia-w-danii\/#primaryimage","url":"https:\/\/www.wzdluzdrogi.pl\/wp-content\/uploads\/2021\/02\/box-2953722_1920.jpg","contentUrl":"https:\/\/www.wzdluzdrogi.pl\/wp-content\/uploads\/2021\/02\/box-2953722_1920.jpg","width":1600,"height":1068},{"@type":"BreadcrumbList","@id":"https:\/\/www.wzdluzdrogi.pl\/index.php\/2018\/12\/11\/swieta-bozego-narodzenia-w-danii\/#breadcrumb","itemListElement":[{"@type":"ListItem","position":1,"name":"Strona g\u0142\u00f3wna","item":"https:\/\/www.wzdluzdrogi.pl\/"},{"@type":"ListItem","position":2,"name":"\u015aWI\u0118TA BO\u017bEGO NARODZENIA W DANII"}]},{"@type":"WebSite","@id":"https:\/\/www.wzdluzdrogi.pl\/#website","url":"https:\/\/www.wzdluzdrogi.pl\/","name":"Wzd\u0142u\u017c Drogi","description":"Podr\u00f3\u017ce w rytmie slow","potentialAction":[{"@type":"SearchAction","target":{"@type":"EntryPoint","urlTemplate":"https:\/\/www.wzdluzdrogi.pl\/?s={search_term_string}"},"query-input":{"@type":"PropertyValueSpecification","valueRequired":true,"valueName":"search_term_string"}}],"inLanguage":"pl-PL"},{"@type":"Person","@id":"https:\/\/www.wzdluzdrogi.pl\/#\/schema\/person\/c4851fe74e1df2e0ec5925899cd78458","name":"Wzd\u0142u\u017c Drogi","image":{"@type":"ImageObject","inLanguage":"pl-PL","@id":"https:\/\/www.wzdluzdrogi.pl\/#\/schema\/person\/image\/","url":"https:\/\/secure.gravatar.com\/avatar\/?s=96&d=mm&r=g","contentUrl":"https:\/\/secure.gravatar.com\/avatar\/?s=96&d=mm&r=g","caption":"Wzd\u0142u\u017c Drogi"},"url":"https:\/\/www.wzdluzdrogi.pl\/index.php\/author\/16026377718484071389\/"}]}},"_links":{"self":[{"href":"https:\/\/www.wzdluzdrogi.pl\/index.php\/wp-json\/wp\/v2\/posts\/882","targetHints":{"allow":["GET"]}}],"collection":[{"href":"https:\/\/www.wzdluzdrogi.pl\/index.php\/wp-json\/wp\/v2\/posts"}],"about":[{"href":"https:\/\/www.wzdluzdrogi.pl\/index.php\/wp-json\/wp\/v2\/types\/post"}],"author":[{"embeddable":true,"href":"https:\/\/www.wzdluzdrogi.pl\/index.php\/wp-json\/wp\/v2\/users\/3"}],"replies":[{"embeddable":true,"href":"https:\/\/www.wzdluzdrogi.pl\/index.php\/wp-json\/wp\/v2\/comments?post=882"}],"version-history":[{"count":4,"href":"https:\/\/www.wzdluzdrogi.pl\/index.php\/wp-json\/wp\/v2\/posts\/882\/revisions"}],"predecessor-version":[{"id":1127,"href":"https:\/\/www.wzdluzdrogi.pl\/index.php\/wp-json\/wp\/v2\/posts\/882\/revisions\/1127"}],"wp:featuredmedia":[{"embeddable":true,"href":"https:\/\/www.wzdluzdrogi.pl\/index.php\/wp-json\/wp\/v2\/media\/884"}],"wp:attachment":[{"href":"https:\/\/www.wzdluzdrogi.pl\/index.php\/wp-json\/wp\/v2\/media?parent=882"}],"wp:term":[{"taxonomy":"category","embeddable":true,"href":"https:\/\/www.wzdluzdrogi.pl\/index.php\/wp-json\/wp\/v2\/categories?post=882"},{"taxonomy":"post_tag","embeddable":true,"href":"https:\/\/www.wzdluzdrogi.pl\/index.php\/wp-json\/wp\/v2\/tags?post=882"}],"curies":[{"name":"wp","href":"https:\/\/api.w.org\/{rel}","templated":true}]}}