{"id":886,"date":"2018-12-20T22:17:23","date_gmt":"2018-12-20T21:17:23","guid":{"rendered":"http:\/\/www.wzdluzdrogi.pl\/?p=886"},"modified":"2021-02-23T22:09:08","modified_gmt":"2021-02-23T21:09:08","slug":"tradycyjne-dania-swiateczne-w-danii","status":"publish","type":"post","link":"https:\/\/www.wzdluzdrogi.pl\/index.php\/2018\/12\/20\/tradycyjne-dania-swiateczne-w-danii\/","title":{"rendered":"TRADYCYJNE DANIA \u015aWI\u0104TECZNE W DANII"},"content":{"rendered":"\n<p>Na ka\u017cdym \u015bwi\u0105tecznym stole obowi\u0105zkowo pojawi\u0107 musz\u0105 si\u0119 i \u015bwi\u0105teczne potrawy. Takie, kt\u00f3rych nie jadamy na co dzie\u0144, kt\u00f3re kojarz\u0105 nam si\u0119 tylko z tym cudownym, magicznym czasem i za kt\u00f3rymi t\u0119sknimy przez reszt\u0119 roku. Du\u0144czycy maj\u0105 i swoje specja\u0142y, jak i przek\u0105ski, kt\u00f3re mo\u017cemy znale\u017a\u0107 w sklepach dopiero od grudnia i kt\u00f3re znikaj\u0105 z p\u00f3\u0142ek po \u015bwi\u0119tach, by m\u00f3c t\u0119skni\u0107 za nimi przez nast\u0119pne 11 miesi\u0119cy. Co to takiego? Przeczytajcie sami!<\/p>\n\n\n\n<hr class=\"wp-block-separator\"\/>\n\n\n\n<h2 class=\"wp-block-heading\">Danie g\u0142\u00f3wne<\/h2>\n\n\n\n<p>Na du\u0144skim wigilijnym stole bardzo cz\u0119sto kr\u00f3luje fl\u00e6skesteg czyli, kawa\u0142ek pieczonej \u015bwini w sk\u00f3rze, lub andesteg, czyli pieczona kaczka. Pr\u00f3cz tego nie mo\u017ce zabrakn\u0105\u0107 brunede kartofler, czyli gotowanych ziemniaczk\u00f3w w karmelizowanym cukrze. Do tych wszystkich pyszno\u015bci, oczywi\u015bcie r\u00f8dk\u00e5l i brun sovs \u2013 czerwona kapusta i br\u0105zowy sos.<\/p>\n\n\n\n<p>Po g\u0142\u00f3wnym posi\u0142ku przychodzi czas na deser, a tak\u017ce przek\u0105ski!<\/p>\n\n\n\n<hr class=\"wp-block-separator\"\/>\n\n\n\n<h2 class=\"wp-block-heading\"><br>Deser<\/h2>\n\n\n\n<h3 class=\"wp-block-heading\">Risengr\u00f8d<\/h3>\n\n\n\n<p><br>Ten deser to w\u0142a\u015bciwie nic innego, jak znanym nam wszystkim ry\u017c na mleku. Po latach jednak dosta\u0142 now\u0105 form\u0119 i po zmieleniu go, dodaniu migda\u0142\u00f3w i \u015bmietany, powsta\u0142 Risalamande.<\/p>\n\n\n\n<div style=\"height:20px\" aria-hidden=\"true\" class=\"wp-block-spacer\"><\/div>\n\n\n\n<h3 class=\"wp-block-heading\">Risalamande<\/h3>\n\n\n\n<p>O Risalamande i mandelgave pisali\u015bmy ju\u017c w poprzednim \u015bwi\u0105tecznym wpisie. Jest to przepyszny, tradycyjny du\u0144ski deser z ry\u017cu, g\u0119stej \u015bmietany, migda\u0142\u00f3w, cz\u0119sto polany sosem z wi\u015bni. Co tu wi\u0119cej m\u00f3wi\u0107, je\u017celi b\u0119dziecie mie\u0107 okazj\u0119 go spr\u00f3bowa\u0107, nie zastanawiajcie si\u0119! Pychota!<\/p>\n\n\n\n<div style=\"height:20px\" aria-hidden=\"true\" class=\"wp-block-spacer\"><\/div>\n\n\n\n<h3 class=\"wp-block-heading\">Pebern\u00f8dder<\/h3>\n\n\n\n<p>Pieprzowe orzeszki, gdy\u017c tak\u0105 nosz\u0105 nazw\u0119 w j\u0119zyku Du\u0144skim, to r\u00f3wnie\u017c g\u0142\u0119boko zakorzeniona tradycja \u015bwi\u0105teczna w Danii. Ciasteczka pieczone by\u0142y wraz ze \u015bwi\u0105tecznym chlebem, do kt\u00f3rego resztek ciasta dodawa\u0142o si\u0119 przyprawy (by\u0142y tak drogie, \u017ce generalnie kupowa\u0142o si\u0119 je tylko na \u015bwi\u0119ta) po czym rulowa\u0142o w ma\u0142e kuleczki, przypominaj\u0105ce wygl\u0105dem orzeszki \u2013 st\u0105d ich nazwa. Oczywi\u015bcie teraz przepis na nie jest znacznie \u0142atwiejszy, a g\u0142\u00f3wnymi sk\u0142adnikami jest mleko, cukier, m\u0105ka i t\u0142usta \u015bmietana.<\/p>\n\n\n\n<div style=\"height:20px\" aria-hidden=\"true\" class=\"wp-block-spacer\"><\/div>\n\n\n\n<h3 class=\"wp-block-heading\">\u00c6bleskiver<\/h3>\n\n\n\n<p>Nazwa \u00c6bleskiver oznacza po du\u0144sku skrawki jab\u0142ka, co niekoniecznie przynosi nam na my\u015bl pulchne kuleczki wygl\u0105daj\u0105ce, jak malutkie p\u0105czusie. Wprawdzie tradycyjne ciasteczka, a szczeg\u00f3lnie ich nazwa wywodzi si\u0119 jeszcze z czas\u00f3w, kiedy \u00c6bleskiver rzeczywi\u015bcie robione by\u0142y ze skrawk\u00f3w jab\u0142ek i mog\u0142y przypomina\u0107 form\u0119 znanych nam racuszk\u00f3w. Z latami jednak przeistoczy\u0142y si\u0119 w kuleczki robione na bazie ciasta do nale\u015bnik\u00f3w i w tym momencie nie dodaje si\u0119 do nich nawet jab\u0142ek. Co ciekawe, Du\u0144czycy posiadaj\u0105 specjalne patelnie do pieczenia tych s\u0142odkich p\u0105czusi\u00f3w.<\/p>\n\n\n\n<div style=\"height:20px\" aria-hidden=\"true\" class=\"wp-block-spacer\"><\/div>\n\n\n\n<h3 class=\"wp-block-heading\">Vaniljekranse<\/h3>\n\n\n\n<p>Pieczenie waniliowych wie\u0144c\u00f3w, poniewa\u017c tak si\u0119 nazywaj\u0105, to tak\u017ce stara \u015bwi\u0105teczna tradycja. Ciasteczka wygl\u0105daj\u0105 dosy\u0107 pospolicie i smakuj\u0105 jak zwyk\u0142e kruche ciastka, ale wygl\u0105dem mia\u0142y przypomina\u0107 \u015bwi\u0105teczne wie\u0144ce ozdobne, kt\u00f3re wieszamy na drzwiach wej\u015bciowych.&nbsp;<\/p>\n\n\n\n<div style=\"height:20px\" aria-hidden=\"true\" class=\"wp-block-spacer\"><\/div>\n\n\n\n<h3 class=\"wp-block-heading\">J\u00f8dekage<\/h3>\n\n\n\n<p>\u017bydowskie ciasteczka nosz\u0105 swoj\u0105 nazw\u0119 z czas\u00f3w, kiedy ten typ kruchych ciastek sprzedawany by\u0142 w \u017cydowskich piekarniach. Przepis na ciasteczka zmienia\u0142 si\u0119 z latami, lecz nazwa pozosta\u0142a do dzisiaj. Cz\u0119sto pieczone s\u0105 w okresie Bo\u017cego Narodzenia i zasmakuj\u0105 tym, kt\u00f3rzy uwielbiaj\u0105 cynamon.&nbsp;<\/p>\n\n\n\n<hr class=\"wp-block-separator\"\/>\n\n\n\n<div style=\"height:20px\" aria-hidden=\"true\" class=\"wp-block-spacer\"><\/div>\n\n\n\n<h2 class=\"wp-block-heading\">Alkohol<\/h2>\n\n\n\n<p><\/p>\n\n\n\n<h3 class=\"wp-block-heading\">Gl\u00f8gg&nbsp;<\/h3>\n\n\n\n<p>Grzane wino swoje korzenie ma w Szwecji. Wyrabia si\u0119 je podgrzewaj\u0105c czerwone wino, cukier, mi\u00f3d i dodaj\u0105c do tego imbiru, cynamonu, kardamonu i go\u017adzik\u00f3w. W kilku krajach, mi\u0119dzy innymi te\u017c w Danii, nap\u00f3j ten uwa\u017cany jest za zdrowy i cz\u0119sto spo\u017cywa si\u0119 go podczas przezi\u0119bienia. Oczywi\u015bcie, istniej\u0105 wersj\u0119 alkoholowe, jak i bez alkoholowe. Jakie bardziej pomaga na przezi\u0119bienie? Du\u0144czycy \u015bmiej\u0105 si\u0119 w odpowiedzi. A Wy na to pytanie musicie ju\u017c sami sobie odpowiedzie\u0107 \ud83d\ude09&nbsp;<\/p>\n\n\n\n<div style=\"height:20px\" aria-hidden=\"true\" class=\"wp-block-spacer\"><\/div>\n\n\n\n<h3 class=\"wp-block-heading\">Julebryg<\/h3>\n\n\n\n<p>Ten termin odnosi si\u0119 za to do rodzai piw, kt\u00f3re wysy\u0142ane s\u0105 do handlu na okres \u015bwi\u0105teczny. Julebryg wi\u0119c s\u0105 to piwa z pi\u0119knymi etykietkami, kt\u00f3re kupi\u0107 mo\u017cemy podczas Bo\u017cego Narodzenia. Mo\u017ce Was to dziwi\u0107, ale istnieje jeszcze P\u00e5skebryg, czyli piwa wysy\u0142ane na czas \u015bwi\u0105t Wielkanocnych. Julebryg z regu\u0142y by\u0142y o wiele mocniejsze, ni\u017c zwyk\u0142e piwa (chocia\u017c w dzisiejszych czasach znale\u017a\u0107 mo\u017cemy i te zwyk\u0142e), a ich wysoki procent jak najbardziej pasowa\u0142 do t\u0142ustych wigilijnych potraw.<\/p>\n\n\n\n<hr class=\"wp-block-separator is-style-wide\"\/>\n\n\n\n<p class=\"has-text-align-center\"><strong>ZOBACZ R\u00d3WNIE\u017b:<\/strong><\/p>\n\n\n\n<p class=\"has-text-align-center\"><a rel=\"noreferrer noopener\" href=\"http:\/\/www.wzdluzdrogi.pl\/index.php\/2018\/12\/11\/swieta-bozego-narodzenia-w-danii\/\" target=\"_blank\">\u015aWI\u0118TA BO\u017bEGO NARODZENIA W DANII<\/a><br><a href=\"http:\/\/www.wzdluzdrogi.pl\/index.php\/2018\/12\/18\/tradycyjne-dunskie-ozdoby-swiateczne\/\">TRADYCYJNE DU\u0143SKIE OZDOBY \u015aWI\u0104TECZNE<\/a><\/p>\n\n\n\n<hr class=\"wp-block-separator is-style-wide\"\/>\n\n\n\n<ul class=\"wp-block-social-links is-layout-flex wp-block-social-links-is-layout-flex\"><li class=\"wp-social-link wp-social-link-facebook  wp-block-social-link\"><a href=\"https:\/\/www.facebook.com\/wzdluzdrogi\" class=\"wp-block-social-link-anchor\"><svg width=\"24\" height=\"24\" viewBox=\"0 0 24 24\" version=\"1.1\" xmlns=\"http:\/\/www.w3.org\/2000\/svg\" aria-hidden=\"true\" focusable=\"false\"><path d=\"M12 2C6.5 2 2 6.5 2 12c0 5 3.7 9.1 8.4 9.9v-7H7.9V12h2.5V9.8c0-2.5 1.5-3.9 3.8-3.9 1.1 0 2.2.2 2.2.2v2.5h-1.3c-1.2 0-1.6.8-1.6 1.6V12h2.8l-.4 2.9h-2.3v7C18.3 21.1 22 17 22 12c0-5.5-4.5-10-10-10z\"><\/path><\/svg><span class=\"wp-block-social-link-label screen-reader-text\">Facebook<\/span><\/a><\/li>\n\n\n\n<li class=\"wp-social-link wp-social-link-instagram  wp-block-social-link\"><a href=\"https:\/\/www.instagram.com\/wzdluz_drogi\/?hl=pl\" class=\"wp-block-social-link-anchor\"><svg width=\"24\" height=\"24\" viewBox=\"0 0 24 24\" version=\"1.1\" xmlns=\"http:\/\/www.w3.org\/2000\/svg\" aria-hidden=\"true\" focusable=\"false\"><path d=\"M12,4.622c2.403,0,2.688,0.009,3.637,0.052c0.877,0.04,1.354,0.187,1.671,0.31c0.42,0.163,0.72,0.358,1.035,0.673 c0.315,0.315,0.51,0.615,0.673,1.035c0.123,0.317,0.27,0.794,0.31,1.671c0.043,0.949,0.052,1.234,0.052,3.637 s-0.009,2.688-0.052,3.637c-0.04,0.877-0.187,1.354-0.31,1.671c-0.163,0.42-0.358,0.72-0.673,1.035 c-0.315,0.315-0.615,0.51-1.035,0.673c-0.317,0.123-0.794,0.27-1.671,0.31c-0.949,0.043-1.233,0.052-3.637,0.052 s-2.688-0.009-3.637-0.052c-0.877-0.04-1.354-0.187-1.671-0.31c-0.42-0.163-0.72-0.358-1.035-0.673 c-0.315-0.315-0.51-0.615-0.673-1.035c-0.123-0.317-0.27-0.794-0.31-1.671C4.631,14.688,4.622,14.403,4.622,12 s0.009-2.688,0.052-3.637c0.04-0.877,0.187-1.354,0.31-1.671c0.163-0.42,0.358-0.72,0.673-1.035 c0.315-0.315,0.615-0.51,1.035-0.673c0.317-0.123,0.794-0.27,1.671-0.31C9.312,4.631,9.597,4.622,12,4.622 M12,3 C9.556,3,9.249,3.01,8.289,3.054C7.331,3.098,6.677,3.25,6.105,3.472C5.513,3.702,5.011,4.01,4.511,4.511 c-0.5,0.5-0.808,1.002-1.038,1.594C3.25,6.677,3.098,7.331,3.054,8.289C3.01,9.249,3,9.556,3,12c0,2.444,0.01,2.751,0.054,3.711 c0.044,0.958,0.196,1.612,0.418,2.185c0.23,0.592,0.538,1.094,1.038,1.594c0.5,0.5,1.002,0.808,1.594,1.038 c0.572,0.222,1.227,0.375,2.185,0.418C9.249,20.99,9.556,21,12,21s2.751-0.01,3.711-0.054c0.958-0.044,1.612-0.196,2.185-0.418 c0.592-0.23,1.094-0.538,1.594-1.038c0.5-0.5,0.808-1.002,1.038-1.594c0.222-0.572,0.375-1.227,0.418-2.185 C20.99,14.751,21,14.444,21,12s-0.01-2.751-0.054-3.711c-0.044-0.958-0.196-1.612-0.418-2.185c-0.23-0.592-0.538-1.094-1.038-1.594 c-0.5-0.5-1.002-0.808-1.594-1.038c-0.572-0.222-1.227-0.375-2.185-0.418C14.751,3.01,14.444,3,12,3L12,3z M12,7.378 c-2.552,0-4.622,2.069-4.622,4.622S9.448,16.622,12,16.622s4.622-2.069,4.622-4.622S14.552,7.378,12,7.378z M12,15 c-1.657,0-3-1.343-3-3s1.343-3,3-3s3,1.343,3,3S13.657,15,12,15z M16.804,6.116c-0.596,0-1.08,0.484-1.08,1.08 s0.484,1.08,1.08,1.08c0.596,0,1.08-0.484,1.08-1.08S17.401,6.116,16.804,6.116z\"><\/path><\/svg><span class=\"wp-block-social-link-label screen-reader-text\">Instagram<\/span><\/a><\/li>\n\n\n\n<li class=\"wp-social-link wp-social-link-youtube  wp-block-social-link\"><a href=\"https:\/\/www.youtube.com\/channel\/UCW7xjbHjmE0P5_HMEhlFR5w\" class=\"wp-block-social-link-anchor\"><svg width=\"24\" height=\"24\" viewBox=\"0 0 24 24\" version=\"1.1\" xmlns=\"http:\/\/www.w3.org\/2000\/svg\" aria-hidden=\"true\" focusable=\"false\"><path d=\"M21.8,8.001c0,0-0.195-1.378-0.795-1.985c-0.76-0.797-1.613-0.801-2.004-0.847c-2.799-0.202-6.997-0.202-6.997-0.202 h-0.009c0,0-4.198,0-6.997,0.202C4.608,5.216,3.756,5.22,2.995,6.016C2.395,6.623,2.2,8.001,2.2,8.001S2,9.62,2,11.238v1.517 c0,1.618,0.2,3.237,0.2,3.237s0.195,1.378,0.795,1.985c0.761,0.797,1.76,0.771,2.205,0.855c1.6,0.153,6.8,0.201,6.8,0.201 s4.203-0.006,7.001-0.209c0.391-0.047,1.243-0.051,2.004-0.847c0.6-0.607,0.795-1.985,0.795-1.985s0.2-1.618,0.2-3.237v-1.517 C22,9.62,21.8,8.001,21.8,8.001z M9.935,14.594l-0.001-5.62l5.404,2.82L9.935,14.594z\"><\/path><\/svg><span class=\"wp-block-social-link-label screen-reader-text\">YouTube<\/span><\/a><\/li><\/ul>\n","protected":false},"excerpt":{"rendered":"<p>Na ka\u017cdym \u015bwi\u0105tecznym stole obowi\u0105zkowo pojawi\u0107 musz\u0105 si\u0119 i \u015bwi\u0105teczne potrawy. Takie, kt\u00f3rych nie jadamy na co dzie\u0144, kt\u00f3re kojarz\u0105 nam si\u0119 tylko z tym cudownym, magicznym czasem i za kt\u00f3rymi t\u0119sknimy przez reszt\u0119 roku. Du\u0144czycy maj\u0105 i swoje specja\u0142y, jak i przek\u0105ski, kt\u00f3re mo\u017cemy znale\u017a\u0107 w sklepach dopiero od grudnia i kt\u00f3re znikaj\u0105 z &hellip; <\/p>\n","protected":false},"author":3,"featured_media":887,"comment_status":"open","ping_status":"closed","sticky":false,"template":"","format":"standard","meta":{"_monsterinsights_skip_tracking":false,"_monsterinsights_sitenote_active":false,"_monsterinsights_sitenote_note":"","_monsterinsights_sitenote_category":0,"footnotes":""},"categories":[69,26,62],"tags":[],"class_list":["post-886","post","type-post","status-publish","format-standard","has-post-thumbnail","hentry","category-dania","category-podroze","category-zycie-w-danii"],"yoast_head":"<!-- This site is optimized with the Yoast SEO plugin v26.5 - https:\/\/yoast.com\/wordpress\/plugins\/seo\/ -->\n<title>TRADYCYJNE DANIA \u015aWI\u0104TECZNE W DANII - Wzd\u0142u\u017c Drogi<\/title>\n<meta name=\"description\" content=\"Tradycyjne dania \u015bwi\u0105teczne w Danii. Zobacz, jakich specja\u0142\u00f3w, nie mo\u017ce zabrakn\u0105\u0107 na du\u0144skim stole \u015bwi\u0105tecznym!\" \/>\n<meta name=\"robots\" content=\"index, follow, max-snippet:-1, max-image-preview:large, max-video-preview:-1\" \/>\n<link rel=\"canonical\" href=\"https:\/\/www.wzdluzdrogi.pl\/index.php\/2018\/12\/20\/tradycyjne-dania-swiateczne-w-danii\/\" \/>\n<meta property=\"og:locale\" content=\"pl_PL\" \/>\n<meta property=\"og:type\" content=\"article\" \/>\n<meta property=\"og:title\" content=\"TRADYCYJNE DANIA \u015aWI\u0104TECZNE W DANII - Wzd\u0142u\u017c Drogi\" \/>\n<meta property=\"og:description\" content=\"Tradycyjne dania \u015bwi\u0105teczne w Danii. Zobacz, jakich specja\u0142\u00f3w, nie mo\u017ce zabrakn\u0105\u0107 na du\u0144skim stole \u015bwi\u0105tecznym!\" \/>\n<meta property=\"og:url\" content=\"https:\/\/www.wzdluzdrogi.pl\/index.php\/2018\/12\/20\/tradycyjne-dania-swiateczne-w-danii\/\" \/>\n<meta property=\"og:site_name\" content=\"Wzd\u0142u\u017c Drogi\" \/>\n<meta property=\"article:published_time\" content=\"2018-12-20T21:17:23+00:00\" \/>\n<meta property=\"article:modified_time\" content=\"2021-02-23T21:09:08+00:00\" \/>\n<meta property=\"og:image\" content=\"https:\/\/www.wzdluzdrogi.pl\/wp-content\/uploads\/2021\/02\/StockSnap_UJJHMJFKVO-e1614114542158.jpg\" \/>\n\t<meta property=\"og:image:width\" content=\"1600\" \/>\n\t<meta property=\"og:image:height\" content=\"920\" \/>\n\t<meta property=\"og:image:type\" content=\"image\/jpeg\" \/>\n<meta name=\"author\" content=\"Wzd\u0142u\u017c Drogi\" \/>\n<meta name=\"twitter:card\" content=\"summary_large_image\" \/>\n<meta name=\"twitter:label1\" content=\"Napisane przez\" \/>\n\t<meta name=\"twitter:data1\" content=\"Wzd\u0142u\u017c Drogi\" \/>\n\t<meta name=\"twitter:label2\" content=\"Szacowany czas czytania\" \/>\n\t<meta name=\"twitter:data2\" content=\"3 minuty\" \/>\n<script type=\"application\/ld+json\" class=\"yoast-schema-graph\">{\"@context\":\"https:\/\/schema.org\",\"@graph\":[{\"@type\":\"WebPage\",\"@id\":\"https:\/\/www.wzdluzdrogi.pl\/index.php\/2018\/12\/20\/tradycyjne-dania-swiateczne-w-danii\/\",\"url\":\"https:\/\/www.wzdluzdrogi.pl\/index.php\/2018\/12\/20\/tradycyjne-dania-swiateczne-w-danii\/\",\"name\":\"TRADYCYJNE DANIA \u015aWI\u0104TECZNE W DANII - Wzd\u0142u\u017c Drogi\",\"isPartOf\":{\"@id\":\"https:\/\/www.wzdluzdrogi.pl\/#website\"},\"primaryImageOfPage\":{\"@id\":\"https:\/\/www.wzdluzdrogi.pl\/index.php\/2018\/12\/20\/tradycyjne-dania-swiateczne-w-danii\/#primaryimage\"},\"image\":{\"@id\":\"https:\/\/www.wzdluzdrogi.pl\/index.php\/2018\/12\/20\/tradycyjne-dania-swiateczne-w-danii\/#primaryimage\"},\"thumbnailUrl\":\"https:\/\/www.wzdluzdrogi.pl\/wp-content\/uploads\/2021\/02\/StockSnap_UJJHMJFKVO-e1614114542158.jpg\",\"datePublished\":\"2018-12-20T21:17:23+00:00\",\"dateModified\":\"2021-02-23T21:09:08+00:00\",\"author\":{\"@id\":\"https:\/\/www.wzdluzdrogi.pl\/#\/schema\/person\/c4851fe74e1df2e0ec5925899cd78458\"},\"description\":\"Tradycyjne dania \u015bwi\u0105teczne w Danii. Zobacz, jakich specja\u0142\u00f3w, nie mo\u017ce zabrakn\u0105\u0107 na du\u0144skim stole \u015bwi\u0105tecznym!\",\"breadcrumb\":{\"@id\":\"https:\/\/www.wzdluzdrogi.pl\/index.php\/2018\/12\/20\/tradycyjne-dania-swiateczne-w-danii\/#breadcrumb\"},\"inLanguage\":\"pl-PL\",\"potentialAction\":[{\"@type\":\"ReadAction\",\"target\":[\"https:\/\/www.wzdluzdrogi.pl\/index.php\/2018\/12\/20\/tradycyjne-dania-swiateczne-w-danii\/\"]}]},{\"@type\":\"ImageObject\",\"inLanguage\":\"pl-PL\",\"@id\":\"https:\/\/www.wzdluzdrogi.pl\/index.php\/2018\/12\/20\/tradycyjne-dania-swiateczne-w-danii\/#primaryimage\",\"url\":\"https:\/\/www.wzdluzdrogi.pl\/wp-content\/uploads\/2021\/02\/StockSnap_UJJHMJFKVO-e1614114542158.jpg\",\"contentUrl\":\"https:\/\/www.wzdluzdrogi.pl\/wp-content\/uploads\/2021\/02\/StockSnap_UJJHMJFKVO-e1614114542158.jpg\",\"width\":1600,\"height\":920},{\"@type\":\"BreadcrumbList\",\"@id\":\"https:\/\/www.wzdluzdrogi.pl\/index.php\/2018\/12\/20\/tradycyjne-dania-swiateczne-w-danii\/#breadcrumb\",\"itemListElement\":[{\"@type\":\"ListItem\",\"position\":1,\"name\":\"Strona g\u0142\u00f3wna\",\"item\":\"https:\/\/www.wzdluzdrogi.pl\/\"},{\"@type\":\"ListItem\",\"position\":2,\"name\":\"TRADYCYJNE DANIA \u015aWI\u0104TECZNE W DANII\"}]},{\"@type\":\"WebSite\",\"@id\":\"https:\/\/www.wzdluzdrogi.pl\/#website\",\"url\":\"https:\/\/www.wzdluzdrogi.pl\/\",\"name\":\"Wzd\u0142u\u017c Drogi\",\"description\":\"Podr\u00f3\u017ce w rytmie slow\",\"potentialAction\":[{\"@type\":\"SearchAction\",\"target\":{\"@type\":\"EntryPoint\",\"urlTemplate\":\"https:\/\/www.wzdluzdrogi.pl\/?s={search_term_string}\"},\"query-input\":{\"@type\":\"PropertyValueSpecification\",\"valueRequired\":true,\"valueName\":\"search_term_string\"}}],\"inLanguage\":\"pl-PL\"},{\"@type\":\"Person\",\"@id\":\"https:\/\/www.wzdluzdrogi.pl\/#\/schema\/person\/c4851fe74e1df2e0ec5925899cd78458\",\"name\":\"Wzd\u0142u\u017c Drogi\",\"image\":{\"@type\":\"ImageObject\",\"inLanguage\":\"pl-PL\",\"@id\":\"https:\/\/www.wzdluzdrogi.pl\/#\/schema\/person\/image\/\",\"url\":\"https:\/\/secure.gravatar.com\/avatar\/?s=96&d=mm&r=g\",\"contentUrl\":\"https:\/\/secure.gravatar.com\/avatar\/?s=96&d=mm&r=g\",\"caption\":\"Wzd\u0142u\u017c Drogi\"},\"url\":\"https:\/\/www.wzdluzdrogi.pl\/index.php\/author\/16026377718484071389\/\"}]}<\/script>\n<!-- \/ Yoast SEO plugin. -->","yoast_head_json":{"title":"TRADYCYJNE DANIA \u015aWI\u0104TECZNE W DANII - Wzd\u0142u\u017c Drogi","description":"Tradycyjne dania \u015bwi\u0105teczne w Danii. Zobacz, jakich specja\u0142\u00f3w, nie mo\u017ce zabrakn\u0105\u0107 na du\u0144skim stole \u015bwi\u0105tecznym!","robots":{"index":"index","follow":"follow","max-snippet":"max-snippet:-1","max-image-preview":"max-image-preview:large","max-video-preview":"max-video-preview:-1"},"canonical":"https:\/\/www.wzdluzdrogi.pl\/index.php\/2018\/12\/20\/tradycyjne-dania-swiateczne-w-danii\/","og_locale":"pl_PL","og_type":"article","og_title":"TRADYCYJNE DANIA \u015aWI\u0104TECZNE W DANII - Wzd\u0142u\u017c Drogi","og_description":"Tradycyjne dania \u015bwi\u0105teczne w Danii. Zobacz, jakich specja\u0142\u00f3w, nie mo\u017ce zabrakn\u0105\u0107 na du\u0144skim stole \u015bwi\u0105tecznym!","og_url":"https:\/\/www.wzdluzdrogi.pl\/index.php\/2018\/12\/20\/tradycyjne-dania-swiateczne-w-danii\/","og_site_name":"Wzd\u0142u\u017c Drogi","article_published_time":"2018-12-20T21:17:23+00:00","article_modified_time":"2021-02-23T21:09:08+00:00","og_image":[{"width":1600,"height":920,"url":"https:\/\/www.wzdluzdrogi.pl\/wp-content\/uploads\/2021\/02\/StockSnap_UJJHMJFKVO-e1614114542158.jpg","type":"image\/jpeg"}],"author":"Wzd\u0142u\u017c Drogi","twitter_card":"summary_large_image","twitter_misc":{"Napisane przez":"Wzd\u0142u\u017c Drogi","Szacowany czas czytania":"3 minuty"},"schema":{"@context":"https:\/\/schema.org","@graph":[{"@type":"WebPage","@id":"https:\/\/www.wzdluzdrogi.pl\/index.php\/2018\/12\/20\/tradycyjne-dania-swiateczne-w-danii\/","url":"https:\/\/www.wzdluzdrogi.pl\/index.php\/2018\/12\/20\/tradycyjne-dania-swiateczne-w-danii\/","name":"TRADYCYJNE DANIA \u015aWI\u0104TECZNE W DANII - Wzd\u0142u\u017c Drogi","isPartOf":{"@id":"https:\/\/www.wzdluzdrogi.pl\/#website"},"primaryImageOfPage":{"@id":"https:\/\/www.wzdluzdrogi.pl\/index.php\/2018\/12\/20\/tradycyjne-dania-swiateczne-w-danii\/#primaryimage"},"image":{"@id":"https:\/\/www.wzdluzdrogi.pl\/index.php\/2018\/12\/20\/tradycyjne-dania-swiateczne-w-danii\/#primaryimage"},"thumbnailUrl":"https:\/\/www.wzdluzdrogi.pl\/wp-content\/uploads\/2021\/02\/StockSnap_UJJHMJFKVO-e1614114542158.jpg","datePublished":"2018-12-20T21:17:23+00:00","dateModified":"2021-02-23T21:09:08+00:00","author":{"@id":"https:\/\/www.wzdluzdrogi.pl\/#\/schema\/person\/c4851fe74e1df2e0ec5925899cd78458"},"description":"Tradycyjne dania \u015bwi\u0105teczne w Danii. Zobacz, jakich specja\u0142\u00f3w, nie mo\u017ce zabrakn\u0105\u0107 na du\u0144skim stole \u015bwi\u0105tecznym!","breadcrumb":{"@id":"https:\/\/www.wzdluzdrogi.pl\/index.php\/2018\/12\/20\/tradycyjne-dania-swiateczne-w-danii\/#breadcrumb"},"inLanguage":"pl-PL","potentialAction":[{"@type":"ReadAction","target":["https:\/\/www.wzdluzdrogi.pl\/index.php\/2018\/12\/20\/tradycyjne-dania-swiateczne-w-danii\/"]}]},{"@type":"ImageObject","inLanguage":"pl-PL","@id":"https:\/\/www.wzdluzdrogi.pl\/index.php\/2018\/12\/20\/tradycyjne-dania-swiateczne-w-danii\/#primaryimage","url":"https:\/\/www.wzdluzdrogi.pl\/wp-content\/uploads\/2021\/02\/StockSnap_UJJHMJFKVO-e1614114542158.jpg","contentUrl":"https:\/\/www.wzdluzdrogi.pl\/wp-content\/uploads\/2021\/02\/StockSnap_UJJHMJFKVO-e1614114542158.jpg","width":1600,"height":920},{"@type":"BreadcrumbList","@id":"https:\/\/www.wzdluzdrogi.pl\/index.php\/2018\/12\/20\/tradycyjne-dania-swiateczne-w-danii\/#breadcrumb","itemListElement":[{"@type":"ListItem","position":1,"name":"Strona g\u0142\u00f3wna","item":"https:\/\/www.wzdluzdrogi.pl\/"},{"@type":"ListItem","position":2,"name":"TRADYCYJNE DANIA \u015aWI\u0104TECZNE W DANII"}]},{"@type":"WebSite","@id":"https:\/\/www.wzdluzdrogi.pl\/#website","url":"https:\/\/www.wzdluzdrogi.pl\/","name":"Wzd\u0142u\u017c Drogi","description":"Podr\u00f3\u017ce w rytmie slow","potentialAction":[{"@type":"SearchAction","target":{"@type":"EntryPoint","urlTemplate":"https:\/\/www.wzdluzdrogi.pl\/?s={search_term_string}"},"query-input":{"@type":"PropertyValueSpecification","valueRequired":true,"valueName":"search_term_string"}}],"inLanguage":"pl-PL"},{"@type":"Person","@id":"https:\/\/www.wzdluzdrogi.pl\/#\/schema\/person\/c4851fe74e1df2e0ec5925899cd78458","name":"Wzd\u0142u\u017c Drogi","image":{"@type":"ImageObject","inLanguage":"pl-PL","@id":"https:\/\/www.wzdluzdrogi.pl\/#\/schema\/person\/image\/","url":"https:\/\/secure.gravatar.com\/avatar\/?s=96&d=mm&r=g","contentUrl":"https:\/\/secure.gravatar.com\/avatar\/?s=96&d=mm&r=g","caption":"Wzd\u0142u\u017c Drogi"},"url":"https:\/\/www.wzdluzdrogi.pl\/index.php\/author\/16026377718484071389\/"}]}},"_links":{"self":[{"href":"https:\/\/www.wzdluzdrogi.pl\/index.php\/wp-json\/wp\/v2\/posts\/886","targetHints":{"allow":["GET"]}}],"collection":[{"href":"https:\/\/www.wzdluzdrogi.pl\/index.php\/wp-json\/wp\/v2\/posts"}],"about":[{"href":"https:\/\/www.wzdluzdrogi.pl\/index.php\/wp-json\/wp\/v2\/types\/post"}],"author":[{"embeddable":true,"href":"https:\/\/www.wzdluzdrogi.pl\/index.php\/wp-json\/wp\/v2\/users\/3"}],"replies":[{"embeddable":true,"href":"https:\/\/www.wzdluzdrogi.pl\/index.php\/wp-json\/wp\/v2\/comments?post=886"}],"version-history":[{"count":3,"href":"https:\/\/www.wzdluzdrogi.pl\/index.php\/wp-json\/wp\/v2\/posts\/886\/revisions"}],"predecessor-version":[{"id":1128,"href":"https:\/\/www.wzdluzdrogi.pl\/index.php\/wp-json\/wp\/v2\/posts\/886\/revisions\/1128"}],"wp:featuredmedia":[{"embeddable":true,"href":"https:\/\/www.wzdluzdrogi.pl\/index.php\/wp-json\/wp\/v2\/media\/887"}],"wp:attachment":[{"href":"https:\/\/www.wzdluzdrogi.pl\/index.php\/wp-json\/wp\/v2\/media?parent=886"}],"wp:term":[{"taxonomy":"category","embeddable":true,"href":"https:\/\/www.wzdluzdrogi.pl\/index.php\/wp-json\/wp\/v2\/categories?post=886"},{"taxonomy":"post_tag","embeddable":true,"href":"https:\/\/www.wzdluzdrogi.pl\/index.php\/wp-json\/wp\/v2\/tags?post=886"}],"curies":[{"name":"wp","href":"https:\/\/api.w.org\/{rel}","templated":true}]}}