{"id":907,"date":"2018-09-02T23:03:10","date_gmt":"2018-09-02T21:03:10","guid":{"rendered":"http:\/\/www.wzdluzdrogi.pl\/?p=907"},"modified":"2021-02-22T17:43:10","modified_gmt":"2021-02-22T16:43:10","slug":"z-biurem-podrozy-czy-na-wlasna-reke","status":"publish","type":"post","link":"https:\/\/www.wzdluzdrogi.pl\/index.php\/2018\/09\/02\/z-biurem-podrozy-czy-na-wlasna-reke\/","title":{"rendered":"WAKACJE NA W\u0141ASN\u0104 R\u0118K\u0118, CZY Z BIUREM PODR\u00d3\u017bY?"},"content":{"rendered":"\n<p>Prawdziwi mi\u0142o\u015bnicy podr\u00f3\u017cy od zarania tocz\u0105 walk\u0119 z <em>wakacjowiczami<\/em> o to, kt\u00f3ry wyjazd ma prawo nazywa\u0107 si\u0119 podr\u00f3\u017c\u0105. Czy jest to taki na kt\u00f3ry wyjedziemy z pomoc\u0105 biura podr\u00f3\u017cy? Czy taki, kt\u00f3ry za\u0142atwimy sobie sami, dopinaj\u0105c samodzielnie nasz wyjazd na ostatni guzik?<\/p>\n\n\n\n<hr class=\"wp-block-separator\"\/>\n\n\n\n<div style=\"height:20px\" aria-hidden=\"true\" class=\"wp-block-spacer\"><\/div>\n\n\n\n<h2 class=\"wp-block-heading\">WAKACJE Z BIUREM PODR\u00d3\u017bY<\/h2>\n\n\n\n<p>Wyjazdy organizowane przez biura zazwyczaj dopracowane s\u0105 co do joty, a naszym jedynym zadaniem jest stawi\u0107 si\u0119 w okre\u015blonym czasie w okre\u015blonym miejscu \u2013 niekiedy wydrukowa\u0107 tylko wizy. Nie wymagaj\u0105 od nas niczego, pr\u00f3cz zagl\u0105dni\u0119cia do katalogu biura podr\u00f3\u017cy, wybrania interesuj\u0105cej nas oferty na dany termin i zap\u0142acenia za wycieczk\u0119 przez internet, czy to osobi\u015bcie w punkcie biura podr\u00f3\u017cy. Nie musimy martwi\u0107 si\u0119 praktycznie niczym, a po wykupieniu wycieczki pozostaje nam oczekiwa\u0107 na nasz wymarzony wyjazd.<\/p>\n\n\n\n<div style=\"height:20px\" aria-hidden=\"true\" class=\"wp-block-spacer\"><\/div>\n\n\n\n<p><br>I w\u0142a\u015bnie fakt tego, \u017ce pozostajemy bez problemu jest w tej kwestii ogromnym atutem. <strong>Wszelkie ubezpieczenia, transport, transfer, noclegi oraz posi\u0142ki wliczone s\u0105 w cen\u0119, kt\u00f3r\u0105 dostajemy czarno na bia\u0142ym.<\/strong> Albo wi\u0119c godzimy si\u0119 na tak\u0105 cen\u0119, albo szukamy dalej, je\u015bli ta nas nie zadowala. Warto jednak pami\u0119ta\u0107, \u017ce w niekt\u00f3rych ofertach \u2013 nie rzadko w wycieczkach objazdowych \u2013 doliczy\u0107 trzeba dodatkowe op\u0142aty, kt\u00f3re nale\u017cy ui\u015bci\u0107 w trakcie wycieczki.<\/p>\n\n\n\n<div style=\"height:20px\" aria-hidden=\"true\" class=\"wp-block-spacer\"><\/div>\n\n\n\n<h3 class=\"wp-block-heading\">Wakacje na w\u0142asn\u0105 r\u0119k\u0119 s\u0105 ta\u0144sze?<\/h3>\n\n\n\n<p><br>Wakacje organizowane samodzielnie popularyzowane s\u0105 jako ta\u0144sza, oraz lepsza alternatywa wyjazd\u00f3w z biurami, chocia\u017c niestety nie zawsze tak jest. Bo cho\u0107 do kraj\u00f3w posiadaj\u0105cych tanie przeloty cena mo\u017ce rzeczywi\u015bcie okaza\u0107 si\u0119 o wiele ni\u017csza, to te\u017c wybieraj\u0105c si\u0119 do kraj\u00f3w pozaeuropejskich lot samolotem ju\u017c nie b\u0119dzie dla nas taki tani. A nie rzadko b\u0119dzie wi\u0105za\u0142 si\u0119 z przesiadkami. Wynaj\u0119ty lot czarterowy przez touroperatora w wielu takich przypadkach okazuje si\u0119 by\u0107 korzystniejszy. Firma b\u0119d\u0105c we wsp\u00f3\u0142pracy z przewo\u017anikami mo\u017ce wynegocjowa\u0107 lepsze ceny dla swoich klient\u00f3w. To samo r\u00f3wnie\u017c tyczy si\u0119 hoteli, czy transferu.<\/p>\n\n\n\n<hr class=\"wp-block-separator\"\/>\n\n\n\n<div style=\"height:20px\" aria-hidden=\"true\" class=\"wp-block-spacer\"><\/div>\n\n\n\n<h2 class=\"wp-block-heading\">WAKACJE NA W\u0141ASN\u0104 R\u0118K\u0118<\/h2>\n\n\n\n<p>Podr\u00f3\u017cuj\u0105c na w\u0142asn\u0105 r\u0119k\u0119 liczy\u0107 si\u0119 musimy z tym, \u017ce wyb\u00f3r wakacji w dobrej cenie b\u0119dzie okrojony. Bo cho\u0107 tanie linie lotnicze wyskakuj\u0105, niczym grzyby po deszcze, warto zwr\u00f3ci\u0107 uwag\u0119, \u017ce wi\u0119kszo\u015b\u0107 tras prowadzi do kraj\u00f3w Europejskich. I rzecz jasna nie ma w tym nic z\u0142ego \u2013 planuj\u0105c zwiedzi\u0107 jeden kraj Europejski w ci\u0105gu roku mamy zape\u0142niony plan wakacyjny na nast\u0119pne dziesi\u0119\u0107 lat \u2013 ale chc\u0105c wyjecha\u0107 dalej, musimy pami\u0119ta\u0107, \u017ce nasz portfel b\u0119dzie musia\u0142 troch\u0119 przybra\u0107 na wadze. <\/p>\n\n\n\n<p>Podczas szykowania podr\u00f3\u017cy, szykujemy j\u0105 od zera. Musimy znale\u017a\u0107 transport (kt\u00f3ry, w zale\u017cno\u015bci od kraju, mo\u017ce rzeczywi\u015bcie okaza\u0107 si\u0119 spraw\u0105 wr\u0119cz groszow\u0105, ale niekoniecznie), poszuka\u0107 noclegu, pomy\u015ble\u0107 nad wy\u017cywieniem przez wszystkie dni, wyrobi\u0107 ubezpieczenie na wszelki wypadek, pami\u0119ta\u0107 o transferze mi\u0119dzy miejscem noclegu, a lotniskiem i wiele innych rzeczy, kt\u00f3rych nie mieliby\u015bmy na g\u0142owie wyje\u017cd\u017caj\u0105c z biurem. Dochodz\u0105 r\u00f3wnie\u017c sprawy b\u0142ahe, jak to, \u017ce w trakcie wakacji z biurem podr\u00f3\u017cy przys\u0142uguje nam rezydent m\u00f3wi\u0105cy w naszym j\u0119zyku, kt\u00f3ry ma za zadanie pom\u00f3c nam w r\u00f3\u017cnych okoliczno\u015bciach, na kt\u00f3re niestety nie damy rady si\u0119 przygotowa\u0107. A przynajmniej nie na wszystkie okoliczno\u015bci. Dla nieznaj\u0105cych j\u0119zyka mo\u017ce okaza\u0107 si\u0119 to nie lada u\u0142atwieniem.<\/p>\n\n\n\n<h3 class=\"wp-block-heading\">Ale czy to znaczy, \u017ce wyjazd na w\u0142asn\u0105 r\u0119k\u0119 si\u0119 nie op\u0142aca, a podr\u00f3\u017cniczy k\u0142ami\u0105 wmawiaj\u0105c nam, \u017ce takie wyjazdy s\u0105 o wiele lepsze?<\/h3>\n\n\n\n<p><br>Oczywi\u015bcie, \u017ce nie! Wakacje na w\u0142asn\u0105 r\u0119k\u0119 s\u0105 korzystniejsze w wielu aspektach, a decyduj\u0105 si\u0119 na nie zazwyczaj osoby, kt\u00f3rym zale\u017cy na poznaniu nowego kraju troch\u0119 bardziej, ni\u017c wakacjowicz\u0105. Planuj\u0105c podr\u00f3\u017c samodzielnie mo\u017cemy niejednokrotnie zaoszcz\u0119dzi\u0107 na jednym, aby wyda\u0107 te pieni\u0105dze na co\u015b, co umo\u017cliwi nam zobaczenie czego\u015b wi\u0119cej. Na przyk\u0142adzie, mo\u017cemy kupi\u0107 bilet lotniczy za grosze, a reszt\u0119 wyda\u0107 na wynaj\u0119cie auta, kt\u00f3re pomo\u017ce nam odkry\u0107 wi\u0119cej ciekawych lokalizacji na miejscu.<\/p>\n\n\n\n<p><br>Wakacje z biurem podr\u00f3\u017cy daj\u0105 wi\u0119kszy komfort podczas planowania. Praktycznie nie pozostaje nam nic wi\u0119cej na g\u0142owie, jak spakowanie naszej walizki. Nic wi\u0119c dziwnego, \u017ce wielu woli skorzysta\u0107 w\u0142a\u015bnie z ofert, kt\u00f3re posiadaj\u0105 touroperatorzy i nie ma tu powodu do wstydu.<br>Przyznajmy sobie, \u017ce dla wi\u0119kszo\u015bci z nas najwa\u017cniejsz\u0105 rzecz\u0105 s\u0105 koszty wymarzonej wycieczki. Pragniemy za nisk\u0105 cen\u0119 dosta\u0107 jak najwi\u0119cej, albo w ka\u017cdym razie, aby cena by\u0142a adekwatne do tego co dostajemy. Wiadomo nikt z nas nie lubi przep\u0142aca\u0107, prawda?<\/p>\n\n\n\n<p><br>Wszystko r\u00f3wnie\u017c zale\u017cy od tego czego oczekujemy od naszego wyjazdu. Czy wylegiwania si\u0119 na zmian\u0119 przy basenie, lub na piaszczystej pla\u017cy, czy dni pe\u0142nych w\u0119dr\u00f3wki i zwiedzania.<\/p>\n\n\n\n<hr class=\"wp-block-separator\"\/>\n\n\n\n<div style=\"height:20px\" aria-hidden=\"true\" class=\"wp-block-spacer\"><\/div>\n\n\n\n<h2 class=\"wp-block-heading\">JAKI WI\u0118C SPOS\u00d3B NA PODR\u00d3\u017bOWANIE JEST NAJLEPSZY?<\/h2>\n\n\n\n<p><br>Na to nie ma jednoznacznej odpowiedzi. Ka\u017cdy ma swoje preferencje i sam powinien wybra\u0107, kt\u00f3ry spos\u00f3b b\u0119dzie dla niego najlepszy. Wa\u017cne jest, aby przed wyjazdem zorientowa\u0107 si\u0119, kt\u00f3ra forma b\u0119dzie korzystniejsza finansowo. A przede wszystkim, kt\u00f3ra sprawi, \u017ce b\u0119dziemy zadowoleni z naszej podr\u00f3\u017cy. <\/p>\n\n\n\n<p>Je\u015bli wolicie popluska\u0107 si\u0119 w basenie to nie wstyd\u017acie si\u0119 tego i wybierzcie wakacje, kt\u00f3re Wam przypadn\u0105 do gustu. Za\u015b je\u015bli macie dusz\u0119 awanturnika wyruszcie w podr\u00f3\u017c autostopem dooko\u0142a \u015bwiata. Po prostu r\u00f3bcie co daje Wam u\u015bmiech i nie patrzcie na innych, bo<strong> podr\u00f3\u017c\u0105 jest samo odwa\u017cne kroczenie przez \u017cycie.<\/strong><\/p>\n\n\n\n<div style=\"height:20px\" aria-hidden=\"true\" class=\"wp-block-spacer\"><\/div>\n\n\n\n<hr class=\"wp-block-separator is-style-wide\"\/>\n\n\n\n<p class=\"has-text-align-center\"><strong>ZOBACZ R\u00d3WNIE\u017b:<\/strong><\/p>\n\n\n\n<p class=\"has-text-align-center has-pale-cyan-blue-color has-text-color\"><a href=\"http:\/\/www.wzdluzdrogi.pl\/index.php\/2021\/01\/20\/tani-wyjazd-na-cypr\/\">JAK ZORGANIZOWA\u0106 CYPR NA W\u0141ASN\u0104 R\u0118K\u0118<\/a><br><a href=\"http:\/\/www.wzdluzdrogi.pl\/index.php\/2019\/09\/28\/tanie-loty-sposoby-na-tanie-bilety-lotnicze\/\">JAK ZAOSZCZ\u0118DZI\u0106 NA BILETACH LOTNICZYCH<\/a><br><a href=\"http:\/\/www.wzdluzdrogi.pl\/index.php\/2019\/08\/20\/majorka-na-wlasna-reke-przydatne-informacje\/\">ZORGANIZ<\/a>UJ<a href=\"http:\/\/www.wzdluzdrogi.pl\/index.php\/2019\/08\/20\/majorka-na-wlasna-reke-przydatne-informacje\/\"> MAJORK\u0118 NA W\u0141ASN\u0104 R\u0118K\u0118<\/a><\/p>\n\n\n\n<hr class=\"wp-block-separator is-style-wide\"\/>\n\n\n\n<ul class=\"wp-block-social-links is-layout-flex wp-block-social-links-is-layout-flex\"><li class=\"wp-social-link wp-social-link-facebook  wp-block-social-link\"><a href=\"https:\/\/www.facebook.com\/wzdluzdrogi\" class=\"wp-block-social-link-anchor\"><svg width=\"24\" height=\"24\" viewBox=\"0 0 24 24\" version=\"1.1\" xmlns=\"http:\/\/www.w3.org\/2000\/svg\" aria-hidden=\"true\" focusable=\"false\"><path d=\"M12 2C6.5 2 2 6.5 2 12c0 5 3.7 9.1 8.4 9.9v-7H7.9V12h2.5V9.8c0-2.5 1.5-3.9 3.8-3.9 1.1 0 2.2.2 2.2.2v2.5h-1.3c-1.2 0-1.6.8-1.6 1.6V12h2.8l-.4 2.9h-2.3v7C18.3 21.1 22 17 22 12c0-5.5-4.5-10-10-10z\"><\/path><\/svg><span class=\"wp-block-social-link-label screen-reader-text\">Facebook<\/span><\/a><\/li>\n\n\n\n<li class=\"wp-social-link wp-social-link-instagram  wp-block-social-link\"><a href=\"https:\/\/www.instagram.com\/wzdluz_drogi\/?hl=pl\" class=\"wp-block-social-link-anchor\"><svg width=\"24\" height=\"24\" viewBox=\"0 0 24 24\" version=\"1.1\" xmlns=\"http:\/\/www.w3.org\/2000\/svg\" aria-hidden=\"true\" focusable=\"false\"><path d=\"M12,4.622c2.403,0,2.688,0.009,3.637,0.052c0.877,0.04,1.354,0.187,1.671,0.31c0.42,0.163,0.72,0.358,1.035,0.673 c0.315,0.315,0.51,0.615,0.673,1.035c0.123,0.317,0.27,0.794,0.31,1.671c0.043,0.949,0.052,1.234,0.052,3.637 s-0.009,2.688-0.052,3.637c-0.04,0.877-0.187,1.354-0.31,1.671c-0.163,0.42-0.358,0.72-0.673,1.035 c-0.315,0.315-0.615,0.51-1.035,0.673c-0.317,0.123-0.794,0.27-1.671,0.31c-0.949,0.043-1.233,0.052-3.637,0.052 s-2.688-0.009-3.637-0.052c-0.877-0.04-1.354-0.187-1.671-0.31c-0.42-0.163-0.72-0.358-1.035-0.673 c-0.315-0.315-0.51-0.615-0.673-1.035c-0.123-0.317-0.27-0.794-0.31-1.671C4.631,14.688,4.622,14.403,4.622,12 s0.009-2.688,0.052-3.637c0.04-0.877,0.187-1.354,0.31-1.671c0.163-0.42,0.358-0.72,0.673-1.035 c0.315-0.315,0.615-0.51,1.035-0.673c0.317-0.123,0.794-0.27,1.671-0.31C9.312,4.631,9.597,4.622,12,4.622 M12,3 C9.556,3,9.249,3.01,8.289,3.054C7.331,3.098,6.677,3.25,6.105,3.472C5.513,3.702,5.011,4.01,4.511,4.511 c-0.5,0.5-0.808,1.002-1.038,1.594C3.25,6.677,3.098,7.331,3.054,8.289C3.01,9.249,3,9.556,3,12c0,2.444,0.01,2.751,0.054,3.711 c0.044,0.958,0.196,1.612,0.418,2.185c0.23,0.592,0.538,1.094,1.038,1.594c0.5,0.5,1.002,0.808,1.594,1.038 c0.572,0.222,1.227,0.375,2.185,0.418C9.249,20.99,9.556,21,12,21s2.751-0.01,3.711-0.054c0.958-0.044,1.612-0.196,2.185-0.418 c0.592-0.23,1.094-0.538,1.594-1.038c0.5-0.5,0.808-1.002,1.038-1.594c0.222-0.572,0.375-1.227,0.418-2.185 C20.99,14.751,21,14.444,21,12s-0.01-2.751-0.054-3.711c-0.044-0.958-0.196-1.612-0.418-2.185c-0.23-0.592-0.538-1.094-1.038-1.594 c-0.5-0.5-1.002-0.808-1.594-1.038c-0.572-0.222-1.227-0.375-2.185-0.418C14.751,3.01,14.444,3,12,3L12,3z M12,7.378 c-2.552,0-4.622,2.069-4.622,4.622S9.448,16.622,12,16.622s4.622-2.069,4.622-4.622S14.552,7.378,12,7.378z M12,15 c-1.657,0-3-1.343-3-3s1.343-3,3-3s3,1.343,3,3S13.657,15,12,15z M16.804,6.116c-0.596,0-1.08,0.484-1.08,1.08 s0.484,1.08,1.08,1.08c0.596,0,1.08-0.484,1.08-1.08S17.401,6.116,16.804,6.116z\"><\/path><\/svg><span class=\"wp-block-social-link-label screen-reader-text\">Instagram<\/span><\/a><\/li>\n\n\n\n<li class=\"wp-social-link wp-social-link-youtube  wp-block-social-link\"><a href=\"https:\/\/www.youtube.com\/channel\/UCW7xjbHjmE0P5_HMEhlFR5w\" class=\"wp-block-social-link-anchor\"><svg width=\"24\" height=\"24\" viewBox=\"0 0 24 24\" version=\"1.1\" xmlns=\"http:\/\/www.w3.org\/2000\/svg\" aria-hidden=\"true\" focusable=\"false\"><path d=\"M21.8,8.001c0,0-0.195-1.378-0.795-1.985c-0.76-0.797-1.613-0.801-2.004-0.847c-2.799-0.202-6.997-0.202-6.997-0.202 h-0.009c0,0-4.198,0-6.997,0.202C4.608,5.216,3.756,5.22,2.995,6.016C2.395,6.623,2.2,8.001,2.2,8.001S2,9.62,2,11.238v1.517 c0,1.618,0.2,3.237,0.2,3.237s0.195,1.378,0.795,1.985c0.761,0.797,1.76,0.771,2.205,0.855c1.6,0.153,6.8,0.201,6.8,0.201 s4.203-0.006,7.001-0.209c0.391-0.047,1.243-0.051,2.004-0.847c0.6-0.607,0.795-1.985,0.795-1.985s0.2-1.618,0.2-3.237v-1.517 C22,9.62,21.8,8.001,21.8,8.001z M9.935,14.594l-0.001-5.62l5.404,2.82L9.935,14.594z\"><\/path><\/svg><span class=\"wp-block-social-link-label screen-reader-text\">YouTube<\/span><\/a><\/li><\/ul>\n","protected":false},"excerpt":{"rendered":"<p>Prawdziwi mi\u0142o\u015bnicy podr\u00f3\u017cy od zarania tocz\u0105 walk\u0119 z wakacjowiczami o to, kt\u00f3ry wyjazd ma prawo nazywa\u0107 si\u0119 podr\u00f3\u017c\u0105. Czy jest to taki na kt\u00f3ry wyjedziemy z pomoc\u0105 biura podr\u00f3\u017cy? Czy taki, kt\u00f3ry za\u0142atwimy sobie sami, dopinaj\u0105c samodzielnie nasz wyjazd na ostatni guzik? WAKACJE Z BIUREM PODR\u00d3\u017bY Wyjazdy organizowane przez biura zazwyczaj dopracowane s\u0105 co do &hellip; <\/p>\n","protected":false},"author":3,"featured_media":909,"comment_status":"open","ping_status":"closed","sticky":false,"template":"","format":"standard","meta":{"_monsterinsights_skip_tracking":false,"_monsterinsights_sitenote_active":false,"_monsterinsights_sitenote_note":"","_monsterinsights_sitenote_category":0,"footnotes":""},"categories":[26,28],"tags":[],"class_list":["post-907","post","type-post","status-publish","format-standard","has-post-thumbnail","hentry","category-podroze","category-tanie-podroze"],"yoast_head":"<!-- This site is optimized with the Yoast SEO plugin v26.5 - https:\/\/yoast.com\/wordpress\/plugins\/seo\/ -->\n<title>WAKACJE NA W\u0141ASN\u0104 R\u0118K\u0118, CZY Z BIUREM PODR\u00d3\u017bY? - Wzd\u0142u\u017c Drogi<\/title>\n<meta name=\"description\" content=\"Wakacje na w\u0142asn\u0105 r\u0119k\u0119, czy z biurem podr\u00f3\u017cy? Mi\u0142o\u015bnicy podr\u00f3\u017cy tocz\u0105 walk\u0119 z wakacjowiczami o to, kt\u00f3ry wyjazd ma prawo nazywa\u0107 si\u0119 podr\u00f3\u017c\u0105.\" \/>\n<meta name=\"robots\" content=\"index, follow, max-snippet:-1, max-image-preview:large, max-video-preview:-1\" \/>\n<link rel=\"canonical\" href=\"https:\/\/www.wzdluzdrogi.pl\/index.php\/2018\/09\/02\/z-biurem-podrozy-czy-na-wlasna-reke\/\" \/>\n<meta property=\"og:locale\" content=\"pl_PL\" \/>\n<meta property=\"og:type\" content=\"article\" \/>\n<meta property=\"og:title\" content=\"WAKACJE NA W\u0141ASN\u0104 R\u0118K\u0118, CZY Z BIUREM PODR\u00d3\u017bY? - Wzd\u0142u\u017c Drogi\" \/>\n<meta property=\"og:description\" content=\"Wakacje na w\u0142asn\u0105 r\u0119k\u0119, czy z biurem podr\u00f3\u017cy? Mi\u0142o\u015bnicy podr\u00f3\u017cy tocz\u0105 walk\u0119 z wakacjowiczami o to, kt\u00f3ry wyjazd ma prawo nazywa\u0107 si\u0119 podr\u00f3\u017c\u0105.\" \/>\n<meta property=\"og:url\" content=\"https:\/\/www.wzdluzdrogi.pl\/index.php\/2018\/09\/02\/z-biurem-podrozy-czy-na-wlasna-reke\/\" \/>\n<meta property=\"og:site_name\" content=\"Wzd\u0142u\u017c Drogi\" \/>\n<meta property=\"article:published_time\" content=\"2018-09-02T21:03:10+00:00\" \/>\n<meta property=\"article:modified_time\" content=\"2021-02-22T16:43:10+00:00\" \/>\n<meta property=\"og:image\" content=\"https:\/\/www.wzdluzdrogi.pl\/wp-content\/uploads\/2021\/02\/mapa.jpg\" \/>\n\t<meta property=\"og:image:width\" content=\"1600\" \/>\n\t<meta property=\"og:image:height\" content=\"944\" \/>\n\t<meta property=\"og:image:type\" content=\"image\/jpeg\" \/>\n<meta name=\"author\" content=\"Wzd\u0142u\u017c Drogi\" \/>\n<meta name=\"twitter:card\" content=\"summary_large_image\" \/>\n<meta name=\"twitter:label1\" content=\"Napisane przez\" \/>\n\t<meta name=\"twitter:data1\" content=\"Wzd\u0142u\u017c Drogi\" \/>\n\t<meta name=\"twitter:label2\" content=\"Szacowany czas czytania\" \/>\n\t<meta name=\"twitter:data2\" content=\"4 minuty\" \/>\n<script type=\"application\/ld+json\" class=\"yoast-schema-graph\">{\"@context\":\"https:\/\/schema.org\",\"@graph\":[{\"@type\":\"WebPage\",\"@id\":\"https:\/\/www.wzdluzdrogi.pl\/index.php\/2018\/09\/02\/z-biurem-podrozy-czy-na-wlasna-reke\/\",\"url\":\"https:\/\/www.wzdluzdrogi.pl\/index.php\/2018\/09\/02\/z-biurem-podrozy-czy-na-wlasna-reke\/\",\"name\":\"WAKACJE NA W\u0141ASN\u0104 R\u0118K\u0118, CZY Z BIUREM PODR\u00d3\u017bY? - Wzd\u0142u\u017c Drogi\",\"isPartOf\":{\"@id\":\"https:\/\/www.wzdluzdrogi.pl\/#website\"},\"primaryImageOfPage\":{\"@id\":\"https:\/\/www.wzdluzdrogi.pl\/index.php\/2018\/09\/02\/z-biurem-podrozy-czy-na-wlasna-reke\/#primaryimage\"},\"image\":{\"@id\":\"https:\/\/www.wzdluzdrogi.pl\/index.php\/2018\/09\/02\/z-biurem-podrozy-czy-na-wlasna-reke\/#primaryimage\"},\"thumbnailUrl\":\"https:\/\/www.wzdluzdrogi.pl\/wp-content\/uploads\/2021\/02\/mapa.jpg\",\"datePublished\":\"2018-09-02T21:03:10+00:00\",\"dateModified\":\"2021-02-22T16:43:10+00:00\",\"author\":{\"@id\":\"https:\/\/www.wzdluzdrogi.pl\/#\/schema\/person\/c4851fe74e1df2e0ec5925899cd78458\"},\"description\":\"Wakacje na w\u0142asn\u0105 r\u0119k\u0119, czy z biurem podr\u00f3\u017cy? Mi\u0142o\u015bnicy podr\u00f3\u017cy tocz\u0105 walk\u0119 z wakacjowiczami o to, kt\u00f3ry wyjazd ma prawo nazywa\u0107 si\u0119 podr\u00f3\u017c\u0105.\",\"breadcrumb\":{\"@id\":\"https:\/\/www.wzdluzdrogi.pl\/index.php\/2018\/09\/02\/z-biurem-podrozy-czy-na-wlasna-reke\/#breadcrumb\"},\"inLanguage\":\"pl-PL\",\"potentialAction\":[{\"@type\":\"ReadAction\",\"target\":[\"https:\/\/www.wzdluzdrogi.pl\/index.php\/2018\/09\/02\/z-biurem-podrozy-czy-na-wlasna-reke\/\"]}]},{\"@type\":\"ImageObject\",\"inLanguage\":\"pl-PL\",\"@id\":\"https:\/\/www.wzdluzdrogi.pl\/index.php\/2018\/09\/02\/z-biurem-podrozy-czy-na-wlasna-reke\/#primaryimage\",\"url\":\"https:\/\/www.wzdluzdrogi.pl\/wp-content\/uploads\/2021\/02\/mapa.jpg\",\"contentUrl\":\"https:\/\/www.wzdluzdrogi.pl\/wp-content\/uploads\/2021\/02\/mapa.jpg\",\"width\":1600,\"height\":944},{\"@type\":\"BreadcrumbList\",\"@id\":\"https:\/\/www.wzdluzdrogi.pl\/index.php\/2018\/09\/02\/z-biurem-podrozy-czy-na-wlasna-reke\/#breadcrumb\",\"itemListElement\":[{\"@type\":\"ListItem\",\"position\":1,\"name\":\"Strona g\u0142\u00f3wna\",\"item\":\"https:\/\/www.wzdluzdrogi.pl\/\"},{\"@type\":\"ListItem\",\"position\":2,\"name\":\"WAKACJE NA W\u0141ASN\u0104 R\u0118K\u0118, CZY Z BIUREM PODR\u00d3\u017bY?\"}]},{\"@type\":\"WebSite\",\"@id\":\"https:\/\/www.wzdluzdrogi.pl\/#website\",\"url\":\"https:\/\/www.wzdluzdrogi.pl\/\",\"name\":\"Wzd\u0142u\u017c Drogi\",\"description\":\"Podr\u00f3\u017ce w rytmie slow\",\"potentialAction\":[{\"@type\":\"SearchAction\",\"target\":{\"@type\":\"EntryPoint\",\"urlTemplate\":\"https:\/\/www.wzdluzdrogi.pl\/?s={search_term_string}\"},\"query-input\":{\"@type\":\"PropertyValueSpecification\",\"valueRequired\":true,\"valueName\":\"search_term_string\"}}],\"inLanguage\":\"pl-PL\"},{\"@type\":\"Person\",\"@id\":\"https:\/\/www.wzdluzdrogi.pl\/#\/schema\/person\/c4851fe74e1df2e0ec5925899cd78458\",\"name\":\"Wzd\u0142u\u017c Drogi\",\"image\":{\"@type\":\"ImageObject\",\"inLanguage\":\"pl-PL\",\"@id\":\"https:\/\/www.wzdluzdrogi.pl\/#\/schema\/person\/image\/\",\"url\":\"https:\/\/secure.gravatar.com\/avatar\/?s=96&d=mm&r=g\",\"contentUrl\":\"https:\/\/secure.gravatar.com\/avatar\/?s=96&d=mm&r=g\",\"caption\":\"Wzd\u0142u\u017c Drogi\"},\"url\":\"https:\/\/www.wzdluzdrogi.pl\/index.php\/author\/16026377718484071389\/\"}]}<\/script>\n<!-- \/ Yoast SEO plugin. -->","yoast_head_json":{"title":"WAKACJE NA W\u0141ASN\u0104 R\u0118K\u0118, CZY Z BIUREM PODR\u00d3\u017bY? - Wzd\u0142u\u017c Drogi","description":"Wakacje na w\u0142asn\u0105 r\u0119k\u0119, czy z biurem podr\u00f3\u017cy? Mi\u0142o\u015bnicy podr\u00f3\u017cy tocz\u0105 walk\u0119 z wakacjowiczami o to, kt\u00f3ry wyjazd ma prawo nazywa\u0107 si\u0119 podr\u00f3\u017c\u0105.","robots":{"index":"index","follow":"follow","max-snippet":"max-snippet:-1","max-image-preview":"max-image-preview:large","max-video-preview":"max-video-preview:-1"},"canonical":"https:\/\/www.wzdluzdrogi.pl\/index.php\/2018\/09\/02\/z-biurem-podrozy-czy-na-wlasna-reke\/","og_locale":"pl_PL","og_type":"article","og_title":"WAKACJE NA W\u0141ASN\u0104 R\u0118K\u0118, CZY Z BIUREM PODR\u00d3\u017bY? - Wzd\u0142u\u017c Drogi","og_description":"Wakacje na w\u0142asn\u0105 r\u0119k\u0119, czy z biurem podr\u00f3\u017cy? Mi\u0142o\u015bnicy podr\u00f3\u017cy tocz\u0105 walk\u0119 z wakacjowiczami o to, kt\u00f3ry wyjazd ma prawo nazywa\u0107 si\u0119 podr\u00f3\u017c\u0105.","og_url":"https:\/\/www.wzdluzdrogi.pl\/index.php\/2018\/09\/02\/z-biurem-podrozy-czy-na-wlasna-reke\/","og_site_name":"Wzd\u0142u\u017c Drogi","article_published_time":"2018-09-02T21:03:10+00:00","article_modified_time":"2021-02-22T16:43:10+00:00","og_image":[{"width":1600,"height":944,"url":"https:\/\/www.wzdluzdrogi.pl\/wp-content\/uploads\/2021\/02\/mapa.jpg","type":"image\/jpeg"}],"author":"Wzd\u0142u\u017c Drogi","twitter_card":"summary_large_image","twitter_misc":{"Napisane przez":"Wzd\u0142u\u017c Drogi","Szacowany czas czytania":"4 minuty"},"schema":{"@context":"https:\/\/schema.org","@graph":[{"@type":"WebPage","@id":"https:\/\/www.wzdluzdrogi.pl\/index.php\/2018\/09\/02\/z-biurem-podrozy-czy-na-wlasna-reke\/","url":"https:\/\/www.wzdluzdrogi.pl\/index.php\/2018\/09\/02\/z-biurem-podrozy-czy-na-wlasna-reke\/","name":"WAKACJE NA W\u0141ASN\u0104 R\u0118K\u0118, CZY Z BIUREM PODR\u00d3\u017bY? - Wzd\u0142u\u017c Drogi","isPartOf":{"@id":"https:\/\/www.wzdluzdrogi.pl\/#website"},"primaryImageOfPage":{"@id":"https:\/\/www.wzdluzdrogi.pl\/index.php\/2018\/09\/02\/z-biurem-podrozy-czy-na-wlasna-reke\/#primaryimage"},"image":{"@id":"https:\/\/www.wzdluzdrogi.pl\/index.php\/2018\/09\/02\/z-biurem-podrozy-czy-na-wlasna-reke\/#primaryimage"},"thumbnailUrl":"https:\/\/www.wzdluzdrogi.pl\/wp-content\/uploads\/2021\/02\/mapa.jpg","datePublished":"2018-09-02T21:03:10+00:00","dateModified":"2021-02-22T16:43:10+00:00","author":{"@id":"https:\/\/www.wzdluzdrogi.pl\/#\/schema\/person\/c4851fe74e1df2e0ec5925899cd78458"},"description":"Wakacje na w\u0142asn\u0105 r\u0119k\u0119, czy z biurem podr\u00f3\u017cy? Mi\u0142o\u015bnicy podr\u00f3\u017cy tocz\u0105 walk\u0119 z wakacjowiczami o to, kt\u00f3ry wyjazd ma prawo nazywa\u0107 si\u0119 podr\u00f3\u017c\u0105.","breadcrumb":{"@id":"https:\/\/www.wzdluzdrogi.pl\/index.php\/2018\/09\/02\/z-biurem-podrozy-czy-na-wlasna-reke\/#breadcrumb"},"inLanguage":"pl-PL","potentialAction":[{"@type":"ReadAction","target":["https:\/\/www.wzdluzdrogi.pl\/index.php\/2018\/09\/02\/z-biurem-podrozy-czy-na-wlasna-reke\/"]}]},{"@type":"ImageObject","inLanguage":"pl-PL","@id":"https:\/\/www.wzdluzdrogi.pl\/index.php\/2018\/09\/02\/z-biurem-podrozy-czy-na-wlasna-reke\/#primaryimage","url":"https:\/\/www.wzdluzdrogi.pl\/wp-content\/uploads\/2021\/02\/mapa.jpg","contentUrl":"https:\/\/www.wzdluzdrogi.pl\/wp-content\/uploads\/2021\/02\/mapa.jpg","width":1600,"height":944},{"@type":"BreadcrumbList","@id":"https:\/\/www.wzdluzdrogi.pl\/index.php\/2018\/09\/02\/z-biurem-podrozy-czy-na-wlasna-reke\/#breadcrumb","itemListElement":[{"@type":"ListItem","position":1,"name":"Strona g\u0142\u00f3wna","item":"https:\/\/www.wzdluzdrogi.pl\/"},{"@type":"ListItem","position":2,"name":"WAKACJE NA W\u0141ASN\u0104 R\u0118K\u0118, CZY Z BIUREM PODR\u00d3\u017bY?"}]},{"@type":"WebSite","@id":"https:\/\/www.wzdluzdrogi.pl\/#website","url":"https:\/\/www.wzdluzdrogi.pl\/","name":"Wzd\u0142u\u017c Drogi","description":"Podr\u00f3\u017ce w rytmie slow","potentialAction":[{"@type":"SearchAction","target":{"@type":"EntryPoint","urlTemplate":"https:\/\/www.wzdluzdrogi.pl\/?s={search_term_string}"},"query-input":{"@type":"PropertyValueSpecification","valueRequired":true,"valueName":"search_term_string"}}],"inLanguage":"pl-PL"},{"@type":"Person","@id":"https:\/\/www.wzdluzdrogi.pl\/#\/schema\/person\/c4851fe74e1df2e0ec5925899cd78458","name":"Wzd\u0142u\u017c Drogi","image":{"@type":"ImageObject","inLanguage":"pl-PL","@id":"https:\/\/www.wzdluzdrogi.pl\/#\/schema\/person\/image\/","url":"https:\/\/secure.gravatar.com\/avatar\/?s=96&d=mm&r=g","contentUrl":"https:\/\/secure.gravatar.com\/avatar\/?s=96&d=mm&r=g","caption":"Wzd\u0142u\u017c Drogi"},"url":"https:\/\/www.wzdluzdrogi.pl\/index.php\/author\/16026377718484071389\/"}]}},"_links":{"self":[{"href":"https:\/\/www.wzdluzdrogi.pl\/index.php\/wp-json\/wp\/v2\/posts\/907","targetHints":{"allow":["GET"]}}],"collection":[{"href":"https:\/\/www.wzdluzdrogi.pl\/index.php\/wp-json\/wp\/v2\/posts"}],"about":[{"href":"https:\/\/www.wzdluzdrogi.pl\/index.php\/wp-json\/wp\/v2\/types\/post"}],"author":[{"embeddable":true,"href":"https:\/\/www.wzdluzdrogi.pl\/index.php\/wp-json\/wp\/v2\/users\/3"}],"replies":[{"embeddable":true,"href":"https:\/\/www.wzdluzdrogi.pl\/index.php\/wp-json\/wp\/v2\/comments?post=907"}],"version-history":[{"count":3,"href":"https:\/\/www.wzdluzdrogi.pl\/index.php\/wp-json\/wp\/v2\/posts\/907\/revisions"}],"predecessor-version":[{"id":1174,"href":"https:\/\/www.wzdluzdrogi.pl\/index.php\/wp-json\/wp\/v2\/posts\/907\/revisions\/1174"}],"wp:featuredmedia":[{"embeddable":true,"href":"https:\/\/www.wzdluzdrogi.pl\/index.php\/wp-json\/wp\/v2\/media\/909"}],"wp:attachment":[{"href":"https:\/\/www.wzdluzdrogi.pl\/index.php\/wp-json\/wp\/v2\/media?parent=907"}],"wp:term":[{"taxonomy":"category","embeddable":true,"href":"https:\/\/www.wzdluzdrogi.pl\/index.php\/wp-json\/wp\/v2\/categories?post=907"},{"taxonomy":"post_tag","embeddable":true,"href":"https:\/\/www.wzdluzdrogi.pl\/index.php\/wp-json\/wp\/v2\/tags?post=907"}],"curies":[{"name":"wp","href":"https:\/\/api.w.org\/{rel}","templated":true}]}}